{"id":126105,"date":"2025-05-15T10:27:34","date_gmt":"2025-05-15T08:27:34","guid":{"rendered":"https:\/\/exaudi.org\/?p=126105"},"modified":"2025-05-15T10:38:36","modified_gmt":"2025-05-15T08:38:36","slug":"mayo-mes-virgen-maria","status":"publish","type":"post","link":"https:\/\/exaudi.org\/es\/mayo-mes-virgen-maria\/","title":{"rendered":"Mes de Mayo: El Mes de la Virgen Mar\u00eda"},"content":{"rendered":"<p data-pm-slice=\"1 1 []\">Llega mayo y la primavera est\u00e1 en su m\u00e1ximo esplendor. Los campos se llenan de colores, los d\u00edas se alargan y el aire parece m\u00e1s fresco. Pero, para los cat\u00f3licos, este mes tiene un significado a\u00fan m\u00e1s profundo: es el mes dedicado a la Virgen Mar\u00eda, la Madre de Dios y nuestra madre.<\/p>\n<p><iframe title=\"Spotify Embed: Mes de Mayo: El Mes de la Virgen Mar\u00eda\" style=\"border-radius: 12px\" width=\"100%\" height=\"152\" frameborder=\"0\" allowfullscreen allow=\"autoplay; clipboard-write; encrypted-media; fullscreen; picture-in-picture\" loading=\"lazy\" src=\"https:\/\/open.spotify.com\/embed\/episode\/0ppXskI14rxYVSSOsTHapa?si=a5488d33e5a04e43&#038;utm_source=oembed\"><\/iframe><\/p>\n<p>\u00bfPero alguna vez te has preguntado por qu\u00e9 precisamente mayo? La respuesta est\u00e1 llena de simbolismo. En la tradici\u00f3n cristiana, mayo representa el florecimiento de la vida, y qui\u00e9n mejor que Mar\u00eda para encarnar esa vida nueva y pura. Ella es el jard\u00edn cerrado, la rosa m\u00edstica, la flor m\u00e1s bella que Dios cre\u00f3. \u00a1As\u00ed que no es casualidad que este sea su mes!<\/p>\n<h3><strong>Una tradici\u00f3n que florece<\/strong><\/h3>\n<p>La costumbre de dedicar el mes de mayo a la Virgen tiene ra\u00edces antiguas. En el siglo XIII, ya se realizaban celebraciones en honor a Mar\u00eda durante este mes, pero fue en el siglo XVII cuando esta pr\u00e1ctica se populariz\u00f3 en toda Europa. Las familias decoraban peque\u00f1os altares en casa y las iglesias organizaban procesiones y ofrendas florales. Mayo se convirti\u00f3 en un mes para rezar el Rosario con m\u00e1s devoci\u00f3n, para visitarla en santuarios y para hacerle ofrendas de amor y gratitud.<\/p>\n<h3><strong>Mayo, el mes de las flores y del Rosario<\/strong><\/h3>\n<p>\u00bfQu\u00e9 ser\u00eda del mes de mayo sin flores? En muchos lugares, es costumbre coronar a la Virgen con guirnaldas llenas de p\u00e9talos frescos. Este gesto simboliza el amor y la pureza de Mar\u00eda, y nos recuerda que ella es la Reina del Cielo. Pero adem\u00e1s de las flores, mayo es un mes ideal para intensificar la oraci\u00f3n del Rosario, esa poderosa cadena de amor que une el cielo y la tierra.<\/p>\n<p>Cada misterio del Rosario es un paseo por la vida de Jes\u00fas y de Mar\u00eda: desde la Anunciaci\u00f3n hasta la Coronaci\u00f3n de la Virgen en el cielo. Es una forma de recorrer la vida de Cristo de la mano de su Madre, de meditar sobre su entrega y su amor incondicional.<\/p>\n<h3><strong>Las virtudes de Mar\u00eda: Un ejemplo para todos<\/strong><\/h3>\n<p>Si mayo es el mes de Mar\u00eda, no podemos dejar de hablar de sus virtudes, esas joyas espirituales que la convierten en modelo para todos los cristianos:<\/p>\n<ol start=\"1\" data-spread=\"false\">\n<li><strong>Humildad:<\/strong> Mar\u00eda reconoci\u00f3 su peque\u00f1ez ante Dios y, a pesar de ser elegida para una misi\u00f3n grandiosa, siempre se mantuvo humilde y entregada.<\/li>\n<li><strong>Obediencia:<\/strong> Desde el \u00abh\u00e1gase en m\u00ed seg\u00fan tu palabra\u00bb (Lc 1,38), Mar\u00eda nos ense\u00f1a el valor de confiar en Dios, incluso cuando no entendemos sus planes.<\/li>\n<li><strong>Pureza:<\/strong> Su coraz\u00f3n limpio y su entrega total a Dios la convierten en la \u00abLlena de gracia\u00bb, un ejemplo de pureza para nuestras vidas.<\/li>\n<li><strong>Paciencia:<\/strong> Mar\u00eda acompa\u00f1\u00f3 a Jes\u00fas en su misi\u00f3n, enfrentando dificultades y dolores, siempre con fe y serenidad.<\/li>\n<li><strong>Caridad:<\/strong> Visit\u00f3 a su prima Isabel para servirla y estuvo junto a los disc\u00edpulos en Pentecost\u00e9s. Su amor al pr\u00f3jimo es un testimonio de caridad verdadera.<\/li>\n<\/ol>\n<p>Siguiendo el ejemplo de estas virtudes, podemos acercarnos m\u00e1s al coraz\u00f3n de Dios y vivir este mes de mayo con un esp\u00edritu m\u00e1s mariano.<\/p>\n<h3><strong>\u00bfY t\u00fa? \u00bfC\u00f3mo celebras el mes de Mar\u00eda?<\/strong><\/h3>\n<p>Aqu\u00ed van algunas ideas para vivir este mes con m\u00e1s devoci\u00f3n:<\/p>\n<ol start=\"1\" data-spread=\"true\">\n<li><strong>Prepara un espacio especial en casa.<\/strong> Coloca una imagen de la Virgen, algunas flores frescas y una vela. Dedica un momento al d\u00eda para rezarle.<\/li>\n<li><strong>Reza el Rosario en familia.<\/strong> Un buen momento para hacerlo es por la tarde, cuando el d\u00eda ya est\u00e1 en calma.<\/li>\n<li><strong>Participa en celebraciones marianas.<\/strong> Muchas parroquias organizan eventos especiales para honrar a Mar\u00eda.<\/li>\n<li><strong>Ll\u00e9vale flores.<\/strong> Visita una imagen de la Virgen en tu parroquia y entr\u00e9gale un ramo en se\u00f1al de amor.<\/li>\n<li><strong>Reflexiona sobre su vida.<\/strong> Leer pasajes b\u00edblicos sobre Mar\u00eda o alg\u00fan libro que hable de su papel en la Historia de la Salvaci\u00f3n puede ser una forma preciosa de conocerla m\u00e1s.<\/li>\n<\/ol>\n<h3><strong>Mayo florece con Mar\u00eda<\/strong><\/h3>\n<p>As\u00ed que ya lo sabes: mayo es mucho m\u00e1s que un simple mes de primavera. Es una invitaci\u00f3n a florecer espiritualmente de la mano de la Virgen. Ella, que dijo &#8216;s\u00ed&#8217; con valent\u00eda y amor, nos invita a vivir este mes con m\u00e1s entrega, oraci\u00f3n y amor al pr\u00f3jimo.<\/p>\n<p>\u00bfTe animas a vivirlo con m\u00e1s devoci\u00f3n este a\u00f1o?<\/p>\n<p><img loading=\"lazy\" decoding=\"async\" class=\"size-full wp-image-126109 alignnone\" src=\"https:\/\/exaudi.org\/wp-content\/uploads\/2025\/05\/Francisco-Bobadilla-2.jpg\" alt=\"\" width=\"940\" height=\"788\" srcset=\"https:\/\/exaudi.org\/wp-content\/uploads\/2025\/05\/Francisco-Bobadilla-2.jpg 940w, https:\/\/exaudi.org\/wp-content\/uploads\/2025\/05\/Francisco-Bobadilla-2-300x251.jpg 300w, https:\/\/exaudi.org\/wp-content\/uploads\/2025\/05\/Francisco-Bobadilla-2-770x645.jpg 770w, https:\/\/exaudi.org\/wp-content\/uploads\/2025\/05\/Francisco-Bobadilla-2-500x419.jpg 500w\" sizes=\"auto, (max-width: 940px) 100vw, 940px\" \/><\/p>\n","protected":false},"excerpt":{"rendered":"<p>Un mes para florecer junto a Mar\u00eda<\/p>\n","protected":false},"author":151,"featured_media":126106,"comment_status":"closed","ping_status":"closed","sticky":false,"template":"","format":"standard","meta":{"_acf_changed":false,"_crdt_document":"","inline_featured_image":false,"footnotes":""},"categories":[130],"tags":[59380,59387,59382,17568,58532,59383,58533,59375,8936,8935,59376,59384,59378,59386,35275,59381,59385,59388,59377,59379,48091],"class_list":["post-126105","post","type-post","status-publish","format-standard","has-post-thumbnail","hentry","category-voces","tag-altar-a-la-virgen","tag-caridad-de-maria","tag-coronacion-de-la-virgen","tag-devocion-mariana","tag-flores-para-la-virgen","tag-humildad-de-maria","tag-mayo-mes-mariano","tag-mes-de-la-virgen","tag-mes-de-maria","tag-mes-de-mayo","tag-mes-mariano","tag-obediencia-de-maria","tag-ofrendas-florales","tag-paciencia-de-maria","tag-patricia-jimenez-ramirez","tag-procesiones-marianas","tag-pureza-de-maria","tag-rezar-el-rosario","tag-rosario-en-mayo","tag-tradiciones-marianas","tag-virtudes-de-maria"],"acf":[],"yoast_head":"<!-- This site is optimized with the Yoast SEO plugin v27.4 - https:\/\/yoast.com\/product\/yoast-seo-wordpress\/ -->\n<title>Mes de Mayo: El Mes de la Virgen Mar\u00eda &#8211; Exaudi<\/title>\n<meta name=\"robots\" content=\"index, follow, max-snippet:-1, max-image-preview:large, max-video-preview:-1\" \/>\n<link rel=\"canonical\" href=\"https:\/\/exaudi.org\/es\/mayo-mes-virgen-maria\/\" \/>\n<meta property=\"og:locale\" content=\"es_ES\" \/>\n<meta property=\"og:type\" content=\"article\" \/>\n<meta property=\"og:title\" content=\"Mes de Mayo: El Mes de la Virgen Mar\u00eda &#8211; Exaudi\" \/>\n<meta property=\"og:description\" content=\"Un mes para florecer junto a Mar\u00eda\" \/>\n<meta property=\"og:url\" content=\"https:\/\/exaudi.org\/es\/mayo-mes-virgen-maria\/\" \/>\n<meta property=\"og:site_name\" content=\"Exaudi\" \/>\n<meta property=\"article:publisher\" content=\"https:\/\/www.facebook.com\/ExaudiNews\" \/>\n<meta property=\"article:published_time\" content=\"2025-05-15T08:27:34+00:00\" \/>\n<meta property=\"article:modified_time\" content=\"2025-05-15T08:38:36+00:00\" \/>\n<meta property=\"og:image\" content=\"https:\/\/exaudi.org\/wp-content\/uploads\/2025\/05\/pexels-anuja-tilj-291760-8538035-scaled.jpg\" \/>\n\t<meta property=\"og:image:width\" content=\"2560\" \/>\n\t<meta property=\"og:image:height\" content=\"1702\" \/>\n\t<meta property=\"og:image:type\" content=\"image\/jpeg\" \/>\n<meta name=\"author\" content=\"Patricia Jim\u00e9nez Ram\u00edrez\" \/>\n<meta name=\"twitter:card\" content=\"summary_large_image\" \/>\n<meta name=\"twitter:creator\" content=\"@Exaudi_News\" \/>\n<meta name=\"twitter:site\" content=\"@Exaudi_News\" \/>\n<meta name=\"twitter:label1\" content=\"Escrito por\" \/>\n\t<meta name=\"twitter:data1\" content=\"Patricia Jim\u00e9nez Ram\u00edrez\" \/>\n\t<meta name=\"twitter:label2\" content=\"Tiempo de lectura\" \/>\n\t<meta name=\"twitter:data2\" content=\"4 minutos\" \/>\n<script type=\"application\/ld+json\" class=\"yoast-schema-graph\">{\"@context\":\"https:\\\/\\\/schema.org\",\"@graph\":[{\"@type\":\"Article\",\"@id\":\"https:\\\/\\\/exaudi.org\\\/es\\\/mayo-mes-virgen-maria\\\/#article\",\"isPartOf\":{\"@id\":\"https:\\\/\\\/exaudi.org\\\/es\\\/mayo-mes-virgen-maria\\\/\"},\"author\":{\"name\":\"Patricia Jim\u00e9nez Ram\u00edrez\",\"@id\":\"https:\\\/\\\/exaudi.org\\\/#\\\/schema\\\/person\\\/e7ff749045cafab5d7b926bb4edeaa51\"},\"headline\":\"Mes de Mayo: El Mes de la Virgen Mar\u00eda\",\"datePublished\":\"2025-05-15T08:27:34+00:00\",\"dateModified\":\"2025-05-15T08:38:36+00:00\",\"mainEntityOfPage\":{\"@id\":\"https:\\\/\\\/exaudi.org\\\/es\\\/mayo-mes-virgen-maria\\\/\"},\"wordCount\":796,\"image\":{\"@id\":\"https:\\\/\\\/exaudi.org\\\/es\\\/mayo-mes-virgen-maria\\\/#primaryimage\"},\"thumbnailUrl\":\"https:\\\/\\\/exaudi.org\\\/wp-content\\\/uploads\\\/2025\\\/05\\\/pexels-anuja-tilj-291760-8538035-scaled.jpg\",\"keywords\":[\"altar a la Virgen\",\"caridad de Mar\u00eda\",\"coronaci\u00f3n de la Virgen\",\"Devoci\u00f3n mariana\",\"flores para la Virgen\",\"humildad de Mar\u00eda\",\"mayo mes mariano\",\"mes de la Virgen\",\"Mes de Mar\u00eda\",\"Mes de mayo\",\"mes mariano\",\"obediencia de Mar\u00eda\",\"ofrendas florales\",\"paciencia de Mar\u00eda\",\"Patricia Jim\u00e9nez Ram\u00edrez\",\"procesiones marianas\",\"pureza de Mar\u00eda\",\"rezar el Rosario\",\"Rosario en mayo\",\"tradiciones marianas\",\"virtudes de Mar\u00eda\"],\"articleSection\":[\"Voces\"],\"inLanguage\":\"es\"},{\"@type\":\"WebPage\",\"@id\":\"https:\\\/\\\/exaudi.org\\\/es\\\/mayo-mes-virgen-maria\\\/\",\"url\":\"https:\\\/\\\/exaudi.org\\\/es\\\/mayo-mes-virgen-maria\\\/\",\"name\":\"Mes de Mayo: El Mes de la Virgen Mar\u00eda &#8211; Exaudi\",\"isPartOf\":{\"@id\":\"https:\\\/\\\/exaudi.org\\\/#website\"},\"primaryImageOfPage\":{\"@id\":\"https:\\\/\\\/exaudi.org\\\/es\\\/mayo-mes-virgen-maria\\\/#primaryimage\"},\"image\":{\"@id\":\"https:\\\/\\\/exaudi.org\\\/es\\\/mayo-mes-virgen-maria\\\/#primaryimage\"},\"thumbnailUrl\":\"https:\\\/\\\/exaudi.org\\\/wp-content\\\/uploads\\\/2025\\\/05\\\/pexels-anuja-tilj-291760-8538035-scaled.jpg\",\"datePublished\":\"2025-05-15T08:27:34+00:00\",\"dateModified\":\"2025-05-15T08:38:36+00:00\",\"author\":{\"@id\":\"https:\\\/\\\/exaudi.org\\\/#\\\/schema\\\/person\\\/e7ff749045cafab5d7b926bb4edeaa51\"},\"breadcrumb\":{\"@id\":\"https:\\\/\\\/exaudi.org\\\/es\\\/mayo-mes-virgen-maria\\\/#breadcrumb\"},\"inLanguage\":\"es\",\"potentialAction\":[{\"@type\":\"ReadAction\",\"target\":[\"https:\\\/\\\/exaudi.org\\\/es\\\/mayo-mes-virgen-maria\\\/\"]}]},{\"@type\":\"ImageObject\",\"inLanguage\":\"es\",\"@id\":\"https:\\\/\\\/exaudi.org\\\/es\\\/mayo-mes-virgen-maria\\\/#primaryimage\",\"url\":\"https:\\\/\\\/exaudi.org\\\/wp-content\\\/uploads\\\/2025\\\/05\\\/pexels-anuja-tilj-291760-8538035-scaled.jpg\",\"contentUrl\":\"https:\\\/\\\/exaudi.org\\\/wp-content\\\/uploads\\\/2025\\\/05\\\/pexels-anuja-tilj-291760-8538035-scaled.jpg\",\"width\":2560,\"height\":1702,\"caption\":\"Pexels\"},{\"@type\":\"BreadcrumbList\",\"@id\":\"https:\\\/\\\/exaudi.org\\\/es\\\/mayo-mes-virgen-maria\\\/#breadcrumb\",\"itemListElement\":[{\"@type\":\"ListItem\",\"position\":1,\"name\":\"Portada\",\"item\":\"https:\\\/\\\/exaudi.org\\\/es\\\/\"},{\"@type\":\"ListItem\",\"position\":2,\"name\":\"Mes de Mayo: El Mes de la Virgen Mar\u00eda\"}]},{\"@type\":\"WebSite\",\"@id\":\"https:\\\/\\\/exaudi.org\\\/#website\",\"url\":\"https:\\\/\\\/exaudi.org\\\/\",\"name\":\"Exaudi\",\"description\":\"News\",\"potentialAction\":[{\"@type\":\"SearchAction\",\"target\":{\"@type\":\"EntryPoint\",\"urlTemplate\":\"https:\\\/\\\/exaudi.org\\\/?s={search_term_string}\"},\"query-input\":{\"@type\":\"PropertyValueSpecification\",\"valueRequired\":true,\"valueName\":\"search_term_string\"}}],\"inLanguage\":\"es\"},{\"@type\":\"Person\",\"@id\":\"https:\\\/\\\/exaudi.org\\\/#\\\/schema\\\/person\\\/e7ff749045cafab5d7b926bb4edeaa51\",\"name\":\"Patricia Jim\u00e9nez Ram\u00edrez\",\"image\":{\"@type\":\"ImageObject\",\"inLanguage\":\"es\",\"@id\":\"https:\\\/\\\/secure.gravatar.com\\\/avatar\\\/c1f016f3010698237250f552cc424d09fd3f545baa3b0e2f5008eae3181ed438?s=96&d=mm&r=g\",\"url\":\"https:\\\/\\\/secure.gravatar.com\\\/avatar\\\/c1f016f3010698237250f552cc424d09fd3f545baa3b0e2f5008eae3181ed438?s=96&d=mm&r=g\",\"contentUrl\":\"https:\\\/\\\/secure.gravatar.com\\\/avatar\\\/c1f016f3010698237250f552cc424d09fd3f545baa3b0e2f5008eae3181ed438?s=96&d=mm&r=g\",\"caption\":\"Patricia Jim\u00e9nez Ram\u00edrez\"},\"description\":\"Soy una mujer comprometida con mi familia, con una s\u00f3lida experiencia empresarial y una profunda dedicaci\u00f3n al hogar. Durante a\u00f1os trabaj\u00e9 en diversos entornos empresariales, liderando equipos y gestionando proyectos de impacto. Sin embargo, en los \u00faltimos a\u00f1os he tomado la decisi\u00f3n de centrarme en mi hogar y dedicar m\u00e1s tiempo a mi marido e hijos, quienes son mi mayor prioridad. Mi experiencia en el \u00e1mbito empresarial me ha brindado valiosas habilidades en gesti\u00f3n del tiempo, organizaci\u00f3n, liderazgo y resoluci\u00f3n de problemas, que ahora aplico en mi vida familiar para fomentar un ambiente armonioso y saludable para todos\",\"url\":\"https:\\\/\\\/exaudi.org\\\/es\\\/author\\\/patricia-jimenez-ramirez\\\/\"}]}<\/script>\n<!-- \/ Yoast SEO plugin. -->","yoast_head_json":{"title":"Mes de Mayo: El Mes de la Virgen Mar\u00eda &#8211; Exaudi","robots":{"index":"index","follow":"follow","max-snippet":"max-snippet:-1","max-image-preview":"max-image-preview:large","max-video-preview":"max-video-preview:-1"},"canonical":"https:\/\/exaudi.org\/es\/mayo-mes-virgen-maria\/","og_locale":"es_ES","og_type":"article","og_title":"Mes de Mayo: El Mes de la Virgen Mar\u00eda &#8211; Exaudi","og_description":"Un mes para florecer junto a Mar\u00eda","og_url":"https:\/\/exaudi.org\/es\/mayo-mes-virgen-maria\/","og_site_name":"Exaudi","article_publisher":"https:\/\/www.facebook.com\/ExaudiNews","article_published_time":"2025-05-15T08:27:34+00:00","article_modified_time":"2025-05-15T08:38:36+00:00","og_image":[{"width":2560,"height":1702,"url":"https:\/\/exaudi.org\/wp-content\/uploads\/2025\/05\/pexels-anuja-tilj-291760-8538035-scaled.jpg","type":"image\/jpeg"}],"author":"Patricia Jim\u00e9nez Ram\u00edrez","twitter_card":"summary_large_image","twitter_creator":"@Exaudi_News","twitter_site":"@Exaudi_News","twitter_misc":{"Escrito por":"Patricia Jim\u00e9nez Ram\u00edrez","Tiempo de lectura":"4 minutos"},"schema":{"@context":"https:\/\/schema.org","@graph":[{"@type":"Article","@id":"https:\/\/exaudi.org\/es\/mayo-mes-virgen-maria\/#article","isPartOf":{"@id":"https:\/\/exaudi.org\/es\/mayo-mes-virgen-maria\/"},"author":{"name":"Patricia Jim\u00e9nez Ram\u00edrez","@id":"https:\/\/exaudi.org\/#\/schema\/person\/e7ff749045cafab5d7b926bb4edeaa51"},"headline":"Mes de Mayo: El Mes de la Virgen Mar\u00eda","datePublished":"2025-05-15T08:27:34+00:00","dateModified":"2025-05-15T08:38:36+00:00","mainEntityOfPage":{"@id":"https:\/\/exaudi.org\/es\/mayo-mes-virgen-maria\/"},"wordCount":796,"image":{"@id":"https:\/\/exaudi.org\/es\/mayo-mes-virgen-maria\/#primaryimage"},"thumbnailUrl":"https:\/\/exaudi.org\/wp-content\/uploads\/2025\/05\/pexels-anuja-tilj-291760-8538035-scaled.jpg","keywords":["altar a la Virgen","caridad de Mar\u00eda","coronaci\u00f3n de la Virgen","Devoci\u00f3n mariana","flores para la Virgen","humildad de Mar\u00eda","mayo mes mariano","mes de la Virgen","Mes de Mar\u00eda","Mes de mayo","mes mariano","obediencia de Mar\u00eda","ofrendas florales","paciencia de Mar\u00eda","Patricia Jim\u00e9nez Ram\u00edrez","procesiones marianas","pureza de Mar\u00eda","rezar el Rosario","Rosario en mayo","tradiciones marianas","virtudes de Mar\u00eda"],"articleSection":["Voces"],"inLanguage":"es"},{"@type":"WebPage","@id":"https:\/\/exaudi.org\/es\/mayo-mes-virgen-maria\/","url":"https:\/\/exaudi.org\/es\/mayo-mes-virgen-maria\/","name":"Mes de Mayo: El Mes de la Virgen Mar\u00eda &#8211; Exaudi","isPartOf":{"@id":"https:\/\/exaudi.org\/#website"},"primaryImageOfPage":{"@id":"https:\/\/exaudi.org\/es\/mayo-mes-virgen-maria\/#primaryimage"},"image":{"@id":"https:\/\/exaudi.org\/es\/mayo-mes-virgen-maria\/#primaryimage"},"thumbnailUrl":"https:\/\/exaudi.org\/wp-content\/uploads\/2025\/05\/pexels-anuja-tilj-291760-8538035-scaled.jpg","datePublished":"2025-05-15T08:27:34+00:00","dateModified":"2025-05-15T08:38:36+00:00","author":{"@id":"https:\/\/exaudi.org\/#\/schema\/person\/e7ff749045cafab5d7b926bb4edeaa51"},"breadcrumb":{"@id":"https:\/\/exaudi.org\/es\/mayo-mes-virgen-maria\/#breadcrumb"},"inLanguage":"es","potentialAction":[{"@type":"ReadAction","target":["https:\/\/exaudi.org\/es\/mayo-mes-virgen-maria\/"]}]},{"@type":"ImageObject","inLanguage":"es","@id":"https:\/\/exaudi.org\/es\/mayo-mes-virgen-maria\/#primaryimage","url":"https:\/\/exaudi.org\/wp-content\/uploads\/2025\/05\/pexels-anuja-tilj-291760-8538035-scaled.jpg","contentUrl":"https:\/\/exaudi.org\/wp-content\/uploads\/2025\/05\/pexels-anuja-tilj-291760-8538035-scaled.jpg","width":2560,"height":1702,"caption":"Pexels"},{"@type":"BreadcrumbList","@id":"https:\/\/exaudi.org\/es\/mayo-mes-virgen-maria\/#breadcrumb","itemListElement":[{"@type":"ListItem","position":1,"name":"Portada","item":"https:\/\/exaudi.org\/es\/"},{"@type":"ListItem","position":2,"name":"Mes de Mayo: El Mes de la Virgen Mar\u00eda"}]},{"@type":"WebSite","@id":"https:\/\/exaudi.org\/#website","url":"https:\/\/exaudi.org\/","name":"Exaudi","description":"News","potentialAction":[{"@type":"SearchAction","target":{"@type":"EntryPoint","urlTemplate":"https:\/\/exaudi.org\/?s={search_term_string}"},"query-input":{"@type":"PropertyValueSpecification","valueRequired":true,"valueName":"search_term_string"}}],"inLanguage":"es"},{"@type":"Person","@id":"https:\/\/exaudi.org\/#\/schema\/person\/e7ff749045cafab5d7b926bb4edeaa51","name":"Patricia Jim\u00e9nez Ram\u00edrez","image":{"@type":"ImageObject","inLanguage":"es","@id":"https:\/\/secure.gravatar.com\/avatar\/c1f016f3010698237250f552cc424d09fd3f545baa3b0e2f5008eae3181ed438?s=96&d=mm&r=g","url":"https:\/\/secure.gravatar.com\/avatar\/c1f016f3010698237250f552cc424d09fd3f545baa3b0e2f5008eae3181ed438?s=96&d=mm&r=g","contentUrl":"https:\/\/secure.gravatar.com\/avatar\/c1f016f3010698237250f552cc424d09fd3f545baa3b0e2f5008eae3181ed438?s=96&d=mm&r=g","caption":"Patricia Jim\u00e9nez Ram\u00edrez"},"description":"Soy una mujer comprometida con mi familia, con una s\u00f3lida experiencia empresarial y una profunda dedicaci\u00f3n al hogar. Durante a\u00f1os trabaj\u00e9 en diversos entornos empresariales, liderando equipos y gestionando proyectos de impacto. Sin embargo, en los \u00faltimos a\u00f1os he tomado la decisi\u00f3n de centrarme en mi hogar y dedicar m\u00e1s tiempo a mi marido e hijos, quienes son mi mayor prioridad. Mi experiencia en el \u00e1mbito empresarial me ha brindado valiosas habilidades en gesti\u00f3n del tiempo, organizaci\u00f3n, liderazgo y resoluci\u00f3n de problemas, que ahora aplico en mi vida familiar para fomentar un ambiente armonioso y saludable para todos","url":"https:\/\/exaudi.org\/es\/author\/patricia-jimenez-ramirez\/"}]}},"jetpack_featured_media_url":"https:\/\/exaudi.org\/wp-content\/uploads\/2025\/05\/pexels-anuja-tilj-291760-8538035-scaled.jpg","jetpack_shortlink":"https:\/\/wp.me\/pgKjF2-wNX","_links":{"self":[{"href":"https:\/\/exaudi.org\/es\/wp-json\/wp\/v2\/posts\/126105","targetHints":{"allow":["GET"]}}],"collection":[{"href":"https:\/\/exaudi.org\/es\/wp-json\/wp\/v2\/posts"}],"about":[{"href":"https:\/\/exaudi.org\/es\/wp-json\/wp\/v2\/types\/post"}],"author":[{"embeddable":true,"href":"https:\/\/exaudi.org\/es\/wp-json\/wp\/v2\/users\/151"}],"replies":[{"embeddable":true,"href":"https:\/\/exaudi.org\/es\/wp-json\/wp\/v2\/comments?post=126105"}],"version-history":[{"count":0,"href":"https:\/\/exaudi.org\/es\/wp-json\/wp\/v2\/posts\/126105\/revisions"}],"wp:featuredmedia":[{"embeddable":true,"href":"https:\/\/exaudi.org\/es\/wp-json\/wp\/v2\/media\/126106"}],"wp:attachment":[{"href":"https:\/\/exaudi.org\/es\/wp-json\/wp\/v2\/media?parent=126105"}],"wp:term":[{"taxonomy":"category","embeddable":true,"href":"https:\/\/exaudi.org\/es\/wp-json\/wp\/v2\/categories?post=126105"},{"taxonomy":"post_tag","embeddable":true,"href":"https:\/\/exaudi.org\/es\/wp-json\/wp\/v2\/tags?post=126105"}],"curies":[{"name":"wp","href":"https:\/\/api.w.org\/{rel}","templated":true}]}}