{"id":12598,"date":"2026-04-24T07:30:49","date_gmt":"2026-04-24T05:30:49","guid":{"rendered":"https:\/\/exaudi.org\/?p=12598"},"modified":"2026-03-24T10:23:43","modified_gmt":"2026-03-24T09:23:43","slug":"santa-maria-de-santa-eufrasia-pelletier-24-abril","status":"publish","type":"post","link":"https:\/\/exaudi.org\/es\/santa-maria-de-santa-eufrasia-pelletier-24-abril\/","title":{"rendered":"Santa Mar\u00eda de Santa Eufrasia Pelletier, 24 de abril"},"content":{"rendered":"<p><span style=\"font-weight: 400;\">Rosa Virginia (santa Mar\u00eda de Santa Eufrasia Pelletier) naci\u00f3 el 31 de julio de 1796 en la isla de Noirmoutier, Francia, en medio de la Revoluci\u00f3n francesa. Fue el lugar elegido por sus padres para refugiarse al producirse el levantamiento de La Vend\u00e9e. Estos valientes defensores de sacerdotes y religiosos, por cuyas acciones en su favor debieron abandonar su lugar de origen, la bautizaron por su cuenta de forma clandestina.<\/span><\/p>\n<p><iframe title=\"Spotify Embed: Santa Mar\u00eda de Santa Eufrasia Pelletier, 24 de abril\" style=\"border-radius: 12px\" width=\"100%\" height=\"152\" frameborder=\"0\" allowfullscreen allow=\"autoplay; clipboard-write; encrypted-media; fullscreen; picture-in-picture\" loading=\"lazy\" src=\"https:\/\/open.spotify.com\/embed\/episode\/1FRj5Bg3wliETTpndwew3S?si=e527fa36f8694d1d&amp;utm_source=oembed\"><\/iframe><\/p>\n<p><span style=\"font-weight: 400;\">Cuando la ni\u00f1a ten\u00eda un a\u00f1o, el primer presb\u00edtero que desembarc\u00f3 en la costa confirm\u00f3 el sacramento. El estrecho v\u00ednculo que la familia continu\u00f3 manteniendo con estos confesores de la fe hizo que Rosa creciera bajo el s\u00f3lido fundamento de la misma. Al recibir la primera comuni\u00f3n sinti\u00f3 la llamada a la consagraci\u00f3n. <\/span><\/p>\n<p><span style=\"font-weight: 400;\">En 1805 muri\u00f3 una de sus hermanas y al a\u00f1o siguiente su padre. Entonces su madre decidi\u00f3 enviarla a Tours. Qued\u00f3 bajo el amparo de la madre Pulch\u00e9rie, fundadora de la Asociaci\u00f3n cat\u00f3lica. Era una persona estricta con las alumnas. Pero este trato riguroso fue conveniente para la santa, quien a los 17 a\u00f1os, siendo una joven bien parecida, eligi\u00f3 seguir a Cristo.\u00a0<\/span><\/p>\n<p><span style=\"font-weight: 400;\">Desde el principio supo que deb\u00eda salvar el escollo de su fuerte temperamento. Impulsiva y poco dada a la contenci\u00f3n verbal, su tendencia a responder con salidas de tono y un apego al propio criterio pon\u00edan su voluntad y vocaci\u00f3n en peligroso disparadero. El arrepentimiento y la aflicci\u00f3n que llegaban despu\u00e9s, unido a las penitencias que se impon\u00eda, revelaban su nobleza.<\/span><\/p>\n<p><span style=\"font-weight: 400;\">Pero eran caballos de batalla que le dominaban y si deseaba unirse a Cristo ten\u00eda que purificar sus tendencias. Su determinaci\u00f3n a luchar era incontestable, y as\u00ed se lo dijo a su hermana: \u201cSer\u00e1 necesario doblegarme, lo s\u00e9, pero ser\u00e9 religiosa\u201d. Lo que vivi\u00f3 en el centro junto a la madre Pulch\u00e9rie fue un entrenamiento para lo que tendr\u00eda que asumir.<\/span><\/p>\n<p><span style=\"font-weight: 400;\">En esta \u00e9poca tuvo noticias de la existencia del Instituto de Nuestra Se\u00f1ora de la Caridad y del Refugio. San Juan Eudes lo hab\u00eda fundado en 1641 con objeto de proporcionar una vida digna a las mujeres descarriadas (llamadas Magdalenas), y a las que pod\u00edan caer en redes mafiosas movidas por desaprensivos.\u00a0<\/span><\/p>\n<p><span style=\"font-weight: 400;\">Rosa ingres\u00f3 en el convento de Tours en 1814 y se le encomend\u00f3 ser catequista de las j\u00f3venes. En el momento de profesar decidi\u00f3 tomar el nombre de Teresa. Es l\u00f3gico pensar que la imponente y arrebatadora personalidad de esta mujer castellana que volc\u00f3 su pasi\u00f3n en Cristo le sedujese.<\/span><\/p>\n<p><span style=\"font-weight: 400;\"> Que le hiciese creer que con este referente, junto a la gracia, tambi\u00e9n ella podr\u00eda escalar las altas cimas de la santidad. Por eso quiso unirla a su persona. Pero a la superiora le pareci\u00f3 excesivo. Teresa de Jes\u00fas hab\u00eda sido una santa de tal calibre que juzg\u00f3 presunci\u00f3n que Rosa Virginia pensase en \u00e9l para llevarlo en su honor.<\/span><\/p>\n<p><span style=\"font-weight: 400;\"> \u201c\u00bfTeresa? \u00bfT\u00fa, Teresa? \u00bfUna mujer tan grande?\u00a1 \u00bfPor qui\u00e9n te tienes?! \u00bfPretendes igualarla, pobrecita aspirante a la perfecci\u00f3n religiosa? Ve a buscar en la \u2018<\/span><i><span style=\"font-weight: 400;\">Vida de los Santos\u2019 <\/span><\/i><span style=\"font-weight: 400;\">el nombre m\u00e1s humilde y escondido que haya\u201d. Sin mostrar resistencia alguna, humilde y generosa, abri\u00f3 las p\u00e1ginas del santoral y eligi\u00f3 el nombre de una sencilla mujer que hab\u00eda conquistado la santidad: Eufrasia.\u00a0<\/span><\/p>\n<p><span style=\"font-weight: 400;\">A los 29 a\u00f1os santa Mar\u00eda de Santa Eufrasia Pelletier fue designada superiora de la Orden. Pero, poco a poco, iba viendo que la Instituci\u00f3n no era para ella. Intu\u00eda que deb\u00eda moverse con horizontes m\u00e1s amplios. \u201cYo no quiero que se diga que soy francesa. Yo soy italiana, inglesa, alemana, espa\u00f1ola, americana, africana o hind\u00fa. <\/span><\/p>\n<p><span style=\"font-weight: 400;\">Yo soy de todos los pa\u00edses donde hay personas que salvar\u201d. En Angers hab\u00edan solicitado una nueva fundaci\u00f3n, y all\u00ed se traslad\u00f3 para vivir en una casa refugio existente en la ciudad denominada \u201cEl Buen Pastor\u201d. Su \u00edmpetu apost\u00f3lico hizo de este centro un lugar fecundo desde el principio.<\/span><\/p>\n<p><span style=\"font-weight: 400;\"> Movida por \u00e9l, sol\u00eda decir: \u201cNuestra vida debe ser siempre el celo; y este celo debe abrazar al mundo entero\u201d. A los cuatro meses ten\u00edan m\u00e1s de ochenta nuevas vocaciones, una comunidad de contemplativas y una segunda rama que ha perdurado hasta nuestros d\u00edas. <\/span><\/p>\n<p><span style=\"font-weight: 400;\">Deb\u00eda volver a Tours, pero la gente que la quer\u00eda se opuso a su partida. Entre tanto, se percat\u00f3 de la conveniencia de fundar un generalato. Sal\u00eda al paso de eventuales dificultades que podr\u00edan surgir si cada casa depend\u00eda de un prelado distinto. Adem\u00e1s, juzg\u00f3 que si exist\u00eda una superiora general podr\u00eda cubrir las necesidades que surgieran trasladando a las religiosas donde fuese conveniente.<\/span><\/p>\n<p><span style=\"font-weight: 400;\"> No tardaron en saltar a la palestra murmuraciones, incomprensiones y signos de desaprobaci\u00f3n de quienes no compart\u00edan la obra. Fueron especialmente \u00e1cidos al ser elegida un\u00e1nimemente por todas las religiosas como superiora general. \u201cMe hab\u00e9is nombrado superiora: soy indigna de ello, estoy confusa; pero en fin, ya que soy la superiora, fundaremos las \u2018<\/span><i><span style=\"font-weight: 400;\">Magdalenas\u2019<\/span><\/i><span style=\"font-weight: 400;\">\u201d. <\/span><\/p>\n<p><span style=\"font-weight: 400;\">La acusaron, entre otras cosas, de ambici\u00f3n personal, af\u00e1n de poder, esp\u00edritu de innovaci\u00f3n\u2026 Fueron momentos de gran dolor, una prueba que afrontaba confiada en Dios. Una noche escribi\u00f3 al Papa: \u201cSi el Santo Padre encuentra dificultad en que yo sea la superiora general, me someto humildemente\u201d.\u00a0<\/span><\/p>\n<p><span style=\"font-weight: 400;\">Las peticiones para que abriera fundaciones en otros lugares, incluida Roma, no cesaban y el pont\u00edfice Gregorio XVI le dio su bendici\u00f3n en 1835: \u201cAhora voy a ser yo quien va a sostener vuestro Instituto\u201d.<\/span> <span style=\"font-weight: 400;\">Con su aquiescencia puso en marcha la Congregaci\u00f3n de Nuestra Se\u00f1ora de la Caridad del Buen Pastor.<\/span><\/p>\n<p><span style=\"font-weight: 400;\"> Erigi\u00f3 en vida m\u00e1s de cien casas en casi todos los continentes, sin viajar y sin los medios de comunicaci\u00f3n que existir\u00edan despu\u00e9s. Como aquello que se ama es por lo que se lucha y se da la vida, sus hermanas eran sost\u00e9n y aliento en su dulce caminar junto a Cristo: <\/span><\/p>\n<p><span style=\"font-weight: 400;\">\u201cComo he dado a luz a mis hijas en la cruz, las quiero m\u00e1s que a m\u00ed misma.\u00a0<\/span><span style=\"font-weight: 400;\">Mi amor tiene sus ra\u00edces en Dios y en el conocimiento de mi propia miseria, pues comprendo que a la edad en que hacen la profesi\u00f3n, yo no hubiese sido capaz de soportar tantas privaciones y un trabajo tan duro\u201d. Muri\u00f3 en Angers el 24 abril de 1868. P\u00edo X la beatific\u00f3 el 30 de abril de 1933. Y P\u00edo XII la canoniz\u00f3 el 2 de mayo de 1940.\u00a0<\/span><\/p>\n<p><img loading=\"lazy\" decoding=\"async\" class=\"size-full wp-image-124370 alignnone\" src=\"https:\/\/exaudi.org\/wp-content\/uploads\/2025\/04\/Santoral-9.jpg\" alt=\"\" width=\"1080\" height=\"1080\" srcset=\"https:\/\/exaudi.org\/wp-content\/uploads\/2025\/04\/Santoral-9.jpg 1080w, https:\/\/exaudi.org\/wp-content\/uploads\/2025\/04\/Santoral-9-300x300.jpg 300w, https:\/\/exaudi.org\/wp-content\/uploads\/2025\/04\/Santoral-9-1024x1024.jpg 1024w, https:\/\/exaudi.org\/wp-content\/uploads\/2025\/04\/Santoral-9-100x100.jpg?crop=1 100w, https:\/\/exaudi.org\/wp-content\/uploads\/2025\/04\/Santoral-9-770x770.jpg 770w, https:\/\/exaudi.org\/wp-content\/uploads\/2025\/04\/Santoral-9-500x500.jpg 500w\" sizes=\"auto, (max-width: 1080px) 100vw, 1080px\" \/><\/p>\n<p><img loading=\"lazy\" decoding=\"async\" class=\"alignright wp-image-2208\" src=\"https:\/\/exaudi.org\/wp-content\/uploads\/2021\/02\/santoral-scaled-1-725x1024.jpg\" alt=\"santoral Isabel Orellana\" width=\"262\" height=\"370\" \/><\/p>\n<div class=\"page\" title=\"Page 4\">\n<div class=\"layoutArea\">\n<div class=\"column\">\n<h6><em>\u00a9 <a href=\"https:\/\/exaudi.org\/es\/author\/isabelorellana\/\" target=\"_blank\" rel=\"noopener noreferrer\">Isabel Orellana Vilches<\/a>, 2018<\/em><br \/>\n<em>Autora vinculada a<\/em><br \/>\n<img loading=\"lazy\" decoding=\"async\" class=\"alignnone size-full wp-image-41949\" src=\"https:\/\/www.idente.org\/wp-content\/uploads\/logo-cedro-v01-843x295-1-e1603384654546.png\" alt=\"\" width=\"80\" height=\"28\" \/><br \/>\nObra protegida por derechos de autor.<br \/>\nInscrita en el Registro de la Propiedad Intelectual el 24 de noviembre de 2014.<br \/>\n________________<br \/>\nDerechos de edici\u00f3n reservados:<br \/>\nFundaci\u00f3n <a href=\"https:\/\/rielo.com\/\" target=\"_blank\" rel=\"noopener noreferrer\">Fernando Rielo<\/a><br \/>\nGoya 20, 4.\u00ba izq. int. 28001 Madrid<br \/>\nTlf.: (34) 91 575 40 91<br \/>\nCorreo electr\u00f3nico: fundacion@rielo.com<\/h6>\n<div class=\"page\" title=\"Page 4\">\n<div class=\"layoutArea\">\n<div class=\"column\">\n<h6>Dep\u00f3sito legal: M-18664-2020<br \/>\nISBN: 978-84-946646-6-3<\/h6>\n<\/div>\n<\/div>\n<\/div>\n<\/div>\n<\/div>\n<\/div>\n","protected":false},"excerpt":{"rendered":"<p>Religiosa francesa<\/p>\n","protected":false},"author":23,"featured_media":98773,"comment_status":"closed","ping_status":"closed","sticky":false,"template":"","format":"standard","meta":{"_acf_changed":false,"_crdt_document":"","inline_featured_image":false,"footnotes":""},"categories":[74,2772],"tags":[388,1833,387,58880],"class_list":["post-12598","post","type-post","status-publish","format-standard","has-post-thumbnail","hentry","category-iglesia-y-mundo","category-santoral","tag-isabel-orellana-vilches","tag-santa-maria-de-santa-eufrasia-pelletier","tag-santoral","tag-trending-es-151"],"acf":[],"yoast_head":"<!-- This site is optimized with the Yoast SEO plugin v27.4 - https:\/\/yoast.com\/product\/yoast-seo-wordpress\/ -->\n<title>Santa Mar\u00eda de Santa Eufrasia Pelletier, 24 de abril - Exaudi<\/title>\n<meta name=\"description\" content=\"Santoral del 24 de abril de 2021 sobre santa Mar\u00eda de Santa Eufrasia Pelletier, por Isabel Orellana Vilches y la Fundaci\u00f3n Fernando Rielo.\" \/>\n<meta name=\"robots\" content=\"index, follow, max-snippet:-1, max-image-preview:large, max-video-preview:-1\" \/>\n<link rel=\"canonical\" href=\"https:\/\/exaudi.org\/es\/santa-maria-de-santa-eufrasia-pelletier-24-abril\/\" \/>\n<meta property=\"og:locale\" content=\"es_ES\" \/>\n<meta property=\"og:type\" content=\"article\" \/>\n<meta property=\"og:title\" content=\"Santa Mar\u00eda de Santa Eufrasia Pelletier, 24 de abril - Exaudi\" \/>\n<meta property=\"og:description\" content=\"Santoral del 24 de abril de 2021 sobre santa Mar\u00eda de Santa Eufrasia Pelletier, por Isabel Orellana Vilches y la Fundaci\u00f3n Fernando Rielo.\" \/>\n<meta property=\"og:url\" content=\"https:\/\/exaudi.org\/es\/santa-maria-de-santa-eufrasia-pelletier-24-abril\/\" \/>\n<meta property=\"og:site_name\" content=\"Exaudi\" \/>\n<meta property=\"article:publisher\" content=\"https:\/\/www.facebook.com\/ExaudiNews\" \/>\n<meta property=\"article:published_time\" content=\"2026-04-24T05:30:49+00:00\" \/>\n<meta property=\"og:image\" content=\"https:\/\/exaudi.org\/wp-content\/uploads\/2024\/04\/descarga-1024x683.png\" \/>\n\t<meta property=\"og:image:width\" content=\"1024\" \/>\n\t<meta property=\"og:image:height\" content=\"683\" \/>\n\t<meta property=\"og:image:type\" content=\"image\/png\" \/>\n<meta name=\"author\" content=\"Isabel Orellana\" \/>\n<meta name=\"twitter:card\" content=\"summary_large_image\" \/>\n<meta name=\"twitter:creator\" content=\"@Exaudi_News\" \/>\n<meta name=\"twitter:site\" content=\"@Exaudi_News\" \/>\n<meta name=\"twitter:label1\" content=\"Escrito por\" \/>\n\t<meta name=\"twitter:data1\" content=\"Isabel Orellana\" \/>\n\t<meta name=\"twitter:label2\" content=\"Tiempo de lectura\" \/>\n\t<meta name=\"twitter:data2\" content=\"6 minutos\" \/>\n<script type=\"application\/ld+json\" class=\"yoast-schema-graph\">{\"@context\":\"https:\\\/\\\/schema.org\",\"@graph\":[{\"@type\":\"Article\",\"@id\":\"https:\\\/\\\/exaudi.org\\\/es\\\/santa-maria-de-santa-eufrasia-pelletier-24-abril\\\/#article\",\"isPartOf\":{\"@id\":\"https:\\\/\\\/exaudi.org\\\/es\\\/santa-maria-de-santa-eufrasia-pelletier-24-abril\\\/\"},\"author\":{\"name\":\"Isabel Orellana\",\"@id\":\"https:\\\/\\\/exaudi.org\\\/#\\\/schema\\\/person\\\/64e18b96fd6118559a9217b5b3375fdc\"},\"headline\":\"Santa Mar\u00eda de Santa Eufrasia Pelletier, 24 de abril\",\"datePublished\":\"2026-04-24T05:30:49+00:00\",\"mainEntityOfPage\":{\"@id\":\"https:\\\/\\\/exaudi.org\\\/es\\\/santa-maria-de-santa-eufrasia-pelletier-24-abril\\\/\"},\"wordCount\":1189,\"image\":{\"@id\":\"https:\\\/\\\/exaudi.org\\\/es\\\/santa-maria-de-santa-eufrasia-pelletier-24-abril\\\/#primaryimage\"},\"thumbnailUrl\":\"https:\\\/\\\/exaudi.org\\\/wp-content\\\/uploads\\\/2024\\\/04\\\/descarga.png\",\"keywords\":[\"Isabel Orellana Vilches\",\"Santa Mar\u00eda de Santa Eufrasia Pelletier\",\"Santoral\",\"Trending\"],\"articleSection\":[\"Iglesia y Mundo\",\"Santoral\"],\"inLanguage\":\"es\"},{\"@type\":\"WebPage\",\"@id\":\"https:\\\/\\\/exaudi.org\\\/es\\\/santa-maria-de-santa-eufrasia-pelletier-24-abril\\\/\",\"url\":\"https:\\\/\\\/exaudi.org\\\/es\\\/santa-maria-de-santa-eufrasia-pelletier-24-abril\\\/\",\"name\":\"Santa Mar\u00eda de Santa Eufrasia Pelletier, 24 de abril - Exaudi\",\"isPartOf\":{\"@id\":\"https:\\\/\\\/exaudi.org\\\/#website\"},\"primaryImageOfPage\":{\"@id\":\"https:\\\/\\\/exaudi.org\\\/es\\\/santa-maria-de-santa-eufrasia-pelletier-24-abril\\\/#primaryimage\"},\"image\":{\"@id\":\"https:\\\/\\\/exaudi.org\\\/es\\\/santa-maria-de-santa-eufrasia-pelletier-24-abril\\\/#primaryimage\"},\"thumbnailUrl\":\"https:\\\/\\\/exaudi.org\\\/wp-content\\\/uploads\\\/2024\\\/04\\\/descarga.png\",\"datePublished\":\"2026-04-24T05:30:49+00:00\",\"author\":{\"@id\":\"https:\\\/\\\/exaudi.org\\\/#\\\/schema\\\/person\\\/64e18b96fd6118559a9217b5b3375fdc\"},\"description\":\"Santoral del 24 de abril de 2021 sobre santa Mar\u00eda de Santa Eufrasia Pelletier, por Isabel Orellana Vilches y la Fundaci\u00f3n Fernando Rielo.\",\"breadcrumb\":{\"@id\":\"https:\\\/\\\/exaudi.org\\\/es\\\/santa-maria-de-santa-eufrasia-pelletier-24-abril\\\/#breadcrumb\"},\"inLanguage\":\"es\",\"potentialAction\":[{\"@type\":\"ReadAction\",\"target\":[\"https:\\\/\\\/exaudi.org\\\/es\\\/santa-maria-de-santa-eufrasia-pelletier-24-abril\\\/\"]}]},{\"@type\":\"ImageObject\",\"inLanguage\":\"es\",\"@id\":\"https:\\\/\\\/exaudi.org\\\/es\\\/santa-maria-de-santa-eufrasia-pelletier-24-abril\\\/#primaryimage\",\"url\":\"https:\\\/\\\/exaudi.org\\\/wp-content\\\/uploads\\\/2024\\\/04\\\/descarga.png\",\"contentUrl\":\"https:\\\/\\\/exaudi.org\\\/wp-content\\\/uploads\\\/2024\\\/04\\\/descarga.png\",\"width\":2560,\"height\":1707},{\"@type\":\"BreadcrumbList\",\"@id\":\"https:\\\/\\\/exaudi.org\\\/es\\\/santa-maria-de-santa-eufrasia-pelletier-24-abril\\\/#breadcrumb\",\"itemListElement\":[{\"@type\":\"ListItem\",\"position\":1,\"name\":\"Portada\",\"item\":\"https:\\\/\\\/exaudi.org\\\/es\\\/\"},{\"@type\":\"ListItem\",\"position\":2,\"name\":\"Santa Mar\u00eda de Santa Eufrasia Pelletier, 24 de abril\"}]},{\"@type\":\"WebSite\",\"@id\":\"https:\\\/\\\/exaudi.org\\\/#website\",\"url\":\"https:\\\/\\\/exaudi.org\\\/\",\"name\":\"Exaudi\",\"description\":\"News\",\"potentialAction\":[{\"@type\":\"SearchAction\",\"target\":{\"@type\":\"EntryPoint\",\"urlTemplate\":\"https:\\\/\\\/exaudi.org\\\/?s={search_term_string}\"},\"query-input\":{\"@type\":\"PropertyValueSpecification\",\"valueRequired\":true,\"valueName\":\"search_term_string\"}}],\"inLanguage\":\"es\"},{\"@type\":\"Person\",\"@id\":\"https:\\\/\\\/exaudi.org\\\/#\\\/schema\\\/person\\\/64e18b96fd6118559a9217b5b3375fdc\",\"name\":\"Isabel Orellana\",\"image\":{\"@type\":\"ImageObject\",\"inLanguage\":\"es\",\"@id\":\"https:\\\/\\\/secure.gravatar.com\\\/avatar\\\/51968380bbb6b22ae85c605634860366fd9a2a611c6341125115bca32cd6c171?s=96&d=mm&r=g\",\"url\":\"https:\\\/\\\/secure.gravatar.com\\\/avatar\\\/51968380bbb6b22ae85c605634860366fd9a2a611c6341125115bca32cd6c171?s=96&d=mm&r=g\",\"contentUrl\":\"https:\\\/\\\/secure.gravatar.com\\\/avatar\\\/51968380bbb6b22ae85c605634860366fd9a2a611c6341125115bca32cd6c171?s=96&d=mm&r=g\",\"caption\":\"Isabel Orellana\"},\"description\":\"Isabel Orellana Vilches Misionera idente. Doctora en Filosof\u00eda por la Universidad Aut\u00f3noma de Barcelona con la tesis Realismo y progreso cient\u00edfico en la epistemolog\u00eda popperiana. Ha cursado estudios de teolog\u00eda en la Universidad Pontificia de Salamanca. Con amplia actividad docente desde 1986, ha publicado libros como: Realismo y progreso cient\u00edfico en la epistemolog\u00eda popperiana, Universitat Aut\u00f2noma de Barcelona, 1993; El evangelio habla a los j\u00f3venes, Atenas, Madrid, 1997; Qu\u00e9 es... LA TOLERANCIA, Paulinas, Madrid, 1999; Pedagog\u00eda del dolor. Ensayo antropol\u00f3gico, Palabra, Madrid, 1999; En colaboraci\u00f3n con Enrique Rivera de Ventosa (\u2020) OFM. Cap. San Francisco de As\u00eds y Fernando Rielo: Convergencias. Respuestas desde la fe a los interrogantes del hombre de hoy, Universidad Pontificia, Salamanca, 2001; La \\\"mirada\\\" del cine. Recursos did\u00e1cticos del s\u00e9ptimo arte. Librer\u00eda Cervantes, Salamanca, 2001; Paradojas de la convivencia, San Pablo, Madrid, 2002; En la Universidad T\u00e9cnica Particular de Loja, Ecuador, ha publicado: La confianza. El arte de amar, 2002; Educar para la responsabilidad, 2003; Apuntes de \u00e9tica en Karl R. Popper, 2003; De soledades y comunicaci\u00f3n, 2005; Yo educo; t\u00fa respondes, 2008; Humanismo y fe en un crisol de culturas, 2008; Repensar lo cotidiano, 2008; Convivir: un constante desaf\u00edo, 2009; La l\u00f3gica del amor, 2010; El dolor del amor. Apuntes sobre la enfermedad y el dolor en relaci\u00f3n con la virtud heroica, el martirio y la vida santa. Seminario Diocesano de M\u00e1laga, 2006 y Universidad T\u00e9cnica Particular de Loja, Ecuador (2007). Cuenta con numerosas colaboraciones en obras colectivas, as\u00ed como relatos, cuentos, f\u00e1bula y novela juvenil, adem\u00e1s de art\u00edculos de tem\u00e1tica cient\u00edfica, pedag\u00f3gica y espiritual, que viene publicando en distintas revistas nacionales e internacionales. En 2012 culmin\u00f3 el santoral Llamados a ser santos y poco m\u00e1s tarde Epopeyas de amor prologado por mons. Fernando Sebasti\u00e1n. Es la bi\u00f3grafa oficial del fundador de su familia espiritual, autora de Fernando Rielo Pardal. Fundador de los Misioneros Identes, Descl\u00e9e de Brouwer, Bilbao, 2009. Culmina la biograf\u00eda completa. Encargada del santoral de ZENIT desde 2012 a 2020 y ahora en Exaudi\",\"url\":\"https:\\\/\\\/exaudi.org\\\/es\\\/author\\\/isabelorellana\\\/\"}]}<\/script>\n<!-- \/ Yoast SEO plugin. -->","yoast_head_json":{"title":"Santa Mar\u00eda de Santa Eufrasia Pelletier, 24 de abril - Exaudi","description":"Santoral del 24 de abril de 2021 sobre santa Mar\u00eda de Santa Eufrasia Pelletier, por Isabel Orellana Vilches y la Fundaci\u00f3n Fernando Rielo.","robots":{"index":"index","follow":"follow","max-snippet":"max-snippet:-1","max-image-preview":"max-image-preview:large","max-video-preview":"max-video-preview:-1"},"canonical":"https:\/\/exaudi.org\/es\/santa-maria-de-santa-eufrasia-pelletier-24-abril\/","og_locale":"es_ES","og_type":"article","og_title":"Santa Mar\u00eda de Santa Eufrasia Pelletier, 24 de abril - Exaudi","og_description":"Santoral del 24 de abril de 2021 sobre santa Mar\u00eda de Santa Eufrasia Pelletier, por Isabel Orellana Vilches y la Fundaci\u00f3n Fernando Rielo.","og_url":"https:\/\/exaudi.org\/es\/santa-maria-de-santa-eufrasia-pelletier-24-abril\/","og_site_name":"Exaudi","article_publisher":"https:\/\/www.facebook.com\/ExaudiNews","article_published_time":"2026-04-24T05:30:49+00:00","og_image":[{"width":1024,"height":683,"url":"https:\/\/exaudi.org\/wp-content\/uploads\/2024\/04\/descarga-1024x683.png","type":"image\/png"}],"author":"Isabel Orellana","twitter_card":"summary_large_image","twitter_creator":"@Exaudi_News","twitter_site":"@Exaudi_News","twitter_misc":{"Escrito por":"Isabel Orellana","Tiempo de lectura":"6 minutos"},"schema":{"@context":"https:\/\/schema.org","@graph":[{"@type":"Article","@id":"https:\/\/exaudi.org\/es\/santa-maria-de-santa-eufrasia-pelletier-24-abril\/#article","isPartOf":{"@id":"https:\/\/exaudi.org\/es\/santa-maria-de-santa-eufrasia-pelletier-24-abril\/"},"author":{"name":"Isabel Orellana","@id":"https:\/\/exaudi.org\/#\/schema\/person\/64e18b96fd6118559a9217b5b3375fdc"},"headline":"Santa Mar\u00eda de Santa Eufrasia Pelletier, 24 de abril","datePublished":"2026-04-24T05:30:49+00:00","mainEntityOfPage":{"@id":"https:\/\/exaudi.org\/es\/santa-maria-de-santa-eufrasia-pelletier-24-abril\/"},"wordCount":1189,"image":{"@id":"https:\/\/exaudi.org\/es\/santa-maria-de-santa-eufrasia-pelletier-24-abril\/#primaryimage"},"thumbnailUrl":"https:\/\/exaudi.org\/wp-content\/uploads\/2024\/04\/descarga.png","keywords":["Isabel Orellana Vilches","Santa Mar\u00eda de Santa Eufrasia Pelletier","Santoral","Trending"],"articleSection":["Iglesia y Mundo","Santoral"],"inLanguage":"es"},{"@type":"WebPage","@id":"https:\/\/exaudi.org\/es\/santa-maria-de-santa-eufrasia-pelletier-24-abril\/","url":"https:\/\/exaudi.org\/es\/santa-maria-de-santa-eufrasia-pelletier-24-abril\/","name":"Santa Mar\u00eda de Santa Eufrasia Pelletier, 24 de abril - Exaudi","isPartOf":{"@id":"https:\/\/exaudi.org\/#website"},"primaryImageOfPage":{"@id":"https:\/\/exaudi.org\/es\/santa-maria-de-santa-eufrasia-pelletier-24-abril\/#primaryimage"},"image":{"@id":"https:\/\/exaudi.org\/es\/santa-maria-de-santa-eufrasia-pelletier-24-abril\/#primaryimage"},"thumbnailUrl":"https:\/\/exaudi.org\/wp-content\/uploads\/2024\/04\/descarga.png","datePublished":"2026-04-24T05:30:49+00:00","author":{"@id":"https:\/\/exaudi.org\/#\/schema\/person\/64e18b96fd6118559a9217b5b3375fdc"},"description":"Santoral del 24 de abril de 2021 sobre santa Mar\u00eda de Santa Eufrasia Pelletier, por Isabel Orellana Vilches y la Fundaci\u00f3n Fernando Rielo.","breadcrumb":{"@id":"https:\/\/exaudi.org\/es\/santa-maria-de-santa-eufrasia-pelletier-24-abril\/#breadcrumb"},"inLanguage":"es","potentialAction":[{"@type":"ReadAction","target":["https:\/\/exaudi.org\/es\/santa-maria-de-santa-eufrasia-pelletier-24-abril\/"]}]},{"@type":"ImageObject","inLanguage":"es","@id":"https:\/\/exaudi.org\/es\/santa-maria-de-santa-eufrasia-pelletier-24-abril\/#primaryimage","url":"https:\/\/exaudi.org\/wp-content\/uploads\/2024\/04\/descarga.png","contentUrl":"https:\/\/exaudi.org\/wp-content\/uploads\/2024\/04\/descarga.png","width":2560,"height":1707},{"@type":"BreadcrumbList","@id":"https:\/\/exaudi.org\/es\/santa-maria-de-santa-eufrasia-pelletier-24-abril\/#breadcrumb","itemListElement":[{"@type":"ListItem","position":1,"name":"Portada","item":"https:\/\/exaudi.org\/es\/"},{"@type":"ListItem","position":2,"name":"Santa Mar\u00eda de Santa Eufrasia Pelletier, 24 de abril"}]},{"@type":"WebSite","@id":"https:\/\/exaudi.org\/#website","url":"https:\/\/exaudi.org\/","name":"Exaudi","description":"News","potentialAction":[{"@type":"SearchAction","target":{"@type":"EntryPoint","urlTemplate":"https:\/\/exaudi.org\/?s={search_term_string}"},"query-input":{"@type":"PropertyValueSpecification","valueRequired":true,"valueName":"search_term_string"}}],"inLanguage":"es"},{"@type":"Person","@id":"https:\/\/exaudi.org\/#\/schema\/person\/64e18b96fd6118559a9217b5b3375fdc","name":"Isabel Orellana","image":{"@type":"ImageObject","inLanguage":"es","@id":"https:\/\/secure.gravatar.com\/avatar\/51968380bbb6b22ae85c605634860366fd9a2a611c6341125115bca32cd6c171?s=96&d=mm&r=g","url":"https:\/\/secure.gravatar.com\/avatar\/51968380bbb6b22ae85c605634860366fd9a2a611c6341125115bca32cd6c171?s=96&d=mm&r=g","contentUrl":"https:\/\/secure.gravatar.com\/avatar\/51968380bbb6b22ae85c605634860366fd9a2a611c6341125115bca32cd6c171?s=96&d=mm&r=g","caption":"Isabel Orellana"},"description":"Isabel Orellana Vilches Misionera idente. Doctora en Filosof\u00eda por la Universidad Aut\u00f3noma de Barcelona con la tesis Realismo y progreso cient\u00edfico en la epistemolog\u00eda popperiana. Ha cursado estudios de teolog\u00eda en la Universidad Pontificia de Salamanca. Con amplia actividad docente desde 1986, ha publicado libros como: Realismo y progreso cient\u00edfico en la epistemolog\u00eda popperiana, Universitat Aut\u00f2noma de Barcelona, 1993; El evangelio habla a los j\u00f3venes, Atenas, Madrid, 1997; Qu\u00e9 es... LA TOLERANCIA, Paulinas, Madrid, 1999; Pedagog\u00eda del dolor. Ensayo antropol\u00f3gico, Palabra, Madrid, 1999; En colaboraci\u00f3n con Enrique Rivera de Ventosa (\u2020) OFM. Cap. San Francisco de As\u00eds y Fernando Rielo: Convergencias. Respuestas desde la fe a los interrogantes del hombre de hoy, Universidad Pontificia, Salamanca, 2001; La \"mirada\" del cine. Recursos did\u00e1cticos del s\u00e9ptimo arte. Librer\u00eda Cervantes, Salamanca, 2001; Paradojas de la convivencia, San Pablo, Madrid, 2002; En la Universidad T\u00e9cnica Particular de Loja, Ecuador, ha publicado: La confianza. El arte de amar, 2002; Educar para la responsabilidad, 2003; Apuntes de \u00e9tica en Karl R. Popper, 2003; De soledades y comunicaci\u00f3n, 2005; Yo educo; t\u00fa respondes, 2008; Humanismo y fe en un crisol de culturas, 2008; Repensar lo cotidiano, 2008; Convivir: un constante desaf\u00edo, 2009; La l\u00f3gica del amor, 2010; El dolor del amor. Apuntes sobre la enfermedad y el dolor en relaci\u00f3n con la virtud heroica, el martirio y la vida santa. Seminario Diocesano de M\u00e1laga, 2006 y Universidad T\u00e9cnica Particular de Loja, Ecuador (2007). Cuenta con numerosas colaboraciones en obras colectivas, as\u00ed como relatos, cuentos, f\u00e1bula y novela juvenil, adem\u00e1s de art\u00edculos de tem\u00e1tica cient\u00edfica, pedag\u00f3gica y espiritual, que viene publicando en distintas revistas nacionales e internacionales. En 2012 culmin\u00f3 el santoral Llamados a ser santos y poco m\u00e1s tarde Epopeyas de amor prologado por mons. Fernando Sebasti\u00e1n. Es la bi\u00f3grafa oficial del fundador de su familia espiritual, autora de Fernando Rielo Pardal. Fundador de los Misioneros Identes, Descl\u00e9e de Brouwer, Bilbao, 2009. Culmina la biograf\u00eda completa. Encargada del santoral de ZENIT desde 2012 a 2020 y ahora en Exaudi","url":"https:\/\/exaudi.org\/es\/author\/isabelorellana\/"}]}},"jetpack_featured_media_url":"https:\/\/exaudi.org\/wp-content\/uploads\/2024\/04\/descarga.png","jetpack_shortlink":"https:\/\/wp.me\/pgKjF2-3hc","_links":{"self":[{"href":"https:\/\/exaudi.org\/es\/wp-json\/wp\/v2\/posts\/12598","targetHints":{"allow":["GET"]}}],"collection":[{"href":"https:\/\/exaudi.org\/es\/wp-json\/wp\/v2\/posts"}],"about":[{"href":"https:\/\/exaudi.org\/es\/wp-json\/wp\/v2\/types\/post"}],"author":[{"embeddable":true,"href":"https:\/\/exaudi.org\/es\/wp-json\/wp\/v2\/users\/23"}],"replies":[{"embeddable":true,"href":"https:\/\/exaudi.org\/es\/wp-json\/wp\/v2\/comments?post=12598"}],"version-history":[{"count":1,"href":"https:\/\/exaudi.org\/es\/wp-json\/wp\/v2\/posts\/12598\/revisions"}],"predecessor-version":[{"id":162949,"href":"https:\/\/exaudi.org\/es\/wp-json\/wp\/v2\/posts\/12598\/revisions\/162949"}],"wp:featuredmedia":[{"embeddable":true,"href":"https:\/\/exaudi.org\/es\/wp-json\/wp\/v2\/media\/98773"}],"wp:attachment":[{"href":"https:\/\/exaudi.org\/es\/wp-json\/wp\/v2\/media?parent=12598"}],"wp:term":[{"taxonomy":"category","embeddable":true,"href":"https:\/\/exaudi.org\/es\/wp-json\/wp\/v2\/categories?post=12598"},{"taxonomy":"post_tag","embeddable":true,"href":"https:\/\/exaudi.org\/es\/wp-json\/wp\/v2\/tags?post=12598"}],"curies":[{"name":"wp","href":"https:\/\/api.w.org\/{rel}","templated":true}]}}