{"id":12574,"date":"2026-04-22T07:30:31","date_gmt":"2026-04-22T05:30:31","guid":{"rendered":"https:\/\/exaudi.org\/?p=12574"},"modified":"2026-03-24T10:19:43","modified_gmt":"2026-03-24T09:19:43","slug":"beato-francisco-de-fabriano-22-abril","status":"publish","type":"post","link":"https:\/\/exaudi.org\/es\/beato-francisco-de-fabriano-22-abril\/","title":{"rendered":"Beato Francisco de Fabriano, 22 de abril"},"content":{"rendered":"<p><span style=\"font-weight: 400;\">El beato Francisco de Fabriano naci\u00f3 en Fabriano, Ancona, Italia, en febrero de 1251. Era hijo de Compagno Venimbeni, m\u00e9dico, y de Margarita di Federico. \u00c9sta debi\u00f3 haber prometido mediante voto que si ten\u00eda un hijo acudir\u00eda a As\u00eds en peregrinaci\u00f3n. Y cuando el muchacho tuvo edad de viajar lo llev\u00f3 consigo.<\/span><\/p>\n<p><iframe title=\"Spotify Embed: Beato Francisco de Fabriano, 22 de abril\" style=\"border-radius: 12px\" width=\"100%\" height=\"152\" frameborder=\"0\" allowfullscreen allow=\"autoplay; clipboard-write; encrypted-media; fullscreen; picture-in-picture\" loading=\"lazy\" src=\"https:\/\/open.spotify.com\/embed\/episode\/77ElZzEgUkACbkKxSTEeys?si=d3f5f7d2d7e041ca&amp;utm_source=oembed\"><\/iframe><\/p>\n<p><span style=\"font-weight: 400;\"> En este recorrido sucedi\u00f3 un hecho significativo para el futuro del peque\u00f1o. Tuvieron un encuentro con Angelo Tancredi, uno de los disc\u00edpulos de san Francisco, quien mirando a los ojos del ni\u00f1o vaticin\u00f3: \u201cT\u00fa ser\u00e1s uno de los nuestros\u201d. Fue un hecho que el mismo beato narr\u00f3 en su Cronica Fabrianensis redactada en 1319.\u00a0<\/span><\/p>\n<p><span style=\"font-weight: 400;\">Impresionada Margarita por estas palabras, se ocup\u00f3 de recordar con frecuencia a su hijo que tendr\u00eda que consagrarse y vincularse a la Orden franciscana, idea con la que creci\u00f3. Profesionalmente el joven Francisco no quiso seguir los pasos de su padre, y en lugar de cursar medicina eligi\u00f3 la carrera de filosof\u00eda. <\/span><\/p>\n<p><span style=\"font-weight: 400;\">Entre todos los pensadores de la \u00e9poca sinti\u00f3 predilecci\u00f3n por san Buenaventura, al que admiraba. En 1267, a los 16 a\u00f1os, ingres\u00f3 en la Orden de los Hermanos Menores. Mientras hac\u00eda el noviciado se le concedi\u00f3 acudir a la Porci\u00fancula donde se hallaba fray Le\u00f3n, uno de los primeros seguidores de san Francisco que morir\u00eda en 1271. <\/span><\/p>\n<p><span style=\"font-weight: 400;\">\u00c9l, fray Angelo Tancredi y fray Rufino fueron art\u00edfices de la Leyenda de los tres compa\u00f1eros, una de las fuentes capitales para conocer lo que aconteci\u00f3 en torno a la vida del Poverello. Los textos van precedidos de una carta dirigida al ministro general de la Orden, Crescentius de Aesio, fechada en Greccio el 11 de agosto de 1246, que acompa\u00f1a a las anotaciones tomadas por estos tres disc\u00edpulos suyos que fueron testigos de sus pasos. Es decir, que ellos no fueron los autores de la obra, pero dieron las claves para conocer la vida de san Francisco.\u00a0<\/span><\/p>\n<p><span style=\"font-weight: 400;\">Una vez que san Buenaventura redact\u00f3 la Leyenda mayor, reconocida por el cap\u00edtulo general de Par\u00eds en 1266 (antes hab\u00eda sido aprobada por el cap\u00edtulo general celebrado en Pisa en 1263), los restantes relatos quedaron fuera de la circulaci\u00f3n. Pero indudablemente conocer de primera mano el devenir del fundador, nada menos que a trav\u00e9s de fray Le\u00f3n, fascin\u00f3 al beato de Fabriano.<\/span><\/p>\n<p><span style=\"font-weight: 400;\"> Incluso tuvo la fortuna de haber le\u00eddo los escritos de este fiel seguidor del Ser\u00e1fico padre, y as\u00ed lo consign\u00f3 en la Cronica. \u201cHe aqu\u00ed que yo, fray Francisco de Fabriano, hermano menor in\u00fatil e indigno, hago constar en este escrito que he le\u00eddo y he visto autentificado con el sello del se\u00f1or obispo de As\u00eds el documento de indulgencia de la Porci\u00fancula\u2026 y esto me lo testimoni\u00f3 fray Le\u00f3n, uno de los compa\u00f1eros de san Francisco, hombre de vida probada, al que conoc\u00ed el a\u00f1o que vine [al convento] y fray Le\u00f3n narr\u00f3 haber escuchado de labios de san Francisco c\u00f3mo la obtuvo [la indulgencia] de nuestro se\u00f1or y papa Honorio III\u201d.\u00a0<\/span><\/p>\n<p><span style=\"font-weight: 400;\">En 1268 Fabriano culminaba su noviciado en el convento de Porta Cervara, y justo ese a\u00f1o falleci\u00f3 el padre Raniero, que hab\u00eda sido rector de Santa Mar\u00eda di Civita y con el que san Francisco se confes\u00f3 en algunas ocasiones. Tambi\u00e9n a \u00e9l le vaticin\u00f3 \u2013pero en este caso lo hizo el mismo Poverello\u2013, que un d\u00eda ser\u00eda franciscano, como as\u00ed sucedi\u00f3.<\/span><\/p>\n<p><span style=\"font-weight: 400;\"> El beato Francisco de Fabriano impuls\u00f3 la construcci\u00f3n de un nuevo convento en su localidad natal. Al poder adquirir el terreno por una cantidad razonable, juzg\u00f3 que era un milagro de su fundador que en uno de sus viajes a la localidad hab\u00eda predicho a Mar\u00eda, esposa de Alberico, que un d\u00eda los frailes se establecer\u00edan en el lugar. <\/span><\/p>\n<p><span style=\"font-weight: 400;\">El beato Francisco fue nombrado superior de este convento en 1316, y desde 1318 a 1321. En ese periodo, a prop\u00f3sito de la celebraci\u00f3n del segundo cap\u00edtulo provincial, solicit\u00f3 la generosa ayuda de los ciudadanos para atender a todos los hermanos que participaban en \u00e9l y que proven\u00edan de todas las Marcas, obteniendo su inmediata respuesta.<\/span><\/p>\n<p><span style=\"font-weight: 400;\"> Como buen franciscano no ten\u00eda nada propio. El dinero que le leg\u00f3 su padre lo invirti\u00f3 en construir una valiosa biblioteca en la que custodi\u00f3 importantes manuscritos. De ah\u00ed que se le considere el \u201cprimer fundador de bibliotecas\u201d de la Orden franciscana.\u00a0<\/span><\/p>\n<p><span style=\"font-weight: 400;\">De su generosidad sab\u00edan bien los menesterosos, a los que ayudaba prepar\u00e1ndoles la comida y distribuy\u00e9ndola en la puerta del convento. Vest\u00eda una \u00e1spera t\u00fanica y se inflig\u00eda duras mortificaciones, apenas descansaba, y lo poco que dorm\u00eda lo hac\u00eda encima de un duro jerg\u00f3n. <\/span><\/p>\n<p><span style=\"font-weight: 400;\">Pasaba las horas pr\u00e1cticamente en oraci\u00f3n, meditando en los misterios de la Pasi\u00f3n de Cristo, por los que sent\u00eda especial devoci\u00f3n; le arrancaban amargas l\u00e1grimas. Una gran parte de su tiempo transcurr\u00eda en el confesionario y en la predicaci\u00f3n, pero tambi\u00e9n atend\u00eda a los enfermos y les ayudaba a prepararse para un bien morir.\u00a0<\/span><\/p>\n<p><span style=\"font-weight: 400;\">Fue particularmente devoto de las almas del Purgatorio, por las que oraba y ofrec\u00eda sus penitencias. Al respecto se cuenta que, en una ocasi\u00f3n, mientras oficiaba la misa por ellas, como sol\u00eda hacer con frecuencia, aunque la iglesia estaba casi vac\u00eda se escucharon muchas voces que alegremente respond\u00edan \u201cAm\u00e9n\u201d a las oraciones de la antigua liturgia de la misa de difuntos; se cree que proven\u00edan de ellas.<\/span><\/p>\n<p><span style=\"font-weight: 400;\"> En todo caso, cuando celebraba la misa siempre se pod\u00eda apreciar el recogimiento y fervor que acompa\u00f1aba al beato. Llevaba cuarenta y cinco a\u00f1os en la vida religiosa admirablemente sellados por su virtud cuando le fue vaticinado el d\u00eda de su deceso, hecho que se produjo el 22 de abril de 1322. P\u00edo VI aprob\u00f3 su culto el 1 de abril de 1775.<\/span><\/p>\n<p><img loading=\"lazy\" decoding=\"async\" class=\"size-full wp-image-124193 alignnone\" src=\"https:\/\/exaudi.org\/wp-content\/uploads\/2025\/04\/493316059_1097292922436730_2312225649598870356_n.jpg\" alt=\"\" width=\"1080\" height=\"1080\" srcset=\"https:\/\/exaudi.org\/wp-content\/uploads\/2025\/04\/493316059_1097292922436730_2312225649598870356_n.jpg 1080w, https:\/\/exaudi.org\/wp-content\/uploads\/2025\/04\/493316059_1097292922436730_2312225649598870356_n-300x300.jpg 300w, https:\/\/exaudi.org\/wp-content\/uploads\/2025\/04\/493316059_1097292922436730_2312225649598870356_n-1024x1024.jpg 1024w, https:\/\/exaudi.org\/wp-content\/uploads\/2025\/04\/493316059_1097292922436730_2312225649598870356_n-100x100.jpg?crop=1 100w, https:\/\/exaudi.org\/wp-content\/uploads\/2025\/04\/493316059_1097292922436730_2312225649598870356_n-770x770.jpg 770w, https:\/\/exaudi.org\/wp-content\/uploads\/2025\/04\/493316059_1097292922436730_2312225649598870356_n-500x500.jpg 500w\" sizes=\"auto, (max-width: 1080px) 100vw, 1080px\" \/><\/p>\n<p><img loading=\"lazy\" decoding=\"async\" class=\"alignright wp-image-2208\" src=\"https:\/\/exaudi.org\/wp-content\/uploads\/2021\/02\/santoral-scaled-1-725x1024.jpg\" alt=\"santoral Isabel Orellana\" width=\"262\" height=\"370\" \/><\/p>\n<div class=\"page\" title=\"Page 4\">\n<div class=\"layoutArea\">\n<div class=\"column\">\n<h6><em>\u00a9 <a href=\"https:\/\/exaudi.org\/es\/author\/isabelorellana\/\" target=\"_blank\" rel=\"noopener noreferrer\">Isabel Orellana Vilches<\/a>, 2018<\/em><br \/>\n<em>Autora vinculada a<\/em><br \/>\n<img loading=\"lazy\" decoding=\"async\" class=\"alignnone size-full wp-image-41949\" src=\"https:\/\/www.idente.org\/wp-content\/uploads\/logo-cedro-v01-843x295-1-e1603384654546.png\" alt=\"\" width=\"80\" height=\"28\" \/><br \/>\nObra protegida por derechos de autor.<br \/>\nInscrita en el Registro de la Propiedad Intelectual el 24 de noviembre de 2014.<br \/>\n________________<br \/>\nDerechos de edici\u00f3n reservados:<br \/>\nFundaci\u00f3n <a href=\"https:\/\/rielo.com\/\" target=\"_blank\" rel=\"noopener noreferrer\">Fernando Rielo<\/a><br \/>\nGoya 20, 4.\u00ba izq. int. 28001 Madrid<br \/>\nTlf.: (34) 91 575 40 91<br \/>\nCorreo electr\u00f3nico: fundacion@rielo.com<\/h6>\n<div class=\"page\" title=\"Page 4\">\n<div class=\"layoutArea\">\n<div class=\"column\">\n<h6>Dep\u00f3sito legal: M-18664-2020<br \/>\nISBN: 978-84-946646-6-3<\/h6>\n<\/div>\n<\/div>\n<\/div>\n<\/div>\n<\/div>\n<\/div>\n","protected":false},"excerpt":{"rendered":"<p>Presb\u00edtero Franciscano<\/p>\n","protected":false},"author":23,"featured_media":12579,"comment_status":"closed","ping_status":"closed","sticky":false,"template":"","format":"standard","meta":{"_acf_changed":false,"_crdt_document":"","inline_featured_image":false,"footnotes":""},"categories":[74,2772],"tags":[1827,388,387,58880],"class_list":["post-12574","post","type-post","status-publish","format-standard","has-post-thumbnail","hentry","category-iglesia-y-mundo","category-santoral","tag-beato-francisco-de-fabriano","tag-isabel-orellana-vilches","tag-santoral","tag-trending-es-151"],"acf":[],"yoast_head":"<!-- This site is optimized with the Yoast SEO plugin v27.5 - https:\/\/yoast.com\/product\/yoast-seo-wordpress\/ -->\n<title>Beato Francisco de Fabriano, 22 de abril - Exaudi Catholic News<\/title>\n<meta name=\"description\" content=\"Santoral del 22 de abril de 2021 sobre el beato Francisco de Fabriano, por Isabel Orellana Vilches y la Fundaci\u00f3n Fernando Rielo.\" \/>\n<meta name=\"robots\" content=\"index, follow, max-snippet:-1, max-image-preview:large, max-video-preview:-1\" \/>\n<link rel=\"canonical\" href=\"https:\/\/exaudi.org\/es\/beato-francisco-de-fabriano-22-abril\/\" \/>\n<meta property=\"og:locale\" content=\"es_ES\" \/>\n<meta property=\"og:type\" content=\"article\" \/>\n<meta property=\"og:title\" content=\"Beato Francisco de Fabriano, 22 de abril - Exaudi Catholic News\" \/>\n<meta property=\"og:description\" content=\"Santoral del 22 de abril de 2021 sobre el beato Francisco de Fabriano, por Isabel Orellana Vilches y la Fundaci\u00f3n Fernando Rielo.\" \/>\n<meta property=\"og:url\" content=\"https:\/\/exaudi.org\/es\/beato-francisco-de-fabriano-22-abril\/\" \/>\n<meta property=\"og:site_name\" content=\"Exaudi\" \/>\n<meta property=\"article:publisher\" content=\"https:\/\/www.facebook.com\/ExaudiNews\" \/>\n<meta property=\"article:published_time\" content=\"2026-04-22T05:30:31+00:00\" \/>\n<meta property=\"og:image\" content=\"https:\/\/exaudi.org\/wp-content\/uploads\/2021\/04\/Santoral-15-e1618995192762-1024x739.png\" \/>\n\t<meta property=\"og:image:width\" content=\"1024\" \/>\n\t<meta property=\"og:image:height\" content=\"739\" \/>\n\t<meta property=\"og:image:type\" content=\"image\/png\" \/>\n<meta name=\"author\" content=\"Isabel Orellana\" \/>\n<meta name=\"twitter:card\" content=\"summary_large_image\" \/>\n<meta name=\"twitter:creator\" content=\"@Exaudi_News\" \/>\n<meta name=\"twitter:site\" content=\"@Exaudi_News\" \/>\n<meta name=\"twitter:label1\" content=\"Escrito por\" \/>\n\t<meta name=\"twitter:data1\" content=\"Isabel Orellana\" \/>\n\t<meta name=\"twitter:label2\" content=\"Tiempo de lectura\" \/>\n\t<meta name=\"twitter:data2\" content=\"5 minutos\" \/>\n<script type=\"application\/ld+json\" class=\"yoast-schema-graph\">{\"@context\":\"https:\\\/\\\/schema.org\",\"@graph\":[{\"@type\":\"Article\",\"@id\":\"https:\\\/\\\/exaudi.org\\\/es\\\/beato-francisco-de-fabriano-22-abril\\\/#article\",\"isPartOf\":{\"@id\":\"https:\\\/\\\/exaudi.org\\\/es\\\/beato-francisco-de-fabriano-22-abril\\\/\"},\"author\":{\"name\":\"Isabel Orellana\",\"@id\":\"https:\\\/\\\/exaudi.org\\\/#\\\/schema\\\/person\\\/64e18b96fd6118559a9217b5b3375fdc\"},\"headline\":\"Beato Francisco de Fabriano, 22 de abril\",\"datePublished\":\"2026-04-22T05:30:31+00:00\",\"mainEntityOfPage\":{\"@id\":\"https:\\\/\\\/exaudi.org\\\/es\\\/beato-francisco-de-fabriano-22-abril\\\/\"},\"wordCount\":1080,\"image\":{\"@id\":\"https:\\\/\\\/exaudi.org\\\/es\\\/beato-francisco-de-fabriano-22-abril\\\/#primaryimage\"},\"thumbnailUrl\":\"https:\\\/\\\/exaudi.org\\\/wp-content\\\/uploads\\\/2021\\\/04\\\/Santoral-15-e1618995192762.png\",\"keywords\":[\"Beato Francisco de Fabriano\",\"Isabel Orellana Vilches\",\"Santoral\",\"Trending\"],\"articleSection\":[\"Iglesia y Mundo\",\"Santoral\"],\"inLanguage\":\"es\"},{\"@type\":\"WebPage\",\"@id\":\"https:\\\/\\\/exaudi.org\\\/es\\\/beato-francisco-de-fabriano-22-abril\\\/\",\"url\":\"https:\\\/\\\/exaudi.org\\\/es\\\/beato-francisco-de-fabriano-22-abril\\\/\",\"name\":\"Beato Francisco de Fabriano, 22 de abril - Exaudi Catholic News\",\"isPartOf\":{\"@id\":\"https:\\\/\\\/exaudi.org\\\/#website\"},\"primaryImageOfPage\":{\"@id\":\"https:\\\/\\\/exaudi.org\\\/es\\\/beato-francisco-de-fabriano-22-abril\\\/#primaryimage\"},\"image\":{\"@id\":\"https:\\\/\\\/exaudi.org\\\/es\\\/beato-francisco-de-fabriano-22-abril\\\/#primaryimage\"},\"thumbnailUrl\":\"https:\\\/\\\/exaudi.org\\\/wp-content\\\/uploads\\\/2021\\\/04\\\/Santoral-15-e1618995192762.png\",\"datePublished\":\"2026-04-22T05:30:31+00:00\",\"author\":{\"@id\":\"https:\\\/\\\/exaudi.org\\\/#\\\/schema\\\/person\\\/64e18b96fd6118559a9217b5b3375fdc\"},\"description\":\"Santoral del 22 de abril de 2021 sobre el beato Francisco de Fabriano, por Isabel Orellana Vilches y la Fundaci\u00f3n Fernando Rielo.\",\"breadcrumb\":{\"@id\":\"https:\\\/\\\/exaudi.org\\\/es\\\/beato-francisco-de-fabriano-22-abril\\\/#breadcrumb\"},\"inLanguage\":\"es\",\"potentialAction\":[{\"@type\":\"ReadAction\",\"target\":[\"https:\\\/\\\/exaudi.org\\\/es\\\/beato-francisco-de-fabriano-22-abril\\\/\"]}]},{\"@type\":\"ImageObject\",\"inLanguage\":\"es\",\"@id\":\"https:\\\/\\\/exaudi.org\\\/es\\\/beato-francisco-de-fabriano-22-abril\\\/#primaryimage\",\"url\":\"https:\\\/\\\/exaudi.org\\\/wp-content\\\/uploads\\\/2021\\\/04\\\/Santoral-15-e1618995192762.png\",\"contentUrl\":\"https:\\\/\\\/exaudi.org\\\/wp-content\\\/uploads\\\/2021\\\/04\\\/Santoral-15-e1618995192762.png\",\"width\":1385,\"height\":1000,\"caption\":\"Beato Francisco de Fabriano\"},{\"@type\":\"BreadcrumbList\",\"@id\":\"https:\\\/\\\/exaudi.org\\\/es\\\/beato-francisco-de-fabriano-22-abril\\\/#breadcrumb\",\"itemListElement\":[{\"@type\":\"ListItem\",\"position\":1,\"name\":\"Portada\",\"item\":\"https:\\\/\\\/exaudi.org\\\/es\\\/\"},{\"@type\":\"ListItem\",\"position\":2,\"name\":\"Beato Francisco de Fabriano, 22 de abril\"}]},{\"@type\":\"WebSite\",\"@id\":\"https:\\\/\\\/exaudi.org\\\/#website\",\"url\":\"https:\\\/\\\/exaudi.org\\\/\",\"name\":\"Exaudi\",\"description\":\"News\",\"potentialAction\":[{\"@type\":\"SearchAction\",\"target\":{\"@type\":\"EntryPoint\",\"urlTemplate\":\"https:\\\/\\\/exaudi.org\\\/?s={search_term_string}\"},\"query-input\":{\"@type\":\"PropertyValueSpecification\",\"valueRequired\":true,\"valueName\":\"search_term_string\"}}],\"inLanguage\":\"es\"},{\"@type\":\"Person\",\"@id\":\"https:\\\/\\\/exaudi.org\\\/#\\\/schema\\\/person\\\/64e18b96fd6118559a9217b5b3375fdc\",\"name\":\"Isabel Orellana\",\"image\":{\"@type\":\"ImageObject\",\"inLanguage\":\"es\",\"@id\":\"https:\\\/\\\/secure.gravatar.com\\\/avatar\\\/51968380bbb6b22ae85c605634860366fd9a2a611c6341125115bca32cd6c171?s=96&d=mm&r=g\",\"url\":\"https:\\\/\\\/secure.gravatar.com\\\/avatar\\\/51968380bbb6b22ae85c605634860366fd9a2a611c6341125115bca32cd6c171?s=96&d=mm&r=g\",\"contentUrl\":\"https:\\\/\\\/secure.gravatar.com\\\/avatar\\\/51968380bbb6b22ae85c605634860366fd9a2a611c6341125115bca32cd6c171?s=96&d=mm&r=g\",\"caption\":\"Isabel Orellana\"},\"description\":\"Isabel Orellana Vilches Misionera idente. Doctora en Filosof\u00eda por la Universidad Aut\u00f3noma de Barcelona con la tesis Realismo y progreso cient\u00edfico en la epistemolog\u00eda popperiana. Ha cursado estudios de teolog\u00eda en la Universidad Pontificia de Salamanca. Con amplia actividad docente desde 1986, ha publicado libros como: Realismo y progreso cient\u00edfico en la epistemolog\u00eda popperiana, Universitat Aut\u00f2noma de Barcelona, 1993; El evangelio habla a los j\u00f3venes, Atenas, Madrid, 1997; Qu\u00e9 es... LA TOLERANCIA, Paulinas, Madrid, 1999; Pedagog\u00eda del dolor. Ensayo antropol\u00f3gico, Palabra, Madrid, 1999; En colaboraci\u00f3n con Enrique Rivera de Ventosa (\u2020) OFM. Cap. San Francisco de As\u00eds y Fernando Rielo: Convergencias. Respuestas desde la fe a los interrogantes del hombre de hoy, Universidad Pontificia, Salamanca, 2001; La \\\"mirada\\\" del cine. Recursos did\u00e1cticos del s\u00e9ptimo arte. Librer\u00eda Cervantes, Salamanca, 2001; Paradojas de la convivencia, San Pablo, Madrid, 2002; En la Universidad T\u00e9cnica Particular de Loja, Ecuador, ha publicado: La confianza. El arte de amar, 2002; Educar para la responsabilidad, 2003; Apuntes de \u00e9tica en Karl R. Popper, 2003; De soledades y comunicaci\u00f3n, 2005; Yo educo; t\u00fa respondes, 2008; Humanismo y fe en un crisol de culturas, 2008; Repensar lo cotidiano, 2008; Convivir: un constante desaf\u00edo, 2009; La l\u00f3gica del amor, 2010; El dolor del amor. Apuntes sobre la enfermedad y el dolor en relaci\u00f3n con la virtud heroica, el martirio y la vida santa. Seminario Diocesano de M\u00e1laga, 2006 y Universidad T\u00e9cnica Particular de Loja, Ecuador (2007). Cuenta con numerosas colaboraciones en obras colectivas, as\u00ed como relatos, cuentos, f\u00e1bula y novela juvenil, adem\u00e1s de art\u00edculos de tem\u00e1tica cient\u00edfica, pedag\u00f3gica y espiritual, que viene publicando en distintas revistas nacionales e internacionales. En 2012 culmin\u00f3 el santoral Llamados a ser santos y poco m\u00e1s tarde Epopeyas de amor prologado por mons. Fernando Sebasti\u00e1n. Es la bi\u00f3grafa oficial del fundador de su familia espiritual, autora de Fernando Rielo Pardal. Fundador de los Misioneros Identes, Descl\u00e9e de Brouwer, Bilbao, 2009. Culmina la biograf\u00eda completa. Encargada del santoral de ZENIT desde 2012 a 2020 y ahora en Exaudi\",\"url\":\"https:\\\/\\\/exaudi.org\\\/es\\\/author\\\/isabelorellana\\\/\"}]}<\/script>\n<!-- \/ Yoast SEO plugin. -->","yoast_head_json":{"title":"Beato Francisco de Fabriano, 22 de abril - Exaudi Catholic News","description":"Santoral del 22 de abril de 2021 sobre el beato Francisco de Fabriano, por Isabel Orellana Vilches y la Fundaci\u00f3n Fernando Rielo.","robots":{"index":"index","follow":"follow","max-snippet":"max-snippet:-1","max-image-preview":"max-image-preview:large","max-video-preview":"max-video-preview:-1"},"canonical":"https:\/\/exaudi.org\/es\/beato-francisco-de-fabriano-22-abril\/","og_locale":"es_ES","og_type":"article","og_title":"Beato Francisco de Fabriano, 22 de abril - Exaudi Catholic News","og_description":"Santoral del 22 de abril de 2021 sobre el beato Francisco de Fabriano, por Isabel Orellana Vilches y la Fundaci\u00f3n Fernando Rielo.","og_url":"https:\/\/exaudi.org\/es\/beato-francisco-de-fabriano-22-abril\/","og_site_name":"Exaudi","article_publisher":"https:\/\/www.facebook.com\/ExaudiNews","article_published_time":"2026-04-22T05:30:31+00:00","og_image":[{"width":1024,"height":739,"url":"https:\/\/exaudi.org\/wp-content\/uploads\/2021\/04\/Santoral-15-e1618995192762-1024x739.png","type":"image\/png"}],"author":"Isabel Orellana","twitter_card":"summary_large_image","twitter_creator":"@Exaudi_News","twitter_site":"@Exaudi_News","twitter_misc":{"Escrito por":"Isabel Orellana","Tiempo de lectura":"5 minutos"},"schema":{"@context":"https:\/\/schema.org","@graph":[{"@type":"Article","@id":"https:\/\/exaudi.org\/es\/beato-francisco-de-fabriano-22-abril\/#article","isPartOf":{"@id":"https:\/\/exaudi.org\/es\/beato-francisco-de-fabriano-22-abril\/"},"author":{"name":"Isabel Orellana","@id":"https:\/\/exaudi.org\/#\/schema\/person\/64e18b96fd6118559a9217b5b3375fdc"},"headline":"Beato Francisco de Fabriano, 22 de abril","datePublished":"2026-04-22T05:30:31+00:00","mainEntityOfPage":{"@id":"https:\/\/exaudi.org\/es\/beato-francisco-de-fabriano-22-abril\/"},"wordCount":1080,"image":{"@id":"https:\/\/exaudi.org\/es\/beato-francisco-de-fabriano-22-abril\/#primaryimage"},"thumbnailUrl":"https:\/\/exaudi.org\/wp-content\/uploads\/2021\/04\/Santoral-15-e1618995192762.png","keywords":["Beato Francisco de Fabriano","Isabel Orellana Vilches","Santoral","Trending"],"articleSection":["Iglesia y Mundo","Santoral"],"inLanguage":"es"},{"@type":"WebPage","@id":"https:\/\/exaudi.org\/es\/beato-francisco-de-fabriano-22-abril\/","url":"https:\/\/exaudi.org\/es\/beato-francisco-de-fabriano-22-abril\/","name":"Beato Francisco de Fabriano, 22 de abril - Exaudi Catholic News","isPartOf":{"@id":"https:\/\/exaudi.org\/#website"},"primaryImageOfPage":{"@id":"https:\/\/exaudi.org\/es\/beato-francisco-de-fabriano-22-abril\/#primaryimage"},"image":{"@id":"https:\/\/exaudi.org\/es\/beato-francisco-de-fabriano-22-abril\/#primaryimage"},"thumbnailUrl":"https:\/\/exaudi.org\/wp-content\/uploads\/2021\/04\/Santoral-15-e1618995192762.png","datePublished":"2026-04-22T05:30:31+00:00","author":{"@id":"https:\/\/exaudi.org\/#\/schema\/person\/64e18b96fd6118559a9217b5b3375fdc"},"description":"Santoral del 22 de abril de 2021 sobre el beato Francisco de Fabriano, por Isabel Orellana Vilches y la Fundaci\u00f3n Fernando Rielo.","breadcrumb":{"@id":"https:\/\/exaudi.org\/es\/beato-francisco-de-fabriano-22-abril\/#breadcrumb"},"inLanguage":"es","potentialAction":[{"@type":"ReadAction","target":["https:\/\/exaudi.org\/es\/beato-francisco-de-fabriano-22-abril\/"]}]},{"@type":"ImageObject","inLanguage":"es","@id":"https:\/\/exaudi.org\/es\/beato-francisco-de-fabriano-22-abril\/#primaryimage","url":"https:\/\/exaudi.org\/wp-content\/uploads\/2021\/04\/Santoral-15-e1618995192762.png","contentUrl":"https:\/\/exaudi.org\/wp-content\/uploads\/2021\/04\/Santoral-15-e1618995192762.png","width":1385,"height":1000,"caption":"Beato Francisco de Fabriano"},{"@type":"BreadcrumbList","@id":"https:\/\/exaudi.org\/es\/beato-francisco-de-fabriano-22-abril\/#breadcrumb","itemListElement":[{"@type":"ListItem","position":1,"name":"Portada","item":"https:\/\/exaudi.org\/es\/"},{"@type":"ListItem","position":2,"name":"Beato Francisco de Fabriano, 22 de abril"}]},{"@type":"WebSite","@id":"https:\/\/exaudi.org\/#website","url":"https:\/\/exaudi.org\/","name":"Exaudi","description":"News","potentialAction":[{"@type":"SearchAction","target":{"@type":"EntryPoint","urlTemplate":"https:\/\/exaudi.org\/?s={search_term_string}"},"query-input":{"@type":"PropertyValueSpecification","valueRequired":true,"valueName":"search_term_string"}}],"inLanguage":"es"},{"@type":"Person","@id":"https:\/\/exaudi.org\/#\/schema\/person\/64e18b96fd6118559a9217b5b3375fdc","name":"Isabel Orellana","image":{"@type":"ImageObject","inLanguage":"es","@id":"https:\/\/secure.gravatar.com\/avatar\/51968380bbb6b22ae85c605634860366fd9a2a611c6341125115bca32cd6c171?s=96&d=mm&r=g","url":"https:\/\/secure.gravatar.com\/avatar\/51968380bbb6b22ae85c605634860366fd9a2a611c6341125115bca32cd6c171?s=96&d=mm&r=g","contentUrl":"https:\/\/secure.gravatar.com\/avatar\/51968380bbb6b22ae85c605634860366fd9a2a611c6341125115bca32cd6c171?s=96&d=mm&r=g","caption":"Isabel Orellana"},"description":"Isabel Orellana Vilches Misionera idente. Doctora en Filosof\u00eda por la Universidad Aut\u00f3noma de Barcelona con la tesis Realismo y progreso cient\u00edfico en la epistemolog\u00eda popperiana. Ha cursado estudios de teolog\u00eda en la Universidad Pontificia de Salamanca. Con amplia actividad docente desde 1986, ha publicado libros como: Realismo y progreso cient\u00edfico en la epistemolog\u00eda popperiana, Universitat Aut\u00f2noma de Barcelona, 1993; El evangelio habla a los j\u00f3venes, Atenas, Madrid, 1997; Qu\u00e9 es... LA TOLERANCIA, Paulinas, Madrid, 1999; Pedagog\u00eda del dolor. Ensayo antropol\u00f3gico, Palabra, Madrid, 1999; En colaboraci\u00f3n con Enrique Rivera de Ventosa (\u2020) OFM. Cap. San Francisco de As\u00eds y Fernando Rielo: Convergencias. Respuestas desde la fe a los interrogantes del hombre de hoy, Universidad Pontificia, Salamanca, 2001; La \"mirada\" del cine. Recursos did\u00e1cticos del s\u00e9ptimo arte. Librer\u00eda Cervantes, Salamanca, 2001; Paradojas de la convivencia, San Pablo, Madrid, 2002; En la Universidad T\u00e9cnica Particular de Loja, Ecuador, ha publicado: La confianza. El arte de amar, 2002; Educar para la responsabilidad, 2003; Apuntes de \u00e9tica en Karl R. Popper, 2003; De soledades y comunicaci\u00f3n, 2005; Yo educo; t\u00fa respondes, 2008; Humanismo y fe en un crisol de culturas, 2008; Repensar lo cotidiano, 2008; Convivir: un constante desaf\u00edo, 2009; La l\u00f3gica del amor, 2010; El dolor del amor. Apuntes sobre la enfermedad y el dolor en relaci\u00f3n con la virtud heroica, el martirio y la vida santa. Seminario Diocesano de M\u00e1laga, 2006 y Universidad T\u00e9cnica Particular de Loja, Ecuador (2007). Cuenta con numerosas colaboraciones en obras colectivas, as\u00ed como relatos, cuentos, f\u00e1bula y novela juvenil, adem\u00e1s de art\u00edculos de tem\u00e1tica cient\u00edfica, pedag\u00f3gica y espiritual, que viene publicando en distintas revistas nacionales e internacionales. En 2012 culmin\u00f3 el santoral Llamados a ser santos y poco m\u00e1s tarde Epopeyas de amor prologado por mons. Fernando Sebasti\u00e1n. Es la bi\u00f3grafa oficial del fundador de su familia espiritual, autora de Fernando Rielo Pardal. Fundador de los Misioneros Identes, Descl\u00e9e de Brouwer, Bilbao, 2009. Culmina la biograf\u00eda completa. Encargada del santoral de ZENIT desde 2012 a 2020 y ahora en Exaudi","url":"https:\/\/exaudi.org\/es\/author\/isabelorellana\/"}]}},"jetpack_featured_media_url":"https:\/\/exaudi.org\/wp-content\/uploads\/2021\/04\/Santoral-15-e1618995192762.png","jetpack_shortlink":"https:\/\/wp.me\/pgKjF2-3gO","_links":{"self":[{"href":"https:\/\/exaudi.org\/es\/wp-json\/wp\/v2\/posts\/12574","targetHints":{"allow":["GET"]}}],"collection":[{"href":"https:\/\/exaudi.org\/es\/wp-json\/wp\/v2\/posts"}],"about":[{"href":"https:\/\/exaudi.org\/es\/wp-json\/wp\/v2\/types\/post"}],"author":[{"embeddable":true,"href":"https:\/\/exaudi.org\/es\/wp-json\/wp\/v2\/users\/23"}],"replies":[{"embeddable":true,"href":"https:\/\/exaudi.org\/es\/wp-json\/wp\/v2\/comments?post=12574"}],"version-history":[{"count":1,"href":"https:\/\/exaudi.org\/es\/wp-json\/wp\/v2\/posts\/12574\/revisions"}],"predecessor-version":[{"id":162942,"href":"https:\/\/exaudi.org\/es\/wp-json\/wp\/v2\/posts\/12574\/revisions\/162942"}],"wp:featuredmedia":[{"embeddable":true,"href":"https:\/\/exaudi.org\/es\/wp-json\/wp\/v2\/media\/12579"}],"wp:attachment":[{"href":"https:\/\/exaudi.org\/es\/wp-json\/wp\/v2\/media?parent=12574"}],"wp:term":[{"taxonomy":"category","embeddable":true,"href":"https:\/\/exaudi.org\/es\/wp-json\/wp\/v2\/categories?post=12574"},{"taxonomy":"post_tag","embeddable":true,"href":"https:\/\/exaudi.org\/es\/wp-json\/wp\/v2\/tags?post=12574"}],"curies":[{"name":"wp","href":"https:\/\/api.w.org\/{rel}","templated":true}]}}