{"id":125485,"date":"2025-05-08T19:59:43","date_gmt":"2025-05-08T17:59:43","guid":{"rendered":"https:\/\/exaudi.org\/?p=125485"},"modified":"2025-05-09T10:18:21","modified_gmt":"2025-05-09T08:18:21","slug":"el-nuevo-papa-leon-xiv","status":"publish","type":"post","link":"https:\/\/exaudi.org\/es\/el-nuevo-papa-leon-xiv\/","title":{"rendered":"El nuevo Papa, Le\u00f3n XIV"},"content":{"rendered":"<p>El C\u00f3nclave ha elegido al 267\u00ba Obispo de Roma, el Cardenal Robert Francis Prevost . El anuncio dado a la multitud por el Cardenal Protodi\u00e1cono Dominique Mamberti.<\/p>\n<p>***<\/p>\n<p><i>Annuntio vobis gaudium magnum: habemus Papam!,\u00a0<\/i>\u201cLes anuncio con gran alegr\u00eda: \u00a1Tenemos Papa!\u201d. Hace unos instantes, desde el Balc\u00f3n central de la Bas\u00edlica de San Pedro, el Cardenal Protodi\u00e1cono Dominique Mamberti ha pronunciado la esperada f\u00f3rmula latina, comunicando a Roma y al mundo el nombre del nuevo Sucesor de Pedro:<\/p>\n<p><i>\u201cEminentissimum ac Reverendissimum Dominum, Dominum Robertum Franciscum Sanct\u00e6 Roman\u00e6 Ecclesi\u00e6 Cardinale Prevost, qui sibi nomen imposuit Le\u00f3n XIV.<\/i><\/p>\n<p>He aqu\u00ed la traducci\u00f3n en espa\u00f1ol: \u201cEminent\u00edsimo y Reverend\u00edsimo Se\u00f1or, Se\u00f1or Robert Francis Cardenal de la Santa Romana Iglesia Prevost, quien ha tomado el nombre de Le\u00f3n XIV\u201d.<\/p>\n<p>***<\/p>\n<h3><strong>Biograf\u00eda del Cardenal Robert Francis Prevost<\/strong><\/h3>\n<div class=\"article__subTitle\">Primer Papa agustino, tiene casi 70 a\u00f1os. Eligi\u00f3 el nombre de Le\u00f3n XIV. Fue Prefecto del Dicasterio para los Obispos, elegido a las 18:07. Es el 267\u00ba Papa de la historia.<\/div>\n<div class=\"article__text\">\n<p>Primer Papa agustino, es el segundo Pont\u00edfice del continente americano, despu\u00e9s de Francisco, pero a diferencia de Bergoglio, el estadounidense Robert Francis Prevost<b>,<\/b>\u00a0de 69 a\u00f1os, es originario de Am\u00e9rica del Norte. De hecho, el nuevo obispo de Roma nace el 14 de septiembre de 1955 en Chicago (Illinois &#8211; EE.\u00a0UU.), hijo de Louis Marius Prevost, de ascendencia francesa e italiana, y de Mildred Mart\u00ednez, de ascendencia espa\u00f1ola. Tiene dos hermanos, Louis Mart\u00edn y John Joseph.<\/p>\n<p>Pasa su infancia y adolescencia con su familia y estudia primero en el Seminario Menor de los Padres Agustinos y despu\u00e9s en la Universidad de Villanova, Pennsylvania, donde se licencia en Matem\u00e1ticas y estudia Filosof\u00eda en 1977. El 1 de septiembre de ese mismo a\u00f1o ingresa en el noviciado de la Orden de San Agust\u00edn (OSA) de St. Louis, en la provincia de Nuestra Se\u00f1ora del Buen Consejo de Chicago, y hace su primera profesi\u00f3n el 2 de septiembre de 1978. El 29 de agosto de 1981 emite los votos solemnes.<\/p>\n<p>Recibe su formaci\u00f3n en la Catholic Theological Union de Chicago, licenci\u00e1ndose en Teolog\u00eda. Y a los 27 a\u00f1os es enviado por sus superiores a Roma para estudiar Derecho Can\u00f3nico en la Pontificia Universidad Santo Tom\u00e1s de Aquino (Angelicum). En la Urbe es ordenado sacerdote el 19 de junio de 1982 en el Colegio Agustiniano de Santa M\u00f3nica por monse\u00f1or Jean Jadot, pro-presidente del Pontificio Consejo para los No Cristianos, hoy Dicasterio para el Di\u00e1logo Interreligioso.<\/p>\n<p>Prevost se licenca en 1984 y al a\u00f1o siguiente, mientras prepara su tesis doctoral, es enviado a la misi\u00f3n agustiniana de Chulucanas, Piura, Per\u00fa (1985-1986). Es en 1987 cuando discute su tesis doctoral sobre \u00abEl papel del Prior Local de la Orden de San Agust\u00edn\u00bb y es nombrado Director de Vocaciones y Director de Misiones de la Provincia Agustiniana \u00abMadre del Buen Consejo\u00bb en Olympia Fields, Illinois (USA).<\/p>\n<p>En el espacio de once a\u00f1os desempe\u00f1a los cargos de prior de la comunidad (1988-1992), director de formaci\u00f3n (1988-1998) y profesor de profesos (1992-1998) y, en la archidi\u00f3cesis de Trujillo, de vicario judicial (1989-1998) y profesor de Derecho Can\u00f3nico, Patr\u00edstica y Moral en el Seminario Mayor \u00abSan Carlos y San Marcelo\u00bb. Paralelamente, se le confia la atenci\u00f3n pastoral de Nuestra Se\u00f1ora Madre de la Iglesia, m\u00e1s tarde parroquia con el t\u00edtulo de Santa Rita (1988-1999), en la periferia pobre de la ciudad, y fue administrador parroquial de Nuestra Se\u00f1ora de Monserrat de 1992 a 1999.<\/p>\n<p>En 1999 es elegido Prior Provincial de la Provincia Agustiniana &#8216;Madre del Buen Consejo&#8217; de Chicago, y dos a\u00f1os y medio despu\u00e9s, en el Cap\u00edtulo General Ordinario de la Orden de San Agust\u00edn, sus hermanos le eligieron Prior General, confirm\u00e1ndole en 2007 para un segundo mandato.<\/p>\n<p>En octubre de 2013 regresa a su provincia agustiniana, en Chicago, y fue director de Formaci\u00f3n del Convento de San Agust\u00edn, primer consejero y vicario provincial; cargos que desempe\u00f1\u00f3 hasta que el Papa Francisco lo nombra, el 3 de noviembre de 2014, administrador apost\u00f3lico de la di\u00f3cesis peruana de Chiclayo, elev\u00e1ndolo a la dignidad episcopal como obispo titular de Sufar. Ingres\u00f3 en la di\u00f3cesis el 7 de noviembre, en presencia del nuncio apost\u00f3lico James Patrick Green, quien le ordena obispo poco m\u00e1s de un mes despu\u00e9s, el 12 de diciembre, festividad de Nuestra Se\u00f1ora de Guadalupe, en la catedral de Santa Mar\u00eda.<\/p>\n<p>Su lema episcopal es \u00abIn Illo uno unum\u00bb, palabras que San Agust\u00edn pronuncia en un serm\u00f3n, la Exposici\u00f3n sobre el Salmo 127, para explicar que \u00abaunque los cristianos somos muchos, en el \u00fanico Cristo somos uno\u00bb.<\/p>\n<p>El 26 de septiembre de 2015 fue nombrado obispo de Chiclayo por el Pont\u00edfice argentino y en marzo de 2018 fue elegido vicepresidente segundo de la Conferencia Episcopal Peruana, dentro de la cual tambi\u00e9n es miembro del Consejo Econ\u00f3mico y presidente de la Comisi\u00f3n de Cultura y Educaci\u00f3n.<\/p>\n<p>En 2019 por Francisco, se cuenta entre los miembros de la Congregaci\u00f3n para el Clero el 13 de julio de 2019 y al a\u00f1o siguiente, entre los de la Congregaci\u00f3n para los Obispos (21 de noviembre).<\/p>\n<p>Mientras tanto, el 15 de abril de 2020, llega el nombramiento papal tambi\u00e9n como administrador apost\u00f3lico de la di\u00f3cesis peruana de Callao.<\/p>\n<p>El 30 de enero de 2023, el Papa lo llama a Roma como prefecto del Dicasterio para los Obispos y presidente de la Pontificia Comisi\u00f3n para Am\u00e9rica Latina, promovi\u00e9ndolo a arzobispo. Y en el Consistorio del 30 de septiembre del mismo a\u00f1o lo cre\u00f3 y nombr\u00f3 cardenal, asign\u00e1ndole el diaconado de Santa M\u00f3nica. Prevost tom\u00f3 posesi\u00f3n el 28 de enero de 2024 y, al frente del dicasterio, particip\u00f3 en los \u00faltimos viajes apost\u00f3licos del Papa Francisco y en la primera y segunda sesiones de la XVI Asamblea General Ordinaria del S\u00ednodo de los Obispos sobre la Sinodalidad, celebradas en Roma del 4 al 29 de octubre de 2023 y del 2 al 27 de octubre de 2024, respectivamente.Una experiencia en asambleas sinodales ya adquirida en el pasado como prior de los agustinos y representante de la Uni\u00f3n de Superiores Generales (UGS).<\/p>\n<p>Mientras tanto, el 4 de octubre de 2023, Francisco se cuenta entre los miembros de los Dicasterios para la Evangelizaci\u00f3n, Secci\u00f3n para la Primera Evangelizaci\u00f3n y las Nuevas Iglesias Particulares; para la Doctrina de la Fe; para las Iglesias Orientales; para el Clero; para los Institutos de Vida Consagrada y las Sociedades de Vida Apost\u00f3lica; para la Cultura y la Educaci\u00f3n; para los Textos Legislativos; de la Pontificia Comisi\u00f3n para el Estado de la Ciudad del Vaticano.<\/p>\n<p>Finalmente, el 6 de febrero de este a\u00f1o, fue promovido al orden de los obispos por el Pont\u00edfice argentino, obteniendo el t\u00edtulo de la Iglesia Suburbicaria de Albano.<\/p>\n<p>Durante la \u00faltima hospitalizaci\u00f3n de su predecesor en el pol\u00edclinico \u00abGemelli\u00bb, Prevost presidi\u00f3 el rosario por la salud de Francisco el 3 de marzo en la plaza de San Pedro.<\/p>\n<\/div>\n<p><iframe loading=\"lazy\" title=\"El Papa Le\u00f3n XIV, antes Cardenal Prevost, aparece y pronuncia su primer discurso\" width=\"500\" height=\"281\" src=\"https:\/\/www.youtube.com\/embed\/CyCQdGK24_k?feature=oembed\" frameborder=\"0\" allow=\"accelerometer; autoplay; clipboard-write; encrypted-media; gyroscope; picture-in-picture; web-share\" referrerpolicy=\"strict-origin-when-cross-origin\" allowfullscreen><\/iframe><\/p>\n<p><iframe loading=\"lazy\" title=\"Le\u00f3n XIV recibe el aplauso de los cardenales en la Capilla Sixtina.\" width=\"500\" height=\"281\" src=\"https:\/\/www.youtube.com\/embed\/fRQQx94Xf58?feature=oembed\" frameborder=\"0\" allow=\"accelerometer; autoplay; clipboard-write; encrypted-media; gyroscope; picture-in-picture; web-share\" referrerpolicy=\"strict-origin-when-cross-origin\" allowfullscreen><\/iframe><\/p>\n<p><iframe loading=\"lazy\" title=\"Saludo Le\u00f3n XIV\" width=\"500\" height=\"281\" src=\"https:\/\/www.youtube.com\/embed\/DKEAGTV4YXY?feature=oembed\" frameborder=\"0\" allow=\"accelerometer; autoplay; clipboard-write; encrypted-media; gyroscope; picture-in-picture; web-share\" referrerpolicy=\"strict-origin-when-cross-origin\" allowfullscreen><\/iframe><\/p>\n<p><iframe loading=\"lazy\" title=\"Habemus Papam - 08 de mayo de 2025\" width=\"500\" height=\"281\" src=\"https:\/\/www.youtube.com\/embed\/rE67YCCpWuA?feature=oembed\" frameborder=\"0\" allow=\"accelerometer; autoplay; clipboard-write; encrypted-media; gyroscope; picture-in-picture; web-share\" referrerpolicy=\"strict-origin-when-cross-origin\" allowfullscreen><\/iframe><\/p>\n<p><iframe loading=\"lazy\" title=\"Fumata Blanca  - 05 de mayo de 2025\" width=\"500\" height=\"281\" src=\"https:\/\/www.youtube.com\/embed\/7oWtdrUQUu4?feature=oembed\" frameborder=\"0\" allow=\"accelerometer; autoplay; clipboard-write; encrypted-media; gyroscope; picture-in-picture; web-share\" referrerpolicy=\"strict-origin-when-cross-origin\" allowfullscreen><\/iframe><\/p>\n","protected":false},"excerpt":{"rendered":"<p>Biograf\u00eda<\/p>\n","protected":false},"author":15,"featured_media":125486,"comment_status":"closed","ping_status":"closed","sticky":false,"template":"","format":"standard","meta":{"_acf_changed":false,"_crdt_document":"","inline_featured_image":false,"footnotes":""},"categories":[68,537,132],"tags":[9675,55101,58067,436,4953],"class_list":["post-125485","post","type-post","status-publish","format-standard","has-post-thumbnail","hentry","category-leon-xiv","category-special-es","category-vaticano-es","tag-biografia","tag-habemus-papam","tag-leon-xiv","tag-papa-es","tag-trending-es"],"acf":[],"yoast_head":"<!-- This site is optimized with the Yoast SEO plugin v27.4 - https:\/\/yoast.com\/product\/yoast-seo-wordpress\/ -->\n<title>El nuevo Papa, Le\u00f3n XIV &#8211; Exaudi<\/title>\n<meta name=\"robots\" content=\"index, follow, max-snippet:-1, max-image-preview:large, max-video-preview:-1\" \/>\n<link rel=\"canonical\" href=\"https:\/\/exaudi.org\/es\/el-nuevo-papa-leon-xiv\/\" \/>\n<meta property=\"og:locale\" content=\"es_ES\" \/>\n<meta property=\"og:type\" content=\"article\" \/>\n<meta property=\"og:title\" content=\"El nuevo Papa, Le\u00f3n XIV &#8211; Exaudi\" \/>\n<meta property=\"og:description\" content=\"Biograf\u00eda\" \/>\n<meta property=\"og:url\" content=\"https:\/\/exaudi.org\/es\/el-nuevo-papa-leon-xiv\/\" \/>\n<meta property=\"og:site_name\" content=\"Exaudi\" \/>\n<meta property=\"article:publisher\" content=\"https:\/\/www.facebook.com\/ExaudiNews\" \/>\n<meta property=\"article:author\" content=\"https:\/\/www.facebook.com\/ExaudiNoticias\/\" \/>\n<meta property=\"article:published_time\" content=\"2025-05-08T17:59:43+00:00\" \/>\n<meta property=\"article:modified_time\" content=\"2025-05-09T08:18:21+00:00\" \/>\n<meta property=\"og:image\" content=\"https:\/\/exaudi.org\/wp-content\/uploads\/2025\/05\/cq5dam.thumbnail.cropped.1500.844-9.jpeg\" \/>\n\t<meta property=\"og:image:width\" content=\"1280\" \/>\n\t<meta property=\"og:image:height\" content=\"844\" \/>\n\t<meta property=\"og:image:type\" content=\"image\/jpeg\" \/>\n<meta name=\"author\" content=\"Exaudi Redacci\u00f3n\" \/>\n<meta name=\"twitter:card\" content=\"summary_large_image\" \/>\n<meta name=\"twitter:creator\" content=\"@Exaudi_noticias\" \/>\n<meta name=\"twitter:site\" content=\"@Exaudi_News\" \/>\n<meta name=\"twitter:label1\" content=\"Escrito por\" \/>\n\t<meta name=\"twitter:data1\" content=\"Exaudi Redacci\u00f3n\" \/>\n\t<meta name=\"twitter:label2\" content=\"Tiempo de lectura\" \/>\n\t<meta name=\"twitter:data2\" content=\"6 minutos\" \/>\n<script type=\"application\/ld+json\" class=\"yoast-schema-graph\">{\"@context\":\"https:\\\/\\\/schema.org\",\"@graph\":[{\"@type\":\"Article\",\"@id\":\"https:\\\/\\\/exaudi.org\\\/es\\\/el-nuevo-papa-leon-xiv\\\/#article\",\"isPartOf\":{\"@id\":\"https:\\\/\\\/exaudi.org\\\/es\\\/el-nuevo-papa-leon-xiv\\\/\"},\"author\":{\"name\":\"Exaudi Redacci\u00f3n\",\"@id\":\"https:\\\/\\\/exaudi.org\\\/#\\\/schema\\\/person\\\/f5fc8f063065e38742da7afe15f25df7\"},\"headline\":\"El nuevo Papa, Le\u00f3n XIV\",\"datePublished\":\"2025-05-08T17:59:43+00:00\",\"dateModified\":\"2025-05-09T08:18:21+00:00\",\"mainEntityOfPage\":{\"@id\":\"https:\\\/\\\/exaudi.org\\\/es\\\/el-nuevo-papa-leon-xiv\\\/\"},\"wordCount\":1229,\"image\":{\"@id\":\"https:\\\/\\\/exaudi.org\\\/es\\\/el-nuevo-papa-leon-xiv\\\/#primaryimage\"},\"thumbnailUrl\":\"https:\\\/\\\/exaudi.org\\\/wp-content\\\/uploads\\\/2025\\\/05\\\/cq5dam.thumbnail.cropped.1500.844-9.jpeg\",\"keywords\":[\"Biograf\u00eda\",\"habemus papam\",\"Le\u00f3n XIV\",\"Papa\",\"Trending\"],\"articleSection\":[\"Le\u00f3n XIV\",\"Special\",\"Vaticano\"],\"inLanguage\":\"es\"},{\"@type\":\"WebPage\",\"@id\":\"https:\\\/\\\/exaudi.org\\\/es\\\/el-nuevo-papa-leon-xiv\\\/\",\"url\":\"https:\\\/\\\/exaudi.org\\\/es\\\/el-nuevo-papa-leon-xiv\\\/\",\"name\":\"El nuevo Papa, Le\u00f3n XIV &#8211; Exaudi\",\"isPartOf\":{\"@id\":\"https:\\\/\\\/exaudi.org\\\/#website\"},\"primaryImageOfPage\":{\"@id\":\"https:\\\/\\\/exaudi.org\\\/es\\\/el-nuevo-papa-leon-xiv\\\/#primaryimage\"},\"image\":{\"@id\":\"https:\\\/\\\/exaudi.org\\\/es\\\/el-nuevo-papa-leon-xiv\\\/#primaryimage\"},\"thumbnailUrl\":\"https:\\\/\\\/exaudi.org\\\/wp-content\\\/uploads\\\/2025\\\/05\\\/cq5dam.thumbnail.cropped.1500.844-9.jpeg\",\"datePublished\":\"2025-05-08T17:59:43+00:00\",\"dateModified\":\"2025-05-09T08:18:21+00:00\",\"author\":{\"@id\":\"https:\\\/\\\/exaudi.org\\\/#\\\/schema\\\/person\\\/f5fc8f063065e38742da7afe15f25df7\"},\"breadcrumb\":{\"@id\":\"https:\\\/\\\/exaudi.org\\\/es\\\/el-nuevo-papa-leon-xiv\\\/#breadcrumb\"},\"inLanguage\":\"es\",\"potentialAction\":[{\"@type\":\"ReadAction\",\"target\":[\"https:\\\/\\\/exaudi.org\\\/es\\\/el-nuevo-papa-leon-xiv\\\/\"]}]},{\"@type\":\"ImageObject\",\"inLanguage\":\"es\",\"@id\":\"https:\\\/\\\/exaudi.org\\\/es\\\/el-nuevo-papa-leon-xiv\\\/#primaryimage\",\"url\":\"https:\\\/\\\/exaudi.org\\\/wp-content\\\/uploads\\\/2025\\\/05\\\/cq5dam.thumbnail.cropped.1500.844-9.jpeg\",\"contentUrl\":\"https:\\\/\\\/exaudi.org\\\/wp-content\\\/uploads\\\/2025\\\/05\\\/cq5dam.thumbnail.cropped.1500.844-9.jpeg\",\"width\":1280,\"height\":844},{\"@type\":\"BreadcrumbList\",\"@id\":\"https:\\\/\\\/exaudi.org\\\/es\\\/el-nuevo-papa-leon-xiv\\\/#breadcrumb\",\"itemListElement\":[{\"@type\":\"ListItem\",\"position\":1,\"name\":\"Portada\",\"item\":\"https:\\\/\\\/exaudi.org\\\/es\\\/\"},{\"@type\":\"ListItem\",\"position\":2,\"name\":\"El nuevo Papa, Le\u00f3n XIV\"}]},{\"@type\":\"WebSite\",\"@id\":\"https:\\\/\\\/exaudi.org\\\/#website\",\"url\":\"https:\\\/\\\/exaudi.org\\\/\",\"name\":\"Exaudi\",\"description\":\"News\",\"potentialAction\":[{\"@type\":\"SearchAction\",\"target\":{\"@type\":\"EntryPoint\",\"urlTemplate\":\"https:\\\/\\\/exaudi.org\\\/?s={search_term_string}\"},\"query-input\":{\"@type\":\"PropertyValueSpecification\",\"valueRequired\":true,\"valueName\":\"search_term_string\"}}],\"inLanguage\":\"es\"},{\"@type\":\"Person\",\"@id\":\"https:\\\/\\\/exaudi.org\\\/#\\\/schema\\\/person\\\/f5fc8f063065e38742da7afe15f25df7\",\"name\":\"Exaudi Redacci\u00f3n\",\"image\":{\"@type\":\"ImageObject\",\"inLanguage\":\"es\",\"@id\":\"https:\\\/\\\/secure.gravatar.com\\\/avatar\\\/fe0f6a059fb68d9b3e11bc5850dd4899b1c7492091a3cb6dd9b01b56ad828be2?s=96&d=mm&r=g\",\"url\":\"https:\\\/\\\/secure.gravatar.com\\\/avatar\\\/fe0f6a059fb68d9b3e11bc5850dd4899b1c7492091a3cb6dd9b01b56ad828be2?s=96&d=mm&r=g\",\"contentUrl\":\"https:\\\/\\\/secure.gravatar.com\\\/avatar\\\/fe0f6a059fb68d9b3e11bc5850dd4899b1c7492091a3cb6dd9b01b56ad828be2?s=96&d=mm&r=g\",\"caption\":\"Exaudi Redacci\u00f3n\"},\"description\":\"\u00bfQu\u00e9 es Exaudi News? Exaudi News es un medio de comunicaci\u00f3n cat\u00f3lico internacional que informa, forma y transforma, diariamente en espa\u00f1ol, ingl\u00e9s e italiano. A trav\u00e9s de noticias, art\u00edculos de an\u00e1lisis y transmisiones en directo de los eventos del Papa, Exaudi busca fortalecer la unidad de los cristianos y contribuir a la evangelizaci\u00f3n del mundo, siempre guiados por la doctrina social de la Iglesia. Trabajamos para acercar la verdad y los valores cristianos a cada rinc\u00f3n del planeta. \u00a1Ay\u00fadanos a transformar el mundo con Exaudi! En Exaudi creemos que la evangelizaci\u00f3n y la informaci\u00f3n de calidad pueden cambiar vidas. Para continuar con nuestra misi\u00f3n y expandir nuestro alcance, necesitamos tu ayuda. Adem\u00e1s, buscamos personas comprometidas que deseen unirse a nuestro equipo. Con tu apoyo, lograremos llegar a m\u00e1s personas, difundir el mensaje de Cristo y reforzar la unidad de los cristianos. \u00bfTe unes a nuestra misi\u00f3n? Para m\u00e1s informaci\u00f3n sobre c\u00f3mo colaborar, visita Exaudi.org\\\/es o cont\u00e1ctanos directamente: info@exaudi.org Exaudi: Informa, forma y transforma.\",\"sameAs\":[\"https:\\\/\\\/www.facebook.com\\\/ExaudiNoticias\\\/\",\"https:\\\/\\\/www.instagram.com\\\/exaudi_noticias\\\/\",\"https:\\\/\\\/x.com\\\/Exaudi_noticias\",\"https:\\\/\\\/www.youtube.com\\\/@exaudicatholicnews\"],\"url\":\"https:\\\/\\\/exaudi.org\\\/es\\\/author\\\/redaccionexaudi\\\/\"}]}<\/script>\n<!-- \/ Yoast SEO plugin. -->","yoast_head_json":{"title":"El nuevo Papa, Le\u00f3n XIV &#8211; Exaudi","robots":{"index":"index","follow":"follow","max-snippet":"max-snippet:-1","max-image-preview":"max-image-preview:large","max-video-preview":"max-video-preview:-1"},"canonical":"https:\/\/exaudi.org\/es\/el-nuevo-papa-leon-xiv\/","og_locale":"es_ES","og_type":"article","og_title":"El nuevo Papa, Le\u00f3n XIV &#8211; Exaudi","og_description":"Biograf\u00eda","og_url":"https:\/\/exaudi.org\/es\/el-nuevo-papa-leon-xiv\/","og_site_name":"Exaudi","article_publisher":"https:\/\/www.facebook.com\/ExaudiNews","article_author":"https:\/\/www.facebook.com\/ExaudiNoticias\/","article_published_time":"2025-05-08T17:59:43+00:00","article_modified_time":"2025-05-09T08:18:21+00:00","og_image":[{"width":1280,"height":844,"url":"https:\/\/exaudi.org\/wp-content\/uploads\/2025\/05\/cq5dam.thumbnail.cropped.1500.844-9.jpeg","type":"image\/jpeg"}],"author":"Exaudi Redacci\u00f3n","twitter_card":"summary_large_image","twitter_creator":"@Exaudi_noticias","twitter_site":"@Exaudi_News","twitter_misc":{"Escrito por":"Exaudi Redacci\u00f3n","Tiempo de lectura":"6 minutos"},"schema":{"@context":"https:\/\/schema.org","@graph":[{"@type":"Article","@id":"https:\/\/exaudi.org\/es\/el-nuevo-papa-leon-xiv\/#article","isPartOf":{"@id":"https:\/\/exaudi.org\/es\/el-nuevo-papa-leon-xiv\/"},"author":{"name":"Exaudi Redacci\u00f3n","@id":"https:\/\/exaudi.org\/#\/schema\/person\/f5fc8f063065e38742da7afe15f25df7"},"headline":"El nuevo Papa, Le\u00f3n XIV","datePublished":"2025-05-08T17:59:43+00:00","dateModified":"2025-05-09T08:18:21+00:00","mainEntityOfPage":{"@id":"https:\/\/exaudi.org\/es\/el-nuevo-papa-leon-xiv\/"},"wordCount":1229,"image":{"@id":"https:\/\/exaudi.org\/es\/el-nuevo-papa-leon-xiv\/#primaryimage"},"thumbnailUrl":"https:\/\/exaudi.org\/wp-content\/uploads\/2025\/05\/cq5dam.thumbnail.cropped.1500.844-9.jpeg","keywords":["Biograf\u00eda","habemus papam","Le\u00f3n XIV","Papa","Trending"],"articleSection":["Le\u00f3n XIV","Special","Vaticano"],"inLanguage":"es"},{"@type":"WebPage","@id":"https:\/\/exaudi.org\/es\/el-nuevo-papa-leon-xiv\/","url":"https:\/\/exaudi.org\/es\/el-nuevo-papa-leon-xiv\/","name":"El nuevo Papa, Le\u00f3n XIV &#8211; Exaudi","isPartOf":{"@id":"https:\/\/exaudi.org\/#website"},"primaryImageOfPage":{"@id":"https:\/\/exaudi.org\/es\/el-nuevo-papa-leon-xiv\/#primaryimage"},"image":{"@id":"https:\/\/exaudi.org\/es\/el-nuevo-papa-leon-xiv\/#primaryimage"},"thumbnailUrl":"https:\/\/exaudi.org\/wp-content\/uploads\/2025\/05\/cq5dam.thumbnail.cropped.1500.844-9.jpeg","datePublished":"2025-05-08T17:59:43+00:00","dateModified":"2025-05-09T08:18:21+00:00","author":{"@id":"https:\/\/exaudi.org\/#\/schema\/person\/f5fc8f063065e38742da7afe15f25df7"},"breadcrumb":{"@id":"https:\/\/exaudi.org\/es\/el-nuevo-papa-leon-xiv\/#breadcrumb"},"inLanguage":"es","potentialAction":[{"@type":"ReadAction","target":["https:\/\/exaudi.org\/es\/el-nuevo-papa-leon-xiv\/"]}]},{"@type":"ImageObject","inLanguage":"es","@id":"https:\/\/exaudi.org\/es\/el-nuevo-papa-leon-xiv\/#primaryimage","url":"https:\/\/exaudi.org\/wp-content\/uploads\/2025\/05\/cq5dam.thumbnail.cropped.1500.844-9.jpeg","contentUrl":"https:\/\/exaudi.org\/wp-content\/uploads\/2025\/05\/cq5dam.thumbnail.cropped.1500.844-9.jpeg","width":1280,"height":844},{"@type":"BreadcrumbList","@id":"https:\/\/exaudi.org\/es\/el-nuevo-papa-leon-xiv\/#breadcrumb","itemListElement":[{"@type":"ListItem","position":1,"name":"Portada","item":"https:\/\/exaudi.org\/es\/"},{"@type":"ListItem","position":2,"name":"El nuevo Papa, Le\u00f3n XIV"}]},{"@type":"WebSite","@id":"https:\/\/exaudi.org\/#website","url":"https:\/\/exaudi.org\/","name":"Exaudi","description":"News","potentialAction":[{"@type":"SearchAction","target":{"@type":"EntryPoint","urlTemplate":"https:\/\/exaudi.org\/?s={search_term_string}"},"query-input":{"@type":"PropertyValueSpecification","valueRequired":true,"valueName":"search_term_string"}}],"inLanguage":"es"},{"@type":"Person","@id":"https:\/\/exaudi.org\/#\/schema\/person\/f5fc8f063065e38742da7afe15f25df7","name":"Exaudi Redacci\u00f3n","image":{"@type":"ImageObject","inLanguage":"es","@id":"https:\/\/secure.gravatar.com\/avatar\/fe0f6a059fb68d9b3e11bc5850dd4899b1c7492091a3cb6dd9b01b56ad828be2?s=96&d=mm&r=g","url":"https:\/\/secure.gravatar.com\/avatar\/fe0f6a059fb68d9b3e11bc5850dd4899b1c7492091a3cb6dd9b01b56ad828be2?s=96&d=mm&r=g","contentUrl":"https:\/\/secure.gravatar.com\/avatar\/fe0f6a059fb68d9b3e11bc5850dd4899b1c7492091a3cb6dd9b01b56ad828be2?s=96&d=mm&r=g","caption":"Exaudi Redacci\u00f3n"},"description":"\u00bfQu\u00e9 es Exaudi News? Exaudi News es un medio de comunicaci\u00f3n cat\u00f3lico internacional que informa, forma y transforma, diariamente en espa\u00f1ol, ingl\u00e9s e italiano. A trav\u00e9s de noticias, art\u00edculos de an\u00e1lisis y transmisiones en directo de los eventos del Papa, Exaudi busca fortalecer la unidad de los cristianos y contribuir a la evangelizaci\u00f3n del mundo, siempre guiados por la doctrina social de la Iglesia. Trabajamos para acercar la verdad y los valores cristianos a cada rinc\u00f3n del planeta. \u00a1Ay\u00fadanos a transformar el mundo con Exaudi! En Exaudi creemos que la evangelizaci\u00f3n y la informaci\u00f3n de calidad pueden cambiar vidas. Para continuar con nuestra misi\u00f3n y expandir nuestro alcance, necesitamos tu ayuda. Adem\u00e1s, buscamos personas comprometidas que deseen unirse a nuestro equipo. Con tu apoyo, lograremos llegar a m\u00e1s personas, difundir el mensaje de Cristo y reforzar la unidad de los cristianos. \u00bfTe unes a nuestra misi\u00f3n? Para m\u00e1s informaci\u00f3n sobre c\u00f3mo colaborar, visita Exaudi.org\/es o cont\u00e1ctanos directamente: info@exaudi.org Exaudi: Informa, forma y transforma.","sameAs":["https:\/\/www.facebook.com\/ExaudiNoticias\/","https:\/\/www.instagram.com\/exaudi_noticias\/","https:\/\/x.com\/Exaudi_noticias","https:\/\/www.youtube.com\/@exaudicatholicnews"],"url":"https:\/\/exaudi.org\/es\/author\/redaccionexaudi\/"}]}},"jetpack_featured_media_url":"https:\/\/exaudi.org\/wp-content\/uploads\/2025\/05\/cq5dam.thumbnail.cropped.1500.844-9.jpeg","jetpack_shortlink":"https:\/\/wp.me\/pgKjF2-wDX","_links":{"self":[{"href":"https:\/\/exaudi.org\/es\/wp-json\/wp\/v2\/posts\/125485","targetHints":{"allow":["GET"]}}],"collection":[{"href":"https:\/\/exaudi.org\/es\/wp-json\/wp\/v2\/posts"}],"about":[{"href":"https:\/\/exaudi.org\/es\/wp-json\/wp\/v2\/types\/post"}],"author":[{"embeddable":true,"href":"https:\/\/exaudi.org\/es\/wp-json\/wp\/v2\/users\/15"}],"replies":[{"embeddable":true,"href":"https:\/\/exaudi.org\/es\/wp-json\/wp\/v2\/comments?post=125485"}],"version-history":[{"count":0,"href":"https:\/\/exaudi.org\/es\/wp-json\/wp\/v2\/posts\/125485\/revisions"}],"wp:featuredmedia":[{"embeddable":true,"href":"https:\/\/exaudi.org\/es\/wp-json\/wp\/v2\/media\/125486"}],"wp:attachment":[{"href":"https:\/\/exaudi.org\/es\/wp-json\/wp\/v2\/media?parent=125485"}],"wp:term":[{"taxonomy":"category","embeddable":true,"href":"https:\/\/exaudi.org\/es\/wp-json\/wp\/v2\/categories?post=125485"},{"taxonomy":"post_tag","embeddable":true,"href":"https:\/\/exaudi.org\/es\/wp-json\/wp\/v2\/tags?post=125485"}],"curies":[{"name":"wp","href":"https:\/\/api.w.org\/{rel}","templated":true}]}}