{"id":125362,"date":"2025-05-07T12:01:18","date_gmt":"2025-05-07T10:01:18","guid":{"rendered":"https:\/\/exaudi.org\/?p=125362"},"modified":"2025-05-07T21:42:16","modified_gmt":"2025-05-07T19:42:16","slug":"cardenal-re-momento-historico-elegido-papa-comunion-unidad","status":"publish","type":"post","link":"https:\/\/exaudi.org\/es\/cardenal-re-momento-historico-elegido-papa-comunion-unidad\/","title":{"rendered":"Cardenal Re: Momento hist\u00f3rico, que sea elegido el Papa de la comuni\u00f3n y la unidad"},"content":{"rendered":"<p>En la misa pro eligendo Pontifice, presidida esta ma\u00f1ana en la bas\u00edlica vaticana, el cardenal decano esboza las tareas de cada sucesor de Pedro, marcadas por el \u00abmandamiento nuevo\u00bb del amor. El recordatorio a los cardenales electores: elegir con \u00abla mayor responsabilidad humana y eclesial\u00bb, evitando consideraciones personales y mirando al bien de la Iglesia y de la humanidad.<\/p>\n<p>\u00abSuscitar\u00e9 un sacerdote fiel, que obrar\u00e1 seg\u00fan los deseos del coraz\u00f3n de Dios\u00bb: la ant\u00edfona inicial acompa\u00f1a la larga procesi\u00f3n que entra lentamente en la bas\u00edlica vaticana esta ma\u00f1ana, 7 de mayo, para la misa\u00a0<i>Pro eligendo Romano Pontifice<\/i>. Presidi\u00f3 el rito en el Altar de la Confesi\u00f3n el Cardenal Giovanni Battista Re, Decano del Colegio Cardenalicio. En el lugar de culto que custodia los restos de Pedro, cuyo sucesor est\u00e1 llamado a elegir el C\u00f3nclave, concelebran 220 cardenales, electores y no electores. Entre ellos, tambi\u00e9n el 267\u00ba Pont\u00edfice: su nombre sigue guardado en el coraz\u00f3n del Se\u00f1or, pero las oraciones y los ojos del mundo se dirigen a \u00e9l.<\/p>\n<p><img loading=\"lazy\" decoding=\"async\" class=\"size-full wp-image-125367 alignnone\" src=\"https:\/\/exaudi.org\/wp-content\/uploads\/2025\/05\/1746613548467.jpg\" alt=\"\" width=\"800\" height=\"533\" srcset=\"https:\/\/exaudi.org\/wp-content\/uploads\/2025\/05\/1746613548467.jpg 800w, https:\/\/exaudi.org\/wp-content\/uploads\/2025\/05\/1746613548467-300x200.jpg 300w, https:\/\/exaudi.org\/wp-content\/uploads\/2025\/05\/1746613548467-770x513.jpg 770w, https:\/\/exaudi.org\/wp-content\/uploads\/2025\/05\/1746613548467-360x240.jpg?crop=1 360w, https:\/\/exaudi.org\/wp-content\/uploads\/2025\/05\/1746613548467-500x333.jpg 500w\" sizes=\"auto, (max-width: 800px) 100vw, 800px\" \/><\/p>\n<h3><b>En confiada espera<\/b><\/h3>\n<p>En la \u00abconfiada espera\u00bb de estas horas, el cardenal Re invoca la ayuda del Esp\u00edritu Santo, porque \u00abrezar -dice- es la \u00fanica actitud justa y necesaria\u00bb:<\/p>\n<p><i>Que sea elegido el Papa que la Iglesia y la humanidad necesitan en este momento de la historia tan dif\u00edcil y complejo.<\/i><\/p>\n<h3><b>M\u00e1xima responsabilidad humana y eclesial<\/b><\/h3>\n<p>La de los cardenales electores, que a las 16:30 se reunir\u00e1n en la Capilla Sixtina e iniciar\u00e1n el C\u00f3nclave, es \u00abun acto de la m\u00e1xima responsabilidad humana y eclesial -subray\u00f3 el cardenal Re- y una decisi\u00f3n de excepcional importancia\u00bb:<\/p>\n<p><i>Un acto humano por el cual se debe abandonar cualquier consideraci\u00f3n personal, y tener en la mente y en el coraz\u00f3n s\u00f3lo al Dios de Jesucristo y el bien de la Iglesia y de la humanidad.<\/i><\/p>\n<p><img loading=\"lazy\" decoding=\"async\" class=\"size-full wp-image-125370 alignnone\" src=\"https:\/\/exaudi.org\/wp-content\/uploads\/2025\/05\/1746612897548.jpg\" alt=\"\" width=\"800\" height=\"533\" srcset=\"https:\/\/exaudi.org\/wp-content\/uploads\/2025\/05\/1746612897548.jpg 800w, https:\/\/exaudi.org\/wp-content\/uploads\/2025\/05\/1746612897548-300x200.jpg 300w, https:\/\/exaudi.org\/wp-content\/uploads\/2025\/05\/1746612897548-770x513.jpg 770w, https:\/\/exaudi.org\/wp-content\/uploads\/2025\/05\/1746612897548-360x240.jpg?crop=1 360w, https:\/\/exaudi.org\/wp-content\/uploads\/2025\/05\/1746612897548-500x333.jpg 500w\" sizes=\"auto, (max-width: 800px) 100vw, 800px\" \/><\/p>\n<h3><b>El amor cambia el mundo<\/b><\/h3>\n<p>El purpurado se detuvo despu\u00e9s en el Evangelio de Juan, proclamado en lat\u00edn durante la celebraci\u00f3n: es el pasaje en el que Jes\u00fas invita a los disc\u00edpulos a permanecer en su amor, el mandamiento \u00abnuevo\u00bb que \u00abno conoce l\u00edmites y debe caracterizar los pensamientos y la acci\u00f3n de todos sus disc\u00edpulos\u00bb. \u00abEl amor es la \u00fanica fuerza capaz de cambiar el mundo\u00bb, prosigui\u00f3 el cardenal decano, reiterando que \u00abla cualidad fundamental de los Pastores es el amor hasta el don total de s\u00ed\u00bb, junto con \u00abla ayuda mutua y el compromiso por la comuni\u00f3n eclesial y la fraternidad humana universal\u00bb<\/p>\n<h3><b>Acrecentar la comuni\u00f3n\u00a0<\/b><\/h3>\n<p>\u00abAcrecentar la comuni\u00f3n\u00bb es otra de las tareas del Sucesor de Pedro destacadas por el cardenal decano: comuni\u00f3n de todos los cristianos con Cristo, -explic\u00f3- comuni\u00f3n de los obispos con el Papa y entre s\u00ed:<\/p>\n<p><i>No una comuni\u00f3n autorreferencial, sino dirigida totalmente a la comuni\u00f3n entre las personas, los pueblos y las culturas, velando para que la Iglesia sea siempre \u00abcasa y escuela de comuni\u00f3n\u00bb.<\/i><\/p>\n<p><img loading=\"lazy\" decoding=\"async\" class=\"size-full wp-image-125373 alignnone\" src=\"https:\/\/exaudi.org\/wp-content\/uploads\/2025\/05\/1746612866508.jpg\" alt=\"\" width=\"800\" height=\"533\" srcset=\"https:\/\/exaudi.org\/wp-content\/uploads\/2025\/05\/1746612866508.jpg 800w, https:\/\/exaudi.org\/wp-content\/uploads\/2025\/05\/1746612866508-300x200.jpg 300w, https:\/\/exaudi.org\/wp-content\/uploads\/2025\/05\/1746612866508-770x513.jpg 770w, https:\/\/exaudi.org\/wp-content\/uploads\/2025\/05\/1746612866508-360x240.jpg?crop=1 360w, https:\/\/exaudi.org\/wp-content\/uploads\/2025\/05\/1746612866508-500x333.jpg 500w\" sizes=\"auto, (max-width: 800px) 100vw, 800px\" \/><\/p>\n<h3><b>Unidad en la diversidad<\/b><\/h3>\n<p>Igualmente fuerte es la llamada a \u00abmantener la unidad de la Iglesia en la senda trazada por Cristo a los Ap\u00f3stoles\u00bb:<\/p>\n<p><i>La unidad de la Iglesia es querida por Cristo; una unidad que no significa uniformidad, sino una firme y profunda comuni\u00f3n en la diversidad, siempre que se mantenga en plena fidelidad al Evangelio.<\/i><\/p>\n<h3><b>La elecci\u00f3n de un Papa no es una simple sucesi\u00f3n<\/b><\/h3>\n<p>Un nuevo Papa \u00abseg\u00fan el coraz\u00f3n de Dios para el bien de la Iglesia y de la humanidad\u00bb es, por tanto, la invocaci\u00f3n del cardenal decano, porque la elecci\u00f3n de un Papa \u00abno es una simple sucesi\u00f3n de personas, sino que es siempre el ap\u00f3stol Pedro que regresa\u00bb:<\/p>\n<p><i>Recemos para que Dios conceda a la Iglesia el Papa que mejor sepa despertar las conciencias de todos y las fuerzas morales y espirituales en la sociedad actual, caracterizada por un gran progreso tecnol\u00f3gico, pero que tiende a olvidarse de Dios.<\/i><\/p>\n<p><img loading=\"lazy\" decoding=\"async\" class=\"size-full wp-image-125376 alignnone\" src=\"https:\/\/exaudi.org\/wp-content\/uploads\/2025\/05\/1746613257650.jpg\" alt=\"\" width=\"800\" height=\"533\" srcset=\"https:\/\/exaudi.org\/wp-content\/uploads\/2025\/05\/1746613257650.jpg 800w, https:\/\/exaudi.org\/wp-content\/uploads\/2025\/05\/1746613257650-300x200.jpg 300w, https:\/\/exaudi.org\/wp-content\/uploads\/2025\/05\/1746613257650-770x513.jpg 770w, https:\/\/exaudi.org\/wp-content\/uploads\/2025\/05\/1746613257650-360x240.jpg?crop=1 360w, https:\/\/exaudi.org\/wp-content\/uploads\/2025\/05\/1746613257650-500x333.jpg 500w\" sizes=\"auto, (max-width: 800px) 100vw, 800px\" \/><\/p>\n<h3><b>Que los cardenales concuerden en su elecci\u00f3n<\/b><\/h3>\n<p>Por \u00faltimo, el deseo de que los cardenales electores reunidos en la Capilla Sixtina -donde el Juicio Final de Miguel \u00c1ngel recuerda a cada uno \u00abla grandeza de la responsabilidad\u00bb de poner el Pontificado \u00aben las manos adecuadas\u00bb- est\u00e9n de acuerdo \u00aben elegir al Papa que necesita nuestro tiempo\u00bb.<\/p>\n<p><strong>Texto \u00edntegro de la homil\u00eda:<\/strong><\/p>\n<div class=\"abstract text parbase vaticanrichtext\">\n<p style=\"text-align: center;\"><span class=\"color-text\">\u00abPRO ELIGENDO ROMANO PONTIFICE\u00bb<\/span><\/p>\n<p style=\"text-align: center;\"><i><b><span class=\"title-1-color\">HOMIL\u00cdA DE SU EMINENCIA REVEREND\u00cdSIMA<br \/>\nEL SE\u00d1OR CARDENAL GIOVANNI BATTISTA RE,<br \/>\nDECANO DEL COLEGIO CARDENALICIO<\/span><\/b><\/i><\/p>\n<p style=\"text-align: center;\"><i><span class=\"color-text\">Bas\u00edlica de San Pedro<br \/>\nMi\u00e9rcoles, 7 de mayo de 2025<\/span><\/i><\/p>\n<p>________________________<\/p>\n<div class=\"clearfix\">\n<p>En los Hechos de los Ap\u00f3stoles se lee que, despu\u00e9s de la ascensi\u00f3n de Cristo al cielo y en espera de Pentecost\u00e9s, todos perseveraban unidos en la oraci\u00f3n junto con Mar\u00eda, la Madre de Jes\u00fas (cf. Hch\u00a01,14).<\/p>\n<\/div>\n<\/div>\n<div class=\"text parbase container vaticanrichtext\">\n<p>Es precisamente lo que tambi\u00e9n nosotros estamos haciendo a pocas horas del inicio del c\u00f3nclave, bajo la mirada de la Virgen colocada al lado del altar, en esta Bas\u00edlica que se eleva sobre la tumba del ap\u00f3stol Pedro.<\/p>\n<p>Notamos como todo el pueblo de Dios est\u00e1 unido a nosotros con su sentido de fe, su amor al Papa y su confiada esperanza.<\/p>\n<p>Estamos aqu\u00ed para invocar el auxilio del Esp\u00edritu Santo, para implorar su luz y su fuerza, a fin de que sea elegido el Papa que la Iglesia y la humanidad necesitan en este momento de la historia tan dif\u00edcil y complejo.<\/p>\n<p>Rezar, invocando al Esp\u00edritu Santo, es la \u00fanica actitud justa y necesaria, mientras los cardenales electores se preparan a un acto de m\u00e1xima responsabilidad humana y eclesial, y a una decisi\u00f3n de gran importancia; un acto humano por el cual se debe abandonar cualquier consideraci\u00f3n personal, y tener en la mente y en el coraz\u00f3n s\u00f3lo al Dios de Jesucristo y el bien de la Iglesia y de la humanidad.<\/p>\n<p>En el Evangelio que ha sido proclamado han resonado palabras que nos conducen al coraz\u00f3n del mensaje-testamento supremo de Jes\u00fas, entregado a sus Ap\u00f3stoles en la tarde de la \u00faltima cena en el Cen\u00e1culo: \u00abEste es mi mandamiento: \u00c1mense los unos a los otros, como yo los he amado\u00bb (<i>Jn\u00a0<\/i>15,12). Y para precisar ese \u201ccomo yo los he amado\u201d e indicar hasta d\u00f3nde debe llegar nuestro amor, Jes\u00fas afirma a continuaci\u00f3n: \u00abNo hay amor m\u00e1s grande que dar la vida por los amigos\u00bb (<i>Jn\u00a0<\/i>15,13).<\/p>\n<p>Es el mensaje del amor, que Jes\u00fas define mandamiento \u201cnuevo\u201d. Nuevo porque transforma en positivo y ampl\u00eda en gran medida la exhortaci\u00f3n del Antiguo Testamento, que dec\u00eda: \u201cNo hagas a los dem\u00e1s lo que no quisieras que te hagan a ti\u201d.<\/p>\n<p>El amor que Jes\u00fas revela no conoce l\u00edmites y debe caracterizar los pensamientos y la acci\u00f3n de todos sus disc\u00edpulos, que en su conducta siempre deben manifestar un amor aut\u00e9ntico y comprometerse en la construcci\u00f3n de una nueva civilizaci\u00f3n, que\u00a0<a href=\"https:\/\/www.vatican.va\/content\/paul-vi\/es.html\">Pablo VI<\/a>\u00a0llam\u00f3 \u201ccivilizaci\u00f3n del amor\u201d. El amor es la \u00fanica fuerza capaz de cambiar el mundo.<\/p>\n<p>Jes\u00fas nos ha dado ejemplo de este amor al comienzo de la \u00faltima cena con un gesto sorprendente: se abaj\u00f3 al servicio de los dem\u00e1s, lavando los pies a los Ap\u00f3stoles, sin discriminaciones, sin excluir a Judas que lo iba a traicionar.<\/p>\n<p>Este mensaje de Jes\u00fas se enlaza con lo que hemos escuchado en la primera lectura de la Misa, en la que el profeta Isa\u00edas nos ha recordado que la cualidad fundamental de los Pastores es el amor hasta el don total de s\u00ed.<\/p>\n<p>De los textos lit\u00fargicos de esta celebraci\u00f3n eucar\u00edstica nos llega, por tanto, una invitaci\u00f3n al amor fraterno, a la ayuda mutua y al compromiso por la comuni\u00f3n eclesial y la fraternidad humana universal. Entre las tareas de todo sucesor de Pedro est\u00e1 la de acrecentar la comuni\u00f3n: comuni\u00f3n de todos los cristianos con Cristo; comuni\u00f3n de los obispos con el Papa; comuni\u00f3n entre los obispos. No una comuni\u00f3n autorreferencial, sino dirigida totalmente a la comuni\u00f3n entre las personas, los pueblos y las culturas, velando para que la Iglesia sea siempre \u201ccasa y escuela de comuni\u00f3n\u201d.<\/p>\n<p>Tambi\u00e9n es fuerte la llamada a mantener la unidad de la Iglesia en la senda trazada por Cristo a los Ap\u00f3stoles. La unidad de la Iglesia es querida por Cristo; una unidad que no significa uniformidad, sino una firme y profunda comuni\u00f3n en la diversidad, siempre que se mantenga en plena fidelidad al Evangelio.<\/p>\n<p>Todo Papa sigue encarnando a Pedro y su misi\u00f3n, y de esa manera representa a Cristo en la tierra; \u00e9l es la roca sobre la cual se edifica la Iglesia (cf.\u00a0<i>Mt<\/i>\u00a016,18).<\/p>\n<p>La elecci\u00f3n del nuevo Papa no es una simple sucesi\u00f3n de personas, sino que es siempre el ap\u00f3stol Pedro que regresa.<\/p>\n<p>Los cardenales electores expresar\u00e1n su voto en la Capilla Sixtina, donde \u2014como dice la Constituci\u00f3n apost\u00f3lica\u00a0<i><a href=\"https:\/\/www.vatican.va\/content\/john-paul-ii\/es\/apost_constitutions\/documents\/hf_jp-ii_apc_22021996_universi-dominici-gregis.html\" target=\"_blank\" rel=\"noopener\">Universi dominici gregis<\/a><\/i>\u2014 \u00abtodo contribuye a hacer m\u00e1s viva la presencia de Dios, ante el cual cada uno deber\u00e1 presentarse un d\u00eda para ser juzgado\u00bb.<\/p>\n<p>En\u00a0<i>Tr\u00edptico Romano<\/i>, el\u00a0<a href=\"https:\/\/www.vatican.va\/content\/john-paul-ii\/es.html\" target=\"_blank\" rel=\"noopener\">Papa Juan Pablo II<\/a>\u00a0expresaba el deseo de que, en las horas de la gran decisi\u00f3n mediante el voto, la majestuosa imagen de Miguel \u00c1ngel que representa a Jes\u00fas Juez recordase a cada uno la grandeza de la responsabilidad de poner las \u201csoberanas llaves\u201d (Dante) en las manos adecuadas.<\/p>\n<p>Recemos, por tanto, para que el Esp\u00edritu Santo, que en los \u00faltimos cien a\u00f1os nos ha dado una serie de Pont\u00edfices verdaderamente santos y grandes, nos regale un nuevo Papa seg\u00fan el coraz\u00f3n de Dios para el bien de la Iglesia y de la humanidad.<\/p>\n<p>Recemos para que Dios conceda a la Iglesia el Papa que mejor sepa despertar las conciencias de todos y las fuerzas morales y espirituales en la sociedad actual, caracterizada por un gran progreso tecnol\u00f3gico, pero que tiende a olvidarse de Dios.<\/p>\n<p>El mundo de hoy espera mucho de la Iglesia para la tutela de esos valores fundamentales, humanos y espirituales, sin los cuales la convivencia humana no ser\u00e1 mejor ni portadora de bien para las generaciones futuras.<\/p>\n<p>Que la Bienaventurada Virgen Mar\u00eda, Madre de la Iglesia, intervenga con su intercesi\u00f3n maternal, para que el Esp\u00edritu Santo ilumine las mentes de los cardenales electores y los haga concordes en la elecci\u00f3n del Papa que necesita nuestro tiempo.<\/p>\n<\/div>\n<p><a href=\"https:\/\/www.vatican.va\/news_services\/liturgy\/libretti\/2025\/20250507-libretto-missa-proeligendo.pdf\" target=\"_blank\" rel=\"noopener\"><em><strong>Libreto de la misa<\/strong><\/em><\/a><\/p>\n<p><iframe loading=\"lazy\" title=\"Santa Misa por la elecci\u00f3n del Romano Pont\u00edfice\" width=\"500\" height=\"281\" src=\"https:\/\/www.youtube.com\/embed\/MOivyejrJUk?feature=oembed\" frameborder=\"0\" allow=\"accelerometer; autoplay; clipboard-write; encrypted-media; gyroscope; picture-in-picture; web-share\" referrerpolicy=\"strict-origin-when-cross-origin\" allowfullscreen><\/iframe><\/p>\n","protected":false},"excerpt":{"rendered":"<p>Santa Misa por la elecci\u00f3n del Romano Pont\u00edfice<\/p>\n","protected":false},"author":15,"featured_media":125363,"comment_status":"closed","ping_status":"closed","sticky":false,"template":"","format":"standard","meta":{"_acf_changed":false,"_crdt_document":"","inline_featured_image":false,"footnotes":""},"categories":[132],"tags":[29330,57850,29327,40314,57848,57844,46352,57851,27744,26519,35501,57853,13293,448,57849,51788,6026,57854,2226,449,57855,45175,56596,57845,602,57846,57847,57856,704,57852,46804,4953,23255],"class_list":["post-125362","post","type-post","status-publish","format-standard","has-post-thumbnail","hentry","category-vaticano-es","tag-altar-de-la-confesion","tag-amor-cambia-el-mundo","tag-basilica-vaticana","tag-capilla-sixtina","tag-cardenal-decano","tag-cardenal-re","tag-cardenales-electores","tag-casa-y-escuela-de-comunion","tag-comunion-cristiana","tag-comunion-eclesial","tag-conclave-2","tag-despertar-conciencias","tag-eleccion-papa","tag-espiritu-santo","tag-evangelio-de-juan","tag-fidelidad-al-evangelio","tag-fraternidad-humana","tag-fuerzas-morales-y-espirituales","tag-humanidad","tag-iglesia-catolica","tag-juicio-final-miguel-angel","tag-mandamiento-del-amor","tag-misa-pro-eligendo-pontifice","tag-momento-historico-dificil","tag-obispos","tag-papa-de-la-comunion","tag-papa-de-la-unidad","tag-responsabilidad-pontificado","tag-santa-misa","tag-sucesion-de-pedro","tag-sucesor-de-pedro","tag-trending-es","tag-unidad-en-la-diversidad"],"acf":[],"yoast_head":"<!-- This site is optimized with the Yoast SEO plugin v27.5 - https:\/\/yoast.com\/product\/yoast-seo-wordpress\/ -->\n<title>Cardenal Re: Momento hist\u00f3rico, que sea elegido el Papa de la comuni\u00f3n y la unidad &#8211; Exaudi<\/title>\n<meta name=\"robots\" content=\"index, follow, max-snippet:-1, max-image-preview:large, max-video-preview:-1\" \/>\n<link rel=\"canonical\" href=\"https:\/\/exaudi.org\/es\/cardenal-re-momento-historico-elegido-papa-comunion-unidad\/\" \/>\n<meta property=\"og:locale\" content=\"es_ES\" \/>\n<meta property=\"og:type\" content=\"article\" \/>\n<meta property=\"og:title\" content=\"Cardenal Re: Momento hist\u00f3rico, que sea elegido el Papa de la comuni\u00f3n y la unidad &#8211; Exaudi\" \/>\n<meta property=\"og:description\" content=\"Santa Misa por la elecci\u00f3n del Romano Pont\u00edfice\" \/>\n<meta property=\"og:url\" content=\"https:\/\/exaudi.org\/es\/cardenal-re-momento-historico-elegido-papa-comunion-unidad\/\" \/>\n<meta property=\"og:site_name\" content=\"Exaudi\" \/>\n<meta property=\"article:publisher\" content=\"https:\/\/www.facebook.com\/ExaudiNews\" \/>\n<meta property=\"article:author\" content=\"https:\/\/www.facebook.com\/ExaudiNoticias\/\" \/>\n<meta property=\"article:published_time\" content=\"2025-05-07T10:01:18+00:00\" \/>\n<meta property=\"article:modified_time\" content=\"2025-05-07T19:42:16+00:00\" \/>\n<meta property=\"og:image\" content=\"https:\/\/exaudi.org\/wp-content\/uploads\/2025\/05\/cq5dam.thumbnail.cropped.750.422-1-1.jpeg\" \/>\n\t<meta property=\"og:image:width\" content=\"750\" \/>\n\t<meta property=\"og:image:height\" content=\"422\" \/>\n\t<meta property=\"og:image:type\" content=\"image\/jpeg\" \/>\n<meta name=\"author\" content=\"Exaudi Redacci\u00f3n\" \/>\n<meta name=\"twitter:card\" content=\"summary_large_image\" \/>\n<meta name=\"twitter:creator\" content=\"@Exaudi_noticias\" \/>\n<meta name=\"twitter:site\" content=\"@Exaudi_News\" \/>\n<meta name=\"twitter:label1\" content=\"Escrito por\" \/>\n\t<meta name=\"twitter:data1\" content=\"Exaudi Redacci\u00f3n\" \/>\n\t<meta name=\"twitter:label2\" content=\"Tiempo de lectura\" \/>\n\t<meta name=\"twitter:data2\" content=\"9 minutos\" \/>\n<script type=\"application\/ld+json\" class=\"yoast-schema-graph\">{\"@context\":\"https:\\\/\\\/schema.org\",\"@graph\":[{\"@type\":\"Article\",\"@id\":\"https:\\\/\\\/exaudi.org\\\/es\\\/cardenal-re-momento-historico-elegido-papa-comunion-unidad\\\/#article\",\"isPartOf\":{\"@id\":\"https:\\\/\\\/exaudi.org\\\/es\\\/cardenal-re-momento-historico-elegido-papa-comunion-unidad\\\/\"},\"author\":{\"name\":\"Exaudi Redacci\u00f3n\",\"@id\":\"https:\\\/\\\/exaudi.org\\\/#\\\/schema\\\/person\\\/f5fc8f063065e38742da7afe15f25df7\"},\"headline\":\"Cardenal Re: Momento hist\u00f3rico, que sea elegido el Papa de la comuni\u00f3n y la unidad\",\"datePublished\":\"2025-05-07T10:01:18+00:00\",\"dateModified\":\"2025-05-07T19:42:16+00:00\",\"mainEntityOfPage\":{\"@id\":\"https:\\\/\\\/exaudi.org\\\/es\\\/cardenal-re-momento-historico-elegido-papa-comunion-unidad\\\/\"},\"wordCount\":1818,\"image\":{\"@id\":\"https:\\\/\\\/exaudi.org\\\/es\\\/cardenal-re-momento-historico-elegido-papa-comunion-unidad\\\/#primaryimage\"},\"thumbnailUrl\":\"https:\\\/\\\/exaudi.org\\\/wp-content\\\/uploads\\\/2025\\\/05\\\/cq5dam.thumbnail.cropped.750.422-1-1.jpeg\",\"keywords\":[\"altar de la Confesi\u00f3n\",\"amor cambia el mundo\",\"Bas\u00edlica Vaticana\",\"Capilla Sixtina\",\"cardenal decano\",\"Cardenal Re\",\"cardenales electores\",\"casa y escuela de comuni\u00f3n\",\"Comuni\u00f3n Cristiana\",\"comuni\u00f3n eclesial\",\"C\u00f3nclave\",\"despertar conciencias\",\"Elecci\u00f3n Papa\",\"Esp\u00edritu Santo\",\"evangelio de juan\",\"fidelidad al Evangelio\",\"Fraternidad humana\",\"fuerzas morales y espirituales\",\"Humanidad\",\"Iglesia cat\u00f3lica\",\"juicio final miguel \u00e1ngel\",\"mandamiento del amor\",\"misa pro eligendo Pontifice\",\"momento hist\u00f3rico dif\u00edcil\",\"obispos\",\"papa de la comuni\u00f3n\",\"papa de la unidad\",\"responsabilidad pontificado\",\"Santa Misa\",\"sucesi\u00f3n de pedro\",\"Sucesor de Pedro\",\"Trending\",\"Unidad en la Diversidad\"],\"articleSection\":[\"Vaticano\"],\"inLanguage\":\"es\"},{\"@type\":\"WebPage\",\"@id\":\"https:\\\/\\\/exaudi.org\\\/es\\\/cardenal-re-momento-historico-elegido-papa-comunion-unidad\\\/\",\"url\":\"https:\\\/\\\/exaudi.org\\\/es\\\/cardenal-re-momento-historico-elegido-papa-comunion-unidad\\\/\",\"name\":\"Cardenal Re: Momento hist\u00f3rico, que sea elegido el Papa de la comuni\u00f3n y la unidad &#8211; Exaudi\",\"isPartOf\":{\"@id\":\"https:\\\/\\\/exaudi.org\\\/#website\"},\"primaryImageOfPage\":{\"@id\":\"https:\\\/\\\/exaudi.org\\\/es\\\/cardenal-re-momento-historico-elegido-papa-comunion-unidad\\\/#primaryimage\"},\"image\":{\"@id\":\"https:\\\/\\\/exaudi.org\\\/es\\\/cardenal-re-momento-historico-elegido-papa-comunion-unidad\\\/#primaryimage\"},\"thumbnailUrl\":\"https:\\\/\\\/exaudi.org\\\/wp-content\\\/uploads\\\/2025\\\/05\\\/cq5dam.thumbnail.cropped.750.422-1-1.jpeg\",\"datePublished\":\"2025-05-07T10:01:18+00:00\",\"dateModified\":\"2025-05-07T19:42:16+00:00\",\"author\":{\"@id\":\"https:\\\/\\\/exaudi.org\\\/#\\\/schema\\\/person\\\/f5fc8f063065e38742da7afe15f25df7\"},\"breadcrumb\":{\"@id\":\"https:\\\/\\\/exaudi.org\\\/es\\\/cardenal-re-momento-historico-elegido-papa-comunion-unidad\\\/#breadcrumb\"},\"inLanguage\":\"es\",\"potentialAction\":[{\"@type\":\"ReadAction\",\"target\":[\"https:\\\/\\\/exaudi.org\\\/es\\\/cardenal-re-momento-historico-elegido-papa-comunion-unidad\\\/\"]}]},{\"@type\":\"ImageObject\",\"inLanguage\":\"es\",\"@id\":\"https:\\\/\\\/exaudi.org\\\/es\\\/cardenal-re-momento-historico-elegido-papa-comunion-unidad\\\/#primaryimage\",\"url\":\"https:\\\/\\\/exaudi.org\\\/wp-content\\\/uploads\\\/2025\\\/05\\\/cq5dam.thumbnail.cropped.750.422-1-1.jpeg\",\"contentUrl\":\"https:\\\/\\\/exaudi.org\\\/wp-content\\\/uploads\\\/2025\\\/05\\\/cq5dam.thumbnail.cropped.750.422-1-1.jpeg\",\"width\":750,\"height\":422},{\"@type\":\"BreadcrumbList\",\"@id\":\"https:\\\/\\\/exaudi.org\\\/es\\\/cardenal-re-momento-historico-elegido-papa-comunion-unidad\\\/#breadcrumb\",\"itemListElement\":[{\"@type\":\"ListItem\",\"position\":1,\"name\":\"Portada\",\"item\":\"https:\\\/\\\/exaudi.org\\\/es\\\/\"},{\"@type\":\"ListItem\",\"position\":2,\"name\":\"Cardenal Re: Momento hist\u00f3rico, que sea elegido el Papa de la comuni\u00f3n y la unidad\"}]},{\"@type\":\"WebSite\",\"@id\":\"https:\\\/\\\/exaudi.org\\\/#website\",\"url\":\"https:\\\/\\\/exaudi.org\\\/\",\"name\":\"Exaudi\",\"description\":\"News\",\"potentialAction\":[{\"@type\":\"SearchAction\",\"target\":{\"@type\":\"EntryPoint\",\"urlTemplate\":\"https:\\\/\\\/exaudi.org\\\/?s={search_term_string}\"},\"query-input\":{\"@type\":\"PropertyValueSpecification\",\"valueRequired\":true,\"valueName\":\"search_term_string\"}}],\"inLanguage\":\"es\"},{\"@type\":\"Person\",\"@id\":\"https:\\\/\\\/exaudi.org\\\/#\\\/schema\\\/person\\\/f5fc8f063065e38742da7afe15f25df7\",\"name\":\"Exaudi Redacci\u00f3n\",\"image\":{\"@type\":\"ImageObject\",\"inLanguage\":\"es\",\"@id\":\"https:\\\/\\\/secure.gravatar.com\\\/avatar\\\/fe0f6a059fb68d9b3e11bc5850dd4899b1c7492091a3cb6dd9b01b56ad828be2?s=96&d=mm&r=g\",\"url\":\"https:\\\/\\\/secure.gravatar.com\\\/avatar\\\/fe0f6a059fb68d9b3e11bc5850dd4899b1c7492091a3cb6dd9b01b56ad828be2?s=96&d=mm&r=g\",\"contentUrl\":\"https:\\\/\\\/secure.gravatar.com\\\/avatar\\\/fe0f6a059fb68d9b3e11bc5850dd4899b1c7492091a3cb6dd9b01b56ad828be2?s=96&d=mm&r=g\",\"caption\":\"Exaudi Redacci\u00f3n\"},\"description\":\"\u00bfQu\u00e9 es Exaudi News? Exaudi News es un medio de comunicaci\u00f3n cat\u00f3lico internacional que informa, forma y transforma, diariamente en espa\u00f1ol, ingl\u00e9s e italiano. A trav\u00e9s de noticias, art\u00edculos de an\u00e1lisis y transmisiones en directo de los eventos del Papa, Exaudi busca fortalecer la unidad de los cristianos y contribuir a la evangelizaci\u00f3n del mundo, siempre guiados por la doctrina social de la Iglesia. Trabajamos para acercar la verdad y los valores cristianos a cada rinc\u00f3n del planeta. \u00a1Ay\u00fadanos a transformar el mundo con Exaudi! En Exaudi creemos que la evangelizaci\u00f3n y la informaci\u00f3n de calidad pueden cambiar vidas. Para continuar con nuestra misi\u00f3n y expandir nuestro alcance, necesitamos tu ayuda. Adem\u00e1s, buscamos personas comprometidas que deseen unirse a nuestro equipo. Con tu apoyo, lograremos llegar a m\u00e1s personas, difundir el mensaje de Cristo y reforzar la unidad de los cristianos. \u00bfTe unes a nuestra misi\u00f3n? Para m\u00e1s informaci\u00f3n sobre c\u00f3mo colaborar, visita Exaudi.org\\\/es o cont\u00e1ctanos directamente: info@exaudi.org Exaudi: Informa, forma y transforma.\",\"sameAs\":[\"https:\\\/\\\/www.facebook.com\\\/ExaudiNoticias\\\/\",\"https:\\\/\\\/www.instagram.com\\\/exaudi_noticias\\\/\",\"https:\\\/\\\/x.com\\\/Exaudi_noticias\",\"https:\\\/\\\/www.youtube.com\\\/@exaudicatholicnews\"],\"url\":\"https:\\\/\\\/exaudi.org\\\/es\\\/author\\\/redaccionexaudi\\\/\"}]}<\/script>\n<!-- \/ Yoast SEO plugin. -->","yoast_head_json":{"title":"Cardenal Re: Momento hist\u00f3rico, que sea elegido el Papa de la comuni\u00f3n y la unidad &#8211; Exaudi","robots":{"index":"index","follow":"follow","max-snippet":"max-snippet:-1","max-image-preview":"max-image-preview:large","max-video-preview":"max-video-preview:-1"},"canonical":"https:\/\/exaudi.org\/es\/cardenal-re-momento-historico-elegido-papa-comunion-unidad\/","og_locale":"es_ES","og_type":"article","og_title":"Cardenal Re: Momento hist\u00f3rico, que sea elegido el Papa de la comuni\u00f3n y la unidad &#8211; Exaudi","og_description":"Santa Misa por la elecci\u00f3n del Romano Pont\u00edfice","og_url":"https:\/\/exaudi.org\/es\/cardenal-re-momento-historico-elegido-papa-comunion-unidad\/","og_site_name":"Exaudi","article_publisher":"https:\/\/www.facebook.com\/ExaudiNews","article_author":"https:\/\/www.facebook.com\/ExaudiNoticias\/","article_published_time":"2025-05-07T10:01:18+00:00","article_modified_time":"2025-05-07T19:42:16+00:00","og_image":[{"width":750,"height":422,"url":"https:\/\/exaudi.org\/wp-content\/uploads\/2025\/05\/cq5dam.thumbnail.cropped.750.422-1-1.jpeg","type":"image\/jpeg"}],"author":"Exaudi Redacci\u00f3n","twitter_card":"summary_large_image","twitter_creator":"@Exaudi_noticias","twitter_site":"@Exaudi_News","twitter_misc":{"Escrito por":"Exaudi Redacci\u00f3n","Tiempo de lectura":"9 minutos"},"schema":{"@context":"https:\/\/schema.org","@graph":[{"@type":"Article","@id":"https:\/\/exaudi.org\/es\/cardenal-re-momento-historico-elegido-papa-comunion-unidad\/#article","isPartOf":{"@id":"https:\/\/exaudi.org\/es\/cardenal-re-momento-historico-elegido-papa-comunion-unidad\/"},"author":{"name":"Exaudi Redacci\u00f3n","@id":"https:\/\/exaudi.org\/#\/schema\/person\/f5fc8f063065e38742da7afe15f25df7"},"headline":"Cardenal Re: Momento hist\u00f3rico, que sea elegido el Papa de la comuni\u00f3n y la unidad","datePublished":"2025-05-07T10:01:18+00:00","dateModified":"2025-05-07T19:42:16+00:00","mainEntityOfPage":{"@id":"https:\/\/exaudi.org\/es\/cardenal-re-momento-historico-elegido-papa-comunion-unidad\/"},"wordCount":1818,"image":{"@id":"https:\/\/exaudi.org\/es\/cardenal-re-momento-historico-elegido-papa-comunion-unidad\/#primaryimage"},"thumbnailUrl":"https:\/\/exaudi.org\/wp-content\/uploads\/2025\/05\/cq5dam.thumbnail.cropped.750.422-1-1.jpeg","keywords":["altar de la Confesi\u00f3n","amor cambia el mundo","Bas\u00edlica Vaticana","Capilla Sixtina","cardenal decano","Cardenal Re","cardenales electores","casa y escuela de comuni\u00f3n","Comuni\u00f3n Cristiana","comuni\u00f3n eclesial","C\u00f3nclave","despertar conciencias","Elecci\u00f3n Papa","Esp\u00edritu Santo","evangelio de juan","fidelidad al Evangelio","Fraternidad humana","fuerzas morales y espirituales","Humanidad","Iglesia cat\u00f3lica","juicio final miguel \u00e1ngel","mandamiento del amor","misa pro eligendo Pontifice","momento hist\u00f3rico dif\u00edcil","obispos","papa de la comuni\u00f3n","papa de la unidad","responsabilidad pontificado","Santa Misa","sucesi\u00f3n de pedro","Sucesor de Pedro","Trending","Unidad en la Diversidad"],"articleSection":["Vaticano"],"inLanguage":"es"},{"@type":"WebPage","@id":"https:\/\/exaudi.org\/es\/cardenal-re-momento-historico-elegido-papa-comunion-unidad\/","url":"https:\/\/exaudi.org\/es\/cardenal-re-momento-historico-elegido-papa-comunion-unidad\/","name":"Cardenal Re: Momento hist\u00f3rico, que sea elegido el Papa de la comuni\u00f3n y la unidad &#8211; Exaudi","isPartOf":{"@id":"https:\/\/exaudi.org\/#website"},"primaryImageOfPage":{"@id":"https:\/\/exaudi.org\/es\/cardenal-re-momento-historico-elegido-papa-comunion-unidad\/#primaryimage"},"image":{"@id":"https:\/\/exaudi.org\/es\/cardenal-re-momento-historico-elegido-papa-comunion-unidad\/#primaryimage"},"thumbnailUrl":"https:\/\/exaudi.org\/wp-content\/uploads\/2025\/05\/cq5dam.thumbnail.cropped.750.422-1-1.jpeg","datePublished":"2025-05-07T10:01:18+00:00","dateModified":"2025-05-07T19:42:16+00:00","author":{"@id":"https:\/\/exaudi.org\/#\/schema\/person\/f5fc8f063065e38742da7afe15f25df7"},"breadcrumb":{"@id":"https:\/\/exaudi.org\/es\/cardenal-re-momento-historico-elegido-papa-comunion-unidad\/#breadcrumb"},"inLanguage":"es","potentialAction":[{"@type":"ReadAction","target":["https:\/\/exaudi.org\/es\/cardenal-re-momento-historico-elegido-papa-comunion-unidad\/"]}]},{"@type":"ImageObject","inLanguage":"es","@id":"https:\/\/exaudi.org\/es\/cardenal-re-momento-historico-elegido-papa-comunion-unidad\/#primaryimage","url":"https:\/\/exaudi.org\/wp-content\/uploads\/2025\/05\/cq5dam.thumbnail.cropped.750.422-1-1.jpeg","contentUrl":"https:\/\/exaudi.org\/wp-content\/uploads\/2025\/05\/cq5dam.thumbnail.cropped.750.422-1-1.jpeg","width":750,"height":422},{"@type":"BreadcrumbList","@id":"https:\/\/exaudi.org\/es\/cardenal-re-momento-historico-elegido-papa-comunion-unidad\/#breadcrumb","itemListElement":[{"@type":"ListItem","position":1,"name":"Portada","item":"https:\/\/exaudi.org\/es\/"},{"@type":"ListItem","position":2,"name":"Cardenal Re: Momento hist\u00f3rico, que sea elegido el Papa de la comuni\u00f3n y la unidad"}]},{"@type":"WebSite","@id":"https:\/\/exaudi.org\/#website","url":"https:\/\/exaudi.org\/","name":"Exaudi","description":"News","potentialAction":[{"@type":"SearchAction","target":{"@type":"EntryPoint","urlTemplate":"https:\/\/exaudi.org\/?s={search_term_string}"},"query-input":{"@type":"PropertyValueSpecification","valueRequired":true,"valueName":"search_term_string"}}],"inLanguage":"es"},{"@type":"Person","@id":"https:\/\/exaudi.org\/#\/schema\/person\/f5fc8f063065e38742da7afe15f25df7","name":"Exaudi Redacci\u00f3n","image":{"@type":"ImageObject","inLanguage":"es","@id":"https:\/\/secure.gravatar.com\/avatar\/fe0f6a059fb68d9b3e11bc5850dd4899b1c7492091a3cb6dd9b01b56ad828be2?s=96&d=mm&r=g","url":"https:\/\/secure.gravatar.com\/avatar\/fe0f6a059fb68d9b3e11bc5850dd4899b1c7492091a3cb6dd9b01b56ad828be2?s=96&d=mm&r=g","contentUrl":"https:\/\/secure.gravatar.com\/avatar\/fe0f6a059fb68d9b3e11bc5850dd4899b1c7492091a3cb6dd9b01b56ad828be2?s=96&d=mm&r=g","caption":"Exaudi Redacci\u00f3n"},"description":"\u00bfQu\u00e9 es Exaudi News? Exaudi News es un medio de comunicaci\u00f3n cat\u00f3lico internacional que informa, forma y transforma, diariamente en espa\u00f1ol, ingl\u00e9s e italiano. A trav\u00e9s de noticias, art\u00edculos de an\u00e1lisis y transmisiones en directo de los eventos del Papa, Exaudi busca fortalecer la unidad de los cristianos y contribuir a la evangelizaci\u00f3n del mundo, siempre guiados por la doctrina social de la Iglesia. Trabajamos para acercar la verdad y los valores cristianos a cada rinc\u00f3n del planeta. \u00a1Ay\u00fadanos a transformar el mundo con Exaudi! En Exaudi creemos que la evangelizaci\u00f3n y la informaci\u00f3n de calidad pueden cambiar vidas. Para continuar con nuestra misi\u00f3n y expandir nuestro alcance, necesitamos tu ayuda. Adem\u00e1s, buscamos personas comprometidas que deseen unirse a nuestro equipo. Con tu apoyo, lograremos llegar a m\u00e1s personas, difundir el mensaje de Cristo y reforzar la unidad de los cristianos. \u00bfTe unes a nuestra misi\u00f3n? Para m\u00e1s informaci\u00f3n sobre c\u00f3mo colaborar, visita Exaudi.org\/es o cont\u00e1ctanos directamente: info@exaudi.org Exaudi: Informa, forma y transforma.","sameAs":["https:\/\/www.facebook.com\/ExaudiNoticias\/","https:\/\/www.instagram.com\/exaudi_noticias\/","https:\/\/x.com\/Exaudi_noticias","https:\/\/www.youtube.com\/@exaudicatholicnews"],"url":"https:\/\/exaudi.org\/es\/author\/redaccionexaudi\/"}]}},"jetpack_featured_media_url":"https:\/\/exaudi.org\/wp-content\/uploads\/2025\/05\/cq5dam.thumbnail.cropped.750.422-1-1.jpeg","jetpack_shortlink":"https:\/\/wp.me\/pgKjF2-wBY","_links":{"self":[{"href":"https:\/\/exaudi.org\/es\/wp-json\/wp\/v2\/posts\/125362","targetHints":{"allow":["GET"]}}],"collection":[{"href":"https:\/\/exaudi.org\/es\/wp-json\/wp\/v2\/posts"}],"about":[{"href":"https:\/\/exaudi.org\/es\/wp-json\/wp\/v2\/types\/post"}],"author":[{"embeddable":true,"href":"https:\/\/exaudi.org\/es\/wp-json\/wp\/v2\/users\/15"}],"replies":[{"embeddable":true,"href":"https:\/\/exaudi.org\/es\/wp-json\/wp\/v2\/comments?post=125362"}],"version-history":[{"count":0,"href":"https:\/\/exaudi.org\/es\/wp-json\/wp\/v2\/posts\/125362\/revisions"}],"wp:featuredmedia":[{"embeddable":true,"href":"https:\/\/exaudi.org\/es\/wp-json\/wp\/v2\/media\/125363"}],"wp:attachment":[{"href":"https:\/\/exaudi.org\/es\/wp-json\/wp\/v2\/media?parent=125362"}],"wp:term":[{"taxonomy":"category","embeddable":true,"href":"https:\/\/exaudi.org\/es\/wp-json\/wp\/v2\/categories?post=125362"},{"taxonomy":"post_tag","embeddable":true,"href":"https:\/\/exaudi.org\/es\/wp-json\/wp\/v2\/tags?post=125362"}],"curies":[{"name":"wp","href":"https:\/\/api.w.org\/{rel}","templated":true}]}}