{"id":125087,"date":"2025-05-05T09:30:31","date_gmt":"2025-05-05T07:30:31","guid":{"rendered":"https:\/\/exaudi.org\/?p=125087"},"modified":"2025-05-05T10:18:03","modified_gmt":"2025-05-05T08:18:03","slug":"francisco-ii-vinas-y-siervos","status":"publish","type":"post","link":"https:\/\/exaudi.org\/es\/francisco-ii-vinas-y-siervos\/","title":{"rendered":"Francisco II. Vi\u00f1as y siervos"},"content":{"rendered":"<p>En este segundo y \u00faltimo Cap\u00edtulo voy a intentar una aproximaci\u00f3n a este preciso C\u00f3nclave, desde la evangelizaci\u00f3n, que es la finalidad de la Iglesia. Para explicar su misi\u00f3n a los Doce, Cristo empleo con frecuencia las im\u00e1genes de las mieses y las vi\u00f1as, de los labradores y los siervos. Les dice: Levantad los ojos y contemplad los campos, que est\u00e1n ya dorados para la siega. Y tambi\u00e9n: La mies es abundante, pero los trabajadores son pocos; rogad, pues, al Se\u00f1or de la mies que mande trabajadores a su mies (Mt 9, 35-38). Voy a seguir la indicaci\u00f3n de Cristo: contemplar las necesidades de la vi\u00f1a del Se\u00f1or, y los trabajadores que est\u00e1 enviando, en este momento de la historia. Naturalmente, se trata de mi visi\u00f3n personal.<\/p>\n<p><iframe title=\"Spotify Embed: Francisco II. Vi\u00f1as y siervos\" style=\"border-radius: 12px\" width=\"100%\" height=\"152\" frameborder=\"0\" allowfullscreen allow=\"autoplay; clipboard-write; encrypted-media; fullscreen; picture-in-picture\" loading=\"lazy\" src=\"https:\/\/open.spotify.com\/embed\/episode\/4mZ2cBv72sXDZP2qg5cpTN?si=b566ba47488f4926&#038;utm_source=oembed\"><\/iframe><\/p>\n<p>La resumir\u00e9 en tres grandes rasgos.<\/p>\n<ol>\n<li>Claridad doctrinal. Imprescindible para la unidad y la evangelizaci\u00f3n De la Iglesia universal<\/li>\n<li>Prioridades de la Evangelizaci\u00f3n en cada Continente: A. Occidente: di\u00e1logo con la cultura relativista, y Ecumenismo de la civilizaci\u00f3n post-cristiana B. \u00c1frica: educaci\u00f3n y caridad, y temas pastorales de inter\u00e9s general (di\u00e1logo con el Islam, y Sacramento del matrimonio) C. Asia: Minor\u00edas creativas y espiritualidad<\/li>\n<li>Santidad personal. Esta caracter\u00edstica contiene todo lo necesario para el Papa que necesita la iglesia.<\/li>\n<\/ol>\n<p class=\"\" data-start=\"190\" data-end=\"425\">El c\u00f3nclave no es una lucha de poder ni una competencia de talentos: es un momento de discernimiento para elegir al pastor que pueda guiar a la Iglesia en una nueva etapa de evangelizaci\u00f3n, unidad y claridad doctrinal.<\/p>\n<p class=\"\" data-start=\"453\" data-end=\"1071\">En tiempos de cambio profundo, tambi\u00e9n la Iglesia necesita detenerse, mirar hacia dentro y preguntarse: \u00bfqu\u00e9 clase de pastor necesita el pueblo de Dios? Frente al inminente c\u00f3nclave, muchos observadores externos caen en lecturas reduccionistas: una lucha de poder, una carrera de influencias o una competencia de cualidades humanas. Pero esta mirada pol\u00edtica o laicista no capta el sentido real del evento. El c\u00f3nclave es, ante todo, un acontecimiento espiritual. Es una llamada al discernimiento en clave evangelizadora, una s\u00faplica para que el Esp\u00edritu Santo ilumine a los cardenales en la elecci\u00f3n del pr\u00f3ximo Papa.<\/p>\n<p class=\"\" data-start=\"1073\" data-end=\"1398\">Jesucristo fund\u00f3 su Iglesia para evangelizar. Esa sigue siendo su misi\u00f3n central. Hoy, m\u00e1s que nunca, resuena la voz del Se\u00f1or: \u201cLa mies es mucha, pero los obreros son pocos.\u201d El nuevo Papa ser\u00e1 uno de esos obreros, elegido no para conquistar, sino para servir; no para imponer, sino para anunciar con fidelidad el Evangelio.<\/p>\n<p class=\"\" data-start=\"1400\" data-end=\"1833\">Vivimos un cambio de \u00e9poca. El mundo no es el mismo que hace cincuenta a\u00f1os, y eso tambi\u00e9n interpela a la Iglesia. Durante siglos, la fe ha sido transmitida no solo con palabras, sino tambi\u00e9n a trav\u00e9s de estructuras culturales, normas y tradiciones que han acompa\u00f1ado el mensaje cristiano. Pero no todas estas expresiones culturales han conservado su vitalidad. Algunas han envejecido, otras se han vuelto obst\u00e1culos m\u00e1s que puentes.<\/p>\n<p class=\"\" data-start=\"1835\" data-end=\"2222\">Uno de los rasgos distintivos del pontificado de Francisco ha sido precisamente este: subrayar el n\u00facleo esencial de la fe \u2014la misericordia, el amor de Dios manifestado en Cristo, la centralidad del Sagrado Coraz\u00f3n\u2014 frente a elementos secundarios o caducos. Su propuesta no ha sido tanto reformar la liturgia o el derecho, sino recordar el centro: el Evangelio vivo que transforma vidas.<\/p>\n<p class=\"\" data-start=\"2224\" data-end=\"2678\">Sin embargo, esta visi\u00f3n necesita completarse. El pr\u00f3ximo Papa deber\u00e1 retomar con profundidad la tarea teol\u00f3gica y doctrinal de discernir entre lo esencial y lo accesorio. No para dividir, sino para unir. No para limitar, sino para dar claridad. Porque sin esta clarificaci\u00f3n, el riesgo es grande: la confusi\u00f3n puede llevar a rupturas, e incluso a cismas. Por eso, la profundizaci\u00f3n doctrinal no es contraria a la evangelizaci\u00f3n, sino su aliada m\u00e1s fiel.<\/p>\n<p class=\"\" data-start=\"2680\" data-end=\"3032\">Se necesita un Papa que anuncie con fuerza el amor de Dios, que mantenga viva la Tradici\u00f3n apost\u00f3lica, y que al mismo tiempo tenga la valent\u00eda de separar lo vital de lo prescindible. Un Papa que vea el mundo como campo para la siembra y no como enemigo. Un Papa que nos ayude a todos a \u201clevantar los ojos y contemplar los campos dorados para la siega\u201d.<\/p>\n<p class=\"\" data-start=\"3034\" data-end=\"3404\">La Iglesia no busca un gestor ni un diplom\u00e1tico. Busca un pastor con coraz\u00f3n de padre, claridad de maestro y pasi\u00f3n de ap\u00f3stol. Que sepa escuchar al Esp\u00edritu y hablar al mundo. Que no huya del conflicto, pero que tampoco lo provoque innecesariamente. Que entienda que la verdadera reforma comienza en el coraz\u00f3n y se extiende, con paciencia y caridad, a toda la Iglesia.<\/p>\n<p><iframe loading=\"lazy\" title=\"FRANCISCO II. 2. Vi\u00f1as y siervos\" width=\"500\" height=\"281\" src=\"https:\/\/www.youtube.com\/embed\/P7sw4vMiksA?start=29&#038;feature=oembed\" frameborder=\"0\" allow=\"accelerometer; autoplay; clipboard-write; encrypted-media; gyroscope; picture-in-picture; web-share\" referrerpolicy=\"strict-origin-when-cross-origin\" allowfullscreen><\/iframe><\/p>\n<p class=\"noto_28\"><a href=\"https:\/\/exaudi.org\/es\/francisco-ii-retiro-de-oracion\/\" target=\"_blank\" rel=\"noopener\">Francisco II. Retiro de oraci\u00f3n.\u00a0(1 de 2) El Esp\u00edritu Santo, verdadero protagonista del C\u00f3nclave<\/a><\/p>\n<p><img loading=\"lazy\" decoding=\"async\" class=\"size-full wp-image-125092 alignnone\" src=\"https:\/\/exaudi.org\/wp-content\/uploads\/2025\/05\/Cortina-2.jpg\" alt=\"\" width=\"940\" height=\"788\" srcset=\"https:\/\/exaudi.org\/wp-content\/uploads\/2025\/05\/Cortina-2.jpg 940w, https:\/\/exaudi.org\/wp-content\/uploads\/2025\/05\/Cortina-2-300x251.jpg 300w, https:\/\/exaudi.org\/wp-content\/uploads\/2025\/05\/Cortina-2-770x645.jpg 770w, https:\/\/exaudi.org\/wp-content\/uploads\/2025\/05\/Cortina-2-500x419.jpg 500w\" sizes=\"auto, (max-width: 940px) 100vw, 940px\" \/><\/p>\n","protected":false},"excerpt":{"rendered":"<p>(2\/2) \u00bfQu\u00e9 Papa necesita hoy la Iglesia?<\/p>\n","protected":false},"author":126,"featured_media":125089,"comment_status":"closed","ping_status":"closed","sticky":false,"template":"","format":"standard","meta":{"_acf_changed":false,"_crdt_document":"","inline_featured_image":false,"footnotes":""},"categories":[72],"tags":[35501,55770,56631,35875,16989,46365,1019,2419,56624,449,57460,6479,57426,158,57454,57455,57458,57457,57456,57459,56581,46819,27329],"class_list":["post-125087","post","type-post","status-publish","format-standard","has-post-thumbnail","hentry","category-analisis","tag-conclave-2","tag-conclave-2025","tag-crisis-en-la-iglesia","tag-discernimiento-espiritual","tag-doctrina-catolica","tag-eleccion-del-papa","tag-evangelizacion","tag-featured","tag-futuro-del-catolicismo","tag-iglesia-catolica","tag-iglesia-y-cultura-actual","tag-mision-de-la-iglesia","tag-nuevo-papa","tag-papa-francisco","tag-papa-francisco-ii","tag-papa-futuro","tag-papa-pastoral","tag-papa-y-evangelio","tag-reforma-en-la-iglesia","tag-rol-del-papa","tag-sucesor-de-san-pedro","tag-tradicion-apostolica","tag-unidad-de-la-iglesia"],"acf":[],"yoast_head":"<!-- This site is optimized with the Yoast SEO plugin v27.5 - https:\/\/yoast.com\/product\/yoast-seo-wordpress\/ -->\n<title>Francisco II. Vi\u00f1as y siervos &#8211; Exaudi<\/title>\n<meta name=\"robots\" content=\"index, follow, max-snippet:-1, max-image-preview:large, max-video-preview:-1\" \/>\n<link rel=\"canonical\" href=\"https:\/\/exaudi.org\/es\/francisco-ii-vinas-y-siervos\/\" \/>\n<meta property=\"og:locale\" content=\"es_ES\" \/>\n<meta property=\"og:type\" content=\"article\" \/>\n<meta property=\"og:title\" content=\"Francisco II. Vi\u00f1as y siervos &#8211; Exaudi\" \/>\n<meta property=\"og:description\" content=\"(2\/2) \u00bfQu\u00e9 Papa necesita hoy la Iglesia?\" \/>\n<meta property=\"og:url\" content=\"https:\/\/exaudi.org\/es\/francisco-ii-vinas-y-siervos\/\" \/>\n<meta property=\"og:site_name\" content=\"Exaudi\" \/>\n<meta property=\"article:publisher\" content=\"https:\/\/www.facebook.com\/ExaudiNews\" \/>\n<meta property=\"article:published_time\" content=\"2025-05-05T07:30:31+00:00\" \/>\n<meta property=\"article:modified_time\" content=\"2025-05-05T08:18:03+00:00\" \/>\n<meta property=\"og:image\" content=\"https:\/\/exaudi.org\/wp-content\/uploads\/2025\/05\/1746427329245.jpg\" \/>\n\t<meta property=\"og:image:width\" content=\"1267\" \/>\n\t<meta property=\"og:image:height\" content=\"697\" \/>\n\t<meta property=\"og:image:type\" content=\"image\/jpeg\" \/>\n<meta name=\"author\" content=\"Luis Herrera Campo\" \/>\n<meta name=\"twitter:card\" content=\"summary_large_image\" \/>\n<meta name=\"twitter:creator\" content=\"@Exaudi_News\" \/>\n<meta name=\"twitter:site\" content=\"@Exaudi_News\" \/>\n<meta name=\"twitter:label1\" content=\"Escrito por\" \/>\n\t<meta name=\"twitter:data1\" content=\"Luis Herrera Campo\" \/>\n\t<meta name=\"twitter:label2\" content=\"Tiempo de lectura\" \/>\n\t<meta name=\"twitter:data2\" content=\"4 minutos\" \/>\n<script type=\"application\/ld+json\" class=\"yoast-schema-graph\">{\"@context\":\"https:\\\/\\\/schema.org\",\"@graph\":[{\"@type\":\"Article\",\"@id\":\"https:\\\/\\\/exaudi.org\\\/es\\\/francisco-ii-vinas-y-siervos\\\/#article\",\"isPartOf\":{\"@id\":\"https:\\\/\\\/exaudi.org\\\/es\\\/francisco-ii-vinas-y-siervos\\\/\"},\"author\":{\"name\":\"Luis Herrera Campo\",\"@id\":\"https:\\\/\\\/exaudi.org\\\/#\\\/schema\\\/person\\\/8ba25804983f8e88d3d71c3808a804bc\"},\"headline\":\"Francisco II. Vi\u00f1as y siervos\",\"datePublished\":\"2025-05-05T07:30:31+00:00\",\"dateModified\":\"2025-05-05T08:18:03+00:00\",\"mainEntityOfPage\":{\"@id\":\"https:\\\/\\\/exaudi.org\\\/es\\\/francisco-ii-vinas-y-siervos\\\/\"},\"wordCount\":839,\"image\":{\"@id\":\"https:\\\/\\\/exaudi.org\\\/es\\\/francisco-ii-vinas-y-siervos\\\/#primaryimage\"},\"thumbnailUrl\":\"https:\\\/\\\/exaudi.org\\\/wp-content\\\/uploads\\\/2025\\\/05\\\/1746427329245.jpg\",\"keywords\":[\"C\u00f3nclave\",\"c\u00f3nclave 2025\",\"crisis en la Iglesia\",\"discernimiento espiritual\",\"doctrina cat\u00f3lica\",\"elecci\u00f3n del Papa\",\"Evangelizaci\u00f3n\",\"Featured\",\"futuro del catolicismo\",\"Iglesia cat\u00f3lica\",\"iglesia y cultura actual\",\"Misi\u00f3n de la Iglesia\",\"nuevo Papa\",\"papa francisco\",\"papa francisco II\",\"papa futuro\",\"papa pastoral\",\"papa y evangelio\",\"reforma en la iglesia\",\"rol del papa\",\"sucesor de San Pedro\",\"tradici\u00f3n apost\u00f3lica\",\"unidad de la Iglesia\"],\"articleSection\":[\"An\u00e1lisis\"],\"inLanguage\":\"es\"},{\"@type\":\"WebPage\",\"@id\":\"https:\\\/\\\/exaudi.org\\\/es\\\/francisco-ii-vinas-y-siervos\\\/\",\"url\":\"https:\\\/\\\/exaudi.org\\\/es\\\/francisco-ii-vinas-y-siervos\\\/\",\"name\":\"Francisco II. Vi\u00f1as y siervos &#8211; Exaudi\",\"isPartOf\":{\"@id\":\"https:\\\/\\\/exaudi.org\\\/#website\"},\"primaryImageOfPage\":{\"@id\":\"https:\\\/\\\/exaudi.org\\\/es\\\/francisco-ii-vinas-y-siervos\\\/#primaryimage\"},\"image\":{\"@id\":\"https:\\\/\\\/exaudi.org\\\/es\\\/francisco-ii-vinas-y-siervos\\\/#primaryimage\"},\"thumbnailUrl\":\"https:\\\/\\\/exaudi.org\\\/wp-content\\\/uploads\\\/2025\\\/05\\\/1746427329245.jpg\",\"datePublished\":\"2025-05-05T07:30:31+00:00\",\"dateModified\":\"2025-05-05T08:18:03+00:00\",\"author\":{\"@id\":\"https:\\\/\\\/exaudi.org\\\/#\\\/schema\\\/person\\\/8ba25804983f8e88d3d71c3808a804bc\"},\"breadcrumb\":{\"@id\":\"https:\\\/\\\/exaudi.org\\\/es\\\/francisco-ii-vinas-y-siervos\\\/#breadcrumb\"},\"inLanguage\":\"es\",\"potentialAction\":[{\"@type\":\"ReadAction\",\"target\":[\"https:\\\/\\\/exaudi.org\\\/es\\\/francisco-ii-vinas-y-siervos\\\/\"]}]},{\"@type\":\"ImageObject\",\"inLanguage\":\"es\",\"@id\":\"https:\\\/\\\/exaudi.org\\\/es\\\/francisco-ii-vinas-y-siervos\\\/#primaryimage\",\"url\":\"https:\\\/\\\/exaudi.org\\\/wp-content\\\/uploads\\\/2025\\\/05\\\/1746427329245.jpg\",\"contentUrl\":\"https:\\\/\\\/exaudi.org\\\/wp-content\\\/uploads\\\/2025\\\/05\\\/1746427329245.jpg\",\"width\":1267,\"height\":697},{\"@type\":\"BreadcrumbList\",\"@id\":\"https:\\\/\\\/exaudi.org\\\/es\\\/francisco-ii-vinas-y-siervos\\\/#breadcrumb\",\"itemListElement\":[{\"@type\":\"ListItem\",\"position\":1,\"name\":\"Portada\",\"item\":\"https:\\\/\\\/exaudi.org\\\/es\\\/\"},{\"@type\":\"ListItem\",\"position\":2,\"name\":\"Francisco II. Vi\u00f1as y siervos\"}]},{\"@type\":\"WebSite\",\"@id\":\"https:\\\/\\\/exaudi.org\\\/#website\",\"url\":\"https:\\\/\\\/exaudi.org\\\/\",\"name\":\"Exaudi\",\"description\":\"News\",\"potentialAction\":[{\"@type\":\"SearchAction\",\"target\":{\"@type\":\"EntryPoint\",\"urlTemplate\":\"https:\\\/\\\/exaudi.org\\\/?s={search_term_string}\"},\"query-input\":{\"@type\":\"PropertyValueSpecification\",\"valueRequired\":true,\"valueName\":\"search_term_string\"}}],\"inLanguage\":\"es\"},{\"@type\":\"Person\",\"@id\":\"https:\\\/\\\/exaudi.org\\\/#\\\/schema\\\/person\\\/8ba25804983f8e88d3d71c3808a804bc\",\"name\":\"Luis Herrera Campo\",\"image\":{\"@type\":\"ImageObject\",\"inLanguage\":\"es\",\"@id\":\"https:\\\/\\\/secure.gravatar.com\\\/avatar\\\/eac7d1a3c11ac010e320a821607af7cd107b34e1bdffe2f58efdf2b0a8d1c6e5?s=96&d=mm&r=g\",\"url\":\"https:\\\/\\\/secure.gravatar.com\\\/avatar\\\/eac7d1a3c11ac010e320a821607af7cd107b34e1bdffe2f58efdf2b0a8d1c6e5?s=96&d=mm&r=g\",\"contentUrl\":\"https:\\\/\\\/secure.gravatar.com\\\/avatar\\\/eac7d1a3c11ac010e320a821607af7cd107b34e1bdffe2f58efdf2b0a8d1c6e5?s=96&d=mm&r=g\",\"caption\":\"Luis Herrera Campo\"},\"description\":\"Nac\u00ed en Burgos, donde vivo. Soy sacerdote del Opus Dei.\",\"sameAs\":[\"https:\\\/\\\/www.youtube.com\\\/@luisherreracampo\\\/featured\"],\"url\":\"https:\\\/\\\/exaudi.org\\\/es\\\/author\\\/luis-herrera-campo\\\/\"}]}<\/script>\n<!-- \/ Yoast SEO plugin. -->","yoast_head_json":{"title":"Francisco II. Vi\u00f1as y siervos &#8211; Exaudi","robots":{"index":"index","follow":"follow","max-snippet":"max-snippet:-1","max-image-preview":"max-image-preview:large","max-video-preview":"max-video-preview:-1"},"canonical":"https:\/\/exaudi.org\/es\/francisco-ii-vinas-y-siervos\/","og_locale":"es_ES","og_type":"article","og_title":"Francisco II. Vi\u00f1as y siervos &#8211; Exaudi","og_description":"(2\/2) \u00bfQu\u00e9 Papa necesita hoy la Iglesia?","og_url":"https:\/\/exaudi.org\/es\/francisco-ii-vinas-y-siervos\/","og_site_name":"Exaudi","article_publisher":"https:\/\/www.facebook.com\/ExaudiNews","article_published_time":"2025-05-05T07:30:31+00:00","article_modified_time":"2025-05-05T08:18:03+00:00","og_image":[{"width":1267,"height":697,"url":"https:\/\/exaudi.org\/wp-content\/uploads\/2025\/05\/1746427329245.jpg","type":"image\/jpeg"}],"author":"Luis Herrera Campo","twitter_card":"summary_large_image","twitter_creator":"@Exaudi_News","twitter_site":"@Exaudi_News","twitter_misc":{"Escrito por":"Luis Herrera Campo","Tiempo de lectura":"4 minutos"},"schema":{"@context":"https:\/\/schema.org","@graph":[{"@type":"Article","@id":"https:\/\/exaudi.org\/es\/francisco-ii-vinas-y-siervos\/#article","isPartOf":{"@id":"https:\/\/exaudi.org\/es\/francisco-ii-vinas-y-siervos\/"},"author":{"name":"Luis Herrera Campo","@id":"https:\/\/exaudi.org\/#\/schema\/person\/8ba25804983f8e88d3d71c3808a804bc"},"headline":"Francisco II. Vi\u00f1as y siervos","datePublished":"2025-05-05T07:30:31+00:00","dateModified":"2025-05-05T08:18:03+00:00","mainEntityOfPage":{"@id":"https:\/\/exaudi.org\/es\/francisco-ii-vinas-y-siervos\/"},"wordCount":839,"image":{"@id":"https:\/\/exaudi.org\/es\/francisco-ii-vinas-y-siervos\/#primaryimage"},"thumbnailUrl":"https:\/\/exaudi.org\/wp-content\/uploads\/2025\/05\/1746427329245.jpg","keywords":["C\u00f3nclave","c\u00f3nclave 2025","crisis en la Iglesia","discernimiento espiritual","doctrina cat\u00f3lica","elecci\u00f3n del Papa","Evangelizaci\u00f3n","Featured","futuro del catolicismo","Iglesia cat\u00f3lica","iglesia y cultura actual","Misi\u00f3n de la Iglesia","nuevo Papa","papa francisco","papa francisco II","papa futuro","papa pastoral","papa y evangelio","reforma en la iglesia","rol del papa","sucesor de San Pedro","tradici\u00f3n apost\u00f3lica","unidad de la Iglesia"],"articleSection":["An\u00e1lisis"],"inLanguage":"es"},{"@type":"WebPage","@id":"https:\/\/exaudi.org\/es\/francisco-ii-vinas-y-siervos\/","url":"https:\/\/exaudi.org\/es\/francisco-ii-vinas-y-siervos\/","name":"Francisco II. Vi\u00f1as y siervos &#8211; Exaudi","isPartOf":{"@id":"https:\/\/exaudi.org\/#website"},"primaryImageOfPage":{"@id":"https:\/\/exaudi.org\/es\/francisco-ii-vinas-y-siervos\/#primaryimage"},"image":{"@id":"https:\/\/exaudi.org\/es\/francisco-ii-vinas-y-siervos\/#primaryimage"},"thumbnailUrl":"https:\/\/exaudi.org\/wp-content\/uploads\/2025\/05\/1746427329245.jpg","datePublished":"2025-05-05T07:30:31+00:00","dateModified":"2025-05-05T08:18:03+00:00","author":{"@id":"https:\/\/exaudi.org\/#\/schema\/person\/8ba25804983f8e88d3d71c3808a804bc"},"breadcrumb":{"@id":"https:\/\/exaudi.org\/es\/francisco-ii-vinas-y-siervos\/#breadcrumb"},"inLanguage":"es","potentialAction":[{"@type":"ReadAction","target":["https:\/\/exaudi.org\/es\/francisco-ii-vinas-y-siervos\/"]}]},{"@type":"ImageObject","inLanguage":"es","@id":"https:\/\/exaudi.org\/es\/francisco-ii-vinas-y-siervos\/#primaryimage","url":"https:\/\/exaudi.org\/wp-content\/uploads\/2025\/05\/1746427329245.jpg","contentUrl":"https:\/\/exaudi.org\/wp-content\/uploads\/2025\/05\/1746427329245.jpg","width":1267,"height":697},{"@type":"BreadcrumbList","@id":"https:\/\/exaudi.org\/es\/francisco-ii-vinas-y-siervos\/#breadcrumb","itemListElement":[{"@type":"ListItem","position":1,"name":"Portada","item":"https:\/\/exaudi.org\/es\/"},{"@type":"ListItem","position":2,"name":"Francisco II. Vi\u00f1as y siervos"}]},{"@type":"WebSite","@id":"https:\/\/exaudi.org\/#website","url":"https:\/\/exaudi.org\/","name":"Exaudi","description":"News","potentialAction":[{"@type":"SearchAction","target":{"@type":"EntryPoint","urlTemplate":"https:\/\/exaudi.org\/?s={search_term_string}"},"query-input":{"@type":"PropertyValueSpecification","valueRequired":true,"valueName":"search_term_string"}}],"inLanguage":"es"},{"@type":"Person","@id":"https:\/\/exaudi.org\/#\/schema\/person\/8ba25804983f8e88d3d71c3808a804bc","name":"Luis Herrera Campo","image":{"@type":"ImageObject","inLanguage":"es","@id":"https:\/\/secure.gravatar.com\/avatar\/eac7d1a3c11ac010e320a821607af7cd107b34e1bdffe2f58efdf2b0a8d1c6e5?s=96&d=mm&r=g","url":"https:\/\/secure.gravatar.com\/avatar\/eac7d1a3c11ac010e320a821607af7cd107b34e1bdffe2f58efdf2b0a8d1c6e5?s=96&d=mm&r=g","contentUrl":"https:\/\/secure.gravatar.com\/avatar\/eac7d1a3c11ac010e320a821607af7cd107b34e1bdffe2f58efdf2b0a8d1c6e5?s=96&d=mm&r=g","caption":"Luis Herrera Campo"},"description":"Nac\u00ed en Burgos, donde vivo. Soy sacerdote del Opus Dei.","sameAs":["https:\/\/www.youtube.com\/@luisherreracampo\/featured"],"url":"https:\/\/exaudi.org\/es\/author\/luis-herrera-campo\/"}]}},"jetpack_featured_media_url":"https:\/\/exaudi.org\/wp-content\/uploads\/2025\/05\/1746427329245.jpg","jetpack_shortlink":"https:\/\/wp.me\/pgKjF2-wxx","_links":{"self":[{"href":"https:\/\/exaudi.org\/es\/wp-json\/wp\/v2\/posts\/125087","targetHints":{"allow":["GET"]}}],"collection":[{"href":"https:\/\/exaudi.org\/es\/wp-json\/wp\/v2\/posts"}],"about":[{"href":"https:\/\/exaudi.org\/es\/wp-json\/wp\/v2\/types\/post"}],"author":[{"embeddable":true,"href":"https:\/\/exaudi.org\/es\/wp-json\/wp\/v2\/users\/126"}],"replies":[{"embeddable":true,"href":"https:\/\/exaudi.org\/es\/wp-json\/wp\/v2\/comments?post=125087"}],"version-history":[{"count":0,"href":"https:\/\/exaudi.org\/es\/wp-json\/wp\/v2\/posts\/125087\/revisions"}],"wp:featuredmedia":[{"embeddable":true,"href":"https:\/\/exaudi.org\/es\/wp-json\/wp\/v2\/media\/125089"}],"wp:attachment":[{"href":"https:\/\/exaudi.org\/es\/wp-json\/wp\/v2\/media?parent=125087"}],"wp:term":[{"taxonomy":"category","embeddable":true,"href":"https:\/\/exaudi.org\/es\/wp-json\/wp\/v2\/categories?post=125087"},{"taxonomy":"post_tag","embeddable":true,"href":"https:\/\/exaudi.org\/es\/wp-json\/wp\/v2\/tags?post=125087"}],"curies":[{"name":"wp","href":"https:\/\/api.w.org\/{rel}","templated":true}]}}