{"id":125012,"date":"2025-05-03T09:00:12","date_gmt":"2025-05-03T07:00:12","guid":{"rendered":"https:\/\/exaudi.org\/?p=125012"},"modified":"2025-05-05T10:21:37","modified_gmt":"2025-05-05T08:21:37","slug":"francisco-ii-retiro-de-oracion","status":"publish","type":"post","link":"https:\/\/exaudi.org\/es\/francisco-ii-retiro-de-oracion\/","title":{"rendered":"Francisco II. Retiro de oraci\u00f3n"},"content":{"rendered":"<p class=\"\" data-start=\"450\" data-end=\"778\">Nos encontramos a las puertas de un nuevo c\u00f3nclave, un acontecimiento que podr\u00eda marcar no solo el futuro inmediato de la Iglesia, sino tambi\u00e9n el rumbo de la humanidad. En este contexto de trascendencia espiritual e hist\u00f3rica, conviene detenerse a reflexionar sobre el verdadero protagonista de este proceso: el Esp\u00edritu Santo.<\/p>\n<p><iframe title=\"Spotify Embed: Francisco II. Retiro de oraci\u00f3n\" style=\"border-radius: 12px\" width=\"100%\" height=\"152\" frameborder=\"0\" allowfullscreen allow=\"autoplay; clipboard-write; encrypted-media; fullscreen; picture-in-picture\" loading=\"lazy\" src=\"https:\/\/open.spotify.com\/embed\/episode\/6HhTmbgCKmBOV0JxsWhbe1?si=3c292258fcaa4442&#038;utm_source=oembed\"><\/iframe><\/p>\n<h3 class=\"\" data-start=\"780\" data-end=\"822\"><strong>El c\u00f3nclave: algo m\u00e1s que una votaci\u00f3n<\/strong><\/h3>\n<p class=\"\" data-start=\"824\" data-end=\"1314\">Aunque jur\u00eddicamente regulado por la constituci\u00f3n apost\u00f3lica <em data-start=\"885\" data-end=\"911\">Universi Dominici Gregis<\/em>, el c\u00f3nclave es, ante todo, un evento de oraci\u00f3n. Los cardenales electores, menores de 80 a\u00f1os, se re\u00fanen tras una serie de misas y congregaciones generales. En ellas comparten impresiones sobre el estado del mundo y de la Iglesia, y las cualidades que deber\u00eda tener el nuevo Papa. Finalmente, se dirigen a la Capilla Sixtina, donde en aislamiento y bajo juramento de secreto, comienzan las votaciones.<\/p>\n<p class=\"\" data-start=\"1316\" data-end=\"1617\">Pero este proceso, a menudo malinterpretado por los medios, no es un simple ejercicio pol\u00edtico ni un casting para elegir al mejor gestor. Las etiquetas como \u00abprogresista\u00bb, \u00abconservador\u00bb o \u00abmoderado\u00bb son insuficientes y equivocadas. El c\u00f3nclave no responde a la l\u00f3gica humana, sino a la l\u00f3gica de Dios.<\/p>\n<h3 class=\"\" data-start=\"1619\" data-end=\"1669\"><strong>Las tres miradas equivocadas sobre el c\u00f3nclave<\/strong><\/h3>\n<p class=\"\" data-start=\"1671\" data-end=\"1761\">Son frecuentes tres enfoques errados que dificultan entender lo que ocurre en un c\u00f3nclave:<\/p>\n<ol data-start=\"1763\" data-end=\"2293\">\n<li class=\"\" data-start=\"1763\" data-end=\"1961\">\n<p class=\"\" data-start=\"1766\" data-end=\"1961\"><strong data-start=\"1766\" data-end=\"1796\">La mirada de los intereses<\/strong>: ya sean econ\u00f3micos, ideol\u00f3gicos o de poder. Una narrativa propia de la industria del entretenimiento que convierte el proceso en una especie de novela de intrigas.<\/p>\n<\/li>\n<li class=\"\" data-start=\"1963\" data-end=\"2113\">\n<p class=\"\" data-start=\"1966\" data-end=\"2113\"><strong data-start=\"1966\" data-end=\"1990\">La mirada ideol\u00f3gica<\/strong>: que presenta a los cardenales como se\u00f1ores que debaten sus visiones del mundo, ignorando su fe y su vocaci\u00f3n de servicio.<\/p>\n<\/li>\n<li class=\"\" data-start=\"2115\" data-end=\"2293\">\n<p class=\"\" data-start=\"2118\" data-end=\"2293\"><strong data-start=\"2118\" data-end=\"2157\">La mirada de las cualidades humanas<\/strong>: que valora a los candidatos seg\u00fan sus dotes intelectuales, idiom\u00e1ticas o de liderazgo, como si se tratase de una elecci\u00f3n empresarial.<\/p>\n<\/li>\n<\/ol>\n<p class=\"\" data-start=\"2295\" data-end=\"2422\">Ninguna de estas miradas es justa ni acertada. El verdadero criterio es el amor a Cristo y la disposici\u00f3n a cargar con su cruz.<\/p>\n<h3 class=\"\" data-start=\"2424\" data-end=\"2486\"><strong>La l\u00f3gica de la fe: el menos indicado puede ser el elegido<\/strong><\/h3>\n<p class=\"\" data-start=\"2488\" data-end=\"2826\">El cardenal Reginald Pole, citado por Benedicto XVI, dec\u00eda que el m\u00e1s id\u00f3neo para ser Papa es aquel que parece el menos apto desde una perspectiva humana. El Papa no es elegido por saber idiomas ni por su prestigio, sino por su fe y su amor. As\u00ed lo quiso Jes\u00fas con Pedro, a quien eligi\u00f3 no por sus m\u00e9ritos, sino por su amor incondicional.<\/p>\n<h3 class=\"\" data-start=\"2828\" data-end=\"2862\"><strong>\u00bfC\u00f3mo act\u00faa el Esp\u00edritu Santo?<\/strong><\/h3>\n<p class=\"\" data-start=\"2864\" data-end=\"3192\">El Esp\u00edritu Santo no elige con rayos y truenos. Act\u00faa en la conciencia de los cardenales a trav\u00e9s del aislamiento, la oraci\u00f3n, la convivencia, y la transparencia espiritual de algunos de ellos. Puede hablar mediante el testimonio de santidad, la claridad de una propuesta pastoral, o incluso la progresiva convergencia de votos.<\/p>\n<p class=\"\" data-start=\"3194\" data-end=\"3416\">Es un proceso de discernimiento comunitario y espiritual. Los cardenales, lejos del ruido del mundo, se abren a las mociones del Esp\u00edritu. A los fieles nos corresponde orar para que el Esp\u00edritu sople con fuerza y claridad.<\/p>\n<h3 class=\"\" data-start=\"3418\" data-end=\"3463\">Un tiempo de gracia y oraci\u00f3n<\/h3>\n<p class=\"\" data-start=\"3465\" data-end=\"3664\">El Colegio Cardenalicio ha pedido expl\u00edcitamente a todo el pueblo de Dios que viva este momento como un tiempo de gracia y discernimiento espiritual. El himno de Pentecost\u00e9s resume bien esta s\u00faplica:<\/p>\n<p class=\"\" data-start=\"3668\" data-end=\"3859\">\u201c<em>Ven, Esp\u00edritu divino, manda tu luz desde el cielo\u2026 Entra hasta el fondo del alma, divina luz y enriqu\u00e9cenos\u2026 Dale al esfuerzo su m\u00e9rito, salva al que busca salvarse, y danos tu gozo eterno.<\/em>\u201d<\/p>\n<p class=\"\" data-start=\"3861\" data-end=\"4025\">La elecci\u00f3n del nuevo Papa no depende de c\u00e1lculos humanos. Solo el Esp\u00edritu Santo sabe qui\u00e9n ser\u00e1 el sucesor de Pedro. A nosotros nos toca rezar, confiar y esperar.<\/p>\n<h3 data-start=\"3861\" data-end=\"4025\"><strong>Himno de Pentecost\u00e9s <\/strong><\/h3>\n<p data-start=\"3861\" data-end=\"4025\">Ven, Esp\u00edritu divino, manda tu luz desde el cielo.<\/p>\n<p data-start=\"3861\" data-end=\"4025\">Padre amoroso del pobre; don, en tus dones espl\u00e9ndido; luz que penetra las almas; fuente del mayor consuelo.<\/p>\n<p data-start=\"3861\" data-end=\"4025\">Ven, dulce hu\u00e9sped del alma, descanso de nuestro esfuerzo, tregua en el duro trabajo.<\/p>\n<p data-start=\"3861\" data-end=\"4025\">Brisa en las horas de fuego, gozo que enjuga las l\u00e1grimas y reconforta en los duelos.<\/p>\n<p data-start=\"3861\" data-end=\"4025\">Entra hasta el fondo del alma, divina luz, y en\u00adri\u00adqu\u00e9cenos.<\/p>\n<p data-start=\"3861\" data-end=\"4025\">Mira el vac\u00edo del hombre, si t\u00fa le faltas por dentro; mira el poder del pecado, cuando no env\u00edas tu aliento.<\/p>\n<p data-start=\"3861\" data-end=\"4025\">Riega la tierra en sequ\u00eda, sana el coraz\u00f3n enfermo, lava las manchas.<\/p>\n<p data-start=\"3861\" data-end=\"4025\">Infunde calor de vida en el hielo, doma el esp\u00edritu ind\u00f3mito, gu\u00eda al que tuerce el sendero.<\/p>\n<p data-start=\"3861\" data-end=\"4025\">Reparte tus siete dones, seg\u00fan la fe de tus siervos.<\/p>\n<p data-start=\"3861\" data-end=\"4025\">Por tu bondad y tu gracia, dale al esfuerzo su m\u00e9rito; salva al que busca salvarse y danos tu gozo eterno.<\/p>\n<p><iframe loading=\"lazy\" title=\"FRANCISCO II. 1. Retiro de oraci\u00f3n\" width=\"500\" height=\"281\" src=\"https:\/\/www.youtube.com\/embed\/Fpg_W7mLeHQ?start=71&#038;feature=oembed\" frameborder=\"0\" allow=\"accelerometer; autoplay; clipboard-write; encrypted-media; gyroscope; picture-in-picture; web-share\" referrerpolicy=\"strict-origin-when-cross-origin\" allowfullscreen><\/iframe><\/p>\n<p class=\"noto_28\"><a href=\"https:\/\/exaudi.org\/es\/francisco-ii-vinas-y-siervos\/\" target=\"_blank\" rel=\"noopener\">Francisco II. Vi\u00f1as y siervos.\u00a0(2\/2) \u00bfQu\u00e9 Papa necesita hoy la Iglesia?<\/a><\/p>\n<p><img loading=\"lazy\" decoding=\"async\" class=\"size-full wp-image-125016 alignnone\" src=\"https:\/\/exaudi.org\/wp-content\/uploads\/2025\/05\/Cortina-1.jpg\" alt=\"\" width=\"940\" height=\"788\" srcset=\"https:\/\/exaudi.org\/wp-content\/uploads\/2025\/05\/Cortina-1.jpg 940w, https:\/\/exaudi.org\/wp-content\/uploads\/2025\/05\/Cortina-1-300x251.jpg 300w, https:\/\/exaudi.org\/wp-content\/uploads\/2025\/05\/Cortina-1-770x645.jpg 770w, https:\/\/exaudi.org\/wp-content\/uploads\/2025\/05\/Cortina-1-500x419.jpg 500w\" sizes=\"auto, (max-width: 940px) 100vw, 940px\" \/><\/p>\n","protected":false},"excerpt":{"rendered":"<p>(1 de 2) El Esp\u00edritu Santo, verdadero protagonista del C\u00f3nclave<\/p>\n","protected":false},"author":126,"featured_media":125114,"comment_status":"closed","ping_status":"closed","sticky":false,"template":"","format":"standard","meta":{"_acf_changed":false,"_crdt_document":"","inline_featured_image":false,"footnotes":""},"categories":[72],"tags":[515,40314,46352,57411,55102,35501,55770,35875,46365,448,15371,2419,8397,56627,449,57410,56596,47284,676,1992,1222,46804,272],"class_list":["post-125012","post","type-post","status-publish","format-standard","has-post-thumbnail","hentry","category-analisis","tag-benedicto-xvi","tag-capilla-sixtina","tag-cardenales-electores","tag-catolicos-en-el-mundo","tag-como-se-elige-al-papa","tag-conclave-2","tag-conclave-2025","tag-discernimiento-espiritual","tag-eleccion-del-papa","tag-espiritu-santo","tag-fe-catolica","tag-featured","tag-francisco","tag-humo-blanco","tag-iglesia-catolica","tag-luis-herrero-campo","tag-misa-pro-eligendo-pontifice","tag-noticias-iglesia","tag-oracion","tag-religion","tag-san-juan-pablo-ii","tag-sucesor-de-pedro","tag-vaticano-es"],"acf":[],"yoast_head":"<!-- This site is optimized with the Yoast SEO plugin v27.4 - https:\/\/yoast.com\/product\/yoast-seo-wordpress\/ -->\n<title>Francisco II. Retiro de oraci\u00f3n &#8211; Exaudi<\/title>\n<meta name=\"robots\" content=\"index, follow, max-snippet:-1, max-image-preview:large, max-video-preview:-1\" \/>\n<link rel=\"canonical\" href=\"https:\/\/exaudi.org\/es\/francisco-ii-retiro-de-oracion\/\" \/>\n<meta property=\"og:locale\" content=\"es_ES\" \/>\n<meta property=\"og:type\" content=\"article\" \/>\n<meta property=\"og:title\" content=\"Francisco II. Retiro de oraci\u00f3n &#8211; Exaudi\" \/>\n<meta property=\"og:description\" content=\"(1 de 2) El Esp\u00edritu Santo, verdadero protagonista del C\u00f3nclave\" \/>\n<meta property=\"og:url\" content=\"https:\/\/exaudi.org\/es\/francisco-ii-retiro-de-oracion\/\" \/>\n<meta property=\"og:site_name\" content=\"Exaudi\" \/>\n<meta property=\"article:publisher\" content=\"https:\/\/www.facebook.com\/ExaudiNews\" \/>\n<meta property=\"article:published_time\" content=\"2025-05-03T07:00:12+00:00\" \/>\n<meta property=\"article:modified_time\" content=\"2025-05-05T08:21:37+00:00\" \/>\n<meta property=\"og:image\" content=\"https:\/\/exaudi.org\/wp-content\/uploads\/2025\/05\/1746433267940.jpg\" \/>\n\t<meta property=\"og:image:width\" content=\"1412\" \/>\n\t<meta property=\"og:image:height\" content=\"771\" \/>\n\t<meta property=\"og:image:type\" content=\"image\/jpeg\" \/>\n<meta name=\"author\" content=\"Luis Herrera Campo\" \/>\n<meta name=\"twitter:card\" content=\"summary_large_image\" \/>\n<meta name=\"twitter:creator\" content=\"@Exaudi_News\" \/>\n<meta name=\"twitter:site\" content=\"@Exaudi_News\" \/>\n<meta name=\"twitter:label1\" content=\"Escrito por\" \/>\n\t<meta name=\"twitter:data1\" content=\"Luis Herrera Campo\" \/>\n\t<meta name=\"twitter:label2\" content=\"Tiempo de lectura\" \/>\n\t<meta name=\"twitter:data2\" content=\"4 minutos\" \/>\n<script type=\"application\/ld+json\" class=\"yoast-schema-graph\">{\"@context\":\"https:\\\/\\\/schema.org\",\"@graph\":[{\"@type\":\"Article\",\"@id\":\"https:\\\/\\\/exaudi.org\\\/es\\\/francisco-ii-retiro-de-oracion\\\/#article\",\"isPartOf\":{\"@id\":\"https:\\\/\\\/exaudi.org\\\/es\\\/francisco-ii-retiro-de-oracion\\\/\"},\"author\":{\"name\":\"Luis Herrera Campo\",\"@id\":\"https:\\\/\\\/exaudi.org\\\/#\\\/schema\\\/person\\\/8ba25804983f8e88d3d71c3808a804bc\"},\"headline\":\"Francisco II. Retiro de oraci\u00f3n\",\"datePublished\":\"2025-05-03T07:00:12+00:00\",\"dateModified\":\"2025-05-05T08:21:37+00:00\",\"mainEntityOfPage\":{\"@id\":\"https:\\\/\\\/exaudi.org\\\/es\\\/francisco-ii-retiro-de-oracion\\\/\"},\"wordCount\":844,\"image\":{\"@id\":\"https:\\\/\\\/exaudi.org\\\/es\\\/francisco-ii-retiro-de-oracion\\\/#primaryimage\"},\"thumbnailUrl\":\"https:\\\/\\\/exaudi.org\\\/wp-content\\\/uploads\\\/2025\\\/05\\\/1746433267940.jpg\",\"keywords\":[\"Benedicto XVI\",\"Capilla Sixtina\",\"cardenales electores\",\"cat\u00f3licos en el mundo\",\"c\u00f3mo se elige al papa\",\"C\u00f3nclave\",\"c\u00f3nclave 2025\",\"discernimiento espiritual\",\"elecci\u00f3n del Papa\",\"Esp\u00edritu Santo\",\"Fe cat\u00f3lica\",\"Featured\",\"Francisco\",\"humo blanco\",\"Iglesia cat\u00f3lica\",\"Luis Herrero Campo\",\"misa pro eligendo Pontifice\",\"noticias iglesia\",\"Oraci\u00f3n\",\"Religi\u00f3n\",\"San Juan Pablo II\",\"Sucesor de Pedro\",\"Vaticano\"],\"articleSection\":[\"An\u00e1lisis\"],\"inLanguage\":\"es\"},{\"@type\":\"WebPage\",\"@id\":\"https:\\\/\\\/exaudi.org\\\/es\\\/francisco-ii-retiro-de-oracion\\\/\",\"url\":\"https:\\\/\\\/exaudi.org\\\/es\\\/francisco-ii-retiro-de-oracion\\\/\",\"name\":\"Francisco II. Retiro de oraci\u00f3n &#8211; Exaudi\",\"isPartOf\":{\"@id\":\"https:\\\/\\\/exaudi.org\\\/#website\"},\"primaryImageOfPage\":{\"@id\":\"https:\\\/\\\/exaudi.org\\\/es\\\/francisco-ii-retiro-de-oracion\\\/#primaryimage\"},\"image\":{\"@id\":\"https:\\\/\\\/exaudi.org\\\/es\\\/francisco-ii-retiro-de-oracion\\\/#primaryimage\"},\"thumbnailUrl\":\"https:\\\/\\\/exaudi.org\\\/wp-content\\\/uploads\\\/2025\\\/05\\\/1746433267940.jpg\",\"datePublished\":\"2025-05-03T07:00:12+00:00\",\"dateModified\":\"2025-05-05T08:21:37+00:00\",\"author\":{\"@id\":\"https:\\\/\\\/exaudi.org\\\/#\\\/schema\\\/person\\\/8ba25804983f8e88d3d71c3808a804bc\"},\"breadcrumb\":{\"@id\":\"https:\\\/\\\/exaudi.org\\\/es\\\/francisco-ii-retiro-de-oracion\\\/#breadcrumb\"},\"inLanguage\":\"es\",\"potentialAction\":[{\"@type\":\"ReadAction\",\"target\":[\"https:\\\/\\\/exaudi.org\\\/es\\\/francisco-ii-retiro-de-oracion\\\/\"]}]},{\"@type\":\"ImageObject\",\"inLanguage\":\"es\",\"@id\":\"https:\\\/\\\/exaudi.org\\\/es\\\/francisco-ii-retiro-de-oracion\\\/#primaryimage\",\"url\":\"https:\\\/\\\/exaudi.org\\\/wp-content\\\/uploads\\\/2025\\\/05\\\/1746433267940.jpg\",\"contentUrl\":\"https:\\\/\\\/exaudi.org\\\/wp-content\\\/uploads\\\/2025\\\/05\\\/1746433267940.jpg\",\"width\":1412,\"height\":771},{\"@type\":\"BreadcrumbList\",\"@id\":\"https:\\\/\\\/exaudi.org\\\/es\\\/francisco-ii-retiro-de-oracion\\\/#breadcrumb\",\"itemListElement\":[{\"@type\":\"ListItem\",\"position\":1,\"name\":\"Portada\",\"item\":\"https:\\\/\\\/exaudi.org\\\/es\\\/\"},{\"@type\":\"ListItem\",\"position\":2,\"name\":\"Francisco II. Retiro de oraci\u00f3n\"}]},{\"@type\":\"WebSite\",\"@id\":\"https:\\\/\\\/exaudi.org\\\/#website\",\"url\":\"https:\\\/\\\/exaudi.org\\\/\",\"name\":\"Exaudi\",\"description\":\"News\",\"potentialAction\":[{\"@type\":\"SearchAction\",\"target\":{\"@type\":\"EntryPoint\",\"urlTemplate\":\"https:\\\/\\\/exaudi.org\\\/?s={search_term_string}\"},\"query-input\":{\"@type\":\"PropertyValueSpecification\",\"valueRequired\":true,\"valueName\":\"search_term_string\"}}],\"inLanguage\":\"es\"},{\"@type\":\"Person\",\"@id\":\"https:\\\/\\\/exaudi.org\\\/#\\\/schema\\\/person\\\/8ba25804983f8e88d3d71c3808a804bc\",\"name\":\"Luis Herrera Campo\",\"image\":{\"@type\":\"ImageObject\",\"inLanguage\":\"es\",\"@id\":\"https:\\\/\\\/secure.gravatar.com\\\/avatar\\\/eac7d1a3c11ac010e320a821607af7cd107b34e1bdffe2f58efdf2b0a8d1c6e5?s=96&d=mm&r=g\",\"url\":\"https:\\\/\\\/secure.gravatar.com\\\/avatar\\\/eac7d1a3c11ac010e320a821607af7cd107b34e1bdffe2f58efdf2b0a8d1c6e5?s=96&d=mm&r=g\",\"contentUrl\":\"https:\\\/\\\/secure.gravatar.com\\\/avatar\\\/eac7d1a3c11ac010e320a821607af7cd107b34e1bdffe2f58efdf2b0a8d1c6e5?s=96&d=mm&r=g\",\"caption\":\"Luis Herrera Campo\"},\"description\":\"Nac\u00ed en Burgos, donde vivo. Soy sacerdote del Opus Dei.\",\"sameAs\":[\"https:\\\/\\\/www.youtube.com\\\/@luisherreracampo\\\/featured\"],\"url\":\"https:\\\/\\\/exaudi.org\\\/es\\\/author\\\/luis-herrera-campo\\\/\"}]}<\/script>\n<!-- \/ Yoast SEO plugin. -->","yoast_head_json":{"title":"Francisco II. Retiro de oraci\u00f3n &#8211; Exaudi","robots":{"index":"index","follow":"follow","max-snippet":"max-snippet:-1","max-image-preview":"max-image-preview:large","max-video-preview":"max-video-preview:-1"},"canonical":"https:\/\/exaudi.org\/es\/francisco-ii-retiro-de-oracion\/","og_locale":"es_ES","og_type":"article","og_title":"Francisco II. Retiro de oraci\u00f3n &#8211; Exaudi","og_description":"(1 de 2) El Esp\u00edritu Santo, verdadero protagonista del C\u00f3nclave","og_url":"https:\/\/exaudi.org\/es\/francisco-ii-retiro-de-oracion\/","og_site_name":"Exaudi","article_publisher":"https:\/\/www.facebook.com\/ExaudiNews","article_published_time":"2025-05-03T07:00:12+00:00","article_modified_time":"2025-05-05T08:21:37+00:00","og_image":[{"width":1412,"height":771,"url":"https:\/\/exaudi.org\/wp-content\/uploads\/2025\/05\/1746433267940.jpg","type":"image\/jpeg"}],"author":"Luis Herrera Campo","twitter_card":"summary_large_image","twitter_creator":"@Exaudi_News","twitter_site":"@Exaudi_News","twitter_misc":{"Escrito por":"Luis Herrera Campo","Tiempo de lectura":"4 minutos"},"schema":{"@context":"https:\/\/schema.org","@graph":[{"@type":"Article","@id":"https:\/\/exaudi.org\/es\/francisco-ii-retiro-de-oracion\/#article","isPartOf":{"@id":"https:\/\/exaudi.org\/es\/francisco-ii-retiro-de-oracion\/"},"author":{"name":"Luis Herrera Campo","@id":"https:\/\/exaudi.org\/#\/schema\/person\/8ba25804983f8e88d3d71c3808a804bc"},"headline":"Francisco II. Retiro de oraci\u00f3n","datePublished":"2025-05-03T07:00:12+00:00","dateModified":"2025-05-05T08:21:37+00:00","mainEntityOfPage":{"@id":"https:\/\/exaudi.org\/es\/francisco-ii-retiro-de-oracion\/"},"wordCount":844,"image":{"@id":"https:\/\/exaudi.org\/es\/francisco-ii-retiro-de-oracion\/#primaryimage"},"thumbnailUrl":"https:\/\/exaudi.org\/wp-content\/uploads\/2025\/05\/1746433267940.jpg","keywords":["Benedicto XVI","Capilla Sixtina","cardenales electores","cat\u00f3licos en el mundo","c\u00f3mo se elige al papa","C\u00f3nclave","c\u00f3nclave 2025","discernimiento espiritual","elecci\u00f3n del Papa","Esp\u00edritu Santo","Fe cat\u00f3lica","Featured","Francisco","humo blanco","Iglesia cat\u00f3lica","Luis Herrero Campo","misa pro eligendo Pontifice","noticias iglesia","Oraci\u00f3n","Religi\u00f3n","San Juan Pablo II","Sucesor de Pedro","Vaticano"],"articleSection":["An\u00e1lisis"],"inLanguage":"es"},{"@type":"WebPage","@id":"https:\/\/exaudi.org\/es\/francisco-ii-retiro-de-oracion\/","url":"https:\/\/exaudi.org\/es\/francisco-ii-retiro-de-oracion\/","name":"Francisco II. Retiro de oraci\u00f3n &#8211; Exaudi","isPartOf":{"@id":"https:\/\/exaudi.org\/#website"},"primaryImageOfPage":{"@id":"https:\/\/exaudi.org\/es\/francisco-ii-retiro-de-oracion\/#primaryimage"},"image":{"@id":"https:\/\/exaudi.org\/es\/francisco-ii-retiro-de-oracion\/#primaryimage"},"thumbnailUrl":"https:\/\/exaudi.org\/wp-content\/uploads\/2025\/05\/1746433267940.jpg","datePublished":"2025-05-03T07:00:12+00:00","dateModified":"2025-05-05T08:21:37+00:00","author":{"@id":"https:\/\/exaudi.org\/#\/schema\/person\/8ba25804983f8e88d3d71c3808a804bc"},"breadcrumb":{"@id":"https:\/\/exaudi.org\/es\/francisco-ii-retiro-de-oracion\/#breadcrumb"},"inLanguage":"es","potentialAction":[{"@type":"ReadAction","target":["https:\/\/exaudi.org\/es\/francisco-ii-retiro-de-oracion\/"]}]},{"@type":"ImageObject","inLanguage":"es","@id":"https:\/\/exaudi.org\/es\/francisco-ii-retiro-de-oracion\/#primaryimage","url":"https:\/\/exaudi.org\/wp-content\/uploads\/2025\/05\/1746433267940.jpg","contentUrl":"https:\/\/exaudi.org\/wp-content\/uploads\/2025\/05\/1746433267940.jpg","width":1412,"height":771},{"@type":"BreadcrumbList","@id":"https:\/\/exaudi.org\/es\/francisco-ii-retiro-de-oracion\/#breadcrumb","itemListElement":[{"@type":"ListItem","position":1,"name":"Portada","item":"https:\/\/exaudi.org\/es\/"},{"@type":"ListItem","position":2,"name":"Francisco II. Retiro de oraci\u00f3n"}]},{"@type":"WebSite","@id":"https:\/\/exaudi.org\/#website","url":"https:\/\/exaudi.org\/","name":"Exaudi","description":"News","potentialAction":[{"@type":"SearchAction","target":{"@type":"EntryPoint","urlTemplate":"https:\/\/exaudi.org\/?s={search_term_string}"},"query-input":{"@type":"PropertyValueSpecification","valueRequired":true,"valueName":"search_term_string"}}],"inLanguage":"es"},{"@type":"Person","@id":"https:\/\/exaudi.org\/#\/schema\/person\/8ba25804983f8e88d3d71c3808a804bc","name":"Luis Herrera Campo","image":{"@type":"ImageObject","inLanguage":"es","@id":"https:\/\/secure.gravatar.com\/avatar\/eac7d1a3c11ac010e320a821607af7cd107b34e1bdffe2f58efdf2b0a8d1c6e5?s=96&d=mm&r=g","url":"https:\/\/secure.gravatar.com\/avatar\/eac7d1a3c11ac010e320a821607af7cd107b34e1bdffe2f58efdf2b0a8d1c6e5?s=96&d=mm&r=g","contentUrl":"https:\/\/secure.gravatar.com\/avatar\/eac7d1a3c11ac010e320a821607af7cd107b34e1bdffe2f58efdf2b0a8d1c6e5?s=96&d=mm&r=g","caption":"Luis Herrera Campo"},"description":"Nac\u00ed en Burgos, donde vivo. Soy sacerdote del Opus Dei.","sameAs":["https:\/\/www.youtube.com\/@luisherreracampo\/featured"],"url":"https:\/\/exaudi.org\/es\/author\/luis-herrera-campo\/"}]}},"jetpack_featured_media_url":"https:\/\/exaudi.org\/wp-content\/uploads\/2025\/05\/1746433267940.jpg","jetpack_shortlink":"https:\/\/wp.me\/pgKjF2-wwk","_links":{"self":[{"href":"https:\/\/exaudi.org\/es\/wp-json\/wp\/v2\/posts\/125012","targetHints":{"allow":["GET"]}}],"collection":[{"href":"https:\/\/exaudi.org\/es\/wp-json\/wp\/v2\/posts"}],"about":[{"href":"https:\/\/exaudi.org\/es\/wp-json\/wp\/v2\/types\/post"}],"author":[{"embeddable":true,"href":"https:\/\/exaudi.org\/es\/wp-json\/wp\/v2\/users\/126"}],"replies":[{"embeddable":true,"href":"https:\/\/exaudi.org\/es\/wp-json\/wp\/v2\/comments?post=125012"}],"version-history":[{"count":0,"href":"https:\/\/exaudi.org\/es\/wp-json\/wp\/v2\/posts\/125012\/revisions"}],"wp:featuredmedia":[{"embeddable":true,"href":"https:\/\/exaudi.org\/es\/wp-json\/wp\/v2\/media\/125114"}],"wp:attachment":[{"href":"https:\/\/exaudi.org\/es\/wp-json\/wp\/v2\/media?parent=125012"}],"wp:term":[{"taxonomy":"category","embeddable":true,"href":"https:\/\/exaudi.org\/es\/wp-json\/wp\/v2\/categories?post=125012"},{"taxonomy":"post_tag","embeddable":true,"href":"https:\/\/exaudi.org\/es\/wp-json\/wp\/v2\/tags?post=125012"}],"curies":[{"name":"wp","href":"https:\/\/api.w.org\/{rel}","templated":true}]}}