{"id":12494,"date":"2021-04-20T11:00:36","date_gmt":"2021-04-20T09:00:36","guid":{"rendered":"https:\/\/exaudi.org\/?p=12494"},"modified":"2021-04-20T17:52:29","modified_gmt":"2021-04-20T15:52:29","slug":"renovacion-del-celam-presentacion-a-obispos-de-mexico-ecuador-y-chile","status":"publish","type":"post","link":"https:\/\/exaudi.org\/es\/renovacion-del-celam-presentacion-a-obispos-de-mexico-ecuador-y-chile\/","title":{"rendered":"Renovaci\u00f3n CELAM: Presentaci\u00f3n a obispos de M\u00e9xico, Ecuador y Chile"},"content":{"rendered":"<p>La Presidencia del <a href=\"https:\/\/www.celam.org\/\" target=\"_blank\" rel=\"noopener noreferrer\">Consejo Episcopal Latinoamericano<\/a> (CELAM), encabezada por Mons. Miguel Cabrejos Vidarte, su presidente, y Mons. Jorge Lozano, su secretario general, present\u00f3 a los obispos de M\u00e9xico, Ecuador y Chile, los avances del procesos de renovaci\u00f3n y reestructuraci\u00f3n del organismo episcopal latinoamericano.<\/p>\n<p>Seg\u00fan informa una nota del CELAM, tras la jornada de socializaci\u00f3n del proceso realizada a inicios de la semana pasada con la\u00a0<a href=\"https:\/\/exaudi.org\/es\/asamblea-general-2021-mensaje-papa-obispos-de-brasil\/\">Conferencia Nacional de Obispos de Brasil<\/a> (CNBB), el pasado 14 de abril, a las 12 (hora de Bogot\u00e1), el CELAM comparti\u00f3 el itinerario que se viene desarrollando en consonancia con el Mandato de la Asamblea de Tegucigalpa (2019) a los participantes de la Conferencia del Episcopado Mexicano.<\/p>\n<p>Ese mismo d\u00eda, a las 15:15, el CELAM se reuni\u00f3 con Conferencia Episcopal Ecuatoriana para hacerle part\u00edcipe del camino que se viene realizando.<\/p>\n<p>Estos dos encuentros y el realizado el jueves 15 de abril, a las 8:15 (hora de Bogot\u00e1) con los obispos de la Conferencia Episcopal de Chile, permitieron a los pastores de estos pa\u00edses conocer, en el marco de sus Asambleas Plenarias, los detalles de la propuesta de estructura pastoral que se viene construyendo, as\u00ed como sus posibilidades de articulaci\u00f3n y transversalidad al servicio de las conferencias episcopales y del Pueblo de Dios en Am\u00e9rica Latina y el Caribe.<\/p>\n<h4><strong>Di\u00e1logo y escucha<\/strong><\/h4>\n<p>Las reuniones fueron\u00a0un espacio propicio para el di\u00e1logo y la escucha, en la perspectiva sinodal que ha guiado el proceso, al tiempo que permiti\u00f3 profundizar en la Asamblea Eclesial de Am\u00e9rica Latina y El Caribe, que ya avanza en su etapa de escucha.<\/p>\n<p>Los aportes recibidos por parte de los obispos de M\u00e9xico, Ecuador y Chile enriquecen el camino que se viene transitando para responder a las necesidades pastorales del continente y ofrecer servicios pertinentes a las realidades de cada pa\u00eds, siempre desde la identidad articuladora, colegiada y formativa que ha caracterizado al CELAM.<\/p>\n<p>En estos encuentros, realizados de manera virtual a trav\u00e9s de la plataforma de Zoom, adem\u00e1s de los miembros de la Presidencia del CELAM, tambi\u00e9n participaron los directores interinos de los Centros Pastorales: el Centro Gesti\u00f3n del Conocimiento, el Centro de Formaci\u00f3n \u2013 CEBITEPAL, el Centro de Programas y Redes de Acci\u00f3n Pastoral y el Centro para la Comunicaci\u00f3n.<\/p>\n<h4><strong>Presentaci\u00f3n en el Vaticano<\/strong><\/h4>\n<p>El Consejo Episcopal Latinoamericano (CELAM) mantuvo tambi\u00e9n una reuni\u00f3n virtual el pasado viernes 16 de abril de 2021 con la Secretar\u00eda de Estado del Vaticano y el\u00a0<a href=\"https:\/\/www.humandevelopment.va\/es.html\">Dicasterio para el Servicio del Desarrollo Humano Integral<\/a>\u00a0para informarles de los avances de su proceso de renovaci\u00f3n y reestructuraci\u00f3n.<\/p>\n<p>Primeramente, el presidente del CELAM, <a href=\"https:\/\/exaudi.org\/es\/entrevista-mons-cabrejos-presidente-episcopado-latinoamericano\/\">Mons. Miguel Cabrejos Vidarte<\/a>, present\u00f3 el \u00edndice del Documento de Renovaci\u00f3n y Reestructuraci\u00f3n que ha sido enviado a los organismos de la Santa Sede. Del mismo modo, los miembros del CELAM compartieron algunos\u00a0testimonios sobre la nueva propuesta de estructura pastoral, as\u00ed como sus posibilidades de articulaci\u00f3n y transversalidad.<\/p>\n<p>Durante la segunda parte de la cita, los cardenales Parolin y Turkson animaron a los representantes del CELAM a continuar avanzando en el proceso, cuando se aproxima la 38\u00aa Asamblea General que tendr\u00e1 lugar en el pr\u00f3ximo mes de mayo.<\/p>\n<p>Igualmente, recalca el comunicado del CELAM, el secretario de Estado enfatiz\u00f3 la importancia de continuar respondiendo con pertinencia a las acuciantes realidades y a los r\u00e1pidos cambios que vive la regi\u00f3n, mientras que el cardenal Turkson resalt\u00f3 la gran importancia que el Consejo Episcopal le viene dando a los cuatro sue\u00f1os del Papa Francisco en <a href=\"https:\/\/exaudi.org\/es\/primer-aniversario-querida-amazonia\/\">\u201cQuerida Amazon\u00eda\u201d<\/a> (sue\u00f1o social, sue\u00f1o cultural, sue\u00f1o ecol\u00f3gico y sue\u00f1o eclesial), lo mismo que a los procesos evangelizadores anclados al Desarrollo Humano Integral.<\/p>\n","protected":false},"excerpt":{"rendered":"<p>Espacio de di\u00e1logo y escucha<\/p>\n","protected":false},"author":5,"featured_media":12497,"comment_status":"closed","ping_status":"closed","sticky":false,"template":"","format":"standard","meta":{"_acf_changed":false,"_crdt_document":"","inline_featured_image":false,"footnotes":""},"categories":[86,298],"tags":[464,1060,1058,415,602,1815],"class_list":["post-12494","post","type-post","status-publish","format-standard","has-post-thumbnail","hentry","category-iglesia-local","category-ultimas-noticias","tag-celam","tag-chile","tag-ecuador-es","tag-mexico","tag-obispos","tag-proceso-de-renovacion"],"acf":[],"yoast_head":"<!-- This site is optimized with the Yoast SEO plugin v27.5 - https:\/\/yoast.com\/product\/yoast-seo-wordpress\/ -->\n<title>Renovaci\u00f3n CELAM: Presentaci\u00f3n a obispos de M\u00e9xico, Ecuador y Chile<\/title>\n<meta name=\"description\" content=\"El Consejo Episcopal Latinoamericano (CELAM) present\u00f3 a los obispos de M\u00e9xico, Ecuador y Chile, los avances del procesos de renovaci\u00f3n\" \/>\n<meta name=\"robots\" content=\"index, follow, max-snippet:-1, max-image-preview:large, max-video-preview:-1\" \/>\n<link rel=\"canonical\" href=\"https:\/\/exaudi.org\/es\/renovacion-del-celam-presentacion-a-obispos-de-mexico-ecuador-y-chile\/\" \/>\n<meta property=\"og:locale\" content=\"es_ES\" \/>\n<meta property=\"og:type\" content=\"article\" \/>\n<meta property=\"og:title\" content=\"Renovaci\u00f3n CELAM: Presentaci\u00f3n a obispos de M\u00e9xico, Ecuador y Chile\" \/>\n<meta property=\"og:description\" content=\"El Consejo Episcopal Latinoamericano (CELAM) present\u00f3 a los obispos de M\u00e9xico, Ecuador y Chile, los avances del procesos de renovaci\u00f3n\" \/>\n<meta property=\"og:url\" content=\"https:\/\/exaudi.org\/es\/renovacion-del-celam-presentacion-a-obispos-de-mexico-ecuador-y-chile\/\" \/>\n<meta property=\"og:site_name\" content=\"Exaudi\" \/>\n<meta property=\"article:publisher\" content=\"https:\/\/www.facebook.com\/ExaudiNews\" \/>\n<meta property=\"article:published_time\" content=\"2021-04-20T09:00:36+00:00\" \/>\n<meta property=\"article:modified_time\" content=\"2021-04-20T15:52:29+00:00\" \/>\n<meta property=\"og:image\" content=\"https:\/\/exaudi.org\/wp-content\/uploads\/2021\/04\/Remini20210420162321387-1.jpg\" \/>\n\t<meta property=\"og:image:width\" content=\"1334\" \/>\n\t<meta property=\"og:image:height\" content=\"1000\" \/>\n\t<meta property=\"og:image:type\" content=\"image\/jpeg\" \/>\n<meta name=\"author\" content=\"Larissa I. L\u00f3pez\" \/>\n<meta name=\"twitter:card\" content=\"summary_large_image\" \/>\n<meta name=\"twitter:creator\" content=\"@Exaudi_News\" \/>\n<meta name=\"twitter:site\" content=\"@Exaudi_News\" \/>\n<meta name=\"twitter:label1\" content=\"Escrito por\" \/>\n\t<meta name=\"twitter:data1\" content=\"Larissa I. L\u00f3pez\" \/>\n\t<meta name=\"twitter:label2\" content=\"Tiempo de lectura\" \/>\n\t<meta name=\"twitter:data2\" content=\"3 minutos\" \/>\n<script type=\"application\/ld+json\" class=\"yoast-schema-graph\">{\"@context\":\"https:\\\/\\\/schema.org\",\"@graph\":[{\"@type\":\"Article\",\"@id\":\"https:\\\/\\\/exaudi.org\\\/es\\\/renovacion-del-celam-presentacion-a-obispos-de-mexico-ecuador-y-chile\\\/#article\",\"isPartOf\":{\"@id\":\"https:\\\/\\\/exaudi.org\\\/es\\\/renovacion-del-celam-presentacion-a-obispos-de-mexico-ecuador-y-chile\\\/\"},\"author\":{\"name\":\"Larissa I. L\u00f3pez\",\"@id\":\"https:\\\/\\\/exaudi.org\\\/#\\\/schema\\\/person\\\/7d2f77db033c2c0929edfab6dbe8c588\"},\"headline\":\"Renovaci\u00f3n CELAM: Presentaci\u00f3n a obispos de M\u00e9xico, Ecuador y Chile\",\"datePublished\":\"2021-04-20T09:00:36+00:00\",\"dateModified\":\"2021-04-20T15:52:29+00:00\",\"mainEntityOfPage\":{\"@id\":\"https:\\\/\\\/exaudi.org\\\/es\\\/renovacion-del-celam-presentacion-a-obispos-de-mexico-ecuador-y-chile\\\/\"},\"wordCount\":636,\"image\":{\"@id\":\"https:\\\/\\\/exaudi.org\\\/es\\\/renovacion-del-celam-presentacion-a-obispos-de-mexico-ecuador-y-chile\\\/#primaryimage\"},\"thumbnailUrl\":\"https:\\\/\\\/exaudi.org\\\/wp-content\\\/uploads\\\/2021\\\/04\\\/Remini20210420162321387-1.jpg\",\"keywords\":[\"CELAM\",\"Chile\",\"ecuador\",\"M\u00e9xico\",\"obispos\",\"Proceso de renovaci\u00f3n\"],\"articleSection\":[\"Iglesia Local\",\"\u00daltimas noticias\"],\"inLanguage\":\"es\"},{\"@type\":\"WebPage\",\"@id\":\"https:\\\/\\\/exaudi.org\\\/es\\\/renovacion-del-celam-presentacion-a-obispos-de-mexico-ecuador-y-chile\\\/\",\"url\":\"https:\\\/\\\/exaudi.org\\\/es\\\/renovacion-del-celam-presentacion-a-obispos-de-mexico-ecuador-y-chile\\\/\",\"name\":\"Renovaci\u00f3n CELAM: Presentaci\u00f3n a obispos de M\u00e9xico, Ecuador y Chile\",\"isPartOf\":{\"@id\":\"https:\\\/\\\/exaudi.org\\\/#website\"},\"primaryImageOfPage\":{\"@id\":\"https:\\\/\\\/exaudi.org\\\/es\\\/renovacion-del-celam-presentacion-a-obispos-de-mexico-ecuador-y-chile\\\/#primaryimage\"},\"image\":{\"@id\":\"https:\\\/\\\/exaudi.org\\\/es\\\/renovacion-del-celam-presentacion-a-obispos-de-mexico-ecuador-y-chile\\\/#primaryimage\"},\"thumbnailUrl\":\"https:\\\/\\\/exaudi.org\\\/wp-content\\\/uploads\\\/2021\\\/04\\\/Remini20210420162321387-1.jpg\",\"datePublished\":\"2021-04-20T09:00:36+00:00\",\"dateModified\":\"2021-04-20T15:52:29+00:00\",\"author\":{\"@id\":\"https:\\\/\\\/exaudi.org\\\/#\\\/schema\\\/person\\\/7d2f77db033c2c0929edfab6dbe8c588\"},\"description\":\"El Consejo Episcopal Latinoamericano (CELAM) present\u00f3 a los obispos de M\u00e9xico, Ecuador y Chile, los avances del procesos de renovaci\u00f3n\",\"breadcrumb\":{\"@id\":\"https:\\\/\\\/exaudi.org\\\/es\\\/renovacion-del-celam-presentacion-a-obispos-de-mexico-ecuador-y-chile\\\/#breadcrumb\"},\"inLanguage\":\"es\",\"potentialAction\":[{\"@type\":\"ReadAction\",\"target\":[\"https:\\\/\\\/exaudi.org\\\/es\\\/renovacion-del-celam-presentacion-a-obispos-de-mexico-ecuador-y-chile\\\/\"]}]},{\"@type\":\"ImageObject\",\"inLanguage\":\"es\",\"@id\":\"https:\\\/\\\/exaudi.org\\\/es\\\/renovacion-del-celam-presentacion-a-obispos-de-mexico-ecuador-y-chile\\\/#primaryimage\",\"url\":\"https:\\\/\\\/exaudi.org\\\/wp-content\\\/uploads\\\/2021\\\/04\\\/Remini20210420162321387-1.jpg\",\"contentUrl\":\"https:\\\/\\\/exaudi.org\\\/wp-content\\\/uploads\\\/2021\\\/04\\\/Remini20210420162321387-1.jpg\",\"width\":1334,\"height\":1000,\"caption\":\"Sede del CELAM \u00a9 CELAM\"},{\"@type\":\"BreadcrumbList\",\"@id\":\"https:\\\/\\\/exaudi.org\\\/es\\\/renovacion-del-celam-presentacion-a-obispos-de-mexico-ecuador-y-chile\\\/#breadcrumb\",\"itemListElement\":[{\"@type\":\"ListItem\",\"position\":1,\"name\":\"Portada\",\"item\":\"https:\\\/\\\/exaudi.org\\\/es\\\/\"},{\"@type\":\"ListItem\",\"position\":2,\"name\":\"Renovaci\u00f3n CELAM: Presentaci\u00f3n a obispos de M\u00e9xico, Ecuador y Chile\"}]},{\"@type\":\"WebSite\",\"@id\":\"https:\\\/\\\/exaudi.org\\\/#website\",\"url\":\"https:\\\/\\\/exaudi.org\\\/\",\"name\":\"Exaudi\",\"description\":\"News\",\"potentialAction\":[{\"@type\":\"SearchAction\",\"target\":{\"@type\":\"EntryPoint\",\"urlTemplate\":\"https:\\\/\\\/exaudi.org\\\/?s={search_term_string}\"},\"query-input\":{\"@type\":\"PropertyValueSpecification\",\"valueRequired\":true,\"valueName\":\"search_term_string\"}}],\"inLanguage\":\"es\"},{\"@type\":\"Person\",\"@id\":\"https:\\\/\\\/exaudi.org\\\/#\\\/schema\\\/person\\\/7d2f77db033c2c0929edfab6dbe8c588\",\"name\":\"Larissa I. L\u00f3pez\",\"image\":{\"@type\":\"ImageObject\",\"inLanguage\":\"es\",\"@id\":\"https:\\\/\\\/secure.gravatar.com\\\/avatar\\\/db3ef399ff343d0bb9d25dc5198bc8ece5ac6d621eca79876697a354dabc1e3f?s=96&d=mm&r=g\",\"url\":\"https:\\\/\\\/secure.gravatar.com\\\/avatar\\\/db3ef399ff343d0bb9d25dc5198bc8ece5ac6d621eca79876697a354dabc1e3f?s=96&d=mm&r=g\",\"contentUrl\":\"https:\\\/\\\/secure.gravatar.com\\\/avatar\\\/db3ef399ff343d0bb9d25dc5198bc8ece5ac6d621eca79876697a354dabc1e3f?s=96&d=mm&r=g\",\"caption\":\"Larissa I. L\u00f3pez\"},\"description\":\"Doctora en Comunicaci\u00f3n. Mi trayectoria profesional ha transcurrido entre el \u00e1mbito de la comunicaci\u00f3n y el de la docencia. En los \u00faltimos a\u00f1os, he trabajado como coordinadora y redactora de la edici\u00f3n de ZENIT en espa\u00f1ol. Como profesora, he impartido clases en la universidad y en centros de FP y bachillerato. Cordobesa de nacimiento, tambi\u00e9n he vivido en Sevilla, Madrid y Roma\",\"url\":\"https:\\\/\\\/exaudi.org\\\/es\\\/author\\\/llopezexaudi-org\\\/\"}]}<\/script>\n<!-- \/ Yoast SEO plugin. -->","yoast_head_json":{"title":"Renovaci\u00f3n CELAM: Presentaci\u00f3n a obispos de M\u00e9xico, Ecuador y Chile","description":"El Consejo Episcopal Latinoamericano (CELAM) present\u00f3 a los obispos de M\u00e9xico, Ecuador y Chile, los avances del procesos de renovaci\u00f3n","robots":{"index":"index","follow":"follow","max-snippet":"max-snippet:-1","max-image-preview":"max-image-preview:large","max-video-preview":"max-video-preview:-1"},"canonical":"https:\/\/exaudi.org\/es\/renovacion-del-celam-presentacion-a-obispos-de-mexico-ecuador-y-chile\/","og_locale":"es_ES","og_type":"article","og_title":"Renovaci\u00f3n CELAM: Presentaci\u00f3n a obispos de M\u00e9xico, Ecuador y Chile","og_description":"El Consejo Episcopal Latinoamericano (CELAM) present\u00f3 a los obispos de M\u00e9xico, Ecuador y Chile, los avances del procesos de renovaci\u00f3n","og_url":"https:\/\/exaudi.org\/es\/renovacion-del-celam-presentacion-a-obispos-de-mexico-ecuador-y-chile\/","og_site_name":"Exaudi","article_publisher":"https:\/\/www.facebook.com\/ExaudiNews","article_published_time":"2021-04-20T09:00:36+00:00","article_modified_time":"2021-04-20T15:52:29+00:00","og_image":[{"width":1334,"height":1000,"url":"https:\/\/exaudi.org\/wp-content\/uploads\/2021\/04\/Remini20210420162321387-1.jpg","type":"image\/jpeg"}],"author":"Larissa I. L\u00f3pez","twitter_card":"summary_large_image","twitter_creator":"@Exaudi_News","twitter_site":"@Exaudi_News","twitter_misc":{"Escrito por":"Larissa I. L\u00f3pez","Tiempo de lectura":"3 minutos"},"schema":{"@context":"https:\/\/schema.org","@graph":[{"@type":"Article","@id":"https:\/\/exaudi.org\/es\/renovacion-del-celam-presentacion-a-obispos-de-mexico-ecuador-y-chile\/#article","isPartOf":{"@id":"https:\/\/exaudi.org\/es\/renovacion-del-celam-presentacion-a-obispos-de-mexico-ecuador-y-chile\/"},"author":{"name":"Larissa I. L\u00f3pez","@id":"https:\/\/exaudi.org\/#\/schema\/person\/7d2f77db033c2c0929edfab6dbe8c588"},"headline":"Renovaci\u00f3n CELAM: Presentaci\u00f3n a obispos de M\u00e9xico, Ecuador y Chile","datePublished":"2021-04-20T09:00:36+00:00","dateModified":"2021-04-20T15:52:29+00:00","mainEntityOfPage":{"@id":"https:\/\/exaudi.org\/es\/renovacion-del-celam-presentacion-a-obispos-de-mexico-ecuador-y-chile\/"},"wordCount":636,"image":{"@id":"https:\/\/exaudi.org\/es\/renovacion-del-celam-presentacion-a-obispos-de-mexico-ecuador-y-chile\/#primaryimage"},"thumbnailUrl":"https:\/\/exaudi.org\/wp-content\/uploads\/2021\/04\/Remini20210420162321387-1.jpg","keywords":["CELAM","Chile","ecuador","M\u00e9xico","obispos","Proceso de renovaci\u00f3n"],"articleSection":["Iglesia Local","\u00daltimas noticias"],"inLanguage":"es"},{"@type":"WebPage","@id":"https:\/\/exaudi.org\/es\/renovacion-del-celam-presentacion-a-obispos-de-mexico-ecuador-y-chile\/","url":"https:\/\/exaudi.org\/es\/renovacion-del-celam-presentacion-a-obispos-de-mexico-ecuador-y-chile\/","name":"Renovaci\u00f3n CELAM: Presentaci\u00f3n a obispos de M\u00e9xico, Ecuador y Chile","isPartOf":{"@id":"https:\/\/exaudi.org\/#website"},"primaryImageOfPage":{"@id":"https:\/\/exaudi.org\/es\/renovacion-del-celam-presentacion-a-obispos-de-mexico-ecuador-y-chile\/#primaryimage"},"image":{"@id":"https:\/\/exaudi.org\/es\/renovacion-del-celam-presentacion-a-obispos-de-mexico-ecuador-y-chile\/#primaryimage"},"thumbnailUrl":"https:\/\/exaudi.org\/wp-content\/uploads\/2021\/04\/Remini20210420162321387-1.jpg","datePublished":"2021-04-20T09:00:36+00:00","dateModified":"2021-04-20T15:52:29+00:00","author":{"@id":"https:\/\/exaudi.org\/#\/schema\/person\/7d2f77db033c2c0929edfab6dbe8c588"},"description":"El Consejo Episcopal Latinoamericano (CELAM) present\u00f3 a los obispos de M\u00e9xico, Ecuador y Chile, los avances del procesos de renovaci\u00f3n","breadcrumb":{"@id":"https:\/\/exaudi.org\/es\/renovacion-del-celam-presentacion-a-obispos-de-mexico-ecuador-y-chile\/#breadcrumb"},"inLanguage":"es","potentialAction":[{"@type":"ReadAction","target":["https:\/\/exaudi.org\/es\/renovacion-del-celam-presentacion-a-obispos-de-mexico-ecuador-y-chile\/"]}]},{"@type":"ImageObject","inLanguage":"es","@id":"https:\/\/exaudi.org\/es\/renovacion-del-celam-presentacion-a-obispos-de-mexico-ecuador-y-chile\/#primaryimage","url":"https:\/\/exaudi.org\/wp-content\/uploads\/2021\/04\/Remini20210420162321387-1.jpg","contentUrl":"https:\/\/exaudi.org\/wp-content\/uploads\/2021\/04\/Remini20210420162321387-1.jpg","width":1334,"height":1000,"caption":"Sede del CELAM \u00a9 CELAM"},{"@type":"BreadcrumbList","@id":"https:\/\/exaudi.org\/es\/renovacion-del-celam-presentacion-a-obispos-de-mexico-ecuador-y-chile\/#breadcrumb","itemListElement":[{"@type":"ListItem","position":1,"name":"Portada","item":"https:\/\/exaudi.org\/es\/"},{"@type":"ListItem","position":2,"name":"Renovaci\u00f3n CELAM: Presentaci\u00f3n a obispos de M\u00e9xico, Ecuador y Chile"}]},{"@type":"WebSite","@id":"https:\/\/exaudi.org\/#website","url":"https:\/\/exaudi.org\/","name":"Exaudi","description":"News","potentialAction":[{"@type":"SearchAction","target":{"@type":"EntryPoint","urlTemplate":"https:\/\/exaudi.org\/?s={search_term_string}"},"query-input":{"@type":"PropertyValueSpecification","valueRequired":true,"valueName":"search_term_string"}}],"inLanguage":"es"},{"@type":"Person","@id":"https:\/\/exaudi.org\/#\/schema\/person\/7d2f77db033c2c0929edfab6dbe8c588","name":"Larissa I. L\u00f3pez","image":{"@type":"ImageObject","inLanguage":"es","@id":"https:\/\/secure.gravatar.com\/avatar\/db3ef399ff343d0bb9d25dc5198bc8ece5ac6d621eca79876697a354dabc1e3f?s=96&d=mm&r=g","url":"https:\/\/secure.gravatar.com\/avatar\/db3ef399ff343d0bb9d25dc5198bc8ece5ac6d621eca79876697a354dabc1e3f?s=96&d=mm&r=g","contentUrl":"https:\/\/secure.gravatar.com\/avatar\/db3ef399ff343d0bb9d25dc5198bc8ece5ac6d621eca79876697a354dabc1e3f?s=96&d=mm&r=g","caption":"Larissa I. L\u00f3pez"},"description":"Doctora en Comunicaci\u00f3n. Mi trayectoria profesional ha transcurrido entre el \u00e1mbito de la comunicaci\u00f3n y el de la docencia. En los \u00faltimos a\u00f1os, he trabajado como coordinadora y redactora de la edici\u00f3n de ZENIT en espa\u00f1ol. Como profesora, he impartido clases en la universidad y en centros de FP y bachillerato. Cordobesa de nacimiento, tambi\u00e9n he vivido en Sevilla, Madrid y Roma","url":"https:\/\/exaudi.org\/es\/author\/llopezexaudi-org\/"}]}},"jetpack_featured_media_url":"https:\/\/exaudi.org\/wp-content\/uploads\/2021\/04\/Remini20210420162321387-1.jpg","jetpack_shortlink":"https:\/\/wp.me\/pgKjF2-3fw","_links":{"self":[{"href":"https:\/\/exaudi.org\/es\/wp-json\/wp\/v2\/posts\/12494","targetHints":{"allow":["GET"]}}],"collection":[{"href":"https:\/\/exaudi.org\/es\/wp-json\/wp\/v2\/posts"}],"about":[{"href":"https:\/\/exaudi.org\/es\/wp-json\/wp\/v2\/types\/post"}],"author":[{"embeddable":true,"href":"https:\/\/exaudi.org\/es\/wp-json\/wp\/v2\/users\/5"}],"replies":[{"embeddable":true,"href":"https:\/\/exaudi.org\/es\/wp-json\/wp\/v2\/comments?post=12494"}],"version-history":[{"count":0,"href":"https:\/\/exaudi.org\/es\/wp-json\/wp\/v2\/posts\/12494\/revisions"}],"wp:featuredmedia":[{"embeddable":true,"href":"https:\/\/exaudi.org\/es\/wp-json\/wp\/v2\/media\/12497"}],"wp:attachment":[{"href":"https:\/\/exaudi.org\/es\/wp-json\/wp\/v2\/media?parent=12494"}],"wp:term":[{"taxonomy":"category","embeddable":true,"href":"https:\/\/exaudi.org\/es\/wp-json\/wp\/v2\/categories?post=12494"},{"taxonomy":"post_tag","embeddable":true,"href":"https:\/\/exaudi.org\/es\/wp-json\/wp\/v2\/tags?post=12494"}],"curies":[{"name":"wp","href":"https:\/\/api.w.org\/{rel}","templated":true}]}}