{"id":12479,"date":"2021-04-20T16:00:40","date_gmt":"2021-04-20T14:00:40","guid":{"rendered":"https:\/\/exaudi.org\/?p=12479"},"modified":"2021-04-21T12:02:26","modified_gmt":"2021-04-21T10:02:26","slug":"colombia-papa-dona-material-medico-enfermos-covid-2021","status":"publish","type":"post","link":"https:\/\/exaudi.org\/es\/colombia-papa-dona-material-medico-enfermos-covid-2021\/","title":{"rendered":"Colombia: El Papa dona material m\u00e9dico para enfermos de COVID"},"content":{"rendered":"<p>El <a href=\"https:\/\/exaudi.org\/es\/colombia-cercania-papa-comunidades-victimas-violencia\/\" target=\"_blank\" rel=\"noopener noreferrer\">Papa Francisco<\/a>, en un \u201cgesto de caridad y afecto hacia Colombia\u201d, ha hecho llegar por medio de la Nunciatura Apost\u00f3lica material m\u00e9dico y quir\u00fargico para la atenci\u00f3n de los enfermos de COVID-19. As\u00ed inform\u00f3 la <a href=\"https:\/\/www.cec.org.co\/\" target=\"_blank\" rel=\"noopener noreferrer\">Conferencia Episcopal Colombiana (CEC)<\/a> mediante una nota, el pasado s\u00e1bado 17 de abril de 2021.<\/p>\n<p>Tal y como se\u00f1ala la CEC, se trata de cuatro respiradores pulmonares (4) con toda su dotaci\u00f3n, una buena cantidad de mascarillas KN 95, mascarillas de protecci\u00f3n MASK, mascarillas de protecci\u00f3n King Mask JR 7001 y 200 gafas de protecci\u00f3n.<\/p>\n<h4><strong>Material para zonas necesitadas<\/strong><\/h4>\n<p>La nota del episcopado tambi\u00e9n refleja que el material ha llegado a la Nunciatura Apost\u00f3lica, y que el representante del Santo Padre, monse\u00f1or Luis Mariano Montemayor, como nuncio, \u201cha hecho todo lo necesario para enviar estos dones a una zona con gran necesidad en Colombia, para la atenci\u00f3n de personas necesitadas en el campo m\u00e9dico\u201d.<\/p>\n<p>Con la ayuda de la Fuerza A\u00e9rea Colombiana y la colaboraci\u00f3n del Obispado Castrense de Colombia, este material ha sido entregado al obispo de Quibd\u00f3, Mons. Juan Carlos Barreto Barreto, para los centros de atenci\u00f3n hospitalaria en la ciudad de Quibd\u00f3 (Hospital San Francisco de As\u00eds y la Cl\u00ednica Santiago) que atienden el Departamento del Choc\u00f3, aclara.<\/p>\n<h4><strong>Gesto de caridad<\/strong><\/h4>\n<p>La CEC expresa que, \u201ccon este gesto de caridad, el Papa quiere acompa\u00f1ar y ayudar a las personas que se encuentran en dificultades m\u00e9dicas ocasionadas por la pandemia. Se une este gesto a la continua solicitud de Francisco por Colombia en muchos campos, expresando su solicitud por todas las Iglesias y se suma esta donaci\u00f3n a la de otros respiradores que en varias ocasiones han sido entregados durante este tiempo al pa\u00eds por el Pont\u00edfice\u201d.<\/p>\n<p>\u201cRespondamos a este gesto de caridad del Santo Padre, con nuestro afecto y oraci\u00f3n por el Obispo de Roma, Sucesor de San Pedro\u201d, concluye.<\/p>\n","protected":false},"excerpt":{"rendered":"<p>Respiradores, mascarillas y gafas de protecci\u00f3n<\/p>\n","protected":false},"author":6,"featured_media":12487,"comment_status":"closed","ping_status":"closed","sticky":false,"template":"","format":"standard","meta":{"_acf_changed":false,"_crdt_document":"","inline_featured_image":false,"footnotes":""},"categories":[86],"tags":[1308,541,1364,158],"class_list":["post-12479","post","type-post","status-publish","format-standard","has-post-thumbnail","hentry","category-iglesia-local","tag-conferencia-episcopal-de-colombia-cec","tag-covid-19","tag-donacion","tag-papa-francisco"],"acf":[],"yoast_head":"<!-- This site is optimized with the Yoast SEO plugin v27.4 - https:\/\/yoast.com\/product\/yoast-seo-wordpress\/ -->\n<title>Colombia: El Papa dona material m\u00e9dico para enfermos de COVID- Exaudi<\/title>\n<meta name=\"description\" content=\"El Papa , en un \u201cgesto de caridad y afecto hacia Colombia\u201d, ha hecho llegar material m\u00e9dico y quir\u00fargico para enfermos de COVID.\" \/>\n<meta name=\"robots\" content=\"index, follow, max-snippet:-1, max-image-preview:large, max-video-preview:-1\" \/>\n<link rel=\"canonical\" href=\"https:\/\/exaudi.org\/es\/colombia-papa-dona-material-medico-enfermos-covid-2021\/\" \/>\n<meta property=\"og:locale\" content=\"es_ES\" \/>\n<meta property=\"og:type\" content=\"article\" \/>\n<meta property=\"og:title\" content=\"Colombia: El Papa dona material m\u00e9dico para enfermos de COVID- Exaudi\" \/>\n<meta property=\"og:description\" content=\"El Papa , en un \u201cgesto de caridad y afecto hacia Colombia\u201d, ha hecho llegar material m\u00e9dico y quir\u00fargico para enfermos de COVID.\" \/>\n<meta property=\"og:url\" content=\"https:\/\/exaudi.org\/es\/colombia-papa-dona-material-medico-enfermos-covid-2021\/\" \/>\n<meta property=\"og:site_name\" content=\"Exaudi\" \/>\n<meta property=\"article:publisher\" content=\"https:\/\/www.facebook.com\/ExaudiNews\" \/>\n<meta property=\"article:published_time\" content=\"2021-04-20T14:00:40+00:00\" \/>\n<meta property=\"article:modified_time\" content=\"2021-04-21T10:02:26+00:00\" \/>\n<meta property=\"og:image\" content=\"https:\/\/exaudi.org\/wp-content\/uploads\/2021\/04\/Ventiladores-covid222.jpg\" \/>\n\t<meta property=\"og:image:width\" content=\"1200\" \/>\n\t<meta property=\"og:image:height\" content=\"700\" \/>\n\t<meta property=\"og:image:type\" content=\"image\/jpeg\" \/>\n<meta name=\"author\" content=\"Gabriel Sales\" \/>\n<meta name=\"twitter:card\" content=\"summary_large_image\" \/>\n<meta name=\"twitter:creator\" content=\"@habemusman\" \/>\n<meta name=\"twitter:site\" content=\"@Exaudi_News\" \/>\n<meta name=\"twitter:label1\" content=\"Escrito por\" \/>\n\t<meta name=\"twitter:data1\" content=\"Gabriel Sales\" \/>\n\t<meta name=\"twitter:label2\" content=\"Tiempo de lectura\" \/>\n\t<meta name=\"twitter:data2\" content=\"2 minutos\" \/>\n<script type=\"application\/ld+json\" class=\"yoast-schema-graph\">{\"@context\":\"https:\\\/\\\/schema.org\",\"@graph\":[{\"@type\":\"Article\",\"@id\":\"https:\\\/\\\/exaudi.org\\\/es\\\/colombia-papa-dona-material-medico-enfermos-covid-2021\\\/#article\",\"isPartOf\":{\"@id\":\"https:\\\/\\\/exaudi.org\\\/es\\\/colombia-papa-dona-material-medico-enfermos-covid-2021\\\/\"},\"author\":{\"name\":\"Gabriel Sales\",\"@id\":\"https:\\\/\\\/exaudi.org\\\/#\\\/schema\\\/person\\\/d134b96438278131ce90c90c03fda6cd\"},\"headline\":\"Colombia: El Papa dona material m\u00e9dico para enfermos de COVID\",\"datePublished\":\"2021-04-20T14:00:40+00:00\",\"dateModified\":\"2021-04-21T10:02:26+00:00\",\"mainEntityOfPage\":{\"@id\":\"https:\\\/\\\/exaudi.org\\\/es\\\/colombia-papa-dona-material-medico-enfermos-covid-2021\\\/\"},\"wordCount\":340,\"image\":{\"@id\":\"https:\\\/\\\/exaudi.org\\\/es\\\/colombia-papa-dona-material-medico-enfermos-covid-2021\\\/#primaryimage\"},\"thumbnailUrl\":\"https:\\\/\\\/exaudi.org\\\/wp-content\\\/uploads\\\/2021\\\/04\\\/Ventiladores-covid222.jpg\",\"keywords\":[\"Conferencia Episcopal de Colombia (CEC)\",\"COVID-19\",\"Donaci\u00f3n\",\"papa francisco\"],\"articleSection\":[\"Iglesia Local\"],\"inLanguage\":\"es\"},{\"@type\":\"WebPage\",\"@id\":\"https:\\\/\\\/exaudi.org\\\/es\\\/colombia-papa-dona-material-medico-enfermos-covid-2021\\\/\",\"url\":\"https:\\\/\\\/exaudi.org\\\/es\\\/colombia-papa-dona-material-medico-enfermos-covid-2021\\\/\",\"name\":\"Colombia: El Papa dona material m\u00e9dico para enfermos de COVID- Exaudi\",\"isPartOf\":{\"@id\":\"https:\\\/\\\/exaudi.org\\\/#website\"},\"primaryImageOfPage\":{\"@id\":\"https:\\\/\\\/exaudi.org\\\/es\\\/colombia-papa-dona-material-medico-enfermos-covid-2021\\\/#primaryimage\"},\"image\":{\"@id\":\"https:\\\/\\\/exaudi.org\\\/es\\\/colombia-papa-dona-material-medico-enfermos-covid-2021\\\/#primaryimage\"},\"thumbnailUrl\":\"https:\\\/\\\/exaudi.org\\\/wp-content\\\/uploads\\\/2021\\\/04\\\/Ventiladores-covid222.jpg\",\"datePublished\":\"2021-04-20T14:00:40+00:00\",\"dateModified\":\"2021-04-21T10:02:26+00:00\",\"author\":{\"@id\":\"https:\\\/\\\/exaudi.org\\\/#\\\/schema\\\/person\\\/d134b96438278131ce90c90c03fda6cd\"},\"description\":\"El Papa , en un \u201cgesto de caridad y afecto hacia Colombia\u201d, ha hecho llegar material m\u00e9dico y quir\u00fargico para enfermos de COVID.\",\"breadcrumb\":{\"@id\":\"https:\\\/\\\/exaudi.org\\\/es\\\/colombia-papa-dona-material-medico-enfermos-covid-2021\\\/#breadcrumb\"},\"inLanguage\":\"es\",\"potentialAction\":[{\"@type\":\"ReadAction\",\"target\":[\"https:\\\/\\\/exaudi.org\\\/es\\\/colombia-papa-dona-material-medico-enfermos-covid-2021\\\/\"]}]},{\"@type\":\"ImageObject\",\"inLanguage\":\"es\",\"@id\":\"https:\\\/\\\/exaudi.org\\\/es\\\/colombia-papa-dona-material-medico-enfermos-covid-2021\\\/#primaryimage\",\"url\":\"https:\\\/\\\/exaudi.org\\\/wp-content\\\/uploads\\\/2021\\\/04\\\/Ventiladores-covid222.jpg\",\"contentUrl\":\"https:\\\/\\\/exaudi.org\\\/wp-content\\\/uploads\\\/2021\\\/04\\\/Ventiladores-covid222.jpg\",\"width\":1200,\"height\":700,\"caption\":\"Im\u00e1genes de la donaci\u00f3n sanitaria \u00a9 CEC\"},{\"@type\":\"BreadcrumbList\",\"@id\":\"https:\\\/\\\/exaudi.org\\\/es\\\/colombia-papa-dona-material-medico-enfermos-covid-2021\\\/#breadcrumb\",\"itemListElement\":[{\"@type\":\"ListItem\",\"position\":1,\"name\":\"Portada\",\"item\":\"https:\\\/\\\/exaudi.org\\\/es\\\/\"},{\"@type\":\"ListItem\",\"position\":2,\"name\":\"Colombia: El Papa dona material m\u00e9dico para enfermos de COVID\"}]},{\"@type\":\"WebSite\",\"@id\":\"https:\\\/\\\/exaudi.org\\\/#website\",\"url\":\"https:\\\/\\\/exaudi.org\\\/\",\"name\":\"Exaudi\",\"description\":\"News\",\"potentialAction\":[{\"@type\":\"SearchAction\",\"target\":{\"@type\":\"EntryPoint\",\"urlTemplate\":\"https:\\\/\\\/exaudi.org\\\/?s={search_term_string}\"},\"query-input\":{\"@type\":\"PropertyValueSpecification\",\"valueRequired\":true,\"valueName\":\"search_term_string\"}}],\"inLanguage\":\"es\"},{\"@type\":\"Person\",\"@id\":\"https:\\\/\\\/exaudi.org\\\/#\\\/schema\\\/person\\\/d134b96438278131ce90c90c03fda6cd\",\"name\":\"Gabriel Sales\",\"image\":{\"@type\":\"ImageObject\",\"inLanguage\":\"es\",\"@id\":\"https:\\\/\\\/secure.gravatar.com\\\/avatar\\\/9b1269566f6a063ed26ffb3532b66a373cdde231ce5d0effb266167437fdaffd?s=96&d=mm&r=g\",\"url\":\"https:\\\/\\\/secure.gravatar.com\\\/avatar\\\/9b1269566f6a063ed26ffb3532b66a373cdde231ce5d0effb266167437fdaffd?s=96&d=mm&r=g\",\"contentUrl\":\"https:\\\/\\\/secure.gravatar.com\\\/avatar\\\/9b1269566f6a063ed26ffb3532b66a373cdde231ce5d0effb266167437fdaffd?s=96&d=mm&r=g\",\"caption\":\"Gabriel Sales\"},\"description\":\"Periodista y especialista en Comunicaci\u00f3n y Branding digital. Cin\u00e9filo y cr\u00edtico de cine y series de televisi\u00f3n.\",\"sameAs\":[\"https:\\\/\\\/www.instagram.com\\\/cine90segundos\\\/\",\"www.linkedin.com\\\/in\\\/habemusman\",\"https:\\\/\\\/x.com\\\/habemusman\",\"https:\\\/\\\/www.youtube.com\\\/channel\\\/UCVfCiOMkJ_C7T7OpyjuaLDg\"],\"url\":\"https:\\\/\\\/exaudi.org\\\/es\\\/author\\\/gsalesexaudi-org\\\/\"}]}<\/script>\n<!-- \/ Yoast SEO plugin. -->","yoast_head_json":{"title":"Colombia: El Papa dona material m\u00e9dico para enfermos de COVID- Exaudi","description":"El Papa , en un \u201cgesto de caridad y afecto hacia Colombia\u201d, ha hecho llegar material m\u00e9dico y quir\u00fargico para enfermos de COVID.","robots":{"index":"index","follow":"follow","max-snippet":"max-snippet:-1","max-image-preview":"max-image-preview:large","max-video-preview":"max-video-preview:-1"},"canonical":"https:\/\/exaudi.org\/es\/colombia-papa-dona-material-medico-enfermos-covid-2021\/","og_locale":"es_ES","og_type":"article","og_title":"Colombia: El Papa dona material m\u00e9dico para enfermos de COVID- Exaudi","og_description":"El Papa , en un \u201cgesto de caridad y afecto hacia Colombia\u201d, ha hecho llegar material m\u00e9dico y quir\u00fargico para enfermos de COVID.","og_url":"https:\/\/exaudi.org\/es\/colombia-papa-dona-material-medico-enfermos-covid-2021\/","og_site_name":"Exaudi","article_publisher":"https:\/\/www.facebook.com\/ExaudiNews","article_published_time":"2021-04-20T14:00:40+00:00","article_modified_time":"2021-04-21T10:02:26+00:00","og_image":[{"width":1200,"height":700,"url":"https:\/\/exaudi.org\/wp-content\/uploads\/2021\/04\/Ventiladores-covid222.jpg","type":"image\/jpeg"}],"author":"Gabriel Sales","twitter_card":"summary_large_image","twitter_creator":"@habemusman","twitter_site":"@Exaudi_News","twitter_misc":{"Escrito por":"Gabriel Sales","Tiempo de lectura":"2 minutos"},"schema":{"@context":"https:\/\/schema.org","@graph":[{"@type":"Article","@id":"https:\/\/exaudi.org\/es\/colombia-papa-dona-material-medico-enfermos-covid-2021\/#article","isPartOf":{"@id":"https:\/\/exaudi.org\/es\/colombia-papa-dona-material-medico-enfermos-covid-2021\/"},"author":{"name":"Gabriel Sales","@id":"https:\/\/exaudi.org\/#\/schema\/person\/d134b96438278131ce90c90c03fda6cd"},"headline":"Colombia: El Papa dona material m\u00e9dico para enfermos de COVID","datePublished":"2021-04-20T14:00:40+00:00","dateModified":"2021-04-21T10:02:26+00:00","mainEntityOfPage":{"@id":"https:\/\/exaudi.org\/es\/colombia-papa-dona-material-medico-enfermos-covid-2021\/"},"wordCount":340,"image":{"@id":"https:\/\/exaudi.org\/es\/colombia-papa-dona-material-medico-enfermos-covid-2021\/#primaryimage"},"thumbnailUrl":"https:\/\/exaudi.org\/wp-content\/uploads\/2021\/04\/Ventiladores-covid222.jpg","keywords":["Conferencia Episcopal de Colombia (CEC)","COVID-19","Donaci\u00f3n","papa francisco"],"articleSection":["Iglesia Local"],"inLanguage":"es"},{"@type":"WebPage","@id":"https:\/\/exaudi.org\/es\/colombia-papa-dona-material-medico-enfermos-covid-2021\/","url":"https:\/\/exaudi.org\/es\/colombia-papa-dona-material-medico-enfermos-covid-2021\/","name":"Colombia: El Papa dona material m\u00e9dico para enfermos de COVID- Exaudi","isPartOf":{"@id":"https:\/\/exaudi.org\/#website"},"primaryImageOfPage":{"@id":"https:\/\/exaudi.org\/es\/colombia-papa-dona-material-medico-enfermos-covid-2021\/#primaryimage"},"image":{"@id":"https:\/\/exaudi.org\/es\/colombia-papa-dona-material-medico-enfermos-covid-2021\/#primaryimage"},"thumbnailUrl":"https:\/\/exaudi.org\/wp-content\/uploads\/2021\/04\/Ventiladores-covid222.jpg","datePublished":"2021-04-20T14:00:40+00:00","dateModified":"2021-04-21T10:02:26+00:00","author":{"@id":"https:\/\/exaudi.org\/#\/schema\/person\/d134b96438278131ce90c90c03fda6cd"},"description":"El Papa , en un \u201cgesto de caridad y afecto hacia Colombia\u201d, ha hecho llegar material m\u00e9dico y quir\u00fargico para enfermos de COVID.","breadcrumb":{"@id":"https:\/\/exaudi.org\/es\/colombia-papa-dona-material-medico-enfermos-covid-2021\/#breadcrumb"},"inLanguage":"es","potentialAction":[{"@type":"ReadAction","target":["https:\/\/exaudi.org\/es\/colombia-papa-dona-material-medico-enfermos-covid-2021\/"]}]},{"@type":"ImageObject","inLanguage":"es","@id":"https:\/\/exaudi.org\/es\/colombia-papa-dona-material-medico-enfermos-covid-2021\/#primaryimage","url":"https:\/\/exaudi.org\/wp-content\/uploads\/2021\/04\/Ventiladores-covid222.jpg","contentUrl":"https:\/\/exaudi.org\/wp-content\/uploads\/2021\/04\/Ventiladores-covid222.jpg","width":1200,"height":700,"caption":"Im\u00e1genes de la donaci\u00f3n sanitaria \u00a9 CEC"},{"@type":"BreadcrumbList","@id":"https:\/\/exaudi.org\/es\/colombia-papa-dona-material-medico-enfermos-covid-2021\/#breadcrumb","itemListElement":[{"@type":"ListItem","position":1,"name":"Portada","item":"https:\/\/exaudi.org\/es\/"},{"@type":"ListItem","position":2,"name":"Colombia: El Papa dona material m\u00e9dico para enfermos de COVID"}]},{"@type":"WebSite","@id":"https:\/\/exaudi.org\/#website","url":"https:\/\/exaudi.org\/","name":"Exaudi","description":"News","potentialAction":[{"@type":"SearchAction","target":{"@type":"EntryPoint","urlTemplate":"https:\/\/exaudi.org\/?s={search_term_string}"},"query-input":{"@type":"PropertyValueSpecification","valueRequired":true,"valueName":"search_term_string"}}],"inLanguage":"es"},{"@type":"Person","@id":"https:\/\/exaudi.org\/#\/schema\/person\/d134b96438278131ce90c90c03fda6cd","name":"Gabriel Sales","image":{"@type":"ImageObject","inLanguage":"es","@id":"https:\/\/secure.gravatar.com\/avatar\/9b1269566f6a063ed26ffb3532b66a373cdde231ce5d0effb266167437fdaffd?s=96&d=mm&r=g","url":"https:\/\/secure.gravatar.com\/avatar\/9b1269566f6a063ed26ffb3532b66a373cdde231ce5d0effb266167437fdaffd?s=96&d=mm&r=g","contentUrl":"https:\/\/secure.gravatar.com\/avatar\/9b1269566f6a063ed26ffb3532b66a373cdde231ce5d0effb266167437fdaffd?s=96&d=mm&r=g","caption":"Gabriel Sales"},"description":"Periodista y especialista en Comunicaci\u00f3n y Branding digital. Cin\u00e9filo y cr\u00edtico de cine y series de televisi\u00f3n.","sameAs":["https:\/\/www.instagram.com\/cine90segundos\/","www.linkedin.com\/in\/habemusman","https:\/\/x.com\/habemusman","https:\/\/www.youtube.com\/channel\/UCVfCiOMkJ_C7T7OpyjuaLDg"],"url":"https:\/\/exaudi.org\/es\/author\/gsalesexaudi-org\/"}]}},"jetpack_featured_media_url":"https:\/\/exaudi.org\/wp-content\/uploads\/2021\/04\/Ventiladores-covid222.jpg","jetpack_shortlink":"https:\/\/wp.me\/pgKjF2-3fh","_links":{"self":[{"href":"https:\/\/exaudi.org\/es\/wp-json\/wp\/v2\/posts\/12479","targetHints":{"allow":["GET"]}}],"collection":[{"href":"https:\/\/exaudi.org\/es\/wp-json\/wp\/v2\/posts"}],"about":[{"href":"https:\/\/exaudi.org\/es\/wp-json\/wp\/v2\/types\/post"}],"author":[{"embeddable":true,"href":"https:\/\/exaudi.org\/es\/wp-json\/wp\/v2\/users\/6"}],"replies":[{"embeddable":true,"href":"https:\/\/exaudi.org\/es\/wp-json\/wp\/v2\/comments?post=12479"}],"version-history":[{"count":0,"href":"https:\/\/exaudi.org\/es\/wp-json\/wp\/v2\/posts\/12479\/revisions"}],"wp:featuredmedia":[{"embeddable":true,"href":"https:\/\/exaudi.org\/es\/wp-json\/wp\/v2\/media\/12487"}],"wp:attachment":[{"href":"https:\/\/exaudi.org\/es\/wp-json\/wp\/v2\/media?parent=12479"}],"wp:term":[{"taxonomy":"category","embeddable":true,"href":"https:\/\/exaudi.org\/es\/wp-json\/wp\/v2\/categories?post=12479"},{"taxonomy":"post_tag","embeddable":true,"href":"https:\/\/exaudi.org\/es\/wp-json\/wp\/v2\/tags?post=12479"}],"curies":[{"name":"wp","href":"https:\/\/api.w.org\/{rel}","templated":true}]}}