{"id":124767,"date":"2025-04-30T08:00:05","date_gmt":"2025-04-30T06:00:05","guid":{"rendered":"https:\/\/exaudi.org\/?p=124767"},"modified":"2025-04-29T11:58:53","modified_gmt":"2025-04-29T09:58:53","slug":"padre-tomaz-mavric-de-la-congregacion-de-la-mision-estamos-llamados-a-ver-el-rostro-de-jesus-en-los-mas-pobres","status":"publish","type":"post","link":"https:\/\/exaudi.org\/es\/padre-tomaz-mavric-de-la-congregacion-de-la-mision-estamos-llamados-a-ver-el-rostro-de-jesus-en-los-mas-pobres\/","title":{"rendered":"Padre Toma\u017e Mavri\u010d, de la Congregaci\u00f3n de la Misi\u00f3n:  \u201cEstamos llamados a ver el rostro de Jes\u00fas en los m\u00e1s pobres\u00bb"},"content":{"rendered":"<p><strong>En este 400 aniversario de la Congregaci\u00f3n de la Misi\u00f3n, \u00bfqu\u00e9 aspectos del carisma de San Vicente de Pa\u00fal considera m\u00e1s urgentes para la Iglesia y el mundo de hoy?<\/strong><\/p>\n<p>Padre Toma\u017e Mavri\u010d: Yo subrayar\u00eda que uno de los aspectos m\u00e1s urgentes es la formaci\u00f3n. Las misiones populares que se pueden hacer de diferentes maneras, la formaci\u00f3n del clero.<\/p>\n<p>San Vicente form\u00f3 la congregaci\u00f3n con las dos partes de los pulmones: con los hermanos y los sacerdotes. En muchos pa\u00edses nos llaman \u00abpadres Paul\u00bb y eso no es correcto, tenemos que cambiar eso a \u00abmisionero Paul\u00bb. Ah\u00ed entramos los dos, entran los dos grupos. Pero con \u00abpadres Paul\u00bb, nos olvidamos de los \u201chermanos Paules\u201d, que en la historia tambi\u00e9n hicieron cosas muy importantes en el campo del Evangelio. Hoy tenemos ejemplos de personas que, si lo queremos comparar en el campo intelectual, est\u00e1n m\u00e1s preparadas que un sacerdote. As\u00ed que eso tambi\u00e9n hay que tenerlo presente.<\/p>\n<p>Luego, con las parroquias tenemos son un desaf\u00edo, porque nosotros no somos llamados a priorizar parroquias. S\u00ed, en las misiones y en las periferias, reviviendo all\u00ed la experiencia de una misi\u00f3n compartida junto a un grupo laico vicentino. Pero tomar parroquias y dejar todo igual, con el mismo estilo de una parroquia diocesana, no estamos llamados a hacer eso.<\/p>\n<p>Todav\u00eda tenemos la mayor\u00eda del n\u00famero de cohermanos presentes en parroquias. La invitaci\u00f3n es a que, desde las parroquias, se formen comunidades de misi\u00f3n: casas de misi\u00f3n llamadas a estar presentes en el territorio parroquial. Los cohermanos son flexibles, pueden ir en la direcci\u00f3n de la formaci\u00f3n del clero, pueden hacer retiros para j\u00f3venes, retiros en diferentes lugares, en parroquias o misiones populares.<\/p>\n<p><strong>El Papa Francisco ha subrayado en su mensaje la importancia de renovar el compromiso misionero y de imitar el amor preferencial de Cristo por los pobres. \u00bfC\u00f3mo viven hoy los misioneros pa\u00fales esta fidelidad misionera en las periferias m\u00e1s dif\u00edciles?<\/strong><\/p>\n<p>T.M.:S\u00ed, algunos son cohermanos excepcionales, son modelos de vida. Uno realmente cierra la boca cuando los ve o los escucha. A estos cohermanos tenemos que tenerlos como modelos.<\/p>\n<p>Los que no vivimos esta forma de misi\u00f3n estamos invitados a hacerlo, justamente, en la gracia de los 400 a\u00f1os que nos puede llevar al cambio. Hacerlo sin anteponer en ning\u00fan momento los propios intereses, deseos u otros motivos personales. Siempre la persona, la felicidad, Jes\u00fas en la persona. Y cuanto m\u00e1s pobre, m\u00e1s claro se ve el rostro de Jes\u00fas en esa persona. Eso es lo que nos tiene que mover. Es el descubrimiento de Vicente, que fue el comienzo de su cambio radical, su transformaci\u00f3n profunda. Y eso es lo que tambi\u00e9n nos va a cambiar.<\/p>\n<p><strong>Par\u00eds acoge estos d\u00edas unas celebraciones muy significativas. \u00bfQu\u00e9 mensaje espera que resuene en el coraz\u00f3n de los fieles y de la familia vicenciana al final de este jubileo?<\/strong><\/p>\n<p>T.M.: Al final, si alguien llegara a exclamar: &#8216;Somos testigos del inicio de un nuevo Pentecost\u00e9s&#8217;, me dir\u00eda a m\u00ed mismo: &#8216;Mira, Tom\u00e1s, esto es lo que Jes\u00fas quiso, lo que desea, y lo que ahora est\u00e1 comenzando a florecer en nosotros.<\/p>\n<p><img loading=\"lazy\" decoding=\"async\" class=\"size-full wp-image-124774 alignnone\" src=\"https:\/\/exaudi.org\/wp-content\/uploads\/2025\/04\/Santuario-Medalla-Milagrosa-Padre-Tomaz-Mavric-Credito-Congregacion-de-la-Mision.JPG.jpg\" alt=\"\" width=\"2048\" height=\"1536\" srcset=\"https:\/\/exaudi.org\/wp-content\/uploads\/2025\/04\/Santuario-Medalla-Milagrosa-Padre-Tomaz-Mavric-Credito-Congregacion-de-la-Mision.JPG.jpg 2048w, https:\/\/exaudi.org\/wp-content\/uploads\/2025\/04\/Santuario-Medalla-Milagrosa-Padre-Tomaz-Mavric-Credito-Congregacion-de-la-Mision.JPG-300x225.jpg 300w, https:\/\/exaudi.org\/wp-content\/uploads\/2025\/04\/Santuario-Medalla-Milagrosa-Padre-Tomaz-Mavric-Credito-Congregacion-de-la-Mision.JPG-1024x768.jpg 1024w, https:\/\/exaudi.org\/wp-content\/uploads\/2025\/04\/Santuario-Medalla-Milagrosa-Padre-Tomaz-Mavric-Credito-Congregacion-de-la-Mision.JPG-770x578.jpg 770w, https:\/\/exaudi.org\/wp-content\/uploads\/2025\/04\/Santuario-Medalla-Milagrosa-Padre-Tomaz-Mavric-Credito-Congregacion-de-la-Mision.JPG-1536x1152.jpg 1536w, https:\/\/exaudi.org\/wp-content\/uploads\/2025\/04\/Santuario-Medalla-Milagrosa-Padre-Tomaz-Mavric-Credito-Congregacion-de-la-Mision.JPG-500x375.jpg 500w\" sizes=\"auto, (max-width: 2048px) 100vw, 2048px\" \/><\/p>\n<p><strong>Usted ha animado a los j\u00f3venes a implicarse en la misi\u00f3n. \u00bfC\u00f3mo puede el legado de San Vicente de Pa\u00fal inspirar hoy a los j\u00f3venes a ser testigos valientes del Evangelio?<\/strong><\/p>\n<p>T.M.: Yo pienso que tenemos un carisma \u2014pensando en el hacer, y una espiritualidad del ser\u2014 extraordinaria, extraordinaria. Pero es que sale del mismo Jes\u00fas, de la misma misi\u00f3n de Jes\u00fas. \u00bfQu\u00e9 m\u00e1s podemos pedir? \u00bfQu\u00e9 m\u00e1s podemos pedir del Evangelio, no?<\/p>\n<p>Cuando \u00c9l, en la sinagoga de Nazaret, abri\u00f3 el pergamino \u2014el de Isa\u00edas\u2014 y ley\u00f3 el texto, dec\u00eda: <em>\u00abFue enviado a traer la Buena Noticia a los pobres, a los desamparados, a los que viven en la c\u00e1rcel\u00bb<\/em>, y as\u00ed en m\u00e1s. Y al final dice: <em>\u00abEsto ocurri\u00f3 hoy\u00bb<\/em>. Esto ocurri\u00f3 hoy, aqu\u00ed y ahora. Esta es la misi\u00f3n que yo comienzo, de la que se hablaba tantos siglos antes: es hoy. Entonces, es de ah\u00ed de donde nosotros tomamos esta invitaci\u00f3n.<\/p>\n<p>A los j\u00f3venes, tenemos para ellos una hermosa misi\u00f3n. No somos especialistas en el sentido en que, al hablar de j\u00f3venes, uno piensa inmediatamente en los salesianos, \u00bfverdad? Porque ellos lo tienen como su carisma primordial, central. Pero los j\u00f3venes en formaci\u00f3n, en diferentes formas de acompa\u00f1amiento, nosotros nos ocupamos concretamente de la misi\u00f3n. Es el encontrar al pobre, encontrar a Jes\u00fas en el pobre.<\/p>\n<p>Entonces, \u00bfd\u00f3nde hay que ir? Hay que ir a los lugares donde \u00c9l m\u00e1s quiere estar. Y \u00c9l quiere estar donde las personas m\u00e1s sufren: las m\u00e1s abandonadas espiritual, material y psicol\u00f3gicamente.<\/p>\n<p>Ser misioneros es una invitaci\u00f3n atractiva, si lo decimos en el campo del marketing, para los j\u00f3venes. Y agradezco al Papa Francisco, tanto, de coraz\u00f3n, que nos record\u00f3 e invit\u00f3 a este camino.<\/p>\n<p><strong>La campa\u00f1a \u00ab13 Casas\u00bb y otras iniciativas sociales muestran que el esp\u00edritu vicenciano sigue transformando vidas. \u00bfQu\u00e9 desaf\u00edos y esperanzas vislumbra para el futuro de la Congregaci\u00f3n de la Misi\u00f3n y de toda la familia vicenciana?<\/strong><\/p>\n<p>T.M.:\u00a0 En este momento la familia vicentina est\u00e1 compuesta por 180 organizaciones, en donde hay congregaciones y asociaciones laicas. Entonces, el primer desaf\u00edo es la colaboraci\u00f3n, la uni\u00f3n interna, no olvidar que todos pertenecemos a la familia vicentina. Esa palabra, \u00abfamilia vicentina\u00bb, pienso que tiene que ser mucho m\u00e1s, tiene que ir creciendo de momento a momento. Porque en el mundo global nos van a ir conociendo m\u00e1s como familia vicentina o vicenciana, no como \u00abCongregaci\u00f3n de la Misi\u00f3n\u00bb o \u00abAsociaci\u00f3n de San Vicente de Pa\u00fal\u00bb. S\u00ed bien decimos, somos la Congregaci\u00f3n de la Misi\u00f3n de San Vicente de Pa\u00fal, pero pertenecemos a la familia vicentina.<\/p>\n<p>Juntos podemos hacer mucho m\u00e1s, tenemos mucho m\u00e1s carisma, talentos, dones unidos, \u00bfno? As\u00ed podemos ayudar mucho m\u00e1s, ese es el punto. Eso es un campo de aprendizaje para nuestra familia.<\/p>\n<p>Por ejemplo, el proyecto de las Trece Casas es la primera vez que hacemos algo de forma global. La iniciativa en el \u00e1mbito de la caridad tambi\u00e9n busca dar una respuesta global a las necesidades, cat\u00e1strofes y situaciones de urgencia.<\/p>\n<p>Al mismo tiempo, en el campo de la educaci\u00f3n \u2014donde muchas congregaciones son muy fuertes\u2014 tambi\u00e9n, a nivel internacional hay que unir estas fuerzas. La educaci\u00f3n vicentina, donde los laicos son los que est\u00e1n y a quienes se sirve de forma especial, es otro campo que tenemos presente y que tenemos que revitalizar para ser m\u00e1s efectivos en el futuro.<\/p>\n<p><img loading=\"lazy\" decoding=\"async\" class=\"size-full wp-image-124768 alignnone\" src=\"https:\/\/exaudi.org\/wp-content\/uploads\/2025\/04\/400-Aniversario-celebracion-Credito-Congregacion-de-la-Mision.JPG.jpg\" alt=\"\" width=\"2048\" height=\"1152\" srcset=\"https:\/\/exaudi.org\/wp-content\/uploads\/2025\/04\/400-Aniversario-celebracion-Credito-Congregacion-de-la-Mision.JPG.jpg 2048w, https:\/\/exaudi.org\/wp-content\/uploads\/2025\/04\/400-Aniversario-celebracion-Credito-Congregacion-de-la-Mision.JPG-300x169.jpg 300w, https:\/\/exaudi.org\/wp-content\/uploads\/2025\/04\/400-Aniversario-celebracion-Credito-Congregacion-de-la-Mision.JPG-1024x576.jpg 1024w, https:\/\/exaudi.org\/wp-content\/uploads\/2025\/04\/400-Aniversario-celebracion-Credito-Congregacion-de-la-Mision.JPG-770x433.jpg 770w, https:\/\/exaudi.org\/wp-content\/uploads\/2025\/04\/400-Aniversario-celebracion-Credito-Congregacion-de-la-Mision.JPG-1536x864.jpg 1536w, https:\/\/exaudi.org\/wp-content\/uploads\/2025\/04\/400-Aniversario-celebracion-Credito-Congregacion-de-la-Mision.JPG-500x281.jpg 500w\" sizes=\"auto, (max-width: 2048px) 100vw, 2048px\" \/><\/p>\n<p><img loading=\"lazy\" decoding=\"async\" class=\"size-full wp-image-124778 alignnone\" src=\"https:\/\/exaudi.org\/wp-content\/uploads\/2025\/04\/podcast-Facebook-Post.jpg\" alt=\"\" width=\"940\" height=\"788\" srcset=\"https:\/\/exaudi.org\/wp-content\/uploads\/2025\/04\/podcast-Facebook-Post.jpg 940w, https:\/\/exaudi.org\/wp-content\/uploads\/2025\/04\/podcast-Facebook-Post-300x251.jpg 300w, https:\/\/exaudi.org\/wp-content\/uploads\/2025\/04\/podcast-Facebook-Post-770x645.jpg 770w, https:\/\/exaudi.org\/wp-content\/uploads\/2025\/04\/podcast-Facebook-Post-500x419.jpg 500w\" sizes=\"auto, (max-width: 940px) 100vw, 940px\" \/><\/p>\n","protected":false},"excerpt":{"rendered":"<p>La Congregaci\u00f3n de la Misi\u00f3n, fundada por San Vicente de Pa\u00fal, celebra esta semana su 400 aniversario en Par\u00eds. El Padre Toma\u017e Mavri\u010d, Superior General de la Congregaci\u00f3n, nos comparte c\u00f3mo est\u00e1n viviendo internamente este trascendental aniversario<\/p>\n","protected":false},"author":15,"featured_media":124771,"comment_status":"closed","ping_status":"closed","sticky":false,"template":"","format":"standard","meta":{"_acf_changed":false,"_crdt_document":"","inline_featured_image":false,"footnotes":""},"categories":[108],"tags":[56611,6613,6558,2023,4346,32309,10800,4269,56612,4953],"class_list":["post-124767","post","type-post","status-publish","format-standard","has-post-thumbnail","hentry","category-entrevistas","tag-400-aniversario","tag-carisma","tag-congregacion-de-la-mision","tag-formacion","tag-misiones","tag-padre-tomaz-mavric-2","tag-paris-2","tag-san-vicente-de-paul","tag-superior-general-2","tag-trending-es"],"acf":[],"yoast_head":"<!-- This site is optimized with the Yoast SEO plugin v27.5 - https:\/\/yoast.com\/product\/yoast-seo-wordpress\/ -->\n<title>Padre Toma\u017e Mavri\u010d, de la Congregaci\u00f3n de la Misi\u00f3n: \u201cEstamos llamados a ver el rostro de Jes\u00fas en los m\u00e1s pobres&quot; &#8211; Exaudi<\/title>\n<meta name=\"robots\" content=\"index, follow, max-snippet:-1, max-image-preview:large, max-video-preview:-1\" \/>\n<link rel=\"canonical\" href=\"https:\/\/exaudi.org\/es\/padre-tomaz-mavric-de-la-congregacion-de-la-mision-estamos-llamados-a-ver-el-rostro-de-jesus-en-los-mas-pobres\/\" \/>\n<meta property=\"og:locale\" content=\"es_ES\" \/>\n<meta property=\"og:type\" content=\"article\" \/>\n<meta property=\"og:title\" content=\"Padre Toma\u017e Mavri\u010d, de la Congregaci\u00f3n de la Misi\u00f3n: \u201cEstamos llamados a ver el rostro de Jes\u00fas en los m\u00e1s pobres&quot; &#8211; Exaudi\" \/>\n<meta property=\"og:description\" content=\"La Congregaci\u00f3n de la Misi\u00f3n, fundada por San Vicente de Pa\u00fal, celebra esta semana su 400 aniversario en Par\u00eds. El Padre Toma\u017e Mavri\u010d, Superior General de la Congregaci\u00f3n, nos comparte c\u00f3mo est\u00e1n viviendo internamente este trascendental aniversario\" \/>\n<meta property=\"og:url\" content=\"https:\/\/exaudi.org\/es\/padre-tomaz-mavric-de-la-congregacion-de-la-mision-estamos-llamados-a-ver-el-rostro-de-jesus-en-los-mas-pobres\/\" \/>\n<meta property=\"og:site_name\" content=\"Exaudi\" \/>\n<meta property=\"article:publisher\" content=\"https:\/\/www.facebook.com\/ExaudiNews\" \/>\n<meta property=\"article:author\" content=\"https:\/\/www.facebook.com\/ExaudiNoticias\/\" \/>\n<meta property=\"article:published_time\" content=\"2025-04-30T06:00:05+00:00\" \/>\n<meta property=\"og:image\" content=\"https:\/\/exaudi.org\/wp-content\/uploads\/2025\/04\/Padre-Tomaz-Mavric-Credito-Congregacion-de-la-Mision-scaled.jpg\" \/>\n\t<meta property=\"og:image:width\" content=\"2560\" \/>\n\t<meta property=\"og:image:height\" content=\"1707\" \/>\n\t<meta property=\"og:image:type\" content=\"image\/jpeg\" \/>\n<meta name=\"author\" content=\"Exaudi Redacci\u00f3n\" \/>\n<meta name=\"twitter:card\" content=\"summary_large_image\" \/>\n<meta name=\"twitter:creator\" content=\"@Exaudi_noticias\" \/>\n<meta name=\"twitter:site\" content=\"@Exaudi_News\" \/>\n<meta name=\"twitter:label1\" content=\"Escrito por\" \/>\n\t<meta name=\"twitter:data1\" content=\"Exaudi Redacci\u00f3n\" \/>\n\t<meta name=\"twitter:label2\" content=\"Tiempo de lectura\" \/>\n\t<meta name=\"twitter:data2\" content=\"6 minutos\" \/>\n<script type=\"application\/ld+json\" class=\"yoast-schema-graph\">{\"@context\":\"https:\\\/\\\/schema.org\",\"@graph\":[{\"@type\":\"Article\",\"@id\":\"https:\\\/\\\/exaudi.org\\\/es\\\/padre-tomaz-mavric-de-la-congregacion-de-la-mision-estamos-llamados-a-ver-el-rostro-de-jesus-en-los-mas-pobres\\\/#article\",\"isPartOf\":{\"@id\":\"https:\\\/\\\/exaudi.org\\\/es\\\/padre-tomaz-mavric-de-la-congregacion-de-la-mision-estamos-llamados-a-ver-el-rostro-de-jesus-en-los-mas-pobres\\\/\"},\"author\":{\"name\":\"Exaudi Redacci\u00f3n\",\"@id\":\"https:\\\/\\\/exaudi.org\\\/#\\\/schema\\\/person\\\/f5fc8f063065e38742da7afe15f25df7\"},\"headline\":\"Padre Toma\u017e Mavri\u010d, de la Congregaci\u00f3n de la Misi\u00f3n: \u201cEstamos llamados a ver el rostro de Jes\u00fas en los m\u00e1s pobres\u00bb\",\"datePublished\":\"2025-04-30T06:00:05+00:00\",\"mainEntityOfPage\":{\"@id\":\"https:\\\/\\\/exaudi.org\\\/es\\\/padre-tomaz-mavric-de-la-congregacion-de-la-mision-estamos-llamados-a-ver-el-rostro-de-jesus-en-los-mas-pobres\\\/\"},\"wordCount\":1203,\"image\":{\"@id\":\"https:\\\/\\\/exaudi.org\\\/es\\\/padre-tomaz-mavric-de-la-congregacion-de-la-mision-estamos-llamados-a-ver-el-rostro-de-jesus-en-los-mas-pobres\\\/#primaryimage\"},\"thumbnailUrl\":\"https:\\\/\\\/exaudi.org\\\/wp-content\\\/uploads\\\/2025\\\/04\\\/Padre-Tomaz-Mavric-Credito-Congregacion-de-la-Mision-scaled.jpg\",\"keywords\":[\"400 aniversario\",\"carisma\",\"Congregaci\u00f3n de la Misi\u00f3n\",\"Formaci\u00f3n\",\"Misiones\",\"Padre Toma\u017e Mavri\u010d\",\"Par\u00eds\",\"San Vicente de Pa\u00fal\",\"Superior General\",\"Trending\"],\"articleSection\":[\"Entrevistas\"],\"inLanguage\":\"es\"},{\"@type\":\"WebPage\",\"@id\":\"https:\\\/\\\/exaudi.org\\\/es\\\/padre-tomaz-mavric-de-la-congregacion-de-la-mision-estamos-llamados-a-ver-el-rostro-de-jesus-en-los-mas-pobres\\\/\",\"url\":\"https:\\\/\\\/exaudi.org\\\/es\\\/padre-tomaz-mavric-de-la-congregacion-de-la-mision-estamos-llamados-a-ver-el-rostro-de-jesus-en-los-mas-pobres\\\/\",\"name\":\"Padre Toma\u017e Mavri\u010d, de la Congregaci\u00f3n de la Misi\u00f3n: \u201cEstamos llamados a ver el rostro de Jes\u00fas en los m\u00e1s pobres\\\" &#8211; Exaudi\",\"isPartOf\":{\"@id\":\"https:\\\/\\\/exaudi.org\\\/#website\"},\"primaryImageOfPage\":{\"@id\":\"https:\\\/\\\/exaudi.org\\\/es\\\/padre-tomaz-mavric-de-la-congregacion-de-la-mision-estamos-llamados-a-ver-el-rostro-de-jesus-en-los-mas-pobres\\\/#primaryimage\"},\"image\":{\"@id\":\"https:\\\/\\\/exaudi.org\\\/es\\\/padre-tomaz-mavric-de-la-congregacion-de-la-mision-estamos-llamados-a-ver-el-rostro-de-jesus-en-los-mas-pobres\\\/#primaryimage\"},\"thumbnailUrl\":\"https:\\\/\\\/exaudi.org\\\/wp-content\\\/uploads\\\/2025\\\/04\\\/Padre-Tomaz-Mavric-Credito-Congregacion-de-la-Mision-scaled.jpg\",\"datePublished\":\"2025-04-30T06:00:05+00:00\",\"author\":{\"@id\":\"https:\\\/\\\/exaudi.org\\\/#\\\/schema\\\/person\\\/f5fc8f063065e38742da7afe15f25df7\"},\"breadcrumb\":{\"@id\":\"https:\\\/\\\/exaudi.org\\\/es\\\/padre-tomaz-mavric-de-la-congregacion-de-la-mision-estamos-llamados-a-ver-el-rostro-de-jesus-en-los-mas-pobres\\\/#breadcrumb\"},\"inLanguage\":\"es\",\"potentialAction\":[{\"@type\":\"ReadAction\",\"target\":[\"https:\\\/\\\/exaudi.org\\\/es\\\/padre-tomaz-mavric-de-la-congregacion-de-la-mision-estamos-llamados-a-ver-el-rostro-de-jesus-en-los-mas-pobres\\\/\"]}]},{\"@type\":\"ImageObject\",\"inLanguage\":\"es\",\"@id\":\"https:\\\/\\\/exaudi.org\\\/es\\\/padre-tomaz-mavric-de-la-congregacion-de-la-mision-estamos-llamados-a-ver-el-rostro-de-jesus-en-los-mas-pobres\\\/#primaryimage\",\"url\":\"https:\\\/\\\/exaudi.org\\\/wp-content\\\/uploads\\\/2025\\\/04\\\/Padre-Tomaz-Mavric-Credito-Congregacion-de-la-Mision-scaled.jpg\",\"contentUrl\":\"https:\\\/\\\/exaudi.org\\\/wp-content\\\/uploads\\\/2025\\\/04\\\/Padre-Tomaz-Mavric-Credito-Congregacion-de-la-Mision-scaled.jpg\",\"width\":2560,\"height\":1707},{\"@type\":\"BreadcrumbList\",\"@id\":\"https:\\\/\\\/exaudi.org\\\/es\\\/padre-tomaz-mavric-de-la-congregacion-de-la-mision-estamos-llamados-a-ver-el-rostro-de-jesus-en-los-mas-pobres\\\/#breadcrumb\",\"itemListElement\":[{\"@type\":\"ListItem\",\"position\":1,\"name\":\"Portada\",\"item\":\"https:\\\/\\\/exaudi.org\\\/es\\\/\"},{\"@type\":\"ListItem\",\"position\":2,\"name\":\"Padre Toma\u017e Mavri\u010d, de la Congregaci\u00f3n de la Misi\u00f3n: \u201cEstamos llamados a ver el rostro de Jes\u00fas en los m\u00e1s pobres\u00bb\"}]},{\"@type\":\"WebSite\",\"@id\":\"https:\\\/\\\/exaudi.org\\\/#website\",\"url\":\"https:\\\/\\\/exaudi.org\\\/\",\"name\":\"Exaudi\",\"description\":\"News\",\"potentialAction\":[{\"@type\":\"SearchAction\",\"target\":{\"@type\":\"EntryPoint\",\"urlTemplate\":\"https:\\\/\\\/exaudi.org\\\/?s={search_term_string}\"},\"query-input\":{\"@type\":\"PropertyValueSpecification\",\"valueRequired\":true,\"valueName\":\"search_term_string\"}}],\"inLanguage\":\"es\"},{\"@type\":\"Person\",\"@id\":\"https:\\\/\\\/exaudi.org\\\/#\\\/schema\\\/person\\\/f5fc8f063065e38742da7afe15f25df7\",\"name\":\"Exaudi Redacci\u00f3n\",\"image\":{\"@type\":\"ImageObject\",\"inLanguage\":\"es\",\"@id\":\"https:\\\/\\\/secure.gravatar.com\\\/avatar\\\/fe0f6a059fb68d9b3e11bc5850dd4899b1c7492091a3cb6dd9b01b56ad828be2?s=96&d=mm&r=g\",\"url\":\"https:\\\/\\\/secure.gravatar.com\\\/avatar\\\/fe0f6a059fb68d9b3e11bc5850dd4899b1c7492091a3cb6dd9b01b56ad828be2?s=96&d=mm&r=g\",\"contentUrl\":\"https:\\\/\\\/secure.gravatar.com\\\/avatar\\\/fe0f6a059fb68d9b3e11bc5850dd4899b1c7492091a3cb6dd9b01b56ad828be2?s=96&d=mm&r=g\",\"caption\":\"Exaudi Redacci\u00f3n\"},\"description\":\"\u00bfQu\u00e9 es Exaudi News? Exaudi News es un medio de comunicaci\u00f3n cat\u00f3lico internacional que informa, forma y transforma, diariamente en espa\u00f1ol, ingl\u00e9s e italiano. A trav\u00e9s de noticias, art\u00edculos de an\u00e1lisis y transmisiones en directo de los eventos del Papa, Exaudi busca fortalecer la unidad de los cristianos y contribuir a la evangelizaci\u00f3n del mundo, siempre guiados por la doctrina social de la Iglesia. Trabajamos para acercar la verdad y los valores cristianos a cada rinc\u00f3n del planeta. \u00a1Ay\u00fadanos a transformar el mundo con Exaudi! En Exaudi creemos que la evangelizaci\u00f3n y la informaci\u00f3n de calidad pueden cambiar vidas. Para continuar con nuestra misi\u00f3n y expandir nuestro alcance, necesitamos tu ayuda. Adem\u00e1s, buscamos personas comprometidas que deseen unirse a nuestro equipo. Con tu apoyo, lograremos llegar a m\u00e1s personas, difundir el mensaje de Cristo y reforzar la unidad de los cristianos. \u00bfTe unes a nuestra misi\u00f3n? Para m\u00e1s informaci\u00f3n sobre c\u00f3mo colaborar, visita Exaudi.org\\\/es o cont\u00e1ctanos directamente: info@exaudi.org Exaudi: Informa, forma y transforma.\",\"sameAs\":[\"https:\\\/\\\/www.facebook.com\\\/ExaudiNoticias\\\/\",\"https:\\\/\\\/www.instagram.com\\\/exaudi_noticias\\\/\",\"https:\\\/\\\/x.com\\\/Exaudi_noticias\",\"https:\\\/\\\/www.youtube.com\\\/@exaudicatholicnews\"],\"url\":\"https:\\\/\\\/exaudi.org\\\/es\\\/author\\\/redaccionexaudi\\\/\"}]}<\/script>\n<!-- \/ Yoast SEO plugin. -->","yoast_head_json":{"title":"Padre Toma\u017e Mavri\u010d, de la Congregaci\u00f3n de la Misi\u00f3n: \u201cEstamos llamados a ver el rostro de Jes\u00fas en los m\u00e1s pobres\" &#8211; Exaudi","robots":{"index":"index","follow":"follow","max-snippet":"max-snippet:-1","max-image-preview":"max-image-preview:large","max-video-preview":"max-video-preview:-1"},"canonical":"https:\/\/exaudi.org\/es\/padre-tomaz-mavric-de-la-congregacion-de-la-mision-estamos-llamados-a-ver-el-rostro-de-jesus-en-los-mas-pobres\/","og_locale":"es_ES","og_type":"article","og_title":"Padre Toma\u017e Mavri\u010d, de la Congregaci\u00f3n de la Misi\u00f3n: \u201cEstamos llamados a ver el rostro de Jes\u00fas en los m\u00e1s pobres\" &#8211; Exaudi","og_description":"La Congregaci\u00f3n de la Misi\u00f3n, fundada por San Vicente de Pa\u00fal, celebra esta semana su 400 aniversario en Par\u00eds. El Padre Toma\u017e Mavri\u010d, Superior General de la Congregaci\u00f3n, nos comparte c\u00f3mo est\u00e1n viviendo internamente este trascendental aniversario","og_url":"https:\/\/exaudi.org\/es\/padre-tomaz-mavric-de-la-congregacion-de-la-mision-estamos-llamados-a-ver-el-rostro-de-jesus-en-los-mas-pobres\/","og_site_name":"Exaudi","article_publisher":"https:\/\/www.facebook.com\/ExaudiNews","article_author":"https:\/\/www.facebook.com\/ExaudiNoticias\/","article_published_time":"2025-04-30T06:00:05+00:00","og_image":[{"width":2560,"height":1707,"url":"https:\/\/exaudi.org\/wp-content\/uploads\/2025\/04\/Padre-Tomaz-Mavric-Credito-Congregacion-de-la-Mision-scaled.jpg","type":"image\/jpeg"}],"author":"Exaudi Redacci\u00f3n","twitter_card":"summary_large_image","twitter_creator":"@Exaudi_noticias","twitter_site":"@Exaudi_News","twitter_misc":{"Escrito por":"Exaudi Redacci\u00f3n","Tiempo de lectura":"6 minutos"},"schema":{"@context":"https:\/\/schema.org","@graph":[{"@type":"Article","@id":"https:\/\/exaudi.org\/es\/padre-tomaz-mavric-de-la-congregacion-de-la-mision-estamos-llamados-a-ver-el-rostro-de-jesus-en-los-mas-pobres\/#article","isPartOf":{"@id":"https:\/\/exaudi.org\/es\/padre-tomaz-mavric-de-la-congregacion-de-la-mision-estamos-llamados-a-ver-el-rostro-de-jesus-en-los-mas-pobres\/"},"author":{"name":"Exaudi Redacci\u00f3n","@id":"https:\/\/exaudi.org\/#\/schema\/person\/f5fc8f063065e38742da7afe15f25df7"},"headline":"Padre Toma\u017e Mavri\u010d, de la Congregaci\u00f3n de la Misi\u00f3n: \u201cEstamos llamados a ver el rostro de Jes\u00fas en los m\u00e1s pobres\u00bb","datePublished":"2025-04-30T06:00:05+00:00","mainEntityOfPage":{"@id":"https:\/\/exaudi.org\/es\/padre-tomaz-mavric-de-la-congregacion-de-la-mision-estamos-llamados-a-ver-el-rostro-de-jesus-en-los-mas-pobres\/"},"wordCount":1203,"image":{"@id":"https:\/\/exaudi.org\/es\/padre-tomaz-mavric-de-la-congregacion-de-la-mision-estamos-llamados-a-ver-el-rostro-de-jesus-en-los-mas-pobres\/#primaryimage"},"thumbnailUrl":"https:\/\/exaudi.org\/wp-content\/uploads\/2025\/04\/Padre-Tomaz-Mavric-Credito-Congregacion-de-la-Mision-scaled.jpg","keywords":["400 aniversario","carisma","Congregaci\u00f3n de la Misi\u00f3n","Formaci\u00f3n","Misiones","Padre Toma\u017e Mavri\u010d","Par\u00eds","San Vicente de Pa\u00fal","Superior General","Trending"],"articleSection":["Entrevistas"],"inLanguage":"es"},{"@type":"WebPage","@id":"https:\/\/exaudi.org\/es\/padre-tomaz-mavric-de-la-congregacion-de-la-mision-estamos-llamados-a-ver-el-rostro-de-jesus-en-los-mas-pobres\/","url":"https:\/\/exaudi.org\/es\/padre-tomaz-mavric-de-la-congregacion-de-la-mision-estamos-llamados-a-ver-el-rostro-de-jesus-en-los-mas-pobres\/","name":"Padre Toma\u017e Mavri\u010d, de la Congregaci\u00f3n de la Misi\u00f3n: \u201cEstamos llamados a ver el rostro de Jes\u00fas en los m\u00e1s pobres\" &#8211; Exaudi","isPartOf":{"@id":"https:\/\/exaudi.org\/#website"},"primaryImageOfPage":{"@id":"https:\/\/exaudi.org\/es\/padre-tomaz-mavric-de-la-congregacion-de-la-mision-estamos-llamados-a-ver-el-rostro-de-jesus-en-los-mas-pobres\/#primaryimage"},"image":{"@id":"https:\/\/exaudi.org\/es\/padre-tomaz-mavric-de-la-congregacion-de-la-mision-estamos-llamados-a-ver-el-rostro-de-jesus-en-los-mas-pobres\/#primaryimage"},"thumbnailUrl":"https:\/\/exaudi.org\/wp-content\/uploads\/2025\/04\/Padre-Tomaz-Mavric-Credito-Congregacion-de-la-Mision-scaled.jpg","datePublished":"2025-04-30T06:00:05+00:00","author":{"@id":"https:\/\/exaudi.org\/#\/schema\/person\/f5fc8f063065e38742da7afe15f25df7"},"breadcrumb":{"@id":"https:\/\/exaudi.org\/es\/padre-tomaz-mavric-de-la-congregacion-de-la-mision-estamos-llamados-a-ver-el-rostro-de-jesus-en-los-mas-pobres\/#breadcrumb"},"inLanguage":"es","potentialAction":[{"@type":"ReadAction","target":["https:\/\/exaudi.org\/es\/padre-tomaz-mavric-de-la-congregacion-de-la-mision-estamos-llamados-a-ver-el-rostro-de-jesus-en-los-mas-pobres\/"]}]},{"@type":"ImageObject","inLanguage":"es","@id":"https:\/\/exaudi.org\/es\/padre-tomaz-mavric-de-la-congregacion-de-la-mision-estamos-llamados-a-ver-el-rostro-de-jesus-en-los-mas-pobres\/#primaryimage","url":"https:\/\/exaudi.org\/wp-content\/uploads\/2025\/04\/Padre-Tomaz-Mavric-Credito-Congregacion-de-la-Mision-scaled.jpg","contentUrl":"https:\/\/exaudi.org\/wp-content\/uploads\/2025\/04\/Padre-Tomaz-Mavric-Credito-Congregacion-de-la-Mision-scaled.jpg","width":2560,"height":1707},{"@type":"BreadcrumbList","@id":"https:\/\/exaudi.org\/es\/padre-tomaz-mavric-de-la-congregacion-de-la-mision-estamos-llamados-a-ver-el-rostro-de-jesus-en-los-mas-pobres\/#breadcrumb","itemListElement":[{"@type":"ListItem","position":1,"name":"Portada","item":"https:\/\/exaudi.org\/es\/"},{"@type":"ListItem","position":2,"name":"Padre Toma\u017e Mavri\u010d, de la Congregaci\u00f3n de la Misi\u00f3n: \u201cEstamos llamados a ver el rostro de Jes\u00fas en los m\u00e1s pobres\u00bb"}]},{"@type":"WebSite","@id":"https:\/\/exaudi.org\/#website","url":"https:\/\/exaudi.org\/","name":"Exaudi","description":"News","potentialAction":[{"@type":"SearchAction","target":{"@type":"EntryPoint","urlTemplate":"https:\/\/exaudi.org\/?s={search_term_string}"},"query-input":{"@type":"PropertyValueSpecification","valueRequired":true,"valueName":"search_term_string"}}],"inLanguage":"es"},{"@type":"Person","@id":"https:\/\/exaudi.org\/#\/schema\/person\/f5fc8f063065e38742da7afe15f25df7","name":"Exaudi Redacci\u00f3n","image":{"@type":"ImageObject","inLanguage":"es","@id":"https:\/\/secure.gravatar.com\/avatar\/fe0f6a059fb68d9b3e11bc5850dd4899b1c7492091a3cb6dd9b01b56ad828be2?s=96&d=mm&r=g","url":"https:\/\/secure.gravatar.com\/avatar\/fe0f6a059fb68d9b3e11bc5850dd4899b1c7492091a3cb6dd9b01b56ad828be2?s=96&d=mm&r=g","contentUrl":"https:\/\/secure.gravatar.com\/avatar\/fe0f6a059fb68d9b3e11bc5850dd4899b1c7492091a3cb6dd9b01b56ad828be2?s=96&d=mm&r=g","caption":"Exaudi Redacci\u00f3n"},"description":"\u00bfQu\u00e9 es Exaudi News? Exaudi News es un medio de comunicaci\u00f3n cat\u00f3lico internacional que informa, forma y transforma, diariamente en espa\u00f1ol, ingl\u00e9s e italiano. A trav\u00e9s de noticias, art\u00edculos de an\u00e1lisis y transmisiones en directo de los eventos del Papa, Exaudi busca fortalecer la unidad de los cristianos y contribuir a la evangelizaci\u00f3n del mundo, siempre guiados por la doctrina social de la Iglesia. Trabajamos para acercar la verdad y los valores cristianos a cada rinc\u00f3n del planeta. \u00a1Ay\u00fadanos a transformar el mundo con Exaudi! En Exaudi creemos que la evangelizaci\u00f3n y la informaci\u00f3n de calidad pueden cambiar vidas. Para continuar con nuestra misi\u00f3n y expandir nuestro alcance, necesitamos tu ayuda. Adem\u00e1s, buscamos personas comprometidas que deseen unirse a nuestro equipo. Con tu apoyo, lograremos llegar a m\u00e1s personas, difundir el mensaje de Cristo y reforzar la unidad de los cristianos. \u00bfTe unes a nuestra misi\u00f3n? Para m\u00e1s informaci\u00f3n sobre c\u00f3mo colaborar, visita Exaudi.org\/es o cont\u00e1ctanos directamente: info@exaudi.org Exaudi: Informa, forma y transforma.","sameAs":["https:\/\/www.facebook.com\/ExaudiNoticias\/","https:\/\/www.instagram.com\/exaudi_noticias\/","https:\/\/x.com\/Exaudi_noticias","https:\/\/www.youtube.com\/@exaudicatholicnews"],"url":"https:\/\/exaudi.org\/es\/author\/redaccionexaudi\/"}]}},"jetpack_featured_media_url":"https:\/\/exaudi.org\/wp-content\/uploads\/2025\/04\/Padre-Tomaz-Mavric-Credito-Congregacion-de-la-Mision-scaled.jpg","jetpack_shortlink":"https:\/\/wp.me\/pgKjF2-wsn","_links":{"self":[{"href":"https:\/\/exaudi.org\/es\/wp-json\/wp\/v2\/posts\/124767","targetHints":{"allow":["GET"]}}],"collection":[{"href":"https:\/\/exaudi.org\/es\/wp-json\/wp\/v2\/posts"}],"about":[{"href":"https:\/\/exaudi.org\/es\/wp-json\/wp\/v2\/types\/post"}],"author":[{"embeddable":true,"href":"https:\/\/exaudi.org\/es\/wp-json\/wp\/v2\/users\/15"}],"replies":[{"embeddable":true,"href":"https:\/\/exaudi.org\/es\/wp-json\/wp\/v2\/comments?post=124767"}],"version-history":[{"count":0,"href":"https:\/\/exaudi.org\/es\/wp-json\/wp\/v2\/posts\/124767\/revisions"}],"wp:featuredmedia":[{"embeddable":true,"href":"https:\/\/exaudi.org\/es\/wp-json\/wp\/v2\/media\/124771"}],"wp:attachment":[{"href":"https:\/\/exaudi.org\/es\/wp-json\/wp\/v2\/media?parent=124767"}],"wp:term":[{"taxonomy":"category","embeddable":true,"href":"https:\/\/exaudi.org\/es\/wp-json\/wp\/v2\/categories?post=124767"},{"taxonomy":"post_tag","embeddable":true,"href":"https:\/\/exaudi.org\/es\/wp-json\/wp\/v2\/tags?post=124767"}],"curies":[{"name":"wp","href":"https:\/\/api.w.org\/{rel}","templated":true}]}}