{"id":124176,"date":"2025-04-21T19:00:35","date_gmt":"2025-04-21T17:00:35","guid":{"rendered":"https:\/\/exaudi.org\/?p=124176"},"modified":"2025-04-22T10:42:51","modified_gmt":"2025-04-22T08:42:51","slug":"sellan-apartamentos-del-papa-francisco-en-el-palacio-apostolico-y-santa-marta","status":"publish","type":"post","link":"https:\/\/exaudi.org\/es\/sellan-apartamentos-del-papa-francisco-en-el-palacio-apostolico-y-santa-marta\/","title":{"rendered":"Sellan apartamentos del Papa Francisco en el Palacio Apost\u00f3lico y Santa Marta"},"content":{"rendered":"<p>El rito de la constataci\u00f3n de la muerte y la colocaci\u00f3n en el f\u00e9retro del cuerpo del Papa Francisco, fallecido hoy, 21 de abril de 2025, ha tenido lugar esta tarde a las 20 horas en la capilla de la planta baja de la Casa Santa Marta. Se ley\u00f3 la constataci\u00f3n del fallecimiento. El acto fue validado por el cardenal Kevin Farrell, camarlengo de la Santa Iglesia Romana. La ceremonia dur\u00f3 algo menos de una hora.<\/p>\n<p>El apartamento papal de la tercera planta del Palacio Apost\u00f3lico ha sido precintado hoy y, esta tarde, tambi\u00e9n el apartamento de la segunda planta de la Casa Santa Marta, donde resid\u00eda el Pont\u00edfice. Desde esta tarde, los colaboradores han tenido acceso para despedirse del Papa.<\/p>\n<p>Ma\u00f1ana por la ma\u00f1ana tendr\u00e1 lugar la primera congregaci\u00f3n general de los cardenales, durante la cual podr\u00eda decidirse una posible fecha para el funeral.<\/p>\n<div style=\"width: 720px;\" class=\"wp-video\"><video class=\"wp-video-shortcode\" id=\"video-124176-1\" width=\"720\" height=\"900\" preload=\"metadata\" controls=\"controls\"><source type=\"video\/mp4\" src=\"https:\/\/exaudi.org\/wp-content\/uploads\/2025\/04\/AQOgWZazVty3AiYPymijl0XeIt5ZAOs8gc5Naw8cmBAPXNA1_ma8sgbB2MKk-3yPo87weo2pLtFrkcoXuuStKc0TT38nzdSsoiS8yEQ.mp4?_=1\" \/><a href=\"https:\/\/exaudi.org\/wp-content\/uploads\/2025\/04\/AQOgWZazVty3AiYPymijl0XeIt5ZAOs8gc5Naw8cmBAPXNA1_ma8sgbB2MKk-3yPo87weo2pLtFrkcoXuuStKc0TT38nzdSsoiS8yEQ.mp4\">https:\/\/exaudi.org\/wp-content\/uploads\/2025\/04\/AQOgWZazVty3AiYPymijl0XeIt5ZAOs8gc5Naw8cmBAPXNA1_ma8sgbB2MKk-3yPo87weo2pLtFrkcoXuuStKc0TT38nzdSsoiS8yEQ.mp4<\/a><\/video><\/div>\n","protected":false},"excerpt":{"rendered":"<p>Esta tarde se efectu\u00f3 el rito de la constataci\u00f3n de la muerte y la deposici\u00f3n en el f\u00e9retro en la capilla de la Domus vaticana<\/p>\n","protected":false},"author":15,"featured_media":124180,"comment_status":"closed","ping_status":"closed","sticky":false,"template":"","format":"standard","meta":{"_acf_changed":false,"_crdt_document":"","inline_featured_image":false,"footnotes":""},"categories":[68,132],"tags":[55246,55242,21195,55243,55240,1606,55042,449,41139,41006,19192,35493,55108,55248,55106,55244,55241,55245,55098,55239,272,55247],"class_list":["post-124176","post","type-post","status-publish","format-standard","has-post-thumbnail","hentry","category-leon-xiv","category-vaticano-es","tag-apartamentos-pontificios","tag-camarlengo-kevin-farrell","tag-casa-santa-marta-3","tag-ceremonia-vaticano","tag-domus-sanctae-marthae","tag-exaudi","tag-fallecimiento-papa-francisco","tag-iglesia-catolica","tag-noticias-religiosas","tag-noticias-vaticano","tag-palacio-apostolico","tag-papa-francisco-2025","tag-papa-francisco-fallecimiento","tag-papa-francisco-noticias","tag-protocolo-vaticano","tag-residencia-papal","tag-rito-vaticano","tag-santa-marta-vaticano","tag-sede-vacante","tag-sellado-apartamentos-papa-francisco","tag-vaticano-es","tag-vaticano-abril-2025"],"acf":[],"yoast_head":"<!-- This site is optimized with the Yoast SEO plugin v27.5 - https:\/\/yoast.com\/product\/yoast-seo-wordpress\/ -->\n<title>Sellan apartamentos del Papa Francisco en el Palacio Apost\u00f3lico y Santa Marta &#8211; Exaudi<\/title>\n<meta name=\"robots\" content=\"index, follow, max-snippet:-1, max-image-preview:large, max-video-preview:-1\" \/>\n<link rel=\"canonical\" href=\"https:\/\/exaudi.org\/es\/sellan-apartamentos-del-papa-francisco-en-el-palacio-apostolico-y-santa-marta\/\" \/>\n<meta property=\"og:locale\" content=\"es_ES\" \/>\n<meta property=\"og:type\" content=\"article\" \/>\n<meta property=\"og:title\" content=\"Sellan apartamentos del Papa Francisco en el Palacio Apost\u00f3lico y Santa Marta &#8211; Exaudi\" \/>\n<meta property=\"og:description\" content=\"Esta tarde se efectu\u00f3 el rito de la constataci\u00f3n de la muerte y la deposici\u00f3n en el f\u00e9retro en la capilla de la Domus vaticana\" \/>\n<meta property=\"og:url\" content=\"https:\/\/exaudi.org\/es\/sellan-apartamentos-del-papa-francisco-en-el-palacio-apostolico-y-santa-marta\/\" \/>\n<meta property=\"og:site_name\" content=\"Exaudi\" \/>\n<meta property=\"article:publisher\" content=\"https:\/\/www.facebook.com\/ExaudiNews\" \/>\n<meta property=\"article:author\" content=\"https:\/\/www.facebook.com\/ExaudiNoticias\/\" \/>\n<meta property=\"article:published_time\" content=\"2025-04-21T17:00:35+00:00\" \/>\n<meta property=\"article:modified_time\" content=\"2025-04-22T08:42:51+00:00\" \/>\n<meta property=\"og:image\" content=\"https:\/\/exaudi.org\/wp-content\/uploads\/2025\/04\/20250421-757d02ef8714385cb5fbae24e5fbd50fe34bbc1e-scaled.webp\" \/>\n\t<meta property=\"og:image:width\" content=\"2560\" \/>\n\t<meta property=\"og:image:height\" content=\"1707\" \/>\n\t<meta property=\"og:image:type\" content=\"image\/webp\" \/>\n<meta name=\"author\" content=\"Exaudi Redacci\u00f3n\" \/>\n<meta name=\"twitter:card\" content=\"summary_large_image\" \/>\n<meta name=\"twitter:creator\" content=\"@Exaudi_noticias\" \/>\n<meta name=\"twitter:site\" content=\"@Exaudi_News\" \/>\n<meta name=\"twitter:label1\" content=\"Escrito por\" \/>\n\t<meta name=\"twitter:data1\" content=\"Exaudi Redacci\u00f3n\" \/>\n\t<meta name=\"twitter:label2\" content=\"Tiempo de lectura\" \/>\n\t<meta name=\"twitter:data2\" content=\"1 minuto\" \/>\n<script type=\"application\/ld+json\" class=\"yoast-schema-graph\">{\"@context\":\"https:\\\/\\\/schema.org\",\"@graph\":[{\"@type\":\"Article\",\"@id\":\"https:\\\/\\\/exaudi.org\\\/es\\\/sellan-apartamentos-del-papa-francisco-en-el-palacio-apostolico-y-santa-marta\\\/#article\",\"isPartOf\":{\"@id\":\"https:\\\/\\\/exaudi.org\\\/es\\\/sellan-apartamentos-del-papa-francisco-en-el-palacio-apostolico-y-santa-marta\\\/\"},\"author\":{\"name\":\"Exaudi Redacci\u00f3n\",\"@id\":\"https:\\\/\\\/exaudi.org\\\/#\\\/schema\\\/person\\\/f5fc8f063065e38742da7afe15f25df7\"},\"headline\":\"Sellan apartamentos del Papa Francisco en el Palacio Apost\u00f3lico y Santa Marta\",\"datePublished\":\"2025-04-21T17:00:35+00:00\",\"dateModified\":\"2025-04-22T08:42:51+00:00\",\"mainEntityOfPage\":{\"@id\":\"https:\\\/\\\/exaudi.org\\\/es\\\/sellan-apartamentos-del-papa-francisco-en-el-palacio-apostolico-y-santa-marta\\\/\"},\"wordCount\":194,\"image\":{\"@id\":\"https:\\\/\\\/exaudi.org\\\/es\\\/sellan-apartamentos-del-papa-francisco-en-el-palacio-apostolico-y-santa-marta\\\/#primaryimage\"},\"thumbnailUrl\":\"https:\\\/\\\/exaudi.org\\\/wp-content\\\/uploads\\\/2025\\\/04\\\/20250421-757d02ef8714385cb5fbae24e5fbd50fe34bbc1e-scaled.webp\",\"keywords\":[\"apartamentos pontificios\",\"camarlengo Kevin Farrell\",\"Casa Santa Marta\",\"ceremonia Vaticano\",\"Domus Sanctae Marthae\",\"Exaudi\",\"fallecimiento papa francisco\",\"Iglesia cat\u00f3lica\",\"noticias religiosas\",\"noticias Vaticano\",\"Palacio Apost\u00f3lico\",\"Papa Francisco 2025\",\"Papa Francisco fallecimiento\",\"Papa Francisco noticias\",\"protocolo vaticano\",\"residencia papal\",\"rito Vaticano\",\"Santa Marta Vaticano\",\"sede vacante\",\"sellado apartamentos Papa Francisco\",\"Vaticano\",\"Vaticano abril 2025\"],\"articleSection\":[\"Le\u00f3n XIV\",\"Vaticano\"],\"inLanguage\":\"es\"},{\"@type\":\"WebPage\",\"@id\":\"https:\\\/\\\/exaudi.org\\\/es\\\/sellan-apartamentos-del-papa-francisco-en-el-palacio-apostolico-y-santa-marta\\\/\",\"url\":\"https:\\\/\\\/exaudi.org\\\/es\\\/sellan-apartamentos-del-papa-francisco-en-el-palacio-apostolico-y-santa-marta\\\/\",\"name\":\"Sellan apartamentos del Papa Francisco en el Palacio Apost\u00f3lico y Santa Marta &#8211; Exaudi\",\"isPartOf\":{\"@id\":\"https:\\\/\\\/exaudi.org\\\/#website\"},\"primaryImageOfPage\":{\"@id\":\"https:\\\/\\\/exaudi.org\\\/es\\\/sellan-apartamentos-del-papa-francisco-en-el-palacio-apostolico-y-santa-marta\\\/#primaryimage\"},\"image\":{\"@id\":\"https:\\\/\\\/exaudi.org\\\/es\\\/sellan-apartamentos-del-papa-francisco-en-el-palacio-apostolico-y-santa-marta\\\/#primaryimage\"},\"thumbnailUrl\":\"https:\\\/\\\/exaudi.org\\\/wp-content\\\/uploads\\\/2025\\\/04\\\/20250421-757d02ef8714385cb5fbae24e5fbd50fe34bbc1e-scaled.webp\",\"datePublished\":\"2025-04-21T17:00:35+00:00\",\"dateModified\":\"2025-04-22T08:42:51+00:00\",\"author\":{\"@id\":\"https:\\\/\\\/exaudi.org\\\/#\\\/schema\\\/person\\\/f5fc8f063065e38742da7afe15f25df7\"},\"breadcrumb\":{\"@id\":\"https:\\\/\\\/exaudi.org\\\/es\\\/sellan-apartamentos-del-papa-francisco-en-el-palacio-apostolico-y-santa-marta\\\/#breadcrumb\"},\"inLanguage\":\"es\",\"potentialAction\":[{\"@type\":\"ReadAction\",\"target\":[\"https:\\\/\\\/exaudi.org\\\/es\\\/sellan-apartamentos-del-papa-francisco-en-el-palacio-apostolico-y-santa-marta\\\/\"]}]},{\"@type\":\"ImageObject\",\"inLanguage\":\"es\",\"@id\":\"https:\\\/\\\/exaudi.org\\\/es\\\/sellan-apartamentos-del-papa-francisco-en-el-palacio-apostolico-y-santa-marta\\\/#primaryimage\",\"url\":\"https:\\\/\\\/exaudi.org\\\/wp-content\\\/uploads\\\/2025\\\/04\\\/20250421-757d02ef8714385cb5fbae24e5fbd50fe34bbc1e-scaled.webp\",\"contentUrl\":\"https:\\\/\\\/exaudi.org\\\/wp-content\\\/uploads\\\/2025\\\/04\\\/20250421-757d02ef8714385cb5fbae24e5fbd50fe34bbc1e-scaled.webp\",\"width\":2560,\"height\":1707},{\"@type\":\"BreadcrumbList\",\"@id\":\"https:\\\/\\\/exaudi.org\\\/es\\\/sellan-apartamentos-del-papa-francisco-en-el-palacio-apostolico-y-santa-marta\\\/#breadcrumb\",\"itemListElement\":[{\"@type\":\"ListItem\",\"position\":1,\"name\":\"Portada\",\"item\":\"https:\\\/\\\/exaudi.org\\\/es\\\/\"},{\"@type\":\"ListItem\",\"position\":2,\"name\":\"Sellan apartamentos del Papa Francisco en el Palacio Apost\u00f3lico y Santa Marta\"}]},{\"@type\":\"WebSite\",\"@id\":\"https:\\\/\\\/exaudi.org\\\/#website\",\"url\":\"https:\\\/\\\/exaudi.org\\\/\",\"name\":\"Exaudi\",\"description\":\"News\",\"potentialAction\":[{\"@type\":\"SearchAction\",\"target\":{\"@type\":\"EntryPoint\",\"urlTemplate\":\"https:\\\/\\\/exaudi.org\\\/?s={search_term_string}\"},\"query-input\":{\"@type\":\"PropertyValueSpecification\",\"valueRequired\":true,\"valueName\":\"search_term_string\"}}],\"inLanguage\":\"es\"},{\"@type\":\"Person\",\"@id\":\"https:\\\/\\\/exaudi.org\\\/#\\\/schema\\\/person\\\/f5fc8f063065e38742da7afe15f25df7\",\"name\":\"Exaudi Redacci\u00f3n\",\"image\":{\"@type\":\"ImageObject\",\"inLanguage\":\"es\",\"@id\":\"https:\\\/\\\/secure.gravatar.com\\\/avatar\\\/fe0f6a059fb68d9b3e11bc5850dd4899b1c7492091a3cb6dd9b01b56ad828be2?s=96&d=mm&r=g\",\"url\":\"https:\\\/\\\/secure.gravatar.com\\\/avatar\\\/fe0f6a059fb68d9b3e11bc5850dd4899b1c7492091a3cb6dd9b01b56ad828be2?s=96&d=mm&r=g\",\"contentUrl\":\"https:\\\/\\\/secure.gravatar.com\\\/avatar\\\/fe0f6a059fb68d9b3e11bc5850dd4899b1c7492091a3cb6dd9b01b56ad828be2?s=96&d=mm&r=g\",\"caption\":\"Exaudi Redacci\u00f3n\"},\"description\":\"\u00bfQu\u00e9 es Exaudi News? Exaudi News es un medio de comunicaci\u00f3n cat\u00f3lico internacional que informa, forma y transforma, diariamente en espa\u00f1ol, ingl\u00e9s e italiano. A trav\u00e9s de noticias, art\u00edculos de an\u00e1lisis y transmisiones en directo de los eventos del Papa, Exaudi busca fortalecer la unidad de los cristianos y contribuir a la evangelizaci\u00f3n del mundo, siempre guiados por la doctrina social de la Iglesia. Trabajamos para acercar la verdad y los valores cristianos a cada rinc\u00f3n del planeta. \u00a1Ay\u00fadanos a transformar el mundo con Exaudi! En Exaudi creemos que la evangelizaci\u00f3n y la informaci\u00f3n de calidad pueden cambiar vidas. Para continuar con nuestra misi\u00f3n y expandir nuestro alcance, necesitamos tu ayuda. Adem\u00e1s, buscamos personas comprometidas que deseen unirse a nuestro equipo. Con tu apoyo, lograremos llegar a m\u00e1s personas, difundir el mensaje de Cristo y reforzar la unidad de los cristianos. \u00bfTe unes a nuestra misi\u00f3n? Para m\u00e1s informaci\u00f3n sobre c\u00f3mo colaborar, visita Exaudi.org\\\/es o cont\u00e1ctanos directamente: info@exaudi.org Exaudi: Informa, forma y transforma.\",\"sameAs\":[\"https:\\\/\\\/www.facebook.com\\\/ExaudiNoticias\\\/\",\"https:\\\/\\\/www.instagram.com\\\/exaudi_noticias\\\/\",\"https:\\\/\\\/x.com\\\/Exaudi_noticias\",\"https:\\\/\\\/www.youtube.com\\\/@exaudicatholicnews\"],\"url\":\"https:\\\/\\\/exaudi.org\\\/es\\\/author\\\/redaccionexaudi\\\/\"}]}<\/script>\n<!-- \/ Yoast SEO plugin. -->","yoast_head_json":{"title":"Sellan apartamentos del Papa Francisco en el Palacio Apost\u00f3lico y Santa Marta &#8211; Exaudi","robots":{"index":"index","follow":"follow","max-snippet":"max-snippet:-1","max-image-preview":"max-image-preview:large","max-video-preview":"max-video-preview:-1"},"canonical":"https:\/\/exaudi.org\/es\/sellan-apartamentos-del-papa-francisco-en-el-palacio-apostolico-y-santa-marta\/","og_locale":"es_ES","og_type":"article","og_title":"Sellan apartamentos del Papa Francisco en el Palacio Apost\u00f3lico y Santa Marta &#8211; Exaudi","og_description":"Esta tarde se efectu\u00f3 el rito de la constataci\u00f3n de la muerte y la deposici\u00f3n en el f\u00e9retro en la capilla de la Domus vaticana","og_url":"https:\/\/exaudi.org\/es\/sellan-apartamentos-del-papa-francisco-en-el-palacio-apostolico-y-santa-marta\/","og_site_name":"Exaudi","article_publisher":"https:\/\/www.facebook.com\/ExaudiNews","article_author":"https:\/\/www.facebook.com\/ExaudiNoticias\/","article_published_time":"2025-04-21T17:00:35+00:00","article_modified_time":"2025-04-22T08:42:51+00:00","og_image":[{"width":2560,"height":1707,"url":"https:\/\/exaudi.org\/wp-content\/uploads\/2025\/04\/20250421-757d02ef8714385cb5fbae24e5fbd50fe34bbc1e-scaled.webp","type":"image\/webp"}],"author":"Exaudi Redacci\u00f3n","twitter_card":"summary_large_image","twitter_creator":"@Exaudi_noticias","twitter_site":"@Exaudi_News","twitter_misc":{"Escrito por":"Exaudi Redacci\u00f3n","Tiempo de lectura":"1 minuto"},"schema":{"@context":"https:\/\/schema.org","@graph":[{"@type":"Article","@id":"https:\/\/exaudi.org\/es\/sellan-apartamentos-del-papa-francisco-en-el-palacio-apostolico-y-santa-marta\/#article","isPartOf":{"@id":"https:\/\/exaudi.org\/es\/sellan-apartamentos-del-papa-francisco-en-el-palacio-apostolico-y-santa-marta\/"},"author":{"name":"Exaudi Redacci\u00f3n","@id":"https:\/\/exaudi.org\/#\/schema\/person\/f5fc8f063065e38742da7afe15f25df7"},"headline":"Sellan apartamentos del Papa Francisco en el Palacio Apost\u00f3lico y Santa Marta","datePublished":"2025-04-21T17:00:35+00:00","dateModified":"2025-04-22T08:42:51+00:00","mainEntityOfPage":{"@id":"https:\/\/exaudi.org\/es\/sellan-apartamentos-del-papa-francisco-en-el-palacio-apostolico-y-santa-marta\/"},"wordCount":194,"image":{"@id":"https:\/\/exaudi.org\/es\/sellan-apartamentos-del-papa-francisco-en-el-palacio-apostolico-y-santa-marta\/#primaryimage"},"thumbnailUrl":"https:\/\/exaudi.org\/wp-content\/uploads\/2025\/04\/20250421-757d02ef8714385cb5fbae24e5fbd50fe34bbc1e-scaled.webp","keywords":["apartamentos pontificios","camarlengo Kevin Farrell","Casa Santa Marta","ceremonia Vaticano","Domus Sanctae Marthae","Exaudi","fallecimiento papa francisco","Iglesia cat\u00f3lica","noticias religiosas","noticias Vaticano","Palacio Apost\u00f3lico","Papa Francisco 2025","Papa Francisco fallecimiento","Papa Francisco noticias","protocolo vaticano","residencia papal","rito Vaticano","Santa Marta Vaticano","sede vacante","sellado apartamentos Papa Francisco","Vaticano","Vaticano abril 2025"],"articleSection":["Le\u00f3n XIV","Vaticano"],"inLanguage":"es"},{"@type":"WebPage","@id":"https:\/\/exaudi.org\/es\/sellan-apartamentos-del-papa-francisco-en-el-palacio-apostolico-y-santa-marta\/","url":"https:\/\/exaudi.org\/es\/sellan-apartamentos-del-papa-francisco-en-el-palacio-apostolico-y-santa-marta\/","name":"Sellan apartamentos del Papa Francisco en el Palacio Apost\u00f3lico y Santa Marta &#8211; Exaudi","isPartOf":{"@id":"https:\/\/exaudi.org\/#website"},"primaryImageOfPage":{"@id":"https:\/\/exaudi.org\/es\/sellan-apartamentos-del-papa-francisco-en-el-palacio-apostolico-y-santa-marta\/#primaryimage"},"image":{"@id":"https:\/\/exaudi.org\/es\/sellan-apartamentos-del-papa-francisco-en-el-palacio-apostolico-y-santa-marta\/#primaryimage"},"thumbnailUrl":"https:\/\/exaudi.org\/wp-content\/uploads\/2025\/04\/20250421-757d02ef8714385cb5fbae24e5fbd50fe34bbc1e-scaled.webp","datePublished":"2025-04-21T17:00:35+00:00","dateModified":"2025-04-22T08:42:51+00:00","author":{"@id":"https:\/\/exaudi.org\/#\/schema\/person\/f5fc8f063065e38742da7afe15f25df7"},"breadcrumb":{"@id":"https:\/\/exaudi.org\/es\/sellan-apartamentos-del-papa-francisco-en-el-palacio-apostolico-y-santa-marta\/#breadcrumb"},"inLanguage":"es","potentialAction":[{"@type":"ReadAction","target":["https:\/\/exaudi.org\/es\/sellan-apartamentos-del-papa-francisco-en-el-palacio-apostolico-y-santa-marta\/"]}]},{"@type":"ImageObject","inLanguage":"es","@id":"https:\/\/exaudi.org\/es\/sellan-apartamentos-del-papa-francisco-en-el-palacio-apostolico-y-santa-marta\/#primaryimage","url":"https:\/\/exaudi.org\/wp-content\/uploads\/2025\/04\/20250421-757d02ef8714385cb5fbae24e5fbd50fe34bbc1e-scaled.webp","contentUrl":"https:\/\/exaudi.org\/wp-content\/uploads\/2025\/04\/20250421-757d02ef8714385cb5fbae24e5fbd50fe34bbc1e-scaled.webp","width":2560,"height":1707},{"@type":"BreadcrumbList","@id":"https:\/\/exaudi.org\/es\/sellan-apartamentos-del-papa-francisco-en-el-palacio-apostolico-y-santa-marta\/#breadcrumb","itemListElement":[{"@type":"ListItem","position":1,"name":"Portada","item":"https:\/\/exaudi.org\/es\/"},{"@type":"ListItem","position":2,"name":"Sellan apartamentos del Papa Francisco en el Palacio Apost\u00f3lico y Santa Marta"}]},{"@type":"WebSite","@id":"https:\/\/exaudi.org\/#website","url":"https:\/\/exaudi.org\/","name":"Exaudi","description":"News","potentialAction":[{"@type":"SearchAction","target":{"@type":"EntryPoint","urlTemplate":"https:\/\/exaudi.org\/?s={search_term_string}"},"query-input":{"@type":"PropertyValueSpecification","valueRequired":true,"valueName":"search_term_string"}}],"inLanguage":"es"},{"@type":"Person","@id":"https:\/\/exaudi.org\/#\/schema\/person\/f5fc8f063065e38742da7afe15f25df7","name":"Exaudi Redacci\u00f3n","image":{"@type":"ImageObject","inLanguage":"es","@id":"https:\/\/secure.gravatar.com\/avatar\/fe0f6a059fb68d9b3e11bc5850dd4899b1c7492091a3cb6dd9b01b56ad828be2?s=96&d=mm&r=g","url":"https:\/\/secure.gravatar.com\/avatar\/fe0f6a059fb68d9b3e11bc5850dd4899b1c7492091a3cb6dd9b01b56ad828be2?s=96&d=mm&r=g","contentUrl":"https:\/\/secure.gravatar.com\/avatar\/fe0f6a059fb68d9b3e11bc5850dd4899b1c7492091a3cb6dd9b01b56ad828be2?s=96&d=mm&r=g","caption":"Exaudi Redacci\u00f3n"},"description":"\u00bfQu\u00e9 es Exaudi News? Exaudi News es un medio de comunicaci\u00f3n cat\u00f3lico internacional que informa, forma y transforma, diariamente en espa\u00f1ol, ingl\u00e9s e italiano. A trav\u00e9s de noticias, art\u00edculos de an\u00e1lisis y transmisiones en directo de los eventos del Papa, Exaudi busca fortalecer la unidad de los cristianos y contribuir a la evangelizaci\u00f3n del mundo, siempre guiados por la doctrina social de la Iglesia. Trabajamos para acercar la verdad y los valores cristianos a cada rinc\u00f3n del planeta. \u00a1Ay\u00fadanos a transformar el mundo con Exaudi! En Exaudi creemos que la evangelizaci\u00f3n y la informaci\u00f3n de calidad pueden cambiar vidas. Para continuar con nuestra misi\u00f3n y expandir nuestro alcance, necesitamos tu ayuda. Adem\u00e1s, buscamos personas comprometidas que deseen unirse a nuestro equipo. Con tu apoyo, lograremos llegar a m\u00e1s personas, difundir el mensaje de Cristo y reforzar la unidad de los cristianos. \u00bfTe unes a nuestra misi\u00f3n? Para m\u00e1s informaci\u00f3n sobre c\u00f3mo colaborar, visita Exaudi.org\/es o cont\u00e1ctanos directamente: info@exaudi.org Exaudi: Informa, forma y transforma.","sameAs":["https:\/\/www.facebook.com\/ExaudiNoticias\/","https:\/\/www.instagram.com\/exaudi_noticias\/","https:\/\/x.com\/Exaudi_noticias","https:\/\/www.youtube.com\/@exaudicatholicnews"],"url":"https:\/\/exaudi.org\/es\/author\/redaccionexaudi\/"}]}},"jetpack_featured_media_url":"https:\/\/exaudi.org\/wp-content\/uploads\/2025\/04\/20250421-757d02ef8714385cb5fbae24e5fbd50fe34bbc1e-scaled.webp","jetpack_shortlink":"https:\/\/wp.me\/pgKjF2-wiQ","_links":{"self":[{"href":"https:\/\/exaudi.org\/es\/wp-json\/wp\/v2\/posts\/124176","targetHints":{"allow":["GET"]}}],"collection":[{"href":"https:\/\/exaudi.org\/es\/wp-json\/wp\/v2\/posts"}],"about":[{"href":"https:\/\/exaudi.org\/es\/wp-json\/wp\/v2\/types\/post"}],"author":[{"embeddable":true,"href":"https:\/\/exaudi.org\/es\/wp-json\/wp\/v2\/users\/15"}],"replies":[{"embeddable":true,"href":"https:\/\/exaudi.org\/es\/wp-json\/wp\/v2\/comments?post=124176"}],"version-history":[{"count":0,"href":"https:\/\/exaudi.org\/es\/wp-json\/wp\/v2\/posts\/124176\/revisions"}],"wp:featuredmedia":[{"embeddable":true,"href":"https:\/\/exaudi.org\/es\/wp-json\/wp\/v2\/media\/124180"}],"wp:attachment":[{"href":"https:\/\/exaudi.org\/es\/wp-json\/wp\/v2\/media?parent=124176"}],"wp:term":[{"taxonomy":"category","embeddable":true,"href":"https:\/\/exaudi.org\/es\/wp-json\/wp\/v2\/categories?post=124176"},{"taxonomy":"post_tag","embeddable":true,"href":"https:\/\/exaudi.org\/es\/wp-json\/wp\/v2\/tags?post=124176"}],"curies":[{"name":"wp","href":"https:\/\/api.w.org\/{rel}","templated":true}]}}