{"id":124111,"date":"2025-04-21T13:23:20","date_gmt":"2025-04-21T11:23:20","guid":{"rendered":"https:\/\/exaudi.org\/?p=124111"},"modified":"2025-04-21T13:24:44","modified_gmt":"2025-04-21T11:24:44","slug":"santa-sede-se-suspende-la-canonizacion-de-carlo-acutis","status":"publish","type":"post","link":"https:\/\/exaudi.org\/es\/santa-sede-se-suspende-la-canonizacion-de-carlo-acutis\/","title":{"rendered":"Santa Sede: se suspende la canonizaci\u00f3n de Carlo Acutis"},"content":{"rendered":"<p class=\"\" data-start=\"340\" data-end=\"769\">El Vaticano ha confirmado la <strong data-start=\"410\" data-end=\"459\">suspensi\u00f3n de la canonizaci\u00f3n de Carlo Acutis<\/strong>, programada originalmente para este domingo 27 de abril, debido al <strong data-start=\"527\" data-end=\"563\">fallecimiento del papa Francisco<\/strong>. La noticia ha sacudido a la comunidad cat\u00f3lica mundial, no solo por la p\u00e9rdida del sucesor de Pedro, sino tambi\u00e9n por el aplazamiento de una canonizaci\u00f3n que muchos esperaban con gran esperanza y emoci\u00f3n.<\/p>\n<h3 class=\"\" data-start=\"771\" data-end=\"816\"><strong>Un joven santo para los tiempos digitales<\/strong><\/h3>\n<p class=\"\" data-start=\"818\" data-end=\"1212\">Carlo Acutis, fallecido en 2006 a los 15 a\u00f1os, es recordado como un adolescente profundamente devoto y apasionado por la tecnolog\u00eda, que supo unir su amor por la Eucarist\u00eda con su habilidad para evangelizar en internet. Su beatificaci\u00f3n en 2020 lo convirti\u00f3 en un referente para las nuevas generaciones, y su canonizaci\u00f3n lo habr\u00eda consagrado como el <strong data-start=\"1169\" data-end=\"1196\">primer santo millennial<\/strong> de la historia.<\/p>\n<p class=\"\" data-start=\"1214\" data-end=\"1444\">Su historia, su alegr\u00eda, y su fe sencilla han conmovido a j\u00f3venes y adultos en todo el mundo. Por eso, el anuncio del Vaticano de <strong data-start=\"1344\" data-end=\"1385\">posponer la ceremonia indefinidamente<\/strong> ha generado una mezcla de tristeza, comprensi\u00f3n y oraci\u00f3n.<\/p>\n<h3 class=\"\" data-start=\"1897\" data-end=\"1924\"><strong>La esperanza sigue viva<\/strong><\/h3>\n<p class=\"\" data-start=\"1926\" data-end=\"2211\">Aunque el calendario lit\u00fargico se detiene, la devoci\u00f3n a Carlo Acutis no lo hace. Miles de fieles han expresado en redes sociales y en peregrinaciones espont\u00e1neas su deseo de que pronto se retome el proceso y se pueda celebrar esta canonizaci\u00f3n con toda la solemnidad y paz que merece.<\/p>\n<p class=\"\" data-start=\"2213\" data-end=\"2418\">La Santa Sede ha pedido oraci\u00f3n y unidad ante estos acontecimientos. El cuerpo de Carlo, expuesto en As\u00eds, contin\u00faa recibiendo visitas y testigos de milagros espirituales que lo atribuyen a su intercesi\u00f3n.<\/p>\n<h3 class=\"\" data-start=\"2420\" data-end=\"2446\"><strong>Una pausa providencial<\/strong><\/h3>\n<p class=\"\" data-start=\"2448\" data-end=\"2769\">En medio del luto por el papa Francisco, el joven Acutis sigue record\u00e1ndonos que \u201c<strong data-start=\"2530\" data-end=\"2586\">estar siempre unidos a Jes\u00fas, ese es mi plan de vida<\/strong>\u201d. La Iglesia lo contempla ahora como un signo de esperanza, mientras espera que un nuevo sucesor de Pedro pueda retomar el gesto definitivo que lo inscriba en el canon de los santos.<\/p>\n","protected":false},"excerpt":{"rendered":"<p>El Vaticano pospone sin fecha la ceremonia que convertir\u00eda a Carlo Acutis en el primer santo millennial<\/p>\n","protected":false},"author":15,"featured_media":124112,"comment_status":"closed","ping_status":"closed","sticky":false,"template":"","format":"standard","meta":{"_acf_changed":false,"_crdt_document":"","inline_featured_image":false,"footnotes":""},"categories":[132],"tags":[16413,55107,2673,55111,16409,449,51055,55052,41006,35493,55108,55109,55110,46804,4953,272,41010],"class_list":["post-124111","post","type-post","status-publish","format-standard","has-post-thumbnail","hentry","category-vaticano-es","tag-canonizacion-carlo-acutis","tag-canonizacion-suspendida","tag-carlo-acutis","tag-carlo-acutis-canonizacion-aplazada","tag-carlo-acutis-santo","tag-iglesia-catolica","tag-juventud-y-santidad","tag-muerte-del-papa","tag-noticias-vaticano","tag-papa-francisco-2025","tag-papa-francisco-fallecimiento","tag-primer-santo-millennial","tag-santo-joven","tag-sucesor-de-pedro","tag-trending-es","tag-vaticano-es","tag-vaticano-2025"],"acf":[],"yoast_head":"<!-- This site is optimized with the Yoast SEO plugin v27.4 - https:\/\/yoast.com\/product\/yoast-seo-wordpress\/ -->\n<title>Santa Sede: se suspende la canonizaci\u00f3n de Carlo Acutis &#8211; Exaudi<\/title>\n<meta name=\"robots\" content=\"index, follow, max-snippet:-1, max-image-preview:large, max-video-preview:-1\" \/>\n<link rel=\"canonical\" href=\"https:\/\/exaudi.org\/es\/santa-sede-se-suspende-la-canonizacion-de-carlo-acutis\/\" \/>\n<meta property=\"og:locale\" content=\"es_ES\" \/>\n<meta property=\"og:type\" content=\"article\" \/>\n<meta property=\"og:title\" content=\"Santa Sede: se suspende la canonizaci\u00f3n de Carlo Acutis &#8211; Exaudi\" \/>\n<meta property=\"og:description\" content=\"El Vaticano pospone sin fecha la ceremonia que convertir\u00eda a Carlo Acutis en el primer santo millennial\" \/>\n<meta property=\"og:url\" content=\"https:\/\/exaudi.org\/es\/santa-sede-se-suspende-la-canonizacion-de-carlo-acutis\/\" \/>\n<meta property=\"og:site_name\" content=\"Exaudi\" \/>\n<meta property=\"article:publisher\" content=\"https:\/\/www.facebook.com\/ExaudiNews\" \/>\n<meta property=\"article:author\" content=\"https:\/\/www.facebook.com\/ExaudiNoticias\/\" \/>\n<meta property=\"article:published_time\" content=\"2025-04-21T11:23:20+00:00\" \/>\n<meta property=\"article:modified_time\" content=\"2025-04-21T11:24:44+00:00\" \/>\n<meta property=\"og:image\" content=\"https:\/\/exaudi.org\/wp-content\/uploads\/2025\/04\/carlos-acuti-958x559-1.jpeg\" \/>\n\t<meta property=\"og:image:width\" content=\"958\" \/>\n\t<meta property=\"og:image:height\" content=\"559\" \/>\n\t<meta property=\"og:image:type\" content=\"image\/jpeg\" \/>\n<meta name=\"author\" content=\"Exaudi Redacci\u00f3n\" \/>\n<meta name=\"twitter:card\" content=\"summary_large_image\" \/>\n<meta name=\"twitter:creator\" content=\"@Exaudi_noticias\" \/>\n<meta name=\"twitter:site\" content=\"@Exaudi_News\" \/>\n<meta name=\"twitter:label1\" content=\"Escrito por\" \/>\n\t<meta name=\"twitter:data1\" content=\"Exaudi Redacci\u00f3n\" \/>\n\t<meta name=\"twitter:label2\" content=\"Tiempo de lectura\" \/>\n\t<meta name=\"twitter:data2\" content=\"2 minutos\" \/>\n<script type=\"application\/ld+json\" class=\"yoast-schema-graph\">{\"@context\":\"https:\\\/\\\/schema.org\",\"@graph\":[{\"@type\":\"Article\",\"@id\":\"https:\\\/\\\/exaudi.org\\\/es\\\/santa-sede-se-suspende-la-canonizacion-de-carlo-acutis\\\/#article\",\"isPartOf\":{\"@id\":\"https:\\\/\\\/exaudi.org\\\/es\\\/santa-sede-se-suspende-la-canonizacion-de-carlo-acutis\\\/\"},\"author\":{\"name\":\"Exaudi Redacci\u00f3n\",\"@id\":\"https:\\\/\\\/exaudi.org\\\/#\\\/schema\\\/person\\\/f5fc8f063065e38742da7afe15f25df7\"},\"headline\":\"Santa Sede: se suspende la canonizaci\u00f3n de Carlo Acutis\",\"datePublished\":\"2025-04-21T11:23:20+00:00\",\"dateModified\":\"2025-04-21T11:24:44+00:00\",\"mainEntityOfPage\":{\"@id\":\"https:\\\/\\\/exaudi.org\\\/es\\\/santa-sede-se-suspende-la-canonizacion-de-carlo-acutis\\\/\"},\"wordCount\":346,\"image\":{\"@id\":\"https:\\\/\\\/exaudi.org\\\/es\\\/santa-sede-se-suspende-la-canonizacion-de-carlo-acutis\\\/#primaryimage\"},\"thumbnailUrl\":\"https:\\\/\\\/exaudi.org\\\/wp-content\\\/uploads\\\/2025\\\/04\\\/carlos-acuti-958x559-1.jpeg\",\"keywords\":[\"canonizaci\u00f3n Carlo Acutis\",\"canonizaci\u00f3n suspendida\",\"Carlo Acutis\",\"Carlo Acutis canonizaci\u00f3n aplazada\",\"Carlo Acutis santo\",\"Iglesia cat\u00f3lica\",\"juventud y santidad\",\"muerte del papa\",\"noticias Vaticano\",\"Papa Francisco 2025\",\"Papa Francisco fallecimiento\",\"primer santo millennial\",\"santo joven\",\"Sucesor de Pedro\",\"Trending\",\"Vaticano\",\"Vaticano 2025\"],\"articleSection\":[\"Vaticano\"],\"inLanguage\":\"es\"},{\"@type\":\"WebPage\",\"@id\":\"https:\\\/\\\/exaudi.org\\\/es\\\/santa-sede-se-suspende-la-canonizacion-de-carlo-acutis\\\/\",\"url\":\"https:\\\/\\\/exaudi.org\\\/es\\\/santa-sede-se-suspende-la-canonizacion-de-carlo-acutis\\\/\",\"name\":\"Santa Sede: se suspende la canonizaci\u00f3n de Carlo Acutis &#8211; Exaudi\",\"isPartOf\":{\"@id\":\"https:\\\/\\\/exaudi.org\\\/#website\"},\"primaryImageOfPage\":{\"@id\":\"https:\\\/\\\/exaudi.org\\\/es\\\/santa-sede-se-suspende-la-canonizacion-de-carlo-acutis\\\/#primaryimage\"},\"image\":{\"@id\":\"https:\\\/\\\/exaudi.org\\\/es\\\/santa-sede-se-suspende-la-canonizacion-de-carlo-acutis\\\/#primaryimage\"},\"thumbnailUrl\":\"https:\\\/\\\/exaudi.org\\\/wp-content\\\/uploads\\\/2025\\\/04\\\/carlos-acuti-958x559-1.jpeg\",\"datePublished\":\"2025-04-21T11:23:20+00:00\",\"dateModified\":\"2025-04-21T11:24:44+00:00\",\"author\":{\"@id\":\"https:\\\/\\\/exaudi.org\\\/#\\\/schema\\\/person\\\/f5fc8f063065e38742da7afe15f25df7\"},\"breadcrumb\":{\"@id\":\"https:\\\/\\\/exaudi.org\\\/es\\\/santa-sede-se-suspende-la-canonizacion-de-carlo-acutis\\\/#breadcrumb\"},\"inLanguage\":\"es\",\"potentialAction\":[{\"@type\":\"ReadAction\",\"target\":[\"https:\\\/\\\/exaudi.org\\\/es\\\/santa-sede-se-suspende-la-canonizacion-de-carlo-acutis\\\/\"]}]},{\"@type\":\"ImageObject\",\"inLanguage\":\"es\",\"@id\":\"https:\\\/\\\/exaudi.org\\\/es\\\/santa-sede-se-suspende-la-canonizacion-de-carlo-acutis\\\/#primaryimage\",\"url\":\"https:\\\/\\\/exaudi.org\\\/wp-content\\\/uploads\\\/2025\\\/04\\\/carlos-acuti-958x559-1.jpeg\",\"contentUrl\":\"https:\\\/\\\/exaudi.org\\\/wp-content\\\/uploads\\\/2025\\\/04\\\/carlos-acuti-958x559-1.jpeg\",\"width\":958,\"height\":559},{\"@type\":\"BreadcrumbList\",\"@id\":\"https:\\\/\\\/exaudi.org\\\/es\\\/santa-sede-se-suspende-la-canonizacion-de-carlo-acutis\\\/#breadcrumb\",\"itemListElement\":[{\"@type\":\"ListItem\",\"position\":1,\"name\":\"Portada\",\"item\":\"https:\\\/\\\/exaudi.org\\\/es\\\/\"},{\"@type\":\"ListItem\",\"position\":2,\"name\":\"Santa Sede: se suspende la canonizaci\u00f3n de Carlo Acutis\"}]},{\"@type\":\"WebSite\",\"@id\":\"https:\\\/\\\/exaudi.org\\\/#website\",\"url\":\"https:\\\/\\\/exaudi.org\\\/\",\"name\":\"Exaudi\",\"description\":\"News\",\"potentialAction\":[{\"@type\":\"SearchAction\",\"target\":{\"@type\":\"EntryPoint\",\"urlTemplate\":\"https:\\\/\\\/exaudi.org\\\/?s={search_term_string}\"},\"query-input\":{\"@type\":\"PropertyValueSpecification\",\"valueRequired\":true,\"valueName\":\"search_term_string\"}}],\"inLanguage\":\"es\"},{\"@type\":\"Person\",\"@id\":\"https:\\\/\\\/exaudi.org\\\/#\\\/schema\\\/person\\\/f5fc8f063065e38742da7afe15f25df7\",\"name\":\"Exaudi Redacci\u00f3n\",\"image\":{\"@type\":\"ImageObject\",\"inLanguage\":\"es\",\"@id\":\"https:\\\/\\\/secure.gravatar.com\\\/avatar\\\/fe0f6a059fb68d9b3e11bc5850dd4899b1c7492091a3cb6dd9b01b56ad828be2?s=96&d=mm&r=g\",\"url\":\"https:\\\/\\\/secure.gravatar.com\\\/avatar\\\/fe0f6a059fb68d9b3e11bc5850dd4899b1c7492091a3cb6dd9b01b56ad828be2?s=96&d=mm&r=g\",\"contentUrl\":\"https:\\\/\\\/secure.gravatar.com\\\/avatar\\\/fe0f6a059fb68d9b3e11bc5850dd4899b1c7492091a3cb6dd9b01b56ad828be2?s=96&d=mm&r=g\",\"caption\":\"Exaudi Redacci\u00f3n\"},\"description\":\"\u00bfQu\u00e9 es Exaudi News? Exaudi News es un medio de comunicaci\u00f3n cat\u00f3lico internacional que informa, forma y transforma, diariamente en espa\u00f1ol, ingl\u00e9s e italiano. A trav\u00e9s de noticias, art\u00edculos de an\u00e1lisis y transmisiones en directo de los eventos del Papa, Exaudi busca fortalecer la unidad de los cristianos y contribuir a la evangelizaci\u00f3n del mundo, siempre guiados por la doctrina social de la Iglesia. Trabajamos para acercar la verdad y los valores cristianos a cada rinc\u00f3n del planeta. \u00a1Ay\u00fadanos a transformar el mundo con Exaudi! En Exaudi creemos que la evangelizaci\u00f3n y la informaci\u00f3n de calidad pueden cambiar vidas. Para continuar con nuestra misi\u00f3n y expandir nuestro alcance, necesitamos tu ayuda. Adem\u00e1s, buscamos personas comprometidas que deseen unirse a nuestro equipo. Con tu apoyo, lograremos llegar a m\u00e1s personas, difundir el mensaje de Cristo y reforzar la unidad de los cristianos. \u00bfTe unes a nuestra misi\u00f3n? Para m\u00e1s informaci\u00f3n sobre c\u00f3mo colaborar, visita Exaudi.org\\\/es o cont\u00e1ctanos directamente: info@exaudi.org Exaudi: Informa, forma y transforma.\",\"sameAs\":[\"https:\\\/\\\/www.facebook.com\\\/ExaudiNoticias\\\/\",\"https:\\\/\\\/www.instagram.com\\\/exaudi_noticias\\\/\",\"https:\\\/\\\/x.com\\\/Exaudi_noticias\",\"https:\\\/\\\/www.youtube.com\\\/@exaudicatholicnews\"],\"url\":\"https:\\\/\\\/exaudi.org\\\/es\\\/author\\\/redaccionexaudi\\\/\"}]}<\/script>\n<!-- \/ Yoast SEO plugin. -->","yoast_head_json":{"title":"Santa Sede: se suspende la canonizaci\u00f3n de Carlo Acutis &#8211; Exaudi","robots":{"index":"index","follow":"follow","max-snippet":"max-snippet:-1","max-image-preview":"max-image-preview:large","max-video-preview":"max-video-preview:-1"},"canonical":"https:\/\/exaudi.org\/es\/santa-sede-se-suspende-la-canonizacion-de-carlo-acutis\/","og_locale":"es_ES","og_type":"article","og_title":"Santa Sede: se suspende la canonizaci\u00f3n de Carlo Acutis &#8211; Exaudi","og_description":"El Vaticano pospone sin fecha la ceremonia que convertir\u00eda a Carlo Acutis en el primer santo millennial","og_url":"https:\/\/exaudi.org\/es\/santa-sede-se-suspende-la-canonizacion-de-carlo-acutis\/","og_site_name":"Exaudi","article_publisher":"https:\/\/www.facebook.com\/ExaudiNews","article_author":"https:\/\/www.facebook.com\/ExaudiNoticias\/","article_published_time":"2025-04-21T11:23:20+00:00","article_modified_time":"2025-04-21T11:24:44+00:00","og_image":[{"width":958,"height":559,"url":"https:\/\/exaudi.org\/wp-content\/uploads\/2025\/04\/carlos-acuti-958x559-1.jpeg","type":"image\/jpeg"}],"author":"Exaudi Redacci\u00f3n","twitter_card":"summary_large_image","twitter_creator":"@Exaudi_noticias","twitter_site":"@Exaudi_News","twitter_misc":{"Escrito por":"Exaudi Redacci\u00f3n","Tiempo de lectura":"2 minutos"},"schema":{"@context":"https:\/\/schema.org","@graph":[{"@type":"Article","@id":"https:\/\/exaudi.org\/es\/santa-sede-se-suspende-la-canonizacion-de-carlo-acutis\/#article","isPartOf":{"@id":"https:\/\/exaudi.org\/es\/santa-sede-se-suspende-la-canonizacion-de-carlo-acutis\/"},"author":{"name":"Exaudi Redacci\u00f3n","@id":"https:\/\/exaudi.org\/#\/schema\/person\/f5fc8f063065e38742da7afe15f25df7"},"headline":"Santa Sede: se suspende la canonizaci\u00f3n de Carlo Acutis","datePublished":"2025-04-21T11:23:20+00:00","dateModified":"2025-04-21T11:24:44+00:00","mainEntityOfPage":{"@id":"https:\/\/exaudi.org\/es\/santa-sede-se-suspende-la-canonizacion-de-carlo-acutis\/"},"wordCount":346,"image":{"@id":"https:\/\/exaudi.org\/es\/santa-sede-se-suspende-la-canonizacion-de-carlo-acutis\/#primaryimage"},"thumbnailUrl":"https:\/\/exaudi.org\/wp-content\/uploads\/2025\/04\/carlos-acuti-958x559-1.jpeg","keywords":["canonizaci\u00f3n Carlo Acutis","canonizaci\u00f3n suspendida","Carlo Acutis","Carlo Acutis canonizaci\u00f3n aplazada","Carlo Acutis santo","Iglesia cat\u00f3lica","juventud y santidad","muerte del papa","noticias Vaticano","Papa Francisco 2025","Papa Francisco fallecimiento","primer santo millennial","santo joven","Sucesor de Pedro","Trending","Vaticano","Vaticano 2025"],"articleSection":["Vaticano"],"inLanguage":"es"},{"@type":"WebPage","@id":"https:\/\/exaudi.org\/es\/santa-sede-se-suspende-la-canonizacion-de-carlo-acutis\/","url":"https:\/\/exaudi.org\/es\/santa-sede-se-suspende-la-canonizacion-de-carlo-acutis\/","name":"Santa Sede: se suspende la canonizaci\u00f3n de Carlo Acutis &#8211; Exaudi","isPartOf":{"@id":"https:\/\/exaudi.org\/#website"},"primaryImageOfPage":{"@id":"https:\/\/exaudi.org\/es\/santa-sede-se-suspende-la-canonizacion-de-carlo-acutis\/#primaryimage"},"image":{"@id":"https:\/\/exaudi.org\/es\/santa-sede-se-suspende-la-canonizacion-de-carlo-acutis\/#primaryimage"},"thumbnailUrl":"https:\/\/exaudi.org\/wp-content\/uploads\/2025\/04\/carlos-acuti-958x559-1.jpeg","datePublished":"2025-04-21T11:23:20+00:00","dateModified":"2025-04-21T11:24:44+00:00","author":{"@id":"https:\/\/exaudi.org\/#\/schema\/person\/f5fc8f063065e38742da7afe15f25df7"},"breadcrumb":{"@id":"https:\/\/exaudi.org\/es\/santa-sede-se-suspende-la-canonizacion-de-carlo-acutis\/#breadcrumb"},"inLanguage":"es","potentialAction":[{"@type":"ReadAction","target":["https:\/\/exaudi.org\/es\/santa-sede-se-suspende-la-canonizacion-de-carlo-acutis\/"]}]},{"@type":"ImageObject","inLanguage":"es","@id":"https:\/\/exaudi.org\/es\/santa-sede-se-suspende-la-canonizacion-de-carlo-acutis\/#primaryimage","url":"https:\/\/exaudi.org\/wp-content\/uploads\/2025\/04\/carlos-acuti-958x559-1.jpeg","contentUrl":"https:\/\/exaudi.org\/wp-content\/uploads\/2025\/04\/carlos-acuti-958x559-1.jpeg","width":958,"height":559},{"@type":"BreadcrumbList","@id":"https:\/\/exaudi.org\/es\/santa-sede-se-suspende-la-canonizacion-de-carlo-acutis\/#breadcrumb","itemListElement":[{"@type":"ListItem","position":1,"name":"Portada","item":"https:\/\/exaudi.org\/es\/"},{"@type":"ListItem","position":2,"name":"Santa Sede: se suspende la canonizaci\u00f3n de Carlo Acutis"}]},{"@type":"WebSite","@id":"https:\/\/exaudi.org\/#website","url":"https:\/\/exaudi.org\/","name":"Exaudi","description":"News","potentialAction":[{"@type":"SearchAction","target":{"@type":"EntryPoint","urlTemplate":"https:\/\/exaudi.org\/?s={search_term_string}"},"query-input":{"@type":"PropertyValueSpecification","valueRequired":true,"valueName":"search_term_string"}}],"inLanguage":"es"},{"@type":"Person","@id":"https:\/\/exaudi.org\/#\/schema\/person\/f5fc8f063065e38742da7afe15f25df7","name":"Exaudi Redacci\u00f3n","image":{"@type":"ImageObject","inLanguage":"es","@id":"https:\/\/secure.gravatar.com\/avatar\/fe0f6a059fb68d9b3e11bc5850dd4899b1c7492091a3cb6dd9b01b56ad828be2?s=96&d=mm&r=g","url":"https:\/\/secure.gravatar.com\/avatar\/fe0f6a059fb68d9b3e11bc5850dd4899b1c7492091a3cb6dd9b01b56ad828be2?s=96&d=mm&r=g","contentUrl":"https:\/\/secure.gravatar.com\/avatar\/fe0f6a059fb68d9b3e11bc5850dd4899b1c7492091a3cb6dd9b01b56ad828be2?s=96&d=mm&r=g","caption":"Exaudi Redacci\u00f3n"},"description":"\u00bfQu\u00e9 es Exaudi News? Exaudi News es un medio de comunicaci\u00f3n cat\u00f3lico internacional que informa, forma y transforma, diariamente en espa\u00f1ol, ingl\u00e9s e italiano. A trav\u00e9s de noticias, art\u00edculos de an\u00e1lisis y transmisiones en directo de los eventos del Papa, Exaudi busca fortalecer la unidad de los cristianos y contribuir a la evangelizaci\u00f3n del mundo, siempre guiados por la doctrina social de la Iglesia. Trabajamos para acercar la verdad y los valores cristianos a cada rinc\u00f3n del planeta. \u00a1Ay\u00fadanos a transformar el mundo con Exaudi! En Exaudi creemos que la evangelizaci\u00f3n y la informaci\u00f3n de calidad pueden cambiar vidas. Para continuar con nuestra misi\u00f3n y expandir nuestro alcance, necesitamos tu ayuda. Adem\u00e1s, buscamos personas comprometidas que deseen unirse a nuestro equipo. Con tu apoyo, lograremos llegar a m\u00e1s personas, difundir el mensaje de Cristo y reforzar la unidad de los cristianos. \u00bfTe unes a nuestra misi\u00f3n? Para m\u00e1s informaci\u00f3n sobre c\u00f3mo colaborar, visita Exaudi.org\/es o cont\u00e1ctanos directamente: info@exaudi.org Exaudi: Informa, forma y transforma.","sameAs":["https:\/\/www.facebook.com\/ExaudiNoticias\/","https:\/\/www.instagram.com\/exaudi_noticias\/","https:\/\/x.com\/Exaudi_noticias","https:\/\/www.youtube.com\/@exaudicatholicnews"],"url":"https:\/\/exaudi.org\/es\/author\/redaccionexaudi\/"}]}},"jetpack_featured_media_url":"https:\/\/exaudi.org\/wp-content\/uploads\/2025\/04\/carlos-acuti-958x559-1.jpeg","jetpack_shortlink":"https:\/\/wp.me\/pgKjF2-whN","_links":{"self":[{"href":"https:\/\/exaudi.org\/es\/wp-json\/wp\/v2\/posts\/124111","targetHints":{"allow":["GET"]}}],"collection":[{"href":"https:\/\/exaudi.org\/es\/wp-json\/wp\/v2\/posts"}],"about":[{"href":"https:\/\/exaudi.org\/es\/wp-json\/wp\/v2\/types\/post"}],"author":[{"embeddable":true,"href":"https:\/\/exaudi.org\/es\/wp-json\/wp\/v2\/users\/15"}],"replies":[{"embeddable":true,"href":"https:\/\/exaudi.org\/es\/wp-json\/wp\/v2\/comments?post=124111"}],"version-history":[{"count":0,"href":"https:\/\/exaudi.org\/es\/wp-json\/wp\/v2\/posts\/124111\/revisions"}],"wp:featuredmedia":[{"embeddable":true,"href":"https:\/\/exaudi.org\/es\/wp-json\/wp\/v2\/media\/124112"}],"wp:attachment":[{"href":"https:\/\/exaudi.org\/es\/wp-json\/wp\/v2\/media?parent=124111"}],"wp:term":[{"taxonomy":"category","embeddable":true,"href":"https:\/\/exaudi.org\/es\/wp-json\/wp\/v2\/categories?post=124111"},{"taxonomy":"post_tag","embeddable":true,"href":"https:\/\/exaudi.org\/es\/wp-json\/wp\/v2\/tags?post=124111"}],"curies":[{"name":"wp","href":"https:\/\/api.w.org\/{rel}","templated":true}]}}