{"id":124064,"date":"2025-04-21T10:20:41","date_gmt":"2025-04-21T08:20:41","guid":{"rendered":"https:\/\/exaudi.org\/?p=124064"},"modified":"2025-04-22T10:15:14","modified_gmt":"2025-04-22T08:15:14","slug":"ha-muerto-el-papa-francisco","status":"publish","type":"post","link":"https:\/\/exaudi.org\/es\/ha-muerto-el-papa-francisco\/","title":{"rendered":"El Papa Francisco ha regresado a la casa del Padre"},"content":{"rendered":"<p class=\"\" data-start=\"463\" data-end=\"824\">La ma\u00f1ana del <strong data-start=\"477\" data-end=\"517\">lunes de Pascua, 21 de abril de 2025<\/strong>, a las 7:35 a.m., el mundo recibi\u00f3 la triste noticia del fallecimiento del Papa Francisco en su residencia de la Casa Santa Marta, en el Vaticano. A los <strong data-start=\"671\" data-end=\"690\">88 a\u00f1os de edad<\/strong>, el Santo Padre ha partido a la Casa del Padre, dejando un legado imborrable en la historia reciente de la Iglesia y de la humanidad.<\/p>\n<p class=\"\" data-start=\"826\" data-end=\"1350\">Jorge Mario Bergoglio, nacido en Buenos Aires (Argentina) el 17 de diciembre de 1936, fue elegido Papa el 13 de marzo de 2013, convirti\u00e9ndose en el primer pont\u00edfice jesuita, el primero procedente del continente americano y el primero no europeo en m\u00e1s de mil a\u00f1os. Su elecci\u00f3n fue, para muchos, un soplo del Esp\u00edritu en tiempos complejos. Con el nombre de Francisco, quiso rendir homenaje al poverello de As\u00eds, marcando ya desde su nombre un pontificado orientado a la humildad, la paz y la cercan\u00eda con los m\u00e1s necesitados.<\/p>\n<p class=\"\" data-start=\"1352\" data-end=\"1824\">Durante sus m\u00e1s de <strong data-start=\"1371\" data-end=\"1397\">12 a\u00f1os de pontificado<\/strong>, el Papa Francisco impuls\u00f3 una aut\u00e9ntica \u00abIglesia en salida\u00bb, tal como expres\u00f3 en su primera exhortaci\u00f3n apost\u00f3lica <em data-start=\"1514\" data-end=\"1533\">Evangelii Gaudium<\/em>. Su estilo pastoral, sencillo y directo, conquist\u00f3 a millones de fieles e incluso toc\u00f3 el coraz\u00f3n de no creyentes. Con enc\u00edclicas como <em data-start=\"1669\" data-end=\"1682\">Laudato si\u2019<\/em> y <em data-start=\"1685\" data-end=\"1701\">Fratelli tutti<\/em>, el Papa supo tender puentes, llamar a la conversi\u00f3n ecol\u00f3gica y recordar la fraternidad universal como clave para la paz.<\/p>\n<p class=\"\" data-start=\"1826\" data-end=\"2294\">Francisco reform\u00f3 las estructuras de la Curia, promovi\u00f3 la sinodalidad como forma de caminar juntos en la Iglesia, y acompa\u00f1\u00f3 con ternura a los descartados y heridos del mundo. Su defensa de la vida, de la familia, de los migrantes, de los pobres, fue constante y prof\u00e9tica. Abog\u00f3 por la justicia social, tendi\u00f3 la mano a las periferias existenciales y trabaj\u00f3 incansablemente por la reconciliaci\u00f3n y el di\u00e1logo, incluso en medio de graves crisis internas y externas.<\/p>\n<p class=\"\" data-start=\"2296\" data-end=\"2639\">A lo largo de su vida, sufri\u00f3 varias dolencias, entre ellas la p\u00e9rdida de parte de un pulm\u00f3n en su juventud y varias intervenciones quir\u00fargicas, incluida una operaci\u00f3n de colon en 2021. Sin embargo, jam\u00e1s perdi\u00f3 el \u00e1nimo ni la dedicaci\u00f3n al reba\u00f1o que se le hab\u00eda confiado. Mantuvo una \u00e9tica de trabajo admirable y una profunda espiritualidad.<\/p>\n<p class=\"\" data-start=\"2641\" data-end=\"2877\">El Papa Francisco ser\u00e1 sepultado en la <strong data-start=\"2680\" data-end=\"2716\">Bas\u00edlica de Santa Mar\u00eda la Mayor<\/strong>, fuera del Vaticano, cumpliendo as\u00ed su deseo personal. Este gesto, profundamente simb\u00f3lico, refleja una vez m\u00e1s su humildad y su cercan\u00eda con el pueblo de Dios.<\/p>\n<p class=\"\" data-start=\"2879\" data-end=\"3114\">Hoy, los cat\u00f3licos del mundo entero elevamos nuestras oraciones por el eterno descanso del Santo Padre, agradeciendo su entrega generosa al servicio de Cristo y de la Iglesia. Como \u00e9l mismo dijo en tantas ocasiones: \u201c<strong data-start=\"3096\" data-end=\"3112\">Recen por m\u00ed<\/strong>\u201d.<\/p>\n<p class=\"\" data-start=\"2879\" data-end=\"3114\">Gracias, Francisco. Por tu sonrisa, por tu valent\u00eda, por tu fe. Que intercedas desde el cielo por la Iglesia que tanto amaste.<\/p>\n<p>El cardenal Kevin Joseph Farrell, Camarlengo de la Santa Romana Iglesia, anunci\u00f3 con tristeza el fallecimiento del Papa Francisco, con estas palabras:<\/p>\n<p><i>\u00abQueridos hermanos y hermanas, con profundo dolor debo anunciar el fallecimiento de nuestro Santo Padre Francisco. A las 7:35 de esta ma\u00f1ana, el Obispo de Roma, Francisco, regres\u00f3 a la casa del Padre.<\/i><\/p>\n<p><i>Toda su vida estuvo dedicada al servicio del Se\u00f1or y de Su Iglesia. Nos ense\u00f1\u00f3 a vivir los valores del Evangelio con fidelidad, valent\u00eda y amor universal, especialmente en favor de los m\u00e1s pobres y marginados.<\/i><\/p>\n<p><i>Con inmensa gratitud por su ejemplo de verdadero disc\u00edpulo del Se\u00f1or Jes\u00fas, encomendamos el alma del Papa Francisco al infinito amor misericordioso del Dios Uno y Trino\u00bb.<\/i><\/p>\n<p><iframe loading=\"lazy\" title=\"El Papa Francisco ha partido a la Casa del Padre\" width=\"500\" height=\"281\" src=\"https:\/\/www.youtube.com\/embed\/JqXhsZS-el0?feature=oembed\" frameborder=\"0\" allow=\"accelerometer; autoplay; clipboard-write; encrypted-media; gyroscope; picture-in-picture; web-share\" referrerpolicy=\"strict-origin-when-cross-origin\" allowfullscreen><\/iframe><\/p>\n<p data-start=\"2879\" data-end=\"3114\"><img loading=\"lazy\" decoding=\"async\" class=\"size-full wp-image-124068 alignnone\" src=\"https:\/\/exaudi.org\/wp-content\/uploads\/2025\/04\/Papa-Francisco.jpg\" alt=\"\" width=\"940\" height=\"788\" srcset=\"https:\/\/exaudi.org\/wp-content\/uploads\/2025\/04\/Papa-Francisco.jpg 940w, https:\/\/exaudi.org\/wp-content\/uploads\/2025\/04\/Papa-Francisco-300x251.jpg 300w, https:\/\/exaudi.org\/wp-content\/uploads\/2025\/04\/Papa-Francisco-770x645.jpg 770w, https:\/\/exaudi.org\/wp-content\/uploads\/2025\/04\/Papa-Francisco-500x419.jpg 500w\" sizes=\"auto, (max-width: 940px) 100vw, 940px\" \/><\/p>\n<p><iframe loading=\"lazy\" title=\"Un v\u00eddeo que narra la historia de Francisco desde su infancia hasta la elecci\u00f3n papal\" width=\"500\" height=\"281\" src=\"https:\/\/www.youtube.com\/embed\/6x8Kpye8jwc?feature=oembed\" frameborder=\"0\" allow=\"accelerometer; autoplay; clipboard-write; encrypted-media; gyroscope; picture-in-picture; web-share\" referrerpolicy=\"strict-origin-when-cross-origin\" allowfullscreen><\/iframe><\/p>\n","protected":false},"excerpt":{"rendered":"<p>La Iglesia llora al Sucesor de Pedro que, con palabras y gestos, renov\u00f3 el impulso misionero y la llamada a una Iglesia en salida, pobre para los pobres<\/p>\n","protected":false},"author":15,"featured_media":124065,"comment_status":"closed","ping_status":"closed","sticky":false,"template":"","format":"standard","meta":{"_acf_changed":false,"_crdt_document":"","inline_featured_image":false,"footnotes":""},"categories":[68],"tags":[17860,8442,55042,490,55050,30546,449,55047,49007,5256,55049,55052,55043,41006,55048,55053,158,35493,55044,55045,55054,55046,46804,4953,55051],"class_list":["post-124064","post","type-post","status-publish","format-standard","has-post-thumbnail","hentry","category-leon-xiv","tag-enciclica-laudato-si","tag-evangelii-gaudium","tag-fallecimiento-papa-francisco","tag-fratelli-tutti-es","tag-funeral-papa-francisco","tag-historia-del-papado","tag-iglesia-catolica","tag-iglesia-catolica-en-duelo","tag-iglesia-en-salida","tag-jorge-mario-bergoglio","tag-legado-papa-francisco","tag-muerte-del-papa","tag-muerte-papa-francisco","tag-noticias-vaticano","tag-papa-argentino","tag-papa-catolico","tag-papa-francisco","tag-papa-francisco-2025","tag-papa-francisco-ha-muerto","tag-papa-jesuita","tag-papa-latinoamericano","tag-pontificado-papa-francisco","tag-sucesor-de-pedro","tag-trending-es","tag-vaticano-hoy"],"acf":[],"yoast_head":"<!-- This site is optimized with the Yoast SEO plugin v27.4 - https:\/\/yoast.com\/product\/yoast-seo-wordpress\/ -->\n<title>El Papa Francisco ha regresado a la casa del Padre &#8211; Exaudi<\/title>\n<meta name=\"robots\" content=\"index, follow, max-snippet:-1, max-image-preview:large, max-video-preview:-1\" \/>\n<link rel=\"canonical\" href=\"https:\/\/exaudi.org\/es\/ha-muerto-el-papa-francisco\/\" \/>\n<meta property=\"og:locale\" content=\"es_ES\" \/>\n<meta property=\"og:type\" content=\"article\" \/>\n<meta property=\"og:title\" content=\"El Papa Francisco ha regresado a la casa del Padre &#8211; Exaudi\" \/>\n<meta property=\"og:description\" content=\"La Iglesia llora al Sucesor de Pedro que, con palabras y gestos, renov\u00f3 el impulso misionero y la llamada a una Iglesia en salida, pobre para los pobres\" \/>\n<meta property=\"og:url\" content=\"https:\/\/exaudi.org\/es\/ha-muerto-el-papa-francisco\/\" \/>\n<meta property=\"og:site_name\" content=\"Exaudi\" \/>\n<meta property=\"article:publisher\" content=\"https:\/\/www.facebook.com\/ExaudiNews\" \/>\n<meta property=\"article:author\" content=\"https:\/\/www.facebook.com\/ExaudiNoticias\/\" \/>\n<meta property=\"article:published_time\" content=\"2025-04-21T08:20:41+00:00\" \/>\n<meta property=\"article:modified_time\" content=\"2025-04-22T08:15:14+00:00\" \/>\n<meta property=\"og:image\" content=\"https:\/\/exaudi.org\/wp-content\/uploads\/2025\/04\/63d112ff747f0.webp\" \/>\n\t<meta property=\"og:image:width\" content=\"990\" \/>\n\t<meta property=\"og:image:height\" content=\"556\" \/>\n\t<meta property=\"og:image:type\" content=\"image\/webp\" \/>\n<meta name=\"author\" content=\"Exaudi Redacci\u00f3n\" \/>\n<meta name=\"twitter:card\" content=\"summary_large_image\" \/>\n<meta name=\"twitter:creator\" content=\"@Exaudi_noticias\" \/>\n<meta name=\"twitter:site\" content=\"@Exaudi_News\" \/>\n<meta name=\"twitter:label1\" content=\"Escrito por\" \/>\n\t<meta name=\"twitter:data1\" content=\"Exaudi Redacci\u00f3n\" \/>\n\t<meta name=\"twitter:label2\" content=\"Tiempo de lectura\" \/>\n\t<meta name=\"twitter:data2\" content=\"3 minutos\" \/>\n<script type=\"application\/ld+json\" class=\"yoast-schema-graph\">{\"@context\":\"https:\\\/\\\/schema.org\",\"@graph\":[{\"@type\":\"Article\",\"@id\":\"https:\\\/\\\/exaudi.org\\\/es\\\/ha-muerto-el-papa-francisco\\\/#article\",\"isPartOf\":{\"@id\":\"https:\\\/\\\/exaudi.org\\\/es\\\/ha-muerto-el-papa-francisco\\\/\"},\"author\":{\"name\":\"Exaudi Redacci\u00f3n\",\"@id\":\"https:\\\/\\\/exaudi.org\\\/#\\\/schema\\\/person\\\/f5fc8f063065e38742da7afe15f25df7\"},\"headline\":\"El Papa Francisco ha regresado a la casa del Padre\",\"datePublished\":\"2025-04-21T08:20:41+00:00\",\"dateModified\":\"2025-04-22T08:15:14+00:00\",\"mainEntityOfPage\":{\"@id\":\"https:\\\/\\\/exaudi.org\\\/es\\\/ha-muerto-el-papa-francisco\\\/\"},\"wordCount\":646,\"image\":{\"@id\":\"https:\\\/\\\/exaudi.org\\\/es\\\/ha-muerto-el-papa-francisco\\\/#primaryimage\"},\"thumbnailUrl\":\"https:\\\/\\\/exaudi.org\\\/wp-content\\\/uploads\\\/2025\\\/04\\\/63d112ff747f0.webp\",\"keywords\":[\"enc\u00edclica Laudato si\",\"Evangelii gaudium\",\"fallecimiento papa francisco\",\"Fratelli Tutti\",\"funeral papa francisco\",\"historia del papado\",\"Iglesia cat\u00f3lica\",\"iglesia cat\u00f3lica en duelo\",\"Iglesia en salida\",\"Jorge Mario Bergoglio\",\"legado papa francisco\",\"muerte del papa\",\"muerte papa francisco\",\"noticias Vaticano\",\"papa argentino\",\"papa cat\u00f3lico\",\"papa francisco\",\"Papa Francisco 2025\",\"papa francisco ha muerto\",\"papa jesuita\",\"papa latinoamericano\",\"pontificado papa francisco\",\"Sucesor de Pedro\",\"Trending\",\"vaticano hoy\"],\"articleSection\":[\"Le\u00f3n XIV\"],\"inLanguage\":\"es\"},{\"@type\":\"WebPage\",\"@id\":\"https:\\\/\\\/exaudi.org\\\/es\\\/ha-muerto-el-papa-francisco\\\/\",\"url\":\"https:\\\/\\\/exaudi.org\\\/es\\\/ha-muerto-el-papa-francisco\\\/\",\"name\":\"El Papa Francisco ha regresado a la casa del Padre &#8211; Exaudi\",\"isPartOf\":{\"@id\":\"https:\\\/\\\/exaudi.org\\\/#website\"},\"primaryImageOfPage\":{\"@id\":\"https:\\\/\\\/exaudi.org\\\/es\\\/ha-muerto-el-papa-francisco\\\/#primaryimage\"},\"image\":{\"@id\":\"https:\\\/\\\/exaudi.org\\\/es\\\/ha-muerto-el-papa-francisco\\\/#primaryimage\"},\"thumbnailUrl\":\"https:\\\/\\\/exaudi.org\\\/wp-content\\\/uploads\\\/2025\\\/04\\\/63d112ff747f0.webp\",\"datePublished\":\"2025-04-21T08:20:41+00:00\",\"dateModified\":\"2025-04-22T08:15:14+00:00\",\"author\":{\"@id\":\"https:\\\/\\\/exaudi.org\\\/#\\\/schema\\\/person\\\/f5fc8f063065e38742da7afe15f25df7\"},\"breadcrumb\":{\"@id\":\"https:\\\/\\\/exaudi.org\\\/es\\\/ha-muerto-el-papa-francisco\\\/#breadcrumb\"},\"inLanguage\":\"es\",\"potentialAction\":[{\"@type\":\"ReadAction\",\"target\":[\"https:\\\/\\\/exaudi.org\\\/es\\\/ha-muerto-el-papa-francisco\\\/\"]}]},{\"@type\":\"ImageObject\",\"inLanguage\":\"es\",\"@id\":\"https:\\\/\\\/exaudi.org\\\/es\\\/ha-muerto-el-papa-francisco\\\/#primaryimage\",\"url\":\"https:\\\/\\\/exaudi.org\\\/wp-content\\\/uploads\\\/2025\\\/04\\\/63d112ff747f0.webp\",\"contentUrl\":\"https:\\\/\\\/exaudi.org\\\/wp-content\\\/uploads\\\/2025\\\/04\\\/63d112ff747f0.webp\",\"width\":990,\"height\":556},{\"@type\":\"BreadcrumbList\",\"@id\":\"https:\\\/\\\/exaudi.org\\\/es\\\/ha-muerto-el-papa-francisco\\\/#breadcrumb\",\"itemListElement\":[{\"@type\":\"ListItem\",\"position\":1,\"name\":\"Portada\",\"item\":\"https:\\\/\\\/exaudi.org\\\/es\\\/\"},{\"@type\":\"ListItem\",\"position\":2,\"name\":\"El Papa Francisco ha regresado a la casa del Padre\"}]},{\"@type\":\"WebSite\",\"@id\":\"https:\\\/\\\/exaudi.org\\\/#website\",\"url\":\"https:\\\/\\\/exaudi.org\\\/\",\"name\":\"Exaudi\",\"description\":\"News\",\"potentialAction\":[{\"@type\":\"SearchAction\",\"target\":{\"@type\":\"EntryPoint\",\"urlTemplate\":\"https:\\\/\\\/exaudi.org\\\/?s={search_term_string}\"},\"query-input\":{\"@type\":\"PropertyValueSpecification\",\"valueRequired\":true,\"valueName\":\"search_term_string\"}}],\"inLanguage\":\"es\"},{\"@type\":\"Person\",\"@id\":\"https:\\\/\\\/exaudi.org\\\/#\\\/schema\\\/person\\\/f5fc8f063065e38742da7afe15f25df7\",\"name\":\"Exaudi Redacci\u00f3n\",\"image\":{\"@type\":\"ImageObject\",\"inLanguage\":\"es\",\"@id\":\"https:\\\/\\\/secure.gravatar.com\\\/avatar\\\/fe0f6a059fb68d9b3e11bc5850dd4899b1c7492091a3cb6dd9b01b56ad828be2?s=96&d=mm&r=g\",\"url\":\"https:\\\/\\\/secure.gravatar.com\\\/avatar\\\/fe0f6a059fb68d9b3e11bc5850dd4899b1c7492091a3cb6dd9b01b56ad828be2?s=96&d=mm&r=g\",\"contentUrl\":\"https:\\\/\\\/secure.gravatar.com\\\/avatar\\\/fe0f6a059fb68d9b3e11bc5850dd4899b1c7492091a3cb6dd9b01b56ad828be2?s=96&d=mm&r=g\",\"caption\":\"Exaudi Redacci\u00f3n\"},\"description\":\"\u00bfQu\u00e9 es Exaudi News? Exaudi News es un medio de comunicaci\u00f3n cat\u00f3lico internacional que informa, forma y transforma, diariamente en espa\u00f1ol, ingl\u00e9s e italiano. A trav\u00e9s de noticias, art\u00edculos de an\u00e1lisis y transmisiones en directo de los eventos del Papa, Exaudi busca fortalecer la unidad de los cristianos y contribuir a la evangelizaci\u00f3n del mundo, siempre guiados por la doctrina social de la Iglesia. Trabajamos para acercar la verdad y los valores cristianos a cada rinc\u00f3n del planeta. \u00a1Ay\u00fadanos a transformar el mundo con Exaudi! En Exaudi creemos que la evangelizaci\u00f3n y la informaci\u00f3n de calidad pueden cambiar vidas. Para continuar con nuestra misi\u00f3n y expandir nuestro alcance, necesitamos tu ayuda. Adem\u00e1s, buscamos personas comprometidas que deseen unirse a nuestro equipo. Con tu apoyo, lograremos llegar a m\u00e1s personas, difundir el mensaje de Cristo y reforzar la unidad de los cristianos. \u00bfTe unes a nuestra misi\u00f3n? Para m\u00e1s informaci\u00f3n sobre c\u00f3mo colaborar, visita Exaudi.org\\\/es o cont\u00e1ctanos directamente: info@exaudi.org Exaudi: Informa, forma y transforma.\",\"sameAs\":[\"https:\\\/\\\/www.facebook.com\\\/ExaudiNoticias\\\/\",\"https:\\\/\\\/www.instagram.com\\\/exaudi_noticias\\\/\",\"https:\\\/\\\/x.com\\\/Exaudi_noticias\",\"https:\\\/\\\/www.youtube.com\\\/@exaudicatholicnews\"],\"url\":\"https:\\\/\\\/exaudi.org\\\/es\\\/author\\\/redaccionexaudi\\\/\"}]}<\/script>\n<!-- \/ Yoast SEO plugin. -->","yoast_head_json":{"title":"El Papa Francisco ha regresado a la casa del Padre &#8211; Exaudi","robots":{"index":"index","follow":"follow","max-snippet":"max-snippet:-1","max-image-preview":"max-image-preview:large","max-video-preview":"max-video-preview:-1"},"canonical":"https:\/\/exaudi.org\/es\/ha-muerto-el-papa-francisco\/","og_locale":"es_ES","og_type":"article","og_title":"El Papa Francisco ha regresado a la casa del Padre &#8211; Exaudi","og_description":"La Iglesia llora al Sucesor de Pedro que, con palabras y gestos, renov\u00f3 el impulso misionero y la llamada a una Iglesia en salida, pobre para los pobres","og_url":"https:\/\/exaudi.org\/es\/ha-muerto-el-papa-francisco\/","og_site_name":"Exaudi","article_publisher":"https:\/\/www.facebook.com\/ExaudiNews","article_author":"https:\/\/www.facebook.com\/ExaudiNoticias\/","article_published_time":"2025-04-21T08:20:41+00:00","article_modified_time":"2025-04-22T08:15:14+00:00","og_image":[{"width":990,"height":556,"url":"https:\/\/exaudi.org\/wp-content\/uploads\/2025\/04\/63d112ff747f0.webp","type":"image\/webp"}],"author":"Exaudi Redacci\u00f3n","twitter_card":"summary_large_image","twitter_creator":"@Exaudi_noticias","twitter_site":"@Exaudi_News","twitter_misc":{"Escrito por":"Exaudi Redacci\u00f3n","Tiempo de lectura":"3 minutos"},"schema":{"@context":"https:\/\/schema.org","@graph":[{"@type":"Article","@id":"https:\/\/exaudi.org\/es\/ha-muerto-el-papa-francisco\/#article","isPartOf":{"@id":"https:\/\/exaudi.org\/es\/ha-muerto-el-papa-francisco\/"},"author":{"name":"Exaudi Redacci\u00f3n","@id":"https:\/\/exaudi.org\/#\/schema\/person\/f5fc8f063065e38742da7afe15f25df7"},"headline":"El Papa Francisco ha regresado a la casa del Padre","datePublished":"2025-04-21T08:20:41+00:00","dateModified":"2025-04-22T08:15:14+00:00","mainEntityOfPage":{"@id":"https:\/\/exaudi.org\/es\/ha-muerto-el-papa-francisco\/"},"wordCount":646,"image":{"@id":"https:\/\/exaudi.org\/es\/ha-muerto-el-papa-francisco\/#primaryimage"},"thumbnailUrl":"https:\/\/exaudi.org\/wp-content\/uploads\/2025\/04\/63d112ff747f0.webp","keywords":["enc\u00edclica Laudato si","Evangelii gaudium","fallecimiento papa francisco","Fratelli Tutti","funeral papa francisco","historia del papado","Iglesia cat\u00f3lica","iglesia cat\u00f3lica en duelo","Iglesia en salida","Jorge Mario Bergoglio","legado papa francisco","muerte del papa","muerte papa francisco","noticias Vaticano","papa argentino","papa cat\u00f3lico","papa francisco","Papa Francisco 2025","papa francisco ha muerto","papa jesuita","papa latinoamericano","pontificado papa francisco","Sucesor de Pedro","Trending","vaticano hoy"],"articleSection":["Le\u00f3n XIV"],"inLanguage":"es"},{"@type":"WebPage","@id":"https:\/\/exaudi.org\/es\/ha-muerto-el-papa-francisco\/","url":"https:\/\/exaudi.org\/es\/ha-muerto-el-papa-francisco\/","name":"El Papa Francisco ha regresado a la casa del Padre &#8211; Exaudi","isPartOf":{"@id":"https:\/\/exaudi.org\/#website"},"primaryImageOfPage":{"@id":"https:\/\/exaudi.org\/es\/ha-muerto-el-papa-francisco\/#primaryimage"},"image":{"@id":"https:\/\/exaudi.org\/es\/ha-muerto-el-papa-francisco\/#primaryimage"},"thumbnailUrl":"https:\/\/exaudi.org\/wp-content\/uploads\/2025\/04\/63d112ff747f0.webp","datePublished":"2025-04-21T08:20:41+00:00","dateModified":"2025-04-22T08:15:14+00:00","author":{"@id":"https:\/\/exaudi.org\/#\/schema\/person\/f5fc8f063065e38742da7afe15f25df7"},"breadcrumb":{"@id":"https:\/\/exaudi.org\/es\/ha-muerto-el-papa-francisco\/#breadcrumb"},"inLanguage":"es","potentialAction":[{"@type":"ReadAction","target":["https:\/\/exaudi.org\/es\/ha-muerto-el-papa-francisco\/"]}]},{"@type":"ImageObject","inLanguage":"es","@id":"https:\/\/exaudi.org\/es\/ha-muerto-el-papa-francisco\/#primaryimage","url":"https:\/\/exaudi.org\/wp-content\/uploads\/2025\/04\/63d112ff747f0.webp","contentUrl":"https:\/\/exaudi.org\/wp-content\/uploads\/2025\/04\/63d112ff747f0.webp","width":990,"height":556},{"@type":"BreadcrumbList","@id":"https:\/\/exaudi.org\/es\/ha-muerto-el-papa-francisco\/#breadcrumb","itemListElement":[{"@type":"ListItem","position":1,"name":"Portada","item":"https:\/\/exaudi.org\/es\/"},{"@type":"ListItem","position":2,"name":"El Papa Francisco ha regresado a la casa del Padre"}]},{"@type":"WebSite","@id":"https:\/\/exaudi.org\/#website","url":"https:\/\/exaudi.org\/","name":"Exaudi","description":"News","potentialAction":[{"@type":"SearchAction","target":{"@type":"EntryPoint","urlTemplate":"https:\/\/exaudi.org\/?s={search_term_string}"},"query-input":{"@type":"PropertyValueSpecification","valueRequired":true,"valueName":"search_term_string"}}],"inLanguage":"es"},{"@type":"Person","@id":"https:\/\/exaudi.org\/#\/schema\/person\/f5fc8f063065e38742da7afe15f25df7","name":"Exaudi Redacci\u00f3n","image":{"@type":"ImageObject","inLanguage":"es","@id":"https:\/\/secure.gravatar.com\/avatar\/fe0f6a059fb68d9b3e11bc5850dd4899b1c7492091a3cb6dd9b01b56ad828be2?s=96&d=mm&r=g","url":"https:\/\/secure.gravatar.com\/avatar\/fe0f6a059fb68d9b3e11bc5850dd4899b1c7492091a3cb6dd9b01b56ad828be2?s=96&d=mm&r=g","contentUrl":"https:\/\/secure.gravatar.com\/avatar\/fe0f6a059fb68d9b3e11bc5850dd4899b1c7492091a3cb6dd9b01b56ad828be2?s=96&d=mm&r=g","caption":"Exaudi Redacci\u00f3n"},"description":"\u00bfQu\u00e9 es Exaudi News? Exaudi News es un medio de comunicaci\u00f3n cat\u00f3lico internacional que informa, forma y transforma, diariamente en espa\u00f1ol, ingl\u00e9s e italiano. A trav\u00e9s de noticias, art\u00edculos de an\u00e1lisis y transmisiones en directo de los eventos del Papa, Exaudi busca fortalecer la unidad de los cristianos y contribuir a la evangelizaci\u00f3n del mundo, siempre guiados por la doctrina social de la Iglesia. Trabajamos para acercar la verdad y los valores cristianos a cada rinc\u00f3n del planeta. \u00a1Ay\u00fadanos a transformar el mundo con Exaudi! En Exaudi creemos que la evangelizaci\u00f3n y la informaci\u00f3n de calidad pueden cambiar vidas. Para continuar con nuestra misi\u00f3n y expandir nuestro alcance, necesitamos tu ayuda. Adem\u00e1s, buscamos personas comprometidas que deseen unirse a nuestro equipo. Con tu apoyo, lograremos llegar a m\u00e1s personas, difundir el mensaje de Cristo y reforzar la unidad de los cristianos. \u00bfTe unes a nuestra misi\u00f3n? Para m\u00e1s informaci\u00f3n sobre c\u00f3mo colaborar, visita Exaudi.org\/es o cont\u00e1ctanos directamente: info@exaudi.org Exaudi: Informa, forma y transforma.","sameAs":["https:\/\/www.facebook.com\/ExaudiNoticias\/","https:\/\/www.instagram.com\/exaudi_noticias\/","https:\/\/x.com\/Exaudi_noticias","https:\/\/www.youtube.com\/@exaudicatholicnews"],"url":"https:\/\/exaudi.org\/es\/author\/redaccionexaudi\/"}]}},"jetpack_featured_media_url":"https:\/\/exaudi.org\/wp-content\/uploads\/2025\/04\/63d112ff747f0.webp","jetpack_shortlink":"https:\/\/wp.me\/pgKjF2-wh2","_links":{"self":[{"href":"https:\/\/exaudi.org\/es\/wp-json\/wp\/v2\/posts\/124064","targetHints":{"allow":["GET"]}}],"collection":[{"href":"https:\/\/exaudi.org\/es\/wp-json\/wp\/v2\/posts"}],"about":[{"href":"https:\/\/exaudi.org\/es\/wp-json\/wp\/v2\/types\/post"}],"author":[{"embeddable":true,"href":"https:\/\/exaudi.org\/es\/wp-json\/wp\/v2\/users\/15"}],"replies":[{"embeddable":true,"href":"https:\/\/exaudi.org\/es\/wp-json\/wp\/v2\/comments?post=124064"}],"version-history":[{"count":0,"href":"https:\/\/exaudi.org\/es\/wp-json\/wp\/v2\/posts\/124064\/revisions"}],"wp:featuredmedia":[{"embeddable":true,"href":"https:\/\/exaudi.org\/es\/wp-json\/wp\/v2\/media\/124065"}],"wp:attachment":[{"href":"https:\/\/exaudi.org\/es\/wp-json\/wp\/v2\/media?parent=124064"}],"wp:term":[{"taxonomy":"category","embeddable":true,"href":"https:\/\/exaudi.org\/es\/wp-json\/wp\/v2\/categories?post=124064"},{"taxonomy":"post_tag","embeddable":true,"href":"https:\/\/exaudi.org\/es\/wp-json\/wp\/v2\/tags?post=124064"}],"curies":[{"name":"wp","href":"https:\/\/api.w.org\/{rel}","templated":true}]}}