{"id":12396,"date":"2021-04-20T11:23:23","date_gmt":"2021-04-20T09:23:23","guid":{"rendered":"https:\/\/exaudi.org\/?p=12396"},"modified":"2021-04-20T11:41:49","modified_gmt":"2021-04-20T09:41:49","slug":"colombia-obispos-convocan-seminario-liderazgo-politico-2021","status":"publish","type":"post","link":"https:\/\/exaudi.org\/es\/colombia-obispos-convocan-seminario-liderazgo-politico-2021\/","title":{"rendered":"Colombia: Obispos convocan al I Seminario de liderazgo pol\u00edtico"},"content":{"rendered":"<p>Los obispos de Colombia, junto a las universidades y la <a href=\"https:\/\/liderescatolicos.net\/\" target=\"_blank\" rel=\"noopener noreferrer\">Academia Latinoamericana de L\u00edderes Cat\u00f3licos<\/a>, han convocado al I Seminario Nacional de Liderazgo Pol\u00edtico en el pa\u00eds para celebrar el 30 aniversario de la promulgaci\u00f3n de la Constituci\u00f3n colombiana y los 5 a\u00f1os de los acuerdos de paz con las FARC (Fuerzas Armadas Revolucionarias).<\/p>\n<p>Seg\u00fan anunci\u00f3 la Academia en una nota, el evento, titulado <em>Identidad y reconciliaci\u00f3n nacional a 30 a\u00f1os de la constituci\u00f3n,<\/em> se celebrar\u00e1 del 6 de mayo al 1 de julio de 2021, todos los jueves de 18 a 21.30 horas de manera online a trav\u00e9s de la plataforma Zoom. Debido a la pandemia, ser\u00e1 totalmente gratuito y <a href=\"https:\/\/liderescatolicos.co\/seminario\/\" target=\"_blank\" rel=\"noopener noreferrer\">es posible saber m\u00e1s al respecto aqu\u00ed.<\/a><\/p>\n<h4><strong>Iniciativa<\/strong><\/h4>\n<p><img loading=\"lazy\" decoding=\"async\" class=\"alignleft size-medium wp-image-12407\" src=\"https:\/\/exaudi.org\/wp-content\/uploads\/2021\/04\/whatsapp-flyer-1-seminario-colombia-300x300.png\" alt=\"\" width=\"300\" height=\"300\" srcset=\"https:\/\/exaudi.org\/wp-content\/uploads\/2021\/04\/whatsapp-flyer-1-seminario-colombia-300x300.png 300w, https:\/\/exaudi.org\/wp-content\/uploads\/2021\/04\/whatsapp-flyer-1-seminario-colombia-1024x1024.png 1024w, https:\/\/exaudi.org\/wp-content\/uploads\/2021\/04\/whatsapp-flyer-1-seminario-colombia-150x150.png 150w, https:\/\/exaudi.org\/wp-content\/uploads\/2021\/04\/whatsapp-flyer-1-seminario-colombia-768x768.png 768w, https:\/\/exaudi.org\/wp-content\/uploads\/2021\/04\/whatsapp-flyer-1-seminario-colombia-1536x1536.png 1536w, https:\/\/exaudi.org\/wp-content\/uploads\/2021\/04\/whatsapp-flyer-1-seminario-colombia-2048x2048.png 2048w, https:\/\/exaudi.org\/wp-content\/uploads\/2021\/04\/whatsapp-flyer-1-seminario-colombia-696x696.png 696w, https:\/\/exaudi.org\/wp-content\/uploads\/2021\/04\/whatsapp-flyer-1-seminario-colombia-1068x1068.png 1068w, https:\/\/exaudi.org\/wp-content\/uploads\/2021\/04\/whatsapp-flyer-1-seminario-colombia-1920x1920.png 1920w, https:\/\/exaudi.org\/wp-content\/uploads\/2021\/04\/whatsapp-flyer-1-seminario-colombia-420x420.png 420w\" sizes=\"auto, (max-width: 300px) 100vw, 300px\" \/><\/p>\n<p>Tambi\u00e9n se informa que la iniciativa ha sido encabezada por monse\u00f1or Juan Carlos C\u00e1rdenas, ex secretario del <a href=\"https:\/\/www.celam.org\/\" target=\"_blank\" rel=\"noopener noreferrer\">Consejo Episcopal Latinoamericano (CELAM)<\/a>, obispo de la di\u00f3cesis de Pasto y previamente auxiliar de Cali, y por Mons. Pedro Salamanca, obispo auxiliar de Bogot\u00e1.<\/p>\n<p>Los dos prelados, junto a la Academia de <a href=\"https:\/\/exaudi.org\/es\/dia-mujer-manifiesto-lideres-catolicas-america-europa\/\" target=\"_blank\" rel=\"noopener noreferrer\">L\u00edderes Cat\u00f3licos<\/a>, las universidades Cat\u00f3lica del Sur y de Montserrate, y la Fundaci\u00f3n Konrad Adenauer, han dise\u00f1ado el programa para dirigentes j\u00f3venes, estudiantes <span style=\"font-weight: 400\">universitarios, profesionistas, acad\u00e9micos o emprendedores, \u201cque tengan preocupaci\u00f3n en tem\u00e1ticas sociales, pol\u00edticas y econ\u00f3micas, mayores de 18 a\u00f1os de edad\u201d.<\/span><\/p>\n<h4><strong>Participaci\u00f3n<\/strong><\/h4>\n<p>La Academia tambi\u00e9n se\u00f1ala que la iniciativa, \u201c<span style=\"font-weight: 400\">in\u00e9dita por su pluralidad<\/span>\u201d, ha conseguido reunir a \u201c<span style=\"font-weight: 400\">un grupo del m\u00e1s alto nivel de intelectuales, pol\u00edticos y l\u00edderes religiosos colombianos de distintas sensibilidades quienes a lo largo de m\u00e1s de dos meses dictar\u00e1n clases en este seminario<\/span>\u201d.<\/p>\n<p>Ente otros, explica, impartir\u00e1n clases Antonio Navarro, ex presidente de la Asamblea Nacional Constituyente, el padre Francisco de Roux, presidente de la Comisi\u00f3n para el Esclarecimiento de la Verdad,\u00a0Clara L\u00f3pez, ex alcaldesa mayor de Bogot\u00e1, Gabriel Velasco, senador y vocero del Partido del Centro Democr\u00e1tico o Jos\u00e9 Antonio Rosas, director de la Academia Latinoamericana de L\u00edderes Cat\u00f3licos.<\/p>\n<p>Tambi\u00e9n hay nombres importantes como el de Mons. H\u00e9ctor Fabio Henao, director del Secretariado Nacional de Pastoral Social, Eduardo Almeida, representante del BID para Centroam\u00e9rica, Alexandra Pel\u00e1ez, secretaria de educaci\u00f3n de Antioquia, Jorge Traslosheros, director de investigaciones hist\u00f3ricas de la UNAM de M\u00e9xico, Consuelo V\u00e9lez, miembro del comit\u00e9 teol\u00f3gico de la <a href=\"https:\/\/www.cec.org.co\/w\/sistema-informativo\" target=\"_blank\" rel=\"noopener noreferrer\">Conferencia Episcopal Colombiana (CEC)<\/a> o Rodrigo Guerra, miembro de la Pontificia Academia de Ciencias Sociales.<\/p>\n<h4><strong>Contenido<\/strong><\/h4>\n<p><span style=\"font-weight: 400\">El seminario abordar\u00e1 temas como <\/span><span style=\"font-weight: 400\">c<\/span><span style=\"font-weight: 400\">laves del liderazgo de Jes\u00fas, nacimiento de la identidad colombiana, tensiones entre federalismo y centralismo, la asamblea nacional constituyente, los procesos de paz y reconciliaci\u00f3n en Colombia, el rol de la mujer en la organizaci\u00f3n del pa\u00eds o cultura de encuentro en el pluralismo contempor\u00e1neo.<\/span><\/p>\n<p><span style=\"font-weight: 400\">Tampoco faltar\u00e1 contenido sobre justicia social por caminos de paz, movilidad humana y migraci\u00f3n forzada, desaf\u00edos para una ecolog\u00eda integral en Colombia, pueblo y neopopulismos, Colombia en Latinoam\u00e9rica, la perspectiva de la Patria Grande,<\/span><span style=\"font-weight: 400\"> entre otros.<\/span><\/p>\n<h4><strong>Caminos de respuesta<\/strong><\/h4>\n<p><img loading=\"lazy\" decoding=\"async\" class=\"alignright size-medium wp-image-12410\" src=\"https:\/\/exaudi.org\/wp-content\/uploads\/2021\/04\/whatsapp-flyer-2-seminario-colombia-300x300.png\" alt=\"\" width=\"300\" height=\"300\" srcset=\"https:\/\/exaudi.org\/wp-content\/uploads\/2021\/04\/whatsapp-flyer-2-seminario-colombia-300x300.png 300w, https:\/\/exaudi.org\/wp-content\/uploads\/2021\/04\/whatsapp-flyer-2-seminario-colombia-1024x1024.png 1024w, https:\/\/exaudi.org\/wp-content\/uploads\/2021\/04\/whatsapp-flyer-2-seminario-colombia-150x150.png 150w, https:\/\/exaudi.org\/wp-content\/uploads\/2021\/04\/whatsapp-flyer-2-seminario-colombia-768x768.png 768w, https:\/\/exaudi.org\/wp-content\/uploads\/2021\/04\/whatsapp-flyer-2-seminario-colombia-1536x1536.png 1536w, https:\/\/exaudi.org\/wp-content\/uploads\/2021\/04\/whatsapp-flyer-2-seminario-colombia-2048x2048.png 2048w, https:\/\/exaudi.org\/wp-content\/uploads\/2021\/04\/whatsapp-flyer-2-seminario-colombia-696x696.png 696w, https:\/\/exaudi.org\/wp-content\/uploads\/2021\/04\/whatsapp-flyer-2-seminario-colombia-1068x1068.png 1068w, https:\/\/exaudi.org\/wp-content\/uploads\/2021\/04\/whatsapp-flyer-2-seminario-colombia-1920x1920.png 1920w, https:\/\/exaudi.org\/wp-content\/uploads\/2021\/04\/whatsapp-flyer-2-seminario-colombia-420x420.png 420w\" sizes=\"auto, (max-width: 300px) 100vw, 300px\" \/><\/p>\n<p>Mons. Salamanca sostiene que \u201cse <span style=\"font-weight: 400\">trata de convocar j\u00f3venes con vocaci\u00f3n de liderazgo para encontrar juntos caminos de respuesta a las problem\u00e1ticas que debemos afrontar, a la luz de la identidad patria y de la Ense\u00f1anza Social de la Iglesia<\/span>\u201d.<\/p>\n<p>Jos\u00e9 Antonio Rosas, director general de la Academia, manifiesta que \u201c<span style=\"font-weight: 400\">este Seminario busca responder a la invitaci\u00f3n que nos hace el Papa Francisco de ser constructores de puentes y artesanos de una cultura de encuentro. Nos preocupa mucho la crisis social y econ\u00f3mica mundial m\u00e1s grave en los \u00faltimos 100 a\u00f1os. Solo saldremos adelante, si entendemos que el proyecto de naci\u00f3n se construye con la participaci\u00f3n de todos<\/span>\u201d.<\/p>\n<p>Asimismo, resalta que quieren \u201c<span style=\"font-weight: 400\">proponer a la naci\u00f3n el redescubrir la amistad c\u00edvica renunciando a la l\u00f3gica perversa de la confrontaci\u00f3n, sin temor al conflicto pero para superarlo a trav\u00e9s del encuentro. Para ello, hemos convocado a varios de los intelectuales m\u00e1s importantes de Colombia as\u00ed como grandes de las figuras mundiales del pensamiento social cristiano<\/span>\u201d.<\/p>\n","protected":false},"excerpt":{"rendered":"<p>30 a\u00f1os de la Constituci\u00f3n y 5 de la paz con las FARC<\/p>\n","protected":false},"author":6,"featured_media":12420,"comment_status":"closed","ping_status":"closed","sticky":false,"template":"","format":"standard","meta":{"_acf_changed":false,"_crdt_document":"","inline_featured_image":false,"footnotes":""},"categories":[86,298],"tags":[1790,1791],"class_list":["post-12396","post","type-post","status-publish","format-standard","has-post-thumbnail","hentry","category-iglesia-local","category-ultimas-noticias","tag-academia-latinoamericana-de-lideres-catolicos","tag-seminario-de-liderazgo-politico"],"acf":[],"yoast_head":"<!-- This site is optimized with the Yoast SEO plugin v27.5 - https:\/\/yoast.com\/product\/yoast-seo-wordpress\/ -->\n<title>Colombia: Obispos convocan al I Seminario de liderazgo pol\u00edtico - Exaudi<\/title>\n<meta name=\"description\" content=\"Los obispos de Colombia han convocado al I Seminario Nacional de Liderazgo Pol\u00edtico en el pa\u00eds ante el 30 aniversario de la Constituci\u00f3n.\" \/>\n<meta name=\"robots\" content=\"index, follow, max-snippet:-1, max-image-preview:large, max-video-preview:-1\" \/>\n<link rel=\"canonical\" href=\"https:\/\/exaudi.org\/es\/colombia-obispos-convocan-seminario-liderazgo-politico-2021\/\" \/>\n<meta property=\"og:locale\" content=\"es_ES\" \/>\n<meta property=\"og:type\" content=\"article\" \/>\n<meta property=\"og:title\" content=\"Colombia: Obispos convocan al I Seminario de liderazgo pol\u00edtico - Exaudi\" \/>\n<meta property=\"og:description\" content=\"Los obispos de Colombia han convocado al I Seminario Nacional de Liderazgo Pol\u00edtico en el pa\u00eds ante el 30 aniversario de la Constituci\u00f3n.\" \/>\n<meta property=\"og:url\" content=\"https:\/\/exaudi.org\/es\/colombia-obispos-convocan-seminario-liderazgo-politico-2021\/\" \/>\n<meta property=\"og:site_name\" content=\"Exaudi\" \/>\n<meta property=\"article:publisher\" content=\"https:\/\/www.facebook.com\/ExaudiNews\" \/>\n<meta property=\"article:published_time\" content=\"2021-04-20T09:23:23+00:00\" \/>\n<meta property=\"article:modified_time\" content=\"2021-04-20T09:41:49+00:00\" \/>\n<meta property=\"og:image\" content=\"https:\/\/exaudi.org\/wp-content\/uploads\/2021\/04\/achievement-aerial-agreement-arms-asian-business-1450073-pxhere.com_-scaled.jpg\" \/>\n\t<meta property=\"og:image:width\" content=\"2560\" \/>\n\t<meta property=\"og:image:height\" content=\"1707\" \/>\n\t<meta property=\"og:image:type\" content=\"image\/jpeg\" \/>\n<meta name=\"author\" content=\"Gabriel Sales\" \/>\n<meta name=\"twitter:card\" content=\"summary_large_image\" \/>\n<meta name=\"twitter:creator\" content=\"@habemusman\" \/>\n<meta name=\"twitter:site\" content=\"@Exaudi_News\" \/>\n<meta name=\"twitter:label1\" content=\"Escrito por\" \/>\n\t<meta name=\"twitter:data1\" content=\"Gabriel Sales\" \/>\n\t<meta name=\"twitter:label2\" content=\"Tiempo de lectura\" \/>\n\t<meta name=\"twitter:data2\" content=\"4 minutos\" \/>\n<script type=\"application\/ld+json\" class=\"yoast-schema-graph\">{\"@context\":\"https:\\\/\\\/schema.org\",\"@graph\":[{\"@type\":\"Article\",\"@id\":\"https:\\\/\\\/exaudi.org\\\/es\\\/colombia-obispos-convocan-seminario-liderazgo-politico-2021\\\/#article\",\"isPartOf\":{\"@id\":\"https:\\\/\\\/exaudi.org\\\/es\\\/colombia-obispos-convocan-seminario-liderazgo-politico-2021\\\/\"},\"author\":{\"name\":\"Gabriel Sales\",\"@id\":\"https:\\\/\\\/exaudi.org\\\/#\\\/schema\\\/person\\\/d134b96438278131ce90c90c03fda6cd\"},\"headline\":\"Colombia: Obispos convocan al I Seminario de liderazgo pol\u00edtico\",\"datePublished\":\"2021-04-20T09:23:23+00:00\",\"dateModified\":\"2021-04-20T09:41:49+00:00\",\"mainEntityOfPage\":{\"@id\":\"https:\\\/\\\/exaudi.org\\\/es\\\/colombia-obispos-convocan-seminario-liderazgo-politico-2021\\\/\"},\"wordCount\":714,\"image\":{\"@id\":\"https:\\\/\\\/exaudi.org\\\/es\\\/colombia-obispos-convocan-seminario-liderazgo-politico-2021\\\/#primaryimage\"},\"thumbnailUrl\":\"https:\\\/\\\/exaudi.org\\\/wp-content\\\/uploads\\\/2021\\\/04\\\/achievement-aerial-agreement-arms-asian-business-1450073-pxhere.com_-scaled.jpg\",\"keywords\":[\"Academia Latinoamericana de L\u00edderes Cat\u00f3licos\",\"Seminario de liderazgo pol\u00edtico\"],\"articleSection\":[\"Iglesia Local\",\"\u00daltimas noticias\"],\"inLanguage\":\"es\"},{\"@type\":\"WebPage\",\"@id\":\"https:\\\/\\\/exaudi.org\\\/es\\\/colombia-obispos-convocan-seminario-liderazgo-politico-2021\\\/\",\"url\":\"https:\\\/\\\/exaudi.org\\\/es\\\/colombia-obispos-convocan-seminario-liderazgo-politico-2021\\\/\",\"name\":\"Colombia: Obispos convocan al I Seminario de liderazgo pol\u00edtico - Exaudi\",\"isPartOf\":{\"@id\":\"https:\\\/\\\/exaudi.org\\\/#website\"},\"primaryImageOfPage\":{\"@id\":\"https:\\\/\\\/exaudi.org\\\/es\\\/colombia-obispos-convocan-seminario-liderazgo-politico-2021\\\/#primaryimage\"},\"image\":{\"@id\":\"https:\\\/\\\/exaudi.org\\\/es\\\/colombia-obispos-convocan-seminario-liderazgo-politico-2021\\\/#primaryimage\"},\"thumbnailUrl\":\"https:\\\/\\\/exaudi.org\\\/wp-content\\\/uploads\\\/2021\\\/04\\\/achievement-aerial-agreement-arms-asian-business-1450073-pxhere.com_-scaled.jpg\",\"datePublished\":\"2021-04-20T09:23:23+00:00\",\"dateModified\":\"2021-04-20T09:41:49+00:00\",\"author\":{\"@id\":\"https:\\\/\\\/exaudi.org\\\/#\\\/schema\\\/person\\\/d134b96438278131ce90c90c03fda6cd\"},\"description\":\"Los obispos de Colombia han convocado al I Seminario Nacional de Liderazgo Pol\u00edtico en el pa\u00eds ante el 30 aniversario de la Constituci\u00f3n.\",\"breadcrumb\":{\"@id\":\"https:\\\/\\\/exaudi.org\\\/es\\\/colombia-obispos-convocan-seminario-liderazgo-politico-2021\\\/#breadcrumb\"},\"inLanguage\":\"es\",\"potentialAction\":[{\"@type\":\"ReadAction\",\"target\":[\"https:\\\/\\\/exaudi.org\\\/es\\\/colombia-obispos-convocan-seminario-liderazgo-politico-2021\\\/\"]}]},{\"@type\":\"ImageObject\",\"inLanguage\":\"es\",\"@id\":\"https:\\\/\\\/exaudi.org\\\/es\\\/colombia-obispos-convocan-seminario-liderazgo-politico-2021\\\/#primaryimage\",\"url\":\"https:\\\/\\\/exaudi.org\\\/wp-content\\\/uploads\\\/2021\\\/04\\\/achievement-aerial-agreement-arms-asian-business-1450073-pxhere.com_-scaled.jpg\",\"contentUrl\":\"https:\\\/\\\/exaudi.org\\\/wp-content\\\/uploads\\\/2021\\\/04\\\/achievement-aerial-agreement-arms-asian-business-1450073-pxhere.com_-scaled.jpg\",\"width\":2560,\"height\":1707,\"caption\":\"Trabajo en equipo \u00a9 Pxhere\"},{\"@type\":\"BreadcrumbList\",\"@id\":\"https:\\\/\\\/exaudi.org\\\/es\\\/colombia-obispos-convocan-seminario-liderazgo-politico-2021\\\/#breadcrumb\",\"itemListElement\":[{\"@type\":\"ListItem\",\"position\":1,\"name\":\"Portada\",\"item\":\"https:\\\/\\\/exaudi.org\\\/es\\\/\"},{\"@type\":\"ListItem\",\"position\":2,\"name\":\"Colombia: Obispos convocan al I Seminario de liderazgo pol\u00edtico\"}]},{\"@type\":\"WebSite\",\"@id\":\"https:\\\/\\\/exaudi.org\\\/#website\",\"url\":\"https:\\\/\\\/exaudi.org\\\/\",\"name\":\"Exaudi\",\"description\":\"News\",\"potentialAction\":[{\"@type\":\"SearchAction\",\"target\":{\"@type\":\"EntryPoint\",\"urlTemplate\":\"https:\\\/\\\/exaudi.org\\\/?s={search_term_string}\"},\"query-input\":{\"@type\":\"PropertyValueSpecification\",\"valueRequired\":true,\"valueName\":\"search_term_string\"}}],\"inLanguage\":\"es\"},{\"@type\":\"Person\",\"@id\":\"https:\\\/\\\/exaudi.org\\\/#\\\/schema\\\/person\\\/d134b96438278131ce90c90c03fda6cd\",\"name\":\"Gabriel Sales\",\"image\":{\"@type\":\"ImageObject\",\"inLanguage\":\"es\",\"@id\":\"https:\\\/\\\/secure.gravatar.com\\\/avatar\\\/9b1269566f6a063ed26ffb3532b66a373cdde231ce5d0effb266167437fdaffd?s=96&d=mm&r=g\",\"url\":\"https:\\\/\\\/secure.gravatar.com\\\/avatar\\\/9b1269566f6a063ed26ffb3532b66a373cdde231ce5d0effb266167437fdaffd?s=96&d=mm&r=g\",\"contentUrl\":\"https:\\\/\\\/secure.gravatar.com\\\/avatar\\\/9b1269566f6a063ed26ffb3532b66a373cdde231ce5d0effb266167437fdaffd?s=96&d=mm&r=g\",\"caption\":\"Gabriel Sales\"},\"description\":\"Periodista y especialista en Comunicaci\u00f3n y Branding digital. Cin\u00e9filo y cr\u00edtico de cine y series de televisi\u00f3n.\",\"sameAs\":[\"https:\\\/\\\/www.instagram.com\\\/cine90segundos\\\/\",\"www.linkedin.com\\\/in\\\/habemusman\",\"https:\\\/\\\/x.com\\\/habemusman\",\"https:\\\/\\\/www.youtube.com\\\/channel\\\/UCVfCiOMkJ_C7T7OpyjuaLDg\"],\"url\":\"https:\\\/\\\/exaudi.org\\\/es\\\/author\\\/gsalesexaudi-org\\\/\"}]}<\/script>\n<!-- \/ Yoast SEO plugin. -->","yoast_head_json":{"title":"Colombia: Obispos convocan al I Seminario de liderazgo pol\u00edtico - Exaudi","description":"Los obispos de Colombia han convocado al I Seminario Nacional de Liderazgo Pol\u00edtico en el pa\u00eds ante el 30 aniversario de la Constituci\u00f3n.","robots":{"index":"index","follow":"follow","max-snippet":"max-snippet:-1","max-image-preview":"max-image-preview:large","max-video-preview":"max-video-preview:-1"},"canonical":"https:\/\/exaudi.org\/es\/colombia-obispos-convocan-seminario-liderazgo-politico-2021\/","og_locale":"es_ES","og_type":"article","og_title":"Colombia: Obispos convocan al I Seminario de liderazgo pol\u00edtico - Exaudi","og_description":"Los obispos de Colombia han convocado al I Seminario Nacional de Liderazgo Pol\u00edtico en el pa\u00eds ante el 30 aniversario de la Constituci\u00f3n.","og_url":"https:\/\/exaudi.org\/es\/colombia-obispos-convocan-seminario-liderazgo-politico-2021\/","og_site_name":"Exaudi","article_publisher":"https:\/\/www.facebook.com\/ExaudiNews","article_published_time":"2021-04-20T09:23:23+00:00","article_modified_time":"2021-04-20T09:41:49+00:00","og_image":[{"width":2560,"height":1707,"url":"https:\/\/exaudi.org\/wp-content\/uploads\/2021\/04\/achievement-aerial-agreement-arms-asian-business-1450073-pxhere.com_-scaled.jpg","type":"image\/jpeg"}],"author":"Gabriel Sales","twitter_card":"summary_large_image","twitter_creator":"@habemusman","twitter_site":"@Exaudi_News","twitter_misc":{"Escrito por":"Gabriel Sales","Tiempo de lectura":"4 minutos"},"schema":{"@context":"https:\/\/schema.org","@graph":[{"@type":"Article","@id":"https:\/\/exaudi.org\/es\/colombia-obispos-convocan-seminario-liderazgo-politico-2021\/#article","isPartOf":{"@id":"https:\/\/exaudi.org\/es\/colombia-obispos-convocan-seminario-liderazgo-politico-2021\/"},"author":{"name":"Gabriel Sales","@id":"https:\/\/exaudi.org\/#\/schema\/person\/d134b96438278131ce90c90c03fda6cd"},"headline":"Colombia: Obispos convocan al I Seminario de liderazgo pol\u00edtico","datePublished":"2021-04-20T09:23:23+00:00","dateModified":"2021-04-20T09:41:49+00:00","mainEntityOfPage":{"@id":"https:\/\/exaudi.org\/es\/colombia-obispos-convocan-seminario-liderazgo-politico-2021\/"},"wordCount":714,"image":{"@id":"https:\/\/exaudi.org\/es\/colombia-obispos-convocan-seminario-liderazgo-politico-2021\/#primaryimage"},"thumbnailUrl":"https:\/\/exaudi.org\/wp-content\/uploads\/2021\/04\/achievement-aerial-agreement-arms-asian-business-1450073-pxhere.com_-scaled.jpg","keywords":["Academia Latinoamericana de L\u00edderes Cat\u00f3licos","Seminario de liderazgo pol\u00edtico"],"articleSection":["Iglesia Local","\u00daltimas noticias"],"inLanguage":"es"},{"@type":"WebPage","@id":"https:\/\/exaudi.org\/es\/colombia-obispos-convocan-seminario-liderazgo-politico-2021\/","url":"https:\/\/exaudi.org\/es\/colombia-obispos-convocan-seminario-liderazgo-politico-2021\/","name":"Colombia: Obispos convocan al I Seminario de liderazgo pol\u00edtico - Exaudi","isPartOf":{"@id":"https:\/\/exaudi.org\/#website"},"primaryImageOfPage":{"@id":"https:\/\/exaudi.org\/es\/colombia-obispos-convocan-seminario-liderazgo-politico-2021\/#primaryimage"},"image":{"@id":"https:\/\/exaudi.org\/es\/colombia-obispos-convocan-seminario-liderazgo-politico-2021\/#primaryimage"},"thumbnailUrl":"https:\/\/exaudi.org\/wp-content\/uploads\/2021\/04\/achievement-aerial-agreement-arms-asian-business-1450073-pxhere.com_-scaled.jpg","datePublished":"2021-04-20T09:23:23+00:00","dateModified":"2021-04-20T09:41:49+00:00","author":{"@id":"https:\/\/exaudi.org\/#\/schema\/person\/d134b96438278131ce90c90c03fda6cd"},"description":"Los obispos de Colombia han convocado al I Seminario Nacional de Liderazgo Pol\u00edtico en el pa\u00eds ante el 30 aniversario de la Constituci\u00f3n.","breadcrumb":{"@id":"https:\/\/exaudi.org\/es\/colombia-obispos-convocan-seminario-liderazgo-politico-2021\/#breadcrumb"},"inLanguage":"es","potentialAction":[{"@type":"ReadAction","target":["https:\/\/exaudi.org\/es\/colombia-obispos-convocan-seminario-liderazgo-politico-2021\/"]}]},{"@type":"ImageObject","inLanguage":"es","@id":"https:\/\/exaudi.org\/es\/colombia-obispos-convocan-seminario-liderazgo-politico-2021\/#primaryimage","url":"https:\/\/exaudi.org\/wp-content\/uploads\/2021\/04\/achievement-aerial-agreement-arms-asian-business-1450073-pxhere.com_-scaled.jpg","contentUrl":"https:\/\/exaudi.org\/wp-content\/uploads\/2021\/04\/achievement-aerial-agreement-arms-asian-business-1450073-pxhere.com_-scaled.jpg","width":2560,"height":1707,"caption":"Trabajo en equipo \u00a9 Pxhere"},{"@type":"BreadcrumbList","@id":"https:\/\/exaudi.org\/es\/colombia-obispos-convocan-seminario-liderazgo-politico-2021\/#breadcrumb","itemListElement":[{"@type":"ListItem","position":1,"name":"Portada","item":"https:\/\/exaudi.org\/es\/"},{"@type":"ListItem","position":2,"name":"Colombia: Obispos convocan al I Seminario de liderazgo pol\u00edtico"}]},{"@type":"WebSite","@id":"https:\/\/exaudi.org\/#website","url":"https:\/\/exaudi.org\/","name":"Exaudi","description":"News","potentialAction":[{"@type":"SearchAction","target":{"@type":"EntryPoint","urlTemplate":"https:\/\/exaudi.org\/?s={search_term_string}"},"query-input":{"@type":"PropertyValueSpecification","valueRequired":true,"valueName":"search_term_string"}}],"inLanguage":"es"},{"@type":"Person","@id":"https:\/\/exaudi.org\/#\/schema\/person\/d134b96438278131ce90c90c03fda6cd","name":"Gabriel Sales","image":{"@type":"ImageObject","inLanguage":"es","@id":"https:\/\/secure.gravatar.com\/avatar\/9b1269566f6a063ed26ffb3532b66a373cdde231ce5d0effb266167437fdaffd?s=96&d=mm&r=g","url":"https:\/\/secure.gravatar.com\/avatar\/9b1269566f6a063ed26ffb3532b66a373cdde231ce5d0effb266167437fdaffd?s=96&d=mm&r=g","contentUrl":"https:\/\/secure.gravatar.com\/avatar\/9b1269566f6a063ed26ffb3532b66a373cdde231ce5d0effb266167437fdaffd?s=96&d=mm&r=g","caption":"Gabriel Sales"},"description":"Periodista y especialista en Comunicaci\u00f3n y Branding digital. Cin\u00e9filo y cr\u00edtico de cine y series de televisi\u00f3n.","sameAs":["https:\/\/www.instagram.com\/cine90segundos\/","www.linkedin.com\/in\/habemusman","https:\/\/x.com\/habemusman","https:\/\/www.youtube.com\/channel\/UCVfCiOMkJ_C7T7OpyjuaLDg"],"url":"https:\/\/exaudi.org\/es\/author\/gsalesexaudi-org\/"}]}},"jetpack_featured_media_url":"https:\/\/exaudi.org\/wp-content\/uploads\/2021\/04\/achievement-aerial-agreement-arms-asian-business-1450073-pxhere.com_-scaled.jpg","jetpack_shortlink":"https:\/\/wp.me\/pgKjF2-3dW","_links":{"self":[{"href":"https:\/\/exaudi.org\/es\/wp-json\/wp\/v2\/posts\/12396","targetHints":{"allow":["GET"]}}],"collection":[{"href":"https:\/\/exaudi.org\/es\/wp-json\/wp\/v2\/posts"}],"about":[{"href":"https:\/\/exaudi.org\/es\/wp-json\/wp\/v2\/types\/post"}],"author":[{"embeddable":true,"href":"https:\/\/exaudi.org\/es\/wp-json\/wp\/v2\/users\/6"}],"replies":[{"embeddable":true,"href":"https:\/\/exaudi.org\/es\/wp-json\/wp\/v2\/comments?post=12396"}],"version-history":[{"count":0,"href":"https:\/\/exaudi.org\/es\/wp-json\/wp\/v2\/posts\/12396\/revisions"}],"wp:featuredmedia":[{"embeddable":true,"href":"https:\/\/exaudi.org\/es\/wp-json\/wp\/v2\/media\/12420"}],"wp:attachment":[{"href":"https:\/\/exaudi.org\/es\/wp-json\/wp\/v2\/media?parent=12396"}],"wp:term":[{"taxonomy":"category","embeddable":true,"href":"https:\/\/exaudi.org\/es\/wp-json\/wp\/v2\/categories?post=12396"},{"taxonomy":"post_tag","embeddable":true,"href":"https:\/\/exaudi.org\/es\/wp-json\/wp\/v2\/tags?post=12396"}],"curies":[{"name":"wp","href":"https:\/\/api.w.org\/{rel}","templated":true}]}}