{"id":123958,"date":"2026-04-05T09:00:58","date_gmt":"2026-04-05T07:00:58","guid":{"rendered":"https:\/\/exaudi.org\/?p=123958"},"modified":"2026-04-05T11:51:54","modified_gmt":"2026-04-05T09:51:54","slug":"domingo-de-resurreccion-la-victoria-de-cristo-sobre-la-muerte","status":"publish","type":"post","link":"https:\/\/exaudi.org\/es\/domingo-de-resurreccion-la-victoria-de-cristo-sobre-la-muerte\/","title":{"rendered":"Domingo de Resurrecci\u00f3n: la victoria de Cristo sobre la muerte"},"content":{"rendered":"<h3 data-start=\"355\" data-end=\"906\"><strong data-start=\"355\" data-end=\"408\">\u00bfQu\u00e9 celebramos en el Domingo de Resurrecci\u00f3n?<\/strong><\/h3>\n<p class=\"\" data-start=\"355\" data-end=\"906\">El Domingo de Resurrecci\u00f3n, tambi\u00e9n llamado Domingo de Pascua, es el culmen del Triduo Pascual y el d\u00eda m\u00e1s solemne para los cristianos. Celebramos la Resurrecci\u00f3n de Jesucristo, acontecimiento central de la fe cristiana. Como ense\u00f1a San Pablo: <em data-start=\"656\" data-end=\"740\">\u201cSi Cristo no ha resucitado, vana es nuestra predicaci\u00f3n, vana tambi\u00e9n vuestra fe\u201d<\/em> (1 Cor 15,14). Este d\u00eda es el fundamento de toda la esperanza cristiana: la victoria de Cristo sobre el pecado y la muerte abre las puertas del Cielo a la humanidad.<\/p>\n<p><iframe title=\"Spotify Embed: Domingo de Resurrecci\u00f3n: la victoria de Cristo sobre la muerte\" style=\"border-radius: 12px\" width=\"100%\" height=\"152\" frameborder=\"0\" allowfullscreen allow=\"autoplay; clipboard-write; encrypted-media; fullscreen; picture-in-picture\" loading=\"lazy\" src=\"https:\/\/open.spotify.com\/embed\/episode\/6XCVVmRjIAawXp8R4rv9Bu?si=phQZu16WRJqSY3j3jau18g&amp;context=spotify%3Ashow%3A2yh3xbVwh4e1WksFGord4D&amp;utm_source=oembed\"><\/iframe><\/p>\n<h3 data-start=\"908\" data-end=\"1392\"><strong data-start=\"908\" data-end=\"938\">\u00bfPor qu\u00e9 lo celebramos?<\/strong><\/h3>\n<p class=\"\" data-start=\"908\" data-end=\"1392\">La Resurrecci\u00f3n de Cristo es el signo definitivo del amor de Dios. Jesucristo, verdadero Dios y verdadero hombre, sufri\u00f3 la pasi\u00f3n y la muerte en la cruz para redimirnos, y al resucitar, venci\u00f3 a la muerte. Con su resurrecci\u00f3n nos ha dado nueva vida: una vida que no termina en el sepulcro, sino que est\u00e1 llamada a la eternidad. La liturgia de este d\u00eda est\u00e1 llena de alegr\u00eda, de luz y de canto: <em data-start=\"1336\" data-end=\"1391\">\u00a1Cristo ha resucitado! \u00a1Verdaderamente ha resucitado!<\/em>.<\/p>\n<h3 data-start=\"1394\" data-end=\"2098\"><strong data-start=\"1394\" data-end=\"1443\">Breve historia del Domingo de Resurrecci\u00f3n<\/strong><\/h3>\n<p class=\"\" data-start=\"1394\" data-end=\"2098\">Desde los primeros siglos del cristianismo, los fieles celebraban cada domingo como un peque\u00f1o \u00abd\u00eda del Se\u00f1or\u00bb, recordando la Resurrecci\u00f3n. Pero fue en la celebraci\u00f3n pascual anual donde la Iglesia concentr\u00f3 toda la fuerza de este acontecimiento. Ya en el siglo II se celebraba la Vigilia Pascual, durante la noche anterior al Domingo de Resurrecci\u00f3n. Esta tradici\u00f3n, restaurada con fuerza tras el Concilio Vaticano II, sigue siendo la celebraci\u00f3n lit\u00fargica m\u00e1s importante del a\u00f1o, donde se enciende el cirio pascual como s\u00edmbolo de Cristo Resucitado, se proclaman las lecturas de la historia de la salvaci\u00f3n, y se celebra con solemnidad la Eucarist\u00eda.<\/p>\n<h3 data-start=\"2100\" data-end=\"2137\"><strong data-start=\"2100\" data-end=\"2135\">Elementos lit\u00fargicos del d\u00eda<\/strong><\/h3>\n<ul data-start=\"2138\" data-end=\"2571\">\n<li class=\"\" data-start=\"2138\" data-end=\"2266\">\n<p class=\"\" data-start=\"2140\" data-end=\"2266\"><strong data-start=\"2140\" data-end=\"2152\">Aleluya:<\/strong> Despu\u00e9s del silencio penitencial de la Cuaresma, se vuelve a cantar el \u00abAleluya\u00bb, expresi\u00f3n de alegr\u00eda pascual.<\/p>\n<\/li>\n<li class=\"\" data-start=\"2267\" data-end=\"2369\">\n<p class=\"\" data-start=\"2269\" data-end=\"2369\"><strong data-start=\"2269\" data-end=\"2287\">Cirio Pascual:<\/strong> Encendido en la Vigilia, permanece en el presbiterio como signo de Cristo vivo.<\/p>\n<\/li>\n<li class=\"\" data-start=\"2370\" data-end=\"2495\">\n<p class=\"\" data-start=\"2372\" data-end=\"2495\"><strong data-start=\"2372\" data-end=\"2415\">Renovaci\u00f3n de las promesas bautismales:<\/strong> Durante la misa, se invita a renovar el \u201cs\u00ed\u201d al Se\u00f1or y el rechazo al pecado.<\/p>\n<\/li>\n<li class=\"\" data-start=\"2496\" data-end=\"2571\">\n<p class=\"\" data-start=\"2498\" data-end=\"2571\"><strong data-start=\"2498\" data-end=\"2518\">Color lit\u00fargico:<\/strong> Blanco, s\u00edmbolo de la alegr\u00eda, la luz y la victoria.<\/p>\n<\/li>\n<\/ul>\n<h3 data-start=\"2573\" data-end=\"2688\"><strong data-start=\"2573\" data-end=\"2603\">Oraciones para este d\u00eda<\/strong><\/h3>\n<p data-start=\"2573\" data-end=\"2688\">Compartimos algunas oraciones tradicionales para rezar en familia o personalmente:<\/p>\n<p class=\"\" data-start=\"2690\" data-end=\"3045\"><strong data-start=\"2690\" data-end=\"2740\">Oraci\u00f3n de agradecimiento por la Resurrecci\u00f3n:<\/strong><br data-start=\"2740\" data-end=\"2743\" \/><em data-start=\"2743\" data-end=\"3045\">Se\u00f1or Jes\u00fas, t\u00fa que has vencido la muerte y has resucitado glorioso del sepulcro,<br data-start=\"2825\" data-end=\"2828\" \/>te alabamos y te damos gracias.<br data-start=\"2859\" data-end=\"2862\" \/>Gracias por habernos abierto el camino hacia la vida eterna.<br data-start=\"2922\" data-end=\"2925\" \/>Haznos testigos de tu Resurrecci\u00f3n con nuestra vida,<br data-start=\"2977\" data-end=\"2980\" \/>y que nunca perdamos la esperanza que nace de tu victoria. Am\u00e9n.<\/em><\/p>\n<p class=\"\" data-start=\"3047\" data-end=\"3355\"><strong data-start=\"3047\" data-end=\"3081\">Secuencia pascual (fragmento):<\/strong><br data-start=\"3081\" data-end=\"3084\" \/><em data-start=\"3084\" data-end=\"3355\">La muerte y la vida se enfrentaron en un duelo admirable:<br data-start=\"3142\" data-end=\"3145\" \/>el Rey de la vida estaba muerto,<br data-start=\"3177\" data-end=\"3180\" \/>y ahora vive y reina.<br data-start=\"3201\" data-end=\"3204\" \/>Dinos, Mar\u00eda, \u00bfqu\u00e9 has visto en el camino?<br data-start=\"3246\" data-end=\"3249\" \/>He visto el sepulcro de Cristo vivo<br data-start=\"3284\" data-end=\"3287\" \/>y la gloria del Resucitado.<br data-start=\"3314\" data-end=\"3317\" \/>\u00a1Cristo, mi esperanza, ha resucitado!<\/em><\/p>\n<h3 data-start=\"3357\" data-end=\"3779\"><strong data-start=\"3357\" data-end=\"3400\">Vivir el Domingo de Resurrecci\u00f3n hoy<\/strong><\/h3>\n<p data-start=\"3357\" data-end=\"3779\">M\u00e1s all\u00e1 de la celebraci\u00f3n lit\u00fargica, el Domingo de Resurrecci\u00f3n es una invitaci\u00f3n a renovar la fe y la alegr\u00eda cristiana. Es un d\u00eda para vivir en familia, compartir la esperanza y transmitir la luz de Cristo a los dem\u00e1s. Como dijo el Papa Francisco: <em data-start=\"3654\" data-end=\"3778\">\u201c\u00a1Cristo ha resucitado! No temamos vivir como resucitados! \u00a1Llevemos la luz de la Resurrecci\u00f3n a las tinieblas del mundo!\u201d<\/em>.<\/p>\n<p class=\"\" data-start=\"3786\" data-end=\"4092\">El Domingo de Resurrecci\u00f3n no es solo el final de la Semana Santa, sino el principio de una nueva vida. En este d\u00eda resplandece la certeza de que el mal y la muerte no tienen la \u00faltima palabra. Cristo vive, y con \u00c9l, todos estamos llamados a la Vida Eterna. \u00a1Feliz Pascua de Resurrecci\u00f3n!<\/p>\n<p data-start=\"3786\" data-end=\"4092\"><img loading=\"lazy\" decoding=\"async\" class=\"size-full wp-image-123959 alignnone\" src=\"https:\/\/exaudi.org\/wp-content\/uploads\/2025\/04\/Luis-Herrea-campo-3.jpg\" alt=\"\" width=\"940\" height=\"788\" srcset=\"https:\/\/exaudi.org\/wp-content\/uploads\/2025\/04\/Luis-Herrea-campo-3.jpg 940w, https:\/\/exaudi.org\/wp-content\/uploads\/2025\/04\/Luis-Herrea-campo-3-300x251.jpg 300w, https:\/\/exaudi.org\/wp-content\/uploads\/2025\/04\/Luis-Herrea-campo-3-770x645.jpg 770w, https:\/\/exaudi.org\/wp-content\/uploads\/2025\/04\/Luis-Herrea-campo-3-500x419.jpg 500w\" sizes=\"auto, (max-width: 940px) 100vw, 940px\" \/><\/p>\n","protected":false},"excerpt":{"rendered":"<p>El Domingo de Resurrecci\u00f3n es el d\u00eda m\u00e1s importante del calendario lit\u00fargico cristiano. En \u00e9l celebramos que Jesucristo ha resucitado, venciendo al pecado y a la muerte, y abriendo para todos la esperanza de la vida eterna<\/p>\n","protected":false},"author":15,"featured_media":123916,"comment_status":"closed","ping_status":"closed","sticky":false,"template":"","format":"standard","meta":{"_acf_changed":false,"_crdt_document":"","inline_featured_image":false,"footnotes":""},"categories":[72],"tags":[54875,33257,54876,54879,54874,175,52914,20343,17563,54873,54871,54878,54872,1400,40616,244,52148,105108,54870,58880,1145,54877,14712,1472],"class_list":["post-123958","post","type-post","status-publish","format-standard","has-post-thumbnail","hentry","category-analisis","tag-aleluya-pascual","tag-celebracion-cristiana","tag-cirio-pascual","tag-color-liturgico-blanco","tag-cristo-ha-resucitado","tag-cuaresma","tag-domingo-de-resurreccion","tag-espiritualidad-catolica","tag-fe-cristiana","tag-historia-del-domingo-de-resurreccion","tag-liturgia-de-pascua","tag-misa-de-pascua","tag-oraciones-de-pascua","tag-pascua","tag-resurreccion-de-cristo","tag-semana-santa","tag-semana-santa-2025","tag-semana-santa-2026","tag-significado-del-domingo-de-resurreccion","tag-trending-es-151","tag-triduo-pascual","tag-victoria-sobre-la-muerte","tag-vida-eterna","tag-vigilia-pascual"],"acf":[],"yoast_head":"<!-- This site is optimized with the Yoast SEO plugin v27.4 - https:\/\/yoast.com\/product\/yoast-seo-wordpress\/ -->\n<title>Domingo de Resurrecci\u00f3n: la victoria de Cristo sobre la muerte &#8211; Exaudi<\/title>\n<meta name=\"robots\" content=\"index, follow, max-snippet:-1, max-image-preview:large, max-video-preview:-1\" \/>\n<link rel=\"canonical\" href=\"https:\/\/exaudi.org\/es\/domingo-de-resurreccion-la-victoria-de-cristo-sobre-la-muerte\/\" \/>\n<meta property=\"og:locale\" content=\"es_ES\" \/>\n<meta property=\"og:type\" content=\"article\" \/>\n<meta property=\"og:title\" content=\"Domingo de Resurrecci\u00f3n: la victoria de Cristo sobre la muerte &#8211; Exaudi\" \/>\n<meta property=\"og:description\" content=\"El Domingo de Resurrecci\u00f3n es el d\u00eda m\u00e1s importante del calendario lit\u00fargico cristiano. En \u00e9l celebramos que Jesucristo ha resucitado, venciendo al pecado y a la muerte, y abriendo para todos la esperanza de la vida eterna\" \/>\n<meta property=\"og:url\" content=\"https:\/\/exaudi.org\/es\/domingo-de-resurreccion-la-victoria-de-cristo-sobre-la-muerte\/\" \/>\n<meta property=\"og:site_name\" content=\"Exaudi\" \/>\n<meta property=\"article:publisher\" content=\"https:\/\/www.facebook.com\/ExaudiNews\" \/>\n<meta property=\"article:author\" content=\"https:\/\/www.facebook.com\/ExaudiNoticias\/\" \/>\n<meta property=\"article:published_time\" content=\"2026-04-05T07:00:58+00:00\" \/>\n<meta property=\"article:modified_time\" content=\"2026-04-05T09:51:54+00:00\" \/>\n<meta property=\"og:image\" content=\"https:\/\/exaudi.org\/wp-content\/uploads\/2025\/04\/cq5dam.thumbnail.cropped.500.281-5.jpeg\" \/>\n\t<meta property=\"og:image:width\" content=\"500\" \/>\n\t<meta property=\"og:image:height\" content=\"281\" \/>\n\t<meta property=\"og:image:type\" content=\"image\/jpeg\" \/>\n<meta name=\"author\" content=\"Exaudi Redacci\u00f3n\" \/>\n<meta name=\"twitter:card\" content=\"summary_large_image\" \/>\n<meta name=\"twitter:creator\" content=\"@Exaudi_noticias\" \/>\n<meta name=\"twitter:site\" content=\"@Exaudi_News\" \/>\n<meta name=\"twitter:label1\" content=\"Escrito por\" \/>\n\t<meta name=\"twitter:data1\" content=\"Exaudi Redacci\u00f3n\" \/>\n\t<meta name=\"twitter:label2\" content=\"Tiempo de lectura\" \/>\n\t<meta name=\"twitter:data2\" content=\"3 minutos\" \/>\n<script type=\"application\/ld+json\" class=\"yoast-schema-graph\">{\"@context\":\"https:\\\/\\\/schema.org\",\"@graph\":[{\"@type\":\"Article\",\"@id\":\"https:\\\/\\\/exaudi.org\\\/es\\\/domingo-de-resurreccion-la-victoria-de-cristo-sobre-la-muerte\\\/#article\",\"isPartOf\":{\"@id\":\"https:\\\/\\\/exaudi.org\\\/es\\\/domingo-de-resurreccion-la-victoria-de-cristo-sobre-la-muerte\\\/\"},\"author\":{\"name\":\"Exaudi Redacci\u00f3n\",\"@id\":\"https:\\\/\\\/exaudi.org\\\/#\\\/schema\\\/person\\\/f5fc8f063065e38742da7afe15f25df7\"},\"headline\":\"Domingo de Resurrecci\u00f3n: la victoria de Cristo sobre la muerte\",\"datePublished\":\"2026-04-05T07:00:58+00:00\",\"dateModified\":\"2026-04-05T09:51:54+00:00\",\"mainEntityOfPage\":{\"@id\":\"https:\\\/\\\/exaudi.org\\\/es\\\/domingo-de-resurreccion-la-victoria-de-cristo-sobre-la-muerte\\\/\"},\"wordCount\":689,\"image\":{\"@id\":\"https:\\\/\\\/exaudi.org\\\/es\\\/domingo-de-resurreccion-la-victoria-de-cristo-sobre-la-muerte\\\/#primaryimage\"},\"thumbnailUrl\":\"https:\\\/\\\/exaudi.org\\\/wp-content\\\/uploads\\\/2025\\\/04\\\/cq5dam.thumbnail.cropped.500.281-5.jpeg\",\"keywords\":[\"Aleluya Pascual\",\"celebraci\u00f3n cristiana\",\"cirio pascual\",\"color lit\u00fargico blanco\",\"Cristo ha resucitado\",\"cuaresma\",\"Domingo de Resurrecci\u00f3n\",\"espiritualidad cat\u00f3lica\",\"Fe cristiana\",\"historia del Domingo de Resurrecci\u00f3n\",\"liturgia de Pascua\",\"misa de Pascua\",\"oraciones de Pascua\",\"Pascua\",\"Resurrecci\u00f3n de Cristo\",\"semana santa\",\"semana santa 2025\",\"semana santa 2026\",\"significado del Domingo de Resurrecci\u00f3n\",\"Trending\",\"Triduo Pascual\",\"victoria sobre la muerte\",\"Vida eterna\",\"Vigilia Pascual\"],\"articleSection\":[\"An\u00e1lisis\"],\"inLanguage\":\"es\"},{\"@type\":\"WebPage\",\"@id\":\"https:\\\/\\\/exaudi.org\\\/es\\\/domingo-de-resurreccion-la-victoria-de-cristo-sobre-la-muerte\\\/\",\"url\":\"https:\\\/\\\/exaudi.org\\\/es\\\/domingo-de-resurreccion-la-victoria-de-cristo-sobre-la-muerte\\\/\",\"name\":\"Domingo de Resurrecci\u00f3n: la victoria de Cristo sobre la muerte &#8211; Exaudi\",\"isPartOf\":{\"@id\":\"https:\\\/\\\/exaudi.org\\\/#website\"},\"primaryImageOfPage\":{\"@id\":\"https:\\\/\\\/exaudi.org\\\/es\\\/domingo-de-resurreccion-la-victoria-de-cristo-sobre-la-muerte\\\/#primaryimage\"},\"image\":{\"@id\":\"https:\\\/\\\/exaudi.org\\\/es\\\/domingo-de-resurreccion-la-victoria-de-cristo-sobre-la-muerte\\\/#primaryimage\"},\"thumbnailUrl\":\"https:\\\/\\\/exaudi.org\\\/wp-content\\\/uploads\\\/2025\\\/04\\\/cq5dam.thumbnail.cropped.500.281-5.jpeg\",\"datePublished\":\"2026-04-05T07:00:58+00:00\",\"dateModified\":\"2026-04-05T09:51:54+00:00\",\"author\":{\"@id\":\"https:\\\/\\\/exaudi.org\\\/#\\\/schema\\\/person\\\/f5fc8f063065e38742da7afe15f25df7\"},\"breadcrumb\":{\"@id\":\"https:\\\/\\\/exaudi.org\\\/es\\\/domingo-de-resurreccion-la-victoria-de-cristo-sobre-la-muerte\\\/#breadcrumb\"},\"inLanguage\":\"es\",\"potentialAction\":[{\"@type\":\"ReadAction\",\"target\":[\"https:\\\/\\\/exaudi.org\\\/es\\\/domingo-de-resurreccion-la-victoria-de-cristo-sobre-la-muerte\\\/\"]}]},{\"@type\":\"ImageObject\",\"inLanguage\":\"es\",\"@id\":\"https:\\\/\\\/exaudi.org\\\/es\\\/domingo-de-resurreccion-la-victoria-de-cristo-sobre-la-muerte\\\/#primaryimage\",\"url\":\"https:\\\/\\\/exaudi.org\\\/wp-content\\\/uploads\\\/2025\\\/04\\\/cq5dam.thumbnail.cropped.500.281-5.jpeg\",\"contentUrl\":\"https:\\\/\\\/exaudi.org\\\/wp-content\\\/uploads\\\/2025\\\/04\\\/cq5dam.thumbnail.cropped.500.281-5.jpeg\",\"width\":500,\"height\":281},{\"@type\":\"BreadcrumbList\",\"@id\":\"https:\\\/\\\/exaudi.org\\\/es\\\/domingo-de-resurreccion-la-victoria-de-cristo-sobre-la-muerte\\\/#breadcrumb\",\"itemListElement\":[{\"@type\":\"ListItem\",\"position\":1,\"name\":\"Portada\",\"item\":\"https:\\\/\\\/exaudi.org\\\/es\\\/\"},{\"@type\":\"ListItem\",\"position\":2,\"name\":\"Domingo de Resurrecci\u00f3n: la victoria de Cristo sobre la muerte\"}]},{\"@type\":\"WebSite\",\"@id\":\"https:\\\/\\\/exaudi.org\\\/#website\",\"url\":\"https:\\\/\\\/exaudi.org\\\/\",\"name\":\"Exaudi\",\"description\":\"News\",\"potentialAction\":[{\"@type\":\"SearchAction\",\"target\":{\"@type\":\"EntryPoint\",\"urlTemplate\":\"https:\\\/\\\/exaudi.org\\\/?s={search_term_string}\"},\"query-input\":{\"@type\":\"PropertyValueSpecification\",\"valueRequired\":true,\"valueName\":\"search_term_string\"}}],\"inLanguage\":\"es\"},{\"@type\":\"Person\",\"@id\":\"https:\\\/\\\/exaudi.org\\\/#\\\/schema\\\/person\\\/f5fc8f063065e38742da7afe15f25df7\",\"name\":\"Exaudi Redacci\u00f3n\",\"image\":{\"@type\":\"ImageObject\",\"inLanguage\":\"es\",\"@id\":\"https:\\\/\\\/secure.gravatar.com\\\/avatar\\\/fe0f6a059fb68d9b3e11bc5850dd4899b1c7492091a3cb6dd9b01b56ad828be2?s=96&d=mm&r=g\",\"url\":\"https:\\\/\\\/secure.gravatar.com\\\/avatar\\\/fe0f6a059fb68d9b3e11bc5850dd4899b1c7492091a3cb6dd9b01b56ad828be2?s=96&d=mm&r=g\",\"contentUrl\":\"https:\\\/\\\/secure.gravatar.com\\\/avatar\\\/fe0f6a059fb68d9b3e11bc5850dd4899b1c7492091a3cb6dd9b01b56ad828be2?s=96&d=mm&r=g\",\"caption\":\"Exaudi Redacci\u00f3n\"},\"description\":\"\u00bfQu\u00e9 es Exaudi News? Exaudi News es un medio de comunicaci\u00f3n cat\u00f3lico internacional que informa, forma y transforma, diariamente en espa\u00f1ol, ingl\u00e9s e italiano. A trav\u00e9s de noticias, art\u00edculos de an\u00e1lisis y transmisiones en directo de los eventos del Papa, Exaudi busca fortalecer la unidad de los cristianos y contribuir a la evangelizaci\u00f3n del mundo, siempre guiados por la doctrina social de la Iglesia. Trabajamos para acercar la verdad y los valores cristianos a cada rinc\u00f3n del planeta. \u00a1Ay\u00fadanos a transformar el mundo con Exaudi! En Exaudi creemos que la evangelizaci\u00f3n y la informaci\u00f3n de calidad pueden cambiar vidas. Para continuar con nuestra misi\u00f3n y expandir nuestro alcance, necesitamos tu ayuda. Adem\u00e1s, buscamos personas comprometidas que deseen unirse a nuestro equipo. Con tu apoyo, lograremos llegar a m\u00e1s personas, difundir el mensaje de Cristo y reforzar la unidad de los cristianos. \u00bfTe unes a nuestra misi\u00f3n? Para m\u00e1s informaci\u00f3n sobre c\u00f3mo colaborar, visita Exaudi.org\\\/es o cont\u00e1ctanos directamente: info@exaudi.org Exaudi: Informa, forma y transforma.\",\"sameAs\":[\"https:\\\/\\\/www.facebook.com\\\/ExaudiNoticias\\\/\",\"https:\\\/\\\/www.instagram.com\\\/exaudi_noticias\\\/\",\"https:\\\/\\\/x.com\\\/Exaudi_noticias\",\"https:\\\/\\\/www.youtube.com\\\/@exaudicatholicnews\"],\"url\":\"https:\\\/\\\/exaudi.org\\\/es\\\/author\\\/redaccionexaudi\\\/\"}]}<\/script>\n<!-- \/ Yoast SEO plugin. -->","yoast_head_json":{"title":"Domingo de Resurrecci\u00f3n: la victoria de Cristo sobre la muerte &#8211; Exaudi","robots":{"index":"index","follow":"follow","max-snippet":"max-snippet:-1","max-image-preview":"max-image-preview:large","max-video-preview":"max-video-preview:-1"},"canonical":"https:\/\/exaudi.org\/es\/domingo-de-resurreccion-la-victoria-de-cristo-sobre-la-muerte\/","og_locale":"es_ES","og_type":"article","og_title":"Domingo de Resurrecci\u00f3n: la victoria de Cristo sobre la muerte &#8211; Exaudi","og_description":"El Domingo de Resurrecci\u00f3n es el d\u00eda m\u00e1s importante del calendario lit\u00fargico cristiano. En \u00e9l celebramos que Jesucristo ha resucitado, venciendo al pecado y a la muerte, y abriendo para todos la esperanza de la vida eterna","og_url":"https:\/\/exaudi.org\/es\/domingo-de-resurreccion-la-victoria-de-cristo-sobre-la-muerte\/","og_site_name":"Exaudi","article_publisher":"https:\/\/www.facebook.com\/ExaudiNews","article_author":"https:\/\/www.facebook.com\/ExaudiNoticias\/","article_published_time":"2026-04-05T07:00:58+00:00","article_modified_time":"2026-04-05T09:51:54+00:00","og_image":[{"width":500,"height":281,"url":"https:\/\/exaudi.org\/wp-content\/uploads\/2025\/04\/cq5dam.thumbnail.cropped.500.281-5.jpeg","type":"image\/jpeg"}],"author":"Exaudi Redacci\u00f3n","twitter_card":"summary_large_image","twitter_creator":"@Exaudi_noticias","twitter_site":"@Exaudi_News","twitter_misc":{"Escrito por":"Exaudi Redacci\u00f3n","Tiempo de lectura":"3 minutos"},"schema":{"@context":"https:\/\/schema.org","@graph":[{"@type":"Article","@id":"https:\/\/exaudi.org\/es\/domingo-de-resurreccion-la-victoria-de-cristo-sobre-la-muerte\/#article","isPartOf":{"@id":"https:\/\/exaudi.org\/es\/domingo-de-resurreccion-la-victoria-de-cristo-sobre-la-muerte\/"},"author":{"name":"Exaudi Redacci\u00f3n","@id":"https:\/\/exaudi.org\/#\/schema\/person\/f5fc8f063065e38742da7afe15f25df7"},"headline":"Domingo de Resurrecci\u00f3n: la victoria de Cristo sobre la muerte","datePublished":"2026-04-05T07:00:58+00:00","dateModified":"2026-04-05T09:51:54+00:00","mainEntityOfPage":{"@id":"https:\/\/exaudi.org\/es\/domingo-de-resurreccion-la-victoria-de-cristo-sobre-la-muerte\/"},"wordCount":689,"image":{"@id":"https:\/\/exaudi.org\/es\/domingo-de-resurreccion-la-victoria-de-cristo-sobre-la-muerte\/#primaryimage"},"thumbnailUrl":"https:\/\/exaudi.org\/wp-content\/uploads\/2025\/04\/cq5dam.thumbnail.cropped.500.281-5.jpeg","keywords":["Aleluya Pascual","celebraci\u00f3n cristiana","cirio pascual","color lit\u00fargico blanco","Cristo ha resucitado","cuaresma","Domingo de Resurrecci\u00f3n","espiritualidad cat\u00f3lica","Fe cristiana","historia del Domingo de Resurrecci\u00f3n","liturgia de Pascua","misa de Pascua","oraciones de Pascua","Pascua","Resurrecci\u00f3n de Cristo","semana santa","semana santa 2025","semana santa 2026","significado del Domingo de Resurrecci\u00f3n","Trending","Triduo Pascual","victoria sobre la muerte","Vida eterna","Vigilia Pascual"],"articleSection":["An\u00e1lisis"],"inLanguage":"es"},{"@type":"WebPage","@id":"https:\/\/exaudi.org\/es\/domingo-de-resurreccion-la-victoria-de-cristo-sobre-la-muerte\/","url":"https:\/\/exaudi.org\/es\/domingo-de-resurreccion-la-victoria-de-cristo-sobre-la-muerte\/","name":"Domingo de Resurrecci\u00f3n: la victoria de Cristo sobre la muerte &#8211; Exaudi","isPartOf":{"@id":"https:\/\/exaudi.org\/#website"},"primaryImageOfPage":{"@id":"https:\/\/exaudi.org\/es\/domingo-de-resurreccion-la-victoria-de-cristo-sobre-la-muerte\/#primaryimage"},"image":{"@id":"https:\/\/exaudi.org\/es\/domingo-de-resurreccion-la-victoria-de-cristo-sobre-la-muerte\/#primaryimage"},"thumbnailUrl":"https:\/\/exaudi.org\/wp-content\/uploads\/2025\/04\/cq5dam.thumbnail.cropped.500.281-5.jpeg","datePublished":"2026-04-05T07:00:58+00:00","dateModified":"2026-04-05T09:51:54+00:00","author":{"@id":"https:\/\/exaudi.org\/#\/schema\/person\/f5fc8f063065e38742da7afe15f25df7"},"breadcrumb":{"@id":"https:\/\/exaudi.org\/es\/domingo-de-resurreccion-la-victoria-de-cristo-sobre-la-muerte\/#breadcrumb"},"inLanguage":"es","potentialAction":[{"@type":"ReadAction","target":["https:\/\/exaudi.org\/es\/domingo-de-resurreccion-la-victoria-de-cristo-sobre-la-muerte\/"]}]},{"@type":"ImageObject","inLanguage":"es","@id":"https:\/\/exaudi.org\/es\/domingo-de-resurreccion-la-victoria-de-cristo-sobre-la-muerte\/#primaryimage","url":"https:\/\/exaudi.org\/wp-content\/uploads\/2025\/04\/cq5dam.thumbnail.cropped.500.281-5.jpeg","contentUrl":"https:\/\/exaudi.org\/wp-content\/uploads\/2025\/04\/cq5dam.thumbnail.cropped.500.281-5.jpeg","width":500,"height":281},{"@type":"BreadcrumbList","@id":"https:\/\/exaudi.org\/es\/domingo-de-resurreccion-la-victoria-de-cristo-sobre-la-muerte\/#breadcrumb","itemListElement":[{"@type":"ListItem","position":1,"name":"Portada","item":"https:\/\/exaudi.org\/es\/"},{"@type":"ListItem","position":2,"name":"Domingo de Resurrecci\u00f3n: la victoria de Cristo sobre la muerte"}]},{"@type":"WebSite","@id":"https:\/\/exaudi.org\/#website","url":"https:\/\/exaudi.org\/","name":"Exaudi","description":"News","potentialAction":[{"@type":"SearchAction","target":{"@type":"EntryPoint","urlTemplate":"https:\/\/exaudi.org\/?s={search_term_string}"},"query-input":{"@type":"PropertyValueSpecification","valueRequired":true,"valueName":"search_term_string"}}],"inLanguage":"es"},{"@type":"Person","@id":"https:\/\/exaudi.org\/#\/schema\/person\/f5fc8f063065e38742da7afe15f25df7","name":"Exaudi Redacci\u00f3n","image":{"@type":"ImageObject","inLanguage":"es","@id":"https:\/\/secure.gravatar.com\/avatar\/fe0f6a059fb68d9b3e11bc5850dd4899b1c7492091a3cb6dd9b01b56ad828be2?s=96&d=mm&r=g","url":"https:\/\/secure.gravatar.com\/avatar\/fe0f6a059fb68d9b3e11bc5850dd4899b1c7492091a3cb6dd9b01b56ad828be2?s=96&d=mm&r=g","contentUrl":"https:\/\/secure.gravatar.com\/avatar\/fe0f6a059fb68d9b3e11bc5850dd4899b1c7492091a3cb6dd9b01b56ad828be2?s=96&d=mm&r=g","caption":"Exaudi Redacci\u00f3n"},"description":"\u00bfQu\u00e9 es Exaudi News? Exaudi News es un medio de comunicaci\u00f3n cat\u00f3lico internacional que informa, forma y transforma, diariamente en espa\u00f1ol, ingl\u00e9s e italiano. A trav\u00e9s de noticias, art\u00edculos de an\u00e1lisis y transmisiones en directo de los eventos del Papa, Exaudi busca fortalecer la unidad de los cristianos y contribuir a la evangelizaci\u00f3n del mundo, siempre guiados por la doctrina social de la Iglesia. Trabajamos para acercar la verdad y los valores cristianos a cada rinc\u00f3n del planeta. \u00a1Ay\u00fadanos a transformar el mundo con Exaudi! En Exaudi creemos que la evangelizaci\u00f3n y la informaci\u00f3n de calidad pueden cambiar vidas. Para continuar con nuestra misi\u00f3n y expandir nuestro alcance, necesitamos tu ayuda. Adem\u00e1s, buscamos personas comprometidas que deseen unirse a nuestro equipo. Con tu apoyo, lograremos llegar a m\u00e1s personas, difundir el mensaje de Cristo y reforzar la unidad de los cristianos. \u00bfTe unes a nuestra misi\u00f3n? Para m\u00e1s informaci\u00f3n sobre c\u00f3mo colaborar, visita Exaudi.org\/es o cont\u00e1ctanos directamente: info@exaudi.org Exaudi: Informa, forma y transforma.","sameAs":["https:\/\/www.facebook.com\/ExaudiNoticias\/","https:\/\/www.instagram.com\/exaudi_noticias\/","https:\/\/x.com\/Exaudi_noticias","https:\/\/www.youtube.com\/@exaudicatholicnews"],"url":"https:\/\/exaudi.org\/es\/author\/redaccionexaudi\/"}]}},"jetpack_featured_media_url":"https:\/\/exaudi.org\/wp-content\/uploads\/2025\/04\/cq5dam.thumbnail.cropped.500.281-5.jpeg","jetpack_shortlink":"https:\/\/wp.me\/pgKjF2-wfk","_links":{"self":[{"href":"https:\/\/exaudi.org\/es\/wp-json\/wp\/v2\/posts\/123958","targetHints":{"allow":["GET"]}}],"collection":[{"href":"https:\/\/exaudi.org\/es\/wp-json\/wp\/v2\/posts"}],"about":[{"href":"https:\/\/exaudi.org\/es\/wp-json\/wp\/v2\/types\/post"}],"author":[{"embeddable":true,"href":"https:\/\/exaudi.org\/es\/wp-json\/wp\/v2\/users\/15"}],"replies":[{"embeddable":true,"href":"https:\/\/exaudi.org\/es\/wp-json\/wp\/v2\/comments?post=123958"}],"version-history":[{"count":2,"href":"https:\/\/exaudi.org\/es\/wp-json\/wp\/v2\/posts\/123958\/revisions"}],"predecessor-version":[{"id":164287,"href":"https:\/\/exaudi.org\/es\/wp-json\/wp\/v2\/posts\/123958\/revisions\/164287"}],"wp:featuredmedia":[{"embeddable":true,"href":"https:\/\/exaudi.org\/es\/wp-json\/wp\/v2\/media\/123916"}],"wp:attachment":[{"href":"https:\/\/exaudi.org\/es\/wp-json\/wp\/v2\/media?parent=123958"}],"wp:term":[{"taxonomy":"category","embeddable":true,"href":"https:\/\/exaudi.org\/es\/wp-json\/wp\/v2\/categories?post=123958"},{"taxonomy":"post_tag","embeddable":true,"href":"https:\/\/exaudi.org\/es\/wp-json\/wp\/v2\/tags?post=123958"}],"curies":[{"name":"wp","href":"https:\/\/api.w.org\/{rel}","templated":true}]}}