{"id":123908,"date":"2025-04-18T14:23:43","date_gmt":"2025-04-18T12:23:43","guid":{"rendered":"https:\/\/exaudi.org\/?p=123908"},"modified":"2025-04-18T14:27:10","modified_gmt":"2025-04-18T12:27:10","slug":"via-crucis-2025-el-papa-francisco-guia-la-oracion-del-viernes-santo-con-meditaciones-propias","status":"publish","type":"post","link":"https:\/\/exaudi.org\/es\/via-crucis-2025-el-papa-francisco-guia-la-oracion-del-viernes-santo-con-meditaciones-propias\/","title":{"rendered":"V\u00eda Crucis 2025: El Papa Francisco gu\u00eda la oraci\u00f3n del Viernes Santo con meditaciones propias"},"content":{"rendered":"<p>Este Viernes Santo, 18 de abril de 2025, el Coliseo de Roma acoge el tradicional V\u00eda Crucis presidido por el Papa Francisco, quien, por primera vez desde el inicio de su pontificado, ha redactado personalmente las meditaciones que acompa\u00f1an cada estaci\u00f3n del camino de la cruz. Bajo el t\u00edtulo \u00abEn oraci\u00f3n con Jes\u00fas en el V\u00eda Crucis\u00bb, estas reflexiones invitan a los fieles a contemplar la Pasi\u00f3n del Se\u00f1or desde una perspectiva profundamente espiritual, enfoc\u00e1ndose en la mirada de Jes\u00fas y la transformaci\u00f3n interior que esta puede suscitar.<\/p>\n<p>A continuaci\u00f3n, se presenta el texto \u00edntegro de las meditaciones del V\u00eda Crucis 2025:<\/p>\n<p align=\"center\"><span style=\"color: #663300; font-size: large;\">VIERNES SANTO<br \/>\nPASI\u00d3N DEL SE\u00d1OR<\/span><\/p>\n<p align=\"center\"><b><span style=\"color: #663300; font-size: x-large;\"><a href=\"https:\/\/www.vatican.va\/news_services\/liturgy\/libretti\/2025\/20250418-libretto-via-crucis.pdf\">V\u00cdA CRUCIS<\/a><\/span><\/b><\/p>\n<p align=\"center\"><span style=\"color: #663300; font-size: large;\">COLISEO<br \/>\nROMA, 18 DE ABRIL DE 2025<\/span><span style=\"color: #663300; font-size: large;\"><b>\u00a0<\/b><\/span><\/p>\n<p><b>Introducci\u00f3n<\/b><\/p>\n<p>La v\u00eda del Calvario pasa por nuestras calles de todos los d\u00edas. Nosotros, Se\u00f1or, por lo general vamos en direcci\u00f3n opuesta a la tuya. Precisamente de ese modo puede ocurrir que nos encontremos con tu rostro, que nos crucemos con tu mirada. Nosotros avanzamos como siempre y t\u00fa vienes hacia nosotros. Tus ojos nos leen el coraz\u00f3n. Entonces dudamos si continuar como si nada hubiera sucedido. Podemos darnos la vuelta, mirarte, seguirte. Podemos identificarnos con tu camino e intuir que es mejor cambiar de direcci\u00f3n.<\/p>\n<p>Evangelio seg\u00fan san Marcos (10,21)<i><br \/>\nJes\u00fas lo mir\u00f3 con amor y le dijo: \u00abS\u00f3lo te falta una cosa: ve, vende lo que tienes y dalo a los pobres; as\u00ed tendr\u00e1s un tesoro en el cielo. Despu\u00e9s, ven y s\u00edgueme\u00bb.<\/i><\/p>\n<p>Jes\u00fas es tu nombre y en ti verdaderamente \u00abDios salva\u00bb. El Dios de Abrah\u00e1n que llama, el Dios de Isaac que provee, el Dios de Jacob que bendice, el Dios de Israel que libera; en tu mirada, Se\u00f1or que atraviesas Jerusal\u00e9n, hay toda una revelaci\u00f3n. En tus pasos que salen de la ciudad est\u00e1 nuestro \u00e9xodo hacia una tierra nueva. Has venido a cambiar el mundo; esto significa para nosotros cambiar de direcci\u00f3n, ver la bondad de tus pasos, dejar trabajar en nuestro coraz\u00f3n la memoria de tus ojos.<\/p>\n<p>El\u00a0<i>V\u00eda Crucis<\/i>\u00a0es la oraci\u00f3n del que se mueve; interrumpe nuestros recorridos habituales, para que del cansancio vayamos hacia la alegr\u00eda. Es verdad, el camino de Jes\u00fas nos cuesta; en este mundo que calcula todo, la gratuidad tiene un alto precio. Pero en el don todo vuelve a florecer: una ciudad dividida en facciones y lacerada por los conflictos se encamina hacia la reconciliaci\u00f3n; una religiosidad \u00e1rida redescubre la fecundidad de las promesas de Dios; incluso un coraz\u00f3n de piedra puede convertirse en un coraz\u00f3n de carne. S\u00f3lo es necesario escuchar la invitaci\u00f3n: \u00ab\u00a1Ven! \u00a1S\u00edgueme!\u00bb. Y confiar en esa mirada de amor.<\/p>\n<p><b>I estaci\u00f3n<br \/>\nJes\u00fas es condenado a muerte<\/b><\/p>\n<p>Evangelio seg\u00fan san Lucas (23,13-16)<i><br \/>\nPilato convoc\u00f3 a los sumos sacerdotes, a los jefes y al pueblo, y les dijo: \u00abUstedes me han tra\u00eddo a este hombre, acus\u00e1ndolo de incitar al pueblo a la rebeli\u00f3n. Pero yo lo interrogu\u00e9 delante de ustedes y no encontr\u00e9 ning\u00fan motivo de condena en los cargos de que lo acusan; ni tampoco Herodes, ya que \u00e9l lo ha devuelto a este tribunal. Como ven, este hombre no ha hecho nada que merezca la muerte. Despu\u00e9s de darle un escarmiento, lo dejar\u00e9 en libertad\u00bb.<\/i><\/p>\n<p>No fue as\u00ed. No te dej\u00f3 en libertad. Sin embargo, hubiera podido ser diferente. Es el dram\u00e1tico juego de nuestra libertad. Aquello por lo cual, Se\u00f1or, tanto nos estimaste. Diste confianza a Herodes, a Pilato, a amigos y a enemigos. Eres irrevocable en la confianza con la que te pones en nuestras manos. Podemos obtener de ella maravillas: liberando a quien es acusado injustamente, profundizando en la complejidad de las situaciones, contrastando los juicios que matan. Incluso Herodes hubiera podido seguir la santa inquietud que lo atra\u00eda hacia ti; no lo hizo, ni siquiera cuando se encontr\u00f3 finalmente en tu presencia. Pilato hubiera podido liberarte; ya te hab\u00eda absuelto. No lo hizo. Jes\u00fas, el camino de la cruz es una posibilidad que ya hemos dejado pasar demasiadas veces. Lo confesamos: prisioneros de roles de los que no hemos querido salir, preocupados por las molestias de un cambio de direcci\u00f3n. T\u00fa sigues estando ante nosotros, silenciosamente, en cada hermana y en cada hermano expuestos a juicios y prejuicios. Vuelven argumentos religiosos, objeciones jur\u00eddicas, el aparente sentido com\u00fan que no se involucra en la suerte de los dem\u00e1s; miles de razones nos ponen de la parte de Herodes, de los sacerdotes, de Pilato y de la multitud. Sin embargo, puede ser diferente. Jes\u00fas, t\u00fa no te lavas las manos. Sigues amando, en silencio. Has tomado tu decisi\u00f3n, y ahora nos toca a nosotros.<\/p>\n<p>Oremos diciendo:\u00a0<i>Abre mi coraz\u00f3n, Jes\u00fas<\/i><\/p>\n<table border=\"0\" width=\"76%\">\n<tbody>\n<tr>\n<td width=\"506\">Cuando ante m\u00ed hay una persona juzgada.<\/td>\n<td><\/td>\n<td width=\"445\"><i>Abre mi coraz\u00f3n, Jes\u00fas<\/i><\/td>\n<\/tr>\n<tr>\n<td width=\"506\">Cuando mis certezas son prejuicios.<\/td>\n<td><\/td>\n<td width=\"445\"><i>Abre mi coraz\u00f3n, Jes\u00fas<\/i><\/td>\n<\/tr>\n<tr>\n<td width=\"506\">Cuando me condiciona la rigidez.<\/td>\n<td><\/td>\n<td width=\"445\"><i>Abre mi coraz\u00f3n, Jes\u00fas<\/i><\/td>\n<\/tr>\n<tr>\n<td width=\"506\">Cuando el bien me atrae secretamente.<\/td>\n<td><\/td>\n<td width=\"445\"><i>Abre mi coraz\u00f3n, Jes\u00fas<\/i><\/td>\n<\/tr>\n<tr>\n<td width=\"506\">Cuando quisiera tener valor, pero tengo miedo de perder.<\/td>\n<td><\/td>\n<td width=\"445\"><i>Abre mi coraz\u00f3n, Jes\u00fas<\/i><\/td>\n<\/tr>\n<\/tbody>\n<\/table>\n<p>&nbsp;<\/p>\n<p><b>II estaci\u00f3n<br \/>\nJes\u00fas carga la cruz<\/b><\/p>\n<p>Evangelio seg\u00fan san Lucas (9,43b-45)<i><br \/>\nMientras todos se admiraban por las cosas que hac\u00eda, Jes\u00fas dijo a sus disc\u00edpulos: \u00abEscuchen bien esto que les digo: El Hijo del hombre va a ser entregado en manos de los hombres\u00bb. Pero ellos no entend\u00edan estas palabras: su sentido les estaba velado de manera que no pod\u00edan comprenderlas, y tem\u00edan interrogar a Jes\u00fas acerca de esto.<\/i><\/p>\n<p>Desde hac\u00eda meses, quiz\u00e1s a\u00f1os, ese peso estaba sobre tus hombros, Jes\u00fas. Cuando hablabas de eso, nadie te prestaba atenci\u00f3n; resistencia invencible, incluso al intuirlo. No la buscaste, pero sentiste que la cruz ven\u00eda hacia ti, cada vez de una manera diferente. Si la acogiste, fue porque advertiste, m\u00e1s all\u00e1 del peso, su responsabilidad. Jes\u00fas, el camino de tu cruz no es s\u00f3lo en subida; es tu abajamiento hacia aquellos que has amado, hacia el mundo que Dios ama; es una respuesta, es asumir una responsabilidad. Cuesta, como cuestan los v\u00ednculos m\u00e1s aut\u00e9nticos, los amores m\u00e1s hermosos. El peso que llevas describe el aliento que te mueve, ese Esp\u00edritu \u201cque es Se\u00f1or y da la vida\u201d. Qui\u00e9n sabe por qu\u00e9 tememos incluso interrogarte sobre esto. En realidad, somos nosotros los que tenemos dificultad para respirar, a fuerza de evitar responsabilidades. Ser\u00eda suficiente con no escapar y permanecer junto a aquellos que nos has dado, en los contextos donde nos has puesto. Unirnos, sintiendo que s\u00f3lo as\u00ed dejamos de ser prisioneros de nosotros mismos. Lo hab\u00eda anunciado el profeta: \u201cLos j\u00f3venes se fatigan y se agotan, los adultos tropiezan y caen; pero los que esperan en ti renuevan sus fuerzas, despliegan alas como las \u00e1guilas; corren y no se agotan, avanzan y no se fatigan\u201d (cf.\u00a0<i>Is<\/i>\u00a040,30-31).<\/p>\n<p>Oremos diciendo:\u00a0<i>L\u00edbranos del cansancio, Se\u00f1or<\/i><\/p>\n<table border=\"0\" width=\"76%\">\n<tbody>\n<tr>\n<td width=\"506\">Si nos angustiamos mirando a nuestro alrededor.<\/td>\n<td><\/td>\n<td width=\"445\"><i>L\u00edbranos del cansancio, Se\u00f1or<\/i><\/td>\n<\/tr>\n<tr>\n<td width=\"506\">Si nos parece no tener fuerzas para dedicarnos a los dem\u00e1s.<\/td>\n<td><\/td>\n<td width=\"445\"><i>L\u00edbranos del cansancio, Se\u00f1or<\/i><\/td>\n<\/tr>\n<tr>\n<td width=\"506\">Si buscamos excusas para evadir las responsabilidades.<\/td>\n<td><\/td>\n<td width=\"445\"><i>L\u00edbranos del cansancio, Se\u00f1or<\/i><\/td>\n<\/tr>\n<tr>\n<td width=\"506\">Si tenemos talentos y capacidades para poner en juego.<\/td>\n<td><\/td>\n<td width=\"445\"><i>L\u00edbranos del cansancio, Se\u00f1or<\/i><\/td>\n<\/tr>\n<tr>\n<td width=\"506\">Si nuestro coraz\u00f3n sigue vibrando frente a la injusticia.<\/td>\n<td><\/td>\n<td width=\"445\"><i>L\u00edbranos del cansancio, Se\u00f1or<\/i><\/td>\n<\/tr>\n<\/tbody>\n<\/table>\n<p>&nbsp;<\/p>\n<p><b>III estaci\u00f3n<br \/>\nJes\u00fas cae por primera vez<\/b><\/p>\n<p>Evangelio seg\u00fan san Lucas (10,13-15)<i><br \/>\n\u00ab\u00a1Ay de ti, Coroza\u00edn! \u00a1Ay de ti, Betsaida! Porque si en Tiro y en Sid\u00f3n se hubieran hecho los milagros realizados entre ustedes, hace tiempo que se habr\u00edan convertido, poni\u00e9ndose cilicio y sent\u00e1ndose sobre ceniza. Por eso Tiro y Sid\u00f3n, en el d\u00eda del Juicio, ser\u00e1n tratadas menos rigurosamente que ustedes. Y t\u00fa, Cafarna\u00fam, \u00bfacaso crees que ser\u00e1s elevada hasta el cielo? No, ser\u00e1s precipitada hasta el infierno\u00bb.<\/i><\/p>\n<p>Fue como un primer \u201ctocar fondo\u201d y pronunciaste palabras duras, Jes\u00fas, contra esos lugares que eran tan queridos para ti. La semilla de tu palabra parec\u00eda caer en el vac\u00edo y, del mismo modo, cada uno de tus gestos de liberaci\u00f3n. Todo profeta se sinti\u00f3 caer en el vac\u00edo del fracaso, para seguir avanzando, despu\u00e9s, en los caminos del Se\u00f1or. Tu vida, Jes\u00fas, es una par\u00e1bola; nunca cae en vano en nuestra tierra. Incluso esa primera vez, la decepci\u00f3n pronto fue interrumpida por la alegr\u00eda de los tuyos, a los que hab\u00edas enviado; regresaban de su misi\u00f3n y te narraban los signos del Reino de Dios. Entonces t\u00fa exaltaste de alegr\u00eda espont\u00e1nea, exuberante, que hace saltar con una energ\u00eda contagiosa. Bendijiste al Padre, que esconde sus designios a los sabios y entendidos, y los revela a los peque\u00f1os. Tambi\u00e9n la v\u00eda de la cruz ha sido trazada de manera profunda en la tierra; los grandes se apartan de ella, quisieran tocar el cielo. Pero el cielo est\u00e1 aqu\u00ed, ha descendido, es posible encontrarlo aun cayendo, aun permaneciendo en el suelo. Los constructores de Babel nos dicen que no es posible equivocarse y que el que cae est\u00e1 perdido; es la obra del infierno. La econom\u00eda de Dios, por el contrario, no mata, no descarta, no aplasta; es humilde, fiel a la tierra. Tu camino, Jes\u00fas, es el camino de las Bienaventuranzas: no destruye, sino que cultiva, repara, protege.<\/p>\n<p>Oremos diciendo:\u00a0<i>Que venga tu Reino<\/i><\/p>\n<table border=\"0\" width=\"84%\">\n<tbody>\n<tr>\n<td width=\"638\">Por aquellos que se sienten fracasados.<\/td>\n<td><\/td>\n<td width=\"445\"><i>Que venga tu Reino<\/i><\/td>\n<\/tr>\n<tr>\n<td width=\"638\">Para desafiar una econom\u00eda que mata.<\/td>\n<td><\/td>\n<td width=\"445\"><i>Que venga tu Reino<\/i><\/td>\n<\/tr>\n<tr>\n<td width=\"638\">Para devolver la fuerza al que ha ca\u00eddo.<\/td>\n<td><\/td>\n<td width=\"445\"><i>Que venga tu Reino<\/i><\/td>\n<\/tr>\n<tr>\n<td width=\"638\">En las sociedades competitivas y entre los que buscan los primeros puestos.<\/td>\n<td><\/td>\n<td width=\"445\"><i>Que venga tu Reino<\/i><\/td>\n<\/tr>\n<tr>\n<td width=\"638\">Por los que est\u00e1n en las fronteras y sienten que su viaje ha terminado.<\/td>\n<td><\/td>\n<td width=\"445\"><i>Que venga tu Reino<\/i><\/td>\n<\/tr>\n<\/tbody>\n<\/table>\n<p>&nbsp;<\/p>\n<p>&nbsp;<\/p>\n<p><b>IV estaci\u00f3n<br \/>\nJes\u00fas encuentra a su madre<\/b><\/p>\n<p>Evangelio seg\u00fan san Lucas (8,19-21)<i><br \/>\nSu madre y sus hermanos fueron a verlo, pero no pudieron acercarse a causa de la multitud. Entonces le anunciaron a Jes\u00fas: \u00abTu madre y tus hermanos est\u00e1n ah\u00ed afuera y quieren verte\u00bb. Pero \u00e9l les respondi\u00f3: \u00abMi madre y mis hermanos son los que escuchan la Palabra de Dios y la practican\u00bb.<\/i><\/p>\n<p>Tu madre est\u00e1 en la v\u00eda de la cruz; ella fue tu primera disc\u00edpula. Con delicada determinaci\u00f3n, con esa inteligencia de las cosas que le hace conservarlas y meditarlas en el coraz\u00f3n, tu madre est\u00e1. Desde el instante en el que le fue propuesto acogerte en su seno hizo un cambio, se convirti\u00f3 a ti. Uni\u00f3 sus caminos a los tuyos. No fue una renuncia, sino un descubrimiento continuo, hasta el Calvario. Seguirte es dejar que sigas tu camino; tenerte es dar espacio a tu novedad. Lo sabe toda madre: un hijo sorprende. Hijo amado, t\u00fa reconoces que tu madre y tus hermanos son aquellos que escuchan y se dejan cambiar. No hablan, sino que hacen. En Dios las palabras son hechos, las promesas son realidades. En la v\u00eda de la cruz, oh Madre, est\u00e1s entre las pocas que lo recuerda. Ahora es el Hijo el que te necesita. \u00c9l percibe que t\u00fa no desesperas, que sigues engendrando la Palabra en tu seno. Tambi\u00e9n nosotros, Jes\u00fas, logramos seguirte generados por quien te ha seguido. Tambi\u00e9n nosotros hemos venido al mundo por la fe de tu madre y de innumerables testigos que generan vida incluso all\u00ed donde todo habla de muerte. Aquella vez, en Galilea, fueron ellos los que quer\u00edan verte. Ahora, subiendo al Calvario, t\u00fa mismo buscas la mirada del que te escucha y lo pone en pr\u00e1ctica. Acuerdo indescriptible. Alianza indisoluble.<\/p>\n<p>Oremos diciendo:\u00a0<i>He aqu\u00ed a mi madre<\/i><\/p>\n<table border=\"0\" width=\"76%\">\n<tbody>\n<tr>\n<td width=\"405\">Mar\u00eda escucha y habla.<\/td>\n<td><\/td>\n<td width=\"536\"><i>He aqu\u00ed a mi madre<\/i><\/td>\n<\/tr>\n<tr>\n<td width=\"405\">Mar\u00eda pregunta y reflexiona.<\/td>\n<td><\/td>\n<td width=\"536\"><i>He aqu\u00ed a mi madre<\/i><\/td>\n<\/tr>\n<tr>\n<td width=\"405\">Mar\u00eda sale de su casa y viaja decidida.<\/td>\n<td><\/td>\n<td width=\"536\"><i>He aqu\u00ed a mi madre<\/i><\/td>\n<\/tr>\n<tr>\n<td width=\"405\">Mar\u00eda se alegra y consuela.<\/td>\n<td><\/td>\n<td width=\"536\"><i>He aqu\u00ed a mi madre<\/i><\/td>\n<\/tr>\n<tr>\n<td width=\"405\">Mar\u00eda acoge y cuida.<\/td>\n<td><\/td>\n<td width=\"536\"><i>He aqu\u00ed a mi madre<\/i><\/td>\n<\/tr>\n<tr>\n<td width=\"405\">Mar\u00eda se arriesga y protege.<\/td>\n<td><\/td>\n<td width=\"536\"><i>He aqu\u00ed a mi madre<\/i><\/td>\n<\/tr>\n<tr>\n<td width=\"405\">Mar\u00eda no teme juicios ni insinuaciones.<\/td>\n<td><\/td>\n<td width=\"536\"><i>He aqu\u00ed a mi madre<\/i><\/td>\n<\/tr>\n<tr>\n<td width=\"405\">Mar\u00eda espera y permanece.<\/td>\n<td><\/td>\n<td width=\"536\"><i>He aqu\u00ed a mi madre<\/i><\/td>\n<\/tr>\n<tr>\n<td width=\"405\">Mar\u00eda orienta y acompa\u00f1a.<\/td>\n<td><\/td>\n<td width=\"536\"><i>He aqu\u00ed a mi madre<\/i><\/td>\n<\/tr>\n<tr>\n<td width=\"405\">Mar\u00eda no concede nada a la muerte.<\/td>\n<td><\/td>\n<td width=\"536\"><i>He aqu\u00ed a mi madre<\/i><\/td>\n<\/tr>\n<\/tbody>\n<\/table>\n<p>&nbsp;<\/p>\n<p><b>V estaci\u00f3n<br \/>\nJes\u00fas es ayudado por el Cirineo a llevar la cruz<\/b><\/p>\n<p>Evangelio seg\u00fan san Lucas (23,26)<i><br \/>\nCuando lo llevaban, detuvieron a un tal Sim\u00f3n de Cirene, que volv\u00eda del campo, y lo cargaron con la cruz, para que la llevara detr\u00e1s de Jes\u00fas.<\/i><\/p>\n<p>No se ofreci\u00f3, lo detuvieron. Sim\u00f3n regresaba de trabajar y lo cargaron con la cruz de un condenado. Habr\u00e1 tenido el f\u00edsico adecuado, cierto, pero su camino era otro, su plan era otro. Con Dios nos podemos tropezar con una situaci\u00f3n as\u00ed. Qui\u00e9n sabe por qu\u00e9, Jes\u00fas, ese nombre \u2015Sim\u00f3n de Cirene\u2015 se hizo r\u00e1pidamente imborrable entre tus disc\u00edpulos. En el camino de la cruz no estaban ellos, tampoco nosotros, Sim\u00f3n, en cambio, s\u00ed. Sigue siendo v\u00e1lido hoy que mientras alguien ofrece todo de s\u00ed, nosotros, o podemos estar en otra parte, incluso tratando de huir; o bien, podemos involucrarnos. Jes\u00fas, nosotros creemos recordar el nombre de Sim\u00f3n porque aquel incidente lo cambi\u00f3 para siempre. No ces\u00f3 nunca de pensar en ti. Se volvi\u00f3 parte de tu cuerpo, testigo de primera mano de la diferencia entre ti y cualquier otro condenado. Sim\u00f3n de Cirene se encontr\u00f3 cargando con tu cruz, sin haberla pedido, como el yugo del que t\u00fa hablaste un d\u00eda: \u00abmi yugo es suave y mi carga liviana\u00bb (<i>Mt<\/i>\u00a011,30). Tambi\u00e9n los animales trabajan mejor si avanzan juntos. Y t\u00fa, Jes\u00fas, amas involucrarte con tu trabajo, que prepara la tierra para que sea nuevamente sembrada. Necesitamos esa sorprendente delicadeza. Necesitamos a alguien que nos detenga, a veces, y ponga sobre nuestros hombros alg\u00fan trozo de realidad que simplemente necesita ser cargado. Se puede trabajar el d\u00eda entero, pero sin ti, se desperdicia. En vano se cansan los constructores, en vano vigila el centinela de la ciudad que Dios no construye (cf.\u00a0<i>Sal\u00a0<\/i>127). Por eso, en el camino de la cruz surge la nueva Jerusal\u00e9n. Y nosotros, como Sim\u00f3n de Cirene, cambiamos rumbo y trabajamos contigo.<\/p>\n<p>Oremos diciendo:\u00a0<i>Det\u00e9n nuestra carrera, Se\u00f1or<\/i><\/p>\n<table border=\"0\" width=\"84%\">\n<tbody>\n<tr>\n<td width=\"603\">Cuando vamos por nuestro propio camino, desinteres\u00e1ndonos de los dem\u00e1s.<\/td>\n<td><\/td>\n<td width=\"469\"><i>Det\u00e9n nuestra carrera, Se\u00f1or<\/i><\/td>\n<\/tr>\n<tr>\n<td width=\"603\">Cuando las noticias no nos conmueven.<\/td>\n<td><\/td>\n<td width=\"469\"><i>Det\u00e9n nuestra carrera, Se\u00f1or<\/i><\/td>\n<\/tr>\n<tr>\n<td width=\"603\">Cuando las personas se vuelven n\u00fameros.<\/td>\n<td><\/td>\n<td width=\"469\"><i>Det\u00e9n nuestra carrera, Se\u00f1or<\/i><\/td>\n<\/tr>\n<tr>\n<td width=\"603\">Cuando nunca hay tiempo para escuchar.<\/td>\n<td><\/td>\n<td width=\"469\"><i>Det\u00e9n nuestra carrera, Se\u00f1or<\/i><\/td>\n<\/tr>\n<tr>\n<td width=\"603\">Cuando tenemos prisa por decidir.<\/td>\n<td><\/td>\n<td width=\"469\"><i>Det\u00e9n nuestra carrera, Se\u00f1or<\/i><\/td>\n<\/tr>\n<tr>\n<td width=\"603\">Cuando los cambios de programa no son permitidos.<i><\/i><\/td>\n<td><\/td>\n<td width=\"469\"><i>Det\u00e9n nuestra carrera, Se\u00f1or<\/i><\/td>\n<\/tr>\n<\/tbody>\n<\/table>\n<p>&nbsp;<\/p>\n<p><b>VI estaci\u00f3n<br \/>\nLa Ver\u00f3nica enjuga el rostro de Jes\u00fas<\/b><\/p>\n<p>Evangelio seg\u00fan san Lucas (9,29-31)<i><br \/>\nMientras oraba, su rostro cambi\u00f3 de aspecto y sus vestiduras se volvieron de una blancura deslumbrante. Y dos hombres conversaban con \u00e9l: eran Mois\u00e9s y El\u00edas, que aparec\u00edan revestidos de gloria y hablaban de la partida de Jes\u00fas, que iba a cumplirse en Jerusal\u00e9n.<\/i><\/p>\n<p>Salmo 27 (27,8-9a)<i><br \/>\nMi coraz\u00f3n sabe que dijiste: \u00abBusquen mi rostro\u00bb.<br \/>\nYo busco tu rostro, Se\u00f1or, no lo apartes de m\u00ed.<\/i><\/p>\n<p>En tu rostro, Jes\u00fas, vemos tu coraz\u00f3n. Tu decisi\u00f3n se lee en tus ojos, traspasa tu semblante, vuelve tus facciones expresi\u00f3n de una atenci\u00f3n inconfundible. Te fijas en Ver\u00f3nica y tambi\u00e9n en m\u00ed. Yo busco tu rostro, que describe la decisi\u00f3n de amarnos hasta el \u00faltimo suspiro: incluso m\u00e1s all\u00e1, porque fuerte como la muerte es el amor (cf.\u00a0<i>Ct\u00a0<\/i>8,6). Tu rostro, que quisiera imprimir y conservar, nos cambia el coraz\u00f3n. T\u00fa te entregas a nosotros, d\u00eda tras d\u00eda, en el rostro de cada ser humano, memoria viva de tu encarnaci\u00f3n. Cada vez que nos acercamos al m\u00e1s peque\u00f1o, en efecto, nos interesamos por tus miembros y t\u00fa permaneces con nosotros. De esta forma nos iluminas el coraz\u00f3n y la expresi\u00f3n de nuestro semblante. En vez de rechazar, ahora acogemos. En el camino de la cruz nuestro rostro, como el tuyo, puede volverse finalmente resplandeciente y derramar bendiciones. Has grabado en nosotros la memoria, presentimiento de tu regreso, cuando nos reconocer\u00e1s con la primera mirada, uno a uno. Entonces, tal vez, te asemejaremos. Y estaremos cara a cara, en un di\u00e1logo sin fin, en la intimidad de la que nunca nos cansaremos, familia de Dios.<\/p>\n<p>Oremos diciendo:\u00a0<i>Graba en nosotros tu recuerdo, Jes\u00fas<\/i><\/p>\n<table border=\"0\" width=\"76%\">\n<tbody>\n<tr>\n<td width=\"414\">Si nuestro rostro es inexpresivo.<\/td>\n<td><\/td>\n<td width=\"535\"><i>Graba en nosotros tu recuerdo, Jes\u00fas<\/i><\/td>\n<\/tr>\n<tr>\n<td width=\"414\">Si nuestros proyectos excluyen.<\/td>\n<td><\/td>\n<td width=\"535\"><i>Graba en nosotros tu recuerdo, Jes\u00fas<\/i><\/td>\n<\/tr>\n<tr>\n<td width=\"414\">Si nuestro coraz\u00f3n es indiferente.<\/td>\n<td><\/td>\n<td width=\"535\"><i>Graba en nosotros tu recuerdo, Jes\u00fas<\/i><\/td>\n<\/tr>\n<tr>\n<td width=\"414\">Si nuestras actitudes causan divisi\u00f3n.<\/td>\n<td><\/td>\n<td width=\"535\"><i>Graba en nosotros tu recuerdo, Jes\u00fas<\/i><\/td>\n<\/tr>\n<tr>\n<td width=\"414\">Si nuestras elecciones lastiman.<\/td>\n<td><\/td>\n<td width=\"535\"><i>Graba en nosotros tu recuerdo, Jes\u00fas<\/i><\/td>\n<\/tr>\n<\/tbody>\n<\/table>\n<p>&nbsp;<\/p>\n<p><b>VII estaci\u00f3n<br \/>\nJes\u00fas cae por segunda vez<\/b><\/p>\n<p>Evangelio seg\u00fan san Lucas (15, 2-6)<i><br \/>\nLos fariseos y los escribas murmuraban, diciendo: \u00abEste hombre recibe a los pecadores y come con ellos\u00bb. Jes\u00fas les dijo entonces esta par\u00e1bola: \u00abSi alguien tiene cien ovejas y pierde una, \u00bfno deja acaso las noventa y nueve en el campo y va a buscar la que se hab\u00eda perdido, hasta encontrarla? Y cuando la encuentra, la carga sobre sus hombros, lleno de alegr\u00eda, y al llegar a su casa llama a sus amigos y vecinos, y les dice: \u201cAl\u00e9grense conmigo, porque encontr\u00e9 la oveja que se me hab\u00eda perdido\u201d\u00bb<\/i>.<\/p>\n<p>Caer y levantarse; caer y volver a levantarse. As\u00ed nos has ense\u00f1ado a leer, Jes\u00fas, la aventura de la vida humana. Humana porque es abierta. A las m\u00e1quinas no les permitimos equivocarse, las pretendemos perfectas. En cambio, las personas dudan, se distraen, se pierden. Y, sin embargo, conocen la alegr\u00eda: aquella de los nuevos inicios, aquella de los renacimientos. Los humanos no se generan mec\u00e1nicamente, sino artesanalmente: somos piezas \u00fanicas, un entrelazado de gracia y responsabilidad. Jes\u00fas, te hiciste uno de nosotros; no tuviste temor de tropezar y de caer. Quien se averg\u00fcenza de ello, quien hace alarde de infalibilidad, quien oculta sus propias ca\u00eddas y no perdona las de los dem\u00e1s, reniega del camino que t\u00fa has elegido. T\u00fa eres, Jes\u00fas, el Se\u00f1or de la alegr\u00eda. En ti todos nos encontramos y somos llevados a casa, como la \u00fanica oveja que se hab\u00eda perdido. Deshumana es la econom\u00eda en la que noventa y nueve valen m\u00e1s que uno. Sin embargo, hemos construido un mundo que funciona de ese modo; un mundo de c\u00e1lculos y algoritmos, de fr\u00edas l\u00f3gicas e intereses implacables. La ley de tu casa, econom\u00eda divina, es otra, Se\u00f1or. Volvernos a ti, que caes y te levantas, es un cambio de ruta y un cambio de paso. Conversi\u00f3n que devuelve alegr\u00eda y nos lleva a casa.<\/p>\n<p>Oremos diciendo:\u00a0<i>Lev\u00e1ntanos, oh Dios, nuestra salvaci\u00f3n<\/i><\/p>\n<table border=\"0\" width=\"76%\">\n<tbody>\n<tr>\n<td width=\"506\">Somos ni\u00f1os que a veces lloran.<\/td>\n<td><\/td>\n<td width=\"445\"><i>Lev\u00e1ntanos, oh Dios, nuestra salvaci\u00f3n<\/i><\/td>\n<\/tr>\n<tr>\n<td width=\"506\">Somos adolescentes que se sienten inseguros.<\/td>\n<td><\/td>\n<td width=\"445\"><i>Lev\u00e1ntanos, oh Dios, nuestra salvaci\u00f3n<\/i><\/td>\n<\/tr>\n<tr>\n<td width=\"506\">Somos j\u00f3venes que muchos adultos desprecian.<\/td>\n<td><\/td>\n<td width=\"445\"><i>Lev\u00e1ntanos, oh Dios, nuestra salvaci\u00f3n<\/i><\/td>\n<\/tr>\n<tr>\n<td width=\"506\">Somos adultos que se han equivocado.<\/td>\n<td><\/td>\n<td width=\"445\"><i>Lev\u00e1ntanos, oh Dios, nuestra salvaci\u00f3n<\/i><\/td>\n<\/tr>\n<tr>\n<td width=\"506\">Somos ancianos que a\u00fan quieren so\u00f1ar.<\/td>\n<td><\/td>\n<td width=\"445\"><i>Lev\u00e1ntanos, oh Dios, nuestra salvaci\u00f3n<\/i><\/td>\n<\/tr>\n<\/tbody>\n<\/table>\n<p>&nbsp;<\/p>\n<p><b>VIII estaci\u00f3n<br \/>\nJes\u00fas encuentra a las mujeres de Jerusal\u00e9n<\/b><\/p>\n<p>Evangelio seg\u00fan san Lucas (23,27-31)<i><br \/>\nLo segu\u00edan muchos del pueblo y un buen n\u00famero de mujeres, que se golpeaban el pecho y se lamentaban por \u00e9l. Pero Jes\u00fas, volvi\u00e9ndose hacia ellas, les dijo: \u00ab\u00a1Hijas de Jerusal\u00e9n!, no lloren por m\u00ed; lloren m\u00e1s bien por ustedes y por sus hijos. Porque se acerca el tiempo en que se dir\u00e1: \u201c\u00a1Felices las est\u00e9riles, felices los senos que no concibieron y los pechos que no amamantaron!\u201d Entonces se dir\u00e1 a las monta\u00f1as: \u201c\u00a1Caigan sobre nosotros!\u201d, y a los cerros: \u201c\u00a1Sep\u00faltennos!\u201d Porque si as\u00ed tratan a la le\u00f1a verde, \u00bfqu\u00e9 ser\u00e1 de la le\u00f1a seca?\u00bb.<\/i><\/p>\n<p>En las mujeres has reconocido desde siempre, Jes\u00fas, una particular correspondencia con el coraz\u00f3n de Dios. Por eso, en la gran multitud del pueblo que aquel d\u00eda cambi\u00f3 direcci\u00f3n y te segu\u00eda, inmediatamente viste a las mujeres y, una vez m\u00e1s, estableciste con ellas una conexi\u00f3n especial. La ciudad es distinta cuando se lleva en el vientre a sus habitantes, cuando se amamanta a los ni\u00f1os: en definitiva, cuando no se conoce solamente el registro del dominio, sino que las cosas se viven desde dentro. A las mujeres que por deber llevan a cabo el rito de la compasi\u00f3n, t\u00fa les golpeas el coraz\u00f3n. En efecto, es en el coraz\u00f3n donde se enlazan los acontecimientos y nacen los pensamientos y las decisiones. \u00abNo lloren por m\u00ed\u00bb. El coraz\u00f3n de Dios vibra por su pueblo, genera una nueva ciudad. \u00abLloren m\u00e1s bien por ustedes y por sus hijos\u00bb. En realidad, existe un llanto donde todo renace. Pero son necesarias l\u00e1grimas de reconsideraci\u00f3n, de las que no hay que avergonzarse, l\u00e1grimas que no se pueden esconder en lo \u00edntimo. Nuestra convivencia herida, oh Se\u00f1or, en este mundo hecho trizas, necesita l\u00e1grimas sinceras, no de circunstancia. De lo contrario, se realizar\u00e1 lo que predijeron los apocal\u00edpticos: ya no generaremos nada y todo se derrumbar\u00e1. En cambio, la fe mueve monta\u00f1as. Los montes y las colinas no se derrumban sobre nosotros, sino que en medio a ellos se abre un camino. Es tu camino, Jes\u00fas: un camino en salida, en el que los ap\u00f3stoles te abandonaron, pero tus disc\u00edpulas \u2015madres de la Iglesia\u2015 te siguieron.<\/p>\n<p>Oremos diciendo:\u00a0<i>Danos un coraz\u00f3n materno, Jes\u00fas<\/i><\/p>\n<table border=\"0\" width=\"76%\">\n<tbody>\n<tr>\n<td width=\"506\">Has poblado de santas mujeres la historia de la Iglesia.<\/td>\n<td><\/td>\n<td width=\"445\"><i>Danos un coraz\u00f3n materno, Jes\u00fas<\/i><\/td>\n<\/tr>\n<tr>\n<td width=\"506\">Has repudiado la prepotencia y el dominio.<i>\u00a0<\/i><\/td>\n<td><\/td>\n<td width=\"445\"><i>Danos un coraz\u00f3n materno, Jes\u00fas<\/i><\/td>\n<\/tr>\n<tr>\n<td width=\"506\">Has reunido y consolado las l\u00e1grimas de las madres.<\/td>\n<td><\/td>\n<td width=\"445\"><i>Danos un coraz\u00f3n materno, Jes\u00fas<\/i><\/td>\n<\/tr>\n<tr>\n<td width=\"506\">Has confiado a las mujeres el mensaje de la resurrecci\u00f3n.<\/td>\n<td><\/td>\n<td width=\"445\"><i>Danos un coraz\u00f3n materno, Jes\u00fas<\/i><\/td>\n<\/tr>\n<tr>\n<td width=\"506\">Has inspirado en la Iglesia nuevos carismas y sensibilidad.<\/td>\n<td><\/td>\n<td width=\"445\"><i>Danos un coraz\u00f3n materno, Jes\u00fas<\/i><\/td>\n<\/tr>\n<\/tbody>\n<\/table>\n<p>&nbsp;<\/p>\n<p><b>IX estaci\u00f3n<br \/>\nJes\u00fas cae por tercera vez<\/b><\/p>\n<p>Evangelio seg\u00fan san Lucas (7,44-49)<i><br \/>\n[Jes\u00fas] dijo a Sim\u00f3n: \u00ab\u00bfVes a esta mujer? Entr\u00e9 en tu casa y t\u00fa no derramaste agua sobre mis pies; en cambio, ella los ba\u00f1\u00f3 con sus l\u00e1grimas y los sec\u00f3 con sus cabellos. T\u00fa no me besaste; ella, en cambio, desde que entr\u00e9, no ces\u00f3 de besar mis pies. T\u00fa no ungiste mi cabeza; ella derram\u00f3 perfume sobre mis pies. Por eso te digo que sus pecados, sus numerosos pecados, le han sido perdonados porque ha demostrado mucho amor. Pero aquel a quien se le perdona poco, demuestra poco amor\u00bb. Despu\u00e9s dijo a la mujer: \u00abTus pecados te son perdonados\u00bb. Los invitados pensaron: \u00ab\u00bfQui\u00e9n es este hombre, que llega hasta perdonar los pecados?\u00bb.<\/i><\/p>\n<p>No s\u00f3lo una o dos veces, t\u00fa caes de nuevo, Jes\u00fas. Te ca\u00edas cuando eras ni\u00f1o, como todo ni\u00f1o. As\u00ed abarcaste y acogiste nuestra humanidad, que cae una y otra vez. Si el pecado nos aleja, tu existir sin pecado te acerca a todo pecador, te une indisolublemente a las ca\u00eddas. Y esto mueve a la conversi\u00f3n. Esc\u00e1ndalo para quien toma distancia de los dem\u00e1s y de s\u00ed mismo. Esc\u00e1ndalo para quien vive dividido en dos, entre lo que deber\u00eda ser y lo que realmente es. En tu misericordia, Jes\u00fas, cae toda hipocres\u00eda. Las m\u00e1scaras, las fachadas hermosas no sirven m\u00e1s. Dios ve el coraz\u00f3n. Ama el coraz\u00f3n. Enciende el coraz\u00f3n. Y de esta manera me levantas y me colocas en caminos nunca antes recorridos, audaces, generosos. \u00bfQui\u00e9n eres, Jes\u00fas, que perdonas tambi\u00e9n los pecados? De nuevo ca\u00eddo por tierra, en el camino de la cruz, eres el Salvador de esta tierra nuestra. No s\u00f3lo la habitamos, sino que hemos sido plasmados con ella. T\u00fa, por tierra, nos sigues modelando, como un h\u00e1bil alfarero.<\/p>\n<p>Oremos diciendo:\u00a0<i>Nosotros somos arcilla en tus manos<\/i><\/p>\n<table border=\"0\" width=\"93%\">\n<tbody>\n<tr>\n<td width=\"718\">Cuando las cosas parecen no poder cambiar, acu\u00e9rdate de nosotros:<\/td>\n<td><\/td>\n<td width=\"469\"><i>Nosotros somos arcilla en tus manos<\/i><\/td>\n<\/tr>\n<tr>\n<td width=\"718\">Cuando de los conflictos no se ve el final, acu\u00e9rdate de nosotros:<\/td>\n<td><\/td>\n<td width=\"469\"><i>Nosotros somos arcilla en tus manos<\/i><\/td>\n<\/tr>\n<tr>\n<td width=\"718\">Cuando la tecnolog\u00eda nos enga\u00f1a haci\u00e9ndonos creer omnipotentes, acu\u00e9rdate de nosotros:<\/td>\n<td><\/td>\n<td width=\"469\"><i>Nosotros somos arcilla en tus manos<\/i><\/td>\n<\/tr>\n<tr>\n<td width=\"718\">Cuando los \u00e9xitos nos despeguen de la tierra, acu\u00e9rdate de nosotros:<\/td>\n<td><\/td>\n<td width=\"469\"><i>Nosotros somos arcilla en tus manos<\/i><\/td>\n<\/tr>\n<tr>\n<td width=\"718\">Cuando nos preocupa m\u00e1s la apariencia que el coraz\u00f3n, acu\u00e9rdate de nosotros:<\/td>\n<td><\/td>\n<td width=\"469\"><i>Nosotros somos arcilla en tus manos<\/i><\/td>\n<\/tr>\n<\/tbody>\n<\/table>\n<p>&nbsp;<\/p>\n<p><b>X estaci\u00f3n<br \/>\nJes\u00fas es despojado de sus vestiduras<\/b><\/p>\n<p>Libro de Job (1,20-22)<i><br \/>\nEntonces Job se levant\u00f3 y rasg\u00f3 su manto; se rap\u00f3 la cabeza, se postr\u00f3 con el rostro en tierra y exclam\u00f3: \u00abDesnudo sal\u00ed del vientre de mi madre, y desnudo volver\u00e9 all\u00ed. El Se\u00f1or me lo dio y el Se\u00f1or me lo quit\u00f3: \u00a1bendito sea el nombre del Se\u00f1or!\u00bb. En todo esto, Job no pec\u00f3 ni dijo nada indigno contra Dios.<\/i><\/p>\n<p>No te desnudas, te desnudan. La diferencia est\u00e1 clara para todos nosotros, Jes\u00fas. S\u00f3lo quien nos ama puede acoger nuestra desnudez entre sus manos y en su mirada. Tememos, en cambio, la mirada de quien no nos conoce y s\u00f3lo sabe poseer. Est\u00e1s desnudo y expuesto a todos, pero t\u00fa transformas incluso la humillaci\u00f3n en familiaridad. Quieres revelarte \u00edntimo incluso a quien te destruye, miras a quien te desnuda como a una persona amada que el Padre te ha dado. Aqu\u00ed hay m\u00e1s que la paciencia de Job, incluso m\u00e1s que su fe. En ti est\u00e1 el Esposo que se deja tomar, tocar y trueca todo en bien. Nos dejas tus vestiduras, como reliquias de un amor consumado. Est\u00e1n en nuestras manos, porque has estado en casa, has estado con nosotros. Nosotros tomamos tus vestiduras y ahora las echamos a suerte, pero la suerte, aqu\u00ed, no favorece a uno, sino a todos. Nos conoces uno a uno, para salvar a todos, todos, todos. Y si la Iglesia te parece hoy como una vestidura rasgada, ens\u00e9\u00f1anos a recoser nuestra fraternidad, fundada sobre tu entrega. Somos tu cuerpo, tu t\u00fanica indivisible, tu Esposa. Lo somos juntos. Para nosotros la suerte ha ca\u00eddo en un lugar de delicias, estamos contentos con nuestra herencia (cf.\u00a0<i>Sal\u00a0<\/i>16,6).<\/p>\n<p>Oremos diciendo:\u00a0<i>Concede a tu Iglesia paz y unidad<\/i><\/p>\n<table border=\"0\" width=\"76%\">\n<tbody>\n<tr>\n<td width=\"506\">Se\u00f1or Jes\u00fas, que ves divididos a tus disc\u00edpulos.<\/td>\n<td><\/td>\n<td width=\"445\"><i>Concede a tu Iglesia paz y unidad<\/i><\/td>\n<\/tr>\n<tr>\n<td width=\"506\">Se\u00f1or Jes\u00fas, que llevas las heridas de nuestra historia.<\/td>\n<td><\/td>\n<td width=\"445\"><i>Concede a tu Iglesia paz y unidad<\/i><\/td>\n<\/tr>\n<tr>\n<td width=\"506\">Se\u00f1or Jes\u00fas, que conoces la fragilidad de nuestro amor.<i><\/i><\/td>\n<td><\/td>\n<td width=\"445\"><i>Concede a tu Iglesia paz y unidad<\/i><\/td>\n<\/tr>\n<tr>\n<td width=\"506\">Se\u00f1or Jes\u00fas, que nos quieres miembros de tu Cuerpo.<\/td>\n<td><\/td>\n<td width=\"445\"><i>Concede a tu Iglesia paz y unidad<\/i><\/td>\n<\/tr>\n<tr>\n<td width=\"506\">Se\u00f1or Jes\u00fas, que vistes la t\u00fanica de la misericordia.<\/td>\n<td><\/td>\n<td width=\"445\"><i>Concede a tu Iglesia paz y unidad<\/i><\/td>\n<\/tr>\n<\/tbody>\n<\/table>\n<p>&nbsp;<\/p>\n<p><b>XI estaci\u00f3n<br \/>\nJes\u00fas es clavado en la cruz<\/b><\/p>\n<p>Evangelio seg\u00fan san Lucas (23,32-34a)<i><br \/>\nCon \u00e9l llevaban tambi\u00e9n a otros dos malhechores, para ser ejecutados. Cuando llegaron al lugar llamado \u00abdel Cr\u00e1neo\u00bb, lo crucificaron junto con los malhechores, uno a su derecha y el otro a su izquierda. Jes\u00fas dec\u00eda: \u00abPadre, perd\u00f3nalos, porque no saben lo que hacen\u00bb.<\/i><\/p>\n<p>Nada nos asusta m\u00e1s que la inmovilidad. Y t\u00fa est\u00e1s clavado, inmovilizado, bloqueado. Lo est\u00e1s, pero junto a otros, nunca solo; est\u00e1s determinado a revelarte tambi\u00e9n en la cruz como el Dios con nosotros. La revelaci\u00f3n no se detiene, no se clava. T\u00fa, Jes\u00fas, nos muestras que en cualquier circunstancia hay una decisi\u00f3n que tomar. Y este es el v\u00e9rtigo de la libertad. Ni siquiera en la cruz est\u00e1s neutralizado, t\u00fa decides para qui\u00e9n est\u00e1s ah\u00ed. T\u00fa prestas atenci\u00f3n tanto a uno como a otro de los que est\u00e1n crucificados contigo; dejas deslizar los insultos de uno y acoges la invocaci\u00f3n del otro. T\u00fa prestas atenci\u00f3n a quien te crucifica y sabes leer el coraz\u00f3n de quien no sabe lo que hace. T\u00fa prestas atenci\u00f3n al cielo, lo quisieras m\u00e1s claro, pero rasgas la barrera de la oscuridad con la luz de la intercesi\u00f3n. Clavado, de hecho, intercedes, te pones en medio de las partes, entre los opuestos. Y los llevas a Dios, porque tu cruz derriba los muros, cancela las deudas, anula las sentencias, establece la reconciliaci\u00f3n. Eres el verdadero Jubileo. Convi\u00e9rtenos a ti, Jes\u00fas, que clavado todo lo puedes.<\/p>\n<p>Oremos diciendo:\u00a0<i>Ens\u00e9\u00f1anos a amar<\/i><\/p>\n<table border=\"0\" width=\"85%\">\n<tbody>\n<tr>\n<td width=\"645\">Cuando nos sentimos con fuerzas y cuando parece que nos faltan.<\/td>\n<td><\/td>\n<td width=\"445\"><i>Ens\u00e9\u00f1anos a amar<\/i><\/td>\n<\/tr>\n<tr>\n<td width=\"645\">Cuando nos vemos inmovilizados por leyes y decisiones injustas.<\/td>\n<td><\/td>\n<td width=\"445\"><i>Ens\u00e9\u00f1anos a amar<\/i><\/td>\n<\/tr>\n<tr>\n<td width=\"645\">Cuando nos vemos contrastados por quien no quiere la verdad y la justicia.<\/td>\n<td><\/td>\n<td width=\"445\"><i>Ens\u00e9\u00f1anos a amar<\/i><\/td>\n<\/tr>\n<tr>\n<td width=\"645\">Cuando estamos tentados de perder la esperanza.<\/td>\n<td><\/td>\n<td width=\"445\"><i>Ens\u00e9\u00f1anos a amar<\/i><\/td>\n<\/tr>\n<tr>\n<td width=\"645\">Cuando se dice que \u201cno hay nada m\u00e1s que hacer\u201d.<\/td>\n<td><\/td>\n<td width=\"445\"><i>Ens\u00e9\u00f1anos a amar<\/i><\/td>\n<\/tr>\n<\/tbody>\n<\/table>\n<p>&nbsp;<\/p>\n<p><b>XII estaci\u00f3n<br \/>\nJes\u00fas muere en la cruz<\/b><\/p>\n<p>Evangelio seg\u00fan san Lucas (23,44b-49)<i><br \/>\nEl sol se eclips\u00f3 [\u2026] El velo del Templo se rasg\u00f3 por el medio. Jes\u00fas, con un grito, exclam\u00f3: \u00abPadre, en tus manos encomiendo mi esp\u00edritu\u00bb. Y diciendo esto, expir\u00f3. Cuando el centuri\u00f3n vio lo que hab\u00eda pasado, alab\u00f3 a Dios, exclamando: \u00abRealmente este hombre era un justo\u00bb. Y la multitud que se hab\u00eda reunido para contemplar el espect\u00e1culo, al ver lo sucedido, regresaba golpe\u00e1ndose el pecho. Todos sus amigos y las mujeres que lo hab\u00edan acompa\u00f1ado desde Galilea permanec\u00edan a distancia, contemplando lo sucedido.<\/i><\/p>\n<p>En el Calvario, \u00bfd\u00f3nde estamos nosotros?, \u00bfbajo la cruz?, \u00bfa cierta distancia?, \u00bflejos? O tal vez, como los ap\u00f3stoles, ya no estamos. T\u00fa expiras, y este respiro, \u00faltimo y primero, s\u00f3lo pide ser acogido. Se\u00f1or Jes\u00fas, orienta nuestros caminos hacia tu don. No permitas que tu soplo de vida se disipe. Nuestra oscuridad busca luz. Nuestros templos quieren permanecer definitivamente abiertos. Ahora el Santo ya no est\u00e1 detr\u00e1s del velo, su secreto se ofrece a todos. Lo percibe un militar, que observando de cerca c\u00f3mo mueres reconoce un nuevo tipo de fuerza. Lo comprende la multitud que hab\u00eda gritado contra ti; antes estaba distante, pero ahora encuentra el espect\u00e1culo de un amor jam\u00e1s visto, de una belleza que la hace volver a creer. A quienes te ven morir, Se\u00f1or, t\u00fa les das el tiempo de volver, golpe\u00e1ndose el pecho, golpe\u00e1ndose el coraz\u00f3n, para que su dureza se haga pedazos. A nosotros, Jes\u00fas, que frecuentemente te miramos todav\u00eda desde lejos, conc\u00e9denos vivir acord\u00e1ndonos de ti, para que un d\u00eda, cuando vengas, tambi\u00e9n la muerte nos encuentre vivos.<\/p>\n<p>Oremos diciendo:\u00a0<i>\u00a1Ven, Esp\u00edritu Santo!<\/i><\/p>\n<table border=\"0\" width=\"82%\">\n<tbody>\n<tr>\n<td width=\"610\">Nos hemos mantenido a distancia de las llagas del Se\u00f1or.<\/td>\n<td><\/td>\n<td width=\"445\"><i>\u00a1Ven, Esp\u00edritu Santo!<\/i><\/td>\n<\/tr>\n<tr>\n<td width=\"610\">Ante el hermano ca\u00eddo hemos mirado hacia otro lado.<\/td>\n<td><\/td>\n<td width=\"445\"><i>\u00a1Ven, Esp\u00edritu Santo!<\/i><\/td>\n<\/tr>\n<tr>\n<td width=\"610\">Los misericordiosos y los pobres en el esp\u00edritu parecen unos perdedores.<\/td>\n<td><\/td>\n<td width=\"445\"><i>\u00a1Ven, Esp\u00edritu Santo!<\/i><\/td>\n<\/tr>\n<tr>\n<td width=\"610\">Creyentes y no creyentes est\u00e1n frente al crucificado.<\/td>\n<td><\/td>\n<td width=\"445\"><i>\u00a1Ven, Esp\u00edritu Santo!<\/i><\/td>\n<\/tr>\n<tr>\n<td width=\"610\">El mundo entero busca comenzar de nuevo.<i><\/i><\/td>\n<td><\/td>\n<td width=\"445\"><i>\u00a1Ven, Esp\u00edritu Santo!<\/i><\/td>\n<\/tr>\n<\/tbody>\n<\/table>\n<p>&nbsp;<\/p>\n<p><b>XIII estaci\u00f3n<br \/>\nJes\u00fas es bajado de la cruz<\/b><\/p>\n<p>Evangelio seg\u00fan san Lucas (23,50-53a)<i><br \/>\nLleg\u00f3 entonces un miembro del Consejo, llamado Jos\u00e9, hombre recto y justo, que hab\u00eda disentido con las decisiones y actitudes de los dem\u00e1s. Era de Arimatea, ciudad de Judea, y esperaba el Reino de Dios. Fue a ver a Pilato para pedirle el cuerpo de Jes\u00fas. Despu\u00e9s [lo baj\u00f3] de la cruz.<\/i><\/p>\n<p>Finalmente, tu cuerpo est\u00e1 en las manos de un hombre bueno y justo. T\u00fa est\u00e1s envuelto en el sue\u00f1o de la muerte, Jes\u00fas, pero el que se hace cargo de ti es un coraz\u00f3n vivo, que ha hecho una elecci\u00f3n. Jos\u00e9 no era de aquellos que dicen y no hacen. \u201cHab\u00eda disentido con las decisiones y actitudes de los dem\u00e1s\u201d, dice el Evangelio. Y esto es una buena noticia: te abraza, Jes\u00fas, uno que no ha abrazado la opini\u00f3n com\u00fan. Se hace cargo de ti uno que ha asumido las propias responsabilidades. Est\u00e1s en tu sitio, Jes\u00fas, en el seno de Jos\u00e9 de Arimatea, que \u201cesperaba el Reino de Dios\u201d. Est\u00e1s en tu sitio entre quien espera todav\u00eda, entre quien no se resigna a pensar que la injusticia es inevitable. T\u00fa rompes la cadena de lo ineludible, Jes\u00fas. Rompes los automatismos que destruyen la casa com\u00fan y la fraternidad. A quienes esperan tu Reino les das el valor de presentarse a las autoridades, como Mois\u00e9s al Fara\u00f3n, como Jos\u00e9 de Arimatea a Pilatos. Nos habilitas para grandes responsabilidades, nos haces audaces. As\u00ed, aun estando muerto, sigues reinando. Y para nosotros, Jes\u00fas, servirte es reinar.<\/p>\n<p>Oremos diciendo:\u00a0<i>Servirte es reinar<\/i><\/p>\n<table border=\"0\" width=\"76%\">\n<tbody>\n<tr>\n<td width=\"381\">Dando de comer a los hambrientos.<\/td>\n<td><\/td>\n<td width=\"539\"><i>Servirte es reinar<\/i><\/td>\n<\/tr>\n<tr>\n<td width=\"381\">Dando de beber a los sedientos.<i><\/i><\/td>\n<td><\/td>\n<td width=\"539\"><i>Servirte es reinar<\/i><\/td>\n<\/tr>\n<tr>\n<td width=\"381\">Vistiendo al desnudo.<i><\/i><\/td>\n<td><\/td>\n<td width=\"539\"><i>Servirte es reinar<\/i><\/td>\n<\/tr>\n<tr>\n<td width=\"381\">Hospedando a los forasteros.<\/td>\n<td><\/td>\n<td width=\"539\"><i>Servirte es reinar<\/i><\/td>\n<\/tr>\n<tr>\n<td width=\"381\">Visitando a los enfermos.<i><\/i><\/td>\n<td><\/td>\n<td width=\"539\"><i>Servirte es reinar<\/i><\/td>\n<\/tr>\n<tr>\n<td width=\"381\">Visitando a los encarcelados.<\/td>\n<td><\/td>\n<td width=\"539\"><i>Servirte es reinar<\/i><\/td>\n<\/tr>\n<tr>\n<td width=\"381\">Enterrando a los muertos.<i><\/i><\/td>\n<td><\/td>\n<td width=\"539\"><i>Servirte es reinar<\/i><\/td>\n<\/tr>\n<\/tbody>\n<\/table>\n<p>&nbsp;<\/p>\n<p><b>XIV estaci\u00f3n<br \/>\nJes\u00fas es colocado en el sepulcro<\/b><\/p>\n<p>Evangelio seg\u00fan san Lucas (23,53b-56)<i><br \/>\nLo envolvi\u00f3 en una s\u00e1bana y lo coloc\u00f3 en un sepulcro cavado en la roca, donde nadie hab\u00eda sido sepultado. Era el d\u00eda de la Preparaci\u00f3n, y ya comenzaba el s\u00e1bado. Las mujeres que hab\u00edan venido de Galilea con Jes\u00fas siguieron a Jos\u00e9, observaron el sepulcro y vieron c\u00f3mo hab\u00eda sido sepultado. Despu\u00e9s regresaron y prepararon los b\u00e1lsamos y perfumes, pero el s\u00e1bado observaron el descanso que prescrib\u00eda la Ley.<\/i><\/p>\n<p>En un sistema que nunca se detiene, Jes\u00fas, t\u00fa vives tu s\u00e1bado. Lo viven tambi\u00e9n las mujeres, a las que aromas y perfumes quisieran ya hablar de resurrecci\u00f3n. Ens\u00e9\u00f1anos a no hacer nada, cuando \u00fanicamente se nos pide esperar. Ed\u00facanos en los tiempos de la tierra, que no son los del artificio. Colocado en el sepulcro, Jes\u00fas, compartes la condici\u00f3n que nos acomuna a todos y alcanzas los abismos que tanto nos asustan. Ves c\u00f3mo los rehuimos, multiplicando nuestras actividades. Giramos frecuentemente en c\u00edrculos, pero el s\u00e1bado brilla con sus luces, nos educa y nos pide descanso. Vida divina, vida a la medida del hombre, la que conoce la paz del s\u00e1bado. \u00abCada uno se sentar\u00e1 bajo su parra y bajo su higuera, sin que nadie lo perturbe\u00bb (<i>Mi<\/i>\u00a04,4), profetizaba Miqueas. Y Zacar\u00edas se hace eco de esta palabra: \u00abAquel d\u00eda \u2013or\u00e1culo del Se\u00f1or de los ej\u00e9rcitos\u2013 ustedes se invitar\u00e1n unos a otros debajo de la parra y de la higuera\u00bb (<i>Za<\/i>\u00a03,10). Jes\u00fas, que pareces dormir en un mundo tempestuoso, ll\u00e9vanos a todos a la paz del s\u00e1bado. Entonces la creaci\u00f3n entera nos parecer\u00e1 muy buena y hermosa, destinada a la resurrecci\u00f3n. Y habr\u00e1 paz para tu pueblo y entre todas las naciones.<\/p>\n<p>Oremos diciendo:\u00a0<i>Que venga tu paz<\/i><\/p>\n<table border=\"0\" width=\"76%\">\n<tbody>\n<tr>\n<td width=\"379\">Para la tierra, el aire y el agua.<\/td>\n<td><\/td>\n<td width=\"539\"><i>Que venga tu paz<\/i><\/td>\n<\/tr>\n<tr>\n<td width=\"379\">Para los justos y los injustos.<i><\/i><\/td>\n<td><\/td>\n<td width=\"539\"><i>Que venga tu paz<\/i><\/td>\n<\/tr>\n<tr>\n<td width=\"379\">Para quien es invisible y carece de voz.<i><\/i><\/td>\n<td><\/td>\n<td width=\"539\"><i>Que venga tu paz<\/i><\/td>\n<\/tr>\n<tr>\n<td width=\"379\">Para quien no tiene poder ni dinero.<i>\u00a0<\/i><\/td>\n<td><\/td>\n<td width=\"539\"><i>Que venga tu paz<\/i><\/td>\n<\/tr>\n<tr>\n<td width=\"379\">Para quien espera un brote justo.<i><\/i><\/td>\n<td><\/td>\n<td width=\"539\"><i>Que venga tu paz<\/i><\/td>\n<\/tr>\n<\/tbody>\n<\/table>\n<p>&nbsp;<\/p>\n<p><b>Invocaci\u00f3n final<\/b><\/p>\n<p>\u00ab\u201c<i>Laudato si\u2019, mi\u2019 Signore<\/i>\u201d \u2013 \u201cAlabado seas, mi Se\u00f1or\u201d, cantaba san Francisco de As\u00eds. En ese hermoso c\u00e1ntico nos recordaba que nuestra casa com\u00fan es tambi\u00e9n como una hermana [\u2026]. Esta hermana clama por el da\u00f1o que le provocamos\u00bb (Carta enc.\u00a0<i><a href=\"https:\/\/www.vatican.va\/content\/francesco\/es\/encyclicals\/documents\/papa-francesco_20150524_enciclica-laudato-si.html\">Laudato si\u2019<\/a><\/i>, 1-2).<\/p>\n<p>\u00ab\u201c<i>Fratelli tutti<\/i>\u201d, escrib\u00eda san Francisco de As\u00eds para dirigirse a todos los hermanos y las hermanas, y proponerles una forma de vida con sabor a Evangelio\u00bb (Carta enc.\u00a0<i><a href=\"https:\/\/www.vatican.va\/content\/francesco\/es\/encyclicals\/documents\/papa-francesco_20201003_enciclica-fratelli-tutti.html\">Fratelli tutti<\/a><\/i>, 1).<\/p>\n<p>\u00ab\u201cNos am\u00f3\u201d, dice san Pablo refiri\u00e9ndose a Cristo [\u2026], para ayudarnos a descubrir que de ese amor nada \u201cpodr\u00e1 separarnos\u201d\u00bb (Carta enc.\u00a0<i><a href=\"https:\/\/www.vatican.va\/content\/francesco\/es\/encyclicals\/documents\/20241024-enciclica-dilexit-nos.html\">Dilexit nos<\/a><\/i>, 1).<\/p>\n<p>Hemos recorrido la v\u00eda de la Cruz; nos hemos dirigido al amor del que nada podr\u00e1 separarnos. Ahora, mientras el Rey duerme y un gran silencio cubre toda la tierra, haciendo nuestras las palabras de san Francisco invoquemos el don de la conversi\u00f3n del coraz\u00f3n.<\/p>\n<p align=\"center\">\u00a1Oh alto y glorioso Dios!,<br \/>\nilumina las tinieblas de mi coraz\u00f3n.<br \/>\nConc\u00e9deme fe recta,<br \/>\nesperanza cierta,<br \/>\ncaridad perfecta<br \/>\ny humildad profunda.<br \/>\nConc\u00e9deme, Se\u00f1or, sabidur\u00eda y discernimiento<br \/>\npara cumplir tu santa voluntad. Am\u00e9n.<\/p>\n","protected":false},"excerpt":{"rendered":"<p>Por primera vez, el Pont\u00edfice escribe personalmente las meditaciones del V\u00eda Crucis en el Coliseo de Roma, centradas en la mirada de Jes\u00fas y la conversi\u00f3n del coraz\u00f3n<\/p>\n","protected":false},"author":15,"featured_media":123912,"comment_status":"closed","ping_status":"closed","sticky":false,"template":"","format":"standard","meta":{"_acf_changed":false,"_crdt_document":"","inline_featured_image":false,"footnotes":""},"categories":[68],"tags":[49890,54777,175,47474,20090,20343,54784,2419,54780,54776,54781,54783,10601,54779,158,13703,15857,244,52148,54089,54778,54096,439,54775,54782,54088],"class_list":["post-123908","post","type-post","status-publish","format-standard","has-post-thumbnail","hentry","category-leon-xiv","tag-camino-de-la-cruz","tag-coliseo-roma","tag-cuaresma","tag-cuaresma-2025","tag-devocion-catolica","tag-espiritualidad-catolica","tag-fe-en-semana-santa","tag-featured","tag-meditacion-de-la-cruz","tag-meditaciones-viernes-santo","tag-mirada-de-jesus","tag-oracion-con-jesus","tag-oracion-del-papa-francisco","tag-oraciones-del-papa","tag-papa-francisco","tag-pasion-del-senor","tag-reflexiones-cristianas","tag-semana-santa","tag-semana-santa-2025","tag-semana-santa-vaticano","tag-texto-completo-via-crucis","tag-vaticano-semana-santa","tag-via-crucis","tag-via-crucis-2025","tag-via-crucis-completo","tag-viernes-santo-2025"],"acf":[],"yoast_head":"<!-- This site is optimized with the Yoast SEO plugin v27.5 - https:\/\/yoast.com\/product\/yoast-seo-wordpress\/ -->\n<title>V\u00eda Crucis 2025: El Papa Francisco gu\u00eda la oraci\u00f3n del Viernes Santo con meditaciones propias &#8211; Exaudi<\/title>\n<meta name=\"robots\" content=\"index, follow, max-snippet:-1, max-image-preview:large, max-video-preview:-1\" \/>\n<link rel=\"canonical\" href=\"https:\/\/exaudi.org\/es\/via-crucis-2025-el-papa-francisco-guia-la-oracion-del-viernes-santo-con-meditaciones-propias\/\" \/>\n<meta property=\"og:locale\" content=\"es_ES\" \/>\n<meta property=\"og:type\" content=\"article\" \/>\n<meta property=\"og:title\" content=\"V\u00eda Crucis 2025: El Papa Francisco gu\u00eda la oraci\u00f3n del Viernes Santo con meditaciones propias &#8211; Exaudi\" \/>\n<meta property=\"og:description\" content=\"Por primera vez, el Pont\u00edfice escribe personalmente las meditaciones del V\u00eda Crucis en el Coliseo de Roma, centradas en la mirada de Jes\u00fas y la conversi\u00f3n del coraz\u00f3n\" \/>\n<meta property=\"og:url\" content=\"https:\/\/exaudi.org\/es\/via-crucis-2025-el-papa-francisco-guia-la-oracion-del-viernes-santo-con-meditaciones-propias\/\" \/>\n<meta property=\"og:site_name\" content=\"Exaudi\" \/>\n<meta property=\"article:publisher\" content=\"https:\/\/www.facebook.com\/ExaudiNews\" \/>\n<meta property=\"article:author\" content=\"https:\/\/www.facebook.com\/ExaudiNoticias\/\" \/>\n<meta property=\"article:published_time\" content=\"2025-04-18T12:23:43+00:00\" \/>\n<meta property=\"article:modified_time\" content=\"2025-04-18T12:27:10+00:00\" \/>\n<meta property=\"og:image\" content=\"https:\/\/exaudi.org\/wp-content\/uploads\/2025\/04\/cq5dam.thumbnail.cropped.1500.844-5.jpeg\" \/>\n\t<meta property=\"og:image:width\" content=\"1500\" \/>\n\t<meta property=\"og:image:height\" content=\"843\" \/>\n\t<meta property=\"og:image:type\" content=\"image\/jpeg\" \/>\n<meta name=\"author\" content=\"Exaudi Redacci\u00f3n\" \/>\n<meta name=\"twitter:card\" content=\"summary_large_image\" \/>\n<meta name=\"twitter:creator\" content=\"@Exaudi_noticias\" \/>\n<meta name=\"twitter:site\" content=\"@Exaudi_News\" \/>\n<meta name=\"twitter:label1\" content=\"Escrito por\" \/>\n\t<meta name=\"twitter:data1\" content=\"Exaudi Redacci\u00f3n\" \/>\n\t<meta name=\"twitter:label2\" content=\"Tiempo de lectura\" \/>\n\t<meta name=\"twitter:data2\" content=\"32 minutos\" \/>\n<script type=\"application\/ld+json\" class=\"yoast-schema-graph\">{\"@context\":\"https:\\\/\\\/schema.org\",\"@graph\":[{\"@type\":\"Article\",\"@id\":\"https:\\\/\\\/exaudi.org\\\/es\\\/via-crucis-2025-el-papa-francisco-guia-la-oracion-del-viernes-santo-con-meditaciones-propias\\\/#article\",\"isPartOf\":{\"@id\":\"https:\\\/\\\/exaudi.org\\\/es\\\/via-crucis-2025-el-papa-francisco-guia-la-oracion-del-viernes-santo-con-meditaciones-propias\\\/\"},\"author\":{\"name\":\"Exaudi Redacci\u00f3n\",\"@id\":\"https:\\\/\\\/exaudi.org\\\/#\\\/schema\\\/person\\\/f5fc8f063065e38742da7afe15f25df7\"},\"headline\":\"V\u00eda Crucis 2025: El Papa Francisco gu\u00eda la oraci\u00f3n del Viernes Santo con meditaciones propias\",\"datePublished\":\"2025-04-18T12:23:43+00:00\",\"dateModified\":\"2025-04-18T12:27:10+00:00\",\"mainEntityOfPage\":{\"@id\":\"https:\\\/\\\/exaudi.org\\\/es\\\/via-crucis-2025-el-papa-francisco-guia-la-oracion-del-viernes-santo-con-meditaciones-propias\\\/\"},\"wordCount\":6414,\"image\":{\"@id\":\"https:\\\/\\\/exaudi.org\\\/es\\\/via-crucis-2025-el-papa-francisco-guia-la-oracion-del-viernes-santo-con-meditaciones-propias\\\/#primaryimage\"},\"thumbnailUrl\":\"https:\\\/\\\/exaudi.org\\\/wp-content\\\/uploads\\\/2025\\\/04\\\/cq5dam.thumbnail.cropped.1500.844-5.jpeg\",\"keywords\":[\"camino de la cruz\",\"Coliseo Roma\",\"cuaresma\",\"Cuaresma 2025\",\"devoci\u00f3n cat\u00f3lica\",\"espiritualidad cat\u00f3lica\",\"fe en Semana Santa\",\"Featured\",\"meditaci\u00f3n de la cruz\",\"meditaciones Viernes Santo\",\"mirada de Jes\u00fas\",\"oraci\u00f3n con Jes\u00fas\",\"Oraci\u00f3n del Papa Francisco\",\"oraciones del Papa\",\"papa francisco\",\"Pasi\u00f3n del Se\u00f1or\",\"reflexiones cristianas\",\"semana santa\",\"semana santa 2025\",\"semana santa vaticano\",\"texto completo V\u00eda Crucis\",\"vaticano semana santa\",\"Via Crucis\",\"V\u00eda Crucis 2025\",\"V\u00eda Crucis completo\",\"viernes santo 2025\"],\"articleSection\":[\"Le\u00f3n XIV\"],\"inLanguage\":\"es\"},{\"@type\":\"WebPage\",\"@id\":\"https:\\\/\\\/exaudi.org\\\/es\\\/via-crucis-2025-el-papa-francisco-guia-la-oracion-del-viernes-santo-con-meditaciones-propias\\\/\",\"url\":\"https:\\\/\\\/exaudi.org\\\/es\\\/via-crucis-2025-el-papa-francisco-guia-la-oracion-del-viernes-santo-con-meditaciones-propias\\\/\",\"name\":\"V\u00eda Crucis 2025: El Papa Francisco gu\u00eda la oraci\u00f3n del Viernes Santo con meditaciones propias &#8211; Exaudi\",\"isPartOf\":{\"@id\":\"https:\\\/\\\/exaudi.org\\\/#website\"},\"primaryImageOfPage\":{\"@id\":\"https:\\\/\\\/exaudi.org\\\/es\\\/via-crucis-2025-el-papa-francisco-guia-la-oracion-del-viernes-santo-con-meditaciones-propias\\\/#primaryimage\"},\"image\":{\"@id\":\"https:\\\/\\\/exaudi.org\\\/es\\\/via-crucis-2025-el-papa-francisco-guia-la-oracion-del-viernes-santo-con-meditaciones-propias\\\/#primaryimage\"},\"thumbnailUrl\":\"https:\\\/\\\/exaudi.org\\\/wp-content\\\/uploads\\\/2025\\\/04\\\/cq5dam.thumbnail.cropped.1500.844-5.jpeg\",\"datePublished\":\"2025-04-18T12:23:43+00:00\",\"dateModified\":\"2025-04-18T12:27:10+00:00\",\"author\":{\"@id\":\"https:\\\/\\\/exaudi.org\\\/#\\\/schema\\\/person\\\/f5fc8f063065e38742da7afe15f25df7\"},\"breadcrumb\":{\"@id\":\"https:\\\/\\\/exaudi.org\\\/es\\\/via-crucis-2025-el-papa-francisco-guia-la-oracion-del-viernes-santo-con-meditaciones-propias\\\/#breadcrumb\"},\"inLanguage\":\"es\",\"potentialAction\":[{\"@type\":\"ReadAction\",\"target\":[\"https:\\\/\\\/exaudi.org\\\/es\\\/via-crucis-2025-el-papa-francisco-guia-la-oracion-del-viernes-santo-con-meditaciones-propias\\\/\"]}]},{\"@type\":\"ImageObject\",\"inLanguage\":\"es\",\"@id\":\"https:\\\/\\\/exaudi.org\\\/es\\\/via-crucis-2025-el-papa-francisco-guia-la-oracion-del-viernes-santo-con-meditaciones-propias\\\/#primaryimage\",\"url\":\"https:\\\/\\\/exaudi.org\\\/wp-content\\\/uploads\\\/2025\\\/04\\\/cq5dam.thumbnail.cropped.1500.844-5.jpeg\",\"contentUrl\":\"https:\\\/\\\/exaudi.org\\\/wp-content\\\/uploads\\\/2025\\\/04\\\/cq5dam.thumbnail.cropped.1500.844-5.jpeg\",\"width\":1500,\"height\":843},{\"@type\":\"BreadcrumbList\",\"@id\":\"https:\\\/\\\/exaudi.org\\\/es\\\/via-crucis-2025-el-papa-francisco-guia-la-oracion-del-viernes-santo-con-meditaciones-propias\\\/#breadcrumb\",\"itemListElement\":[{\"@type\":\"ListItem\",\"position\":1,\"name\":\"Portada\",\"item\":\"https:\\\/\\\/exaudi.org\\\/es\\\/\"},{\"@type\":\"ListItem\",\"position\":2,\"name\":\"V\u00eda Crucis 2025: El Papa Francisco gu\u00eda la oraci\u00f3n del Viernes Santo con meditaciones propias\"}]},{\"@type\":\"WebSite\",\"@id\":\"https:\\\/\\\/exaudi.org\\\/#website\",\"url\":\"https:\\\/\\\/exaudi.org\\\/\",\"name\":\"Exaudi\",\"description\":\"News\",\"potentialAction\":[{\"@type\":\"SearchAction\",\"target\":{\"@type\":\"EntryPoint\",\"urlTemplate\":\"https:\\\/\\\/exaudi.org\\\/?s={search_term_string}\"},\"query-input\":{\"@type\":\"PropertyValueSpecification\",\"valueRequired\":true,\"valueName\":\"search_term_string\"}}],\"inLanguage\":\"es\"},{\"@type\":\"Person\",\"@id\":\"https:\\\/\\\/exaudi.org\\\/#\\\/schema\\\/person\\\/f5fc8f063065e38742da7afe15f25df7\",\"name\":\"Exaudi Redacci\u00f3n\",\"image\":{\"@type\":\"ImageObject\",\"inLanguage\":\"es\",\"@id\":\"https:\\\/\\\/secure.gravatar.com\\\/avatar\\\/fe0f6a059fb68d9b3e11bc5850dd4899b1c7492091a3cb6dd9b01b56ad828be2?s=96&d=mm&r=g\",\"url\":\"https:\\\/\\\/secure.gravatar.com\\\/avatar\\\/fe0f6a059fb68d9b3e11bc5850dd4899b1c7492091a3cb6dd9b01b56ad828be2?s=96&d=mm&r=g\",\"contentUrl\":\"https:\\\/\\\/secure.gravatar.com\\\/avatar\\\/fe0f6a059fb68d9b3e11bc5850dd4899b1c7492091a3cb6dd9b01b56ad828be2?s=96&d=mm&r=g\",\"caption\":\"Exaudi Redacci\u00f3n\"},\"description\":\"\u00bfQu\u00e9 es Exaudi News? Exaudi News es un medio de comunicaci\u00f3n cat\u00f3lico internacional que informa, forma y transforma, diariamente en espa\u00f1ol, ingl\u00e9s e italiano. A trav\u00e9s de noticias, art\u00edculos de an\u00e1lisis y transmisiones en directo de los eventos del Papa, Exaudi busca fortalecer la unidad de los cristianos y contribuir a la evangelizaci\u00f3n del mundo, siempre guiados por la doctrina social de la Iglesia. Trabajamos para acercar la verdad y los valores cristianos a cada rinc\u00f3n del planeta. \u00a1Ay\u00fadanos a transformar el mundo con Exaudi! En Exaudi creemos que la evangelizaci\u00f3n y la informaci\u00f3n de calidad pueden cambiar vidas. Para continuar con nuestra misi\u00f3n y expandir nuestro alcance, necesitamos tu ayuda. Adem\u00e1s, buscamos personas comprometidas que deseen unirse a nuestro equipo. Con tu apoyo, lograremos llegar a m\u00e1s personas, difundir el mensaje de Cristo y reforzar la unidad de los cristianos. \u00bfTe unes a nuestra misi\u00f3n? Para m\u00e1s informaci\u00f3n sobre c\u00f3mo colaborar, visita Exaudi.org\\\/es o cont\u00e1ctanos directamente: info@exaudi.org Exaudi: Informa, forma y transforma.\",\"sameAs\":[\"https:\\\/\\\/www.facebook.com\\\/ExaudiNoticias\\\/\",\"https:\\\/\\\/www.instagram.com\\\/exaudi_noticias\\\/\",\"https:\\\/\\\/x.com\\\/Exaudi_noticias\",\"https:\\\/\\\/www.youtube.com\\\/@exaudicatholicnews\"],\"url\":\"https:\\\/\\\/exaudi.org\\\/es\\\/author\\\/redaccionexaudi\\\/\"}]}<\/script>\n<!-- \/ Yoast SEO plugin. -->","yoast_head_json":{"title":"V\u00eda Crucis 2025: El Papa Francisco gu\u00eda la oraci\u00f3n del Viernes Santo con meditaciones propias &#8211; Exaudi","robots":{"index":"index","follow":"follow","max-snippet":"max-snippet:-1","max-image-preview":"max-image-preview:large","max-video-preview":"max-video-preview:-1"},"canonical":"https:\/\/exaudi.org\/es\/via-crucis-2025-el-papa-francisco-guia-la-oracion-del-viernes-santo-con-meditaciones-propias\/","og_locale":"es_ES","og_type":"article","og_title":"V\u00eda Crucis 2025: El Papa Francisco gu\u00eda la oraci\u00f3n del Viernes Santo con meditaciones propias &#8211; Exaudi","og_description":"Por primera vez, el Pont\u00edfice escribe personalmente las meditaciones del V\u00eda Crucis en el Coliseo de Roma, centradas en la mirada de Jes\u00fas y la conversi\u00f3n del coraz\u00f3n","og_url":"https:\/\/exaudi.org\/es\/via-crucis-2025-el-papa-francisco-guia-la-oracion-del-viernes-santo-con-meditaciones-propias\/","og_site_name":"Exaudi","article_publisher":"https:\/\/www.facebook.com\/ExaudiNews","article_author":"https:\/\/www.facebook.com\/ExaudiNoticias\/","article_published_time":"2025-04-18T12:23:43+00:00","article_modified_time":"2025-04-18T12:27:10+00:00","og_image":[{"width":1500,"height":843,"url":"https:\/\/exaudi.org\/wp-content\/uploads\/2025\/04\/cq5dam.thumbnail.cropped.1500.844-5.jpeg","type":"image\/jpeg"}],"author":"Exaudi Redacci\u00f3n","twitter_card":"summary_large_image","twitter_creator":"@Exaudi_noticias","twitter_site":"@Exaudi_News","twitter_misc":{"Escrito por":"Exaudi Redacci\u00f3n","Tiempo de lectura":"32 minutos"},"schema":{"@context":"https:\/\/schema.org","@graph":[{"@type":"Article","@id":"https:\/\/exaudi.org\/es\/via-crucis-2025-el-papa-francisco-guia-la-oracion-del-viernes-santo-con-meditaciones-propias\/#article","isPartOf":{"@id":"https:\/\/exaudi.org\/es\/via-crucis-2025-el-papa-francisco-guia-la-oracion-del-viernes-santo-con-meditaciones-propias\/"},"author":{"name":"Exaudi Redacci\u00f3n","@id":"https:\/\/exaudi.org\/#\/schema\/person\/f5fc8f063065e38742da7afe15f25df7"},"headline":"V\u00eda Crucis 2025: El Papa Francisco gu\u00eda la oraci\u00f3n del Viernes Santo con meditaciones propias","datePublished":"2025-04-18T12:23:43+00:00","dateModified":"2025-04-18T12:27:10+00:00","mainEntityOfPage":{"@id":"https:\/\/exaudi.org\/es\/via-crucis-2025-el-papa-francisco-guia-la-oracion-del-viernes-santo-con-meditaciones-propias\/"},"wordCount":6414,"image":{"@id":"https:\/\/exaudi.org\/es\/via-crucis-2025-el-papa-francisco-guia-la-oracion-del-viernes-santo-con-meditaciones-propias\/#primaryimage"},"thumbnailUrl":"https:\/\/exaudi.org\/wp-content\/uploads\/2025\/04\/cq5dam.thumbnail.cropped.1500.844-5.jpeg","keywords":["camino de la cruz","Coliseo Roma","cuaresma","Cuaresma 2025","devoci\u00f3n cat\u00f3lica","espiritualidad cat\u00f3lica","fe en Semana Santa","Featured","meditaci\u00f3n de la cruz","meditaciones Viernes Santo","mirada de Jes\u00fas","oraci\u00f3n con Jes\u00fas","Oraci\u00f3n del Papa Francisco","oraciones del Papa","papa francisco","Pasi\u00f3n del Se\u00f1or","reflexiones cristianas","semana santa","semana santa 2025","semana santa vaticano","texto completo V\u00eda Crucis","vaticano semana santa","Via Crucis","V\u00eda Crucis 2025","V\u00eda Crucis completo","viernes santo 2025"],"articleSection":["Le\u00f3n XIV"],"inLanguage":"es"},{"@type":"WebPage","@id":"https:\/\/exaudi.org\/es\/via-crucis-2025-el-papa-francisco-guia-la-oracion-del-viernes-santo-con-meditaciones-propias\/","url":"https:\/\/exaudi.org\/es\/via-crucis-2025-el-papa-francisco-guia-la-oracion-del-viernes-santo-con-meditaciones-propias\/","name":"V\u00eda Crucis 2025: El Papa Francisco gu\u00eda la oraci\u00f3n del Viernes Santo con meditaciones propias &#8211; Exaudi","isPartOf":{"@id":"https:\/\/exaudi.org\/#website"},"primaryImageOfPage":{"@id":"https:\/\/exaudi.org\/es\/via-crucis-2025-el-papa-francisco-guia-la-oracion-del-viernes-santo-con-meditaciones-propias\/#primaryimage"},"image":{"@id":"https:\/\/exaudi.org\/es\/via-crucis-2025-el-papa-francisco-guia-la-oracion-del-viernes-santo-con-meditaciones-propias\/#primaryimage"},"thumbnailUrl":"https:\/\/exaudi.org\/wp-content\/uploads\/2025\/04\/cq5dam.thumbnail.cropped.1500.844-5.jpeg","datePublished":"2025-04-18T12:23:43+00:00","dateModified":"2025-04-18T12:27:10+00:00","author":{"@id":"https:\/\/exaudi.org\/#\/schema\/person\/f5fc8f063065e38742da7afe15f25df7"},"breadcrumb":{"@id":"https:\/\/exaudi.org\/es\/via-crucis-2025-el-papa-francisco-guia-la-oracion-del-viernes-santo-con-meditaciones-propias\/#breadcrumb"},"inLanguage":"es","potentialAction":[{"@type":"ReadAction","target":["https:\/\/exaudi.org\/es\/via-crucis-2025-el-papa-francisco-guia-la-oracion-del-viernes-santo-con-meditaciones-propias\/"]}]},{"@type":"ImageObject","inLanguage":"es","@id":"https:\/\/exaudi.org\/es\/via-crucis-2025-el-papa-francisco-guia-la-oracion-del-viernes-santo-con-meditaciones-propias\/#primaryimage","url":"https:\/\/exaudi.org\/wp-content\/uploads\/2025\/04\/cq5dam.thumbnail.cropped.1500.844-5.jpeg","contentUrl":"https:\/\/exaudi.org\/wp-content\/uploads\/2025\/04\/cq5dam.thumbnail.cropped.1500.844-5.jpeg","width":1500,"height":843},{"@type":"BreadcrumbList","@id":"https:\/\/exaudi.org\/es\/via-crucis-2025-el-papa-francisco-guia-la-oracion-del-viernes-santo-con-meditaciones-propias\/#breadcrumb","itemListElement":[{"@type":"ListItem","position":1,"name":"Portada","item":"https:\/\/exaudi.org\/es\/"},{"@type":"ListItem","position":2,"name":"V\u00eda Crucis 2025: El Papa Francisco gu\u00eda la oraci\u00f3n del Viernes Santo con meditaciones propias"}]},{"@type":"WebSite","@id":"https:\/\/exaudi.org\/#website","url":"https:\/\/exaudi.org\/","name":"Exaudi","description":"News","potentialAction":[{"@type":"SearchAction","target":{"@type":"EntryPoint","urlTemplate":"https:\/\/exaudi.org\/?s={search_term_string}"},"query-input":{"@type":"PropertyValueSpecification","valueRequired":true,"valueName":"search_term_string"}}],"inLanguage":"es"},{"@type":"Person","@id":"https:\/\/exaudi.org\/#\/schema\/person\/f5fc8f063065e38742da7afe15f25df7","name":"Exaudi Redacci\u00f3n","image":{"@type":"ImageObject","inLanguage":"es","@id":"https:\/\/secure.gravatar.com\/avatar\/fe0f6a059fb68d9b3e11bc5850dd4899b1c7492091a3cb6dd9b01b56ad828be2?s=96&d=mm&r=g","url":"https:\/\/secure.gravatar.com\/avatar\/fe0f6a059fb68d9b3e11bc5850dd4899b1c7492091a3cb6dd9b01b56ad828be2?s=96&d=mm&r=g","contentUrl":"https:\/\/secure.gravatar.com\/avatar\/fe0f6a059fb68d9b3e11bc5850dd4899b1c7492091a3cb6dd9b01b56ad828be2?s=96&d=mm&r=g","caption":"Exaudi Redacci\u00f3n"},"description":"\u00bfQu\u00e9 es Exaudi News? Exaudi News es un medio de comunicaci\u00f3n cat\u00f3lico internacional que informa, forma y transforma, diariamente en espa\u00f1ol, ingl\u00e9s e italiano. A trav\u00e9s de noticias, art\u00edculos de an\u00e1lisis y transmisiones en directo de los eventos del Papa, Exaudi busca fortalecer la unidad de los cristianos y contribuir a la evangelizaci\u00f3n del mundo, siempre guiados por la doctrina social de la Iglesia. Trabajamos para acercar la verdad y los valores cristianos a cada rinc\u00f3n del planeta. \u00a1Ay\u00fadanos a transformar el mundo con Exaudi! En Exaudi creemos que la evangelizaci\u00f3n y la informaci\u00f3n de calidad pueden cambiar vidas. Para continuar con nuestra misi\u00f3n y expandir nuestro alcance, necesitamos tu ayuda. Adem\u00e1s, buscamos personas comprometidas que deseen unirse a nuestro equipo. Con tu apoyo, lograremos llegar a m\u00e1s personas, difundir el mensaje de Cristo y reforzar la unidad de los cristianos. \u00bfTe unes a nuestra misi\u00f3n? Para m\u00e1s informaci\u00f3n sobre c\u00f3mo colaborar, visita Exaudi.org\/es o cont\u00e1ctanos directamente: info@exaudi.org Exaudi: Informa, forma y transforma.","sameAs":["https:\/\/www.facebook.com\/ExaudiNoticias\/","https:\/\/www.instagram.com\/exaudi_noticias\/","https:\/\/x.com\/Exaudi_noticias","https:\/\/www.youtube.com\/@exaudicatholicnews"],"url":"https:\/\/exaudi.org\/es\/author\/redaccionexaudi\/"}]}},"jetpack_featured_media_url":"https:\/\/exaudi.org\/wp-content\/uploads\/2025\/04\/cq5dam.thumbnail.cropped.1500.844-5.jpeg","jetpack_shortlink":"https:\/\/wp.me\/pgKjF2-wew","_links":{"self":[{"href":"https:\/\/exaudi.org\/es\/wp-json\/wp\/v2\/posts\/123908","targetHints":{"allow":["GET"]}}],"collection":[{"href":"https:\/\/exaudi.org\/es\/wp-json\/wp\/v2\/posts"}],"about":[{"href":"https:\/\/exaudi.org\/es\/wp-json\/wp\/v2\/types\/post"}],"author":[{"embeddable":true,"href":"https:\/\/exaudi.org\/es\/wp-json\/wp\/v2\/users\/15"}],"replies":[{"embeddable":true,"href":"https:\/\/exaudi.org\/es\/wp-json\/wp\/v2\/comments?post=123908"}],"version-history":[{"count":0,"href":"https:\/\/exaudi.org\/es\/wp-json\/wp\/v2\/posts\/123908\/revisions"}],"wp:featuredmedia":[{"embeddable":true,"href":"https:\/\/exaudi.org\/es\/wp-json\/wp\/v2\/media\/123912"}],"wp:attachment":[{"href":"https:\/\/exaudi.org\/es\/wp-json\/wp\/v2\/media?parent=123908"}],"wp:term":[{"taxonomy":"category","embeddable":true,"href":"https:\/\/exaudi.org\/es\/wp-json\/wp\/v2\/categories?post=123908"},{"taxonomy":"post_tag","embeddable":true,"href":"https:\/\/exaudi.org\/es\/wp-json\/wp\/v2\/tags?post=123908"}],"curies":[{"name":"wp","href":"https:\/\/api.w.org\/{rel}","templated":true}]}}