{"id":12388,"date":"2026-04-20T07:30:00","date_gmt":"2026-04-20T05:30:00","guid":{"rendered":"https:\/\/exaudi.org\/?p=12388"},"modified":"2026-04-20T09:45:58","modified_gmt":"2026-04-20T07:45:58","slug":"santa-ines-de-montepulciano-20-abril","status":"publish","type":"post","link":"https:\/\/exaudi.org\/es\/santa-ines-de-montepulciano-20-abril\/","title":{"rendered":"Santa In\u00e9s de Montepulciano, 20 de abril"},"content":{"rendered":"<p><span style=\"font-weight: 400;\">San Raimundo de Capua, bi\u00f3grafo de Catalina de Siena, es una de las fuentes principales para conocer a esta santa. Ella no ocult\u00f3 su impresi\u00f3n al conocer los hechos extraordinarios que Dios hizo por medio de santa In\u00e9s de Montepulciano, y la profund\u00edsima vida de piedad y penitencia que jalon\u00f3 su existencia.<\/span><\/p>\n<p><iframe title=\"Spotify Embed: Santa In\u00e9s de Montepulciano, 20 de abril\" style=\"border-radius: 12px\" width=\"100%\" height=\"152\" frameborder=\"0\" allowfullscreen allow=\"autoplay; clipboard-write; encrypted-media; fullscreen; picture-in-picture\" loading=\"lazy\" src=\"https:\/\/open.spotify.com\/embed\/episode\/7zh6dw6p62Rp1wPAvLkLM1?si=51d65f66aece4e58&amp;utm_source=oembed\"><\/iframe><\/p>\n<p><span style=\"font-weight: 400;\">En su Di\u00e1logo escribi\u00f3 Catalina: \u201cLa dulce virgen santa In\u00e9s, que desde la ni\u00f1ez hasta el fin de su vida me sirvi\u00f3 con humildad y firme esperanza sin preocuparse de s\u00ed misma\u201d. En In\u00e9s fueron palpables los signos de la sencillez e inocencia evang\u00e9lica, muestra de que un ni\u00f1o no tiene doblez y de que su apertura a los m\u00e1s altos ideales obedece a un patrimonio legado por el Padre celestial, al que jam\u00e1s se cierra; siempre est\u00e1 presto a manifestarse a poco que se estimule y acompa\u00f1e en el camino de la fe. <\/span><\/p>\n<p><span style=\"font-weight: 400;\">Si todav\u00eda hay alguien que piense que el rigor y la comprensi\u00f3n de una alta vida espiritual es impropia de esa edad, deber\u00eda desterrar la idea.<\/span><\/p>\n<p><span style=\"font-weight: 400;\">Naci\u00f3 In\u00e9s Segni el 28 de enero de 1268 en Gracciano Vecchio, peque\u00f1a localidad cercana a Montepulciano, Italia. Su familia, poseedora de excelentes recursos econ\u00f3micos, abrazaba el credo que ella hered\u00f3, complaci\u00e9ndose en el rezo de las oraciones que le ense\u00f1aron, especialmente el Padrenuestro y el Avemar\u00eda.<\/span><\/p>\n<p><span style=\"font-weight: 400;\"> Los recitaba en distintos momentos del d\u00eda priorizando este fervoroso gesto sobre los juegos infantiles que retomaba despu\u00e9s de haber orado devotamente. Muy ni\u00f1a se fij\u00f3 en el tosco h\u00e1bito, un \u201csacco\u201d, que llevaban las religiosas de su ciudad natal. Le sedujeron, porque a su corta edad ya experimentaba particular tendencia a lo espiritual. Y a los 9 a\u00f1os ingres\u00f3 en la comunidad. Tuvo la fortuna de que sus padres se lo permitieran al ver la madurez con la que expuso su anhelo, y de ser acogida y formada por ellas.\u00a0<\/span><\/p>\n<p><span style=\"font-weight: 400;\">A los 12 a\u00f1os santa In\u00e9s de Montepulciano era tan capaz y tan virtuosa que pusieron en sus manos la administraci\u00f3n de los bienes del monasterio. Y a los 15 fue enviada a Procena en respuesta a una demanda efectuada por las personas que ten\u00edan a su cargo el castillo de Montepulciano que solicitaban la presencia de las monjas all\u00ed.<\/span><\/p>\n<p><span style=\"font-weight: 400;\"> Para asumir el oficio de abadesa tuvo que ser dispensada por el papa Mart\u00edn IV. El hecho de ser elegida para esta misi\u00f3n siendo tan joven da idea de su talla humana y espiritual. La clave de su vida era la oraci\u00f3n continua. El trato familiar con las Personas Divinas y su devoci\u00f3n por la Virgen Mar\u00eda cincelaban su esp\u00edritu con los signos indelebles de un amor que iba transfigur\u00e1ndola en Cristo.<\/span><\/p>\n<p><span style=\"font-weight: 400;\"> Era amable, humilde, sencilla, bondadosa, abnegada, con gran visi\u00f3n de gobierno, y mostraba en toda circunstancia paz y alegr\u00eda. Al encarnar las virtudes evang\u00e9licas todo lo que dec\u00eda era cre\u00edble.\u00a0<\/span><\/p>\n<p><span style=\"font-weight: 400;\">Junto a Margarita, que fue su formadora, fund\u00f3 otro monasterio en Montepulciano a petici\u00f3n de un grupo de caballeros. A sus 18 a\u00f1os el obispo la design\u00f3 superiora del mismo. Permaneci\u00f3 en ese cargo veintid\u00f3s a\u00f1os. En este nuevo convento, con su ilimitada entrega, llena de confianza en Dios, el rigor en el cumplimiento de la regla, su oraci\u00f3n y pasi\u00f3n por la Eucarist\u00eda, sigui\u00f3 arrebatando la gracia de much\u00edsimas vocaciones. <\/span><\/p>\n<p><span style=\"font-weight: 400;\">Tuvo tambi\u00e9n preocupaciones y disgustos. En dos ocasiones viaj\u00f3 a Roma. Una de ellas con objeto de cercenar de ra\u00edz la ambici\u00f3n y afanes de poder internos. Por si fuera poco, su \u00falcera de est\u00f3mago y habituales infecciones intestinales no le dieron excesiva tregua desde 1304, aunque ella mostraba extraordinaria fortaleza de manera incesante soport\u00e1ndolas con paciencia.\u00a0<\/span><\/p>\n<p><span style=\"font-weight: 400;\">Las noticias de su excelsa forma de vida y de la bondad que reg\u00eda el monasterio que se hallaba bajo su responsabilidad fue origen de una tercera fundaci\u00f3n que requirieron pusiese en marcha en Montepulciano, erigida con la aprobaci\u00f3n del pont\u00edfice. A\u00f1os atr\u00e1s, la Virgen le hab\u00eda encomendado esta obra sellada con el signo de tres piedras que entreg\u00f3 a la religiosa.<\/span><\/p>\n<p><span style=\"font-weight: 400;\"> Vio en la oraci\u00f3n que deb\u00eda ser destinada a la juventud y, con la contribuci\u00f3n econ\u00f3mica de amigos, familiares y vecinos, abri\u00f3 el convento en 1306 en ese monte en cuyas laderas moraban mujeres de vida descarriada. Eligi\u00f3 la regla a seguir despu\u00e9s de tener una visi\u00f3n en la que se le presentaron tres santos: Agust\u00edn, Domingo y Francisco.<\/span><\/p>\n<p><span style=\"font-weight: 400;\"> Iban navegando en un barco y la invitaron a subir. En medio de la sobrenatural conversaci\u00f3n, Domingo vaticin\u00f3: \u201cSubir\u00e1 a mi nave, pues as\u00ed lo ha dispuesto Dios\u201d. Y el esp\u00edritu dominicano fue adoptado por ella y sus hermanas.\u00a0<\/span><\/p>\n<p><span style=\"font-weight: 400;\">Adornada con diversos carismas, el de milagros y \u00e9xtasis, entre otros, que comenzaron a manifestarse en su infancia, recib\u00eda tambi\u00e9n mensajes extraordinarios. En una de estas visiones, narrada por san Raimundo, la Virgen deposit\u00f3 al Ni\u00f1o Jes\u00fas en sus brazos, y parece ser que antes de entreg\u00e1rselo de nuevo a Mar\u00eda, le quit\u00f3 la cruz que portaba en el cuello y la conserv\u00f3. <\/span><\/p>\n<p><span style=\"font-weight: 400;\">En otra ocasi\u00f3n, tras haber contemplado el gozo del para\u00edso con la Virgen y los santos que entonaban Vernans Rosa (floreciendo la rosa), apareci\u00f3 una rosa en el lugar donde hab\u00eda estado hincada de rodillas.\u00a0<\/span><span style=\"font-weight: 400;\">En 1316 por sugerencia de las religiosas acept\u00f3 recibir tratamiento para sus enfermedades en las termas de Chianciano.<\/span><\/p>\n<p><span style=\"font-weight: 400;\"> All\u00ed siguieron obr\u00e1ndose prodigios. Empeor\u00f3 y regres\u00f3 a Montepulciano. Los \u00faltimos meses de vida los pas\u00f3 animando y confortando espiritualmente a sus hermanas. Quienes la acompa\u00f1aban en los postreros instantes no pod\u00edan evitar la emoci\u00f3n. Pero In\u00e9s las consol\u00f3, dici\u00e9ndoles: \u201cSi en verdad me aman, al\u00e9grense de que voy al Padre Dios a recibir su herencia eterna. No se afanen, que desde la eternidad las encomendar\u00e9 siempre\u201d.<\/span><\/p>\n<p><span style=\"font-weight: 400;\"> Falleci\u00f3 el 20 de abril de 1317.<\/span> <span style=\"font-weight: 400;\">Catalina de Siena, que la denomin\u00f3 \u201cmadre gloriosa\u201d, acudi\u00f3 a venerar sus restos treinta a\u00f1os m\u00e1s tarde. El cuerpo se hallaba (y se encuentra) incorrupto. Seg\u00fan relat\u00f3 san Raimundo, cuando Catalina hizo adem\u00e1n de arrodillarse, uno de los pies de In\u00e9s cobr\u00f3 vida y se puso a su alcance, hecho milagroso que fue contemplado por los que se encontraban all\u00ed. Clemente VIII beatific\u00f3 a santa In\u00e9s de Montepulciano en 1608. Benedicto XIII la canoniz\u00f3 el 10 de diciembre de 1726.<\/span><\/p>\n<p><img loading=\"lazy\" decoding=\"async\" class=\"size-full wp-image-162930 alignnone\" src=\"https:\/\/exaudi.org\/wp-content\/uploads\/2025\/04\/Copia-de-Santoral-4.jpg\" alt=\"\" width=\"1080\" height=\"1080\" srcset=\"https:\/\/exaudi.org\/wp-content\/uploads\/2025\/04\/Copia-de-Santoral-4.jpg 1080w, https:\/\/exaudi.org\/wp-content\/uploads\/2025\/04\/Copia-de-Santoral-4-300x300.jpg 300w, https:\/\/exaudi.org\/wp-content\/uploads\/2025\/04\/Copia-de-Santoral-4-1024x1024.jpg 1024w, https:\/\/exaudi.org\/wp-content\/uploads\/2025\/04\/Copia-de-Santoral-4-100x100.jpg?crop=1 100w, https:\/\/exaudi.org\/wp-content\/uploads\/2025\/04\/Copia-de-Santoral-4-770x770.jpg 770w, https:\/\/exaudi.org\/wp-content\/uploads\/2025\/04\/Copia-de-Santoral-4-500x500.jpg 500w\" sizes=\"auto, (max-width: 1080px) 100vw, 1080px\" \/><\/p>\n<p><img loading=\"lazy\" decoding=\"async\" class=\"alignright wp-image-2208\" src=\"https:\/\/exaudi.org\/wp-content\/uploads\/2021\/02\/santoral-scaled-1-725x1024.jpg\" alt=\"santoral Isabel Orellana\" width=\"262\" height=\"370\" \/><\/p>\n<div class=\"page\" title=\"Page 4\">\n<div class=\"layoutArea\">\n<div class=\"column\">\n<h6><em>\u00a9 <a href=\"https:\/\/exaudi.org\/es\/author\/isabelorellana\/\" target=\"_blank\" rel=\"noopener noreferrer\">Isabel Orellana Vilches<\/a>, 2018<\/em><br \/>\n<em>Autora vinculada a<\/em><br \/>\n<img loading=\"lazy\" decoding=\"async\" class=\"alignnone size-full wp-image-41949\" src=\"https:\/\/www.idente.org\/wp-content\/uploads\/logo-cedro-v01-843x295-1-e1603384654546.png\" alt=\"\" width=\"80\" height=\"28\" \/><br \/>\nObra protegida por derechos de autor.<br \/>\nInscrita en el Registro de la Propiedad Intelectual el 24 de noviembre de 2014.<br \/>\n________________<br \/>\nDerechos de edici\u00f3n reservados:<br \/>\nFundaci\u00f3n <a href=\"https:\/\/rielo.com\/\" target=\"_blank\" rel=\"noopener noreferrer\">Fernando Rielo<\/a><br \/>\nGoya 20, 4.\u00ba izq. int. 28001 Madrid<br \/>\nTlf.: (34) 91 575 40 91<br \/>\nCorreo electr\u00f3nico: fundacion@rielo.com<\/h6>\n<div class=\"page\" title=\"Page 4\">\n<div class=\"layoutArea\">\n<div class=\"column\">\n<h6>Dep\u00f3sito legal: M-18664-2020<br \/>\nISBN: 978-84-946646-6-3<\/h6>\n<\/div>\n<\/div>\n<\/div>\n<\/div>\n<\/div>\n<\/div>\n","protected":false},"excerpt":{"rendered":"<p>Orden de Santo Domingo<\/p>\n","protected":false},"author":23,"featured_media":12393,"comment_status":"closed","ping_status":"closed","sticky":false,"template":"","format":"standard","meta":{"_acf_changed":false,"_crdt_document":"","inline_featured_image":false,"footnotes":""},"categories":[74,2772],"tags":[388,1789,387,58880,58880],"class_list":["post-12388","post","type-post","status-publish","format-standard","has-post-thumbnail","hentry","category-iglesia-y-mundo","category-santoral","tag-isabel-orellana-vilches","tag-santa-ines-de-montepulciano","tag-santoral","tag-trending-es-151"],"acf":[],"yoast_head":"<!-- This site is optimized with the Yoast SEO plugin v27.5 - https:\/\/yoast.com\/product\/yoast-seo-wordpress\/ -->\n<title>Santa In\u00e9s de Montepulciano, 20 de abril - Exaudi Espa\u00f1a<\/title>\n<meta name=\"description\" content=\"Santoral del 20 de abril de 2021 sobre santa In\u00e9s de Montepulciano, por Isabel Orellana Vilches y la Fundaci\u00f3n Fernando Rielo.\" \/>\n<meta name=\"robots\" content=\"index, follow, max-snippet:-1, max-image-preview:large, max-video-preview:-1\" \/>\n<link rel=\"canonical\" href=\"https:\/\/exaudi.org\/es\/santa-ines-de-montepulciano-20-abril\/\" \/>\n<meta property=\"og:locale\" content=\"es_ES\" \/>\n<meta property=\"og:type\" content=\"article\" \/>\n<meta property=\"og:title\" content=\"Santa In\u00e9s de Montepulciano, 20 de abril - Exaudi Espa\u00f1a\" \/>\n<meta property=\"og:description\" content=\"Santoral del 20 de abril de 2021 sobre santa In\u00e9s de Montepulciano, por Isabel Orellana Vilches y la Fundaci\u00f3n Fernando Rielo.\" \/>\n<meta property=\"og:url\" content=\"https:\/\/exaudi.org\/es\/santa-ines-de-montepulciano-20-abril\/\" \/>\n<meta property=\"og:site_name\" content=\"Exaudi\" \/>\n<meta property=\"article:publisher\" content=\"https:\/\/www.facebook.com\/ExaudiNews\" \/>\n<meta property=\"article:published_time\" content=\"2026-04-20T05:30:00+00:00\" \/>\n<meta property=\"article:modified_time\" content=\"2026-04-20T07:45:58+00:00\" \/>\n<meta property=\"og:image\" content=\"https:\/\/exaudi.org\/wp-content\/uploads\/2021\/04\/Santoral-13.png\" \/>\n\t<meta property=\"og:image:width\" content=\"2000\" \/>\n\t<meta property=\"og:image:height\" content=\"1200\" \/>\n\t<meta property=\"og:image:type\" content=\"image\/png\" \/>\n<meta name=\"author\" content=\"Isabel Orellana\" \/>\n<meta name=\"twitter:card\" content=\"summary_large_image\" \/>\n<meta name=\"twitter:creator\" content=\"@Exaudi_News\" \/>\n<meta name=\"twitter:site\" content=\"@Exaudi_News\" \/>\n<meta name=\"twitter:label1\" content=\"Escrito por\" \/>\n\t<meta name=\"twitter:data1\" content=\"Isabel Orellana\" \/>\n\t<meta name=\"twitter:label2\" content=\"Tiempo de lectura\" \/>\n\t<meta name=\"twitter:data2\" content=\"6 minutos\" \/>\n<script type=\"application\/ld+json\" class=\"yoast-schema-graph\">{\"@context\":\"https:\\\/\\\/schema.org\",\"@graph\":[{\"@type\":\"Article\",\"@id\":\"https:\\\/\\\/exaudi.org\\\/es\\\/santa-ines-de-montepulciano-20-abril\\\/#article\",\"isPartOf\":{\"@id\":\"https:\\\/\\\/exaudi.org\\\/es\\\/santa-ines-de-montepulciano-20-abril\\\/\"},\"author\":{\"name\":\"Isabel Orellana\",\"@id\":\"https:\\\/\\\/exaudi.org\\\/#\\\/schema\\\/person\\\/64e18b96fd6118559a9217b5b3375fdc\"},\"headline\":\"Santa In\u00e9s de Montepulciano, 20 de abril\",\"datePublished\":\"2026-04-20T05:30:00+00:00\",\"dateModified\":\"2026-04-20T07:45:58+00:00\",\"mainEntityOfPage\":{\"@id\":\"https:\\\/\\\/exaudi.org\\\/es\\\/santa-ines-de-montepulciano-20-abril\\\/\"},\"wordCount\":1186,\"image\":{\"@id\":\"https:\\\/\\\/exaudi.org\\\/es\\\/santa-ines-de-montepulciano-20-abril\\\/#primaryimage\"},\"thumbnailUrl\":\"https:\\\/\\\/exaudi.org\\\/wp-content\\\/uploads\\\/2021\\\/04\\\/Santoral-13.png\",\"keywords\":[\"Isabel Orellana Vilches\",\"Santa In\u00e9s de Montepulciano\",\"Santoral\",\"Trending\",\"Trending\"],\"articleSection\":[\"Iglesia y Mundo\",\"Santoral\"],\"inLanguage\":\"es\"},{\"@type\":\"WebPage\",\"@id\":\"https:\\\/\\\/exaudi.org\\\/es\\\/santa-ines-de-montepulciano-20-abril\\\/\",\"url\":\"https:\\\/\\\/exaudi.org\\\/es\\\/santa-ines-de-montepulciano-20-abril\\\/\",\"name\":\"Santa In\u00e9s de Montepulciano, 20 de abril - Exaudi Espa\u00f1a\",\"isPartOf\":{\"@id\":\"https:\\\/\\\/exaudi.org\\\/#website\"},\"primaryImageOfPage\":{\"@id\":\"https:\\\/\\\/exaudi.org\\\/es\\\/santa-ines-de-montepulciano-20-abril\\\/#primaryimage\"},\"image\":{\"@id\":\"https:\\\/\\\/exaudi.org\\\/es\\\/santa-ines-de-montepulciano-20-abril\\\/#primaryimage\"},\"thumbnailUrl\":\"https:\\\/\\\/exaudi.org\\\/wp-content\\\/uploads\\\/2021\\\/04\\\/Santoral-13.png\",\"datePublished\":\"2026-04-20T05:30:00+00:00\",\"dateModified\":\"2026-04-20T07:45:58+00:00\",\"author\":{\"@id\":\"https:\\\/\\\/exaudi.org\\\/#\\\/schema\\\/person\\\/64e18b96fd6118559a9217b5b3375fdc\"},\"description\":\"Santoral del 20 de abril de 2021 sobre santa In\u00e9s de Montepulciano, por Isabel Orellana Vilches y la Fundaci\u00f3n Fernando Rielo.\",\"breadcrumb\":{\"@id\":\"https:\\\/\\\/exaudi.org\\\/es\\\/santa-ines-de-montepulciano-20-abril\\\/#breadcrumb\"},\"inLanguage\":\"es\",\"potentialAction\":[{\"@type\":\"ReadAction\",\"target\":[\"https:\\\/\\\/exaudi.org\\\/es\\\/santa-ines-de-montepulciano-20-abril\\\/\"]}]},{\"@type\":\"ImageObject\",\"inLanguage\":\"es\",\"@id\":\"https:\\\/\\\/exaudi.org\\\/es\\\/santa-ines-de-montepulciano-20-abril\\\/#primaryimage\",\"url\":\"https:\\\/\\\/exaudi.org\\\/wp-content\\\/uploads\\\/2021\\\/04\\\/Santoral-13.png\",\"contentUrl\":\"https:\\\/\\\/exaudi.org\\\/wp-content\\\/uploads\\\/2021\\\/04\\\/Santoral-13.png\",\"width\":2000,\"height\":1200,\"caption\":\"Santa In\u00e9s de Montepulciano\"},{\"@type\":\"BreadcrumbList\",\"@id\":\"https:\\\/\\\/exaudi.org\\\/es\\\/santa-ines-de-montepulciano-20-abril\\\/#breadcrumb\",\"itemListElement\":[{\"@type\":\"ListItem\",\"position\":1,\"name\":\"Portada\",\"item\":\"https:\\\/\\\/exaudi.org\\\/es\\\/\"},{\"@type\":\"ListItem\",\"position\":2,\"name\":\"Santa In\u00e9s de Montepulciano, 20 de abril\"}]},{\"@type\":\"WebSite\",\"@id\":\"https:\\\/\\\/exaudi.org\\\/#website\",\"url\":\"https:\\\/\\\/exaudi.org\\\/\",\"name\":\"Exaudi\",\"description\":\"News\",\"potentialAction\":[{\"@type\":\"SearchAction\",\"target\":{\"@type\":\"EntryPoint\",\"urlTemplate\":\"https:\\\/\\\/exaudi.org\\\/?s={search_term_string}\"},\"query-input\":{\"@type\":\"PropertyValueSpecification\",\"valueRequired\":true,\"valueName\":\"search_term_string\"}}],\"inLanguage\":\"es\"},{\"@type\":\"Person\",\"@id\":\"https:\\\/\\\/exaudi.org\\\/#\\\/schema\\\/person\\\/64e18b96fd6118559a9217b5b3375fdc\",\"name\":\"Isabel Orellana\",\"image\":{\"@type\":\"ImageObject\",\"inLanguage\":\"es\",\"@id\":\"https:\\\/\\\/secure.gravatar.com\\\/avatar\\\/51968380bbb6b22ae85c605634860366fd9a2a611c6341125115bca32cd6c171?s=96&d=mm&r=g\",\"url\":\"https:\\\/\\\/secure.gravatar.com\\\/avatar\\\/51968380bbb6b22ae85c605634860366fd9a2a611c6341125115bca32cd6c171?s=96&d=mm&r=g\",\"contentUrl\":\"https:\\\/\\\/secure.gravatar.com\\\/avatar\\\/51968380bbb6b22ae85c605634860366fd9a2a611c6341125115bca32cd6c171?s=96&d=mm&r=g\",\"caption\":\"Isabel Orellana\"},\"description\":\"Isabel Orellana Vilches Misionera idente. Doctora en Filosof\u00eda por la Universidad Aut\u00f3noma de Barcelona con la tesis Realismo y progreso cient\u00edfico en la epistemolog\u00eda popperiana. Ha cursado estudios de teolog\u00eda en la Universidad Pontificia de Salamanca. Con amplia actividad docente desde 1986, ha publicado libros como: Realismo y progreso cient\u00edfico en la epistemolog\u00eda popperiana, Universitat Aut\u00f2noma de Barcelona, 1993; El evangelio habla a los j\u00f3venes, Atenas, Madrid, 1997; Qu\u00e9 es... LA TOLERANCIA, Paulinas, Madrid, 1999; Pedagog\u00eda del dolor. Ensayo antropol\u00f3gico, Palabra, Madrid, 1999; En colaboraci\u00f3n con Enrique Rivera de Ventosa (\u2020) OFM. Cap. San Francisco de As\u00eds y Fernando Rielo: Convergencias. Respuestas desde la fe a los interrogantes del hombre de hoy, Universidad Pontificia, Salamanca, 2001; La \\\"mirada\\\" del cine. Recursos did\u00e1cticos del s\u00e9ptimo arte. Librer\u00eda Cervantes, Salamanca, 2001; Paradojas de la convivencia, San Pablo, Madrid, 2002; En la Universidad T\u00e9cnica Particular de Loja, Ecuador, ha publicado: La confianza. El arte de amar, 2002; Educar para la responsabilidad, 2003; Apuntes de \u00e9tica en Karl R. Popper, 2003; De soledades y comunicaci\u00f3n, 2005; Yo educo; t\u00fa respondes, 2008; Humanismo y fe en un crisol de culturas, 2008; Repensar lo cotidiano, 2008; Convivir: un constante desaf\u00edo, 2009; La l\u00f3gica del amor, 2010; El dolor del amor. Apuntes sobre la enfermedad y el dolor en relaci\u00f3n con la virtud heroica, el martirio y la vida santa. Seminario Diocesano de M\u00e1laga, 2006 y Universidad T\u00e9cnica Particular de Loja, Ecuador (2007). Cuenta con numerosas colaboraciones en obras colectivas, as\u00ed como relatos, cuentos, f\u00e1bula y novela juvenil, adem\u00e1s de art\u00edculos de tem\u00e1tica cient\u00edfica, pedag\u00f3gica y espiritual, que viene publicando en distintas revistas nacionales e internacionales. En 2012 culmin\u00f3 el santoral Llamados a ser santos y poco m\u00e1s tarde Epopeyas de amor prologado por mons. Fernando Sebasti\u00e1n. Es la bi\u00f3grafa oficial del fundador de su familia espiritual, autora de Fernando Rielo Pardal. Fundador de los Misioneros Identes, Descl\u00e9e de Brouwer, Bilbao, 2009. Culmina la biograf\u00eda completa. Encargada del santoral de ZENIT desde 2012 a 2020 y ahora en Exaudi\",\"url\":\"https:\\\/\\\/exaudi.org\\\/es\\\/author\\\/isabelorellana\\\/\"}]}<\/script>\n<!-- \/ Yoast SEO plugin. -->","yoast_head_json":{"title":"Santa In\u00e9s de Montepulciano, 20 de abril - Exaudi Espa\u00f1a","description":"Santoral del 20 de abril de 2021 sobre santa In\u00e9s de Montepulciano, por Isabel Orellana Vilches y la Fundaci\u00f3n Fernando Rielo.","robots":{"index":"index","follow":"follow","max-snippet":"max-snippet:-1","max-image-preview":"max-image-preview:large","max-video-preview":"max-video-preview:-1"},"canonical":"https:\/\/exaudi.org\/es\/santa-ines-de-montepulciano-20-abril\/","og_locale":"es_ES","og_type":"article","og_title":"Santa In\u00e9s de Montepulciano, 20 de abril - Exaudi Espa\u00f1a","og_description":"Santoral del 20 de abril de 2021 sobre santa In\u00e9s de Montepulciano, por Isabel Orellana Vilches y la Fundaci\u00f3n Fernando Rielo.","og_url":"https:\/\/exaudi.org\/es\/santa-ines-de-montepulciano-20-abril\/","og_site_name":"Exaudi","article_publisher":"https:\/\/www.facebook.com\/ExaudiNews","article_published_time":"2026-04-20T05:30:00+00:00","article_modified_time":"2026-04-20T07:45:58+00:00","og_image":[{"width":2000,"height":1200,"url":"https:\/\/exaudi.org\/wp-content\/uploads\/2021\/04\/Santoral-13.png","type":"image\/png"}],"author":"Isabel Orellana","twitter_card":"summary_large_image","twitter_creator":"@Exaudi_News","twitter_site":"@Exaudi_News","twitter_misc":{"Escrito por":"Isabel Orellana","Tiempo de lectura":"6 minutos"},"schema":{"@context":"https:\/\/schema.org","@graph":[{"@type":"Article","@id":"https:\/\/exaudi.org\/es\/santa-ines-de-montepulciano-20-abril\/#article","isPartOf":{"@id":"https:\/\/exaudi.org\/es\/santa-ines-de-montepulciano-20-abril\/"},"author":{"name":"Isabel Orellana","@id":"https:\/\/exaudi.org\/#\/schema\/person\/64e18b96fd6118559a9217b5b3375fdc"},"headline":"Santa In\u00e9s de Montepulciano, 20 de abril","datePublished":"2026-04-20T05:30:00+00:00","dateModified":"2026-04-20T07:45:58+00:00","mainEntityOfPage":{"@id":"https:\/\/exaudi.org\/es\/santa-ines-de-montepulciano-20-abril\/"},"wordCount":1186,"image":{"@id":"https:\/\/exaudi.org\/es\/santa-ines-de-montepulciano-20-abril\/#primaryimage"},"thumbnailUrl":"https:\/\/exaudi.org\/wp-content\/uploads\/2021\/04\/Santoral-13.png","keywords":["Isabel Orellana Vilches","Santa In\u00e9s de Montepulciano","Santoral","Trending","Trending"],"articleSection":["Iglesia y Mundo","Santoral"],"inLanguage":"es"},{"@type":"WebPage","@id":"https:\/\/exaudi.org\/es\/santa-ines-de-montepulciano-20-abril\/","url":"https:\/\/exaudi.org\/es\/santa-ines-de-montepulciano-20-abril\/","name":"Santa In\u00e9s de Montepulciano, 20 de abril - Exaudi Espa\u00f1a","isPartOf":{"@id":"https:\/\/exaudi.org\/#website"},"primaryImageOfPage":{"@id":"https:\/\/exaudi.org\/es\/santa-ines-de-montepulciano-20-abril\/#primaryimage"},"image":{"@id":"https:\/\/exaudi.org\/es\/santa-ines-de-montepulciano-20-abril\/#primaryimage"},"thumbnailUrl":"https:\/\/exaudi.org\/wp-content\/uploads\/2021\/04\/Santoral-13.png","datePublished":"2026-04-20T05:30:00+00:00","dateModified":"2026-04-20T07:45:58+00:00","author":{"@id":"https:\/\/exaudi.org\/#\/schema\/person\/64e18b96fd6118559a9217b5b3375fdc"},"description":"Santoral del 20 de abril de 2021 sobre santa In\u00e9s de Montepulciano, por Isabel Orellana Vilches y la Fundaci\u00f3n Fernando Rielo.","breadcrumb":{"@id":"https:\/\/exaudi.org\/es\/santa-ines-de-montepulciano-20-abril\/#breadcrumb"},"inLanguage":"es","potentialAction":[{"@type":"ReadAction","target":["https:\/\/exaudi.org\/es\/santa-ines-de-montepulciano-20-abril\/"]}]},{"@type":"ImageObject","inLanguage":"es","@id":"https:\/\/exaudi.org\/es\/santa-ines-de-montepulciano-20-abril\/#primaryimage","url":"https:\/\/exaudi.org\/wp-content\/uploads\/2021\/04\/Santoral-13.png","contentUrl":"https:\/\/exaudi.org\/wp-content\/uploads\/2021\/04\/Santoral-13.png","width":2000,"height":1200,"caption":"Santa In\u00e9s de Montepulciano"},{"@type":"BreadcrumbList","@id":"https:\/\/exaudi.org\/es\/santa-ines-de-montepulciano-20-abril\/#breadcrumb","itemListElement":[{"@type":"ListItem","position":1,"name":"Portada","item":"https:\/\/exaudi.org\/es\/"},{"@type":"ListItem","position":2,"name":"Santa In\u00e9s de Montepulciano, 20 de abril"}]},{"@type":"WebSite","@id":"https:\/\/exaudi.org\/#website","url":"https:\/\/exaudi.org\/","name":"Exaudi","description":"News","potentialAction":[{"@type":"SearchAction","target":{"@type":"EntryPoint","urlTemplate":"https:\/\/exaudi.org\/?s={search_term_string}"},"query-input":{"@type":"PropertyValueSpecification","valueRequired":true,"valueName":"search_term_string"}}],"inLanguage":"es"},{"@type":"Person","@id":"https:\/\/exaudi.org\/#\/schema\/person\/64e18b96fd6118559a9217b5b3375fdc","name":"Isabel Orellana","image":{"@type":"ImageObject","inLanguage":"es","@id":"https:\/\/secure.gravatar.com\/avatar\/51968380bbb6b22ae85c605634860366fd9a2a611c6341125115bca32cd6c171?s=96&d=mm&r=g","url":"https:\/\/secure.gravatar.com\/avatar\/51968380bbb6b22ae85c605634860366fd9a2a611c6341125115bca32cd6c171?s=96&d=mm&r=g","contentUrl":"https:\/\/secure.gravatar.com\/avatar\/51968380bbb6b22ae85c605634860366fd9a2a611c6341125115bca32cd6c171?s=96&d=mm&r=g","caption":"Isabel Orellana"},"description":"Isabel Orellana Vilches Misionera idente. Doctora en Filosof\u00eda por la Universidad Aut\u00f3noma de Barcelona con la tesis Realismo y progreso cient\u00edfico en la epistemolog\u00eda popperiana. Ha cursado estudios de teolog\u00eda en la Universidad Pontificia de Salamanca. Con amplia actividad docente desde 1986, ha publicado libros como: Realismo y progreso cient\u00edfico en la epistemolog\u00eda popperiana, Universitat Aut\u00f2noma de Barcelona, 1993; El evangelio habla a los j\u00f3venes, Atenas, Madrid, 1997; Qu\u00e9 es... LA TOLERANCIA, Paulinas, Madrid, 1999; Pedagog\u00eda del dolor. Ensayo antropol\u00f3gico, Palabra, Madrid, 1999; En colaboraci\u00f3n con Enrique Rivera de Ventosa (\u2020) OFM. Cap. San Francisco de As\u00eds y Fernando Rielo: Convergencias. Respuestas desde la fe a los interrogantes del hombre de hoy, Universidad Pontificia, Salamanca, 2001; La \"mirada\" del cine. Recursos did\u00e1cticos del s\u00e9ptimo arte. Librer\u00eda Cervantes, Salamanca, 2001; Paradojas de la convivencia, San Pablo, Madrid, 2002; En la Universidad T\u00e9cnica Particular de Loja, Ecuador, ha publicado: La confianza. El arte de amar, 2002; Educar para la responsabilidad, 2003; Apuntes de \u00e9tica en Karl R. Popper, 2003; De soledades y comunicaci\u00f3n, 2005; Yo educo; t\u00fa respondes, 2008; Humanismo y fe en un crisol de culturas, 2008; Repensar lo cotidiano, 2008; Convivir: un constante desaf\u00edo, 2009; La l\u00f3gica del amor, 2010; El dolor del amor. Apuntes sobre la enfermedad y el dolor en relaci\u00f3n con la virtud heroica, el martirio y la vida santa. Seminario Diocesano de M\u00e1laga, 2006 y Universidad T\u00e9cnica Particular de Loja, Ecuador (2007). Cuenta con numerosas colaboraciones en obras colectivas, as\u00ed como relatos, cuentos, f\u00e1bula y novela juvenil, adem\u00e1s de art\u00edculos de tem\u00e1tica cient\u00edfica, pedag\u00f3gica y espiritual, que viene publicando en distintas revistas nacionales e internacionales. En 2012 culmin\u00f3 el santoral Llamados a ser santos y poco m\u00e1s tarde Epopeyas de amor prologado por mons. Fernando Sebasti\u00e1n. Es la bi\u00f3grafa oficial del fundador de su familia espiritual, autora de Fernando Rielo Pardal. Fundador de los Misioneros Identes, Descl\u00e9e de Brouwer, Bilbao, 2009. Culmina la biograf\u00eda completa. Encargada del santoral de ZENIT desde 2012 a 2020 y ahora en Exaudi","url":"https:\/\/exaudi.org\/es\/author\/isabelorellana\/"}]}},"jetpack_featured_media_url":"https:\/\/exaudi.org\/wp-content\/uploads\/2021\/04\/Santoral-13.png","jetpack_shortlink":"https:\/\/wp.me\/pgKjF2-3dO","_links":{"self":[{"href":"https:\/\/exaudi.org\/es\/wp-json\/wp\/v2\/posts\/12388","targetHints":{"allow":["GET"]}}],"collection":[{"href":"https:\/\/exaudi.org\/es\/wp-json\/wp\/v2\/posts"}],"about":[{"href":"https:\/\/exaudi.org\/es\/wp-json\/wp\/v2\/types\/post"}],"author":[{"embeddable":true,"href":"https:\/\/exaudi.org\/es\/wp-json\/wp\/v2\/users\/23"}],"replies":[{"embeddable":true,"href":"https:\/\/exaudi.org\/es\/wp-json\/wp\/v2\/comments?post=12388"}],"version-history":[{"count":3,"href":"https:\/\/exaudi.org\/es\/wp-json\/wp\/v2\/posts\/12388\/revisions"}],"predecessor-version":[{"id":167062,"href":"https:\/\/exaudi.org\/es\/wp-json\/wp\/v2\/posts\/12388\/revisions\/167062"}],"wp:featuredmedia":[{"embeddable":true,"href":"https:\/\/exaudi.org\/es\/wp-json\/wp\/v2\/media\/12393"}],"wp:attachment":[{"href":"https:\/\/exaudi.org\/es\/wp-json\/wp\/v2\/media?parent=12388"}],"wp:term":[{"taxonomy":"category","embeddable":true,"href":"https:\/\/exaudi.org\/es\/wp-json\/wp\/v2\/categories?post=12388"},{"taxonomy":"post_tag","embeddable":true,"href":"https:\/\/exaudi.org\/es\/wp-json\/wp\/v2\/tags?post=12388"}],"curies":[{"name":"wp","href":"https:\/\/api.w.org\/{rel}","templated":true}]}}