{"id":123512,"date":"2025-04-13T09:11:46","date_gmt":"2025-04-13T07:11:46","guid":{"rendered":"https:\/\/exaudi.org\/?p=123512"},"modified":"2025-04-13T09:11:46","modified_gmt":"2025-04-13T07:11:46","slug":"reflexion-de-mons-enrique-diaz-en-un-burrito","status":"publish","type":"post","link":"https:\/\/exaudi.org\/es\/reflexion-de-mons-enrique-diaz-en-un-burrito\/","title":{"rendered":"Reflexi\u00f3n de Mons. Enrique D\u00edaz: En un burrito"},"content":{"rendered":"<p>Mons. Enrique D\u00edaz D\u00edaz comparte con los lectores de Exaudi su reflexi\u00f3n sobre el\u00a0<a href=\"https:\/\/www.dominicos.org\/predicacion\/homilia\/13-4-2025\/lecturas\/\" target=\"_blank\" rel=\"noopener\">Evangelio de este domingo, 13 de abril de 2025<\/a>, titulado:\u00a0<em>\u201cEn un burrito\u201d<\/em>.<\/p>\n<p>***<\/p>\n<p>Isa\u00edas 50, 4-7: \u201c<em>No apart\u00e9 mi rostro de los insultos, y s\u00e9 que no quedar\u00e9 avergonzado\u201d<\/em><\/p>\n<p>Salmo 21: <em>\u201cDios m\u00edo, Dios m\u00edo, \u00bfpor qu\u00e9 me has abandonado?\u201d<\/em><\/p>\n<p>Filipenses 2, 6-11: <em>\u201cCristo se humill\u00f3 a s\u00ed mismo, por eso Dios lo exalt\u00f3\u201d<\/em><\/p>\n<p>Pasi\u00f3n de Nuestro Se\u00f1or Jes\u00fas seg\u00fan San Lucas 22, 14-23, 56.<\/p>\n<p>Si imaginamos los acontecimientos vividos en tiempos de Jes\u00fas descubriremos una gran contradicci\u00f3n: los grandes personajes no son aclamados por la chusma, ni montan en burro; no caminan sin protecci\u00f3n, ni se dejan tocar. Jes\u00fas es un rey que responde a las expectativas de un pueblo pobre, oprimido, pero tocando sus fibras m\u00e1s \u00edntimas, los cuestionamientos m\u00e1s profundos. Parecer\u00eda contradictorio pero su entrada a Jerusal\u00e9n da un nuevo sentido a la espera del Mes\u00edas. No se trata de vivir por y para el poder; no se pretende encontrar la felicidad en las riquezas; no se busca la satisfacci\u00f3n en los placeres. Jes\u00fas, con sus gestos y sus propuestas, ofrece otra felicidad y una visi\u00f3n muy diferente de la vida. Hoy que \u201ccelebramos\u201d el domingo de Ramos y nos acercamos a Jes\u00fas, como uno m\u00e1s de los que lo aclaman, \u00bfqu\u00e9 nos dice y qu\u00e9 deja en nuestro coraz\u00f3n? Un burrito prestado, unos mantos regados por el camino, ramos arrancados de los \u00e1rboles de las orillas, son las insignias de este rey, \u00bfc\u00f3mo tendr\u00edamos que seguirlo hoy? Sus actitudes parecen un reproche a los grandes personajes de su tiempo y a los poderosos actuales; pero tambi\u00e9n son expresiones sinceras de lo que debe ser importante: vivir la sencillez y la armon\u00eda en el coraz\u00f3n y no en el exterior. Es un Mes\u00edas que cambia todas las perspectivas y que\u00a0 busca la verdadera felicidad del coraz\u00f3n. No se presenta Jes\u00fas, aunque lo llamen maestro, como los otros maestros que pontifican, juzgan y condenan; sino que se presenta como el pastor que acoge, escucha y acompa\u00f1a.<\/p>\n<p>Domingo de Ramos inicia la semana santa. Nuestras calles y nuestras iglesias se llenar\u00e1n de ramos y de cantos: \u00a1\u201cViva Cristo Rey\u201d! Queremos acompa\u00f1ar a Jes\u00fas, queremos hacer un memorial de aquella primera entrada triunfal en Jerusal\u00e9n. \u00bfTriunfal? Por m\u00e1s sencilla que parezca la podremos llamar triunfal, pero es una entrada lejos del triunfalismo, lejos del poder que aplasta. Va el pobre Jes\u00fas montado en un burrito que no es como para impresionar a nadie. Y quiz\u00e1s sea por eso, porque no quiere impresionar, sino porque quiere manifestarse como un Mes\u00edas sencillo y humilde; no quiere oprimir, sino quiere dar la vida; no quiere esclavizar, sino quiere liberar. \u00a1Qu\u00e9 diferente de otros l\u00edderes que entran en nuestros pueblos! \u00a1Qu\u00e9 diferente de nuestras ambiciones y nuestros ego\u00edsmos! La manifestaci\u00f3n de Jes\u00fas en este d\u00eda ser\u00e1 un reproche serio a un mundo que se organiza a favor y a partir de la econom\u00eda y de la ganancia; es una denuncia de un falso mundo que dejando de lado la dignidad de las personas, se alza en nuevos poderes y nuevas estructuras; una sociedad que olvid\u00e1ndose de las necesidades del que sufre, hace ostentaciones de riquezas y de lujos. Domingo de Ramos es una llamada al respeto de la dignidad y derechos de la persona en cuanto ella misma, no en cuanto produce o en cuanto tiene.<\/p>\n<p>Muchos han querido callar a Cristo en nuestros tiempos. Nos hacemos sordos y no queremos escuchar sus palabras. Nos irrita su insistencia en la dignidad y valor de cada uno de los hombres como hijos de Dios. Pero hoy, igual que entonces, Cristo proclama su palabra, con verdad y valent\u00eda. Cuando los fariseos reprenden a Jes\u00fas para que haga callar a sus disc\u00edpulos, la respuesta es contundente:<em> \u201cLes aseguro que si ellos se callan, gritar\u00e1n las piedras\u201d. <\/em>\u00a0Jes\u00fas no entra a Jerusal\u00e9n como un conquistador pero s\u00ed tiene una propuesta que hacer a todos los que all\u00ed se congregan. No quiere conquistar por las armas pero ofrece un reino distinto desde la sencillez de un pollino, desde los gritos entusiastas de la multitud y con las palabras de una ense\u00f1anza diferente. Jes\u00fas no era mudo en aquel entonces, ni puede serlo en nuestros d\u00edas. No quiere callar ante la injusticia ni ante los ataques a la vida. Alza su voz por todo el que sufre. Jes\u00fas no puede pasar desapercibido en nuestro mundo como si fuera s\u00f3lo una voz que no tiene nada \u00a0qu\u00e9 decir a este ambiente de injusticia y corrupci\u00f3n. No podemos ni debemos imaginar un Jes\u00fas apagado que no seduce, que no llama, que no toca los corazones. Jes\u00fas hoy se coloca en el centro de las comunidades para desde ah\u00ed manifestar su palabra. Jes\u00fas se alberga en el coraz\u00f3n de los sencillos para desde ah\u00ed decir su verdad. \u00bfSeremos capaces de escucharlo?<\/p>\n<p>Al mirar a Jes\u00fas hoy tendremos que renovar nuestro esfuerzo por aprender a pensar, sentir, amar y vivir como Jes\u00fas. Esto es lo que deber\u00eda de estar en el coraz\u00f3n de todo creyente en esta semana santa. Es cierto que se inicia con la celebraci\u00f3n de una entrada triunfal muy especial, pero despu\u00e9s y a partir de la proclamaci\u00f3n del evangelio de este d\u00eda, se manifiesta en la entrega plena de amor y compasi\u00f3n por todos los hombres. Semana Santa es la manifestaci\u00f3n de la misericordia de Jes\u00fas. Su donaci\u00f3n, su cruz, muerte y resurrecci\u00f3n, ser\u00e1n el grito que clama por la vida en una cultura de muerte. Hoy acompa\u00f1emos a Jes\u00fas con gritos de alegr\u00eda y hosannas, pero durante toda la semana acompa\u00f1\u00e9moslo en su pasi\u00f3n, muerte y resurrecci\u00f3n. Somos sus disc\u00edpulos \u00a1Vivamos esta semana con Jes\u00fas!<\/p>\n<p><em>Dios, lleno de amor y de bondad, que has querido entregarnos como ejemplo de humildad a Cristo, nuestro salvador, hecho hombre y clavado en una cruz, conc\u00e9denos vivir seg\u00fan las ense\u00f1anzas de su pasi\u00f3n, para participar con \u00e9l de su gloriosa resurrecci\u00f3n. Am\u00e9n<\/em><\/p>\n<p>&nbsp;<\/p>\n","protected":false},"excerpt":{"rendered":"<p>Domingo de Ramos<\/p>\n","protected":false},"author":25,"featured_media":123513,"comment_status":"closed","ping_status":"closed","sticky":false,"template":"","format":"standard","meta":{"_acf_changed":false,"_crdt_document":"","inline_featured_image":false,"footnotes":""},"categories":[96,74],"tags":[1076,5654,1372,414,4953],"class_list":["post-123512","post","type-post","status-publish","format-standard","has-post-thumbnail","hentry","category-espiritualidad","category-iglesia-y-mundo","tag-domingo-de-ramos","tag-enrique-diaz","tag-evangelio","tag-reflexion","tag-trending-es"],"acf":[],"yoast_head":"<!-- This site is optimized with the Yoast SEO plugin v27.5 - https:\/\/yoast.com\/product\/yoast-seo-wordpress\/ -->\n<title>Reflexi\u00f3n de Mons. Enrique D\u00edaz: En un burrito &#8211; Exaudi<\/title>\n<meta name=\"robots\" content=\"index, follow, max-snippet:-1, max-image-preview:large, max-video-preview:-1\" \/>\n<link rel=\"canonical\" href=\"https:\/\/exaudi.org\/es\/reflexion-de-mons-enrique-diaz-en-un-burrito\/\" \/>\n<meta property=\"og:locale\" content=\"es_ES\" \/>\n<meta property=\"og:type\" content=\"article\" \/>\n<meta property=\"og:title\" content=\"Reflexi\u00f3n de Mons. Enrique D\u00edaz: En un burrito &#8211; Exaudi\" \/>\n<meta property=\"og:description\" content=\"Domingo de Ramos\" \/>\n<meta property=\"og:url\" content=\"https:\/\/exaudi.org\/es\/reflexion-de-mons-enrique-diaz-en-un-burrito\/\" \/>\n<meta property=\"og:site_name\" content=\"Exaudi\" \/>\n<meta property=\"article:publisher\" content=\"https:\/\/www.facebook.com\/ExaudiNews\" \/>\n<meta property=\"article:published_time\" content=\"2025-04-13T07:11:46+00:00\" \/>\n<meta property=\"og:image\" content=\"https:\/\/exaudi.org\/wp-content\/uploads\/2025\/04\/palm-sunday-4903117_1280.jpg\" \/>\n\t<meta property=\"og:image:width\" content=\"1280\" \/>\n\t<meta property=\"og:image:height\" content=\"853\" \/>\n\t<meta property=\"og:image:type\" content=\"image\/jpeg\" \/>\n<meta name=\"author\" content=\"Enrique D\u00edaz\" \/>\n<meta name=\"twitter:card\" content=\"summary_large_image\" \/>\n<meta name=\"twitter:creator\" content=\"@Exaudi_News\" \/>\n<meta name=\"twitter:site\" content=\"@Exaudi_News\" \/>\n<meta name=\"twitter:label1\" content=\"Escrito por\" \/>\n\t<meta name=\"twitter:data1\" content=\"Enrique D\u00edaz\" \/>\n\t<meta name=\"twitter:label2\" content=\"Tiempo de lectura\" \/>\n\t<meta name=\"twitter:data2\" content=\"5 minutos\" \/>\n<script type=\"application\/ld+json\" class=\"yoast-schema-graph\">{\"@context\":\"https:\\\/\\\/schema.org\",\"@graph\":[{\"@type\":\"Article\",\"@id\":\"https:\\\/\\\/exaudi.org\\\/es\\\/reflexion-de-mons-enrique-diaz-en-un-burrito\\\/#article\",\"isPartOf\":{\"@id\":\"https:\\\/\\\/exaudi.org\\\/es\\\/reflexion-de-mons-enrique-diaz-en-un-burrito\\\/\"},\"author\":{\"name\":\"Enrique D\u00edaz\",\"@id\":\"https:\\\/\\\/exaudi.org\\\/#\\\/schema\\\/person\\\/c02ffbd10830fa375f6882f7dcf1844d\"},\"headline\":\"Reflexi\u00f3n de Mons. Enrique D\u00edaz: En un burrito\",\"datePublished\":\"2025-04-13T07:11:46+00:00\",\"mainEntityOfPage\":{\"@id\":\"https:\\\/\\\/exaudi.org\\\/es\\\/reflexion-de-mons-enrique-diaz-en-un-burrito\\\/\"},\"wordCount\":1090,\"image\":{\"@id\":\"https:\\\/\\\/exaudi.org\\\/es\\\/reflexion-de-mons-enrique-diaz-en-un-burrito\\\/#primaryimage\"},\"thumbnailUrl\":\"https:\\\/\\\/exaudi.org\\\/wp-content\\\/uploads\\\/2025\\\/04\\\/palm-sunday-4903117_1280.jpg\",\"keywords\":[\"Domingo de Ramos\",\"Enrique D\u00edaz\",\"Evangelio\",\"Reflexi\u00f3n\",\"Trending\"],\"articleSection\":[\"Espiritualidad\",\"Iglesia y Mundo\"],\"inLanguage\":\"es\"},{\"@type\":\"WebPage\",\"@id\":\"https:\\\/\\\/exaudi.org\\\/es\\\/reflexion-de-mons-enrique-diaz-en-un-burrito\\\/\",\"url\":\"https:\\\/\\\/exaudi.org\\\/es\\\/reflexion-de-mons-enrique-diaz-en-un-burrito\\\/\",\"name\":\"Reflexi\u00f3n de Mons. Enrique D\u00edaz: En un burrito &#8211; Exaudi\",\"isPartOf\":{\"@id\":\"https:\\\/\\\/exaudi.org\\\/#website\"},\"primaryImageOfPage\":{\"@id\":\"https:\\\/\\\/exaudi.org\\\/es\\\/reflexion-de-mons-enrique-diaz-en-un-burrito\\\/#primaryimage\"},\"image\":{\"@id\":\"https:\\\/\\\/exaudi.org\\\/es\\\/reflexion-de-mons-enrique-diaz-en-un-burrito\\\/#primaryimage\"},\"thumbnailUrl\":\"https:\\\/\\\/exaudi.org\\\/wp-content\\\/uploads\\\/2025\\\/04\\\/palm-sunday-4903117_1280.jpg\",\"datePublished\":\"2025-04-13T07:11:46+00:00\",\"author\":{\"@id\":\"https:\\\/\\\/exaudi.org\\\/#\\\/schema\\\/person\\\/c02ffbd10830fa375f6882f7dcf1844d\"},\"breadcrumb\":{\"@id\":\"https:\\\/\\\/exaudi.org\\\/es\\\/reflexion-de-mons-enrique-diaz-en-un-burrito\\\/#breadcrumb\"},\"inLanguage\":\"es\",\"potentialAction\":[{\"@type\":\"ReadAction\",\"target\":[\"https:\\\/\\\/exaudi.org\\\/es\\\/reflexion-de-mons-enrique-diaz-en-un-burrito\\\/\"]}]},{\"@type\":\"ImageObject\",\"inLanguage\":\"es\",\"@id\":\"https:\\\/\\\/exaudi.org\\\/es\\\/reflexion-de-mons-enrique-diaz-en-un-burrito\\\/#primaryimage\",\"url\":\"https:\\\/\\\/exaudi.org\\\/wp-content\\\/uploads\\\/2025\\\/04\\\/palm-sunday-4903117_1280.jpg\",\"contentUrl\":\"https:\\\/\\\/exaudi.org\\\/wp-content\\\/uploads\\\/2025\\\/04\\\/palm-sunday-4903117_1280.jpg\",\"width\":1280,\"height\":853,\"caption\":\"Pixabay\"},{\"@type\":\"BreadcrumbList\",\"@id\":\"https:\\\/\\\/exaudi.org\\\/es\\\/reflexion-de-mons-enrique-diaz-en-un-burrito\\\/#breadcrumb\",\"itemListElement\":[{\"@type\":\"ListItem\",\"position\":1,\"name\":\"Portada\",\"item\":\"https:\\\/\\\/exaudi.org\\\/es\\\/\"},{\"@type\":\"ListItem\",\"position\":2,\"name\":\"Reflexi\u00f3n de Mons. Enrique D\u00edaz: En un burrito\"}]},{\"@type\":\"WebSite\",\"@id\":\"https:\\\/\\\/exaudi.org\\\/#website\",\"url\":\"https:\\\/\\\/exaudi.org\\\/\",\"name\":\"Exaudi\",\"description\":\"News\",\"potentialAction\":[{\"@type\":\"SearchAction\",\"target\":{\"@type\":\"EntryPoint\",\"urlTemplate\":\"https:\\\/\\\/exaudi.org\\\/?s={search_term_string}\"},\"query-input\":{\"@type\":\"PropertyValueSpecification\",\"valueRequired\":true,\"valueName\":\"search_term_string\"}}],\"inLanguage\":\"es\"},{\"@type\":\"Person\",\"@id\":\"https:\\\/\\\/exaudi.org\\\/#\\\/schema\\\/person\\\/c02ffbd10830fa375f6882f7dcf1844d\",\"name\":\"Enrique D\u00edaz\",\"image\":{\"@type\":\"ImageObject\",\"inLanguage\":\"es\",\"@id\":\"https:\\\/\\\/secure.gravatar.com\\\/avatar\\\/7ca10be5325a95d04b74082d68ba605aa69611eb0f68f47096cb1bc349873284?s=96&d=mm&r=g\",\"url\":\"https:\\\/\\\/secure.gravatar.com\\\/avatar\\\/7ca10be5325a95d04b74082d68ba605aa69611eb0f68f47096cb1bc349873284?s=96&d=mm&r=g\",\"contentUrl\":\"https:\\\/\\\/secure.gravatar.com\\\/avatar\\\/7ca10be5325a95d04b74082d68ba605aa69611eb0f68f47096cb1bc349873284?s=96&d=mm&r=g\",\"caption\":\"Enrique D\u00edaz\"},\"description\":\"Naci\u00f3 en Huandacareo, Michoac\u00e1n, M\u00e9xico, en 1952. Realiz\u00f3 sus estudios de Filosof\u00eda y Teolog\u00eda en el Seminario de Morelia. Ordenado di\u00e1cono el 22 de mayo de 1977, y presb\u00edtero el 23 de octubre del mismo a\u00f1o. Obtuvo la Licenciatura en Sagrada Escritura en el Pontificio Instituto B\u00edblico en Roma. Ha desarrollado m\u00faltiples encargos pastorales como el de capell\u00e1n de la rector\u00eda de las Tres Aves Mar\u00edas; responsable de la Pastoral B\u00edblica Diocesana y director de la Escuela B\u00edblica en Morelia; maestro de Biblia en el Seminario Conciliar de Morelia, p\u00e1rroco de la Parroquia de Nuestra Se\u00f1ora de Guadalupe, Col. Guadalupe, Morelia; o vicario episcopal para la Zona de Nuestra Se\u00f1ora de la Luz, P\u00e1tzcuaro. Ordenado obispo auxiliar de san Crist\u00f3bal de las Casas en 2003. En la Conferencia Episcopal form\u00f3 parte de las Comisiones de Biblia, Diaconado y Ministerios Laicales. Fue responsable de las Dimensiones de Ministerios Laicales, de Educaci\u00f3n y Cultura. Ha participado en encuentros latinoamericanos y mundiales sobre el Diaconado Permanente. Actualmente es el responsable de la Dimensi\u00f3n de Pastoral de la Cultura. Particip\u00f3 como Miembro del S\u00ednodo de Obispos sobre la Palabra de Dios en la Vida y Misi\u00f3n de la Iglesia en Roma, en 2008. Recibi\u00f3 el nombramiento de obispo coadjutor de San Crist\u00f3bal de las Casas en 2014. Nombrado II obispo de Irapuato el d\u00eda 11 de marzo, tom\u00f3 posesi\u00f3n el 19 de Mayo. Colabora en varias revistas y publicaciones sobre todo con la reflexi\u00f3n diaria y dominical tanto en audio como escrita.\",\"url\":\"https:\\\/\\\/exaudi.org\\\/es\\\/author\\\/enriquediaz\\\/\"}]}<\/script>\n<!-- \/ Yoast SEO plugin. -->","yoast_head_json":{"title":"Reflexi\u00f3n de Mons. Enrique D\u00edaz: En un burrito &#8211; Exaudi","robots":{"index":"index","follow":"follow","max-snippet":"max-snippet:-1","max-image-preview":"max-image-preview:large","max-video-preview":"max-video-preview:-1"},"canonical":"https:\/\/exaudi.org\/es\/reflexion-de-mons-enrique-diaz-en-un-burrito\/","og_locale":"es_ES","og_type":"article","og_title":"Reflexi\u00f3n de Mons. Enrique D\u00edaz: En un burrito &#8211; Exaudi","og_description":"Domingo de Ramos","og_url":"https:\/\/exaudi.org\/es\/reflexion-de-mons-enrique-diaz-en-un-burrito\/","og_site_name":"Exaudi","article_publisher":"https:\/\/www.facebook.com\/ExaudiNews","article_published_time":"2025-04-13T07:11:46+00:00","og_image":[{"width":1280,"height":853,"url":"https:\/\/exaudi.org\/wp-content\/uploads\/2025\/04\/palm-sunday-4903117_1280.jpg","type":"image\/jpeg"}],"author":"Enrique D\u00edaz","twitter_card":"summary_large_image","twitter_creator":"@Exaudi_News","twitter_site":"@Exaudi_News","twitter_misc":{"Escrito por":"Enrique D\u00edaz","Tiempo de lectura":"5 minutos"},"schema":{"@context":"https:\/\/schema.org","@graph":[{"@type":"Article","@id":"https:\/\/exaudi.org\/es\/reflexion-de-mons-enrique-diaz-en-un-burrito\/#article","isPartOf":{"@id":"https:\/\/exaudi.org\/es\/reflexion-de-mons-enrique-diaz-en-un-burrito\/"},"author":{"name":"Enrique D\u00edaz","@id":"https:\/\/exaudi.org\/#\/schema\/person\/c02ffbd10830fa375f6882f7dcf1844d"},"headline":"Reflexi\u00f3n de Mons. Enrique D\u00edaz: En un burrito","datePublished":"2025-04-13T07:11:46+00:00","mainEntityOfPage":{"@id":"https:\/\/exaudi.org\/es\/reflexion-de-mons-enrique-diaz-en-un-burrito\/"},"wordCount":1090,"image":{"@id":"https:\/\/exaudi.org\/es\/reflexion-de-mons-enrique-diaz-en-un-burrito\/#primaryimage"},"thumbnailUrl":"https:\/\/exaudi.org\/wp-content\/uploads\/2025\/04\/palm-sunday-4903117_1280.jpg","keywords":["Domingo de Ramos","Enrique D\u00edaz","Evangelio","Reflexi\u00f3n","Trending"],"articleSection":["Espiritualidad","Iglesia y Mundo"],"inLanguage":"es"},{"@type":"WebPage","@id":"https:\/\/exaudi.org\/es\/reflexion-de-mons-enrique-diaz-en-un-burrito\/","url":"https:\/\/exaudi.org\/es\/reflexion-de-mons-enrique-diaz-en-un-burrito\/","name":"Reflexi\u00f3n de Mons. Enrique D\u00edaz: En un burrito &#8211; Exaudi","isPartOf":{"@id":"https:\/\/exaudi.org\/#website"},"primaryImageOfPage":{"@id":"https:\/\/exaudi.org\/es\/reflexion-de-mons-enrique-diaz-en-un-burrito\/#primaryimage"},"image":{"@id":"https:\/\/exaudi.org\/es\/reflexion-de-mons-enrique-diaz-en-un-burrito\/#primaryimage"},"thumbnailUrl":"https:\/\/exaudi.org\/wp-content\/uploads\/2025\/04\/palm-sunday-4903117_1280.jpg","datePublished":"2025-04-13T07:11:46+00:00","author":{"@id":"https:\/\/exaudi.org\/#\/schema\/person\/c02ffbd10830fa375f6882f7dcf1844d"},"breadcrumb":{"@id":"https:\/\/exaudi.org\/es\/reflexion-de-mons-enrique-diaz-en-un-burrito\/#breadcrumb"},"inLanguage":"es","potentialAction":[{"@type":"ReadAction","target":["https:\/\/exaudi.org\/es\/reflexion-de-mons-enrique-diaz-en-un-burrito\/"]}]},{"@type":"ImageObject","inLanguage":"es","@id":"https:\/\/exaudi.org\/es\/reflexion-de-mons-enrique-diaz-en-un-burrito\/#primaryimage","url":"https:\/\/exaudi.org\/wp-content\/uploads\/2025\/04\/palm-sunday-4903117_1280.jpg","contentUrl":"https:\/\/exaudi.org\/wp-content\/uploads\/2025\/04\/palm-sunday-4903117_1280.jpg","width":1280,"height":853,"caption":"Pixabay"},{"@type":"BreadcrumbList","@id":"https:\/\/exaudi.org\/es\/reflexion-de-mons-enrique-diaz-en-un-burrito\/#breadcrumb","itemListElement":[{"@type":"ListItem","position":1,"name":"Portada","item":"https:\/\/exaudi.org\/es\/"},{"@type":"ListItem","position":2,"name":"Reflexi\u00f3n de Mons. Enrique D\u00edaz: En un burrito"}]},{"@type":"WebSite","@id":"https:\/\/exaudi.org\/#website","url":"https:\/\/exaudi.org\/","name":"Exaudi","description":"News","potentialAction":[{"@type":"SearchAction","target":{"@type":"EntryPoint","urlTemplate":"https:\/\/exaudi.org\/?s={search_term_string}"},"query-input":{"@type":"PropertyValueSpecification","valueRequired":true,"valueName":"search_term_string"}}],"inLanguage":"es"},{"@type":"Person","@id":"https:\/\/exaudi.org\/#\/schema\/person\/c02ffbd10830fa375f6882f7dcf1844d","name":"Enrique D\u00edaz","image":{"@type":"ImageObject","inLanguage":"es","@id":"https:\/\/secure.gravatar.com\/avatar\/7ca10be5325a95d04b74082d68ba605aa69611eb0f68f47096cb1bc349873284?s=96&d=mm&r=g","url":"https:\/\/secure.gravatar.com\/avatar\/7ca10be5325a95d04b74082d68ba605aa69611eb0f68f47096cb1bc349873284?s=96&d=mm&r=g","contentUrl":"https:\/\/secure.gravatar.com\/avatar\/7ca10be5325a95d04b74082d68ba605aa69611eb0f68f47096cb1bc349873284?s=96&d=mm&r=g","caption":"Enrique D\u00edaz"},"description":"Naci\u00f3 en Huandacareo, Michoac\u00e1n, M\u00e9xico, en 1952. Realiz\u00f3 sus estudios de Filosof\u00eda y Teolog\u00eda en el Seminario de Morelia. Ordenado di\u00e1cono el 22 de mayo de 1977, y presb\u00edtero el 23 de octubre del mismo a\u00f1o. Obtuvo la Licenciatura en Sagrada Escritura en el Pontificio Instituto B\u00edblico en Roma. Ha desarrollado m\u00faltiples encargos pastorales como el de capell\u00e1n de la rector\u00eda de las Tres Aves Mar\u00edas; responsable de la Pastoral B\u00edblica Diocesana y director de la Escuela B\u00edblica en Morelia; maestro de Biblia en el Seminario Conciliar de Morelia, p\u00e1rroco de la Parroquia de Nuestra Se\u00f1ora de Guadalupe, Col. Guadalupe, Morelia; o vicario episcopal para la Zona de Nuestra Se\u00f1ora de la Luz, P\u00e1tzcuaro. Ordenado obispo auxiliar de san Crist\u00f3bal de las Casas en 2003. En la Conferencia Episcopal form\u00f3 parte de las Comisiones de Biblia, Diaconado y Ministerios Laicales. Fue responsable de las Dimensiones de Ministerios Laicales, de Educaci\u00f3n y Cultura. Ha participado en encuentros latinoamericanos y mundiales sobre el Diaconado Permanente. Actualmente es el responsable de la Dimensi\u00f3n de Pastoral de la Cultura. Particip\u00f3 como Miembro del S\u00ednodo de Obispos sobre la Palabra de Dios en la Vida y Misi\u00f3n de la Iglesia en Roma, en 2008. Recibi\u00f3 el nombramiento de obispo coadjutor de San Crist\u00f3bal de las Casas en 2014. Nombrado II obispo de Irapuato el d\u00eda 11 de marzo, tom\u00f3 posesi\u00f3n el 19 de Mayo. Colabora en varias revistas y publicaciones sobre todo con la reflexi\u00f3n diaria y dominical tanto en audio como escrita.","url":"https:\/\/exaudi.org\/es\/author\/enriquediaz\/"}]}},"jetpack_featured_media_url":"https:\/\/exaudi.org\/wp-content\/uploads\/2025\/04\/palm-sunday-4903117_1280.jpg","jetpack_shortlink":"https:\/\/wp.me\/pgKjF2-w88","_links":{"self":[{"href":"https:\/\/exaudi.org\/es\/wp-json\/wp\/v2\/posts\/123512","targetHints":{"allow":["GET"]}}],"collection":[{"href":"https:\/\/exaudi.org\/es\/wp-json\/wp\/v2\/posts"}],"about":[{"href":"https:\/\/exaudi.org\/es\/wp-json\/wp\/v2\/types\/post"}],"author":[{"embeddable":true,"href":"https:\/\/exaudi.org\/es\/wp-json\/wp\/v2\/users\/25"}],"replies":[{"embeddable":true,"href":"https:\/\/exaudi.org\/es\/wp-json\/wp\/v2\/comments?post=123512"}],"version-history":[{"count":0,"href":"https:\/\/exaudi.org\/es\/wp-json\/wp\/v2\/posts\/123512\/revisions"}],"wp:featuredmedia":[{"embeddable":true,"href":"https:\/\/exaudi.org\/es\/wp-json\/wp\/v2\/media\/123513"}],"wp:attachment":[{"href":"https:\/\/exaudi.org\/es\/wp-json\/wp\/v2\/media?parent=123512"}],"wp:term":[{"taxonomy":"category","embeddable":true,"href":"https:\/\/exaudi.org\/es\/wp-json\/wp\/v2\/categories?post=123512"},{"taxonomy":"post_tag","embeddable":true,"href":"https:\/\/exaudi.org\/es\/wp-json\/wp\/v2\/tags?post=123512"}],"curies":[{"name":"wp","href":"https:\/\/api.w.org\/{rel}","templated":true}]}}