{"id":123508,"date":"2025-04-12T19:01:46","date_gmt":"2025-04-12T17:01:46","guid":{"rendered":"https:\/\/exaudi.org\/?p=123508"},"modified":"2025-04-12T19:02:43","modified_gmt":"2025-04-12T17:02:43","slug":"el-papa-en-oracion-en-la-basilica-santa-maria-la-mayor","status":"publish","type":"post","link":"https:\/\/exaudi.org\/es\/el-papa-en-oracion-en-la-basilica-santa-maria-la-mayor\/","title":{"rendered":"El Papa en oraci\u00f3n en la Bas\u00edlica Santa Mar\u00eda la Mayor"},"content":{"rendered":"<p>\u00abA primera hora de la tarde de hoy, el Papa Francisco se dirigi\u00f3 a la Bas\u00edlica de Santa Mar\u00eda la Mayor y, en v\u00edsperas del Domingo de Ramos y de la Semana Santa, se detuvo a rezar ante el icono de la Virgen, Salus Populi Romani\u00bb. As\u00ed lo ha anunciado la Oficina de Prensa de la Santa Sede. Esta es su visita n\u00famero 126 a esta advocaci\u00f3n mariana en Roma.<\/p>\n<p>El v\u00ednculo entre el Papa Francisco y la Salus Populi Romani siempre ha sido filial. Al final de su hospitalizaci\u00f3n en el Hospital Gemelli, hace tres semanas, el Pont\u00edfice se hab\u00eda detenido en la plaza frente a la Bas\u00edlica de Santa Mar\u00eda la Mayor antes de regresar a la Casa Santa Marta, para entregar flores que se colocar\u00edan delante del icono de la Virgen, entreg\u00e1ndoselas al cardenal Rolandas Makrickas, arcipreste coadjutor de la Bas\u00edlica. Un ramo de flores amarillas que la se\u00f1ora Carmela Mancuso hab\u00eda enviado al Papa despu\u00e9s de que Francisco le diera las gracias p\u00fablicamente y la reconociera entre la multitud al salir de Gemelli.<\/p>\n<p>El homenaje al icono de Mar\u00eda Salus Populi Romani es una costumbre del Papa Francisco desde el 14 de marzo de 2013, al d\u00eda siguiente de su elecci\u00f3n, y se ha mantenido antes y despu\u00e9s de cada viaje apost\u00f3lico. Y, despu\u00e9s de todo, acercarse a Ella el 23 de marzo fue como marcar el final de un viaje al hospital y el comienzo de un nuevo viaje con la convalecencia en Santa Marta.<\/p>\n<p>La \u00faltima visita a la bas\u00edlica liberiana de las m\u00e1s de cien que se produjeron fue el 14 de diciembre de 2024, cuando el Papa fue a rezar por el 47\u00ba Viaje Apost\u00f3lico a Ajaccio, C\u00f3rcega, para la conclusi\u00f3n del Congreso &#8216;La Religiosit\u00e9 Populaire en Mediterran\u00e9e&#8217;.<\/p>\n","protected":false},"excerpt":{"rendered":"<p>Francisco acudi\u00f3 a la Bas\u00edlica de Liberia para rendir homenaje a la Salus Populi Romani antes del inicio de la Semana Santa<\/p>\n","protected":false},"author":15,"featured_media":123509,"comment_status":"closed","ping_status":"closed","sticky":false,"template":"","format":"standard","meta":{"_acf_changed":false,"_crdt_document":"","inline_featured_image":false,"footnotes":""},"categories":[68],"tags":[175,47474,2419,158,5113],"class_list":["post-123508","post","type-post","status-publish","format-standard","has-post-thumbnail","hentry","category-leon-xiv","tag-cuaresma","tag-cuaresma-2025","tag-featured","tag-papa-francisco","tag-santa-maria-la-mayor"],"acf":[],"yoast_head":"<!-- This site is optimized with the Yoast SEO plugin v27.5 - https:\/\/yoast.com\/product\/yoast-seo-wordpress\/ -->\n<title>El Papa en oraci\u00f3n en la Bas\u00edlica Santa Mar\u00eda la Mayor &#8211; Exaudi<\/title>\n<meta name=\"robots\" content=\"index, follow, max-snippet:-1, max-image-preview:large, max-video-preview:-1\" \/>\n<link rel=\"canonical\" href=\"https:\/\/exaudi.org\/es\/el-papa-en-oracion-en-la-basilica-santa-maria-la-mayor\/\" \/>\n<meta property=\"og:locale\" content=\"es_ES\" \/>\n<meta property=\"og:type\" content=\"article\" \/>\n<meta property=\"og:title\" content=\"El Papa en oraci\u00f3n en la Bas\u00edlica Santa Mar\u00eda la Mayor &#8211; Exaudi\" \/>\n<meta property=\"og:description\" content=\"Francisco acudi\u00f3 a la Bas\u00edlica de Liberia para rendir homenaje a la Salus Populi Romani antes del inicio de la Semana Santa\" \/>\n<meta property=\"og:url\" content=\"https:\/\/exaudi.org\/es\/el-papa-en-oracion-en-la-basilica-santa-maria-la-mayor\/\" \/>\n<meta property=\"og:site_name\" content=\"Exaudi\" \/>\n<meta property=\"article:publisher\" content=\"https:\/\/www.facebook.com\/ExaudiNews\" \/>\n<meta property=\"article:author\" content=\"https:\/\/www.facebook.com\/ExaudiNoticias\/\" \/>\n<meta property=\"article:published_time\" content=\"2025-04-12T17:01:46+00:00\" \/>\n<meta property=\"article:modified_time\" content=\"2025-04-12T17:02:43+00:00\" \/>\n<meta property=\"og:image\" content=\"https:\/\/exaudi.org\/wp-content\/uploads\/2025\/04\/cq5dam.thumbnail.cropped.500.281-2.jpeg\" \/>\n\t<meta property=\"og:image:width\" content=\"500\" \/>\n\t<meta property=\"og:image:height\" content=\"281\" \/>\n\t<meta property=\"og:image:type\" content=\"image\/jpeg\" \/>\n<meta name=\"author\" content=\"Exaudi Redacci\u00f3n\" \/>\n<meta name=\"twitter:card\" content=\"summary_large_image\" \/>\n<meta name=\"twitter:creator\" content=\"@Exaudi_noticias\" \/>\n<meta name=\"twitter:site\" content=\"@Exaudi_News\" \/>\n<meta name=\"twitter:label1\" content=\"Escrito por\" \/>\n\t<meta name=\"twitter:data1\" content=\"Exaudi Redacci\u00f3n\" \/>\n\t<meta name=\"twitter:label2\" content=\"Tiempo de lectura\" \/>\n\t<meta name=\"twitter:data2\" content=\"2 minutos\" \/>\n<script type=\"application\/ld+json\" class=\"yoast-schema-graph\">{\"@context\":\"https:\\\/\\\/schema.org\",\"@graph\":[{\"@type\":\"Article\",\"@id\":\"https:\\\/\\\/exaudi.org\\\/es\\\/el-papa-en-oracion-en-la-basilica-santa-maria-la-mayor\\\/#article\",\"isPartOf\":{\"@id\":\"https:\\\/\\\/exaudi.org\\\/es\\\/el-papa-en-oracion-en-la-basilica-santa-maria-la-mayor\\\/\"},\"author\":{\"name\":\"Exaudi Redacci\u00f3n\",\"@id\":\"https:\\\/\\\/exaudi.org\\\/#\\\/schema\\\/person\\\/f5fc8f063065e38742da7afe15f25df7\"},\"headline\":\"El Papa en oraci\u00f3n en la Bas\u00edlica Santa Mar\u00eda la Mayor\",\"datePublished\":\"2025-04-12T17:01:46+00:00\",\"dateModified\":\"2025-04-12T17:02:43+00:00\",\"mainEntityOfPage\":{\"@id\":\"https:\\\/\\\/exaudi.org\\\/es\\\/el-papa-en-oracion-en-la-basilica-santa-maria-la-mayor\\\/\"},\"wordCount\":333,\"image\":{\"@id\":\"https:\\\/\\\/exaudi.org\\\/es\\\/el-papa-en-oracion-en-la-basilica-santa-maria-la-mayor\\\/#primaryimage\"},\"thumbnailUrl\":\"https:\\\/\\\/exaudi.org\\\/wp-content\\\/uploads\\\/2025\\\/04\\\/cq5dam.thumbnail.cropped.500.281-2.jpeg\",\"keywords\":[\"cuaresma\",\"Cuaresma 2025\",\"Featured\",\"papa francisco\",\"Santa Mar\u00eda la Mayor\"],\"articleSection\":[\"Le\u00f3n XIV\"],\"inLanguage\":\"es\"},{\"@type\":\"WebPage\",\"@id\":\"https:\\\/\\\/exaudi.org\\\/es\\\/el-papa-en-oracion-en-la-basilica-santa-maria-la-mayor\\\/\",\"url\":\"https:\\\/\\\/exaudi.org\\\/es\\\/el-papa-en-oracion-en-la-basilica-santa-maria-la-mayor\\\/\",\"name\":\"El Papa en oraci\u00f3n en la Bas\u00edlica Santa Mar\u00eda la Mayor &#8211; Exaudi\",\"isPartOf\":{\"@id\":\"https:\\\/\\\/exaudi.org\\\/#website\"},\"primaryImageOfPage\":{\"@id\":\"https:\\\/\\\/exaudi.org\\\/es\\\/el-papa-en-oracion-en-la-basilica-santa-maria-la-mayor\\\/#primaryimage\"},\"image\":{\"@id\":\"https:\\\/\\\/exaudi.org\\\/es\\\/el-papa-en-oracion-en-la-basilica-santa-maria-la-mayor\\\/#primaryimage\"},\"thumbnailUrl\":\"https:\\\/\\\/exaudi.org\\\/wp-content\\\/uploads\\\/2025\\\/04\\\/cq5dam.thumbnail.cropped.500.281-2.jpeg\",\"datePublished\":\"2025-04-12T17:01:46+00:00\",\"dateModified\":\"2025-04-12T17:02:43+00:00\",\"author\":{\"@id\":\"https:\\\/\\\/exaudi.org\\\/#\\\/schema\\\/person\\\/f5fc8f063065e38742da7afe15f25df7\"},\"breadcrumb\":{\"@id\":\"https:\\\/\\\/exaudi.org\\\/es\\\/el-papa-en-oracion-en-la-basilica-santa-maria-la-mayor\\\/#breadcrumb\"},\"inLanguage\":\"es\",\"potentialAction\":[{\"@type\":\"ReadAction\",\"target\":[\"https:\\\/\\\/exaudi.org\\\/es\\\/el-papa-en-oracion-en-la-basilica-santa-maria-la-mayor\\\/\"]}]},{\"@type\":\"ImageObject\",\"inLanguage\":\"es\",\"@id\":\"https:\\\/\\\/exaudi.org\\\/es\\\/el-papa-en-oracion-en-la-basilica-santa-maria-la-mayor\\\/#primaryimage\",\"url\":\"https:\\\/\\\/exaudi.org\\\/wp-content\\\/uploads\\\/2025\\\/04\\\/cq5dam.thumbnail.cropped.500.281-2.jpeg\",\"contentUrl\":\"https:\\\/\\\/exaudi.org\\\/wp-content\\\/uploads\\\/2025\\\/04\\\/cq5dam.thumbnail.cropped.500.281-2.jpeg\",\"width\":500,\"height\":281},{\"@type\":\"BreadcrumbList\",\"@id\":\"https:\\\/\\\/exaudi.org\\\/es\\\/el-papa-en-oracion-en-la-basilica-santa-maria-la-mayor\\\/#breadcrumb\",\"itemListElement\":[{\"@type\":\"ListItem\",\"position\":1,\"name\":\"Portada\",\"item\":\"https:\\\/\\\/exaudi.org\\\/es\\\/\"},{\"@type\":\"ListItem\",\"position\":2,\"name\":\"El Papa en oraci\u00f3n en la Bas\u00edlica Santa Mar\u00eda la Mayor\"}]},{\"@type\":\"WebSite\",\"@id\":\"https:\\\/\\\/exaudi.org\\\/#website\",\"url\":\"https:\\\/\\\/exaudi.org\\\/\",\"name\":\"Exaudi\",\"description\":\"News\",\"potentialAction\":[{\"@type\":\"SearchAction\",\"target\":{\"@type\":\"EntryPoint\",\"urlTemplate\":\"https:\\\/\\\/exaudi.org\\\/?s={search_term_string}\"},\"query-input\":{\"@type\":\"PropertyValueSpecification\",\"valueRequired\":true,\"valueName\":\"search_term_string\"}}],\"inLanguage\":\"es\"},{\"@type\":\"Person\",\"@id\":\"https:\\\/\\\/exaudi.org\\\/#\\\/schema\\\/person\\\/f5fc8f063065e38742da7afe15f25df7\",\"name\":\"Exaudi Redacci\u00f3n\",\"image\":{\"@type\":\"ImageObject\",\"inLanguage\":\"es\",\"@id\":\"https:\\\/\\\/secure.gravatar.com\\\/avatar\\\/fe0f6a059fb68d9b3e11bc5850dd4899b1c7492091a3cb6dd9b01b56ad828be2?s=96&d=mm&r=g\",\"url\":\"https:\\\/\\\/secure.gravatar.com\\\/avatar\\\/fe0f6a059fb68d9b3e11bc5850dd4899b1c7492091a3cb6dd9b01b56ad828be2?s=96&d=mm&r=g\",\"contentUrl\":\"https:\\\/\\\/secure.gravatar.com\\\/avatar\\\/fe0f6a059fb68d9b3e11bc5850dd4899b1c7492091a3cb6dd9b01b56ad828be2?s=96&d=mm&r=g\",\"caption\":\"Exaudi Redacci\u00f3n\"},\"description\":\"\u00bfQu\u00e9 es Exaudi News? Exaudi News es un medio de comunicaci\u00f3n cat\u00f3lico internacional que informa, forma y transforma, diariamente en espa\u00f1ol, ingl\u00e9s e italiano. A trav\u00e9s de noticias, art\u00edculos de an\u00e1lisis y transmisiones en directo de los eventos del Papa, Exaudi busca fortalecer la unidad de los cristianos y contribuir a la evangelizaci\u00f3n del mundo, siempre guiados por la doctrina social de la Iglesia. Trabajamos para acercar la verdad y los valores cristianos a cada rinc\u00f3n del planeta. \u00a1Ay\u00fadanos a transformar el mundo con Exaudi! En Exaudi creemos que la evangelizaci\u00f3n y la informaci\u00f3n de calidad pueden cambiar vidas. Para continuar con nuestra misi\u00f3n y expandir nuestro alcance, necesitamos tu ayuda. Adem\u00e1s, buscamos personas comprometidas que deseen unirse a nuestro equipo. Con tu apoyo, lograremos llegar a m\u00e1s personas, difundir el mensaje de Cristo y reforzar la unidad de los cristianos. \u00bfTe unes a nuestra misi\u00f3n? Para m\u00e1s informaci\u00f3n sobre c\u00f3mo colaborar, visita Exaudi.org\\\/es o cont\u00e1ctanos directamente: info@exaudi.org Exaudi: Informa, forma y transforma.\",\"sameAs\":[\"https:\\\/\\\/www.facebook.com\\\/ExaudiNoticias\\\/\",\"https:\\\/\\\/www.instagram.com\\\/exaudi_noticias\\\/\",\"https:\\\/\\\/x.com\\\/Exaudi_noticias\",\"https:\\\/\\\/www.youtube.com\\\/@exaudicatholicnews\"],\"url\":\"https:\\\/\\\/exaudi.org\\\/es\\\/author\\\/redaccionexaudi\\\/\"}]}<\/script>\n<!-- \/ Yoast SEO plugin. -->","yoast_head_json":{"title":"El Papa en oraci\u00f3n en la Bas\u00edlica Santa Mar\u00eda la Mayor &#8211; Exaudi","robots":{"index":"index","follow":"follow","max-snippet":"max-snippet:-1","max-image-preview":"max-image-preview:large","max-video-preview":"max-video-preview:-1"},"canonical":"https:\/\/exaudi.org\/es\/el-papa-en-oracion-en-la-basilica-santa-maria-la-mayor\/","og_locale":"es_ES","og_type":"article","og_title":"El Papa en oraci\u00f3n en la Bas\u00edlica Santa Mar\u00eda la Mayor &#8211; Exaudi","og_description":"Francisco acudi\u00f3 a la Bas\u00edlica de Liberia para rendir homenaje a la Salus Populi Romani antes del inicio de la Semana Santa","og_url":"https:\/\/exaudi.org\/es\/el-papa-en-oracion-en-la-basilica-santa-maria-la-mayor\/","og_site_name":"Exaudi","article_publisher":"https:\/\/www.facebook.com\/ExaudiNews","article_author":"https:\/\/www.facebook.com\/ExaudiNoticias\/","article_published_time":"2025-04-12T17:01:46+00:00","article_modified_time":"2025-04-12T17:02:43+00:00","og_image":[{"width":500,"height":281,"url":"https:\/\/exaudi.org\/wp-content\/uploads\/2025\/04\/cq5dam.thumbnail.cropped.500.281-2.jpeg","type":"image\/jpeg"}],"author":"Exaudi Redacci\u00f3n","twitter_card":"summary_large_image","twitter_creator":"@Exaudi_noticias","twitter_site":"@Exaudi_News","twitter_misc":{"Escrito por":"Exaudi Redacci\u00f3n","Tiempo de lectura":"2 minutos"},"schema":{"@context":"https:\/\/schema.org","@graph":[{"@type":"Article","@id":"https:\/\/exaudi.org\/es\/el-papa-en-oracion-en-la-basilica-santa-maria-la-mayor\/#article","isPartOf":{"@id":"https:\/\/exaudi.org\/es\/el-papa-en-oracion-en-la-basilica-santa-maria-la-mayor\/"},"author":{"name":"Exaudi Redacci\u00f3n","@id":"https:\/\/exaudi.org\/#\/schema\/person\/f5fc8f063065e38742da7afe15f25df7"},"headline":"El Papa en oraci\u00f3n en la Bas\u00edlica Santa Mar\u00eda la Mayor","datePublished":"2025-04-12T17:01:46+00:00","dateModified":"2025-04-12T17:02:43+00:00","mainEntityOfPage":{"@id":"https:\/\/exaudi.org\/es\/el-papa-en-oracion-en-la-basilica-santa-maria-la-mayor\/"},"wordCount":333,"image":{"@id":"https:\/\/exaudi.org\/es\/el-papa-en-oracion-en-la-basilica-santa-maria-la-mayor\/#primaryimage"},"thumbnailUrl":"https:\/\/exaudi.org\/wp-content\/uploads\/2025\/04\/cq5dam.thumbnail.cropped.500.281-2.jpeg","keywords":["cuaresma","Cuaresma 2025","Featured","papa francisco","Santa Mar\u00eda la Mayor"],"articleSection":["Le\u00f3n XIV"],"inLanguage":"es"},{"@type":"WebPage","@id":"https:\/\/exaudi.org\/es\/el-papa-en-oracion-en-la-basilica-santa-maria-la-mayor\/","url":"https:\/\/exaudi.org\/es\/el-papa-en-oracion-en-la-basilica-santa-maria-la-mayor\/","name":"El Papa en oraci\u00f3n en la Bas\u00edlica Santa Mar\u00eda la Mayor &#8211; Exaudi","isPartOf":{"@id":"https:\/\/exaudi.org\/#website"},"primaryImageOfPage":{"@id":"https:\/\/exaudi.org\/es\/el-papa-en-oracion-en-la-basilica-santa-maria-la-mayor\/#primaryimage"},"image":{"@id":"https:\/\/exaudi.org\/es\/el-papa-en-oracion-en-la-basilica-santa-maria-la-mayor\/#primaryimage"},"thumbnailUrl":"https:\/\/exaudi.org\/wp-content\/uploads\/2025\/04\/cq5dam.thumbnail.cropped.500.281-2.jpeg","datePublished":"2025-04-12T17:01:46+00:00","dateModified":"2025-04-12T17:02:43+00:00","author":{"@id":"https:\/\/exaudi.org\/#\/schema\/person\/f5fc8f063065e38742da7afe15f25df7"},"breadcrumb":{"@id":"https:\/\/exaudi.org\/es\/el-papa-en-oracion-en-la-basilica-santa-maria-la-mayor\/#breadcrumb"},"inLanguage":"es","potentialAction":[{"@type":"ReadAction","target":["https:\/\/exaudi.org\/es\/el-papa-en-oracion-en-la-basilica-santa-maria-la-mayor\/"]}]},{"@type":"ImageObject","inLanguage":"es","@id":"https:\/\/exaudi.org\/es\/el-papa-en-oracion-en-la-basilica-santa-maria-la-mayor\/#primaryimage","url":"https:\/\/exaudi.org\/wp-content\/uploads\/2025\/04\/cq5dam.thumbnail.cropped.500.281-2.jpeg","contentUrl":"https:\/\/exaudi.org\/wp-content\/uploads\/2025\/04\/cq5dam.thumbnail.cropped.500.281-2.jpeg","width":500,"height":281},{"@type":"BreadcrumbList","@id":"https:\/\/exaudi.org\/es\/el-papa-en-oracion-en-la-basilica-santa-maria-la-mayor\/#breadcrumb","itemListElement":[{"@type":"ListItem","position":1,"name":"Portada","item":"https:\/\/exaudi.org\/es\/"},{"@type":"ListItem","position":2,"name":"El Papa en oraci\u00f3n en la Bas\u00edlica Santa Mar\u00eda la Mayor"}]},{"@type":"WebSite","@id":"https:\/\/exaudi.org\/#website","url":"https:\/\/exaudi.org\/","name":"Exaudi","description":"News","potentialAction":[{"@type":"SearchAction","target":{"@type":"EntryPoint","urlTemplate":"https:\/\/exaudi.org\/?s={search_term_string}"},"query-input":{"@type":"PropertyValueSpecification","valueRequired":true,"valueName":"search_term_string"}}],"inLanguage":"es"},{"@type":"Person","@id":"https:\/\/exaudi.org\/#\/schema\/person\/f5fc8f063065e38742da7afe15f25df7","name":"Exaudi Redacci\u00f3n","image":{"@type":"ImageObject","inLanguage":"es","@id":"https:\/\/secure.gravatar.com\/avatar\/fe0f6a059fb68d9b3e11bc5850dd4899b1c7492091a3cb6dd9b01b56ad828be2?s=96&d=mm&r=g","url":"https:\/\/secure.gravatar.com\/avatar\/fe0f6a059fb68d9b3e11bc5850dd4899b1c7492091a3cb6dd9b01b56ad828be2?s=96&d=mm&r=g","contentUrl":"https:\/\/secure.gravatar.com\/avatar\/fe0f6a059fb68d9b3e11bc5850dd4899b1c7492091a3cb6dd9b01b56ad828be2?s=96&d=mm&r=g","caption":"Exaudi Redacci\u00f3n"},"description":"\u00bfQu\u00e9 es Exaudi News? Exaudi News es un medio de comunicaci\u00f3n cat\u00f3lico internacional que informa, forma y transforma, diariamente en espa\u00f1ol, ingl\u00e9s e italiano. A trav\u00e9s de noticias, art\u00edculos de an\u00e1lisis y transmisiones en directo de los eventos del Papa, Exaudi busca fortalecer la unidad de los cristianos y contribuir a la evangelizaci\u00f3n del mundo, siempre guiados por la doctrina social de la Iglesia. Trabajamos para acercar la verdad y los valores cristianos a cada rinc\u00f3n del planeta. \u00a1Ay\u00fadanos a transformar el mundo con Exaudi! En Exaudi creemos que la evangelizaci\u00f3n y la informaci\u00f3n de calidad pueden cambiar vidas. Para continuar con nuestra misi\u00f3n y expandir nuestro alcance, necesitamos tu ayuda. Adem\u00e1s, buscamos personas comprometidas que deseen unirse a nuestro equipo. Con tu apoyo, lograremos llegar a m\u00e1s personas, difundir el mensaje de Cristo y reforzar la unidad de los cristianos. \u00bfTe unes a nuestra misi\u00f3n? Para m\u00e1s informaci\u00f3n sobre c\u00f3mo colaborar, visita Exaudi.org\/es o cont\u00e1ctanos directamente: info@exaudi.org Exaudi: Informa, forma y transforma.","sameAs":["https:\/\/www.facebook.com\/ExaudiNoticias\/","https:\/\/www.instagram.com\/exaudi_noticias\/","https:\/\/x.com\/Exaudi_noticias","https:\/\/www.youtube.com\/@exaudicatholicnews"],"url":"https:\/\/exaudi.org\/es\/author\/redaccionexaudi\/"}]}},"jetpack_featured_media_url":"https:\/\/exaudi.org\/wp-content\/uploads\/2025\/04\/cq5dam.thumbnail.cropped.500.281-2.jpeg","jetpack_shortlink":"https:\/\/wp.me\/pgKjF2-w84","_links":{"self":[{"href":"https:\/\/exaudi.org\/es\/wp-json\/wp\/v2\/posts\/123508","targetHints":{"allow":["GET"]}}],"collection":[{"href":"https:\/\/exaudi.org\/es\/wp-json\/wp\/v2\/posts"}],"about":[{"href":"https:\/\/exaudi.org\/es\/wp-json\/wp\/v2\/types\/post"}],"author":[{"embeddable":true,"href":"https:\/\/exaudi.org\/es\/wp-json\/wp\/v2\/users\/15"}],"replies":[{"embeddable":true,"href":"https:\/\/exaudi.org\/es\/wp-json\/wp\/v2\/comments?post=123508"}],"version-history":[{"count":0,"href":"https:\/\/exaudi.org\/es\/wp-json\/wp\/v2\/posts\/123508\/revisions"}],"wp:featuredmedia":[{"embeddable":true,"href":"https:\/\/exaudi.org\/es\/wp-json\/wp\/v2\/media\/123509"}],"wp:attachment":[{"href":"https:\/\/exaudi.org\/es\/wp-json\/wp\/v2\/media?parent=123508"}],"wp:term":[{"taxonomy":"category","embeddable":true,"href":"https:\/\/exaudi.org\/es\/wp-json\/wp\/v2\/categories?post=123508"},{"taxonomy":"post_tag","embeddable":true,"href":"https:\/\/exaudi.org\/es\/wp-json\/wp\/v2\/tags?post=123508"}],"curies":[{"name":"wp","href":"https:\/\/api.w.org\/{rel}","templated":true}]}}