{"id":123225,"date":"2025-04-09T08:30:03","date_gmt":"2025-04-09T06:30:03","guid":{"rendered":"https:\/\/exaudi.org\/?p=123225"},"modified":"2025-04-09T08:57:39","modified_gmt":"2025-04-09T06:57:39","slug":"el-cristianismo-un-potente-motor-de-transformacion-social","status":"publish","type":"post","link":"https:\/\/exaudi.org\/es\/el-cristianismo-un-potente-motor-de-transformacion-social\/","title":{"rendered":"\u201cEl cristianismo, un potente motor de transformaci\u00f3n social\u201d"},"content":{"rendered":"<p><em>La Esfera de los Libros<\/em> acaba de publicar el ensayo titulado <a href=\"https:\/\/www.esferalibros.com\/libros\/el-sentido-del-cristianismo\/\" target=\"_blank\" rel=\"noopener\"><em>El sentido del cristianismo<\/em><\/a>, escrito por <a href=\"https:\/\/exaudi.org\/es\/author\/rdomingo\/\" target=\"_blank\" rel=\"noopener\">Rafael Domingo Osl\u00e9<\/a>, catedr\u00e1tico de derecho y titular de la C\u00e1tedra \u00c1lvaro d\u2019Ors en la Universidad de Navarra. En esta obra, el autor explora la relevancia del cristianismo en el contexto actual, e invita a los lectores a reconsiderar su papel y a fomentar un di\u00e1logo que conecte la tradici\u00f3n cultural con las transformaciones del mundo moderno.<\/p>\n<p>Rafael Domingo Osl\u00e9 revela c\u00f3mo un cristianismo vivido con plenitud puede sanar la sociedad y abrir caminos de di\u00e1logo, perd\u00f3n y trascendencia.<\/p>\n<p><iframe title=\"Spotify Embed: \u201cEl cristianismo, un potente motor de transformaci\u00f3n social\u201d\" style=\"border-radius: 12px\" width=\"100%\" height=\"152\" frameborder=\"0\" allowfullscreen allow=\"autoplay; clipboard-write; encrypted-media; fullscreen; picture-in-picture\" loading=\"lazy\" src=\"https:\/\/open.spotify.com\/embed\/episode\/5AJOgZ4uADjAiKSiz0kdpW?si=866143bc54ec4cf8&#038;utm_source=oembed\"><\/iframe><\/p>\n<p><strong>\u00bfCu\u00e1l es la tesis central que defiende en su libro?<\/strong><\/p>\n<p>La tesis central de mi libro sostiene que el cristianismo, cuando se vive en su plenitud, tiene mucho que aportar en nuestra era secular. Bien anclado socialmente, el cristianismo ilumina nuestra comunidad pol\u00edtica, enriquece nuestra identidad y promueve valores esenciales como el respeto, la tolerancia, el perd\u00f3n, la solidaridad y la misericordia. En un contexto de creciente polarizaci\u00f3n, el cristianismo ofrece un modelo de di\u00e1logo y reconciliaci\u00f3n, as\u00ed como una visi\u00f3n hol\u00edstica que integra diversas dimensiones de la realidad, desde la pol\u00edtica hasta la espiritualidad.<\/p>\n<p><strong>\u00bfPor qu\u00e9 considera esencial abrirse a la trascendencia?<\/strong><\/p>\n<p>Abrirse a la trascendencia permite a las personas encontrar un significado m\u00e1s profundo en sus vidas, y descubrir que no hay un yo sin un nosotros ni un nosotros sin un yo. Ni un ser humano sin un Dios creador. Este enfoque es fundamental para la construcci\u00f3n de comunidades pol\u00edticas cohesionadas y solidarias, que no endiosan y absolutizan el poder del Estado secular.<\/p>\n<p><a href=\"https:\/\/www.esferalibros.com\/libros\/el-sentido-del-cristianismo\/\" target=\"_blank\" rel=\"noopener\"><img loading=\"lazy\" decoding=\"async\" class=\"size-full wp-image-123227 alignnone\" src=\"https:\/\/exaudi.org\/wp-content\/uploads\/2025\/04\/WhatsApp-Image-2025-04-08-at-16.59.53.jpeg\" alt=\"\" width=\"917\" height=\"183\" srcset=\"https:\/\/exaudi.org\/wp-content\/uploads\/2025\/04\/WhatsApp-Image-2025-04-08-at-16.59.53.jpeg 917w, https:\/\/exaudi.org\/wp-content\/uploads\/2025\/04\/WhatsApp-Image-2025-04-08-at-16.59.53-300x60.jpeg 300w, https:\/\/exaudi.org\/wp-content\/uploads\/2025\/04\/WhatsApp-Image-2025-04-08-at-16.59.53-770x154.jpeg 770w, https:\/\/exaudi.org\/wp-content\/uploads\/2025\/04\/WhatsApp-Image-2025-04-08-at-16.59.53-500x100.jpeg 500w\" sizes=\"auto, (max-width: 917px) 100vw, 917px\" \/><\/a><\/p>\n<p><strong>En su libro, menciona la noci\u00f3n de \u00abDios-Amor\u00bb. \u00bfQu\u00e9 significa esto en el contexto del cristianismo?<\/strong><\/p>\n<p>La noci\u00f3n de \u00abDios-Amor\u00bb es central en el cristianismo. Nos recuerda que Dios no es solo un ser supremo, distante y omnipotente, sino que es Amor en esencia, la fuente de amor incondicional que nutre nuestras vidas. Esta comprensi\u00f3n implica que nuestra relaci\u00f3n con Dios no se basa en el miedo o la obligaci\u00f3n, sino en una relaci\u00f3n filial, amorosa y transformadora, hasta el punto de que nos diviniza. Cuando una sociedad se abre a esta visi\u00f3n de Dios, se transforma en un lugar sagrado, m\u00e1s digno y habitable.<\/p>\n<p><strong>\u00bfPor qu\u00e9 denomina al cristianismo la religi\u00f3n del perd\u00f3n?<\/strong><\/p>\n<p>Porque lo es, ciertamente. Si bien todas las grandes religiones hablan del perd\u00f3n, ninguna lo hace con la radicalidad que lo hace Jesucristo, quien nos invita a amar (perdonar) incluso a nuestros enemigos, y a hacerlo incondicionalmente y siempre. En un mundo donde el resentimiento y la venganza a menudo prevalecen, el cristianismo ofrece un modelo de perd\u00f3n radical que puede romper este ciclo destructivo.<\/p>\n<p><strong><a href=\"https:\/\/www.esferalibros.com\/libros\/el-sentido-del-cristianismo\/\" target=\"_blank\" rel=\"noopener\"><img loading=\"lazy\" decoding=\"async\" class=\"wp-image-123236 alignright\" src=\"https:\/\/exaudi.org\/wp-content\/uploads\/2025\/04\/WhatsApp-Image-2025-04-08-at-17.03.33.jpeg\" alt=\"\" width=\"230\" height=\"345\" srcset=\"https:\/\/exaudi.org\/wp-content\/uploads\/2025\/04\/WhatsApp-Image-2025-04-08-at-17.03.33.jpeg 1067w, https:\/\/exaudi.org\/wp-content\/uploads\/2025\/04\/WhatsApp-Image-2025-04-08-at-17.03.33-200x300.jpeg 200w, https:\/\/exaudi.org\/wp-content\/uploads\/2025\/04\/WhatsApp-Image-2025-04-08-at-17.03.33-683x1024.jpeg 683w, https:\/\/exaudi.org\/wp-content\/uploads\/2025\/04\/WhatsApp-Image-2025-04-08-at-17.03.33-770x1155.jpeg 770w, https:\/\/exaudi.org\/wp-content\/uploads\/2025\/04\/WhatsApp-Image-2025-04-08-at-17.03.33-1024x1536.jpeg 1024w, https:\/\/exaudi.org\/wp-content\/uploads\/2025\/04\/WhatsApp-Image-2025-04-08-at-17.03.33-500x750.jpeg 500w\" sizes=\"auto, (max-width: 230px) 100vw, 230px\" \/><\/a>\u00bfPodr\u00eda profundizar en lo que el cristianismo ofrece en la actualidad?<\/strong><\/p>\n<p>Por supuesto. El cristianismo aporta valores y principios que pueden guiar a la sociedad en su conjunto. Por ejemplo, el respeto y la dignidad humana son pilares del cristianismo que pueden ayudar a contrarrestar la deshumanizaci\u00f3n que a menudo se observa en el discurso p\u00fablico. Adem\u00e1s, el cristianismo proporciona un marco \u00e9tico s\u00f3lido para abordar problemas sociales como la pobreza, la injusticia y la desigualdad. La ense\u00f1anza de Jesucristo sobre el amor al pr\u00f3jimo nos impulsa a actuar en favor de los que sufren. Esto no solo constituye una invitaci\u00f3n a la acci\u00f3n individual, sino tambi\u00e9n a la responsabilidad colectiva de crear sistemas que promuevan la justicia y el bien com\u00fan.<\/p>\n<p><strong>\u00bfCu\u00e1l es la importancia de la contemplaci\u00f3n en la vida moderna y c\u00f3mo puede transformar nuestra relaci\u00f3n con el mundo?<\/strong><\/p>\n<p>En un mundo que prioriza la rapidez y la eficacia, la contemplaci\u00f3n se revela como una necesidad vital. Esta pr\u00e1ctica nos permite sumergirnos en la realidad sin las limitaciones propias del an\u00e1lisis mental, y nos ofrece una comprensi\u00f3n m\u00e1s profunda y espiritual de nuestro entorno. A trav\u00e9s de la contemplaci\u00f3n, descubrimos la belleza inherente en lo cotidiano y desarrollamos una conexi\u00f3n con lo trascendente. En este sentido, la contemplaci\u00f3n act\u00faa como un ant\u00eddoto contra la superficialidad impuesta por el subproducto woke.<\/p>\n<p><strong>\u00bfA qu\u00e9 se refiere en su libro con la expresi\u00f3n \u00abcristianismo consciente\u00bb?<\/strong><\/p>\n<p>Me refiero a un cristianismo atractivo y renovado, capaz de transformar la sociedad tal como lo hicieron los primeros cristianos. Este enfoque se centra en la necesidad de fomentar un di\u00e1logo enriquecedor entre creyentes y no creyentes, as\u00ed como en promover una sociedad que abrace la trascendencia y el amor divino. En un mundo marcado por la fragmentaci\u00f3n y la polarizaci\u00f3n, esta forma de vivir el cristianismo se convierte en un poderoso v\u00ednculo de integraci\u00f3n social, con potencial suficiente para restaurar la armon\u00eda perdida.<\/p>\n<p><a href=\"https:\/\/www.esferalibros.com\/libros\/el-sentido-del-cristianismo\/\" target=\"_blank\" rel=\"noopener\"><img loading=\"lazy\" decoding=\"async\" class=\"size-full wp-image-123233 alignnone\" src=\"https:\/\/exaudi.org\/wp-content\/uploads\/2025\/04\/WhatsApp-Image-2025-04-08-at-17.02.37.jpeg\" alt=\"\" width=\"792\" height=\"792\" srcset=\"https:\/\/exaudi.org\/wp-content\/uploads\/2025\/04\/WhatsApp-Image-2025-04-08-at-17.02.37.jpeg 792w, https:\/\/exaudi.org\/wp-content\/uploads\/2025\/04\/WhatsApp-Image-2025-04-08-at-17.02.37-300x300.jpeg 300w, https:\/\/exaudi.org\/wp-content\/uploads\/2025\/04\/WhatsApp-Image-2025-04-08-at-17.02.37-100x100.jpeg?crop=1 100w, https:\/\/exaudi.org\/wp-content\/uploads\/2025\/04\/WhatsApp-Image-2025-04-08-at-17.02.37-770x770.jpeg 770w, https:\/\/exaudi.org\/wp-content\/uploads\/2025\/04\/WhatsApp-Image-2025-04-08-at-17.02.37-500x500.jpeg 500w\" sizes=\"auto, (max-width: 792px) 100vw, 792px\" \/><\/a><\/p>\n","protected":false},"excerpt":{"rendered":"<p>Entrevista a Rafael Domingo Osl\u00e9, autor de El sentido del cristianismo<\/p>\n","protected":false},"author":15,"featured_media":123241,"comment_status":"closed","ping_status":"closed","sticky":false,"template":"","format":"standard","meta":{"_acf_changed":false,"_crdt_document":"","inline_featured_image":false,"footnotes":""},"categories":[108],"tags":[27270,8422,2127,5860,53136,53135,854,12167,20052,53133,53137,18645,42592,38598,14767,1767,53138,3592,43566,3825,9941,53134,8986,24913,726,16116,9482,4953,13537,19540],"class_list":["post-123225","post","type-post","status-publish","format-standard","has-post-thumbnail","hentry","category-entrevistas","tag-amor-al-projimo","tag-catolicismo","tag-contemplacion","tag-cristianismo","tag-cristianismo-actual","tag-cristianismo-consciente","tag-dialogo-interreligioso-es","tag-dignidad-humana","tag-dios-amor","tag-el-sentido-del-cristianismo","tag-ensayo-cristiano","tag-espiritualidad-cristiana","tag-etica-cristiana","tag-fe-y-cultura","tag-identidad-cristiana","tag-justicia-social","tag-la-esfera-de-los-libros","tag-misericordia-es","tag-perdon-cristiano","tag-polarizacion","tag-rafael-domingo-osle","tag-religion-del-perdon","tag-respeto","tag-sociedad-y-religion","tag-solidaridad","tag-transformacion-social","tag-trascendencia","tag-trending-es","tag-universidad-de-navarra","tag-valores-cristianos"],"acf":[],"yoast_head":"<!-- This site is optimized with the Yoast SEO plugin v27.5 - https:\/\/yoast.com\/product\/yoast-seo-wordpress\/ -->\n<title>\u201cEl cristianismo, un potente motor de transformaci\u00f3n social\u201d &#8211; Exaudi<\/title>\n<meta name=\"robots\" content=\"index, follow, max-snippet:-1, max-image-preview:large, max-video-preview:-1\" \/>\n<link rel=\"canonical\" href=\"https:\/\/exaudi.org\/es\/el-cristianismo-un-potente-motor-de-transformacion-social\/\" \/>\n<meta property=\"og:locale\" content=\"es_ES\" \/>\n<meta property=\"og:type\" content=\"article\" \/>\n<meta property=\"og:title\" content=\"\u201cEl cristianismo, un potente motor de transformaci\u00f3n social\u201d &#8211; Exaudi\" \/>\n<meta property=\"og:description\" content=\"Entrevista a Rafael Domingo Osl\u00e9, autor de El sentido del cristianismo\" \/>\n<meta property=\"og:url\" content=\"https:\/\/exaudi.org\/es\/el-cristianismo-un-potente-motor-de-transformacion-social\/\" \/>\n<meta property=\"og:site_name\" content=\"Exaudi\" \/>\n<meta property=\"article:publisher\" content=\"https:\/\/www.facebook.com\/ExaudiNews\" \/>\n<meta property=\"article:author\" content=\"https:\/\/www.facebook.com\/ExaudiNoticias\/\" \/>\n<meta property=\"article:published_time\" content=\"2025-04-09T06:30:03+00:00\" \/>\n<meta property=\"article:modified_time\" content=\"2025-04-09T06:57:39+00:00\" \/>\n<meta property=\"og:image\" content=\"https:\/\/exaudi.org\/wp-content\/uploads\/2025\/04\/pexels-pixabay-415571-scaled.jpg\" \/>\n\t<meta property=\"og:image:width\" content=\"2560\" \/>\n\t<meta property=\"og:image:height\" content=\"1440\" \/>\n\t<meta property=\"og:image:type\" content=\"image\/jpeg\" \/>\n<meta name=\"author\" content=\"Exaudi Redacci\u00f3n\" \/>\n<meta name=\"twitter:card\" content=\"summary_large_image\" \/>\n<meta name=\"twitter:creator\" content=\"@Exaudi_noticias\" \/>\n<meta name=\"twitter:site\" content=\"@Exaudi_News\" \/>\n<meta name=\"twitter:label1\" content=\"Escrito por\" \/>\n\t<meta name=\"twitter:data1\" content=\"Exaudi Redacci\u00f3n\" \/>\n\t<meta name=\"twitter:label2\" content=\"Tiempo de lectura\" \/>\n\t<meta name=\"twitter:data2\" content=\"4 minutos\" \/>\n<script type=\"application\/ld+json\" class=\"yoast-schema-graph\">{\"@context\":\"https:\\\/\\\/schema.org\",\"@graph\":[{\"@type\":\"Article\",\"@id\":\"https:\\\/\\\/exaudi.org\\\/es\\\/el-cristianismo-un-potente-motor-de-transformacion-social\\\/#article\",\"isPartOf\":{\"@id\":\"https:\\\/\\\/exaudi.org\\\/es\\\/el-cristianismo-un-potente-motor-de-transformacion-social\\\/\"},\"author\":{\"name\":\"Exaudi Redacci\u00f3n\",\"@id\":\"https:\\\/\\\/exaudi.org\\\/#\\\/schema\\\/person\\\/f5fc8f063065e38742da7afe15f25df7\"},\"headline\":\"\u201cEl cristianismo, un potente motor de transformaci\u00f3n social\u201d\",\"datePublished\":\"2025-04-09T06:30:03+00:00\",\"dateModified\":\"2025-04-09T06:57:39+00:00\",\"mainEntityOfPage\":{\"@id\":\"https:\\\/\\\/exaudi.org\\\/es\\\/el-cristianismo-un-potente-motor-de-transformacion-social\\\/\"},\"wordCount\":846,\"image\":{\"@id\":\"https:\\\/\\\/exaudi.org\\\/es\\\/el-cristianismo-un-potente-motor-de-transformacion-social\\\/#primaryimage\"},\"thumbnailUrl\":\"https:\\\/\\\/exaudi.org\\\/wp-content\\\/uploads\\\/2025\\\/04\\\/pexels-pixabay-415571-scaled.jpg\",\"keywords\":[\"amor al pr\u00f3jimo\",\"Catolicismo\",\"Contemplaci\u00f3n\",\"Cristianismo\",\"cristianismo actual\",\"cristianismo consciente\",\"dialogo interreligioso\",\"Dignidad humana\",\"Dios-Amor\",\"El sentido del cristianismo\",\"ensayo cristiano\",\"espiritualidad cristiana\",\"\u00e9tica cristiana\",\"Fe y cultura\",\"identidad cristiana\",\"Justicia Social\",\"La Esfera de los Libros\",\"misericordia\",\"perd\u00f3n cristiano\",\"Polarizaci\u00f3n\",\"Rafael Domingo Osl\u00e9\",\"religi\u00f3n del perd\u00f3n\",\"Respeto\",\"sociedad y religi\u00f3n\",\"solidaridad\",\"transformaci\u00f3n social\",\"trascendencia\",\"Trending\",\"Universidad de Navarra\",\"valores cristianos\"],\"articleSection\":[\"Entrevistas\"],\"inLanguage\":\"es\"},{\"@type\":\"WebPage\",\"@id\":\"https:\\\/\\\/exaudi.org\\\/es\\\/el-cristianismo-un-potente-motor-de-transformacion-social\\\/\",\"url\":\"https:\\\/\\\/exaudi.org\\\/es\\\/el-cristianismo-un-potente-motor-de-transformacion-social\\\/\",\"name\":\"\u201cEl cristianismo, un potente motor de transformaci\u00f3n social\u201d &#8211; Exaudi\",\"isPartOf\":{\"@id\":\"https:\\\/\\\/exaudi.org\\\/#website\"},\"primaryImageOfPage\":{\"@id\":\"https:\\\/\\\/exaudi.org\\\/es\\\/el-cristianismo-un-potente-motor-de-transformacion-social\\\/#primaryimage\"},\"image\":{\"@id\":\"https:\\\/\\\/exaudi.org\\\/es\\\/el-cristianismo-un-potente-motor-de-transformacion-social\\\/#primaryimage\"},\"thumbnailUrl\":\"https:\\\/\\\/exaudi.org\\\/wp-content\\\/uploads\\\/2025\\\/04\\\/pexels-pixabay-415571-scaled.jpg\",\"datePublished\":\"2025-04-09T06:30:03+00:00\",\"dateModified\":\"2025-04-09T06:57:39+00:00\",\"author\":{\"@id\":\"https:\\\/\\\/exaudi.org\\\/#\\\/schema\\\/person\\\/f5fc8f063065e38742da7afe15f25df7\"},\"breadcrumb\":{\"@id\":\"https:\\\/\\\/exaudi.org\\\/es\\\/el-cristianismo-un-potente-motor-de-transformacion-social\\\/#breadcrumb\"},\"inLanguage\":\"es\",\"potentialAction\":[{\"@type\":\"ReadAction\",\"target\":[\"https:\\\/\\\/exaudi.org\\\/es\\\/el-cristianismo-un-potente-motor-de-transformacion-social\\\/\"]}]},{\"@type\":\"ImageObject\",\"inLanguage\":\"es\",\"@id\":\"https:\\\/\\\/exaudi.org\\\/es\\\/el-cristianismo-un-potente-motor-de-transformacion-social\\\/#primaryimage\",\"url\":\"https:\\\/\\\/exaudi.org\\\/wp-content\\\/uploads\\\/2025\\\/04\\\/pexels-pixabay-415571-scaled.jpg\",\"contentUrl\":\"https:\\\/\\\/exaudi.org\\\/wp-content\\\/uploads\\\/2025\\\/04\\\/pexels-pixabay-415571-scaled.jpg\",\"width\":2560,\"height\":1440},{\"@type\":\"BreadcrumbList\",\"@id\":\"https:\\\/\\\/exaudi.org\\\/es\\\/el-cristianismo-un-potente-motor-de-transformacion-social\\\/#breadcrumb\",\"itemListElement\":[{\"@type\":\"ListItem\",\"position\":1,\"name\":\"Portada\",\"item\":\"https:\\\/\\\/exaudi.org\\\/es\\\/\"},{\"@type\":\"ListItem\",\"position\":2,\"name\":\"\u201cEl cristianismo, un potente motor de transformaci\u00f3n social\u201d\"}]},{\"@type\":\"WebSite\",\"@id\":\"https:\\\/\\\/exaudi.org\\\/#website\",\"url\":\"https:\\\/\\\/exaudi.org\\\/\",\"name\":\"Exaudi\",\"description\":\"News\",\"potentialAction\":[{\"@type\":\"SearchAction\",\"target\":{\"@type\":\"EntryPoint\",\"urlTemplate\":\"https:\\\/\\\/exaudi.org\\\/?s={search_term_string}\"},\"query-input\":{\"@type\":\"PropertyValueSpecification\",\"valueRequired\":true,\"valueName\":\"search_term_string\"}}],\"inLanguage\":\"es\"},{\"@type\":\"Person\",\"@id\":\"https:\\\/\\\/exaudi.org\\\/#\\\/schema\\\/person\\\/f5fc8f063065e38742da7afe15f25df7\",\"name\":\"Exaudi Redacci\u00f3n\",\"image\":{\"@type\":\"ImageObject\",\"inLanguage\":\"es\",\"@id\":\"https:\\\/\\\/secure.gravatar.com\\\/avatar\\\/fe0f6a059fb68d9b3e11bc5850dd4899b1c7492091a3cb6dd9b01b56ad828be2?s=96&d=mm&r=g\",\"url\":\"https:\\\/\\\/secure.gravatar.com\\\/avatar\\\/fe0f6a059fb68d9b3e11bc5850dd4899b1c7492091a3cb6dd9b01b56ad828be2?s=96&d=mm&r=g\",\"contentUrl\":\"https:\\\/\\\/secure.gravatar.com\\\/avatar\\\/fe0f6a059fb68d9b3e11bc5850dd4899b1c7492091a3cb6dd9b01b56ad828be2?s=96&d=mm&r=g\",\"caption\":\"Exaudi Redacci\u00f3n\"},\"description\":\"\u00bfQu\u00e9 es Exaudi News? Exaudi News es un medio de comunicaci\u00f3n cat\u00f3lico internacional que informa, forma y transforma, diariamente en espa\u00f1ol, ingl\u00e9s e italiano. A trav\u00e9s de noticias, art\u00edculos de an\u00e1lisis y transmisiones en directo de los eventos del Papa, Exaudi busca fortalecer la unidad de los cristianos y contribuir a la evangelizaci\u00f3n del mundo, siempre guiados por la doctrina social de la Iglesia. Trabajamos para acercar la verdad y los valores cristianos a cada rinc\u00f3n del planeta. \u00a1Ay\u00fadanos a transformar el mundo con Exaudi! En Exaudi creemos que la evangelizaci\u00f3n y la informaci\u00f3n de calidad pueden cambiar vidas. Para continuar con nuestra misi\u00f3n y expandir nuestro alcance, necesitamos tu ayuda. Adem\u00e1s, buscamos personas comprometidas que deseen unirse a nuestro equipo. Con tu apoyo, lograremos llegar a m\u00e1s personas, difundir el mensaje de Cristo y reforzar la unidad de los cristianos. \u00bfTe unes a nuestra misi\u00f3n? Para m\u00e1s informaci\u00f3n sobre c\u00f3mo colaborar, visita Exaudi.org\\\/es o cont\u00e1ctanos directamente: info@exaudi.org Exaudi: Informa, forma y transforma.\",\"sameAs\":[\"https:\\\/\\\/www.facebook.com\\\/ExaudiNoticias\\\/\",\"https:\\\/\\\/www.instagram.com\\\/exaudi_noticias\\\/\",\"https:\\\/\\\/x.com\\\/Exaudi_noticias\",\"https:\\\/\\\/www.youtube.com\\\/@exaudicatholicnews\"],\"url\":\"https:\\\/\\\/exaudi.org\\\/es\\\/author\\\/redaccionexaudi\\\/\"}]}<\/script>\n<!-- \/ Yoast SEO plugin. -->","yoast_head_json":{"title":"\u201cEl cristianismo, un potente motor de transformaci\u00f3n social\u201d &#8211; Exaudi","robots":{"index":"index","follow":"follow","max-snippet":"max-snippet:-1","max-image-preview":"max-image-preview:large","max-video-preview":"max-video-preview:-1"},"canonical":"https:\/\/exaudi.org\/es\/el-cristianismo-un-potente-motor-de-transformacion-social\/","og_locale":"es_ES","og_type":"article","og_title":"\u201cEl cristianismo, un potente motor de transformaci\u00f3n social\u201d &#8211; Exaudi","og_description":"Entrevista a Rafael Domingo Osl\u00e9, autor de El sentido del cristianismo","og_url":"https:\/\/exaudi.org\/es\/el-cristianismo-un-potente-motor-de-transformacion-social\/","og_site_name":"Exaudi","article_publisher":"https:\/\/www.facebook.com\/ExaudiNews","article_author":"https:\/\/www.facebook.com\/ExaudiNoticias\/","article_published_time":"2025-04-09T06:30:03+00:00","article_modified_time":"2025-04-09T06:57:39+00:00","og_image":[{"width":2560,"height":1440,"url":"https:\/\/exaudi.org\/wp-content\/uploads\/2025\/04\/pexels-pixabay-415571-scaled.jpg","type":"image\/jpeg"}],"author":"Exaudi Redacci\u00f3n","twitter_card":"summary_large_image","twitter_creator":"@Exaudi_noticias","twitter_site":"@Exaudi_News","twitter_misc":{"Escrito por":"Exaudi Redacci\u00f3n","Tiempo de lectura":"4 minutos"},"schema":{"@context":"https:\/\/schema.org","@graph":[{"@type":"Article","@id":"https:\/\/exaudi.org\/es\/el-cristianismo-un-potente-motor-de-transformacion-social\/#article","isPartOf":{"@id":"https:\/\/exaudi.org\/es\/el-cristianismo-un-potente-motor-de-transformacion-social\/"},"author":{"name":"Exaudi Redacci\u00f3n","@id":"https:\/\/exaudi.org\/#\/schema\/person\/f5fc8f063065e38742da7afe15f25df7"},"headline":"\u201cEl cristianismo, un potente motor de transformaci\u00f3n social\u201d","datePublished":"2025-04-09T06:30:03+00:00","dateModified":"2025-04-09T06:57:39+00:00","mainEntityOfPage":{"@id":"https:\/\/exaudi.org\/es\/el-cristianismo-un-potente-motor-de-transformacion-social\/"},"wordCount":846,"image":{"@id":"https:\/\/exaudi.org\/es\/el-cristianismo-un-potente-motor-de-transformacion-social\/#primaryimage"},"thumbnailUrl":"https:\/\/exaudi.org\/wp-content\/uploads\/2025\/04\/pexels-pixabay-415571-scaled.jpg","keywords":["amor al pr\u00f3jimo","Catolicismo","Contemplaci\u00f3n","Cristianismo","cristianismo actual","cristianismo consciente","dialogo interreligioso","Dignidad humana","Dios-Amor","El sentido del cristianismo","ensayo cristiano","espiritualidad cristiana","\u00e9tica cristiana","Fe y cultura","identidad cristiana","Justicia Social","La Esfera de los Libros","misericordia","perd\u00f3n cristiano","Polarizaci\u00f3n","Rafael Domingo Osl\u00e9","religi\u00f3n del perd\u00f3n","Respeto","sociedad y religi\u00f3n","solidaridad","transformaci\u00f3n social","trascendencia","Trending","Universidad de Navarra","valores cristianos"],"articleSection":["Entrevistas"],"inLanguage":"es"},{"@type":"WebPage","@id":"https:\/\/exaudi.org\/es\/el-cristianismo-un-potente-motor-de-transformacion-social\/","url":"https:\/\/exaudi.org\/es\/el-cristianismo-un-potente-motor-de-transformacion-social\/","name":"\u201cEl cristianismo, un potente motor de transformaci\u00f3n social\u201d &#8211; Exaudi","isPartOf":{"@id":"https:\/\/exaudi.org\/#website"},"primaryImageOfPage":{"@id":"https:\/\/exaudi.org\/es\/el-cristianismo-un-potente-motor-de-transformacion-social\/#primaryimage"},"image":{"@id":"https:\/\/exaudi.org\/es\/el-cristianismo-un-potente-motor-de-transformacion-social\/#primaryimage"},"thumbnailUrl":"https:\/\/exaudi.org\/wp-content\/uploads\/2025\/04\/pexels-pixabay-415571-scaled.jpg","datePublished":"2025-04-09T06:30:03+00:00","dateModified":"2025-04-09T06:57:39+00:00","author":{"@id":"https:\/\/exaudi.org\/#\/schema\/person\/f5fc8f063065e38742da7afe15f25df7"},"breadcrumb":{"@id":"https:\/\/exaudi.org\/es\/el-cristianismo-un-potente-motor-de-transformacion-social\/#breadcrumb"},"inLanguage":"es","potentialAction":[{"@type":"ReadAction","target":["https:\/\/exaudi.org\/es\/el-cristianismo-un-potente-motor-de-transformacion-social\/"]}]},{"@type":"ImageObject","inLanguage":"es","@id":"https:\/\/exaudi.org\/es\/el-cristianismo-un-potente-motor-de-transformacion-social\/#primaryimage","url":"https:\/\/exaudi.org\/wp-content\/uploads\/2025\/04\/pexels-pixabay-415571-scaled.jpg","contentUrl":"https:\/\/exaudi.org\/wp-content\/uploads\/2025\/04\/pexels-pixabay-415571-scaled.jpg","width":2560,"height":1440},{"@type":"BreadcrumbList","@id":"https:\/\/exaudi.org\/es\/el-cristianismo-un-potente-motor-de-transformacion-social\/#breadcrumb","itemListElement":[{"@type":"ListItem","position":1,"name":"Portada","item":"https:\/\/exaudi.org\/es\/"},{"@type":"ListItem","position":2,"name":"\u201cEl cristianismo, un potente motor de transformaci\u00f3n social\u201d"}]},{"@type":"WebSite","@id":"https:\/\/exaudi.org\/#website","url":"https:\/\/exaudi.org\/","name":"Exaudi","description":"News","potentialAction":[{"@type":"SearchAction","target":{"@type":"EntryPoint","urlTemplate":"https:\/\/exaudi.org\/?s={search_term_string}"},"query-input":{"@type":"PropertyValueSpecification","valueRequired":true,"valueName":"search_term_string"}}],"inLanguage":"es"},{"@type":"Person","@id":"https:\/\/exaudi.org\/#\/schema\/person\/f5fc8f063065e38742da7afe15f25df7","name":"Exaudi Redacci\u00f3n","image":{"@type":"ImageObject","inLanguage":"es","@id":"https:\/\/secure.gravatar.com\/avatar\/fe0f6a059fb68d9b3e11bc5850dd4899b1c7492091a3cb6dd9b01b56ad828be2?s=96&d=mm&r=g","url":"https:\/\/secure.gravatar.com\/avatar\/fe0f6a059fb68d9b3e11bc5850dd4899b1c7492091a3cb6dd9b01b56ad828be2?s=96&d=mm&r=g","contentUrl":"https:\/\/secure.gravatar.com\/avatar\/fe0f6a059fb68d9b3e11bc5850dd4899b1c7492091a3cb6dd9b01b56ad828be2?s=96&d=mm&r=g","caption":"Exaudi Redacci\u00f3n"},"description":"\u00bfQu\u00e9 es Exaudi News? Exaudi News es un medio de comunicaci\u00f3n cat\u00f3lico internacional que informa, forma y transforma, diariamente en espa\u00f1ol, ingl\u00e9s e italiano. A trav\u00e9s de noticias, art\u00edculos de an\u00e1lisis y transmisiones en directo de los eventos del Papa, Exaudi busca fortalecer la unidad de los cristianos y contribuir a la evangelizaci\u00f3n del mundo, siempre guiados por la doctrina social de la Iglesia. Trabajamos para acercar la verdad y los valores cristianos a cada rinc\u00f3n del planeta. \u00a1Ay\u00fadanos a transformar el mundo con Exaudi! En Exaudi creemos que la evangelizaci\u00f3n y la informaci\u00f3n de calidad pueden cambiar vidas. Para continuar con nuestra misi\u00f3n y expandir nuestro alcance, necesitamos tu ayuda. Adem\u00e1s, buscamos personas comprometidas que deseen unirse a nuestro equipo. Con tu apoyo, lograremos llegar a m\u00e1s personas, difundir el mensaje de Cristo y reforzar la unidad de los cristianos. \u00bfTe unes a nuestra misi\u00f3n? Para m\u00e1s informaci\u00f3n sobre c\u00f3mo colaborar, visita Exaudi.org\/es o cont\u00e1ctanos directamente: info@exaudi.org Exaudi: Informa, forma y transforma.","sameAs":["https:\/\/www.facebook.com\/ExaudiNoticias\/","https:\/\/www.instagram.com\/exaudi_noticias\/","https:\/\/x.com\/Exaudi_noticias","https:\/\/www.youtube.com\/@exaudicatholicnews"],"url":"https:\/\/exaudi.org\/es\/author\/redaccionexaudi\/"}]}},"jetpack_featured_media_url":"https:\/\/exaudi.org\/wp-content\/uploads\/2025\/04\/pexels-pixabay-415571-scaled.jpg","jetpack_shortlink":"https:\/\/wp.me\/pgKjF2-w3v","_links":{"self":[{"href":"https:\/\/exaudi.org\/es\/wp-json\/wp\/v2\/posts\/123225","targetHints":{"allow":["GET"]}}],"collection":[{"href":"https:\/\/exaudi.org\/es\/wp-json\/wp\/v2\/posts"}],"about":[{"href":"https:\/\/exaudi.org\/es\/wp-json\/wp\/v2\/types\/post"}],"author":[{"embeddable":true,"href":"https:\/\/exaudi.org\/es\/wp-json\/wp\/v2\/users\/15"}],"replies":[{"embeddable":true,"href":"https:\/\/exaudi.org\/es\/wp-json\/wp\/v2\/comments?post=123225"}],"version-history":[{"count":0,"href":"https:\/\/exaudi.org\/es\/wp-json\/wp\/v2\/posts\/123225\/revisions"}],"wp:featuredmedia":[{"embeddable":true,"href":"https:\/\/exaudi.org\/es\/wp-json\/wp\/v2\/media\/123241"}],"wp:attachment":[{"href":"https:\/\/exaudi.org\/es\/wp-json\/wp\/v2\/media?parent=123225"}],"wp:term":[{"taxonomy":"category","embeddable":true,"href":"https:\/\/exaudi.org\/es\/wp-json\/wp\/v2\/categories?post=123225"},{"taxonomy":"post_tag","embeddable":true,"href":"https:\/\/exaudi.org\/es\/wp-json\/wp\/v2\/tags?post=123225"}],"curies":[{"name":"wp","href":"https:\/\/api.w.org\/{rel}","templated":true}]}}