{"id":122440,"date":"2025-03-30T10:20:10","date_gmt":"2025-03-30T08:20:10","guid":{"rendered":"https:\/\/exaudi.org\/?p=122440"},"modified":"2025-03-30T10:20:10","modified_gmt":"2025-03-30T08:20:10","slug":"reflexion-de-mons-enrique-diaz-el-corazon-del-padre","status":"publish","type":"post","link":"https:\/\/exaudi.org\/es\/reflexion-de-mons-enrique-diaz-el-corazon-del-padre\/","title":{"rendered":"Reflexi\u00f3n de Mons. Enrique D\u00edaz: El coraz\u00f3n del Padre"},"content":{"rendered":"<audio class=\"wp-audio-shortcode\" id=\"audio-122440-1\" preload=\"none\" style=\"width: 100%;\" controls=\"controls\"><source type=\"audio\/mpeg\" src=\"https:\/\/exaudi.org\/wp-content\/uploads\/2025\/03\/30-marzo.mp3?_=1\" \/><a href=\"https:\/\/exaudi.org\/wp-content\/uploads\/2025\/03\/30-marzo.mp3\">https:\/\/exaudi.org\/wp-content\/uploads\/2025\/03\/30-marzo.mp3<\/a><\/audio>\n<p>Mons. Enrique D\u00edaz D\u00edaz comparte con los lectores de Exaudi su reflexi\u00f3n sobre el\u00a0<a href=\"https:\/\/www.dominicos.org\/predicacion\/homilia\/30-3-2025\/lecturas\/\" target=\"_blank\" rel=\"noopener\">Evangelio de este domingo, 30 de marzo de 2025<\/a>, titulado: \u201cEl coraz\u00f3n del Padre\u201d.<\/p>\n<p>***<\/p>\n<p>Josu\u00e9 5, 9. 10-12: \u201cEl pueblo de Dios celebr\u00f3 la Pascua al entrar en la tierra prometida\u201d<\/p>\n<p>Salmo 33: \u201cHaz la prueba y ver\u00e1s qu\u00e9 bueno es el Se\u00f1or\u201d<\/p>\n<p>II Corintios 5, 17-21: \u201cDios nos reconcili\u00f3 consigo por medio de Cristo\u201d<\/p>\n<p>San Lucas 15, 1-3. 11-32: \u201cTu hermano estaba muerto y ha vuelto a la vida\u201d<\/p>\n<p>Nadie puede negar que \u00e9sta es una de las par\u00e1bolas m\u00e1s bellas de Jes\u00fas y que llega al coraz\u00f3n porque toca las fibras m\u00e1s \u00edntimas. Es muy conocida como la \u201cpar\u00e1bola del hijo pr\u00f3digo\u201d, porque efectivamente la figura del hijo est\u00e1 presente en toda la narraci\u00f3n y tanto en el bien como en el mal, suscita en nosotros sentimientos de condena, de compasi\u00f3n o de franco reflejo de nuestra vida. Algunos han insistido en llamarla: \u201cla par\u00e1bola del padre misericordioso\u201d, o bien: \u201cla par\u00e1bola del amor del padre\u201d, argumentando que si bien es cierto que el hijo derrochador aparece en toda la narraci\u00f3n y su decisi\u00f3n de retornar es una acci\u00f3n dif\u00edcil y muy loable, no tiene parang\u00f3n con la actitud de los brazos paternales siempre abiertos que a\u00f1oran al hijo, de la restituci\u00f3n de la dignidad con los vestidos y el anillo, y de la celebraci\u00f3n festiva en torno a la mesa paterna. La actuaci\u00f3n del padre supera con mucho todo lo esperado y es una de las intenciones de Jes\u00fas de trastocar la imagen deformada de Pap\u00e1 Dios que se ha posesionado de aquellos pueblos y que tambi\u00e9n tiene mucha incidencia en nuestros ambientes.<\/p>\n<p>Pero queda otro personaje que reclama tambi\u00e9n la atenci\u00f3n como elemento esencial de esta narraci\u00f3n: el hijo mayor. Y entonces hay quien prefiere llamarla: \u201cla par\u00e1bola de los dos hermanos\u201d. Y San Lucas justifica esta narraci\u00f3n en labios de Jes\u00fas porque: \u201cSe acercaban a Jes\u00fas los publicanos y los pecadores para escucharlo.\u00a0 Los fariseos y los escribas murmuraban entre s\u00ed: \u2018Este recibe a los pecadores y come con ellos\u2019\u201d. Es decir, nos presenta dos grupos, dos hermanos: publicanos y pecadores por un lado; fariseos y escribas por el otro. La lucha fratricida que se remonta hasta Ca\u00edn y Abel, los conflictos de hermanos que aparecen en toda la historia b\u00edblica, la lucha de los pueblos y las familias que se descalifican y se agreden desde todos los tiempos. Jes\u00fas retoma, pues, estos conflictos que se dan al interno de las familias, de las comunidades y de los pueblos, y les da una nueva direcci\u00f3n. Si el Padre ha salido al encuentro del hijo derrochador ofreciendo una acogida incre\u00edble con abrazos y besos que m\u00e1s recuerdan a una madre, como dir\u00eda Oseas, si le ha organizado un gran banquete con todo el pueblo para restituir la honra de quien la hab\u00eda perdido, con igual o mayor cari\u00f1o sale en b\u00fasqueda del hijo \u201cbueno\u201d que rechaza al hermano. No le grita, no le da \u00f3rdenes, no act\u00faa como juez o patr\u00f3n, simplemente, otra vez como madre, suplica que venga a la fiesta. La explosi\u00f3n de coraje y la sarta de reclamos parecen descubrir el verdadero coraz\u00f3n del hermano mayor. Exige, cuenta los servicios, reclama las atenciones y se olvida que ha vivido en la casa paterna, que es de la familia. Humilla al padre y denigra al hermano, no entiende el amor paternal hacia su hermano a quien desconoce. No acoge, ni perdona.<\/p>\n<p>\u00bfQu\u00e9 pasa por el coraz\u00f3n del padre? Mira con ojos de misericordia, habla con ternura especial y contempla al hijo venido de lejos no como un depravado, sino como un recuperado, \u201chijo muerto que ha vuelto a la vida\u201d. Pero tambi\u00e9n mira con inmenso amor al hermano mayor porque no es un sirviente ni un esclavo, sino un hijo querido que puede disfrutar todas las posesiones del padre y sentarse a la mesa con toda dignidad. Su \u00fanico deseo es contemplar a sus dos hijos sentados a la misma mesa, compartiendo fraternalmente y con alegr\u00eda, el banquete preparado. \u00bfNo es la ilusi\u00f3n de todo padre? \u00bfNo es el sue\u00f1o de toda madre? Al escuchar esta par\u00e1bola, \u00bfqu\u00e9 sentir\u00edan aquellos padres que hab\u00edan cerrado sus puertas a los hijos rebeldes que hab\u00edan abandonado la casa? \u00bfQu\u00e9 pensar\u00edan los que se sent\u00edan tan justos y seguros que despreciaban a sus hermanos? Quiz\u00e1s en un primer momento juzgar\u00edan insensato y pusil\u00e1nime al pap\u00e1 que as\u00ed permite el libertinaje y altaner\u00eda de sus hijos, pero al contemplar su compasi\u00f3n incre\u00edble, al verlo perdonar y proteger maternalmente al hijo perdido, al mirarlo salir al encuentro del muy molesto hermano mayor, buscando la reconciliaci\u00f3n y participaci\u00f3n en la misma fiesta, todo mundo quedamos sorprendidos y conmovidos ante tan gran amor. Quiz\u00e1s sea la m\u00e1s grande ense\u00f1anza que nos quiera ofrecer Jes\u00fas: por encima de nuestras mezquindades y miserias, de nuestras luchas fraternas y descalificaciones, est\u00e1 el coraz\u00f3n amoroso del Padre.<\/p>\n<p>Los tres personajes de la par\u00e1bola nos deben cuestionar fuertemente, y podemos asumir el rol de cada uno de ellos y compararlo con nuestro propio comportamiento. Y as\u00ed, a veces nos miraremos como el hijo que ahogado en la miserias, ca\u00eddo en lo profundo, se encuentra desvalido, \u00a0humillado por sus propias ambiciones, y ahora necesita regresar, volver a la casa paterna; otras veces nos sentiremos abrazados y acariciados por el Padre que nos ha rescatado del pecado; ojal\u00e1 que nunca asumamos la actitud del hermano mayor, de cr\u00edtica dura y coraz\u00f3n cerrado, que no se convierte ni admite la conversi\u00f3n del hermano, que se cierra a la bondad del Padre y que excluye a su hermano de la mesa, con argumentos que lo justifican. Tiempo de Cuaresma es tiempo de levantarse y volver al Padre para sentir nuevamente toda su ternura; es tiempo de recobrar la dignidad de hijo y asumir la condici\u00f3n de hermano. \u00bfNos animaremos, en esta Cuaresma, a regresar a la casa del Padre?<\/p>\n<p>Se\u00f1or, Padre de Misericordia, ay\u00fadanos a reconocer las barreras que hemos levantado y nos alejan de nuestros hermanos al alejarnos de Ti. Danos fuerza para asumir nuestras miserias, levantarnos de nuestros pecados y retornar a tus brazos amorosos. Am\u00e9n.<\/p>\n","protected":false},"excerpt":{"rendered":"<p>IV Domingo de Cuaresma<\/p>\n","protected":false},"author":25,"featured_media":122444,"comment_status":"closed","ping_status":"closed","sticky":false,"template":"","format":"standard","meta":{"_acf_changed":false,"_crdt_document":"","inline_featured_image":false,"footnotes":""},"categories":[96,74],"tags":[5654,1372,414,4953],"class_list":["post-122440","post","type-post","status-publish","format-standard","has-post-thumbnail","hentry","category-espiritualidad","category-iglesia-y-mundo","tag-enrique-diaz","tag-evangelio","tag-reflexion","tag-trending-es"],"acf":[],"yoast_head":"<!-- This site is optimized with the Yoast SEO plugin v27.4 - https:\/\/yoast.com\/product\/yoast-seo-wordpress\/ -->\n<title>Reflexi\u00f3n de Mons. Enrique D\u00edaz: El coraz\u00f3n del Padre &#8211; Exaudi<\/title>\n<meta name=\"robots\" content=\"index, follow, max-snippet:-1, max-image-preview:large, max-video-preview:-1\" \/>\n<link rel=\"canonical\" href=\"https:\/\/exaudi.org\/es\/reflexion-de-mons-enrique-diaz-el-corazon-del-padre\/\" \/>\n<meta property=\"og:locale\" content=\"es_ES\" \/>\n<meta property=\"og:type\" content=\"article\" \/>\n<meta property=\"og:title\" content=\"Reflexi\u00f3n de Mons. Enrique D\u00edaz: El coraz\u00f3n del Padre &#8211; Exaudi\" \/>\n<meta property=\"og:description\" content=\"IV Domingo de Cuaresma\" \/>\n<meta property=\"og:url\" content=\"https:\/\/exaudi.org\/es\/reflexion-de-mons-enrique-diaz-el-corazon-del-padre\/\" \/>\n<meta property=\"og:site_name\" content=\"Exaudi\" \/>\n<meta property=\"article:publisher\" content=\"https:\/\/www.facebook.com\/ExaudiNews\" \/>\n<meta property=\"article:published_time\" content=\"2025-03-30T08:20:10+00:00\" \/>\n<meta property=\"og:image\" content=\"https:\/\/exaudi.org\/wp-content\/uploads\/2025\/03\/people-2585733_1280.jpg\" \/>\n\t<meta property=\"og:image:width\" content=\"1280\" \/>\n\t<meta property=\"og:image:height\" content=\"853\" \/>\n\t<meta property=\"og:image:type\" content=\"image\/jpeg\" \/>\n<meta name=\"author\" content=\"Enrique D\u00edaz\" \/>\n<meta name=\"twitter:card\" content=\"summary_large_image\" \/>\n<meta name=\"twitter:creator\" content=\"@Exaudi_News\" \/>\n<meta name=\"twitter:site\" content=\"@Exaudi_News\" \/>\n<meta name=\"twitter:label1\" content=\"Escrito por\" \/>\n\t<meta name=\"twitter:data1\" content=\"Enrique D\u00edaz\" \/>\n\t<meta name=\"twitter:label2\" content=\"Tiempo de lectura\" \/>\n\t<meta name=\"twitter:data2\" content=\"6 minutos\" \/>\n<script type=\"application\/ld+json\" class=\"yoast-schema-graph\">{\"@context\":\"https:\\\/\\\/schema.org\",\"@graph\":[{\"@type\":\"Article\",\"@id\":\"https:\\\/\\\/exaudi.org\\\/es\\\/reflexion-de-mons-enrique-diaz-el-corazon-del-padre\\\/#article\",\"isPartOf\":{\"@id\":\"https:\\\/\\\/exaudi.org\\\/es\\\/reflexion-de-mons-enrique-diaz-el-corazon-del-padre\\\/\"},\"author\":{\"name\":\"Enrique D\u00edaz\",\"@id\":\"https:\\\/\\\/exaudi.org\\\/#\\\/schema\\\/person\\\/c02ffbd10830fa375f6882f7dcf1844d\"},\"headline\":\"Reflexi\u00f3n de Mons. Enrique D\u00edaz: El coraz\u00f3n del Padre\",\"datePublished\":\"2025-03-30T08:20:10+00:00\",\"mainEntityOfPage\":{\"@id\":\"https:\\\/\\\/exaudi.org\\\/es\\\/reflexion-de-mons-enrique-diaz-el-corazon-del-padre\\\/\"},\"wordCount\":1128,\"image\":{\"@id\":\"https:\\\/\\\/exaudi.org\\\/es\\\/reflexion-de-mons-enrique-diaz-el-corazon-del-padre\\\/#primaryimage\"},\"thumbnailUrl\":\"https:\\\/\\\/exaudi.org\\\/wp-content\\\/uploads\\\/2025\\\/03\\\/people-2585733_1280.jpg\",\"keywords\":[\"Enrique D\u00edaz\",\"Evangelio\",\"Reflexi\u00f3n\",\"Trending\"],\"articleSection\":[\"Espiritualidad\",\"Iglesia y Mundo\"],\"inLanguage\":\"es\"},{\"@type\":\"WebPage\",\"@id\":\"https:\\\/\\\/exaudi.org\\\/es\\\/reflexion-de-mons-enrique-diaz-el-corazon-del-padre\\\/\",\"url\":\"https:\\\/\\\/exaudi.org\\\/es\\\/reflexion-de-mons-enrique-diaz-el-corazon-del-padre\\\/\",\"name\":\"Reflexi\u00f3n de Mons. Enrique D\u00edaz: El coraz\u00f3n del Padre &#8211; Exaudi\",\"isPartOf\":{\"@id\":\"https:\\\/\\\/exaudi.org\\\/#website\"},\"primaryImageOfPage\":{\"@id\":\"https:\\\/\\\/exaudi.org\\\/es\\\/reflexion-de-mons-enrique-diaz-el-corazon-del-padre\\\/#primaryimage\"},\"image\":{\"@id\":\"https:\\\/\\\/exaudi.org\\\/es\\\/reflexion-de-mons-enrique-diaz-el-corazon-del-padre\\\/#primaryimage\"},\"thumbnailUrl\":\"https:\\\/\\\/exaudi.org\\\/wp-content\\\/uploads\\\/2025\\\/03\\\/people-2585733_1280.jpg\",\"datePublished\":\"2025-03-30T08:20:10+00:00\",\"author\":{\"@id\":\"https:\\\/\\\/exaudi.org\\\/#\\\/schema\\\/person\\\/c02ffbd10830fa375f6882f7dcf1844d\"},\"breadcrumb\":{\"@id\":\"https:\\\/\\\/exaudi.org\\\/es\\\/reflexion-de-mons-enrique-diaz-el-corazon-del-padre\\\/#breadcrumb\"},\"inLanguage\":\"es\",\"potentialAction\":[{\"@type\":\"ReadAction\",\"target\":[\"https:\\\/\\\/exaudi.org\\\/es\\\/reflexion-de-mons-enrique-diaz-el-corazon-del-padre\\\/\"]}]},{\"@type\":\"ImageObject\",\"inLanguage\":\"es\",\"@id\":\"https:\\\/\\\/exaudi.org\\\/es\\\/reflexion-de-mons-enrique-diaz-el-corazon-del-padre\\\/#primaryimage\",\"url\":\"https:\\\/\\\/exaudi.org\\\/wp-content\\\/uploads\\\/2025\\\/03\\\/people-2585733_1280.jpg\",\"contentUrl\":\"https:\\\/\\\/exaudi.org\\\/wp-content\\\/uploads\\\/2025\\\/03\\\/people-2585733_1280.jpg\",\"width\":1280,\"height\":853,\"caption\":\"Pixabay\"},{\"@type\":\"BreadcrumbList\",\"@id\":\"https:\\\/\\\/exaudi.org\\\/es\\\/reflexion-de-mons-enrique-diaz-el-corazon-del-padre\\\/#breadcrumb\",\"itemListElement\":[{\"@type\":\"ListItem\",\"position\":1,\"name\":\"Portada\",\"item\":\"https:\\\/\\\/exaudi.org\\\/es\\\/\"},{\"@type\":\"ListItem\",\"position\":2,\"name\":\"Reflexi\u00f3n de Mons. Enrique D\u00edaz: El coraz\u00f3n del Padre\"}]},{\"@type\":\"WebSite\",\"@id\":\"https:\\\/\\\/exaudi.org\\\/#website\",\"url\":\"https:\\\/\\\/exaudi.org\\\/\",\"name\":\"Exaudi\",\"description\":\"News\",\"potentialAction\":[{\"@type\":\"SearchAction\",\"target\":{\"@type\":\"EntryPoint\",\"urlTemplate\":\"https:\\\/\\\/exaudi.org\\\/?s={search_term_string}\"},\"query-input\":{\"@type\":\"PropertyValueSpecification\",\"valueRequired\":true,\"valueName\":\"search_term_string\"}}],\"inLanguage\":\"es\"},{\"@type\":\"Person\",\"@id\":\"https:\\\/\\\/exaudi.org\\\/#\\\/schema\\\/person\\\/c02ffbd10830fa375f6882f7dcf1844d\",\"name\":\"Enrique D\u00edaz\",\"image\":{\"@type\":\"ImageObject\",\"inLanguage\":\"es\",\"@id\":\"https:\\\/\\\/secure.gravatar.com\\\/avatar\\\/7ca10be5325a95d04b74082d68ba605aa69611eb0f68f47096cb1bc349873284?s=96&d=mm&r=g\",\"url\":\"https:\\\/\\\/secure.gravatar.com\\\/avatar\\\/7ca10be5325a95d04b74082d68ba605aa69611eb0f68f47096cb1bc349873284?s=96&d=mm&r=g\",\"contentUrl\":\"https:\\\/\\\/secure.gravatar.com\\\/avatar\\\/7ca10be5325a95d04b74082d68ba605aa69611eb0f68f47096cb1bc349873284?s=96&d=mm&r=g\",\"caption\":\"Enrique D\u00edaz\"},\"description\":\"Naci\u00f3 en Huandacareo, Michoac\u00e1n, M\u00e9xico, en 1952. Realiz\u00f3 sus estudios de Filosof\u00eda y Teolog\u00eda en el Seminario de Morelia. Ordenado di\u00e1cono el 22 de mayo de 1977, y presb\u00edtero el 23 de octubre del mismo a\u00f1o. Obtuvo la Licenciatura en Sagrada Escritura en el Pontificio Instituto B\u00edblico en Roma. Ha desarrollado m\u00faltiples encargos pastorales como el de capell\u00e1n de la rector\u00eda de las Tres Aves Mar\u00edas; responsable de la Pastoral B\u00edblica Diocesana y director de la Escuela B\u00edblica en Morelia; maestro de Biblia en el Seminario Conciliar de Morelia, p\u00e1rroco de la Parroquia de Nuestra Se\u00f1ora de Guadalupe, Col. Guadalupe, Morelia; o vicario episcopal para la Zona de Nuestra Se\u00f1ora de la Luz, P\u00e1tzcuaro. Ordenado obispo auxiliar de san Crist\u00f3bal de las Casas en 2003. En la Conferencia Episcopal form\u00f3 parte de las Comisiones de Biblia, Diaconado y Ministerios Laicales. Fue responsable de las Dimensiones de Ministerios Laicales, de Educaci\u00f3n y Cultura. Ha participado en encuentros latinoamericanos y mundiales sobre el Diaconado Permanente. Actualmente es el responsable de la Dimensi\u00f3n de Pastoral de la Cultura. Particip\u00f3 como Miembro del S\u00ednodo de Obispos sobre la Palabra de Dios en la Vida y Misi\u00f3n de la Iglesia en Roma, en 2008. Recibi\u00f3 el nombramiento de obispo coadjutor de San Crist\u00f3bal de las Casas en 2014. Nombrado II obispo de Irapuato el d\u00eda 11 de marzo, tom\u00f3 posesi\u00f3n el 19 de Mayo. Colabora en varias revistas y publicaciones sobre todo con la reflexi\u00f3n diaria y dominical tanto en audio como escrita.\",\"url\":\"https:\\\/\\\/exaudi.org\\\/es\\\/author\\\/enriquediaz\\\/\"}]}<\/script>\n<!-- \/ Yoast SEO plugin. -->","yoast_head_json":{"title":"Reflexi\u00f3n de Mons. Enrique D\u00edaz: El coraz\u00f3n del Padre &#8211; Exaudi","robots":{"index":"index","follow":"follow","max-snippet":"max-snippet:-1","max-image-preview":"max-image-preview:large","max-video-preview":"max-video-preview:-1"},"canonical":"https:\/\/exaudi.org\/es\/reflexion-de-mons-enrique-diaz-el-corazon-del-padre\/","og_locale":"es_ES","og_type":"article","og_title":"Reflexi\u00f3n de Mons. Enrique D\u00edaz: El coraz\u00f3n del Padre &#8211; Exaudi","og_description":"IV Domingo de Cuaresma","og_url":"https:\/\/exaudi.org\/es\/reflexion-de-mons-enrique-diaz-el-corazon-del-padre\/","og_site_name":"Exaudi","article_publisher":"https:\/\/www.facebook.com\/ExaudiNews","article_published_time":"2025-03-30T08:20:10+00:00","og_image":[{"width":1280,"height":853,"url":"https:\/\/exaudi.org\/wp-content\/uploads\/2025\/03\/people-2585733_1280.jpg","type":"image\/jpeg"}],"author":"Enrique D\u00edaz","twitter_card":"summary_large_image","twitter_creator":"@Exaudi_News","twitter_site":"@Exaudi_News","twitter_misc":{"Escrito por":"Enrique D\u00edaz","Tiempo de lectura":"6 minutos"},"schema":{"@context":"https:\/\/schema.org","@graph":[{"@type":"Article","@id":"https:\/\/exaudi.org\/es\/reflexion-de-mons-enrique-diaz-el-corazon-del-padre\/#article","isPartOf":{"@id":"https:\/\/exaudi.org\/es\/reflexion-de-mons-enrique-diaz-el-corazon-del-padre\/"},"author":{"name":"Enrique D\u00edaz","@id":"https:\/\/exaudi.org\/#\/schema\/person\/c02ffbd10830fa375f6882f7dcf1844d"},"headline":"Reflexi\u00f3n de Mons. Enrique D\u00edaz: El coraz\u00f3n del Padre","datePublished":"2025-03-30T08:20:10+00:00","mainEntityOfPage":{"@id":"https:\/\/exaudi.org\/es\/reflexion-de-mons-enrique-diaz-el-corazon-del-padre\/"},"wordCount":1128,"image":{"@id":"https:\/\/exaudi.org\/es\/reflexion-de-mons-enrique-diaz-el-corazon-del-padre\/#primaryimage"},"thumbnailUrl":"https:\/\/exaudi.org\/wp-content\/uploads\/2025\/03\/people-2585733_1280.jpg","keywords":["Enrique D\u00edaz","Evangelio","Reflexi\u00f3n","Trending"],"articleSection":["Espiritualidad","Iglesia y Mundo"],"inLanguage":"es"},{"@type":"WebPage","@id":"https:\/\/exaudi.org\/es\/reflexion-de-mons-enrique-diaz-el-corazon-del-padre\/","url":"https:\/\/exaudi.org\/es\/reflexion-de-mons-enrique-diaz-el-corazon-del-padre\/","name":"Reflexi\u00f3n de Mons. Enrique D\u00edaz: El coraz\u00f3n del Padre &#8211; Exaudi","isPartOf":{"@id":"https:\/\/exaudi.org\/#website"},"primaryImageOfPage":{"@id":"https:\/\/exaudi.org\/es\/reflexion-de-mons-enrique-diaz-el-corazon-del-padre\/#primaryimage"},"image":{"@id":"https:\/\/exaudi.org\/es\/reflexion-de-mons-enrique-diaz-el-corazon-del-padre\/#primaryimage"},"thumbnailUrl":"https:\/\/exaudi.org\/wp-content\/uploads\/2025\/03\/people-2585733_1280.jpg","datePublished":"2025-03-30T08:20:10+00:00","author":{"@id":"https:\/\/exaudi.org\/#\/schema\/person\/c02ffbd10830fa375f6882f7dcf1844d"},"breadcrumb":{"@id":"https:\/\/exaudi.org\/es\/reflexion-de-mons-enrique-diaz-el-corazon-del-padre\/#breadcrumb"},"inLanguage":"es","potentialAction":[{"@type":"ReadAction","target":["https:\/\/exaudi.org\/es\/reflexion-de-mons-enrique-diaz-el-corazon-del-padre\/"]}]},{"@type":"ImageObject","inLanguage":"es","@id":"https:\/\/exaudi.org\/es\/reflexion-de-mons-enrique-diaz-el-corazon-del-padre\/#primaryimage","url":"https:\/\/exaudi.org\/wp-content\/uploads\/2025\/03\/people-2585733_1280.jpg","contentUrl":"https:\/\/exaudi.org\/wp-content\/uploads\/2025\/03\/people-2585733_1280.jpg","width":1280,"height":853,"caption":"Pixabay"},{"@type":"BreadcrumbList","@id":"https:\/\/exaudi.org\/es\/reflexion-de-mons-enrique-diaz-el-corazon-del-padre\/#breadcrumb","itemListElement":[{"@type":"ListItem","position":1,"name":"Portada","item":"https:\/\/exaudi.org\/es\/"},{"@type":"ListItem","position":2,"name":"Reflexi\u00f3n de Mons. Enrique D\u00edaz: El coraz\u00f3n del Padre"}]},{"@type":"WebSite","@id":"https:\/\/exaudi.org\/#website","url":"https:\/\/exaudi.org\/","name":"Exaudi","description":"News","potentialAction":[{"@type":"SearchAction","target":{"@type":"EntryPoint","urlTemplate":"https:\/\/exaudi.org\/?s={search_term_string}"},"query-input":{"@type":"PropertyValueSpecification","valueRequired":true,"valueName":"search_term_string"}}],"inLanguage":"es"},{"@type":"Person","@id":"https:\/\/exaudi.org\/#\/schema\/person\/c02ffbd10830fa375f6882f7dcf1844d","name":"Enrique D\u00edaz","image":{"@type":"ImageObject","inLanguage":"es","@id":"https:\/\/secure.gravatar.com\/avatar\/7ca10be5325a95d04b74082d68ba605aa69611eb0f68f47096cb1bc349873284?s=96&d=mm&r=g","url":"https:\/\/secure.gravatar.com\/avatar\/7ca10be5325a95d04b74082d68ba605aa69611eb0f68f47096cb1bc349873284?s=96&d=mm&r=g","contentUrl":"https:\/\/secure.gravatar.com\/avatar\/7ca10be5325a95d04b74082d68ba605aa69611eb0f68f47096cb1bc349873284?s=96&d=mm&r=g","caption":"Enrique D\u00edaz"},"description":"Naci\u00f3 en Huandacareo, Michoac\u00e1n, M\u00e9xico, en 1952. Realiz\u00f3 sus estudios de Filosof\u00eda y Teolog\u00eda en el Seminario de Morelia. Ordenado di\u00e1cono el 22 de mayo de 1977, y presb\u00edtero el 23 de octubre del mismo a\u00f1o. Obtuvo la Licenciatura en Sagrada Escritura en el Pontificio Instituto B\u00edblico en Roma. Ha desarrollado m\u00faltiples encargos pastorales como el de capell\u00e1n de la rector\u00eda de las Tres Aves Mar\u00edas; responsable de la Pastoral B\u00edblica Diocesana y director de la Escuela B\u00edblica en Morelia; maestro de Biblia en el Seminario Conciliar de Morelia, p\u00e1rroco de la Parroquia de Nuestra Se\u00f1ora de Guadalupe, Col. Guadalupe, Morelia; o vicario episcopal para la Zona de Nuestra Se\u00f1ora de la Luz, P\u00e1tzcuaro. Ordenado obispo auxiliar de san Crist\u00f3bal de las Casas en 2003. En la Conferencia Episcopal form\u00f3 parte de las Comisiones de Biblia, Diaconado y Ministerios Laicales. Fue responsable de las Dimensiones de Ministerios Laicales, de Educaci\u00f3n y Cultura. Ha participado en encuentros latinoamericanos y mundiales sobre el Diaconado Permanente. Actualmente es el responsable de la Dimensi\u00f3n de Pastoral de la Cultura. Particip\u00f3 como Miembro del S\u00ednodo de Obispos sobre la Palabra de Dios en la Vida y Misi\u00f3n de la Iglesia en Roma, en 2008. Recibi\u00f3 el nombramiento de obispo coadjutor de San Crist\u00f3bal de las Casas en 2014. Nombrado II obispo de Irapuato el d\u00eda 11 de marzo, tom\u00f3 posesi\u00f3n el 19 de Mayo. Colabora en varias revistas y publicaciones sobre todo con la reflexi\u00f3n diaria y dominical tanto en audio como escrita.","url":"https:\/\/exaudi.org\/es\/author\/enriquediaz\/"}]}},"jetpack_featured_media_url":"https:\/\/exaudi.org\/wp-content\/uploads\/2025\/03\/people-2585733_1280.jpg","jetpack_shortlink":"https:\/\/wp.me\/pgKjF2-vQQ","_links":{"self":[{"href":"https:\/\/exaudi.org\/es\/wp-json\/wp\/v2\/posts\/122440","targetHints":{"allow":["GET"]}}],"collection":[{"href":"https:\/\/exaudi.org\/es\/wp-json\/wp\/v2\/posts"}],"about":[{"href":"https:\/\/exaudi.org\/es\/wp-json\/wp\/v2\/types\/post"}],"author":[{"embeddable":true,"href":"https:\/\/exaudi.org\/es\/wp-json\/wp\/v2\/users\/25"}],"replies":[{"embeddable":true,"href":"https:\/\/exaudi.org\/es\/wp-json\/wp\/v2\/comments?post=122440"}],"version-history":[{"count":0,"href":"https:\/\/exaudi.org\/es\/wp-json\/wp\/v2\/posts\/122440\/revisions"}],"wp:featuredmedia":[{"embeddable":true,"href":"https:\/\/exaudi.org\/es\/wp-json\/wp\/v2\/media\/122444"}],"wp:attachment":[{"href":"https:\/\/exaudi.org\/es\/wp-json\/wp\/v2\/media?parent=122440"}],"wp:term":[{"taxonomy":"category","embeddable":true,"href":"https:\/\/exaudi.org\/es\/wp-json\/wp\/v2\/categories?post=122440"},{"taxonomy":"post_tag","embeddable":true,"href":"https:\/\/exaudi.org\/es\/wp-json\/wp\/v2\/tags?post=122440"}],"curies":[{"name":"wp","href":"https:\/\/api.w.org\/{rel}","templated":true}]}}