{"id":122359,"date":"2025-03-28T07:50:02","date_gmt":"2025-03-28T06:50:02","guid":{"rendered":"https:\/\/exaudi.org\/?p=122359"},"modified":"2025-03-28T13:13:02","modified_gmt":"2025-03-28T12:13:02","slug":"san-josemaria-100-anos-de-sacerdocio-un-legado-que-trasciende-fronteras","status":"publish","type":"post","link":"https:\/\/exaudi.org\/es\/san-josemaria-100-anos-de-sacerdocio-un-legado-que-trasciende-fronteras\/","title":{"rendered":"San Josemar\u00eda, 100 a\u00f1os de sacerdocio: un legado que trasciende fronteras"},"content":{"rendered":"<p data-pm-slice=\"1 1 []\">La ciudad de Zaragoza acoge las jornadas conmemorativas del centenario de la ordenaci\u00f3n sacerdotal de San Josemar\u00eda Escriv\u00e1, fundador del Opus Dei. El evento, que ha reunido a m\u00e1s de 300 sacerdotes y seminaristas, resalta la profunda ra\u00edz aragonesa de San Josemar\u00eda y la proyecci\u00f3n universal de su carisma.<\/p>\n<p><iframe title=\"Spotify Embed: San Josemar\u00eda, 100 a\u00f1os de sacerdocio: un legado que trasciende fronteras\" style=\"border-radius: 12px\" width=\"100%\" height=\"152\" frameborder=\"0\" allowfullscreen allow=\"autoplay; clipboard-write; encrypted-media; fullscreen; picture-in-picture\" loading=\"lazy\" src=\"https:\/\/open.spotify.com\/embed\/episode\/0DS6uYxk7Naz3IoM0DVHwZ?si=4347a749298e495f&#038;utm_source=oembed\"><\/iframe><\/p>\n<p>El cardenal Lazzaro You Heung-sik, Prefecto del Dicasterio para el Clero, el arzobispo de Zaragoza, Carlos Escribano, el prelado del Opus Dei, Fernando Oc\u00e1riz, y el historiador Jos\u00e9 Luis Gonz\u00e1lez Gull\u00f3n participaron en la jornada inaugural, organizada por la Biblioteca Sacerdotal Alacet con la colaboraci\u00f3n de la <a href=\"https:\/\/exaudi.org\/es\/author\/carf\/\" target=\"_blank\" rel=\"noopener\">Fundaci\u00f3n CARF<\/a>.<\/p>\n<p>El arzobispo Escribano record\u00f3 la ordenaci\u00f3n de San Josemar\u00eda el 28 de marzo de 1925 como \u00abun momento de gracia que el Esp\u00edritu Santo quiso convertir en semilla de una misi\u00f3n perdurable\u00bb. Destac\u00f3 c\u00f3mo su espiritualidad sigue siendo \u00abun regalo para la Iglesia y para el mundo\u00bb, enriqueciendo el ministerio de muchos sacerdotes diocesanos.<\/p>\n<h3><strong>Sacerdote, hombre de misericordia<\/strong><\/h3>\n<p>El cardenal Lazzaro You Heung-sik, en su primera visita a Zaragoza, enfatiz\u00f3, citando al Papa Francisco, que \u00abel sacerdote es un hombre de misericordia y de compasi\u00f3n, cercano a su pueblo y servidor de todos\u00bb. Record\u00f3 que los sacerdotes \u00abson todos de Dios y de los hombres\u00bb y deben conjugar su vocaci\u00f3n con el testimonio de la palabra, la celebraci\u00f3n de los sacramentos y la caridad. Con palabras de San Josemar\u00eda, afirm\u00f3 que \u00ablos sacerdotes se ordenan, no para mandar, no para brillar, sino para entregarse\u00bb.<\/p>\n<p><img loading=\"lazy\" decoding=\"async\" class=\"size-full wp-image-122360 alignnone\" src=\"https:\/\/exaudi.org\/wp-content\/uploads\/2025\/03\/DSC0017-scaled.jpg\" alt=\"\" width=\"2560\" height=\"1707\" srcset=\"https:\/\/exaudi.org\/wp-content\/uploads\/2025\/03\/DSC0017-scaled.jpg 2560w, https:\/\/exaudi.org\/wp-content\/uploads\/2025\/03\/DSC0017-300x200.jpg 300w, https:\/\/exaudi.org\/wp-content\/uploads\/2025\/03\/DSC0017-1024x683.jpg 1024w, https:\/\/exaudi.org\/wp-content\/uploads\/2025\/03\/DSC0017-770x513.jpg 770w, https:\/\/exaudi.org\/wp-content\/uploads\/2025\/03\/DSC0017-1536x1024.jpg 1536w, https:\/\/exaudi.org\/wp-content\/uploads\/2025\/03\/DSC0017-2048x1365.jpg 2048w, https:\/\/exaudi.org\/wp-content\/uploads\/2025\/03\/DSC0017-360x240.jpg?crop=1 360w, https:\/\/exaudi.org\/wp-content\/uploads\/2025\/03\/DSC0017-500x333.jpg 500w\" sizes=\"auto, (max-width: 2560px) 100vw, 2560px\" \/><\/p>\n<h3><strong>Oraci\u00f3n en San Carlos<\/strong><\/h3>\n<p>El prelado del Opus Dei, Fernando Oc\u00e1riz, evoc\u00f3 las noches de oraci\u00f3n de San Josemar\u00eda en el Seminario de San Carlos y subray\u00f3 que \u00abla caridad pastoral lleva a que el sacerdote sea servidor de todos\u00bb. Destac\u00f3 especialmente su misi\u00f3n de acoger con misericordia a quienes buscan reconciliaci\u00f3n y de salir al encuentro de aquellos alejados de la fe.<\/p>\n<p>La jornada incluy\u00f3 tambi\u00e9n el testimonio de tres sacerdotes con misiones diversas: Esteban Aranaz, misionero en China; Jorge de Salas, vicario judicial en la di\u00f3cesis de Estocolmo; y Antonio Cobo, sacerdote en la Alpujarra almeriense.<\/p>\n<h3><strong>Vigilia de oraci\u00f3n y eucarist\u00eda conmemorativa<\/strong><\/h3>\n<p>El d\u00eda concluy\u00f3 con una vigilia de oraci\u00f3n por las vocaciones sacerdotales en la iglesia del Real Seminario de San Carlos Borromeo. Ma\u00f1ana, 28 de marzo, se celebrar\u00e1 una eucarist\u00eda en la misma iglesia, considerada el acto central de la conmemoraci\u00f3n.<\/p>\n<p>El domingo 30 de marzo, en Perdiguera, se llevar\u00e1 a cabo un homenaje a los primeros pasos ministeriales de San Josemar\u00eda. Se inaugurar\u00e1 la \u00abReplaceta de Mos\u00e9n Josemar\u00eda Escriv\u00e1\u00bb y se celebrar\u00e1 una mesa redonda sobre su legado, subrayando la continuidad de su mensaje en la actualidad.<\/p>\n","protected":false},"excerpt":{"rendered":"<p>Expertos destacan la ra\u00edz aragonesa y el eco universal del carisma de San Josemar\u00eda<\/p>\n","protected":false},"author":15,"featured_media":122363,"comment_status":"closed","ping_status":"closed","sticky":false,"template":"","format":"standard","meta":{"_acf_changed":false,"_crdt_document":"","inline_featured_image":false,"footnotes":""},"categories":[74],"tags":[51085,51084,51633,51083,1371,2002,1019,30732,9879,51637,449,51636,35507,2448,51152,51635,2718,15211,51634,4953,4908,4663,35151],"class_list":["post-122359","post","type-post","status-publish","format-standard","has-post-thumbnail","hentry","category-iglesia-y-mundo","tag-arzobispo-carlos-escribano","tag-cardenal-lazzaro-you-heung-sik","tag-carisma-san-josemaria","tag-centenario-ordenacion-sacerdotal","tag-espiritualidad","tag-eucaristia-es","tag-evangelizacion","tag-fernando-ocariz-3","tag-fundacion-carf","tag-historia-opus-dei","tag-iglesia-catolica","tag-misericordia-sacerdotal","tag-mision-pastoral","tag-opus-dei-es","tag-perdiguera","tag-prelado-opus-dei","tag-sacerdotes","tag-san-josemaria-escriva-2","tag-seminario-san-carlos","tag-trending-es","tag-vigilia-de-oracion","tag-vocacion-sacerdotal","tag-zaragoza"],"acf":[],"yoast_head":"<!-- This site is optimized with the Yoast SEO plugin v27.4 - https:\/\/yoast.com\/product\/yoast-seo-wordpress\/ -->\n<title>San Josemar\u00eda, 100 a\u00f1os de sacerdocio: un legado que trasciende fronteras &#8211; Exaudi<\/title>\n<meta name=\"robots\" content=\"index, follow, max-snippet:-1, max-image-preview:large, max-video-preview:-1\" \/>\n<link rel=\"canonical\" href=\"https:\/\/exaudi.org\/es\/san-josemaria-100-anos-de-sacerdocio-un-legado-que-trasciende-fronteras\/\" \/>\n<meta property=\"og:locale\" content=\"es_ES\" \/>\n<meta property=\"og:type\" content=\"article\" \/>\n<meta property=\"og:title\" content=\"San Josemar\u00eda, 100 a\u00f1os de sacerdocio: un legado que trasciende fronteras &#8211; Exaudi\" \/>\n<meta property=\"og:description\" content=\"Expertos destacan la ra\u00edz aragonesa y el eco universal del carisma de San Josemar\u00eda\" \/>\n<meta property=\"og:url\" content=\"https:\/\/exaudi.org\/es\/san-josemaria-100-anos-de-sacerdocio-un-legado-que-trasciende-fronteras\/\" \/>\n<meta property=\"og:site_name\" content=\"Exaudi\" \/>\n<meta property=\"article:publisher\" content=\"https:\/\/www.facebook.com\/ExaudiNews\" \/>\n<meta property=\"article:author\" content=\"https:\/\/www.facebook.com\/ExaudiNoticias\/\" \/>\n<meta property=\"article:published_time\" content=\"2025-03-28T06:50:02+00:00\" \/>\n<meta property=\"article:modified_time\" content=\"2025-03-28T12:13:02+00:00\" \/>\n<meta property=\"og:image\" content=\"https:\/\/exaudi.org\/wp-content\/uploads\/2025\/03\/DSC0099-scaled.jpg\" \/>\n\t<meta property=\"og:image:width\" content=\"2560\" \/>\n\t<meta property=\"og:image:height\" content=\"1706\" \/>\n\t<meta property=\"og:image:type\" content=\"image\/jpeg\" \/>\n<meta name=\"author\" content=\"Exaudi Redacci\u00f3n\" \/>\n<meta name=\"twitter:card\" content=\"summary_large_image\" \/>\n<meta name=\"twitter:creator\" content=\"@Exaudi_noticias\" \/>\n<meta name=\"twitter:site\" content=\"@Exaudi_News\" \/>\n<meta name=\"twitter:label1\" content=\"Escrito por\" \/>\n\t<meta name=\"twitter:data1\" content=\"Exaudi Redacci\u00f3n\" \/>\n\t<meta name=\"twitter:label2\" content=\"Tiempo de lectura\" \/>\n\t<meta name=\"twitter:data2\" content=\"2 minutos\" \/>\n<script type=\"application\/ld+json\" class=\"yoast-schema-graph\">{\"@context\":\"https:\\\/\\\/schema.org\",\"@graph\":[{\"@type\":\"Article\",\"@id\":\"https:\\\/\\\/exaudi.org\\\/es\\\/san-josemaria-100-anos-de-sacerdocio-un-legado-que-trasciende-fronteras\\\/#article\",\"isPartOf\":{\"@id\":\"https:\\\/\\\/exaudi.org\\\/es\\\/san-josemaria-100-anos-de-sacerdocio-un-legado-que-trasciende-fronteras\\\/\"},\"author\":{\"name\":\"Exaudi Redacci\u00f3n\",\"@id\":\"https:\\\/\\\/exaudi.org\\\/#\\\/schema\\\/person\\\/f5fc8f063065e38742da7afe15f25df7\"},\"headline\":\"San Josemar\u00eda, 100 a\u00f1os de sacerdocio: un legado que trasciende fronteras\",\"datePublished\":\"2025-03-28T06:50:02+00:00\",\"dateModified\":\"2025-03-28T12:13:02+00:00\",\"mainEntityOfPage\":{\"@id\":\"https:\\\/\\\/exaudi.org\\\/es\\\/san-josemaria-100-anos-de-sacerdocio-un-legado-que-trasciende-fronteras\\\/\"},\"wordCount\":493,\"image\":{\"@id\":\"https:\\\/\\\/exaudi.org\\\/es\\\/san-josemaria-100-anos-de-sacerdocio-un-legado-que-trasciende-fronteras\\\/#primaryimage\"},\"thumbnailUrl\":\"https:\\\/\\\/exaudi.org\\\/wp-content\\\/uploads\\\/2025\\\/03\\\/DSC0099-scaled.jpg\",\"keywords\":[\"arzobispo Carlos Escribano\",\"cardenal Lazzaro You Heung-sik\",\"carisma san josemar\u00eda\",\"centenario ordenaci\u00f3n sacerdotal\",\"Espiritualidad\",\"Eucaristia\",\"Evangelizaci\u00f3n\",\"Fernando Oc\u00e1riz\",\"Fundaci\u00f3n CARF\",\"historia opus dei\",\"Iglesia cat\u00f3lica\",\"misericordia sacerdotal\",\"misi\u00f3n pastoral\",\"Opus Dei\",\"Perdiguera\",\"prelado opus dei\",\"Sacerdotes\",\"San Josemar\u00eda Escriv\u00e1\",\"seminario san carlos\",\"Trending\",\"Vigilia de oracion\",\"Vocaci\u00f3n sacerdotal\",\"Zaragoza\"],\"articleSection\":[\"Iglesia y Mundo\"],\"inLanguage\":\"es\"},{\"@type\":\"WebPage\",\"@id\":\"https:\\\/\\\/exaudi.org\\\/es\\\/san-josemaria-100-anos-de-sacerdocio-un-legado-que-trasciende-fronteras\\\/\",\"url\":\"https:\\\/\\\/exaudi.org\\\/es\\\/san-josemaria-100-anos-de-sacerdocio-un-legado-que-trasciende-fronteras\\\/\",\"name\":\"San Josemar\u00eda, 100 a\u00f1os de sacerdocio: un legado que trasciende fronteras &#8211; Exaudi\",\"isPartOf\":{\"@id\":\"https:\\\/\\\/exaudi.org\\\/#website\"},\"primaryImageOfPage\":{\"@id\":\"https:\\\/\\\/exaudi.org\\\/es\\\/san-josemaria-100-anos-de-sacerdocio-un-legado-que-trasciende-fronteras\\\/#primaryimage\"},\"image\":{\"@id\":\"https:\\\/\\\/exaudi.org\\\/es\\\/san-josemaria-100-anos-de-sacerdocio-un-legado-que-trasciende-fronteras\\\/#primaryimage\"},\"thumbnailUrl\":\"https:\\\/\\\/exaudi.org\\\/wp-content\\\/uploads\\\/2025\\\/03\\\/DSC0099-scaled.jpg\",\"datePublished\":\"2025-03-28T06:50:02+00:00\",\"dateModified\":\"2025-03-28T12:13:02+00:00\",\"author\":{\"@id\":\"https:\\\/\\\/exaudi.org\\\/#\\\/schema\\\/person\\\/f5fc8f063065e38742da7afe15f25df7\"},\"breadcrumb\":{\"@id\":\"https:\\\/\\\/exaudi.org\\\/es\\\/san-josemaria-100-anos-de-sacerdocio-un-legado-que-trasciende-fronteras\\\/#breadcrumb\"},\"inLanguage\":\"es\",\"potentialAction\":[{\"@type\":\"ReadAction\",\"target\":[\"https:\\\/\\\/exaudi.org\\\/es\\\/san-josemaria-100-anos-de-sacerdocio-un-legado-que-trasciende-fronteras\\\/\"]}]},{\"@type\":\"ImageObject\",\"inLanguage\":\"es\",\"@id\":\"https:\\\/\\\/exaudi.org\\\/es\\\/san-josemaria-100-anos-de-sacerdocio-un-legado-que-trasciende-fronteras\\\/#primaryimage\",\"url\":\"https:\\\/\\\/exaudi.org\\\/wp-content\\\/uploads\\\/2025\\\/03\\\/DSC0099-scaled.jpg\",\"contentUrl\":\"https:\\\/\\\/exaudi.org\\\/wp-content\\\/uploads\\\/2025\\\/03\\\/DSC0099-scaled.jpg\",\"width\":2560,\"height\":1706},{\"@type\":\"BreadcrumbList\",\"@id\":\"https:\\\/\\\/exaudi.org\\\/es\\\/san-josemaria-100-anos-de-sacerdocio-un-legado-que-trasciende-fronteras\\\/#breadcrumb\",\"itemListElement\":[{\"@type\":\"ListItem\",\"position\":1,\"name\":\"Portada\",\"item\":\"https:\\\/\\\/exaudi.org\\\/es\\\/\"},{\"@type\":\"ListItem\",\"position\":2,\"name\":\"San Josemar\u00eda, 100 a\u00f1os de sacerdocio: un legado que trasciende fronteras\"}]},{\"@type\":\"WebSite\",\"@id\":\"https:\\\/\\\/exaudi.org\\\/#website\",\"url\":\"https:\\\/\\\/exaudi.org\\\/\",\"name\":\"Exaudi\",\"description\":\"News\",\"potentialAction\":[{\"@type\":\"SearchAction\",\"target\":{\"@type\":\"EntryPoint\",\"urlTemplate\":\"https:\\\/\\\/exaudi.org\\\/?s={search_term_string}\"},\"query-input\":{\"@type\":\"PropertyValueSpecification\",\"valueRequired\":true,\"valueName\":\"search_term_string\"}}],\"inLanguage\":\"es\"},{\"@type\":\"Person\",\"@id\":\"https:\\\/\\\/exaudi.org\\\/#\\\/schema\\\/person\\\/f5fc8f063065e38742da7afe15f25df7\",\"name\":\"Exaudi Redacci\u00f3n\",\"image\":{\"@type\":\"ImageObject\",\"inLanguage\":\"es\",\"@id\":\"https:\\\/\\\/secure.gravatar.com\\\/avatar\\\/fe0f6a059fb68d9b3e11bc5850dd4899b1c7492091a3cb6dd9b01b56ad828be2?s=96&d=mm&r=g\",\"url\":\"https:\\\/\\\/secure.gravatar.com\\\/avatar\\\/fe0f6a059fb68d9b3e11bc5850dd4899b1c7492091a3cb6dd9b01b56ad828be2?s=96&d=mm&r=g\",\"contentUrl\":\"https:\\\/\\\/secure.gravatar.com\\\/avatar\\\/fe0f6a059fb68d9b3e11bc5850dd4899b1c7492091a3cb6dd9b01b56ad828be2?s=96&d=mm&r=g\",\"caption\":\"Exaudi Redacci\u00f3n\"},\"description\":\"\u00bfQu\u00e9 es Exaudi News? Exaudi News es un medio de comunicaci\u00f3n cat\u00f3lico internacional que informa, forma y transforma, diariamente en espa\u00f1ol, ingl\u00e9s e italiano. A trav\u00e9s de noticias, art\u00edculos de an\u00e1lisis y transmisiones en directo de los eventos del Papa, Exaudi busca fortalecer la unidad de los cristianos y contribuir a la evangelizaci\u00f3n del mundo, siempre guiados por la doctrina social de la Iglesia. Trabajamos para acercar la verdad y los valores cristianos a cada rinc\u00f3n del planeta. \u00a1Ay\u00fadanos a transformar el mundo con Exaudi! En Exaudi creemos que la evangelizaci\u00f3n y la informaci\u00f3n de calidad pueden cambiar vidas. Para continuar con nuestra misi\u00f3n y expandir nuestro alcance, necesitamos tu ayuda. Adem\u00e1s, buscamos personas comprometidas que deseen unirse a nuestro equipo. Con tu apoyo, lograremos llegar a m\u00e1s personas, difundir el mensaje de Cristo y reforzar la unidad de los cristianos. \u00bfTe unes a nuestra misi\u00f3n? Para m\u00e1s informaci\u00f3n sobre c\u00f3mo colaborar, visita Exaudi.org\\\/es o cont\u00e1ctanos directamente: info@exaudi.org Exaudi: Informa, forma y transforma.\",\"sameAs\":[\"https:\\\/\\\/www.facebook.com\\\/ExaudiNoticias\\\/\",\"https:\\\/\\\/www.instagram.com\\\/exaudi_noticias\\\/\",\"https:\\\/\\\/x.com\\\/Exaudi_noticias\",\"https:\\\/\\\/www.youtube.com\\\/@exaudicatholicnews\"],\"url\":\"https:\\\/\\\/exaudi.org\\\/es\\\/author\\\/redaccionexaudi\\\/\"}]}<\/script>\n<!-- \/ Yoast SEO plugin. -->","yoast_head_json":{"title":"San Josemar\u00eda, 100 a\u00f1os de sacerdocio: un legado que trasciende fronteras &#8211; Exaudi","robots":{"index":"index","follow":"follow","max-snippet":"max-snippet:-1","max-image-preview":"max-image-preview:large","max-video-preview":"max-video-preview:-1"},"canonical":"https:\/\/exaudi.org\/es\/san-josemaria-100-anos-de-sacerdocio-un-legado-que-trasciende-fronteras\/","og_locale":"es_ES","og_type":"article","og_title":"San Josemar\u00eda, 100 a\u00f1os de sacerdocio: un legado que trasciende fronteras &#8211; Exaudi","og_description":"Expertos destacan la ra\u00edz aragonesa y el eco universal del carisma de San Josemar\u00eda","og_url":"https:\/\/exaudi.org\/es\/san-josemaria-100-anos-de-sacerdocio-un-legado-que-trasciende-fronteras\/","og_site_name":"Exaudi","article_publisher":"https:\/\/www.facebook.com\/ExaudiNews","article_author":"https:\/\/www.facebook.com\/ExaudiNoticias\/","article_published_time":"2025-03-28T06:50:02+00:00","article_modified_time":"2025-03-28T12:13:02+00:00","og_image":[{"width":2560,"height":1706,"url":"https:\/\/exaudi.org\/wp-content\/uploads\/2025\/03\/DSC0099-scaled.jpg","type":"image\/jpeg"}],"author":"Exaudi Redacci\u00f3n","twitter_card":"summary_large_image","twitter_creator":"@Exaudi_noticias","twitter_site":"@Exaudi_News","twitter_misc":{"Escrito por":"Exaudi Redacci\u00f3n","Tiempo de lectura":"2 minutos"},"schema":{"@context":"https:\/\/schema.org","@graph":[{"@type":"Article","@id":"https:\/\/exaudi.org\/es\/san-josemaria-100-anos-de-sacerdocio-un-legado-que-trasciende-fronteras\/#article","isPartOf":{"@id":"https:\/\/exaudi.org\/es\/san-josemaria-100-anos-de-sacerdocio-un-legado-que-trasciende-fronteras\/"},"author":{"name":"Exaudi Redacci\u00f3n","@id":"https:\/\/exaudi.org\/#\/schema\/person\/f5fc8f063065e38742da7afe15f25df7"},"headline":"San Josemar\u00eda, 100 a\u00f1os de sacerdocio: un legado que trasciende fronteras","datePublished":"2025-03-28T06:50:02+00:00","dateModified":"2025-03-28T12:13:02+00:00","mainEntityOfPage":{"@id":"https:\/\/exaudi.org\/es\/san-josemaria-100-anos-de-sacerdocio-un-legado-que-trasciende-fronteras\/"},"wordCount":493,"image":{"@id":"https:\/\/exaudi.org\/es\/san-josemaria-100-anos-de-sacerdocio-un-legado-que-trasciende-fronteras\/#primaryimage"},"thumbnailUrl":"https:\/\/exaudi.org\/wp-content\/uploads\/2025\/03\/DSC0099-scaled.jpg","keywords":["arzobispo Carlos Escribano","cardenal Lazzaro You Heung-sik","carisma san josemar\u00eda","centenario ordenaci\u00f3n sacerdotal","Espiritualidad","Eucaristia","Evangelizaci\u00f3n","Fernando Oc\u00e1riz","Fundaci\u00f3n CARF","historia opus dei","Iglesia cat\u00f3lica","misericordia sacerdotal","misi\u00f3n pastoral","Opus Dei","Perdiguera","prelado opus dei","Sacerdotes","San Josemar\u00eda Escriv\u00e1","seminario san carlos","Trending","Vigilia de oracion","Vocaci\u00f3n sacerdotal","Zaragoza"],"articleSection":["Iglesia y Mundo"],"inLanguage":"es"},{"@type":"WebPage","@id":"https:\/\/exaudi.org\/es\/san-josemaria-100-anos-de-sacerdocio-un-legado-que-trasciende-fronteras\/","url":"https:\/\/exaudi.org\/es\/san-josemaria-100-anos-de-sacerdocio-un-legado-que-trasciende-fronteras\/","name":"San Josemar\u00eda, 100 a\u00f1os de sacerdocio: un legado que trasciende fronteras &#8211; Exaudi","isPartOf":{"@id":"https:\/\/exaudi.org\/#website"},"primaryImageOfPage":{"@id":"https:\/\/exaudi.org\/es\/san-josemaria-100-anos-de-sacerdocio-un-legado-que-trasciende-fronteras\/#primaryimage"},"image":{"@id":"https:\/\/exaudi.org\/es\/san-josemaria-100-anos-de-sacerdocio-un-legado-que-trasciende-fronteras\/#primaryimage"},"thumbnailUrl":"https:\/\/exaudi.org\/wp-content\/uploads\/2025\/03\/DSC0099-scaled.jpg","datePublished":"2025-03-28T06:50:02+00:00","dateModified":"2025-03-28T12:13:02+00:00","author":{"@id":"https:\/\/exaudi.org\/#\/schema\/person\/f5fc8f063065e38742da7afe15f25df7"},"breadcrumb":{"@id":"https:\/\/exaudi.org\/es\/san-josemaria-100-anos-de-sacerdocio-un-legado-que-trasciende-fronteras\/#breadcrumb"},"inLanguage":"es","potentialAction":[{"@type":"ReadAction","target":["https:\/\/exaudi.org\/es\/san-josemaria-100-anos-de-sacerdocio-un-legado-que-trasciende-fronteras\/"]}]},{"@type":"ImageObject","inLanguage":"es","@id":"https:\/\/exaudi.org\/es\/san-josemaria-100-anos-de-sacerdocio-un-legado-que-trasciende-fronteras\/#primaryimage","url":"https:\/\/exaudi.org\/wp-content\/uploads\/2025\/03\/DSC0099-scaled.jpg","contentUrl":"https:\/\/exaudi.org\/wp-content\/uploads\/2025\/03\/DSC0099-scaled.jpg","width":2560,"height":1706},{"@type":"BreadcrumbList","@id":"https:\/\/exaudi.org\/es\/san-josemaria-100-anos-de-sacerdocio-un-legado-que-trasciende-fronteras\/#breadcrumb","itemListElement":[{"@type":"ListItem","position":1,"name":"Portada","item":"https:\/\/exaudi.org\/es\/"},{"@type":"ListItem","position":2,"name":"San Josemar\u00eda, 100 a\u00f1os de sacerdocio: un legado que trasciende fronteras"}]},{"@type":"WebSite","@id":"https:\/\/exaudi.org\/#website","url":"https:\/\/exaudi.org\/","name":"Exaudi","description":"News","potentialAction":[{"@type":"SearchAction","target":{"@type":"EntryPoint","urlTemplate":"https:\/\/exaudi.org\/?s={search_term_string}"},"query-input":{"@type":"PropertyValueSpecification","valueRequired":true,"valueName":"search_term_string"}}],"inLanguage":"es"},{"@type":"Person","@id":"https:\/\/exaudi.org\/#\/schema\/person\/f5fc8f063065e38742da7afe15f25df7","name":"Exaudi Redacci\u00f3n","image":{"@type":"ImageObject","inLanguage":"es","@id":"https:\/\/secure.gravatar.com\/avatar\/fe0f6a059fb68d9b3e11bc5850dd4899b1c7492091a3cb6dd9b01b56ad828be2?s=96&d=mm&r=g","url":"https:\/\/secure.gravatar.com\/avatar\/fe0f6a059fb68d9b3e11bc5850dd4899b1c7492091a3cb6dd9b01b56ad828be2?s=96&d=mm&r=g","contentUrl":"https:\/\/secure.gravatar.com\/avatar\/fe0f6a059fb68d9b3e11bc5850dd4899b1c7492091a3cb6dd9b01b56ad828be2?s=96&d=mm&r=g","caption":"Exaudi Redacci\u00f3n"},"description":"\u00bfQu\u00e9 es Exaudi News? Exaudi News es un medio de comunicaci\u00f3n cat\u00f3lico internacional que informa, forma y transforma, diariamente en espa\u00f1ol, ingl\u00e9s e italiano. A trav\u00e9s de noticias, art\u00edculos de an\u00e1lisis y transmisiones en directo de los eventos del Papa, Exaudi busca fortalecer la unidad de los cristianos y contribuir a la evangelizaci\u00f3n del mundo, siempre guiados por la doctrina social de la Iglesia. Trabajamos para acercar la verdad y los valores cristianos a cada rinc\u00f3n del planeta. \u00a1Ay\u00fadanos a transformar el mundo con Exaudi! En Exaudi creemos que la evangelizaci\u00f3n y la informaci\u00f3n de calidad pueden cambiar vidas. Para continuar con nuestra misi\u00f3n y expandir nuestro alcance, necesitamos tu ayuda. Adem\u00e1s, buscamos personas comprometidas que deseen unirse a nuestro equipo. Con tu apoyo, lograremos llegar a m\u00e1s personas, difundir el mensaje de Cristo y reforzar la unidad de los cristianos. \u00bfTe unes a nuestra misi\u00f3n? Para m\u00e1s informaci\u00f3n sobre c\u00f3mo colaborar, visita Exaudi.org\/es o cont\u00e1ctanos directamente: info@exaudi.org Exaudi: Informa, forma y transforma.","sameAs":["https:\/\/www.facebook.com\/ExaudiNoticias\/","https:\/\/www.instagram.com\/exaudi_noticias\/","https:\/\/x.com\/Exaudi_noticias","https:\/\/www.youtube.com\/@exaudicatholicnews"],"url":"https:\/\/exaudi.org\/es\/author\/redaccionexaudi\/"}]}},"jetpack_featured_media_url":"https:\/\/exaudi.org\/wp-content\/uploads\/2025\/03\/DSC0099-scaled.jpg","jetpack_shortlink":"https:\/\/wp.me\/pgKjF2-vPx","_links":{"self":[{"href":"https:\/\/exaudi.org\/es\/wp-json\/wp\/v2\/posts\/122359","targetHints":{"allow":["GET"]}}],"collection":[{"href":"https:\/\/exaudi.org\/es\/wp-json\/wp\/v2\/posts"}],"about":[{"href":"https:\/\/exaudi.org\/es\/wp-json\/wp\/v2\/types\/post"}],"author":[{"embeddable":true,"href":"https:\/\/exaudi.org\/es\/wp-json\/wp\/v2\/users\/15"}],"replies":[{"embeddable":true,"href":"https:\/\/exaudi.org\/es\/wp-json\/wp\/v2\/comments?post=122359"}],"version-history":[{"count":0,"href":"https:\/\/exaudi.org\/es\/wp-json\/wp\/v2\/posts\/122359\/revisions"}],"wp:featuredmedia":[{"embeddable":true,"href":"https:\/\/exaudi.org\/es\/wp-json\/wp\/v2\/media\/122363"}],"wp:attachment":[{"href":"https:\/\/exaudi.org\/es\/wp-json\/wp\/v2\/media?parent=122359"}],"wp:term":[{"taxonomy":"category","embeddable":true,"href":"https:\/\/exaudi.org\/es\/wp-json\/wp\/v2\/categories?post=122359"},{"taxonomy":"post_tag","embeddable":true,"href":"https:\/\/exaudi.org\/es\/wp-json\/wp\/v2\/tags?post=122359"}],"curies":[{"name":"wp","href":"https:\/\/api.w.org\/{rel}","templated":true}]}}