{"id":122308,"date":"2025-03-28T08:00:24","date_gmt":"2025-03-28T07:00:24","guid":{"rendered":"https:\/\/exaudi.org\/?p=122308"},"modified":"2025-03-28T09:04:42","modified_gmt":"2025-03-28T08:04:42","slug":"colonizacion-de-marte-progreso-tecnologico-o-amenaza-a-la-dignidad-humana","status":"publish","type":"post","link":"https:\/\/exaudi.org\/es\/colonizacion-de-marte-progreso-tecnologico-o-amenaza-a-la-dignidad-humana\/","title":{"rendered":"Colonizaci\u00f3n de Marte: \u00bfProgreso tecnol\u00f3gico o amenaza a la dignidad humana?"},"content":{"rendered":"<p>Las pretensiones del ser humano pueden llegar a l\u00edmites insospechados, pareci\u00e9ndose la vida a una pel\u00edcula de ciencia ficci\u00f3n, cargada de ocurrencias que ponen en entredicho a la propia persona y su dignidad.<\/p>\n<p>Mart\u00edn Varsavsky es licenciado en Econom\u00eda y Filosof\u00eda por la Universidad de Nueva York, con un MBA por la Universidad de Columbia, y fundador de dos empresas. Una es\u00a0<strong><a href=\"https:\/\/www.preludefertility.com\/?fbclid=PAZXh0bgNhZW0CMTEAAabHUAq2YBMtZyEw4W7tLnIQdkigjuYxJhZLonEVsMEhuu4sKqYZPIxTid0_aem_OHJ9qM2tlOKyceX-0wPd4A\">Prelude Fertility,\u00a0<\/a><\/strong>la primera cadena de centro de fertilidad en Estados Unidos, que ofrece servicios que van desde test gen\u00e9ticos a la\u00a0<strong><a href=\"https:\/\/www.observatoriobioetica.org\/2023\/10\/estudios-cientificos-alertan-de-grandes-secuelas-en-ninos-concebidos-por-reproduccion-asistida\/42633\">fertilizaci\u00f3n in vitro<\/a><\/strong>, y la segunda empresa es\u00a0<strong><a href=\"https:\/\/www.overture.life\/\">Overture Life,<\/a><\/strong>\u00a0que trata de perfeccionar un robot que pueda producir embriones viables<a href=\"https:\/\/www.observatoriobioetica.org\/2025\/03\/colonizacion-de-marte-progreso-tecnologico-o-amenaza-a-la-dignidad-humana\/10003860#_bookmark0\"><sup>1<\/sup><\/a>. Su amistad con el empresario Elon Musk, uno de los hombres m\u00e1s ricos del mundo y due\u00f1o de la empresa neurotecnol\u00f3gica de corte claramente transhumanista\u00a0<strong>\u201c<a href=\"https:\/\/www.observatoriobioetica.org\/2024\/02\/el-futuro-ya-esta-aqui-neuralink-implanta-con-exito-un-chip-en-el-cerebro-humano\/10000442\">Neuralink<\/a>\u201d<\/strong><a href=\"https:\/\/www.observatoriobioetica.org\/2025\/03\/colonizacion-de-marte-progreso-tecnologico-o-amenaza-a-la-dignidad-humana\/10003860#_bookmark1\"><sup>2<\/sup><\/a>\u00a0ha abierto un nuevo cap\u00edtulo en el debate sobre los embriones humanos congelados. Musk ha expresado su inter\u00e9s en la cuesti\u00f3n de estos\u00a0<strong><a href=\"https:\/\/www.observatoriobioetica.org\/2017\/04\/estatuto-biologico-del-embrion-humano-3\/15982\">embriones<\/a>\u00a0<\/strong>debido a su ambicioso sue\u00f1o de colonizar Marte<a href=\"https:\/\/www.observatoriobioetica.org\/2025\/03\/colonizacion-de-marte-progreso-tecnologico-o-amenaza-a-la-dignidad-humana\/10003860#_bookmark2\"><sup>3<\/sup><\/a>. Varsavsky, por su parte, propone establecer un reservorio para la humanidad con embriones que ya no sean necesarios. Para Musk, estos podr\u00edan desempe\u00f1ar un papel vital en la futura colonizaci\u00f3n del planeta rojo<a href=\"https:\/\/www.observatoriobioetica.org\/2025\/03\/colonizacion-de-marte-progreso-tecnologico-o-amenaza-a-la-dignidad-humana\/10003860#_bookmark3\"><sup>4<\/sup><\/a>.<\/p>\n<p>Todo esto presenta un problema central que ata\u00f1e a la dignidad humana, un concepto fundamental en la reflexi\u00f3n bio\u00e9tica y filos\u00f3fica, ya que establece que todo ser humano posee un valor intr\u00ednseco e inalienable simplemente por ser humano, independientemente de su estado de desarrollo, funcionalidad, utilidad o viabilidad. La Organizaci\u00f3n de las Naciones Unidas para la Educaci\u00f3n, la Ciencia y la Cultura (UNESCO, 2006) establece que la dignidad humana se ha de respetar plenamente<a href=\"https:\/\/www.observatoriobioetica.org\/2025\/03\/colonizacion-de-marte-progreso-tecnologico-o-amenaza-a-la-dignidad-humana\/10003860#_bookmark4\"><sup>5<\/sup><\/a>, ya que no es concedida por la sociedad, la tecnolog\u00eda o la capacidad de autoconciencia, sino que es inherente a la persona desde el momento de la concepci\u00f3n.<\/p>\n<p>Analizando la aparente propuesta de Varsavsky y Musk, esta previsiblemente atenta contra este principio fundamental al tratar a los embriones humanos como un mero recurso disponible para sus propios fines estrat\u00e9gicos y tecnol\u00f3gicos, despojando a estos embriones, y por ende a la persona, de su estatus ontol\u00f3gico como seres humanos y reduci\u00e9ndolos a simples medios para alcanzar un objetivo concreto. En el momento en que la vida humana se mide en t\u00e9rminos de utilidad para un proyecto (en este caso, la colonizaci\u00f3n de Marte), la dignidad humana se ve comprometida, ya que deja de ser un valor absoluto, convirti\u00e9ndose en un concepto relativo, maleable y negociable.<\/p>\n<h3><strong>La dignidad humana y la instrumentalizaci\u00f3n de la vida<\/strong><\/h3>\n<p>Los riesgos \u00e9ticos que presenta esta propuesta es que sienta un precedente controvertido en cuanto a la cosificaci\u00f3n de la vida humana. Si aceptamos la premisa de que los embriones pueden ser conservados, almacenados y utilizados con fines futuros indeterminados o determinados por intereses cient\u00edficos, empresariales o pol\u00edticos, abrimos la puerta a una concepci\u00f3n utilitarista y tecnocr\u00e1tica de la vida y de la persona desde sus etapas m\u00e1s tempranas, y quien sabe si hasta en su \u00e9poca m\u00e1s adulta. En este escenario, la persona humana deja de ser un fin en s\u00ed mismo (como sosten\u00eda Kant en su imperativo categ\u00f3rico<a href=\"https:\/\/www.observatoriobioetica.org\/2025\/03\/colonizacion-de-marte-progreso-tecnologico-o-amenaza-a-la-dignidad-humana\/10003860#_bookmark5\"><sup>6<\/sup><\/a>) y pasa a ser un instrumento al servicio de un prop\u00f3sito externo.<\/p>\n<p>Hay que se\u00f1alar que el embri\u00f3n humano no es una materia prima (visi\u00f3n reduccionista materialista) para la expansi\u00f3n de la especie ni un producto biol\u00f3gico (visi\u00f3n reduccionista biologicista) para la colonizaci\u00f3n espacial, sino un ser humano en su primera etapa de desarrollo, un\u00a0<em>continuum<\/em><a href=\"https:\/\/www.observatoriobioetica.org\/2025\/03\/colonizacion-de-marte-progreso-tecnologico-o-amenaza-a-la-dignidad-humana\/10003860#_bookmark6\"><em><sup>7<\/sup><\/em><\/a>\u00a0hasta el final de su existencia, con el mismo derecho a la vida y a la protecci\u00f3n de su dignidad como cualquier otra persona. El hecho de que se encuentre en un estado embrionario no disminuye su valor ontol\u00f3gico ni justifica su manipulaci\u00f3n con fines ajenos a su propio bien.<\/p>\n<p><a href=\"https:\/\/www.observatoriobioetica.org\/wp-content\/uploads\/2025\/03\/20.png\" data-caption=\"\"><picture class=\"alignnone size-large wp-image-10003871\"><source srcset=\"https:\/\/www.observatoriobioetica.org\/wp-content\/uploads\/2025\/03\/20-200x55.png.avif 200w, https:\/\/www.observatoriobioetica.org\/wp-content\/uploads\/2025\/03\/20-300x83.png.avif 300w, https:\/\/www.observatoriobioetica.org\/wp-content\/uploads\/2025\/03\/20-400x111.png.avif 400w, https:\/\/www.observatoriobioetica.org\/wp-content\/uploads\/2025\/03\/20-600x166.png.avif 600w, https:\/\/www.observatoriobioetica.org\/wp-content\/uploads\/2025\/03\/20-768x212.png.avif 768w, https:\/\/www.observatoriobioetica.org\/wp-content\/uploads\/2025\/03\/20-800x221.png.avif 800w, https:\/\/www.observatoriobioetica.org\/wp-content\/uploads\/2025\/03\/20-1024x283.png.avif 1024w, https:\/\/www.observatoriobioetica.org\/wp-content\/uploads\/2025\/03\/20-1200x332.png.avif 1200w, https:\/\/www.observatoriobioetica.org\/wp-content\/uploads\/2025\/03\/20-1320x365.png.avif 1320w, https:\/\/www.observatoriobioetica.org\/wp-content\/uploads\/2025\/03\/20-1536x425.png.avif 1536w\" type=\"image\/avif\" sizes=\"(max-width: 1024px) 100vw, 1024px\" \/><img loading=\"lazy\" decoding=\"async\" src=\"https:\/\/www.observatoriobioetica.org\/wp-content\/uploads\/2025\/03\/20-1024x283.png\" sizes=\"auto, (max-width: 1024px) 100vw, 1024px\" srcset=\"https:\/\/www.observatoriobioetica.org\/wp-content\/uploads\/2025\/03\/20-200x55.png 200w, https:\/\/www.observatoriobioetica.org\/wp-content\/uploads\/2025\/03\/20-300x83.png 300w, https:\/\/www.observatoriobioetica.org\/wp-content\/uploads\/2025\/03\/20-400x111.png 400w, https:\/\/www.observatoriobioetica.org\/wp-content\/uploads\/2025\/03\/20-600x166.png 600w, https:\/\/www.observatoriobioetica.org\/wp-content\/uploads\/2025\/03\/20-768x212.png 768w, https:\/\/www.observatoriobioetica.org\/wp-content\/uploads\/2025\/03\/20-800x221.png 800w, https:\/\/www.observatoriobioetica.org\/wp-content\/uploads\/2025\/03\/20-1024x283.png 1024w, https:\/\/www.observatoriobioetica.org\/wp-content\/uploads\/2025\/03\/20-1200x332.png 1200w, https:\/\/www.observatoriobioetica.org\/wp-content\/uploads\/2025\/03\/20-1320x365.png 1320w, https:\/\/www.observatoriobioetica.org\/wp-content\/uploads\/2025\/03\/20-1536x425.png 1536w\" alt=\"\" width=\"1024\" height=\"283\" \/><\/picture><\/a><\/p>\n<h3><strong>Dignidad y desarraigo existencial<\/strong><\/h3>\n<p>Otro aspecto problem\u00e1tico de esta propuesta es que desvincula la vida de la persona de su contexto esencial y de su historia: el lugar de pertenencia, la comunidad, la familia y el arraigo existencial. La vida humana no puede entenderse de manera aislada, sino que siempre est\u00e1 inmersa en un tejido de relaciones que la constituyen, la construyen y le dan sentido. Dicho esto, preservar embriones en condiciones de suspensi\u00f3n indefinida, para ser utilizados en un futuro de forma incierta y en un entorno que se presenta hostil y radicalmente ajeno al mundo que conocemos, implica un nivel extremo de desarraigo y deshumanizaci\u00f3n.<\/p>\n<p>Es por ello por lo que, el env\u00edo de embriones humanos a Marte, o ya incluso al mismo espacio exterior para otros fines, supondr\u00eda una ruptura total con sus lazos naturales del origen, desarrollo y pertenencia. \u00bfEs \u00e9tico engendrar seres humanos en un entorno hostil donde no podr\u00e1n experimentar la plenitud de la existencia humana tal como la conocemos? \u00bfQu\u00e9 tipo de sociedad se formar\u00eda en un contexto donde la reproducci\u00f3n se gestiona como un proceso de elecci\u00f3n, aleatorio y t\u00e9cnico y no como una expresi\u00f3n del amor y la unidad familiar? \u00bfEs licito ese desarrollo experimental en \u00fateros artificiales?<\/p>\n<p>\u00bfEs la persona un banco de pruebas? Estos dilemas cuestionan la propuesta de Varsavsky y Musk, abriendo el debate si verdaderamente respeta la dignidad de la persona y la vida en la que estar\u00edan sujetos a este experimento.<\/p>\n<h3><strong>Dignidad humana y biopol\u00edtica: El riesgo del control sobre la vida<\/strong><\/h3>\n<p>Desde una perspectiva biopol\u00edtica y filos\u00f3fica (Foucault, Agamben, Esposito), este tipo de iniciativas refuerzan la idea de que la vida humana puede ser gestionada, regulada y administrada por sistemas de poder que trascienden el \u00e1mbito individual<a href=\"https:\/\/www.observatoriobioetica.org\/2025\/03\/colonizacion-de-marte-progreso-tecnologico-o-amenaza-a-la-dignidad-humana\/10003860#_bookmark7\"><sup>8<\/sup><\/a>. Si aceptamos que los embriones pueden ser almacenados y utilizados estrat\u00e9gicamente para su expansi\u00f3n espacial, abrimos la puerta a nuevas formas de control sobre la vida y la reproducci\u00f3n humana. En este sentido, la propuesta de Varsavsky y Musk podr\u00eda interpretarse como un proyecto de ingenier\u00eda biopol\u00edtica, donde la selecci\u00f3n de qu\u00e9 vidas se preservan, cuales no (tanatopol\u00edtica) y c\u00f3mo se utilizan quedan en manos de quienes controlan los recursos tecnol\u00f3gicos y los embriones vitrificados.<\/p>\n<p>La pregunta seria, \u00bfqui\u00e9n decidir\u00eda qu\u00e9 embriones se almacenan y cu\u00e1les no? \u00bfBajo qu\u00e9 criterios se seleccionar\u00edan los futuros seres humanos que poblar\u00e1n Marte? Estas preguntas nos pueden llevar a reflexionar sobre los riesgos de un neoeugenismo tecnocr\u00e1tico, donde la vida se convierte en un recurso sometido a intereses de mercado, geopol\u00edtica y exploraci\u00f3n y experimentaci\u00f3n espacial.<\/p>\n<p><a href=\"https:\/\/www.observatoriobioetica.org\/wp-content\/uploads\/2025\/03\/21.png\" data-caption=\"\"><picture class=\"alignnone size-large wp-image-10003868\"><source srcset=\"https:\/\/www.observatoriobioetica.org\/wp-content\/uploads\/2025\/03\/21-200x78.png.avif 200w, https:\/\/www.observatoriobioetica.org\/wp-content\/uploads\/2025\/03\/21-300x116.png.avif 300w, https:\/\/www.observatoriobioetica.org\/wp-content\/uploads\/2025\/03\/21-400x155.png.avif 400w, https:\/\/www.observatoriobioetica.org\/wp-content\/uploads\/2025\/03\/21-600x233.png.avif 600w, https:\/\/www.observatoriobioetica.org\/wp-content\/uploads\/2025\/03\/21-768x298.png.avif 768w, https:\/\/www.observatoriobioetica.org\/wp-content\/uploads\/2025\/03\/21-800x311.png.avif 800w, https:\/\/www.observatoriobioetica.org\/wp-content\/uploads\/2025\/03\/21-1024x398.png.avif 1024w, https:\/\/www.observatoriobioetica.org\/wp-content\/uploads\/2025\/03\/21-1200x466.png.avif 1200w, https:\/\/www.observatoriobioetica.org\/wp-content\/uploads\/2025\/03\/21-1320x513.png.avif 1320w, https:\/\/www.observatoriobioetica.org\/wp-content\/uploads\/2025\/03\/21-1536x596.png.avif 1536w\" type=\"image\/avif\" sizes=\"(max-width: 1024px) 100vw, 1024px\" \/><img loading=\"lazy\" decoding=\"async\" src=\"https:\/\/www.observatoriobioetica.org\/wp-content\/uploads\/2025\/03\/21-1024x398.png\" sizes=\"auto, (max-width: 1024px) 100vw, 1024px\" srcset=\"https:\/\/www.observatoriobioetica.org\/wp-content\/uploads\/2025\/03\/21-200x78.png 200w, https:\/\/www.observatoriobioetica.org\/wp-content\/uploads\/2025\/03\/21-300x116.png 300w, https:\/\/www.observatoriobioetica.org\/wp-content\/uploads\/2025\/03\/21-400x155.png 400w, https:\/\/www.observatoriobioetica.org\/wp-content\/uploads\/2025\/03\/21-600x233.png 600w, https:\/\/www.observatoriobioetica.org\/wp-content\/uploads\/2025\/03\/21-768x298.png 768w, https:\/\/www.observatoriobioetica.org\/wp-content\/uploads\/2025\/03\/21-800x311.png 800w, https:\/\/www.observatoriobioetica.org\/wp-content\/uploads\/2025\/03\/21-1024x398.png 1024w, https:\/\/www.observatoriobioetica.org\/wp-content\/uploads\/2025\/03\/21-1200x466.png 1200w, https:\/\/www.observatoriobioetica.org\/wp-content\/uploads\/2025\/03\/21-1320x513.png 1320w, https:\/\/www.observatoriobioetica.org\/wp-content\/uploads\/2025\/03\/21-1536x596.png 1536w\" alt=\"\" width=\"1024\" height=\"398\" \/><\/picture><\/a><\/p>\n<h3><strong>La dignidad humana no es negociable<\/strong><\/h3>\n<p>La propuesta de Varsavsky y Musk desaf\u00eda los principios fundamentales de la bio\u00e9tica personalista y de la filosof\u00eda moral en general, al concebir la vida humana como un recurso manipulable para fines tecnol\u00f3gicos y geoestrat\u00e9gicos. Desde el punto de vista de la dignidad humana, este enfoque es inaceptable, ya que implica:<\/p>\n<ol>\n<li>Una instrumentalizaci\u00f3n de la vida humana, donde los embriones son tratados como medios y no como fines en s\u00ed mismos.<\/li>\n<li>Una violaci\u00f3n del principio de que la dignidad es absoluta y no relativa a la utilidad de la persona.<\/li>\n<li>Un desarraigo existencial, donde la vida humana se desconecta de su contexto natural de comunidad y de pertenencia.<\/li>\n<li>Un riesgo biopol\u00edtico y tanatopol\u00edtico, en el que la reproducci\u00f3n y selecci\u00f3n de vida podr\u00edan ser gestionadas por intereses ajenos a la propia dignidad humana.<\/li>\n<\/ol>\n<p>La bio\u00e9tica personalista, el proyecto de Mart\u00edn Varsavsky y el inter\u00e9s de Elon Musk en los embriones humanos congelados para la colonizaci\u00f3n de Marte plantean serios cuestionamientos \u00e9ticos. La dignidad intr\u00ednseca de la persona humana es un principio central de la bio\u00e9tica personalista, que sostiene que la vida humana, desde su inicio en la concepci\u00f3n, posee un valor en s\u00ed mismo<a href=\"https:\/\/www.observatoriobioetica.org\/2025\/03\/colonizacion-de-marte-progreso-tecnologico-o-amenaza-a-la-dignidad-humana\/10003860#_bookmark8\"><sup>9<\/sup><\/a>\u00a0y no puede ser instrumentalizada para fines utilitarios. Bajo esta perspectiva, los embriones no son meros recursos biol\u00f3gicos disponibles para proyectos cient\u00edficos o colonizadores, sino individuos de la especie humana en su fase m\u00e1s temprana de desarrollo y adultos en potencia, con un derecho indiscutible a la vida y a un destino acorde con su naturaleza humana.<\/p>\n<p>Desde una perspectiva filos\u00f3fica m\u00e1s amplia, esta iniciativa muestra los riesgos de la instrumentalizaci\u00f3n biol\u00f3gica, el utilitarismo tecnocr\u00e1tico y el biopoder en la era del transhumanismo<a href=\"https:\/\/www.observatoriobioetica.org\/2025\/03\/colonizacion-de-marte-progreso-tecnologico-o-amenaza-a-la-dignidad-humana\/10003860#_bookmark9\"><sup>10<\/sup><\/a>. La dignidad humana es un principio inalienable y absoluto, que no puede ser negociado ni relativizado en funci\u00f3n de proyectos cient\u00edficos, tecnol\u00f3gicos, pol\u00edticos o espaciales. La vida humana no puede ser reducida a un mero objeto de almacenamiento ni a un instrumento estrat\u00e9gico para la colonizaci\u00f3n de otros planetas por el mero hecho de salvaguardar la especie.<\/p>\n<p>El fundamento metaf\u00edsico de la acci\u00f3n \u00e9tica surge de la consideraci\u00f3n de que, si el embri\u00f3n posee una dignidad intr\u00ednseca (el ser en acto), su instrumentalizaci\u00f3n en un \u00abproyecto colonizador\u00bb violar\u00eda su fin natural en relaci\u00f3n con el desarrollo humano de forma integral. La finalidad de este proyecto de Varsavsky y Musk plantea la reflexi\u00f3n de, si est\u00e1n buscando un bien aut\u00e9ntico como la preservaci\u00f3n de la vida, o est\u00e1n imponiendo una ruptura del orden natural. En este sentido, la \u00e9tica desde la perspectiva del ser nos invita a reflexionar no solo sobre si podemos realizar dicha acci\u00f3n, sino sobre qu\u00e9 significado tiene para nosotros y para la humanidad alterar radicalmente las condiciones de la existencia humana y del cosmos<a href=\"https:\/\/www.observatoriobioetica.org\/2025\/03\/colonizacion-de-marte-progreso-tecnologico-o-amenaza-a-la-dignidad-humana\/10003860#_bookmark10\"><sup>11<\/sup><\/a>.<\/p>\n<p>La vida debe de seguir su proceso natural, tal y como la conocemos.<\/p>\n<p><em><strong>Jos\u00e9 Mar\u00eda Diaz S\u00e1nchez &#8211; Graduado en Filosof\u00eda por la Universidad de Murcia &#8211; M\u00e1ster en Bio\u00e9tica por la Universidad Cat\u00f3lica de Valencia<\/strong><\/em><\/p>\n<p><img loading=\"lazy\" decoding=\"async\" class=\"size-full wp-image-122356 alignnone\" src=\"https:\/\/exaudi.org\/wp-content\/uploads\/2025\/03\/Voces-15.jpg\" alt=\"\" width=\"940\" height=\"788\" srcset=\"https:\/\/exaudi.org\/wp-content\/uploads\/2025\/03\/Voces-15.jpg 940w, https:\/\/exaudi.org\/wp-content\/uploads\/2025\/03\/Voces-15-300x251.jpg 300w, https:\/\/exaudi.org\/wp-content\/uploads\/2025\/03\/Voces-15-770x645.jpg 770w, https:\/\/exaudi.org\/wp-content\/uploads\/2025\/03\/Voces-15-500x419.jpg 500w\" sizes=\"auto, (max-width: 940px) 100vw, 940px\" \/><\/p>\n<p>***<\/p>\n<p>1 https:\/\/<a href=\"http:\/\/www.elconfidencial.com\/tecnologia\/ciencia\/2019-11-17\/martin-varsavsky-\">www.elconfidencial.com\/tecnologia\/ciencia\/2019-11-17\/martin-varsavsky-<\/a>\u00a0entrevista_2336235\/<\/p>\n<p><sup>2<\/sup>\u00a0Gonz\u00e1lez Santos, J. (2022). Neuralink: Implicaciones \u00e9ticas de las tecnolog\u00edas basadas en interfaces cerebro-m\u00e1quina.\u00a0<em>Argumentos de Raz\u00f3n T\u00e9cnica, 25<\/em>, 53-91.<\/p>\n<p><sup>3<\/sup>\u00a0https:\/\/<a href=\"http:\/\/www.elconfidencial.com\/tecnologia\/2024-07-18\/elon-musk-marte-colonizar-espacio-\">www.elconfidencial.com\/tecnologia\/2024-07-18\/elon-musk-marte-colonizar-espacio-<\/a>\u00a0semen-fertilidad_3925782\/<\/p>\n<p><sup>4<\/sup>\u00a0https:\/\/<a href=\"http:\/\/www.cuatro.com\/television\/a-la-carta\/20250309\/cuarto-milenio-programa-completo-\">www.cuatro.com\/television\/a-la-carta\/20250309\/cuarto-milenio-programa-completo-<\/a>\u00a0video_18_014978236.html<\/p>\n<p><sup>5\u00a0<\/sup>UNESCO. (2006).\u00a0<em>Declaraci\u00f3n Universal sobre Bio\u00e9tica y Derechos Humanos<\/em>). Organizaci\u00f3n de las Naciones Unidas para la Educaci\u00f3n, la Ciencia y la Cultura, Art\u00edculo 3.<\/p>\n<p><sup>6<\/sup>\u00a0Kant, I. (1785\/1921).\u00a0<em>Fundamentaci\u00f3n de la metaf\u00edsica de las costumbres\u00a0<\/em>(M. G. Morente, Trad.; P. M. Rosario Barbosa, Ed.). Primera edici\u00f3n. San Juan, Puerto Rico. pp. 41.<\/p>\n<p><sup>7<\/sup>\u00a0Robina Duhart, P. de. (2023). El estatuto del embri\u00f3n humano: Un an\u00e1lisis interdisciplinario (bio\u00e9tico) de la realidad.\u00a0<em>Medicina y \u00e9tica, 34<\/em>(4), 895-934.<\/p>\n<p><sup>8<\/sup>\u00a0Saidel, M. L. (2013). Lecturas de la biopol\u00edtica: Foucault, Agamben, Esposito.\u00a0<em>Opci\u00f3n, 177<\/em>, 88-107. ITAM.<\/p>\n<p><sup>9<\/sup>\u00a0Serra P\u00e9rez, M. A., &amp; Salinas Mengual, J. (2023).\u00a0<em>\u00bfUn nuevo estatuto para la persona? Claves para un di\u00e1logo sobre el estatuto ontol\u00f3gico y jur\u00eddico de la persona humana<\/em>. Sind\u00e9resis.<\/p>\n<p><sup>10<\/sup>\u00a0Nakama-Hokamura, G. K., &amp; Rojas-Valdez, K. (2023). Naturaleza y persona humana: Bases cr\u00edticas de la pretensi\u00f3n transhumanista.\u00a0<em>Apuntes de Bio\u00e9tica, 6<\/em>(2), 5-29.<\/p>\n<p><sup>11<\/sup>\u00a0Torrijos Castrillejo, D. (2024). Rese\u00f1a de\u00a0<em>Ser y obrar: \u00bfCrisis o ruptura? Fundamento metaf\u00edsico de la acci\u00f3n\u00a0<\/em>de Manuel Alejandro Serra P\u00e9rez.\u00a0<em>Anales del Seminario de Historia de la Filosof\u00eda, 41<\/em>(1), 265-266.<\/p>\n<p>***<\/p>\n<p><strong>Bibliograf\u00eda<\/strong><\/p>\n<p>Gonz\u00e1lez Santos, J. (2022). Neuralink: Implicaciones \u00e9ticas de las tecnolog\u00edas basadas en interfaces cerebro-m\u00e1quina.\u00a0<em>Argumentos de Raz\u00f3n T\u00e9cnica, 25<\/em>, 53-91.<\/p>\n<p>Kant, I<strong>.\u00a0<\/strong>(1785\/1921).\u00a0<em>Fundamentaci\u00f3n de la metaf\u00edsica de las costumbres\u00a0<\/em>(M. G. Morente, Trad.; P. M. Rosario Barbosa, Ed.). Primera edici\u00f3n. San Juan, Puerto Rico.<\/p>\n<p>Nakama-Hokamura, G. K., &amp; Rojas-Valdez, K. (2023). Naturaleza y persona humana: Bases cr\u00edticas de la pretensi\u00f3n transhumanista.\u00a0<em>Apuntes de Bio\u00e9tica, 6<\/em>(2), 5-29.<\/p>\n<p>Robina Duhart, P. de. (2023). El estatuto del embri\u00f3n humano: Un an\u00e1lisis interdisciplinario (bio\u00e9tico) de la realidad.\u00a0<em>Medicina y \u00e9tica, 34<\/em>(4), 895-934.<\/p>\n<p>Saidel, M. L. (2013). Lecturas de la biopol\u00edtica: Foucault, Agamben, Esposito.\u00a0<em>Opci\u00f3n, 177<\/em>, 88-107. ITAM.<\/p>\n<p>Serra P\u00e9rez, M. A., &amp; Salinas Mengual, J. (2023).\u00a0<em>\u00bfUn nuevo estatuto para la persona? Claves para un di\u00e1logo sobre el estatuto ontol\u00f3gico y jur\u00eddico de la persona humana<\/em>. Sind\u00e9resis.<\/p>\n<p>Torrijos Castrillejo, D. (2024). Rese\u00f1a de\u00a0<em>Ser y obrar: \u00bfCrisis o ruptura? Fundamento metaf\u00edsico de la acci\u00f3n\u00a0<\/em>de Manuel Alejandro Serra P\u00e9rez.\u00a0<em>Anales del Seminario de Historia de la Filosof\u00eda, 41<\/em>(1), 265-266.<\/p>\n<p>UNESCO. (2006).\u00a0<em>Declaraci\u00f3n Universal sobre Bio\u00e9tica y Derechos Humanos<\/em>). Organizaci\u00f3n de las Naciones Unidas para la Educaci\u00f3n, la Ciencia y la Cultura.<\/p>\n<p>https:\/<a href=\"http:\/\/www.elconfidencial.com\/tecnologia\/ciencia\/2019-11-17\/martin-varsavsky-\">\/www.elconfidencial.com\/tecnologia\/ciencia\/2019-11-17\/martin-varsavsky-<\/a>\u00a0entrevista_2336235\/<\/p>\n<p>https:\/<a href=\"http:\/\/www.cuatro.com\/television\/a-la-carta\/20250309\/cuarto-milenio-programa-\">\/www.cuatro.com\/television\/a-la-carta\/20250309\/cuarto-milenio-programa-<\/a>\u00a0completo-video_18_014978236.html<\/p>\n<p>https:\/<a href=\"http:\/\/www.elconfidencial.com\/tecnologia\/2024-07-18\/elon-musk-marte-colonizar-\">\/www.elconfidencial.com\/tecnologia\/2024-07-18\/elon-musk-marte-colonizar-<\/a>\u00a0espacio-semen-fertilidad_3925782\/<\/p>\n","protected":false},"excerpt":{"rendered":"<p>Un dilema \u00e9tico<\/p>\n","protected":false},"author":87,"featured_media":122310,"comment_status":"closed","ping_status":"closed","sticky":false,"template":"","format":"standard","meta":{"_acf_changed":false,"_crdt_document":"","inline_featured_image":false,"footnotes":""},"categories":[130],"tags":[728,51451,51447,802,51455,12167,12816,4071,51448,51452,51454,31800,2226,44723,51449,630,51453,45111,51450,45116,14180,4953],"class_list":["post-122308","post","type-post","status-publish","format-standard","has-post-thumbnail","hentry","category-voces","tag-bioetica","tag-biopolitica","tag-colonizacion-de-marte","tag-derechos-humanos","tag-desarraigo-existencial","tag-dignidad-humana","tag-elon-musk","tag-embriones-humanos","tag-etica-en-la-ciencia","tag-eugenismo","tag-filosofia-moral","tag-futuro-de-la-humanidad","tag-humanidad","tag-investigacion-cientifica","tag-martin-varsavsky","tag-observatorio-de-bioetica-de-la-universidad-catolica-de-valencia","tag-preservacion-de-vida","tag-progreso-tecnologico","tag-tecnologia-espacial","tag-tecnologia-y-etica","tag-transhumanismo","tag-trending-es"],"acf":[],"yoast_head":"<!-- This site is optimized with the Yoast SEO plugin v27.5 - https:\/\/yoast.com\/product\/yoast-seo-wordpress\/ -->\n<title>Colonizaci\u00f3n de Marte: \u00bfProgreso tecnol\u00f3gico o amenaza a la dignidad humana? &#8211; Exaudi<\/title>\n<meta name=\"robots\" content=\"index, follow, max-snippet:-1, max-image-preview:large, max-video-preview:-1\" \/>\n<link rel=\"canonical\" href=\"https:\/\/exaudi.org\/es\/colonizacion-de-marte-progreso-tecnologico-o-amenaza-a-la-dignidad-humana\/\" \/>\n<meta property=\"og:locale\" content=\"es_ES\" \/>\n<meta property=\"og:type\" content=\"article\" \/>\n<meta property=\"og:title\" content=\"Colonizaci\u00f3n de Marte: \u00bfProgreso tecnol\u00f3gico o amenaza a la dignidad humana? &#8211; Exaudi\" \/>\n<meta property=\"og:description\" content=\"Un dilema \u00e9tico\" \/>\n<meta property=\"og:url\" content=\"https:\/\/exaudi.org\/es\/colonizacion-de-marte-progreso-tecnologico-o-amenaza-a-la-dignidad-humana\/\" \/>\n<meta property=\"og:site_name\" content=\"Exaudi\" \/>\n<meta property=\"article:publisher\" content=\"https:\/\/www.facebook.com\/ExaudiNews\" \/>\n<meta property=\"article:author\" content=\"https:\/\/www.facebook.com\/observatoriodebioetica\/\" \/>\n<meta property=\"article:published_time\" content=\"2025-03-28T07:00:24+00:00\" \/>\n<meta property=\"article:modified_time\" content=\"2025-03-28T08:04:42+00:00\" \/>\n<meta property=\"og:image\" content=\"https:\/\/exaudi.org\/wp-content\/uploads\/2025\/03\/19.png-scaled.jpg\" \/>\n\t<meta property=\"og:image:width\" content=\"2560\" \/>\n\t<meta property=\"og:image:height\" content=\"994\" \/>\n\t<meta property=\"og:image:type\" content=\"image\/jpeg\" \/>\n<meta name=\"author\" content=\"Observatorio de Bio\u00e9tica UCV\" \/>\n<meta name=\"twitter:card\" content=\"summary_large_image\" \/>\n<meta name=\"twitter:creator\" content=\"@obioetica\" \/>\n<meta name=\"twitter:site\" content=\"@Exaudi_News\" \/>\n<meta name=\"twitter:label1\" content=\"Escrito por\" \/>\n\t<meta name=\"twitter:data1\" content=\"Observatorio de Bio\u00e9tica UCV\" \/>\n\t<meta name=\"twitter:label2\" content=\"Tiempo de lectura\" \/>\n\t<meta name=\"twitter:data2\" content=\"11 minutos\" \/>\n<script type=\"application\/ld+json\" class=\"yoast-schema-graph\">{\"@context\":\"https:\\\/\\\/schema.org\",\"@graph\":[{\"@type\":\"Article\",\"@id\":\"https:\\\/\\\/exaudi.org\\\/es\\\/colonizacion-de-marte-progreso-tecnologico-o-amenaza-a-la-dignidad-humana\\\/#article\",\"isPartOf\":{\"@id\":\"https:\\\/\\\/exaudi.org\\\/es\\\/colonizacion-de-marte-progreso-tecnologico-o-amenaza-a-la-dignidad-humana\\\/\"},\"author\":{\"name\":\"Observatorio de Bio\u00e9tica UCV\",\"@id\":\"https:\\\/\\\/exaudi.org\\\/#\\\/schema\\\/person\\\/05d1c06e56ecb5490e9bff0d27026595\"},\"headline\":\"Colonizaci\u00f3n de Marte: \u00bfProgreso tecnol\u00f3gico o amenaza a la dignidad humana?\",\"datePublished\":\"2025-03-28T07:00:24+00:00\",\"dateModified\":\"2025-03-28T08:04:42+00:00\",\"mainEntityOfPage\":{\"@id\":\"https:\\\/\\\/exaudi.org\\\/es\\\/colonizacion-de-marte-progreso-tecnologico-o-amenaza-a-la-dignidad-humana\\\/\"},\"wordCount\":2165,\"image\":{\"@id\":\"https:\\\/\\\/exaudi.org\\\/es\\\/colonizacion-de-marte-progreso-tecnologico-o-amenaza-a-la-dignidad-humana\\\/#primaryimage\"},\"thumbnailUrl\":\"https:\\\/\\\/exaudi.org\\\/wp-content\\\/uploads\\\/2025\\\/03\\\/19.png-scaled.jpg\",\"keywords\":[\"Bio\u00e9tica\",\"biopol\u00edtica\",\"colonizaci\u00f3n de Marte\",\"Derechos Humanos\",\"desarraigo existencial\",\"Dignidad humana\",\"Elon Musk\",\"Embriones humanos\",\"\u00e9tica en la ciencia\",\"eugenismo\",\"filosof\u00eda moral\",\"futuro de la humanidad\",\"Humanidad\",\"investigaci\u00f3n cient\u00edfica\",\"Mart\u00edn Varsavsky\",\"Observatorio de Bio\u00e9tica de la Universidad Cat\u00f3lica de Valencia\",\"preservaci\u00f3n de vida\",\"progreso tecnol\u00f3gico\",\"tecnolog\u00eda espacial\",\"tecnolog\u00eda y \u00e9tica\",\"transhumanismo\",\"Trending\"],\"articleSection\":[\"Voces\"],\"inLanguage\":\"es\"},{\"@type\":\"WebPage\",\"@id\":\"https:\\\/\\\/exaudi.org\\\/es\\\/colonizacion-de-marte-progreso-tecnologico-o-amenaza-a-la-dignidad-humana\\\/\",\"url\":\"https:\\\/\\\/exaudi.org\\\/es\\\/colonizacion-de-marte-progreso-tecnologico-o-amenaza-a-la-dignidad-humana\\\/\",\"name\":\"Colonizaci\u00f3n de Marte: \u00bfProgreso tecnol\u00f3gico o amenaza a la dignidad humana? &#8211; Exaudi\",\"isPartOf\":{\"@id\":\"https:\\\/\\\/exaudi.org\\\/#website\"},\"primaryImageOfPage\":{\"@id\":\"https:\\\/\\\/exaudi.org\\\/es\\\/colonizacion-de-marte-progreso-tecnologico-o-amenaza-a-la-dignidad-humana\\\/#primaryimage\"},\"image\":{\"@id\":\"https:\\\/\\\/exaudi.org\\\/es\\\/colonizacion-de-marte-progreso-tecnologico-o-amenaza-a-la-dignidad-humana\\\/#primaryimage\"},\"thumbnailUrl\":\"https:\\\/\\\/exaudi.org\\\/wp-content\\\/uploads\\\/2025\\\/03\\\/19.png-scaled.jpg\",\"datePublished\":\"2025-03-28T07:00:24+00:00\",\"dateModified\":\"2025-03-28T08:04:42+00:00\",\"author\":{\"@id\":\"https:\\\/\\\/exaudi.org\\\/#\\\/schema\\\/person\\\/05d1c06e56ecb5490e9bff0d27026595\"},\"breadcrumb\":{\"@id\":\"https:\\\/\\\/exaudi.org\\\/es\\\/colonizacion-de-marte-progreso-tecnologico-o-amenaza-a-la-dignidad-humana\\\/#breadcrumb\"},\"inLanguage\":\"es\",\"potentialAction\":[{\"@type\":\"ReadAction\",\"target\":[\"https:\\\/\\\/exaudi.org\\\/es\\\/colonizacion-de-marte-progreso-tecnologico-o-amenaza-a-la-dignidad-humana\\\/\"]}]},{\"@type\":\"ImageObject\",\"inLanguage\":\"es\",\"@id\":\"https:\\\/\\\/exaudi.org\\\/es\\\/colonizacion-de-marte-progreso-tecnologico-o-amenaza-a-la-dignidad-humana\\\/#primaryimage\",\"url\":\"https:\\\/\\\/exaudi.org\\\/wp-content\\\/uploads\\\/2025\\\/03\\\/19.png-scaled.jpg\",\"contentUrl\":\"https:\\\/\\\/exaudi.org\\\/wp-content\\\/uploads\\\/2025\\\/03\\\/19.png-scaled.jpg\",\"width\":2560,\"height\":994},{\"@type\":\"BreadcrumbList\",\"@id\":\"https:\\\/\\\/exaudi.org\\\/es\\\/colonizacion-de-marte-progreso-tecnologico-o-amenaza-a-la-dignidad-humana\\\/#breadcrumb\",\"itemListElement\":[{\"@type\":\"ListItem\",\"position\":1,\"name\":\"Portada\",\"item\":\"https:\\\/\\\/exaudi.org\\\/es\\\/\"},{\"@type\":\"ListItem\",\"position\":2,\"name\":\"Colonizaci\u00f3n de Marte: \u00bfProgreso tecnol\u00f3gico o amenaza a la dignidad humana?\"}]},{\"@type\":\"WebSite\",\"@id\":\"https:\\\/\\\/exaudi.org\\\/#website\",\"url\":\"https:\\\/\\\/exaudi.org\\\/\",\"name\":\"Exaudi\",\"description\":\"News\",\"potentialAction\":[{\"@type\":\"SearchAction\",\"target\":{\"@type\":\"EntryPoint\",\"urlTemplate\":\"https:\\\/\\\/exaudi.org\\\/?s={search_term_string}\"},\"query-input\":{\"@type\":\"PropertyValueSpecification\",\"valueRequired\":true,\"valueName\":\"search_term_string\"}}],\"inLanguage\":\"es\"},{\"@type\":\"Person\",\"@id\":\"https:\\\/\\\/exaudi.org\\\/#\\\/schema\\\/person\\\/05d1c06e56ecb5490e9bff0d27026595\",\"name\":\"Observatorio de Bio\u00e9tica UCV\",\"image\":{\"@type\":\"ImageObject\",\"inLanguage\":\"es\",\"@id\":\"https:\\\/\\\/secure.gravatar.com\\\/avatar\\\/086563f59595a89fb0851de25d712a03657b1cdfa8af3c9cd0a1ee122fc5d596?s=96&d=mm&r=g\",\"url\":\"https:\\\/\\\/secure.gravatar.com\\\/avatar\\\/086563f59595a89fb0851de25d712a03657b1cdfa8af3c9cd0a1ee122fc5d596?s=96&d=mm&r=g\",\"contentUrl\":\"https:\\\/\\\/secure.gravatar.com\\\/avatar\\\/086563f59595a89fb0851de25d712a03657b1cdfa8af3c9cd0a1ee122fc5d596?s=96&d=mm&r=g\",\"caption\":\"Observatorio de Bio\u00e9tica UCV\"},\"description\":\"El Observatorio de Bio\u00e9tica se encuentra dentro del Instituto Ciencias de la vida de la Universidad Cat\u00f3lica de Valencia \u201cSan Vicente M\u00e1rtir\u201d . En el trasfondo de sus publicaciones, se defiende la vida humana desde la fecundaci\u00f3n a la muerte natural y la dignidad de la persona, teniendo como objetivo aunar esfuerzos para difundir la cultura de la vida como la define la Evangelium Vitae.\",\"sameAs\":[\"https:\\\/\\\/www.observatoriobioetica.org\\\/\",\"https:\\\/\\\/www.facebook.com\\\/observatoriodebioetica\\\/\",\"https:\\\/\\\/x.com\\\/obioetica\",\"https:\\\/\\\/www.youtube.com\\\/channel\\\/UC_Tr4WS5-TXoNo5e1MdQc7w\"],\"url\":\"https:\\\/\\\/exaudi.org\\\/es\\\/author\\\/observatoriodebioeticaucv\\\/\"}]}<\/script>\n<!-- \/ Yoast SEO plugin. -->","yoast_head_json":{"title":"Colonizaci\u00f3n de Marte: \u00bfProgreso tecnol\u00f3gico o amenaza a la dignidad humana? &#8211; Exaudi","robots":{"index":"index","follow":"follow","max-snippet":"max-snippet:-1","max-image-preview":"max-image-preview:large","max-video-preview":"max-video-preview:-1"},"canonical":"https:\/\/exaudi.org\/es\/colonizacion-de-marte-progreso-tecnologico-o-amenaza-a-la-dignidad-humana\/","og_locale":"es_ES","og_type":"article","og_title":"Colonizaci\u00f3n de Marte: \u00bfProgreso tecnol\u00f3gico o amenaza a la dignidad humana? &#8211; Exaudi","og_description":"Un dilema \u00e9tico","og_url":"https:\/\/exaudi.org\/es\/colonizacion-de-marte-progreso-tecnologico-o-amenaza-a-la-dignidad-humana\/","og_site_name":"Exaudi","article_publisher":"https:\/\/www.facebook.com\/ExaudiNews","article_author":"https:\/\/www.facebook.com\/observatoriodebioetica\/","article_published_time":"2025-03-28T07:00:24+00:00","article_modified_time":"2025-03-28T08:04:42+00:00","og_image":[{"width":2560,"height":994,"url":"https:\/\/exaudi.org\/wp-content\/uploads\/2025\/03\/19.png-scaled.jpg","type":"image\/jpeg"}],"author":"Observatorio de Bio\u00e9tica UCV","twitter_card":"summary_large_image","twitter_creator":"@obioetica","twitter_site":"@Exaudi_News","twitter_misc":{"Escrito por":"Observatorio de Bio\u00e9tica UCV","Tiempo de lectura":"11 minutos"},"schema":{"@context":"https:\/\/schema.org","@graph":[{"@type":"Article","@id":"https:\/\/exaudi.org\/es\/colonizacion-de-marte-progreso-tecnologico-o-amenaza-a-la-dignidad-humana\/#article","isPartOf":{"@id":"https:\/\/exaudi.org\/es\/colonizacion-de-marte-progreso-tecnologico-o-amenaza-a-la-dignidad-humana\/"},"author":{"name":"Observatorio de Bio\u00e9tica UCV","@id":"https:\/\/exaudi.org\/#\/schema\/person\/05d1c06e56ecb5490e9bff0d27026595"},"headline":"Colonizaci\u00f3n de Marte: \u00bfProgreso tecnol\u00f3gico o amenaza a la dignidad humana?","datePublished":"2025-03-28T07:00:24+00:00","dateModified":"2025-03-28T08:04:42+00:00","mainEntityOfPage":{"@id":"https:\/\/exaudi.org\/es\/colonizacion-de-marte-progreso-tecnologico-o-amenaza-a-la-dignidad-humana\/"},"wordCount":2165,"image":{"@id":"https:\/\/exaudi.org\/es\/colonizacion-de-marte-progreso-tecnologico-o-amenaza-a-la-dignidad-humana\/#primaryimage"},"thumbnailUrl":"https:\/\/exaudi.org\/wp-content\/uploads\/2025\/03\/19.png-scaled.jpg","keywords":["Bio\u00e9tica","biopol\u00edtica","colonizaci\u00f3n de Marte","Derechos Humanos","desarraigo existencial","Dignidad humana","Elon Musk","Embriones humanos","\u00e9tica en la ciencia","eugenismo","filosof\u00eda moral","futuro de la humanidad","Humanidad","investigaci\u00f3n cient\u00edfica","Mart\u00edn Varsavsky","Observatorio de Bio\u00e9tica de la Universidad Cat\u00f3lica de Valencia","preservaci\u00f3n de vida","progreso tecnol\u00f3gico","tecnolog\u00eda espacial","tecnolog\u00eda y \u00e9tica","transhumanismo","Trending"],"articleSection":["Voces"],"inLanguage":"es"},{"@type":"WebPage","@id":"https:\/\/exaudi.org\/es\/colonizacion-de-marte-progreso-tecnologico-o-amenaza-a-la-dignidad-humana\/","url":"https:\/\/exaudi.org\/es\/colonizacion-de-marte-progreso-tecnologico-o-amenaza-a-la-dignidad-humana\/","name":"Colonizaci\u00f3n de Marte: \u00bfProgreso tecnol\u00f3gico o amenaza a la dignidad humana? &#8211; Exaudi","isPartOf":{"@id":"https:\/\/exaudi.org\/#website"},"primaryImageOfPage":{"@id":"https:\/\/exaudi.org\/es\/colonizacion-de-marte-progreso-tecnologico-o-amenaza-a-la-dignidad-humana\/#primaryimage"},"image":{"@id":"https:\/\/exaudi.org\/es\/colonizacion-de-marte-progreso-tecnologico-o-amenaza-a-la-dignidad-humana\/#primaryimage"},"thumbnailUrl":"https:\/\/exaudi.org\/wp-content\/uploads\/2025\/03\/19.png-scaled.jpg","datePublished":"2025-03-28T07:00:24+00:00","dateModified":"2025-03-28T08:04:42+00:00","author":{"@id":"https:\/\/exaudi.org\/#\/schema\/person\/05d1c06e56ecb5490e9bff0d27026595"},"breadcrumb":{"@id":"https:\/\/exaudi.org\/es\/colonizacion-de-marte-progreso-tecnologico-o-amenaza-a-la-dignidad-humana\/#breadcrumb"},"inLanguage":"es","potentialAction":[{"@type":"ReadAction","target":["https:\/\/exaudi.org\/es\/colonizacion-de-marte-progreso-tecnologico-o-amenaza-a-la-dignidad-humana\/"]}]},{"@type":"ImageObject","inLanguage":"es","@id":"https:\/\/exaudi.org\/es\/colonizacion-de-marte-progreso-tecnologico-o-amenaza-a-la-dignidad-humana\/#primaryimage","url":"https:\/\/exaudi.org\/wp-content\/uploads\/2025\/03\/19.png-scaled.jpg","contentUrl":"https:\/\/exaudi.org\/wp-content\/uploads\/2025\/03\/19.png-scaled.jpg","width":2560,"height":994},{"@type":"BreadcrumbList","@id":"https:\/\/exaudi.org\/es\/colonizacion-de-marte-progreso-tecnologico-o-amenaza-a-la-dignidad-humana\/#breadcrumb","itemListElement":[{"@type":"ListItem","position":1,"name":"Portada","item":"https:\/\/exaudi.org\/es\/"},{"@type":"ListItem","position":2,"name":"Colonizaci\u00f3n de Marte: \u00bfProgreso tecnol\u00f3gico o amenaza a la dignidad humana?"}]},{"@type":"WebSite","@id":"https:\/\/exaudi.org\/#website","url":"https:\/\/exaudi.org\/","name":"Exaudi","description":"News","potentialAction":[{"@type":"SearchAction","target":{"@type":"EntryPoint","urlTemplate":"https:\/\/exaudi.org\/?s={search_term_string}"},"query-input":{"@type":"PropertyValueSpecification","valueRequired":true,"valueName":"search_term_string"}}],"inLanguage":"es"},{"@type":"Person","@id":"https:\/\/exaudi.org\/#\/schema\/person\/05d1c06e56ecb5490e9bff0d27026595","name":"Observatorio de Bio\u00e9tica UCV","image":{"@type":"ImageObject","inLanguage":"es","@id":"https:\/\/secure.gravatar.com\/avatar\/086563f59595a89fb0851de25d712a03657b1cdfa8af3c9cd0a1ee122fc5d596?s=96&d=mm&r=g","url":"https:\/\/secure.gravatar.com\/avatar\/086563f59595a89fb0851de25d712a03657b1cdfa8af3c9cd0a1ee122fc5d596?s=96&d=mm&r=g","contentUrl":"https:\/\/secure.gravatar.com\/avatar\/086563f59595a89fb0851de25d712a03657b1cdfa8af3c9cd0a1ee122fc5d596?s=96&d=mm&r=g","caption":"Observatorio de Bio\u00e9tica UCV"},"description":"El Observatorio de Bio\u00e9tica se encuentra dentro del Instituto Ciencias de la vida de la Universidad Cat\u00f3lica de Valencia \u201cSan Vicente M\u00e1rtir\u201d . En el trasfondo de sus publicaciones, se defiende la vida humana desde la fecundaci\u00f3n a la muerte natural y la dignidad de la persona, teniendo como objetivo aunar esfuerzos para difundir la cultura de la vida como la define la Evangelium Vitae.","sameAs":["https:\/\/www.observatoriobioetica.org\/","https:\/\/www.facebook.com\/observatoriodebioetica\/","https:\/\/x.com\/obioetica","https:\/\/www.youtube.com\/channel\/UC_Tr4WS5-TXoNo5e1MdQc7w"],"url":"https:\/\/exaudi.org\/es\/author\/observatoriodebioeticaucv\/"}]}},"jetpack_featured_media_url":"https:\/\/exaudi.org\/wp-content\/uploads\/2025\/03\/19.png-scaled.jpg","jetpack_shortlink":"https:\/\/wp.me\/pgKjF2-vOI","_links":{"self":[{"href":"https:\/\/exaudi.org\/es\/wp-json\/wp\/v2\/posts\/122308","targetHints":{"allow":["GET"]}}],"collection":[{"href":"https:\/\/exaudi.org\/es\/wp-json\/wp\/v2\/posts"}],"about":[{"href":"https:\/\/exaudi.org\/es\/wp-json\/wp\/v2\/types\/post"}],"author":[{"embeddable":true,"href":"https:\/\/exaudi.org\/es\/wp-json\/wp\/v2\/users\/87"}],"replies":[{"embeddable":true,"href":"https:\/\/exaudi.org\/es\/wp-json\/wp\/v2\/comments?post=122308"}],"version-history":[{"count":0,"href":"https:\/\/exaudi.org\/es\/wp-json\/wp\/v2\/posts\/122308\/revisions"}],"wp:featuredmedia":[{"embeddable":true,"href":"https:\/\/exaudi.org\/es\/wp-json\/wp\/v2\/media\/122310"}],"wp:attachment":[{"href":"https:\/\/exaudi.org\/es\/wp-json\/wp\/v2\/media?parent=122308"}],"wp:term":[{"taxonomy":"category","embeddable":true,"href":"https:\/\/exaudi.org\/es\/wp-json\/wp\/v2\/categories?post=122308"},{"taxonomy":"post_tag","embeddable":true,"href":"https:\/\/exaudi.org\/es\/wp-json\/wp\/v2\/tags?post=122308"}],"curies":[{"name":"wp","href":"https:\/\/api.w.org\/{rel}","templated":true}]}}