{"id":12187,"date":"2021-04-19T10:34:40","date_gmt":"2021-04-19T08:34:40","guid":{"rendered":"https:\/\/exaudi.org\/?p=12187"},"modified":"2021-04-19T16:15:16","modified_gmt":"2021-04-19T14:15:16","slug":"peru-papa-nombra-obispo-callao-2021","status":"publish","type":"post","link":"https:\/\/exaudi.org\/es\/peru-papa-nombra-obispo-callao-2021\/","title":{"rendered":"Per\u00fa: El Papa nombra al obispo de Callao"},"content":{"rendered":"<p style=\"text-align: left\">El <a href=\"https:\/\/exaudi.org\/es\/papa-regina-coeli-mirar-tocar-y-comer\/\" target=\"_blank\" rel=\"noopener noreferrer\">Papa Francisco<\/a> ha nombrado obispo de la <a href=\"http:\/\/www.diocesisdelcallao.org\/\" target=\"_blank\" rel=\"noopener noreferrer\">di\u00f3cesis del Callao<\/a>, Per\u00fa, a monse\u00f1or Luis Alberto Barrera Pacheco, traslad\u00e1ndolo desde la di\u00f3cesis de Tarma. As\u00ed inform\u00f3 el s\u00e1bado 17 de abril la Oficina de Prensa de la Santa Sede.<\/p>\n<h4><strong>Mons. Luis Alberto Barrera Pacheco<\/strong><\/h4>\n<p>Naci\u00f3 el 16 de noviembre de 1966 en Gorgor, Cajatambo, di\u00f3cesis de Huacho. Hizo su profesi\u00f3n solemne con los Misioneros Combonianos el 19 de noviembre de 1994. Fue ordenado sacerdote el 10 de junio de 1995.\u00a0Estudi\u00f3 filosof\u00eda y teolog\u00eda en el Instituto Superior de Estudios Teol\u00f3gicos Juan XXIII de Lima.<\/p>\n<p>Ocup\u00f3 los siguientes cargos: de 1996 a 2000, p\u00e1rroco de Santa Ana de Dekoa, di\u00f3cesis de Kaga-Bandoro, Rep\u00fablica Centroafricana; de 2001 a 2007, formador de postulantes combonianos en Bangui, Rep\u00fablica Centroafricana; de 2011 a 2016, superior provincial de los combonianos para Per\u00fa y Chile; y de 2012 a 2016, vicepresidente de la Conferencia de Superiores Mayores de Religiosos en Per\u00fa.<\/p>\n<p>Elegido obispo de Tarma el 25 de octubre de 2016, fue ordenado obispo el 18 de diciembre siguiente.<\/p>\n","protected":false},"excerpt":{"rendered":"<p>Mons. Luis Alberto Barrera Pacheco<\/p>\n","protected":false},"author":15,"featured_media":12190,"comment_status":"closed","ping_status":"closed","sticky":false,"template":"","format":"standard","meta":{"_acf_changed":false,"_crdt_document":"","inline_featured_image":false,"footnotes":""},"categories":[86],"tags":[1764,292,158,945],"class_list":["post-12187","post","type-post","status-publish","format-standard","has-post-thumbnail","hentry","category-iglesia-local","tag-diocesis-de-callao","tag-nombramiento","tag-papa-francisco","tag-peru"],"acf":[],"yoast_head":"<!-- This site is optimized with the Yoast SEO plugin v27.5 - https:\/\/yoast.com\/product\/yoast-seo-wordpress\/ -->\n<title>Per\u00fa: El Papa nombra al obispo de Callao &#8211; Exaudi<\/title>\n<meta name=\"description\" content=\"El Papa ha nombrado obispo de la di\u00f3cesis del Callao, Per\u00fa, a Mons. Luis Alberto Barrera Pacheco, traslad\u00e1ndolo desde la di\u00f3cesis de Tarma.\" \/>\n<meta name=\"robots\" content=\"index, follow, max-snippet:-1, max-image-preview:large, max-video-preview:-1\" \/>\n<link rel=\"canonical\" href=\"https:\/\/exaudi.org\/es\/peru-papa-nombra-obispo-callao-2021\/\" \/>\n<meta property=\"og:locale\" content=\"es_ES\" \/>\n<meta property=\"og:type\" content=\"article\" \/>\n<meta property=\"og:title\" content=\"Per\u00fa: El Papa nombra al obispo de Callao &#8211; Exaudi\" \/>\n<meta property=\"og:description\" content=\"El Papa ha nombrado obispo de la di\u00f3cesis del Callao, Per\u00fa, a Mons. Luis Alberto Barrera Pacheco, traslad\u00e1ndolo desde la di\u00f3cesis de Tarma.\" \/>\n<meta property=\"og:url\" content=\"https:\/\/exaudi.org\/es\/peru-papa-nombra-obispo-callao-2021\/\" \/>\n<meta property=\"og:site_name\" content=\"Exaudi\" \/>\n<meta property=\"article:publisher\" content=\"https:\/\/www.facebook.com\/ExaudiNews\" \/>\n<meta property=\"article:author\" content=\"https:\/\/www.facebook.com\/ExaudiNoticias\/\" \/>\n<meta property=\"article:published_time\" content=\"2021-04-19T08:34:40+00:00\" \/>\n<meta property=\"article:modified_time\" content=\"2021-04-19T14:15:16+00:00\" \/>\n<meta property=\"og:image\" content=\"https:\/\/exaudi.org\/wp-content\/uploads\/2021\/04\/tarma-1024x683-1.jpg\" \/>\n\t<meta property=\"og:image:width\" content=\"1024\" \/>\n\t<meta property=\"og:image:height\" content=\"683\" \/>\n\t<meta property=\"og:image:type\" content=\"image\/jpeg\" \/>\n<meta name=\"author\" content=\"Exaudi Redacci\u00f3n\" \/>\n<meta name=\"twitter:card\" content=\"summary_large_image\" \/>\n<meta name=\"twitter:creator\" content=\"@Exaudi_noticias\" \/>\n<meta name=\"twitter:site\" content=\"@Exaudi_News\" \/>\n<meta name=\"twitter:label1\" content=\"Escrito por\" \/>\n\t<meta name=\"twitter:data1\" content=\"Exaudi Redacci\u00f3n\" \/>\n\t<meta name=\"twitter:label2\" content=\"Tiempo de lectura\" \/>\n\t<meta name=\"twitter:data2\" content=\"1 minuto\" \/>\n<script type=\"application\/ld+json\" class=\"yoast-schema-graph\">{\"@context\":\"https:\\\/\\\/schema.org\",\"@graph\":[{\"@type\":\"Article\",\"@id\":\"https:\\\/\\\/exaudi.org\\\/es\\\/peru-papa-nombra-obispo-callao-2021\\\/#article\",\"isPartOf\":{\"@id\":\"https:\\\/\\\/exaudi.org\\\/es\\\/peru-papa-nombra-obispo-callao-2021\\\/\"},\"author\":{\"name\":\"Exaudi Redacci\u00f3n\",\"@id\":\"https:\\\/\\\/exaudi.org\\\/#\\\/schema\\\/person\\\/f5fc8f063065e38742da7afe15f25df7\"},\"headline\":\"Per\u00fa: El Papa nombra al obispo de Callao\",\"datePublished\":\"2021-04-19T08:34:40+00:00\",\"dateModified\":\"2021-04-19T14:15:16+00:00\",\"mainEntityOfPage\":{\"@id\":\"https:\\\/\\\/exaudi.org\\\/es\\\/peru-papa-nombra-obispo-callao-2021\\\/\"},\"wordCount\":177,\"image\":{\"@id\":\"https:\\\/\\\/exaudi.org\\\/es\\\/peru-papa-nombra-obispo-callao-2021\\\/#primaryimage\"},\"thumbnailUrl\":\"https:\\\/\\\/exaudi.org\\\/wp-content\\\/uploads\\\/2021\\\/04\\\/tarma-1024x683-1.jpg\",\"keywords\":[\"Di\u00f3cesis de Callao\",\"Nombramiento\",\"papa francisco\",\"Per\u00fa\"],\"articleSection\":[\"Iglesia Local\"],\"inLanguage\":\"es\"},{\"@type\":\"WebPage\",\"@id\":\"https:\\\/\\\/exaudi.org\\\/es\\\/peru-papa-nombra-obispo-callao-2021\\\/\",\"url\":\"https:\\\/\\\/exaudi.org\\\/es\\\/peru-papa-nombra-obispo-callao-2021\\\/\",\"name\":\"Per\u00fa: El Papa nombra al obispo de Callao &#8211; Exaudi\",\"isPartOf\":{\"@id\":\"https:\\\/\\\/exaudi.org\\\/#website\"},\"primaryImageOfPage\":{\"@id\":\"https:\\\/\\\/exaudi.org\\\/es\\\/peru-papa-nombra-obispo-callao-2021\\\/#primaryimage\"},\"image\":{\"@id\":\"https:\\\/\\\/exaudi.org\\\/es\\\/peru-papa-nombra-obispo-callao-2021\\\/#primaryimage\"},\"thumbnailUrl\":\"https:\\\/\\\/exaudi.org\\\/wp-content\\\/uploads\\\/2021\\\/04\\\/tarma-1024x683-1.jpg\",\"datePublished\":\"2021-04-19T08:34:40+00:00\",\"dateModified\":\"2021-04-19T14:15:16+00:00\",\"author\":{\"@id\":\"https:\\\/\\\/exaudi.org\\\/#\\\/schema\\\/person\\\/f5fc8f063065e38742da7afe15f25df7\"},\"description\":\"El Papa ha nombrado obispo de la di\u00f3cesis del Callao, Per\u00fa, a Mons. Luis Alberto Barrera Pacheco, traslad\u00e1ndolo desde la di\u00f3cesis de Tarma.\",\"breadcrumb\":{\"@id\":\"https:\\\/\\\/exaudi.org\\\/es\\\/peru-papa-nombra-obispo-callao-2021\\\/#breadcrumb\"},\"inLanguage\":\"es\",\"potentialAction\":[{\"@type\":\"ReadAction\",\"target\":[\"https:\\\/\\\/exaudi.org\\\/es\\\/peru-papa-nombra-obispo-callao-2021\\\/\"]}]},{\"@type\":\"ImageObject\",\"inLanguage\":\"es\",\"@id\":\"https:\\\/\\\/exaudi.org\\\/es\\\/peru-papa-nombra-obispo-callao-2021\\\/#primaryimage\",\"url\":\"https:\\\/\\\/exaudi.org\\\/wp-content\\\/uploads\\\/2021\\\/04\\\/tarma-1024x683-1.jpg\",\"contentUrl\":\"https:\\\/\\\/exaudi.org\\\/wp-content\\\/uploads\\\/2021\\\/04\\\/tarma-1024x683-1.jpg\",\"width\":1024,\"height\":683,\"caption\":\"Mons. Luis Alberto Barrera Pacheco \u00a9 Conferencia Episcopal de Per\u00fa\"},{\"@type\":\"BreadcrumbList\",\"@id\":\"https:\\\/\\\/exaudi.org\\\/es\\\/peru-papa-nombra-obispo-callao-2021\\\/#breadcrumb\",\"itemListElement\":[{\"@type\":\"ListItem\",\"position\":1,\"name\":\"Portada\",\"item\":\"https:\\\/\\\/exaudi.org\\\/es\\\/\"},{\"@type\":\"ListItem\",\"position\":2,\"name\":\"Per\u00fa: El Papa nombra al obispo de Callao\"}]},{\"@type\":\"WebSite\",\"@id\":\"https:\\\/\\\/exaudi.org\\\/#website\",\"url\":\"https:\\\/\\\/exaudi.org\\\/\",\"name\":\"Exaudi\",\"description\":\"News\",\"potentialAction\":[{\"@type\":\"SearchAction\",\"target\":{\"@type\":\"EntryPoint\",\"urlTemplate\":\"https:\\\/\\\/exaudi.org\\\/?s={search_term_string}\"},\"query-input\":{\"@type\":\"PropertyValueSpecification\",\"valueRequired\":true,\"valueName\":\"search_term_string\"}}],\"inLanguage\":\"es\"},{\"@type\":\"Person\",\"@id\":\"https:\\\/\\\/exaudi.org\\\/#\\\/schema\\\/person\\\/f5fc8f063065e38742da7afe15f25df7\",\"name\":\"Exaudi Redacci\u00f3n\",\"image\":{\"@type\":\"ImageObject\",\"inLanguage\":\"es\",\"@id\":\"https:\\\/\\\/secure.gravatar.com\\\/avatar\\\/fe0f6a059fb68d9b3e11bc5850dd4899b1c7492091a3cb6dd9b01b56ad828be2?s=96&d=mm&r=g\",\"url\":\"https:\\\/\\\/secure.gravatar.com\\\/avatar\\\/fe0f6a059fb68d9b3e11bc5850dd4899b1c7492091a3cb6dd9b01b56ad828be2?s=96&d=mm&r=g\",\"contentUrl\":\"https:\\\/\\\/secure.gravatar.com\\\/avatar\\\/fe0f6a059fb68d9b3e11bc5850dd4899b1c7492091a3cb6dd9b01b56ad828be2?s=96&d=mm&r=g\",\"caption\":\"Exaudi Redacci\u00f3n\"},\"description\":\"\u00bfQu\u00e9 es Exaudi News? Exaudi News es un medio de comunicaci\u00f3n cat\u00f3lico internacional que informa, forma y transforma, diariamente en espa\u00f1ol, ingl\u00e9s e italiano. A trav\u00e9s de noticias, art\u00edculos de an\u00e1lisis y transmisiones en directo de los eventos del Papa, Exaudi busca fortalecer la unidad de los cristianos y contribuir a la evangelizaci\u00f3n del mundo, siempre guiados por la doctrina social de la Iglesia. Trabajamos para acercar la verdad y los valores cristianos a cada rinc\u00f3n del planeta. \u00a1Ay\u00fadanos a transformar el mundo con Exaudi! En Exaudi creemos que la evangelizaci\u00f3n y la informaci\u00f3n de calidad pueden cambiar vidas. Para continuar con nuestra misi\u00f3n y expandir nuestro alcance, necesitamos tu ayuda. Adem\u00e1s, buscamos personas comprometidas que deseen unirse a nuestro equipo. Con tu apoyo, lograremos llegar a m\u00e1s personas, difundir el mensaje de Cristo y reforzar la unidad de los cristianos. \u00bfTe unes a nuestra misi\u00f3n? Para m\u00e1s informaci\u00f3n sobre c\u00f3mo colaborar, visita Exaudi.org\\\/es o cont\u00e1ctanos directamente: info@exaudi.org Exaudi: Informa, forma y transforma.\",\"sameAs\":[\"https:\\\/\\\/www.facebook.com\\\/ExaudiNoticias\\\/\",\"https:\\\/\\\/www.instagram.com\\\/exaudi_noticias\\\/\",\"https:\\\/\\\/x.com\\\/Exaudi_noticias\",\"https:\\\/\\\/www.youtube.com\\\/@exaudicatholicnews\"],\"url\":\"https:\\\/\\\/exaudi.org\\\/es\\\/author\\\/redaccionexaudi\\\/\"}]}<\/script>\n<!-- \/ Yoast SEO plugin. -->","yoast_head_json":{"title":"Per\u00fa: El Papa nombra al obispo de Callao &#8211; Exaudi","description":"El Papa ha nombrado obispo de la di\u00f3cesis del Callao, Per\u00fa, a Mons. Luis Alberto Barrera Pacheco, traslad\u00e1ndolo desde la di\u00f3cesis de Tarma.","robots":{"index":"index","follow":"follow","max-snippet":"max-snippet:-1","max-image-preview":"max-image-preview:large","max-video-preview":"max-video-preview:-1"},"canonical":"https:\/\/exaudi.org\/es\/peru-papa-nombra-obispo-callao-2021\/","og_locale":"es_ES","og_type":"article","og_title":"Per\u00fa: El Papa nombra al obispo de Callao &#8211; Exaudi","og_description":"El Papa ha nombrado obispo de la di\u00f3cesis del Callao, Per\u00fa, a Mons. Luis Alberto Barrera Pacheco, traslad\u00e1ndolo desde la di\u00f3cesis de Tarma.","og_url":"https:\/\/exaudi.org\/es\/peru-papa-nombra-obispo-callao-2021\/","og_site_name":"Exaudi","article_publisher":"https:\/\/www.facebook.com\/ExaudiNews","article_author":"https:\/\/www.facebook.com\/ExaudiNoticias\/","article_published_time":"2021-04-19T08:34:40+00:00","article_modified_time":"2021-04-19T14:15:16+00:00","og_image":[{"width":1024,"height":683,"url":"https:\/\/exaudi.org\/wp-content\/uploads\/2021\/04\/tarma-1024x683-1.jpg","type":"image\/jpeg"}],"author":"Exaudi Redacci\u00f3n","twitter_card":"summary_large_image","twitter_creator":"@Exaudi_noticias","twitter_site":"@Exaudi_News","twitter_misc":{"Escrito por":"Exaudi Redacci\u00f3n","Tiempo de lectura":"1 minuto"},"schema":{"@context":"https:\/\/schema.org","@graph":[{"@type":"Article","@id":"https:\/\/exaudi.org\/es\/peru-papa-nombra-obispo-callao-2021\/#article","isPartOf":{"@id":"https:\/\/exaudi.org\/es\/peru-papa-nombra-obispo-callao-2021\/"},"author":{"name":"Exaudi Redacci\u00f3n","@id":"https:\/\/exaudi.org\/#\/schema\/person\/f5fc8f063065e38742da7afe15f25df7"},"headline":"Per\u00fa: El Papa nombra al obispo de Callao","datePublished":"2021-04-19T08:34:40+00:00","dateModified":"2021-04-19T14:15:16+00:00","mainEntityOfPage":{"@id":"https:\/\/exaudi.org\/es\/peru-papa-nombra-obispo-callao-2021\/"},"wordCount":177,"image":{"@id":"https:\/\/exaudi.org\/es\/peru-papa-nombra-obispo-callao-2021\/#primaryimage"},"thumbnailUrl":"https:\/\/exaudi.org\/wp-content\/uploads\/2021\/04\/tarma-1024x683-1.jpg","keywords":["Di\u00f3cesis de Callao","Nombramiento","papa francisco","Per\u00fa"],"articleSection":["Iglesia Local"],"inLanguage":"es"},{"@type":"WebPage","@id":"https:\/\/exaudi.org\/es\/peru-papa-nombra-obispo-callao-2021\/","url":"https:\/\/exaudi.org\/es\/peru-papa-nombra-obispo-callao-2021\/","name":"Per\u00fa: El Papa nombra al obispo de Callao &#8211; Exaudi","isPartOf":{"@id":"https:\/\/exaudi.org\/#website"},"primaryImageOfPage":{"@id":"https:\/\/exaudi.org\/es\/peru-papa-nombra-obispo-callao-2021\/#primaryimage"},"image":{"@id":"https:\/\/exaudi.org\/es\/peru-papa-nombra-obispo-callao-2021\/#primaryimage"},"thumbnailUrl":"https:\/\/exaudi.org\/wp-content\/uploads\/2021\/04\/tarma-1024x683-1.jpg","datePublished":"2021-04-19T08:34:40+00:00","dateModified":"2021-04-19T14:15:16+00:00","author":{"@id":"https:\/\/exaudi.org\/#\/schema\/person\/f5fc8f063065e38742da7afe15f25df7"},"description":"El Papa ha nombrado obispo de la di\u00f3cesis del Callao, Per\u00fa, a Mons. Luis Alberto Barrera Pacheco, traslad\u00e1ndolo desde la di\u00f3cesis de Tarma.","breadcrumb":{"@id":"https:\/\/exaudi.org\/es\/peru-papa-nombra-obispo-callao-2021\/#breadcrumb"},"inLanguage":"es","potentialAction":[{"@type":"ReadAction","target":["https:\/\/exaudi.org\/es\/peru-papa-nombra-obispo-callao-2021\/"]}]},{"@type":"ImageObject","inLanguage":"es","@id":"https:\/\/exaudi.org\/es\/peru-papa-nombra-obispo-callao-2021\/#primaryimage","url":"https:\/\/exaudi.org\/wp-content\/uploads\/2021\/04\/tarma-1024x683-1.jpg","contentUrl":"https:\/\/exaudi.org\/wp-content\/uploads\/2021\/04\/tarma-1024x683-1.jpg","width":1024,"height":683,"caption":"Mons. Luis Alberto Barrera Pacheco \u00a9 Conferencia Episcopal de Per\u00fa"},{"@type":"BreadcrumbList","@id":"https:\/\/exaudi.org\/es\/peru-papa-nombra-obispo-callao-2021\/#breadcrumb","itemListElement":[{"@type":"ListItem","position":1,"name":"Portada","item":"https:\/\/exaudi.org\/es\/"},{"@type":"ListItem","position":2,"name":"Per\u00fa: El Papa nombra al obispo de Callao"}]},{"@type":"WebSite","@id":"https:\/\/exaudi.org\/#website","url":"https:\/\/exaudi.org\/","name":"Exaudi","description":"News","potentialAction":[{"@type":"SearchAction","target":{"@type":"EntryPoint","urlTemplate":"https:\/\/exaudi.org\/?s={search_term_string}"},"query-input":{"@type":"PropertyValueSpecification","valueRequired":true,"valueName":"search_term_string"}}],"inLanguage":"es"},{"@type":"Person","@id":"https:\/\/exaudi.org\/#\/schema\/person\/f5fc8f063065e38742da7afe15f25df7","name":"Exaudi Redacci\u00f3n","image":{"@type":"ImageObject","inLanguage":"es","@id":"https:\/\/secure.gravatar.com\/avatar\/fe0f6a059fb68d9b3e11bc5850dd4899b1c7492091a3cb6dd9b01b56ad828be2?s=96&d=mm&r=g","url":"https:\/\/secure.gravatar.com\/avatar\/fe0f6a059fb68d9b3e11bc5850dd4899b1c7492091a3cb6dd9b01b56ad828be2?s=96&d=mm&r=g","contentUrl":"https:\/\/secure.gravatar.com\/avatar\/fe0f6a059fb68d9b3e11bc5850dd4899b1c7492091a3cb6dd9b01b56ad828be2?s=96&d=mm&r=g","caption":"Exaudi Redacci\u00f3n"},"description":"\u00bfQu\u00e9 es Exaudi News? Exaudi News es un medio de comunicaci\u00f3n cat\u00f3lico internacional que informa, forma y transforma, diariamente en espa\u00f1ol, ingl\u00e9s e italiano. A trav\u00e9s de noticias, art\u00edculos de an\u00e1lisis y transmisiones en directo de los eventos del Papa, Exaudi busca fortalecer la unidad de los cristianos y contribuir a la evangelizaci\u00f3n del mundo, siempre guiados por la doctrina social de la Iglesia. Trabajamos para acercar la verdad y los valores cristianos a cada rinc\u00f3n del planeta. \u00a1Ay\u00fadanos a transformar el mundo con Exaudi! En Exaudi creemos que la evangelizaci\u00f3n y la informaci\u00f3n de calidad pueden cambiar vidas. Para continuar con nuestra misi\u00f3n y expandir nuestro alcance, necesitamos tu ayuda. Adem\u00e1s, buscamos personas comprometidas que deseen unirse a nuestro equipo. Con tu apoyo, lograremos llegar a m\u00e1s personas, difundir el mensaje de Cristo y reforzar la unidad de los cristianos. \u00bfTe unes a nuestra misi\u00f3n? Para m\u00e1s informaci\u00f3n sobre c\u00f3mo colaborar, visita Exaudi.org\/es o cont\u00e1ctanos directamente: info@exaudi.org Exaudi: Informa, forma y transforma.","sameAs":["https:\/\/www.facebook.com\/ExaudiNoticias\/","https:\/\/www.instagram.com\/exaudi_noticias\/","https:\/\/x.com\/Exaudi_noticias","https:\/\/www.youtube.com\/@exaudicatholicnews"],"url":"https:\/\/exaudi.org\/es\/author\/redaccionexaudi\/"}]}},"jetpack_featured_media_url":"https:\/\/exaudi.org\/wp-content\/uploads\/2021\/04\/tarma-1024x683-1.jpg","jetpack_shortlink":"https:\/\/wp.me\/pgKjF2-3az","_links":{"self":[{"href":"https:\/\/exaudi.org\/es\/wp-json\/wp\/v2\/posts\/12187","targetHints":{"allow":["GET"]}}],"collection":[{"href":"https:\/\/exaudi.org\/es\/wp-json\/wp\/v2\/posts"}],"about":[{"href":"https:\/\/exaudi.org\/es\/wp-json\/wp\/v2\/types\/post"}],"author":[{"embeddable":true,"href":"https:\/\/exaudi.org\/es\/wp-json\/wp\/v2\/users\/15"}],"replies":[{"embeddable":true,"href":"https:\/\/exaudi.org\/es\/wp-json\/wp\/v2\/comments?post=12187"}],"version-history":[{"count":0,"href":"https:\/\/exaudi.org\/es\/wp-json\/wp\/v2\/posts\/12187\/revisions"}],"wp:featuredmedia":[{"embeddable":true,"href":"https:\/\/exaudi.org\/es\/wp-json\/wp\/v2\/media\/12190"}],"wp:attachment":[{"href":"https:\/\/exaudi.org\/es\/wp-json\/wp\/v2\/media?parent=12187"}],"wp:term":[{"taxonomy":"category","embeddable":true,"href":"https:\/\/exaudi.org\/es\/wp-json\/wp\/v2\/categories?post=12187"},{"taxonomy":"post_tag","embeddable":true,"href":"https:\/\/exaudi.org\/es\/wp-json\/wp\/v2\/tags?post=12187"}],"curies":[{"name":"wp","href":"https:\/\/api.w.org\/{rel}","templated":true}]}}