{"id":121735,"date":"2025-03-21T08:30:41","date_gmt":"2025-03-21T07:30:41","guid":{"rendered":"https:\/\/exaudi.org\/?p=121735"},"modified":"2025-03-20T12:54:39","modified_gmt":"2025-03-20T11:54:39","slug":"el-impacto-del-divorcio-en-los-hijos-una-mirada-desde-la-fe","status":"publish","type":"post","link":"https:\/\/exaudi.org\/es\/el-impacto-del-divorcio-en-los-hijos-una-mirada-desde-la-fe\/","title":{"rendered":"El Impacto del Divorcio en los Hijos: Una Mirada desde la Fe"},"content":{"rendered":"<p data-start=\"230\" data-end=\"672\">El divorcio de los padres es uno de los acontecimientos m\u00e1s dolorosos y confusos que un ni\u00f1o puede enfrentar. La separaci\u00f3n de la familia no solo altera su entorno f\u00edsico, sino que tambi\u00e9n afecta profundamente su bienestar emocional, psicol\u00f3gico y espiritual. Para una mirada cristiana sobre el impacto del divorcio, es esencial considerar la naturaleza humana creada por Dios y c\u00f3mo el amor y la unidad familiar son reflejos del amor divino.<\/p>\n<p><iframe title=\"Spotify Embed: El Impacto del Divorcio en los Hijos: Una Mirada desde la Fe\" style=\"border-radius: 12px\" width=\"100%\" height=\"152\" frameborder=\"0\" allowfullscreen allow=\"autoplay; clipboard-write; encrypted-media; fullscreen; picture-in-picture\" loading=\"lazy\" src=\"https:\/\/open.spotify.com\/embed\/episode\/668JMv4bxiTXC1MUwN1gFa?si=fabbfc7a315b41b1&#038;utm_source=oembed\"><\/iframe><\/p>\n<h3 data-start=\"674\" data-end=\"726\"><strong>El impacto emocional del divorcio en los ni\u00f1os<\/strong><\/h3>\n<p data-start=\"727\" data-end=\"1159\">Desde la perspectiva cat\u00f3lica, el matrimonio es un sacramento que refleja la uni\u00f3n entre Cristo y la Iglesia. Por ello, la ruptura de esta uni\u00f3n no solo afecta a los padres, sino tambi\u00e9n a los hijos, quienes, sin comprender completamente los motivos de la separaci\u00f3n, experimentan una p\u00e9rdida profunda. La inseguridad, el miedo y la tristeza son solo algunos de los sentimientos m\u00e1s comunes que atraviesan los ni\u00f1os en este proceso.<\/p>\n<p data-start=\"1161\" data-end=\"1564\">Diversos estudios psicol\u00f3gicos y pastorales muestran que los hijos de padres divorciados pueden enfrentar problemas como la baja autoestima, dificultades en la adaptaci\u00f3n social, y una mayor tendencia a experimentar ansiedad y depresi\u00f3n. Es crucial tener en cuenta que, para los ni\u00f1os, el divorcio puede interpretarse como una p\u00e9rdida de estabilidad y protecci\u00f3n, dos elementos vitales en su desarrollo.<\/p>\n<h3 data-start=\"1566\" data-end=\"1608\"><strong>La visi\u00f3n de la fe sobre el divorcio<\/strong><\/h3>\n<p data-start=\"1609\" data-end=\"1951\">La Iglesia Cat\u00f3lica, reconociendo la gravedad del divorcio, anima a las familias a buscar la reconciliaci\u00f3n siempre que sea posible, pero tambi\u00e9n ofrece consuelo a aquellos que atraviesan esta experiencia dolorosa. La fe ense\u00f1a que, aunque el divorcio sea una herida para la familia, la misericordia y el amor de Dios son fuentes de sanaci\u00f3n.<\/p>\n<p data-start=\"1953\" data-end=\"2278\">El Papa Francisco ha subrayado en numerosas ocasiones la importancia de acompa\u00f1ar a las personas en crisis familiares con una actitud pastoral de cercan\u00eda, comprensi\u00f3n y esperanza. La Iglesia no condena a los padres divorciados, sino que los invita a encontrar la gracia de Dios y la fortaleza necesaria para seguir adelante.<\/p>\n<h3 data-start=\"2280\" data-end=\"2337\"><strong>C\u00f3mo ayudar a los ni\u00f1os a sobrellevar la separaci\u00f3n<\/strong><\/h3>\n<p data-start=\"2338\" data-end=\"2567\">El acompa\u00f1amiento espiritual y emocional es fundamental para que los ni\u00f1os puedan enfrentar la separaci\u00f3n de sus padres. A continuaci\u00f3n, se presentan algunas formas en las que los padres y la comunidad cristiana pueden ayudarles:<\/p>\n<ol data-start=\"2569\" data-end=\"4238\">\n<li data-start=\"2569\" data-end=\"2871\">\n<p data-start=\"2572\" data-end=\"2871\"><strong data-start=\"2572\" data-end=\"2601\">Escucha activa y empat\u00eda:<\/strong> Los ni\u00f1os necesitan sentir que pueden expresarse sin ser juzgados. Es importante que los padres y las figuras de autoridad en la Iglesia ofrezcan un espacio seguro para que los ni\u00f1os puedan hablar de sus emociones. A veces, una simple escucha puede aliviar mucho dolor.<\/p>\n<\/li>\n<li data-start=\"2873\" data-end=\"3168\">\n<p data-start=\"2876\" data-end=\"3168\"><strong data-start=\"2876\" data-end=\"2916\">Reafirmaci\u00f3n del amor incondicional:<\/strong> Aunque los padres no vivan juntos, es vital que los ni\u00f1os sientan que son amados de manera incondicional. Esto puede incluir recordatorios frecuentes de que su valor no depende de la relaci\u00f3n de los padres y que siempre est\u00e1n siendo cuidados por Dios.<\/p>\n<\/li>\n<li data-start=\"3170\" data-end=\"3621\">\n<p data-start=\"3173\" data-end=\"3621\"><strong data-start=\"3173\" data-end=\"3213\">Oraci\u00f3n y acompa\u00f1amiento espiritual:<\/strong> La fe puede ser una fuente poderosa de consuelo en momentos de crisis. Es importante que los ni\u00f1os mantengan su relaci\u00f3n con Dios, y la oraci\u00f3n en familia puede ser una herramienta fundamental para sanar el coraz\u00f3n. En muchas ocasiones, los sacerdotes y consejeros espirituales pueden ofrecer un acompa\u00f1amiento personalizado que ayude a los ni\u00f1os a interpretar sus emociones desde una perspectiva cristiana.<\/p>\n<\/li>\n<li data-start=\"3623\" data-end=\"3976\">\n<p data-start=\"3626\" data-end=\"3976\"><strong data-start=\"3626\" data-end=\"3664\">Fomentar la estabilidad y rutinas:<\/strong> Aunque el entorno familiar cambie, la estabilidad en otros aspectos de la vida del ni\u00f1o, como las rutinas diarias y la asistencia a la escuela, puede ayudar a restaurar un sentido de normalidad. La presencia constante de una figura amorosa y segura es clave para minimizar el impacto emocional de la separaci\u00f3n.<\/p>\n<\/li>\n<li data-start=\"3978\" data-end=\"4238\">\n<p data-start=\"3981\" data-end=\"4238\"><strong data-start=\"3981\" data-end=\"4012\">Terapia emocional adecuada:<\/strong> El acompa\u00f1amiento emocional por parte de profesionales capacitados puede ser crucial. La terapia infantil, junto con el apoyo pastoral, puede ofrecer a los ni\u00f1os herramientas para manejar sus sentimientos de manera saludable.<\/p>\n<\/li>\n<\/ol>\n<h3 data-start=\"4240\" data-end=\"4285\"><strong>La importancia del testimonio cristiano<\/strong><\/h3>\n<p data-start=\"4286\" data-end=\"4681\">Adem\u00e1s del acompa\u00f1amiento directo a los ni\u00f1os, es fundamental que los adultos a su alrededor ofrezcan un testimonio cristiano. El amor, la paciencia y la esperanza en Dios son virtudes que pueden transformar cualquier circunstancia. Los padres divorciados pueden convertirse en modelos de fe y resiliencia, mostrando a sus hijos que, incluso en las adversidades, Dios ofrece siempre su consuelo.<\/p>\n<p data-start=\"4683\" data-end=\"5056\">La fe cristiana ense\u00f1a que el sufrimiento, aunque doloroso, no es el fin. La esperanza en la vida eterna y el consuelo de Dios pueden dar un nuevo prop\u00f3sito y sentido a lo que parece ser una situaci\u00f3n irreversible. A trav\u00e9s de la oraci\u00f3n, el acompa\u00f1amiento espiritual y el amor incondicional, tanto los padres como los ni\u00f1os pueden encontrar la fuerza para seguir adelante.<\/p>\n<p data-start=\"5075\" data-end=\"5660\" data-is-last-node=\"\" data-is-only-node=\"\">El impacto del divorcio en los hijos es una realidad dolorosa que requiere del apoyo tanto emocional como espiritual. La Iglesia, a trav\u00e9s de su ense\u00f1anza y pastoral, ofrece un camino de sanaci\u00f3n que, aunque no elimine el sufrimiento, permite transformar la adversidad en una oportunidad para crecer en fe y esperanza. Como cristianos, estamos llamados a ser instrumentos de consuelo y sanaci\u00f3n para aquellos que atraviesan este doloroso proceso, especialmente cuando se trata de nuestros ni\u00f1os, quienes necesitan del amor y la cercan\u00eda de Dios en momentos de incertidumbre y tristeza.<\/p>\n<p data-start=\"5075\" data-end=\"5660\" data-is-last-node=\"\" data-is-only-node=\"\"><img loading=\"lazy\" decoding=\"async\" class=\"size-full wp-image-121739 alignnone\" src=\"https:\/\/exaudi.org\/wp-content\/uploads\/2025\/03\/Laetare-1.jpg\" alt=\"\" width=\"940\" height=\"788\" srcset=\"https:\/\/exaudi.org\/wp-content\/uploads\/2025\/03\/Laetare-1.jpg 940w, https:\/\/exaudi.org\/wp-content\/uploads\/2025\/03\/Laetare-1-300x251.jpg 300w, https:\/\/exaudi.org\/wp-content\/uploads\/2025\/03\/Laetare-1-770x645.jpg 770w, https:\/\/exaudi.org\/wp-content\/uploads\/2025\/03\/Laetare-1-500x419.jpg 500w\" sizes=\"auto, (max-width: 940px) 100vw, 940px\" \/><\/p>\n","protected":false},"excerpt":{"rendered":"<p>C\u00f3mo Ayudar a los Ni\u00f1os a Sobrellevar la Separaci\u00f3n de sus Padres con Acompa\u00f1amiento Espiritual y Emocional<\/p>\n","protected":false},"author":154,"featured_media":121736,"comment_status":"closed","ping_status":"closed","sticky":false,"template":"","format":"standard","meta":{"_acf_changed":false,"_crdt_document":"","inline_featured_image":false,"footnotes":""},"categories":[130],"tags":[8075,34030,26115,50229,50223,16881,50218,50225,27854,50222,41846,50226,50219,32946,50230,50221,45414,50228,4425,50224,50220,50227,4953],"class_list":["post-121735","post","type-post","status-publish","format-standard","has-post-thumbnail","hentry","category-voces","tag-acompanamiento-espiritual","tag-acompanamiento-pastoral","tag-apoyo-emocional","tag-apoyo-en-la-separacion","tag-como-ayudar-a-los-ninos","tag-consuelo-espiritual","tag-divorcio-en-los-hijos","tag-divorcio-y-familia","tag-familia-y-fe","tag-fe-cristiana-y-divorcio","tag-fe-en-tiempos-dificiles","tag-iglesia-y-divorcio","tag-impacto-del-divorcio","tag-laetare","tag-ninos-y-cambios-familiares","tag-ninos-y-divorcio","tag-oracion-y-familia","tag-padres-divorciados","tag-pastoral-familiar","tag-recuperacion-emocional","tag-separacion-de-padres","tag-terapia-infantil","tag-trending-es"],"acf":[],"yoast_head":"<!-- This site is optimized with the Yoast SEO plugin v27.4 - https:\/\/yoast.com\/product\/yoast-seo-wordpress\/ -->\n<title>El Impacto del Divorcio en los Hijos: Una Mirada desde la Fe &#8211; Exaudi<\/title>\n<meta name=\"robots\" content=\"index, follow, max-snippet:-1, max-image-preview:large, max-video-preview:-1\" \/>\n<link rel=\"canonical\" href=\"https:\/\/exaudi.org\/es\/el-impacto-del-divorcio-en-los-hijos-una-mirada-desde-la-fe\/\" \/>\n<meta property=\"og:locale\" content=\"es_ES\" \/>\n<meta property=\"og:type\" content=\"article\" \/>\n<meta property=\"og:title\" content=\"El Impacto del Divorcio en los Hijos: Una Mirada desde la Fe &#8211; Exaudi\" \/>\n<meta property=\"og:description\" content=\"C\u00f3mo Ayudar a los Ni\u00f1os a Sobrellevar la Separaci\u00f3n de sus Padres con Acompa\u00f1amiento Espiritual y Emocional\" \/>\n<meta property=\"og:url\" content=\"https:\/\/exaudi.org\/es\/el-impacto-del-divorcio-en-los-hijos-una-mirada-desde-la-fe\/\" \/>\n<meta property=\"og:site_name\" content=\"Exaudi\" \/>\n<meta property=\"article:publisher\" content=\"https:\/\/www.facebook.com\/ExaudiNews\" \/>\n<meta property=\"article:published_time\" content=\"2025-03-21T07:30:41+00:00\" \/>\n<meta property=\"og:image\" content=\"https:\/\/exaudi.org\/wp-content\/uploads\/2025\/03\/pexels-karolina-grabowska-6134926-scaled.jpg\" \/>\n\t<meta property=\"og:image:width\" content=\"2560\" \/>\n\t<meta property=\"og:image:height\" content=\"1707\" \/>\n\t<meta property=\"og:image:type\" content=\"image\/jpeg\" \/>\n<meta name=\"author\" content=\"Laetare\" \/>\n<meta name=\"twitter:card\" content=\"summary_large_image\" \/>\n<meta name=\"twitter:creator\" content=\"@Exaudi_News\" \/>\n<meta name=\"twitter:site\" content=\"@Exaudi_News\" \/>\n<meta name=\"twitter:label1\" content=\"Escrito por\" \/>\n\t<meta name=\"twitter:data1\" content=\"Laetare\" \/>\n\t<meta name=\"twitter:label2\" content=\"Tiempo de lectura\" \/>\n\t<meta name=\"twitter:data2\" content=\"5 minutos\" \/>\n<script type=\"application\/ld+json\" class=\"yoast-schema-graph\">{\"@context\":\"https:\\\/\\\/schema.org\",\"@graph\":[{\"@type\":\"Article\",\"@id\":\"https:\\\/\\\/exaudi.org\\\/es\\\/el-impacto-del-divorcio-en-los-hijos-una-mirada-desde-la-fe\\\/#article\",\"isPartOf\":{\"@id\":\"https:\\\/\\\/exaudi.org\\\/es\\\/el-impacto-del-divorcio-en-los-hijos-una-mirada-desde-la-fe\\\/\"},\"author\":{\"name\":\"Laetare\",\"@id\":\"https:\\\/\\\/exaudi.org\\\/#\\\/schema\\\/person\\\/b4f60770b050db60868378f3d473b3d4\"},\"headline\":\"El Impacto del Divorcio en los Hijos: Una Mirada desde la Fe\",\"datePublished\":\"2025-03-21T07:30:41+00:00\",\"mainEntityOfPage\":{\"@id\":\"https:\\\/\\\/exaudi.org\\\/es\\\/el-impacto-del-divorcio-en-los-hijos-una-mirada-desde-la-fe\\\/\"},\"wordCount\":944,\"image\":{\"@id\":\"https:\\\/\\\/exaudi.org\\\/es\\\/el-impacto-del-divorcio-en-los-hijos-una-mirada-desde-la-fe\\\/#primaryimage\"},\"thumbnailUrl\":\"https:\\\/\\\/exaudi.org\\\/wp-content\\\/uploads\\\/2025\\\/03\\\/pexels-karolina-grabowska-6134926-scaled.jpg\",\"keywords\":[\"acompa\u00f1amiento espiritual\",\"acompa\u00f1amiento pastoral\",\"apoyo emocional\",\"apoyo en la separaci\u00f3n\",\"c\u00f3mo ayudar a los ni\u00f1os\",\"consuelo espiritual\",\"divorcio en los hijos\",\"divorcio y familia\",\"familia y fe\",\"fe cristiana y divorcio\",\"fe en tiempos dif\u00edciles\",\"Iglesia y divorcio\",\"impacto del divorcio\",\"Laetare\",\"ni\u00f1os y cambios familiares\",\"ni\u00f1os y divorcio\",\"oraci\u00f3n y familia\",\"padres divorciados\",\"Pastoral familiar\",\"recuperaci\u00f3n emocional\",\"separaci\u00f3n de padres\",\"terapia infantil\",\"Trending\"],\"articleSection\":[\"Voces\"],\"inLanguage\":\"es\"},{\"@type\":\"WebPage\",\"@id\":\"https:\\\/\\\/exaudi.org\\\/es\\\/el-impacto-del-divorcio-en-los-hijos-una-mirada-desde-la-fe\\\/\",\"url\":\"https:\\\/\\\/exaudi.org\\\/es\\\/el-impacto-del-divorcio-en-los-hijos-una-mirada-desde-la-fe\\\/\",\"name\":\"El Impacto del Divorcio en los Hijos: Una Mirada desde la Fe &#8211; Exaudi\",\"isPartOf\":{\"@id\":\"https:\\\/\\\/exaudi.org\\\/#website\"},\"primaryImageOfPage\":{\"@id\":\"https:\\\/\\\/exaudi.org\\\/es\\\/el-impacto-del-divorcio-en-los-hijos-una-mirada-desde-la-fe\\\/#primaryimage\"},\"image\":{\"@id\":\"https:\\\/\\\/exaudi.org\\\/es\\\/el-impacto-del-divorcio-en-los-hijos-una-mirada-desde-la-fe\\\/#primaryimage\"},\"thumbnailUrl\":\"https:\\\/\\\/exaudi.org\\\/wp-content\\\/uploads\\\/2025\\\/03\\\/pexels-karolina-grabowska-6134926-scaled.jpg\",\"datePublished\":\"2025-03-21T07:30:41+00:00\",\"author\":{\"@id\":\"https:\\\/\\\/exaudi.org\\\/#\\\/schema\\\/person\\\/b4f60770b050db60868378f3d473b3d4\"},\"breadcrumb\":{\"@id\":\"https:\\\/\\\/exaudi.org\\\/es\\\/el-impacto-del-divorcio-en-los-hijos-una-mirada-desde-la-fe\\\/#breadcrumb\"},\"inLanguage\":\"es\",\"potentialAction\":[{\"@type\":\"ReadAction\",\"target\":[\"https:\\\/\\\/exaudi.org\\\/es\\\/el-impacto-del-divorcio-en-los-hijos-una-mirada-desde-la-fe\\\/\"]}]},{\"@type\":\"ImageObject\",\"inLanguage\":\"es\",\"@id\":\"https:\\\/\\\/exaudi.org\\\/es\\\/el-impacto-del-divorcio-en-los-hijos-una-mirada-desde-la-fe\\\/#primaryimage\",\"url\":\"https:\\\/\\\/exaudi.org\\\/wp-content\\\/uploads\\\/2025\\\/03\\\/pexels-karolina-grabowska-6134926-scaled.jpg\",\"contentUrl\":\"https:\\\/\\\/exaudi.org\\\/wp-content\\\/uploads\\\/2025\\\/03\\\/pexels-karolina-grabowska-6134926-scaled.jpg\",\"width\":2560,\"height\":1707,\"caption\":\"Pexels\"},{\"@type\":\"BreadcrumbList\",\"@id\":\"https:\\\/\\\/exaudi.org\\\/es\\\/el-impacto-del-divorcio-en-los-hijos-una-mirada-desde-la-fe\\\/#breadcrumb\",\"itemListElement\":[{\"@type\":\"ListItem\",\"position\":1,\"name\":\"Portada\",\"item\":\"https:\\\/\\\/exaudi.org\\\/es\\\/\"},{\"@type\":\"ListItem\",\"position\":2,\"name\":\"El Impacto del Divorcio en los Hijos: Una Mirada desde la Fe\"}]},{\"@type\":\"WebSite\",\"@id\":\"https:\\\/\\\/exaudi.org\\\/#website\",\"url\":\"https:\\\/\\\/exaudi.org\\\/\",\"name\":\"Exaudi\",\"description\":\"News\",\"potentialAction\":[{\"@type\":\"SearchAction\",\"target\":{\"@type\":\"EntryPoint\",\"urlTemplate\":\"https:\\\/\\\/exaudi.org\\\/?s={search_term_string}\"},\"query-input\":{\"@type\":\"PropertyValueSpecification\",\"valueRequired\":true,\"valueName\":\"search_term_string\"}}],\"inLanguage\":\"es\"},{\"@type\":\"Person\",\"@id\":\"https:\\\/\\\/exaudi.org\\\/#\\\/schema\\\/person\\\/b4f60770b050db60868378f3d473b3d4\",\"name\":\"Laetare\",\"image\":{\"@type\":\"ImageObject\",\"inLanguage\":\"es\",\"@id\":\"https:\\\/\\\/secure.gravatar.com\\\/avatar\\\/239ae5fc763d8bf7c26706d150679faa0bec9e2d51089775f40e9decb4806f15?s=96&d=mm&r=g\",\"url\":\"https:\\\/\\\/secure.gravatar.com\\\/avatar\\\/239ae5fc763d8bf7c26706d150679faa0bec9e2d51089775f40e9decb4806f15?s=96&d=mm&r=g\",\"contentUrl\":\"https:\\\/\\\/secure.gravatar.com\\\/avatar\\\/239ae5fc763d8bf7c26706d150679faa0bec9e2d51089775f40e9decb4806f15?s=96&d=mm&r=g\",\"caption\":\"Laetare\"},\"description\":\"Laetare es una asociaci\u00f3n fundada por Gabriel N\u00fa\u00f1ez, nacida en Sevilla con el prop\u00f3sito de defender y promover el desarrollo integral de la familia cristiana. Su actividad se organiza en cuatro ejes fundamentales: sensibilizar, orar, formar y servir. La asociaci\u00f3n trabaja en la preservaci\u00f3n de la familia como pilar de la sociedad, ofreciendo formaci\u00f3n especializada, retiros espirituales y apoyo integral a matrimonios en crisis, con un enfoque basado en la doctrina cat\u00f3lica y la acci\u00f3n comunitaria.\",\"url\":\"https:\\\/\\\/exaudi.org\\\/es\\\/author\\\/laetare\\\/\"}]}<\/script>\n<!-- \/ Yoast SEO plugin. -->","yoast_head_json":{"title":"El Impacto del Divorcio en los Hijos: Una Mirada desde la Fe &#8211; Exaudi","robots":{"index":"index","follow":"follow","max-snippet":"max-snippet:-1","max-image-preview":"max-image-preview:large","max-video-preview":"max-video-preview:-1"},"canonical":"https:\/\/exaudi.org\/es\/el-impacto-del-divorcio-en-los-hijos-una-mirada-desde-la-fe\/","og_locale":"es_ES","og_type":"article","og_title":"El Impacto del Divorcio en los Hijos: Una Mirada desde la Fe &#8211; Exaudi","og_description":"C\u00f3mo Ayudar a los Ni\u00f1os a Sobrellevar la Separaci\u00f3n de sus Padres con Acompa\u00f1amiento Espiritual y Emocional","og_url":"https:\/\/exaudi.org\/es\/el-impacto-del-divorcio-en-los-hijos-una-mirada-desde-la-fe\/","og_site_name":"Exaudi","article_publisher":"https:\/\/www.facebook.com\/ExaudiNews","article_published_time":"2025-03-21T07:30:41+00:00","og_image":[{"width":2560,"height":1707,"url":"https:\/\/exaudi.org\/wp-content\/uploads\/2025\/03\/pexels-karolina-grabowska-6134926-scaled.jpg","type":"image\/jpeg"}],"author":"Laetare","twitter_card":"summary_large_image","twitter_creator":"@Exaudi_News","twitter_site":"@Exaudi_News","twitter_misc":{"Escrito por":"Laetare","Tiempo de lectura":"5 minutos"},"schema":{"@context":"https:\/\/schema.org","@graph":[{"@type":"Article","@id":"https:\/\/exaudi.org\/es\/el-impacto-del-divorcio-en-los-hijos-una-mirada-desde-la-fe\/#article","isPartOf":{"@id":"https:\/\/exaudi.org\/es\/el-impacto-del-divorcio-en-los-hijos-una-mirada-desde-la-fe\/"},"author":{"name":"Laetare","@id":"https:\/\/exaudi.org\/#\/schema\/person\/b4f60770b050db60868378f3d473b3d4"},"headline":"El Impacto del Divorcio en los Hijos: Una Mirada desde la Fe","datePublished":"2025-03-21T07:30:41+00:00","mainEntityOfPage":{"@id":"https:\/\/exaudi.org\/es\/el-impacto-del-divorcio-en-los-hijos-una-mirada-desde-la-fe\/"},"wordCount":944,"image":{"@id":"https:\/\/exaudi.org\/es\/el-impacto-del-divorcio-en-los-hijos-una-mirada-desde-la-fe\/#primaryimage"},"thumbnailUrl":"https:\/\/exaudi.org\/wp-content\/uploads\/2025\/03\/pexels-karolina-grabowska-6134926-scaled.jpg","keywords":["acompa\u00f1amiento espiritual","acompa\u00f1amiento pastoral","apoyo emocional","apoyo en la separaci\u00f3n","c\u00f3mo ayudar a los ni\u00f1os","consuelo espiritual","divorcio en los hijos","divorcio y familia","familia y fe","fe cristiana y divorcio","fe en tiempos dif\u00edciles","Iglesia y divorcio","impacto del divorcio","Laetare","ni\u00f1os y cambios familiares","ni\u00f1os y divorcio","oraci\u00f3n y familia","padres divorciados","Pastoral familiar","recuperaci\u00f3n emocional","separaci\u00f3n de padres","terapia infantil","Trending"],"articleSection":["Voces"],"inLanguage":"es"},{"@type":"WebPage","@id":"https:\/\/exaudi.org\/es\/el-impacto-del-divorcio-en-los-hijos-una-mirada-desde-la-fe\/","url":"https:\/\/exaudi.org\/es\/el-impacto-del-divorcio-en-los-hijos-una-mirada-desde-la-fe\/","name":"El Impacto del Divorcio en los Hijos: Una Mirada desde la Fe &#8211; Exaudi","isPartOf":{"@id":"https:\/\/exaudi.org\/#website"},"primaryImageOfPage":{"@id":"https:\/\/exaudi.org\/es\/el-impacto-del-divorcio-en-los-hijos-una-mirada-desde-la-fe\/#primaryimage"},"image":{"@id":"https:\/\/exaudi.org\/es\/el-impacto-del-divorcio-en-los-hijos-una-mirada-desde-la-fe\/#primaryimage"},"thumbnailUrl":"https:\/\/exaudi.org\/wp-content\/uploads\/2025\/03\/pexels-karolina-grabowska-6134926-scaled.jpg","datePublished":"2025-03-21T07:30:41+00:00","author":{"@id":"https:\/\/exaudi.org\/#\/schema\/person\/b4f60770b050db60868378f3d473b3d4"},"breadcrumb":{"@id":"https:\/\/exaudi.org\/es\/el-impacto-del-divorcio-en-los-hijos-una-mirada-desde-la-fe\/#breadcrumb"},"inLanguage":"es","potentialAction":[{"@type":"ReadAction","target":["https:\/\/exaudi.org\/es\/el-impacto-del-divorcio-en-los-hijos-una-mirada-desde-la-fe\/"]}]},{"@type":"ImageObject","inLanguage":"es","@id":"https:\/\/exaudi.org\/es\/el-impacto-del-divorcio-en-los-hijos-una-mirada-desde-la-fe\/#primaryimage","url":"https:\/\/exaudi.org\/wp-content\/uploads\/2025\/03\/pexels-karolina-grabowska-6134926-scaled.jpg","contentUrl":"https:\/\/exaudi.org\/wp-content\/uploads\/2025\/03\/pexels-karolina-grabowska-6134926-scaled.jpg","width":2560,"height":1707,"caption":"Pexels"},{"@type":"BreadcrumbList","@id":"https:\/\/exaudi.org\/es\/el-impacto-del-divorcio-en-los-hijos-una-mirada-desde-la-fe\/#breadcrumb","itemListElement":[{"@type":"ListItem","position":1,"name":"Portada","item":"https:\/\/exaudi.org\/es\/"},{"@type":"ListItem","position":2,"name":"El Impacto del Divorcio en los Hijos: Una Mirada desde la Fe"}]},{"@type":"WebSite","@id":"https:\/\/exaudi.org\/#website","url":"https:\/\/exaudi.org\/","name":"Exaudi","description":"News","potentialAction":[{"@type":"SearchAction","target":{"@type":"EntryPoint","urlTemplate":"https:\/\/exaudi.org\/?s={search_term_string}"},"query-input":{"@type":"PropertyValueSpecification","valueRequired":true,"valueName":"search_term_string"}}],"inLanguage":"es"},{"@type":"Person","@id":"https:\/\/exaudi.org\/#\/schema\/person\/b4f60770b050db60868378f3d473b3d4","name":"Laetare","image":{"@type":"ImageObject","inLanguage":"es","@id":"https:\/\/secure.gravatar.com\/avatar\/239ae5fc763d8bf7c26706d150679faa0bec9e2d51089775f40e9decb4806f15?s=96&d=mm&r=g","url":"https:\/\/secure.gravatar.com\/avatar\/239ae5fc763d8bf7c26706d150679faa0bec9e2d51089775f40e9decb4806f15?s=96&d=mm&r=g","contentUrl":"https:\/\/secure.gravatar.com\/avatar\/239ae5fc763d8bf7c26706d150679faa0bec9e2d51089775f40e9decb4806f15?s=96&d=mm&r=g","caption":"Laetare"},"description":"Laetare es una asociaci\u00f3n fundada por Gabriel N\u00fa\u00f1ez, nacida en Sevilla con el prop\u00f3sito de defender y promover el desarrollo integral de la familia cristiana. Su actividad se organiza en cuatro ejes fundamentales: sensibilizar, orar, formar y servir. La asociaci\u00f3n trabaja en la preservaci\u00f3n de la familia como pilar de la sociedad, ofreciendo formaci\u00f3n especializada, retiros espirituales y apoyo integral a matrimonios en crisis, con un enfoque basado en la doctrina cat\u00f3lica y la acci\u00f3n comunitaria.","url":"https:\/\/exaudi.org\/es\/author\/laetare\/"}]}},"jetpack_featured_media_url":"https:\/\/exaudi.org\/wp-content\/uploads\/2025\/03\/pexels-karolina-grabowska-6134926-scaled.jpg","jetpack_shortlink":"https:\/\/wp.me\/pgKjF2-vFt","_links":{"self":[{"href":"https:\/\/exaudi.org\/es\/wp-json\/wp\/v2\/posts\/121735","targetHints":{"allow":["GET"]}}],"collection":[{"href":"https:\/\/exaudi.org\/es\/wp-json\/wp\/v2\/posts"}],"about":[{"href":"https:\/\/exaudi.org\/es\/wp-json\/wp\/v2\/types\/post"}],"author":[{"embeddable":true,"href":"https:\/\/exaudi.org\/es\/wp-json\/wp\/v2\/users\/154"}],"replies":[{"embeddable":true,"href":"https:\/\/exaudi.org\/es\/wp-json\/wp\/v2\/comments?post=121735"}],"version-history":[{"count":0,"href":"https:\/\/exaudi.org\/es\/wp-json\/wp\/v2\/posts\/121735\/revisions"}],"wp:featuredmedia":[{"embeddable":true,"href":"https:\/\/exaudi.org\/es\/wp-json\/wp\/v2\/media\/121736"}],"wp:attachment":[{"href":"https:\/\/exaudi.org\/es\/wp-json\/wp\/v2\/media?parent=121735"}],"wp:term":[{"taxonomy":"category","embeddable":true,"href":"https:\/\/exaudi.org\/es\/wp-json\/wp\/v2\/categories?post=121735"},{"taxonomy":"post_tag","embeddable":true,"href":"https:\/\/exaudi.org\/es\/wp-json\/wp\/v2\/tags?post=121735"}],"curies":[{"name":"wp","href":"https:\/\/api.w.org\/{rel}","templated":true}]}}