{"id":121589,"date":"2025-03-20T09:00:28","date_gmt":"2025-03-20T08:00:28","guid":{"rendered":"https:\/\/exaudi.org\/?p=121589"},"modified":"2025-03-19T09:55:19","modified_gmt":"2025-03-19T08:55:19","slug":"cardenal-arizmendi-desapariciones-y-exterminios","status":"publish","type":"post","link":"https:\/\/exaudi.org\/es\/cardenal-arizmendi-desapariciones-y-exterminios\/","title":{"rendered":"Cardenal Arizmendi: Desapariciones y Exterminios"},"content":{"rendered":"<p>El\u00a0<a href=\"https:\/\/exaudi.org\/es\/author\/felipearizmendi\/\">cardenal Felipe Arizmendi<\/a>, obispo em\u00e9rito de San Crist\u00f3bal de Las Casas y responsable de la Doctrina de la Fe en la\u00a0<a href=\"https:\/\/www.cem.org.mx\/\">Conferencia del Episcopado Mexicano (CEM)<\/a>, ofrece a los lectores de Exaudi su art\u00edculo semanal.<\/p>\n<p><iframe title=\"Spotify Embed: Cardenal Arizmendi: Desapariciones y Exterminios\" style=\"border-radius: 12px\" width=\"100%\" height=\"152\" frameborder=\"0\" allowfullscreen allow=\"autoplay; clipboard-write; encrypted-media; fullscreen; picture-in-picture\" loading=\"lazy\" src=\"https:\/\/open.spotify.com\/embed\/episode\/5o4k6Kv9NRRupsMtsEsp8x?si=cdd1f4d05d614b20&#038;utm_source=oembed\"><\/iframe><\/p>\n<h3><strong>HECHOS<\/strong><\/h3>\n<p>Estupor, indignaci\u00f3n, verg\u00fcenza y desconcierto ha causado el descubrimiento, hecho por <em>madres buscadoras de desaparecidos, <\/em>de un lugar cercano a Guadalajara donde se encontraron muchos restos humanos, al parecer algunos calcinados, as\u00ed como zapatos, tenis, mochilas y ropas de personas, en su mayor\u00eda j\u00f3venes, masacrados all\u00ed presuntamente por integrantes del c\u00e1rtel <em>Jalisco Nueva Generaci\u00f3n. <\/em>Era un campo donde se les reclutaba, atra\u00eddos dolosamente con promesas de un buen trabajo y buenos sueldos, pero los entrenaban para secuestrar, traficar drogas, extorsionar y matar; si no segu\u00edan todas las \u00f3rdenes criminales, los torturaban o eliminaban. \u00bfA tanto ha llegado la deshumanizaci\u00f3n? Esto sucede en Jalisco, Estado tradicionalmente considerado con uno de los m\u00e1s altos porcentajes de catolicismo, y el l\u00edder de ese c\u00e1rtel se considera cat\u00f3lico. \u00bfC\u00f3mo es posible esta contradicci\u00f3n? Lo que les mueve no es la fe ni el bien com\u00fan, sino el dinero, el negocio, el obtener ganancias a como d\u00e9 lugar, el poder, el uso de armas de grueso calibre, el dominio sobre otras personas. Son hijos de las tinieblas que usan su inteligencia no para hacer el bien, sino para da\u00f1ar y destruir. Como Iglesia, tambi\u00e9n nos cuestionamos en qu\u00e9 hemos fallado; pero esas personas no hacen caso a nuestra palabra, a nuestras catequesis, a nuestras exhortaciones.<\/p>\n<p>Este hecho no es aislado. Ha estado sucediendo desde tiempo atr\u00e1s en varias partes de nuestro pa\u00eds. Hace unos diez a\u00f1os, a un sobrino m\u00edo lo <em>levantaron<\/em> y se lo llevaron a la sierra de Guerrero, para cultivar droga. A \u00e9l y a otros los ten\u00edan como esclavos; les daban cualquier cosa de comer, los vigilaban con ametralladoras para que no se escaparan y los torturaban. Mi sobrino logr\u00f3 escapar, gracias a tantas oraciones que hicimos por su liberaci\u00f3n, y nos narr\u00f3 todo cuanto les hacen.<\/p>\n<p>Con menor o mayor sa\u00f1a criminal, en varios lugares aparecen cuerpos desmembrados, descabezados, cad\u00e1veres colgados en puentes, disueltos en \u00e1cido, arrojados en barrancas, asesinados a balazos, desaparecidos sin dejar rastro. \u00a1Cu\u00e1nta maldad! Se dice que, para que los reclutados lleguen a esos extremos, los drogan, los adoctrinan y los amenazan con que, si no lo hacen, los matan a ellos o a sus familias. \u00bfY nuestras autoridades? Se echan las culpas unos a otros. En el sexenio anterior, con el pretexto de no continuar la <em>guerra contra el narco, <\/em>implementaba en otro sexenio, se les dej\u00f3 con bastante libertad y tolerancia. Se adujo la estrategia de atender las causas de la violencia, ofrecer trabajo, estudio y apoyos econ\u00f3micos a los j\u00f3venes, pero crecieron mucho el crimen y la descomposici\u00f3n social. A pesar de estos resultados tan catastr\u00f3ficos, todav\u00eda hay quienes defienden esa estrategia, exculpan al gobernante anterior y siguen apoyando su causa.<\/p>\n<h3><strong>ILUMINACION<\/strong><\/h3>\n<p>El Concilio Vaticano II, en su Constituci\u00f3n sobre <em>La Iglesia en el mundo, <\/em>describe con realismo lo que sucede en la humanidad, pero ofrece a Jesucristo como camino, verdad y vida: <em>\u201cEl mundo moderno aparece a la vez poderoso y d\u00e9bil, capaz de lo mejor y de lo peor, pues tiene abierto el camino para optar entre la libertad o la esclavitud, entre el progreso o el retroceso, entre la fraternidad o el odio. El hombre sabe muy bien que est\u00e1 en su mano el dirigir correctamente las fuerzas que \u00e9l ha desencadenado, y que pueden aplastarle o servirle. <\/em><\/p>\n<p><em>Cree la Iglesia que Cristo, muerto y resucitado por todos, da al hombre su luz y su fuerza por el Esp\u00edritu Santo a fin de que pueda responder a su m\u00e1xima vocaci\u00f3n y que no ha sido dado bajo el cielo a la humanidad otro nombre en el que sea necesario salvarse. Bajo la luz de Cristo, imagen de Dios invisible, primog\u00e9nito de toda la creaci\u00f3n, el Concilio habla a todos para esclarecer el misterio del hombre y para cooperar en el hallazgo de soluciones que respondan a los principales problemas de nuestra \u00e9poca\u201d <\/em>(GS 9-10)<em>.<\/em><\/p>\n<p>El episcopado mexicano, por su parte, \u201c<em>expresa su profunda indignaci\u00f3n y dolor ante el reciente descubrimiento de un campo de entrenamiento y exterminio del crimen organizado. Este hallazgo constituye una de las expresiones m\u00e1s crueles de maldad y miseria humana que hemos presenciado en nuestro pa\u00eds. Como pastores de la Iglesia en M\u00e9xico:<\/em><\/p>\n<ol>\n<li><em> Denunciamos con profunda preocupaci\u00f3n que existan muchos lugares como este en nuestra naci\u00f3n, los cuales son sitios donde se han cometido los m\u00e1s graves delitos contra la humanidad. Estos actos atentan directamente contra la dignidad sagrada de la persona humana creada a imagen y semejanza de Dios.<\/em><\/li>\n<li><em> Se\u00f1alamos que estos hallazgos ponen en evidencia la omisi\u00f3n irresponsable de autoridades gubernamentales de los tres niveles ante uno de los problemas m\u00e1s cr\u00edticos que enfrenta el pa\u00eds: la desaparici\u00f3n de personas. Esta realidad exige una respuesta inmediata, contundente y coordinada del Estado mexicano.<\/em><\/li>\n<li><em> Manifestamos nuestro extra\u00f1amiento porque, mientras se presume que bajan un 15% los asesinatos dolosos, se trata de ocultar que crecen un 40% las desapariciones. Desafortunadamente la mayor parte de estas v\u00edctimas son nuestros j\u00f3venes.<\/em><\/li>\n<li><em> Reconocemos y exaltamos la extraordinaria labor de las madres buscadoras y distintas organizaciones ciudadanas que, impulsadas por su dolor, valent\u00eda y tenacidad, son las que verdaderamente consiguen avances en la b\u00fasqueda de sus seres queridos y realizan hallazgos decisivos que mantienen vivo el clamor por la justicia. Su testimonio nos interpela a todos como sociedad.<\/em><\/li>\n<li><em> Exhortamos respetuosamente a las autoridades a: &#8211; Investigar exhaustivamente estos hechos con transparencia y eficacia. &#8211; Dejar de evadir su responsabilidad o de intentar ocultar esta realidad. &#8211; Fortalecer urgentemente, entre los tres niveles de gobierno, los mecanismos de b\u00fasqueda e identificaci\u00f3n de personas desaparecidas. &#8211; Implementar pol\u00edticas efectivas que prevengan estos cr\u00edmenes atroces y garanticen la no repetici\u00f3n. Como sociedad y como naci\u00f3n debemos comprometernos a un rotundo: \u00a1NUNCA M\u00c1S! &#8211; Romper definitivamente con las alianzas que pudieran existir entre el crimen organizado y algunos ambientes pol\u00edticos, para liberar a M\u00e9xico de esta decadencia moral.<\/em><\/li>\n<li><em> Ofrecemos nuestra participaci\u00f3n en espacios de di\u00e1logo y colaboraci\u00f3n, para atender esta crisis humanitaria, acompa\u00f1ar a las v\u00edctimas y contribuir a la reconstrucci\u00f3n del tejido social tan lastimado por estos actos de violencia extrema\u201d <\/em>(12-III-2025).<\/li>\n<\/ol>\n<h3><strong>ACCIONES<\/strong><\/h3>\n<p>Desde nuestras familias, grupos y comunidades parroquiales, convirt\u00e1monos al Se\u00f1or Jes\u00fas, hagamos m\u00e1s caso a su Palabra, sobre todo en este tiempo de Cuaresma. El nos invita siempre al respeto y al amor a toda persona. \u00a1En Cristo est\u00e1 nuestra salvaci\u00f3n!<\/p>\n<p><iframe loading=\"lazy\" title=\"Cardenal Arizmendi: Desapariciones y Exterminios\" width=\"500\" height=\"281\" src=\"https:\/\/www.youtube.com\/embed\/KOOmAQP6ZKM?feature=oembed\" frameborder=\"0\" allow=\"accelerometer; autoplay; clipboard-write; encrypted-media; gyroscope; picture-in-picture; web-share\" referrerpolicy=\"strict-origin-when-cross-origin\" allowfullscreen><\/iframe><\/p>\n<p><img loading=\"lazy\" decoding=\"async\" class=\"size-full wp-image-121609 alignnone\" src=\"https:\/\/exaudi.org\/wp-content\/uploads\/2025\/03\/voces-10.jpg\" alt=\"\" width=\"1080\" height=\"1080\" srcset=\"https:\/\/exaudi.org\/wp-content\/uploads\/2025\/03\/voces-10.jpg 1080w, https:\/\/exaudi.org\/wp-content\/uploads\/2025\/03\/voces-10-300x300.jpg 300w, https:\/\/exaudi.org\/wp-content\/uploads\/2025\/03\/voces-10-1024x1024.jpg 1024w, https:\/\/exaudi.org\/wp-content\/uploads\/2025\/03\/voces-10-100x100.jpg?crop=1 100w, https:\/\/exaudi.org\/wp-content\/uploads\/2025\/03\/voces-10-770x770.jpg 770w, https:\/\/exaudi.org\/wp-content\/uploads\/2025\/03\/voces-10-500x500.jpg 500w\" sizes=\"auto, (max-width: 1080px) 100vw, 1080px\" \/><\/p>\n","protected":false},"excerpt":{"rendered":"<p>Dolor, indignaci\u00f3n y un llamado a la justicia: la Iglesia ante la barbarie del crimen organizado<\/p>\n","protected":false},"author":24,"featured_media":121601,"comment_status":"closed","ping_status":"closed","sticky":false,"template":"","format":"standard","meta":{"_acf_changed":false,"_crdt_document":"","inline_featured_image":false,"footnotes":""},"categories":[130],"tags":[1643,413,49934,587,8766,49940,49937,49931,49932,49935,2419,32069,49936,49939,49933,49938,28877],"class_list":["post-121589","post","type-post","status-publish","format-standard","has-post-thumbnail","hentry","category-voces","tag-cardenal-arizmendi","tag-cardenal-felipe-arizmendi-esquivel","tag-catequesis-y-sociedad","tag-conferencia-del-episcopado-mexicano","tag-crimen-organizado","tag-cuaresma-y-conversion","tag-denuncia-eclesial","tag-desapariciones-en-mexico","tag-exterminio-en-jalisco","tag-fe-y-compromiso-social","tag-featured","tag-iglesia-y-justicia","tag-jalisco-nueva-generacion","tag-justicia-para-desaparecidos","tag-madres-buscadoras","tag-reconstruccion-del-tejido-social","tag-violencia-en-mexico"],"acf":[],"yoast_head":"<!-- This site is optimized with the Yoast SEO plugin v27.5 - https:\/\/yoast.com\/product\/yoast-seo-wordpress\/ -->\n<title>Cardenal Arizmendi: Desapariciones y Exterminios &#8211; Exaudi<\/title>\n<meta name=\"robots\" content=\"index, follow, max-snippet:-1, max-image-preview:large, max-video-preview:-1\" \/>\n<link rel=\"canonical\" href=\"https:\/\/exaudi.org\/es\/cardenal-arizmendi-desapariciones-y-exterminios\/\" \/>\n<meta property=\"og:locale\" content=\"es_ES\" \/>\n<meta property=\"og:type\" content=\"article\" \/>\n<meta property=\"og:title\" content=\"Cardenal Arizmendi: Desapariciones y Exterminios &#8211; Exaudi\" \/>\n<meta property=\"og:description\" content=\"Dolor, indignaci\u00f3n y un llamado a la justicia: la Iglesia ante la barbarie del crimen organizado\" \/>\n<meta property=\"og:url\" content=\"https:\/\/exaudi.org\/es\/cardenal-arizmendi-desapariciones-y-exterminios\/\" \/>\n<meta property=\"og:site_name\" content=\"Exaudi\" \/>\n<meta property=\"article:publisher\" content=\"https:\/\/www.facebook.com\/ExaudiNews\" \/>\n<meta property=\"article:published_time\" content=\"2025-03-20T08:00:28+00:00\" \/>\n<meta property=\"og:image\" content=\"https:\/\/exaudi.org\/wp-content\/uploads\/2025\/03\/3276adf6-c868-46a0-8d6e-6c7c7b70a235.png\" \/>\n\t<meta property=\"og:image:width\" content=\"1280\" \/>\n\t<meta property=\"og:image:height\" content=\"720\" \/>\n\t<meta property=\"og:image:type\" content=\"image\/png\" \/>\n<meta name=\"author\" content=\"Cardenal Felipe Arizmendi\" \/>\n<meta name=\"twitter:card\" content=\"summary_large_image\" \/>\n<meta name=\"twitter:creator\" content=\"@Exaudi_News\" \/>\n<meta name=\"twitter:site\" content=\"@Exaudi_News\" \/>\n<meta name=\"twitter:label1\" content=\"Escrito por\" \/>\n\t<meta name=\"twitter:data1\" content=\"Cardenal Felipe Arizmendi\" \/>\n\t<meta name=\"twitter:label2\" content=\"Tiempo de lectura\" \/>\n\t<meta name=\"twitter:data2\" content=\"6 minutos\" \/>\n<script type=\"application\/ld+json\" class=\"yoast-schema-graph\">{\"@context\":\"https:\\\/\\\/schema.org\",\"@graph\":[{\"@type\":\"Article\",\"@id\":\"https:\\\/\\\/exaudi.org\\\/es\\\/cardenal-arizmendi-desapariciones-y-exterminios\\\/#article\",\"isPartOf\":{\"@id\":\"https:\\\/\\\/exaudi.org\\\/es\\\/cardenal-arizmendi-desapariciones-y-exterminios\\\/\"},\"author\":{\"name\":\"Cardenal Felipe Arizmendi\",\"@id\":\"https:\\\/\\\/exaudi.org\\\/#\\\/schema\\\/person\\\/c7d223f87e58f1105d044d8da1439102\"},\"headline\":\"Cardenal Arizmendi: Desapariciones y Exterminios\",\"datePublished\":\"2025-03-20T08:00:28+00:00\",\"mainEntityOfPage\":{\"@id\":\"https:\\\/\\\/exaudi.org\\\/es\\\/cardenal-arizmendi-desapariciones-y-exterminios\\\/\"},\"wordCount\":1191,\"image\":{\"@id\":\"https:\\\/\\\/exaudi.org\\\/es\\\/cardenal-arizmendi-desapariciones-y-exterminios\\\/#primaryimage\"},\"thumbnailUrl\":\"https:\\\/\\\/exaudi.org\\\/wp-content\\\/uploads\\\/2025\\\/03\\\/3276adf6-c868-46a0-8d6e-6c7c7b70a235.png\",\"keywords\":[\"Cardenal Arizmendi\",\"Cardenal Felipe Arizmendi Esquivel\",\"catequesis y sociedad\",\"Conferencia del episcopado mexicano\",\"Crimen organizado\",\"Cuaresma y conversi\u00f3n\",\"denuncia eclesial\",\"desapariciones en M\u00e9xico\",\"exterminio en Jalisco\",\"fe y compromiso social\",\"Featured\",\"Iglesia y justicia\",\"Jalisco Nueva Generaci\u00f3n\",\"justicia para desaparecidos\",\"madres buscadoras\",\"reconstrucci\u00f3n del tejido social\",\"violencia en M\u00e9xico\"],\"articleSection\":[\"Voces\"],\"inLanguage\":\"es\"},{\"@type\":\"WebPage\",\"@id\":\"https:\\\/\\\/exaudi.org\\\/es\\\/cardenal-arizmendi-desapariciones-y-exterminios\\\/\",\"url\":\"https:\\\/\\\/exaudi.org\\\/es\\\/cardenal-arizmendi-desapariciones-y-exterminios\\\/\",\"name\":\"Cardenal Arizmendi: Desapariciones y Exterminios &#8211; Exaudi\",\"isPartOf\":{\"@id\":\"https:\\\/\\\/exaudi.org\\\/#website\"},\"primaryImageOfPage\":{\"@id\":\"https:\\\/\\\/exaudi.org\\\/es\\\/cardenal-arizmendi-desapariciones-y-exterminios\\\/#primaryimage\"},\"image\":{\"@id\":\"https:\\\/\\\/exaudi.org\\\/es\\\/cardenal-arizmendi-desapariciones-y-exterminios\\\/#primaryimage\"},\"thumbnailUrl\":\"https:\\\/\\\/exaudi.org\\\/wp-content\\\/uploads\\\/2025\\\/03\\\/3276adf6-c868-46a0-8d6e-6c7c7b70a235.png\",\"datePublished\":\"2025-03-20T08:00:28+00:00\",\"author\":{\"@id\":\"https:\\\/\\\/exaudi.org\\\/#\\\/schema\\\/person\\\/c7d223f87e58f1105d044d8da1439102\"},\"breadcrumb\":{\"@id\":\"https:\\\/\\\/exaudi.org\\\/es\\\/cardenal-arizmendi-desapariciones-y-exterminios\\\/#breadcrumb\"},\"inLanguage\":\"es\",\"potentialAction\":[{\"@type\":\"ReadAction\",\"target\":[\"https:\\\/\\\/exaudi.org\\\/es\\\/cardenal-arizmendi-desapariciones-y-exterminios\\\/\"]}]},{\"@type\":\"ImageObject\",\"inLanguage\":\"es\",\"@id\":\"https:\\\/\\\/exaudi.org\\\/es\\\/cardenal-arizmendi-desapariciones-y-exterminios\\\/#primaryimage\",\"url\":\"https:\\\/\\\/exaudi.org\\\/wp-content\\\/uploads\\\/2025\\\/03\\\/3276adf6-c868-46a0-8d6e-6c7c7b70a235.png\",\"contentUrl\":\"https:\\\/\\\/exaudi.org\\\/wp-content\\\/uploads\\\/2025\\\/03\\\/3276adf6-c868-46a0-8d6e-6c7c7b70a235.png\",\"width\":1280,\"height\":720},{\"@type\":\"BreadcrumbList\",\"@id\":\"https:\\\/\\\/exaudi.org\\\/es\\\/cardenal-arizmendi-desapariciones-y-exterminios\\\/#breadcrumb\",\"itemListElement\":[{\"@type\":\"ListItem\",\"position\":1,\"name\":\"Portada\",\"item\":\"https:\\\/\\\/exaudi.org\\\/es\\\/\"},{\"@type\":\"ListItem\",\"position\":2,\"name\":\"Cardenal Arizmendi: Desapariciones y Exterminios\"}]},{\"@type\":\"WebSite\",\"@id\":\"https:\\\/\\\/exaudi.org\\\/#website\",\"url\":\"https:\\\/\\\/exaudi.org\\\/\",\"name\":\"Exaudi\",\"description\":\"News\",\"potentialAction\":[{\"@type\":\"SearchAction\",\"target\":{\"@type\":\"EntryPoint\",\"urlTemplate\":\"https:\\\/\\\/exaudi.org\\\/?s={search_term_string}\"},\"query-input\":{\"@type\":\"PropertyValueSpecification\",\"valueRequired\":true,\"valueName\":\"search_term_string\"}}],\"inLanguage\":\"es\"},{\"@type\":\"Person\",\"@id\":\"https:\\\/\\\/exaudi.org\\\/#\\\/schema\\\/person\\\/c7d223f87e58f1105d044d8da1439102\",\"name\":\"Cardenal Felipe Arizmendi\",\"image\":{\"@type\":\"ImageObject\",\"inLanguage\":\"es\",\"@id\":\"https:\\\/\\\/secure.gravatar.com\\\/avatar\\\/4ffc5520d896b86d39346168903de33a17ef0f23d16de0ff45062c1ff422ed2f?s=96&d=mm&r=g\",\"url\":\"https:\\\/\\\/secure.gravatar.com\\\/avatar\\\/4ffc5520d896b86d39346168903de33a17ef0f23d16de0ff45062c1ff422ed2f?s=96&d=mm&r=g\",\"contentUrl\":\"https:\\\/\\\/secure.gravatar.com\\\/avatar\\\/4ffc5520d896b86d39346168903de33a17ef0f23d16de0ff45062c1ff422ed2f?s=96&d=mm&r=g\",\"caption\":\"Cardenal Felipe Arizmendi\"},\"description\":\"Nacido en Chiltepec el 1 de mayo de 1940. Estudi\u00f3 Humanidades y Filosof\u00eda en el Seminario de Toluca, de 1952 a 1959. Curs\u00f3 la Teolog\u00eda en la Universidad Pontificia de Salamanca, Espa\u00f1a, de 1959 a 1963, obteniendo la licenciatura en Teolog\u00eda Dogm\u00e1tica. Por su cuenta, se especializ\u00f3 en Liturgia. Fue ordenado sacerdote el 25 de agosto de 1963 en Toluca. Sirvi\u00f3 como Vicario Parroquial en tres parroquias por tres a\u00f1os y medio y fue p\u00e1rroco de una comunidad ind\u00edgena otom\u00ed, de 1967 a 1970. Fue Director Espiritual del Seminario de Toluca por diez a\u00f1os, y Rector del mismo de 1981 a 1991. El 7 de marzo de 1991, fue ordenado obispo de la di\u00f3cesis de Tapachula, donde estuvo hasta el 30 de abril del a\u00f1o 2000. El 1 de mayo del 2000, inici\u00f3 su ministerio episcopal como XLVI obispo de la di\u00f3cesis de San Crist\u00f3bal de las Casas, Chiapas, una de las di\u00f3cesis m\u00e1s antiguas de M\u00e9xico, erigida en 1539; all\u00ed sirvi\u00f3 por casi 18 a\u00f1os. Ha ocupado diversos cargos en la Conferencia del Episcopado Mexicano y en el CELAM. El 3 de noviembre de 2017, el Papa Francisco le acept\u00f3, por edad, su renuncia al servicio episcopal en esta di\u00f3cesis, que entreg\u00f3 a su sucesor el 3 de enero de 2018. Desde entonces, reside en la ciudad de Toluca. Desde 1979, escribe art\u00edculos de actualidad en varios medios religiosos y civiles. Es autor de varias publicaciones.\",\"url\":\"https:\\\/\\\/exaudi.org\\\/es\\\/author\\\/felipearizmendi\\\/\"}]}<\/script>\n<!-- \/ Yoast SEO plugin. -->","yoast_head_json":{"title":"Cardenal Arizmendi: Desapariciones y Exterminios &#8211; Exaudi","robots":{"index":"index","follow":"follow","max-snippet":"max-snippet:-1","max-image-preview":"max-image-preview:large","max-video-preview":"max-video-preview:-1"},"canonical":"https:\/\/exaudi.org\/es\/cardenal-arizmendi-desapariciones-y-exterminios\/","og_locale":"es_ES","og_type":"article","og_title":"Cardenal Arizmendi: Desapariciones y Exterminios &#8211; Exaudi","og_description":"Dolor, indignaci\u00f3n y un llamado a la justicia: la Iglesia ante la barbarie del crimen organizado","og_url":"https:\/\/exaudi.org\/es\/cardenal-arizmendi-desapariciones-y-exterminios\/","og_site_name":"Exaudi","article_publisher":"https:\/\/www.facebook.com\/ExaudiNews","article_published_time":"2025-03-20T08:00:28+00:00","og_image":[{"width":1280,"height":720,"url":"https:\/\/exaudi.org\/wp-content\/uploads\/2025\/03\/3276adf6-c868-46a0-8d6e-6c7c7b70a235.png","type":"image\/png"}],"author":"Cardenal Felipe Arizmendi","twitter_card":"summary_large_image","twitter_creator":"@Exaudi_News","twitter_site":"@Exaudi_News","twitter_misc":{"Escrito por":"Cardenal Felipe Arizmendi","Tiempo de lectura":"6 minutos"},"schema":{"@context":"https:\/\/schema.org","@graph":[{"@type":"Article","@id":"https:\/\/exaudi.org\/es\/cardenal-arizmendi-desapariciones-y-exterminios\/#article","isPartOf":{"@id":"https:\/\/exaudi.org\/es\/cardenal-arizmendi-desapariciones-y-exterminios\/"},"author":{"name":"Cardenal Felipe Arizmendi","@id":"https:\/\/exaudi.org\/#\/schema\/person\/c7d223f87e58f1105d044d8da1439102"},"headline":"Cardenal Arizmendi: Desapariciones y Exterminios","datePublished":"2025-03-20T08:00:28+00:00","mainEntityOfPage":{"@id":"https:\/\/exaudi.org\/es\/cardenal-arizmendi-desapariciones-y-exterminios\/"},"wordCount":1191,"image":{"@id":"https:\/\/exaudi.org\/es\/cardenal-arizmendi-desapariciones-y-exterminios\/#primaryimage"},"thumbnailUrl":"https:\/\/exaudi.org\/wp-content\/uploads\/2025\/03\/3276adf6-c868-46a0-8d6e-6c7c7b70a235.png","keywords":["Cardenal Arizmendi","Cardenal Felipe Arizmendi Esquivel","catequesis y sociedad","Conferencia del episcopado mexicano","Crimen organizado","Cuaresma y conversi\u00f3n","denuncia eclesial","desapariciones en M\u00e9xico","exterminio en Jalisco","fe y compromiso social","Featured","Iglesia y justicia","Jalisco Nueva Generaci\u00f3n","justicia para desaparecidos","madres buscadoras","reconstrucci\u00f3n del tejido social","violencia en M\u00e9xico"],"articleSection":["Voces"],"inLanguage":"es"},{"@type":"WebPage","@id":"https:\/\/exaudi.org\/es\/cardenal-arizmendi-desapariciones-y-exterminios\/","url":"https:\/\/exaudi.org\/es\/cardenal-arizmendi-desapariciones-y-exterminios\/","name":"Cardenal Arizmendi: Desapariciones y Exterminios &#8211; Exaudi","isPartOf":{"@id":"https:\/\/exaudi.org\/#website"},"primaryImageOfPage":{"@id":"https:\/\/exaudi.org\/es\/cardenal-arizmendi-desapariciones-y-exterminios\/#primaryimage"},"image":{"@id":"https:\/\/exaudi.org\/es\/cardenal-arizmendi-desapariciones-y-exterminios\/#primaryimage"},"thumbnailUrl":"https:\/\/exaudi.org\/wp-content\/uploads\/2025\/03\/3276adf6-c868-46a0-8d6e-6c7c7b70a235.png","datePublished":"2025-03-20T08:00:28+00:00","author":{"@id":"https:\/\/exaudi.org\/#\/schema\/person\/c7d223f87e58f1105d044d8da1439102"},"breadcrumb":{"@id":"https:\/\/exaudi.org\/es\/cardenal-arizmendi-desapariciones-y-exterminios\/#breadcrumb"},"inLanguage":"es","potentialAction":[{"@type":"ReadAction","target":["https:\/\/exaudi.org\/es\/cardenal-arizmendi-desapariciones-y-exterminios\/"]}]},{"@type":"ImageObject","inLanguage":"es","@id":"https:\/\/exaudi.org\/es\/cardenal-arizmendi-desapariciones-y-exterminios\/#primaryimage","url":"https:\/\/exaudi.org\/wp-content\/uploads\/2025\/03\/3276adf6-c868-46a0-8d6e-6c7c7b70a235.png","contentUrl":"https:\/\/exaudi.org\/wp-content\/uploads\/2025\/03\/3276adf6-c868-46a0-8d6e-6c7c7b70a235.png","width":1280,"height":720},{"@type":"BreadcrumbList","@id":"https:\/\/exaudi.org\/es\/cardenal-arizmendi-desapariciones-y-exterminios\/#breadcrumb","itemListElement":[{"@type":"ListItem","position":1,"name":"Portada","item":"https:\/\/exaudi.org\/es\/"},{"@type":"ListItem","position":2,"name":"Cardenal Arizmendi: Desapariciones y Exterminios"}]},{"@type":"WebSite","@id":"https:\/\/exaudi.org\/#website","url":"https:\/\/exaudi.org\/","name":"Exaudi","description":"News","potentialAction":[{"@type":"SearchAction","target":{"@type":"EntryPoint","urlTemplate":"https:\/\/exaudi.org\/?s={search_term_string}"},"query-input":{"@type":"PropertyValueSpecification","valueRequired":true,"valueName":"search_term_string"}}],"inLanguage":"es"},{"@type":"Person","@id":"https:\/\/exaudi.org\/#\/schema\/person\/c7d223f87e58f1105d044d8da1439102","name":"Cardenal Felipe Arizmendi","image":{"@type":"ImageObject","inLanguage":"es","@id":"https:\/\/secure.gravatar.com\/avatar\/4ffc5520d896b86d39346168903de33a17ef0f23d16de0ff45062c1ff422ed2f?s=96&d=mm&r=g","url":"https:\/\/secure.gravatar.com\/avatar\/4ffc5520d896b86d39346168903de33a17ef0f23d16de0ff45062c1ff422ed2f?s=96&d=mm&r=g","contentUrl":"https:\/\/secure.gravatar.com\/avatar\/4ffc5520d896b86d39346168903de33a17ef0f23d16de0ff45062c1ff422ed2f?s=96&d=mm&r=g","caption":"Cardenal Felipe Arizmendi"},"description":"Nacido en Chiltepec el 1 de mayo de 1940. Estudi\u00f3 Humanidades y Filosof\u00eda en el Seminario de Toluca, de 1952 a 1959. Curs\u00f3 la Teolog\u00eda en la Universidad Pontificia de Salamanca, Espa\u00f1a, de 1959 a 1963, obteniendo la licenciatura en Teolog\u00eda Dogm\u00e1tica. Por su cuenta, se especializ\u00f3 en Liturgia. Fue ordenado sacerdote el 25 de agosto de 1963 en Toluca. Sirvi\u00f3 como Vicario Parroquial en tres parroquias por tres a\u00f1os y medio y fue p\u00e1rroco de una comunidad ind\u00edgena otom\u00ed, de 1967 a 1970. Fue Director Espiritual del Seminario de Toluca por diez a\u00f1os, y Rector del mismo de 1981 a 1991. El 7 de marzo de 1991, fue ordenado obispo de la di\u00f3cesis de Tapachula, donde estuvo hasta el 30 de abril del a\u00f1o 2000. El 1 de mayo del 2000, inici\u00f3 su ministerio episcopal como XLVI obispo de la di\u00f3cesis de San Crist\u00f3bal de las Casas, Chiapas, una de las di\u00f3cesis m\u00e1s antiguas de M\u00e9xico, erigida en 1539; all\u00ed sirvi\u00f3 por casi 18 a\u00f1os. Ha ocupado diversos cargos en la Conferencia del Episcopado Mexicano y en el CELAM. El 3 de noviembre de 2017, el Papa Francisco le acept\u00f3, por edad, su renuncia al servicio episcopal en esta di\u00f3cesis, que entreg\u00f3 a su sucesor el 3 de enero de 2018. Desde entonces, reside en la ciudad de Toluca. Desde 1979, escribe art\u00edculos de actualidad en varios medios religiosos y civiles. Es autor de varias publicaciones.","url":"https:\/\/exaudi.org\/es\/author\/felipearizmendi\/"}]}},"jetpack_featured_media_url":"https:\/\/exaudi.org\/wp-content\/uploads\/2025\/03\/3276adf6-c868-46a0-8d6e-6c7c7b70a235.png","jetpack_shortlink":"https:\/\/wp.me\/pgKjF2-vD7","_links":{"self":[{"href":"https:\/\/exaudi.org\/es\/wp-json\/wp\/v2\/posts\/121589","targetHints":{"allow":["GET"]}}],"collection":[{"href":"https:\/\/exaudi.org\/es\/wp-json\/wp\/v2\/posts"}],"about":[{"href":"https:\/\/exaudi.org\/es\/wp-json\/wp\/v2\/types\/post"}],"author":[{"embeddable":true,"href":"https:\/\/exaudi.org\/es\/wp-json\/wp\/v2\/users\/24"}],"replies":[{"embeddable":true,"href":"https:\/\/exaudi.org\/es\/wp-json\/wp\/v2\/comments?post=121589"}],"version-history":[{"count":0,"href":"https:\/\/exaudi.org\/es\/wp-json\/wp\/v2\/posts\/121589\/revisions"}],"wp:featuredmedia":[{"embeddable":true,"href":"https:\/\/exaudi.org\/es\/wp-json\/wp\/v2\/media\/121601"}],"wp:attachment":[{"href":"https:\/\/exaudi.org\/es\/wp-json\/wp\/v2\/media?parent=121589"}],"wp:term":[{"taxonomy":"category","embeddable":true,"href":"https:\/\/exaudi.org\/es\/wp-json\/wp\/v2\/categories?post=121589"},{"taxonomy":"post_tag","embeddable":true,"href":"https:\/\/exaudi.org\/es\/wp-json\/wp\/v2\/tags?post=121589"}],"curies":[{"name":"wp","href":"https:\/\/api.w.org\/{rel}","templated":true}]}}