{"id":121466,"date":"2025-03-17T08:30:20","date_gmt":"2025-03-17T07:30:20","guid":{"rendered":"https:\/\/exaudi.org\/?p=121466"},"modified":"2025-03-17T16:51:54","modified_gmt":"2025-03-17T15:51:54","slug":"saint-la-fe-en-la-palma-de-tu-mano","status":"publish","type":"post","link":"https:\/\/exaudi.org\/es\/saint-la-fe-en-la-palma-de-tu-mano\/","title":{"rendered":"SAINT: La fe en la palma de tu mano"},"content":{"rendered":"<p data-start=\"224\" data-end=\"729\">En un mundo donde la tecnolog\u00eda domina nuestra vida cotidiana, la espiritualidad tambi\u00e9n encuentra su espacio en la era digital. La aplicaci\u00f3n SAINT, que en pocas semanas ha conquistado m\u00e1s de 10.000 corazones en Estados Unidos, ahora se presenta en espa\u00f1ol, abriendo sus puertas a millones de fieles de habla hispana. Creada por la empresaria californiana Ira DeWitt, esta plataforma ofrece un acceso innovador y cercano a la fe cat\u00f3lica, conectando a personas sin importar su ubicaci\u00f3n o circunstancias.<\/p>\n<h3 data-start=\"731\" data-end=\"774\"><strong data-start=\"735\" data-end=\"774\">Un puente hacia la Iglesia Cat\u00f3lica<\/strong><\/h3>\n<p data-start=\"775\" data-end=\"1251\">SAINT no es solo una app, es una comunidad de fe que rompe barreras. Con contenidos que incluyen el Santo del D\u00eda, el Evangelio, noticias del Vaticano y respuestas a preguntas clave sobre la fe, se ha convertido en una herramienta indispensable para aquellos que buscan profundizar su vida espiritual. Desde su dise\u00f1o hasta su accesibilidad, todo est\u00e1 pensado para acercar la Iglesia a los fieles, especialmente a quienes viajan, est\u00e1n enfermos o viven lejos de una parroquia.<\/p>\n<h3 data-start=\"1253\" data-end=\"1309\"><strong data-start=\"1257\" data-end=\"1309\">Inspiraci\u00f3n y conocimiento al alcance de un clic<\/strong><\/h3>\n<p data-start=\"1310\" data-end=\"1670\">Uno de los puntos fuertes de SAINT es su contenido en v\u00eddeo, que ofrece entrevistas con personalidades del mundo cat\u00f3lico y documentales exclusivos, como el premiado \u00abBenedicto XVI: En honor a la verdad\u00bb. Adem\u00e1s, su gu\u00eda de oraciones y la conexi\u00f3n con la Biblia permiten que cualquier persona pueda encontrar consuelo y respuestas en cualquier momento del d\u00eda.<\/p>\n<p data-start=\"1310\" data-end=\"1670\"><img loading=\"lazy\" decoding=\"async\" class=\"size-full wp-image-121470 alignnone\" src=\"https:\/\/exaudi.org\/wp-content\/uploads\/2025\/03\/SAINT-APP-1.jpeg\" alt=\"\" width=\"900\" height=\"265\" srcset=\"https:\/\/exaudi.org\/wp-content\/uploads\/2025\/03\/SAINT-APP-1.jpeg 900w, https:\/\/exaudi.org\/wp-content\/uploads\/2025\/03\/SAINT-APP-1-300x88.jpeg 300w, https:\/\/exaudi.org\/wp-content\/uploads\/2025\/03\/SAINT-APP-1-770x227.jpeg 770w, https:\/\/exaudi.org\/wp-content\/uploads\/2025\/03\/SAINT-APP-1-500x147.jpeg 500w\" sizes=\"auto, (max-width: 900px) 100vw, 900px\" \/><\/p>\n<h3 data-start=\"1672\" data-end=\"1713\"><strong data-start=\"1676\" data-end=\"1713\">Una misi\u00f3n: hacer la fe accesible<\/strong><\/h3>\n<p data-start=\"1714\" data-end=\"2077\">\u00abLa fe debe ser accesible a todos\u00bb, afirma Ira DeWitt, y con esta convicci\u00f3n, ha desarrollado una aplicaci\u00f3n que no solo informa, sino que tambi\u00e9n transforma. A trav\u00e9s de una oferta especial de lanzamiento, SAINT est\u00e1 disponible de forma gratuita con la compra de una vela de Saint Candles, una marca que combina devoci\u00f3n y tradici\u00f3n en cada uno de sus productos.<\/p>\n<h3 data-start=\"2079\" data-end=\"2122\"><strong data-start=\"2083\" data-end=\"2122\">Descubre SAINT y transforma tu vida<\/strong><\/h3>\n<p data-start=\"2123\" data-end=\"2372\">Si buscas una manera moderna y significativa de vivir tu fe, SAINT es la respuesta. La espiritualidad digital ha llegado para quedarse, y con ella, una nueva forma de estar m\u00e1s cerca de Dios. Desc\u00e1rgala ahora y lleva la luz de la fe siempre contigo.<\/p>\n<p data-start=\"2374\" data-end=\"2442\" data-is-last-node=\"\" data-is-only-node=\"\">\ud83d\udc49 Disponible en <a href=\"http:\/\/www.saintcandles.com\" target=\"_blank\" rel=\"noopener\" data-start=\"2391\" data-end=\"2442\" data-is-last-node=\"\">www.saintcandles.com<\/a><\/p>\n","protected":false},"excerpt":{"rendered":"<p>Una aplicaci\u00f3n que est\u00e1 revolucionando la espiritualidad digital y ahora llega en espa\u00f1ol<\/p>\n","protected":false},"author":15,"featured_media":121467,"comment_status":"closed","ping_status":"closed","sticky":false,"template":"","format":"standard","meta":{"_acf_changed":false,"_crdt_document":"","inline_featured_image":false,"footnotes":""},"categories":[74],"tags":[49597,49591,49594,26175,17420,15214,39719,49595,49592,12933,20811,49596,49590,49593,44771,439],"class_list":["post-121466","post","type-post","status-publish","format-standard","has-post-thumbnail","hentry","category-iglesia-y-mundo","tag-aplicacion-religiosa","tag-app-catolica","tag-biblia-online","tag-comunidad-de-fe","tag-contenido-catolico","tag-crecimiento-espiritual","tag-devociones-catolicas","tag-documental-benedicto-xvi","tag-espiritualidad-digital","tag-evangelio-del-dia","tag-oracion-diaria","tag-rosario-virtual","tag-saint-2","tag-santo-del-dia","tag-tecnologia-y-fe","tag-via-crucis"],"acf":[],"yoast_head":"<!-- This site is optimized with the Yoast SEO plugin v27.4 - https:\/\/yoast.com\/product\/yoast-seo-wordpress\/ -->\n<title>SAINT: La fe en la palma de tu mano &#8211; Exaudi<\/title>\n<meta name=\"robots\" content=\"index, follow, max-snippet:-1, max-image-preview:large, max-video-preview:-1\" \/>\n<link rel=\"canonical\" href=\"https:\/\/exaudi.org\/es\/saint-la-fe-en-la-palma-de-tu-mano\/\" \/>\n<meta property=\"og:locale\" content=\"es_ES\" \/>\n<meta property=\"og:type\" content=\"article\" \/>\n<meta property=\"og:title\" content=\"SAINT: La fe en la palma de tu mano &#8211; Exaudi\" \/>\n<meta property=\"og:description\" content=\"Una aplicaci\u00f3n que est\u00e1 revolucionando la espiritualidad digital y ahora llega en espa\u00f1ol\" \/>\n<meta property=\"og:url\" content=\"https:\/\/exaudi.org\/es\/saint-la-fe-en-la-palma-de-tu-mano\/\" \/>\n<meta property=\"og:site_name\" content=\"Exaudi\" \/>\n<meta property=\"article:publisher\" content=\"https:\/\/www.facebook.com\/ExaudiNews\" \/>\n<meta property=\"article:author\" content=\"https:\/\/www.facebook.com\/ExaudiNoticias\/\" \/>\n<meta property=\"article:published_time\" content=\"2025-03-17T07:30:20+00:00\" \/>\n<meta property=\"article:modified_time\" content=\"2025-03-17T15:51:54+00:00\" \/>\n<meta property=\"og:image\" content=\"https:\/\/exaudi.org\/wp-content\/uploads\/2025\/03\/SAINT-APP-5.jpeg\" \/>\n\t<meta property=\"og:image:width\" content=\"1170\" \/>\n\t<meta property=\"og:image:height\" content=\"642\" \/>\n\t<meta property=\"og:image:type\" content=\"image\/jpeg\" \/>\n<meta name=\"author\" content=\"Exaudi Redacci\u00f3n\" \/>\n<meta name=\"twitter:card\" content=\"summary_large_image\" \/>\n<meta name=\"twitter:creator\" content=\"@Exaudi_noticias\" \/>\n<meta name=\"twitter:site\" content=\"@Exaudi_News\" \/>\n<meta name=\"twitter:label1\" content=\"Escrito por\" \/>\n\t<meta name=\"twitter:data1\" content=\"Exaudi Redacci\u00f3n\" \/>\n\t<meta name=\"twitter:label2\" content=\"Tiempo de lectura\" \/>\n\t<meta name=\"twitter:data2\" content=\"2 minutos\" \/>\n<script type=\"application\/ld+json\" class=\"yoast-schema-graph\">{\"@context\":\"https:\\\/\\\/schema.org\",\"@graph\":[{\"@type\":\"Article\",\"@id\":\"https:\\\/\\\/exaudi.org\\\/es\\\/saint-la-fe-en-la-palma-de-tu-mano\\\/#article\",\"isPartOf\":{\"@id\":\"https:\\\/\\\/exaudi.org\\\/es\\\/saint-la-fe-en-la-palma-de-tu-mano\\\/\"},\"author\":{\"name\":\"Exaudi Redacci\u00f3n\",\"@id\":\"https:\\\/\\\/exaudi.org\\\/#\\\/schema\\\/person\\\/f5fc8f063065e38742da7afe15f25df7\"},\"headline\":\"SAINT: La fe en la palma de tu mano\",\"datePublished\":\"2025-03-17T07:30:20+00:00\",\"dateModified\":\"2025-03-17T15:51:54+00:00\",\"mainEntityOfPage\":{\"@id\":\"https:\\\/\\\/exaudi.org\\\/es\\\/saint-la-fe-en-la-palma-de-tu-mano\\\/\"},\"wordCount\":388,\"image\":{\"@id\":\"https:\\\/\\\/exaudi.org\\\/es\\\/saint-la-fe-en-la-palma-de-tu-mano\\\/#primaryimage\"},\"thumbnailUrl\":\"https:\\\/\\\/exaudi.org\\\/wp-content\\\/uploads\\\/2025\\\/03\\\/SAINT-APP-5.jpeg\",\"keywords\":[\"aplicaci\u00f3n religiosa\",\"app cat\u00f3lica\",\"biblia online\",\"comunidad de fe\",\"contenido cat\u00f3lico\",\"crecimiento espiritual\",\"devociones cat\u00f3licas\",\"documental Benedicto XVI\",\"espiritualidad digital\",\"Evangelio del dia\",\"oraci\u00f3n diaria\",\"rosario virtual\",\"saint\",\"santo del d\u00eda\",\"tecnolog\u00eda y fe\",\"Via Crucis\"],\"articleSection\":[\"Iglesia y Mundo\"],\"inLanguage\":\"es\"},{\"@type\":\"WebPage\",\"@id\":\"https:\\\/\\\/exaudi.org\\\/es\\\/saint-la-fe-en-la-palma-de-tu-mano\\\/\",\"url\":\"https:\\\/\\\/exaudi.org\\\/es\\\/saint-la-fe-en-la-palma-de-tu-mano\\\/\",\"name\":\"SAINT: La fe en la palma de tu mano &#8211; Exaudi\",\"isPartOf\":{\"@id\":\"https:\\\/\\\/exaudi.org\\\/#website\"},\"primaryImageOfPage\":{\"@id\":\"https:\\\/\\\/exaudi.org\\\/es\\\/saint-la-fe-en-la-palma-de-tu-mano\\\/#primaryimage\"},\"image\":{\"@id\":\"https:\\\/\\\/exaudi.org\\\/es\\\/saint-la-fe-en-la-palma-de-tu-mano\\\/#primaryimage\"},\"thumbnailUrl\":\"https:\\\/\\\/exaudi.org\\\/wp-content\\\/uploads\\\/2025\\\/03\\\/SAINT-APP-5.jpeg\",\"datePublished\":\"2025-03-17T07:30:20+00:00\",\"dateModified\":\"2025-03-17T15:51:54+00:00\",\"author\":{\"@id\":\"https:\\\/\\\/exaudi.org\\\/#\\\/schema\\\/person\\\/f5fc8f063065e38742da7afe15f25df7\"},\"breadcrumb\":{\"@id\":\"https:\\\/\\\/exaudi.org\\\/es\\\/saint-la-fe-en-la-palma-de-tu-mano\\\/#breadcrumb\"},\"inLanguage\":\"es\",\"potentialAction\":[{\"@type\":\"ReadAction\",\"target\":[\"https:\\\/\\\/exaudi.org\\\/es\\\/saint-la-fe-en-la-palma-de-tu-mano\\\/\"]}]},{\"@type\":\"ImageObject\",\"inLanguage\":\"es\",\"@id\":\"https:\\\/\\\/exaudi.org\\\/es\\\/saint-la-fe-en-la-palma-de-tu-mano\\\/#primaryimage\",\"url\":\"https:\\\/\\\/exaudi.org\\\/wp-content\\\/uploads\\\/2025\\\/03\\\/SAINT-APP-5.jpeg\",\"contentUrl\":\"https:\\\/\\\/exaudi.org\\\/wp-content\\\/uploads\\\/2025\\\/03\\\/SAINT-APP-5.jpeg\",\"width\":1170,\"height\":642},{\"@type\":\"BreadcrumbList\",\"@id\":\"https:\\\/\\\/exaudi.org\\\/es\\\/saint-la-fe-en-la-palma-de-tu-mano\\\/#breadcrumb\",\"itemListElement\":[{\"@type\":\"ListItem\",\"position\":1,\"name\":\"Portada\",\"item\":\"https:\\\/\\\/exaudi.org\\\/es\\\/\"},{\"@type\":\"ListItem\",\"position\":2,\"name\":\"SAINT: La fe en la palma de tu mano\"}]},{\"@type\":\"WebSite\",\"@id\":\"https:\\\/\\\/exaudi.org\\\/#website\",\"url\":\"https:\\\/\\\/exaudi.org\\\/\",\"name\":\"Exaudi\",\"description\":\"News\",\"potentialAction\":[{\"@type\":\"SearchAction\",\"target\":{\"@type\":\"EntryPoint\",\"urlTemplate\":\"https:\\\/\\\/exaudi.org\\\/?s={search_term_string}\"},\"query-input\":{\"@type\":\"PropertyValueSpecification\",\"valueRequired\":true,\"valueName\":\"search_term_string\"}}],\"inLanguage\":\"es\"},{\"@type\":\"Person\",\"@id\":\"https:\\\/\\\/exaudi.org\\\/#\\\/schema\\\/person\\\/f5fc8f063065e38742da7afe15f25df7\",\"name\":\"Exaudi Redacci\u00f3n\",\"image\":{\"@type\":\"ImageObject\",\"inLanguage\":\"es\",\"@id\":\"https:\\\/\\\/secure.gravatar.com\\\/avatar\\\/fe0f6a059fb68d9b3e11bc5850dd4899b1c7492091a3cb6dd9b01b56ad828be2?s=96&d=mm&r=g\",\"url\":\"https:\\\/\\\/secure.gravatar.com\\\/avatar\\\/fe0f6a059fb68d9b3e11bc5850dd4899b1c7492091a3cb6dd9b01b56ad828be2?s=96&d=mm&r=g\",\"contentUrl\":\"https:\\\/\\\/secure.gravatar.com\\\/avatar\\\/fe0f6a059fb68d9b3e11bc5850dd4899b1c7492091a3cb6dd9b01b56ad828be2?s=96&d=mm&r=g\",\"caption\":\"Exaudi Redacci\u00f3n\"},\"description\":\"\u00bfQu\u00e9 es Exaudi News? Exaudi News es un medio de comunicaci\u00f3n cat\u00f3lico internacional que informa, forma y transforma, diariamente en espa\u00f1ol, ingl\u00e9s e italiano. A trav\u00e9s de noticias, art\u00edculos de an\u00e1lisis y transmisiones en directo de los eventos del Papa, Exaudi busca fortalecer la unidad de los cristianos y contribuir a la evangelizaci\u00f3n del mundo, siempre guiados por la doctrina social de la Iglesia. Trabajamos para acercar la verdad y los valores cristianos a cada rinc\u00f3n del planeta. \u00a1Ay\u00fadanos a transformar el mundo con Exaudi! En Exaudi creemos que la evangelizaci\u00f3n y la informaci\u00f3n de calidad pueden cambiar vidas. Para continuar con nuestra misi\u00f3n y expandir nuestro alcance, necesitamos tu ayuda. Adem\u00e1s, buscamos personas comprometidas que deseen unirse a nuestro equipo. Con tu apoyo, lograremos llegar a m\u00e1s personas, difundir el mensaje de Cristo y reforzar la unidad de los cristianos. \u00bfTe unes a nuestra misi\u00f3n? Para m\u00e1s informaci\u00f3n sobre c\u00f3mo colaborar, visita Exaudi.org\\\/es o cont\u00e1ctanos directamente: info@exaudi.org Exaudi: Informa, forma y transforma.\",\"sameAs\":[\"https:\\\/\\\/www.facebook.com\\\/ExaudiNoticias\\\/\",\"https:\\\/\\\/www.instagram.com\\\/exaudi_noticias\\\/\",\"https:\\\/\\\/x.com\\\/Exaudi_noticias\",\"https:\\\/\\\/www.youtube.com\\\/@exaudicatholicnews\"],\"url\":\"https:\\\/\\\/exaudi.org\\\/es\\\/author\\\/redaccionexaudi\\\/\"}]}<\/script>\n<!-- \/ Yoast SEO plugin. -->","yoast_head_json":{"title":"SAINT: La fe en la palma de tu mano &#8211; Exaudi","robots":{"index":"index","follow":"follow","max-snippet":"max-snippet:-1","max-image-preview":"max-image-preview:large","max-video-preview":"max-video-preview:-1"},"canonical":"https:\/\/exaudi.org\/es\/saint-la-fe-en-la-palma-de-tu-mano\/","og_locale":"es_ES","og_type":"article","og_title":"SAINT: La fe en la palma de tu mano &#8211; Exaudi","og_description":"Una aplicaci\u00f3n que est\u00e1 revolucionando la espiritualidad digital y ahora llega en espa\u00f1ol","og_url":"https:\/\/exaudi.org\/es\/saint-la-fe-en-la-palma-de-tu-mano\/","og_site_name":"Exaudi","article_publisher":"https:\/\/www.facebook.com\/ExaudiNews","article_author":"https:\/\/www.facebook.com\/ExaudiNoticias\/","article_published_time":"2025-03-17T07:30:20+00:00","article_modified_time":"2025-03-17T15:51:54+00:00","og_image":[{"width":1170,"height":642,"url":"https:\/\/exaudi.org\/wp-content\/uploads\/2025\/03\/SAINT-APP-5.jpeg","type":"image\/jpeg"}],"author":"Exaudi Redacci\u00f3n","twitter_card":"summary_large_image","twitter_creator":"@Exaudi_noticias","twitter_site":"@Exaudi_News","twitter_misc":{"Escrito por":"Exaudi Redacci\u00f3n","Tiempo de lectura":"2 minutos"},"schema":{"@context":"https:\/\/schema.org","@graph":[{"@type":"Article","@id":"https:\/\/exaudi.org\/es\/saint-la-fe-en-la-palma-de-tu-mano\/#article","isPartOf":{"@id":"https:\/\/exaudi.org\/es\/saint-la-fe-en-la-palma-de-tu-mano\/"},"author":{"name":"Exaudi Redacci\u00f3n","@id":"https:\/\/exaudi.org\/#\/schema\/person\/f5fc8f063065e38742da7afe15f25df7"},"headline":"SAINT: La fe en la palma de tu mano","datePublished":"2025-03-17T07:30:20+00:00","dateModified":"2025-03-17T15:51:54+00:00","mainEntityOfPage":{"@id":"https:\/\/exaudi.org\/es\/saint-la-fe-en-la-palma-de-tu-mano\/"},"wordCount":388,"image":{"@id":"https:\/\/exaudi.org\/es\/saint-la-fe-en-la-palma-de-tu-mano\/#primaryimage"},"thumbnailUrl":"https:\/\/exaudi.org\/wp-content\/uploads\/2025\/03\/SAINT-APP-5.jpeg","keywords":["aplicaci\u00f3n religiosa","app cat\u00f3lica","biblia online","comunidad de fe","contenido cat\u00f3lico","crecimiento espiritual","devociones cat\u00f3licas","documental Benedicto XVI","espiritualidad digital","Evangelio del dia","oraci\u00f3n diaria","rosario virtual","saint","santo del d\u00eda","tecnolog\u00eda y fe","Via Crucis"],"articleSection":["Iglesia y Mundo"],"inLanguage":"es"},{"@type":"WebPage","@id":"https:\/\/exaudi.org\/es\/saint-la-fe-en-la-palma-de-tu-mano\/","url":"https:\/\/exaudi.org\/es\/saint-la-fe-en-la-palma-de-tu-mano\/","name":"SAINT: La fe en la palma de tu mano &#8211; Exaudi","isPartOf":{"@id":"https:\/\/exaudi.org\/#website"},"primaryImageOfPage":{"@id":"https:\/\/exaudi.org\/es\/saint-la-fe-en-la-palma-de-tu-mano\/#primaryimage"},"image":{"@id":"https:\/\/exaudi.org\/es\/saint-la-fe-en-la-palma-de-tu-mano\/#primaryimage"},"thumbnailUrl":"https:\/\/exaudi.org\/wp-content\/uploads\/2025\/03\/SAINT-APP-5.jpeg","datePublished":"2025-03-17T07:30:20+00:00","dateModified":"2025-03-17T15:51:54+00:00","author":{"@id":"https:\/\/exaudi.org\/#\/schema\/person\/f5fc8f063065e38742da7afe15f25df7"},"breadcrumb":{"@id":"https:\/\/exaudi.org\/es\/saint-la-fe-en-la-palma-de-tu-mano\/#breadcrumb"},"inLanguage":"es","potentialAction":[{"@type":"ReadAction","target":["https:\/\/exaudi.org\/es\/saint-la-fe-en-la-palma-de-tu-mano\/"]}]},{"@type":"ImageObject","inLanguage":"es","@id":"https:\/\/exaudi.org\/es\/saint-la-fe-en-la-palma-de-tu-mano\/#primaryimage","url":"https:\/\/exaudi.org\/wp-content\/uploads\/2025\/03\/SAINT-APP-5.jpeg","contentUrl":"https:\/\/exaudi.org\/wp-content\/uploads\/2025\/03\/SAINT-APP-5.jpeg","width":1170,"height":642},{"@type":"BreadcrumbList","@id":"https:\/\/exaudi.org\/es\/saint-la-fe-en-la-palma-de-tu-mano\/#breadcrumb","itemListElement":[{"@type":"ListItem","position":1,"name":"Portada","item":"https:\/\/exaudi.org\/es\/"},{"@type":"ListItem","position":2,"name":"SAINT: La fe en la palma de tu mano"}]},{"@type":"WebSite","@id":"https:\/\/exaudi.org\/#website","url":"https:\/\/exaudi.org\/","name":"Exaudi","description":"News","potentialAction":[{"@type":"SearchAction","target":{"@type":"EntryPoint","urlTemplate":"https:\/\/exaudi.org\/?s={search_term_string}"},"query-input":{"@type":"PropertyValueSpecification","valueRequired":true,"valueName":"search_term_string"}}],"inLanguage":"es"},{"@type":"Person","@id":"https:\/\/exaudi.org\/#\/schema\/person\/f5fc8f063065e38742da7afe15f25df7","name":"Exaudi Redacci\u00f3n","image":{"@type":"ImageObject","inLanguage":"es","@id":"https:\/\/secure.gravatar.com\/avatar\/fe0f6a059fb68d9b3e11bc5850dd4899b1c7492091a3cb6dd9b01b56ad828be2?s=96&d=mm&r=g","url":"https:\/\/secure.gravatar.com\/avatar\/fe0f6a059fb68d9b3e11bc5850dd4899b1c7492091a3cb6dd9b01b56ad828be2?s=96&d=mm&r=g","contentUrl":"https:\/\/secure.gravatar.com\/avatar\/fe0f6a059fb68d9b3e11bc5850dd4899b1c7492091a3cb6dd9b01b56ad828be2?s=96&d=mm&r=g","caption":"Exaudi Redacci\u00f3n"},"description":"\u00bfQu\u00e9 es Exaudi News? Exaudi News es un medio de comunicaci\u00f3n cat\u00f3lico internacional que informa, forma y transforma, diariamente en espa\u00f1ol, ingl\u00e9s e italiano. A trav\u00e9s de noticias, art\u00edculos de an\u00e1lisis y transmisiones en directo de los eventos del Papa, Exaudi busca fortalecer la unidad de los cristianos y contribuir a la evangelizaci\u00f3n del mundo, siempre guiados por la doctrina social de la Iglesia. Trabajamos para acercar la verdad y los valores cristianos a cada rinc\u00f3n del planeta. \u00a1Ay\u00fadanos a transformar el mundo con Exaudi! En Exaudi creemos que la evangelizaci\u00f3n y la informaci\u00f3n de calidad pueden cambiar vidas. Para continuar con nuestra misi\u00f3n y expandir nuestro alcance, necesitamos tu ayuda. Adem\u00e1s, buscamos personas comprometidas que deseen unirse a nuestro equipo. Con tu apoyo, lograremos llegar a m\u00e1s personas, difundir el mensaje de Cristo y reforzar la unidad de los cristianos. \u00bfTe unes a nuestra misi\u00f3n? Para m\u00e1s informaci\u00f3n sobre c\u00f3mo colaborar, visita Exaudi.org\/es o cont\u00e1ctanos directamente: info@exaudi.org Exaudi: Informa, forma y transforma.","sameAs":["https:\/\/www.facebook.com\/ExaudiNoticias\/","https:\/\/www.instagram.com\/exaudi_noticias\/","https:\/\/x.com\/Exaudi_noticias","https:\/\/www.youtube.com\/@exaudicatholicnews"],"url":"https:\/\/exaudi.org\/es\/author\/redaccionexaudi\/"}]}},"jetpack_featured_media_url":"https:\/\/exaudi.org\/wp-content\/uploads\/2025\/03\/SAINT-APP-5.jpeg","jetpack_shortlink":"https:\/\/wp.me\/pgKjF2-vB8","_links":{"self":[{"href":"https:\/\/exaudi.org\/es\/wp-json\/wp\/v2\/posts\/121466","targetHints":{"allow":["GET"]}}],"collection":[{"href":"https:\/\/exaudi.org\/es\/wp-json\/wp\/v2\/posts"}],"about":[{"href":"https:\/\/exaudi.org\/es\/wp-json\/wp\/v2\/types\/post"}],"author":[{"embeddable":true,"href":"https:\/\/exaudi.org\/es\/wp-json\/wp\/v2\/users\/15"}],"replies":[{"embeddable":true,"href":"https:\/\/exaudi.org\/es\/wp-json\/wp\/v2\/comments?post=121466"}],"version-history":[{"count":0,"href":"https:\/\/exaudi.org\/es\/wp-json\/wp\/v2\/posts\/121466\/revisions"}],"wp:featuredmedia":[{"embeddable":true,"href":"https:\/\/exaudi.org\/es\/wp-json\/wp\/v2\/media\/121467"}],"wp:attachment":[{"href":"https:\/\/exaudi.org\/es\/wp-json\/wp\/v2\/media?parent=121466"}],"wp:term":[{"taxonomy":"category","embeddable":true,"href":"https:\/\/exaudi.org\/es\/wp-json\/wp\/v2\/categories?post=121466"},{"taxonomy":"post_tag","embeddable":true,"href":"https:\/\/exaudi.org\/es\/wp-json\/wp\/v2\/tags?post=121466"}],"curies":[{"name":"wp","href":"https:\/\/api.w.org\/{rel}","templated":true}]}}