{"id":121436,"date":"2025-03-17T12:40:41","date_gmt":"2025-03-17T11:40:41","guid":{"rendered":"https:\/\/exaudi.org\/?p=121436"},"modified":"2025-03-17T13:23:48","modified_gmt":"2025-03-17T12:23:48","slug":"liderando-con-fe-y-excelencia","status":"publish","type":"post","link":"https:\/\/exaudi.org\/es\/liderando-con-fe-y-excelencia\/","title":{"rendered":"Liderando con Fe y Excelencia"},"content":{"rendered":"<p data-start=\"130\" data-end=\"497\">En el din\u00e1mico mundo empresarial actual, la figura del empresario cristiano emerge como un l\u00edder que, guiado por su fe, busca no solo el \u00e9xito econ\u00f3mico, sino tambi\u00e9n el bienestar integral de sus colaboradores y la sociedad en general. Este enfoque hol\u00edstico se basa en principios cristianos que promueven la dignidad humana, la solidaridad y el desarrollo sostenible.<\/p>\n<p><iframe title=\"Spotify Embed: Liderando con Fe y Excelencia\" style=\"border-radius: 12px\" width=\"100%\" height=\"152\" frameborder=\"0\" allowfullscreen allow=\"autoplay; clipboard-write; encrypted-media; fullscreen; picture-in-picture\" loading=\"lazy\" src=\"https:\/\/open.spotify.com\/embed\/episode\/51TVZrhUU2gsaftlNfH9za?si=82b467bcc3ce4c51&#038;utm_source=oembed\"><\/iframe><\/p>\n<h3 data-start=\"499\" data-end=\"544\"><strong data-start=\"499\" data-end=\"544\">Caracter\u00edsticas de un Empresario Cristiano<\/strong><\/h3>\n<ol data-start=\"546\" data-end=\"1310\">\n<li data-start=\"546\" data-end=\"684\">\n<p data-start=\"549\" data-end=\"684\"><strong data-start=\"549\" data-end=\"571\">\u00c9tica y Honestidad<\/strong>: Fundamenta sus decisiones en la moral cristiana, actuando con integridad y transparencia en todas sus acciones.<\/p>\n<\/li>\n<li data-start=\"686\" data-end=\"839\">\n<p data-start=\"689\" data-end=\"839\"><strong data-start=\"689\" data-end=\"715\">Responsabilidad Social<\/strong>: Reconoce su papel en la sociedad, contribuyendo al bien com\u00fan y apoyando iniciativas que favorezcan a los m\u00e1s necesitados.<\/p>\n<\/li>\n<li data-start=\"841\" data-end=\"979\">\n<p data-start=\"844\" data-end=\"979\"><strong data-start=\"844\" data-end=\"878\">Respeto por la Dignidad Humana<\/strong>: Valora a cada persona como hijo de Dios, fomentando un ambiente de respeto y equidad en su empresa.<\/p>\n<\/li>\n<li data-start=\"981\" data-end=\"1122\">\n<p data-start=\"984\" data-end=\"1122\"><strong data-start=\"984\" data-end=\"1007\">Liderazgo Servicial<\/strong>: Sigue el ejemplo de Cristo, liderando con humildad y poniendo las necesidades de los dem\u00e1s antes que las propias.<\/p>\n<\/li>\n<li data-start=\"1124\" data-end=\"1310\">\n<p data-start=\"1127\" data-end=\"1310\"><strong data-start=\"1127\" data-end=\"1156\">B\u00fasqueda de la Excelencia<\/strong>: Se esfuerza por alcanzar la perfecci\u00f3n en su trabajo, ofreciendo productos y servicios de calidad que reflejen su compromiso con la verdad y la belleza.<\/p>\n<\/li>\n<\/ol>\n<h3 data-start=\"1312\" data-end=\"1351\"><strong data-start=\"1312\" data-end=\"1351\">El Ambiente en una Empresa<\/strong><\/h3>\n<p data-start=\"1353\" data-end=\"1477\">Una empresa guiada por principios cat\u00f3licos se distingue por crear un entorno laboral que refleja los valores del Evangelio:<\/p>\n<ul data-start=\"1479\" data-end=\"2243\">\n<li data-start=\"1479\" data-end=\"1645\">\n<p data-start=\"1481\" data-end=\"1645\"><strong data-start=\"1481\" data-end=\"1518\">Clima de Confianza y Colaboraci\u00f3n<\/strong>: Se promueve la comunicaci\u00f3n abierta y el trabajo en equipo, reconociendo que cada miembro aporta talentos \u00fanicos al conjunto.<\/p>\n<\/li>\n<li data-start=\"1647\" data-end=\"1805\">\n<p data-start=\"1649\" data-end=\"1805\"><strong data-start=\"1649\" data-end=\"1671\">Formaci\u00f3n Integral<\/strong>: Se ofrecen oportunidades de crecimiento profesional y personal, fomentando el desarrollo de habilidades y virtudes en los empleados.<\/p>\n<\/li>\n<li data-start=\"1807\" data-end=\"1965\">\n<p data-start=\"1809\" data-end=\"1965\"><strong data-start=\"1809\" data-end=\"1841\">Conciliaci\u00f3n Trabajo-Familia<\/strong>: Se respetan los tiempos personales y familiares, entendiendo la importancia de equilibrar la vida laboral con la familiar.<\/p>\n<\/li>\n<li data-start=\"1967\" data-end=\"2105\">\n<p data-start=\"1969\" data-end=\"2105\"><strong data-start=\"1969\" data-end=\"2000\">Compromiso con la Comunidad<\/strong>: Se incentivan proyectos que beneficien a la sociedad, demostrando solidaridad y responsabilidad social.<\/p>\n<\/li>\n<li data-start=\"2107\" data-end=\"2243\">\n<p data-start=\"2109\" data-end=\"2243\"><strong data-start=\"2109\" data-end=\"2139\">Cuidado del Medio Ambiente<\/strong>: Se implementan pr\u00e1cticas sostenibles que respeten la creaci\u00f3n y promuevan la conservaci\u00f3n del planeta.<\/p>\n<\/li>\n<\/ul>\n<p data-start=\"2245\" data-end=\"2503\">Al integrar estos valores en su quehacer diario, el empresario cristiano no solo contribuye al \u00e9xito de su empresa, sino que tambi\u00e9n se convierte en un agente de cambio positivo en la sociedad, reflejando el amor y la justicia de Dios en el mundo empresarial.<\/p>\n<p data-start=\"2245\" data-end=\"2503\"><img loading=\"lazy\" decoding=\"async\" class=\"size-full wp-image-121446 alignnone\" src=\"https:\/\/exaudi.org\/wp-content\/uploads\/2025\/03\/Copia-de-voces-2.jpg\" alt=\"\" width=\"940\" height=\"788\" srcset=\"https:\/\/exaudi.org\/wp-content\/uploads\/2025\/03\/Copia-de-voces-2.jpg 940w, https:\/\/exaudi.org\/wp-content\/uploads\/2025\/03\/Copia-de-voces-2-300x251.jpg 300w, https:\/\/exaudi.org\/wp-content\/uploads\/2025\/03\/Copia-de-voces-2-770x645.jpg 770w, https:\/\/exaudi.org\/wp-content\/uploads\/2025\/03\/Copia-de-voces-2-500x419.jpg 500w\" sizes=\"auto, (max-width: 940px) 100vw, 940px\" \/><\/p>\n","protected":false},"excerpt":{"rendered":"<p>Integrando valores cristianos para transformar el mundo empresarial<\/p>\n","protected":false},"author":149,"featured_media":121437,"comment_status":"closed","ping_status":"closed","sticky":false,"template":"","format":"standard","meta":{"_acf_changed":false,"_crdt_document":"","inline_featured_image":false,"footnotes":""},"categories":[130],"tags":[49526,49524,49530,31724,49522,49529,49521,49525,43602,47662,49528,2419,29174,25201,49523,29894,49531,49527],"class_list":["post-121436","post","type-post","status-publish","format-standard","has-post-thumbnail","hentry","category-voces","tag-como-ser-un-empresario-catolico","tag-conciliacion-trabajo-familia","tag-desarrollo-sostenible-cristiano","tag-dignidad-humana-en-el-trabajo","tag-empresa-catolica","tag-empresa-con-proposito","tag-empresa-con-valores","tag-empresa-y-evangelio","tag-empresario-catolico","tag-etica-cristiana-en-los-negocios","tag-fe-y-empresa","tag-featured","tag-liderazgo-cristiano","tag-liderazgo-servicial","tag-principios-cristianos-en-la-empresa","tag-responsabilidad-social-empresarial","tag-solidaridad-en-la-empresa","tag-valores-cristianos-en-los-negocios"],"acf":[],"yoast_head":"<!-- This site is optimized with the Yoast SEO plugin v27.5 - https:\/\/yoast.com\/product\/yoast-seo-wordpress\/ -->\n<title>Liderando con Fe y Excelencia &#8211; Exaudi<\/title>\n<meta name=\"robots\" content=\"index, follow, max-snippet:-1, max-image-preview:large, max-video-preview:-1\" \/>\n<link rel=\"canonical\" href=\"https:\/\/exaudi.org\/es\/liderando-con-fe-y-excelencia\/\" \/>\n<meta property=\"og:locale\" content=\"es_ES\" \/>\n<meta property=\"og:type\" content=\"article\" \/>\n<meta property=\"og:title\" content=\"Liderando con Fe y Excelencia &#8211; Exaudi\" \/>\n<meta property=\"og:description\" content=\"Integrando valores cristianos para transformar el mundo empresarial\" \/>\n<meta property=\"og:url\" content=\"https:\/\/exaudi.org\/es\/liderando-con-fe-y-excelencia\/\" \/>\n<meta property=\"og:site_name\" content=\"Exaudi\" \/>\n<meta property=\"article:publisher\" content=\"https:\/\/www.facebook.com\/ExaudiNews\" \/>\n<meta property=\"article:published_time\" content=\"2025-03-17T11:40:41+00:00\" \/>\n<meta property=\"article:modified_time\" content=\"2025-03-17T12:23:48+00:00\" \/>\n<meta property=\"og:image\" content=\"https:\/\/exaudi.org\/wp-content\/uploads\/2025\/03\/pexels-ketut-subiyanto-4560165-scaled.jpg\" \/>\n\t<meta property=\"og:image:width\" content=\"2560\" \/>\n\t<meta property=\"og:image:height\" content=\"1707\" \/>\n\t<meta property=\"og:image:type\" content=\"image\/jpeg\" \/>\n<meta name=\"author\" content=\"Javier Ferrer Garc\u00eda\" \/>\n<meta name=\"twitter:card\" content=\"summary_large_image\" \/>\n<meta name=\"twitter:creator\" content=\"@Exaudi_News\" \/>\n<meta name=\"twitter:site\" content=\"@Exaudi_News\" \/>\n<meta name=\"twitter:label1\" content=\"Escrito por\" \/>\n\t<meta name=\"twitter:data1\" content=\"Javier Ferrer Garc\u00eda\" \/>\n\t<meta name=\"twitter:label2\" content=\"Tiempo de lectura\" \/>\n\t<meta name=\"twitter:data2\" content=\"2 minutos\" \/>\n<script type=\"application\/ld+json\" class=\"yoast-schema-graph\">{\"@context\":\"https:\\\/\\\/schema.org\",\"@graph\":[{\"@type\":\"Article\",\"@id\":\"https:\\\/\\\/exaudi.org\\\/es\\\/liderando-con-fe-y-excelencia\\\/#article\",\"isPartOf\":{\"@id\":\"https:\\\/\\\/exaudi.org\\\/es\\\/liderando-con-fe-y-excelencia\\\/\"},\"author\":{\"name\":\"Javier Ferrer Garc\u00eda\",\"@id\":\"https:\\\/\\\/exaudi.org\\\/#\\\/schema\\\/person\\\/0428626ea256fe1d193098fe0ee2b91d\"},\"headline\":\"Liderando con Fe y Excelencia\",\"datePublished\":\"2025-03-17T11:40:41+00:00\",\"dateModified\":\"2025-03-17T12:23:48+00:00\",\"mainEntityOfPage\":{\"@id\":\"https:\\\/\\\/exaudi.org\\\/es\\\/liderando-con-fe-y-excelencia\\\/\"},\"wordCount\":382,\"image\":{\"@id\":\"https:\\\/\\\/exaudi.org\\\/es\\\/liderando-con-fe-y-excelencia\\\/#primaryimage\"},\"thumbnailUrl\":\"https:\\\/\\\/exaudi.org\\\/wp-content\\\/uploads\\\/2025\\\/03\\\/pexels-ketut-subiyanto-4560165-scaled.jpg\",\"keywords\":[\"c\u00f3mo ser un empresario cat\u00f3lico\",\"conciliaci\u00f3n trabajo-familia\",\"desarrollo sostenible cristiano\",\"Dignidad humana en el trabajo\",\"empresa cat\u00f3lica\",\"empresa con prop\u00f3sito\",\"empresa con valores\",\"empresa y evangelio\",\"empresario cat\u00f3lico\",\"\u00e9tica cristiana en los negocios\",\"fe y empresa\",\"Featured\",\"liderazgo cristiano\",\"liderazgo servicial\",\"principios cristianos en la empresa\",\"Responsabilidad social empresarial\",\"solidaridad en la empresa\",\"valores cristianos en los negocios\"],\"articleSection\":[\"Voces\"],\"inLanguage\":\"es\"},{\"@type\":\"WebPage\",\"@id\":\"https:\\\/\\\/exaudi.org\\\/es\\\/liderando-con-fe-y-excelencia\\\/\",\"url\":\"https:\\\/\\\/exaudi.org\\\/es\\\/liderando-con-fe-y-excelencia\\\/\",\"name\":\"Liderando con Fe y Excelencia &#8211; Exaudi\",\"isPartOf\":{\"@id\":\"https:\\\/\\\/exaudi.org\\\/#website\"},\"primaryImageOfPage\":{\"@id\":\"https:\\\/\\\/exaudi.org\\\/es\\\/liderando-con-fe-y-excelencia\\\/#primaryimage\"},\"image\":{\"@id\":\"https:\\\/\\\/exaudi.org\\\/es\\\/liderando-con-fe-y-excelencia\\\/#primaryimage\"},\"thumbnailUrl\":\"https:\\\/\\\/exaudi.org\\\/wp-content\\\/uploads\\\/2025\\\/03\\\/pexels-ketut-subiyanto-4560165-scaled.jpg\",\"datePublished\":\"2025-03-17T11:40:41+00:00\",\"dateModified\":\"2025-03-17T12:23:48+00:00\",\"author\":{\"@id\":\"https:\\\/\\\/exaudi.org\\\/#\\\/schema\\\/person\\\/0428626ea256fe1d193098fe0ee2b91d\"},\"breadcrumb\":{\"@id\":\"https:\\\/\\\/exaudi.org\\\/es\\\/liderando-con-fe-y-excelencia\\\/#breadcrumb\"},\"inLanguage\":\"es\",\"potentialAction\":[{\"@type\":\"ReadAction\",\"target\":[\"https:\\\/\\\/exaudi.org\\\/es\\\/liderando-con-fe-y-excelencia\\\/\"]}]},{\"@type\":\"ImageObject\",\"inLanguage\":\"es\",\"@id\":\"https:\\\/\\\/exaudi.org\\\/es\\\/liderando-con-fe-y-excelencia\\\/#primaryimage\",\"url\":\"https:\\\/\\\/exaudi.org\\\/wp-content\\\/uploads\\\/2025\\\/03\\\/pexels-ketut-subiyanto-4560165-scaled.jpg\",\"contentUrl\":\"https:\\\/\\\/exaudi.org\\\/wp-content\\\/uploads\\\/2025\\\/03\\\/pexels-ketut-subiyanto-4560165-scaled.jpg\",\"width\":2560,\"height\":1707,\"caption\":\"Pexels\"},{\"@type\":\"BreadcrumbList\",\"@id\":\"https:\\\/\\\/exaudi.org\\\/es\\\/liderando-con-fe-y-excelencia\\\/#breadcrumb\",\"itemListElement\":[{\"@type\":\"ListItem\",\"position\":1,\"name\":\"Portada\",\"item\":\"https:\\\/\\\/exaudi.org\\\/es\\\/\"},{\"@type\":\"ListItem\",\"position\":2,\"name\":\"Liderando con Fe y Excelencia\"}]},{\"@type\":\"WebSite\",\"@id\":\"https:\\\/\\\/exaudi.org\\\/#website\",\"url\":\"https:\\\/\\\/exaudi.org\\\/\",\"name\":\"Exaudi\",\"description\":\"News\",\"potentialAction\":[{\"@type\":\"SearchAction\",\"target\":{\"@type\":\"EntryPoint\",\"urlTemplate\":\"https:\\\/\\\/exaudi.org\\\/?s={search_term_string}\"},\"query-input\":{\"@type\":\"PropertyValueSpecification\",\"valueRequired\":true,\"valueName\":\"search_term_string\"}}],\"inLanguage\":\"es\"},{\"@type\":\"Person\",\"@id\":\"https:\\\/\\\/exaudi.org\\\/#\\\/schema\\\/person\\\/0428626ea256fe1d193098fe0ee2b91d\",\"name\":\"Javier Ferrer Garc\u00eda\",\"image\":{\"@type\":\"ImageObject\",\"inLanguage\":\"es\",\"@id\":\"https:\\\/\\\/secure.gravatar.com\\\/avatar\\\/c7bc1aef05f4433794cef4a55499c99ae6c0d617e2aa24ba4876a5432af93b2d?s=96&d=mm&r=g\",\"url\":\"https:\\\/\\\/secure.gravatar.com\\\/avatar\\\/c7bc1aef05f4433794cef4a55499c99ae6c0d617e2aa24ba4876a5432af93b2d?s=96&d=mm&r=g\",\"contentUrl\":\"https:\\\/\\\/secure.gravatar.com\\\/avatar\\\/c7bc1aef05f4433794cef4a55499c99ae6c0d617e2aa24ba4876a5432af93b2d?s=96&d=mm&r=g\",\"caption\":\"Javier Ferrer Garc\u00eda\"},\"description\":\"Soy un apasionado de la vida. Fil\u00f3sofo y economista. Mi carrera profesional se ha enriquecido con el constante deseo de aprender y crecer tanto en el \u00e1mbito acad\u00e9mico como en el personal. Me considero un ferviente lector y amante del cine, lo cual me permite tener una perspectiva amplia y diversa sobre el mundo que nos rodea. Como cat\u00f3lico comprometido, busco integrar mis valores en cada aspecto de mi vida, desde mi carrera profesional hasta mi rol como esposo y padre de familia\",\"url\":\"https:\\\/\\\/exaudi.org\\\/es\\\/author\\\/javier-ferrer-garcia\\\/\"}]}<\/script>\n<!-- \/ Yoast SEO plugin. -->","yoast_head_json":{"title":"Liderando con Fe y Excelencia &#8211; Exaudi","robots":{"index":"index","follow":"follow","max-snippet":"max-snippet:-1","max-image-preview":"max-image-preview:large","max-video-preview":"max-video-preview:-1"},"canonical":"https:\/\/exaudi.org\/es\/liderando-con-fe-y-excelencia\/","og_locale":"es_ES","og_type":"article","og_title":"Liderando con Fe y Excelencia &#8211; Exaudi","og_description":"Integrando valores cristianos para transformar el mundo empresarial","og_url":"https:\/\/exaudi.org\/es\/liderando-con-fe-y-excelencia\/","og_site_name":"Exaudi","article_publisher":"https:\/\/www.facebook.com\/ExaudiNews","article_published_time":"2025-03-17T11:40:41+00:00","article_modified_time":"2025-03-17T12:23:48+00:00","og_image":[{"width":2560,"height":1707,"url":"https:\/\/exaudi.org\/wp-content\/uploads\/2025\/03\/pexels-ketut-subiyanto-4560165-scaled.jpg","type":"image\/jpeg"}],"author":"Javier Ferrer Garc\u00eda","twitter_card":"summary_large_image","twitter_creator":"@Exaudi_News","twitter_site":"@Exaudi_News","twitter_misc":{"Escrito por":"Javier Ferrer Garc\u00eda","Tiempo de lectura":"2 minutos"},"schema":{"@context":"https:\/\/schema.org","@graph":[{"@type":"Article","@id":"https:\/\/exaudi.org\/es\/liderando-con-fe-y-excelencia\/#article","isPartOf":{"@id":"https:\/\/exaudi.org\/es\/liderando-con-fe-y-excelencia\/"},"author":{"name":"Javier Ferrer Garc\u00eda","@id":"https:\/\/exaudi.org\/#\/schema\/person\/0428626ea256fe1d193098fe0ee2b91d"},"headline":"Liderando con Fe y Excelencia","datePublished":"2025-03-17T11:40:41+00:00","dateModified":"2025-03-17T12:23:48+00:00","mainEntityOfPage":{"@id":"https:\/\/exaudi.org\/es\/liderando-con-fe-y-excelencia\/"},"wordCount":382,"image":{"@id":"https:\/\/exaudi.org\/es\/liderando-con-fe-y-excelencia\/#primaryimage"},"thumbnailUrl":"https:\/\/exaudi.org\/wp-content\/uploads\/2025\/03\/pexels-ketut-subiyanto-4560165-scaled.jpg","keywords":["c\u00f3mo ser un empresario cat\u00f3lico","conciliaci\u00f3n trabajo-familia","desarrollo sostenible cristiano","Dignidad humana en el trabajo","empresa cat\u00f3lica","empresa con prop\u00f3sito","empresa con valores","empresa y evangelio","empresario cat\u00f3lico","\u00e9tica cristiana en los negocios","fe y empresa","Featured","liderazgo cristiano","liderazgo servicial","principios cristianos en la empresa","Responsabilidad social empresarial","solidaridad en la empresa","valores cristianos en los negocios"],"articleSection":["Voces"],"inLanguage":"es"},{"@type":"WebPage","@id":"https:\/\/exaudi.org\/es\/liderando-con-fe-y-excelencia\/","url":"https:\/\/exaudi.org\/es\/liderando-con-fe-y-excelencia\/","name":"Liderando con Fe y Excelencia &#8211; Exaudi","isPartOf":{"@id":"https:\/\/exaudi.org\/#website"},"primaryImageOfPage":{"@id":"https:\/\/exaudi.org\/es\/liderando-con-fe-y-excelencia\/#primaryimage"},"image":{"@id":"https:\/\/exaudi.org\/es\/liderando-con-fe-y-excelencia\/#primaryimage"},"thumbnailUrl":"https:\/\/exaudi.org\/wp-content\/uploads\/2025\/03\/pexels-ketut-subiyanto-4560165-scaled.jpg","datePublished":"2025-03-17T11:40:41+00:00","dateModified":"2025-03-17T12:23:48+00:00","author":{"@id":"https:\/\/exaudi.org\/#\/schema\/person\/0428626ea256fe1d193098fe0ee2b91d"},"breadcrumb":{"@id":"https:\/\/exaudi.org\/es\/liderando-con-fe-y-excelencia\/#breadcrumb"},"inLanguage":"es","potentialAction":[{"@type":"ReadAction","target":["https:\/\/exaudi.org\/es\/liderando-con-fe-y-excelencia\/"]}]},{"@type":"ImageObject","inLanguage":"es","@id":"https:\/\/exaudi.org\/es\/liderando-con-fe-y-excelencia\/#primaryimage","url":"https:\/\/exaudi.org\/wp-content\/uploads\/2025\/03\/pexels-ketut-subiyanto-4560165-scaled.jpg","contentUrl":"https:\/\/exaudi.org\/wp-content\/uploads\/2025\/03\/pexels-ketut-subiyanto-4560165-scaled.jpg","width":2560,"height":1707,"caption":"Pexels"},{"@type":"BreadcrumbList","@id":"https:\/\/exaudi.org\/es\/liderando-con-fe-y-excelencia\/#breadcrumb","itemListElement":[{"@type":"ListItem","position":1,"name":"Portada","item":"https:\/\/exaudi.org\/es\/"},{"@type":"ListItem","position":2,"name":"Liderando con Fe y Excelencia"}]},{"@type":"WebSite","@id":"https:\/\/exaudi.org\/#website","url":"https:\/\/exaudi.org\/","name":"Exaudi","description":"News","potentialAction":[{"@type":"SearchAction","target":{"@type":"EntryPoint","urlTemplate":"https:\/\/exaudi.org\/?s={search_term_string}"},"query-input":{"@type":"PropertyValueSpecification","valueRequired":true,"valueName":"search_term_string"}}],"inLanguage":"es"},{"@type":"Person","@id":"https:\/\/exaudi.org\/#\/schema\/person\/0428626ea256fe1d193098fe0ee2b91d","name":"Javier Ferrer Garc\u00eda","image":{"@type":"ImageObject","inLanguage":"es","@id":"https:\/\/secure.gravatar.com\/avatar\/c7bc1aef05f4433794cef4a55499c99ae6c0d617e2aa24ba4876a5432af93b2d?s=96&d=mm&r=g","url":"https:\/\/secure.gravatar.com\/avatar\/c7bc1aef05f4433794cef4a55499c99ae6c0d617e2aa24ba4876a5432af93b2d?s=96&d=mm&r=g","contentUrl":"https:\/\/secure.gravatar.com\/avatar\/c7bc1aef05f4433794cef4a55499c99ae6c0d617e2aa24ba4876a5432af93b2d?s=96&d=mm&r=g","caption":"Javier Ferrer Garc\u00eda"},"description":"Soy un apasionado de la vida. Fil\u00f3sofo y economista. Mi carrera profesional se ha enriquecido con el constante deseo de aprender y crecer tanto en el \u00e1mbito acad\u00e9mico como en el personal. Me considero un ferviente lector y amante del cine, lo cual me permite tener una perspectiva amplia y diversa sobre el mundo que nos rodea. Como cat\u00f3lico comprometido, busco integrar mis valores en cada aspecto de mi vida, desde mi carrera profesional hasta mi rol como esposo y padre de familia","url":"https:\/\/exaudi.org\/es\/author\/javier-ferrer-garcia\/"}]}},"jetpack_featured_media_url":"https:\/\/exaudi.org\/wp-content\/uploads\/2025\/03\/pexels-ketut-subiyanto-4560165-scaled.jpg","jetpack_shortlink":"https:\/\/wp.me\/pgKjF2-vAE","_links":{"self":[{"href":"https:\/\/exaudi.org\/es\/wp-json\/wp\/v2\/posts\/121436","targetHints":{"allow":["GET"]}}],"collection":[{"href":"https:\/\/exaudi.org\/es\/wp-json\/wp\/v2\/posts"}],"about":[{"href":"https:\/\/exaudi.org\/es\/wp-json\/wp\/v2\/types\/post"}],"author":[{"embeddable":true,"href":"https:\/\/exaudi.org\/es\/wp-json\/wp\/v2\/users\/149"}],"replies":[{"embeddable":true,"href":"https:\/\/exaudi.org\/es\/wp-json\/wp\/v2\/comments?post=121436"}],"version-history":[{"count":0,"href":"https:\/\/exaudi.org\/es\/wp-json\/wp\/v2\/posts\/121436\/revisions"}],"wp:featuredmedia":[{"embeddable":true,"href":"https:\/\/exaudi.org\/es\/wp-json\/wp\/v2\/media\/121437"}],"wp:attachment":[{"href":"https:\/\/exaudi.org\/es\/wp-json\/wp\/v2\/media?parent=121436"}],"wp:term":[{"taxonomy":"category","embeddable":true,"href":"https:\/\/exaudi.org\/es\/wp-json\/wp\/v2\/categories?post=121436"},{"taxonomy":"post_tag","embeddable":true,"href":"https:\/\/exaudi.org\/es\/wp-json\/wp\/v2\/tags?post=121436"}],"curies":[{"name":"wp","href":"https:\/\/api.w.org\/{rel}","templated":true}]}}