{"id":121278,"date":"2025-03-14T07:55:22","date_gmt":"2025-03-14T06:55:22","guid":{"rendered":"https:\/\/exaudi.org\/?p=121278"},"modified":"2025-03-14T09:17:53","modified_gmt":"2025-03-14T08:17:53","slug":"la-corte-interamericana-de-derechos-humanos-sentencia-que-el-aborto-no-es-un-derecho","status":"publish","type":"post","link":"https:\/\/exaudi.org\/es\/la-corte-interamericana-de-derechos-humanos-sentencia-que-el-aborto-no-es-un-derecho\/","title":{"rendered":"La Corte Interamericana de Derechos Humanos sentencia que el aborto no es un derecho"},"content":{"rendered":"<p>La Corte Interamericana de Derechos Humanos ha rechazado la solicitud de organizaciones abortistas y de la Comisi\u00f3n Interamericana de Derechos Humanos para que se reconociera el aborto como un derecho en El Salvador.<\/p>\n<p>Asimismo, tampoco ha aceptado la petici\u00f3n de considerar como acto de tortura la negativa a facilitar un\u00a0<strong><a href=\"https:\/\/www.observatoriobioetica.org\/2017\/04\/estatuto-biologico-del-embrion-humano-3\/15982\" target=\"_blank\" rel=\"noopener\">aborto<\/a><\/strong>\u00a0dentro del sistema interamericano de derechos humanos.<\/p>\n<p>El presidente de Global Center For Human Rights, Sebasti\u00e1n Schuff,<strong>\u00a0<a href=\"https:\/\/x.com\/GlobalCenter4HR\/status\/1870272680252895371\" target=\"_blank\" rel=\"noopener\">ha afirmado<\/a>\u00a0<\/strong>que \u201cse trata de una gran victoria, no solo para El Salvador, sino para todos los pa\u00edses\u201d.<\/p>\n<p>Esta sentencia se ha emitido a ra\u00edz del famoso caso de Beatriz, una joven salvadore\u00f1a embarazada, que padec\u00eda una enfermedad autoinmune, lupus eritematoso, y que solicit\u00f3 en 2013 la interrupci\u00f3n de su embarazo debido a que el feto presentaba anencefalia, una grave malformaci\u00f3n letal.<\/p>\n<p>La petici\u00f3n fue denegada, ya que en El Salvador se proh\u00edbe el aborto en toda circunstancia. Cuatro a\u00f1os despu\u00e9s, la joven falleci\u00f3 y su madre, Delmy Cortez, inici\u00f3 entonces una campa\u00f1a para conseguir el acceso al aborto y la creaci\u00f3n de protocolos \u201cm\u00e9dicos y judiciales frente a embarazos que pongan en riesgo la vida y la salud de la mujer\u201d.<\/p>\n<p>La Corte Interamericana de Derechos Humanos emiti\u00f3, a ra\u00edz de este caso, una sentencia hist\u00f3rica, condenando al Estado salvadore\u00f1o por violar los derechos humanos de Beatriz al negarle un aborto terap\u00e9utico. Sin embargo, afirm\u00f3\u00a0<strong><a href=\"https:\/\/www.hispanidad.com\/sociedad\/corte-interamericana-derechos-humanos-sentencia-aborto-no-es-derecho_12055796_102.html\" target=\"_blank\" rel=\"noopener\">que no existe un derecho al aborto<\/a><\/strong>, respetando as\u00ed la Convenci\u00f3n Americana.<\/p>\n<p>Ligia Castaldi, perito ante la Corte IDH en el Caso Beatriz, explic\u00f3 en su fallo que la muerte de la joven en 2017 no estuvo relacionada con la decisi\u00f3n de negarle el acceso a practicarse el aborto ni con la prohibici\u00f3n de esta pr\u00e1ctica en el pa\u00eds. Como afirm\u00f3 en\u00a0<a href=\"https:\/\/www.aciprensa.com\/noticias\/109381\/corte-interamericana-de-derechos-humanos-rechaza-el-aborto-como-derecho-providas-celebran\" target=\"_blank\" rel=\"noopener\"><strong>Aciprensa<\/strong><\/a>: \u201cEl fallo no deber\u00eda considerarse \u00abuna sentencia provida\u00bb, ya que \u00absu mayor omisi\u00f3n es que no reconoce ni un s\u00f3lo derecho a la ni\u00f1a Leilani Beatriz, nacida viva, ni valora su vida de ninguna manera\u00bb. Asimismo, no se reconoce el aborto como un derecho, por lo que las restricciones en este pa\u00eds no se han modificado hasta el momento.<\/p>\n<h3><strong>La situaci\u00f3n del aborto en Am\u00e9rica Latina<\/strong><\/h3>\n<p>La regulaci\u00f3n del aborto en Am\u00e9rica Latina var\u00eda ampliamente entre los distintos pa\u00edses, reflejando diversas posturas legales, \u00e9ticas y culturales en torno a la protecci\u00f3n de la vida humana.<\/p>\n<p>En M\u00e9xico, la Suprema Corte de Justicia elimin\u00f3 el delito de aborto a nivel federal, lo que implica que ninguna mujer podr\u00e1 ser penalizada por esta pr\u00e1ctica. Antes de esta decisi\u00f3n, el aborto ya hab\u00eda sido despenalizado en 12 estados del pa\u00eds. En la Ciudad de M\u00e9xico, se permite hasta la semana 12 de gestaci\u00f3n.<\/p>\n<p>En pa\u00edses como Colombia, Argentina, Uruguay y Cuba, el aborto es legal a solicitud de cualquier mujer embarazada. En Uruguay y Cuba, la interrupci\u00f3n del embarazo est\u00e1 permitida hasta la semana 12 de gestaci\u00f3n, mientras que en Argentina el l\u00edmite se extiende hasta la semana 14.<\/p>\n<p>En el continente americano, otras naciones como Canad\u00e1, Guyana y Guayana Francesa tambi\u00e9n cuentan con normativas que permiten el aborto sin restricciones durante las primeras semanas de gestaci\u00f3n.<\/p>\n<p>Por otro lado, existen pa\u00edses que permiten el aborto \u00fanicamente en algunas circunstancias. Bolivia lo autoriza en casos de violaci\u00f3n, incesto o cuando est\u00e1 en riesgo la salud mental de la mujer. En Ecuador, solo est\u00e1 permitido en casos de violaci\u00f3n, mientras que en Per\u00fa se permite cuando hay riesgo para la vida de la madre.<\/p>\n<p>En naciones como Antigua y Barbuda, Brasil, Dominica, Guatemala, Panam\u00e1, Paraguay y Venezuela, el aborto est\u00e1 prohibido en general, pero se contempla como excepci\u00f3n cuando la vida de la madre est\u00e1 en peligro.<\/p>\n<p>Finalmente, Surinam, Nicaragua, Rep\u00fablica Dominicana y Honduras mantienen una prohibici\u00f3n total del aborto, sin excepciones legales, lo que refuerza la protecci\u00f3n del derecho a la vida desde la concepci\u00f3n en estos pa\u00edses.<\/p>\n<figure style=\"width: 1024px\" class=\"wp-caption alignnone\"><img loading=\"lazy\" decoding=\"async\" src=\"https:\/\/www.observatoriobioetica.org\/wp-content\/uploads\/2025\/03\/fotomapaaborto-1024x279.png\" sizes=\"auto, (max-width: 1024px) 100vw, 1024px\" srcset=\"https:\/\/www.observatoriobioetica.org\/wp-content\/uploads\/2025\/03\/fotomapaaborto-200x55.png 200w, https:\/\/www.observatoriobioetica.org\/wp-content\/uploads\/2025\/03\/fotomapaaborto-300x82.png 300w, https:\/\/www.observatoriobioetica.org\/wp-content\/uploads\/2025\/03\/fotomapaaborto-400x109.png 400w, https:\/\/www.observatoriobioetica.org\/wp-content\/uploads\/2025\/03\/fotomapaaborto-600x164.png 600w, https:\/\/www.observatoriobioetica.org\/wp-content\/uploads\/2025\/03\/fotomapaaborto-768x209.png 768w, https:\/\/www.observatoriobioetica.org\/wp-content\/uploads\/2025\/03\/fotomapaaborto-800x218.png 800w, https:\/\/www.observatoriobioetica.org\/wp-content\/uploads\/2025\/03\/fotomapaaborto-1024x279.png 1024w, https:\/\/www.observatoriobioetica.org\/wp-content\/uploads\/2025\/03\/fotomapaaborto-1200x327.png 1200w, https:\/\/www.observatoriobioetica.org\/wp-content\/uploads\/2025\/03\/fotomapaaborto-1320x360.png 1320w, https:\/\/www.observatoriobioetica.org\/wp-content\/uploads\/2025\/03\/fotomapaaborto-1536x419.png 1536w\" alt=\"\" width=\"1024\" height=\"279\" \/><figcaption class=\"wp-caption-text\">(CNN)<\/figcaption><\/figure>\n<h3><strong>Valoraci\u00f3n bio\u00e9tica<\/strong><\/h3>\n<p>El denominado aborto terap\u00e9utico constituye un eufemismo que encierra una gran contradicci\u00f3n. El aborto no es terap\u00e9utico en ning\u00fan caso: no lo es hacia el beb\u00e9 con el que termina ni para su madre, dado que las secuelas asociadas a la pr\u00e1ctica del aborto son objetivas.<\/p>\n<p>El avance de la medicina obst\u00e9trica permita descartar las situaciones en las que se tuviera que provocar la muerte del feto para salvar a su madre.\u00a0 Una intervenci\u00f3n terap\u00e9utica sobre una gestante dirigida a salvar su vida ante una enfermedad grave, que lleve asociado efectos secundarios con efectos embriot\u00f3xicos, pudiendo da\u00f1ar o matar al embri\u00f3n, es l\u00edcita bio\u00e9ticamente cuando no existe alternativa terap\u00e9utica, el doble efecto es inevitable y, adem\u00e1s, no es procurado intencionadamente. Pero esto no es un aborto terap\u00e9utico, sino una intervenci\u00f3n terap\u00e9utica hacia la gestante, esta vez s\u00ed, que lleva asociado de manera inevitable un efecto secundario sobre el feto.<\/p>\n<p>Intervenir con la intenci\u00f3n directa de provocar la muerte del embri\u00f3n o feto constituye en todo caso un atentado contra la vida humana injustificable y rechazable.<\/p>\n<p><em><strong>Julio Tudela &#8211;\u00a0Cristina Castillo &#8211;\u00a0Observatorio de Bio\u00e9tica &#8211;\u00a0Instituto Ciencias de la Vida &#8211;\u00a0Universidad Cat\u00f3lica de Valencia<\/strong><\/em><\/p>\n","protected":false},"excerpt":{"rendered":"<p>La Corte IDH desestima el aborto como derecho y respalda la Convenci\u00f3n Americana<\/p>\n","protected":false},"author":87,"featured_media":121279,"comment_status":"closed","ping_status":"closed","sticky":false,"template":"","format":"standard","meta":{"_acf_changed":false,"_crdt_document":"","inline_featured_image":false,"footnotes":""},"categories":[],"tags":[49252,728,49249,49251,49247,49248,605,49255,49253,49254,620,21128,49256,10790,630,4106,31381,49250,3049],"class_list":["post-121278","post","type-post","status-publish","format-standard","has-post-thumbnail","hentry","tag-aborto-terapeutico","tag-bioetica","tag-caso-beatriz","tag-convencion-americana","tag-corte-interamericana-de-derechos-humanos","tag-derecho-al-aborto","tag-el-salvador","tag-global-center-for-human-rights","tag-jurisprudencia-internacional","tag-justicia-interamericana","tag-latinoamerica","tag-legislacion-sobre-aborto","tag-ligia-castaldi","tag-observatorio-de-bioetica","tag-observatorio-de-bioetica-de-la-universidad-catolica-de-valencia","tag-provida","tag-salud-materna","tag-sentencia-historica","tag-universidad-catolica-de-valencia"],"acf":[],"yoast_head":"<!-- This site is optimized with the Yoast SEO plugin v27.5 - https:\/\/yoast.com\/product\/yoast-seo-wordpress\/ -->\n<title>La Corte Interamericana de Derechos Humanos sentencia que el aborto no es un derecho &#8211; Exaudi<\/title>\n<meta name=\"robots\" content=\"index, follow, max-snippet:-1, max-image-preview:large, max-video-preview:-1\" \/>\n<link rel=\"canonical\" href=\"https:\/\/exaudi.org\/es\/la-corte-interamericana-de-derechos-humanos-sentencia-que-el-aborto-no-es-un-derecho\/\" \/>\n<meta property=\"og:locale\" content=\"es_ES\" \/>\n<meta property=\"og:type\" content=\"article\" \/>\n<meta property=\"og:title\" content=\"La Corte Interamericana de Derechos Humanos sentencia que el aborto no es un derecho &#8211; Exaudi\" \/>\n<meta property=\"og:description\" content=\"La Corte IDH desestima el aborto como derecho y respalda la Convenci\u00f3n Americana\" \/>\n<meta property=\"og:url\" content=\"https:\/\/exaudi.org\/es\/la-corte-interamericana-de-derechos-humanos-sentencia-que-el-aborto-no-es-un-derecho\/\" \/>\n<meta property=\"og:site_name\" content=\"Exaudi\" \/>\n<meta property=\"article:publisher\" content=\"https:\/\/www.facebook.com\/ExaudiNews\" \/>\n<meta property=\"article:author\" content=\"https:\/\/www.facebook.com\/observatoriodebioetica\/\" \/>\n<meta property=\"article:published_time\" content=\"2025-03-14T06:55:22+00:00\" \/>\n<meta property=\"article:modified_time\" content=\"2025-03-14T08:17:53+00:00\" \/>\n<meta property=\"og:image\" content=\"https:\/\/exaudi.org\/wp-content\/uploads\/2025\/03\/Abortoelsalvador-compressed-scaled.jpg\" \/>\n\t<meta property=\"og:image:width\" content=\"2560\" \/>\n\t<meta property=\"og:image:height\" content=\"994\" \/>\n\t<meta property=\"og:image:type\" content=\"image\/jpeg\" \/>\n<meta name=\"author\" content=\"Observatorio de Bio\u00e9tica UCV\" \/>\n<meta name=\"twitter:card\" content=\"summary_large_image\" \/>\n<meta name=\"twitter:creator\" content=\"@obioetica\" \/>\n<meta name=\"twitter:site\" content=\"@Exaudi_News\" \/>\n<meta name=\"twitter:label1\" content=\"Escrito por\" \/>\n\t<meta name=\"twitter:data1\" content=\"Observatorio de Bio\u00e9tica UCV\" \/>\n\t<meta name=\"twitter:label2\" content=\"Tiempo de lectura\" \/>\n\t<meta name=\"twitter:data2\" content=\"5 minutos\" \/>\n<script type=\"application\/ld+json\" class=\"yoast-schema-graph\">{\"@context\":\"https:\\\/\\\/schema.org\",\"@graph\":[{\"@type\":\"Article\",\"@id\":\"https:\\\/\\\/exaudi.org\\\/es\\\/la-corte-interamericana-de-derechos-humanos-sentencia-que-el-aborto-no-es-un-derecho\\\/#article\",\"isPartOf\":{\"@id\":\"https:\\\/\\\/exaudi.org\\\/es\\\/la-corte-interamericana-de-derechos-humanos-sentencia-que-el-aborto-no-es-un-derecho\\\/\"},\"author\":{\"name\":\"Observatorio de Bio\u00e9tica UCV\",\"@id\":\"https:\\\/\\\/exaudi.org\\\/#\\\/schema\\\/person\\\/05d1c06e56ecb5490e9bff0d27026595\"},\"headline\":\"La Corte Interamericana de Derechos Humanos sentencia que el aborto no es un derecho\",\"datePublished\":\"2025-03-14T06:55:22+00:00\",\"dateModified\":\"2025-03-14T08:17:53+00:00\",\"mainEntityOfPage\":{\"@id\":\"https:\\\/\\\/exaudi.org\\\/es\\\/la-corte-interamericana-de-derechos-humanos-sentencia-que-el-aborto-no-es-un-derecho\\\/\"},\"wordCount\":928,\"image\":{\"@id\":\"https:\\\/\\\/exaudi.org\\\/es\\\/la-corte-interamericana-de-derechos-humanos-sentencia-que-el-aborto-no-es-un-derecho\\\/#primaryimage\"},\"thumbnailUrl\":\"https:\\\/\\\/exaudi.org\\\/wp-content\\\/uploads\\\/2025\\\/03\\\/Abortoelsalvador-compressed-scaled.jpg\",\"keywords\":[\"aborto terap\u00e9utico\",\"Bio\u00e9tica\",\"caso beatriz\",\"convenci\u00f3n americana\",\"corte interamericana de derechos humanos\",\"derecho al aborto\",\"El Salvador\",\"global center for human rights\",\"jurisprudencia internacional\",\"justicia interamericana\",\"Latinoam\u00e9rica\",\"legislaci\u00f3n sobre aborto\",\"ligia castaldi\",\"Observatorio de Bio\u00e9tica\",\"Observatorio de Bio\u00e9tica de la Universidad Cat\u00f3lica de Valencia\",\"Provida\",\"salud materna\",\"sentencia hist\u00f3rica\",\"Universidad Cat\u00f3lica de Valencia\"],\"inLanguage\":\"es\"},{\"@type\":\"WebPage\",\"@id\":\"https:\\\/\\\/exaudi.org\\\/es\\\/la-corte-interamericana-de-derechos-humanos-sentencia-que-el-aborto-no-es-un-derecho\\\/\",\"url\":\"https:\\\/\\\/exaudi.org\\\/es\\\/la-corte-interamericana-de-derechos-humanos-sentencia-que-el-aborto-no-es-un-derecho\\\/\",\"name\":\"La Corte Interamericana de Derechos Humanos sentencia que el aborto no es un derecho &#8211; Exaudi\",\"isPartOf\":{\"@id\":\"https:\\\/\\\/exaudi.org\\\/#website\"},\"primaryImageOfPage\":{\"@id\":\"https:\\\/\\\/exaudi.org\\\/es\\\/la-corte-interamericana-de-derechos-humanos-sentencia-que-el-aborto-no-es-un-derecho\\\/#primaryimage\"},\"image\":{\"@id\":\"https:\\\/\\\/exaudi.org\\\/es\\\/la-corte-interamericana-de-derechos-humanos-sentencia-que-el-aborto-no-es-un-derecho\\\/#primaryimage\"},\"thumbnailUrl\":\"https:\\\/\\\/exaudi.org\\\/wp-content\\\/uploads\\\/2025\\\/03\\\/Abortoelsalvador-compressed-scaled.jpg\",\"datePublished\":\"2025-03-14T06:55:22+00:00\",\"dateModified\":\"2025-03-14T08:17:53+00:00\",\"author\":{\"@id\":\"https:\\\/\\\/exaudi.org\\\/#\\\/schema\\\/person\\\/05d1c06e56ecb5490e9bff0d27026595\"},\"breadcrumb\":{\"@id\":\"https:\\\/\\\/exaudi.org\\\/es\\\/la-corte-interamericana-de-derechos-humanos-sentencia-que-el-aborto-no-es-un-derecho\\\/#breadcrumb\"},\"inLanguage\":\"es\",\"potentialAction\":[{\"@type\":\"ReadAction\",\"target\":[\"https:\\\/\\\/exaudi.org\\\/es\\\/la-corte-interamericana-de-derechos-humanos-sentencia-que-el-aborto-no-es-un-derecho\\\/\"]}]},{\"@type\":\"ImageObject\",\"inLanguage\":\"es\",\"@id\":\"https:\\\/\\\/exaudi.org\\\/es\\\/la-corte-interamericana-de-derechos-humanos-sentencia-que-el-aborto-no-es-un-derecho\\\/#primaryimage\",\"url\":\"https:\\\/\\\/exaudi.org\\\/wp-content\\\/uploads\\\/2025\\\/03\\\/Abortoelsalvador-compressed-scaled.jpg\",\"contentUrl\":\"https:\\\/\\\/exaudi.org\\\/wp-content\\\/uploads\\\/2025\\\/03\\\/Abortoelsalvador-compressed-scaled.jpg\",\"width\":2560,\"height\":994},{\"@type\":\"BreadcrumbList\",\"@id\":\"https:\\\/\\\/exaudi.org\\\/es\\\/la-corte-interamericana-de-derechos-humanos-sentencia-que-el-aborto-no-es-un-derecho\\\/#breadcrumb\",\"itemListElement\":[{\"@type\":\"ListItem\",\"position\":1,\"name\":\"Portada\",\"item\":\"https:\\\/\\\/exaudi.org\\\/es\\\/\"},{\"@type\":\"ListItem\",\"position\":2,\"name\":\"La Corte Interamericana de Derechos Humanos sentencia que el aborto no es un derecho\"}]},{\"@type\":\"WebSite\",\"@id\":\"https:\\\/\\\/exaudi.org\\\/#website\",\"url\":\"https:\\\/\\\/exaudi.org\\\/\",\"name\":\"Exaudi\",\"description\":\"News\",\"potentialAction\":[{\"@type\":\"SearchAction\",\"target\":{\"@type\":\"EntryPoint\",\"urlTemplate\":\"https:\\\/\\\/exaudi.org\\\/?s={search_term_string}\"},\"query-input\":{\"@type\":\"PropertyValueSpecification\",\"valueRequired\":true,\"valueName\":\"search_term_string\"}}],\"inLanguage\":\"es\"},{\"@type\":\"Person\",\"@id\":\"https:\\\/\\\/exaudi.org\\\/#\\\/schema\\\/person\\\/05d1c06e56ecb5490e9bff0d27026595\",\"name\":\"Observatorio de Bio\u00e9tica UCV\",\"image\":{\"@type\":\"ImageObject\",\"inLanguage\":\"es\",\"@id\":\"https:\\\/\\\/secure.gravatar.com\\\/avatar\\\/086563f59595a89fb0851de25d712a03657b1cdfa8af3c9cd0a1ee122fc5d596?s=96&d=mm&r=g\",\"url\":\"https:\\\/\\\/secure.gravatar.com\\\/avatar\\\/086563f59595a89fb0851de25d712a03657b1cdfa8af3c9cd0a1ee122fc5d596?s=96&d=mm&r=g\",\"contentUrl\":\"https:\\\/\\\/secure.gravatar.com\\\/avatar\\\/086563f59595a89fb0851de25d712a03657b1cdfa8af3c9cd0a1ee122fc5d596?s=96&d=mm&r=g\",\"caption\":\"Observatorio de Bio\u00e9tica UCV\"},\"description\":\"El Observatorio de Bio\u00e9tica se encuentra dentro del Instituto Ciencias de la vida de la Universidad Cat\u00f3lica de Valencia \u201cSan Vicente M\u00e1rtir\u201d . En el trasfondo de sus publicaciones, se defiende la vida humana desde la fecundaci\u00f3n a la muerte natural y la dignidad de la persona, teniendo como objetivo aunar esfuerzos para difundir la cultura de la vida como la define la Evangelium Vitae.\",\"sameAs\":[\"https:\\\/\\\/www.observatoriobioetica.org\\\/\",\"https:\\\/\\\/www.facebook.com\\\/observatoriodebioetica\\\/\",\"https:\\\/\\\/x.com\\\/obioetica\",\"https:\\\/\\\/www.youtube.com\\\/channel\\\/UC_Tr4WS5-TXoNo5e1MdQc7w\"],\"url\":\"https:\\\/\\\/exaudi.org\\\/es\\\/author\\\/observatoriodebioeticaucv\\\/\"}]}<\/script>\n<!-- \/ Yoast SEO plugin. -->","yoast_head_json":{"title":"La Corte Interamericana de Derechos Humanos sentencia que el aborto no es un derecho &#8211; Exaudi","robots":{"index":"index","follow":"follow","max-snippet":"max-snippet:-1","max-image-preview":"max-image-preview:large","max-video-preview":"max-video-preview:-1"},"canonical":"https:\/\/exaudi.org\/es\/la-corte-interamericana-de-derechos-humanos-sentencia-que-el-aborto-no-es-un-derecho\/","og_locale":"es_ES","og_type":"article","og_title":"La Corte Interamericana de Derechos Humanos sentencia que el aborto no es un derecho &#8211; Exaudi","og_description":"La Corte IDH desestima el aborto como derecho y respalda la Convenci\u00f3n Americana","og_url":"https:\/\/exaudi.org\/es\/la-corte-interamericana-de-derechos-humanos-sentencia-que-el-aborto-no-es-un-derecho\/","og_site_name":"Exaudi","article_publisher":"https:\/\/www.facebook.com\/ExaudiNews","article_author":"https:\/\/www.facebook.com\/observatoriodebioetica\/","article_published_time":"2025-03-14T06:55:22+00:00","article_modified_time":"2025-03-14T08:17:53+00:00","og_image":[{"width":2560,"height":994,"url":"https:\/\/exaudi.org\/wp-content\/uploads\/2025\/03\/Abortoelsalvador-compressed-scaled.jpg","type":"image\/jpeg"}],"author":"Observatorio de Bio\u00e9tica UCV","twitter_card":"summary_large_image","twitter_creator":"@obioetica","twitter_site":"@Exaudi_News","twitter_misc":{"Escrito por":"Observatorio de Bio\u00e9tica UCV","Tiempo de lectura":"5 minutos"},"schema":{"@context":"https:\/\/schema.org","@graph":[{"@type":"Article","@id":"https:\/\/exaudi.org\/es\/la-corte-interamericana-de-derechos-humanos-sentencia-que-el-aborto-no-es-un-derecho\/#article","isPartOf":{"@id":"https:\/\/exaudi.org\/es\/la-corte-interamericana-de-derechos-humanos-sentencia-que-el-aborto-no-es-un-derecho\/"},"author":{"name":"Observatorio de Bio\u00e9tica UCV","@id":"https:\/\/exaudi.org\/#\/schema\/person\/05d1c06e56ecb5490e9bff0d27026595"},"headline":"La Corte Interamericana de Derechos Humanos sentencia que el aborto no es un derecho","datePublished":"2025-03-14T06:55:22+00:00","dateModified":"2025-03-14T08:17:53+00:00","mainEntityOfPage":{"@id":"https:\/\/exaudi.org\/es\/la-corte-interamericana-de-derechos-humanos-sentencia-que-el-aborto-no-es-un-derecho\/"},"wordCount":928,"image":{"@id":"https:\/\/exaudi.org\/es\/la-corte-interamericana-de-derechos-humanos-sentencia-que-el-aborto-no-es-un-derecho\/#primaryimage"},"thumbnailUrl":"https:\/\/exaudi.org\/wp-content\/uploads\/2025\/03\/Abortoelsalvador-compressed-scaled.jpg","keywords":["aborto terap\u00e9utico","Bio\u00e9tica","caso beatriz","convenci\u00f3n americana","corte interamericana de derechos humanos","derecho al aborto","El Salvador","global center for human rights","jurisprudencia internacional","justicia interamericana","Latinoam\u00e9rica","legislaci\u00f3n sobre aborto","ligia castaldi","Observatorio de Bio\u00e9tica","Observatorio de Bio\u00e9tica de la Universidad Cat\u00f3lica de Valencia","Provida","salud materna","sentencia hist\u00f3rica","Universidad Cat\u00f3lica de Valencia"],"inLanguage":"es"},{"@type":"WebPage","@id":"https:\/\/exaudi.org\/es\/la-corte-interamericana-de-derechos-humanos-sentencia-que-el-aborto-no-es-un-derecho\/","url":"https:\/\/exaudi.org\/es\/la-corte-interamericana-de-derechos-humanos-sentencia-que-el-aborto-no-es-un-derecho\/","name":"La Corte Interamericana de Derechos Humanos sentencia que el aborto no es un derecho &#8211; Exaudi","isPartOf":{"@id":"https:\/\/exaudi.org\/#website"},"primaryImageOfPage":{"@id":"https:\/\/exaudi.org\/es\/la-corte-interamericana-de-derechos-humanos-sentencia-que-el-aborto-no-es-un-derecho\/#primaryimage"},"image":{"@id":"https:\/\/exaudi.org\/es\/la-corte-interamericana-de-derechos-humanos-sentencia-que-el-aborto-no-es-un-derecho\/#primaryimage"},"thumbnailUrl":"https:\/\/exaudi.org\/wp-content\/uploads\/2025\/03\/Abortoelsalvador-compressed-scaled.jpg","datePublished":"2025-03-14T06:55:22+00:00","dateModified":"2025-03-14T08:17:53+00:00","author":{"@id":"https:\/\/exaudi.org\/#\/schema\/person\/05d1c06e56ecb5490e9bff0d27026595"},"breadcrumb":{"@id":"https:\/\/exaudi.org\/es\/la-corte-interamericana-de-derechos-humanos-sentencia-que-el-aborto-no-es-un-derecho\/#breadcrumb"},"inLanguage":"es","potentialAction":[{"@type":"ReadAction","target":["https:\/\/exaudi.org\/es\/la-corte-interamericana-de-derechos-humanos-sentencia-que-el-aborto-no-es-un-derecho\/"]}]},{"@type":"ImageObject","inLanguage":"es","@id":"https:\/\/exaudi.org\/es\/la-corte-interamericana-de-derechos-humanos-sentencia-que-el-aborto-no-es-un-derecho\/#primaryimage","url":"https:\/\/exaudi.org\/wp-content\/uploads\/2025\/03\/Abortoelsalvador-compressed-scaled.jpg","contentUrl":"https:\/\/exaudi.org\/wp-content\/uploads\/2025\/03\/Abortoelsalvador-compressed-scaled.jpg","width":2560,"height":994},{"@type":"BreadcrumbList","@id":"https:\/\/exaudi.org\/es\/la-corte-interamericana-de-derechos-humanos-sentencia-que-el-aborto-no-es-un-derecho\/#breadcrumb","itemListElement":[{"@type":"ListItem","position":1,"name":"Portada","item":"https:\/\/exaudi.org\/es\/"},{"@type":"ListItem","position":2,"name":"La Corte Interamericana de Derechos Humanos sentencia que el aborto no es un derecho"}]},{"@type":"WebSite","@id":"https:\/\/exaudi.org\/#website","url":"https:\/\/exaudi.org\/","name":"Exaudi","description":"News","potentialAction":[{"@type":"SearchAction","target":{"@type":"EntryPoint","urlTemplate":"https:\/\/exaudi.org\/?s={search_term_string}"},"query-input":{"@type":"PropertyValueSpecification","valueRequired":true,"valueName":"search_term_string"}}],"inLanguage":"es"},{"@type":"Person","@id":"https:\/\/exaudi.org\/#\/schema\/person\/05d1c06e56ecb5490e9bff0d27026595","name":"Observatorio de Bio\u00e9tica UCV","image":{"@type":"ImageObject","inLanguage":"es","@id":"https:\/\/secure.gravatar.com\/avatar\/086563f59595a89fb0851de25d712a03657b1cdfa8af3c9cd0a1ee122fc5d596?s=96&d=mm&r=g","url":"https:\/\/secure.gravatar.com\/avatar\/086563f59595a89fb0851de25d712a03657b1cdfa8af3c9cd0a1ee122fc5d596?s=96&d=mm&r=g","contentUrl":"https:\/\/secure.gravatar.com\/avatar\/086563f59595a89fb0851de25d712a03657b1cdfa8af3c9cd0a1ee122fc5d596?s=96&d=mm&r=g","caption":"Observatorio de Bio\u00e9tica UCV"},"description":"El Observatorio de Bio\u00e9tica se encuentra dentro del Instituto Ciencias de la vida de la Universidad Cat\u00f3lica de Valencia \u201cSan Vicente M\u00e1rtir\u201d . En el trasfondo de sus publicaciones, se defiende la vida humana desde la fecundaci\u00f3n a la muerte natural y la dignidad de la persona, teniendo como objetivo aunar esfuerzos para difundir la cultura de la vida como la define la Evangelium Vitae.","sameAs":["https:\/\/www.observatoriobioetica.org\/","https:\/\/www.facebook.com\/observatoriodebioetica\/","https:\/\/x.com\/obioetica","https:\/\/www.youtube.com\/channel\/UC_Tr4WS5-TXoNo5e1MdQc7w"],"url":"https:\/\/exaudi.org\/es\/author\/observatoriodebioeticaucv\/"}]}},"jetpack_featured_media_url":"https:\/\/exaudi.org\/wp-content\/uploads\/2025\/03\/Abortoelsalvador-compressed-scaled.jpg","jetpack_shortlink":"https:\/\/wp.me\/pgKjF2-vy6","_links":{"self":[{"href":"https:\/\/exaudi.org\/es\/wp-json\/wp\/v2\/posts\/121278","targetHints":{"allow":["GET"]}}],"collection":[{"href":"https:\/\/exaudi.org\/es\/wp-json\/wp\/v2\/posts"}],"about":[{"href":"https:\/\/exaudi.org\/es\/wp-json\/wp\/v2\/types\/post"}],"author":[{"embeddable":true,"href":"https:\/\/exaudi.org\/es\/wp-json\/wp\/v2\/users\/87"}],"replies":[{"embeddable":true,"href":"https:\/\/exaudi.org\/es\/wp-json\/wp\/v2\/comments?post=121278"}],"version-history":[{"count":0,"href":"https:\/\/exaudi.org\/es\/wp-json\/wp\/v2\/posts\/121278\/revisions"}],"wp:featuredmedia":[{"embeddable":true,"href":"https:\/\/exaudi.org\/es\/wp-json\/wp\/v2\/media\/121279"}],"wp:attachment":[{"href":"https:\/\/exaudi.org\/es\/wp-json\/wp\/v2\/media?parent=121278"}],"wp:term":[{"taxonomy":"category","embeddable":true,"href":"https:\/\/exaudi.org\/es\/wp-json\/wp\/v2\/categories?post=121278"},{"taxonomy":"post_tag","embeddable":true,"href":"https:\/\/exaudi.org\/es\/wp-json\/wp\/v2\/tags?post=121278"}],"curies":[{"name":"wp","href":"https:\/\/api.w.org\/{rel}","templated":true}]}}