{"id":121230,"date":"2025-04-22T09:00:38","date_gmt":"2025-04-22T07:00:38","guid":{"rendered":"https:\/\/exaudi.org\/?p=121230"},"modified":"2025-04-22T11:50:08","modified_gmt":"2025-04-22T09:50:08","slug":"los-desafios-del-proximo-papa-y-el-camino-de-la-gracia","status":"publish","type":"post","link":"https:\/\/exaudi.org\/es\/los-desafios-del-proximo-papa-y-el-camino-de-la-gracia\/","title":{"rendered":"Los desaf\u00edos del pr\u00f3ximo Papa y el camino de la gracia"},"content":{"rendered":"<p>El pr\u00f3ximo Papa asumir\u00e1 su ministerio en un mundo marcado por profundas transformaciones geopol\u00edticas, culturales y espirituales. Sin embargo, la Iglesia no es solo una instituci\u00f3n humana, sino el Cuerpo de Cristo guiado por el Esp\u00edritu Santo. Desde esta certeza sobrenatural, el nuevo Pont\u00edfice deber\u00e1 afrontar los retos con una confianza absoluta en la primac\u00eda de la gracia, renovando el llamado a la santidad, impulsando la evangelizaci\u00f3n y promoviendo la unidad de la Iglesia en medio de las tensiones del mundo actual.<\/p>\n<p><iframe title=\"Spotify Embed: Los desaf\u00edos del pr\u00f3ximo Papa y el camino de la gracia\" style=\"border-radius: 12px\" width=\"100%\" height=\"152\" frameborder=\"0\" allowfullscreen allow=\"autoplay; clipboard-write; encrypted-media; fullscreen; picture-in-picture\" loading=\"lazy\" src=\"https:\/\/open.spotify.com\/embed\/episode\/4FNmAifO9uQpuQxSK8p1tI?si=7f3eedbe87734952&#038;utm_source=oembed\"><\/iframe><\/p>\n<ol>\n<li><strong> La llamada universal a la santidad: un camino de gracia<\/strong><\/li>\n<\/ol>\n<p>El mayor desaf\u00edo de la Iglesia no es estructural ni pol\u00edtico, sino espiritual. El mundo necesita santos, y la misi\u00f3n del Papa ser\u00e1 recordar a todos los fieles que la verdadera transformaci\u00f3n de la sociedad nace del coraz\u00f3n convertido a Dios. La <strong>\u00abNovo Millennio Ineunte\u00bb<\/strong>, exhortaci\u00f3n de San Juan Pablo II, sigue vigente: el cristianismo no se sostiene por estrategias humanas, sino por la vida en Cristo.<\/p>\n<p>Para ello, el nuevo Pont\u00edfice deber\u00e1 insistir en la primac\u00eda de la gracia, recordando que es Dios quien toma la iniciativa y santifica a su Iglesia. Una renovada espiritualidad del abandono en Dios y la confianza en su misericordia ser\u00e1 clave para fortalecer la fe de los cristianos en medio de la incertidumbre.<\/p>\n<ol start=\"2\">\n<li><strong> Rusia y China: la Iglesia ante los gigantes del siglo XXI<\/strong><\/li>\n<\/ol>\n<p>El catolicismo enfrenta desaf\u00edos particulares en pa\u00edses como Rusia y China. En Rusia, donde la tradici\u00f3n ortodoxa es predominante, se abre la posibilidad de un di\u00e1logo ecum\u00e9nico m\u00e1s profundo que busque la unidad de los cristianos. San Juan Pablo II deseaba que la Iglesia respirara con sus \u201cdos pulmones\u201d, Oriente y Occidente, y el pr\u00f3ximo Papa deber\u00e1 continuar este camino con humildad y decisi\u00f3n.<\/p>\n<p>En China, la Iglesia vive en una tensi\u00f3n constante entre la fidelidad a Roma y las restricciones impuestas por el r\u00e9gimen. La evangelizaci\u00f3n en este contexto requerir\u00e1 paciencia, prudencia y una diplomacia firme pero abierta, siempre con la confianza en que la verdad del Evangelio tiene la fuerza para transformar cualquier realidad.<\/p>\n<ol start=\"3\">\n<li><strong> Una \u201cIglesia en salida\u201d que evangeliza con audacia<\/strong><\/li>\n<\/ol>\n<p>La evangelizaci\u00f3n no es opcional. La Iglesia existe para anunciar a Cristo, y el pr\u00f3ximo Papa deber\u00e1 revitalizar la misi\u00f3n, sin miedo a los desaf\u00edos culturales de la secularizaci\u00f3n. Esto implica recuperar el ardor misionero, con cat\u00f3licos que vivan su fe con coherencia y alegr\u00eda, en todos los ambientes: familia, trabajo, sociedad y pol\u00edtica.<\/p>\n<p>Ser\u00e1 fundamental impulsar nuevas formas de catequesis y formaci\u00f3n cristiana, que no solo transmitan conocimientos, sino que conduzcan a un encuentro real con Cristo. La prioridad no es llenar templos, sino formar disc\u00edpulos que, con su testimonio, sean luz en el mundo.<\/p>\n<ol start=\"4\">\n<li><strong> Liderar la comunicaci\u00f3n y la defensa de los valores<\/strong><\/li>\n<\/ol>\n<p>En una era dominada por la informaci\u00f3n, la Iglesia no puede ser un actor pasivo. Es crucial que el pr\u00f3ximo Papa refuerce la presencia cat\u00f3lica en los medios de comunicaci\u00f3n y las plataformas digitales, liderando el discurso sobre los valores fundamentales de la dignidad humana, la familia y la verdad.<\/p>\n<p>No se trata solo de reaccionar a las tendencias del mundo, sino de proponer una agenda basada en el Evangelio, iluminando la cultura con la verdad de Cristo. La Iglesia debe ser referencia en la defensa de la vida, la justicia y la paz, no desde el enfrentamiento, sino desde la caridad y la firmeza en la verdad.<\/p>\n<ol start=\"5\">\n<li><strong> La unidad de la Iglesia: sinodalidad y fidelidad a la Tradici\u00f3n<\/strong><\/li>\n<\/ol>\n<p>El nuevo Papa deber\u00e1 fortalecer la comuni\u00f3n dentro de la Iglesia, promoviendo una aut\u00e9ntica sinodalidad, en la que todos los fieles participen activamente, pero sin caer en relativismos o divisiones. La unidad no significa uniformidad, sino fidelidad a la ense\u00f1anza de Cristo, transmitida a trav\u00e9s de la Tradici\u00f3n apost\u00f3lica.<\/p>\n<p>Los desaf\u00edos doctrinales, los debates sobre la moral y la tensi\u00f3n entre modernidad y fidelidad al Magisterio requerir\u00e1n de un liderazgo firme, capaz de guiar a la Iglesia con caridad y verdad. Solo en la unidad de la fe se podr\u00e1 responder con fuerza a los desaf\u00edos del mundo actual.<\/p>\n<h3><strong>Confiar en Cristo, avanzar con esperanza<\/strong><\/h3>\n<p>El pr\u00f3ximo Papa no caminar\u00e1 solo. Como cada sucesor de Pedro, contar\u00e1 con la asistencia del Esp\u00edritu Santo y la oraci\u00f3n del Pueblo de Dios. Su misi\u00f3n no ser\u00e1 f\u00e1cil, pero la historia demuestra que, en los momentos m\u00e1s dif\u00edciles, la gracia de Dios se derrama con mayor abundancia.<\/p>\n<p>La Iglesia no teme al futuro, porque su esperanza no est\u00e1 en estructuras humanas, sino en la promesa de Cristo: <em>\u201cYo estar\u00e9 con vosotros hasta el fin del mundo\u201d<\/em> (Mt 28,20). Con esta certeza, el nuevo Papa deber\u00e1 guiar a la Iglesia con valent\u00eda, confiando en que, m\u00e1s all\u00e1 de cualquier crisis, el amor de Dios sigue siendo el motor de la historia.<\/p>\n<p><img loading=\"lazy\" decoding=\"async\" class=\"size-full wp-image-124196 alignnone\" src=\"https:\/\/exaudi.org\/wp-content\/uploads\/2025\/04\/voces-7.jpg\" alt=\"\" width=\"1080\" height=\"1080\" srcset=\"https:\/\/exaudi.org\/wp-content\/uploads\/2025\/04\/voces-7.jpg 1080w, https:\/\/exaudi.org\/wp-content\/uploads\/2025\/04\/voces-7-300x300.jpg 300w, https:\/\/exaudi.org\/wp-content\/uploads\/2025\/04\/voces-7-1024x1024.jpg 1024w, https:\/\/exaudi.org\/wp-content\/uploads\/2025\/04\/voces-7-100x100.jpg?crop=1 100w, https:\/\/exaudi.org\/wp-content\/uploads\/2025\/04\/voces-7-770x770.jpg 770w, https:\/\/exaudi.org\/wp-content\/uploads\/2025\/04\/voces-7-500x500.jpg 500w\" sizes=\"auto, (max-width: 1080px) 100vw, 1080px\" \/><\/p>\n","protected":false},"excerpt":{"rendered":"<p>Liderazgo, evangelizaci\u00f3n y unidad en tiempos de cambio<\/p>\n","protected":false},"author":149,"featured_media":121234,"comment_status":"closed","ping_status":"closed","sticky":false,"template":"","format":"standard","meta":{"_acf_changed":false,"_crdt_document":"","inline_featured_image":false,"footnotes":""},"categories":[72],"tags":[8422,2355,49138,35501,32947,49136,854,9679,2737,1371,1019,17412,15371,49141,449,49007,47639,8154,36969,28506,25138,49140,49139,436,49137,598,1716,15007,3007,46819,4953,27329,19540],"class_list":["post-121230","post","type-post","status-publish","format-standard","has-post-thumbnail","hentry","category-analisis","tag-catolicismo","tag-china-es","tag-comunicacion-catolica","tag-conclave-2","tag-defensa-de-la-familia","tag-desafios-del-papa","tag-dialogo-interreligioso-es","tag-doctrina-cristiana","tag-ecumenismo","tag-espiritualidad","tag-evangelizacion","tag-evangelizacion-digital","tag-fe-catolica","tag-geopolitica-y-religion","tag-iglesia-catolica","tag-iglesia-en-salida","tag-liderazgo-papal","tag-magisterio","tag-medios-de-comunicacion-catolicos-2","tag-mision-evangelizadora","tag-moral-cristiana","tag-novo-millennio-ineunte","tag-nuevo-milenio","tag-papa-es","tag-primacia-de-la-gracia","tag-rusia","tag-santidad","tag-santo-padre","tag-sinodalidad-es","tag-tradicion-apostolica","tag-trending-es","tag-unidad-de-la-iglesia","tag-valores-cristianos"],"acf":[],"yoast_head":"<!-- This site is optimized with the Yoast SEO plugin v27.5 - https:\/\/yoast.com\/product\/yoast-seo-wordpress\/ -->\n<title>Los desaf\u00edos del pr\u00f3ximo Papa y el camino de la gracia &#8211; Exaudi<\/title>\n<meta name=\"robots\" content=\"index, follow, max-snippet:-1, max-image-preview:large, max-video-preview:-1\" \/>\n<link rel=\"canonical\" href=\"https:\/\/exaudi.org\/es\/los-desafios-del-proximo-papa-y-el-camino-de-la-gracia\/\" \/>\n<meta property=\"og:locale\" content=\"es_ES\" \/>\n<meta property=\"og:type\" content=\"article\" \/>\n<meta property=\"og:title\" content=\"Los desaf\u00edos del pr\u00f3ximo Papa y el camino de la gracia &#8211; Exaudi\" \/>\n<meta property=\"og:description\" content=\"Liderazgo, evangelizaci\u00f3n y unidad en tiempos de cambio\" \/>\n<meta property=\"og:url\" content=\"https:\/\/exaudi.org\/es\/los-desafios-del-proximo-papa-y-el-camino-de-la-gracia\/\" \/>\n<meta property=\"og:site_name\" content=\"Exaudi\" \/>\n<meta property=\"article:publisher\" content=\"https:\/\/www.facebook.com\/ExaudiNews\" \/>\n<meta property=\"article:published_time\" content=\"2025-04-22T07:00:38+00:00\" \/>\n<meta property=\"article:modified_time\" content=\"2025-04-22T09:50:08+00:00\" \/>\n<meta property=\"og:image\" content=\"https:\/\/exaudi.org\/wp-content\/uploads\/2025\/03\/pexels-josh-hild-1270765-2422251-scaled.jpg\" \/>\n\t<meta property=\"og:image:width\" content=\"2560\" \/>\n\t<meta property=\"og:image:height\" content=\"1873\" \/>\n\t<meta property=\"og:image:type\" content=\"image\/jpeg\" \/>\n<meta name=\"author\" content=\"Javier Ferrer Garc\u00eda\" \/>\n<meta name=\"twitter:card\" content=\"summary_large_image\" \/>\n<meta name=\"twitter:creator\" content=\"@Exaudi_News\" \/>\n<meta name=\"twitter:site\" content=\"@Exaudi_News\" \/>\n<meta name=\"twitter:label1\" content=\"Escrito por\" \/>\n\t<meta name=\"twitter:data1\" content=\"Javier Ferrer Garc\u00eda\" \/>\n\t<meta name=\"twitter:label2\" content=\"Tiempo de lectura\" \/>\n\t<meta name=\"twitter:data2\" content=\"4 minutos\" \/>\n<script type=\"application\/ld+json\" class=\"yoast-schema-graph\">{\"@context\":\"https:\\\/\\\/schema.org\",\"@graph\":[{\"@type\":\"Article\",\"@id\":\"https:\\\/\\\/exaudi.org\\\/es\\\/los-desafios-del-proximo-papa-y-el-camino-de-la-gracia\\\/#article\",\"isPartOf\":{\"@id\":\"https:\\\/\\\/exaudi.org\\\/es\\\/los-desafios-del-proximo-papa-y-el-camino-de-la-gracia\\\/\"},\"author\":{\"name\":\"Javier Ferrer Garc\u00eda\",\"@id\":\"https:\\\/\\\/exaudi.org\\\/#\\\/schema\\\/person\\\/0428626ea256fe1d193098fe0ee2b91d\"},\"headline\":\"Los desaf\u00edos del pr\u00f3ximo Papa y el camino de la gracia\",\"datePublished\":\"2025-04-22T07:00:38+00:00\",\"dateModified\":\"2025-04-22T09:50:08+00:00\",\"mainEntityOfPage\":{\"@id\":\"https:\\\/\\\/exaudi.org\\\/es\\\/los-desafios-del-proximo-papa-y-el-camino-de-la-gracia\\\/\"},\"wordCount\":873,\"image\":{\"@id\":\"https:\\\/\\\/exaudi.org\\\/es\\\/los-desafios-del-proximo-papa-y-el-camino-de-la-gracia\\\/#primaryimage\"},\"thumbnailUrl\":\"https:\\\/\\\/exaudi.org\\\/wp-content\\\/uploads\\\/2025\\\/03\\\/pexels-josh-hild-1270765-2422251-scaled.jpg\",\"keywords\":[\"Catolicismo\",\"china\",\"comunicaci\u00f3n cat\u00f3lica\",\"C\u00f3nclave\",\"defensa de la familia\",\"desaf\u00edos del Papa\",\"dialogo interreligioso\",\"doctrina cristiana\",\"Ecumenismo\",\"Espiritualidad\",\"Evangelizaci\u00f3n\",\"evangelizaci\u00f3n digital\",\"Fe cat\u00f3lica\",\"geopol\u00edtica y religi\u00f3n\",\"Iglesia cat\u00f3lica\",\"Iglesia en salida\",\"liderazgo papal\",\"MAGISTERIO\",\"medios de comunicaci\u00f3n cat\u00f3licos\",\"misi\u00f3n evangelizadora\",\"Moral cristiana\",\"Novo Millennio Ineunte\",\"nuevo milenio\",\"Papa\",\"primac\u00eda de la gracia\",\"Rusia\",\"Santidad\",\"Santo Padre\",\"Sinodalidad\",\"tradici\u00f3n apost\u00f3lica\",\"Trending\",\"unidad de la Iglesia\",\"valores cristianos\"],\"articleSection\":[\"An\u00e1lisis\"],\"inLanguage\":\"es\"},{\"@type\":\"WebPage\",\"@id\":\"https:\\\/\\\/exaudi.org\\\/es\\\/los-desafios-del-proximo-papa-y-el-camino-de-la-gracia\\\/\",\"url\":\"https:\\\/\\\/exaudi.org\\\/es\\\/los-desafios-del-proximo-papa-y-el-camino-de-la-gracia\\\/\",\"name\":\"Los desaf\u00edos del pr\u00f3ximo Papa y el camino de la gracia &#8211; Exaudi\",\"isPartOf\":{\"@id\":\"https:\\\/\\\/exaudi.org\\\/#website\"},\"primaryImageOfPage\":{\"@id\":\"https:\\\/\\\/exaudi.org\\\/es\\\/los-desafios-del-proximo-papa-y-el-camino-de-la-gracia\\\/#primaryimage\"},\"image\":{\"@id\":\"https:\\\/\\\/exaudi.org\\\/es\\\/los-desafios-del-proximo-papa-y-el-camino-de-la-gracia\\\/#primaryimage\"},\"thumbnailUrl\":\"https:\\\/\\\/exaudi.org\\\/wp-content\\\/uploads\\\/2025\\\/03\\\/pexels-josh-hild-1270765-2422251-scaled.jpg\",\"datePublished\":\"2025-04-22T07:00:38+00:00\",\"dateModified\":\"2025-04-22T09:50:08+00:00\",\"author\":{\"@id\":\"https:\\\/\\\/exaudi.org\\\/#\\\/schema\\\/person\\\/0428626ea256fe1d193098fe0ee2b91d\"},\"breadcrumb\":{\"@id\":\"https:\\\/\\\/exaudi.org\\\/es\\\/los-desafios-del-proximo-papa-y-el-camino-de-la-gracia\\\/#breadcrumb\"},\"inLanguage\":\"es\",\"potentialAction\":[{\"@type\":\"ReadAction\",\"target\":[\"https:\\\/\\\/exaudi.org\\\/es\\\/los-desafios-del-proximo-papa-y-el-camino-de-la-gracia\\\/\"]}]},{\"@type\":\"ImageObject\",\"inLanguage\":\"es\",\"@id\":\"https:\\\/\\\/exaudi.org\\\/es\\\/los-desafios-del-proximo-papa-y-el-camino-de-la-gracia\\\/#primaryimage\",\"url\":\"https:\\\/\\\/exaudi.org\\\/wp-content\\\/uploads\\\/2025\\\/03\\\/pexels-josh-hild-1270765-2422251-scaled.jpg\",\"contentUrl\":\"https:\\\/\\\/exaudi.org\\\/wp-content\\\/uploads\\\/2025\\\/03\\\/pexels-josh-hild-1270765-2422251-scaled.jpg\",\"width\":2560,\"height\":1873},{\"@type\":\"BreadcrumbList\",\"@id\":\"https:\\\/\\\/exaudi.org\\\/es\\\/los-desafios-del-proximo-papa-y-el-camino-de-la-gracia\\\/#breadcrumb\",\"itemListElement\":[{\"@type\":\"ListItem\",\"position\":1,\"name\":\"Portada\",\"item\":\"https:\\\/\\\/exaudi.org\\\/es\\\/\"},{\"@type\":\"ListItem\",\"position\":2,\"name\":\"Los desaf\u00edos del pr\u00f3ximo Papa y el camino de la gracia\"}]},{\"@type\":\"WebSite\",\"@id\":\"https:\\\/\\\/exaudi.org\\\/#website\",\"url\":\"https:\\\/\\\/exaudi.org\\\/\",\"name\":\"Exaudi\",\"description\":\"News\",\"potentialAction\":[{\"@type\":\"SearchAction\",\"target\":{\"@type\":\"EntryPoint\",\"urlTemplate\":\"https:\\\/\\\/exaudi.org\\\/?s={search_term_string}\"},\"query-input\":{\"@type\":\"PropertyValueSpecification\",\"valueRequired\":true,\"valueName\":\"search_term_string\"}}],\"inLanguage\":\"es\"},{\"@type\":\"Person\",\"@id\":\"https:\\\/\\\/exaudi.org\\\/#\\\/schema\\\/person\\\/0428626ea256fe1d193098fe0ee2b91d\",\"name\":\"Javier Ferrer Garc\u00eda\",\"image\":{\"@type\":\"ImageObject\",\"inLanguage\":\"es\",\"@id\":\"https:\\\/\\\/secure.gravatar.com\\\/avatar\\\/c7bc1aef05f4433794cef4a55499c99ae6c0d617e2aa24ba4876a5432af93b2d?s=96&d=mm&r=g\",\"url\":\"https:\\\/\\\/secure.gravatar.com\\\/avatar\\\/c7bc1aef05f4433794cef4a55499c99ae6c0d617e2aa24ba4876a5432af93b2d?s=96&d=mm&r=g\",\"contentUrl\":\"https:\\\/\\\/secure.gravatar.com\\\/avatar\\\/c7bc1aef05f4433794cef4a55499c99ae6c0d617e2aa24ba4876a5432af93b2d?s=96&d=mm&r=g\",\"caption\":\"Javier Ferrer Garc\u00eda\"},\"description\":\"Soy un apasionado de la vida. Fil\u00f3sofo y economista. Mi carrera profesional se ha enriquecido con el constante deseo de aprender y crecer tanto en el \u00e1mbito acad\u00e9mico como en el personal. Me considero un ferviente lector y amante del cine, lo cual me permite tener una perspectiva amplia y diversa sobre el mundo que nos rodea. Como cat\u00f3lico comprometido, busco integrar mis valores en cada aspecto de mi vida, desde mi carrera profesional hasta mi rol como esposo y padre de familia\",\"url\":\"https:\\\/\\\/exaudi.org\\\/es\\\/author\\\/javier-ferrer-garcia\\\/\"}]}<\/script>\n<!-- \/ Yoast SEO plugin. -->","yoast_head_json":{"title":"Los desaf\u00edos del pr\u00f3ximo Papa y el camino de la gracia &#8211; Exaudi","robots":{"index":"index","follow":"follow","max-snippet":"max-snippet:-1","max-image-preview":"max-image-preview:large","max-video-preview":"max-video-preview:-1"},"canonical":"https:\/\/exaudi.org\/es\/los-desafios-del-proximo-papa-y-el-camino-de-la-gracia\/","og_locale":"es_ES","og_type":"article","og_title":"Los desaf\u00edos del pr\u00f3ximo Papa y el camino de la gracia &#8211; Exaudi","og_description":"Liderazgo, evangelizaci\u00f3n y unidad en tiempos de cambio","og_url":"https:\/\/exaudi.org\/es\/los-desafios-del-proximo-papa-y-el-camino-de-la-gracia\/","og_site_name":"Exaudi","article_publisher":"https:\/\/www.facebook.com\/ExaudiNews","article_published_time":"2025-04-22T07:00:38+00:00","article_modified_time":"2025-04-22T09:50:08+00:00","og_image":[{"width":2560,"height":1873,"url":"https:\/\/exaudi.org\/wp-content\/uploads\/2025\/03\/pexels-josh-hild-1270765-2422251-scaled.jpg","type":"image\/jpeg"}],"author":"Javier Ferrer Garc\u00eda","twitter_card":"summary_large_image","twitter_creator":"@Exaudi_News","twitter_site":"@Exaudi_News","twitter_misc":{"Escrito por":"Javier Ferrer Garc\u00eda","Tiempo de lectura":"4 minutos"},"schema":{"@context":"https:\/\/schema.org","@graph":[{"@type":"Article","@id":"https:\/\/exaudi.org\/es\/los-desafios-del-proximo-papa-y-el-camino-de-la-gracia\/#article","isPartOf":{"@id":"https:\/\/exaudi.org\/es\/los-desafios-del-proximo-papa-y-el-camino-de-la-gracia\/"},"author":{"name":"Javier Ferrer Garc\u00eda","@id":"https:\/\/exaudi.org\/#\/schema\/person\/0428626ea256fe1d193098fe0ee2b91d"},"headline":"Los desaf\u00edos del pr\u00f3ximo Papa y el camino de la gracia","datePublished":"2025-04-22T07:00:38+00:00","dateModified":"2025-04-22T09:50:08+00:00","mainEntityOfPage":{"@id":"https:\/\/exaudi.org\/es\/los-desafios-del-proximo-papa-y-el-camino-de-la-gracia\/"},"wordCount":873,"image":{"@id":"https:\/\/exaudi.org\/es\/los-desafios-del-proximo-papa-y-el-camino-de-la-gracia\/#primaryimage"},"thumbnailUrl":"https:\/\/exaudi.org\/wp-content\/uploads\/2025\/03\/pexels-josh-hild-1270765-2422251-scaled.jpg","keywords":["Catolicismo","china","comunicaci\u00f3n cat\u00f3lica","C\u00f3nclave","defensa de la familia","desaf\u00edos del Papa","dialogo interreligioso","doctrina cristiana","Ecumenismo","Espiritualidad","Evangelizaci\u00f3n","evangelizaci\u00f3n digital","Fe cat\u00f3lica","geopol\u00edtica y religi\u00f3n","Iglesia cat\u00f3lica","Iglesia en salida","liderazgo papal","MAGISTERIO","medios de comunicaci\u00f3n cat\u00f3licos","misi\u00f3n evangelizadora","Moral cristiana","Novo Millennio Ineunte","nuevo milenio","Papa","primac\u00eda de la gracia","Rusia","Santidad","Santo Padre","Sinodalidad","tradici\u00f3n apost\u00f3lica","Trending","unidad de la Iglesia","valores cristianos"],"articleSection":["An\u00e1lisis"],"inLanguage":"es"},{"@type":"WebPage","@id":"https:\/\/exaudi.org\/es\/los-desafios-del-proximo-papa-y-el-camino-de-la-gracia\/","url":"https:\/\/exaudi.org\/es\/los-desafios-del-proximo-papa-y-el-camino-de-la-gracia\/","name":"Los desaf\u00edos del pr\u00f3ximo Papa y el camino de la gracia &#8211; Exaudi","isPartOf":{"@id":"https:\/\/exaudi.org\/#website"},"primaryImageOfPage":{"@id":"https:\/\/exaudi.org\/es\/los-desafios-del-proximo-papa-y-el-camino-de-la-gracia\/#primaryimage"},"image":{"@id":"https:\/\/exaudi.org\/es\/los-desafios-del-proximo-papa-y-el-camino-de-la-gracia\/#primaryimage"},"thumbnailUrl":"https:\/\/exaudi.org\/wp-content\/uploads\/2025\/03\/pexels-josh-hild-1270765-2422251-scaled.jpg","datePublished":"2025-04-22T07:00:38+00:00","dateModified":"2025-04-22T09:50:08+00:00","author":{"@id":"https:\/\/exaudi.org\/#\/schema\/person\/0428626ea256fe1d193098fe0ee2b91d"},"breadcrumb":{"@id":"https:\/\/exaudi.org\/es\/los-desafios-del-proximo-papa-y-el-camino-de-la-gracia\/#breadcrumb"},"inLanguage":"es","potentialAction":[{"@type":"ReadAction","target":["https:\/\/exaudi.org\/es\/los-desafios-del-proximo-papa-y-el-camino-de-la-gracia\/"]}]},{"@type":"ImageObject","inLanguage":"es","@id":"https:\/\/exaudi.org\/es\/los-desafios-del-proximo-papa-y-el-camino-de-la-gracia\/#primaryimage","url":"https:\/\/exaudi.org\/wp-content\/uploads\/2025\/03\/pexels-josh-hild-1270765-2422251-scaled.jpg","contentUrl":"https:\/\/exaudi.org\/wp-content\/uploads\/2025\/03\/pexels-josh-hild-1270765-2422251-scaled.jpg","width":2560,"height":1873},{"@type":"BreadcrumbList","@id":"https:\/\/exaudi.org\/es\/los-desafios-del-proximo-papa-y-el-camino-de-la-gracia\/#breadcrumb","itemListElement":[{"@type":"ListItem","position":1,"name":"Portada","item":"https:\/\/exaudi.org\/es\/"},{"@type":"ListItem","position":2,"name":"Los desaf\u00edos del pr\u00f3ximo Papa y el camino de la gracia"}]},{"@type":"WebSite","@id":"https:\/\/exaudi.org\/#website","url":"https:\/\/exaudi.org\/","name":"Exaudi","description":"News","potentialAction":[{"@type":"SearchAction","target":{"@type":"EntryPoint","urlTemplate":"https:\/\/exaudi.org\/?s={search_term_string}"},"query-input":{"@type":"PropertyValueSpecification","valueRequired":true,"valueName":"search_term_string"}}],"inLanguage":"es"},{"@type":"Person","@id":"https:\/\/exaudi.org\/#\/schema\/person\/0428626ea256fe1d193098fe0ee2b91d","name":"Javier Ferrer Garc\u00eda","image":{"@type":"ImageObject","inLanguage":"es","@id":"https:\/\/secure.gravatar.com\/avatar\/c7bc1aef05f4433794cef4a55499c99ae6c0d617e2aa24ba4876a5432af93b2d?s=96&d=mm&r=g","url":"https:\/\/secure.gravatar.com\/avatar\/c7bc1aef05f4433794cef4a55499c99ae6c0d617e2aa24ba4876a5432af93b2d?s=96&d=mm&r=g","contentUrl":"https:\/\/secure.gravatar.com\/avatar\/c7bc1aef05f4433794cef4a55499c99ae6c0d617e2aa24ba4876a5432af93b2d?s=96&d=mm&r=g","caption":"Javier Ferrer Garc\u00eda"},"description":"Soy un apasionado de la vida. Fil\u00f3sofo y economista. Mi carrera profesional se ha enriquecido con el constante deseo de aprender y crecer tanto en el \u00e1mbito acad\u00e9mico como en el personal. Me considero un ferviente lector y amante del cine, lo cual me permite tener una perspectiva amplia y diversa sobre el mundo que nos rodea. Como cat\u00f3lico comprometido, busco integrar mis valores en cada aspecto de mi vida, desde mi carrera profesional hasta mi rol como esposo y padre de familia","url":"https:\/\/exaudi.org\/es\/author\/javier-ferrer-garcia\/"}]}},"jetpack_featured_media_url":"https:\/\/exaudi.org\/wp-content\/uploads\/2025\/03\/pexels-josh-hild-1270765-2422251-scaled.jpg","jetpack_shortlink":"https:\/\/wp.me\/pgKjF2-vxk","_links":{"self":[{"href":"https:\/\/exaudi.org\/es\/wp-json\/wp\/v2\/posts\/121230","targetHints":{"allow":["GET"]}}],"collection":[{"href":"https:\/\/exaudi.org\/es\/wp-json\/wp\/v2\/posts"}],"about":[{"href":"https:\/\/exaudi.org\/es\/wp-json\/wp\/v2\/types\/post"}],"author":[{"embeddable":true,"href":"https:\/\/exaudi.org\/es\/wp-json\/wp\/v2\/users\/149"}],"replies":[{"embeddable":true,"href":"https:\/\/exaudi.org\/es\/wp-json\/wp\/v2\/comments?post=121230"}],"version-history":[{"count":0,"href":"https:\/\/exaudi.org\/es\/wp-json\/wp\/v2\/posts\/121230\/revisions"}],"wp:featuredmedia":[{"embeddable":true,"href":"https:\/\/exaudi.org\/es\/wp-json\/wp\/v2\/media\/121234"}],"wp:attachment":[{"href":"https:\/\/exaudi.org\/es\/wp-json\/wp\/v2\/media?parent=121230"}],"wp:term":[{"taxonomy":"category","embeddable":true,"href":"https:\/\/exaudi.org\/es\/wp-json\/wp\/v2\/categories?post=121230"},{"taxonomy":"post_tag","embeddable":true,"href":"https:\/\/exaudi.org\/es\/wp-json\/wp\/v2\/tags?post=121230"}],"curies":[{"name":"wp","href":"https:\/\/api.w.org\/{rel}","templated":true}]}}