{"id":121148,"date":"2025-03-13T08:50:23","date_gmt":"2025-03-13T07:50:23","guid":{"rendered":"https:\/\/exaudi.org\/?p=121148"},"modified":"2025-03-13T10:49:26","modified_gmt":"2025-03-13T09:49:26","slug":"la-belleza-que-no-puedes-ver","status":"publish","type":"post","link":"https:\/\/exaudi.org\/es\/la-belleza-que-no-puedes-ver\/","title":{"rendered":"La belleza que no puedes ver"},"content":{"rendered":"<p>Leyendo el Evangelio de ayer, 12 de marzo (Lc 11, 29-32), me resonaba una idea que llevo tiempo rumiando y sobre la que quer\u00eda escribir.<\/p>\n<p><iframe title=\"Spotify Embed: La belleza que no puedes ver\" style=\"border-radius: 12px\" width=\"100%\" height=\"152\" frameborder=\"0\" allowfullscreen allow=\"autoplay; clipboard-write; encrypted-media; fullscreen; picture-in-picture\" loading=\"lazy\" src=\"https:\/\/open.spotify.com\/embed\/episode\/3mmVf5NFEB5NX2kahcDxl4?si=4355cd195baf4ad7&#038;utm_source=oembed\"><\/iframe><\/p>\n<p>S\u00e9 que no escribo de forma virtuosa y es un hecho que me cuesta ponerme cuando es para que otros lo lean. Una cosa es escribir tus peque\u00f1as inspiraciones del d\u00eda o sobre una experiencia en tu libreta personal, y otra dar paso y dejar la puerta abierta a que, aunque sea solo una persona, te lea.<\/p>\n<p>En este pasaje Jes\u00fas habla de signos. De c\u00f3mo le ped\u00edan signos para creer y de c\u00f3mo \u00e9stos estaban teniendo lugar delante de esas personas, pero no eran capaces de verlos. Y es que el signo era \u00c9l mismo, pero no lo ve\u00edan.<\/p>\n<p>Pensaba en ello y creo que lo que les pasar\u00eda es que no eran capaces de hacerlo porque estaban metidos en sus cosas, en sus h\u00e1bitos, en sus ruidos del d\u00eda a d\u00eda, en definitiva, en sus esquemas mentales. Miraban a Jes\u00fas seg\u00fan sus propios modos y estaban cerrados al asombro de lo que \u00c9l les tra\u00eda.<\/p>\n<p>Y es que solo tengo que mirarme a m\u00ed misma para ver c\u00f3mo cierro la posibilidad de novedad en mi rutina y de asombrarme ante lo que la realidad tiene que decirme cada d\u00eda cuando me pongo en mi modo multitasking o de persona super eficiente.<\/p>\n<p>Eficiente, efectiva, \u00fatil, productiva\u2026<\/p>\n<p>Me ve\u00eda tan reflejada en esas personas y es que cu\u00e1ntas veces miro solo con la mirada natural de los sentidos del cuerpo y dejo de lado la sobrenatural. Esa que te abre a algo m\u00e1s que lo que la simple realidad material te muestra, y que necesita de un tiempo, de un silencio, y de una voluntad de mirar despacio para no solo ver.<\/p>\n<p>Y vuelvo al significado de utilidad, de rentabilidad, de efectividad, de productividad\u2026 \u00bfes posible ser productiva si dejo de hacer tantas cosas en mi d\u00eda? \u00bfDejo de ser una persona eficiente si voy m\u00e1s despacio dejando que las cosas dejen un poso en m\u00ed y tratando de dejar el m\u00edo en ellas? Y entonces, caigo en la cuenta de que quiz\u00e1 debo replantearme el significado de las palabras eficiencia y utilidad en el que me muevo y en el que me vivo.<\/p>\n<p>Tengo claro, el que el mundo me trata de imponer. El rendimiento, el \u00e9xito, la medici\u00f3n cuantitativa\u2026 pero \u00bfes esto vivir plenamente? Y me paro. Y me silencio, y miro a mi alrededor para poder responderme no desde la teor\u00eda, no desde lo que dicen los gur\u00fas o \u201cexpertos\u201d en felicidad, sino para mirar mi experiencia. Para contemplar mi vida y mi camino andado. Para verificar en mi peque\u00f1a realidad. En mi peque\u00f1a parcela. En mi coraz\u00f3n, entendido como n\u00facleo de mi persona.<\/p>\n<p>Y dejo de lado por un momento todos los impactos que recibo. Los que busco yo y los que me regala el algoritmo al que tanto le gusto.<\/p>\n<p>Y levanto los ojos al cielo\u2026 y me doy cuenta de que la productividad no est\u00e1 en lo material. De que mi efectividad no est\u00e1 en lo que acumulo sino en lo que doy. Que soy eficiente cuando m\u00e1s me entrego a las personas que me encuentro. Que mi \u00e9xito est\u00e1 en las veces que he podido vencer mis prejuicios para dejarme interpelar y tocar por algo o por alguien. Que mi utilidad no depende de la opini\u00f3n de otros, sino que reside en mi libertad de ser, pudiendo dejar espacio en mi vida a actos considerados in\u00fatiles si los juzgo desde el filtro del rendimiento.<\/p>\n<p>Y caigo en la cuenta de que quiz\u00e1 la palabra no sea eficacia o eficiencia. No sea productividad o utilidad. Sino dar fruto.<\/p>\n<p>\u201cDar\u201d de darse, de entregarse, y fruto que sea semilla de m\u00e1s frutos futuros. Un fruto que al morir deja un poso en los que aqu\u00ed se quedan para florecer de nuevo. Un poso de esas cosas que no se ven con los ojos del cuerpo, sino que se viven y se ven con los del coraz\u00f3n.<\/p>\n<p>De esas cosas tremendamente bellas pero que necesitan de tu apertura para hacerse visibles.<\/p>\n<p>Y mientras pensaba en esto ve\u00eda los rayos del sol entrar por mi ventana despu\u00e9s de tantos d\u00edas de lluvia y las tonalidades de ese cielo que aparec\u00eda ante m\u00ed. Qu\u00e9 inesperado y cu\u00e1nta belleza.<\/p>\n<p>La belleza\u2026 en la universidad hablamos de ella estos d\u00edas. \u00bfQu\u00e9 es? \u00bfPuede una persona que est\u00e1 ciega y por tanto no ve con los ojos del cuerpo tener una experiencia de belleza? Y pensaba en si hay belleza a mi alrededor, en mi peque\u00f1o metro cuadrado de rutina.<\/p>\n<p>Y decido parar. Y miro\u2026 y caigo en la cuenta de la mucha belleza que de repente me rodea. El sol, el cielo, mi hogar, la fragancia del caf\u00e9 impregnando la cocina, los encuentros que tendr\u00e1n lugar hoy, mi preciosa madre que me espera para comer\u2026 mi madre\u2026 cu\u00e1nta belleza hay en ella y en su maternidad. En su cuidado, en su entrega, en su sonrisa, en sus arrugas. En esos surcos en su piel que hablan de una vida vivida con mucho amor y sufrimiento. Y me asombro ante la belleza invisible a los ojos de mi cara pero que brilla intensamente mirada con los del coraz\u00f3n.<\/p>\n<p>Y recuerdo el Evangelio de ayer y me propongo contemplar mi d\u00eda abierta a todo lo bello que va a aparecer ante m\u00ed pero que necesita de mi atenci\u00f3n y de mi presencia para poder hablarme. Que me pide que me despierte al asombro de otros modos y formas para descubrir lo inesperado y el regalo de la novedad de cada d\u00eda.<\/p>\n<p><img loading=\"lazy\" decoding=\"async\" class=\"size-full wp-image-121165 alignnone\" src=\"https:\/\/exaudi.org\/wp-content\/uploads\/2025\/03\/Marta-Luquero.jpg\" alt=\"\" width=\"1080\" height=\"1080\" srcset=\"https:\/\/exaudi.org\/wp-content\/uploads\/2025\/03\/Marta-Luquero.jpg 1080w, https:\/\/exaudi.org\/wp-content\/uploads\/2025\/03\/Marta-Luquero-300x300.jpg 300w, https:\/\/exaudi.org\/wp-content\/uploads\/2025\/03\/Marta-Luquero-1024x1024.jpg 1024w, https:\/\/exaudi.org\/wp-content\/uploads\/2025\/03\/Marta-Luquero-100x100.jpg?crop=1 100w, https:\/\/exaudi.org\/wp-content\/uploads\/2025\/03\/Marta-Luquero-770x770.jpg 770w, https:\/\/exaudi.org\/wp-content\/uploads\/2025\/03\/Marta-Luquero-500x500.jpg 500w\" sizes=\"auto, (max-width: 1080px) 100vw, 1080px\" \/><\/p>\n","protected":false},"excerpt":{"rendered":"<p>Lo que no se ve con los ojos, sino con el coraz\u00f3n<\/p>\n","protected":false},"author":129,"featured_media":121158,"comment_status":"closed","ping_status":"closed","sticky":false,"template":"","format":"standard","meta":{"_acf_changed":false,"_crdt_document":"","inline_featured_image":false,"footnotes":""},"categories":[130],"tags":[34899,29365,48998,48994,49002,2127,16400,1371,49003,11313,48997,49001,48996,33802,49000,49004,48995,48999,4953,16376,19036],"class_list":["post-121148","post","type-post","status-publish","format-standard","has-post-thumbnail","hentry","category-voces","tag-asombro","tag-belleza-en-lo-cotidiano","tag-belleza-espiritual","tag-belleza-invisible","tag-belleza-no-visible","tag-contemplacion","tag-crecimiento-personal","tag-espiritualidad","tag-frutificacion-personal","tag-marta-luquero","tag-mirada-del-corazon","tag-presencia-y-atencion","tag-productividad-y-efectividad","tag-reflexion-diaria","tag-significado-de-la-belleza","tag-significados-profundos","tag-signos-en-el-evangelio","tag-simplicidad","tag-trending-es","tag-vida-cotidiana","tag-vida-plena"],"acf":[],"yoast_head":"<!-- This site is optimized with the Yoast SEO plugin v27.4 - https:\/\/yoast.com\/product\/yoast-seo-wordpress\/ -->\n<title>La belleza que no puedes ver &#8211; Exaudi<\/title>\n<meta name=\"robots\" content=\"index, follow, max-snippet:-1, max-image-preview:large, max-video-preview:-1\" \/>\n<link rel=\"canonical\" href=\"https:\/\/exaudi.org\/es\/la-belleza-que-no-puedes-ver\/\" \/>\n<meta property=\"og:locale\" content=\"es_ES\" \/>\n<meta property=\"og:type\" content=\"article\" \/>\n<meta property=\"og:title\" content=\"La belleza que no puedes ver &#8211; Exaudi\" \/>\n<meta property=\"og:description\" content=\"Lo que no se ve con los ojos, sino con el coraz\u00f3n\" \/>\n<meta property=\"og:url\" content=\"https:\/\/exaudi.org\/es\/la-belleza-que-no-puedes-ver\/\" \/>\n<meta property=\"og:site_name\" content=\"Exaudi\" \/>\n<meta property=\"article:publisher\" content=\"https:\/\/www.facebook.com\/ExaudiNews\" \/>\n<meta property=\"article:published_time\" content=\"2025-03-13T07:50:23+00:00\" \/>\n<meta property=\"article:modified_time\" content=\"2025-03-13T09:49:26+00:00\" \/>\n<meta property=\"og:image\" content=\"https:\/\/exaudi.org\/wp-content\/uploads\/2025\/03\/pexels-bertellifotografia-573262-scaled.jpg\" \/>\n\t<meta property=\"og:image:width\" content=\"2560\" \/>\n\t<meta property=\"og:image:height\" content=\"1707\" \/>\n\t<meta property=\"og:image:type\" content=\"image\/jpeg\" \/>\n<meta name=\"author\" content=\"Marta Luquero\" \/>\n<meta name=\"twitter:card\" content=\"summary_large_image\" \/>\n<meta name=\"twitter:creator\" content=\"@Exaudi_News\" \/>\n<meta name=\"twitter:site\" content=\"@Exaudi_News\" \/>\n<meta name=\"twitter:label1\" content=\"Escrito por\" \/>\n\t<meta name=\"twitter:data1\" content=\"Marta Luquero\" \/>\n\t<meta name=\"twitter:label2\" content=\"Tiempo de lectura\" \/>\n\t<meta name=\"twitter:data2\" content=\"5 minutos\" \/>\n<script type=\"application\/ld+json\" class=\"yoast-schema-graph\">{\"@context\":\"https:\\\/\\\/schema.org\",\"@graph\":[{\"@type\":\"Article\",\"@id\":\"https:\\\/\\\/exaudi.org\\\/es\\\/la-belleza-que-no-puedes-ver\\\/#article\",\"isPartOf\":{\"@id\":\"https:\\\/\\\/exaudi.org\\\/es\\\/la-belleza-que-no-puedes-ver\\\/\"},\"author\":{\"name\":\"Marta Luquero\",\"@id\":\"https:\\\/\\\/exaudi.org\\\/#\\\/schema\\\/person\\\/593e679cdac2ac955cdf94fd77952021\"},\"headline\":\"La belleza que no puedes ver\",\"datePublished\":\"2025-03-13T07:50:23+00:00\",\"dateModified\":\"2025-03-13T09:49:26+00:00\",\"mainEntityOfPage\":{\"@id\":\"https:\\\/\\\/exaudi.org\\\/es\\\/la-belleza-que-no-puedes-ver\\\/\"},\"wordCount\":1009,\"image\":{\"@id\":\"https:\\\/\\\/exaudi.org\\\/es\\\/la-belleza-que-no-puedes-ver\\\/#primaryimage\"},\"thumbnailUrl\":\"https:\\\/\\\/exaudi.org\\\/wp-content\\\/uploads\\\/2025\\\/03\\\/pexels-bertellifotografia-573262-scaled.jpg\",\"keywords\":[\"asombro\",\"belleza en lo cotidiano\",\"belleza espiritual\",\"belleza invisible\",\"belleza no visible\",\"Contemplaci\u00f3n\",\"crecimiento personal\",\"Espiritualidad\",\"frutificaci\u00f3n personal\",\"Marta Luquero\",\"mirada del coraz\u00f3n\",\"presencia y atenci\u00f3n\",\"productividad y efectividad\",\"reflexi\u00f3n diaria\",\"significado de la belleza\",\"significados profundos\",\"signos en el Evangelio\",\"simplicidad\",\"Trending\",\"vida cotidiana\",\"vida plena\"],\"articleSection\":[\"Voces\"],\"inLanguage\":\"es\"},{\"@type\":\"WebPage\",\"@id\":\"https:\\\/\\\/exaudi.org\\\/es\\\/la-belleza-que-no-puedes-ver\\\/\",\"url\":\"https:\\\/\\\/exaudi.org\\\/es\\\/la-belleza-que-no-puedes-ver\\\/\",\"name\":\"La belleza que no puedes ver &#8211; Exaudi\",\"isPartOf\":{\"@id\":\"https:\\\/\\\/exaudi.org\\\/#website\"},\"primaryImageOfPage\":{\"@id\":\"https:\\\/\\\/exaudi.org\\\/es\\\/la-belleza-que-no-puedes-ver\\\/#primaryimage\"},\"image\":{\"@id\":\"https:\\\/\\\/exaudi.org\\\/es\\\/la-belleza-que-no-puedes-ver\\\/#primaryimage\"},\"thumbnailUrl\":\"https:\\\/\\\/exaudi.org\\\/wp-content\\\/uploads\\\/2025\\\/03\\\/pexels-bertellifotografia-573262-scaled.jpg\",\"datePublished\":\"2025-03-13T07:50:23+00:00\",\"dateModified\":\"2025-03-13T09:49:26+00:00\",\"author\":{\"@id\":\"https:\\\/\\\/exaudi.org\\\/#\\\/schema\\\/person\\\/593e679cdac2ac955cdf94fd77952021\"},\"breadcrumb\":{\"@id\":\"https:\\\/\\\/exaudi.org\\\/es\\\/la-belleza-que-no-puedes-ver\\\/#breadcrumb\"},\"inLanguage\":\"es\",\"potentialAction\":[{\"@type\":\"ReadAction\",\"target\":[\"https:\\\/\\\/exaudi.org\\\/es\\\/la-belleza-que-no-puedes-ver\\\/\"]}]},{\"@type\":\"ImageObject\",\"inLanguage\":\"es\",\"@id\":\"https:\\\/\\\/exaudi.org\\\/es\\\/la-belleza-que-no-puedes-ver\\\/#primaryimage\",\"url\":\"https:\\\/\\\/exaudi.org\\\/wp-content\\\/uploads\\\/2025\\\/03\\\/pexels-bertellifotografia-573262-scaled.jpg\",\"contentUrl\":\"https:\\\/\\\/exaudi.org\\\/wp-content\\\/uploads\\\/2025\\\/03\\\/pexels-bertellifotografia-573262-scaled.jpg\",\"width\":2560,\"height\":1707},{\"@type\":\"BreadcrumbList\",\"@id\":\"https:\\\/\\\/exaudi.org\\\/es\\\/la-belleza-que-no-puedes-ver\\\/#breadcrumb\",\"itemListElement\":[{\"@type\":\"ListItem\",\"position\":1,\"name\":\"Portada\",\"item\":\"https:\\\/\\\/exaudi.org\\\/es\\\/\"},{\"@type\":\"ListItem\",\"position\":2,\"name\":\"La belleza que no puedes ver\"}]},{\"@type\":\"WebSite\",\"@id\":\"https:\\\/\\\/exaudi.org\\\/#website\",\"url\":\"https:\\\/\\\/exaudi.org\\\/\",\"name\":\"Exaudi\",\"description\":\"News\",\"potentialAction\":[{\"@type\":\"SearchAction\",\"target\":{\"@type\":\"EntryPoint\",\"urlTemplate\":\"https:\\\/\\\/exaudi.org\\\/?s={search_term_string}\"},\"query-input\":{\"@type\":\"PropertyValueSpecification\",\"valueRequired\":true,\"valueName\":\"search_term_string\"}}],\"inLanguage\":\"es\"},{\"@type\":\"Person\",\"@id\":\"https:\\\/\\\/exaudi.org\\\/#\\\/schema\\\/person\\\/593e679cdac2ac955cdf94fd77952021\",\"name\":\"Marta Luquero\",\"image\":{\"@type\":\"ImageObject\",\"inLanguage\":\"es\",\"@id\":\"https:\\\/\\\/secure.gravatar.com\\\/avatar\\\/4d835dde3204f153d4491cc82848d12bcb03055a2dff4ded8a8746c59d626537?s=96&d=mm&r=g\",\"url\":\"https:\\\/\\\/secure.gravatar.com\\\/avatar\\\/4d835dde3204f153d4491cc82848d12bcb03055a2dff4ded8a8746c59d626537?s=96&d=mm&r=g\",\"contentUrl\":\"https:\\\/\\\/secure.gravatar.com\\\/avatar\\\/4d835dde3204f153d4491cc82848d12bcb03055a2dff4ded8a8746c59d626537?s=96&d=mm&r=g\",\"caption\":\"Marta Luquero\"},\"description\":\"@sencillamentemarta Nacida en Madrid, soy madre de dos hijos. Licenciada en Derecho por la Universidad Complutense de Madrid, actualmente estoy cursando un m\u00e1ster en Humanidades. Apasionada de las personas y de una buena conversaci\u00f3n, hace a\u00f1os mi vida dio un giro de 180 grados cuando comprend\u00ed e hice experiencia de la necesidad vital de acompa\u00f1ar y ser acompa\u00f1ada. Trabajo en el mundo acad\u00e9mico, en una universidad cat\u00f3lica acompa\u00f1ando a j\u00f3venes en su camino universitario donde cada d\u00eda hago m\u00eda la necesidad del arte de recomenzar, y donde he reconectado con lo que significa ser universitario y el valor que tienen las grandes preguntas. Cada d\u00eda pongo intenci\u00f3n en mirar la realidad con atenci\u00f3n para no solo ver y soy firme defensora de las peque\u00f1as cosas hechas con amor.\",\"sameAs\":[\"https:\\\/\\\/www.instagram.com\\\/sencillamentemarta\\\/\"],\"url\":\"https:\\\/\\\/exaudi.org\\\/es\\\/author\\\/marta-luquero\\\/\"}]}<\/script>\n<!-- \/ Yoast SEO plugin. -->","yoast_head_json":{"title":"La belleza que no puedes ver &#8211; Exaudi","robots":{"index":"index","follow":"follow","max-snippet":"max-snippet:-1","max-image-preview":"max-image-preview:large","max-video-preview":"max-video-preview:-1"},"canonical":"https:\/\/exaudi.org\/es\/la-belleza-que-no-puedes-ver\/","og_locale":"es_ES","og_type":"article","og_title":"La belleza que no puedes ver &#8211; Exaudi","og_description":"Lo que no se ve con los ojos, sino con el coraz\u00f3n","og_url":"https:\/\/exaudi.org\/es\/la-belleza-que-no-puedes-ver\/","og_site_name":"Exaudi","article_publisher":"https:\/\/www.facebook.com\/ExaudiNews","article_published_time":"2025-03-13T07:50:23+00:00","article_modified_time":"2025-03-13T09:49:26+00:00","og_image":[{"width":2560,"height":1707,"url":"https:\/\/exaudi.org\/wp-content\/uploads\/2025\/03\/pexels-bertellifotografia-573262-scaled.jpg","type":"image\/jpeg"}],"author":"Marta Luquero","twitter_card":"summary_large_image","twitter_creator":"@Exaudi_News","twitter_site":"@Exaudi_News","twitter_misc":{"Escrito por":"Marta Luquero","Tiempo de lectura":"5 minutos"},"schema":{"@context":"https:\/\/schema.org","@graph":[{"@type":"Article","@id":"https:\/\/exaudi.org\/es\/la-belleza-que-no-puedes-ver\/#article","isPartOf":{"@id":"https:\/\/exaudi.org\/es\/la-belleza-que-no-puedes-ver\/"},"author":{"name":"Marta Luquero","@id":"https:\/\/exaudi.org\/#\/schema\/person\/593e679cdac2ac955cdf94fd77952021"},"headline":"La belleza que no puedes ver","datePublished":"2025-03-13T07:50:23+00:00","dateModified":"2025-03-13T09:49:26+00:00","mainEntityOfPage":{"@id":"https:\/\/exaudi.org\/es\/la-belleza-que-no-puedes-ver\/"},"wordCount":1009,"image":{"@id":"https:\/\/exaudi.org\/es\/la-belleza-que-no-puedes-ver\/#primaryimage"},"thumbnailUrl":"https:\/\/exaudi.org\/wp-content\/uploads\/2025\/03\/pexels-bertellifotografia-573262-scaled.jpg","keywords":["asombro","belleza en lo cotidiano","belleza espiritual","belleza invisible","belleza no visible","Contemplaci\u00f3n","crecimiento personal","Espiritualidad","frutificaci\u00f3n personal","Marta Luquero","mirada del coraz\u00f3n","presencia y atenci\u00f3n","productividad y efectividad","reflexi\u00f3n diaria","significado de la belleza","significados profundos","signos en el Evangelio","simplicidad","Trending","vida cotidiana","vida plena"],"articleSection":["Voces"],"inLanguage":"es"},{"@type":"WebPage","@id":"https:\/\/exaudi.org\/es\/la-belleza-que-no-puedes-ver\/","url":"https:\/\/exaudi.org\/es\/la-belleza-que-no-puedes-ver\/","name":"La belleza que no puedes ver &#8211; Exaudi","isPartOf":{"@id":"https:\/\/exaudi.org\/#website"},"primaryImageOfPage":{"@id":"https:\/\/exaudi.org\/es\/la-belleza-que-no-puedes-ver\/#primaryimage"},"image":{"@id":"https:\/\/exaudi.org\/es\/la-belleza-que-no-puedes-ver\/#primaryimage"},"thumbnailUrl":"https:\/\/exaudi.org\/wp-content\/uploads\/2025\/03\/pexels-bertellifotografia-573262-scaled.jpg","datePublished":"2025-03-13T07:50:23+00:00","dateModified":"2025-03-13T09:49:26+00:00","author":{"@id":"https:\/\/exaudi.org\/#\/schema\/person\/593e679cdac2ac955cdf94fd77952021"},"breadcrumb":{"@id":"https:\/\/exaudi.org\/es\/la-belleza-que-no-puedes-ver\/#breadcrumb"},"inLanguage":"es","potentialAction":[{"@type":"ReadAction","target":["https:\/\/exaudi.org\/es\/la-belleza-que-no-puedes-ver\/"]}]},{"@type":"ImageObject","inLanguage":"es","@id":"https:\/\/exaudi.org\/es\/la-belleza-que-no-puedes-ver\/#primaryimage","url":"https:\/\/exaudi.org\/wp-content\/uploads\/2025\/03\/pexels-bertellifotografia-573262-scaled.jpg","contentUrl":"https:\/\/exaudi.org\/wp-content\/uploads\/2025\/03\/pexels-bertellifotografia-573262-scaled.jpg","width":2560,"height":1707},{"@type":"BreadcrumbList","@id":"https:\/\/exaudi.org\/es\/la-belleza-que-no-puedes-ver\/#breadcrumb","itemListElement":[{"@type":"ListItem","position":1,"name":"Portada","item":"https:\/\/exaudi.org\/es\/"},{"@type":"ListItem","position":2,"name":"La belleza que no puedes ver"}]},{"@type":"WebSite","@id":"https:\/\/exaudi.org\/#website","url":"https:\/\/exaudi.org\/","name":"Exaudi","description":"News","potentialAction":[{"@type":"SearchAction","target":{"@type":"EntryPoint","urlTemplate":"https:\/\/exaudi.org\/?s={search_term_string}"},"query-input":{"@type":"PropertyValueSpecification","valueRequired":true,"valueName":"search_term_string"}}],"inLanguage":"es"},{"@type":"Person","@id":"https:\/\/exaudi.org\/#\/schema\/person\/593e679cdac2ac955cdf94fd77952021","name":"Marta Luquero","image":{"@type":"ImageObject","inLanguage":"es","@id":"https:\/\/secure.gravatar.com\/avatar\/4d835dde3204f153d4491cc82848d12bcb03055a2dff4ded8a8746c59d626537?s=96&d=mm&r=g","url":"https:\/\/secure.gravatar.com\/avatar\/4d835dde3204f153d4491cc82848d12bcb03055a2dff4ded8a8746c59d626537?s=96&d=mm&r=g","contentUrl":"https:\/\/secure.gravatar.com\/avatar\/4d835dde3204f153d4491cc82848d12bcb03055a2dff4ded8a8746c59d626537?s=96&d=mm&r=g","caption":"Marta Luquero"},"description":"@sencillamentemarta Nacida en Madrid, soy madre de dos hijos. Licenciada en Derecho por la Universidad Complutense de Madrid, actualmente estoy cursando un m\u00e1ster en Humanidades. Apasionada de las personas y de una buena conversaci\u00f3n, hace a\u00f1os mi vida dio un giro de 180 grados cuando comprend\u00ed e hice experiencia de la necesidad vital de acompa\u00f1ar y ser acompa\u00f1ada. Trabajo en el mundo acad\u00e9mico, en una universidad cat\u00f3lica acompa\u00f1ando a j\u00f3venes en su camino universitario donde cada d\u00eda hago m\u00eda la necesidad del arte de recomenzar, y donde he reconectado con lo que significa ser universitario y el valor que tienen las grandes preguntas. Cada d\u00eda pongo intenci\u00f3n en mirar la realidad con atenci\u00f3n para no solo ver y soy firme defensora de las peque\u00f1as cosas hechas con amor.","sameAs":["https:\/\/www.instagram.com\/sencillamentemarta\/"],"url":"https:\/\/exaudi.org\/es\/author\/marta-luquero\/"}]}},"jetpack_featured_media_url":"https:\/\/exaudi.org\/wp-content\/uploads\/2025\/03\/pexels-bertellifotografia-573262-scaled.jpg","jetpack_shortlink":"https:\/\/wp.me\/pgKjF2-vw0","_links":{"self":[{"href":"https:\/\/exaudi.org\/es\/wp-json\/wp\/v2\/posts\/121148","targetHints":{"allow":["GET"]}}],"collection":[{"href":"https:\/\/exaudi.org\/es\/wp-json\/wp\/v2\/posts"}],"about":[{"href":"https:\/\/exaudi.org\/es\/wp-json\/wp\/v2\/types\/post"}],"author":[{"embeddable":true,"href":"https:\/\/exaudi.org\/es\/wp-json\/wp\/v2\/users\/129"}],"replies":[{"embeddable":true,"href":"https:\/\/exaudi.org\/es\/wp-json\/wp\/v2\/comments?post=121148"}],"version-history":[{"count":0,"href":"https:\/\/exaudi.org\/es\/wp-json\/wp\/v2\/posts\/121148\/revisions"}],"wp:featuredmedia":[{"embeddable":true,"href":"https:\/\/exaudi.org\/es\/wp-json\/wp\/v2\/media\/121158"}],"wp:attachment":[{"href":"https:\/\/exaudi.org\/es\/wp-json\/wp\/v2\/media?parent=121148"}],"wp:term":[{"taxonomy":"category","embeddable":true,"href":"https:\/\/exaudi.org\/es\/wp-json\/wp\/v2\/categories?post=121148"},{"taxonomy":"post_tag","embeddable":true,"href":"https:\/\/exaudi.org\/es\/wp-json\/wp\/v2\/tags?post=121148"}],"curies":[{"name":"wp","href":"https:\/\/api.w.org\/{rel}","templated":true}]}}