{"id":121138,"date":"2025-03-13T09:00:25","date_gmt":"2025-03-13T08:00:25","guid":{"rendered":"https:\/\/exaudi.org\/?p=121138"},"modified":"2025-03-12T09:52:18","modified_gmt":"2025-03-12T08:52:18","slug":"el-evangelio-primero","status":"publish","type":"post","link":"https:\/\/exaudi.org\/es\/el-evangelio-primero\/","title":{"rendered":"\u00a1El Evangelio Primero!"},"content":{"rendered":"<p>Con 88 a\u00f1os de edad y una salud menguada y fr\u00e1gil, el pr\u00f3ximo 13 de marzo de este 2025, el Papa Francisco llega a su d\u00e9cimo segundo aniversario de ministerio petrino. Ocasi\u00f3n propicia para reflexionar, para hacer an\u00e1lisis y balance de lo que, para la Iglesia Cat\u00f3lica y para el mundo, ha significado este pontificado, el n\u00famero 266 en la historia del catolicismo.<\/p>\n<p>Poder que no sirve, especialmente, a los m\u00e1s d\u00e9biles, sino que atropella y aplasta (Mt 20,25-29). La Iglesia se ha contaminado, tambi\u00e9n, de la <strong><em>codicia por los bienes materiales<\/em><\/strong>, que convierte, muchas veces, a los gu\u00edas, l\u00edderes y jerarcas de la Iglesia en mercaderes de la fe (<em>\u201cNo convirt\u00e1is la Casa de mi Padre en cueva de ladrones<\/em>\u201d Mt 21,12-16; \u201c<em>No pod\u00e9is servir a Dios y al dinero<\/em>\u201d Mt 6,24). Codicia que impide que la Iglesia sea<em> \u201cpobre y de los pobres<\/em>\u201d. Dos mil a\u00f1os de historia en los que <strong><em>el hedonismo<\/em><\/strong> que ofrece el mundo tambi\u00e9n se ha filtrado en la vida de los l\u00edderes eclesi\u00e1sticos.<\/p>\n<p>Historia de la Iglesia, adem\u00e1s, con una <strong><em>sobrecarga del Antiguo Testamento<\/em><\/strong>, por la que, por ejemplo, se reza m\u00e1s con el Antiguo que con el Nuevo Testamento o se predican m\u00e1s los diez mandamientos veterotestamentarios que el nuevo y \u00fanico mandamiento de Jes\u00fas de Nazaret: el mandato fraterno del amor. As\u00ed mismo, se contamin\u00f3 la predicaci\u00f3n de la Iglesia con mayor <strong><em>uso de categor\u00edas filos\u00f3ficas<\/em><\/strong> que con los criterios del evangelio y con m\u00e1s insistencia en <strong><em>r\u00fabricas, preceptos, mandatos y leyes del derecho eclesi\u00e1stico<\/em><\/strong> que con la vida en el amor. (dejan de lado y olvidan las tradiciones)<\/p>\n<p>Todo lo cual, ha apartado o impedido y estorbado el acercamiento de los fieles al Evangelio que es Cristo mismo, fuente primera de la fe, y hemos olvidado, que los disc\u00edpulos \u201c<em>estamos en el mundo, pero no somos del mundo<\/em>\u201d (Jn 15,18), porque hemos de vivir en el mundo, pero seg\u00fan la l\u00f3gica del Evangelio, para poder ser, en el mundo, luz y sal. \u201c<em>Pero si la sal se vuelve sosa, \u00bfcon qu\u00e9 la salar\u00e1n?<\/em> (Mt 5,13-16)<\/p>\n<p>Frente a estos contaminantes hist\u00f3ricos en la Iglesia, en apego y seguimiento aut\u00e9ntico de Cristo y de la Verdad y l\u00f3gica del Evangelio, emergi\u00f3 la figura de Jorge Mario Bergoglio, como primer Papa jesuita y latinoamericano y, por lo anteriormente dicho, su pastoreo universal ha estado enfocado, obstinadamente, en acercarnos de nuevo, con gestos, con hechos y con palabras, con anuncios y con denuncias, a Jes\u00fas de Nazaret y a los criterios y principios de su buena nueva, de su evangelio, que aunque sean necedad y locura para el mundo, son el poder, la fuerza y la sabidur\u00eda de Dios (1 Cor 1,18-24).<\/p>\n<p>Esta urgencia, esta vehemencia, este acento de Francisco por guiarnos al Evangelio, durante todo su fren\u00e9tico, abundante y magnifico ministerio y expresado, especialmente en sus cartas enc\u00edclicas (Lumen Fidei, Laudato Si, Fratelli Tutti y Dilexit Nos) y en sus viajes apost\u00f3licos, se ha puesto de manifiesto insistentemente &#8211; en:<\/p>\n<ul>\n<li>Su permanente defensa a los \u201cdescartados\u201d de la tierra, como Francisco los llama; a los m\u00e1s peque\u00f1os, empobrecidos y vulnerables de la sociedad. Por ello su preocupaci\u00f3n, por ejemplo, por los migrantes y sus llamados a la convivencia fraterna, a la misericordia, a la justicia social, a la \u201cmejor pol\u00edtica\u201d fraterna y solidaria y a la paz.<\/li>\n<li>Su urgencia porque la Iglesia y sus l\u00edderes se desinstalen y salgan, con su tarea evangelizadora, a las periferias sociales, para que los pastores tengan \u201color a oveja\u201d.<\/li>\n<li>Su defensa del medio ambiente.<\/li>\n<li>Su llamamiento y acciones por una vida y predicaci\u00f3n de la Iglesia sin hipocres\u00edas, sin pedir renovaci\u00f3n afuera, \u201cad extra\u201d de la Iglesia, si antes no hay renovaci\u00f3n al interior de la misma Iglesia. Por ello su urgencia por la renovaci\u00f3n de la Curia Romana y sus medidas para combatir los esc\u00e1ndalos y cr\u00edmenes sexuales de pedofilia que involucran al clero.<\/li>\n<li>Su permanente preocupaci\u00f3n fraterna y ecum\u00e9nica por el di\u00e1logo interreligoso.<\/li>\n<li>Su proximidad y preocupaci\u00f3n por las causas juveniles, demostrada, especialmente, en las sucesivas jornadas mundiales de la juventud.<\/li>\n<li>Y un largo etc\u00e9tera del mucho bien y del \u201cviento fresco\u201d que ha sido el magisterio del Papa Francisco para toda la humanidad.<\/li>\n<\/ul>\n<p>Y, sin embargo, y para nuestro dolor y verg\u00fcenza, ni la Iglesia Cat\u00f3lica en general, ni la Iglesia latinoamericana en particular han vibrado con el pontificado de Francisco. M\u00e1s a\u00fan, en el seno de la misma Iglesia, como Jes\u00fas entre el grupo de sus \u00edntimos, de los que com\u00edan con \u00e9l, (Mt 26,23) el Papa Francisco ha encontrado incomprensiones, detractores y traidores de su pastoreo y de su mensaje.<\/p>\n<p>La explicaci\u00f3n de estas traiciones hay que buscarla en los contaminantes de la Iglesia arriba mencionados, porque \u2013 como, fuertemente, dijo el mismo Jes\u00fas, refiri\u00e9ndose a los fariseos de su tiempo y pueblo: <em>\u201cUstedes se aferran a tradiciones<\/em> (al poder, a la riqueza, a los placeres y a las comodidades del mundo) <em>pero dejan de lado el mandamiento de Dios.<\/em> (Mc 7,8)<\/p>\n<p>Pero, el mismo Evangelio ense\u00f1a que la autenticidad al seguimiento de Cristo est\u00e1 signada por el padecimiento y la cruz. Padecimientos, persecuciones y cruz que nacen del choque de criterios entre la l\u00f3gica del mundo y la l\u00f3gica del Evangelio. Por lo que hoy, al interior de la Iglesia, puede aplicarse a algunos el rega\u00f1o de Jes\u00fas: \u201c<em>Ap\u00e1rtate de m\u00ed, porque t\u00fa piensas como los hombres y no como Dios<\/em>. (Mt 16,23); y a Francisco la bienaventuranza: <em>\u201cFelices los que sufren por causa del Evangelio\u2026\u201d <\/em>(Mt 5,10-12).<\/p>\n<p>Hay quienes se afanan e interesan por encasillar el magisterio de Francisco en ideolog\u00edas o partidismos de derecha o de izquierda, pero el \u00fanico r\u00f3tulo que le cabe a Francisco es el de ser un disc\u00edpulo aut\u00e9ntico de Cristo.<\/p>\n<p>El Papa Francisco, fiel al Evangelio y con una claridad y fuerza que impresionan a sus 88 a\u00f1os, se mantiene activo e inamovible en sus convicciones evang\u00e9licas, como \u201c<em>una voz que clama en el desierto<\/em>\u201d (Is 40,3; Lc 3,4) de la postmodernidad, de la cultura light y de la muerte; en una sociedad soberbia, que al mismo tiempo que se ufana por los adelantos materiales, cient\u00edficos y tecnol\u00f3gicos, parece cuesta abajo en los mejores valores del esp\u00edritu humano; mundo que se va construyendo de lejos, a espaldas o definitivamente contra Dios y su Evangelio.<\/p>\n<p>El Papa contin\u00faa su tarea evangelizadora de anuncio y de denuncia. Como pastor de la Iglesia cat\u00f3lica, de la universal y profeta de nuestro tiempo se interesa, le importan y hace suyos todos los problemas del ser humano y de la entera humanidad, para iluminar todo con la luz y criterios del Evangelio. As\u00ed lo demostr\u00f3, recientemente, por ejemplo, en carta a la Conferencia de Obispos Cat\u00f3licos de los Estados Unidos, preocupado por las nuevas pol\u00edticas migratorias propuestas por el Presidente D. Trump.<\/p>\n<p>Estas l\u00edneas de reconocimiento a la inmensa contribuci\u00f3n y al buen legado del Papa Francisco para toda la humanidad, las escribo como testimonio afectuos\u00edsimo, desde mi experiencia cristiana y personal como laico comprometido, por el honor y privilegio que he tenido toda mi vida de seguir, muy de cerca, a la persona y mensaje del Papa Francisco: desde mis a\u00f1os de juventud como estudiante de filosof\u00eda en las clases de literatura en la Universidad jesu\u00edtica de \u201cEl Salvador\u201d, en Buenos Aires \u2013 Argentina, hasta los \u00faltimos a\u00f1os, en peri\u00f3dicos encuentros que he tenido con el Papa Francisco en Roma.<\/p>\n<p>Cuando termino de escribir este art\u00edculo, es noticia mundial que el Papa Francisco est\u00e1 siendo ingresado al Hospital Gemelli \u2013 Roma, debido a una dificultad respiratoria. Los invito a que oremos por la recuperaci\u00f3n de su salud y a que demos gracias al Papa y a Dios por todo el bien que su pontificado y magisterio ha significado para la Iglesia en el mundo, durante estos doce a\u00f1os.<\/p>\n<p>El Papa Francisco ser\u00e1 recordado por haber puesto de primero el Evangelio en el ser y quehacer de la vida y de la historia de la Iglesia; por invitarnos de nuevo e insistentemente a volver al Evangelio, para vivir seg\u00fan la l\u00f3gica de Jes\u00fas de Nazaret, que es la sabidur\u00eda de Dios y que se vive mediante el amor fraterno, para lograr la construcci\u00f3n de un mundo m\u00e1s humano y, por ello, m\u00e1s seg\u00fan la voluntad de Dios.<\/p>\n<p><em><strong>Mario J. Paredes es miembro del Consejo General Directivo de la Academia Latinoamericana de Lideres Cat\u00f3licos<\/strong><\/em><\/p>\n<p><img loading=\"lazy\" decoding=\"async\" class=\"size-full wp-image-121143 alignnone\" src=\"https:\/\/exaudi.org\/wp-content\/uploads\/2025\/03\/Mario-J.-Paredes-2.jpg\" alt=\"\" width=\"940\" height=\"788\" srcset=\"https:\/\/exaudi.org\/wp-content\/uploads\/2025\/03\/Mario-J.-Paredes-2.jpg 940w, https:\/\/exaudi.org\/wp-content\/uploads\/2025\/03\/Mario-J.-Paredes-2-300x251.jpg 300w, https:\/\/exaudi.org\/wp-content\/uploads\/2025\/03\/Mario-J.-Paredes-2-770x645.jpg 770w, https:\/\/exaudi.org\/wp-content\/uploads\/2025\/03\/Mario-J.-Paredes-2-500x419.jpg 500w\" sizes=\"auto, (max-width: 940px) 100vw, 940px\" \/><\/p>\n","protected":false},"excerpt":{"rendered":"<p>El Papa Francisco: Doce A\u00f1os de su Pontificado<\/p>\n","protected":false},"author":114,"featured_media":121139,"comment_status":"closed","ping_status":"closed","sticky":false,"template":"","format":"standard","meta":{"_acf_changed":false,"_crdt_document":"","inline_featured_image":false,"footnotes":""},"categories":[130],"tags":[48982,1790,48988,48984,48989,5598,854,28528,40503,1372,48981,2419,490,48987,449,18198,7919,5256,48985,1855,1767,9279,21872,48983,7881,10231,1964,158,9855,14268,16781,48986],"class_list":["post-121138","post","type-post","status-publish","format-standard","has-post-thumbnail","hentry","category-voces","tag-12-anos-de-pontificado","tag-academia-latinoamericana-de-lideres-catolicos","tag-autenticidad-cristiana","tag-convivencia-fraterna","tag-cultura-light","tag-curia-romana-es","tag-dialogo-interreligioso-es","tag-dilexit-nos","tag-enciclicas-papales","tag-evangelio","tag-evangelio-primero","tag-featured","tag-fratelli-tutti-es","tag-ideologias-politicas","tag-iglesia-catolica","tag-iglesia-universal","tag-jesus-de-nazaret","tag-jorge-mario-bergoglio","tag-jornadas-mundiales-de-la-juventud","tag-jovenes","tag-justicia-social","tag-laudato-si-3","tag-liderazgo-catolico","tag-lumen-fidei","tag-mario-j-paredes","tag-medio-ambiente","tag-migrantes","tag-papa-francisco","tag-pedofilia-2","tag-postmodernidad","tag-renovacion-de-la-iglesia","tag-traiciones-en-la-iglesia"],"acf":[],"yoast_head":"<!-- This site is optimized with the Yoast SEO plugin v27.4 - https:\/\/yoast.com\/product\/yoast-seo-wordpress\/ -->\n<title>\u00a1El Evangelio Primero! &#8211; Exaudi<\/title>\n<meta name=\"robots\" content=\"index, follow, max-snippet:-1, max-image-preview:large, max-video-preview:-1\" \/>\n<link rel=\"canonical\" href=\"https:\/\/exaudi.org\/es\/el-evangelio-primero\/\" \/>\n<meta property=\"og:locale\" content=\"es_ES\" \/>\n<meta property=\"og:type\" content=\"article\" \/>\n<meta property=\"og:title\" content=\"\u00a1El Evangelio Primero! &#8211; Exaudi\" \/>\n<meta property=\"og:description\" content=\"El Papa Francisco: Doce A\u00f1os de su Pontificado\" \/>\n<meta property=\"og:url\" content=\"https:\/\/exaudi.org\/es\/el-evangelio-primero\/\" \/>\n<meta property=\"og:site_name\" content=\"Exaudi\" \/>\n<meta property=\"article:publisher\" content=\"https:\/\/www.facebook.com\/ExaudiNews\" \/>\n<meta property=\"article:author\" content=\"https:\/\/www.facebook.com\/SOMOSCommunityCare\/\" \/>\n<meta property=\"article:published_time\" content=\"2025-03-13T08:00:25+00:00\" \/>\n<meta property=\"og:image\" content=\"https:\/\/exaudi.org\/wp-content\/uploads\/2025\/03\/cq5dam.thumbnail.cropped.1000.563-1.jpeg\" \/>\n\t<meta property=\"og:image:width\" content=\"1000\" \/>\n\t<meta property=\"og:image:height\" content=\"563\" \/>\n\t<meta property=\"og:image:type\" content=\"image\/jpeg\" \/>\n<meta name=\"author\" content=\"Mario J. Paredes\" \/>\n<meta name=\"twitter:card\" content=\"summary_large_image\" \/>\n<meta name=\"twitter:creator\" content=\"@SOMOSCare\" \/>\n<meta name=\"twitter:site\" content=\"@Exaudi_News\" \/>\n<meta name=\"twitter:label1\" content=\"Escrito por\" \/>\n\t<meta name=\"twitter:data1\" content=\"Mario J. Paredes\" \/>\n\t<meta name=\"twitter:label2\" content=\"Tiempo de lectura\" \/>\n\t<meta name=\"twitter:data2\" content=\"7 minutos\" \/>\n<script type=\"application\/ld+json\" class=\"yoast-schema-graph\">{\"@context\":\"https:\\\/\\\/schema.org\",\"@graph\":[{\"@type\":\"Article\",\"@id\":\"https:\\\/\\\/exaudi.org\\\/es\\\/el-evangelio-primero\\\/#article\",\"isPartOf\":{\"@id\":\"https:\\\/\\\/exaudi.org\\\/es\\\/el-evangelio-primero\\\/\"},\"author\":{\"name\":\"Mario J. Paredes\",\"@id\":\"https:\\\/\\\/exaudi.org\\\/#\\\/schema\\\/person\\\/f4babf785ff6e9ecd6850d1802095c1d\"},\"headline\":\"\u00a1El Evangelio Primero!\",\"datePublished\":\"2025-03-13T08:00:25+00:00\",\"mainEntityOfPage\":{\"@id\":\"https:\\\/\\\/exaudi.org\\\/es\\\/el-evangelio-primero\\\/\"},\"wordCount\":1487,\"image\":{\"@id\":\"https:\\\/\\\/exaudi.org\\\/es\\\/el-evangelio-primero\\\/#primaryimage\"},\"thumbnailUrl\":\"https:\\\/\\\/exaudi.org\\\/wp-content\\\/uploads\\\/2025\\\/03\\\/cq5dam.thumbnail.cropped.1000.563-1.jpeg\",\"keywords\":[\"12 a\u00f1os de pontificado\",\"Academia Latinoamericana de L\u00edderes Cat\u00f3licos\",\"autenticidad cristiana\",\"convivencia fraterna\",\"cultura light\",\"curia romana\",\"dialogo interreligioso\",\"Dilexit nos\",\"enc\u00edclicas papales\",\"Evangelio\",\"Evangelio Primero\",\"Featured\",\"Fratelli Tutti\",\"ideolog\u00edas pol\u00edticas\",\"Iglesia cat\u00f3lica\",\"Iglesia Universal\",\"Jes\u00fas de Nazaret\",\"Jorge Mario Bergoglio\",\"jornadas mundiales de la juventud\",\"J\u00f3venes\",\"Justicia Social\",\"laudato si\",\"liderazgo cat\u00f3lico\",\"Lumen Fidei\",\"Mario J Paredes\",\"Medio Ambiente\",\"Migrantes\",\"papa francisco\",\"Pedof\u00edlia\",\"postmodernidad\",\"renovaci\u00f3n de la Iglesia\",\"traiciones en la Iglesia\"],\"articleSection\":[\"Voces\"],\"inLanguage\":\"es\"},{\"@type\":\"WebPage\",\"@id\":\"https:\\\/\\\/exaudi.org\\\/es\\\/el-evangelio-primero\\\/\",\"url\":\"https:\\\/\\\/exaudi.org\\\/es\\\/el-evangelio-primero\\\/\",\"name\":\"\u00a1El Evangelio Primero! &#8211; Exaudi\",\"isPartOf\":{\"@id\":\"https:\\\/\\\/exaudi.org\\\/#website\"},\"primaryImageOfPage\":{\"@id\":\"https:\\\/\\\/exaudi.org\\\/es\\\/el-evangelio-primero\\\/#primaryimage\"},\"image\":{\"@id\":\"https:\\\/\\\/exaudi.org\\\/es\\\/el-evangelio-primero\\\/#primaryimage\"},\"thumbnailUrl\":\"https:\\\/\\\/exaudi.org\\\/wp-content\\\/uploads\\\/2025\\\/03\\\/cq5dam.thumbnail.cropped.1000.563-1.jpeg\",\"datePublished\":\"2025-03-13T08:00:25+00:00\",\"author\":{\"@id\":\"https:\\\/\\\/exaudi.org\\\/#\\\/schema\\\/person\\\/f4babf785ff6e9ecd6850d1802095c1d\"},\"breadcrumb\":{\"@id\":\"https:\\\/\\\/exaudi.org\\\/es\\\/el-evangelio-primero\\\/#breadcrumb\"},\"inLanguage\":\"es\",\"potentialAction\":[{\"@type\":\"ReadAction\",\"target\":[\"https:\\\/\\\/exaudi.org\\\/es\\\/el-evangelio-primero\\\/\"]}]},{\"@type\":\"ImageObject\",\"inLanguage\":\"es\",\"@id\":\"https:\\\/\\\/exaudi.org\\\/es\\\/el-evangelio-primero\\\/#primaryimage\",\"url\":\"https:\\\/\\\/exaudi.org\\\/wp-content\\\/uploads\\\/2025\\\/03\\\/cq5dam.thumbnail.cropped.1000.563-1.jpeg\",\"contentUrl\":\"https:\\\/\\\/exaudi.org\\\/wp-content\\\/uploads\\\/2025\\\/03\\\/cq5dam.thumbnail.cropped.1000.563-1.jpeg\",\"width\":1000,\"height\":563},{\"@type\":\"BreadcrumbList\",\"@id\":\"https:\\\/\\\/exaudi.org\\\/es\\\/el-evangelio-primero\\\/#breadcrumb\",\"itemListElement\":[{\"@type\":\"ListItem\",\"position\":1,\"name\":\"Portada\",\"item\":\"https:\\\/\\\/exaudi.org\\\/es\\\/\"},{\"@type\":\"ListItem\",\"position\":2,\"name\":\"\u00a1El Evangelio Primero!\"}]},{\"@type\":\"WebSite\",\"@id\":\"https:\\\/\\\/exaudi.org\\\/#website\",\"url\":\"https:\\\/\\\/exaudi.org\\\/\",\"name\":\"Exaudi\",\"description\":\"News\",\"potentialAction\":[{\"@type\":\"SearchAction\",\"target\":{\"@type\":\"EntryPoint\",\"urlTemplate\":\"https:\\\/\\\/exaudi.org\\\/?s={search_term_string}\"},\"query-input\":{\"@type\":\"PropertyValueSpecification\",\"valueRequired\":true,\"valueName\":\"search_term_string\"}}],\"inLanguage\":\"es\"},{\"@type\":\"Person\",\"@id\":\"https:\\\/\\\/exaudi.org\\\/#\\\/schema\\\/person\\\/f4babf785ff6e9ecd6850d1802095c1d\",\"name\":\"Mario J. Paredes\",\"image\":{\"@type\":\"ImageObject\",\"inLanguage\":\"es\",\"@id\":\"https:\\\/\\\/secure.gravatar.com\\\/avatar\\\/28c707f8b881139d324797c87373ccf8502494a7f73d0f6d23dcda1548e9d254?s=96&d=mm&r=g\",\"url\":\"https:\\\/\\\/secure.gravatar.com\\\/avatar\\\/28c707f8b881139d324797c87373ccf8502494a7f73d0f6d23dcda1548e9d254?s=96&d=mm&r=g\",\"contentUrl\":\"https:\\\/\\\/secure.gravatar.com\\\/avatar\\\/28c707f8b881139d324797c87373ccf8502494a7f73d0f6d23dcda1548e9d254?s=96&d=mm&r=g\",\"caption\":\"Mario J. Paredes\"},\"description\":\"Presidente ejecutivo de SOMOS Community Care, una red de 2,600 m\u00e9dicos independientes -en su mayor\u00eda de atenci\u00f3n primaria- que atienden a cerca de un mill\u00f3n de los pacientes m\u00e1s vulnerables del Medicaid de la Ciudad de Nueva York\",\"sameAs\":[\"http:\\\/\\\/somosnyhealth.org\",\"https:\\\/\\\/www.facebook.com\\\/SOMOSCommunityCare\\\/\",\"https:\\\/\\\/www.instagram.com\\\/somoscare\\\/\",\"https:\\\/\\\/www.linkedin.com\\\/company\\\/somoscommunitycare\\\/\",\"https:\\\/\\\/x.com\\\/SOMOSCare\",\"https:\\\/\\\/www.youtube.com\\\/channel\\\/UCUrnRjEHj5UrNvxU0jHSzQQ\"],\"url\":\"https:\\\/\\\/exaudi.org\\\/es\\\/author\\\/mario-j-paredes\\\/\"}]}<\/script>\n<!-- \/ Yoast SEO plugin. -->","yoast_head_json":{"title":"\u00a1El Evangelio Primero! &#8211; Exaudi","robots":{"index":"index","follow":"follow","max-snippet":"max-snippet:-1","max-image-preview":"max-image-preview:large","max-video-preview":"max-video-preview:-1"},"canonical":"https:\/\/exaudi.org\/es\/el-evangelio-primero\/","og_locale":"es_ES","og_type":"article","og_title":"\u00a1El Evangelio Primero! &#8211; Exaudi","og_description":"El Papa Francisco: Doce A\u00f1os de su Pontificado","og_url":"https:\/\/exaudi.org\/es\/el-evangelio-primero\/","og_site_name":"Exaudi","article_publisher":"https:\/\/www.facebook.com\/ExaudiNews","article_author":"https:\/\/www.facebook.com\/SOMOSCommunityCare\/","article_published_time":"2025-03-13T08:00:25+00:00","og_image":[{"width":1000,"height":563,"url":"https:\/\/exaudi.org\/wp-content\/uploads\/2025\/03\/cq5dam.thumbnail.cropped.1000.563-1.jpeg","type":"image\/jpeg"}],"author":"Mario J. Paredes","twitter_card":"summary_large_image","twitter_creator":"@SOMOSCare","twitter_site":"@Exaudi_News","twitter_misc":{"Escrito por":"Mario J. Paredes","Tiempo de lectura":"7 minutos"},"schema":{"@context":"https:\/\/schema.org","@graph":[{"@type":"Article","@id":"https:\/\/exaudi.org\/es\/el-evangelio-primero\/#article","isPartOf":{"@id":"https:\/\/exaudi.org\/es\/el-evangelio-primero\/"},"author":{"name":"Mario J. Paredes","@id":"https:\/\/exaudi.org\/#\/schema\/person\/f4babf785ff6e9ecd6850d1802095c1d"},"headline":"\u00a1El Evangelio Primero!","datePublished":"2025-03-13T08:00:25+00:00","mainEntityOfPage":{"@id":"https:\/\/exaudi.org\/es\/el-evangelio-primero\/"},"wordCount":1487,"image":{"@id":"https:\/\/exaudi.org\/es\/el-evangelio-primero\/#primaryimage"},"thumbnailUrl":"https:\/\/exaudi.org\/wp-content\/uploads\/2025\/03\/cq5dam.thumbnail.cropped.1000.563-1.jpeg","keywords":["12 a\u00f1os de pontificado","Academia Latinoamericana de L\u00edderes Cat\u00f3licos","autenticidad cristiana","convivencia fraterna","cultura light","curia romana","dialogo interreligioso","Dilexit nos","enc\u00edclicas papales","Evangelio","Evangelio Primero","Featured","Fratelli Tutti","ideolog\u00edas pol\u00edticas","Iglesia cat\u00f3lica","Iglesia Universal","Jes\u00fas de Nazaret","Jorge Mario Bergoglio","jornadas mundiales de la juventud","J\u00f3venes","Justicia Social","laudato si","liderazgo cat\u00f3lico","Lumen Fidei","Mario J Paredes","Medio Ambiente","Migrantes","papa francisco","Pedof\u00edlia","postmodernidad","renovaci\u00f3n de la Iglesia","traiciones en la Iglesia"],"articleSection":["Voces"],"inLanguage":"es"},{"@type":"WebPage","@id":"https:\/\/exaudi.org\/es\/el-evangelio-primero\/","url":"https:\/\/exaudi.org\/es\/el-evangelio-primero\/","name":"\u00a1El Evangelio Primero! &#8211; Exaudi","isPartOf":{"@id":"https:\/\/exaudi.org\/#website"},"primaryImageOfPage":{"@id":"https:\/\/exaudi.org\/es\/el-evangelio-primero\/#primaryimage"},"image":{"@id":"https:\/\/exaudi.org\/es\/el-evangelio-primero\/#primaryimage"},"thumbnailUrl":"https:\/\/exaudi.org\/wp-content\/uploads\/2025\/03\/cq5dam.thumbnail.cropped.1000.563-1.jpeg","datePublished":"2025-03-13T08:00:25+00:00","author":{"@id":"https:\/\/exaudi.org\/#\/schema\/person\/f4babf785ff6e9ecd6850d1802095c1d"},"breadcrumb":{"@id":"https:\/\/exaudi.org\/es\/el-evangelio-primero\/#breadcrumb"},"inLanguage":"es","potentialAction":[{"@type":"ReadAction","target":["https:\/\/exaudi.org\/es\/el-evangelio-primero\/"]}]},{"@type":"ImageObject","inLanguage":"es","@id":"https:\/\/exaudi.org\/es\/el-evangelio-primero\/#primaryimage","url":"https:\/\/exaudi.org\/wp-content\/uploads\/2025\/03\/cq5dam.thumbnail.cropped.1000.563-1.jpeg","contentUrl":"https:\/\/exaudi.org\/wp-content\/uploads\/2025\/03\/cq5dam.thumbnail.cropped.1000.563-1.jpeg","width":1000,"height":563},{"@type":"BreadcrumbList","@id":"https:\/\/exaudi.org\/es\/el-evangelio-primero\/#breadcrumb","itemListElement":[{"@type":"ListItem","position":1,"name":"Portada","item":"https:\/\/exaudi.org\/es\/"},{"@type":"ListItem","position":2,"name":"\u00a1El Evangelio Primero!"}]},{"@type":"WebSite","@id":"https:\/\/exaudi.org\/#website","url":"https:\/\/exaudi.org\/","name":"Exaudi","description":"News","potentialAction":[{"@type":"SearchAction","target":{"@type":"EntryPoint","urlTemplate":"https:\/\/exaudi.org\/?s={search_term_string}"},"query-input":{"@type":"PropertyValueSpecification","valueRequired":true,"valueName":"search_term_string"}}],"inLanguage":"es"},{"@type":"Person","@id":"https:\/\/exaudi.org\/#\/schema\/person\/f4babf785ff6e9ecd6850d1802095c1d","name":"Mario J. Paredes","image":{"@type":"ImageObject","inLanguage":"es","@id":"https:\/\/secure.gravatar.com\/avatar\/28c707f8b881139d324797c87373ccf8502494a7f73d0f6d23dcda1548e9d254?s=96&d=mm&r=g","url":"https:\/\/secure.gravatar.com\/avatar\/28c707f8b881139d324797c87373ccf8502494a7f73d0f6d23dcda1548e9d254?s=96&d=mm&r=g","contentUrl":"https:\/\/secure.gravatar.com\/avatar\/28c707f8b881139d324797c87373ccf8502494a7f73d0f6d23dcda1548e9d254?s=96&d=mm&r=g","caption":"Mario J. Paredes"},"description":"Presidente ejecutivo de SOMOS Community Care, una red de 2,600 m\u00e9dicos independientes -en su mayor\u00eda de atenci\u00f3n primaria- que atienden a cerca de un mill\u00f3n de los pacientes m\u00e1s vulnerables del Medicaid de la Ciudad de Nueva York","sameAs":["http:\/\/somosnyhealth.org","https:\/\/www.facebook.com\/SOMOSCommunityCare\/","https:\/\/www.instagram.com\/somoscare\/","https:\/\/www.linkedin.com\/company\/somoscommunitycare\/","https:\/\/x.com\/SOMOSCare","https:\/\/www.youtube.com\/channel\/UCUrnRjEHj5UrNvxU0jHSzQQ"],"url":"https:\/\/exaudi.org\/es\/author\/mario-j-paredes\/"}]}},"jetpack_featured_media_url":"https:\/\/exaudi.org\/wp-content\/uploads\/2025\/03\/cq5dam.thumbnail.cropped.1000.563-1.jpeg","jetpack_shortlink":"https:\/\/wp.me\/pgKjF2-vvQ","_links":{"self":[{"href":"https:\/\/exaudi.org\/es\/wp-json\/wp\/v2\/posts\/121138","targetHints":{"allow":["GET"]}}],"collection":[{"href":"https:\/\/exaudi.org\/es\/wp-json\/wp\/v2\/posts"}],"about":[{"href":"https:\/\/exaudi.org\/es\/wp-json\/wp\/v2\/types\/post"}],"author":[{"embeddable":true,"href":"https:\/\/exaudi.org\/es\/wp-json\/wp\/v2\/users\/114"}],"replies":[{"embeddable":true,"href":"https:\/\/exaudi.org\/es\/wp-json\/wp\/v2\/comments?post=121138"}],"version-history":[{"count":0,"href":"https:\/\/exaudi.org\/es\/wp-json\/wp\/v2\/posts\/121138\/revisions"}],"wp:featuredmedia":[{"embeddable":true,"href":"https:\/\/exaudi.org\/es\/wp-json\/wp\/v2\/media\/121139"}],"wp:attachment":[{"href":"https:\/\/exaudi.org\/es\/wp-json\/wp\/v2\/media?parent=121138"}],"wp:term":[{"taxonomy":"category","embeddable":true,"href":"https:\/\/exaudi.org\/es\/wp-json\/wp\/v2\/categories?post=121138"},{"taxonomy":"post_tag","embeddable":true,"href":"https:\/\/exaudi.org\/es\/wp-json\/wp\/v2\/tags?post=121138"}],"curies":[{"name":"wp","href":"https:\/\/api.w.org\/{rel}","templated":true}]}}