{"id":121087,"date":"2025-03-12T08:48:53","date_gmt":"2025-03-12T07:48:53","guid":{"rendered":"https:\/\/exaudi.org\/?p=121087"},"modified":"2025-03-12T08:54:44","modified_gmt":"2025-03-12T07:54:44","slug":"cardenal-arizmendi-el-papa-sucesor-de-pedro","status":"publish","type":"post","link":"https:\/\/exaudi.org\/es\/cardenal-arizmendi-el-papa-sucesor-de-pedro\/","title":{"rendered":"Cardenal Arizmendi: El Papa, sucesor de Pedro"},"content":{"rendered":"<p>El\u00a0<a href=\"https:\/\/exaudi.org\/es\/author\/felipearizmendi\/\">cardenal Felipe Arizmendi<\/a>, obispo em\u00e9rito de San Crist\u00f3bal de Las Casas y responsable de la Doctrina de la Fe en la\u00a0<a href=\"https:\/\/www.cem.org.mx\/\">Conferencia del Episcopado Mexicano (CEM)<\/a>, ofrece a los lectores de Exaudi su art\u00edculo semanal.<\/p>\n<p><iframe title=\"Spotify Embed: Cardenal Arizmendi: El Papa, sucesor de Pedro\" style=\"border-radius: 12px\" width=\"100%\" height=\"152\" frameborder=\"0\" allowfullscreen allow=\"autoplay; clipboard-write; encrypted-media; fullscreen; picture-in-picture\" loading=\"lazy\" src=\"https:\/\/open.spotify.com\/embed\/episode\/1G5moyR9zfmlq6qw1guI1u?si=2f7e3bb329454077&#038;utm_source=oembed\"><\/iframe><\/p>\n<h3><strong>HECHOS<\/strong><\/h3>\n<p>Seguimos preocupados por la salud del Papa Francisco. No es para menos. Es el Sucesor del ap\u00f3stol Pedro, a quien Jes\u00fas confi\u00f3 presidir su Iglesia, con toda autoridad, pero no como un gobernante que se impone arbitrariamente, sino como m\u00e1ximo servidor de los servidores de Dios. Es servidor de la Palabra de Dios y de la Iglesia, no su due\u00f1o. Much\u00edsimas personas, tambi\u00e9n l\u00edderes pol\u00edticos y religiosos, han expresado su solidaridad con \u00e9l. Sin embargo, no faltan personas sin fe cristiana que lo ven s\u00f3lo como jefe de una organizaci\u00f3n religiosa. Alguien dice que, gracias al Papa Francisco, se ha acercado a Dios, pero no a la Iglesia. Nos siguen achacando fallas de siglos pasados, que son inocultables, y con ello no se acercan a disfrutar la vida divina que mana de los sacramentos; o se escudan en nuestras deficiencias actuales, que son ciertas, quiz\u00e1 para no enmendar su vida.<\/p>\n<p>Conoc\u00ed a este Papa en Aparecida, Brasil, durante la V Conferencia General del Episcopado Latinoamericano, en mayo de 2007. Compartimos durante tres semanas, aunque sin mayor trato personal. Lo escuch\u00e9 en sus intervenciones y \u00e9l escuch\u00f3 mis planteamientos sobre la pastoral ind\u00edgena. Al poco tiempo, fui invitado a dar unas conferencias sobre ese tema a los obispos argentinos en pleno, siendo \u00e9l presidente de esa Conferencia Episcopal. Cuando fue elegido Papa en marzo de 2013, al poco tiempo nos encontramos en la Visita <em>Ad limina <\/em>de los obispos mexicanos y en audiencias personales posteriores para dialogar sobre asuntos de la di\u00f3cesis de San Crist\u00f3bal de Las Casas. Lo trat\u00e9 m\u00e1s de cerca con ocasi\u00f3n de su visita a esa di\u00f3cesis, el 15 de febrero de 2016. Hemos conversado en otros momentos.<\/p>\n<p>Podr\u00eda resaltar muchos de sus aportes a la Iglesia y al mundo, pero me reduzco a esto. Me gusta y me anima cuando insiste en que nos debe guiar la pasi\u00f3n por Cristo, apasionarnos por Jes\u00fas, pero no en una dimensi\u00f3n espiritualista que nos aleje de la realidad, sino que seguir a Jes\u00fas nos ha de llevar indefectiblemente a la pasi\u00f3n por su pueblo; es decir, a desgastar nuestra vida en el servicio a la comunidad. Une lo vertical con lo horizontal, la fe con la caridad y la esperanza, como lo hicieron tambi\u00e9n sus antecesores, pues no est\u00e1 inventando la Iglesia. Algunos le achacan que atiende mucho los asuntos de la ecolog\u00eda, de la justicia con los pobres, de la relaci\u00f3n con otras religiones, como si con ello descuidara lo fundamental, la evangelizaci\u00f3n, los sacramentos, la oraci\u00f3n, etc. No lo conocen. Habr\u00edan de leer sus documentos y valorar sus detalles personales, para ver su ministerio como un regalo de Dios.<\/p>\n<h3><strong>ILUMINACION<\/strong><\/h3>\n<p>Sobre la identidad y misi\u00f3n del Papa, dice el Catecismo de la Iglesia Cat\u00f3lica:<\/p>\n<ol start=\"880\">\n<li><em>Cristo, al instituir a los Doce, \u00abform\u00f3 una especie de Colegio o grupo estable y eligiendo de entre ellos a Pedro lo puso al frente de \u00e9l\u00bb (LG 19). \u00abAs\u00ed como, por disposici\u00f3n del Se\u00f1or, San Pedro y los dem\u00e1s Ap\u00f3stoles forman un \u00fanico Colegio apost\u00f3lico, por an\u00e1logas razones est\u00e1n unidos entre s\u00ed el Romano Pont\u00edfice, sucesor de Pedro, y los obispos, sucesores de \u00a0los \u00a0Ap\u00f3stoles \u00ab(LG 22; CIC, can 330).<\/em><\/li>\n<li><em>El Se\u00f1or hizo de Sim\u00f3n, al que dio el nombre de Pedro, y solamente de \u00e9l, la piedra de su Iglesia. Le entreg\u00f3 las llaves de ella (Cf. Mt 16, 18-19); lo instituy\u00f3 pastor de todo el reba\u00f1o (Cf. Jn 21, 15-17). \u00abEst\u00e1 claro que tambi\u00e9n el Colegio de los Ap\u00f3stoles, unido a su Cabeza, recibi\u00f3 la funci\u00f3n de atar y desatar dada a Pedro\u00bb (LG 22). Este oficio pastoral de Pedro y de los dem\u00e1s ap\u00f3stoles pertenece a los cimientos de la Se contin\u00faa por los obispos bajo el primado del Papa.<\/em><\/li>\n<li><em>El Papa, obispo de Roma y sucesor de San Pedro, \u00abes el principio y fundamento perpetuo y visible de unidad, tanto de los obispos como de la muchedumbre de los fieles \u00ab(LG 23). \u00abEl Pont\u00edfice Romano, en efecto, tie<\/em><em>ne en la Iglesia, en virtud de su funci\u00f3n de Vicario de Cristo y Pastor de toda la Iglesia, la potestad plena, suprema y universal, que puede ejercer siempre con entera libertad\u00bb (LG 22; Cf. CD 2. 9).<\/em><\/li>\n<\/ol>\n<p>Los obispos y cardenales servimos a la misi\u00f3n de la Iglesia en el mundo, junto con el Papa y en comuni\u00f3n con \u00e9l; nunca independientes. Hay di\u00f3cesis aut\u00f3ctonas, encarnadas en realidades particulares, sobre todo en lugares de misi\u00f3n, pero no aut\u00f3nomas. Junto con todos los bautizados, nos enforzamos en colaborar para que se haga presente el Reino de Dios, impulsando la verdad y la vida, la santidad y la gracia, la justicia, el amor y la paz. No somos una organizaci\u00f3n de poder, sino de servicio a la humanidad.<\/p>\n<h3><strong>ACCIONES<\/strong><\/h3>\n<p>Sigamos orando por la salud del Papa. Profundicemos nuestra fe en la misi\u00f3n que Jes\u00fas le encomend\u00f3, y compartamos esta visi\u00f3n a los que podamos, dispuestos a acatar la voluntad de Dios para su Iglesia.<\/p>\n<p><iframe loading=\"lazy\" title=\"Cardenal Arizmendi: El Papa, sucesor de Pedro\" width=\"500\" height=\"281\" src=\"https:\/\/www.youtube.com\/embed\/AT-ttW_7ggk?feature=oembed\" frameborder=\"0\" allow=\"accelerometer; autoplay; clipboard-write; encrypted-media; gyroscope; picture-in-picture; web-share\" referrerpolicy=\"strict-origin-when-cross-origin\" allowfullscreen><\/iframe><\/p>\n<p><img loading=\"lazy\" decoding=\"async\" class=\"size-full wp-image-121095 alignnone\" src=\"https:\/\/exaudi.org\/wp-content\/uploads\/2025\/03\/voces-5.jpg\" alt=\"\" width=\"1080\" height=\"1080\" srcset=\"https:\/\/exaudi.org\/wp-content\/uploads\/2025\/03\/voces-5.jpg 1080w, https:\/\/exaudi.org\/wp-content\/uploads\/2025\/03\/voces-5-300x300.jpg 300w, https:\/\/exaudi.org\/wp-content\/uploads\/2025\/03\/voces-5-1024x1024.jpg 1024w, https:\/\/exaudi.org\/wp-content\/uploads\/2025\/03\/voces-5-100x100.jpg?crop=1 100w, https:\/\/exaudi.org\/wp-content\/uploads\/2025\/03\/voces-5-770x770.jpg 770w, https:\/\/exaudi.org\/wp-content\/uploads\/2025\/03\/voces-5-500x500.jpg 500w\" sizes=\"auto, (max-width: 1080px) 100vw, 1080px\" \/><\/p>\n","protected":false},"excerpt":{"rendered":"<p>La misi\u00f3n del Papa como Sucesor de Pedro y su servicio a la Iglesia y al mundo<\/p>\n","protected":false},"author":24,"featured_media":121088,"comment_status":"closed","ping_status":"closed","sticky":false,"template":"","format":"standard","meta":{"_acf_changed":false,"_crdt_document":"","inline_featured_image":false,"footnotes":""},"categories":[130],"tags":[48962,1643,4001,20332,6545,16989,2737,1019,17563,2419,6274,449,18198,3252,31255,48964,32658,46076,158,48967,48961,48966,14709,9719,48965,46804,27329,48963],"class_list":["post-121087","post","type-post","status-publish","format-standard","has-post-thumbnail","hentry","category-voces","tag-aparecida-2007","tag-cardenal-arizmendi","tag-catecismo-de-la-iglesia-catolica","tag-comunidad-cristiana","tag-conferencia-episcopal","tag-doctrina-catolica","tag-ecumenismo","tag-evangelizacion","tag-fe-cristiana","tag-featured","tag-felipe-arizmendi","tag-iglesia-catolica","tag-iglesia-universal","tag-justicia-y-paz","tag-liderazgo-eclesial","tag-mision-del-papa","tag-obispo-de-roma","tag-oracion-por-el-papa","tag-papa-francisco","tag-pastor-de-la-iglesia","tag-pastoral-indigena","tag-pontifice-romano","tag-reino-de-dios","tag-sacramentos","tag-servicio-a-la-humanidad","tag-sucesor-de-pedro","tag-unidad-de-la-iglesia","tag-v-conferencia-general-del-episcopado-latinoamericano"],"acf":[],"yoast_head":"<!-- This site is optimized with the Yoast SEO plugin v27.5 - https:\/\/yoast.com\/product\/yoast-seo-wordpress\/ -->\n<title>Cardenal Arizmendi: El Papa, sucesor de Pedro &#8211; Exaudi<\/title>\n<meta name=\"robots\" content=\"index, follow, max-snippet:-1, max-image-preview:large, max-video-preview:-1\" \/>\n<link rel=\"canonical\" href=\"https:\/\/exaudi.org\/es\/cardenal-arizmendi-el-papa-sucesor-de-pedro\/\" \/>\n<meta property=\"og:locale\" content=\"es_ES\" \/>\n<meta property=\"og:type\" content=\"article\" \/>\n<meta property=\"og:title\" content=\"Cardenal Arizmendi: El Papa, sucesor de Pedro &#8211; Exaudi\" \/>\n<meta property=\"og:description\" content=\"La misi\u00f3n del Papa como Sucesor de Pedro y su servicio a la Iglesia y al mundo\" \/>\n<meta property=\"og:url\" content=\"https:\/\/exaudi.org\/es\/cardenal-arizmendi-el-papa-sucesor-de-pedro\/\" \/>\n<meta property=\"og:site_name\" content=\"Exaudi\" \/>\n<meta property=\"article:publisher\" content=\"https:\/\/www.facebook.com\/ExaudiNews\" \/>\n<meta property=\"article:published_time\" content=\"2025-03-12T07:48:53+00:00\" \/>\n<meta property=\"article:modified_time\" content=\"2025-03-12T07:54:44+00:00\" \/>\n<meta property=\"og:image\" content=\"https:\/\/exaudi.org\/wp-content\/uploads\/2025\/03\/cq5dam.thumbnail.cropped.750.422-7.jpeg\" \/>\n\t<meta property=\"og:image:width\" content=\"750\" \/>\n\t<meta property=\"og:image:height\" content=\"422\" \/>\n\t<meta property=\"og:image:type\" content=\"image\/jpeg\" \/>\n<meta name=\"author\" content=\"Cardenal Felipe Arizmendi\" \/>\n<meta name=\"twitter:card\" content=\"summary_large_image\" \/>\n<meta name=\"twitter:creator\" content=\"@Exaudi_News\" \/>\n<meta name=\"twitter:site\" content=\"@Exaudi_News\" \/>\n<meta name=\"twitter:label1\" content=\"Escrito por\" \/>\n\t<meta name=\"twitter:data1\" content=\"Cardenal Felipe Arizmendi\" \/>\n\t<meta name=\"twitter:label2\" content=\"Tiempo de lectura\" \/>\n\t<meta name=\"twitter:data2\" content=\"5 minutos\" \/>\n<script type=\"application\/ld+json\" class=\"yoast-schema-graph\">{\"@context\":\"https:\\\/\\\/schema.org\",\"@graph\":[{\"@type\":\"Article\",\"@id\":\"https:\\\/\\\/exaudi.org\\\/es\\\/cardenal-arizmendi-el-papa-sucesor-de-pedro\\\/#article\",\"isPartOf\":{\"@id\":\"https:\\\/\\\/exaudi.org\\\/es\\\/cardenal-arizmendi-el-papa-sucesor-de-pedro\\\/\"},\"author\":{\"name\":\"Cardenal Felipe Arizmendi\",\"@id\":\"https:\\\/\\\/exaudi.org\\\/#\\\/schema\\\/person\\\/c7d223f87e58f1105d044d8da1439102\"},\"headline\":\"Cardenal Arizmendi: El Papa, sucesor de Pedro\",\"datePublished\":\"2025-03-12T07:48:53+00:00\",\"dateModified\":\"2025-03-12T07:54:44+00:00\",\"mainEntityOfPage\":{\"@id\":\"https:\\\/\\\/exaudi.org\\\/es\\\/cardenal-arizmendi-el-papa-sucesor-de-pedro\\\/\"},\"wordCount\":936,\"image\":{\"@id\":\"https:\\\/\\\/exaudi.org\\\/es\\\/cardenal-arizmendi-el-papa-sucesor-de-pedro\\\/#primaryimage\"},\"thumbnailUrl\":\"https:\\\/\\\/exaudi.org\\\/wp-content\\\/uploads\\\/2025\\\/03\\\/cq5dam.thumbnail.cropped.750.422-7.jpeg\",\"keywords\":[\"Aparecida 2007\",\"Cardenal Arizmendi\",\"Catecismo de la Iglesia Cat\u00f3lica\",\"comunidad cristiana\",\"Conferencia Episcopal\",\"doctrina cat\u00f3lica\",\"Ecumenismo\",\"Evangelizaci\u00f3n\",\"Fe cristiana\",\"Featured\",\"Felipe Arizmendi\",\"Iglesia cat\u00f3lica\",\"Iglesia Universal\",\"Justicia y paz\",\"liderazgo eclesial\",\"misi\u00f3n del Papa\",\"Obispo de Roma\",\"oraci\u00f3n por el papa\",\"papa francisco\",\"pastor de la Iglesia\",\"pastoral ind\u00edgena\",\"Pont\u00edfice Romano\",\"Reino de Dios\",\"SACRAMENTOS\",\"servicio a la humanidad\",\"Sucesor de Pedro\",\"unidad de la Iglesia\",\"V Conferencia General del Episcopado Latinoamericano\"],\"articleSection\":[\"Voces\"],\"inLanguage\":\"es\"},{\"@type\":\"WebPage\",\"@id\":\"https:\\\/\\\/exaudi.org\\\/es\\\/cardenal-arizmendi-el-papa-sucesor-de-pedro\\\/\",\"url\":\"https:\\\/\\\/exaudi.org\\\/es\\\/cardenal-arizmendi-el-papa-sucesor-de-pedro\\\/\",\"name\":\"Cardenal Arizmendi: El Papa, sucesor de Pedro &#8211; Exaudi\",\"isPartOf\":{\"@id\":\"https:\\\/\\\/exaudi.org\\\/#website\"},\"primaryImageOfPage\":{\"@id\":\"https:\\\/\\\/exaudi.org\\\/es\\\/cardenal-arizmendi-el-papa-sucesor-de-pedro\\\/#primaryimage\"},\"image\":{\"@id\":\"https:\\\/\\\/exaudi.org\\\/es\\\/cardenal-arizmendi-el-papa-sucesor-de-pedro\\\/#primaryimage\"},\"thumbnailUrl\":\"https:\\\/\\\/exaudi.org\\\/wp-content\\\/uploads\\\/2025\\\/03\\\/cq5dam.thumbnail.cropped.750.422-7.jpeg\",\"datePublished\":\"2025-03-12T07:48:53+00:00\",\"dateModified\":\"2025-03-12T07:54:44+00:00\",\"author\":{\"@id\":\"https:\\\/\\\/exaudi.org\\\/#\\\/schema\\\/person\\\/c7d223f87e58f1105d044d8da1439102\"},\"breadcrumb\":{\"@id\":\"https:\\\/\\\/exaudi.org\\\/es\\\/cardenal-arizmendi-el-papa-sucesor-de-pedro\\\/#breadcrumb\"},\"inLanguage\":\"es\",\"potentialAction\":[{\"@type\":\"ReadAction\",\"target\":[\"https:\\\/\\\/exaudi.org\\\/es\\\/cardenal-arizmendi-el-papa-sucesor-de-pedro\\\/\"]}]},{\"@type\":\"ImageObject\",\"inLanguage\":\"es\",\"@id\":\"https:\\\/\\\/exaudi.org\\\/es\\\/cardenal-arizmendi-el-papa-sucesor-de-pedro\\\/#primaryimage\",\"url\":\"https:\\\/\\\/exaudi.org\\\/wp-content\\\/uploads\\\/2025\\\/03\\\/cq5dam.thumbnail.cropped.750.422-7.jpeg\",\"contentUrl\":\"https:\\\/\\\/exaudi.org\\\/wp-content\\\/uploads\\\/2025\\\/03\\\/cq5dam.thumbnail.cropped.750.422-7.jpeg\",\"width\":750,\"height\":422},{\"@type\":\"BreadcrumbList\",\"@id\":\"https:\\\/\\\/exaudi.org\\\/es\\\/cardenal-arizmendi-el-papa-sucesor-de-pedro\\\/#breadcrumb\",\"itemListElement\":[{\"@type\":\"ListItem\",\"position\":1,\"name\":\"Portada\",\"item\":\"https:\\\/\\\/exaudi.org\\\/es\\\/\"},{\"@type\":\"ListItem\",\"position\":2,\"name\":\"Cardenal Arizmendi: El Papa, sucesor de Pedro\"}]},{\"@type\":\"WebSite\",\"@id\":\"https:\\\/\\\/exaudi.org\\\/#website\",\"url\":\"https:\\\/\\\/exaudi.org\\\/\",\"name\":\"Exaudi\",\"description\":\"News\",\"potentialAction\":[{\"@type\":\"SearchAction\",\"target\":{\"@type\":\"EntryPoint\",\"urlTemplate\":\"https:\\\/\\\/exaudi.org\\\/?s={search_term_string}\"},\"query-input\":{\"@type\":\"PropertyValueSpecification\",\"valueRequired\":true,\"valueName\":\"search_term_string\"}}],\"inLanguage\":\"es\"},{\"@type\":\"Person\",\"@id\":\"https:\\\/\\\/exaudi.org\\\/#\\\/schema\\\/person\\\/c7d223f87e58f1105d044d8da1439102\",\"name\":\"Cardenal Felipe Arizmendi\",\"image\":{\"@type\":\"ImageObject\",\"inLanguage\":\"es\",\"@id\":\"https:\\\/\\\/secure.gravatar.com\\\/avatar\\\/4ffc5520d896b86d39346168903de33a17ef0f23d16de0ff45062c1ff422ed2f?s=96&d=mm&r=g\",\"url\":\"https:\\\/\\\/secure.gravatar.com\\\/avatar\\\/4ffc5520d896b86d39346168903de33a17ef0f23d16de0ff45062c1ff422ed2f?s=96&d=mm&r=g\",\"contentUrl\":\"https:\\\/\\\/secure.gravatar.com\\\/avatar\\\/4ffc5520d896b86d39346168903de33a17ef0f23d16de0ff45062c1ff422ed2f?s=96&d=mm&r=g\",\"caption\":\"Cardenal Felipe Arizmendi\"},\"description\":\"Nacido en Chiltepec el 1 de mayo de 1940. Estudi\u00f3 Humanidades y Filosof\u00eda en el Seminario de Toluca, de 1952 a 1959. Curs\u00f3 la Teolog\u00eda en la Universidad Pontificia de Salamanca, Espa\u00f1a, de 1959 a 1963, obteniendo la licenciatura en Teolog\u00eda Dogm\u00e1tica. Por su cuenta, se especializ\u00f3 en Liturgia. Fue ordenado sacerdote el 25 de agosto de 1963 en Toluca. Sirvi\u00f3 como Vicario Parroquial en tres parroquias por tres a\u00f1os y medio y fue p\u00e1rroco de una comunidad ind\u00edgena otom\u00ed, de 1967 a 1970. Fue Director Espiritual del Seminario de Toluca por diez a\u00f1os, y Rector del mismo de 1981 a 1991. El 7 de marzo de 1991, fue ordenado obispo de la di\u00f3cesis de Tapachula, donde estuvo hasta el 30 de abril del a\u00f1o 2000. El 1 de mayo del 2000, inici\u00f3 su ministerio episcopal como XLVI obispo de la di\u00f3cesis de San Crist\u00f3bal de las Casas, Chiapas, una de las di\u00f3cesis m\u00e1s antiguas de M\u00e9xico, erigida en 1539; all\u00ed sirvi\u00f3 por casi 18 a\u00f1os. Ha ocupado diversos cargos en la Conferencia del Episcopado Mexicano y en el CELAM. El 3 de noviembre de 2017, el Papa Francisco le acept\u00f3, por edad, su renuncia al servicio episcopal en esta di\u00f3cesis, que entreg\u00f3 a su sucesor el 3 de enero de 2018. Desde entonces, reside en la ciudad de Toluca. Desde 1979, escribe art\u00edculos de actualidad en varios medios religiosos y civiles. Es autor de varias publicaciones.\",\"url\":\"https:\\\/\\\/exaudi.org\\\/es\\\/author\\\/felipearizmendi\\\/\"}]}<\/script>\n<!-- \/ Yoast SEO plugin. -->","yoast_head_json":{"title":"Cardenal Arizmendi: El Papa, sucesor de Pedro &#8211; Exaudi","robots":{"index":"index","follow":"follow","max-snippet":"max-snippet:-1","max-image-preview":"max-image-preview:large","max-video-preview":"max-video-preview:-1"},"canonical":"https:\/\/exaudi.org\/es\/cardenal-arizmendi-el-papa-sucesor-de-pedro\/","og_locale":"es_ES","og_type":"article","og_title":"Cardenal Arizmendi: El Papa, sucesor de Pedro &#8211; Exaudi","og_description":"La misi\u00f3n del Papa como Sucesor de Pedro y su servicio a la Iglesia y al mundo","og_url":"https:\/\/exaudi.org\/es\/cardenal-arizmendi-el-papa-sucesor-de-pedro\/","og_site_name":"Exaudi","article_publisher":"https:\/\/www.facebook.com\/ExaudiNews","article_published_time":"2025-03-12T07:48:53+00:00","article_modified_time":"2025-03-12T07:54:44+00:00","og_image":[{"width":750,"height":422,"url":"https:\/\/exaudi.org\/wp-content\/uploads\/2025\/03\/cq5dam.thumbnail.cropped.750.422-7.jpeg","type":"image\/jpeg"}],"author":"Cardenal Felipe Arizmendi","twitter_card":"summary_large_image","twitter_creator":"@Exaudi_News","twitter_site":"@Exaudi_News","twitter_misc":{"Escrito por":"Cardenal Felipe Arizmendi","Tiempo de lectura":"5 minutos"},"schema":{"@context":"https:\/\/schema.org","@graph":[{"@type":"Article","@id":"https:\/\/exaudi.org\/es\/cardenal-arizmendi-el-papa-sucesor-de-pedro\/#article","isPartOf":{"@id":"https:\/\/exaudi.org\/es\/cardenal-arizmendi-el-papa-sucesor-de-pedro\/"},"author":{"name":"Cardenal Felipe Arizmendi","@id":"https:\/\/exaudi.org\/#\/schema\/person\/c7d223f87e58f1105d044d8da1439102"},"headline":"Cardenal Arizmendi: El Papa, sucesor de Pedro","datePublished":"2025-03-12T07:48:53+00:00","dateModified":"2025-03-12T07:54:44+00:00","mainEntityOfPage":{"@id":"https:\/\/exaudi.org\/es\/cardenal-arizmendi-el-papa-sucesor-de-pedro\/"},"wordCount":936,"image":{"@id":"https:\/\/exaudi.org\/es\/cardenal-arizmendi-el-papa-sucesor-de-pedro\/#primaryimage"},"thumbnailUrl":"https:\/\/exaudi.org\/wp-content\/uploads\/2025\/03\/cq5dam.thumbnail.cropped.750.422-7.jpeg","keywords":["Aparecida 2007","Cardenal Arizmendi","Catecismo de la Iglesia Cat\u00f3lica","comunidad cristiana","Conferencia Episcopal","doctrina cat\u00f3lica","Ecumenismo","Evangelizaci\u00f3n","Fe cristiana","Featured","Felipe Arizmendi","Iglesia cat\u00f3lica","Iglesia Universal","Justicia y paz","liderazgo eclesial","misi\u00f3n del Papa","Obispo de Roma","oraci\u00f3n por el papa","papa francisco","pastor de la Iglesia","pastoral ind\u00edgena","Pont\u00edfice Romano","Reino de Dios","SACRAMENTOS","servicio a la humanidad","Sucesor de Pedro","unidad de la Iglesia","V Conferencia General del Episcopado Latinoamericano"],"articleSection":["Voces"],"inLanguage":"es"},{"@type":"WebPage","@id":"https:\/\/exaudi.org\/es\/cardenal-arizmendi-el-papa-sucesor-de-pedro\/","url":"https:\/\/exaudi.org\/es\/cardenal-arizmendi-el-papa-sucesor-de-pedro\/","name":"Cardenal Arizmendi: El Papa, sucesor de Pedro &#8211; Exaudi","isPartOf":{"@id":"https:\/\/exaudi.org\/#website"},"primaryImageOfPage":{"@id":"https:\/\/exaudi.org\/es\/cardenal-arizmendi-el-papa-sucesor-de-pedro\/#primaryimage"},"image":{"@id":"https:\/\/exaudi.org\/es\/cardenal-arizmendi-el-papa-sucesor-de-pedro\/#primaryimage"},"thumbnailUrl":"https:\/\/exaudi.org\/wp-content\/uploads\/2025\/03\/cq5dam.thumbnail.cropped.750.422-7.jpeg","datePublished":"2025-03-12T07:48:53+00:00","dateModified":"2025-03-12T07:54:44+00:00","author":{"@id":"https:\/\/exaudi.org\/#\/schema\/person\/c7d223f87e58f1105d044d8da1439102"},"breadcrumb":{"@id":"https:\/\/exaudi.org\/es\/cardenal-arizmendi-el-papa-sucesor-de-pedro\/#breadcrumb"},"inLanguage":"es","potentialAction":[{"@type":"ReadAction","target":["https:\/\/exaudi.org\/es\/cardenal-arizmendi-el-papa-sucesor-de-pedro\/"]}]},{"@type":"ImageObject","inLanguage":"es","@id":"https:\/\/exaudi.org\/es\/cardenal-arizmendi-el-papa-sucesor-de-pedro\/#primaryimage","url":"https:\/\/exaudi.org\/wp-content\/uploads\/2025\/03\/cq5dam.thumbnail.cropped.750.422-7.jpeg","contentUrl":"https:\/\/exaudi.org\/wp-content\/uploads\/2025\/03\/cq5dam.thumbnail.cropped.750.422-7.jpeg","width":750,"height":422},{"@type":"BreadcrumbList","@id":"https:\/\/exaudi.org\/es\/cardenal-arizmendi-el-papa-sucesor-de-pedro\/#breadcrumb","itemListElement":[{"@type":"ListItem","position":1,"name":"Portada","item":"https:\/\/exaudi.org\/es\/"},{"@type":"ListItem","position":2,"name":"Cardenal Arizmendi: El Papa, sucesor de Pedro"}]},{"@type":"WebSite","@id":"https:\/\/exaudi.org\/#website","url":"https:\/\/exaudi.org\/","name":"Exaudi","description":"News","potentialAction":[{"@type":"SearchAction","target":{"@type":"EntryPoint","urlTemplate":"https:\/\/exaudi.org\/?s={search_term_string}"},"query-input":{"@type":"PropertyValueSpecification","valueRequired":true,"valueName":"search_term_string"}}],"inLanguage":"es"},{"@type":"Person","@id":"https:\/\/exaudi.org\/#\/schema\/person\/c7d223f87e58f1105d044d8da1439102","name":"Cardenal Felipe Arizmendi","image":{"@type":"ImageObject","inLanguage":"es","@id":"https:\/\/secure.gravatar.com\/avatar\/4ffc5520d896b86d39346168903de33a17ef0f23d16de0ff45062c1ff422ed2f?s=96&d=mm&r=g","url":"https:\/\/secure.gravatar.com\/avatar\/4ffc5520d896b86d39346168903de33a17ef0f23d16de0ff45062c1ff422ed2f?s=96&d=mm&r=g","contentUrl":"https:\/\/secure.gravatar.com\/avatar\/4ffc5520d896b86d39346168903de33a17ef0f23d16de0ff45062c1ff422ed2f?s=96&d=mm&r=g","caption":"Cardenal Felipe Arizmendi"},"description":"Nacido en Chiltepec el 1 de mayo de 1940. Estudi\u00f3 Humanidades y Filosof\u00eda en el Seminario de Toluca, de 1952 a 1959. Curs\u00f3 la Teolog\u00eda en la Universidad Pontificia de Salamanca, Espa\u00f1a, de 1959 a 1963, obteniendo la licenciatura en Teolog\u00eda Dogm\u00e1tica. Por su cuenta, se especializ\u00f3 en Liturgia. Fue ordenado sacerdote el 25 de agosto de 1963 en Toluca. Sirvi\u00f3 como Vicario Parroquial en tres parroquias por tres a\u00f1os y medio y fue p\u00e1rroco de una comunidad ind\u00edgena otom\u00ed, de 1967 a 1970. Fue Director Espiritual del Seminario de Toluca por diez a\u00f1os, y Rector del mismo de 1981 a 1991. El 7 de marzo de 1991, fue ordenado obispo de la di\u00f3cesis de Tapachula, donde estuvo hasta el 30 de abril del a\u00f1o 2000. El 1 de mayo del 2000, inici\u00f3 su ministerio episcopal como XLVI obispo de la di\u00f3cesis de San Crist\u00f3bal de las Casas, Chiapas, una de las di\u00f3cesis m\u00e1s antiguas de M\u00e9xico, erigida en 1539; all\u00ed sirvi\u00f3 por casi 18 a\u00f1os. Ha ocupado diversos cargos en la Conferencia del Episcopado Mexicano y en el CELAM. El 3 de noviembre de 2017, el Papa Francisco le acept\u00f3, por edad, su renuncia al servicio episcopal en esta di\u00f3cesis, que entreg\u00f3 a su sucesor el 3 de enero de 2018. Desde entonces, reside en la ciudad de Toluca. Desde 1979, escribe art\u00edculos de actualidad en varios medios religiosos y civiles. Es autor de varias publicaciones.","url":"https:\/\/exaudi.org\/es\/author\/felipearizmendi\/"}]}},"jetpack_featured_media_url":"https:\/\/exaudi.org\/wp-content\/uploads\/2025\/03\/cq5dam.thumbnail.cropped.750.422-7.jpeg","jetpack_shortlink":"https:\/\/wp.me\/pgKjF2-vv1","_links":{"self":[{"href":"https:\/\/exaudi.org\/es\/wp-json\/wp\/v2\/posts\/121087","targetHints":{"allow":["GET"]}}],"collection":[{"href":"https:\/\/exaudi.org\/es\/wp-json\/wp\/v2\/posts"}],"about":[{"href":"https:\/\/exaudi.org\/es\/wp-json\/wp\/v2\/types\/post"}],"author":[{"embeddable":true,"href":"https:\/\/exaudi.org\/es\/wp-json\/wp\/v2\/users\/24"}],"replies":[{"embeddable":true,"href":"https:\/\/exaudi.org\/es\/wp-json\/wp\/v2\/comments?post=121087"}],"version-history":[{"count":0,"href":"https:\/\/exaudi.org\/es\/wp-json\/wp\/v2\/posts\/121087\/revisions"}],"wp:featuredmedia":[{"embeddable":true,"href":"https:\/\/exaudi.org\/es\/wp-json\/wp\/v2\/media\/121088"}],"wp:attachment":[{"href":"https:\/\/exaudi.org\/es\/wp-json\/wp\/v2\/media?parent=121087"}],"wp:term":[{"taxonomy":"category","embeddable":true,"href":"https:\/\/exaudi.org\/es\/wp-json\/wp\/v2\/categories?post=121087"},{"taxonomy":"post_tag","embeddable":true,"href":"https:\/\/exaudi.org\/es\/wp-json\/wp\/v2\/tags?post=121087"}],"curies":[{"name":"wp","href":"https:\/\/api.w.org\/{rel}","templated":true}]}}