{"id":120866,"date":"2026-02-18T09:00:54","date_gmt":"2026-02-18T08:00:54","guid":{"rendered":"https:\/\/exaudi.org\/?p=120866"},"modified":"2026-02-16T10:09:55","modified_gmt":"2026-02-16T09:09:55","slug":"examen-de-conciencia-para-vivir-la-cuaresma","status":"publish","type":"post","link":"https:\/\/exaudi.org\/es\/examen-de-conciencia-para-vivir-la-cuaresma\/","title":{"rendered":"Examen de Conciencia para vivir la Cuaresma"},"content":{"rendered":"<p dir=\"auto\">La Cuaresma es un tiempo de reflexi\u00f3n y renovaci\u00f3n espiritual en el calendario lit\u00fargico cristiano. Durante estas semanas, los fieles est\u00e1n invitados a realizar un examen de conciencia profundo para prepararse adecuadamente para la celebraci\u00f3n de la Pascua. El Vaticano, a trav\u00e9s de su Oficina de Celebraciones Lit\u00fargicas, ofrece una gu\u00eda detallada para este examen de conciencia, que se centra en tres aspectos fundamentales: el amor a Dios, el amor al pr\u00f3jimo y la b\u00fasqueda de la perfecci\u00f3n espiritual.<\/p>\n<p><iframe title=\"Spotify Embed: Examen de Conciencia para vivir la Cuaresma\" style=\"border-radius: 12px\" width=\"100%\" height=\"152\" frameborder=\"0\" allowfullscreen allow=\"autoplay; clipboard-write; encrypted-media; fullscreen; picture-in-picture\" loading=\"lazy\" src=\"https:\/\/open.spotify.com\/embed\/episode\/2OvKV23XcOxOWCmG9mSoaW?si=2acd8b58e4c14f50&amp;utm_source=oembed\"><\/iframe><\/p>\n<h3><strong>El Amor a Dios<\/strong><\/h3>\n<ol>\n<li>\n<p dir=\"auto\"><strong>Orientaci\u00f3n del Coraz\u00f3n hacia Dios<\/strong>: \u00bfMi coraz\u00f3n est\u00e1 verdaderamente orientado hacia Dios? \u00bfPuedo decir que lo amo sobre todas las cosas y con amor de hijo, en la observancia fiel de sus mandamientos? \u00bfMe dejo absorber demasiado por las cosas temporales? \u00bfEs siempre recta mi intenci\u00f3n al actuar?<\/p>\n<\/li>\n<li>\n<p dir=\"auto\"><strong>Fortaleza de la Fe<\/strong>: \u00bfEs firme mi fe en Dios, que en su Hijo ha dirigido a nosotros su palabra? \u00bfHe dado mi plena adhesi\u00f3n a la doctrina de la Iglesia? \u00bfHe tenido en cuenta mi formaci\u00f3n cristiana, escuchando la palabra de Dios, participando en la catequesis, evitando todo lo que pueda poner en peligro la fe? \u00bfHe profesado siempre con valent\u00eda y sin temor mi fe en Dios y en la Iglesia? \u00bfHe intentado demostrar que soy cristiano en la vida privada y p\u00fablica?<\/p>\n<\/li>\n<li>\n<p dir=\"auto\"><strong>Vida de Oraci\u00f3n<\/strong>: \u00bfHe rezado por la ma\u00f1ana y por la noche? \u00bfY mi oraci\u00f3n es un verdadero coloquio de coraz\u00f3n a coraz\u00f3n con Dios, o es solo una pr\u00e1ctica externa vac\u00eda? \u00bfHe sabido ofrecer a Dios mis ocupaciones, mis alegr\u00edas y mis dolores? \u00bfRecurro a \u00e9l con confianza tambi\u00e9n en las tentaciones?<\/p>\n<\/li>\n<li>\n<p dir=\"auto\"><strong>Reverencia hacia el Nombre de Dios<\/strong>: \u00bfTengo reverencia y amor hacia el santo nombre de Dios, o lo he ofendido con la blasfemia, el falso juramento, nombr\u00e1ndolo en vano? \u00bfHe sido irrespetuoso hacia la Virgen Mar\u00eda y los Santos?<\/p>\n<\/li>\n<li>\n<p dir=\"auto\"><strong>Santificaci\u00f3n del D\u00eda del Se\u00f1or<\/strong>: \u00bfSantifico el d\u00eda del Se\u00f1or y las fiestas de la Iglesia, participando con participaci\u00f3n activa, atenta y piadosa en las celebraciones lit\u00fargicas, y especialmente en la Santa Misa? \u00bfHe evitado ejercer trabajo innecesario en los d\u00edas festivos? \u00bfHe observado el precepto de la confesi\u00f3n al menos anual y de la comuni\u00f3n pascual?<\/p>\n<\/li>\n<li>\n<p dir=\"auto\"><strong>Evitar la Idolatr\u00eda<\/strong>: \u00bfHay para m\u00ed \u00abotros dioses\u00bb, es decir, expresiones o cosas de las que me intereso o en las que pongo m\u00e1s confianza que en Dios, por ejemplo: riqueza, supersticiones, espiritismo y otras formas de magia?<\/p>\n<\/li>\n<\/ol>\n<h3><strong>El Amor al Pr\u00f3jimo<\/strong><\/h3>\n<ol>\n<li>\n<p dir=\"auto\"><strong>Abuso y Trato Justo<\/strong>: \u00bfAmo verdaderamente a mi pr\u00f3jimo, o abuso de mis hermanos, sirvi\u00e9ndome de ellos para mis intereses y reserv\u00e1ndoles un trato que no quisiera que se usara conmigo? \u00bfHe dado esc\u00e1ndalo con mis palabras o acciones?<\/p>\n<\/li>\n<li>\n<p dir=\"auto\"><strong>Vida Familiar<\/strong>: En mi familia, \u00bfhe contribuido con paciencia y con verdadero amor al bienestar y la serenidad de los dem\u00e1s?<\/p>\n<ul>\n<li>\n<p dir=\"auto\"><strong>Para los hijos<\/strong>: \u00bfHe sido obediente a los padres, los he respetado y honrado? \u00bfHe prestado ayuda en las necesidades espirituales y materiales? \u00bfMe he esforzado en la escuela? \u00bfHe respetado a las autoridades? \u00bfHe dado buen ejemplo en toda situaci\u00f3n?<\/p>\n<\/li>\n<li>\n<p dir=\"auto\"><strong>Para los padres<\/strong>: \u00bfMe he preocupado por la educaci\u00f3n cristiana de los hijos? \u00bfHe dado buen ejemplo? \u00bfLos he sostenido y dirigido con mi autoridad?<\/p>\n<\/li>\n<li>\n<p dir=\"auto\"><strong>Para los c\u00f3nyuges<\/strong>: \u00bfHe sido siempre fiel en los afectos y en las acciones? \u00bfHe tenido comprensi\u00f3n en los momentos de inquietud?<\/p>\n<\/li>\n<\/ul>\n<\/li>\n<li>\n<p dir=\"auto\"><strong>Generosidad y Ayuda a los Necesitados<\/strong>: \u00bfS\u00e9 dar de lo m\u00edo, sin ego\u00edsmo mezquino, a quien es m\u00e1s pobre que yo? \u00bfPor lo que depende de m\u00ed, defiendo a los oprimidos y ayudo a los necesitados? \u00bfO trato con suficiencia o con dureza a mi pr\u00f3jimo, especialmente a los pobres, los d\u00e9biles, los ancianos, los marginados, los inmigrantes?<\/p>\n<\/li>\n<li>\n<p dir=\"auto\"><strong>Participaci\u00f3n en la Comunidad<\/strong>: \u00bfSoy consciente de la misi\u00f3n que se me ha confiado? \u00bfHe participado en las obras de apostolado y caridad de la Iglesia, en las iniciativas y en la vida de la parroquia? \u00bfHe rezado y ofrecido mi contribuci\u00f3n para las necesidades de la Iglesia y del mundo, por ejemplo, por la unidad de la Iglesia, por la evangelizaci\u00f3n de los pueblos, por la instauraci\u00f3n de la justicia y la paz?<\/p>\n<\/li>\n<li>\n<p dir=\"auto\"><strong>Compromiso C\u00edvico<\/strong>: \u00bfTengo en cuenta el bienestar y la prosperidad de la comunidad humana en la que vivo o solo me preocupo por mis intereses personales? \u00bfParticipo, en la medida de lo posible, en las iniciativas que promueven la justicia, la moralidad p\u00fablica, la concordia, las obras de beneficencia? \u00bfHe cumplido con mis deberes civiles? \u00bfHe pagado regularmente los impuestos?<\/p>\n<\/li>\n<li>\n<p dir=\"auto\"><strong>Justicia y Honestidad en el Trabajo<\/strong>: \u00bfSoy justo, comprometido, honesto en el trabajo, dispuesto a prestar mi servicio para el bien com\u00fan? \u00bfHe dado la justa merced a los obreros y a todos los subordinados? \u00bfHe observado los contratos y cumplido las promesas?<\/p>\n<\/li>\n<li>\n<p dir=\"auto\"><strong>Obediencia a las Autoridades<\/strong>: \u00bfHe prestado a las leg\u00edtimas autoridades la obediencia y el respeto debidos?<\/p>\n<\/li>\n<li>\n<p dir=\"auto\"><strong>Liderazgo y Servicio<\/strong>: Si tengo alg\u00fan cargo o desempe\u00f1o funciones directivas, \u00bfme preocupo solo por mi propio beneficio o me esfuerzo por el bien de los dem\u00e1s, en esp\u00edritu de servicio?<\/p>\n<\/li>\n<li>\n<p dir=\"auto\"><strong>Veracidad y Fidelidad<\/strong>: \u00bfHe practicado la verdad y la fidelidad, o he causado da\u00f1o al pr\u00f3jimo con mentiras, calumnias, detracciones, juicios temerarios, violaci\u00f3n de secretos?<\/p>\n<\/li>\n<li>\n<p dir=\"auto\"><strong>Respeto a la Vida y la Integridad F\u00edsica<\/strong>: \u00bfHe atentado contra la vida y la integridad f\u00edsica del pr\u00f3jimo, he ofendido su honor, he da\u00f1ado sus bienes? \u00bfHe procurado o aconsejado el aborto? \u00bfHe callado en situaciones donde pod\u00eda haber alentado al bien? \u00bfEn la vida matrimonial soy respetuoso con la ense\u00f1anza de la Iglesia sobre la apertura a la vida y el respeto a ella? \u00bfHe actuado contra mi integridad f\u00edsica (por ejemplo: esterilizaci\u00f3n)? \u00bfHe sido siempre fiel tambi\u00e9n con la mente? \u00bfHe guardado odio? \u00bfHe sido pendenciero? \u00bfHe pronunciado insultos y palabras ofensivas, fomentando rencillas y resentimientos? \u00bfHe omitido culpablemente y ego\u00edstamente testimoniar la inocencia del pr\u00f3jimo? \u00bfAl conducir el coche o utilizar otros medios de transporte he puesto en peligro mi vida o la de los dem\u00e1s?<\/p>\n<\/li>\n<li>\n<p dir=\"auto\"><strong>Honestidad y Restituci\u00f3n<\/strong>: \u00bfHe robado? \u00bfHe deseado injustamente la propiedad de otros? \u00bfHe da\u00f1ado al pr\u00f3jimo en sus bienes? \u00bfHe restituido lo que he sustra\u00eddo y he reparado los da\u00f1os causados?<\/p>\n<\/li>\n<li>\n<p dir=\"auto\"><strong>Perd\u00f3n y Reconciliaci\u00f3n<\/strong>: Si he recibido agravios, \u00bfme he mostrado dispuesto a la reconciliaci\u00f3n y al perd\u00f3n por amor a Cristo, o guardo en el coraz\u00f3n odio y deseo de venganza?<\/p>\n<\/li>\n<\/ol>\n<h3><strong>La B\u00fasqueda de la Mejora Espiritual<\/strong><\/h3>\n<ol>\n<li>\n<p dir=\"auto\"><strong>Orientaci\u00f3n Fundamental de la Vida<\/strong>: \u00bfCu\u00e1l es la orientaci\u00f3n fundamental de mi vida? \u00bfMe animo con la esperanza de la vida eterna? \u00bfHe intentado revivir mi vida espiritual con la oraci\u00f3n, la lectura y la meditaci\u00f3n de la palabra de Dios, la participaci\u00f3n en los sacramentos? \u00bfHe practicado la mortificaci\u00f3n? \u00bfHe estado dispuesto y decidido a erradicar los vicios, a someter las pasiones y las inclinaciones perversas? \u00bfHe reaccionado a los motivos de envidia, he dominado la gula? \u00bfHe sido presuntuoso y arrogante; he pretendido afirmar tanto a m\u00ed mismo que he despreciado a los dem\u00e1s y me he preferido a ellos? \u00bfHe impuesto mi voluntad a los dem\u00e1s, conculcando su libertad y descuidando sus derechos?<\/p>\n<\/li>\n<li>\n<p dir=\"auto\"><strong>Uso del Tiempo y los Talentos<\/strong>: \u00bfQu\u00e9 uso he hecho del tiempo, de las fuerzas, de los dones recibidos de Dios como los \u00abtalentos del evangelio\u00bb? \u00bfMe sirvo de todos estos medios para crecer cada d\u00eda m\u00e1s en la perfecci\u00f3n de la vida espiritual y en el servicio al pr\u00f3jimo? \u00bfHe sido inerte y perezoso? \u00bfC\u00f3mo utilizo internet y otros medios de comunicaci\u00f3n social?<\/p>\n<\/li>\n<li>\n<p dir=\"auto\"><strong>Paciencia y Mortificaci\u00f3n<\/strong>: \u00bfHe soportado con paciencia, en esp\u00edritu de fe, los dolores y las pruebas de la vida? \u00bfC\u00f3mo he intentado practicar la mortificaci\u00f3n, para completar lo que falta a la pasi\u00f3n de Cristo? \u00bfHe observado la ley del ayuno y la abstinencia?<\/p>\n<\/li>\n<li>\n<p dir=\"auto\"><strong>Pureza y Castidad<\/strong>: \u00bfHe conservado puro y casto mi cuerpo, en mi estado de vida, pensando que es templo del Esp\u00edritu Santo, destinado a la resurrecci\u00f3n y a la gloria? \u00bfHe custodiado mis sentidos y he evitado ensuciarme en el esp\u00edritu y en el cuerpo con pensamientos y deseos malos, con palabras y con acciones indignas? \u00bfMe he permitido lecturas, discursos, espect\u00e1culos, diversiones en contradicci\u00f3n con la honestidad humana y cristiana? \u00bfHe sido esc\u00e1ndalo para los dem\u00e1s con mi comportamiento?<\/p>\n<\/li>\n<li>\n<p dir=\"auto\"><strong>Actuar contra la Conciencia<\/strong>: \u00bfHe actuado contra la conciencia, por miedo o por hipocres\u00eda?<\/p>\n<\/li>\n<li>\n<p dir=\"auto\"><strong>Libertad de los Hijos de Dios<\/strong>: \u00bfHe intentado comportarme en todo y siempre en la verdadera libertad de los hijos de Dios y seg\u00fan la ley del Esp\u00edritu, o me he dejado esclavizar por mis pasiones?<\/p>\n<\/li>\n<li>\n<p dir=\"auto\"><strong>Omisi\u00f3n del Bien<\/strong>: \u00bfHe omitido un bien que era posible para m\u00ed realizar?<\/p>\n<\/li>\n<\/ol>\n<p dir=\"auto\">Este examen de conciencia proporcionado por el Vaticano es una herramienta invaluable para aquellos que desean profundizar en su relaci\u00f3n con Dios y con los dem\u00e1s durante la Cuaresma. Al reflexionar sobre estas preguntas, los fieles pueden prepararse mejor para la celebraci\u00f3n de la Pascua y vivir una vida m\u00e1s plena y significativa en comuni\u00f3n con Dios y su pr\u00f3jimo.<\/p>\n","protected":false},"excerpt":{"rendered":"<p>Una Gu\u00eda para una buena confesi\u00f3n<\/p>\n","protected":false},"author":15,"featured_media":120867,"comment_status":"closed","ping_status":"closed","sticky":false,"template":"","format":"standard","meta":{"_acf_changed":false,"_crdt_document":"","inline_featured_image":false,"footnotes":""},"categories":[96],"tags":[29996,27270,20332,22876,676,676,676,676,676,676,676,1690,47995,3589,3589,3589,3589,17571,1688,9719,14712],"class_list":{"0":"post-120866","1":"post","2":"type-post","3":"status-publish","4":"format-standard","5":"has-post-thumbnail","6":"hentry","7":"category-espiritualidad","8":"tag-amor-a-dios","9":"tag-amor-al-projimo","10":"tag-comunidad-cristiana","11":"tag-examen-de-conciencia","12":"tag-oracion","19":"tag-perdon","20":"tag-perfeccion-espiritual","21":"tag-reconciliacion","25":"tag-reflexion-espiritual","26":"tag-renovacion","27":"tag-sacramentos","28":"tag-vida-eterna"},"acf":[],"yoast_head":"<!-- This site is optimized with the Yoast SEO plugin v27.4 - https:\/\/yoast.com\/product\/yoast-seo-wordpress\/ -->\n<title>Examen de Conciencia para vivir la Cuaresma &#8211; Exaudi<\/title>\n<meta name=\"robots\" content=\"index, follow, max-snippet:-1, max-image-preview:large, max-video-preview:-1\" \/>\n<link rel=\"canonical\" href=\"https:\/\/exaudi.org\/es\/examen-de-conciencia-para-vivir-la-cuaresma\/\" \/>\n<meta property=\"og:locale\" content=\"es_ES\" \/>\n<meta property=\"og:type\" content=\"article\" \/>\n<meta property=\"og:title\" content=\"Examen de Conciencia para vivir la Cuaresma &#8211; Exaudi\" \/>\n<meta property=\"og:description\" content=\"Una Gu\u00eda para una buena confesi\u00f3n\" \/>\n<meta property=\"og:url\" content=\"https:\/\/exaudi.org\/es\/examen-de-conciencia-para-vivir-la-cuaresma\/\" \/>\n<meta property=\"og:site_name\" content=\"Exaudi\" \/>\n<meta property=\"article:publisher\" content=\"https:\/\/www.facebook.com\/ExaudiNews\" \/>\n<meta property=\"article:author\" content=\"https:\/\/www.facebook.com\/ExaudiNoticias\/\" \/>\n<meta property=\"article:published_time\" content=\"2026-02-18T08:00:54+00:00\" \/>\n<meta property=\"og:image\" content=\"https:\/\/exaudi.org\/wp-content\/uploads\/2025\/03\/pexels-alem-sanchez-182647-977649-scaled.jpg\" \/>\n\t<meta property=\"og:image:width\" content=\"2560\" \/>\n\t<meta property=\"og:image:height\" content=\"1706\" \/>\n\t<meta property=\"og:image:type\" content=\"image\/jpeg\" \/>\n<meta name=\"author\" content=\"Exaudi Redacci\u00f3n\" \/>\n<meta name=\"twitter:card\" content=\"summary_large_image\" \/>\n<meta name=\"twitter:creator\" content=\"@Exaudi_noticias\" \/>\n<meta name=\"twitter:site\" content=\"@Exaudi_News\" \/>\n<meta name=\"twitter:label1\" content=\"Escrito por\" \/>\n\t<meta name=\"twitter:data1\" content=\"Exaudi Redacci\u00f3n\" \/>\n\t<meta name=\"twitter:label2\" content=\"Tiempo de lectura\" \/>\n\t<meta name=\"twitter:data2\" content=\"8 minutos\" \/>\n<script type=\"application\/ld+json\" class=\"yoast-schema-graph\">{\"@context\":\"https:\\\/\\\/schema.org\",\"@graph\":[{\"@type\":\"Article\",\"@id\":\"https:\\\/\\\/exaudi.org\\\/es\\\/examen-de-conciencia-para-vivir-la-cuaresma\\\/#article\",\"isPartOf\":{\"@id\":\"https:\\\/\\\/exaudi.org\\\/es\\\/examen-de-conciencia-para-vivir-la-cuaresma\\\/\"},\"author\":{\"name\":\"Exaudi Redacci\u00f3n\",\"@id\":\"https:\\\/\\\/exaudi.org\\\/#\\\/schema\\\/person\\\/f5fc8f063065e38742da7afe15f25df7\"},\"headline\":\"Examen de Conciencia para vivir la Cuaresma\",\"datePublished\":\"2026-02-18T08:00:54+00:00\",\"mainEntityOfPage\":{\"@id\":\"https:\\\/\\\/exaudi.org\\\/es\\\/examen-de-conciencia-para-vivir-la-cuaresma\\\/\"},\"wordCount\":1641,\"image\":{\"@id\":\"https:\\\/\\\/exaudi.org\\\/es\\\/examen-de-conciencia-para-vivir-la-cuaresma\\\/#primaryimage\"},\"thumbnailUrl\":\"https:\\\/\\\/exaudi.org\\\/wp-content\\\/uploads\\\/2025\\\/03\\\/pexels-alem-sanchez-182647-977649-scaled.jpg\",\"keywords\":[\"amor a Dios\",\"amor al pr\u00f3jimo\",\"comunidad cristiana\",\"examen de conciencia\",\"Oraci\u00f3n\",\"Oraci\u00f3n\",\"Oraci\u00f3n\",\"Oraci\u00f3n\",\"Oraci\u00f3n\",\"Oraci\u00f3n\",\"Oraci\u00f3n\",\"Perd\u00f3n\",\"perfecci\u00f3n espiritual\",\"Reconciliaci\u00f3n\",\"Reconciliaci\u00f3n\",\"Reconciliaci\u00f3n\",\"Reconciliaci\u00f3n\",\"Reflexi\u00f3n espiritual\",\"Renovaci\u00f3n\",\"SACRAMENTOS\",\"Vida eterna\"],\"articleSection\":[\"Espiritualidad\"],\"inLanguage\":\"es\"},{\"@type\":\"WebPage\",\"@id\":\"https:\\\/\\\/exaudi.org\\\/es\\\/examen-de-conciencia-para-vivir-la-cuaresma\\\/\",\"url\":\"https:\\\/\\\/exaudi.org\\\/es\\\/examen-de-conciencia-para-vivir-la-cuaresma\\\/\",\"name\":\"Examen de Conciencia para vivir la Cuaresma &#8211; Exaudi\",\"isPartOf\":{\"@id\":\"https:\\\/\\\/exaudi.org\\\/#website\"},\"primaryImageOfPage\":{\"@id\":\"https:\\\/\\\/exaudi.org\\\/es\\\/examen-de-conciencia-para-vivir-la-cuaresma\\\/#primaryimage\"},\"image\":{\"@id\":\"https:\\\/\\\/exaudi.org\\\/es\\\/examen-de-conciencia-para-vivir-la-cuaresma\\\/#primaryimage\"},\"thumbnailUrl\":\"https:\\\/\\\/exaudi.org\\\/wp-content\\\/uploads\\\/2025\\\/03\\\/pexels-alem-sanchez-182647-977649-scaled.jpg\",\"datePublished\":\"2026-02-18T08:00:54+00:00\",\"author\":{\"@id\":\"https:\\\/\\\/exaudi.org\\\/#\\\/schema\\\/person\\\/f5fc8f063065e38742da7afe15f25df7\"},\"breadcrumb\":{\"@id\":\"https:\\\/\\\/exaudi.org\\\/es\\\/examen-de-conciencia-para-vivir-la-cuaresma\\\/#breadcrumb\"},\"inLanguage\":\"es\",\"potentialAction\":[{\"@type\":\"ReadAction\",\"target\":[\"https:\\\/\\\/exaudi.org\\\/es\\\/examen-de-conciencia-para-vivir-la-cuaresma\\\/\"]}]},{\"@type\":\"ImageObject\",\"inLanguage\":\"es\",\"@id\":\"https:\\\/\\\/exaudi.org\\\/es\\\/examen-de-conciencia-para-vivir-la-cuaresma\\\/#primaryimage\",\"url\":\"https:\\\/\\\/exaudi.org\\\/wp-content\\\/uploads\\\/2025\\\/03\\\/pexels-alem-sanchez-182647-977649-scaled.jpg\",\"contentUrl\":\"https:\\\/\\\/exaudi.org\\\/wp-content\\\/uploads\\\/2025\\\/03\\\/pexels-alem-sanchez-182647-977649-scaled.jpg\",\"width\":2560,\"height\":1706},{\"@type\":\"BreadcrumbList\",\"@id\":\"https:\\\/\\\/exaudi.org\\\/es\\\/examen-de-conciencia-para-vivir-la-cuaresma\\\/#breadcrumb\",\"itemListElement\":[{\"@type\":\"ListItem\",\"position\":1,\"name\":\"Portada\",\"item\":\"https:\\\/\\\/exaudi.org\\\/es\\\/\"},{\"@type\":\"ListItem\",\"position\":2,\"name\":\"Examen de Conciencia para vivir la Cuaresma\"}]},{\"@type\":\"WebSite\",\"@id\":\"https:\\\/\\\/exaudi.org\\\/#website\",\"url\":\"https:\\\/\\\/exaudi.org\\\/\",\"name\":\"Exaudi\",\"description\":\"News\",\"potentialAction\":[{\"@type\":\"SearchAction\",\"target\":{\"@type\":\"EntryPoint\",\"urlTemplate\":\"https:\\\/\\\/exaudi.org\\\/?s={search_term_string}\"},\"query-input\":{\"@type\":\"PropertyValueSpecification\",\"valueRequired\":true,\"valueName\":\"search_term_string\"}}],\"inLanguage\":\"es\"},{\"@type\":\"Person\",\"@id\":\"https:\\\/\\\/exaudi.org\\\/#\\\/schema\\\/person\\\/f5fc8f063065e38742da7afe15f25df7\",\"name\":\"Exaudi Redacci\u00f3n\",\"image\":{\"@type\":\"ImageObject\",\"inLanguage\":\"es\",\"@id\":\"https:\\\/\\\/secure.gravatar.com\\\/avatar\\\/fe0f6a059fb68d9b3e11bc5850dd4899b1c7492091a3cb6dd9b01b56ad828be2?s=96&d=mm&r=g\",\"url\":\"https:\\\/\\\/secure.gravatar.com\\\/avatar\\\/fe0f6a059fb68d9b3e11bc5850dd4899b1c7492091a3cb6dd9b01b56ad828be2?s=96&d=mm&r=g\",\"contentUrl\":\"https:\\\/\\\/secure.gravatar.com\\\/avatar\\\/fe0f6a059fb68d9b3e11bc5850dd4899b1c7492091a3cb6dd9b01b56ad828be2?s=96&d=mm&r=g\",\"caption\":\"Exaudi Redacci\u00f3n\"},\"description\":\"\u00bfQu\u00e9 es Exaudi News? Exaudi News es un medio de comunicaci\u00f3n cat\u00f3lico internacional que informa, forma y transforma, diariamente en espa\u00f1ol, ingl\u00e9s e italiano. A trav\u00e9s de noticias, art\u00edculos de an\u00e1lisis y transmisiones en directo de los eventos del Papa, Exaudi busca fortalecer la unidad de los cristianos y contribuir a la evangelizaci\u00f3n del mundo, siempre guiados por la doctrina social de la Iglesia. Trabajamos para acercar la verdad y los valores cristianos a cada rinc\u00f3n del planeta. \u00a1Ay\u00fadanos a transformar el mundo con Exaudi! En Exaudi creemos que la evangelizaci\u00f3n y la informaci\u00f3n de calidad pueden cambiar vidas. Para continuar con nuestra misi\u00f3n y expandir nuestro alcance, necesitamos tu ayuda. Adem\u00e1s, buscamos personas comprometidas que deseen unirse a nuestro equipo. Con tu apoyo, lograremos llegar a m\u00e1s personas, difundir el mensaje de Cristo y reforzar la unidad de los cristianos. \u00bfTe unes a nuestra misi\u00f3n? Para m\u00e1s informaci\u00f3n sobre c\u00f3mo colaborar, visita Exaudi.org\\\/es o cont\u00e1ctanos directamente: info@exaudi.org Exaudi: Informa, forma y transforma.\",\"sameAs\":[\"https:\\\/\\\/www.facebook.com\\\/ExaudiNoticias\\\/\",\"https:\\\/\\\/www.instagram.com\\\/exaudi_noticias\\\/\",\"https:\\\/\\\/x.com\\\/Exaudi_noticias\",\"https:\\\/\\\/www.youtube.com\\\/@exaudicatholicnews\"],\"url\":\"https:\\\/\\\/exaudi.org\\\/es\\\/author\\\/redaccionexaudi\\\/\"}]}<\/script>\n<!-- \/ Yoast SEO plugin. -->","yoast_head_json":{"title":"Examen de Conciencia para vivir la Cuaresma &#8211; Exaudi","robots":{"index":"index","follow":"follow","max-snippet":"max-snippet:-1","max-image-preview":"max-image-preview:large","max-video-preview":"max-video-preview:-1"},"canonical":"https:\/\/exaudi.org\/es\/examen-de-conciencia-para-vivir-la-cuaresma\/","og_locale":"es_ES","og_type":"article","og_title":"Examen de Conciencia para vivir la Cuaresma &#8211; Exaudi","og_description":"Una Gu\u00eda para una buena confesi\u00f3n","og_url":"https:\/\/exaudi.org\/es\/examen-de-conciencia-para-vivir-la-cuaresma\/","og_site_name":"Exaudi","article_publisher":"https:\/\/www.facebook.com\/ExaudiNews","article_author":"https:\/\/www.facebook.com\/ExaudiNoticias\/","article_published_time":"2026-02-18T08:00:54+00:00","og_image":[{"width":2560,"height":1706,"url":"https:\/\/exaudi.org\/wp-content\/uploads\/2025\/03\/pexels-alem-sanchez-182647-977649-scaled.jpg","type":"image\/jpeg"}],"author":"Exaudi Redacci\u00f3n","twitter_card":"summary_large_image","twitter_creator":"@Exaudi_noticias","twitter_site":"@Exaudi_News","twitter_misc":{"Escrito por":"Exaudi Redacci\u00f3n","Tiempo de lectura":"8 minutos"},"schema":{"@context":"https:\/\/schema.org","@graph":[{"@type":"Article","@id":"https:\/\/exaudi.org\/es\/examen-de-conciencia-para-vivir-la-cuaresma\/#article","isPartOf":{"@id":"https:\/\/exaudi.org\/es\/examen-de-conciencia-para-vivir-la-cuaresma\/"},"author":{"name":"Exaudi Redacci\u00f3n","@id":"https:\/\/exaudi.org\/#\/schema\/person\/f5fc8f063065e38742da7afe15f25df7"},"headline":"Examen de Conciencia para vivir la Cuaresma","datePublished":"2026-02-18T08:00:54+00:00","mainEntityOfPage":{"@id":"https:\/\/exaudi.org\/es\/examen-de-conciencia-para-vivir-la-cuaresma\/"},"wordCount":1641,"image":{"@id":"https:\/\/exaudi.org\/es\/examen-de-conciencia-para-vivir-la-cuaresma\/#primaryimage"},"thumbnailUrl":"https:\/\/exaudi.org\/wp-content\/uploads\/2025\/03\/pexels-alem-sanchez-182647-977649-scaled.jpg","keywords":["amor a Dios","amor al pr\u00f3jimo","comunidad cristiana","examen de conciencia","Oraci\u00f3n","Oraci\u00f3n","Oraci\u00f3n","Oraci\u00f3n","Oraci\u00f3n","Oraci\u00f3n","Oraci\u00f3n","Perd\u00f3n","perfecci\u00f3n espiritual","Reconciliaci\u00f3n","Reconciliaci\u00f3n","Reconciliaci\u00f3n","Reconciliaci\u00f3n","Reflexi\u00f3n espiritual","Renovaci\u00f3n","SACRAMENTOS","Vida eterna"],"articleSection":["Espiritualidad"],"inLanguage":"es"},{"@type":"WebPage","@id":"https:\/\/exaudi.org\/es\/examen-de-conciencia-para-vivir-la-cuaresma\/","url":"https:\/\/exaudi.org\/es\/examen-de-conciencia-para-vivir-la-cuaresma\/","name":"Examen de Conciencia para vivir la Cuaresma &#8211; Exaudi","isPartOf":{"@id":"https:\/\/exaudi.org\/#website"},"primaryImageOfPage":{"@id":"https:\/\/exaudi.org\/es\/examen-de-conciencia-para-vivir-la-cuaresma\/#primaryimage"},"image":{"@id":"https:\/\/exaudi.org\/es\/examen-de-conciencia-para-vivir-la-cuaresma\/#primaryimage"},"thumbnailUrl":"https:\/\/exaudi.org\/wp-content\/uploads\/2025\/03\/pexels-alem-sanchez-182647-977649-scaled.jpg","datePublished":"2026-02-18T08:00:54+00:00","author":{"@id":"https:\/\/exaudi.org\/#\/schema\/person\/f5fc8f063065e38742da7afe15f25df7"},"breadcrumb":{"@id":"https:\/\/exaudi.org\/es\/examen-de-conciencia-para-vivir-la-cuaresma\/#breadcrumb"},"inLanguage":"es","potentialAction":[{"@type":"ReadAction","target":["https:\/\/exaudi.org\/es\/examen-de-conciencia-para-vivir-la-cuaresma\/"]}]},{"@type":"ImageObject","inLanguage":"es","@id":"https:\/\/exaudi.org\/es\/examen-de-conciencia-para-vivir-la-cuaresma\/#primaryimage","url":"https:\/\/exaudi.org\/wp-content\/uploads\/2025\/03\/pexels-alem-sanchez-182647-977649-scaled.jpg","contentUrl":"https:\/\/exaudi.org\/wp-content\/uploads\/2025\/03\/pexels-alem-sanchez-182647-977649-scaled.jpg","width":2560,"height":1706},{"@type":"BreadcrumbList","@id":"https:\/\/exaudi.org\/es\/examen-de-conciencia-para-vivir-la-cuaresma\/#breadcrumb","itemListElement":[{"@type":"ListItem","position":1,"name":"Portada","item":"https:\/\/exaudi.org\/es\/"},{"@type":"ListItem","position":2,"name":"Examen de Conciencia para vivir la Cuaresma"}]},{"@type":"WebSite","@id":"https:\/\/exaudi.org\/#website","url":"https:\/\/exaudi.org\/","name":"Exaudi","description":"News","potentialAction":[{"@type":"SearchAction","target":{"@type":"EntryPoint","urlTemplate":"https:\/\/exaudi.org\/?s={search_term_string}"},"query-input":{"@type":"PropertyValueSpecification","valueRequired":true,"valueName":"search_term_string"}}],"inLanguage":"es"},{"@type":"Person","@id":"https:\/\/exaudi.org\/#\/schema\/person\/f5fc8f063065e38742da7afe15f25df7","name":"Exaudi Redacci\u00f3n","image":{"@type":"ImageObject","inLanguage":"es","@id":"https:\/\/secure.gravatar.com\/avatar\/fe0f6a059fb68d9b3e11bc5850dd4899b1c7492091a3cb6dd9b01b56ad828be2?s=96&d=mm&r=g","url":"https:\/\/secure.gravatar.com\/avatar\/fe0f6a059fb68d9b3e11bc5850dd4899b1c7492091a3cb6dd9b01b56ad828be2?s=96&d=mm&r=g","contentUrl":"https:\/\/secure.gravatar.com\/avatar\/fe0f6a059fb68d9b3e11bc5850dd4899b1c7492091a3cb6dd9b01b56ad828be2?s=96&d=mm&r=g","caption":"Exaudi Redacci\u00f3n"},"description":"\u00bfQu\u00e9 es Exaudi News? Exaudi News es un medio de comunicaci\u00f3n cat\u00f3lico internacional que informa, forma y transforma, diariamente en espa\u00f1ol, ingl\u00e9s e italiano. A trav\u00e9s de noticias, art\u00edculos de an\u00e1lisis y transmisiones en directo de los eventos del Papa, Exaudi busca fortalecer la unidad de los cristianos y contribuir a la evangelizaci\u00f3n del mundo, siempre guiados por la doctrina social de la Iglesia. Trabajamos para acercar la verdad y los valores cristianos a cada rinc\u00f3n del planeta. \u00a1Ay\u00fadanos a transformar el mundo con Exaudi! En Exaudi creemos que la evangelizaci\u00f3n y la informaci\u00f3n de calidad pueden cambiar vidas. Para continuar con nuestra misi\u00f3n y expandir nuestro alcance, necesitamos tu ayuda. Adem\u00e1s, buscamos personas comprometidas que deseen unirse a nuestro equipo. Con tu apoyo, lograremos llegar a m\u00e1s personas, difundir el mensaje de Cristo y reforzar la unidad de los cristianos. \u00bfTe unes a nuestra misi\u00f3n? Para m\u00e1s informaci\u00f3n sobre c\u00f3mo colaborar, visita Exaudi.org\/es o cont\u00e1ctanos directamente: info@exaudi.org Exaudi: Informa, forma y transforma.","sameAs":["https:\/\/www.facebook.com\/ExaudiNoticias\/","https:\/\/www.instagram.com\/exaudi_noticias\/","https:\/\/x.com\/Exaudi_noticias","https:\/\/www.youtube.com\/@exaudicatholicnews"],"url":"https:\/\/exaudi.org\/es\/author\/redaccionexaudi\/"}]}},"jetpack_featured_media_url":"https:\/\/exaudi.org\/wp-content\/uploads\/2025\/03\/pexels-alem-sanchez-182647-977649-scaled.jpg","jetpack_shortlink":"https:\/\/wp.me\/pgKjF2-vrs","_links":{"self":[{"href":"https:\/\/exaudi.org\/es\/wp-json\/wp\/v2\/posts\/120866","targetHints":{"allow":["GET"]}}],"collection":[{"href":"https:\/\/exaudi.org\/es\/wp-json\/wp\/v2\/posts"}],"about":[{"href":"https:\/\/exaudi.org\/es\/wp-json\/wp\/v2\/types\/post"}],"author":[{"embeddable":true,"href":"https:\/\/exaudi.org\/es\/wp-json\/wp\/v2\/users\/15"}],"replies":[{"embeddable":true,"href":"https:\/\/exaudi.org\/es\/wp-json\/wp\/v2\/comments?post=120866"}],"version-history":[{"count":1,"href":"https:\/\/exaudi.org\/es\/wp-json\/wp\/v2\/posts\/120866\/revisions"}],"predecessor-version":[{"id":158027,"href":"https:\/\/exaudi.org\/es\/wp-json\/wp\/v2\/posts\/120866\/revisions\/158027"}],"wp:featuredmedia":[{"embeddable":true,"href":"https:\/\/exaudi.org\/es\/wp-json\/wp\/v2\/media\/120867"}],"wp:attachment":[{"href":"https:\/\/exaudi.org\/es\/wp-json\/wp\/v2\/media?parent=120866"}],"wp:term":[{"taxonomy":"category","embeddable":true,"href":"https:\/\/exaudi.org\/es\/wp-json\/wp\/v2\/categories?post=120866"},{"taxonomy":"post_tag","embeddable":true,"href":"https:\/\/exaudi.org\/es\/wp-json\/wp\/v2\/tags?post=120866"}],"curies":[{"name":"wp","href":"https:\/\/api.w.org\/{rel}","templated":true}]}}