{"id":120546,"date":"2026-02-18T08:30:32","date_gmt":"2026-02-18T07:30:32","guid":{"rendered":"https:\/\/exaudi.org\/?p=120546"},"modified":"2026-02-16T10:09:48","modified_gmt":"2026-02-16T09:09:48","slug":"miercoles-de-ceniza-el-comienzo-de-un-tiempo-de-renovacion-espiritual","status":"publish","type":"post","link":"https:\/\/exaudi.org\/es\/miercoles-de-ceniza-el-comienzo-de-un-tiempo-de-renovacion-espiritual\/","title":{"rendered":"Mi\u00e9rcoles de Ceniza: El Comienzo de un Tiempo de Renovaci\u00f3n Espiritual"},"content":{"rendered":"<div class=\"flex max-w-full flex-col flex-grow\">\n<div class=\"min-h-8 text-message relative flex w-full flex-col items-end gap-2 whitespace-normal break-words text-start [.text-message+&amp;]:mt-5\" dir=\"auto\" data-message-author-role=\"assistant\" data-message-id=\"23764462-ad67-4765-a92b-6942e3418a5c\" data-message-model-slug=\"gpt-4o-mini\">\n<div class=\"flex w-full flex-col gap-1 empty:hidden first:pt-[3px]\">\n<div class=\"markdown prose w-full break-words dark:prose-invert light\">\n<p data-start=\"76\" data-end=\"451\">El Mi\u00e9rcoles de Ceniza, como cada a\u00f1o, marca el inicio de un tiempo especial para todos los cristianos: la Cuaresma. Es un d\u00eda de oraci\u00f3n, reflexi\u00f3n, ayuno y, sobre todo, de cambio interior. Este d\u00eda tan significativo comienza el camino hacia la Pascua, un periodo de preparaci\u00f3n que tiene como objetivo preparar nuestros corazones para vivir con profundidad la Semana Santa.<\/p>\n<p><iframe title=\"Spotify Embed: Mi\u00e9rcoles de Ceniza: El Comienzo de un Tiempo de Renovaci\u00f3n Espiritual\" style=\"border-radius: 12px\" width=\"100%\" height=\"152\" frameborder=\"0\" allowfullscreen allow=\"autoplay; clipboard-write; encrypted-media; fullscreen; picture-in-picture\" loading=\"lazy\" src=\"https:\/\/open.spotify.com\/embed\/episode\/0MLUyf7NLXGiGZQSyhAdod?si=01e5a552936d4e34&amp;utm_source=oembed\"><\/iframe><\/p>\n<h3 data-start=\"453\" data-end=\"495\"><strong data-start=\"453\" data-end=\"495\">\u00bfQu\u00e9 Significa el Mi\u00e9rcoles de Ceniza?<\/strong><\/h3>\n<p data-start=\"497\" data-end=\"912\">Este d\u00eda no solo se trata de recibir las cenizas en la frente. Se remonta al ayuno de 40 d\u00edas que Jesucristo vivi\u00f3 en el desierto, un tiempo en el que, tras ser bautizado, se retir\u00f3 a orar y ayunar, enfrentando las tentaciones del diablo. Los cristianos consideramos este tiempo como una oportunidad para emular la fortaleza espiritual de Jes\u00fas y reflexionar sobre nuestra propia capacidad de resistir la tentaci\u00f3n.<\/p>\n<p data-start=\"914\" data-end=\"1179\">El Mi\u00e9rcoles de Ceniza nos recuerda que, al igual que Cristo, debemos buscar un crecimiento espiritual, un verdadero ayuno del pecado. Este es el primer y m\u00e1s importante prop\u00f3sito de la Cuaresma: alejarnos conscientemente del mal y del pecado que nos aleja de Dios.<\/p>\n<h3 data-start=\"1181\" data-end=\"1245\"><strong data-start=\"1181\" data-end=\"1245\">El Prop\u00f3sito Interior: \u00bfQu\u00e9 Voy a Hacer Durante la Cuaresma?<\/strong><\/h3>\n<p data-start=\"1247\" data-end=\"1562\">El acto de imponer las cenizas es solo el comienzo. Se trata de un signo externo de un cambio interior. El verdadero reto de la Cuaresma es hacernos la pregunta: \u00bfQu\u00e9 voy a ofrecer durante estos 40 d\u00edas para acercarme m\u00e1s a Dios? \u00bfQu\u00e9 puedo hacer para prepararme para la Semana Santa y vivirla con verdadero fervor?<\/p>\n<p data-start=\"1564\" data-end=\"1976\">La Cuaresma no se reduce a privarnos de cosas externas como un refresco o un caf\u00e9. Estos gestos son simb\u00f3licos, pero el verdadero ayuno debe ser el de nuestras actitudes y comportamientos. El primer ayuno es decir \u00abno\u00bb al pecado y a todo aquello que nos aleja de la voluntad de Dios. Hacer prop\u00f3sito de cambiar algo en nuestra vida que nos haga ser mejores cristianos y mejores personas es el verdadero objetivo.<\/p>\n<h3 data-start=\"1978\" data-end=\"2049\"><strong data-start=\"1978\" data-end=\"2049\">C\u00f3mo Fortalecer Nuestro Esp\u00edritu: Privaciones Voluntarias y Oraci\u00f3n<\/strong><\/h3>\n<p data-start=\"2051\" data-end=\"2466\">Al igual que Jes\u00fas, que se retir\u00f3 al desierto para fortalecer su esp\u00edritu, nosotros tambi\u00e9n debemos buscar la manera de fortalecer nuestra voluntad y espiritualidad. Las privaciones voluntarias, como el ayuno, son herramientas poderosas para dominar nuestros deseos y acercarnos m\u00e1s a Dios. No se trata solo de dejar de hacer cosas que nos gustan, sino de elegir privarnos de ellas para fortalecer nuestra voluntad.<\/p>\n<p data-start=\"2468\" data-end=\"2789\">Adem\u00e1s de las privaciones, la oraci\u00f3n es esencial. A lo largo de la Cuaresma, es importante establecer prop\u00f3sitos concretos en nuestra vida de oraci\u00f3n, como asistir a misa m\u00e1s frecuentemente, rezar el Rosario o comprometerse en alg\u00fan apostolado. La oraci\u00f3n es la clave para mantenernos firmes en nuestra lucha espiritual.<\/p>\n<h3 data-start=\"2791\" data-end=\"2839\"><strong data-start=\"2791\" data-end=\"2839\">Compromiso con la Eucarist\u00eda y el Apostolado<\/strong><\/h3>\n<p data-start=\"2841\" data-end=\"3210\">Una de las mejores maneras de vivir este tiempo de Cuaresma es a trav\u00e9s de la Eucarist\u00eda, que fortalece nuestra relaci\u00f3n con Dios. Adem\u00e1s, debemos comprometernos en el servicio a los dem\u00e1s, ya sea visitando enfermos, ayudando a los necesitados o realizando obras de caridad. Este es un tiempo para salir de nosotros mismos y vivir el amor al pr\u00f3jimo de manera concreta.<\/p>\n<h3 data-start=\"3212\" data-end=\"3259\"><strong data-start=\"3212\" data-end=\"3259\">Vivir la Cuaresma con Prop\u00f3sito<\/strong><\/h3>\n<p data-start=\"3261\" data-end=\"3548\">Este Mi\u00e9rcoles de Ceniza, no se trata solo de recibir las cenizas. Es una invitaci\u00f3n a un compromiso profundo con Dios. Hacer un prop\u00f3sito serio de abandonar el pecado, fortalecer nuestra voluntad a trav\u00e9s de las privaciones voluntarias, y aumentar nuestra vida de oraci\u00f3n y apostolado.<\/p>\n<p data-start=\"3550\" data-end=\"3774\" data-is-only-node=\"\">Que este tiempo de Cuaresma sea verdaderamente un periodo de transformaci\u00f3n, para que podamos vivir la Semana Santa con un coraz\u00f3n renovado y lleno de fervor. \u00a1Hagamos todo el bien que podamos y que Dios nos bendiga siempre!<\/p>\n<p data-start=\"3550\" data-end=\"3774\" data-is-only-node=\"\"><a href=\"https:\/\/padreangelespinosadelosmonteros.lookmydc.com\/\" target=\"_blank\" rel=\"noopener\">Suscr\u00edbete para m\u00e1s contenido y s\u00edgueme en todas mis redes sociales<\/a>. Hagamos todo el bien que podamos, que Dios los bendiga siempre, y que la paz de Cristo inunde sus corazones.<\/p>\n<p><iframe loading=\"lazy\" title=\"Mi\u00e9rcoles de Ceniza - preparaci\u00f3n para la PASCUA - Padre \u00c1ngel Espinosa de los Monteros\" width=\"500\" height=\"281\" src=\"https:\/\/www.youtube.com\/embed\/UbYctxlKbDE?feature=oembed\" frameborder=\"0\" allow=\"accelerometer; autoplay; clipboard-write; encrypted-media; gyroscope; picture-in-picture; web-share\" referrerpolicy=\"strict-origin-when-cross-origin\" allowfullscreen><\/iframe><\/p>\n<p><img loading=\"lazy\" decoding=\"async\" class=\"size-full wp-image-120550 alignnone\" src=\"https:\/\/exaudi.org\/wp-content\/uploads\/2025\/03\/entrevista.jpg\" alt=\"\" width=\"940\" height=\"788\" srcset=\"https:\/\/exaudi.org\/wp-content\/uploads\/2025\/03\/entrevista.jpg 940w, https:\/\/exaudi.org\/wp-content\/uploads\/2025\/03\/entrevista-300x251.jpg 300w, https:\/\/exaudi.org\/wp-content\/uploads\/2025\/03\/entrevista-770x645.jpg 770w, https:\/\/exaudi.org\/wp-content\/uploads\/2025\/03\/entrevista-500x419.jpg 500w\" sizes=\"auto, (max-width: 940px) 100vw, 940px\" \/><\/p>\n<\/div>\n<\/div>\n<\/div>\n<\/div>\n","protected":false},"excerpt":{"rendered":"<p>Un tiempo de reflexi\u00f3n, conversi\u00f3n y renovaci\u00f3n espiritual<\/p>\n","protected":false},"author":147,"featured_media":120547,"comment_status":"closed","ping_status":"closed","sticky":false,"template":"","format":"standard","meta":{"_acf_changed":false,"_crdt_document":"","inline_featured_image":false,"footnotes":""},"categories":[72],"tags":[48182,3869,8712,5860,175,95220,20090,18645,2002,48180,6038,8407,12953,47991,47486,30727,12955,48181,14212,7892],"class_list":["post-120546","post","type-post","status-publish","format-standard","has-post-thumbnail","hentry","category-analisis","tag-amor-con-dios","tag-ayuno","tag-cambio-interior","tag-cristianismo","tag-cuaresma","tag-cuaresma-2026","tag-devocion-catolica","tag-espiritualidad-cristiana","tag-eucaristia-es","tag-jesus-en-el-desierto","tag-miercoles-de-ceniza","tag-pecado","tag-penitencia","tag-preparacion-para-la-pascua","tag-reflexion-cuaresmal","tag-renovacion-espiritual","tag-sacrificio-2","tag-sacrificios-voluntarios","tag-vida-cristiana","tag-vida-de-oracion"],"acf":[],"yoast_head":"<!-- This site is optimized with the Yoast SEO plugin v27.4 - https:\/\/yoast.com\/product\/yoast-seo-wordpress\/ -->\n<title>Mi\u00e9rcoles de Ceniza: El Comienzo de un Tiempo de Renovaci\u00f3n Espiritual &#8211; Exaudi<\/title>\n<meta name=\"robots\" content=\"index, follow, max-snippet:-1, max-image-preview:large, max-video-preview:-1\" \/>\n<link rel=\"canonical\" href=\"https:\/\/exaudi.org\/es\/ash-wednesday-the-beginning-of-a-time-of-spiritual-renewal\/\" \/>\n<meta property=\"og:locale\" content=\"es_ES\" \/>\n<meta property=\"og:type\" content=\"article\" \/>\n<meta property=\"og:title\" content=\"Mi\u00e9rcoles de Ceniza: El Comienzo de un Tiempo de Renovaci\u00f3n Espiritual &#8211; Exaudi\" \/>\n<meta property=\"og:description\" content=\"Un tiempo de reflexi\u00f3n, conversi\u00f3n y renovaci\u00f3n espiritual\" \/>\n<meta property=\"og:url\" content=\"https:\/\/exaudi.org\/ash-wednesday-the-beginning-of-a-time-of-spiritual-renewal\/\" \/>\n<meta property=\"og:site_name\" content=\"Exaudi\" \/>\n<meta property=\"article:publisher\" content=\"https:\/\/www.facebook.com\/ExaudiNews\" \/>\n<meta property=\"article:author\" content=\"https:\/\/www.facebook.com\/padreangelespinosadelosmonteros\" \/>\n<meta property=\"article:published_time\" content=\"2026-02-18T07:30:32+00:00\" \/>\n<meta property=\"og:image\" content=\"https:\/\/exaudi.org\/wp-content\/uploads\/2025\/03\/cq5dam.thumbnail.cropped.750.422-4.jpeg\" \/>\n\t<meta property=\"og:image:width\" content=\"750\" \/>\n\t<meta property=\"og:image:height\" content=\"421\" \/>\n\t<meta property=\"og:image:type\" content=\"image\/jpeg\" \/>\n<meta name=\"author\" content=\"P Angel Espinosa de los Monteros\" \/>\n<meta name=\"twitter:card\" content=\"summary_large_image\" \/>\n<meta name=\"twitter:creator\" content=\"@Exaudi_News\" \/>\n<meta name=\"twitter:site\" content=\"@Exaudi_News\" \/>\n<meta name=\"twitter:label1\" content=\"Escrito por\" \/>\n\t<meta name=\"twitter:data1\" content=\"P Angel Espinosa de los Monteros\" \/>\n\t<meta name=\"twitter:label2\" content=\"Tiempo de lectura\" \/>\n\t<meta name=\"twitter:data2\" content=\"4 minutos\" \/>\n<script type=\"application\/ld+json\" class=\"yoast-schema-graph\">{\"@context\":\"https:\\\/\\\/schema.org\",\"@graph\":[{\"@type\":\"Article\",\"@id\":\"https:\\\/\\\/exaudi.org\\\/ash-wednesday-the-beginning-of-a-time-of-spiritual-renewal\\\/#article\",\"isPartOf\":{\"@id\":\"https:\\\/\\\/exaudi.org\\\/ash-wednesday-the-beginning-of-a-time-of-spiritual-renewal\\\/\"},\"author\":{\"name\":\"P Angel Espinosa de los Monteros\",\"@id\":\"https:\\\/\\\/exaudi.org\\\/#\\\/schema\\\/person\\\/7bbb76287fda2b4f0ee1ef8eaf16876e\"},\"headline\":\"Mi\u00e9rcoles de Ceniza: El Comienzo de un Tiempo de Renovaci\u00f3n Espiritual\",\"datePublished\":\"2026-02-18T07:30:32+00:00\",\"mainEntityOfPage\":{\"@id\":\"https:\\\/\\\/exaudi.org\\\/ash-wednesday-the-beginning-of-a-time-of-spiritual-renewal\\\/\"},\"wordCount\":716,\"image\":{\"@id\":\"https:\\\/\\\/exaudi.org\\\/ash-wednesday-the-beginning-of-a-time-of-spiritual-renewal\\\/#primaryimage\"},\"thumbnailUrl\":\"https:\\\/\\\/exaudi.org\\\/wp-content\\\/uploads\\\/2025\\\/03\\\/cq5dam.thumbnail.cropped.750.422-4.jpeg\",\"keywords\":[\"amor con Dios\",\"Ayuno\",\"Cambio interior\",\"Cristianismo\",\"cuaresma\",\"Cuaresma 2026\",\"devoci\u00f3n cat\u00f3lica\",\"espiritualidad cristiana\",\"Eucaristia\",\"Jes\u00fas en el desierto\",\"Mi\u00e9rcoles de Ceniza\",\"Pecado\",\"penitencia\",\"preparaci\u00f3n para la Pascua\",\"reflexi\u00f3n cuaresmal\",\"renovaci\u00f3n espiritual\",\"sacrificio\",\"sacrificios voluntarios\",\"vida cristiana\",\"Vida de oraci\u00f3n\"],\"articleSection\":[\"An\u00e1lisis\"],\"inLanguage\":\"es\"},{\"@type\":\"WebPage\",\"@id\":\"https:\\\/\\\/exaudi.org\\\/ash-wednesday-the-beginning-of-a-time-of-spiritual-renewal\\\/\",\"url\":\"https:\\\/\\\/exaudi.org\\\/ash-wednesday-the-beginning-of-a-time-of-spiritual-renewal\\\/\",\"name\":\"Mi\u00e9rcoles de Ceniza: El Comienzo de un Tiempo de Renovaci\u00f3n Espiritual &#8211; Exaudi\",\"isPartOf\":{\"@id\":\"https:\\\/\\\/exaudi.org\\\/#website\"},\"primaryImageOfPage\":{\"@id\":\"https:\\\/\\\/exaudi.org\\\/ash-wednesday-the-beginning-of-a-time-of-spiritual-renewal\\\/#primaryimage\"},\"image\":{\"@id\":\"https:\\\/\\\/exaudi.org\\\/ash-wednesday-the-beginning-of-a-time-of-spiritual-renewal\\\/#primaryimage\"},\"thumbnailUrl\":\"https:\\\/\\\/exaudi.org\\\/wp-content\\\/uploads\\\/2025\\\/03\\\/cq5dam.thumbnail.cropped.750.422-4.jpeg\",\"datePublished\":\"2026-02-18T07:30:32+00:00\",\"author\":{\"@id\":\"https:\\\/\\\/exaudi.org\\\/#\\\/schema\\\/person\\\/7bbb76287fda2b4f0ee1ef8eaf16876e\"},\"breadcrumb\":{\"@id\":\"https:\\\/\\\/exaudi.org\\\/ash-wednesday-the-beginning-of-a-time-of-spiritual-renewal\\\/#breadcrumb\"},\"inLanguage\":\"es\",\"potentialAction\":[{\"@type\":\"ReadAction\",\"target\":[\"https:\\\/\\\/exaudi.org\\\/ash-wednesday-the-beginning-of-a-time-of-spiritual-renewal\\\/\"]}]},{\"@type\":\"ImageObject\",\"inLanguage\":\"es\",\"@id\":\"https:\\\/\\\/exaudi.org\\\/ash-wednesday-the-beginning-of-a-time-of-spiritual-renewal\\\/#primaryimage\",\"url\":\"https:\\\/\\\/exaudi.org\\\/wp-content\\\/uploads\\\/2025\\\/03\\\/cq5dam.thumbnail.cropped.750.422-4.jpeg\",\"contentUrl\":\"https:\\\/\\\/exaudi.org\\\/wp-content\\\/uploads\\\/2025\\\/03\\\/cq5dam.thumbnail.cropped.750.422-4.jpeg\",\"width\":750,\"height\":421},{\"@type\":\"BreadcrumbList\",\"@id\":\"https:\\\/\\\/exaudi.org\\\/ash-wednesday-the-beginning-of-a-time-of-spiritual-renewal\\\/#breadcrumb\",\"itemListElement\":[{\"@type\":\"ListItem\",\"position\":1,\"name\":\"Portada\",\"item\":\"https:\\\/\\\/exaudi.org\\\/es\\\/\"},{\"@type\":\"ListItem\",\"position\":2,\"name\":\"Mi\u00e9rcoles de Ceniza: El Comienzo de un Tiempo de Renovaci\u00f3n Espiritual\"}]},{\"@type\":\"WebSite\",\"@id\":\"https:\\\/\\\/exaudi.org\\\/#website\",\"url\":\"https:\\\/\\\/exaudi.org\\\/\",\"name\":\"Exaudi\",\"description\":\"News\",\"potentialAction\":[{\"@type\":\"SearchAction\",\"target\":{\"@type\":\"EntryPoint\",\"urlTemplate\":\"https:\\\/\\\/exaudi.org\\\/?s={search_term_string}\"},\"query-input\":{\"@type\":\"PropertyValueSpecification\",\"valueRequired\":true,\"valueName\":\"search_term_string\"}}],\"inLanguage\":\"es\"},{\"@type\":\"Person\",\"@id\":\"https:\\\/\\\/exaudi.org\\\/#\\\/schema\\\/person\\\/7bbb76287fda2b4f0ee1ef8eaf16876e\",\"name\":\"P Angel Espinosa de los Monteros\",\"image\":{\"@type\":\"ImageObject\",\"inLanguage\":\"es\",\"@id\":\"https:\\\/\\\/secure.gravatar.com\\\/avatar\\\/effca3f571ae6f2f0e49f4978ed61eb7db325b2e3b3cfc4528dcd50d2ed847be?s=96&d=mm&r=g\",\"url\":\"https:\\\/\\\/secure.gravatar.com\\\/avatar\\\/effca3f571ae6f2f0e49f4978ed61eb7db325b2e3b3cfc4528dcd50d2ed847be?s=96&d=mm&r=g\",\"contentUrl\":\"https:\\\/\\\/secure.gravatar.com\\\/avatar\\\/effca3f571ae6f2f0e49f4978ed61eb7db325b2e3b3cfc4528dcd50d2ed847be?s=96&d=mm&r=g\",\"caption\":\"P Angel Espinosa de los Monteros\"},\"description\":\"El Padre \u00c1ngel Espinosa de los Monteros ha impartido m\u00e1s de 4,000 conferencias sobre matrimonio, valores familiares y espiritualidad en diferentes ciudades de M\u00e9xico, Estados Unidos, Francia, Italia, Espa\u00f1a y Sudam\u00e9rica. Ha atendido a cientos de matrimonios ofreciendo consejos y programas de crecimiento conyugal y familiar. Es autor del libro \u00abEl anillo es para siempre\u00bb, traducido a diferentes lenguas y a partir de las cuales ha dictado m\u00e1s de 20 t\u00edtulos de conferencias. Actualmente se dedica de tiempo completo a impartir conferencias y renovaciones matrimoniales en 20 pa\u00edses del mundo.\",\"sameAs\":[\"https:\\\/\\\/padreangelespinosadelosmonteros.lookmydc.com\\\/\",\"https:\\\/\\\/www.facebook.com\\\/padreangelespinosadelosmonteros\",\"https:\\\/\\\/www.instagram.com\\\/padreangel.espinosa\\\/\",\"https:\\\/\\\/www.youtube.com\\\/channel\\\/UCL38v1PSZX6VWoC6lXmTRbA\"],\"url\":\"https:\\\/\\\/exaudi.org\\\/es\\\/author\\\/padre-angel-espinosa-de-los-monteros\\\/\"}]}<\/script>\n<!-- \/ Yoast SEO plugin. -->","yoast_head_json":{"title":"Mi\u00e9rcoles de Ceniza: El Comienzo de un Tiempo de Renovaci\u00f3n Espiritual &#8211; Exaudi","robots":{"index":"index","follow":"follow","max-snippet":"max-snippet:-1","max-image-preview":"max-image-preview:large","max-video-preview":"max-video-preview:-1"},"canonical":"https:\/\/exaudi.org\/es\/ash-wednesday-the-beginning-of-a-time-of-spiritual-renewal\/","og_locale":"es_ES","og_type":"article","og_title":"Mi\u00e9rcoles de Ceniza: El Comienzo de un Tiempo de Renovaci\u00f3n Espiritual &#8211; Exaudi","og_description":"Un tiempo de reflexi\u00f3n, conversi\u00f3n y renovaci\u00f3n espiritual","og_url":"https:\/\/exaudi.org\/ash-wednesday-the-beginning-of-a-time-of-spiritual-renewal\/","og_site_name":"Exaudi","article_publisher":"https:\/\/www.facebook.com\/ExaudiNews","article_author":"https:\/\/www.facebook.com\/padreangelespinosadelosmonteros","article_published_time":"2026-02-18T07:30:32+00:00","og_image":[{"width":750,"height":421,"url":"https:\/\/exaudi.org\/wp-content\/uploads\/2025\/03\/cq5dam.thumbnail.cropped.750.422-4.jpeg","type":"image\/jpeg"}],"author":"P Angel Espinosa de los Monteros","twitter_card":"summary_large_image","twitter_creator":"@Exaudi_News","twitter_site":"@Exaudi_News","twitter_misc":{"Escrito por":"P Angel Espinosa de los Monteros","Tiempo de lectura":"4 minutos"},"schema":{"@context":"https:\/\/schema.org","@graph":[{"@type":"Article","@id":"https:\/\/exaudi.org\/ash-wednesday-the-beginning-of-a-time-of-spiritual-renewal\/#article","isPartOf":{"@id":"https:\/\/exaudi.org\/ash-wednesday-the-beginning-of-a-time-of-spiritual-renewal\/"},"author":{"name":"P Angel Espinosa de los Monteros","@id":"https:\/\/exaudi.org\/#\/schema\/person\/7bbb76287fda2b4f0ee1ef8eaf16876e"},"headline":"Mi\u00e9rcoles de Ceniza: El Comienzo de un Tiempo de Renovaci\u00f3n Espiritual","datePublished":"2026-02-18T07:30:32+00:00","mainEntityOfPage":{"@id":"https:\/\/exaudi.org\/ash-wednesday-the-beginning-of-a-time-of-spiritual-renewal\/"},"wordCount":716,"image":{"@id":"https:\/\/exaudi.org\/ash-wednesday-the-beginning-of-a-time-of-spiritual-renewal\/#primaryimage"},"thumbnailUrl":"https:\/\/exaudi.org\/wp-content\/uploads\/2025\/03\/cq5dam.thumbnail.cropped.750.422-4.jpeg","keywords":["amor con Dios","Ayuno","Cambio interior","Cristianismo","cuaresma","Cuaresma 2026","devoci\u00f3n cat\u00f3lica","espiritualidad cristiana","Eucaristia","Jes\u00fas en el desierto","Mi\u00e9rcoles de Ceniza","Pecado","penitencia","preparaci\u00f3n para la Pascua","reflexi\u00f3n cuaresmal","renovaci\u00f3n espiritual","sacrificio","sacrificios voluntarios","vida cristiana","Vida de oraci\u00f3n"],"articleSection":["An\u00e1lisis"],"inLanguage":"es"},{"@type":"WebPage","@id":"https:\/\/exaudi.org\/ash-wednesday-the-beginning-of-a-time-of-spiritual-renewal\/","url":"https:\/\/exaudi.org\/ash-wednesday-the-beginning-of-a-time-of-spiritual-renewal\/","name":"Mi\u00e9rcoles de Ceniza: El Comienzo de un Tiempo de Renovaci\u00f3n Espiritual &#8211; Exaudi","isPartOf":{"@id":"https:\/\/exaudi.org\/#website"},"primaryImageOfPage":{"@id":"https:\/\/exaudi.org\/ash-wednesday-the-beginning-of-a-time-of-spiritual-renewal\/#primaryimage"},"image":{"@id":"https:\/\/exaudi.org\/ash-wednesday-the-beginning-of-a-time-of-spiritual-renewal\/#primaryimage"},"thumbnailUrl":"https:\/\/exaudi.org\/wp-content\/uploads\/2025\/03\/cq5dam.thumbnail.cropped.750.422-4.jpeg","datePublished":"2026-02-18T07:30:32+00:00","author":{"@id":"https:\/\/exaudi.org\/#\/schema\/person\/7bbb76287fda2b4f0ee1ef8eaf16876e"},"breadcrumb":{"@id":"https:\/\/exaudi.org\/ash-wednesday-the-beginning-of-a-time-of-spiritual-renewal\/#breadcrumb"},"inLanguage":"es","potentialAction":[{"@type":"ReadAction","target":["https:\/\/exaudi.org\/ash-wednesday-the-beginning-of-a-time-of-spiritual-renewal\/"]}]},{"@type":"ImageObject","inLanguage":"es","@id":"https:\/\/exaudi.org\/ash-wednesday-the-beginning-of-a-time-of-spiritual-renewal\/#primaryimage","url":"https:\/\/exaudi.org\/wp-content\/uploads\/2025\/03\/cq5dam.thumbnail.cropped.750.422-4.jpeg","contentUrl":"https:\/\/exaudi.org\/wp-content\/uploads\/2025\/03\/cq5dam.thumbnail.cropped.750.422-4.jpeg","width":750,"height":421},{"@type":"BreadcrumbList","@id":"https:\/\/exaudi.org\/ash-wednesday-the-beginning-of-a-time-of-spiritual-renewal\/#breadcrumb","itemListElement":[{"@type":"ListItem","position":1,"name":"Portada","item":"https:\/\/exaudi.org\/es\/"},{"@type":"ListItem","position":2,"name":"Mi\u00e9rcoles de Ceniza: El Comienzo de un Tiempo de Renovaci\u00f3n Espiritual"}]},{"@type":"WebSite","@id":"https:\/\/exaudi.org\/#website","url":"https:\/\/exaudi.org\/","name":"Exaudi","description":"News","potentialAction":[{"@type":"SearchAction","target":{"@type":"EntryPoint","urlTemplate":"https:\/\/exaudi.org\/?s={search_term_string}"},"query-input":{"@type":"PropertyValueSpecification","valueRequired":true,"valueName":"search_term_string"}}],"inLanguage":"es"},{"@type":"Person","@id":"https:\/\/exaudi.org\/#\/schema\/person\/7bbb76287fda2b4f0ee1ef8eaf16876e","name":"P Angel Espinosa de los Monteros","image":{"@type":"ImageObject","inLanguage":"es","@id":"https:\/\/secure.gravatar.com\/avatar\/effca3f571ae6f2f0e49f4978ed61eb7db325b2e3b3cfc4528dcd50d2ed847be?s=96&d=mm&r=g","url":"https:\/\/secure.gravatar.com\/avatar\/effca3f571ae6f2f0e49f4978ed61eb7db325b2e3b3cfc4528dcd50d2ed847be?s=96&d=mm&r=g","contentUrl":"https:\/\/secure.gravatar.com\/avatar\/effca3f571ae6f2f0e49f4978ed61eb7db325b2e3b3cfc4528dcd50d2ed847be?s=96&d=mm&r=g","caption":"P Angel Espinosa de los Monteros"},"description":"El Padre \u00c1ngel Espinosa de los Monteros ha impartido m\u00e1s de 4,000 conferencias sobre matrimonio, valores familiares y espiritualidad en diferentes ciudades de M\u00e9xico, Estados Unidos, Francia, Italia, Espa\u00f1a y Sudam\u00e9rica. Ha atendido a cientos de matrimonios ofreciendo consejos y programas de crecimiento conyugal y familiar. Es autor del libro \u00abEl anillo es para siempre\u00bb, traducido a diferentes lenguas y a partir de las cuales ha dictado m\u00e1s de 20 t\u00edtulos de conferencias. Actualmente se dedica de tiempo completo a impartir conferencias y renovaciones matrimoniales en 20 pa\u00edses del mundo.","sameAs":["https:\/\/padreangelespinosadelosmonteros.lookmydc.com\/","https:\/\/www.facebook.com\/padreangelespinosadelosmonteros","https:\/\/www.instagram.com\/padreangel.espinosa\/","https:\/\/www.youtube.com\/channel\/UCL38v1PSZX6VWoC6lXmTRbA"],"url":"https:\/\/exaudi.org\/es\/author\/padre-angel-espinosa-de-los-monteros\/"}]}},"jetpack_featured_media_url":"https:\/\/exaudi.org\/wp-content\/uploads\/2025\/03\/cq5dam.thumbnail.cropped.750.422-4.jpeg","jetpack_shortlink":"https:\/\/wp.me\/pgKjF2-vmi","_links":{"self":[{"href":"https:\/\/exaudi.org\/es\/wp-json\/wp\/v2\/posts\/120546","targetHints":{"allow":["GET"]}}],"collection":[{"href":"https:\/\/exaudi.org\/es\/wp-json\/wp\/v2\/posts"}],"about":[{"href":"https:\/\/exaudi.org\/es\/wp-json\/wp\/v2\/types\/post"}],"author":[{"embeddable":true,"href":"https:\/\/exaudi.org\/es\/wp-json\/wp\/v2\/users\/147"}],"replies":[{"embeddable":true,"href":"https:\/\/exaudi.org\/es\/wp-json\/wp\/v2\/comments?post=120546"}],"version-history":[{"count":1,"href":"https:\/\/exaudi.org\/es\/wp-json\/wp\/v2\/posts\/120546\/revisions"}],"predecessor-version":[{"id":158014,"href":"https:\/\/exaudi.org\/es\/wp-json\/wp\/v2\/posts\/120546\/revisions\/158014"}],"wp:featuredmedia":[{"embeddable":true,"href":"https:\/\/exaudi.org\/es\/wp-json\/wp\/v2\/media\/120547"}],"wp:attachment":[{"href":"https:\/\/exaudi.org\/es\/wp-json\/wp\/v2\/media?parent=120546"}],"wp:term":[{"taxonomy":"category","embeddable":true,"href":"https:\/\/exaudi.org\/es\/wp-json\/wp\/v2\/categories?post=120546"},{"taxonomy":"post_tag","embeddable":true,"href":"https:\/\/exaudi.org\/es\/wp-json\/wp\/v2\/tags?post=120546"}],"curies":[{"name":"wp","href":"https:\/\/api.w.org\/{rel}","templated":true}]}}