{"id":120338,"date":"2026-02-17T08:30:29","date_gmt":"2026-02-17T07:30:29","guid":{"rendered":"https:\/\/exaudi.org\/?p=120338"},"modified":"2026-02-16T10:09:23","modified_gmt":"2026-02-16T09:09:23","slug":"cuaresma-un-camino-de-conversion-hacia-la-pascua","status":"publish","type":"post","link":"https:\/\/exaudi.org\/es\/cuaresma-un-camino-de-conversion-hacia-la-pascua\/","title":{"rendered":"Cuaresma: Un camino de conversi\u00f3n hacia la Pascua"},"content":{"rendered":"<p data-start=\"0\" data-end=\"324\">La Cuaresma es un per\u00edodo lit\u00fargico de 40 d\u00edas que la Iglesia Cat\u00f3lica dedica a la preparaci\u00f3n espiritual para la celebraci\u00f3n de la Pascua, la festividad m\u00e1s importante del cristianismo. Este tiempo se caracteriza por la reflexi\u00f3n, la penitencia y la conversi\u00f3n, invitando a los fieles a renovar su fe y compromiso con Dios.<\/p>\n<p><iframe title=\"Spotify Embed: Cuaresma: Un camino de conversi\u00f3n hacia la Pascua\" style=\"border-radius: 12px\" width=\"100%\" height=\"152\" frameborder=\"0\" allowfullscreen allow=\"autoplay; clipboard-write; encrypted-media; fullscreen; picture-in-picture\" loading=\"lazy\" src=\"https:\/\/open.spotify.com\/embed\/episode\/770mVuO5qecEQkpjI7A6H8?si=e2db8b05c0374d69&amp;utm_source=oembed\"><\/iframe><\/p>\n<h3 data-start=\"326\" data-end=\"365\"><strong data-start=\"326\" data-end=\"365\">Significado y origen de la Cuaresma<\/strong><\/h3>\n<p data-start=\"367\" data-end=\"870\">La palabra \u00abCuaresma\u00bb proviene del lat\u00edn <em data-start=\"408\" data-end=\"422\">quadragesima<\/em>, que significa \u00abcuarenta\u00bb. Este n\u00famero tiene un profundo simbolismo en la Biblia, recordando los 40 d\u00edas que Jes\u00fas pas\u00f3 en el desierto en ayuno y oraci\u00f3n antes de iniciar su vida p\u00fablica. Asimismo, evoca los 40 a\u00f1os que el pueblo de Israel peregrin\u00f3 por el desierto en busca de la Tierra Prometida. La Cuaresma comienza el Mi\u00e9rcoles de Ceniza y concluye el Jueves Santo, antes de la Misa de la Cena del Se\u00f1or.<\/p>\n<h3 data-start=\"872\" data-end=\"921\"><strong data-start=\"872\" data-end=\"921\">El Mi\u00e9rcoles de Ceniza: inicio de la Cuaresma<\/strong><\/h3>\n<p data-start=\"923\" data-end=\"1475\">El Mi\u00e9rcoles de Ceniza marca el inicio de la Cuaresma. En este d\u00eda, los fieles reciben la imposici\u00f3n de ceniza en la frente como signo de humildad y reconocimiento de la propia fragilidad humana. Las cenizas utilizadas provienen de la quema de los ramos bendecidos el Domingo de Ramos del a\u00f1o anterior. Al imponer la ceniza, el sacerdote pronuncia las palabras: \u00abAcu\u00e9rdate que eres polvo y en polvo te convertir\u00e1s\u00bb o \u00abConvi\u00e9rtete y cree en el Evangelio\u00bb, recordando la llamada a la conversi\u00f3n y al arrepentimiento.<\/p>\n<h3 data-start=\"1477\" data-end=\"1528\"><strong data-start=\"1477\" data-end=\"1528\">Pr\u00e1cticas cuaresmales: oraci\u00f3n, ayuno y limosna<\/strong><\/h3>\n<p data-start=\"1530\" data-end=\"1638\">Durante la Cuaresma, la Iglesia propone tres pr\u00e1cticas fundamentales para vivir este tiempo de manera plena:<\/p>\n<ul data-start=\"1640\" data-end=\"2349\">\n<li data-start=\"1640\" data-end=\"1794\">\n<p data-start=\"1642\" data-end=\"1794\"><strong data-start=\"1642\" data-end=\"1653\">Oraci\u00f3n<\/strong>: Fortalecer la relaci\u00f3n con Dios a trav\u00e9s de momentos de recogimiento, participaci\u00f3n en la Eucarist\u00eda y otras devociones como el V\u00eda Crucis.<\/p>\n<\/li>\n<li data-start=\"1796\" data-end=\"2128\">\n<p data-start=\"1798\" data-end=\"2128\"><strong data-start=\"1798\" data-end=\"1807\">Ayuno<\/strong>: Renunciar voluntariamente a ciertos alimentos o h\u00e1bitos como acto de penitencia y dominio propio. El ayuno es obligatorio el Mi\u00e9rcoles de Ceniza y el Viernes Santo para los fieles entre 18 y 59 a\u00f1os, permitiendo una comida fuerte al d\u00eda y dos m\u00e1s ligeras que no sumen una completa.<\/p>\n<\/li>\n<li data-start=\"2130\" data-end=\"2349\">\n<p data-start=\"2132\" data-end=\"2349\"><strong data-start=\"2132\" data-end=\"2147\">Abstinencia<\/strong>: Evitar el consumo de carne los viernes de Cuaresma como signo de sacrificio y solidaridad con los m\u00e1s necesitados. Esta pr\u00e1ctica es obligatoria desde los 14 a\u00f1os.<\/p>\n<\/li>\n<\/ul>\n<h3 data-start=\"2351\" data-end=\"2381\"><strong data-start=\"2351\" data-end=\"2381\">C\u00f3mo vivir la Cuaresma hoy<\/strong><\/h3>\n<p data-start=\"2383\" data-end=\"2441\">Para vivir la Cuaresma de manera aut\u00e9ntica, se recomienda:<\/p>\n<ul data-start=\"2443\" data-end=\"2877\">\n<li data-start=\"2443\" data-end=\"2587\">\n<p data-start=\"2445\" data-end=\"2587\"><strong data-start=\"2445\" data-end=\"2467\">Oraci\u00f3n y reflexi\u00f3n personal<\/strong>: Examinar la propia vida, reconocer las \u00e1reas que necesitan cambio y buscar la reconciliaci\u00f3n con Dios y con los dem\u00e1s.<\/p>\n<\/li>\n<li data-start=\"2589\" data-end=\"2737\">\n<p data-start=\"2591\" data-end=\"2737\"><strong data-start=\"2591\" data-end=\"2620\">Participaci\u00f3n comunitaria<\/strong>: Integrarse en las actividades parroquiales, como retiros espirituales, confesiones comunitarias y obras de caridad.<\/p>\n<\/li>\n<li data-start=\"2739\" data-end=\"2877\">\n<p data-start=\"2741\" data-end=\"2877\"><strong data-start=\"2741\" data-end=\"2762\">Compromiso social<\/strong>: Practicar la solidaridad a trav\u00e9s de la limosna, apoyando a los m\u00e1s vulnerables y promoviendo la justicia social.<\/p>\n<\/li>\n<\/ul>\n<p data-start=\"2879\" data-end=\"3048\">La Cuaresma es una oportunidad anual para renovar la fe, fortalecer el esp\u00edritu y prepararse profundamente para la celebraci\u00f3n de la Resurrecci\u00f3n de Cristo en la Pascua.<\/p>\n<p data-start=\"2879\" data-end=\"3048\"><img loading=\"lazy\" decoding=\"async\" class=\"size-full wp-image-158009 alignnone\" src=\"https:\/\/exaudi.org\/wp-content\/uploads\/2026\/02\/488624697_1080684057430950_6522702253316357163_n.jpg\" alt=\"\" width=\"940\" height=\"788\" srcset=\"https:\/\/exaudi.org\/wp-content\/uploads\/2026\/02\/488624697_1080684057430950_6522702253316357163_n.jpg 940w, https:\/\/exaudi.org\/wp-content\/uploads\/2026\/02\/488624697_1080684057430950_6522702253316357163_n-300x251.jpg 300w, https:\/\/exaudi.org\/wp-content\/uploads\/2026\/02\/488624697_1080684057430950_6522702253316357163_n-770x645.jpg 770w, https:\/\/exaudi.org\/wp-content\/uploads\/2026\/02\/488624697_1080684057430950_6522702253316357163_n-500x419.jpg 500w\" sizes=\"auto, (max-width: 940px) 100vw, 940px\" \/><\/p>\n","protected":false},"excerpt":{"rendered":"<p>Descubre el significado de la Cuaresma, c\u00f3mo vivirla y la importancia del Mi\u00e9rcoles de Ceniza en este tiempo de preparaci\u00f3n espiritual<\/p>\n","protected":false},"author":15,"featured_media":120340,"comment_status":"closed","ping_status":"closed","sticky":false,"template":"","format":"standard","meta":{"_acf_changed":false,"_crdt_document":"","inline_featured_image":false,"footnotes":""},"categories":[],"tags":[13165,29996,3869,3900,175,95220,2002,3164,449,449,449,449,449,449,449,449,449,12952,6038,676,1400,47991,3589,3589,17571,12955,244,34811,439],"class_list":{"0":"post-120338","1":"post","2":"type-post","3":"status-publish","4":"format-standard","5":"has-post-thumbnail","6":"hentry","7":"tag-abstinencia","8":"tag-amor-a-dios","9":"tag-ayuno","10":"tag-conversion","11":"tag-cuaresma","12":"tag-cuaresma-2026","13":"tag-eucaristia-es","14":"tag-fe-es","15":"tag-iglesia-catolica","24":"tag-limosna","25":"tag-miercoles-de-ceniza","26":"tag-oracion","27":"tag-pascua","28":"tag-preparacion-para-la-pascua","29":"tag-reconciliacion","31":"tag-reflexion-espiritual","32":"tag-sacrificio-2","33":"tag-semana-santa","34":"tag-tiempo-liturgico","35":"tag-via-crucis"},"acf":[],"yoast_head":"<!-- This site is optimized with the Yoast SEO plugin v27.5 - https:\/\/yoast.com\/product\/yoast-seo-wordpress\/ -->\n<title>Cuaresma: Un camino de conversi\u00f3n hacia la Pascua &#8211; Exaudi<\/title>\n<meta name=\"robots\" content=\"index, follow, max-snippet:-1, max-image-preview:large, max-video-preview:-1\" \/>\n<link rel=\"canonical\" href=\"https:\/\/exaudi.org\/es\/lent-a-path-of-conversion-towards-easter\/\" \/>\n<meta property=\"og:locale\" content=\"es_ES\" \/>\n<meta property=\"og:type\" content=\"article\" \/>\n<meta property=\"og:title\" content=\"Cuaresma: Un camino de conversi\u00f3n hacia la Pascua &#8211; Exaudi\" \/>\n<meta property=\"og:description\" content=\"Descubre el significado de la Cuaresma, c\u00f3mo vivirla y la importancia del Mi\u00e9rcoles de Ceniza en este tiempo de preparaci\u00f3n espiritual\" \/>\n<meta property=\"og:url\" content=\"https:\/\/exaudi.org\/lent-a-path-of-conversion-towards-easter\/\" \/>\n<meta property=\"og:site_name\" content=\"Exaudi\" \/>\n<meta property=\"article:publisher\" content=\"https:\/\/www.facebook.com\/ExaudiNews\" \/>\n<meta property=\"article:author\" content=\"https:\/\/www.facebook.com\/ExaudiNoticias\/\" \/>\n<meta property=\"article:published_time\" content=\"2026-02-17T07:30:29+00:00\" \/>\n<meta property=\"og:image\" content=\"https:\/\/exaudi.org\/wp-content\/uploads\/2025\/03\/ahna-ziegler-m7U6Zk-wU4M-unsplash-1-1-compressed-scaled.jpg\" \/>\n\t<meta property=\"og:image:width\" content=\"2560\" \/>\n\t<meta property=\"og:image:height\" content=\"1707\" \/>\n\t<meta property=\"og:image:type\" content=\"image\/jpeg\" \/>\n<meta name=\"author\" content=\"Exaudi Redacci\u00f3n\" \/>\n<meta name=\"twitter:card\" content=\"summary_large_image\" \/>\n<meta name=\"twitter:creator\" content=\"@Exaudi_noticias\" \/>\n<meta name=\"twitter:site\" content=\"@Exaudi_News\" \/>\n<meta name=\"twitter:label1\" content=\"Escrito por\" \/>\n\t<meta name=\"twitter:data1\" content=\"Exaudi Redacci\u00f3n\" \/>\n\t<meta name=\"twitter:label2\" content=\"Tiempo de lectura\" \/>\n\t<meta name=\"twitter:data2\" content=\"3 minutos\" \/>\n<script type=\"application\/ld+json\" class=\"yoast-schema-graph\">{\"@context\":\"https:\\\/\\\/schema.org\",\"@graph\":[{\"@type\":\"Article\",\"@id\":\"https:\\\/\\\/exaudi.org\\\/lent-a-path-of-conversion-towards-easter\\\/#article\",\"isPartOf\":{\"@id\":\"https:\\\/\\\/exaudi.org\\\/lent-a-path-of-conversion-towards-easter\\\/\"},\"author\":{\"name\":\"Exaudi Redacci\u00f3n\",\"@id\":\"https:\\\/\\\/exaudi.org\\\/#\\\/schema\\\/person\\\/f5fc8f063065e38742da7afe15f25df7\"},\"headline\":\"Cuaresma: Un camino de conversi\u00f3n hacia la Pascua\",\"datePublished\":\"2026-02-17T07:30:29+00:00\",\"mainEntityOfPage\":{\"@id\":\"https:\\\/\\\/exaudi.org\\\/lent-a-path-of-conversion-towards-easter\\\/\"},\"wordCount\":532,\"image\":{\"@id\":\"https:\\\/\\\/exaudi.org\\\/lent-a-path-of-conversion-towards-easter\\\/#primaryimage\"},\"thumbnailUrl\":\"https:\\\/\\\/exaudi.org\\\/wp-content\\\/uploads\\\/2025\\\/03\\\/ahna-ziegler-m7U6Zk-wU4M-unsplash-1-1-compressed-scaled.jpg\",\"keywords\":[\"abstinencia\",\"amor a Dios\",\"Ayuno\",\"Conversi\u00f3n\",\"cuaresma\",\"Cuaresma 2026\",\"Eucaristia\",\"fe\",\"Iglesia cat\u00f3lica\",\"Iglesia cat\u00f3lica\",\"Iglesia cat\u00f3lica\",\"Iglesia cat\u00f3lica\",\"Iglesia cat\u00f3lica\",\"Iglesia cat\u00f3lica\",\"Iglesia cat\u00f3lica\",\"Iglesia cat\u00f3lica\",\"Iglesia cat\u00f3lica\",\"limosna\",\"Mi\u00e9rcoles de Ceniza\",\"Oraci\u00f3n\",\"Pascua\",\"preparaci\u00f3n para la Pascua\",\"Reconciliaci\u00f3n\",\"Reconciliaci\u00f3n\",\"Reflexi\u00f3n espiritual\",\"sacrificio\",\"semana santa\",\"tiempo lit\u00fargico\",\"Via Crucis\"],\"inLanguage\":\"es\"},{\"@type\":\"WebPage\",\"@id\":\"https:\\\/\\\/exaudi.org\\\/lent-a-path-of-conversion-towards-easter\\\/\",\"url\":\"https:\\\/\\\/exaudi.org\\\/lent-a-path-of-conversion-towards-easter\\\/\",\"name\":\"Cuaresma: Un camino de conversi\u00f3n hacia la Pascua &#8211; Exaudi\",\"isPartOf\":{\"@id\":\"https:\\\/\\\/exaudi.org\\\/#website\"},\"primaryImageOfPage\":{\"@id\":\"https:\\\/\\\/exaudi.org\\\/lent-a-path-of-conversion-towards-easter\\\/#primaryimage\"},\"image\":{\"@id\":\"https:\\\/\\\/exaudi.org\\\/lent-a-path-of-conversion-towards-easter\\\/#primaryimage\"},\"thumbnailUrl\":\"https:\\\/\\\/exaudi.org\\\/wp-content\\\/uploads\\\/2025\\\/03\\\/ahna-ziegler-m7U6Zk-wU4M-unsplash-1-1-compressed-scaled.jpg\",\"datePublished\":\"2026-02-17T07:30:29+00:00\",\"author\":{\"@id\":\"https:\\\/\\\/exaudi.org\\\/#\\\/schema\\\/person\\\/f5fc8f063065e38742da7afe15f25df7\"},\"breadcrumb\":{\"@id\":\"https:\\\/\\\/exaudi.org\\\/lent-a-path-of-conversion-towards-easter\\\/#breadcrumb\"},\"inLanguage\":\"es\",\"potentialAction\":[{\"@type\":\"ReadAction\",\"target\":[\"https:\\\/\\\/exaudi.org\\\/lent-a-path-of-conversion-towards-easter\\\/\"]}]},{\"@type\":\"ImageObject\",\"inLanguage\":\"es\",\"@id\":\"https:\\\/\\\/exaudi.org\\\/lent-a-path-of-conversion-towards-easter\\\/#primaryimage\",\"url\":\"https:\\\/\\\/exaudi.org\\\/wp-content\\\/uploads\\\/2025\\\/03\\\/ahna-ziegler-m7U6Zk-wU4M-unsplash-1-1-compressed-scaled.jpg\",\"contentUrl\":\"https:\\\/\\\/exaudi.org\\\/wp-content\\\/uploads\\\/2025\\\/03\\\/ahna-ziegler-m7U6Zk-wU4M-unsplash-1-1-compressed-scaled.jpg\",\"width\":2560,\"height\":1707,\"caption\":\"Ahna Ziegler en Unsplash\"},{\"@type\":\"BreadcrumbList\",\"@id\":\"https:\\\/\\\/exaudi.org\\\/lent-a-path-of-conversion-towards-easter\\\/#breadcrumb\",\"itemListElement\":[{\"@type\":\"ListItem\",\"position\":1,\"name\":\"Portada\",\"item\":\"https:\\\/\\\/exaudi.org\\\/es\\\/\"},{\"@type\":\"ListItem\",\"position\":2,\"name\":\"Cuaresma: Un camino de conversi\u00f3n hacia la Pascua\"}]},{\"@type\":\"WebSite\",\"@id\":\"https:\\\/\\\/exaudi.org\\\/#website\",\"url\":\"https:\\\/\\\/exaudi.org\\\/\",\"name\":\"Exaudi\",\"description\":\"News\",\"potentialAction\":[{\"@type\":\"SearchAction\",\"target\":{\"@type\":\"EntryPoint\",\"urlTemplate\":\"https:\\\/\\\/exaudi.org\\\/?s={search_term_string}\"},\"query-input\":{\"@type\":\"PropertyValueSpecification\",\"valueRequired\":true,\"valueName\":\"search_term_string\"}}],\"inLanguage\":\"es\"},{\"@type\":\"Person\",\"@id\":\"https:\\\/\\\/exaudi.org\\\/#\\\/schema\\\/person\\\/f5fc8f063065e38742da7afe15f25df7\",\"name\":\"Exaudi Redacci\u00f3n\",\"image\":{\"@type\":\"ImageObject\",\"inLanguage\":\"es\",\"@id\":\"https:\\\/\\\/secure.gravatar.com\\\/avatar\\\/fe0f6a059fb68d9b3e11bc5850dd4899b1c7492091a3cb6dd9b01b56ad828be2?s=96&d=mm&r=g\",\"url\":\"https:\\\/\\\/secure.gravatar.com\\\/avatar\\\/fe0f6a059fb68d9b3e11bc5850dd4899b1c7492091a3cb6dd9b01b56ad828be2?s=96&d=mm&r=g\",\"contentUrl\":\"https:\\\/\\\/secure.gravatar.com\\\/avatar\\\/fe0f6a059fb68d9b3e11bc5850dd4899b1c7492091a3cb6dd9b01b56ad828be2?s=96&d=mm&r=g\",\"caption\":\"Exaudi Redacci\u00f3n\"},\"description\":\"\u00bfQu\u00e9 es Exaudi News? Exaudi News es un medio de comunicaci\u00f3n cat\u00f3lico internacional que informa, forma y transforma, diariamente en espa\u00f1ol, ingl\u00e9s e italiano. A trav\u00e9s de noticias, art\u00edculos de an\u00e1lisis y transmisiones en directo de los eventos del Papa, Exaudi busca fortalecer la unidad de los cristianos y contribuir a la evangelizaci\u00f3n del mundo, siempre guiados por la doctrina social de la Iglesia. Trabajamos para acercar la verdad y los valores cristianos a cada rinc\u00f3n del planeta. \u00a1Ay\u00fadanos a transformar el mundo con Exaudi! En Exaudi creemos que la evangelizaci\u00f3n y la informaci\u00f3n de calidad pueden cambiar vidas. Para continuar con nuestra misi\u00f3n y expandir nuestro alcance, necesitamos tu ayuda. Adem\u00e1s, buscamos personas comprometidas que deseen unirse a nuestro equipo. Con tu apoyo, lograremos llegar a m\u00e1s personas, difundir el mensaje de Cristo y reforzar la unidad de los cristianos. \u00bfTe unes a nuestra misi\u00f3n? Para m\u00e1s informaci\u00f3n sobre c\u00f3mo colaborar, visita Exaudi.org\\\/es o cont\u00e1ctanos directamente: info@exaudi.org Exaudi: Informa, forma y transforma.\",\"sameAs\":[\"https:\\\/\\\/www.facebook.com\\\/ExaudiNoticias\\\/\",\"https:\\\/\\\/www.instagram.com\\\/exaudi_noticias\\\/\",\"https:\\\/\\\/x.com\\\/Exaudi_noticias\",\"https:\\\/\\\/www.youtube.com\\\/@exaudicatholicnews\"],\"url\":\"https:\\\/\\\/exaudi.org\\\/es\\\/author\\\/redaccionexaudi\\\/\"}]}<\/script>\n<!-- \/ Yoast SEO plugin. -->","yoast_head_json":{"title":"Cuaresma: Un camino de conversi\u00f3n hacia la Pascua &#8211; Exaudi","robots":{"index":"index","follow":"follow","max-snippet":"max-snippet:-1","max-image-preview":"max-image-preview:large","max-video-preview":"max-video-preview:-1"},"canonical":"https:\/\/exaudi.org\/es\/lent-a-path-of-conversion-towards-easter\/","og_locale":"es_ES","og_type":"article","og_title":"Cuaresma: Un camino de conversi\u00f3n hacia la Pascua &#8211; Exaudi","og_description":"Descubre el significado de la Cuaresma, c\u00f3mo vivirla y la importancia del Mi\u00e9rcoles de Ceniza en este tiempo de preparaci\u00f3n espiritual","og_url":"https:\/\/exaudi.org\/lent-a-path-of-conversion-towards-easter\/","og_site_name":"Exaudi","article_publisher":"https:\/\/www.facebook.com\/ExaudiNews","article_author":"https:\/\/www.facebook.com\/ExaudiNoticias\/","article_published_time":"2026-02-17T07:30:29+00:00","og_image":[{"width":2560,"height":1707,"url":"https:\/\/exaudi.org\/wp-content\/uploads\/2025\/03\/ahna-ziegler-m7U6Zk-wU4M-unsplash-1-1-compressed-scaled.jpg","type":"image\/jpeg"}],"author":"Exaudi Redacci\u00f3n","twitter_card":"summary_large_image","twitter_creator":"@Exaudi_noticias","twitter_site":"@Exaudi_News","twitter_misc":{"Escrito por":"Exaudi Redacci\u00f3n","Tiempo de lectura":"3 minutos"},"schema":{"@context":"https:\/\/schema.org","@graph":[{"@type":"Article","@id":"https:\/\/exaudi.org\/lent-a-path-of-conversion-towards-easter\/#article","isPartOf":{"@id":"https:\/\/exaudi.org\/lent-a-path-of-conversion-towards-easter\/"},"author":{"name":"Exaudi Redacci\u00f3n","@id":"https:\/\/exaudi.org\/#\/schema\/person\/f5fc8f063065e38742da7afe15f25df7"},"headline":"Cuaresma: Un camino de conversi\u00f3n hacia la Pascua","datePublished":"2026-02-17T07:30:29+00:00","mainEntityOfPage":{"@id":"https:\/\/exaudi.org\/lent-a-path-of-conversion-towards-easter\/"},"wordCount":532,"image":{"@id":"https:\/\/exaudi.org\/lent-a-path-of-conversion-towards-easter\/#primaryimage"},"thumbnailUrl":"https:\/\/exaudi.org\/wp-content\/uploads\/2025\/03\/ahna-ziegler-m7U6Zk-wU4M-unsplash-1-1-compressed-scaled.jpg","keywords":["abstinencia","amor a Dios","Ayuno","Conversi\u00f3n","cuaresma","Cuaresma 2026","Eucaristia","fe","Iglesia cat\u00f3lica","Iglesia cat\u00f3lica","Iglesia cat\u00f3lica","Iglesia cat\u00f3lica","Iglesia cat\u00f3lica","Iglesia cat\u00f3lica","Iglesia cat\u00f3lica","Iglesia cat\u00f3lica","Iglesia cat\u00f3lica","limosna","Mi\u00e9rcoles de Ceniza","Oraci\u00f3n","Pascua","preparaci\u00f3n para la Pascua","Reconciliaci\u00f3n","Reconciliaci\u00f3n","Reflexi\u00f3n espiritual","sacrificio","semana santa","tiempo lit\u00fargico","Via Crucis"],"inLanguage":"es"},{"@type":"WebPage","@id":"https:\/\/exaudi.org\/lent-a-path-of-conversion-towards-easter\/","url":"https:\/\/exaudi.org\/lent-a-path-of-conversion-towards-easter\/","name":"Cuaresma: Un camino de conversi\u00f3n hacia la Pascua &#8211; Exaudi","isPartOf":{"@id":"https:\/\/exaudi.org\/#website"},"primaryImageOfPage":{"@id":"https:\/\/exaudi.org\/lent-a-path-of-conversion-towards-easter\/#primaryimage"},"image":{"@id":"https:\/\/exaudi.org\/lent-a-path-of-conversion-towards-easter\/#primaryimage"},"thumbnailUrl":"https:\/\/exaudi.org\/wp-content\/uploads\/2025\/03\/ahna-ziegler-m7U6Zk-wU4M-unsplash-1-1-compressed-scaled.jpg","datePublished":"2026-02-17T07:30:29+00:00","author":{"@id":"https:\/\/exaudi.org\/#\/schema\/person\/f5fc8f063065e38742da7afe15f25df7"},"breadcrumb":{"@id":"https:\/\/exaudi.org\/lent-a-path-of-conversion-towards-easter\/#breadcrumb"},"inLanguage":"es","potentialAction":[{"@type":"ReadAction","target":["https:\/\/exaudi.org\/lent-a-path-of-conversion-towards-easter\/"]}]},{"@type":"ImageObject","inLanguage":"es","@id":"https:\/\/exaudi.org\/lent-a-path-of-conversion-towards-easter\/#primaryimage","url":"https:\/\/exaudi.org\/wp-content\/uploads\/2025\/03\/ahna-ziegler-m7U6Zk-wU4M-unsplash-1-1-compressed-scaled.jpg","contentUrl":"https:\/\/exaudi.org\/wp-content\/uploads\/2025\/03\/ahna-ziegler-m7U6Zk-wU4M-unsplash-1-1-compressed-scaled.jpg","width":2560,"height":1707,"caption":"Ahna Ziegler en Unsplash"},{"@type":"BreadcrumbList","@id":"https:\/\/exaudi.org\/lent-a-path-of-conversion-towards-easter\/#breadcrumb","itemListElement":[{"@type":"ListItem","position":1,"name":"Portada","item":"https:\/\/exaudi.org\/es\/"},{"@type":"ListItem","position":2,"name":"Cuaresma: Un camino de conversi\u00f3n hacia la Pascua"}]},{"@type":"WebSite","@id":"https:\/\/exaudi.org\/#website","url":"https:\/\/exaudi.org\/","name":"Exaudi","description":"News","potentialAction":[{"@type":"SearchAction","target":{"@type":"EntryPoint","urlTemplate":"https:\/\/exaudi.org\/?s={search_term_string}"},"query-input":{"@type":"PropertyValueSpecification","valueRequired":true,"valueName":"search_term_string"}}],"inLanguage":"es"},{"@type":"Person","@id":"https:\/\/exaudi.org\/#\/schema\/person\/f5fc8f063065e38742da7afe15f25df7","name":"Exaudi Redacci\u00f3n","image":{"@type":"ImageObject","inLanguage":"es","@id":"https:\/\/secure.gravatar.com\/avatar\/fe0f6a059fb68d9b3e11bc5850dd4899b1c7492091a3cb6dd9b01b56ad828be2?s=96&d=mm&r=g","url":"https:\/\/secure.gravatar.com\/avatar\/fe0f6a059fb68d9b3e11bc5850dd4899b1c7492091a3cb6dd9b01b56ad828be2?s=96&d=mm&r=g","contentUrl":"https:\/\/secure.gravatar.com\/avatar\/fe0f6a059fb68d9b3e11bc5850dd4899b1c7492091a3cb6dd9b01b56ad828be2?s=96&d=mm&r=g","caption":"Exaudi Redacci\u00f3n"},"description":"\u00bfQu\u00e9 es Exaudi News? Exaudi News es un medio de comunicaci\u00f3n cat\u00f3lico internacional que informa, forma y transforma, diariamente en espa\u00f1ol, ingl\u00e9s e italiano. A trav\u00e9s de noticias, art\u00edculos de an\u00e1lisis y transmisiones en directo de los eventos del Papa, Exaudi busca fortalecer la unidad de los cristianos y contribuir a la evangelizaci\u00f3n del mundo, siempre guiados por la doctrina social de la Iglesia. Trabajamos para acercar la verdad y los valores cristianos a cada rinc\u00f3n del planeta. \u00a1Ay\u00fadanos a transformar el mundo con Exaudi! En Exaudi creemos que la evangelizaci\u00f3n y la informaci\u00f3n de calidad pueden cambiar vidas. Para continuar con nuestra misi\u00f3n y expandir nuestro alcance, necesitamos tu ayuda. Adem\u00e1s, buscamos personas comprometidas que deseen unirse a nuestro equipo. Con tu apoyo, lograremos llegar a m\u00e1s personas, difundir el mensaje de Cristo y reforzar la unidad de los cristianos. \u00bfTe unes a nuestra misi\u00f3n? Para m\u00e1s informaci\u00f3n sobre c\u00f3mo colaborar, visita Exaudi.org\/es o cont\u00e1ctanos directamente: info@exaudi.org Exaudi: Informa, forma y transforma.","sameAs":["https:\/\/www.facebook.com\/ExaudiNoticias\/","https:\/\/www.instagram.com\/exaudi_noticias\/","https:\/\/x.com\/Exaudi_noticias","https:\/\/www.youtube.com\/@exaudicatholicnews"],"url":"https:\/\/exaudi.org\/es\/author\/redaccionexaudi\/"}]}},"jetpack_featured_media_url":"https:\/\/exaudi.org\/wp-content\/uploads\/2025\/03\/ahna-ziegler-m7U6Zk-wU4M-unsplash-1-1-compressed-scaled.jpg","jetpack_shortlink":"https:\/\/wp.me\/pgKjF2-viW","_links":{"self":[{"href":"https:\/\/exaudi.org\/es\/wp-json\/wp\/v2\/posts\/120338","targetHints":{"allow":["GET"]}}],"collection":[{"href":"https:\/\/exaudi.org\/es\/wp-json\/wp\/v2\/posts"}],"about":[{"href":"https:\/\/exaudi.org\/es\/wp-json\/wp\/v2\/types\/post"}],"author":[{"embeddable":true,"href":"https:\/\/exaudi.org\/es\/wp-json\/wp\/v2\/users\/15"}],"replies":[{"embeddable":true,"href":"https:\/\/exaudi.org\/es\/wp-json\/wp\/v2\/comments?post=120338"}],"version-history":[{"count":3,"href":"https:\/\/exaudi.org\/es\/wp-json\/wp\/v2\/posts\/120338\/revisions"}],"predecessor-version":[{"id":158012,"href":"https:\/\/exaudi.org\/es\/wp-json\/wp\/v2\/posts\/120338\/revisions\/158012"}],"wp:featuredmedia":[{"embeddable":true,"href":"https:\/\/exaudi.org\/es\/wp-json\/wp\/v2\/media\/120340"}],"wp:attachment":[{"href":"https:\/\/exaudi.org\/es\/wp-json\/wp\/v2\/media?parent=120338"}],"wp:term":[{"taxonomy":"category","embeddable":true,"href":"https:\/\/exaudi.org\/es\/wp-json\/wp\/v2\/categories?post=120338"},{"taxonomy":"post_tag","embeddable":true,"href":"https:\/\/exaudi.org\/es\/wp-json\/wp\/v2\/tags?post=120338"}],"curies":[{"name":"wp","href":"https:\/\/api.w.org\/{rel}","templated":true}]}}