{"id":120253,"date":"2025-03-03T09:00:06","date_gmt":"2025-03-03T08:00:06","guid":{"rendered":"https:\/\/exaudi.org\/?p=120253"},"modified":"2025-03-03T13:41:03","modified_gmt":"2025-03-03T12:41:03","slug":"la-paciencia-y-la-impaciencia","status":"publish","type":"post","link":"https:\/\/exaudi.org\/es\/la-paciencia-y-la-impaciencia\/","title":{"rendered":"La paciencia (y la impaciencia)"},"content":{"rendered":"<p>Dice San Agust\u00edn que \u201cla paciencia humana, la digna de ser alabada y de llamarse virtud, se hace patente en el buen \u00e1nimo con que toleramos los males, para no dejar con mal humor los bienes que nos facilitan conseguir las cosas mejores\u201d (<em>La paciencia.\u00a0<\/em>Nebl\u00ed, 2018, Kindle edition). Una definici\u00f3n sencilla y pac\u00edfica, justo lo contrario a lo que vemos y suele pasarnos en el d\u00eda a d\u00eda: un sem\u00e1foro con duraci\u00f3n que nos sabe a interminable, la cola que avanza lenta, muy lentamente, una respuesta importante que tarda en llegar, plazos que no se cumplen, problemas interminables e insolubles. Ante estos episodios, saltamos llenos de mal humor, haciendo mala sangre. Ni tolerancia, ni buen humor; si no, simplemente, impaciencia iracunda.<\/p>\n<p><iframe title=\"Spotify Embed: La paciencia (y la impaciencia)\" style=\"border-radius: 12px\" width=\"100%\" height=\"152\" frameborder=\"0\" allowfullscreen allow=\"autoplay; clipboard-write; encrypted-media; fullscreen; picture-in-picture\" loading=\"lazy\" src=\"https:\/\/open.spotify.com\/embed\/episode\/1VITzfsJR92VmDFpw4dT9G?si=a04ea9fb9e4f4258&#038;utm_source=oembed\"><\/iframe><\/p>\n<p>Paciencia para llevar con buen \u00e1nimo el bien que tarda en llegar. Resistir en el bien y saber esperar sin deteriorar el sistema nervioso, las u\u00f1as o el est\u00f3mago. Paciencia serena para no avinagrarnos la existencia ni la de quienes nos rodean. El reverso de este lado de la moneda es la figura del impaciente: se salta las filas, atropella lo que encuentre a su paso, reacciona rabiosa y desproporcionadamente ante los males que se le presentan.<\/p>\n<p>La paciencia, la bendita paciencia espera pac\u00edficamente y, tambi\u00e9n, pone los medios para conseguir el bien que aguarda sin pretender arrebatar los frutos antes de tiempo: prepara el terreno, siembra, cuida, espera. Tomarnos las cosas con calma no nos exime de calcular, prever, cuidar los flancos, dise\u00f1ar planes alternativos, etc. Ponemos todos los medios disponibles para conseguir el resultado, pero, sabemos, igualmente, que lo buscado est\u00e1 en el futuro cercano o lejano. No est\u00e1 todo en nuestra mano. El futuro no se deja encerrar en una jaula, en una ecuaci\u00f3n, en una receta. Esta realidad lo ha sabido recoger muy bien el refranero popular: \u201cel hombre propone y Dios dispone\u201d.<\/p>\n<p>Los males, las cruces llegan. Unos se van pronto, otros tardan en irse; otros, incluso, llegan para quedarse. Es tiempo de fortaleza para asumir, serenamente, estas cargas personales, familiares, sociales. En estos casos, no se trata s\u00f3lo de tener buen \u00e1nimo, es mucho m\u00e1s. Se trata de templar el alma para sobrellevar con garbo el peso de los males. No es disimulo, es grandeza de esp\u00edritu. Duele el cuerpo, duele el alma y, as\u00ed adoloridos, volteamos los ojos al amigo y elevamos nuestro clamor al cielo. El cristiano, adem\u00e1s, se sabe sostenido por la comuni\u00f3n de los santos.<\/p>\n<p>Contin\u00faa diciendo San Agust\u00edn que \u201cesta paciencia nos ense\u00f1\u00f3 el Se\u00f1or cuando, irritados los siervos por la mezcla de la ciza\u00f1a, queri\u00e9ndola arrancar, dio la contestaci\u00f3n el paterfamilias: dejad que ambas crezcan hasta la siega. <em>Conviene aguantar con paciencia lo que no se puede suprimir sin violencia<\/em>\u00a0[la cursiva es m\u00eda]. El mismo Jes\u00fas nos present\u00f3 y mostr\u00f3 el ejemplo de esa paciencia cuando, antes de su Pasi\u00f3n, toler\u00f3 los hurtos de su Judas, antes de declararle traidor; y antes de experimentar las cadenas, la cruz y la muerte, no neg\u00f3 el \u00f3sculo de paz a los labios falsos de su disc\u00edpulo (p. 68)\u201d.<\/p>\n<p>Trigo y ciza\u00f1a crecen en el campo. El Se\u00f1or dice que hemos de esperar a la siega. Esta par\u00e1bola nos muestra una realidad a la vista: el mal est\u00e1 ah\u00ed, pero no se extirpa a cualquier precio. Y la recomendaci\u00f3n de San Agust\u00edn la encuentro pertinente para estos tiempos:\u00a0<em>conviene aguantar con paciencia lo que no se puede suprimir sin violencia<\/em>. El impaciente, el intemperante, el prepotente quiere acabar con el mal\u00a0<em>ya<\/em>, aunque para este fin tenga que utilizar la violencia. Se atribuye el papel de mes\u00edas o salvador, un t\u00edtulo que no le corresponde a ninguno de los mortales, y todos somos mortales, aunque, a veces, lo olvidemos. En pol\u00edtica, impaciencia y violencia, es una combinaci\u00f3n perversa.<\/p>\n<p>La paciencia, en su manifestaci\u00f3n virtuosa, cu\u00e1nta concordia conseguir\u00eda en nuestro agitado entorno social. Pero -todo hay que decirlo-, \u201cpara la paciencia verdadera -anota agudamente San Agust\u00edn-, no basta la voluntad humana: ha de ser ayudada e inflamada desde lo alto, porque el Esp\u00edritu Santo es su fuego, y si no se enciende con \u00e9l, para amar el bien impasible, no puede aguantar el mal que padece (p. 79)\u201d. Buena voluntad, desde luego, y, asimismo, apertura a la gracia; de lo contrario, el mal humor, la ira se ense\u00f1orean en la convivencia humana.<\/p>\n<p><img loading=\"lazy\" decoding=\"async\" class=\"size-full wp-image-120267 alignnone\" src=\"https:\/\/exaudi.org\/wp-content\/uploads\/2025\/03\/VIDEO.jpg\" alt=\"\" width=\"940\" height=\"788\" srcset=\"https:\/\/exaudi.org\/wp-content\/uploads\/2025\/03\/VIDEO.jpg 940w, https:\/\/exaudi.org\/wp-content\/uploads\/2025\/03\/VIDEO-300x251.jpg 300w, https:\/\/exaudi.org\/wp-content\/uploads\/2025\/03\/VIDEO-770x645.jpg 770w, https:\/\/exaudi.org\/wp-content\/uploads\/2025\/03\/VIDEO-500x419.jpg 500w, https:\/\/exaudi.org\/wp-content\/uploads\/2025\/03\/VIDEO-293x246.jpg 293w, https:\/\/exaudi.org\/wp-content\/uploads\/2025\/03\/VIDEO-390x327.jpg 390w\" sizes=\"auto, (max-width: 940px) 100vw, 940px\" \/><\/p>\n","protected":false},"excerpt":{"rendered":"<p>Lecciones de San Agust\u00edn para el D\u00eda a D\u00eda<\/p>\n","protected":false},"author":109,"featured_media":120255,"comment_status":"closed","ping_status":"closed","sticky":false,"template":"","format":"standard","meta":{"_acf_changed":false,"_crdt_document":"","inline_featured_image":false,"footnotes":""},"categories":[130],"tags":[8551,4807,47956,47950,35206,47962,47953,1473,25829,7466,11789,448,11506,47959,7217,14532,8019,4310,47951,47958,13451,47961,5083,8021,47955,634,18832,47960,47954,3840,47952,18837,47957,23258,4953,725,10052],"class_list":["post-120253","post","type-post","status-publish","format-standard","has-post-thumbnail","hentry","category-voces","tag-alma","tag-bien","tag-buen-animo","tag-buen-humor","tag-cargas","tag-cizana","tag-cola","tag-comunion-de-los-santos","tag-concordia","tag-convivencia","tag-espiritu","tag-espiritu-santo","tag-existencia","tag-filas","tag-fortaleza","tag-francisco-bobadilla","tag-futuro","tag-gracia","tag-impaciencia","tag-impaciente","tag-mal-humor","tag-males","tag-paciencia","tag-parabola","tag-plazos","tag-politica","tag-problemas","tag-reacciones","tag-respuesta","tag-san-agustin","tag-semaforo","tag-serenidad","tag-sistema-nervioso","tag-tolerancia","tag-trending-es","tag-violencia","tag-virtud"],"acf":[],"yoast_head":"<!-- This site is optimized with the Yoast SEO plugin v27.4 - https:\/\/yoast.com\/product\/yoast-seo-wordpress\/ -->\n<title>La paciencia (y la impaciencia) &#8211; Exaudi<\/title>\n<meta name=\"robots\" content=\"index, follow, max-snippet:-1, max-image-preview:large, max-video-preview:-1\" \/>\n<link rel=\"canonical\" href=\"https:\/\/exaudi.org\/es\/la-paciencia-y-la-impaciencia\/\" \/>\n<meta property=\"og:locale\" content=\"es_ES\" \/>\n<meta property=\"og:type\" content=\"article\" \/>\n<meta property=\"og:title\" content=\"La paciencia (y la impaciencia) &#8211; Exaudi\" \/>\n<meta property=\"og:description\" content=\"Lecciones de San Agust\u00edn para el D\u00eda a D\u00eda\" \/>\n<meta property=\"og:url\" content=\"https:\/\/exaudi.org\/es\/la-paciencia-y-la-impaciencia\/\" \/>\n<meta property=\"og:site_name\" content=\"Exaudi\" \/>\n<meta property=\"article:publisher\" content=\"https:\/\/www.facebook.com\/ExaudiNews\" \/>\n<meta property=\"article:published_time\" content=\"2025-03-03T08:00:06+00:00\" \/>\n<meta property=\"article:modified_time\" content=\"2025-03-03T12:41:03+00:00\" \/>\n<meta property=\"og:image\" content=\"https:\/\/exaudi.org\/wp-content\/uploads\/2025\/03\/pexels-pixabay-247195-scaled.jpg\" \/>\n\t<meta property=\"og:image:width\" content=\"2560\" \/>\n\t<meta property=\"og:image:height\" content=\"1707\" \/>\n\t<meta property=\"og:image:type\" content=\"image\/jpeg\" \/>\n<meta name=\"author\" content=\"Francisco Bobadilla\" \/>\n<meta name=\"twitter:card\" content=\"summary_large_image\" \/>\n<meta name=\"twitter:creator\" content=\"@Exaudi_News\" \/>\n<meta name=\"twitter:site\" content=\"@Exaudi_News\" \/>\n<meta name=\"twitter:label1\" content=\"Escrito por\" \/>\n\t<meta name=\"twitter:data1\" content=\"Francisco Bobadilla\" \/>\n\t<meta name=\"twitter:label2\" content=\"Tiempo de lectura\" \/>\n\t<meta name=\"twitter:data2\" content=\"4 minutos\" \/>\n<script type=\"application\/ld+json\" class=\"yoast-schema-graph\">{\"@context\":\"https:\\\/\\\/schema.org\",\"@graph\":[{\"@type\":\"Article\",\"@id\":\"https:\\\/\\\/exaudi.org\\\/es\\\/la-paciencia-y-la-impaciencia\\\/#article\",\"isPartOf\":{\"@id\":\"https:\\\/\\\/exaudi.org\\\/es\\\/la-paciencia-y-la-impaciencia\\\/\"},\"author\":{\"name\":\"Francisco Bobadilla\",\"@id\":\"https:\\\/\\\/exaudi.org\\\/#\\\/schema\\\/person\\\/f2d4ad1e1e2bb7dad42a623b75b7166b\"},\"headline\":\"La paciencia (y la impaciencia)\",\"datePublished\":\"2025-03-03T08:00:06+00:00\",\"dateModified\":\"2025-03-03T12:41:03+00:00\",\"mainEntityOfPage\":{\"@id\":\"https:\\\/\\\/exaudi.org\\\/es\\\/la-paciencia-y-la-impaciencia\\\/\"},\"wordCount\":783,\"image\":{\"@id\":\"https:\\\/\\\/exaudi.org\\\/es\\\/la-paciencia-y-la-impaciencia\\\/#primaryimage\"},\"thumbnailUrl\":\"https:\\\/\\\/exaudi.org\\\/wp-content\\\/uploads\\\/2025\\\/03\\\/pexels-pixabay-247195-scaled.jpg\",\"keywords\":[\"Alma\",\"Bien\",\"buen \u00e1nimo\",\"Buen humor\",\"cargas\",\"ciza\u00f1a\",\"cola\",\"Comuni\u00f3n de los santos\",\"concordia\",\"convivencia\",\"Esp\u00edritu\",\"Esp\u00edritu Santo\",\"Existencia\",\"filas\",\"Fortaleza\",\"Francisco Bobadilla\",\"Futuro\",\"Gracia\",\"Impaciencia\",\"impaciente\",\"Mal Humor\",\"males\",\"Paciencia\",\"Par\u00e1bola\",\"plazos\",\"Pol\u00edtica\",\"problemas\",\"reacciones\",\"respuesta\",\"San Agust\u00edn\",\"sem\u00e1foro\",\"serenidad\",\"sistema nervioso\",\"tolerancia\",\"Trending\",\"violencia\",\"Virtud\"],\"articleSection\":[\"Voces\"],\"inLanguage\":\"es\"},{\"@type\":\"WebPage\",\"@id\":\"https:\\\/\\\/exaudi.org\\\/es\\\/la-paciencia-y-la-impaciencia\\\/\",\"url\":\"https:\\\/\\\/exaudi.org\\\/es\\\/la-paciencia-y-la-impaciencia\\\/\",\"name\":\"La paciencia (y la impaciencia) &#8211; Exaudi\",\"isPartOf\":{\"@id\":\"https:\\\/\\\/exaudi.org\\\/#website\"},\"primaryImageOfPage\":{\"@id\":\"https:\\\/\\\/exaudi.org\\\/es\\\/la-paciencia-y-la-impaciencia\\\/#primaryimage\"},\"image\":{\"@id\":\"https:\\\/\\\/exaudi.org\\\/es\\\/la-paciencia-y-la-impaciencia\\\/#primaryimage\"},\"thumbnailUrl\":\"https:\\\/\\\/exaudi.org\\\/wp-content\\\/uploads\\\/2025\\\/03\\\/pexels-pixabay-247195-scaled.jpg\",\"datePublished\":\"2025-03-03T08:00:06+00:00\",\"dateModified\":\"2025-03-03T12:41:03+00:00\",\"author\":{\"@id\":\"https:\\\/\\\/exaudi.org\\\/#\\\/schema\\\/person\\\/f2d4ad1e1e2bb7dad42a623b75b7166b\"},\"breadcrumb\":{\"@id\":\"https:\\\/\\\/exaudi.org\\\/es\\\/la-paciencia-y-la-impaciencia\\\/#breadcrumb\"},\"inLanguage\":\"es\",\"potentialAction\":[{\"@type\":\"ReadAction\",\"target\":[\"https:\\\/\\\/exaudi.org\\\/es\\\/la-paciencia-y-la-impaciencia\\\/\"]}]},{\"@type\":\"ImageObject\",\"inLanguage\":\"es\",\"@id\":\"https:\\\/\\\/exaudi.org\\\/es\\\/la-paciencia-y-la-impaciencia\\\/#primaryimage\",\"url\":\"https:\\\/\\\/exaudi.org\\\/wp-content\\\/uploads\\\/2025\\\/03\\\/pexels-pixabay-247195-scaled.jpg\",\"contentUrl\":\"https:\\\/\\\/exaudi.org\\\/wp-content\\\/uploads\\\/2025\\\/03\\\/pexels-pixabay-247195-scaled.jpg\",\"width\":2560,\"height\":1707},{\"@type\":\"BreadcrumbList\",\"@id\":\"https:\\\/\\\/exaudi.org\\\/es\\\/la-paciencia-y-la-impaciencia\\\/#breadcrumb\",\"itemListElement\":[{\"@type\":\"ListItem\",\"position\":1,\"name\":\"Portada\",\"item\":\"https:\\\/\\\/exaudi.org\\\/es\\\/\"},{\"@type\":\"ListItem\",\"position\":2,\"name\":\"La paciencia (y la impaciencia)\"}]},{\"@type\":\"WebSite\",\"@id\":\"https:\\\/\\\/exaudi.org\\\/#website\",\"url\":\"https:\\\/\\\/exaudi.org\\\/\",\"name\":\"Exaudi\",\"description\":\"News\",\"potentialAction\":[{\"@type\":\"SearchAction\",\"target\":{\"@type\":\"EntryPoint\",\"urlTemplate\":\"https:\\\/\\\/exaudi.org\\\/?s={search_term_string}\"},\"query-input\":{\"@type\":\"PropertyValueSpecification\",\"valueRequired\":true,\"valueName\":\"search_term_string\"}}],\"inLanguage\":\"es\"},{\"@type\":\"Person\",\"@id\":\"https:\\\/\\\/exaudi.org\\\/#\\\/schema\\\/person\\\/f2d4ad1e1e2bb7dad42a623b75b7166b\",\"name\":\"Francisco Bobadilla\",\"image\":{\"@type\":\"ImageObject\",\"inLanguage\":\"es\",\"@id\":\"https:\\\/\\\/secure.gravatar.com\\\/avatar\\\/8d65d74eeda045f5ef133a25b739fed12768ab871a0ddb2772cf98408d61ee37?s=96&d=mm&r=g\",\"url\":\"https:\\\/\\\/secure.gravatar.com\\\/avatar\\\/8d65d74eeda045f5ef133a25b739fed12768ab871a0ddb2772cf98408d61ee37?s=96&d=mm&r=g\",\"contentUrl\":\"https:\\\/\\\/secure.gravatar.com\\\/avatar\\\/8d65d74eeda045f5ef133a25b739fed12768ab871a0ddb2772cf98408d61ee37?s=96&d=mm&r=g\",\"caption\":\"Francisco Bobadilla\"},\"description\":\"Francisco Bobadilla es profesor principal de la Universidad de Piura, donde dicta clases para el pre-grado y posgrado. Interesado en las Humanidades y en la dimensi\u00f3n \u00e9tica de la conducta humana. Lector habitual, de cuyas lecturas se nutre en gran parte este blog. Es autor, entre otros, de los libros \u201cPasi\u00f3n por la Excelencia\u201d, \u201cEmpresas con alma\u201d, \u00abProgreso econ\u00f3mico y desarrollo humano\u00bb, \u00abEl C\u00f3digo da Vinci: de la ficci\u00f3n a la realidad\u00bb; \u00abLa disponibilidad de los derechos de la personalidad\u00bb. Abogado y Master en Derecho Civil por la PUCP, doctor en Derecho por la Universidad de Zaragoza; Licenciado en Ciencias de la Informaci\u00f3n por la Universidad de Piura. Sus temas: pensamiento pol\u00edtico y social, \u00e9tica y cultura, derechos de la persona.\",\"sameAs\":[\"https:\\\/\\\/tertuliaabierta.wordpress.com\\\/\"],\"url\":\"https:\\\/\\\/exaudi.org\\\/es\\\/author\\\/francisco-bobadilla\\\/\"}]}<\/script>\n<!-- \/ Yoast SEO plugin. -->","yoast_head_json":{"title":"La paciencia (y la impaciencia) &#8211; Exaudi","robots":{"index":"index","follow":"follow","max-snippet":"max-snippet:-1","max-image-preview":"max-image-preview:large","max-video-preview":"max-video-preview:-1"},"canonical":"https:\/\/exaudi.org\/es\/la-paciencia-y-la-impaciencia\/","og_locale":"es_ES","og_type":"article","og_title":"La paciencia (y la impaciencia) &#8211; Exaudi","og_description":"Lecciones de San Agust\u00edn para el D\u00eda a D\u00eda","og_url":"https:\/\/exaudi.org\/es\/la-paciencia-y-la-impaciencia\/","og_site_name":"Exaudi","article_publisher":"https:\/\/www.facebook.com\/ExaudiNews","article_published_time":"2025-03-03T08:00:06+00:00","article_modified_time":"2025-03-03T12:41:03+00:00","og_image":[{"width":2560,"height":1707,"url":"https:\/\/exaudi.org\/wp-content\/uploads\/2025\/03\/pexels-pixabay-247195-scaled.jpg","type":"image\/jpeg"}],"author":"Francisco Bobadilla","twitter_card":"summary_large_image","twitter_creator":"@Exaudi_News","twitter_site":"@Exaudi_News","twitter_misc":{"Escrito por":"Francisco Bobadilla","Tiempo de lectura":"4 minutos"},"schema":{"@context":"https:\/\/schema.org","@graph":[{"@type":"Article","@id":"https:\/\/exaudi.org\/es\/la-paciencia-y-la-impaciencia\/#article","isPartOf":{"@id":"https:\/\/exaudi.org\/es\/la-paciencia-y-la-impaciencia\/"},"author":{"name":"Francisco Bobadilla","@id":"https:\/\/exaudi.org\/#\/schema\/person\/f2d4ad1e1e2bb7dad42a623b75b7166b"},"headline":"La paciencia (y la impaciencia)","datePublished":"2025-03-03T08:00:06+00:00","dateModified":"2025-03-03T12:41:03+00:00","mainEntityOfPage":{"@id":"https:\/\/exaudi.org\/es\/la-paciencia-y-la-impaciencia\/"},"wordCount":783,"image":{"@id":"https:\/\/exaudi.org\/es\/la-paciencia-y-la-impaciencia\/#primaryimage"},"thumbnailUrl":"https:\/\/exaudi.org\/wp-content\/uploads\/2025\/03\/pexels-pixabay-247195-scaled.jpg","keywords":["Alma","Bien","buen \u00e1nimo","Buen humor","cargas","ciza\u00f1a","cola","Comuni\u00f3n de los santos","concordia","convivencia","Esp\u00edritu","Esp\u00edritu Santo","Existencia","filas","Fortaleza","Francisco Bobadilla","Futuro","Gracia","Impaciencia","impaciente","Mal Humor","males","Paciencia","Par\u00e1bola","plazos","Pol\u00edtica","problemas","reacciones","respuesta","San Agust\u00edn","sem\u00e1foro","serenidad","sistema nervioso","tolerancia","Trending","violencia","Virtud"],"articleSection":["Voces"],"inLanguage":"es"},{"@type":"WebPage","@id":"https:\/\/exaudi.org\/es\/la-paciencia-y-la-impaciencia\/","url":"https:\/\/exaudi.org\/es\/la-paciencia-y-la-impaciencia\/","name":"La paciencia (y la impaciencia) &#8211; Exaudi","isPartOf":{"@id":"https:\/\/exaudi.org\/#website"},"primaryImageOfPage":{"@id":"https:\/\/exaudi.org\/es\/la-paciencia-y-la-impaciencia\/#primaryimage"},"image":{"@id":"https:\/\/exaudi.org\/es\/la-paciencia-y-la-impaciencia\/#primaryimage"},"thumbnailUrl":"https:\/\/exaudi.org\/wp-content\/uploads\/2025\/03\/pexels-pixabay-247195-scaled.jpg","datePublished":"2025-03-03T08:00:06+00:00","dateModified":"2025-03-03T12:41:03+00:00","author":{"@id":"https:\/\/exaudi.org\/#\/schema\/person\/f2d4ad1e1e2bb7dad42a623b75b7166b"},"breadcrumb":{"@id":"https:\/\/exaudi.org\/es\/la-paciencia-y-la-impaciencia\/#breadcrumb"},"inLanguage":"es","potentialAction":[{"@type":"ReadAction","target":["https:\/\/exaudi.org\/es\/la-paciencia-y-la-impaciencia\/"]}]},{"@type":"ImageObject","inLanguage":"es","@id":"https:\/\/exaudi.org\/es\/la-paciencia-y-la-impaciencia\/#primaryimage","url":"https:\/\/exaudi.org\/wp-content\/uploads\/2025\/03\/pexels-pixabay-247195-scaled.jpg","contentUrl":"https:\/\/exaudi.org\/wp-content\/uploads\/2025\/03\/pexels-pixabay-247195-scaled.jpg","width":2560,"height":1707},{"@type":"BreadcrumbList","@id":"https:\/\/exaudi.org\/es\/la-paciencia-y-la-impaciencia\/#breadcrumb","itemListElement":[{"@type":"ListItem","position":1,"name":"Portada","item":"https:\/\/exaudi.org\/es\/"},{"@type":"ListItem","position":2,"name":"La paciencia (y la impaciencia)"}]},{"@type":"WebSite","@id":"https:\/\/exaudi.org\/#website","url":"https:\/\/exaudi.org\/","name":"Exaudi","description":"News","potentialAction":[{"@type":"SearchAction","target":{"@type":"EntryPoint","urlTemplate":"https:\/\/exaudi.org\/?s={search_term_string}"},"query-input":{"@type":"PropertyValueSpecification","valueRequired":true,"valueName":"search_term_string"}}],"inLanguage":"es"},{"@type":"Person","@id":"https:\/\/exaudi.org\/#\/schema\/person\/f2d4ad1e1e2bb7dad42a623b75b7166b","name":"Francisco Bobadilla","image":{"@type":"ImageObject","inLanguage":"es","@id":"https:\/\/secure.gravatar.com\/avatar\/8d65d74eeda045f5ef133a25b739fed12768ab871a0ddb2772cf98408d61ee37?s=96&d=mm&r=g","url":"https:\/\/secure.gravatar.com\/avatar\/8d65d74eeda045f5ef133a25b739fed12768ab871a0ddb2772cf98408d61ee37?s=96&d=mm&r=g","contentUrl":"https:\/\/secure.gravatar.com\/avatar\/8d65d74eeda045f5ef133a25b739fed12768ab871a0ddb2772cf98408d61ee37?s=96&d=mm&r=g","caption":"Francisco Bobadilla"},"description":"Francisco Bobadilla es profesor principal de la Universidad de Piura, donde dicta clases para el pre-grado y posgrado. Interesado en las Humanidades y en la dimensi\u00f3n \u00e9tica de la conducta humana. Lector habitual, de cuyas lecturas se nutre en gran parte este blog. Es autor, entre otros, de los libros \u201cPasi\u00f3n por la Excelencia\u201d, \u201cEmpresas con alma\u201d, \u00abProgreso econ\u00f3mico y desarrollo humano\u00bb, \u00abEl C\u00f3digo da Vinci: de la ficci\u00f3n a la realidad\u00bb; \u00abLa disponibilidad de los derechos de la personalidad\u00bb. Abogado y Master en Derecho Civil por la PUCP, doctor en Derecho por la Universidad de Zaragoza; Licenciado en Ciencias de la Informaci\u00f3n por la Universidad de Piura. Sus temas: pensamiento pol\u00edtico y social, \u00e9tica y cultura, derechos de la persona.","sameAs":["https:\/\/tertuliaabierta.wordpress.com\/"],"url":"https:\/\/exaudi.org\/es\/author\/francisco-bobadilla\/"}]}},"jetpack_featured_media_url":"https:\/\/exaudi.org\/wp-content\/uploads\/2025\/03\/pexels-pixabay-247195-scaled.jpg","jetpack_shortlink":"https:\/\/wp.me\/pgKjF2-vhz","_links":{"self":[{"href":"https:\/\/exaudi.org\/es\/wp-json\/wp\/v2\/posts\/120253","targetHints":{"allow":["GET"]}}],"collection":[{"href":"https:\/\/exaudi.org\/es\/wp-json\/wp\/v2\/posts"}],"about":[{"href":"https:\/\/exaudi.org\/es\/wp-json\/wp\/v2\/types\/post"}],"author":[{"embeddable":true,"href":"https:\/\/exaudi.org\/es\/wp-json\/wp\/v2\/users\/109"}],"replies":[{"embeddable":true,"href":"https:\/\/exaudi.org\/es\/wp-json\/wp\/v2\/comments?post=120253"}],"version-history":[{"count":0,"href":"https:\/\/exaudi.org\/es\/wp-json\/wp\/v2\/posts\/120253\/revisions"}],"wp:featuredmedia":[{"embeddable":true,"href":"https:\/\/exaudi.org\/es\/wp-json\/wp\/v2\/media\/120255"}],"wp:attachment":[{"href":"https:\/\/exaudi.org\/es\/wp-json\/wp\/v2\/media?parent=120253"}],"wp:term":[{"taxonomy":"category","embeddable":true,"href":"https:\/\/exaudi.org\/es\/wp-json\/wp\/v2\/categories?post=120253"},{"taxonomy":"post_tag","embeddable":true,"href":"https:\/\/exaudi.org\/es\/wp-json\/wp\/v2\/tags?post=120253"}],"curies":[{"name":"wp","href":"https:\/\/api.w.org\/{rel}","templated":true}]}}