{"id":12017,"date":"2021-04-16T17:07:19","date_gmt":"2021-04-16T15:07:19","guid":{"rendered":"https:\/\/exaudi.org\/?p=12017"},"modified":"2021-04-16T17:07:19","modified_gmt":"2021-04-16T15:07:19","slug":"xi-dia-mundial-circo-mensaje-cardenal-turkson","status":"publish","type":"post","link":"https:\/\/exaudi.org\/es\/xi-dia-mundial-circo-mensaje-cardenal-turkson\/","title":{"rendered":"XI D\u00eda Mundial del Circo: Mensaje del cardenal Turkson"},"content":{"rendered":"<p>El <a href=\"https:\/\/exaudi.org\/es\/dia-mundial-salud-2021-cardenal-turkson\/\" target=\"_blank\" rel=\"noopener noreferrer\">cardenal Peter K.A. Turkson<\/a>, prefecto del <a href=\"https:\/\/www.humandevelopment.va\/es.html\" target=\"_blank\" rel=\"noopener noreferrer\">Dicasterio para el Servicio al Desarrollo Humano Integral<\/a>, ha enviado un mensaje para el XI D\u00eda Mundial del Circo. El texto est\u00e1 dirigido al presidente de la <em>F\u00e9d\u00e9ration Mondiale du Cirque<\/em> con motivo de la XI Jornada Mundial del Circo que se celebrar\u00e1 el s\u00e1bado 17 de abril de 2021.<\/p>\n<p>A lo largo del mismo, el cardenal ha quedido mostrar \u201cnuestra cercan\u00eda al mundo del circo y a sus protagonistas, verdaderos \u2018art\u00edfices de la fiesta\u2019, como les llam\u00f3 el Papa Francisco el 16 de junio de 2016\u201d.<\/p>\n<h4><strong>Tr\u00e1gica situaci\u00f3n<\/strong><\/h4>\n<p>El prefecto resalta que el eurodiputado Istv\u00e1n Ujhelyi, embajador honorario de la <em>F\u00e9d\u00e9ration Mondiale du<\/em> <em>Cirque<\/em>, junto con el presidente de la misma y el Dr. Helmut Grosscurth, director ejecutivo de la<em> European Circus Association<\/em>, se dirigi\u00f3 a la presidenta de la Comisi\u00f3n Europea, Ursula von der Leyen, y a la comisaria europea de Educaci\u00f3n y Cultura, Mariya Gabriel, \u201cpara exponerles la tr\u00e1gica situaci\u00f3n de las compa\u00f1\u00edas de circo europeas, que emplean a decenas de miles de artistas y albergan a miles de animales\u201d.<\/p>\n<p>\u201cLa prolongaci\u00f3n de la situaci\u00f3n de emergencia, as\u00ed como de las medidas para evitar aglomeraciones, han amenazado la industria del circo, as\u00ed como la existencia misma de estas empresas, a menudo familiares, que han tenido que endeudarse a la espera de tiempos mejores\u201d, explica.<\/p>\n<p>Con el fin de proteger este arte, \u201ces fundamental el apoyo financiero tanto por parte de la Uni\u00f3n Europea como de cada pa\u00eds, llamados a proteger a los m\u00e1s d\u00e9biles, as\u00ed como a los sectores m\u00e1s vulnerables de la econom\u00eda\u201d, se lee en el texto.<\/p>\n<h4><strong>B\u00e1lsamo de la caridad<\/strong><\/h4>\n<p>\u201cPor voluntad del Papa Francisco\u201d, contin\u00faa el purpurado, el Dicasterio \u201ces el <em>punto focal<\/em> del COVID-19 y est\u00e1 comprometido a escuchar y apoyar a las Iglesias particulares del mundo\u201d. Los obispos \u201cnos hablan del sufrimiento f\u00edsico y psicol\u00f3gico causado por la pandemia, de las crisis existentes que se han intensificado debido tambi\u00e9n a las medidas dr\u00e1sticas que era necesario adoptar para proteger a los m\u00e1s vulnerables, el s\u00edndrome de <em>burnout<\/em> de los que se encuentran al frente de la lucha contra el virus, la desorientaci\u00f3n de toda la sociedad\u201d. Se trata de \u201cheridas que ser\u00e1n largas y complejas de cuidar, pero todos estamos llamados a hacerlo juntos\u201d.<\/p>\n<p>En este sentido, destaca que \u201ces consolador ver que el b\u00e1lsamo de la caridad que ya se ha derramado sobre estas heridas, gracias a peque\u00f1os y grandes gestos espont\u00e1neos, organizados por parroquias y di\u00f3cesis, a trav\u00e9s de las <em>C\u00e1ritas<\/em> y organizaciones caritativas cat\u00f3licas, que tambi\u00e9n han respondido a las necesidades m\u00e1s b\u00e1sicas de los artistas y animales del circo; en Italia intervinieron la Protecci\u00f3n Civil y <em>Coldiretti<\/em>, pero tambi\u00e9n ciudadanos, administraciones locales y aldeas enteras\u201d.<\/p>\n<p>Asimismo, indica que para que el sufrimiento del mundo \u201cno sea est\u00e9ril, sino que tenga un sentido que nos ayude a preparar un futuro diferente, presagio de un cambio en lo creativo, el Papa nos exhorta a vivirlo como lo hizo el Buen Samaritano, modelo para construir relaciones reales y nuevas con los dem\u00e1s: los duelos en las familias, la enfermedad, las dificultades de todo tipo nos han revelado que \u2018la existencia de cada uno de nosotros est\u00e1 ligada a la de los dem\u00e1s: la vida no es tiempo que pasa, sino tiempo de encuentro\u2019\u201d.<\/p>\n<p>A continuaci\u00f3n, sigue el texto completo del mensaje del prefecto del Dicasterio para el Desarrollo Humano Integral.<\/p>\n<p>***<\/p>\n<h4><strong>Mensaje para el XI D\u00eda Mundial del Circo<\/strong><\/h4>\n<p>Estimado Se\u00f1or<\/p>\n<p>Dr. Urs PILZ<\/p>\n<p>Presidente de la <em>F\u00e9d\u00e9ration Mondiale du Cirque<\/em><\/p>\n<p>MONACO<\/p>\n<p>&nbsp;<\/p>\n<p>Querido Se\u00f1or Presidente,<\/p>\n<p>Como es sabido, el cuidado pastoral de los artistas circenses es una de las tareas del Dicasterio para el Servicio del Desarrollo Humano Integral. Con motivo del XI D\u00eda Mundial del Circo, promovido tradicionalmente por la <em>F\u00e9d\u00e9ration Mondiale du Cirque<\/em>, bajo el alto patrocinio de S.A.S. Princess St\u00e9phanie de M\u00f3naco, que se celebra el tercer s\u00e1bado del mes, el 17 de abril, deseo expresar nuestra cercan\u00eda al mundo del circo y a sus protagonistas, verdaderos \u00abart\u00edfices de la fiesta\u00bb, como les llam\u00f3 el Papa Francisco el 16 de junio de 2016.<\/p>\n<p>El a\u00f1o pasado, la Federaci\u00f3n decidi\u00f3 posponer las celebraciones de esta jornada, debido a la pandemia Covid-19 en curso. El eurodiputado Istv\u00e1n Ujhelyi, Embajador Honorario de la <em>F\u00e9d\u00e9ration Mondiale du<\/em> <em>Cirque<\/em>, junto con Usted y el Dr. Helmut Grosscurth, Director Ejecutivo de la<em> European Circus Association<\/em>, se dirigi\u00f3 a la Presidenta de la Comisi\u00f3n Europea, Ursula von der Leyen, y a la Comisaria europea de Educaci\u00f3n y Cultura, Mariya Gabriel, para exponerles la tr\u00e1gica situaci\u00f3n de las compa\u00f1\u00edas de circo europeas, que emplean a decenas de miles de artistas y albergan a miles de animales. La prolongaci\u00f3n de la situaci\u00f3n de emergencia., as\u00ed como de las medidas para evitar aglomeraciones, han amenazado la industria del circo, as\u00ed como la existencia misma de estas empresas, a menudo familiares, que han tenido que endeudarse a la espera de tiempos mejores. Para proteger este arte, que en Europa naci\u00f3 hace m\u00e1s de 250 a\u00f1os y que lleva alegr\u00eda a adultos y ni\u00f1os, es fundamental el apoyo financiero tanto por parte de la Uni\u00f3n Europea como de cada pa\u00eds, llamados a proteger a los m\u00e1s d\u00e9biles as\u00ed como a los sectores m\u00e1s vulnerables de la econom\u00eda.<\/p>\n<p>Por voluntad del Papa Francisco, el Dicasterio es el <em>punto focal<\/em> del Covid-19 y est\u00e1 comprometido a escuchar y apoyar a las Iglesias particulares del mundo. Los Obispos nos hablan del sufrimiento f\u00edsico y psicol\u00f3gico causado por la pandemia, de las crisis existentes que se han intensificado debido tambi\u00e9n a las medidas dr\u00e1sticas que era necesario adoptar para proteger a los m\u00e1s vulnerables, el s\u00edndrome de <em>burnout<\/em> de los que se encuentran al frente de la lucha contra el virus, la desorientaci\u00f3n de toda la sociedad. Son heridas que ser\u00e1n largas y complejas de cuidar, pero todos estamos llamados a hacerlo juntos.<\/p>\n<p>Es consolador ver que el b\u00e1lsamo de la caridad que ya se ha derramado sobre estas heridas, gracias a peque\u00f1os y grandes gestos espont\u00e1neos, organizados por parroquias y di\u00f3cesis, a trav\u00e9s de las <em>C\u00e1ritas<\/em> y organizaciones caritativas cat\u00f3licas, que tambi\u00e9n han respondido a las necesidades m\u00e1s b\u00e1sicas de los artistas y animales del circo; en Italia intervinieron la Protecci\u00f3n Civil y <em>Coldiretti<\/em>, pero tambi\u00e9n ciudadanos, administraciones locales y aldeas enteras.<\/p>\n<p>La pandemia nos ha recordado que estamos \u201cen la misma barca, todos fr\u00e1giles y desorientados; pero, al mismo tiempo, importantes y necesarios, todos llamados a remar juntos, todos necesitados de confortarnos mutuamente\u201d, como dijo el Papa Francisco el 27 de marzo 2020 en una plaza de San Pedro vac\u00eda y mojada por la lluvia: encontrarnos frente a la prueba nos ha demostrado una vez m\u00e1s \u201cque nadie se salva solo\u201d y que \u201cen medio de nuestra tormenta, [el Se\u00f1or] nos invita a despertar y a activar esa solidaridad y esperanza capaz de dar solidez, contenci\u00f3n y sentido a estas horas donde todo parece naufragar\u201d<sup>1<\/sup>.<\/p>\n<p>Para que el sufrimiento del mundo no sea est\u00e9ril, sino que tenga un sentido que nos ayude a preparar un futuro diferente, presagio de un cambio en lo creativo, el Papa nos exhorta a vivirlo como lo hizo el Buen Samaritano, modelo para construir relaciones reales y nuevas con los dem\u00e1s: los duelos en las familias, la enfermedad, las dificultades de todo tipo nos han revelado que \u201cla existencia de cada uno de nosotros est\u00e1 ligada a la de los dem\u00e1s: la vida no es tiempo que pasa, sino tiempo de encuentro\u201d<sup>2<\/sup>, tiempo de hermandad, un ant\u00eddoto verdadero y poderoso contra la cultura de la exclusi\u00f3n y del descarte. La pandemia ha revelado a d\u00f3nde nos lleva la indiferencia, nos obliga a situarnos frente a los problemas y a las crisis interconectadas que ha puesto de manifiesto brutalmente: \u201cHay dos tipos de personas: las que se hacen cargo del dolor y las que pasar de largo&#8230; la desidia social y pol\u00edtica&#8230; deja a tantos marginados, tirados a un costado del camino\u00bb<sup>3<\/sup>. La pandemia es una lupa que revela vulnerabilidades viejas y nuevas, un desaf\u00edo para todos, llamados a ser corresponsables de procesos de transformaci\u00f3n que vuelvan a poner a la persona en el centro y creen una cultura de inclusi\u00f3n, integraci\u00f3n y apoyo. Dicha cultura nos alienta a ocuparnos personalmente de las dificultades reales de los necesitados, que corren el riesgo de quedarse al margen. S\u00f3lo as\u00ed descubrimos \u201cel sentido social de la existencia, la dimensi\u00f3n fraterna de la espiritualidad, la convicci\u00f3n sobre la inalienable dignidad de cada persona y las motivaciones para amar y acoger a todos\u201d<sup>4<\/sup>.<\/p>\n<p>El eurodiputado Istv\u00e1n Ujhelyi ha publicado un v\u00eddeo muy bonito, que si por un lado cuenta el sufrimiento de los artistas del circo, por otro reitera el \u201c\u00a1aqu\u00ed estamos!\u201d de todos los artistas, dispuestos a volver a pintar sonrisas y alegr\u00edas en los rostros de ni\u00f1os y adultos<sup>5<\/sup>. Es el mismo \u201c\u00a1aqu\u00ed estamos!\u201d del <em>Rony Roller<\/em> <em>Circus <\/em>que me acompa\u00f1\u00f3 al Hospital del Papa,<em> Bambino Ges\u00f9<\/em>, el 17 de enero de 2020: una gran alegr\u00eda para los ni\u00f1os enfermos, una emoci\u00f3n v\u00edvida que los artistas guardan en sus corazones, la fiesta de la vida sobre el dolor y el sufrimiento, especialmente el que afecta a los m\u00e1s peque\u00f1os.<\/p>\n<p>Como dije con motivo de ese hermoso momento vivido con los ni\u00f1os enfermos, \u201cdarle a un peque\u00f1o paciente un recuerdo de alegr\u00eda vinculado a un momento delicado de su vida significa aliviar su carga de dolor, a los padres que lo acompa\u00f1an y hasta levantar la moral del personal m\u00e9dico, ofreci\u00e9ndoles un poco de alegr\u00eda para alimentar la misi\u00f3n extraordinaria que cumplen cada d\u00eda al servicio de los dem\u00e1s\u201d.<\/p>\n<p>__________________________________<\/p>\n<ol>\n<li>Momento extraordinario de oraci\u00f3n en tiempos de epidemia, presidido por el Santo Padre Francisco, 27 de marzo de 2020<\/li>\n<li>Francisco, Carta enc\u00edclica <em>Fratelli Tutti<\/em>, n. 66.<\/li>\n<li><em>Ibidem <\/em>, nos. 70, 71.<\/li>\n<li><em>Ibidem <\/em>, n. 86.<u><\/u><\/li>\n<li><u><a href=\"https:\/\/youtu.be\/HQJn7v8UQ1s%20\">https:\/\/youtu.be\/HQJn7v8UQ1s <\/a><\/u><\/li>\n<\/ol>\n","protected":false},"excerpt":{"rendered":"<p>17 de abril<\/p>\n","protected":false},"author":5,"featured_media":12019,"comment_status":"closed","ping_status":"closed","sticky":false,"template":"","format":"standard","meta":{"_acf_changed":false,"_crdt_document":"","inline_featured_image":false,"footnotes":""},"categories":[138,298],"tags":[1746,1498,1744,174,1745],"class_list":["post-12017","post","type-post","status-publish","format-standard","has-post-thumbnail","hentry","category-dicasterios","category-ultimas-noticias","tag-17-de-abril","tag-cardenal-peter-k-turkson","tag-dicasterio-para-el-servicio-al-desarrollo-humano-integral","tag-mensaje","tag-xi-dia-mundial-del-circo"],"acf":[],"yoast_head":"<!-- This site is optimized with the Yoast SEO plugin v27.4 - https:\/\/yoast.com\/product\/yoast-seo-wordpress\/ -->\n<title>XI D\u00eda Mundial del Circo: Mensaje del cardenal Turkson &#8211; Exaudi<\/title>\n<meta name=\"description\" content=\"El cardenal Turkson, prefecto del Dicasterio para el Servicio al Desarrollo Humano Integral env\u00eda un mensaje para el XI D\u00eda Mundial del Circo\" \/>\n<meta name=\"robots\" content=\"index, follow, max-snippet:-1, max-image-preview:large, max-video-preview:-1\" \/>\n<link rel=\"canonical\" href=\"https:\/\/exaudi.org\/es\/xi-dia-mundial-circo-mensaje-cardenal-turkson\/\" \/>\n<meta property=\"og:locale\" content=\"es_ES\" \/>\n<meta property=\"og:type\" content=\"article\" \/>\n<meta property=\"og:title\" content=\"XI D\u00eda Mundial del Circo: Mensaje del cardenal Turkson &#8211; Exaudi\" \/>\n<meta property=\"og:description\" content=\"El cardenal Turkson, prefecto del Dicasterio para el Servicio al Desarrollo Humano Integral env\u00eda un mensaje para el XI D\u00eda Mundial del Circo\" \/>\n<meta property=\"og:url\" content=\"https:\/\/exaudi.org\/es\/xi-dia-mundial-circo-mensaje-cardenal-turkson\/\" \/>\n<meta property=\"og:site_name\" content=\"Exaudi\" \/>\n<meta property=\"article:publisher\" content=\"https:\/\/www.facebook.com\/ExaudiNews\" \/>\n<meta property=\"article:published_time\" content=\"2021-04-16T15:07:19+00:00\" \/>\n<meta property=\"og:image\" content=\"https:\/\/exaudi.org\/wp-content\/uploads\/2021\/04\/pexels-lazuran-calin-1576303-scaled.jpg\" \/>\n\t<meta property=\"og:image:width\" content=\"2560\" \/>\n\t<meta property=\"og:image:height\" content=\"1920\" \/>\n\t<meta property=\"og:image:type\" content=\"image\/jpeg\" \/>\n<meta name=\"author\" content=\"Larissa I. L\u00f3pez\" \/>\n<meta name=\"twitter:card\" content=\"summary_large_image\" \/>\n<meta name=\"twitter:creator\" content=\"@Exaudi_News\" \/>\n<meta name=\"twitter:site\" content=\"@Exaudi_News\" \/>\n<meta name=\"twitter:label1\" content=\"Escrito por\" \/>\n\t<meta name=\"twitter:data1\" content=\"Larissa I. L\u00f3pez\" \/>\n\t<meta name=\"twitter:label2\" content=\"Tiempo de lectura\" \/>\n\t<meta name=\"twitter:data2\" content=\"8 minutos\" \/>\n<script type=\"application\/ld+json\" class=\"yoast-schema-graph\">{\"@context\":\"https:\\\/\\\/schema.org\",\"@graph\":[{\"@type\":\"Article\",\"@id\":\"https:\\\/\\\/exaudi.org\\\/es\\\/xi-dia-mundial-circo-mensaje-cardenal-turkson\\\/#article\",\"isPartOf\":{\"@id\":\"https:\\\/\\\/exaudi.org\\\/es\\\/xi-dia-mundial-circo-mensaje-cardenal-turkson\\\/\"},\"author\":{\"name\":\"Larissa I. L\u00f3pez\",\"@id\":\"https:\\\/\\\/exaudi.org\\\/#\\\/schema\\\/person\\\/7d2f77db033c2c0929edfab6dbe8c588\"},\"headline\":\"XI D\u00eda Mundial del Circo: Mensaje del cardenal Turkson\",\"datePublished\":\"2021-04-16T15:07:19+00:00\",\"mainEntityOfPage\":{\"@id\":\"https:\\\/\\\/exaudi.org\\\/es\\\/xi-dia-mundial-circo-mensaje-cardenal-turkson\\\/\"},\"wordCount\":1777,\"image\":{\"@id\":\"https:\\\/\\\/exaudi.org\\\/es\\\/xi-dia-mundial-circo-mensaje-cardenal-turkson\\\/#primaryimage\"},\"thumbnailUrl\":\"https:\\\/\\\/exaudi.org\\\/wp-content\\\/uploads\\\/2021\\\/04\\\/pexels-lazuran-calin-1576303-scaled.jpg\",\"keywords\":[\"17 de abril\",\"Cardenal Peter K. Turkson\",\"Dicasterio para el Servicio al Desarrollo Humano Integral\",\"mensaje\",\"XI D\u00eda Mundial del Circo\"],\"articleSection\":[\"Dicasterios\",\"\u00daltimas noticias\"],\"inLanguage\":\"es\"},{\"@type\":\"WebPage\",\"@id\":\"https:\\\/\\\/exaudi.org\\\/es\\\/xi-dia-mundial-circo-mensaje-cardenal-turkson\\\/\",\"url\":\"https:\\\/\\\/exaudi.org\\\/es\\\/xi-dia-mundial-circo-mensaje-cardenal-turkson\\\/\",\"name\":\"XI D\u00eda Mundial del Circo: Mensaje del cardenal Turkson &#8211; Exaudi\",\"isPartOf\":{\"@id\":\"https:\\\/\\\/exaudi.org\\\/#website\"},\"primaryImageOfPage\":{\"@id\":\"https:\\\/\\\/exaudi.org\\\/es\\\/xi-dia-mundial-circo-mensaje-cardenal-turkson\\\/#primaryimage\"},\"image\":{\"@id\":\"https:\\\/\\\/exaudi.org\\\/es\\\/xi-dia-mundial-circo-mensaje-cardenal-turkson\\\/#primaryimage\"},\"thumbnailUrl\":\"https:\\\/\\\/exaudi.org\\\/wp-content\\\/uploads\\\/2021\\\/04\\\/pexels-lazuran-calin-1576303-scaled.jpg\",\"datePublished\":\"2021-04-16T15:07:19+00:00\",\"author\":{\"@id\":\"https:\\\/\\\/exaudi.org\\\/#\\\/schema\\\/person\\\/7d2f77db033c2c0929edfab6dbe8c588\"},\"description\":\"El cardenal Turkson, prefecto del Dicasterio para el Servicio al Desarrollo Humano Integral env\u00eda un mensaje para el XI D\u00eda Mundial del Circo\",\"breadcrumb\":{\"@id\":\"https:\\\/\\\/exaudi.org\\\/es\\\/xi-dia-mundial-circo-mensaje-cardenal-turkson\\\/#breadcrumb\"},\"inLanguage\":\"es\",\"potentialAction\":[{\"@type\":\"ReadAction\",\"target\":[\"https:\\\/\\\/exaudi.org\\\/es\\\/xi-dia-mundial-circo-mensaje-cardenal-turkson\\\/\"]}]},{\"@type\":\"ImageObject\",\"inLanguage\":\"es\",\"@id\":\"https:\\\/\\\/exaudi.org\\\/es\\\/xi-dia-mundial-circo-mensaje-cardenal-turkson\\\/#primaryimage\",\"url\":\"https:\\\/\\\/exaudi.org\\\/wp-content\\\/uploads\\\/2021\\\/04\\\/pexels-lazuran-calin-1576303-scaled.jpg\",\"contentUrl\":\"https:\\\/\\\/exaudi.org\\\/wp-content\\\/uploads\\\/2021\\\/04\\\/pexels-lazuran-calin-1576303-scaled.jpg\",\"width\":2560,\"height\":1920,\"caption\":\"Circo \u00a9 Pexels. L\u0103zuran C\u0103lin\"},{\"@type\":\"BreadcrumbList\",\"@id\":\"https:\\\/\\\/exaudi.org\\\/es\\\/xi-dia-mundial-circo-mensaje-cardenal-turkson\\\/#breadcrumb\",\"itemListElement\":[{\"@type\":\"ListItem\",\"position\":1,\"name\":\"Portada\",\"item\":\"https:\\\/\\\/exaudi.org\\\/es\\\/\"},{\"@type\":\"ListItem\",\"position\":2,\"name\":\"XI D\u00eda Mundial del Circo: Mensaje del cardenal Turkson\"}]},{\"@type\":\"WebSite\",\"@id\":\"https:\\\/\\\/exaudi.org\\\/#website\",\"url\":\"https:\\\/\\\/exaudi.org\\\/\",\"name\":\"Exaudi\",\"description\":\"News\",\"potentialAction\":[{\"@type\":\"SearchAction\",\"target\":{\"@type\":\"EntryPoint\",\"urlTemplate\":\"https:\\\/\\\/exaudi.org\\\/?s={search_term_string}\"},\"query-input\":{\"@type\":\"PropertyValueSpecification\",\"valueRequired\":true,\"valueName\":\"search_term_string\"}}],\"inLanguage\":\"es\"},{\"@type\":\"Person\",\"@id\":\"https:\\\/\\\/exaudi.org\\\/#\\\/schema\\\/person\\\/7d2f77db033c2c0929edfab6dbe8c588\",\"name\":\"Larissa I. L\u00f3pez\",\"image\":{\"@type\":\"ImageObject\",\"inLanguage\":\"es\",\"@id\":\"https:\\\/\\\/secure.gravatar.com\\\/avatar\\\/db3ef399ff343d0bb9d25dc5198bc8ece5ac6d621eca79876697a354dabc1e3f?s=96&d=mm&r=g\",\"url\":\"https:\\\/\\\/secure.gravatar.com\\\/avatar\\\/db3ef399ff343d0bb9d25dc5198bc8ece5ac6d621eca79876697a354dabc1e3f?s=96&d=mm&r=g\",\"contentUrl\":\"https:\\\/\\\/secure.gravatar.com\\\/avatar\\\/db3ef399ff343d0bb9d25dc5198bc8ece5ac6d621eca79876697a354dabc1e3f?s=96&d=mm&r=g\",\"caption\":\"Larissa I. L\u00f3pez\"},\"description\":\"Doctora en Comunicaci\u00f3n. Mi trayectoria profesional ha transcurrido entre el \u00e1mbito de la comunicaci\u00f3n y el de la docencia. En los \u00faltimos a\u00f1os, he trabajado como coordinadora y redactora de la edici\u00f3n de ZENIT en espa\u00f1ol. Como profesora, he impartido clases en la universidad y en centros de FP y bachillerato. Cordobesa de nacimiento, tambi\u00e9n he vivido en Sevilla, Madrid y Roma\",\"url\":\"https:\\\/\\\/exaudi.org\\\/es\\\/author\\\/llopezexaudi-org\\\/\"}]}<\/script>\n<!-- \/ Yoast SEO plugin. -->","yoast_head_json":{"title":"XI D\u00eda Mundial del Circo: Mensaje del cardenal Turkson &#8211; Exaudi","description":"El cardenal Turkson, prefecto del Dicasterio para el Servicio al Desarrollo Humano Integral env\u00eda un mensaje para el XI D\u00eda Mundial del Circo","robots":{"index":"index","follow":"follow","max-snippet":"max-snippet:-1","max-image-preview":"max-image-preview:large","max-video-preview":"max-video-preview:-1"},"canonical":"https:\/\/exaudi.org\/es\/xi-dia-mundial-circo-mensaje-cardenal-turkson\/","og_locale":"es_ES","og_type":"article","og_title":"XI D\u00eda Mundial del Circo: Mensaje del cardenal Turkson &#8211; Exaudi","og_description":"El cardenal Turkson, prefecto del Dicasterio para el Servicio al Desarrollo Humano Integral env\u00eda un mensaje para el XI D\u00eda Mundial del Circo","og_url":"https:\/\/exaudi.org\/es\/xi-dia-mundial-circo-mensaje-cardenal-turkson\/","og_site_name":"Exaudi","article_publisher":"https:\/\/www.facebook.com\/ExaudiNews","article_published_time":"2021-04-16T15:07:19+00:00","og_image":[{"width":2560,"height":1920,"url":"https:\/\/exaudi.org\/wp-content\/uploads\/2021\/04\/pexels-lazuran-calin-1576303-scaled.jpg","type":"image\/jpeg"}],"author":"Larissa I. L\u00f3pez","twitter_card":"summary_large_image","twitter_creator":"@Exaudi_News","twitter_site":"@Exaudi_News","twitter_misc":{"Escrito por":"Larissa I. L\u00f3pez","Tiempo de lectura":"8 minutos"},"schema":{"@context":"https:\/\/schema.org","@graph":[{"@type":"Article","@id":"https:\/\/exaudi.org\/es\/xi-dia-mundial-circo-mensaje-cardenal-turkson\/#article","isPartOf":{"@id":"https:\/\/exaudi.org\/es\/xi-dia-mundial-circo-mensaje-cardenal-turkson\/"},"author":{"name":"Larissa I. L\u00f3pez","@id":"https:\/\/exaudi.org\/#\/schema\/person\/7d2f77db033c2c0929edfab6dbe8c588"},"headline":"XI D\u00eda Mundial del Circo: Mensaje del cardenal Turkson","datePublished":"2021-04-16T15:07:19+00:00","mainEntityOfPage":{"@id":"https:\/\/exaudi.org\/es\/xi-dia-mundial-circo-mensaje-cardenal-turkson\/"},"wordCount":1777,"image":{"@id":"https:\/\/exaudi.org\/es\/xi-dia-mundial-circo-mensaje-cardenal-turkson\/#primaryimage"},"thumbnailUrl":"https:\/\/exaudi.org\/wp-content\/uploads\/2021\/04\/pexels-lazuran-calin-1576303-scaled.jpg","keywords":["17 de abril","Cardenal Peter K. Turkson","Dicasterio para el Servicio al Desarrollo Humano Integral","mensaje","XI D\u00eda Mundial del Circo"],"articleSection":["Dicasterios","\u00daltimas noticias"],"inLanguage":"es"},{"@type":"WebPage","@id":"https:\/\/exaudi.org\/es\/xi-dia-mundial-circo-mensaje-cardenal-turkson\/","url":"https:\/\/exaudi.org\/es\/xi-dia-mundial-circo-mensaje-cardenal-turkson\/","name":"XI D\u00eda Mundial del Circo: Mensaje del cardenal Turkson &#8211; Exaudi","isPartOf":{"@id":"https:\/\/exaudi.org\/#website"},"primaryImageOfPage":{"@id":"https:\/\/exaudi.org\/es\/xi-dia-mundial-circo-mensaje-cardenal-turkson\/#primaryimage"},"image":{"@id":"https:\/\/exaudi.org\/es\/xi-dia-mundial-circo-mensaje-cardenal-turkson\/#primaryimage"},"thumbnailUrl":"https:\/\/exaudi.org\/wp-content\/uploads\/2021\/04\/pexels-lazuran-calin-1576303-scaled.jpg","datePublished":"2021-04-16T15:07:19+00:00","author":{"@id":"https:\/\/exaudi.org\/#\/schema\/person\/7d2f77db033c2c0929edfab6dbe8c588"},"description":"El cardenal Turkson, prefecto del Dicasterio para el Servicio al Desarrollo Humano Integral env\u00eda un mensaje para el XI D\u00eda Mundial del Circo","breadcrumb":{"@id":"https:\/\/exaudi.org\/es\/xi-dia-mundial-circo-mensaje-cardenal-turkson\/#breadcrumb"},"inLanguage":"es","potentialAction":[{"@type":"ReadAction","target":["https:\/\/exaudi.org\/es\/xi-dia-mundial-circo-mensaje-cardenal-turkson\/"]}]},{"@type":"ImageObject","inLanguage":"es","@id":"https:\/\/exaudi.org\/es\/xi-dia-mundial-circo-mensaje-cardenal-turkson\/#primaryimage","url":"https:\/\/exaudi.org\/wp-content\/uploads\/2021\/04\/pexels-lazuran-calin-1576303-scaled.jpg","contentUrl":"https:\/\/exaudi.org\/wp-content\/uploads\/2021\/04\/pexels-lazuran-calin-1576303-scaled.jpg","width":2560,"height":1920,"caption":"Circo \u00a9 Pexels. L\u0103zuran C\u0103lin"},{"@type":"BreadcrumbList","@id":"https:\/\/exaudi.org\/es\/xi-dia-mundial-circo-mensaje-cardenal-turkson\/#breadcrumb","itemListElement":[{"@type":"ListItem","position":1,"name":"Portada","item":"https:\/\/exaudi.org\/es\/"},{"@type":"ListItem","position":2,"name":"XI D\u00eda Mundial del Circo: Mensaje del cardenal Turkson"}]},{"@type":"WebSite","@id":"https:\/\/exaudi.org\/#website","url":"https:\/\/exaudi.org\/","name":"Exaudi","description":"News","potentialAction":[{"@type":"SearchAction","target":{"@type":"EntryPoint","urlTemplate":"https:\/\/exaudi.org\/?s={search_term_string}"},"query-input":{"@type":"PropertyValueSpecification","valueRequired":true,"valueName":"search_term_string"}}],"inLanguage":"es"},{"@type":"Person","@id":"https:\/\/exaudi.org\/#\/schema\/person\/7d2f77db033c2c0929edfab6dbe8c588","name":"Larissa I. L\u00f3pez","image":{"@type":"ImageObject","inLanguage":"es","@id":"https:\/\/secure.gravatar.com\/avatar\/db3ef399ff343d0bb9d25dc5198bc8ece5ac6d621eca79876697a354dabc1e3f?s=96&d=mm&r=g","url":"https:\/\/secure.gravatar.com\/avatar\/db3ef399ff343d0bb9d25dc5198bc8ece5ac6d621eca79876697a354dabc1e3f?s=96&d=mm&r=g","contentUrl":"https:\/\/secure.gravatar.com\/avatar\/db3ef399ff343d0bb9d25dc5198bc8ece5ac6d621eca79876697a354dabc1e3f?s=96&d=mm&r=g","caption":"Larissa I. L\u00f3pez"},"description":"Doctora en Comunicaci\u00f3n. Mi trayectoria profesional ha transcurrido entre el \u00e1mbito de la comunicaci\u00f3n y el de la docencia. En los \u00faltimos a\u00f1os, he trabajado como coordinadora y redactora de la edici\u00f3n de ZENIT en espa\u00f1ol. Como profesora, he impartido clases en la universidad y en centros de FP y bachillerato. Cordobesa de nacimiento, tambi\u00e9n he vivido en Sevilla, Madrid y Roma","url":"https:\/\/exaudi.org\/es\/author\/llopezexaudi-org\/"}]}},"jetpack_featured_media_url":"https:\/\/exaudi.org\/wp-content\/uploads\/2021\/04\/pexels-lazuran-calin-1576303-scaled.jpg","jetpack_shortlink":"https:\/\/wp.me\/pgKjF2-37P","_links":{"self":[{"href":"https:\/\/exaudi.org\/es\/wp-json\/wp\/v2\/posts\/12017","targetHints":{"allow":["GET"]}}],"collection":[{"href":"https:\/\/exaudi.org\/es\/wp-json\/wp\/v2\/posts"}],"about":[{"href":"https:\/\/exaudi.org\/es\/wp-json\/wp\/v2\/types\/post"}],"author":[{"embeddable":true,"href":"https:\/\/exaudi.org\/es\/wp-json\/wp\/v2\/users\/5"}],"replies":[{"embeddable":true,"href":"https:\/\/exaudi.org\/es\/wp-json\/wp\/v2\/comments?post=12017"}],"version-history":[{"count":0,"href":"https:\/\/exaudi.org\/es\/wp-json\/wp\/v2\/posts\/12017\/revisions"}],"wp:featuredmedia":[{"embeddable":true,"href":"https:\/\/exaudi.org\/es\/wp-json\/wp\/v2\/media\/12019"}],"wp:attachment":[{"href":"https:\/\/exaudi.org\/es\/wp-json\/wp\/v2\/media?parent=12017"}],"wp:term":[{"taxonomy":"category","embeddable":true,"href":"https:\/\/exaudi.org\/es\/wp-json\/wp\/v2\/categories?post=12017"},{"taxonomy":"post_tag","embeddable":true,"href":"https:\/\/exaudi.org\/es\/wp-json\/wp\/v2\/tags?post=12017"}],"curies":[{"name":"wp","href":"https:\/\/api.w.org\/{rel}","templated":true}]}}