{"id":120044,"date":"2025-02-26T11:45:01","date_gmt":"2025-02-26T10:45:01","guid":{"rendered":"https:\/\/exaudi.org\/?p=120044"},"modified":"2025-02-26T12:23:42","modified_gmt":"2025-02-26T11:23:42","slug":"la-justicia-divina-y-la-humana-un-llamado-a-la-comprension-y-la-misericordia","status":"publish","type":"post","link":"https:\/\/exaudi.org\/es\/la-justicia-divina-y-la-humana-un-llamado-a-la-comprension-y-la-misericordia\/","title":{"rendered":"La Justicia Divina y la Humana: Un Llamado a la comprensi\u00f3n y la misericordia"},"content":{"rendered":"<p>En una sesi\u00f3n de catequesis con ni\u00f1os de postcomuni\u00f3n, surgi\u00f3 una conversaci\u00f3n alarmante: algunos hab\u00edan tenido contacto con la Ouija y el mal llamado \u00abjuego\u00bb de Charlie, todo a trav\u00e9s de sus dispositivos m\u00f3viles. Con apenas diez a\u00f1os, sin plena conciencia de lo que implicaban estas pr\u00e1cticas, hab\u00edan incursionado en un terreno peligroso.<\/p>\n<p><iframe title=\"Spotify Embed: La Justicia Divina y la Humana: Un Llamado a la comprensi\u00f3n y la misericordia\" style=\"border-radius: 12px\" width=\"100%\" height=\"152\" frameborder=\"0\" allowfullscreen allow=\"autoplay; clipboard-write; encrypted-media; fullscreen; picture-in-picture\" loading=\"lazy\" src=\"https:\/\/open.spotify.com\/embed\/episode\/1wjqIZV2IAM5xZCcn3ApVK?si=360c200a5c2247f7&#038;utm_source=oembed\"><\/iframe><\/p>\n<p>Uno de los ni\u00f1os, de sensibilidad especial, qued\u00f3 inquieto tras descubrir que hab\u00eda participado en algo peligroso espiritualmente. Aun despu\u00e9s de confesarse, tem\u00eda haber cometido un error irreparable. Su pregunta era sincera y angustiada: \u00bfhab\u00eda perdido el acceso al cielo por haber actuado sin saber que estaba mal? La catequista le ofreci\u00f3 tranquilidad, explic\u00e1ndole que la justicia de Dios no castiga a quienes act\u00faan sin conocimiento ni consentimiento pleno.<\/p>\n<p>Este episodio nos lleva a reflexionar sobre la diferencia entre la justicia divina y la justicia terrenal. En el \u00e1mbito legal, rige el principio ignorantia juris non excusat, lo que significa que la ignorancia de la ley no exime de su cumplimiento. En otras palabras, aunque una persona desconozca una norma, sigue siendo responsable de su violaci\u00f3n. Este principio es necesario para mantener el orden en la sociedad, evitando que el desconocimiento sirva como excusa para evadir responsabilidades.<\/p>\n<p>Sin embargo, Dios, en su infinita sabidur\u00eda, juzga de una manera distinta. La ense\u00f1anza moral de la Iglesia nos dice que un pecado mortal solo lo es si cumple tres condiciones: materia grave, conocimiento pleno y consentimiento deliberado. Esto significa que la justicia divina es profundamente personal y misericordiosa, pues no solo toma en cuenta el acto cometido, sino tambi\u00e9n la intenci\u00f3n y las circunstancias de la persona.<\/p>\n<p>Esta ense\u00f1anza tiene un gran valor para nuestra vida cotidiana. \u00bfNo ser\u00eda deseable que nuestra manera de juzgar se asemejara m\u00e1s a la de Dios? A menudo somos r\u00e1pidos en emitir juicios sin considerar el contexto o las intenciones de los dem\u00e1s. Pero, \u00bfno nos gustar\u00eda que, cuando cometemos errores, se nos juzgue con la misma comprensi\u00f3n y misericordia que Dios nos ofrece?<\/p>\n<p>En una sociedad que con frecuencia exige sanciones inmediatas y juicios severos, el ejemplo de Dios nos invita a una perspectiva m\u00e1s elevada, basada en el amor y el conocimiento profundo del coraz\u00f3n humano. No se trata de minimizar el pecado ni de justificar acciones equivocadas, sino de aplicar un discernimiento justo, que ayude a cada persona a crecer y corregir su camino en lugar de condenarla sin oportunidad de redenci\u00f3n.<\/p>\n<p>Esta reflexi\u00f3n no solo es v\u00e1lida en el \u00e1mbito religioso, sino que tambi\u00e9n puede aplicarse en nuestra vida familiar, en la educaci\u00f3n de los ni\u00f1os y en la convivencia social. Como padres, maestros y ciudadanos, debemos preguntarnos: \u00bfactuamos con justicia cuando corregimos? \u00bfSomos justos y compasivos en nuestras relaciones? \u00bfJuzgamos con rapidez o buscamos comprender antes de condenar?<\/p>\n<p>Imitar la justicia de Dios no implica renunciar a la correcci\u00f3n ni al deber de guiar a otros en el camino correcto, sino hacerlo buscando el bien, la caridad, no solo la mera justicia terrenal. En los hogares donde reina una justicia meramente \u201chumana\u201d, basada en frases como: \u201cyo solo recojo mis platos\u201d o \u201cayer ya baj\u00e9 yo la basura\u201d, el ambiente se vuelve fr\u00edo, tan fr\u00edo como la calle.<\/p>\n<p>Este pr\u00f3ximo 8M, pidamos una justicia terrenal que proteja y defienda a las mujeres, pero no cometamos el error de trasladar esa misma l\u00f3gica al hogar. Tengamos claro que en casa debemos aspirar a una justicia m\u00e1s elevada, m\u00e1s perfecta, m\u00e1s justa. La justicia de Dios: la del amor sin medida, la que valora la intenci\u00f3n y la que da calor. Why not?<\/p>\n<p><img loading=\"lazy\" decoding=\"async\" class=\"size-full wp-image-120048 alignnone\" src=\"https:\/\/exaudi.org\/wp-content\/uploads\/2025\/02\/Mar-Dorrio-3.jpg\" alt=\"\" width=\"940\" height=\"788\" srcset=\"https:\/\/exaudi.org\/wp-content\/uploads\/2025\/02\/Mar-Dorrio-3.jpg 940w, https:\/\/exaudi.org\/wp-content\/uploads\/2025\/02\/Mar-Dorrio-3-300x251.jpg 300w, https:\/\/exaudi.org\/wp-content\/uploads\/2025\/02\/Mar-Dorrio-3-770x645.jpg 770w, https:\/\/exaudi.org\/wp-content\/uploads\/2025\/02\/Mar-Dorrio-3-500x419.jpg 500w, https:\/\/exaudi.org\/wp-content\/uploads\/2025\/02\/Mar-Dorrio-3-293x246.jpg 293w, https:\/\/exaudi.org\/wp-content\/uploads\/2025\/02\/Mar-Dorrio-3-390x327.jpg 390w\" sizes=\"auto, (max-width: 940px) 100vw, 940px\" \/><\/p>\n","protected":false},"excerpt":{"rendered":"<p>El juicio y la correcci\u00f3n en la educaci\u00f3n y la convivencia, inspirada por el amor y la sabidur\u00eda de Dios<\/p>\n","protected":false},"author":148,"featured_media":120045,"comment_status":"closed","ping_status":"closed","sticky":false,"template":"","format":"standard","meta":{"_acf_changed":false,"_crdt_document":"","inline_featured_image":false,"footnotes":""},"categories":[130],"tags":[182,47670,47675,6905,33291,42592,47677,1858,16160,47672,47669,47673,47676,21881,3592,47671,47674,4953,19540],"class_list":["post-120044","post","type-post","status-publish","format-standard","has-post-thumbnail","hentry","category-voces","tag-catequesis","tag-correccion-en-la-educacion","tag-dios-y-la-justicia","tag-discernimiento","tag-educacion-cristiana","tag-etica-cristiana","tag-formacion-moral","tag-juicio","tag-justicia-divina","tag-justicia-en-el-hogar","tag-justicia-humana","tag-justicia-y-amor","tag-justicia-y-compasion","tag-mar-dorrio","tag-misericordia-es","tag-principios-de-justicia","tag-reflexion-sobre-el-juicio","tag-trending-es","tag-valores-cristianos"],"acf":[],"yoast_head":"<!-- This site is optimized with the Yoast SEO plugin v27.5 - https:\/\/yoast.com\/product\/yoast-seo-wordpress\/ -->\n<title>La Justicia Divina y la Humana: Un Llamado a la comprensi\u00f3n y la misericordia &#8211; Exaudi<\/title>\n<meta name=\"robots\" content=\"index, follow, max-snippet:-1, max-image-preview:large, max-video-preview:-1\" \/>\n<link rel=\"canonical\" href=\"https:\/\/exaudi.org\/es\/la-justicia-divina-y-la-humana-un-llamado-a-la-comprension-y-la-misericordia\/\" \/>\n<meta property=\"og:locale\" content=\"es_ES\" \/>\n<meta property=\"og:type\" content=\"article\" \/>\n<meta property=\"og:title\" content=\"La Justicia Divina y la Humana: Un Llamado a la comprensi\u00f3n y la misericordia &#8211; Exaudi\" \/>\n<meta property=\"og:description\" content=\"El juicio y la correcci\u00f3n en la educaci\u00f3n y la convivencia, inspirada por el amor y la sabidur\u00eda de Dios\" \/>\n<meta property=\"og:url\" content=\"https:\/\/exaudi.org\/es\/la-justicia-divina-y-la-humana-un-llamado-a-la-comprension-y-la-misericordia\/\" \/>\n<meta property=\"og:site_name\" content=\"Exaudi\" \/>\n<meta property=\"article:publisher\" content=\"https:\/\/www.facebook.com\/ExaudiNews\" \/>\n<meta property=\"article:published_time\" content=\"2025-02-26T10:45:01+00:00\" \/>\n<meta property=\"article:modified_time\" content=\"2025-02-26T11:23:42+00:00\" \/>\n<meta property=\"og:image\" content=\"https:\/\/exaudi.org\/wp-content\/uploads\/2025\/02\/pexels-luke-yanko-2475923-13627494-scaled.jpg\" \/>\n\t<meta property=\"og:image:width\" content=\"2560\" \/>\n\t<meta property=\"og:image:height\" content=\"1707\" \/>\n\t<meta property=\"og:image:type\" content=\"image\/jpeg\" \/>\n<meta name=\"author\" content=\"Mar Dorrio\" \/>\n<meta name=\"twitter:card\" content=\"summary_large_image\" \/>\n<meta name=\"twitter:creator\" content=\"@Exaudi_News\" \/>\n<meta name=\"twitter:site\" content=\"@Exaudi_News\" \/>\n<meta name=\"twitter:label1\" content=\"Escrito por\" \/>\n\t<meta name=\"twitter:data1\" content=\"Mar Dorrio\" \/>\n\t<meta name=\"twitter:label2\" content=\"Tiempo de lectura\" \/>\n\t<meta name=\"twitter:data2\" content=\"3 minutos\" \/>\n<script type=\"application\/ld+json\" class=\"yoast-schema-graph\">{\"@context\":\"https:\\\/\\\/schema.org\",\"@graph\":[{\"@type\":\"Article\",\"@id\":\"https:\\\/\\\/exaudi.org\\\/es\\\/la-justicia-divina-y-la-humana-un-llamado-a-la-comprension-y-la-misericordia\\\/#article\",\"isPartOf\":{\"@id\":\"https:\\\/\\\/exaudi.org\\\/es\\\/la-justicia-divina-y-la-humana-un-llamado-a-la-comprension-y-la-misericordia\\\/\"},\"author\":{\"name\":\"Mar Dorrio\",\"@id\":\"https:\\\/\\\/exaudi.org\\\/#\\\/schema\\\/person\\\/190063d92b4c81e4169e81af30a8b9db\"},\"headline\":\"La Justicia Divina y la Humana: Un Llamado a la comprensi\u00f3n y la misericordia\",\"datePublished\":\"2025-02-26T10:45:01+00:00\",\"dateModified\":\"2025-02-26T11:23:42+00:00\",\"mainEntityOfPage\":{\"@id\":\"https:\\\/\\\/exaudi.org\\\/es\\\/la-justicia-divina-y-la-humana-un-llamado-a-la-comprension-y-la-misericordia\\\/\"},\"wordCount\":668,\"image\":{\"@id\":\"https:\\\/\\\/exaudi.org\\\/es\\\/la-justicia-divina-y-la-humana-un-llamado-a-la-comprension-y-la-misericordia\\\/#primaryimage\"},\"thumbnailUrl\":\"https:\\\/\\\/exaudi.org\\\/wp-content\\\/uploads\\\/2025\\\/02\\\/pexels-luke-yanko-2475923-13627494-scaled.jpg\",\"keywords\":[\"catequesis\",\"correcci\u00f3n en la educaci\u00f3n\",\"Dios y la justicia\",\"discernimiento\",\"educaci\u00f3n cristiana\",\"\u00e9tica cristiana\",\"formaci\u00f3n moral\",\"Juicio\",\"justicia divina\",\"justicia en el hogar\",\"justicia humana\",\"justicia y amor\",\"justicia y compasi\u00f3n\",\"Mar Dorrio\",\"misericordia\",\"principios de justicia\",\"reflexi\u00f3n sobre el juicio\",\"Trending\",\"valores cristianos\"],\"articleSection\":[\"Voces\"],\"inLanguage\":\"es\"},{\"@type\":\"WebPage\",\"@id\":\"https:\\\/\\\/exaudi.org\\\/es\\\/la-justicia-divina-y-la-humana-un-llamado-a-la-comprension-y-la-misericordia\\\/\",\"url\":\"https:\\\/\\\/exaudi.org\\\/es\\\/la-justicia-divina-y-la-humana-un-llamado-a-la-comprension-y-la-misericordia\\\/\",\"name\":\"La Justicia Divina y la Humana: Un Llamado a la comprensi\u00f3n y la misericordia &#8211; Exaudi\",\"isPartOf\":{\"@id\":\"https:\\\/\\\/exaudi.org\\\/#website\"},\"primaryImageOfPage\":{\"@id\":\"https:\\\/\\\/exaudi.org\\\/es\\\/la-justicia-divina-y-la-humana-un-llamado-a-la-comprension-y-la-misericordia\\\/#primaryimage\"},\"image\":{\"@id\":\"https:\\\/\\\/exaudi.org\\\/es\\\/la-justicia-divina-y-la-humana-un-llamado-a-la-comprension-y-la-misericordia\\\/#primaryimage\"},\"thumbnailUrl\":\"https:\\\/\\\/exaudi.org\\\/wp-content\\\/uploads\\\/2025\\\/02\\\/pexels-luke-yanko-2475923-13627494-scaled.jpg\",\"datePublished\":\"2025-02-26T10:45:01+00:00\",\"dateModified\":\"2025-02-26T11:23:42+00:00\",\"author\":{\"@id\":\"https:\\\/\\\/exaudi.org\\\/#\\\/schema\\\/person\\\/190063d92b4c81e4169e81af30a8b9db\"},\"breadcrumb\":{\"@id\":\"https:\\\/\\\/exaudi.org\\\/es\\\/la-justicia-divina-y-la-humana-un-llamado-a-la-comprension-y-la-misericordia\\\/#breadcrumb\"},\"inLanguage\":\"es\",\"potentialAction\":[{\"@type\":\"ReadAction\",\"target\":[\"https:\\\/\\\/exaudi.org\\\/es\\\/la-justicia-divina-y-la-humana-un-llamado-a-la-comprension-y-la-misericordia\\\/\"]}]},{\"@type\":\"ImageObject\",\"inLanguage\":\"es\",\"@id\":\"https:\\\/\\\/exaudi.org\\\/es\\\/la-justicia-divina-y-la-humana-un-llamado-a-la-comprension-y-la-misericordia\\\/#primaryimage\",\"url\":\"https:\\\/\\\/exaudi.org\\\/wp-content\\\/uploads\\\/2025\\\/02\\\/pexels-luke-yanko-2475923-13627494-scaled.jpg\",\"contentUrl\":\"https:\\\/\\\/exaudi.org\\\/wp-content\\\/uploads\\\/2025\\\/02\\\/pexels-luke-yanko-2475923-13627494-scaled.jpg\",\"width\":2560,\"height\":1707},{\"@type\":\"BreadcrumbList\",\"@id\":\"https:\\\/\\\/exaudi.org\\\/es\\\/la-justicia-divina-y-la-humana-un-llamado-a-la-comprension-y-la-misericordia\\\/#breadcrumb\",\"itemListElement\":[{\"@type\":\"ListItem\",\"position\":1,\"name\":\"Portada\",\"item\":\"https:\\\/\\\/exaudi.org\\\/es\\\/\"},{\"@type\":\"ListItem\",\"position\":2,\"name\":\"La Justicia Divina y la Humana: Un Llamado a la comprensi\u00f3n y la misericordia\"}]},{\"@type\":\"WebSite\",\"@id\":\"https:\\\/\\\/exaudi.org\\\/#website\",\"url\":\"https:\\\/\\\/exaudi.org\\\/\",\"name\":\"Exaudi\",\"description\":\"News\",\"potentialAction\":[{\"@type\":\"SearchAction\",\"target\":{\"@type\":\"EntryPoint\",\"urlTemplate\":\"https:\\\/\\\/exaudi.org\\\/?s={search_term_string}\"},\"query-input\":{\"@type\":\"PropertyValueSpecification\",\"valueRequired\":true,\"valueName\":\"search_term_string\"}}],\"inLanguage\":\"es\"},{\"@type\":\"Person\",\"@id\":\"https:\\\/\\\/exaudi.org\\\/#\\\/schema\\\/person\\\/190063d92b4c81e4169e81af30a8b9db\",\"name\":\"Mar Dorrio\",\"image\":{\"@type\":\"ImageObject\",\"inLanguage\":\"es\",\"@id\":\"https:\\\/\\\/secure.gravatar.com\\\/avatar\\\/e83dfcdce3efd6639efe212c38daa01e5377afde4390bfc27b30d803ee0b7fa5?s=96&d=mm&r=g\",\"url\":\"https:\\\/\\\/secure.gravatar.com\\\/avatar\\\/e83dfcdce3efd6639efe212c38daa01e5377afde4390bfc27b30d803ee0b7fa5?s=96&d=mm&r=g\",\"contentUrl\":\"https:\\\/\\\/secure.gravatar.com\\\/avatar\\\/e83dfcdce3efd6639efe212c38daa01e5377afde4390bfc27b30d803ee0b7fa5?s=96&d=mm&r=g\",\"caption\":\"Mar Dorrio\"},\"description\":\"Ser madre de 12 hijos hace que tenga experiencia en psicolog\u00eda, enfermer\u00eda, restauraci\u00f3n, decoraci\u00f3n, organizaci\u00f3n de eventos, coaching de superaci\u00f3n... Y todo regado con la capacidad de trabajo que te da estar disponible las 24 horas del d\u00eda durante 25 a\u00f1os. Con la ilusi\u00f3n de compartir tantas vivencias, cre\u00e9 la cuenta @whynottwelve, actualmente con m\u00e1s de 11.000 seguidores, y la actividad sin \u00e1nimo de lucro \\\"Caf\u00e9 de los Viernes\\\", que consiste en la organizaci\u00f3n de caf\u00e9s simult\u00e1neos en casas particulares de diversas ciudades del mundo, en los que se ofrece, a trav\u00e9s de internet, un testimonio que pretende ayudar a los participantes a acercarse a Dios y a mejorar sus vidas.\",\"sameAs\":[\"https:\\\/\\\/www.instagram.com\\\/whynottwelve\\\/?hl=es\",\"https:\\\/youtu.be\\\/_QDuXCRFK4\"],\"url\":\"https:\\\/\\\/exaudi.org\\\/es\\\/author\\\/mar-dorrio\\\/\"}]}<\/script>\n<!-- \/ Yoast SEO plugin. -->","yoast_head_json":{"title":"La Justicia Divina y la Humana: Un Llamado a la comprensi\u00f3n y la misericordia &#8211; Exaudi","robots":{"index":"index","follow":"follow","max-snippet":"max-snippet:-1","max-image-preview":"max-image-preview:large","max-video-preview":"max-video-preview:-1"},"canonical":"https:\/\/exaudi.org\/es\/la-justicia-divina-y-la-humana-un-llamado-a-la-comprension-y-la-misericordia\/","og_locale":"es_ES","og_type":"article","og_title":"La Justicia Divina y la Humana: Un Llamado a la comprensi\u00f3n y la misericordia &#8211; Exaudi","og_description":"El juicio y la correcci\u00f3n en la educaci\u00f3n y la convivencia, inspirada por el amor y la sabidur\u00eda de Dios","og_url":"https:\/\/exaudi.org\/es\/la-justicia-divina-y-la-humana-un-llamado-a-la-comprension-y-la-misericordia\/","og_site_name":"Exaudi","article_publisher":"https:\/\/www.facebook.com\/ExaudiNews","article_published_time":"2025-02-26T10:45:01+00:00","article_modified_time":"2025-02-26T11:23:42+00:00","og_image":[{"width":2560,"height":1707,"url":"https:\/\/exaudi.org\/wp-content\/uploads\/2025\/02\/pexels-luke-yanko-2475923-13627494-scaled.jpg","type":"image\/jpeg"}],"author":"Mar Dorrio","twitter_card":"summary_large_image","twitter_creator":"@Exaudi_News","twitter_site":"@Exaudi_News","twitter_misc":{"Escrito por":"Mar Dorrio","Tiempo de lectura":"3 minutos"},"schema":{"@context":"https:\/\/schema.org","@graph":[{"@type":"Article","@id":"https:\/\/exaudi.org\/es\/la-justicia-divina-y-la-humana-un-llamado-a-la-comprension-y-la-misericordia\/#article","isPartOf":{"@id":"https:\/\/exaudi.org\/es\/la-justicia-divina-y-la-humana-un-llamado-a-la-comprension-y-la-misericordia\/"},"author":{"name":"Mar Dorrio","@id":"https:\/\/exaudi.org\/#\/schema\/person\/190063d92b4c81e4169e81af30a8b9db"},"headline":"La Justicia Divina y la Humana: Un Llamado a la comprensi\u00f3n y la misericordia","datePublished":"2025-02-26T10:45:01+00:00","dateModified":"2025-02-26T11:23:42+00:00","mainEntityOfPage":{"@id":"https:\/\/exaudi.org\/es\/la-justicia-divina-y-la-humana-un-llamado-a-la-comprension-y-la-misericordia\/"},"wordCount":668,"image":{"@id":"https:\/\/exaudi.org\/es\/la-justicia-divina-y-la-humana-un-llamado-a-la-comprension-y-la-misericordia\/#primaryimage"},"thumbnailUrl":"https:\/\/exaudi.org\/wp-content\/uploads\/2025\/02\/pexels-luke-yanko-2475923-13627494-scaled.jpg","keywords":["catequesis","correcci\u00f3n en la educaci\u00f3n","Dios y la justicia","discernimiento","educaci\u00f3n cristiana","\u00e9tica cristiana","formaci\u00f3n moral","Juicio","justicia divina","justicia en el hogar","justicia humana","justicia y amor","justicia y compasi\u00f3n","Mar Dorrio","misericordia","principios de justicia","reflexi\u00f3n sobre el juicio","Trending","valores cristianos"],"articleSection":["Voces"],"inLanguage":"es"},{"@type":"WebPage","@id":"https:\/\/exaudi.org\/es\/la-justicia-divina-y-la-humana-un-llamado-a-la-comprension-y-la-misericordia\/","url":"https:\/\/exaudi.org\/es\/la-justicia-divina-y-la-humana-un-llamado-a-la-comprension-y-la-misericordia\/","name":"La Justicia Divina y la Humana: Un Llamado a la comprensi\u00f3n y la misericordia &#8211; Exaudi","isPartOf":{"@id":"https:\/\/exaudi.org\/#website"},"primaryImageOfPage":{"@id":"https:\/\/exaudi.org\/es\/la-justicia-divina-y-la-humana-un-llamado-a-la-comprension-y-la-misericordia\/#primaryimage"},"image":{"@id":"https:\/\/exaudi.org\/es\/la-justicia-divina-y-la-humana-un-llamado-a-la-comprension-y-la-misericordia\/#primaryimage"},"thumbnailUrl":"https:\/\/exaudi.org\/wp-content\/uploads\/2025\/02\/pexels-luke-yanko-2475923-13627494-scaled.jpg","datePublished":"2025-02-26T10:45:01+00:00","dateModified":"2025-02-26T11:23:42+00:00","author":{"@id":"https:\/\/exaudi.org\/#\/schema\/person\/190063d92b4c81e4169e81af30a8b9db"},"breadcrumb":{"@id":"https:\/\/exaudi.org\/es\/la-justicia-divina-y-la-humana-un-llamado-a-la-comprension-y-la-misericordia\/#breadcrumb"},"inLanguage":"es","potentialAction":[{"@type":"ReadAction","target":["https:\/\/exaudi.org\/es\/la-justicia-divina-y-la-humana-un-llamado-a-la-comprension-y-la-misericordia\/"]}]},{"@type":"ImageObject","inLanguage":"es","@id":"https:\/\/exaudi.org\/es\/la-justicia-divina-y-la-humana-un-llamado-a-la-comprension-y-la-misericordia\/#primaryimage","url":"https:\/\/exaudi.org\/wp-content\/uploads\/2025\/02\/pexels-luke-yanko-2475923-13627494-scaled.jpg","contentUrl":"https:\/\/exaudi.org\/wp-content\/uploads\/2025\/02\/pexels-luke-yanko-2475923-13627494-scaled.jpg","width":2560,"height":1707},{"@type":"BreadcrumbList","@id":"https:\/\/exaudi.org\/es\/la-justicia-divina-y-la-humana-un-llamado-a-la-comprension-y-la-misericordia\/#breadcrumb","itemListElement":[{"@type":"ListItem","position":1,"name":"Portada","item":"https:\/\/exaudi.org\/es\/"},{"@type":"ListItem","position":2,"name":"La Justicia Divina y la Humana: Un Llamado a la comprensi\u00f3n y la misericordia"}]},{"@type":"WebSite","@id":"https:\/\/exaudi.org\/#website","url":"https:\/\/exaudi.org\/","name":"Exaudi","description":"News","potentialAction":[{"@type":"SearchAction","target":{"@type":"EntryPoint","urlTemplate":"https:\/\/exaudi.org\/?s={search_term_string}"},"query-input":{"@type":"PropertyValueSpecification","valueRequired":true,"valueName":"search_term_string"}}],"inLanguage":"es"},{"@type":"Person","@id":"https:\/\/exaudi.org\/#\/schema\/person\/190063d92b4c81e4169e81af30a8b9db","name":"Mar Dorrio","image":{"@type":"ImageObject","inLanguage":"es","@id":"https:\/\/secure.gravatar.com\/avatar\/e83dfcdce3efd6639efe212c38daa01e5377afde4390bfc27b30d803ee0b7fa5?s=96&d=mm&r=g","url":"https:\/\/secure.gravatar.com\/avatar\/e83dfcdce3efd6639efe212c38daa01e5377afde4390bfc27b30d803ee0b7fa5?s=96&d=mm&r=g","contentUrl":"https:\/\/secure.gravatar.com\/avatar\/e83dfcdce3efd6639efe212c38daa01e5377afde4390bfc27b30d803ee0b7fa5?s=96&d=mm&r=g","caption":"Mar Dorrio"},"description":"Ser madre de 12 hijos hace que tenga experiencia en psicolog\u00eda, enfermer\u00eda, restauraci\u00f3n, decoraci\u00f3n, organizaci\u00f3n de eventos, coaching de superaci\u00f3n... Y todo regado con la capacidad de trabajo que te da estar disponible las 24 horas del d\u00eda durante 25 a\u00f1os. Con la ilusi\u00f3n de compartir tantas vivencias, cre\u00e9 la cuenta @whynottwelve, actualmente con m\u00e1s de 11.000 seguidores, y la actividad sin \u00e1nimo de lucro \"Caf\u00e9 de los Viernes\", que consiste en la organizaci\u00f3n de caf\u00e9s simult\u00e1neos en casas particulares de diversas ciudades del mundo, en los que se ofrece, a trav\u00e9s de internet, un testimonio que pretende ayudar a los participantes a acercarse a Dios y a mejorar sus vidas.","sameAs":["https:\/\/www.instagram.com\/whynottwelve\/?hl=es","https:\/youtu.be\/_QDuXCRFK4"],"url":"https:\/\/exaudi.org\/es\/author\/mar-dorrio\/"}]}},"jetpack_featured_media_url":"https:\/\/exaudi.org\/wp-content\/uploads\/2025\/02\/pexels-luke-yanko-2475923-13627494-scaled.jpg","jetpack_shortlink":"https:\/\/wp.me\/pgKjF2-vec","_links":{"self":[{"href":"https:\/\/exaudi.org\/es\/wp-json\/wp\/v2\/posts\/120044","targetHints":{"allow":["GET"]}}],"collection":[{"href":"https:\/\/exaudi.org\/es\/wp-json\/wp\/v2\/posts"}],"about":[{"href":"https:\/\/exaudi.org\/es\/wp-json\/wp\/v2\/types\/post"}],"author":[{"embeddable":true,"href":"https:\/\/exaudi.org\/es\/wp-json\/wp\/v2\/users\/148"}],"replies":[{"embeddable":true,"href":"https:\/\/exaudi.org\/es\/wp-json\/wp\/v2\/comments?post=120044"}],"version-history":[{"count":0,"href":"https:\/\/exaudi.org\/es\/wp-json\/wp\/v2\/posts\/120044\/revisions"}],"wp:featuredmedia":[{"embeddable":true,"href":"https:\/\/exaudi.org\/es\/wp-json\/wp\/v2\/media\/120045"}],"wp:attachment":[{"href":"https:\/\/exaudi.org\/es\/wp-json\/wp\/v2\/media?parent=120044"}],"wp:term":[{"taxonomy":"category","embeddable":true,"href":"https:\/\/exaudi.org\/es\/wp-json\/wp\/v2\/categories?post=120044"},{"taxonomy":"post_tag","embeddable":true,"href":"https:\/\/exaudi.org\/es\/wp-json\/wp\/v2\/tags?post=120044"}],"curies":[{"name":"wp","href":"https:\/\/api.w.org\/{rel}","templated":true}]}}