{"id":120000,"date":"2025-02-25T20:07:04","date_gmt":"2025-02-25T19:07:04","guid":{"rendered":"https:\/\/exaudi.org\/?p=120000"},"modified":"2025-02-26T09:20:19","modified_gmt":"2025-02-26T08:20:19","slug":"el-papa-en-gemelli-condiciones-criticas-pero-estables","status":"publish","type":"post","link":"https:\/\/exaudi.org\/es\/el-papa-en-gemelli-condiciones-criticas-pero-estables\/","title":{"rendered":"El Papa en Gemelli, condiciones cr\u00edticas pero estables"},"content":{"rendered":"<p>Informa la comunicaci\u00f3n que \u201cEl estado cl\u00ednico del Santo Padre sigue siendo cr\u00edtico pero estable. No se han producido episodios respiratorios agudos y los par\u00e1metros hemodin\u00e1micos permanecen estables. Por la tarde se le ha practicado un TAC programado para el control radiol\u00f3gico de una neumon\u00eda bilateral. El pron\u00f3stico sigue siendo reservado. Por la ma\u00f1ana, tras recibir la Eucarist\u00eda, se reincorpor\u00f3 al trabajo\u201d.<\/p>\n<p>As\u00ed lo afirma el bolet\u00edn de la Oficina de Prensa de la Santa Sede difundido esta tarde, 25 de febrero, sobre el estado de salud del Papa, hospitalizado desde hace doce d\u00edas en el Policl\u00ednico Gemelli.<\/p>\n","protected":false},"excerpt":{"rendered":"<p>No presenta episodios respiratorios agudos, par\u00e1metros hemodin\u00e1micos estables. Tomograf\u00eda computarizada programada realizada para control radiol\u00f3gico de neumon\u00eda bilateral. El pron\u00f3stico sigue siendo reservado<\/p>\n","protected":false},"author":15,"featured_media":120001,"comment_status":"closed","ping_status":"closed","sticky":false,"template":"","format":"standard","meta":{"_acf_changed":false,"_crdt_document":"","inline_featured_image":false,"footnotes":""},"categories":[68],"tags":[46191,158,512,4953],"class_list":["post-120000","post","type-post","status-publish","format-standard","has-post-thumbnail","hentry","category-leon-xiv","tag-hospitalizacion-gemelli","tag-papa-francisco","tag-salud","tag-trending-es"],"acf":[],"yoast_head":"<!-- This site is optimized with the Yoast SEO plugin v27.4 - https:\/\/yoast.com\/product\/yoast-seo-wordpress\/ -->\n<title>El Papa en Gemelli, condiciones cr\u00edticas pero estables &#8211; Exaudi<\/title>\n<meta name=\"robots\" content=\"index, follow, max-snippet:-1, max-image-preview:large, max-video-preview:-1\" \/>\n<link rel=\"canonical\" href=\"https:\/\/exaudi.org\/es\/el-papa-en-gemelli-condiciones-criticas-pero-estables\/\" \/>\n<meta property=\"og:locale\" content=\"es_ES\" \/>\n<meta property=\"og:type\" content=\"article\" \/>\n<meta property=\"og:title\" content=\"El Papa en Gemelli, condiciones cr\u00edticas pero estables &#8211; Exaudi\" \/>\n<meta property=\"og:description\" content=\"No presenta episodios respiratorios agudos, par\u00e1metros hemodin\u00e1micos estables. Tomograf\u00eda computarizada programada realizada para control radiol\u00f3gico de neumon\u00eda bilateral. El pron\u00f3stico sigue siendo reservado\" \/>\n<meta property=\"og:url\" content=\"https:\/\/exaudi.org\/es\/el-papa-en-gemelli-condiciones-criticas-pero-estables\/\" \/>\n<meta property=\"og:site_name\" content=\"Exaudi\" \/>\n<meta property=\"article:publisher\" content=\"https:\/\/www.facebook.com\/ExaudiNews\" \/>\n<meta property=\"article:author\" content=\"https:\/\/www.facebook.com\/ExaudiNoticias\/\" \/>\n<meta property=\"article:published_time\" content=\"2025-02-25T19:07:04+00:00\" \/>\n<meta property=\"article:modified_time\" content=\"2025-02-26T08:20:19+00:00\" \/>\n<meta property=\"og:image\" content=\"https:\/\/exaudi.org\/wp-content\/uploads\/2025\/02\/cq5dam.thumbnail.cropped.500.281-6.jpeg\" \/>\n\t<meta property=\"og:image:width\" content=\"500\" \/>\n\t<meta property=\"og:image:height\" content=\"281\" \/>\n\t<meta property=\"og:image:type\" content=\"image\/jpeg\" \/>\n<meta name=\"author\" content=\"Exaudi Redacci\u00f3n\" \/>\n<meta name=\"twitter:card\" content=\"summary_large_image\" \/>\n<meta name=\"twitter:creator\" content=\"@Exaudi_noticias\" \/>\n<meta name=\"twitter:site\" content=\"@Exaudi_News\" \/>\n<meta name=\"twitter:label1\" content=\"Escrito por\" \/>\n\t<meta name=\"twitter:data1\" content=\"Exaudi Redacci\u00f3n\" \/>\n\t<meta name=\"twitter:label2\" content=\"Tiempo de lectura\" \/>\n\t<meta name=\"twitter:data2\" content=\"1 minuto\" \/>\n<script type=\"application\/ld+json\" class=\"yoast-schema-graph\">{\"@context\":\"https:\\\/\\\/schema.org\",\"@graph\":[{\"@type\":\"Article\",\"@id\":\"https:\\\/\\\/exaudi.org\\\/es\\\/el-papa-en-gemelli-condiciones-criticas-pero-estables\\\/#article\",\"isPartOf\":{\"@id\":\"https:\\\/\\\/exaudi.org\\\/es\\\/el-papa-en-gemelli-condiciones-criticas-pero-estables\\\/\"},\"author\":{\"name\":\"Exaudi Redacci\u00f3n\",\"@id\":\"https:\\\/\\\/exaudi.org\\\/#\\\/schema\\\/person\\\/f5fc8f063065e38742da7afe15f25df7\"},\"headline\":\"El Papa en Gemelli, condiciones cr\u00edticas pero estables\",\"datePublished\":\"2025-02-25T19:07:04+00:00\",\"dateModified\":\"2025-02-26T08:20:19+00:00\",\"mainEntityOfPage\":{\"@id\":\"https:\\\/\\\/exaudi.org\\\/es\\\/el-papa-en-gemelli-condiciones-criticas-pero-estables\\\/\"},\"wordCount\":119,\"image\":{\"@id\":\"https:\\\/\\\/exaudi.org\\\/es\\\/el-papa-en-gemelli-condiciones-criticas-pero-estables\\\/#primaryimage\"},\"thumbnailUrl\":\"https:\\\/\\\/exaudi.org\\\/wp-content\\\/uploads\\\/2025\\\/02\\\/cq5dam.thumbnail.cropped.500.281-6.jpeg\",\"keywords\":[\"hospitalizaci\u00f3n Gemelli\",\"papa francisco\",\"Salud\",\"Trending\"],\"articleSection\":[\"Le\u00f3n XIV\"],\"inLanguage\":\"es\"},{\"@type\":\"WebPage\",\"@id\":\"https:\\\/\\\/exaudi.org\\\/es\\\/el-papa-en-gemelli-condiciones-criticas-pero-estables\\\/\",\"url\":\"https:\\\/\\\/exaudi.org\\\/es\\\/el-papa-en-gemelli-condiciones-criticas-pero-estables\\\/\",\"name\":\"El Papa en Gemelli, condiciones cr\u00edticas pero estables &#8211; Exaudi\",\"isPartOf\":{\"@id\":\"https:\\\/\\\/exaudi.org\\\/#website\"},\"primaryImageOfPage\":{\"@id\":\"https:\\\/\\\/exaudi.org\\\/es\\\/el-papa-en-gemelli-condiciones-criticas-pero-estables\\\/#primaryimage\"},\"image\":{\"@id\":\"https:\\\/\\\/exaudi.org\\\/es\\\/el-papa-en-gemelli-condiciones-criticas-pero-estables\\\/#primaryimage\"},\"thumbnailUrl\":\"https:\\\/\\\/exaudi.org\\\/wp-content\\\/uploads\\\/2025\\\/02\\\/cq5dam.thumbnail.cropped.500.281-6.jpeg\",\"datePublished\":\"2025-02-25T19:07:04+00:00\",\"dateModified\":\"2025-02-26T08:20:19+00:00\",\"author\":{\"@id\":\"https:\\\/\\\/exaudi.org\\\/#\\\/schema\\\/person\\\/f5fc8f063065e38742da7afe15f25df7\"},\"breadcrumb\":{\"@id\":\"https:\\\/\\\/exaudi.org\\\/es\\\/el-papa-en-gemelli-condiciones-criticas-pero-estables\\\/#breadcrumb\"},\"inLanguage\":\"es\",\"potentialAction\":[{\"@type\":\"ReadAction\",\"target\":[\"https:\\\/\\\/exaudi.org\\\/es\\\/el-papa-en-gemelli-condiciones-criticas-pero-estables\\\/\"]}]},{\"@type\":\"ImageObject\",\"inLanguage\":\"es\",\"@id\":\"https:\\\/\\\/exaudi.org\\\/es\\\/el-papa-en-gemelli-condiciones-criticas-pero-estables\\\/#primaryimage\",\"url\":\"https:\\\/\\\/exaudi.org\\\/wp-content\\\/uploads\\\/2025\\\/02\\\/cq5dam.thumbnail.cropped.500.281-6.jpeg\",\"contentUrl\":\"https:\\\/\\\/exaudi.org\\\/wp-content\\\/uploads\\\/2025\\\/02\\\/cq5dam.thumbnail.cropped.500.281-6.jpeg\",\"width\":500,\"height\":281},{\"@type\":\"BreadcrumbList\",\"@id\":\"https:\\\/\\\/exaudi.org\\\/es\\\/el-papa-en-gemelli-condiciones-criticas-pero-estables\\\/#breadcrumb\",\"itemListElement\":[{\"@type\":\"ListItem\",\"position\":1,\"name\":\"Portada\",\"item\":\"https:\\\/\\\/exaudi.org\\\/es\\\/\"},{\"@type\":\"ListItem\",\"position\":2,\"name\":\"El Papa en Gemelli, condiciones cr\u00edticas pero estables\"}]},{\"@type\":\"WebSite\",\"@id\":\"https:\\\/\\\/exaudi.org\\\/#website\",\"url\":\"https:\\\/\\\/exaudi.org\\\/\",\"name\":\"Exaudi\",\"description\":\"News\",\"potentialAction\":[{\"@type\":\"SearchAction\",\"target\":{\"@type\":\"EntryPoint\",\"urlTemplate\":\"https:\\\/\\\/exaudi.org\\\/?s={search_term_string}\"},\"query-input\":{\"@type\":\"PropertyValueSpecification\",\"valueRequired\":true,\"valueName\":\"search_term_string\"}}],\"inLanguage\":\"es\"},{\"@type\":\"Person\",\"@id\":\"https:\\\/\\\/exaudi.org\\\/#\\\/schema\\\/person\\\/f5fc8f063065e38742da7afe15f25df7\",\"name\":\"Exaudi Redacci\u00f3n\",\"image\":{\"@type\":\"ImageObject\",\"inLanguage\":\"es\",\"@id\":\"https:\\\/\\\/secure.gravatar.com\\\/avatar\\\/fe0f6a059fb68d9b3e11bc5850dd4899b1c7492091a3cb6dd9b01b56ad828be2?s=96&d=mm&r=g\",\"url\":\"https:\\\/\\\/secure.gravatar.com\\\/avatar\\\/fe0f6a059fb68d9b3e11bc5850dd4899b1c7492091a3cb6dd9b01b56ad828be2?s=96&d=mm&r=g\",\"contentUrl\":\"https:\\\/\\\/secure.gravatar.com\\\/avatar\\\/fe0f6a059fb68d9b3e11bc5850dd4899b1c7492091a3cb6dd9b01b56ad828be2?s=96&d=mm&r=g\",\"caption\":\"Exaudi Redacci\u00f3n\"},\"description\":\"\u00bfQu\u00e9 es Exaudi News? Exaudi News es un medio de comunicaci\u00f3n cat\u00f3lico internacional que informa, forma y transforma, diariamente en espa\u00f1ol, ingl\u00e9s e italiano. A trav\u00e9s de noticias, art\u00edculos de an\u00e1lisis y transmisiones en directo de los eventos del Papa, Exaudi busca fortalecer la unidad de los cristianos y contribuir a la evangelizaci\u00f3n del mundo, siempre guiados por la doctrina social de la Iglesia. Trabajamos para acercar la verdad y los valores cristianos a cada rinc\u00f3n del planeta. \u00a1Ay\u00fadanos a transformar el mundo con Exaudi! En Exaudi creemos que la evangelizaci\u00f3n y la informaci\u00f3n de calidad pueden cambiar vidas. Para continuar con nuestra misi\u00f3n y expandir nuestro alcance, necesitamos tu ayuda. Adem\u00e1s, buscamos personas comprometidas que deseen unirse a nuestro equipo. Con tu apoyo, lograremos llegar a m\u00e1s personas, difundir el mensaje de Cristo y reforzar la unidad de los cristianos. \u00bfTe unes a nuestra misi\u00f3n? Para m\u00e1s informaci\u00f3n sobre c\u00f3mo colaborar, visita Exaudi.org\\\/es o cont\u00e1ctanos directamente: info@exaudi.org Exaudi: Informa, forma y transforma.\",\"sameAs\":[\"https:\\\/\\\/www.facebook.com\\\/ExaudiNoticias\\\/\",\"https:\\\/\\\/www.instagram.com\\\/exaudi_noticias\\\/\",\"https:\\\/\\\/x.com\\\/Exaudi_noticias\",\"https:\\\/\\\/www.youtube.com\\\/@exaudicatholicnews\"],\"url\":\"https:\\\/\\\/exaudi.org\\\/es\\\/author\\\/redaccionexaudi\\\/\"}]}<\/script>\n<!-- \/ Yoast SEO plugin. -->","yoast_head_json":{"title":"El Papa en Gemelli, condiciones cr\u00edticas pero estables &#8211; Exaudi","robots":{"index":"index","follow":"follow","max-snippet":"max-snippet:-1","max-image-preview":"max-image-preview:large","max-video-preview":"max-video-preview:-1"},"canonical":"https:\/\/exaudi.org\/es\/el-papa-en-gemelli-condiciones-criticas-pero-estables\/","og_locale":"es_ES","og_type":"article","og_title":"El Papa en Gemelli, condiciones cr\u00edticas pero estables &#8211; Exaudi","og_description":"No presenta episodios respiratorios agudos, par\u00e1metros hemodin\u00e1micos estables. Tomograf\u00eda computarizada programada realizada para control radiol\u00f3gico de neumon\u00eda bilateral. El pron\u00f3stico sigue siendo reservado","og_url":"https:\/\/exaudi.org\/es\/el-papa-en-gemelli-condiciones-criticas-pero-estables\/","og_site_name":"Exaudi","article_publisher":"https:\/\/www.facebook.com\/ExaudiNews","article_author":"https:\/\/www.facebook.com\/ExaudiNoticias\/","article_published_time":"2025-02-25T19:07:04+00:00","article_modified_time":"2025-02-26T08:20:19+00:00","og_image":[{"width":500,"height":281,"url":"https:\/\/exaudi.org\/wp-content\/uploads\/2025\/02\/cq5dam.thumbnail.cropped.500.281-6.jpeg","type":"image\/jpeg"}],"author":"Exaudi Redacci\u00f3n","twitter_card":"summary_large_image","twitter_creator":"@Exaudi_noticias","twitter_site":"@Exaudi_News","twitter_misc":{"Escrito por":"Exaudi Redacci\u00f3n","Tiempo de lectura":"1 minuto"},"schema":{"@context":"https:\/\/schema.org","@graph":[{"@type":"Article","@id":"https:\/\/exaudi.org\/es\/el-papa-en-gemelli-condiciones-criticas-pero-estables\/#article","isPartOf":{"@id":"https:\/\/exaudi.org\/es\/el-papa-en-gemelli-condiciones-criticas-pero-estables\/"},"author":{"name":"Exaudi Redacci\u00f3n","@id":"https:\/\/exaudi.org\/#\/schema\/person\/f5fc8f063065e38742da7afe15f25df7"},"headline":"El Papa en Gemelli, condiciones cr\u00edticas pero estables","datePublished":"2025-02-25T19:07:04+00:00","dateModified":"2025-02-26T08:20:19+00:00","mainEntityOfPage":{"@id":"https:\/\/exaudi.org\/es\/el-papa-en-gemelli-condiciones-criticas-pero-estables\/"},"wordCount":119,"image":{"@id":"https:\/\/exaudi.org\/es\/el-papa-en-gemelli-condiciones-criticas-pero-estables\/#primaryimage"},"thumbnailUrl":"https:\/\/exaudi.org\/wp-content\/uploads\/2025\/02\/cq5dam.thumbnail.cropped.500.281-6.jpeg","keywords":["hospitalizaci\u00f3n Gemelli","papa francisco","Salud","Trending"],"articleSection":["Le\u00f3n XIV"],"inLanguage":"es"},{"@type":"WebPage","@id":"https:\/\/exaudi.org\/es\/el-papa-en-gemelli-condiciones-criticas-pero-estables\/","url":"https:\/\/exaudi.org\/es\/el-papa-en-gemelli-condiciones-criticas-pero-estables\/","name":"El Papa en Gemelli, condiciones cr\u00edticas pero estables &#8211; Exaudi","isPartOf":{"@id":"https:\/\/exaudi.org\/#website"},"primaryImageOfPage":{"@id":"https:\/\/exaudi.org\/es\/el-papa-en-gemelli-condiciones-criticas-pero-estables\/#primaryimage"},"image":{"@id":"https:\/\/exaudi.org\/es\/el-papa-en-gemelli-condiciones-criticas-pero-estables\/#primaryimage"},"thumbnailUrl":"https:\/\/exaudi.org\/wp-content\/uploads\/2025\/02\/cq5dam.thumbnail.cropped.500.281-6.jpeg","datePublished":"2025-02-25T19:07:04+00:00","dateModified":"2025-02-26T08:20:19+00:00","author":{"@id":"https:\/\/exaudi.org\/#\/schema\/person\/f5fc8f063065e38742da7afe15f25df7"},"breadcrumb":{"@id":"https:\/\/exaudi.org\/es\/el-papa-en-gemelli-condiciones-criticas-pero-estables\/#breadcrumb"},"inLanguage":"es","potentialAction":[{"@type":"ReadAction","target":["https:\/\/exaudi.org\/es\/el-papa-en-gemelli-condiciones-criticas-pero-estables\/"]}]},{"@type":"ImageObject","inLanguage":"es","@id":"https:\/\/exaudi.org\/es\/el-papa-en-gemelli-condiciones-criticas-pero-estables\/#primaryimage","url":"https:\/\/exaudi.org\/wp-content\/uploads\/2025\/02\/cq5dam.thumbnail.cropped.500.281-6.jpeg","contentUrl":"https:\/\/exaudi.org\/wp-content\/uploads\/2025\/02\/cq5dam.thumbnail.cropped.500.281-6.jpeg","width":500,"height":281},{"@type":"BreadcrumbList","@id":"https:\/\/exaudi.org\/es\/el-papa-en-gemelli-condiciones-criticas-pero-estables\/#breadcrumb","itemListElement":[{"@type":"ListItem","position":1,"name":"Portada","item":"https:\/\/exaudi.org\/es\/"},{"@type":"ListItem","position":2,"name":"El Papa en Gemelli, condiciones cr\u00edticas pero estables"}]},{"@type":"WebSite","@id":"https:\/\/exaudi.org\/#website","url":"https:\/\/exaudi.org\/","name":"Exaudi","description":"News","potentialAction":[{"@type":"SearchAction","target":{"@type":"EntryPoint","urlTemplate":"https:\/\/exaudi.org\/?s={search_term_string}"},"query-input":{"@type":"PropertyValueSpecification","valueRequired":true,"valueName":"search_term_string"}}],"inLanguage":"es"},{"@type":"Person","@id":"https:\/\/exaudi.org\/#\/schema\/person\/f5fc8f063065e38742da7afe15f25df7","name":"Exaudi Redacci\u00f3n","image":{"@type":"ImageObject","inLanguage":"es","@id":"https:\/\/secure.gravatar.com\/avatar\/fe0f6a059fb68d9b3e11bc5850dd4899b1c7492091a3cb6dd9b01b56ad828be2?s=96&d=mm&r=g","url":"https:\/\/secure.gravatar.com\/avatar\/fe0f6a059fb68d9b3e11bc5850dd4899b1c7492091a3cb6dd9b01b56ad828be2?s=96&d=mm&r=g","contentUrl":"https:\/\/secure.gravatar.com\/avatar\/fe0f6a059fb68d9b3e11bc5850dd4899b1c7492091a3cb6dd9b01b56ad828be2?s=96&d=mm&r=g","caption":"Exaudi Redacci\u00f3n"},"description":"\u00bfQu\u00e9 es Exaudi News? Exaudi News es un medio de comunicaci\u00f3n cat\u00f3lico internacional que informa, forma y transforma, diariamente en espa\u00f1ol, ingl\u00e9s e italiano. A trav\u00e9s de noticias, art\u00edculos de an\u00e1lisis y transmisiones en directo de los eventos del Papa, Exaudi busca fortalecer la unidad de los cristianos y contribuir a la evangelizaci\u00f3n del mundo, siempre guiados por la doctrina social de la Iglesia. Trabajamos para acercar la verdad y los valores cristianos a cada rinc\u00f3n del planeta. \u00a1Ay\u00fadanos a transformar el mundo con Exaudi! En Exaudi creemos que la evangelizaci\u00f3n y la informaci\u00f3n de calidad pueden cambiar vidas. Para continuar con nuestra misi\u00f3n y expandir nuestro alcance, necesitamos tu ayuda. Adem\u00e1s, buscamos personas comprometidas que deseen unirse a nuestro equipo. Con tu apoyo, lograremos llegar a m\u00e1s personas, difundir el mensaje de Cristo y reforzar la unidad de los cristianos. \u00bfTe unes a nuestra misi\u00f3n? Para m\u00e1s informaci\u00f3n sobre c\u00f3mo colaborar, visita Exaudi.org\/es o cont\u00e1ctanos directamente: info@exaudi.org Exaudi: Informa, forma y transforma.","sameAs":["https:\/\/www.facebook.com\/ExaudiNoticias\/","https:\/\/www.instagram.com\/exaudi_noticias\/","https:\/\/x.com\/Exaudi_noticias","https:\/\/www.youtube.com\/@exaudicatholicnews"],"url":"https:\/\/exaudi.org\/es\/author\/redaccionexaudi\/"}]}},"jetpack_featured_media_url":"https:\/\/exaudi.org\/wp-content\/uploads\/2025\/02\/cq5dam.thumbnail.cropped.500.281-6.jpeg","jetpack_shortlink":"https:\/\/wp.me\/pgKjF2-vdu","_links":{"self":[{"href":"https:\/\/exaudi.org\/es\/wp-json\/wp\/v2\/posts\/120000","targetHints":{"allow":["GET"]}}],"collection":[{"href":"https:\/\/exaudi.org\/es\/wp-json\/wp\/v2\/posts"}],"about":[{"href":"https:\/\/exaudi.org\/es\/wp-json\/wp\/v2\/types\/post"}],"author":[{"embeddable":true,"href":"https:\/\/exaudi.org\/es\/wp-json\/wp\/v2\/users\/15"}],"replies":[{"embeddable":true,"href":"https:\/\/exaudi.org\/es\/wp-json\/wp\/v2\/comments?post=120000"}],"version-history":[{"count":0,"href":"https:\/\/exaudi.org\/es\/wp-json\/wp\/v2\/posts\/120000\/revisions"}],"wp:featuredmedia":[{"embeddable":true,"href":"https:\/\/exaudi.org\/es\/wp-json\/wp\/v2\/media\/120001"}],"wp:attachment":[{"href":"https:\/\/exaudi.org\/es\/wp-json\/wp\/v2\/media?parent=120000"}],"wp:term":[{"taxonomy":"category","embeddable":true,"href":"https:\/\/exaudi.org\/es\/wp-json\/wp\/v2\/categories?post=120000"},{"taxonomy":"post_tag","embeddable":true,"href":"https:\/\/exaudi.org\/es\/wp-json\/wp\/v2\/tags?post=120000"}],"curies":[{"name":"wp","href":"https:\/\/api.w.org\/{rel}","templated":true}]}}