{"id":119860,"date":"2025-02-23T19:45:01","date_gmt":"2025-02-23T18:45:01","guid":{"rendered":"https:\/\/exaudi.org\/?p=119860"},"modified":"2025-02-23T20:23:29","modified_gmt":"2025-02-23T19:23:29","slug":"actualizacion-sobre-la-salud-del-papa-francisco-condiciones-criticas-pero-estables","status":"publish","type":"post","link":"https:\/\/exaudi.org\/es\/actualizacion-sobre-la-salud-del-papa-francisco-condiciones-criticas-pero-estables\/","title":{"rendered":"Actualizaci\u00f3n sobre la salud del Papa Francisco: Condiciones cr\u00edticas pero estables"},"content":{"rendered":"<p dir=\"auto\">El estado de salud del Papa Francisco sigue siendo cr\u00edtico, seg\u00fan los \u00faltimos informes de la Sala de Prensa del Vaticano. A pesar de la gravedad, no ha sufrido nuevas crisis respiratorias desde ayer por la noche. El Santo Padre ha recibido dos unidades de concentrado de hemat\u00edes, lo que ha mejorado sus niveles de hemoglobina. Aunque persiste la trombocitopenia, algunos an\u00e1lisis de sangre indican una leve insuficiencia renal inicial, que est\u00e1 bajo control.<\/p>\n<p dir=\"auto\">El Papa contin\u00faa recibiendo oxigenoterapia de alto flujo a trav\u00e9s de c\u00e1nulas nasales y se mantiene despierto y orientado. La complejidad de su cuadro cl\u00ednico y la necesidad de esperar respuestas a los tratamientos farmacol\u00f3gicos hacen que el pron\u00f3stico siga siendo reservado. Esta ma\u00f1ana, en el apartamento acondicionado en el d\u00e9cimo piso del hospital Gemelli, particip\u00f3 en la Santa Misa junto a quienes lo cuidan durante su hospitalizaci\u00f3n.<\/p>\n<h3><strong>Oleada de oraciones y apoyo en redes sociales<\/strong><\/h3>\n<p dir=\"auto\">Desde hace d\u00edas, las noticias sobre el Pont\u00edfice han desencadenado una ola de oraciones y muestras de apoyo en iglesias de todo el mundo, que tambi\u00e9n se han extendido a las redes sociales. Aunque las redes pueden ser un foco de noticias falsas, tambi\u00e9n han servido como plataforma para que numerosos usuarios expresen su apoyo y gratitud al Papa, a menudo acompa\u00f1ados de fotos de sus encuentros con Francisco.<\/p>\n<p dir=\"auto\">Esta noche, se rezar\u00e1 el Santo Rosario por el Papa en la iglesia de San Domenico en Bolonia, guiado por el cardenal Matteo Zuppi, presidente de la Conferencia Episcopal Italiana. Este es el primero de una serie de eventos que unir\u00e1n a todas las iglesias de Italia. Esta tarde, en la Basilica de San Giovanni in Laterano, en Roma, el vicario Baldo Reina celebr\u00f3 una misa especial por la salud del Papa, invitando a los p\u00e1rrocos de toda la di\u00f3cesis a hacer lo mismo.<\/p>\n<h3><strong>Mensaje de gratitud del Papa<\/strong><\/h3>\n<p dir=\"auto\">Hoy, a trav\u00e9s de su cuenta @Pontifex en nueve idiomas, el Papa expres\u00f3 su gratitud por los mensajes de afecto recibidos: \u00ab\u00a1Gracias por su cercan\u00eda y por las oraciones de consuelo que he recibido de todo el mundo!\u00bb. Jorge Mario Bergoglio se mostr\u00f3 especialmente conmovido por las cartas y dibujos enviados por ni\u00f1os de diversas escuelas italianas. Los mensajes incluyen frases de apoyo como \u00abQuerido Papa Francisco, espero que te recuperes pronto\u00bb y \u00abTe quiero, espero que te cures pronto\u00bb.<\/p>\n<h3><strong>Carta destacada: \u00abUn faro de luz\u00bb<\/strong><\/h3>\n<p dir=\"auto\">Entre los mensajes, destaca una carta escrita a mano en un cuaderno: \u00abSantidad, su ejemplo de amor, misericordia y dedicaci\u00f3n al pr\u00f3jimo ilumina mi camino y el de muchos otros fieles. Deseo expresar mi sincera gratitud por su incansable compromiso, ya que usted representa ese faro de luz para todos nosotros que buscamos consuelo\u00bb. La carta concluye con una oraci\u00f3n pidiendo al Se\u00f1or que le conceda fuerza y salud para continuar siendo esa gu\u00eda y \u00ababuelo\u00bb cari\u00f1oso y alegre.<\/p>\n<h3><strong>Rosario en el patio del Gemelli<\/strong><\/h3>\n<p dir=\"auto\">Mientras tanto, en el hospital Gemelli, una multitud se reuni\u00f3 nuevamente esta ma\u00f1ana para rezar el Rosario por el Papa, a pesar de que se hab\u00eda anunciado que no se asomar\u00eda a la ventana del d\u00e9cimo piso. Pacientes, familiares de enfermos, fieles, sacerdotes y peregrinos en Roma se unieron para cantar, rezar y agitar banderas, mostrando su apoyo al Pont\u00edfice.<\/p>\n","protected":false},"excerpt":{"rendered":"<p>El estado de salud del Papa Francisco sigue siendo cr\u00edtico, seg\u00fan los \u00faltimos informes de la Sala de Prensa del Vaticano. A pesar de la gravedad, no ha sufrido nuevas crisis respiratorias desde ayer por la noche. El Santo Padre ha recibido dos unidades de concentrado de hemat\u00edes, lo que ha mejorado sus niveles de [&hellip;]<\/p>\n","protected":false},"author":15,"featured_media":119861,"comment_status":"closed","ping_status":"closed","sticky":false,"template":"","format":"standard","meta":{"_acf_changed":false,"_crdt_document":"","inline_featured_image":false,"footnotes":""},"categories":[68],"tags":[158,4953],"class_list":["post-119860","post","type-post","status-publish","format-standard","has-post-thumbnail","hentry","category-leon-xiv","tag-papa-francisco","tag-trending-es"],"acf":[],"yoast_head":"<!-- This site is optimized with the Yoast SEO plugin v27.5 - https:\/\/yoast.com\/product\/yoast-seo-wordpress\/ -->\n<title>Actualizaci\u00f3n sobre la salud del Papa Francisco: Condiciones cr\u00edticas pero estables &#8211; Exaudi<\/title>\n<meta name=\"robots\" content=\"index, follow, max-snippet:-1, max-image-preview:large, max-video-preview:-1\" \/>\n<link rel=\"canonical\" href=\"https:\/\/exaudi.org\/es\/actualizacion-sobre-la-salud-del-papa-francisco-condiciones-criticas-pero-estables\/\" \/>\n<meta property=\"og:locale\" content=\"es_ES\" \/>\n<meta property=\"og:type\" content=\"article\" \/>\n<meta property=\"og:title\" content=\"Actualizaci\u00f3n sobre la salud del Papa Francisco: Condiciones cr\u00edticas pero estables &#8211; Exaudi\" \/>\n<meta property=\"og:description\" content=\"El estado de salud del Papa Francisco sigue siendo cr\u00edtico, seg\u00fan los \u00faltimos informes de la Sala de Prensa del Vaticano. A pesar de la gravedad, no ha sufrido nuevas crisis respiratorias desde ayer por la noche. El Santo Padre ha recibido dos unidades de concentrado de hemat\u00edes, lo que ha mejorado sus niveles de [&hellip;]\" \/>\n<meta property=\"og:url\" content=\"https:\/\/exaudi.org\/es\/actualizacion-sobre-la-salud-del-papa-francisco-condiciones-criticas-pero-estables\/\" \/>\n<meta property=\"og:site_name\" content=\"Exaudi\" \/>\n<meta property=\"article:publisher\" content=\"https:\/\/www.facebook.com\/ExaudiNews\" \/>\n<meta property=\"article:author\" content=\"https:\/\/www.facebook.com\/ExaudiNoticias\/\" \/>\n<meta property=\"article:published_time\" content=\"2025-02-23T18:45:01+00:00\" \/>\n<meta property=\"article:modified_time\" content=\"2025-02-23T19:23:29+00:00\" \/>\n<meta property=\"og:image\" content=\"https:\/\/exaudi.org\/wp-content\/uploads\/2025\/02\/cq5dam.thumbnail.cropped.750.422-3-2.jpeg\" \/>\n\t<meta property=\"og:image:width\" content=\"750\" \/>\n\t<meta property=\"og:image:height\" content=\"422\" \/>\n\t<meta property=\"og:image:type\" content=\"image\/jpeg\" \/>\n<meta name=\"author\" content=\"Exaudi Redacci\u00f3n\" \/>\n<meta name=\"twitter:card\" content=\"summary_large_image\" \/>\n<meta name=\"twitter:creator\" content=\"@Exaudi_noticias\" \/>\n<meta name=\"twitter:site\" content=\"@Exaudi_News\" \/>\n<meta name=\"twitter:label1\" content=\"Escrito por\" \/>\n\t<meta name=\"twitter:data1\" content=\"Exaudi Redacci\u00f3n\" \/>\n\t<meta name=\"twitter:label2\" content=\"Tiempo de lectura\" \/>\n\t<meta name=\"twitter:data2\" content=\"3 minutos\" \/>\n<script type=\"application\/ld+json\" class=\"yoast-schema-graph\">{\"@context\":\"https:\\\/\\\/schema.org\",\"@graph\":[{\"@type\":\"Article\",\"@id\":\"https:\\\/\\\/exaudi.org\\\/es\\\/actualizacion-sobre-la-salud-del-papa-francisco-condiciones-criticas-pero-estables\\\/#article\",\"isPartOf\":{\"@id\":\"https:\\\/\\\/exaudi.org\\\/es\\\/actualizacion-sobre-la-salud-del-papa-francisco-condiciones-criticas-pero-estables\\\/\"},\"author\":{\"name\":\"Exaudi Redacci\u00f3n\",\"@id\":\"https:\\\/\\\/exaudi.org\\\/#\\\/schema\\\/person\\\/f5fc8f063065e38742da7afe15f25df7\"},\"headline\":\"Actualizaci\u00f3n sobre la salud del Papa Francisco: Condiciones cr\u00edticas pero estables\",\"datePublished\":\"2025-02-23T18:45:01+00:00\",\"dateModified\":\"2025-02-23T19:23:29+00:00\",\"mainEntityOfPage\":{\"@id\":\"https:\\\/\\\/exaudi.org\\\/es\\\/actualizacion-sobre-la-salud-del-papa-francisco-condiciones-criticas-pero-estables\\\/\"},\"wordCount\":587,\"image\":{\"@id\":\"https:\\\/\\\/exaudi.org\\\/es\\\/actualizacion-sobre-la-salud-del-papa-francisco-condiciones-criticas-pero-estables\\\/#primaryimage\"},\"thumbnailUrl\":\"https:\\\/\\\/exaudi.org\\\/wp-content\\\/uploads\\\/2025\\\/02\\\/cq5dam.thumbnail.cropped.750.422-3-2.jpeg\",\"keywords\":[\"papa francisco\",\"Trending\"],\"articleSection\":[\"Le\u00f3n XIV\"],\"inLanguage\":\"es\"},{\"@type\":\"WebPage\",\"@id\":\"https:\\\/\\\/exaudi.org\\\/es\\\/actualizacion-sobre-la-salud-del-papa-francisco-condiciones-criticas-pero-estables\\\/\",\"url\":\"https:\\\/\\\/exaudi.org\\\/es\\\/actualizacion-sobre-la-salud-del-papa-francisco-condiciones-criticas-pero-estables\\\/\",\"name\":\"Actualizaci\u00f3n sobre la salud del Papa Francisco: Condiciones cr\u00edticas pero estables &#8211; Exaudi\",\"isPartOf\":{\"@id\":\"https:\\\/\\\/exaudi.org\\\/#website\"},\"primaryImageOfPage\":{\"@id\":\"https:\\\/\\\/exaudi.org\\\/es\\\/actualizacion-sobre-la-salud-del-papa-francisco-condiciones-criticas-pero-estables\\\/#primaryimage\"},\"image\":{\"@id\":\"https:\\\/\\\/exaudi.org\\\/es\\\/actualizacion-sobre-la-salud-del-papa-francisco-condiciones-criticas-pero-estables\\\/#primaryimage\"},\"thumbnailUrl\":\"https:\\\/\\\/exaudi.org\\\/wp-content\\\/uploads\\\/2025\\\/02\\\/cq5dam.thumbnail.cropped.750.422-3-2.jpeg\",\"datePublished\":\"2025-02-23T18:45:01+00:00\",\"dateModified\":\"2025-02-23T19:23:29+00:00\",\"author\":{\"@id\":\"https:\\\/\\\/exaudi.org\\\/#\\\/schema\\\/person\\\/f5fc8f063065e38742da7afe15f25df7\"},\"breadcrumb\":{\"@id\":\"https:\\\/\\\/exaudi.org\\\/es\\\/actualizacion-sobre-la-salud-del-papa-francisco-condiciones-criticas-pero-estables\\\/#breadcrumb\"},\"inLanguage\":\"es\",\"potentialAction\":[{\"@type\":\"ReadAction\",\"target\":[\"https:\\\/\\\/exaudi.org\\\/es\\\/actualizacion-sobre-la-salud-del-papa-francisco-condiciones-criticas-pero-estables\\\/\"]}]},{\"@type\":\"ImageObject\",\"inLanguage\":\"es\",\"@id\":\"https:\\\/\\\/exaudi.org\\\/es\\\/actualizacion-sobre-la-salud-del-papa-francisco-condiciones-criticas-pero-estables\\\/#primaryimage\",\"url\":\"https:\\\/\\\/exaudi.org\\\/wp-content\\\/uploads\\\/2025\\\/02\\\/cq5dam.thumbnail.cropped.750.422-3-2.jpeg\",\"contentUrl\":\"https:\\\/\\\/exaudi.org\\\/wp-content\\\/uploads\\\/2025\\\/02\\\/cq5dam.thumbnail.cropped.750.422-3-2.jpeg\",\"width\":750,\"height\":422},{\"@type\":\"BreadcrumbList\",\"@id\":\"https:\\\/\\\/exaudi.org\\\/es\\\/actualizacion-sobre-la-salud-del-papa-francisco-condiciones-criticas-pero-estables\\\/#breadcrumb\",\"itemListElement\":[{\"@type\":\"ListItem\",\"position\":1,\"name\":\"Portada\",\"item\":\"https:\\\/\\\/exaudi.org\\\/es\\\/\"},{\"@type\":\"ListItem\",\"position\":2,\"name\":\"Actualizaci\u00f3n sobre la salud del Papa Francisco: Condiciones cr\u00edticas pero estables\"}]},{\"@type\":\"WebSite\",\"@id\":\"https:\\\/\\\/exaudi.org\\\/#website\",\"url\":\"https:\\\/\\\/exaudi.org\\\/\",\"name\":\"Exaudi\",\"description\":\"News\",\"potentialAction\":[{\"@type\":\"SearchAction\",\"target\":{\"@type\":\"EntryPoint\",\"urlTemplate\":\"https:\\\/\\\/exaudi.org\\\/?s={search_term_string}\"},\"query-input\":{\"@type\":\"PropertyValueSpecification\",\"valueRequired\":true,\"valueName\":\"search_term_string\"}}],\"inLanguage\":\"es\"},{\"@type\":\"Person\",\"@id\":\"https:\\\/\\\/exaudi.org\\\/#\\\/schema\\\/person\\\/f5fc8f063065e38742da7afe15f25df7\",\"name\":\"Exaudi Redacci\u00f3n\",\"image\":{\"@type\":\"ImageObject\",\"inLanguage\":\"es\",\"@id\":\"https:\\\/\\\/secure.gravatar.com\\\/avatar\\\/fe0f6a059fb68d9b3e11bc5850dd4899b1c7492091a3cb6dd9b01b56ad828be2?s=96&d=mm&r=g\",\"url\":\"https:\\\/\\\/secure.gravatar.com\\\/avatar\\\/fe0f6a059fb68d9b3e11bc5850dd4899b1c7492091a3cb6dd9b01b56ad828be2?s=96&d=mm&r=g\",\"contentUrl\":\"https:\\\/\\\/secure.gravatar.com\\\/avatar\\\/fe0f6a059fb68d9b3e11bc5850dd4899b1c7492091a3cb6dd9b01b56ad828be2?s=96&d=mm&r=g\",\"caption\":\"Exaudi Redacci\u00f3n\"},\"description\":\"\u00bfQu\u00e9 es Exaudi News? Exaudi News es un medio de comunicaci\u00f3n cat\u00f3lico internacional que informa, forma y transforma, diariamente en espa\u00f1ol, ingl\u00e9s e italiano. A trav\u00e9s de noticias, art\u00edculos de an\u00e1lisis y transmisiones en directo de los eventos del Papa, Exaudi busca fortalecer la unidad de los cristianos y contribuir a la evangelizaci\u00f3n del mundo, siempre guiados por la doctrina social de la Iglesia. Trabajamos para acercar la verdad y los valores cristianos a cada rinc\u00f3n del planeta. \u00a1Ay\u00fadanos a transformar el mundo con Exaudi! En Exaudi creemos que la evangelizaci\u00f3n y la informaci\u00f3n de calidad pueden cambiar vidas. Para continuar con nuestra misi\u00f3n y expandir nuestro alcance, necesitamos tu ayuda. Adem\u00e1s, buscamos personas comprometidas que deseen unirse a nuestro equipo. Con tu apoyo, lograremos llegar a m\u00e1s personas, difundir el mensaje de Cristo y reforzar la unidad de los cristianos. \u00bfTe unes a nuestra misi\u00f3n? Para m\u00e1s informaci\u00f3n sobre c\u00f3mo colaborar, visita Exaudi.org\\\/es o cont\u00e1ctanos directamente: info@exaudi.org Exaudi: Informa, forma y transforma.\",\"sameAs\":[\"https:\\\/\\\/www.facebook.com\\\/ExaudiNoticias\\\/\",\"https:\\\/\\\/www.instagram.com\\\/exaudi_noticias\\\/\",\"https:\\\/\\\/x.com\\\/Exaudi_noticias\",\"https:\\\/\\\/www.youtube.com\\\/@exaudicatholicnews\"],\"url\":\"https:\\\/\\\/exaudi.org\\\/es\\\/author\\\/redaccionexaudi\\\/\"}]}<\/script>\n<!-- \/ Yoast SEO plugin. -->","yoast_head_json":{"title":"Actualizaci\u00f3n sobre la salud del Papa Francisco: Condiciones cr\u00edticas pero estables &#8211; Exaudi","robots":{"index":"index","follow":"follow","max-snippet":"max-snippet:-1","max-image-preview":"max-image-preview:large","max-video-preview":"max-video-preview:-1"},"canonical":"https:\/\/exaudi.org\/es\/actualizacion-sobre-la-salud-del-papa-francisco-condiciones-criticas-pero-estables\/","og_locale":"es_ES","og_type":"article","og_title":"Actualizaci\u00f3n sobre la salud del Papa Francisco: Condiciones cr\u00edticas pero estables &#8211; Exaudi","og_description":"El estado de salud del Papa Francisco sigue siendo cr\u00edtico, seg\u00fan los \u00faltimos informes de la Sala de Prensa del Vaticano. A pesar de la gravedad, no ha sufrido nuevas crisis respiratorias desde ayer por la noche. El Santo Padre ha recibido dos unidades de concentrado de hemat\u00edes, lo que ha mejorado sus niveles de [&hellip;]","og_url":"https:\/\/exaudi.org\/es\/actualizacion-sobre-la-salud-del-papa-francisco-condiciones-criticas-pero-estables\/","og_site_name":"Exaudi","article_publisher":"https:\/\/www.facebook.com\/ExaudiNews","article_author":"https:\/\/www.facebook.com\/ExaudiNoticias\/","article_published_time":"2025-02-23T18:45:01+00:00","article_modified_time":"2025-02-23T19:23:29+00:00","og_image":[{"width":750,"height":422,"url":"https:\/\/exaudi.org\/wp-content\/uploads\/2025\/02\/cq5dam.thumbnail.cropped.750.422-3-2.jpeg","type":"image\/jpeg"}],"author":"Exaudi Redacci\u00f3n","twitter_card":"summary_large_image","twitter_creator":"@Exaudi_noticias","twitter_site":"@Exaudi_News","twitter_misc":{"Escrito por":"Exaudi Redacci\u00f3n","Tiempo de lectura":"3 minutos"},"schema":{"@context":"https:\/\/schema.org","@graph":[{"@type":"Article","@id":"https:\/\/exaudi.org\/es\/actualizacion-sobre-la-salud-del-papa-francisco-condiciones-criticas-pero-estables\/#article","isPartOf":{"@id":"https:\/\/exaudi.org\/es\/actualizacion-sobre-la-salud-del-papa-francisco-condiciones-criticas-pero-estables\/"},"author":{"name":"Exaudi Redacci\u00f3n","@id":"https:\/\/exaudi.org\/#\/schema\/person\/f5fc8f063065e38742da7afe15f25df7"},"headline":"Actualizaci\u00f3n sobre la salud del Papa Francisco: Condiciones cr\u00edticas pero estables","datePublished":"2025-02-23T18:45:01+00:00","dateModified":"2025-02-23T19:23:29+00:00","mainEntityOfPage":{"@id":"https:\/\/exaudi.org\/es\/actualizacion-sobre-la-salud-del-papa-francisco-condiciones-criticas-pero-estables\/"},"wordCount":587,"image":{"@id":"https:\/\/exaudi.org\/es\/actualizacion-sobre-la-salud-del-papa-francisco-condiciones-criticas-pero-estables\/#primaryimage"},"thumbnailUrl":"https:\/\/exaudi.org\/wp-content\/uploads\/2025\/02\/cq5dam.thumbnail.cropped.750.422-3-2.jpeg","keywords":["papa francisco","Trending"],"articleSection":["Le\u00f3n XIV"],"inLanguage":"es"},{"@type":"WebPage","@id":"https:\/\/exaudi.org\/es\/actualizacion-sobre-la-salud-del-papa-francisco-condiciones-criticas-pero-estables\/","url":"https:\/\/exaudi.org\/es\/actualizacion-sobre-la-salud-del-papa-francisco-condiciones-criticas-pero-estables\/","name":"Actualizaci\u00f3n sobre la salud del Papa Francisco: Condiciones cr\u00edticas pero estables &#8211; Exaudi","isPartOf":{"@id":"https:\/\/exaudi.org\/#website"},"primaryImageOfPage":{"@id":"https:\/\/exaudi.org\/es\/actualizacion-sobre-la-salud-del-papa-francisco-condiciones-criticas-pero-estables\/#primaryimage"},"image":{"@id":"https:\/\/exaudi.org\/es\/actualizacion-sobre-la-salud-del-papa-francisco-condiciones-criticas-pero-estables\/#primaryimage"},"thumbnailUrl":"https:\/\/exaudi.org\/wp-content\/uploads\/2025\/02\/cq5dam.thumbnail.cropped.750.422-3-2.jpeg","datePublished":"2025-02-23T18:45:01+00:00","dateModified":"2025-02-23T19:23:29+00:00","author":{"@id":"https:\/\/exaudi.org\/#\/schema\/person\/f5fc8f063065e38742da7afe15f25df7"},"breadcrumb":{"@id":"https:\/\/exaudi.org\/es\/actualizacion-sobre-la-salud-del-papa-francisco-condiciones-criticas-pero-estables\/#breadcrumb"},"inLanguage":"es","potentialAction":[{"@type":"ReadAction","target":["https:\/\/exaudi.org\/es\/actualizacion-sobre-la-salud-del-papa-francisco-condiciones-criticas-pero-estables\/"]}]},{"@type":"ImageObject","inLanguage":"es","@id":"https:\/\/exaudi.org\/es\/actualizacion-sobre-la-salud-del-papa-francisco-condiciones-criticas-pero-estables\/#primaryimage","url":"https:\/\/exaudi.org\/wp-content\/uploads\/2025\/02\/cq5dam.thumbnail.cropped.750.422-3-2.jpeg","contentUrl":"https:\/\/exaudi.org\/wp-content\/uploads\/2025\/02\/cq5dam.thumbnail.cropped.750.422-3-2.jpeg","width":750,"height":422},{"@type":"BreadcrumbList","@id":"https:\/\/exaudi.org\/es\/actualizacion-sobre-la-salud-del-papa-francisco-condiciones-criticas-pero-estables\/#breadcrumb","itemListElement":[{"@type":"ListItem","position":1,"name":"Portada","item":"https:\/\/exaudi.org\/es\/"},{"@type":"ListItem","position":2,"name":"Actualizaci\u00f3n sobre la salud del Papa Francisco: Condiciones cr\u00edticas pero estables"}]},{"@type":"WebSite","@id":"https:\/\/exaudi.org\/#website","url":"https:\/\/exaudi.org\/","name":"Exaudi","description":"News","potentialAction":[{"@type":"SearchAction","target":{"@type":"EntryPoint","urlTemplate":"https:\/\/exaudi.org\/?s={search_term_string}"},"query-input":{"@type":"PropertyValueSpecification","valueRequired":true,"valueName":"search_term_string"}}],"inLanguage":"es"},{"@type":"Person","@id":"https:\/\/exaudi.org\/#\/schema\/person\/f5fc8f063065e38742da7afe15f25df7","name":"Exaudi Redacci\u00f3n","image":{"@type":"ImageObject","inLanguage":"es","@id":"https:\/\/secure.gravatar.com\/avatar\/fe0f6a059fb68d9b3e11bc5850dd4899b1c7492091a3cb6dd9b01b56ad828be2?s=96&d=mm&r=g","url":"https:\/\/secure.gravatar.com\/avatar\/fe0f6a059fb68d9b3e11bc5850dd4899b1c7492091a3cb6dd9b01b56ad828be2?s=96&d=mm&r=g","contentUrl":"https:\/\/secure.gravatar.com\/avatar\/fe0f6a059fb68d9b3e11bc5850dd4899b1c7492091a3cb6dd9b01b56ad828be2?s=96&d=mm&r=g","caption":"Exaudi Redacci\u00f3n"},"description":"\u00bfQu\u00e9 es Exaudi News? Exaudi News es un medio de comunicaci\u00f3n cat\u00f3lico internacional que informa, forma y transforma, diariamente en espa\u00f1ol, ingl\u00e9s e italiano. A trav\u00e9s de noticias, art\u00edculos de an\u00e1lisis y transmisiones en directo de los eventos del Papa, Exaudi busca fortalecer la unidad de los cristianos y contribuir a la evangelizaci\u00f3n del mundo, siempre guiados por la doctrina social de la Iglesia. Trabajamos para acercar la verdad y los valores cristianos a cada rinc\u00f3n del planeta. \u00a1Ay\u00fadanos a transformar el mundo con Exaudi! En Exaudi creemos que la evangelizaci\u00f3n y la informaci\u00f3n de calidad pueden cambiar vidas. Para continuar con nuestra misi\u00f3n y expandir nuestro alcance, necesitamos tu ayuda. Adem\u00e1s, buscamos personas comprometidas que deseen unirse a nuestro equipo. Con tu apoyo, lograremos llegar a m\u00e1s personas, difundir el mensaje de Cristo y reforzar la unidad de los cristianos. \u00bfTe unes a nuestra misi\u00f3n? Para m\u00e1s informaci\u00f3n sobre c\u00f3mo colaborar, visita Exaudi.org\/es o cont\u00e1ctanos directamente: info@exaudi.org Exaudi: Informa, forma y transforma.","sameAs":["https:\/\/www.facebook.com\/ExaudiNoticias\/","https:\/\/www.instagram.com\/exaudi_noticias\/","https:\/\/x.com\/Exaudi_noticias","https:\/\/www.youtube.com\/@exaudicatholicnews"],"url":"https:\/\/exaudi.org\/es\/author\/redaccionexaudi\/"}]}},"jetpack_featured_media_url":"https:\/\/exaudi.org\/wp-content\/uploads\/2025\/02\/cq5dam.thumbnail.cropped.750.422-3-2.jpeg","jetpack_shortlink":"https:\/\/wp.me\/pgKjF2-vbe","_links":{"self":[{"href":"https:\/\/exaudi.org\/es\/wp-json\/wp\/v2\/posts\/119860","targetHints":{"allow":["GET"]}}],"collection":[{"href":"https:\/\/exaudi.org\/es\/wp-json\/wp\/v2\/posts"}],"about":[{"href":"https:\/\/exaudi.org\/es\/wp-json\/wp\/v2\/types\/post"}],"author":[{"embeddable":true,"href":"https:\/\/exaudi.org\/es\/wp-json\/wp\/v2\/users\/15"}],"replies":[{"embeddable":true,"href":"https:\/\/exaudi.org\/es\/wp-json\/wp\/v2\/comments?post=119860"}],"version-history":[{"count":0,"href":"https:\/\/exaudi.org\/es\/wp-json\/wp\/v2\/posts\/119860\/revisions"}],"wp:featuredmedia":[{"embeddable":true,"href":"https:\/\/exaudi.org\/es\/wp-json\/wp\/v2\/media\/119861"}],"wp:attachment":[{"href":"https:\/\/exaudi.org\/es\/wp-json\/wp\/v2\/media?parent=119860"}],"wp:term":[{"taxonomy":"category","embeddable":true,"href":"https:\/\/exaudi.org\/es\/wp-json\/wp\/v2\/categories?post=119860"},{"taxonomy":"post_tag","embeddable":true,"href":"https:\/\/exaudi.org\/es\/wp-json\/wp\/v2\/tags?post=119860"}],"curies":[{"name":"wp","href":"https:\/\/api.w.org\/{rel}","templated":true}]}}