{"id":11975,"date":"2021-04-16T10:09:51","date_gmt":"2021-04-16T08:09:51","guid":{"rendered":"https:\/\/exaudi.org\/?p=11975"},"modified":"2021-04-16T17:47:35","modified_gmt":"2021-04-16T15:47:35","slug":"mexico-mensaje-de-obispos-tras-cx-asamblea-plenaria","status":"publish","type":"post","link":"https:\/\/exaudi.org\/es\/mexico-mensaje-de-obispos-tras-cx-asamblea-plenaria\/","title":{"rendered":"M\u00e9xico: Mensaje de obispos tras CX Asamblea Plenaria"},"content":{"rendered":"<p>Al finalizar la CX Asamblea Plenaria de la <a href=\"https:\/\/www.cem.org.mx\/\" target=\"_blank\" rel=\"noopener noreferrer\">Conferencia del Episcopado Mexicano<\/a> (CEM), efectuada del 12 al 16 de abril, muy cerca de la conmemoraci\u00f3n del bicentenario de la Independencia, los <a href=\"https:\/\/exaudi.org\/es\/mexico-obispos-prioridades-pais\/\" target=\"_blank\" rel=\"noopener noreferrer\">obispos de M\u00e9xico<\/a> han compartido su mensaje al pueblo de Dios.<\/p>\n<p>En \u00e9l, lo prelados se\u00f1alan que \u201curge colaborar juntos en la b\u00fasqueda de soluciones para enfrentar la emergencia sanitaria, familiar, educativa, econ\u00f3mica y de seguridad\u201d y \u201c\u00a1no hay tiempo para divisiones ni descalificaciones!\u201d.<\/p>\n<p>En este sentido, exponen que es necesario \u201caprender a dejar nuestros intereses ego\u00edstas, individuales o partidistas, para alcanzar un di\u00e1logo por el bien de todos los mexicanos\u201d y realizan un llamado a todos los sectores de la sociedad mexicana.<\/p>\n<h4><strong>Gobernantes, votantes y empresarios<\/strong><\/h4>\n<p>En primer lugar, a quienes gobiernan o aspiran a hacerlo, \u201clos invitamos a reflexionar en su papel fundamental en la promoci\u00f3n de acuerdos que ayuden a superar las crisis que estamos enfrentando\u201d. De este modo, recordaron que \u201clas campa\u00f1as que siembran divisi\u00f3n y polarizan la sociedad nunca ser\u00e1n un camino para el bienestar y la paz\u201d y que \u201ctampoco ayudan las pol\u00edticas p\u00fablicas que atentan contra la dignidad de la persona, o contra el medio ambiente\u201d.<\/p>\n<p>A los votantes \u201clos invitamos a ejercer su derecho al voto\u201d. Por ello, los miembros del episcopado les proponen \u201cinformarse lo m\u00e1s posible acerca de la persona y las propuestas que tiene el candidato para que las analicen desde su conciencia de modo que su voto sea libre, razonado y responsable, en coherencia con nuestros valores humanos y cristianos\u201d. Asimismo, sugieren evitar \u201cser c\u00f3mplices de campa\u00f1as de desinformaci\u00f3n, del apoyo a candidatos que est\u00e9n en contra de la vida, la instituci\u00f3n matrimonial, la dignidad humana, y de la libertad religiosa; as\u00ed como el apasionamiento extremo que da\u00f1e los nexos familiares o sociales que nos unen\u201d.<\/p>\n<p>\u201cNo nos dejemos comprar por d\u00e1divas o condicionar por amenazas de ning\u00fan tipo, nuestro voto ha de ser libre y soberano\u201d, insisten.<\/p>\n<p>En cuanto a los empresarios y responsables del desarrollo econ\u00f3mico \u201cles reconocemos su papel fundamental en la creaci\u00f3n de empleos\u201d, al mismo tiempo que los animan \u201ca no olvidar que su actividad productiva ha de tener como m\u00e1ximo valor la persona, el bien com\u00fan y la urgencia de que sus acciones se realicen bajo una pol\u00edtica sustentable cuidando nuestra casa com\u00fan\u201d. En la b\u00fasqueda por recuperar el mercado, \u201clos exhortamos a no olvidar su compromiso social en la reconstrucci\u00f3n de nuestro pa\u00eds\u201d.<\/p>\n<h4><strong>Familias y personal sanitario<\/strong><\/h4>\n<p>Despu\u00e9s, los obispos de M\u00e9xico expresan su empat\u00eda a las familias \u201cpor las dificultades que han vivido en este a\u00f1o de confinamiento\u201d, invitando \u201ca poner en pr\u00e1ctica el arte del bien dialogar y a no descuidar su espacio de espiritualidad y oraci\u00f3n\u201d; porque \u201cla familia que reza unida permanece unida\u201d.<\/p>\n<p>Por otro lado a los m\u00e9dicos, enfermeras y personal sanitario, les manifiestan su agradecimiento \u201cpor su extraordinario servicio durante esta pandemia; y por habernos recordado la importancia de servir con amor\u201d.<\/p>\n<h4><strong>Maestros y agentes de pastoral<\/strong><\/h4>\n<p>A los maestros los felicitan por \u201csu servicio generoso, esforzado y creativo durante esta \u00e9poca de pandemia\u201d, reconociendo \u201clo dif\u00edcil que ha sido cumplir con los deberes de su vocaci\u00f3n\u201d y exhort\u00e1ndoles \u201ca mantener el espacio educativo libre de la influencia de ideolog\u00edas que atentan contra nuestra cultura y nuestros valores\u201d.<\/p>\n<p>Tambi\u00e9n muestran su gratitud a todos los agentes de pastoral, sacerdotes, religiosos y laicos, \u201cpor su testimonio y compromiso\u201d, por \u201cestar siempre cercanos al Pueblo de Dios en estos tiempos dif\u00edciles\u201d.<\/p>\n<p>Finalmente, los obispos de M\u00e9xico \u201cabrazamos a todos los mexicanos y los invitamos a sumar esfuerzos para trabajar juntos no por un nacionalismo excluyente, sino por una unidad pluricultural mexicana y universal\u201d. Y exhortan a todos los cat\u00f3licos \u201ca fundamentar esta b\u00fasqueda de la unidad en el encuentro con Jesucristo y Santa Mar\u00eda de Guadalupe, que desde 1531 marc\u00f3 la identidad cultural y religiosa de los mexicanos y de manera especial acompa\u00f1\u00f3 el movimiento de independencia que se consum\u00f3 hace 200 a\u00f1os\u201d.<\/p>\n","protected":false},"excerpt":{"rendered":"<p>Colaborar juntos para buscar soluciones<\/p>\n","protected":false},"author":5,"featured_media":11981,"comment_status":"closed","ping_status":"closed","sticky":false,"template":"","format":"standard","meta":{"_acf_changed":false,"_crdt_document":"","inline_featured_image":false,"footnotes":""},"categories":[86,298],"tags":[1734,174,415,602,1735],"class_list":["post-11975","post","type-post","status-publish","format-standard","has-post-thumbnail","hentry","category-iglesia-local","category-ultimas-noticias","tag-cx-asamblea-plenaria","tag-mensaje","tag-mexico","tag-obispos","tag-pueblo-de-dios"],"acf":[],"yoast_head":"<!-- This site is optimized with the Yoast SEO plugin v27.5 - https:\/\/yoast.com\/product\/yoast-seo-wordpress\/ -->\n<title>M\u00e9xico: Mensaje de obispos tras CX Asamblea Plenaria &#8211; Exaudi<\/title>\n<meta name=\"description\" content=\"M\u00e9xico: Al finalizar la CX Asamblea Plenaria del episcopado, los obispos de M\u00e9xico han compartido su mensaje al pueblo de Dios.\" \/>\n<meta name=\"robots\" content=\"index, follow, max-snippet:-1, max-image-preview:large, max-video-preview:-1\" \/>\n<link rel=\"canonical\" href=\"https:\/\/exaudi.org\/es\/mexico-mensaje-de-obispos-tras-cx-asamblea-plenaria\/\" \/>\n<meta property=\"og:locale\" content=\"es_ES\" \/>\n<meta property=\"og:type\" content=\"article\" \/>\n<meta property=\"og:title\" content=\"M\u00e9xico: Mensaje de obispos tras CX Asamblea Plenaria &#8211; Exaudi\" \/>\n<meta property=\"og:description\" content=\"M\u00e9xico: Al finalizar la CX Asamblea Plenaria del episcopado, los obispos de M\u00e9xico han compartido su mensaje al pueblo de Dios.\" \/>\n<meta property=\"og:url\" content=\"https:\/\/exaudi.org\/es\/mexico-mensaje-de-obispos-tras-cx-asamblea-plenaria\/\" \/>\n<meta property=\"og:site_name\" content=\"Exaudi\" \/>\n<meta property=\"article:publisher\" content=\"https:\/\/www.facebook.com\/ExaudiNews\" \/>\n<meta property=\"article:published_time\" content=\"2021-04-16T08:09:51+00:00\" \/>\n<meta property=\"article:modified_time\" content=\"2021-04-16T15:47:35+00:00\" \/>\n<meta property=\"og:image\" content=\"https:\/\/exaudi.org\/wp-content\/uploads\/2021\/04\/Obispos-de-Mexico.jpg\" \/>\n\t<meta property=\"og:image:width\" content=\"1023\" \/>\n\t<meta property=\"og:image:height\" content=\"630\" \/>\n\t<meta property=\"og:image:type\" content=\"image\/jpeg\" \/>\n<meta name=\"author\" content=\"Larissa I. L\u00f3pez\" \/>\n<meta name=\"twitter:card\" content=\"summary_large_image\" \/>\n<meta name=\"twitter:creator\" content=\"@Exaudi_News\" \/>\n<meta name=\"twitter:site\" content=\"@Exaudi_News\" \/>\n<meta name=\"twitter:label1\" content=\"Escrito por\" \/>\n\t<meta name=\"twitter:data1\" content=\"Larissa I. L\u00f3pez\" \/>\n\t<meta name=\"twitter:label2\" content=\"Tiempo de lectura\" \/>\n\t<meta name=\"twitter:data2\" content=\"3 minutos\" \/>\n<script type=\"application\/ld+json\" class=\"yoast-schema-graph\">{\"@context\":\"https:\\\/\\\/schema.org\",\"@graph\":[{\"@type\":\"Article\",\"@id\":\"https:\\\/\\\/exaudi.org\\\/es\\\/mexico-mensaje-de-obispos-tras-cx-asamblea-plenaria\\\/#article\",\"isPartOf\":{\"@id\":\"https:\\\/\\\/exaudi.org\\\/es\\\/mexico-mensaje-de-obispos-tras-cx-asamblea-plenaria\\\/\"},\"author\":{\"name\":\"Larissa I. L\u00f3pez\",\"@id\":\"https:\\\/\\\/exaudi.org\\\/#\\\/schema\\\/person\\\/7d2f77db033c2c0929edfab6dbe8c588\"},\"headline\":\"M\u00e9xico: Mensaje de obispos tras CX Asamblea Plenaria\",\"datePublished\":\"2021-04-16T08:09:51+00:00\",\"dateModified\":\"2021-04-16T15:47:35+00:00\",\"mainEntityOfPage\":{\"@id\":\"https:\\\/\\\/exaudi.org\\\/es\\\/mexico-mensaje-de-obispos-tras-cx-asamblea-plenaria\\\/\"},\"wordCount\":711,\"image\":{\"@id\":\"https:\\\/\\\/exaudi.org\\\/es\\\/mexico-mensaje-de-obispos-tras-cx-asamblea-plenaria\\\/#primaryimage\"},\"thumbnailUrl\":\"https:\\\/\\\/exaudi.org\\\/wp-content\\\/uploads\\\/2021\\\/04\\\/Obispos-de-Mexico.jpg\",\"keywords\":[\"CX Asamblea Plenaria\",\"mensaje\",\"M\u00e9xico\",\"obispos\",\"Pueblo de Dios\"],\"articleSection\":[\"Iglesia Local\",\"\u00daltimas noticias\"],\"inLanguage\":\"es\"},{\"@type\":\"WebPage\",\"@id\":\"https:\\\/\\\/exaudi.org\\\/es\\\/mexico-mensaje-de-obispos-tras-cx-asamblea-plenaria\\\/\",\"url\":\"https:\\\/\\\/exaudi.org\\\/es\\\/mexico-mensaje-de-obispos-tras-cx-asamblea-plenaria\\\/\",\"name\":\"M\u00e9xico: Mensaje de obispos tras CX Asamblea Plenaria &#8211; Exaudi\",\"isPartOf\":{\"@id\":\"https:\\\/\\\/exaudi.org\\\/#website\"},\"primaryImageOfPage\":{\"@id\":\"https:\\\/\\\/exaudi.org\\\/es\\\/mexico-mensaje-de-obispos-tras-cx-asamblea-plenaria\\\/#primaryimage\"},\"image\":{\"@id\":\"https:\\\/\\\/exaudi.org\\\/es\\\/mexico-mensaje-de-obispos-tras-cx-asamblea-plenaria\\\/#primaryimage\"},\"thumbnailUrl\":\"https:\\\/\\\/exaudi.org\\\/wp-content\\\/uploads\\\/2021\\\/04\\\/Obispos-de-Mexico.jpg\",\"datePublished\":\"2021-04-16T08:09:51+00:00\",\"dateModified\":\"2021-04-16T15:47:35+00:00\",\"author\":{\"@id\":\"https:\\\/\\\/exaudi.org\\\/#\\\/schema\\\/person\\\/7d2f77db033c2c0929edfab6dbe8c588\"},\"description\":\"M\u00e9xico: Al finalizar la CX Asamblea Plenaria del episcopado, los obispos de M\u00e9xico han compartido su mensaje al pueblo de Dios.\",\"breadcrumb\":{\"@id\":\"https:\\\/\\\/exaudi.org\\\/es\\\/mexico-mensaje-de-obispos-tras-cx-asamblea-plenaria\\\/#breadcrumb\"},\"inLanguage\":\"es\",\"potentialAction\":[{\"@type\":\"ReadAction\",\"target\":[\"https:\\\/\\\/exaudi.org\\\/es\\\/mexico-mensaje-de-obispos-tras-cx-asamblea-plenaria\\\/\"]}]},{\"@type\":\"ImageObject\",\"inLanguage\":\"es\",\"@id\":\"https:\\\/\\\/exaudi.org\\\/es\\\/mexico-mensaje-de-obispos-tras-cx-asamblea-plenaria\\\/#primaryimage\",\"url\":\"https:\\\/\\\/exaudi.org\\\/wp-content\\\/uploads\\\/2021\\\/04\\\/Obispos-de-Mexico.jpg\",\"contentUrl\":\"https:\\\/\\\/exaudi.org\\\/wp-content\\\/uploads\\\/2021\\\/04\\\/Obispos-de-Mexico.jpg\",\"width\":1023,\"height\":630,\"caption\":\"Obispos de M\u00e9xico \u00a9 CELAM\"},{\"@type\":\"BreadcrumbList\",\"@id\":\"https:\\\/\\\/exaudi.org\\\/es\\\/mexico-mensaje-de-obispos-tras-cx-asamblea-plenaria\\\/#breadcrumb\",\"itemListElement\":[{\"@type\":\"ListItem\",\"position\":1,\"name\":\"Portada\",\"item\":\"https:\\\/\\\/exaudi.org\\\/es\\\/\"},{\"@type\":\"ListItem\",\"position\":2,\"name\":\"M\u00e9xico: Mensaje de obispos tras CX Asamblea Plenaria\"}]},{\"@type\":\"WebSite\",\"@id\":\"https:\\\/\\\/exaudi.org\\\/#website\",\"url\":\"https:\\\/\\\/exaudi.org\\\/\",\"name\":\"Exaudi\",\"description\":\"News\",\"potentialAction\":[{\"@type\":\"SearchAction\",\"target\":{\"@type\":\"EntryPoint\",\"urlTemplate\":\"https:\\\/\\\/exaudi.org\\\/?s={search_term_string}\"},\"query-input\":{\"@type\":\"PropertyValueSpecification\",\"valueRequired\":true,\"valueName\":\"search_term_string\"}}],\"inLanguage\":\"es\"},{\"@type\":\"Person\",\"@id\":\"https:\\\/\\\/exaudi.org\\\/#\\\/schema\\\/person\\\/7d2f77db033c2c0929edfab6dbe8c588\",\"name\":\"Larissa I. L\u00f3pez\",\"image\":{\"@type\":\"ImageObject\",\"inLanguage\":\"es\",\"@id\":\"https:\\\/\\\/secure.gravatar.com\\\/avatar\\\/db3ef399ff343d0bb9d25dc5198bc8ece5ac6d621eca79876697a354dabc1e3f?s=96&d=mm&r=g\",\"url\":\"https:\\\/\\\/secure.gravatar.com\\\/avatar\\\/db3ef399ff343d0bb9d25dc5198bc8ece5ac6d621eca79876697a354dabc1e3f?s=96&d=mm&r=g\",\"contentUrl\":\"https:\\\/\\\/secure.gravatar.com\\\/avatar\\\/db3ef399ff343d0bb9d25dc5198bc8ece5ac6d621eca79876697a354dabc1e3f?s=96&d=mm&r=g\",\"caption\":\"Larissa I. L\u00f3pez\"},\"description\":\"Doctora en Comunicaci\u00f3n. Mi trayectoria profesional ha transcurrido entre el \u00e1mbito de la comunicaci\u00f3n y el de la docencia. En los \u00faltimos a\u00f1os, he trabajado como coordinadora y redactora de la edici\u00f3n de ZENIT en espa\u00f1ol. Como profesora, he impartido clases en la universidad y en centros de FP y bachillerato. Cordobesa de nacimiento, tambi\u00e9n he vivido en Sevilla, Madrid y Roma\",\"url\":\"https:\\\/\\\/exaudi.org\\\/es\\\/author\\\/llopezexaudi-org\\\/\"}]}<\/script>\n<!-- \/ Yoast SEO plugin. -->","yoast_head_json":{"title":"M\u00e9xico: Mensaje de obispos tras CX Asamblea Plenaria &#8211; Exaudi","description":"M\u00e9xico: Al finalizar la CX Asamblea Plenaria del episcopado, los obispos de M\u00e9xico han compartido su mensaje al pueblo de Dios.","robots":{"index":"index","follow":"follow","max-snippet":"max-snippet:-1","max-image-preview":"max-image-preview:large","max-video-preview":"max-video-preview:-1"},"canonical":"https:\/\/exaudi.org\/es\/mexico-mensaje-de-obispos-tras-cx-asamblea-plenaria\/","og_locale":"es_ES","og_type":"article","og_title":"M\u00e9xico: Mensaje de obispos tras CX Asamblea Plenaria &#8211; Exaudi","og_description":"M\u00e9xico: Al finalizar la CX Asamblea Plenaria del episcopado, los obispos de M\u00e9xico han compartido su mensaje al pueblo de Dios.","og_url":"https:\/\/exaudi.org\/es\/mexico-mensaje-de-obispos-tras-cx-asamblea-plenaria\/","og_site_name":"Exaudi","article_publisher":"https:\/\/www.facebook.com\/ExaudiNews","article_published_time":"2021-04-16T08:09:51+00:00","article_modified_time":"2021-04-16T15:47:35+00:00","og_image":[{"width":1023,"height":630,"url":"https:\/\/exaudi.org\/wp-content\/uploads\/2021\/04\/Obispos-de-Mexico.jpg","type":"image\/jpeg"}],"author":"Larissa I. L\u00f3pez","twitter_card":"summary_large_image","twitter_creator":"@Exaudi_News","twitter_site":"@Exaudi_News","twitter_misc":{"Escrito por":"Larissa I. L\u00f3pez","Tiempo de lectura":"3 minutos"},"schema":{"@context":"https:\/\/schema.org","@graph":[{"@type":"Article","@id":"https:\/\/exaudi.org\/es\/mexico-mensaje-de-obispos-tras-cx-asamblea-plenaria\/#article","isPartOf":{"@id":"https:\/\/exaudi.org\/es\/mexico-mensaje-de-obispos-tras-cx-asamblea-plenaria\/"},"author":{"name":"Larissa I. L\u00f3pez","@id":"https:\/\/exaudi.org\/#\/schema\/person\/7d2f77db033c2c0929edfab6dbe8c588"},"headline":"M\u00e9xico: Mensaje de obispos tras CX Asamblea Plenaria","datePublished":"2021-04-16T08:09:51+00:00","dateModified":"2021-04-16T15:47:35+00:00","mainEntityOfPage":{"@id":"https:\/\/exaudi.org\/es\/mexico-mensaje-de-obispos-tras-cx-asamblea-plenaria\/"},"wordCount":711,"image":{"@id":"https:\/\/exaudi.org\/es\/mexico-mensaje-de-obispos-tras-cx-asamblea-plenaria\/#primaryimage"},"thumbnailUrl":"https:\/\/exaudi.org\/wp-content\/uploads\/2021\/04\/Obispos-de-Mexico.jpg","keywords":["CX Asamblea Plenaria","mensaje","M\u00e9xico","obispos","Pueblo de Dios"],"articleSection":["Iglesia Local","\u00daltimas noticias"],"inLanguage":"es"},{"@type":"WebPage","@id":"https:\/\/exaudi.org\/es\/mexico-mensaje-de-obispos-tras-cx-asamblea-plenaria\/","url":"https:\/\/exaudi.org\/es\/mexico-mensaje-de-obispos-tras-cx-asamblea-plenaria\/","name":"M\u00e9xico: Mensaje de obispos tras CX Asamblea Plenaria &#8211; Exaudi","isPartOf":{"@id":"https:\/\/exaudi.org\/#website"},"primaryImageOfPage":{"@id":"https:\/\/exaudi.org\/es\/mexico-mensaje-de-obispos-tras-cx-asamblea-plenaria\/#primaryimage"},"image":{"@id":"https:\/\/exaudi.org\/es\/mexico-mensaje-de-obispos-tras-cx-asamblea-plenaria\/#primaryimage"},"thumbnailUrl":"https:\/\/exaudi.org\/wp-content\/uploads\/2021\/04\/Obispos-de-Mexico.jpg","datePublished":"2021-04-16T08:09:51+00:00","dateModified":"2021-04-16T15:47:35+00:00","author":{"@id":"https:\/\/exaudi.org\/#\/schema\/person\/7d2f77db033c2c0929edfab6dbe8c588"},"description":"M\u00e9xico: Al finalizar la CX Asamblea Plenaria del episcopado, los obispos de M\u00e9xico han compartido su mensaje al pueblo de Dios.","breadcrumb":{"@id":"https:\/\/exaudi.org\/es\/mexico-mensaje-de-obispos-tras-cx-asamblea-plenaria\/#breadcrumb"},"inLanguage":"es","potentialAction":[{"@type":"ReadAction","target":["https:\/\/exaudi.org\/es\/mexico-mensaje-de-obispos-tras-cx-asamblea-plenaria\/"]}]},{"@type":"ImageObject","inLanguage":"es","@id":"https:\/\/exaudi.org\/es\/mexico-mensaje-de-obispos-tras-cx-asamblea-plenaria\/#primaryimage","url":"https:\/\/exaudi.org\/wp-content\/uploads\/2021\/04\/Obispos-de-Mexico.jpg","contentUrl":"https:\/\/exaudi.org\/wp-content\/uploads\/2021\/04\/Obispos-de-Mexico.jpg","width":1023,"height":630,"caption":"Obispos de M\u00e9xico \u00a9 CELAM"},{"@type":"BreadcrumbList","@id":"https:\/\/exaudi.org\/es\/mexico-mensaje-de-obispos-tras-cx-asamblea-plenaria\/#breadcrumb","itemListElement":[{"@type":"ListItem","position":1,"name":"Portada","item":"https:\/\/exaudi.org\/es\/"},{"@type":"ListItem","position":2,"name":"M\u00e9xico: Mensaje de obispos tras CX Asamblea Plenaria"}]},{"@type":"WebSite","@id":"https:\/\/exaudi.org\/#website","url":"https:\/\/exaudi.org\/","name":"Exaudi","description":"News","potentialAction":[{"@type":"SearchAction","target":{"@type":"EntryPoint","urlTemplate":"https:\/\/exaudi.org\/?s={search_term_string}"},"query-input":{"@type":"PropertyValueSpecification","valueRequired":true,"valueName":"search_term_string"}}],"inLanguage":"es"},{"@type":"Person","@id":"https:\/\/exaudi.org\/#\/schema\/person\/7d2f77db033c2c0929edfab6dbe8c588","name":"Larissa I. L\u00f3pez","image":{"@type":"ImageObject","inLanguage":"es","@id":"https:\/\/secure.gravatar.com\/avatar\/db3ef399ff343d0bb9d25dc5198bc8ece5ac6d621eca79876697a354dabc1e3f?s=96&d=mm&r=g","url":"https:\/\/secure.gravatar.com\/avatar\/db3ef399ff343d0bb9d25dc5198bc8ece5ac6d621eca79876697a354dabc1e3f?s=96&d=mm&r=g","contentUrl":"https:\/\/secure.gravatar.com\/avatar\/db3ef399ff343d0bb9d25dc5198bc8ece5ac6d621eca79876697a354dabc1e3f?s=96&d=mm&r=g","caption":"Larissa I. L\u00f3pez"},"description":"Doctora en Comunicaci\u00f3n. Mi trayectoria profesional ha transcurrido entre el \u00e1mbito de la comunicaci\u00f3n y el de la docencia. En los \u00faltimos a\u00f1os, he trabajado como coordinadora y redactora de la edici\u00f3n de ZENIT en espa\u00f1ol. Como profesora, he impartido clases en la universidad y en centros de FP y bachillerato. Cordobesa de nacimiento, tambi\u00e9n he vivido en Sevilla, Madrid y Roma","url":"https:\/\/exaudi.org\/es\/author\/llopezexaudi-org\/"}]}},"jetpack_featured_media_url":"https:\/\/exaudi.org\/wp-content\/uploads\/2021\/04\/Obispos-de-Mexico.jpg","jetpack_shortlink":"https:\/\/wp.me\/pgKjF2-379","_links":{"self":[{"href":"https:\/\/exaudi.org\/es\/wp-json\/wp\/v2\/posts\/11975","targetHints":{"allow":["GET"]}}],"collection":[{"href":"https:\/\/exaudi.org\/es\/wp-json\/wp\/v2\/posts"}],"about":[{"href":"https:\/\/exaudi.org\/es\/wp-json\/wp\/v2\/types\/post"}],"author":[{"embeddable":true,"href":"https:\/\/exaudi.org\/es\/wp-json\/wp\/v2\/users\/5"}],"replies":[{"embeddable":true,"href":"https:\/\/exaudi.org\/es\/wp-json\/wp\/v2\/comments?post=11975"}],"version-history":[{"count":0,"href":"https:\/\/exaudi.org\/es\/wp-json\/wp\/v2\/posts\/11975\/revisions"}],"wp:featuredmedia":[{"embeddable":true,"href":"https:\/\/exaudi.org\/es\/wp-json\/wp\/v2\/media\/11981"}],"wp:attachment":[{"href":"https:\/\/exaudi.org\/es\/wp-json\/wp\/v2\/media?parent=11975"}],"wp:term":[{"taxonomy":"category","embeddable":true,"href":"https:\/\/exaudi.org\/es\/wp-json\/wp\/v2\/categories?post=11975"},{"taxonomy":"post_tag","embeddable":true,"href":"https:\/\/exaudi.org\/es\/wp-json\/wp\/v2\/tags?post=11975"}],"curies":[{"name":"wp","href":"https:\/\/api.w.org\/{rel}","templated":true}]}}