{"id":11962,"date":"2021-04-16T12:33:03","date_gmt":"2021-04-16T10:33:03","guid":{"rendered":"https:\/\/exaudi.org\/?p=11962"},"modified":"2021-04-16T12:36:40","modified_gmt":"2021-04-16T10:36:40","slug":"vaticano-mensaje-con-motivo-del-ramadan-2021","status":"publish","type":"post","link":"https:\/\/exaudi.org\/es\/vaticano-mensaje-con-motivo-del-ramadan-2021\/","title":{"rendered":"Vaticano: Mensaje con motivo del Ramad\u00e1n 2021"},"content":{"rendered":"<p>Con motivo del mes de Ramad\u00e1n -que este a\u00f1o comenz\u00f3 el 13 de abril- y de la fiesta de <em>&#8216;Id al-Fitr<\/em> 1442 H. \/ 2021 D.C., el <a href=\"https:\/\/www.vatican.va\/roman_curia\/pontifical_councils\/interelg\/documents\/rc_pc_interelg_pro_20051996_sp.html\" target=\"_blank\" rel=\"noopener noreferrer\">Pontificio Consejo para el Di\u00e1logo Interreligioso<\/a> del Vaticano ha enviado a los musulmanes de todo el mundo un mensaje de buenos deseos <em>titulado Cristianos y musulmanes: testigos de la esperanza.<\/em><\/p>\n<p>El Pontificio Consejo para el Di\u00e1logo Interreligioso transmite sus \u201cbuenos deseos fraternales para un mes rico en bendiciones divinas y en crecimiento espiritual\u201d. \u201cEl ayuno, la oraci\u00f3n, la limosna y otras pr\u00e1cticas piadosas nos acercan a Dios nuestro Creador y a todos aquellos con los que vivimos y trabajamos, ayud\u00e1ndonos a seguir el camino por la senda de la fraternidad\u201d, se lee en el texto,<\/p>\n<p>Asimismo, el mensaje describe c\u00f3mo \u201cdurante estos largos meses de sufrimiento, angustia y dolor, especialmente en los periodos de confinamiento, hemos percibido la necesidad de la asistencia divina, y de expresiones y gestos de solidaridad fraterna, como una llamada telef\u00f3nica, un mensaje de apoyo y consuelo, una oraci\u00f3n, ayuda para comprar medicinas o alimentos, consejos y, en pocas palabras, la seguridad de saber que alguien est\u00e1 a nuestro lado en los momentos de necesidad\u201d.<\/p>\n<h4><strong>Esperanza<\/strong><\/h4>\n<p>La ayuda divina, \u201cnecesaria y buscada sobre todo en circunstancias como la actual pandemia, es m\u00faltiple: la misericordia divina, el perd\u00f3n, la providencia y otros dones espirituales y materiales\u201d. Sin embargo, \u201clo que m\u00e1s necesitamos en estos d\u00edas es la esperanza\u201d, motivo por \u00a0el que se comparten una serie de reflexiones sobre esta virtud.<\/p>\n<p>De este modo, se indica que la esperanza \u201csurge de nuestra convicci\u00f3n de que los problemas y las pruebas tengan un significado, un valor y un prop\u00f3sito, por muy dif\u00edcil o imposible que nos resulte entender la raz\u00f3n o encontrar una salida\u201d y \u201clleva consigo la convicci\u00f3n de la bondad que hay en el coraz\u00f3n de cada persona. A menudo, en situaciones de dificultad o desesperaci\u00f3n, la ayuda y la esperanza que aporta llegan de donde menos lo esperamos\u201d.<\/p>\n<p>\u201cNosotros, cristianos y musulmanes, estamos llamados a ser portadores de esperanza para la vida presente y futura, y a ser testigos, constructores y reparadores de esta esperanza, especialmente para aquellos que padecen dificultades y desesperaci\u00f3n\u201d, concluye.<\/p>\n<p>A continuaci\u00f3n, sigue el texto del mensaje, firmado por el presidente del Pontificio Consejo, el cardenal Miguel \u00c1ngel Ayuso Guixot y el secretario del mismo Pontificio Consejo, Rev. Mons. Indunil Kodithuwakku Janakaratne Kankanamalage.<\/p>\n<p>***<\/p>\n<h4><strong>Cristianos y musulmanes: testigos de la esperanza<\/strong><\/h4>\n<p>Queridos hermanos y hermanas musulmanes,<\/p>\n<p>En el Pontificio Consejo para el Di\u00e1logo Interreligioso nos complace transmitiros nuestros buenos deseos fraternales para un mes rico en bendiciones divinas y en crecimiento espiritual. El ayuno, la oraci\u00f3n, la limosna y otras pr\u00e1cticas piadosas nos acercan a Dios nuestro Creador y a todos aquellos con los que vivimos y trabajamos, ayud\u00e1ndonos a seguir el camino por la senda de la fraternidad.<\/p>\n<p>Durante estos largos meses de sufrimiento, angustia y dolor, especialmente en los periodos de confinamiento, hemos percibido la necesidad de la asistencia divina, y de expresiones y gestos de solidaridad fraterna, como una llamada telef\u00f3nica, un mensaje de apoyo y consuelo, una oraci\u00f3n, ayuda para comprar medicinas o alimentos, consejos y, en pocas palabras, la seguridad de saber que alguien est\u00e1 a nuestro lado en los momentos de necesidad.<\/p>\n<p>La ayuda divina, necesaria y buscada sobre todo en circunstancias como la actual pandemia, es m\u00faltiple: la misericordia divina, el perd\u00f3n, la providencia y otros dones espirituales y materiales. Y, sin embargo, lo que m\u00e1s necesitamos en estos d\u00edas es la esperanza; por eso nos parece oportuno compartir con vosotros algunas reflexiones sobre esta virtud.<\/p>\n<p>Sabemos que la esperanza incluye el optimismo, pero va m\u00e1s all\u00e1. El optimismo es una actitud humana, mientras que la esperanza est\u00e1 arraigada en algo religioso: Dios nos ama y por eso nos cuida con su Providencia, a trav\u00e9s de sus misteriosos caminos, que no siempre son comprensibles para nosotros. En estas situaciones, somos como ni\u00f1os que, aunque est\u00e1n seguros del cuidado amoroso de sus padres, a\u00fan no son capaces de comprenderlo plenamente.<\/p>\n<p>La esperanza surge de nuestra convicci\u00f3n de que los problemas y las pruebas tengan un significado, un valor y un prop\u00f3sito, por muy dif\u00edcil o imposible que nos resulte entender la raz\u00f3n o encontrar una salida.<\/p>\n<p>La esperanza lleva consigo la convicci\u00f3n de la bondad que hay en el coraz\u00f3n de cada persona. A menudo, en situaciones de dificultad o desesperaci\u00f3n, la ayuda y la esperanza que aporta llegan de donde menos lo esperamos.<\/p>\n<p>La fraternidad humana, con sus m\u00faltiples manifestaciones, se convierte as\u00ed en una fuente de esperanza para todos, especialmente para los m\u00e1s necesitados. Agradecemos a Dios, nuestro Creador, y tambi\u00e9n a los hombres y mujeres, nuestros semejantes, la pronta respuesta y la generosa solidaridad mostrada por los creyentes y las personas de buena voluntad sin afiliaci\u00f3n religiosa, en tiempos de cat\u00e1strofes, tanto naturales como provocadas por el hombre, como los conflictos y las guerras. A nosotros, como creyentes, todas estas personas y su bondad nos recuerdan que el esp\u00edritu de fraternidad es universal y trasciende todas las fronteras \u00e9tnicas, religiosas, sociales y econ\u00f3micas. Al adoptar este esp\u00edritu, imitamos a Dios, que mira con benevolencia a la humanidad que cre\u00f3, a todas las dem\u00e1s criaturas y al universo entero. Por eso, seg\u00fan el Papa Francisco, el creciente cuidado y preocupaci\u00f3n por el planeta, nuestra \u00abcasa com\u00fan\u00bb, es otro signo de esperanza.<\/p>\n<p>Tambi\u00e9n somos conscientes de que hay factores adversos a la esperanza: la falta de fe en el amor y el cuidado de Dios, la p\u00e9rdida de confianza en nuestros hermanos, el pesimismo, la desesperaci\u00f3n y su opuesto infundado, la presunci\u00f3n, las generalizaciones injustas basadas en las experiencias negativas propias, etc. Hay que oponerse eficazmente a estos pensamientos, actitudes y reacciones perjudiciales para reforzar la esperanza en Dios y la confianza en todos nuestros hermanos.<\/p>\n<p>En su reciente enc\u00edclica, <a href=\"https:\/\/exaudi.org\/es\/enciclica-fratelli-tutti-papa\/\" target=\"_blank\" rel=\"noopener noreferrer\"><em>Fratelli tutti<\/em><\/a>, el Papa Francisco habla a menudo de la esperanza, y nos dice: \u201cInvito a la esperanza, que \u2018nos habla de una realidad que est\u00e1 enraizada en lo profundo del ser humano, independientemente de las circunstancias concretas y los condicionamientos hist\u00f3ricos en que vive. Nos habla de una sed, de una aspiraci\u00f3n, de un anhelo de plenitud, de vida lograda, de un querer tocar lo grande, lo que llena el coraz\u00f3n y eleva el esp\u00edritu hacia cosas grandes, como la verdad, la bondad y la belleza, la justicia y el amor. [\u2026] La esperanza es audaz, sabe mirar m\u00e1s all\u00e1 de la comodidad personal, de las peque\u00f1as seguridades y compensaciones que estrechan el horizonte, para abrirse a grandes ideales que hacen la vida m\u00e1s bella y digna\u2019\u201d (cf. <em>Gaudium et spes<\/em>, 1). Caminemos con esperanza\u00bb (n\u00ba 55).<\/p>\n<p>Nosotros, cristianos y musulmanes, estamos llamados a ser portadores de esperanza para la vida presente y futura, y a ser testigos, constructores y reparadores de esta esperanza, especialmente para aquellos que padecen dificultades y desesperaci\u00f3n.<\/p>\n<p>Como signo de fraternidad espiritual, os aseguramos nuestras oraciones, expresando nuestros mejores deseos de un Ramad\u00e1n pac\u00edfico y fruct\u00edfero y un alegre <em>&#8216;Id al-Fitr.<\/em><\/p>\n<p>Desde el Vaticano, el 29 de marzo de 2021<\/p>\n<p>Miguel \u00c1ngel Cardenal Ayuso Guixot, MCCJ+<\/p>\n<p>Presidente<\/p>\n<p>Monse\u00f1or Indunil Kodithuwakku Janakaratne Kankanamalage<\/p>\n<p>Secretario<\/p>\n<p><strong>\u00a9 Librer\u00eda Editora Vaticana<\/strong><\/p>\n","protected":false},"excerpt":{"rendered":"<p>\u201cCristianos y musulmanes: testigos de la esperanza\u201d<\/p>\n","protected":false},"author":5,"featured_media":11965,"comment_status":"closed","ping_status":"closed","sticky":false,"template":"","format":"standard","meta":{"_acf_changed":false,"_crdt_document":"","inline_featured_image":false,"footnotes":""},"categories":[138,140,298],"tags":[548,624,1732,1731,1730,272],"class_list":["post-11962","post","type-post","status-publish","format-standard","has-post-thumbnail","hentry","category-dicasterios","category-ecumenismo-y-dialogo-interreligioso","category-ultimas-noticias","tag-cristianos","tag-esperanza","tag-musulmanes","tag-pontificio-consejo-para-el-dialogo-interreligioso","tag-ramadan","tag-vaticano-es"],"acf":[],"yoast_head":"<!-- This site is optimized with the Yoast SEO plugin v27.5 - https:\/\/yoast.com\/product\/yoast-seo-wordpress\/ -->\n<title>Vaticano: Mensaje con motivo del Ramad\u00e1n 2021 &#8211; Exaudi<\/title>\n<meta name=\"description\" content=\"Con motivo del mes de Ramad\u00e1n 2021, el Consejo para el Di\u00e1logo Interreligioso del Vaticano envia a los musulmanes de todo el mundo un mensaje\" \/>\n<meta name=\"robots\" content=\"index, follow, max-snippet:-1, max-image-preview:large, max-video-preview:-1\" \/>\n<link rel=\"canonical\" href=\"https:\/\/exaudi.org\/es\/vaticano-mensaje-con-motivo-del-ramadan-2021\/\" \/>\n<meta property=\"og:locale\" content=\"es_ES\" \/>\n<meta property=\"og:type\" content=\"article\" \/>\n<meta property=\"og:title\" content=\"Vaticano: Mensaje con motivo del Ramad\u00e1n 2021 &#8211; Exaudi\" \/>\n<meta property=\"og:description\" content=\"Con motivo del mes de Ramad\u00e1n 2021, el Consejo para el Di\u00e1logo Interreligioso del Vaticano envia a los musulmanes de todo el mundo un mensaje\" \/>\n<meta property=\"og:url\" content=\"https:\/\/exaudi.org\/es\/vaticano-mensaje-con-motivo-del-ramadan-2021\/\" \/>\n<meta property=\"og:site_name\" content=\"Exaudi\" \/>\n<meta property=\"article:publisher\" content=\"https:\/\/www.facebook.com\/ExaudiNews\" \/>\n<meta property=\"article:published_time\" content=\"2021-04-16T10:33:03+00:00\" \/>\n<meta property=\"article:modified_time\" content=\"2021-04-16T10:36:40+00:00\" \/>\n<meta property=\"og:image\" content=\"https:\/\/exaudi.org\/wp-content\/uploads\/2021\/04\/islamic-prayer-dusk-sun-man-bird-1451241-pxhere.com_-scaled.jpg\" \/>\n\t<meta property=\"og:image:width\" content=\"2560\" \/>\n\t<meta property=\"og:image:height\" content=\"1550\" \/>\n\t<meta property=\"og:image:type\" content=\"image\/jpeg\" \/>\n<meta name=\"author\" content=\"Larissa I. L\u00f3pez\" \/>\n<meta name=\"twitter:card\" content=\"summary_large_image\" \/>\n<meta name=\"twitter:creator\" content=\"@Exaudi_News\" \/>\n<meta name=\"twitter:site\" content=\"@Exaudi_News\" \/>\n<meta name=\"twitter:label1\" content=\"Escrito por\" \/>\n\t<meta name=\"twitter:data1\" content=\"Larissa I. L\u00f3pez\" \/>\n\t<meta name=\"twitter:label2\" content=\"Tiempo de lectura\" \/>\n\t<meta name=\"twitter:data2\" content=\"6 minutos\" \/>\n<script type=\"application\/ld+json\" class=\"yoast-schema-graph\">{\"@context\":\"https:\\\/\\\/schema.org\",\"@graph\":[{\"@type\":\"Article\",\"@id\":\"https:\\\/\\\/exaudi.org\\\/es\\\/vaticano-mensaje-con-motivo-del-ramadan-2021\\\/#article\",\"isPartOf\":{\"@id\":\"https:\\\/\\\/exaudi.org\\\/es\\\/vaticano-mensaje-con-motivo-del-ramadan-2021\\\/\"},\"author\":{\"name\":\"Larissa I. L\u00f3pez\",\"@id\":\"https:\\\/\\\/exaudi.org\\\/#\\\/schema\\\/person\\\/7d2f77db033c2c0929edfab6dbe8c588\"},\"headline\":\"Vaticano: Mensaje con motivo del Ramad\u00e1n 2021\",\"datePublished\":\"2021-04-16T10:33:03+00:00\",\"dateModified\":\"2021-04-16T10:36:40+00:00\",\"mainEntityOfPage\":{\"@id\":\"https:\\\/\\\/exaudi.org\\\/es\\\/vaticano-mensaje-con-motivo-del-ramadan-2021\\\/\"},\"wordCount\":1268,\"image\":{\"@id\":\"https:\\\/\\\/exaudi.org\\\/es\\\/vaticano-mensaje-con-motivo-del-ramadan-2021\\\/#primaryimage\"},\"thumbnailUrl\":\"https:\\\/\\\/exaudi.org\\\/wp-content\\\/uploads\\\/2021\\\/04\\\/islamic-prayer-dusk-sun-man-bird-1451241-pxhere.com_-scaled.jpg\",\"keywords\":[\"cristianos\",\"Esperanza\",\"Musulmanes\",\"Pontificio Consejo para el Di\u00e1logo Interreligioso\",\"Ramad\u00e1n\",\"Vaticano\"],\"articleSection\":[\"Dicasterios\",\"Ecumenismo y Di\u00e1logo interreligioso\",\"\u00daltimas noticias\"],\"inLanguage\":\"es\"},{\"@type\":\"WebPage\",\"@id\":\"https:\\\/\\\/exaudi.org\\\/es\\\/vaticano-mensaje-con-motivo-del-ramadan-2021\\\/\",\"url\":\"https:\\\/\\\/exaudi.org\\\/es\\\/vaticano-mensaje-con-motivo-del-ramadan-2021\\\/\",\"name\":\"Vaticano: Mensaje con motivo del Ramad\u00e1n 2021 &#8211; Exaudi\",\"isPartOf\":{\"@id\":\"https:\\\/\\\/exaudi.org\\\/#website\"},\"primaryImageOfPage\":{\"@id\":\"https:\\\/\\\/exaudi.org\\\/es\\\/vaticano-mensaje-con-motivo-del-ramadan-2021\\\/#primaryimage\"},\"image\":{\"@id\":\"https:\\\/\\\/exaudi.org\\\/es\\\/vaticano-mensaje-con-motivo-del-ramadan-2021\\\/#primaryimage\"},\"thumbnailUrl\":\"https:\\\/\\\/exaudi.org\\\/wp-content\\\/uploads\\\/2021\\\/04\\\/islamic-prayer-dusk-sun-man-bird-1451241-pxhere.com_-scaled.jpg\",\"datePublished\":\"2021-04-16T10:33:03+00:00\",\"dateModified\":\"2021-04-16T10:36:40+00:00\",\"author\":{\"@id\":\"https:\\\/\\\/exaudi.org\\\/#\\\/schema\\\/person\\\/7d2f77db033c2c0929edfab6dbe8c588\"},\"description\":\"Con motivo del mes de Ramad\u00e1n 2021, el Consejo para el Di\u00e1logo Interreligioso del Vaticano envia a los musulmanes de todo el mundo un mensaje\",\"breadcrumb\":{\"@id\":\"https:\\\/\\\/exaudi.org\\\/es\\\/vaticano-mensaje-con-motivo-del-ramadan-2021\\\/#breadcrumb\"},\"inLanguage\":\"es\",\"potentialAction\":[{\"@type\":\"ReadAction\",\"target\":[\"https:\\\/\\\/exaudi.org\\\/es\\\/vaticano-mensaje-con-motivo-del-ramadan-2021\\\/\"]}]},{\"@type\":\"ImageObject\",\"inLanguage\":\"es\",\"@id\":\"https:\\\/\\\/exaudi.org\\\/es\\\/vaticano-mensaje-con-motivo-del-ramadan-2021\\\/#primaryimage\",\"url\":\"https:\\\/\\\/exaudi.org\\\/wp-content\\\/uploads\\\/2021\\\/04\\\/islamic-prayer-dusk-sun-man-bird-1451241-pxhere.com_-scaled.jpg\",\"contentUrl\":\"https:\\\/\\\/exaudi.org\\\/wp-content\\\/uploads\\\/2021\\\/04\\\/islamic-prayer-dusk-sun-man-bird-1451241-pxhere.com_-scaled.jpg\",\"width\":2560,\"height\":1550,\"caption\":\"Ramad\u00e1n \u00a9 Pxhere\"},{\"@type\":\"BreadcrumbList\",\"@id\":\"https:\\\/\\\/exaudi.org\\\/es\\\/vaticano-mensaje-con-motivo-del-ramadan-2021\\\/#breadcrumb\",\"itemListElement\":[{\"@type\":\"ListItem\",\"position\":1,\"name\":\"Portada\",\"item\":\"https:\\\/\\\/exaudi.org\\\/es\\\/\"},{\"@type\":\"ListItem\",\"position\":2,\"name\":\"Vaticano: Mensaje con motivo del Ramad\u00e1n 2021\"}]},{\"@type\":\"WebSite\",\"@id\":\"https:\\\/\\\/exaudi.org\\\/#website\",\"url\":\"https:\\\/\\\/exaudi.org\\\/\",\"name\":\"Exaudi\",\"description\":\"News\",\"potentialAction\":[{\"@type\":\"SearchAction\",\"target\":{\"@type\":\"EntryPoint\",\"urlTemplate\":\"https:\\\/\\\/exaudi.org\\\/?s={search_term_string}\"},\"query-input\":{\"@type\":\"PropertyValueSpecification\",\"valueRequired\":true,\"valueName\":\"search_term_string\"}}],\"inLanguage\":\"es\"},{\"@type\":\"Person\",\"@id\":\"https:\\\/\\\/exaudi.org\\\/#\\\/schema\\\/person\\\/7d2f77db033c2c0929edfab6dbe8c588\",\"name\":\"Larissa I. L\u00f3pez\",\"image\":{\"@type\":\"ImageObject\",\"inLanguage\":\"es\",\"@id\":\"https:\\\/\\\/secure.gravatar.com\\\/avatar\\\/db3ef399ff343d0bb9d25dc5198bc8ece5ac6d621eca79876697a354dabc1e3f?s=96&d=mm&r=g\",\"url\":\"https:\\\/\\\/secure.gravatar.com\\\/avatar\\\/db3ef399ff343d0bb9d25dc5198bc8ece5ac6d621eca79876697a354dabc1e3f?s=96&d=mm&r=g\",\"contentUrl\":\"https:\\\/\\\/secure.gravatar.com\\\/avatar\\\/db3ef399ff343d0bb9d25dc5198bc8ece5ac6d621eca79876697a354dabc1e3f?s=96&d=mm&r=g\",\"caption\":\"Larissa I. L\u00f3pez\"},\"description\":\"Doctora en Comunicaci\u00f3n. Mi trayectoria profesional ha transcurrido entre el \u00e1mbito de la comunicaci\u00f3n y el de la docencia. En los \u00faltimos a\u00f1os, he trabajado como coordinadora y redactora de la edici\u00f3n de ZENIT en espa\u00f1ol. Como profesora, he impartido clases en la universidad y en centros de FP y bachillerato. Cordobesa de nacimiento, tambi\u00e9n he vivido en Sevilla, Madrid y Roma\",\"url\":\"https:\\\/\\\/exaudi.org\\\/es\\\/author\\\/llopezexaudi-org\\\/\"}]}<\/script>\n<!-- \/ Yoast SEO plugin. -->","yoast_head_json":{"title":"Vaticano: Mensaje con motivo del Ramad\u00e1n 2021 &#8211; Exaudi","description":"Con motivo del mes de Ramad\u00e1n 2021, el Consejo para el Di\u00e1logo Interreligioso del Vaticano envia a los musulmanes de todo el mundo un mensaje","robots":{"index":"index","follow":"follow","max-snippet":"max-snippet:-1","max-image-preview":"max-image-preview:large","max-video-preview":"max-video-preview:-1"},"canonical":"https:\/\/exaudi.org\/es\/vaticano-mensaje-con-motivo-del-ramadan-2021\/","og_locale":"es_ES","og_type":"article","og_title":"Vaticano: Mensaje con motivo del Ramad\u00e1n 2021 &#8211; Exaudi","og_description":"Con motivo del mes de Ramad\u00e1n 2021, el Consejo para el Di\u00e1logo Interreligioso del Vaticano envia a los musulmanes de todo el mundo un mensaje","og_url":"https:\/\/exaudi.org\/es\/vaticano-mensaje-con-motivo-del-ramadan-2021\/","og_site_name":"Exaudi","article_publisher":"https:\/\/www.facebook.com\/ExaudiNews","article_published_time":"2021-04-16T10:33:03+00:00","article_modified_time":"2021-04-16T10:36:40+00:00","og_image":[{"width":2560,"height":1550,"url":"https:\/\/exaudi.org\/wp-content\/uploads\/2021\/04\/islamic-prayer-dusk-sun-man-bird-1451241-pxhere.com_-scaled.jpg","type":"image\/jpeg"}],"author":"Larissa I. L\u00f3pez","twitter_card":"summary_large_image","twitter_creator":"@Exaudi_News","twitter_site":"@Exaudi_News","twitter_misc":{"Escrito por":"Larissa I. L\u00f3pez","Tiempo de lectura":"6 minutos"},"schema":{"@context":"https:\/\/schema.org","@graph":[{"@type":"Article","@id":"https:\/\/exaudi.org\/es\/vaticano-mensaje-con-motivo-del-ramadan-2021\/#article","isPartOf":{"@id":"https:\/\/exaudi.org\/es\/vaticano-mensaje-con-motivo-del-ramadan-2021\/"},"author":{"name":"Larissa I. L\u00f3pez","@id":"https:\/\/exaudi.org\/#\/schema\/person\/7d2f77db033c2c0929edfab6dbe8c588"},"headline":"Vaticano: Mensaje con motivo del Ramad\u00e1n 2021","datePublished":"2021-04-16T10:33:03+00:00","dateModified":"2021-04-16T10:36:40+00:00","mainEntityOfPage":{"@id":"https:\/\/exaudi.org\/es\/vaticano-mensaje-con-motivo-del-ramadan-2021\/"},"wordCount":1268,"image":{"@id":"https:\/\/exaudi.org\/es\/vaticano-mensaje-con-motivo-del-ramadan-2021\/#primaryimage"},"thumbnailUrl":"https:\/\/exaudi.org\/wp-content\/uploads\/2021\/04\/islamic-prayer-dusk-sun-man-bird-1451241-pxhere.com_-scaled.jpg","keywords":["cristianos","Esperanza","Musulmanes","Pontificio Consejo para el Di\u00e1logo Interreligioso","Ramad\u00e1n","Vaticano"],"articleSection":["Dicasterios","Ecumenismo y Di\u00e1logo interreligioso","\u00daltimas noticias"],"inLanguage":"es"},{"@type":"WebPage","@id":"https:\/\/exaudi.org\/es\/vaticano-mensaje-con-motivo-del-ramadan-2021\/","url":"https:\/\/exaudi.org\/es\/vaticano-mensaje-con-motivo-del-ramadan-2021\/","name":"Vaticano: Mensaje con motivo del Ramad\u00e1n 2021 &#8211; Exaudi","isPartOf":{"@id":"https:\/\/exaudi.org\/#website"},"primaryImageOfPage":{"@id":"https:\/\/exaudi.org\/es\/vaticano-mensaje-con-motivo-del-ramadan-2021\/#primaryimage"},"image":{"@id":"https:\/\/exaudi.org\/es\/vaticano-mensaje-con-motivo-del-ramadan-2021\/#primaryimage"},"thumbnailUrl":"https:\/\/exaudi.org\/wp-content\/uploads\/2021\/04\/islamic-prayer-dusk-sun-man-bird-1451241-pxhere.com_-scaled.jpg","datePublished":"2021-04-16T10:33:03+00:00","dateModified":"2021-04-16T10:36:40+00:00","author":{"@id":"https:\/\/exaudi.org\/#\/schema\/person\/7d2f77db033c2c0929edfab6dbe8c588"},"description":"Con motivo del mes de Ramad\u00e1n 2021, el Consejo para el Di\u00e1logo Interreligioso del Vaticano envia a los musulmanes de todo el mundo un mensaje","breadcrumb":{"@id":"https:\/\/exaudi.org\/es\/vaticano-mensaje-con-motivo-del-ramadan-2021\/#breadcrumb"},"inLanguage":"es","potentialAction":[{"@type":"ReadAction","target":["https:\/\/exaudi.org\/es\/vaticano-mensaje-con-motivo-del-ramadan-2021\/"]}]},{"@type":"ImageObject","inLanguage":"es","@id":"https:\/\/exaudi.org\/es\/vaticano-mensaje-con-motivo-del-ramadan-2021\/#primaryimage","url":"https:\/\/exaudi.org\/wp-content\/uploads\/2021\/04\/islamic-prayer-dusk-sun-man-bird-1451241-pxhere.com_-scaled.jpg","contentUrl":"https:\/\/exaudi.org\/wp-content\/uploads\/2021\/04\/islamic-prayer-dusk-sun-man-bird-1451241-pxhere.com_-scaled.jpg","width":2560,"height":1550,"caption":"Ramad\u00e1n \u00a9 Pxhere"},{"@type":"BreadcrumbList","@id":"https:\/\/exaudi.org\/es\/vaticano-mensaje-con-motivo-del-ramadan-2021\/#breadcrumb","itemListElement":[{"@type":"ListItem","position":1,"name":"Portada","item":"https:\/\/exaudi.org\/es\/"},{"@type":"ListItem","position":2,"name":"Vaticano: Mensaje con motivo del Ramad\u00e1n 2021"}]},{"@type":"WebSite","@id":"https:\/\/exaudi.org\/#website","url":"https:\/\/exaudi.org\/","name":"Exaudi","description":"News","potentialAction":[{"@type":"SearchAction","target":{"@type":"EntryPoint","urlTemplate":"https:\/\/exaudi.org\/?s={search_term_string}"},"query-input":{"@type":"PropertyValueSpecification","valueRequired":true,"valueName":"search_term_string"}}],"inLanguage":"es"},{"@type":"Person","@id":"https:\/\/exaudi.org\/#\/schema\/person\/7d2f77db033c2c0929edfab6dbe8c588","name":"Larissa I. L\u00f3pez","image":{"@type":"ImageObject","inLanguage":"es","@id":"https:\/\/secure.gravatar.com\/avatar\/db3ef399ff343d0bb9d25dc5198bc8ece5ac6d621eca79876697a354dabc1e3f?s=96&d=mm&r=g","url":"https:\/\/secure.gravatar.com\/avatar\/db3ef399ff343d0bb9d25dc5198bc8ece5ac6d621eca79876697a354dabc1e3f?s=96&d=mm&r=g","contentUrl":"https:\/\/secure.gravatar.com\/avatar\/db3ef399ff343d0bb9d25dc5198bc8ece5ac6d621eca79876697a354dabc1e3f?s=96&d=mm&r=g","caption":"Larissa I. L\u00f3pez"},"description":"Doctora en Comunicaci\u00f3n. Mi trayectoria profesional ha transcurrido entre el \u00e1mbito de la comunicaci\u00f3n y el de la docencia. En los \u00faltimos a\u00f1os, he trabajado como coordinadora y redactora de la edici\u00f3n de ZENIT en espa\u00f1ol. Como profesora, he impartido clases en la universidad y en centros de FP y bachillerato. Cordobesa de nacimiento, tambi\u00e9n he vivido en Sevilla, Madrid y Roma","url":"https:\/\/exaudi.org\/es\/author\/llopezexaudi-org\/"}]}},"jetpack_featured_media_url":"https:\/\/exaudi.org\/wp-content\/uploads\/2021\/04\/islamic-prayer-dusk-sun-man-bird-1451241-pxhere.com_-scaled.jpg","jetpack_shortlink":"https:\/\/wp.me\/pgKjF2-36W","_links":{"self":[{"href":"https:\/\/exaudi.org\/es\/wp-json\/wp\/v2\/posts\/11962","targetHints":{"allow":["GET"]}}],"collection":[{"href":"https:\/\/exaudi.org\/es\/wp-json\/wp\/v2\/posts"}],"about":[{"href":"https:\/\/exaudi.org\/es\/wp-json\/wp\/v2\/types\/post"}],"author":[{"embeddable":true,"href":"https:\/\/exaudi.org\/es\/wp-json\/wp\/v2\/users\/5"}],"replies":[{"embeddable":true,"href":"https:\/\/exaudi.org\/es\/wp-json\/wp\/v2\/comments?post=11962"}],"version-history":[{"count":0,"href":"https:\/\/exaudi.org\/es\/wp-json\/wp\/v2\/posts\/11962\/revisions"}],"wp:featuredmedia":[{"embeddable":true,"href":"https:\/\/exaudi.org\/es\/wp-json\/wp\/v2\/media\/11965"}],"wp:attachment":[{"href":"https:\/\/exaudi.org\/es\/wp-json\/wp\/v2\/media?parent=11962"}],"wp:term":[{"taxonomy":"category","embeddable":true,"href":"https:\/\/exaudi.org\/es\/wp-json\/wp\/v2\/categories?post=11962"},{"taxonomy":"post_tag","embeddable":true,"href":"https:\/\/exaudi.org\/es\/wp-json\/wp\/v2\/tags?post=11962"}],"curies":[{"name":"wp","href":"https:\/\/api.w.org\/{rel}","templated":true}]}}