{"id":119602,"date":"2025-02-22T09:00:40","date_gmt":"2025-02-22T08:00:40","guid":{"rendered":"https:\/\/exaudi.org\/?p=119602"},"modified":"2025-02-21T17:35:52","modified_gmt":"2025-02-21T16:35:52","slug":"sed-compasivos-como-vuestro-padre-es-compasivo-jorge-miro","status":"publish","type":"post","link":"https:\/\/exaudi.org\/es\/sed-compasivos-como-vuestro-padre-es-compasivo-jorge-miro\/","title":{"rendered":"Sed compasivos, como vuestro Padre es compasivo: Jorge Mir\u00f3"},"content":{"rendered":"<p>El P. Jorge Mir\u00f3 comparte con los lectores de Exaudi su comentario sobre el\u00a0<a href=\"https:\/\/www.dominicos.org\/predicacion\/homilia\/23-2-2025\/lecturas\/\" target=\"_blank\" rel=\"noopener\">Evangelio de este, domingo 23 de febrero de 2025<\/a>, titulado\u00a0<em>\u201cSed compasivos, como vuestro Padre es compasivo<\/em><em>\u201d.<\/em><\/p>\n<p>***<\/p>\n<p>La Palabra que el Se\u00f1or hoy nos regala, nos anuncia una promesa. Este evangelio, humanamente tan dif\u00edcil, lo ver\u00e1s cumplido en tu vida si vas acogiendo confiadamente la Palabra de Dios y te abres a la acci\u00f3n del Esp\u00edritu Santo. Porque, como nos ha anunciado San Pablo en la segunda lectura, <em>lo mismo que hemos llevado la imagen del hombre terrenal, llevaremos tambi\u00e9n la imagen del celestial. <\/em><\/p>\n<p>No hay que hacer una lectura moralista del Evangelio. Porque, <em>puesto<\/em><em> que es Dios quien nos ha amado primero, ahora el amor ya no es s\u00f3lo un \u00abmandamiento\u00bb, sino la respuesta al don del amor, con el cual viene a nuestro encuentro\u2026 No se trata ya de un \u00abmandamiento\u00bb externo que nos impone lo imposible, sino de una experiencia de amor nacida desde dentro, un amor que por su propia naturaleza ha de ser ulteriormente comunicado a otros\u2026\u00bb <\/em>(cf. <em>DCE <\/em>1, 18).<\/p>\n<p>Si te dejas llevar por el Esp\u00edritu, si te dejas amar por Dios, si vives la experiencia del amor gratuito de Dios, si acoges su perd\u00f3n, acogiendo la Palabra, orando, celebrando los sacramentos, deseando vivir como disc\u00edpulo, \u00c9l te ir\u00e1 regalando poder vivir el Evangelio: amar a los enemigos, hacer el bien a los que te quieren mal, orar por los que te calumnian, poner la otra mejilla, prestar sin esperar nada a cambio, ser misericordioso, tratar a los dem\u00e1s como esperas ser tratado\u2026 Todo es <em>don, <\/em>todo es<em> gracia.<\/em><\/p>\n<p>Entonces podr\u00e1s vivir la experiencia que refleja el Salmo: vivir en la experiencia de que <em>el Se\u00f1or perdona todas tus culpas y cura todas tus enfermedades, que rescata tu vida de la fosa y te colma de gracia y de ternura\u2026 que es compasivo y misericordioso\u2026<\/em><\/p>\n<p>Y podr\u00e1s tambi\u00e9n podr\u00e1s decir: <em>Bendice, alma m\u00eda, al Se\u00f1or\u2026 y no olvides sus beneficios\u2026 <\/em><\/p>\n<p>Y, como apunta la segunda lectura, ver c\u00f3mo va menguando en ti la <em>imagen del hombre terrenal <\/em>y va creciendo la <em>imagen del hombre celestial, <\/em>porque est\u00e1s dejando que el Esp\u00edritu Santo vaya haciendo en ti la obra de la nueva creaci\u00f3n.<\/p>\n<p><em>Por eso, no nos acobardamos, sino que, aun cuando nuestro hombre exterior se vaya desmoronando, nuestro hombre interior se va renovando d\u00eda a d\u00eda\u2026 y el que nos ha preparado para esto es Dios, el cual nos ha dado como garant\u00eda el Esp\u00edritu <\/em>(cf. <em>2 Cor <\/em>4, 16; 5, 5).<\/p>\n<p>Si crees, si te abres a la Palabra de Dios y a la acci\u00f3n del Esp\u00edritu, \u00a1ver\u00e1s la gloria de Dios!<\/p>\n<p>\u00a1Ven Esp\u00edritu Santo!<\/p>\n","protected":false},"excerpt":{"rendered":"<p>Domingo, 23 de febrero de 2025<\/p>\n","protected":false},"author":20,"featured_media":119603,"comment_status":"closed","ping_status":"closed","sticky":false,"template":"","format":"standard","meta":{"_acf_changed":false,"_crdt_document":"","inline_featured_image":false,"footnotes":""},"categories":[96,74],"tags":[39846,46783,9268,46785,1087,46778,46775,26182,1372,46777,46787,33808,46781,6281,46780,46782,46776,46779,46786,3122,46774,4953,46788,46784],"class_list":["post-119602","post","type-post","status-publish","format-standard","has-post-thumbnail","hentry","category-espiritualidad","category-iglesia-y-mundo","tag-accion-del-espiritu-santo","tag-amor-a-los-enemigos","tag-amor-cristiano","tag-bendice-alma-mia-al-senor","tag-comentario","tag-comentario-evangelico","tag-compasion-de-dios","tag-discipulos-de-cristo","tag-evangelio","tag-evangelio-del-domingo","tag-gloria-de-dios","tag-gracia-de-dios","tag-imagen-del-hombre-celestial","tag-jorge-miro","tag-nueva-creacion","tag-oracion-y-sacramentos","tag-padre-misericordioso","tag-perdon-y-misericordia","tag-salmo-del-dia","tag-san-pablo-es","tag-sed-compasivos","tag-trending-es","tag-ven-espiritu-santo","tag-vivir-el-evangelio"],"acf":[],"yoast_head":"<!-- This site is optimized with the Yoast SEO plugin v27.4 - https:\/\/yoast.com\/product\/yoast-seo-wordpress\/ -->\n<title>Sed compasivos, como vuestro Padre es compasivo: Jorge Mir\u00f3 &#8211; Exaudi<\/title>\n<meta name=\"robots\" content=\"index, follow, max-snippet:-1, max-image-preview:large, max-video-preview:-1\" \/>\n<link rel=\"canonical\" href=\"https:\/\/exaudi.org\/es\/sed-compasivos-como-vuestro-padre-es-compasivo-jorge-miro\/\" \/>\n<meta property=\"og:locale\" content=\"es_ES\" \/>\n<meta property=\"og:type\" content=\"article\" \/>\n<meta property=\"og:title\" content=\"Sed compasivos, como vuestro Padre es compasivo: Jorge Mir\u00f3 &#8211; Exaudi\" \/>\n<meta property=\"og:description\" content=\"Domingo, 23 de febrero de 2025\" \/>\n<meta property=\"og:url\" content=\"https:\/\/exaudi.org\/es\/sed-compasivos-como-vuestro-padre-es-compasivo-jorge-miro\/\" \/>\n<meta property=\"og:site_name\" content=\"Exaudi\" \/>\n<meta property=\"article:publisher\" content=\"https:\/\/www.facebook.com\/ExaudiNews\" \/>\n<meta property=\"article:published_time\" content=\"2025-02-22T08:00:40+00:00\" \/>\n<meta property=\"og:image\" content=\"https:\/\/exaudi.org\/wp-content\/uploads\/2025\/02\/ai-generate-8860383_1280.jpg\" \/>\n\t<meta property=\"og:image:width\" content=\"1280\" \/>\n\t<meta property=\"og:image:height\" content=\"1280\" \/>\n\t<meta property=\"og:image:type\" content=\"image\/jpeg\" \/>\n<meta name=\"author\" content=\"Jorge Mir\u00f3\" \/>\n<meta name=\"twitter:card\" content=\"summary_large_image\" \/>\n<meta name=\"twitter:creator\" content=\"@Exaudi_News\" \/>\n<meta name=\"twitter:site\" content=\"@Exaudi_News\" \/>\n<meta name=\"twitter:label1\" content=\"Escrito por\" \/>\n\t<meta name=\"twitter:data1\" content=\"Jorge Mir\u00f3\" \/>\n\t<meta name=\"twitter:label2\" content=\"Tiempo de lectura\" \/>\n\t<meta name=\"twitter:data2\" content=\"2 minutos\" \/>\n<script type=\"application\/ld+json\" class=\"yoast-schema-graph\">{\"@context\":\"https:\\\/\\\/schema.org\",\"@graph\":[{\"@type\":\"Article\",\"@id\":\"https:\\\/\\\/exaudi.org\\\/es\\\/sed-compasivos-como-vuestro-padre-es-compasivo-jorge-miro\\\/#article\",\"isPartOf\":{\"@id\":\"https:\\\/\\\/exaudi.org\\\/es\\\/sed-compasivos-como-vuestro-padre-es-compasivo-jorge-miro\\\/\"},\"author\":{\"name\":\"Jorge Mir\u00f3\",\"@id\":\"https:\\\/\\\/exaudi.org\\\/#\\\/schema\\\/person\\\/a258c56b05e63b2b367bdca29e0ed3e3\"},\"headline\":\"Sed compasivos, como vuestro Padre es compasivo: Jorge Mir\u00f3\",\"datePublished\":\"2025-02-22T08:00:40+00:00\",\"mainEntityOfPage\":{\"@id\":\"https:\\\/\\\/exaudi.org\\\/es\\\/sed-compasivos-como-vuestro-padre-es-compasivo-jorge-miro\\\/\"},\"wordCount\":477,\"image\":{\"@id\":\"https:\\\/\\\/exaudi.org\\\/es\\\/sed-compasivos-como-vuestro-padre-es-compasivo-jorge-miro\\\/#primaryimage\"},\"thumbnailUrl\":\"https:\\\/\\\/exaudi.org\\\/wp-content\\\/uploads\\\/2025\\\/02\\\/ai-generate-8860383_1280.jpg\",\"keywords\":[\"acci\u00f3n del Esp\u00edritu Santo\",\"amor a los enemigos\",\"AMOR CRISTIANO\",\"bendice alma m\u00eda al Se\u00f1or\",\"Comentario\",\"comentario evang\u00e9lico\",\"compasi\u00f3n de Dios\",\"Disc\u00edpulos de Cristo\",\"Evangelio\",\"Evangelio del domingo\",\"gloria de Dios\",\"gracia de Dios\",\"imagen del hombre celestial\",\"Jorge Mir\u00f3\",\"nueva creaci\u00f3n\",\"oraci\u00f3n y sacramentos\",\"Padre misericordioso\",\"perd\u00f3n y misericordia\",\"salmo del d\u00eda\",\"San Pablo\",\"sed compasivos\",\"Trending\",\"ven Esp\u00edritu Santo\",\"vivir el Evangelio\"],\"articleSection\":[\"Espiritualidad\",\"Iglesia y Mundo\"],\"inLanguage\":\"es\"},{\"@type\":\"WebPage\",\"@id\":\"https:\\\/\\\/exaudi.org\\\/es\\\/sed-compasivos-como-vuestro-padre-es-compasivo-jorge-miro\\\/\",\"url\":\"https:\\\/\\\/exaudi.org\\\/es\\\/sed-compasivos-como-vuestro-padre-es-compasivo-jorge-miro\\\/\",\"name\":\"Sed compasivos, como vuestro Padre es compasivo: Jorge Mir\u00f3 &#8211; Exaudi\",\"isPartOf\":{\"@id\":\"https:\\\/\\\/exaudi.org\\\/#website\"},\"primaryImageOfPage\":{\"@id\":\"https:\\\/\\\/exaudi.org\\\/es\\\/sed-compasivos-como-vuestro-padre-es-compasivo-jorge-miro\\\/#primaryimage\"},\"image\":{\"@id\":\"https:\\\/\\\/exaudi.org\\\/es\\\/sed-compasivos-como-vuestro-padre-es-compasivo-jorge-miro\\\/#primaryimage\"},\"thumbnailUrl\":\"https:\\\/\\\/exaudi.org\\\/wp-content\\\/uploads\\\/2025\\\/02\\\/ai-generate-8860383_1280.jpg\",\"datePublished\":\"2025-02-22T08:00:40+00:00\",\"author\":{\"@id\":\"https:\\\/\\\/exaudi.org\\\/#\\\/schema\\\/person\\\/a258c56b05e63b2b367bdca29e0ed3e3\"},\"breadcrumb\":{\"@id\":\"https:\\\/\\\/exaudi.org\\\/es\\\/sed-compasivos-como-vuestro-padre-es-compasivo-jorge-miro\\\/#breadcrumb\"},\"inLanguage\":\"es\",\"potentialAction\":[{\"@type\":\"ReadAction\",\"target\":[\"https:\\\/\\\/exaudi.org\\\/es\\\/sed-compasivos-como-vuestro-padre-es-compasivo-jorge-miro\\\/\"]}]},{\"@type\":\"ImageObject\",\"inLanguage\":\"es\",\"@id\":\"https:\\\/\\\/exaudi.org\\\/es\\\/sed-compasivos-como-vuestro-padre-es-compasivo-jorge-miro\\\/#primaryimage\",\"url\":\"https:\\\/\\\/exaudi.org\\\/wp-content\\\/uploads\\\/2025\\\/02\\\/ai-generate-8860383_1280.jpg\",\"contentUrl\":\"https:\\\/\\\/exaudi.org\\\/wp-content\\\/uploads\\\/2025\\\/02\\\/ai-generate-8860383_1280.jpg\",\"width\":1280,\"height\":1280,\"caption\":\"Pixabay\"},{\"@type\":\"BreadcrumbList\",\"@id\":\"https:\\\/\\\/exaudi.org\\\/es\\\/sed-compasivos-como-vuestro-padre-es-compasivo-jorge-miro\\\/#breadcrumb\",\"itemListElement\":[{\"@type\":\"ListItem\",\"position\":1,\"name\":\"Portada\",\"item\":\"https:\\\/\\\/exaudi.org\\\/es\\\/\"},{\"@type\":\"ListItem\",\"position\":2,\"name\":\"Sed compasivos, como vuestro Padre es compasivo: Jorge Mir\u00f3\"}]},{\"@type\":\"WebSite\",\"@id\":\"https:\\\/\\\/exaudi.org\\\/#website\",\"url\":\"https:\\\/\\\/exaudi.org\\\/\",\"name\":\"Exaudi\",\"description\":\"News\",\"potentialAction\":[{\"@type\":\"SearchAction\",\"target\":{\"@type\":\"EntryPoint\",\"urlTemplate\":\"https:\\\/\\\/exaudi.org\\\/?s={search_term_string}\"},\"query-input\":{\"@type\":\"PropertyValueSpecification\",\"valueRequired\":true,\"valueName\":\"search_term_string\"}}],\"inLanguage\":\"es\"},{\"@type\":\"Person\",\"@id\":\"https:\\\/\\\/exaudi.org\\\/#\\\/schema\\\/person\\\/a258c56b05e63b2b367bdca29e0ed3e3\",\"name\":\"Jorge Mir\u00f3\",\"image\":{\"@type\":\"ImageObject\",\"inLanguage\":\"es\",\"@id\":\"https:\\\/\\\/secure.gravatar.com\\\/avatar\\\/f5ea26c436669b01b7b02124bf13596df002525d6f392707d301543be365bd44?s=96&d=mm&r=g\",\"url\":\"https:\\\/\\\/secure.gravatar.com\\\/avatar\\\/f5ea26c436669b01b7b02124bf13596df002525d6f392707d301543be365bd44?s=96&d=mm&r=g\",\"contentUrl\":\"https:\\\/\\\/secure.gravatar.com\\\/avatar\\\/f5ea26c436669b01b7b02124bf13596df002525d6f392707d301543be365bd44?s=96&d=mm&r=g\",\"caption\":\"Jorge Mir\u00f3\"},\"description\":\"Sacerdote de la archidi\u00f3cesis de Valencia y profesor en la Facultad de Ciencias Jur\u00eddicas, Econ\u00f3micas y Sociales de la Universidad Cat\u00f3lica de Valencia\",\"url\":\"https:\\\/\\\/exaudi.org\\\/es\\\/author\\\/jorgemiro\\\/\"}]}<\/script>\n<!-- \/ Yoast SEO plugin. -->","yoast_head_json":{"title":"Sed compasivos, como vuestro Padre es compasivo: Jorge Mir\u00f3 &#8211; Exaudi","robots":{"index":"index","follow":"follow","max-snippet":"max-snippet:-1","max-image-preview":"max-image-preview:large","max-video-preview":"max-video-preview:-1"},"canonical":"https:\/\/exaudi.org\/es\/sed-compasivos-como-vuestro-padre-es-compasivo-jorge-miro\/","og_locale":"es_ES","og_type":"article","og_title":"Sed compasivos, como vuestro Padre es compasivo: Jorge Mir\u00f3 &#8211; Exaudi","og_description":"Domingo, 23 de febrero de 2025","og_url":"https:\/\/exaudi.org\/es\/sed-compasivos-como-vuestro-padre-es-compasivo-jorge-miro\/","og_site_name":"Exaudi","article_publisher":"https:\/\/www.facebook.com\/ExaudiNews","article_published_time":"2025-02-22T08:00:40+00:00","og_image":[{"width":1280,"height":1280,"url":"https:\/\/exaudi.org\/wp-content\/uploads\/2025\/02\/ai-generate-8860383_1280.jpg","type":"image\/jpeg"}],"author":"Jorge Mir\u00f3","twitter_card":"summary_large_image","twitter_creator":"@Exaudi_News","twitter_site":"@Exaudi_News","twitter_misc":{"Escrito por":"Jorge Mir\u00f3","Tiempo de lectura":"2 minutos"},"schema":{"@context":"https:\/\/schema.org","@graph":[{"@type":"Article","@id":"https:\/\/exaudi.org\/es\/sed-compasivos-como-vuestro-padre-es-compasivo-jorge-miro\/#article","isPartOf":{"@id":"https:\/\/exaudi.org\/es\/sed-compasivos-como-vuestro-padre-es-compasivo-jorge-miro\/"},"author":{"name":"Jorge Mir\u00f3","@id":"https:\/\/exaudi.org\/#\/schema\/person\/a258c56b05e63b2b367bdca29e0ed3e3"},"headline":"Sed compasivos, como vuestro Padre es compasivo: Jorge Mir\u00f3","datePublished":"2025-02-22T08:00:40+00:00","mainEntityOfPage":{"@id":"https:\/\/exaudi.org\/es\/sed-compasivos-como-vuestro-padre-es-compasivo-jorge-miro\/"},"wordCount":477,"image":{"@id":"https:\/\/exaudi.org\/es\/sed-compasivos-como-vuestro-padre-es-compasivo-jorge-miro\/#primaryimage"},"thumbnailUrl":"https:\/\/exaudi.org\/wp-content\/uploads\/2025\/02\/ai-generate-8860383_1280.jpg","keywords":["acci\u00f3n del Esp\u00edritu Santo","amor a los enemigos","AMOR CRISTIANO","bendice alma m\u00eda al Se\u00f1or","Comentario","comentario evang\u00e9lico","compasi\u00f3n de Dios","Disc\u00edpulos de Cristo","Evangelio","Evangelio del domingo","gloria de Dios","gracia de Dios","imagen del hombre celestial","Jorge Mir\u00f3","nueva creaci\u00f3n","oraci\u00f3n y sacramentos","Padre misericordioso","perd\u00f3n y misericordia","salmo del d\u00eda","San Pablo","sed compasivos","Trending","ven Esp\u00edritu Santo","vivir el Evangelio"],"articleSection":["Espiritualidad","Iglesia y Mundo"],"inLanguage":"es"},{"@type":"WebPage","@id":"https:\/\/exaudi.org\/es\/sed-compasivos-como-vuestro-padre-es-compasivo-jorge-miro\/","url":"https:\/\/exaudi.org\/es\/sed-compasivos-como-vuestro-padre-es-compasivo-jorge-miro\/","name":"Sed compasivos, como vuestro Padre es compasivo: Jorge Mir\u00f3 &#8211; Exaudi","isPartOf":{"@id":"https:\/\/exaudi.org\/#website"},"primaryImageOfPage":{"@id":"https:\/\/exaudi.org\/es\/sed-compasivos-como-vuestro-padre-es-compasivo-jorge-miro\/#primaryimage"},"image":{"@id":"https:\/\/exaudi.org\/es\/sed-compasivos-como-vuestro-padre-es-compasivo-jorge-miro\/#primaryimage"},"thumbnailUrl":"https:\/\/exaudi.org\/wp-content\/uploads\/2025\/02\/ai-generate-8860383_1280.jpg","datePublished":"2025-02-22T08:00:40+00:00","author":{"@id":"https:\/\/exaudi.org\/#\/schema\/person\/a258c56b05e63b2b367bdca29e0ed3e3"},"breadcrumb":{"@id":"https:\/\/exaudi.org\/es\/sed-compasivos-como-vuestro-padre-es-compasivo-jorge-miro\/#breadcrumb"},"inLanguage":"es","potentialAction":[{"@type":"ReadAction","target":["https:\/\/exaudi.org\/es\/sed-compasivos-como-vuestro-padre-es-compasivo-jorge-miro\/"]}]},{"@type":"ImageObject","inLanguage":"es","@id":"https:\/\/exaudi.org\/es\/sed-compasivos-como-vuestro-padre-es-compasivo-jorge-miro\/#primaryimage","url":"https:\/\/exaudi.org\/wp-content\/uploads\/2025\/02\/ai-generate-8860383_1280.jpg","contentUrl":"https:\/\/exaudi.org\/wp-content\/uploads\/2025\/02\/ai-generate-8860383_1280.jpg","width":1280,"height":1280,"caption":"Pixabay"},{"@type":"BreadcrumbList","@id":"https:\/\/exaudi.org\/es\/sed-compasivos-como-vuestro-padre-es-compasivo-jorge-miro\/#breadcrumb","itemListElement":[{"@type":"ListItem","position":1,"name":"Portada","item":"https:\/\/exaudi.org\/es\/"},{"@type":"ListItem","position":2,"name":"Sed compasivos, como vuestro Padre es compasivo: Jorge Mir\u00f3"}]},{"@type":"WebSite","@id":"https:\/\/exaudi.org\/#website","url":"https:\/\/exaudi.org\/","name":"Exaudi","description":"News","potentialAction":[{"@type":"SearchAction","target":{"@type":"EntryPoint","urlTemplate":"https:\/\/exaudi.org\/?s={search_term_string}"},"query-input":{"@type":"PropertyValueSpecification","valueRequired":true,"valueName":"search_term_string"}}],"inLanguage":"es"},{"@type":"Person","@id":"https:\/\/exaudi.org\/#\/schema\/person\/a258c56b05e63b2b367bdca29e0ed3e3","name":"Jorge Mir\u00f3","image":{"@type":"ImageObject","inLanguage":"es","@id":"https:\/\/secure.gravatar.com\/avatar\/f5ea26c436669b01b7b02124bf13596df002525d6f392707d301543be365bd44?s=96&d=mm&r=g","url":"https:\/\/secure.gravatar.com\/avatar\/f5ea26c436669b01b7b02124bf13596df002525d6f392707d301543be365bd44?s=96&d=mm&r=g","contentUrl":"https:\/\/secure.gravatar.com\/avatar\/f5ea26c436669b01b7b02124bf13596df002525d6f392707d301543be365bd44?s=96&d=mm&r=g","caption":"Jorge Mir\u00f3"},"description":"Sacerdote de la archidi\u00f3cesis de Valencia y profesor en la Facultad de Ciencias Jur\u00eddicas, Econ\u00f3micas y Sociales de la Universidad Cat\u00f3lica de Valencia","url":"https:\/\/exaudi.org\/es\/author\/jorgemiro\/"}]}},"jetpack_featured_media_url":"https:\/\/exaudi.org\/wp-content\/uploads\/2025\/02\/ai-generate-8860383_1280.jpg","jetpack_shortlink":"https:\/\/wp.me\/pgKjF2-v74","_links":{"self":[{"href":"https:\/\/exaudi.org\/es\/wp-json\/wp\/v2\/posts\/119602","targetHints":{"allow":["GET"]}}],"collection":[{"href":"https:\/\/exaudi.org\/es\/wp-json\/wp\/v2\/posts"}],"about":[{"href":"https:\/\/exaudi.org\/es\/wp-json\/wp\/v2\/types\/post"}],"author":[{"embeddable":true,"href":"https:\/\/exaudi.org\/es\/wp-json\/wp\/v2\/users\/20"}],"replies":[{"embeddable":true,"href":"https:\/\/exaudi.org\/es\/wp-json\/wp\/v2\/comments?post=119602"}],"version-history":[{"count":0,"href":"https:\/\/exaudi.org\/es\/wp-json\/wp\/v2\/posts\/119602\/revisions"}],"wp:featuredmedia":[{"embeddable":true,"href":"https:\/\/exaudi.org\/es\/wp-json\/wp\/v2\/media\/119603"}],"wp:attachment":[{"href":"https:\/\/exaudi.org\/es\/wp-json\/wp\/v2\/media?parent=119602"}],"wp:term":[{"taxonomy":"category","embeddable":true,"href":"https:\/\/exaudi.org\/es\/wp-json\/wp\/v2\/categories?post=119602"},{"taxonomy":"post_tag","embeddable":true,"href":"https:\/\/exaudi.org\/es\/wp-json\/wp\/v2\/tags?post=119602"}],"curies":[{"name":"wp","href":"https:\/\/api.w.org\/{rel}","templated":true}]}}