{"id":119488,"date":"2025-02-19T08:30:59","date_gmt":"2025-02-19T07:30:59","guid":{"rendered":"https:\/\/exaudi.org\/?p=119488"},"modified":"2025-02-19T10:14:55","modified_gmt":"2025-02-19T09:14:55","slug":"la-perdida-de-valores-cristianos-en-la-cultura-actual","status":"publish","type":"post","link":"https:\/\/exaudi.org\/es\/la-perdida-de-valores-cristianos-en-la-cultura-actual\/","title":{"rendered":"La p\u00e9rdida de valores cristianos en la cultura actual"},"content":{"rendered":"<p data-start=\"147\" data-end=\"572\">En las \u00faltimas d\u00e9cadas, la sociedad ha experimentado una transformaci\u00f3n significativa en sus valores y creencias. La influencia de los principios cristianos, que durante siglos han sido el pilar de la cultura occidental, parece haberse debilitado, dando paso a una creciente secularizaci\u00f3n y relativismo moral. Este fen\u00f3meno plantea interrogantes sobre las causas de esta p\u00e9rdida y sus repercusiones en la convivencia humana.<\/p>\n<p><iframe title=\"Spotify Embed: La p\u00e9rdida de valores cristianos en la cultura actual\" style=\"border-radius: 12px\" width=\"100%\" height=\"152\" frameborder=\"0\" allowfullscreen allow=\"autoplay; clipboard-write; encrypted-media; fullscreen; picture-in-picture\" loading=\"lazy\" src=\"https:\/\/open.spotify.com\/embed\/episode\/723An1W32lqk3Oa2URuhkn?si=556d51f9b4c24686&#038;utm_source=oembed\"><\/iframe><\/p>\n<h3 data-start=\"574\" data-end=\"622\"><strong data-start=\"574\" data-end=\"622\">Secularizaci\u00f3n y p\u00e9rdida del sentido de Dios<\/strong><\/h3>\n<p data-start=\"624\" data-end=\"1085\">El proceso de secularizaci\u00f3n ha llevado a una progresiva marginaci\u00f3n de lo religioso en la esfera p\u00fablica y privada. Esta tendencia ha resultado en una disminuci\u00f3n del sentido de lo sagrado y una indiferencia hacia lo trascendental. El Papa Francisco ha advertido que, en esta situaci\u00f3n de p\u00e9rdida de los aut\u00e9nticos valores, tambi\u00e9n se diluyen los deberes inalienables de la solidaridad y la fraternidad humana y cristiana.<\/p>\n<p data-start=\"1087\" data-end=\"1554\">Esta desvinculaci\u00f3n de lo divino ha generado una crisis de identidad y prop\u00f3sito en el individuo moderno. Sin una referencia trascendental, la moralidad se vuelve subjetiva, y las decisiones \u00e9ticas carecen de un fundamento s\u00f3lido. El Obispo Jos\u00e9 Gea Escolano se\u00f1al\u00f3 que la p\u00e9rdida del sentido de Dios y del pecado, junto con la falta de formaci\u00f3n cristiana, son causas fundamentales de la degradaci\u00f3n moral en la sociedad actual.<\/p>\n<h3 data-start=\"1556\" data-end=\"1600\"><strong data-start=\"1556\" data-end=\"1600\">Relativismo moral y cultura del descarte<\/strong><\/h3>\n<p data-start=\"1602\" data-end=\"2158\">La ausencia de valores absolutos ha propiciado el auge del relativismo moral, donde las nociones de bien y mal se adaptan a las circunstancias y preferencias personales. Esta perspectiva ha fomentado una \u00abcultura del descarte\u00bb, en la que la vida humana y la dignidad son evaluadas seg\u00fan criterios de utilidad y eficiencia. El Papa Francisco ha enfatizado que una sociedad verdaderamente civilizada es aquella que desarrolla anticuerpos contra esta cultura del descarte y reconoce el valor intangible de la vida humana.<\/p>\n<p data-start=\"2160\" data-end=\"2523\">Este relativismo tambi\u00e9n se manifiesta en la erosi\u00f3n de instituciones tradicionales como la familia y el matrimonio, que hist\u00f3ricamente han sido baluartes de los valores cristianos. La redefinici\u00f3n de estas estructuras y la promoci\u00f3n de estilos de vida alejados de la moral cristiana reflejan una sociedad que prioriza la autonom\u00eda individual sobre el bien com\u00fan.<\/p>\n<h3 data-start=\"2525\" data-end=\"2566\"><strong data-start=\"2525\" data-end=\"2566\">Impacto en la juventud y la educaci\u00f3n<\/strong><\/h3>\n<p data-start=\"2568\" data-end=\"3024\">Los j\u00f3venes son particularmente vulnerables en este contexto de p\u00e9rdida de valores. La falta de referentes \u00e9ticos claros y la influencia de corrientes ideol\u00f3gicas que promueven un hedonismo desenfrenado contribuyen a la confusi\u00f3n y desorientaci\u00f3n. El Patriarca Kirill ha expresado su preocupaci\u00f3n por la p\u00e9rdida de referentes \u00e9ticos en los j\u00f3venes y la influencia de valores cuestionables en la educaci\u00f3n y los medios.<\/p>\n<p data-start=\"3026\" data-end=\"3460\">La educaci\u00f3n, que deber\u00eda ser un veh\u00edculo para la transmisi\u00f3n de valores y virtudes, se enfrenta al desaf\u00edo de una cultura que a menudo relativiza o incluso ridiculiza los principios cristianos. Esta situaci\u00f3n exige una renovaci\u00f3n en los m\u00e9todos pedag\u00f3gicos y una colaboraci\u00f3n estrecha entre familias, escuelas y comunidades religiosas para ofrecer a las nuevas generaciones una formaci\u00f3n integral que incluya la dimensi\u00f3n espiritual.<\/p>\n<h3 data-start=\"3462\" data-end=\"3520\"><strong data-start=\"3462\" data-end=\"3520\">El papel de la Iglesia y la esperanza en la renovaci\u00f3n<\/strong><\/h3>\n<p data-start=\"3522\" data-end=\"4075\">Ante este panorama, la Iglesia est\u00e1 llamada a ser luz y gu\u00eda, ofreciendo respuestas a los desaf\u00edos contempor\u00e1neos desde la riqueza de la tradici\u00f3n cristiana. Esto implica un esfuerzo renovado en la evangelizaci\u00f3n y en la inculturaci\u00f3n del Evangelio, adaptando el mensaje eterno de Cristo a las realidades actuales sin diluir su esencia. El Papa Juan Pablo II, en su exhortaci\u00f3n \u00abEcclesia in Europa\u00bb, destac\u00f3 la urgencia de que la Iglesia aporte nuevamente el anuncio liberador del Evangelio a los hombres de Europa.<\/p>\n<p data-start=\"4077\" data-end=\"4444\">La esperanza radica en la capacidad de los cristianos para vivir aut\u00e9nticamente su fe, siendo testigos coherentes en todos los \u00e1mbitos de la vida. A trav\u00e9s de comunidades vivas y comprometidas, es posible contrarrestar la tendencia hacia la secularizaci\u00f3n y revitalizar los valores que han sustentado la dignidad humana y la cohesi\u00f3n social a lo largo de la historia.<\/p>\n<p data-start=\"4446\" data-end=\"4832\">En conclusi\u00f3n, la p\u00e9rdida de valores cristianos en la cultura actual es un desaf\u00edo complejo que requiere una respuesta integral. La revitalizaci\u00f3n de la fe, la educaci\u00f3n en virtudes y una presencia activa de la Iglesia en la sociedad son elementos clave para reconstruir una cultura que reconozca y promueva la dignidad inherente de cada persona, basada en los principios del Evangelio.<\/p>\n<p data-start=\"4446\" data-end=\"4832\"><img loading=\"lazy\" decoding=\"async\" class=\"size-full wp-image-119492 alignnone\" src=\"https:\/\/exaudi.org\/wp-content\/uploads\/2025\/02\/Copia-de-voces-7.jpg\" alt=\"\" width=\"1080\" height=\"1080\" srcset=\"https:\/\/exaudi.org\/wp-content\/uploads\/2025\/02\/Copia-de-voces-7.jpg 1080w, https:\/\/exaudi.org\/wp-content\/uploads\/2025\/02\/Copia-de-voces-7-300x300.jpg 300w, https:\/\/exaudi.org\/wp-content\/uploads\/2025\/02\/Copia-de-voces-7-1024x1024.jpg 1024w, https:\/\/exaudi.org\/wp-content\/uploads\/2025\/02\/Copia-de-voces-7-100x100.jpg?crop=1 100w, https:\/\/exaudi.org\/wp-content\/uploads\/2025\/02\/Copia-de-voces-7-770x770.jpg 770w, https:\/\/exaudi.org\/wp-content\/uploads\/2025\/02\/Copia-de-voces-7-500x500.jpg 500w, https:\/\/exaudi.org\/wp-content\/uploads\/2025\/02\/Copia-de-voces-7-293x293.jpg 293w, https:\/\/exaudi.org\/wp-content\/uploads\/2025\/02\/Copia-de-voces-7-390x390.jpg 390w, https:\/\/exaudi.org\/wp-content\/uploads\/2025\/02\/Copia-de-voces-7-585x585.jpg 585w, https:\/\/exaudi.org\/wp-content\/uploads\/2025\/02\/Copia-de-voces-7-900x900.jpg 900w\" sizes=\"auto, (max-width: 1080px) 100vw, 1080px\" \/><\/p>\n","protected":false},"excerpt":{"rendered":"<p>La secularizaci\u00f3n y sus implicaciones en la sociedad contempor\u00e1nea<\/p>\n","protected":false},"author":151,"featured_media":119489,"comment_status":"closed","ping_status":"closed","sticky":false,"template":"","format":"standard","meta":{"_acf_changed":false,"_crdt_document":"","inline_featured_image":false,"footnotes":""},"categories":[],"tags":[182,24736,46349,16353,46342,26183,12167,46339,46346,29326,42592,1019,46348,38598,46340,46347,46350,46343,36302,1834,14919,14919,46341,26518,46344,46345,46351,8897,18107,45492,19540],"class_list":{"0":"post-119488","1":"post","2":"type-post","3":"status-publish","4":"format-standard","5":"has-post-thumbnail","6":"hentry","7":"tag-catequesis","8":"tag-crisis-de-fe","9":"tag-crisis-de-identidad","10":"tag-cultura-del-descarte","11":"tag-cultura-secular","12":"tag-desafios-de-la-iglesia","13":"tag-dignidad-humana","14":"tag-disminucion-de-la-practica-religiosa","15":"tag-educacion-y-valores","16":"tag-ensenanza-cristiana","17":"tag-etica-cristiana","18":"tag-evangelizacion","19":"tag-familia-y-valores","20":"tag-fe-y-cultura","21":"tag-fe-y-sociedad","22":"tag-iglesia-y-secularizacion","23":"tag-impacto-del-relativismo","24":"tag-indiferencia-religiosa","25":"tag-juventud-y-fe","26":"tag-libertad-religiosa","27":"tag-nueva-evangelizacion","29":"tag-participacion-en-los-sacramentos","30":"tag-pastoral-catolica","31":"tag-perdida-de-valores-cristianos","32":"tag-relativismo-moral","33":"tag-renovacion-de-la-fe","34":"tag-secularismo","35":"tag-secularizacion","36":"tag-sociedad-actual","37":"tag-valores-cristianos"},"acf":[],"yoast_head":"<!-- This site is optimized with the Yoast SEO plugin v27.4 - https:\/\/yoast.com\/product\/yoast-seo-wordpress\/ -->\n<title>La p\u00e9rdida de valores cristianos en la cultura actual &#8211; Exaudi<\/title>\n<meta name=\"robots\" content=\"index, follow, max-snippet:-1, max-image-preview:large, max-video-preview:-1\" \/>\n<link rel=\"canonical\" href=\"https:\/\/exaudi.org\/es\/la-perdida-de-valores-cristianos-en-la-cultura-actual\/\" \/>\n<meta property=\"og:locale\" content=\"es_ES\" \/>\n<meta property=\"og:type\" content=\"article\" \/>\n<meta property=\"og:title\" content=\"La p\u00e9rdida de valores cristianos en la cultura actual &#8211; Exaudi\" \/>\n<meta property=\"og:description\" content=\"La secularizaci\u00f3n y sus implicaciones en la sociedad contempor\u00e1nea\" \/>\n<meta property=\"og:url\" content=\"https:\/\/exaudi.org\/es\/la-perdida-de-valores-cristianos-en-la-cultura-actual\/\" \/>\n<meta property=\"og:site_name\" content=\"Exaudi\" \/>\n<meta property=\"article:publisher\" content=\"https:\/\/www.facebook.com\/ExaudiNews\" \/>\n<meta property=\"article:published_time\" content=\"2025-02-19T07:30:59+00:00\" \/>\n<meta property=\"article:modified_time\" content=\"2025-02-19T09:14:55+00:00\" \/>\n<meta property=\"og:image\" content=\"https:\/\/exaudi.org\/wp-content\/uploads\/2025\/02\/pexels-pixabay-47090-scaled.jpg\" \/>\n\t<meta property=\"og:image:width\" content=\"2560\" \/>\n\t<meta property=\"og:image:height\" content=\"1707\" \/>\n\t<meta property=\"og:image:type\" content=\"image\/jpeg\" \/>\n<meta name=\"author\" content=\"Patricia Jim\u00e9nez Ram\u00edrez\" \/>\n<meta name=\"twitter:card\" content=\"summary_large_image\" \/>\n<meta name=\"twitter:creator\" content=\"@Exaudi_News\" \/>\n<meta name=\"twitter:site\" content=\"@Exaudi_News\" \/>\n<meta name=\"twitter:label1\" content=\"Escrito por\" \/>\n\t<meta name=\"twitter:data1\" content=\"Patricia Jim\u00e9nez Ram\u00edrez\" \/>\n\t<meta name=\"twitter:label2\" content=\"Tiempo de lectura\" \/>\n\t<meta name=\"twitter:data2\" content=\"4 minutos\" \/>\n<script type=\"application\/ld+json\" class=\"yoast-schema-graph\">{\"@context\":\"https:\\\/\\\/schema.org\",\"@graph\":[{\"@type\":\"Article\",\"@id\":\"https:\\\/\\\/exaudi.org\\\/es\\\/la-perdida-de-valores-cristianos-en-la-cultura-actual\\\/#article\",\"isPartOf\":{\"@id\":\"https:\\\/\\\/exaudi.org\\\/es\\\/la-perdida-de-valores-cristianos-en-la-cultura-actual\\\/\"},\"author\":{\"name\":\"Patricia Jim\u00e9nez Ram\u00edrez\",\"@id\":\"https:\\\/\\\/exaudi.org\\\/#\\\/schema\\\/person\\\/e7ff749045cafab5d7b926bb4edeaa51\"},\"headline\":\"La p\u00e9rdida de valores cristianos en la cultura actual\",\"datePublished\":\"2025-02-19T07:30:59+00:00\",\"dateModified\":\"2025-02-19T09:14:55+00:00\",\"mainEntityOfPage\":{\"@id\":\"https:\\\/\\\/exaudi.org\\\/es\\\/la-perdida-de-valores-cristianos-en-la-cultura-actual\\\/\"},\"wordCount\":790,\"image\":{\"@id\":\"https:\\\/\\\/exaudi.org\\\/es\\\/la-perdida-de-valores-cristianos-en-la-cultura-actual\\\/#primaryimage\"},\"thumbnailUrl\":\"https:\\\/\\\/exaudi.org\\\/wp-content\\\/uploads\\\/2025\\\/02\\\/pexels-pixabay-47090-scaled.jpg\",\"keywords\":[\"catequesis\",\"crisis de fe\",\"crisis de identidad\",\"cultura del descarte\",\"cultura secular\",\"Desaf\u00edos de la Iglesia\",\"Dignidad humana\",\"disminuci\u00f3n de la pr\u00e1ctica religiosa\",\"educaci\u00f3n y valores\",\"ense\u00f1anza cristiana\",\"\u00e9tica cristiana\",\"Evangelizaci\u00f3n\",\"familia y valores\",\"Fe y cultura\",\"fe y sociedad\",\"Iglesia y secularizaci\u00f3n\",\"impacto del relativismo\",\"indiferencia religiosa\",\"Juventud y fe\",\"Libertad Religiosa\",\"nueva evangelizaci\u00f3n\",\"nueva evangelizaci\u00f3n\",\"participaci\u00f3n en los sacramentos\",\"pastoral cat\u00f3lica\",\"p\u00e9rdida de valores cristianos\",\"relativismo moral\",\"renovaci\u00f3n de la fe\",\"Secularismo\",\"secularizaci\u00f3n\",\"sociedad actual\",\"valores cristianos\"],\"inLanguage\":\"es\"},{\"@type\":\"WebPage\",\"@id\":\"https:\\\/\\\/exaudi.org\\\/es\\\/la-perdida-de-valores-cristianos-en-la-cultura-actual\\\/\",\"url\":\"https:\\\/\\\/exaudi.org\\\/es\\\/la-perdida-de-valores-cristianos-en-la-cultura-actual\\\/\",\"name\":\"La p\u00e9rdida de valores cristianos en la cultura actual &#8211; Exaudi\",\"isPartOf\":{\"@id\":\"https:\\\/\\\/exaudi.org\\\/#website\"},\"primaryImageOfPage\":{\"@id\":\"https:\\\/\\\/exaudi.org\\\/es\\\/la-perdida-de-valores-cristianos-en-la-cultura-actual\\\/#primaryimage\"},\"image\":{\"@id\":\"https:\\\/\\\/exaudi.org\\\/es\\\/la-perdida-de-valores-cristianos-en-la-cultura-actual\\\/#primaryimage\"},\"thumbnailUrl\":\"https:\\\/\\\/exaudi.org\\\/wp-content\\\/uploads\\\/2025\\\/02\\\/pexels-pixabay-47090-scaled.jpg\",\"datePublished\":\"2025-02-19T07:30:59+00:00\",\"dateModified\":\"2025-02-19T09:14:55+00:00\",\"author\":{\"@id\":\"https:\\\/\\\/exaudi.org\\\/#\\\/schema\\\/person\\\/e7ff749045cafab5d7b926bb4edeaa51\"},\"breadcrumb\":{\"@id\":\"https:\\\/\\\/exaudi.org\\\/es\\\/la-perdida-de-valores-cristianos-en-la-cultura-actual\\\/#breadcrumb\"},\"inLanguage\":\"es\",\"potentialAction\":[{\"@type\":\"ReadAction\",\"target\":[\"https:\\\/\\\/exaudi.org\\\/es\\\/la-perdida-de-valores-cristianos-en-la-cultura-actual\\\/\"]}]},{\"@type\":\"ImageObject\",\"inLanguage\":\"es\",\"@id\":\"https:\\\/\\\/exaudi.org\\\/es\\\/la-perdida-de-valores-cristianos-en-la-cultura-actual\\\/#primaryimage\",\"url\":\"https:\\\/\\\/exaudi.org\\\/wp-content\\\/uploads\\\/2025\\\/02\\\/pexels-pixabay-47090-scaled.jpg\",\"contentUrl\":\"https:\\\/\\\/exaudi.org\\\/wp-content\\\/uploads\\\/2025\\\/02\\\/pexels-pixabay-47090-scaled.jpg\",\"width\":2560,\"height\":1707,\"caption\":\"Pexels\"},{\"@type\":\"BreadcrumbList\",\"@id\":\"https:\\\/\\\/exaudi.org\\\/es\\\/la-perdida-de-valores-cristianos-en-la-cultura-actual\\\/#breadcrumb\",\"itemListElement\":[{\"@type\":\"ListItem\",\"position\":1,\"name\":\"Portada\",\"item\":\"https:\\\/\\\/exaudi.org\\\/es\\\/\"},{\"@type\":\"ListItem\",\"position\":2,\"name\":\"La p\u00e9rdida de valores cristianos en la cultura actual\"}]},{\"@type\":\"WebSite\",\"@id\":\"https:\\\/\\\/exaudi.org\\\/#website\",\"url\":\"https:\\\/\\\/exaudi.org\\\/\",\"name\":\"Exaudi\",\"description\":\"News\",\"potentialAction\":[{\"@type\":\"SearchAction\",\"target\":{\"@type\":\"EntryPoint\",\"urlTemplate\":\"https:\\\/\\\/exaudi.org\\\/?s={search_term_string}\"},\"query-input\":{\"@type\":\"PropertyValueSpecification\",\"valueRequired\":true,\"valueName\":\"search_term_string\"}}],\"inLanguage\":\"es\"},{\"@type\":\"Person\",\"@id\":\"https:\\\/\\\/exaudi.org\\\/#\\\/schema\\\/person\\\/e7ff749045cafab5d7b926bb4edeaa51\",\"name\":\"Patricia Jim\u00e9nez Ram\u00edrez\",\"image\":{\"@type\":\"ImageObject\",\"inLanguage\":\"es\",\"@id\":\"https:\\\/\\\/secure.gravatar.com\\\/avatar\\\/c1f016f3010698237250f552cc424d09fd3f545baa3b0e2f5008eae3181ed438?s=96&d=mm&r=g\",\"url\":\"https:\\\/\\\/secure.gravatar.com\\\/avatar\\\/c1f016f3010698237250f552cc424d09fd3f545baa3b0e2f5008eae3181ed438?s=96&d=mm&r=g\",\"contentUrl\":\"https:\\\/\\\/secure.gravatar.com\\\/avatar\\\/c1f016f3010698237250f552cc424d09fd3f545baa3b0e2f5008eae3181ed438?s=96&d=mm&r=g\",\"caption\":\"Patricia Jim\u00e9nez Ram\u00edrez\"},\"description\":\"Soy una mujer comprometida con mi familia, con una s\u00f3lida experiencia empresarial y una profunda dedicaci\u00f3n al hogar. Durante a\u00f1os trabaj\u00e9 en diversos entornos empresariales, liderando equipos y gestionando proyectos de impacto. Sin embargo, en los \u00faltimos a\u00f1os he tomado la decisi\u00f3n de centrarme en mi hogar y dedicar m\u00e1s tiempo a mi marido e hijos, quienes son mi mayor prioridad. Mi experiencia en el \u00e1mbito empresarial me ha brindado valiosas habilidades en gesti\u00f3n del tiempo, organizaci\u00f3n, liderazgo y resoluci\u00f3n de problemas, que ahora aplico en mi vida familiar para fomentar un ambiente armonioso y saludable para todos\",\"url\":\"https:\\\/\\\/exaudi.org\\\/es\\\/author\\\/patricia-jimenez-ramirez\\\/\"}]}<\/script>\n<!-- \/ Yoast SEO plugin. -->","yoast_head_json":{"title":"La p\u00e9rdida de valores cristianos en la cultura actual &#8211; Exaudi","robots":{"index":"index","follow":"follow","max-snippet":"max-snippet:-1","max-image-preview":"max-image-preview:large","max-video-preview":"max-video-preview:-1"},"canonical":"https:\/\/exaudi.org\/es\/la-perdida-de-valores-cristianos-en-la-cultura-actual\/","og_locale":"es_ES","og_type":"article","og_title":"La p\u00e9rdida de valores cristianos en la cultura actual &#8211; Exaudi","og_description":"La secularizaci\u00f3n y sus implicaciones en la sociedad contempor\u00e1nea","og_url":"https:\/\/exaudi.org\/es\/la-perdida-de-valores-cristianos-en-la-cultura-actual\/","og_site_name":"Exaudi","article_publisher":"https:\/\/www.facebook.com\/ExaudiNews","article_published_time":"2025-02-19T07:30:59+00:00","article_modified_time":"2025-02-19T09:14:55+00:00","og_image":[{"width":2560,"height":1707,"url":"https:\/\/exaudi.org\/wp-content\/uploads\/2025\/02\/pexels-pixabay-47090-scaled.jpg","type":"image\/jpeg"}],"author":"Patricia Jim\u00e9nez Ram\u00edrez","twitter_card":"summary_large_image","twitter_creator":"@Exaudi_News","twitter_site":"@Exaudi_News","twitter_misc":{"Escrito por":"Patricia Jim\u00e9nez Ram\u00edrez","Tiempo de lectura":"4 minutos"},"schema":{"@context":"https:\/\/schema.org","@graph":[{"@type":"Article","@id":"https:\/\/exaudi.org\/es\/la-perdida-de-valores-cristianos-en-la-cultura-actual\/#article","isPartOf":{"@id":"https:\/\/exaudi.org\/es\/la-perdida-de-valores-cristianos-en-la-cultura-actual\/"},"author":{"name":"Patricia Jim\u00e9nez Ram\u00edrez","@id":"https:\/\/exaudi.org\/#\/schema\/person\/e7ff749045cafab5d7b926bb4edeaa51"},"headline":"La p\u00e9rdida de valores cristianos en la cultura actual","datePublished":"2025-02-19T07:30:59+00:00","dateModified":"2025-02-19T09:14:55+00:00","mainEntityOfPage":{"@id":"https:\/\/exaudi.org\/es\/la-perdida-de-valores-cristianos-en-la-cultura-actual\/"},"wordCount":790,"image":{"@id":"https:\/\/exaudi.org\/es\/la-perdida-de-valores-cristianos-en-la-cultura-actual\/#primaryimage"},"thumbnailUrl":"https:\/\/exaudi.org\/wp-content\/uploads\/2025\/02\/pexels-pixabay-47090-scaled.jpg","keywords":["catequesis","crisis de fe","crisis de identidad","cultura del descarte","cultura secular","Desaf\u00edos de la Iglesia","Dignidad humana","disminuci\u00f3n de la pr\u00e1ctica religiosa","educaci\u00f3n y valores","ense\u00f1anza cristiana","\u00e9tica cristiana","Evangelizaci\u00f3n","familia y valores","Fe y cultura","fe y sociedad","Iglesia y secularizaci\u00f3n","impacto del relativismo","indiferencia religiosa","Juventud y fe","Libertad Religiosa","nueva evangelizaci\u00f3n","nueva evangelizaci\u00f3n","participaci\u00f3n en los sacramentos","pastoral cat\u00f3lica","p\u00e9rdida de valores cristianos","relativismo moral","renovaci\u00f3n de la fe","Secularismo","secularizaci\u00f3n","sociedad actual","valores cristianos"],"inLanguage":"es"},{"@type":"WebPage","@id":"https:\/\/exaudi.org\/es\/la-perdida-de-valores-cristianos-en-la-cultura-actual\/","url":"https:\/\/exaudi.org\/es\/la-perdida-de-valores-cristianos-en-la-cultura-actual\/","name":"La p\u00e9rdida de valores cristianos en la cultura actual &#8211; Exaudi","isPartOf":{"@id":"https:\/\/exaudi.org\/#website"},"primaryImageOfPage":{"@id":"https:\/\/exaudi.org\/es\/la-perdida-de-valores-cristianos-en-la-cultura-actual\/#primaryimage"},"image":{"@id":"https:\/\/exaudi.org\/es\/la-perdida-de-valores-cristianos-en-la-cultura-actual\/#primaryimage"},"thumbnailUrl":"https:\/\/exaudi.org\/wp-content\/uploads\/2025\/02\/pexels-pixabay-47090-scaled.jpg","datePublished":"2025-02-19T07:30:59+00:00","dateModified":"2025-02-19T09:14:55+00:00","author":{"@id":"https:\/\/exaudi.org\/#\/schema\/person\/e7ff749045cafab5d7b926bb4edeaa51"},"breadcrumb":{"@id":"https:\/\/exaudi.org\/es\/la-perdida-de-valores-cristianos-en-la-cultura-actual\/#breadcrumb"},"inLanguage":"es","potentialAction":[{"@type":"ReadAction","target":["https:\/\/exaudi.org\/es\/la-perdida-de-valores-cristianos-en-la-cultura-actual\/"]}]},{"@type":"ImageObject","inLanguage":"es","@id":"https:\/\/exaudi.org\/es\/la-perdida-de-valores-cristianos-en-la-cultura-actual\/#primaryimage","url":"https:\/\/exaudi.org\/wp-content\/uploads\/2025\/02\/pexels-pixabay-47090-scaled.jpg","contentUrl":"https:\/\/exaudi.org\/wp-content\/uploads\/2025\/02\/pexels-pixabay-47090-scaled.jpg","width":2560,"height":1707,"caption":"Pexels"},{"@type":"BreadcrumbList","@id":"https:\/\/exaudi.org\/es\/la-perdida-de-valores-cristianos-en-la-cultura-actual\/#breadcrumb","itemListElement":[{"@type":"ListItem","position":1,"name":"Portada","item":"https:\/\/exaudi.org\/es\/"},{"@type":"ListItem","position":2,"name":"La p\u00e9rdida de valores cristianos en la cultura actual"}]},{"@type":"WebSite","@id":"https:\/\/exaudi.org\/#website","url":"https:\/\/exaudi.org\/","name":"Exaudi","description":"News","potentialAction":[{"@type":"SearchAction","target":{"@type":"EntryPoint","urlTemplate":"https:\/\/exaudi.org\/?s={search_term_string}"},"query-input":{"@type":"PropertyValueSpecification","valueRequired":true,"valueName":"search_term_string"}}],"inLanguage":"es"},{"@type":"Person","@id":"https:\/\/exaudi.org\/#\/schema\/person\/e7ff749045cafab5d7b926bb4edeaa51","name":"Patricia Jim\u00e9nez Ram\u00edrez","image":{"@type":"ImageObject","inLanguage":"es","@id":"https:\/\/secure.gravatar.com\/avatar\/c1f016f3010698237250f552cc424d09fd3f545baa3b0e2f5008eae3181ed438?s=96&d=mm&r=g","url":"https:\/\/secure.gravatar.com\/avatar\/c1f016f3010698237250f552cc424d09fd3f545baa3b0e2f5008eae3181ed438?s=96&d=mm&r=g","contentUrl":"https:\/\/secure.gravatar.com\/avatar\/c1f016f3010698237250f552cc424d09fd3f545baa3b0e2f5008eae3181ed438?s=96&d=mm&r=g","caption":"Patricia Jim\u00e9nez Ram\u00edrez"},"description":"Soy una mujer comprometida con mi familia, con una s\u00f3lida experiencia empresarial y una profunda dedicaci\u00f3n al hogar. Durante a\u00f1os trabaj\u00e9 en diversos entornos empresariales, liderando equipos y gestionando proyectos de impacto. Sin embargo, en los \u00faltimos a\u00f1os he tomado la decisi\u00f3n de centrarme en mi hogar y dedicar m\u00e1s tiempo a mi marido e hijos, quienes son mi mayor prioridad. Mi experiencia en el \u00e1mbito empresarial me ha brindado valiosas habilidades en gesti\u00f3n del tiempo, organizaci\u00f3n, liderazgo y resoluci\u00f3n de problemas, que ahora aplico en mi vida familiar para fomentar un ambiente armonioso y saludable para todos","url":"https:\/\/exaudi.org\/es\/author\/patricia-jimenez-ramirez\/"}]}},"jetpack_featured_media_url":"https:\/\/exaudi.org\/wp-content\/uploads\/2025\/02\/pexels-pixabay-47090-scaled.jpg","jetpack_shortlink":"https:\/\/wp.me\/pgKjF2-v5e","_links":{"self":[{"href":"https:\/\/exaudi.org\/es\/wp-json\/wp\/v2\/posts\/119488","targetHints":{"allow":["GET"]}}],"collection":[{"href":"https:\/\/exaudi.org\/es\/wp-json\/wp\/v2\/posts"}],"about":[{"href":"https:\/\/exaudi.org\/es\/wp-json\/wp\/v2\/types\/post"}],"author":[{"embeddable":true,"href":"https:\/\/exaudi.org\/es\/wp-json\/wp\/v2\/users\/151"}],"replies":[{"embeddable":true,"href":"https:\/\/exaudi.org\/es\/wp-json\/wp\/v2\/comments?post=119488"}],"version-history":[{"count":0,"href":"https:\/\/exaudi.org\/es\/wp-json\/wp\/v2\/posts\/119488\/revisions"}],"wp:featuredmedia":[{"embeddable":true,"href":"https:\/\/exaudi.org\/es\/wp-json\/wp\/v2\/media\/119489"}],"wp:attachment":[{"href":"https:\/\/exaudi.org\/es\/wp-json\/wp\/v2\/media?parent=119488"}],"wp:term":[{"taxonomy":"category","embeddable":true,"href":"https:\/\/exaudi.org\/es\/wp-json\/wp\/v2\/categories?post=119488"},{"taxonomy":"post_tag","embeddable":true,"href":"https:\/\/exaudi.org\/es\/wp-json\/wp\/v2\/tags?post=119488"}],"curies":[{"name":"wp","href":"https:\/\/api.w.org\/{rel}","templated":true}]}}