{"id":119427,"date":"2025-02-17T13:24:52","date_gmt":"2025-02-17T12:24:52","guid":{"rendered":"https:\/\/exaudi.org\/?p=119427"},"modified":"2025-02-17T16:38:42","modified_gmt":"2025-02-17T15:38:42","slug":"absoluto-reposo-un-cuadro-clinico-complejo-que-requerira-de-un-internamiento-hospitalario-adecuado","status":"publish","type":"post","link":"https:\/\/exaudi.org\/es\/absoluto-reposo-un-cuadro-clinico-complejo-que-requerira-de-un-internamiento-hospitalario-adecuado\/","title":{"rendered":"Absoluto reposo: un cuadro cl\u00ednico complejo que requerir\u00e1 de un internamiento hospitalario adecuado"},"content":{"rendered":"<p>El Papa Francisco contin\u00faa recibiendo tratamiento en el hospital Gemelli por una infecci\u00f3n polimicrobiana, pero su compromiso con la paz y la solidaridad no disminuye.<\/p>\n<p>A pesar de su estado de salud, ha mantenido comunicaci\u00f3n diaria con la parroquia de Gaza, realizando videollamadas con el padre Gabriel Romanelli y los refugiados. El Papa les ha enviado su bendici\u00f3n, preguntando por su bienestar y expresando su apoyo.<\/p>\n<p>Adem\u00e1s, en un reciente mensaje escrito, agradeci\u00f3 las oraciones y el acompa\u00f1amiento de quienes lo apoyan. A pesar de las dificultades, su misi\u00f3n sigue intacta, y espera continuar su trabajo pastoral una vez recupere fuerzas.<\/p>\n<p>La Oficina de Prensa del Vaticano ofrece actualizaciones sobre la salud del Pont\u00edfice hospitalizado en el Policl\u00ednico Romano: \u201cLos resultados de las pruebas realizadas en los \u00faltimos d\u00edas y hoy han demostrado una infecci\u00f3n polimicrobiana del tracto respiratorio que ha obligado a modificar a\u00fan m\u00e1s la terapia. Todas las pruebas realizadas hasta el momento son indicativas de un cuadro cl\u00ednico complejo que requerir\u00e1 de un internamiento hospitalario adecuado\u201d.<\/p>\n<p>El Papa queda por tanto \u00abbajo control del hospital\u00bb, reiter\u00f3 el portavoz, informando que de momento no hay previsiones sobre su alta hospitalaria y que al Papa se le aplica la regla del \u00ababsoluto reposo\u00bb establecida por los m\u00e9dicos, por eso ayer a las 12.00 no pudo dirigir \u2013 por primera vez \u2013 el rezo del \u00c1ngelus dominical.<\/p>\n","protected":false},"excerpt":{"rendered":"<p>Una infecci\u00f3n polimicrobiana del tracto respiratorio<\/p>\n","protected":false},"author":15,"featured_media":119431,"comment_status":"closed","ping_status":"closed","sticky":false,"template":"","format":"standard","meta":{"_acf_changed":false,"_crdt_document":"","inline_featured_image":false,"footnotes":""},"categories":[68],"tags":[46201,46199,46198,46191,46192,46195,26869,676,46197,158,158,46204,46193,46202,44510,46203,46200,46196,272,40501,40501,40501,40501,40501,46194],"class_list":{"0":"post-119427","1":"post","2":"type-post","3":"status-publish","4":"format-standard","5":"has-post-thumbnail","6":"hentry","7":"category-leon-xiv","8":"tag-apoyo-del-papa","9":"tag-bendicion-del-papa","10":"tag-comunicacion-del-papa","11":"tag-hospitalizacion-gemelli","12":"tag-infeccion-polimicrobiana","13":"tag-mensajes-papa","14":"tag-mision-de-paz","15":"tag-oracion","16":"tag-papa-en-hospital","17":"tag-papa-francisco","19":"tag-papa-francisco-mensajes","20":"tag-parroquia-de-gaza","21":"tag-sagrada-familia-gaza","22":"tag-salud-del-papa","23":"tag-salud-pontifice","24":"tag-situacion-gaza","25":"tag-solidaridad-con-gaza","26":"tag-vaticano-es","27":"tag-vaticano-noticias","32":"tag-videollamadas-papa-francisco"},"acf":[],"yoast_head":"<!-- This site is optimized with the Yoast SEO plugin v27.4 - https:\/\/yoast.com\/product\/yoast-seo-wordpress\/ -->\n<title>Absoluto reposo: un cuadro cl\u00ednico complejo que requerir\u00e1 de un internamiento hospitalario adecuado &#8211; Exaudi<\/title>\n<meta name=\"robots\" content=\"index, follow, max-snippet:-1, max-image-preview:large, max-video-preview:-1\" \/>\n<link rel=\"canonical\" href=\"https:\/\/exaudi.org\/es\/absoluto-reposo-un-cuadro-clinico-complejo-que-requerira-de-un-internamiento-hospitalario-adecuado\/\" \/>\n<meta property=\"og:locale\" content=\"es_ES\" \/>\n<meta property=\"og:type\" content=\"article\" \/>\n<meta property=\"og:title\" content=\"Absoluto reposo: un cuadro cl\u00ednico complejo que requerir\u00e1 de un internamiento hospitalario adecuado &#8211; Exaudi\" \/>\n<meta property=\"og:description\" content=\"Una infecci\u00f3n polimicrobiana del tracto respiratorio\" \/>\n<meta property=\"og:url\" content=\"https:\/\/exaudi.org\/es\/absoluto-reposo-un-cuadro-clinico-complejo-que-requerira-de-un-internamiento-hospitalario-adecuado\/\" \/>\n<meta property=\"og:site_name\" content=\"Exaudi\" \/>\n<meta property=\"article:publisher\" content=\"https:\/\/www.facebook.com\/ExaudiNews\" \/>\n<meta property=\"article:author\" content=\"https:\/\/www.facebook.com\/ExaudiNoticias\/\" \/>\n<meta property=\"article:published_time\" content=\"2025-02-17T12:24:52+00:00\" \/>\n<meta property=\"article:modified_time\" content=\"2025-02-17T15:38:42+00:00\" \/>\n<meta property=\"og:image\" content=\"https:\/\/exaudi.org\/wp-content\/uploads\/2025\/02\/Snapinst.app_479701307_18487554259041022_4592133679537621671_n_1080-1080x770-1.jpg\" \/>\n\t<meta property=\"og:image:width\" content=\"1080\" \/>\n\t<meta property=\"og:image:height\" content=\"770\" \/>\n\t<meta property=\"og:image:type\" content=\"image\/jpeg\" \/>\n<meta name=\"author\" content=\"Exaudi Redacci\u00f3n\" \/>\n<meta name=\"twitter:card\" content=\"summary_large_image\" \/>\n<meta name=\"twitter:creator\" content=\"@Exaudi_noticias\" \/>\n<meta name=\"twitter:site\" content=\"@Exaudi_News\" \/>\n<meta name=\"twitter:label1\" content=\"Escrito por\" \/>\n\t<meta name=\"twitter:data1\" content=\"Exaudi Redacci\u00f3n\" \/>\n\t<meta name=\"twitter:label2\" content=\"Tiempo de lectura\" \/>\n\t<meta name=\"twitter:data2\" content=\"1 minuto\" \/>\n<script type=\"application\/ld+json\" class=\"yoast-schema-graph\">{\"@context\":\"https:\\\/\\\/schema.org\",\"@graph\":[{\"@type\":\"Article\",\"@id\":\"https:\\\/\\\/exaudi.org\\\/es\\\/absoluto-reposo-un-cuadro-clinico-complejo-que-requerira-de-un-internamiento-hospitalario-adecuado\\\/#article\",\"isPartOf\":{\"@id\":\"https:\\\/\\\/exaudi.org\\\/es\\\/absoluto-reposo-un-cuadro-clinico-complejo-que-requerira-de-un-internamiento-hospitalario-adecuado\\\/\"},\"author\":{\"name\":\"Exaudi Redacci\u00f3n\",\"@id\":\"https:\\\/\\\/exaudi.org\\\/#\\\/schema\\\/person\\\/f5fc8f063065e38742da7afe15f25df7\"},\"headline\":\"Absoluto reposo: un cuadro cl\u00ednico complejo que requerir\u00e1 de un internamiento hospitalario adecuado\",\"datePublished\":\"2025-02-17T12:24:52+00:00\",\"dateModified\":\"2025-02-17T15:38:42+00:00\",\"mainEntityOfPage\":{\"@id\":\"https:\\\/\\\/exaudi.org\\\/es\\\/absoluto-reposo-un-cuadro-clinico-complejo-que-requerira-de-un-internamiento-hospitalario-adecuado\\\/\"},\"wordCount\":253,\"image\":{\"@id\":\"https:\\\/\\\/exaudi.org\\\/es\\\/absoluto-reposo-un-cuadro-clinico-complejo-que-requerira-de-un-internamiento-hospitalario-adecuado\\\/#primaryimage\"},\"thumbnailUrl\":\"https:\\\/\\\/exaudi.org\\\/wp-content\\\/uploads\\\/2025\\\/02\\\/Snapinst.app_479701307_18487554259041022_4592133679537621671_n_1080-1080x770-1.jpg\",\"keywords\":[\"apoyo del Papa\",\"bendici\u00f3n del Papa\",\"comunicaci\u00f3n del Papa\",\"hospitalizaci\u00f3n Gemelli\",\"infecci\u00f3n polimicrobiana\",\"mensajes Papa\",\"misi\u00f3n de paz\",\"Oraci\u00f3n\",\"Papa en hospital\",\"papa francisco\",\"papa francisco\",\"Papa Francisco mensajes\",\"parroquia de Gaza\",\"Sagrada Familia Gaza\",\"salud del Papa\",\"salud Pont\u00edfice\",\"situaci\u00f3n Gaza\",\"solidaridad con Gaza\",\"Vaticano\",\"Vaticano noticias\",\"Vaticano noticias\",\"Vaticano noticias\",\"Vaticano noticias\",\"Vaticano noticias\",\"videollamadas Papa Francisco\"],\"articleSection\":[\"Le\u00f3n XIV\"],\"inLanguage\":\"es\"},{\"@type\":\"WebPage\",\"@id\":\"https:\\\/\\\/exaudi.org\\\/es\\\/absoluto-reposo-un-cuadro-clinico-complejo-que-requerira-de-un-internamiento-hospitalario-adecuado\\\/\",\"url\":\"https:\\\/\\\/exaudi.org\\\/es\\\/absoluto-reposo-un-cuadro-clinico-complejo-que-requerira-de-un-internamiento-hospitalario-adecuado\\\/\",\"name\":\"Absoluto reposo: un cuadro cl\u00ednico complejo que requerir\u00e1 de un internamiento hospitalario adecuado &#8211; Exaudi\",\"isPartOf\":{\"@id\":\"https:\\\/\\\/exaudi.org\\\/#website\"},\"primaryImageOfPage\":{\"@id\":\"https:\\\/\\\/exaudi.org\\\/es\\\/absoluto-reposo-un-cuadro-clinico-complejo-que-requerira-de-un-internamiento-hospitalario-adecuado\\\/#primaryimage\"},\"image\":{\"@id\":\"https:\\\/\\\/exaudi.org\\\/es\\\/absoluto-reposo-un-cuadro-clinico-complejo-que-requerira-de-un-internamiento-hospitalario-adecuado\\\/#primaryimage\"},\"thumbnailUrl\":\"https:\\\/\\\/exaudi.org\\\/wp-content\\\/uploads\\\/2025\\\/02\\\/Snapinst.app_479701307_18487554259041022_4592133679537621671_n_1080-1080x770-1.jpg\",\"datePublished\":\"2025-02-17T12:24:52+00:00\",\"dateModified\":\"2025-02-17T15:38:42+00:00\",\"author\":{\"@id\":\"https:\\\/\\\/exaudi.org\\\/#\\\/schema\\\/person\\\/f5fc8f063065e38742da7afe15f25df7\"},\"breadcrumb\":{\"@id\":\"https:\\\/\\\/exaudi.org\\\/es\\\/absoluto-reposo-un-cuadro-clinico-complejo-que-requerira-de-un-internamiento-hospitalario-adecuado\\\/#breadcrumb\"},\"inLanguage\":\"es\",\"potentialAction\":[{\"@type\":\"ReadAction\",\"target\":[\"https:\\\/\\\/exaudi.org\\\/es\\\/absoluto-reposo-un-cuadro-clinico-complejo-que-requerira-de-un-internamiento-hospitalario-adecuado\\\/\"]}]},{\"@type\":\"ImageObject\",\"inLanguage\":\"es\",\"@id\":\"https:\\\/\\\/exaudi.org\\\/es\\\/absoluto-reposo-un-cuadro-clinico-complejo-que-requerira-de-un-internamiento-hospitalario-adecuado\\\/#primaryimage\",\"url\":\"https:\\\/\\\/exaudi.org\\\/wp-content\\\/uploads\\\/2025\\\/02\\\/Snapinst.app_479701307_18487554259041022_4592133679537621671_n_1080-1080x770-1.jpg\",\"contentUrl\":\"https:\\\/\\\/exaudi.org\\\/wp-content\\\/uploads\\\/2025\\\/02\\\/Snapinst.app_479701307_18487554259041022_4592133679537621671_n_1080-1080x770-1.jpg\",\"width\":1080,\"height\":770},{\"@type\":\"BreadcrumbList\",\"@id\":\"https:\\\/\\\/exaudi.org\\\/es\\\/absoluto-reposo-un-cuadro-clinico-complejo-que-requerira-de-un-internamiento-hospitalario-adecuado\\\/#breadcrumb\",\"itemListElement\":[{\"@type\":\"ListItem\",\"position\":1,\"name\":\"Portada\",\"item\":\"https:\\\/\\\/exaudi.org\\\/es\\\/\"},{\"@type\":\"ListItem\",\"position\":2,\"name\":\"Absoluto reposo: un cuadro cl\u00ednico complejo que requerir\u00e1 de un internamiento hospitalario adecuado\"}]},{\"@type\":\"WebSite\",\"@id\":\"https:\\\/\\\/exaudi.org\\\/#website\",\"url\":\"https:\\\/\\\/exaudi.org\\\/\",\"name\":\"Exaudi\",\"description\":\"News\",\"potentialAction\":[{\"@type\":\"SearchAction\",\"target\":{\"@type\":\"EntryPoint\",\"urlTemplate\":\"https:\\\/\\\/exaudi.org\\\/?s={search_term_string}\"},\"query-input\":{\"@type\":\"PropertyValueSpecification\",\"valueRequired\":true,\"valueName\":\"search_term_string\"}}],\"inLanguage\":\"es\"},{\"@type\":\"Person\",\"@id\":\"https:\\\/\\\/exaudi.org\\\/#\\\/schema\\\/person\\\/f5fc8f063065e38742da7afe15f25df7\",\"name\":\"Exaudi Redacci\u00f3n\",\"image\":{\"@type\":\"ImageObject\",\"inLanguage\":\"es\",\"@id\":\"https:\\\/\\\/secure.gravatar.com\\\/avatar\\\/fe0f6a059fb68d9b3e11bc5850dd4899b1c7492091a3cb6dd9b01b56ad828be2?s=96&d=mm&r=g\",\"url\":\"https:\\\/\\\/secure.gravatar.com\\\/avatar\\\/fe0f6a059fb68d9b3e11bc5850dd4899b1c7492091a3cb6dd9b01b56ad828be2?s=96&d=mm&r=g\",\"contentUrl\":\"https:\\\/\\\/secure.gravatar.com\\\/avatar\\\/fe0f6a059fb68d9b3e11bc5850dd4899b1c7492091a3cb6dd9b01b56ad828be2?s=96&d=mm&r=g\",\"caption\":\"Exaudi Redacci\u00f3n\"},\"description\":\"\u00bfQu\u00e9 es Exaudi News? Exaudi News es un medio de comunicaci\u00f3n cat\u00f3lico internacional que informa, forma y transforma, diariamente en espa\u00f1ol, ingl\u00e9s e italiano. A trav\u00e9s de noticias, art\u00edculos de an\u00e1lisis y transmisiones en directo de los eventos del Papa, Exaudi busca fortalecer la unidad de los cristianos y contribuir a la evangelizaci\u00f3n del mundo, siempre guiados por la doctrina social de la Iglesia. Trabajamos para acercar la verdad y los valores cristianos a cada rinc\u00f3n del planeta. \u00a1Ay\u00fadanos a transformar el mundo con Exaudi! En Exaudi creemos que la evangelizaci\u00f3n y la informaci\u00f3n de calidad pueden cambiar vidas. Para continuar con nuestra misi\u00f3n y expandir nuestro alcance, necesitamos tu ayuda. Adem\u00e1s, buscamos personas comprometidas que deseen unirse a nuestro equipo. Con tu apoyo, lograremos llegar a m\u00e1s personas, difundir el mensaje de Cristo y reforzar la unidad de los cristianos. \u00bfTe unes a nuestra misi\u00f3n? Para m\u00e1s informaci\u00f3n sobre c\u00f3mo colaborar, visita Exaudi.org\\\/es o cont\u00e1ctanos directamente: info@exaudi.org Exaudi: Informa, forma y transforma.\",\"sameAs\":[\"https:\\\/\\\/www.facebook.com\\\/ExaudiNoticias\\\/\",\"https:\\\/\\\/www.instagram.com\\\/exaudi_noticias\\\/\",\"https:\\\/\\\/x.com\\\/Exaudi_noticias\",\"https:\\\/\\\/www.youtube.com\\\/@exaudicatholicnews\"],\"url\":\"https:\\\/\\\/exaudi.org\\\/es\\\/author\\\/redaccionexaudi\\\/\"}]}<\/script>\n<!-- \/ Yoast SEO plugin. -->","yoast_head_json":{"title":"Absoluto reposo: un cuadro cl\u00ednico complejo que requerir\u00e1 de un internamiento hospitalario adecuado &#8211; Exaudi","robots":{"index":"index","follow":"follow","max-snippet":"max-snippet:-1","max-image-preview":"max-image-preview:large","max-video-preview":"max-video-preview:-1"},"canonical":"https:\/\/exaudi.org\/es\/absoluto-reposo-un-cuadro-clinico-complejo-que-requerira-de-un-internamiento-hospitalario-adecuado\/","og_locale":"es_ES","og_type":"article","og_title":"Absoluto reposo: un cuadro cl\u00ednico complejo que requerir\u00e1 de un internamiento hospitalario adecuado &#8211; Exaudi","og_description":"Una infecci\u00f3n polimicrobiana del tracto respiratorio","og_url":"https:\/\/exaudi.org\/es\/absoluto-reposo-un-cuadro-clinico-complejo-que-requerira-de-un-internamiento-hospitalario-adecuado\/","og_site_name":"Exaudi","article_publisher":"https:\/\/www.facebook.com\/ExaudiNews","article_author":"https:\/\/www.facebook.com\/ExaudiNoticias\/","article_published_time":"2025-02-17T12:24:52+00:00","article_modified_time":"2025-02-17T15:38:42+00:00","og_image":[{"width":1080,"height":770,"url":"https:\/\/exaudi.org\/wp-content\/uploads\/2025\/02\/Snapinst.app_479701307_18487554259041022_4592133679537621671_n_1080-1080x770-1.jpg","type":"image\/jpeg"}],"author":"Exaudi Redacci\u00f3n","twitter_card":"summary_large_image","twitter_creator":"@Exaudi_noticias","twitter_site":"@Exaudi_News","twitter_misc":{"Escrito por":"Exaudi Redacci\u00f3n","Tiempo de lectura":"1 minuto"},"schema":{"@context":"https:\/\/schema.org","@graph":[{"@type":"Article","@id":"https:\/\/exaudi.org\/es\/absoluto-reposo-un-cuadro-clinico-complejo-que-requerira-de-un-internamiento-hospitalario-adecuado\/#article","isPartOf":{"@id":"https:\/\/exaudi.org\/es\/absoluto-reposo-un-cuadro-clinico-complejo-que-requerira-de-un-internamiento-hospitalario-adecuado\/"},"author":{"name":"Exaudi Redacci\u00f3n","@id":"https:\/\/exaudi.org\/#\/schema\/person\/f5fc8f063065e38742da7afe15f25df7"},"headline":"Absoluto reposo: un cuadro cl\u00ednico complejo que requerir\u00e1 de un internamiento hospitalario adecuado","datePublished":"2025-02-17T12:24:52+00:00","dateModified":"2025-02-17T15:38:42+00:00","mainEntityOfPage":{"@id":"https:\/\/exaudi.org\/es\/absoluto-reposo-un-cuadro-clinico-complejo-que-requerira-de-un-internamiento-hospitalario-adecuado\/"},"wordCount":253,"image":{"@id":"https:\/\/exaudi.org\/es\/absoluto-reposo-un-cuadro-clinico-complejo-que-requerira-de-un-internamiento-hospitalario-adecuado\/#primaryimage"},"thumbnailUrl":"https:\/\/exaudi.org\/wp-content\/uploads\/2025\/02\/Snapinst.app_479701307_18487554259041022_4592133679537621671_n_1080-1080x770-1.jpg","keywords":["apoyo del Papa","bendici\u00f3n del Papa","comunicaci\u00f3n del Papa","hospitalizaci\u00f3n Gemelli","infecci\u00f3n polimicrobiana","mensajes Papa","misi\u00f3n de paz","Oraci\u00f3n","Papa en hospital","papa francisco","papa francisco","Papa Francisco mensajes","parroquia de Gaza","Sagrada Familia Gaza","salud del Papa","salud Pont\u00edfice","situaci\u00f3n Gaza","solidaridad con Gaza","Vaticano","Vaticano noticias","Vaticano noticias","Vaticano noticias","Vaticano noticias","Vaticano noticias","videollamadas Papa Francisco"],"articleSection":["Le\u00f3n XIV"],"inLanguage":"es"},{"@type":"WebPage","@id":"https:\/\/exaudi.org\/es\/absoluto-reposo-un-cuadro-clinico-complejo-que-requerira-de-un-internamiento-hospitalario-adecuado\/","url":"https:\/\/exaudi.org\/es\/absoluto-reposo-un-cuadro-clinico-complejo-que-requerira-de-un-internamiento-hospitalario-adecuado\/","name":"Absoluto reposo: un cuadro cl\u00ednico complejo que requerir\u00e1 de un internamiento hospitalario adecuado &#8211; Exaudi","isPartOf":{"@id":"https:\/\/exaudi.org\/#website"},"primaryImageOfPage":{"@id":"https:\/\/exaudi.org\/es\/absoluto-reposo-un-cuadro-clinico-complejo-que-requerira-de-un-internamiento-hospitalario-adecuado\/#primaryimage"},"image":{"@id":"https:\/\/exaudi.org\/es\/absoluto-reposo-un-cuadro-clinico-complejo-que-requerira-de-un-internamiento-hospitalario-adecuado\/#primaryimage"},"thumbnailUrl":"https:\/\/exaudi.org\/wp-content\/uploads\/2025\/02\/Snapinst.app_479701307_18487554259041022_4592133679537621671_n_1080-1080x770-1.jpg","datePublished":"2025-02-17T12:24:52+00:00","dateModified":"2025-02-17T15:38:42+00:00","author":{"@id":"https:\/\/exaudi.org\/#\/schema\/person\/f5fc8f063065e38742da7afe15f25df7"},"breadcrumb":{"@id":"https:\/\/exaudi.org\/es\/absoluto-reposo-un-cuadro-clinico-complejo-que-requerira-de-un-internamiento-hospitalario-adecuado\/#breadcrumb"},"inLanguage":"es","potentialAction":[{"@type":"ReadAction","target":["https:\/\/exaudi.org\/es\/absoluto-reposo-un-cuadro-clinico-complejo-que-requerira-de-un-internamiento-hospitalario-adecuado\/"]}]},{"@type":"ImageObject","inLanguage":"es","@id":"https:\/\/exaudi.org\/es\/absoluto-reposo-un-cuadro-clinico-complejo-que-requerira-de-un-internamiento-hospitalario-adecuado\/#primaryimage","url":"https:\/\/exaudi.org\/wp-content\/uploads\/2025\/02\/Snapinst.app_479701307_18487554259041022_4592133679537621671_n_1080-1080x770-1.jpg","contentUrl":"https:\/\/exaudi.org\/wp-content\/uploads\/2025\/02\/Snapinst.app_479701307_18487554259041022_4592133679537621671_n_1080-1080x770-1.jpg","width":1080,"height":770},{"@type":"BreadcrumbList","@id":"https:\/\/exaudi.org\/es\/absoluto-reposo-un-cuadro-clinico-complejo-que-requerira-de-un-internamiento-hospitalario-adecuado\/#breadcrumb","itemListElement":[{"@type":"ListItem","position":1,"name":"Portada","item":"https:\/\/exaudi.org\/es\/"},{"@type":"ListItem","position":2,"name":"Absoluto reposo: un cuadro cl\u00ednico complejo que requerir\u00e1 de un internamiento hospitalario adecuado"}]},{"@type":"WebSite","@id":"https:\/\/exaudi.org\/#website","url":"https:\/\/exaudi.org\/","name":"Exaudi","description":"News","potentialAction":[{"@type":"SearchAction","target":{"@type":"EntryPoint","urlTemplate":"https:\/\/exaudi.org\/?s={search_term_string}"},"query-input":{"@type":"PropertyValueSpecification","valueRequired":true,"valueName":"search_term_string"}}],"inLanguage":"es"},{"@type":"Person","@id":"https:\/\/exaudi.org\/#\/schema\/person\/f5fc8f063065e38742da7afe15f25df7","name":"Exaudi Redacci\u00f3n","image":{"@type":"ImageObject","inLanguage":"es","@id":"https:\/\/secure.gravatar.com\/avatar\/fe0f6a059fb68d9b3e11bc5850dd4899b1c7492091a3cb6dd9b01b56ad828be2?s=96&d=mm&r=g","url":"https:\/\/secure.gravatar.com\/avatar\/fe0f6a059fb68d9b3e11bc5850dd4899b1c7492091a3cb6dd9b01b56ad828be2?s=96&d=mm&r=g","contentUrl":"https:\/\/secure.gravatar.com\/avatar\/fe0f6a059fb68d9b3e11bc5850dd4899b1c7492091a3cb6dd9b01b56ad828be2?s=96&d=mm&r=g","caption":"Exaudi Redacci\u00f3n"},"description":"\u00bfQu\u00e9 es Exaudi News? Exaudi News es un medio de comunicaci\u00f3n cat\u00f3lico internacional que informa, forma y transforma, diariamente en espa\u00f1ol, ingl\u00e9s e italiano. A trav\u00e9s de noticias, art\u00edculos de an\u00e1lisis y transmisiones en directo de los eventos del Papa, Exaudi busca fortalecer la unidad de los cristianos y contribuir a la evangelizaci\u00f3n del mundo, siempre guiados por la doctrina social de la Iglesia. Trabajamos para acercar la verdad y los valores cristianos a cada rinc\u00f3n del planeta. \u00a1Ay\u00fadanos a transformar el mundo con Exaudi! En Exaudi creemos que la evangelizaci\u00f3n y la informaci\u00f3n de calidad pueden cambiar vidas. Para continuar con nuestra misi\u00f3n y expandir nuestro alcance, necesitamos tu ayuda. Adem\u00e1s, buscamos personas comprometidas que deseen unirse a nuestro equipo. Con tu apoyo, lograremos llegar a m\u00e1s personas, difundir el mensaje de Cristo y reforzar la unidad de los cristianos. \u00bfTe unes a nuestra misi\u00f3n? Para m\u00e1s informaci\u00f3n sobre c\u00f3mo colaborar, visita Exaudi.org\/es o cont\u00e1ctanos directamente: info@exaudi.org Exaudi: Informa, forma y transforma.","sameAs":["https:\/\/www.facebook.com\/ExaudiNoticias\/","https:\/\/www.instagram.com\/exaudi_noticias\/","https:\/\/x.com\/Exaudi_noticias","https:\/\/www.youtube.com\/@exaudicatholicnews"],"url":"https:\/\/exaudi.org\/es\/author\/redaccionexaudi\/"}]}},"jetpack_featured_media_url":"https:\/\/exaudi.org\/wp-content\/uploads\/2025\/02\/Snapinst.app_479701307_18487554259041022_4592133679537621671_n_1080-1080x770-1.jpg","jetpack_shortlink":"https:\/\/wp.me\/pgKjF2-v4f","_links":{"self":[{"href":"https:\/\/exaudi.org\/es\/wp-json\/wp\/v2\/posts\/119427","targetHints":{"allow":["GET"]}}],"collection":[{"href":"https:\/\/exaudi.org\/es\/wp-json\/wp\/v2\/posts"}],"about":[{"href":"https:\/\/exaudi.org\/es\/wp-json\/wp\/v2\/types\/post"}],"author":[{"embeddable":true,"href":"https:\/\/exaudi.org\/es\/wp-json\/wp\/v2\/users\/15"}],"replies":[{"embeddable":true,"href":"https:\/\/exaudi.org\/es\/wp-json\/wp\/v2\/comments?post=119427"}],"version-history":[{"count":0,"href":"https:\/\/exaudi.org\/es\/wp-json\/wp\/v2\/posts\/119427\/revisions"}],"wp:featuredmedia":[{"embeddable":true,"href":"https:\/\/exaudi.org\/es\/wp-json\/wp\/v2\/media\/119431"}],"wp:attachment":[{"href":"https:\/\/exaudi.org\/es\/wp-json\/wp\/v2\/media?parent=119427"}],"wp:term":[{"taxonomy":"category","embeddable":true,"href":"https:\/\/exaudi.org\/es\/wp-json\/wp\/v2\/categories?post=119427"},{"taxonomy":"post_tag","embeddable":true,"href":"https:\/\/exaudi.org\/es\/wp-json\/wp\/v2\/tags?post=119427"}],"curies":[{"name":"wp","href":"https:\/\/api.w.org\/{rel}","templated":true}]}}