{"id":119082,"date":"2025-02-13T08:00:42","date_gmt":"2025-02-13T07:00:42","guid":{"rendered":"https:\/\/exaudi.org\/?p=119082"},"modified":"2025-02-12T21:00:24","modified_gmt":"2025-02-12T20:00:24","slug":"mons-jordan-estonia-la-comunidad-catolica-no-deja-de-crecer-en-1970-eramos-menos-de-una-decena-y-ahora-somos-entre-7-000-y-10-000","status":"publish","type":"post","link":"https:\/\/exaudi.org\/es\/mons-jordan-estonia-la-comunidad-catolica-no-deja-de-crecer-en-1970-eramos-menos-de-una-decena-y-ahora-somos-entre-7-000-y-10-000\/","title":{"rendered":"Mons. Jordan, Estonia: \u00abLa comunidad cat\u00f3lica no deja de crecer. En 1970 \u00e9ramos menos de una decena y ahora somos entre 7.000 y 10.000\u00bb"},"content":{"rendered":"<p><em>Tras siglos de prohibici\u00f3n, la peque\u00f1a comunidad cat\u00f3lica estonia resurge de sus cenizas. El 26 de septiembre de 2024, el papa Francisco cre\u00f3 la primera di\u00f3cesis del pa\u00eds. El 1 de noviembre de 2024, el papa Francisco se dirigi\u00f3 a la Iglesia cat\u00f3lica estonia con ocasi\u00f3n del centenario de la creaci\u00f3n de su administraci\u00f3n apost\u00f3lica, al poco de ser erigida en di\u00f3cesis. El pont\u00edfice felicit\u00f3 a la Iglesia por su \u201cejemplo de fe\u201d, a pesar de \u201cd\u00e9cadas de sufrimiento, ocupaci\u00f3n y opresi\u00f3n\u201d, y afirm\u00f3 que \u201ceste admirable legado de fe y caridad alentar\u00e1 a la actual generaci\u00f3n de sacerdotes, religiosos y fieles laicos\u201d.<\/em><\/p>\n<p><iframe title=\"Spotify Embed: Mons. Jordan, Estonia: \u00abLa comunidad cat\u00f3lica no deja de crecer. En 1970 \u00e9ramos menos de una decena y ahora somos entre 7.000 y 10.000\u00bb\" style=\"border-radius: 12px\" width=\"100%\" height=\"152\" frameborder=\"0\" allowfullscreen allow=\"autoplay; clipboard-write; encrypted-media; fullscreen; picture-in-picture\" loading=\"lazy\" src=\"https:\/\/open.spotify.com\/embed\/episode\/5lzY1TMnrDABNDFQjKgCN3?si=bfc23ca1ab18404a&#038;utm_source=oembed\"><\/iframe><\/p>\n<p><em>La nueva di\u00f3cesis est\u00e1 encabezada por Mons. Philippe Jourdan, administrador apost\u00f3lico desde 2005, que lleg\u00f3 de Francia en 1996 y ha adquirido la ciudadan\u00eda estonia. En una entrevista para la fundaci\u00f3n Aid to the Church in Need (ACN) Mons. Jourdan presenta la situaci\u00f3n de los cat\u00f3licos en el pa\u00eds.<\/em><\/p>\n<p><strong>ACN: \u00bfCu\u00e1l es la situaci\u00f3n religiosa en Estonia?<br \/>\nMons. Jourdan: <\/strong>Estonia sigue siendo uno de los pa\u00edses m\u00e1s secularizados de Europa: alrededor de un 25% de la poblaci\u00f3n es creyente y el resto se declara no creyente, aunque, en realidad, mucha gente cree sin saber realmente en qu\u00e9 cree. Curiosamente, mientras que en el resto de Europa la secularizaci\u00f3n avanza cada vez m\u00e1s, estos porcentajes se han mantenido bastante estables aqu\u00ed en los \u00faltimos 25 a\u00f1os.<\/p>\n<p><strong>\u00bfPor qu\u00e9 hay tan pocos cat\u00f3licos en Estonia?<br \/>\n<\/strong>La Iglesia cat\u00f3lica desapareci\u00f3 de Estonia en el siglo XVI, coincidiendo con la reforma luterana. Durante dos siglos y medio estuvo prohibida y no resurgi\u00f3 hasta principios del siglo XIX. Pero entonces, el pa\u00eds sufri\u00f3 50 a\u00f1os de dominio sovi\u00e9tico. Por lo tanto, Estonia tiene una historia \u00fanica como bisagra entre dos mundos que rechazaban el catolicismo.<\/p>\n<figure id=\"attachment_119086\" aria-describedby=\"caption-attachment-119086\" style=\"width: 2560px\" class=\"wp-caption alignnone\"><img loading=\"lazy\" decoding=\"async\" class=\"size-full wp-image-119086\" src=\"https:\/\/exaudi.org\/wp-content\/uploads\/2025\/02\/ACN-20250203-180425-scaled.jpg\" alt=\"\" width=\"2560\" height=\"1707\" srcset=\"https:\/\/exaudi.org\/wp-content\/uploads\/2025\/02\/ACN-20250203-180425-scaled.jpg 2560w, https:\/\/exaudi.org\/wp-content\/uploads\/2025\/02\/ACN-20250203-180425-300x200.jpg 300w, https:\/\/exaudi.org\/wp-content\/uploads\/2025\/02\/ACN-20250203-180425-1024x683.jpg 1024w, https:\/\/exaudi.org\/wp-content\/uploads\/2025\/02\/ACN-20250203-180425-770x513.jpg 770w, https:\/\/exaudi.org\/wp-content\/uploads\/2025\/02\/ACN-20250203-180425-1536x1024.jpg 1536w, https:\/\/exaudi.org\/wp-content\/uploads\/2025\/02\/ACN-20250203-180425-2048x1365.jpg 2048w, https:\/\/exaudi.org\/wp-content\/uploads\/2025\/02\/ACN-20250203-180425-360x240.jpg?crop=1 360w, https:\/\/exaudi.org\/wp-content\/uploads\/2025\/02\/ACN-20250203-180425-500x333.jpg 500w, https:\/\/exaudi.org\/wp-content\/uploads\/2025\/02\/ACN-20250203-180425-1155x770.jpg 1155w, https:\/\/exaudi.org\/wp-content\/uploads\/2025\/02\/ACN-20250203-180425-370x247.jpg 370w, https:\/\/exaudi.org\/wp-content\/uploads\/2025\/02\/ACN-20250203-180425-293x195.jpg 293w, https:\/\/exaudi.org\/wp-content\/uploads\/2025\/02\/ACN-20250203-180425-1400x933.jpg 1400w, https:\/\/exaudi.org\/wp-content\/uploads\/2025\/02\/ACN-20250203-180425-120x80.jpg 120w, https:\/\/exaudi.org\/wp-content\/uploads\/2025\/02\/ACN-20250203-180425-240x160.jpg 240w, https:\/\/exaudi.org\/wp-content\/uploads\/2025\/02\/ACN-20250203-180425-390x260.jpg 390w\" sizes=\"auto, (max-width: 2560px) 100vw, 2560px\" \/><figcaption id=\"caption-attachment-119086\" class=\"wp-caption-text\">Bishoph Philippe Jourdan, bishop of Tallinn, first catholic diocese in Estonia: Diocese of Tallinn.<\/figcaption><\/figure>\n<p><strong>\u00bfEst\u00e1 cambiando la situaci\u00f3n?<br \/>\n<\/strong>S\u00ed, la comunidad cat\u00f3lica no deja de crecer. En 1970 \u00e9ramos menos de una decena y ahora somos entre 7.000 y 10.000. Siempre hemos tenido solicitudes de bautizos pero, desde hace dos a tres a\u00f1os, los catec\u00famenos son cada vez m\u00e1s j\u00f3venes. No cabe duda de que, desde la covid y la guerra de Ucrania, los j\u00f3venes de hoy se plantean m\u00e1s preguntas existenciales y algunos tambi\u00e9n se han dado cuenta de que el ideal postsovi\u00e9tico, que es muy consumista (algo comprensible tras un periodo de gran pobreza), no les llena plenamente.<\/p>\n<p><strong>\u00bfQui\u00e9nes forman hoy la comunidad cat\u00f3lica de Estonia?<br \/>\n<\/strong>Una mitad son estonios \u201c\u00e9tnicos\u201d, conversos o hijos de conversos, mientras que la otra mitad son rusoparlantes (el 30% de la poblaci\u00f3n estonia actual es rusoparlante), en parte procedentes de Bielorrusia o Ucrania, y de rito latino u oriental. Adem\u00e1s, desde hace 4 a 5 a\u00f1os, contamos con algunos inmigrantes procedentes de todo el mundo.<\/p>\n<figure id=\"attachment_119092\" aria-describedby=\"caption-attachment-119092\" style=\"width: 418px\" class=\"wp-caption alignright\"><img loading=\"lazy\" decoding=\"async\" class=\" wp-image-119092\" src=\"https:\/\/exaudi.org\/wp-content\/uploads\/2025\/02\/ACN-20250203-180426.jpg\" alt=\"\" width=\"418\" height=\"279\" srcset=\"https:\/\/exaudi.org\/wp-content\/uploads\/2025\/02\/ACN-20250203-180426.jpg 1000w, https:\/\/exaudi.org\/wp-content\/uploads\/2025\/02\/ACN-20250203-180426-300x200.jpg 300w, https:\/\/exaudi.org\/wp-content\/uploads\/2025\/02\/ACN-20250203-180426-770x514.jpg 770w, https:\/\/exaudi.org\/wp-content\/uploads\/2025\/02\/ACN-20250203-180426-360x240.jpg?crop=1 360w, https:\/\/exaudi.org\/wp-content\/uploads\/2025\/02\/ACN-20250203-180426-500x334.jpg 500w, https:\/\/exaudi.org\/wp-content\/uploads\/2025\/02\/ACN-20250203-180426-370x247.jpg 370w, https:\/\/exaudi.org\/wp-content\/uploads\/2025\/02\/ACN-20250203-180426-293x195.jpg 293w, https:\/\/exaudi.org\/wp-content\/uploads\/2025\/02\/ACN-20250203-180426-120x80.jpg 120w, https:\/\/exaudi.org\/wp-content\/uploads\/2025\/02\/ACN-20250203-180426-240x160.jpg 240w, https:\/\/exaudi.org\/wp-content\/uploads\/2025\/02\/ACN-20250203-180426-390x260.jpg 390w\" sizes=\"auto, (max-width: 418px) 100vw, 418px\" \/><figcaption id=\"caption-attachment-119092\" class=\"wp-caption-text\">Bishoph Philippe Jourdan, bishop of Tallinn, first catholic diocese in Estonia.<br \/>NOTE: Please use with credit to: Diocese of Tallinn.<\/figcaption><\/figure>\n<p><strong>\u00bfPor qu\u00e9 se ha erigido ahora esta primera di\u00f3cesis?<br \/>\n<\/strong>Hace cien a\u00f1os, en 1924, el papa P\u00edo XI cre\u00f3 una administraci\u00f3n apost\u00f3lica. Se trataba de una situaci\u00f3n temporal, hasta que la Iglesia creciera y se estructurara. Obviamente, los 50 a\u00f1os de r\u00e9gimen sovi\u00e9tico frenaron este crecimiento, pero ahora por fin podemos dotar a la Iglesia en este pa\u00eds de una estructura oficial. En la actualidad, contamos con una di\u00f3cesis con diez provincias (8 de rito latino y 2 de rito oriental) y con 15 sacerdotes de distintas nacionalidades&#8230; Es la culminaci\u00f3n de un largo camino que ha hecho muy feliz a todo el mundo.<\/p>\n<p><strong>\u00bfC\u00f3mo ha acogido la Iglesia luterana esta noticia?<br \/>\n<\/strong>\u00a1Con gran alegr\u00eda! La creaci\u00f3n de esta di\u00f3cesis ha sido muy bien acogida y ampliamente difundida por la prensa local. El ecumenismo ha avanzado mucho en los \u00faltimos a\u00f1os, pues cat\u00f3licos y protestantes han logrado superar siglos de divisi\u00f3n. Adem\u00e1s, compartimos las mismas preocupaciones sobre las cuestiones sociales, la guerra en Ucrania&#8230;<\/p>\n<p><strong>\u00bfCu\u00e1l es su sentimiento tras haber tomado posesi\u00f3n como obispo de esta nueva di\u00f3cesis?<br \/>\n<\/strong>Evidentemente, mi deseo es que sigamos creciendo, madurando y organiz\u00e1ndonos. Pero, sobre todo, debemos conservar nuestra mayor fuerza, que es la oraci\u00f3n. A veces nos sentimos un poco impotentes, pero el Se\u00f1or no nos deja solos: la Providencia Divina siempre nos ha acompa\u00f1ado. Por tanto, debemos proseguir con nuestra misi\u00f3n, sin descanso, para fomentar las vocaciones y ser portadores de esperanza para todos los que nos rodean.<\/p>\n<p><img loading=\"lazy\" decoding=\"async\" class=\"size-full wp-image-119099 alignnone\" src=\"https:\/\/exaudi.org\/wp-content\/uploads\/2025\/02\/ACN.jpg\" alt=\"\" width=\"1080\" height=\"1080\" srcset=\"https:\/\/exaudi.org\/wp-content\/uploads\/2025\/02\/ACN.jpg 1080w, https:\/\/exaudi.org\/wp-content\/uploads\/2025\/02\/ACN-300x300.jpg 300w, https:\/\/exaudi.org\/wp-content\/uploads\/2025\/02\/ACN-1024x1024.jpg 1024w, https:\/\/exaudi.org\/wp-content\/uploads\/2025\/02\/ACN-100x100.jpg?crop=1 100w, https:\/\/exaudi.org\/wp-content\/uploads\/2025\/02\/ACN-770x770.jpg 770w, https:\/\/exaudi.org\/wp-content\/uploads\/2025\/02\/ACN-500x500.jpg 500w, https:\/\/exaudi.org\/wp-content\/uploads\/2025\/02\/ACN-293x293.jpg 293w, https:\/\/exaudi.org\/wp-content\/uploads\/2025\/02\/ACN-390x390.jpg 390w, https:\/\/exaudi.org\/wp-content\/uploads\/2025\/02\/ACN-585x585.jpg 585w, https:\/\/exaudi.org\/wp-content\/uploads\/2025\/02\/ACN-900x900.jpg 900w\" sizes=\"auto, (max-width: 1080px) 100vw, 1080px\" \/><\/p>\n","protected":false},"excerpt":{"rendered":"<p>Estonia: El renacimiento de la Iglesia cat\u00f3lica<\/p>\n","protected":false},"author":89,"featured_media":119089,"comment_status":"closed","ping_status":"closed","sticky":false,"template":"","format":"standard","meta":{"_acf_changed":false,"_crdt_document":"","inline_featured_image":false,"footnotes":""},"categories":[108],"tags":[45455,13198,1462,45449,45450,45448,45440,45460,45444,45454,45438,45445,45459,6397,45447,45453,45452,45451,45439,45458,45443,45442,45457,45441,45456,45446,4953],"class_list":["post-119082","post","type-post","status-publish","format-standard","has-post-thumbnail","hentry","category-entrevistas","tag-administracion-apostolica-estonia","tag-aid-to-the-church-in-need-2","tag-ayuda-a-la-iglesia-necesitada-acn","tag-bautizos-en-estonia","tag-catecumenos-estonia","tag-catolicos-en-estonia","tag-comunidad-catolica-estonia","tag-diocesis-2024","tag-diocesis-de-tallinn","tag-ecumenismo-en-estonia","tag-estonia","tag-fe-en-estonia","tag-futuro-iglesia-catolica-estonia","tag-guerra-ucrania","tag-historia-catolica-estonia","tag-iglesia-catolica-postsovietica","tag-inmigrantes-estonia","tag-jovenes-catolicos-estonia","tag-mons-jordan","tag-mons-jourdan-entrevista","tag-obispo-philippe-jourdan","tag-primera-diocesis-estonia","tag-religiosidad-en-estonia","tag-renacimiento-iglesia-catolica-estonia","tag-rito-latino-y-oriental","tag-secularizacion-europa","tag-trending-es"],"acf":[],"yoast_head":"<!-- This site is optimized with the Yoast SEO plugin v27.5 - https:\/\/yoast.com\/product\/yoast-seo-wordpress\/ -->\n<title>Mons. Jordan, Estonia: &quot;La comunidad cat\u00f3lica no deja de crecer. En 1970 \u00e9ramos menos de una decena y ahora somos entre 7.000 y 10.000&quot; &#8211; Exaudi<\/title>\n<meta name=\"robots\" content=\"index, follow, max-snippet:-1, max-image-preview:large, max-video-preview:-1\" \/>\n<link rel=\"canonical\" href=\"https:\/\/exaudi.org\/es\/mons-jordan-estonia-la-comunidad-catolica-no-deja-de-crecer-en-1970-eramos-menos-de-una-decena-y-ahora-somos-entre-7-000-y-10-000\/\" \/>\n<meta property=\"og:locale\" content=\"es_ES\" \/>\n<meta property=\"og:type\" content=\"article\" \/>\n<meta property=\"og:title\" content=\"Mons. Jordan, Estonia: &quot;La comunidad cat\u00f3lica no deja de crecer. En 1970 \u00e9ramos menos de una decena y ahora somos entre 7.000 y 10.000&quot; &#8211; Exaudi\" \/>\n<meta property=\"og:description\" content=\"Estonia: El renacimiento de la Iglesia cat\u00f3lica\" \/>\n<meta property=\"og:url\" content=\"https:\/\/exaudi.org\/es\/mons-jordan-estonia-la-comunidad-catolica-no-deja-de-crecer-en-1970-eramos-menos-de-una-decena-y-ahora-somos-entre-7-000-y-10-000\/\" \/>\n<meta property=\"og:site_name\" content=\"Exaudi\" \/>\n<meta property=\"article:publisher\" content=\"https:\/\/www.facebook.com\/ExaudiNews\" \/>\n<meta property=\"article:author\" content=\"https:\/\/www.facebook.com\/ayudaalaiglesianecesitada\/?ref=ts\" \/>\n<meta property=\"article:published_time\" content=\"2025-02-13T07:00:42+00:00\" \/>\n<meta property=\"og:image\" content=\"https:\/\/exaudi.org\/wp-content\/uploads\/2025\/02\/ACN-20250203-180428.jpg\" \/>\n\t<meta property=\"og:image:width\" content=\"1200\" \/>\n\t<meta property=\"og:image:height\" content=\"800\" \/>\n\t<meta property=\"og:image:type\" content=\"image\/jpeg\" \/>\n<meta name=\"author\" content=\"Ayuda a la Iglesia Necesitada\" \/>\n<meta name=\"twitter:card\" content=\"summary_large_image\" \/>\n<meta name=\"twitter:creator\" content=\"@https:\/\/x.com\/AyudaIglesNeces\" \/>\n<meta name=\"twitter:site\" content=\"@Exaudi_News\" \/>\n<meta name=\"twitter:label1\" content=\"Escrito por\" \/>\n\t<meta name=\"twitter:data1\" content=\"Ayuda a la Iglesia Necesitada\" \/>\n\t<meta name=\"twitter:label2\" content=\"Tiempo de lectura\" \/>\n\t<meta name=\"twitter:data2\" content=\"4 minutos\" \/>\n<script type=\"application\/ld+json\" class=\"yoast-schema-graph\">{\"@context\":\"https:\\\/\\\/schema.org\",\"@graph\":[{\"@type\":\"Article\",\"@id\":\"https:\\\/\\\/exaudi.org\\\/es\\\/mons-jordan-estonia-la-comunidad-catolica-no-deja-de-crecer-en-1970-eramos-menos-de-una-decena-y-ahora-somos-entre-7-000-y-10-000\\\/#article\",\"isPartOf\":{\"@id\":\"https:\\\/\\\/exaudi.org\\\/es\\\/mons-jordan-estonia-la-comunidad-catolica-no-deja-de-crecer-en-1970-eramos-menos-de-una-decena-y-ahora-somos-entre-7-000-y-10-000\\\/\"},\"author\":{\"name\":\"Ayuda a la Iglesia Necesitada\",\"@id\":\"https:\\\/\\\/exaudi.org\\\/#\\\/schema\\\/person\\\/d4906ab3b6c174ffe37d722c51c73317\"},\"headline\":\"Mons. Jordan, Estonia: \u00abLa comunidad cat\u00f3lica no deja de crecer. En 1970 \u00e9ramos menos de una decena y ahora somos entre 7.000 y 10.000\u00bb\",\"datePublished\":\"2025-02-13T07:00:42+00:00\",\"mainEntityOfPage\":{\"@id\":\"https:\\\/\\\/exaudi.org\\\/es\\\/mons-jordan-estonia-la-comunidad-catolica-no-deja-de-crecer-en-1970-eramos-menos-de-una-decena-y-ahora-somos-entre-7-000-y-10-000\\\/\"},\"wordCount\":838,\"image\":{\"@id\":\"https:\\\/\\\/exaudi.org\\\/es\\\/mons-jordan-estonia-la-comunidad-catolica-no-deja-de-crecer-en-1970-eramos-menos-de-una-decena-y-ahora-somos-entre-7-000-y-10-000\\\/#primaryimage\"},\"thumbnailUrl\":\"https:\\\/\\\/exaudi.org\\\/wp-content\\\/uploads\\\/2025\\\/02\\\/ACN-20250203-180428.jpg\",\"keywords\":[\"administraci\u00f3n apost\u00f3lica estonia\",\"Aid to the Church in Need\",\"Ayuda a la Iglesia Necesitada (ACN)\",\"bautizos en estonia\",\"catec\u00famenos estonia\",\"cat\u00f3licos en estonia\",\"comunidad cat\u00f3lica estonia\",\"di\u00f3cesis 2024\",\"di\u00f3cesis de tallinn\",\"ecumenismo en estonia\",\"Estonia\",\"fe en estonia\",\"futuro iglesia cat\u00f3lica estonia\",\"Guerra Ucrania\",\"historia cat\u00f3lica estonia\",\"iglesia cat\u00f3lica postsovi\u00e9tica\",\"inmigrantes estonia\",\"j\u00f3venes cat\u00f3licos estonia\",\"mons jordan\",\"mons jourdan entrevista\",\"obispo philippe jourdan\",\"primera di\u00f3cesis estonia\",\"religiosidad en estonia\",\"renacimiento iglesia cat\u00f3lica estonia\",\"rito latino y oriental\",\"secularizaci\u00f3n europa\",\"Trending\"],\"articleSection\":[\"Entrevistas\"],\"inLanguage\":\"es\"},{\"@type\":\"WebPage\",\"@id\":\"https:\\\/\\\/exaudi.org\\\/es\\\/mons-jordan-estonia-la-comunidad-catolica-no-deja-de-crecer-en-1970-eramos-menos-de-una-decena-y-ahora-somos-entre-7-000-y-10-000\\\/\",\"url\":\"https:\\\/\\\/exaudi.org\\\/es\\\/mons-jordan-estonia-la-comunidad-catolica-no-deja-de-crecer-en-1970-eramos-menos-de-una-decena-y-ahora-somos-entre-7-000-y-10-000\\\/\",\"name\":\"Mons. Jordan, Estonia: \\\"La comunidad cat\u00f3lica no deja de crecer. En 1970 \u00e9ramos menos de una decena y ahora somos entre 7.000 y 10.000\\\" &#8211; Exaudi\",\"isPartOf\":{\"@id\":\"https:\\\/\\\/exaudi.org\\\/#website\"},\"primaryImageOfPage\":{\"@id\":\"https:\\\/\\\/exaudi.org\\\/es\\\/mons-jordan-estonia-la-comunidad-catolica-no-deja-de-crecer-en-1970-eramos-menos-de-una-decena-y-ahora-somos-entre-7-000-y-10-000\\\/#primaryimage\"},\"image\":{\"@id\":\"https:\\\/\\\/exaudi.org\\\/es\\\/mons-jordan-estonia-la-comunidad-catolica-no-deja-de-crecer-en-1970-eramos-menos-de-una-decena-y-ahora-somos-entre-7-000-y-10-000\\\/#primaryimage\"},\"thumbnailUrl\":\"https:\\\/\\\/exaudi.org\\\/wp-content\\\/uploads\\\/2025\\\/02\\\/ACN-20250203-180428.jpg\",\"datePublished\":\"2025-02-13T07:00:42+00:00\",\"author\":{\"@id\":\"https:\\\/\\\/exaudi.org\\\/#\\\/schema\\\/person\\\/d4906ab3b6c174ffe37d722c51c73317\"},\"breadcrumb\":{\"@id\":\"https:\\\/\\\/exaudi.org\\\/es\\\/mons-jordan-estonia-la-comunidad-catolica-no-deja-de-crecer-en-1970-eramos-menos-de-una-decena-y-ahora-somos-entre-7-000-y-10-000\\\/#breadcrumb\"},\"inLanguage\":\"es\",\"potentialAction\":[{\"@type\":\"ReadAction\",\"target\":[\"https:\\\/\\\/exaudi.org\\\/es\\\/mons-jordan-estonia-la-comunidad-catolica-no-deja-de-crecer-en-1970-eramos-menos-de-una-decena-y-ahora-somos-entre-7-000-y-10-000\\\/\"]}]},{\"@type\":\"ImageObject\",\"inLanguage\":\"es\",\"@id\":\"https:\\\/\\\/exaudi.org\\\/es\\\/mons-jordan-estonia-la-comunidad-catolica-no-deja-de-crecer-en-1970-eramos-menos-de-una-decena-y-ahora-somos-entre-7-000-y-10-000\\\/#primaryimage\",\"url\":\"https:\\\/\\\/exaudi.org\\\/wp-content\\\/uploads\\\/2025\\\/02\\\/ACN-20250203-180428.jpg\",\"contentUrl\":\"https:\\\/\\\/exaudi.org\\\/wp-content\\\/uploads\\\/2025\\\/02\\\/ACN-20250203-180428.jpg\",\"width\":1200,\"height\":800,\"caption\":\"Bishoph Philippe Jourdan, bishop of Tallinn, first catholic diocese in Estonia. NOTE: Please use with credit to: Diocese of Tallinn\"},{\"@type\":\"BreadcrumbList\",\"@id\":\"https:\\\/\\\/exaudi.org\\\/es\\\/mons-jordan-estonia-la-comunidad-catolica-no-deja-de-crecer-en-1970-eramos-menos-de-una-decena-y-ahora-somos-entre-7-000-y-10-000\\\/#breadcrumb\",\"itemListElement\":[{\"@type\":\"ListItem\",\"position\":1,\"name\":\"Portada\",\"item\":\"https:\\\/\\\/exaudi.org\\\/es\\\/\"},{\"@type\":\"ListItem\",\"position\":2,\"name\":\"Mons. Jordan, Estonia: \u00abLa comunidad cat\u00f3lica no deja de crecer. En 1970 \u00e9ramos menos de una decena y ahora somos entre 7.000 y 10.000\u00bb\"}]},{\"@type\":\"WebSite\",\"@id\":\"https:\\\/\\\/exaudi.org\\\/#website\",\"url\":\"https:\\\/\\\/exaudi.org\\\/\",\"name\":\"Exaudi\",\"description\":\"News\",\"potentialAction\":[{\"@type\":\"SearchAction\",\"target\":{\"@type\":\"EntryPoint\",\"urlTemplate\":\"https:\\\/\\\/exaudi.org\\\/?s={search_term_string}\"},\"query-input\":{\"@type\":\"PropertyValueSpecification\",\"valueRequired\":true,\"valueName\":\"search_term_string\"}}],\"inLanguage\":\"es\"},{\"@type\":\"Person\",\"@id\":\"https:\\\/\\\/exaudi.org\\\/#\\\/schema\\\/person\\\/d4906ab3b6c174ffe37d722c51c73317\",\"name\":\"Ayuda a la Iglesia Necesitada\",\"image\":{\"@type\":\"ImageObject\",\"inLanguage\":\"es\",\"@id\":\"https:\\\/\\\/secure.gravatar.com\\\/avatar\\\/18b646e6575a46729bc25d1c374d5965acb9854728a2929ada390e85905160db?s=96&d=mm&r=g\",\"url\":\"https:\\\/\\\/secure.gravatar.com\\\/avatar\\\/18b646e6575a46729bc25d1c374d5965acb9854728a2929ada390e85905160db?s=96&d=mm&r=g\",\"contentUrl\":\"https:\\\/\\\/secure.gravatar.com\\\/avatar\\\/18b646e6575a46729bc25d1c374d5965acb9854728a2929ada390e85905160db?s=96&d=mm&r=g\",\"caption\":\"Ayuda a la Iglesia Necesitada\"},\"description\":\"Ayuda a la Iglesia Necesitada (ACN) es la Fundaci\u00f3n Pontificia que apoya a la Iglesia cat\u00f3lica en su labor evangelizadora en las comunidades m\u00e1s necesitadas, discriminadas y perseguidas del mundo. Cada a\u00f1o, ACN financia m\u00e1s de 5.000 proyectos pastorales y de emergencia humanitaria en m\u00e1s de 130 pa\u00edses. Cuenta con m\u00e1s de 20 oficinas en el mundo (en Espa\u00f1a desde 1965), dedicadas a informar sobre la realidad de estos cristianos; al fomento de la oraci\u00f3n, y a la recaudaci\u00f3n de fondos para la cobertura de proyectos. El 100% de los proyectos que desarrolla ACN se sostienen gracias a los donativos de personas f\u00edsicas u organizaciones que valoran la labor de la Iglesia en el mundo. La Fundaci\u00f3n no recibe subvenciones de organismos p\u00fablicos.\",\"sameAs\":[\"https:\\\/\\\/www.facebook.com\\\/ayudaalaiglesianecesitada\\\/?ref=ts\",\"https:\\\/\\\/www.instagram.com\\\/ayudaiglesianecesitada\\\/\",\"https:\\\/\\\/x.com\\\/https:\\\/\\\/x.com\\\/AyudaIglesNeces\",\"https:\\\/\\\/www.youtube.com\\\/user\\\/AINorg\"],\"url\":\"https:\\\/\\\/exaudi.org\\\/es\\\/author\\\/ayudaalaiglesianecesitada\\\/\"}]}<\/script>\n<!-- \/ Yoast SEO plugin. -->","yoast_head_json":{"title":"Mons. Jordan, Estonia: \"La comunidad cat\u00f3lica no deja de crecer. En 1970 \u00e9ramos menos de una decena y ahora somos entre 7.000 y 10.000\" &#8211; Exaudi","robots":{"index":"index","follow":"follow","max-snippet":"max-snippet:-1","max-image-preview":"max-image-preview:large","max-video-preview":"max-video-preview:-1"},"canonical":"https:\/\/exaudi.org\/es\/mons-jordan-estonia-la-comunidad-catolica-no-deja-de-crecer-en-1970-eramos-menos-de-una-decena-y-ahora-somos-entre-7-000-y-10-000\/","og_locale":"es_ES","og_type":"article","og_title":"Mons. Jordan, Estonia: \"La comunidad cat\u00f3lica no deja de crecer. En 1970 \u00e9ramos menos de una decena y ahora somos entre 7.000 y 10.000\" &#8211; Exaudi","og_description":"Estonia: El renacimiento de la Iglesia cat\u00f3lica","og_url":"https:\/\/exaudi.org\/es\/mons-jordan-estonia-la-comunidad-catolica-no-deja-de-crecer-en-1970-eramos-menos-de-una-decena-y-ahora-somos-entre-7-000-y-10-000\/","og_site_name":"Exaudi","article_publisher":"https:\/\/www.facebook.com\/ExaudiNews","article_author":"https:\/\/www.facebook.com\/ayudaalaiglesianecesitada\/?ref=ts","article_published_time":"2025-02-13T07:00:42+00:00","og_image":[{"width":1200,"height":800,"url":"https:\/\/exaudi.org\/wp-content\/uploads\/2025\/02\/ACN-20250203-180428.jpg","type":"image\/jpeg"}],"author":"Ayuda a la Iglesia Necesitada","twitter_card":"summary_large_image","twitter_creator":"@https:\/\/x.com\/AyudaIglesNeces","twitter_site":"@Exaudi_News","twitter_misc":{"Escrito por":"Ayuda a la Iglesia Necesitada","Tiempo de lectura":"4 minutos"},"schema":{"@context":"https:\/\/schema.org","@graph":[{"@type":"Article","@id":"https:\/\/exaudi.org\/es\/mons-jordan-estonia-la-comunidad-catolica-no-deja-de-crecer-en-1970-eramos-menos-de-una-decena-y-ahora-somos-entre-7-000-y-10-000\/#article","isPartOf":{"@id":"https:\/\/exaudi.org\/es\/mons-jordan-estonia-la-comunidad-catolica-no-deja-de-crecer-en-1970-eramos-menos-de-una-decena-y-ahora-somos-entre-7-000-y-10-000\/"},"author":{"name":"Ayuda a la Iglesia Necesitada","@id":"https:\/\/exaudi.org\/#\/schema\/person\/d4906ab3b6c174ffe37d722c51c73317"},"headline":"Mons. Jordan, Estonia: \u00abLa comunidad cat\u00f3lica no deja de crecer. En 1970 \u00e9ramos menos de una decena y ahora somos entre 7.000 y 10.000\u00bb","datePublished":"2025-02-13T07:00:42+00:00","mainEntityOfPage":{"@id":"https:\/\/exaudi.org\/es\/mons-jordan-estonia-la-comunidad-catolica-no-deja-de-crecer-en-1970-eramos-menos-de-una-decena-y-ahora-somos-entre-7-000-y-10-000\/"},"wordCount":838,"image":{"@id":"https:\/\/exaudi.org\/es\/mons-jordan-estonia-la-comunidad-catolica-no-deja-de-crecer-en-1970-eramos-menos-de-una-decena-y-ahora-somos-entre-7-000-y-10-000\/#primaryimage"},"thumbnailUrl":"https:\/\/exaudi.org\/wp-content\/uploads\/2025\/02\/ACN-20250203-180428.jpg","keywords":["administraci\u00f3n apost\u00f3lica estonia","Aid to the Church in Need","Ayuda a la Iglesia Necesitada (ACN)","bautizos en estonia","catec\u00famenos estonia","cat\u00f3licos en estonia","comunidad cat\u00f3lica estonia","di\u00f3cesis 2024","di\u00f3cesis de tallinn","ecumenismo en estonia","Estonia","fe en estonia","futuro iglesia cat\u00f3lica estonia","Guerra Ucrania","historia cat\u00f3lica estonia","iglesia cat\u00f3lica postsovi\u00e9tica","inmigrantes estonia","j\u00f3venes cat\u00f3licos estonia","mons jordan","mons jourdan entrevista","obispo philippe jourdan","primera di\u00f3cesis estonia","religiosidad en estonia","renacimiento iglesia cat\u00f3lica estonia","rito latino y oriental","secularizaci\u00f3n europa","Trending"],"articleSection":["Entrevistas"],"inLanguage":"es"},{"@type":"WebPage","@id":"https:\/\/exaudi.org\/es\/mons-jordan-estonia-la-comunidad-catolica-no-deja-de-crecer-en-1970-eramos-menos-de-una-decena-y-ahora-somos-entre-7-000-y-10-000\/","url":"https:\/\/exaudi.org\/es\/mons-jordan-estonia-la-comunidad-catolica-no-deja-de-crecer-en-1970-eramos-menos-de-una-decena-y-ahora-somos-entre-7-000-y-10-000\/","name":"Mons. Jordan, Estonia: \"La comunidad cat\u00f3lica no deja de crecer. En 1970 \u00e9ramos menos de una decena y ahora somos entre 7.000 y 10.000\" &#8211; Exaudi","isPartOf":{"@id":"https:\/\/exaudi.org\/#website"},"primaryImageOfPage":{"@id":"https:\/\/exaudi.org\/es\/mons-jordan-estonia-la-comunidad-catolica-no-deja-de-crecer-en-1970-eramos-menos-de-una-decena-y-ahora-somos-entre-7-000-y-10-000\/#primaryimage"},"image":{"@id":"https:\/\/exaudi.org\/es\/mons-jordan-estonia-la-comunidad-catolica-no-deja-de-crecer-en-1970-eramos-menos-de-una-decena-y-ahora-somos-entre-7-000-y-10-000\/#primaryimage"},"thumbnailUrl":"https:\/\/exaudi.org\/wp-content\/uploads\/2025\/02\/ACN-20250203-180428.jpg","datePublished":"2025-02-13T07:00:42+00:00","author":{"@id":"https:\/\/exaudi.org\/#\/schema\/person\/d4906ab3b6c174ffe37d722c51c73317"},"breadcrumb":{"@id":"https:\/\/exaudi.org\/es\/mons-jordan-estonia-la-comunidad-catolica-no-deja-de-crecer-en-1970-eramos-menos-de-una-decena-y-ahora-somos-entre-7-000-y-10-000\/#breadcrumb"},"inLanguage":"es","potentialAction":[{"@type":"ReadAction","target":["https:\/\/exaudi.org\/es\/mons-jordan-estonia-la-comunidad-catolica-no-deja-de-crecer-en-1970-eramos-menos-de-una-decena-y-ahora-somos-entre-7-000-y-10-000\/"]}]},{"@type":"ImageObject","inLanguage":"es","@id":"https:\/\/exaudi.org\/es\/mons-jordan-estonia-la-comunidad-catolica-no-deja-de-crecer-en-1970-eramos-menos-de-una-decena-y-ahora-somos-entre-7-000-y-10-000\/#primaryimage","url":"https:\/\/exaudi.org\/wp-content\/uploads\/2025\/02\/ACN-20250203-180428.jpg","contentUrl":"https:\/\/exaudi.org\/wp-content\/uploads\/2025\/02\/ACN-20250203-180428.jpg","width":1200,"height":800,"caption":"Bishoph Philippe Jourdan, bishop of Tallinn, first catholic diocese in Estonia. NOTE: Please use with credit to: Diocese of Tallinn"},{"@type":"BreadcrumbList","@id":"https:\/\/exaudi.org\/es\/mons-jordan-estonia-la-comunidad-catolica-no-deja-de-crecer-en-1970-eramos-menos-de-una-decena-y-ahora-somos-entre-7-000-y-10-000\/#breadcrumb","itemListElement":[{"@type":"ListItem","position":1,"name":"Portada","item":"https:\/\/exaudi.org\/es\/"},{"@type":"ListItem","position":2,"name":"Mons. Jordan, Estonia: \u00abLa comunidad cat\u00f3lica no deja de crecer. En 1970 \u00e9ramos menos de una decena y ahora somos entre 7.000 y 10.000\u00bb"}]},{"@type":"WebSite","@id":"https:\/\/exaudi.org\/#website","url":"https:\/\/exaudi.org\/","name":"Exaudi","description":"News","potentialAction":[{"@type":"SearchAction","target":{"@type":"EntryPoint","urlTemplate":"https:\/\/exaudi.org\/?s={search_term_string}"},"query-input":{"@type":"PropertyValueSpecification","valueRequired":true,"valueName":"search_term_string"}}],"inLanguage":"es"},{"@type":"Person","@id":"https:\/\/exaudi.org\/#\/schema\/person\/d4906ab3b6c174ffe37d722c51c73317","name":"Ayuda a la Iglesia Necesitada","image":{"@type":"ImageObject","inLanguage":"es","@id":"https:\/\/secure.gravatar.com\/avatar\/18b646e6575a46729bc25d1c374d5965acb9854728a2929ada390e85905160db?s=96&d=mm&r=g","url":"https:\/\/secure.gravatar.com\/avatar\/18b646e6575a46729bc25d1c374d5965acb9854728a2929ada390e85905160db?s=96&d=mm&r=g","contentUrl":"https:\/\/secure.gravatar.com\/avatar\/18b646e6575a46729bc25d1c374d5965acb9854728a2929ada390e85905160db?s=96&d=mm&r=g","caption":"Ayuda a la Iglesia Necesitada"},"description":"Ayuda a la Iglesia Necesitada (ACN) es la Fundaci\u00f3n Pontificia que apoya a la Iglesia cat\u00f3lica en su labor evangelizadora en las comunidades m\u00e1s necesitadas, discriminadas y perseguidas del mundo. Cada a\u00f1o, ACN financia m\u00e1s de 5.000 proyectos pastorales y de emergencia humanitaria en m\u00e1s de 130 pa\u00edses. Cuenta con m\u00e1s de 20 oficinas en el mundo (en Espa\u00f1a desde 1965), dedicadas a informar sobre la realidad de estos cristianos; al fomento de la oraci\u00f3n, y a la recaudaci\u00f3n de fondos para la cobertura de proyectos. El 100% de los proyectos que desarrolla ACN se sostienen gracias a los donativos de personas f\u00edsicas u organizaciones que valoran la labor de la Iglesia en el mundo. La Fundaci\u00f3n no recibe subvenciones de organismos p\u00fablicos.","sameAs":["https:\/\/www.facebook.com\/ayudaalaiglesianecesitada\/?ref=ts","https:\/\/www.instagram.com\/ayudaiglesianecesitada\/","https:\/\/x.com\/https:\/\/x.com\/AyudaIglesNeces","https:\/\/www.youtube.com\/user\/AINorg"],"url":"https:\/\/exaudi.org\/es\/author\/ayudaalaiglesianecesitada\/"}]}},"jetpack_featured_media_url":"https:\/\/exaudi.org\/wp-content\/uploads\/2025\/02\/ACN-20250203-180428.jpg","jetpack_shortlink":"https:\/\/wp.me\/pgKjF2-uYG","_links":{"self":[{"href":"https:\/\/exaudi.org\/es\/wp-json\/wp\/v2\/posts\/119082","targetHints":{"allow":["GET"]}}],"collection":[{"href":"https:\/\/exaudi.org\/es\/wp-json\/wp\/v2\/posts"}],"about":[{"href":"https:\/\/exaudi.org\/es\/wp-json\/wp\/v2\/types\/post"}],"author":[{"embeddable":true,"href":"https:\/\/exaudi.org\/es\/wp-json\/wp\/v2\/users\/89"}],"replies":[{"embeddable":true,"href":"https:\/\/exaudi.org\/es\/wp-json\/wp\/v2\/comments?post=119082"}],"version-history":[{"count":0,"href":"https:\/\/exaudi.org\/es\/wp-json\/wp\/v2\/posts\/119082\/revisions"}],"wp:featuredmedia":[{"embeddable":true,"href":"https:\/\/exaudi.org\/es\/wp-json\/wp\/v2\/media\/119089"}],"wp:attachment":[{"href":"https:\/\/exaudi.org\/es\/wp-json\/wp\/v2\/media?parent=119082"}],"wp:term":[{"taxonomy":"category","embeddable":true,"href":"https:\/\/exaudi.org\/es\/wp-json\/wp\/v2\/categories?post=119082"},{"taxonomy":"post_tag","embeddable":true,"href":"https:\/\/exaudi.org\/es\/wp-json\/wp\/v2\/tags?post=119082"}],"curies":[{"name":"wp","href":"https:\/\/api.w.org\/{rel}","templated":true}]}}