{"id":119063,"date":"2025-02-12T13:01:51","date_gmt":"2025-02-12T12:01:51","guid":{"rendered":"https:\/\/exaudi.org\/?p=119063"},"modified":"2025-02-12T15:38:48","modified_gmt":"2025-02-12T14:38:48","slug":"carlo-acutis-autopista-hacia-el-cielo-el-musical-en-ondara-alicante","status":"publish","type":"post","link":"https:\/\/exaudi.org\/es\/carlo-acutis-autopista-hacia-el-cielo-el-musical-en-ondara-alicante\/","title":{"rendered":"\u00abCARLO ACUTIS &#8211; Autopista Hacia el Cielo, El Musical\u00bb en Ondara, Alicante"},"content":{"rendered":"<p data-start=\"109\" data-end=\"564\">El pr\u00f3ximo 23 de febrero, Ondara, Alicante, ser\u00e1 testigo de una experiencia \u00fanica con el estreno de <strong data-start=\"209\" data-end=\"264\">CARLO ACUTIS &#8211; Autopista Hacia el Cielo, El Musical<\/strong>. Esta espectacular producci\u00f3n, a cargo de los alumnos del Grado de Artes Esc\u00e9nicas de la <strong data-start=\"354\" data-end=\"387\">Talitha Cumi School of Artist<\/strong>, rinde homenaje a la vida y legado del beato Carlo Acutis, quien, a pesar de su corta vida, dej\u00f3 una huella imborrable en el coraz\u00f3n de los j\u00f3venes cristianos de todo el mundo.<\/p>\n<p data-start=\"109\" data-end=\"564\"><img loading=\"lazy\" decoding=\"async\" class=\"size-full wp-image-119064 alignnone\" src=\"https:\/\/exaudi.org\/wp-content\/uploads\/2025\/02\/Carlo-Acutis-Musical.jpg\" alt=\"Carlo Acutis Musical\" width=\"1400\" height=\"222\" srcset=\"https:\/\/exaudi.org\/wp-content\/uploads\/2025\/02\/Carlo-Acutis-Musical.jpg 1400w, https:\/\/exaudi.org\/wp-content\/uploads\/2025\/02\/Carlo-Acutis-Musical-300x48.jpg 300w, https:\/\/exaudi.org\/wp-content\/uploads\/2025\/02\/Carlo-Acutis-Musical-1024x162.jpg 1024w, https:\/\/exaudi.org\/wp-content\/uploads\/2025\/02\/Carlo-Acutis-Musical-770x122.jpg 770w, https:\/\/exaudi.org\/wp-content\/uploads\/2025\/02\/Carlo-Acutis-Musical-500x79.jpg 500w, https:\/\/exaudi.org\/wp-content\/uploads\/2025\/02\/Carlo-Acutis-Musical-293x46.jpg 293w, https:\/\/exaudi.org\/wp-content\/uploads\/2025\/02\/Carlo-Acutis-Musical-390x62.jpg 390w\" sizes=\"auto, (max-width: 1400px) 100vw, 1400px\" \/><\/p>\n<h3 data-start=\"566\" data-end=\"610\"><strong data-start=\"566\" data-end=\"610\">Un musical con mensaje de fe y esperanza<\/strong><\/h3>\n<p data-start=\"612\" data-end=\"1073\">Inspirado en la historia de este joven apasionado por la tecnolog\u00eda y la devoci\u00f3n a la Eucarist\u00eda, el musical promete cautivar a todos los asistentes, llevando al p\u00fablico a un viaje emocional por los valores que definieron a Carlo: fe, sencillez y un amor profundo por Jes\u00fas. La obra refleja su capacidad para encontrar en lo cotidiano un veh\u00edculo para acercarse a Dios, demostrando que la santidad no es solo para unos pocos, sino que est\u00e1 al alcance de todos.<\/p>\n<h3 data-start=\"1075\" data-end=\"1103\"><strong data-start=\"1075\" data-end=\"1103\">Gran acogida del p\u00fablico<\/strong><\/h3>\n<p data-start=\"1105\" data-end=\"1618\">La anticipaci\u00f3n para este evento ha sido tan grande que la funci\u00f3n de las 19:30 ha agotado todas sus entradas en tiempo r\u00e9cord. Para satisfacer la demanda del p\u00fablico, se ha a\u00f1adido una segunda sesi\u00f3n a las 17:00hrs, asegurando que m\u00e1s personas puedan disfrutar de este musical tan especial. La puesta en escena, la m\u00fasica y el mensaje de esperanza que transmite la historia de Carlo Acutis no dejar\u00e1 indiferente a nadie, y es una oportunidad \u00fanica para vivir una experiencia teatral llena de emoci\u00f3n y reflexi\u00f3n.<\/p>\n<h3 data-start=\"1620\" data-end=\"1659\"><strong data-start=\"1620\" data-end=\"1659\">Un proyecto educativo con prop\u00f3sito<\/strong><\/h3>\n<p data-start=\"1661\" data-end=\"2186\">Este musical no solo es una obra de teatro, sino tambi\u00e9n una manifestaci\u00f3n del esfuerzo y talento de los estudiantes de Talitha Cumi School of Artist. Cada uno de ellos ha trabajado incansablemente para dar vida a este proyecto, en el que la formaci\u00f3n en las artes esc\u00e9nicas se combina con la transmisi\u00f3n de valores cristianos profundos. Los j\u00f3venes artistas han trabajado bajo la direcci\u00f3n de un equipo comprometido que ha guiado a los alumnos para crear una obra que, m\u00e1s all\u00e1 de ser un espect\u00e1culo, es un testimonio de fe.<\/p>\n<h3 data-start=\"2188\" data-end=\"2211\"><strong data-start=\"2188\" data-end=\"2211\">Una cita imperdible<\/strong><\/h3>\n<p data-start=\"2213\" data-end=\"2542\">El estreno de <strong data-start=\"2227\" data-end=\"2282\">CARLO ACUTIS &#8211; Autopista Hacia el Cielo, El Musical<\/strong> es una oportunidad para disfrutar de una producci\u00f3n vibrante, llena de talento, emoci\u00f3n y espiritualidad. Ser\u00e1 una ocasi\u00f3n para conocer m\u00e1s acerca de la vida de Carlo Acutis y para reflexionar sobre c\u00f3mo su ejemplo puede inspirarnos en nuestra vida cotidiana.<\/p>\n<h3 data-start=\"2544\" data-end=\"2566\"><strong data-start=\"2544\" data-end=\"2564\">Fecha y Horarios<\/strong><\/h3>\n<ul data-start=\"2567\" data-end=\"2667\">\n<li data-start=\"2567\" data-end=\"2597\"><strong data-start=\"2569\" data-end=\"2581\">Estreno:<\/strong> 23 de febrero<\/li>\n<li data-start=\"2598\" data-end=\"2667\"><strong data-start=\"2600\" data-end=\"2613\">Sesiones:<\/strong> 17:00hrs (nueva funci\u00f3n a\u00f1adida) y 19:30hrs (agotada)<\/li>\n<\/ul>\n<p data-start=\"2669\" data-end=\"2806\" data-is-last-node=\"\">La cita ser\u00e1 en Ondara, Alicante, y las entradas est\u00e1n disponibles para quienes deseen disfrutar de este evento \u00fanico. \u00a1No te lo pierdas!<\/p>\n<h3 data-start=\"2669\" data-end=\"2806\"><strong>Entrevistas realizadas por <a href=\"https:\/\/welcomedtv.es\/\" target=\"_blank\" rel=\"noopener\">Welcome DTV<\/a>:<\/strong><\/h3>\n<div style=\"width: 1280px;\" class=\"wp-video\"><video class=\"wp-video-shortcode\" id=\"video-119063-1\" width=\"1280\" height=\"720\" preload=\"metadata\" controls=\"controls\"><source type=\"video\/mp4\" src=\"https:\/\/exaudi.org\/wp-content\/uploads\/2025\/02\/Parte-1-1-1.mp4?_=1\" \/><a href=\"https:\/\/exaudi.org\/wp-content\/uploads\/2025\/02\/Parte-1-1-1.mp4\">https:\/\/exaudi.org\/wp-content\/uploads\/2025\/02\/Parte-1-1-1.mp4<\/a><\/video><\/div>\n<div style=\"width: 1280px;\" class=\"wp-video\"><video class=\"wp-video-shortcode\" id=\"video-119063-2\" width=\"1280\" height=\"720\" preload=\"metadata\" controls=\"controls\"><source type=\"video\/mp4\" src=\"https:\/\/exaudi.org\/wp-content\/uploads\/2025\/02\/Parte-2-1-1.mp4?_=2\" \/><a href=\"https:\/\/exaudi.org\/wp-content\/uploads\/2025\/02\/Parte-2-1-1.mp4\">https:\/\/exaudi.org\/wp-content\/uploads\/2025\/02\/Parte-2-1-1.mp4<\/a><\/video><\/div>\n<p data-start=\"2669\" data-end=\"2806\" data-is-last-node=\"\"><img loading=\"lazy\" decoding=\"async\" class=\"size-full wp-image-119067 alignnone\" src=\"https:\/\/exaudi.org\/wp-content\/uploads\/2025\/02\/WhatsApp-Image-2025-02-11-at-21.19.00.jpeg\" alt=\"\" width=\"1131\" height=\"1600\" \/><\/p>\n","protected":false},"excerpt":{"rendered":"<p>Una Producci\u00f3n de Talitha Cumi School of Artist<\/p>\n","protected":false},"author":15,"featured_media":119067,"comment_status":"closed","ping_status":"closed","sticky":false,"template":"","format":"standard","meta":{"_acf_changed":false,"_crdt_document":"","inline_featured_image":false,"footnotes":""},"categories":[74],"tags":[11960,45423,32920,20475,2673,45426,45429,45424,45420,45427,45431,45421,23624,19255,20476,45425,45419,45433,45432,45430,45418,45422,45428,4953,19540],"class_list":["post-119063","post","type-post","status-publish","format-standard","has-post-thumbnail","hentry","category-iglesia-y-mundo","tag-alicante","tag-arte-escenicas","tag-arte-y-fe","tag-autopista-hacia-el-cielo","tag-carlo-acutis","tag-carlo-acutis-biografia","tag-educacion-artistica","tag-espectaculo-de-fe","tag-estreno-musical","tag-evento-cristiano","tag-evento-en-alicante","tag-jovenes-cristianos","tag-mensaje-de-esperanza","tag-musica-cristiana","tag-musical","tag-musical-religioso","tag-ondara","tag-segunda-sesion-musical","tag-sesion-agotada","tag-talento-juvenil","tag-talitha-cumi-school-of-artist","tag-teatro-cristiano","tag-teatro-para-jovenes","tag-trending-es","tag-valores-cristianos"],"acf":[],"yoast_head":"<!-- This site is optimized with the Yoast SEO plugin v27.4 - https:\/\/yoast.com\/product\/yoast-seo-wordpress\/ -->\n<title>&quot;CARLO ACUTIS - Autopista Hacia el Cielo, El Musical&quot; en Ondara, Alicante &#8211; Exaudi<\/title>\n<meta name=\"robots\" content=\"index, follow, max-snippet:-1, max-image-preview:large, max-video-preview:-1\" \/>\n<link rel=\"canonical\" href=\"https:\/\/exaudi.org\/es\/carlo-acutis-autopista-hacia-el-cielo-el-musical-en-ondara-alicante\/\" \/>\n<meta property=\"og:locale\" content=\"es_ES\" \/>\n<meta property=\"og:type\" content=\"article\" \/>\n<meta property=\"og:title\" content=\"&quot;CARLO ACUTIS - Autopista Hacia el Cielo, El Musical&quot; en Ondara, Alicante &#8211; Exaudi\" \/>\n<meta property=\"og:description\" content=\"Una Producci\u00f3n de Talitha Cumi School of Artist\" \/>\n<meta property=\"og:url\" content=\"https:\/\/exaudi.org\/es\/carlo-acutis-autopista-hacia-el-cielo-el-musical-en-ondara-alicante\/\" \/>\n<meta property=\"og:site_name\" content=\"Exaudi\" \/>\n<meta property=\"article:publisher\" content=\"https:\/\/www.facebook.com\/ExaudiNews\" \/>\n<meta property=\"article:author\" content=\"https:\/\/www.facebook.com\/ExaudiNoticias\/\" \/>\n<meta property=\"article:published_time\" content=\"2025-02-12T12:01:51+00:00\" \/>\n<meta property=\"article:modified_time\" content=\"2025-02-12T14:38:48+00:00\" \/>\n<meta property=\"og:image\" content=\"https:\/\/exaudi.org\/wp-content\/uploads\/2025\/02\/WhatsApp-Image-2025-02-11-at-21.19.00-e1739360405671.jpeg\" \/>\n\t<meta property=\"og:image:width\" content=\"1128\" \/>\n\t<meta property=\"og:image:height\" content=\"835\" \/>\n\t<meta property=\"og:image:type\" content=\"image\/jpeg\" \/>\n<meta name=\"author\" content=\"Exaudi Redacci\u00f3n\" \/>\n<meta name=\"twitter:card\" content=\"summary_large_image\" \/>\n<meta name=\"twitter:creator\" content=\"@Exaudi_noticias\" \/>\n<meta name=\"twitter:site\" content=\"@Exaudi_News\" \/>\n<meta name=\"twitter:label1\" content=\"Escrito por\" \/>\n\t<meta name=\"twitter:data1\" content=\"Exaudi Redacci\u00f3n\" \/>\n\t<meta name=\"twitter:label2\" content=\"Tiempo de lectura\" \/>\n\t<meta name=\"twitter:data2\" content=\"3 minutos\" \/>\n<script type=\"application\/ld+json\" class=\"yoast-schema-graph\">{\"@context\":\"https:\\\/\\\/schema.org\",\"@graph\":[{\"@type\":\"Article\",\"@id\":\"https:\\\/\\\/exaudi.org\\\/es\\\/carlo-acutis-autopista-hacia-el-cielo-el-musical-en-ondara-alicante\\\/#article\",\"isPartOf\":{\"@id\":\"https:\\\/\\\/exaudi.org\\\/es\\\/carlo-acutis-autopista-hacia-el-cielo-el-musical-en-ondara-alicante\\\/\"},\"author\":{\"name\":\"Exaudi Redacci\u00f3n\",\"@id\":\"https:\\\/\\\/exaudi.org\\\/#\\\/schema\\\/person\\\/f5fc8f063065e38742da7afe15f25df7\"},\"headline\":\"\u00abCARLO ACUTIS &#8211; Autopista Hacia el Cielo, El Musical\u00bb en Ondara, Alicante\",\"datePublished\":\"2025-02-12T12:01:51+00:00\",\"dateModified\":\"2025-02-12T14:38:48+00:00\",\"mainEntityOfPage\":{\"@id\":\"https:\\\/\\\/exaudi.org\\\/es\\\/carlo-acutis-autopista-hacia-el-cielo-el-musical-en-ondara-alicante\\\/\"},\"wordCount\":530,\"image\":{\"@id\":\"https:\\\/\\\/exaudi.org\\\/es\\\/carlo-acutis-autopista-hacia-el-cielo-el-musical-en-ondara-alicante\\\/#primaryimage\"},\"thumbnailUrl\":\"https:\\\/\\\/exaudi.org\\\/wp-content\\\/uploads\\\/2025\\\/02\\\/WhatsApp-Image-2025-02-11-at-21.19.00-e1739360405671.jpeg\",\"keywords\":[\"Alicante\",\"arte esc\u00e9nicas\",\"Arte y fe\",\"Autopista hacia el cielo\",\"Carlo Acutis\",\"Carlo Acutis biograf\u00eda\",\"educaci\u00f3n art\u00edstica\",\"espect\u00e1culo de fe\",\"estreno musical\",\"evento cristiano\",\"evento en Alicante\",\"j\u00f3venes cristianos\",\"Mensaje de esperanza\",\"M\u00fasica Cristiana\",\"musical\",\"musical religioso\",\"Ondara\",\"segunda sesi\u00f3n musical\",\"sesi\u00f3n agotada\",\"talento juvenil\",\"Talitha Cumi School of Artist\",\"teatro cristiano\",\"teatro para j\u00f3venes\",\"Trending\",\"valores cristianos\"],\"articleSection\":[\"Iglesia y Mundo\"],\"inLanguage\":\"es\"},{\"@type\":\"WebPage\",\"@id\":\"https:\\\/\\\/exaudi.org\\\/es\\\/carlo-acutis-autopista-hacia-el-cielo-el-musical-en-ondara-alicante\\\/\",\"url\":\"https:\\\/\\\/exaudi.org\\\/es\\\/carlo-acutis-autopista-hacia-el-cielo-el-musical-en-ondara-alicante\\\/\",\"name\":\"\\\"CARLO ACUTIS - Autopista Hacia el Cielo, El Musical\\\" en Ondara, Alicante &#8211; Exaudi\",\"isPartOf\":{\"@id\":\"https:\\\/\\\/exaudi.org\\\/#website\"},\"primaryImageOfPage\":{\"@id\":\"https:\\\/\\\/exaudi.org\\\/es\\\/carlo-acutis-autopista-hacia-el-cielo-el-musical-en-ondara-alicante\\\/#primaryimage\"},\"image\":{\"@id\":\"https:\\\/\\\/exaudi.org\\\/es\\\/carlo-acutis-autopista-hacia-el-cielo-el-musical-en-ondara-alicante\\\/#primaryimage\"},\"thumbnailUrl\":\"https:\\\/\\\/exaudi.org\\\/wp-content\\\/uploads\\\/2025\\\/02\\\/WhatsApp-Image-2025-02-11-at-21.19.00-e1739360405671.jpeg\",\"datePublished\":\"2025-02-12T12:01:51+00:00\",\"dateModified\":\"2025-02-12T14:38:48+00:00\",\"author\":{\"@id\":\"https:\\\/\\\/exaudi.org\\\/#\\\/schema\\\/person\\\/f5fc8f063065e38742da7afe15f25df7\"},\"breadcrumb\":{\"@id\":\"https:\\\/\\\/exaudi.org\\\/es\\\/carlo-acutis-autopista-hacia-el-cielo-el-musical-en-ondara-alicante\\\/#breadcrumb\"},\"inLanguage\":\"es\",\"potentialAction\":[{\"@type\":\"ReadAction\",\"target\":[\"https:\\\/\\\/exaudi.org\\\/es\\\/carlo-acutis-autopista-hacia-el-cielo-el-musical-en-ondara-alicante\\\/\"]}]},{\"@type\":\"ImageObject\",\"inLanguage\":\"es\",\"@id\":\"https:\\\/\\\/exaudi.org\\\/es\\\/carlo-acutis-autopista-hacia-el-cielo-el-musical-en-ondara-alicante\\\/#primaryimage\",\"url\":\"https:\\\/\\\/exaudi.org\\\/wp-content\\\/uploads\\\/2025\\\/02\\\/WhatsApp-Image-2025-02-11-at-21.19.00-e1739360405671.jpeg\",\"contentUrl\":\"https:\\\/\\\/exaudi.org\\\/wp-content\\\/uploads\\\/2025\\\/02\\\/WhatsApp-Image-2025-02-11-at-21.19.00-e1739360405671.jpeg\",\"width\":1128,\"height\":835},{\"@type\":\"BreadcrumbList\",\"@id\":\"https:\\\/\\\/exaudi.org\\\/es\\\/carlo-acutis-autopista-hacia-el-cielo-el-musical-en-ondara-alicante\\\/#breadcrumb\",\"itemListElement\":[{\"@type\":\"ListItem\",\"position\":1,\"name\":\"Portada\",\"item\":\"https:\\\/\\\/exaudi.org\\\/es\\\/\"},{\"@type\":\"ListItem\",\"position\":2,\"name\":\"\u00abCARLO ACUTIS &#8211; Autopista Hacia el Cielo, El Musical\u00bb en Ondara, Alicante\"}]},{\"@type\":\"WebSite\",\"@id\":\"https:\\\/\\\/exaudi.org\\\/#website\",\"url\":\"https:\\\/\\\/exaudi.org\\\/\",\"name\":\"Exaudi\",\"description\":\"News\",\"potentialAction\":[{\"@type\":\"SearchAction\",\"target\":{\"@type\":\"EntryPoint\",\"urlTemplate\":\"https:\\\/\\\/exaudi.org\\\/?s={search_term_string}\"},\"query-input\":{\"@type\":\"PropertyValueSpecification\",\"valueRequired\":true,\"valueName\":\"search_term_string\"}}],\"inLanguage\":\"es\"},{\"@type\":\"Person\",\"@id\":\"https:\\\/\\\/exaudi.org\\\/#\\\/schema\\\/person\\\/f5fc8f063065e38742da7afe15f25df7\",\"name\":\"Exaudi Redacci\u00f3n\",\"image\":{\"@type\":\"ImageObject\",\"inLanguage\":\"es\",\"@id\":\"https:\\\/\\\/secure.gravatar.com\\\/avatar\\\/fe0f6a059fb68d9b3e11bc5850dd4899b1c7492091a3cb6dd9b01b56ad828be2?s=96&d=mm&r=g\",\"url\":\"https:\\\/\\\/secure.gravatar.com\\\/avatar\\\/fe0f6a059fb68d9b3e11bc5850dd4899b1c7492091a3cb6dd9b01b56ad828be2?s=96&d=mm&r=g\",\"contentUrl\":\"https:\\\/\\\/secure.gravatar.com\\\/avatar\\\/fe0f6a059fb68d9b3e11bc5850dd4899b1c7492091a3cb6dd9b01b56ad828be2?s=96&d=mm&r=g\",\"caption\":\"Exaudi Redacci\u00f3n\"},\"description\":\"\u00bfQu\u00e9 es Exaudi News? Exaudi News es un medio de comunicaci\u00f3n cat\u00f3lico internacional que informa, forma y transforma, diariamente en espa\u00f1ol, ingl\u00e9s e italiano. A trav\u00e9s de noticias, art\u00edculos de an\u00e1lisis y transmisiones en directo de los eventos del Papa, Exaudi busca fortalecer la unidad de los cristianos y contribuir a la evangelizaci\u00f3n del mundo, siempre guiados por la doctrina social de la Iglesia. Trabajamos para acercar la verdad y los valores cristianos a cada rinc\u00f3n del planeta. \u00a1Ay\u00fadanos a transformar el mundo con Exaudi! En Exaudi creemos que la evangelizaci\u00f3n y la informaci\u00f3n de calidad pueden cambiar vidas. Para continuar con nuestra misi\u00f3n y expandir nuestro alcance, necesitamos tu ayuda. Adem\u00e1s, buscamos personas comprometidas que deseen unirse a nuestro equipo. Con tu apoyo, lograremos llegar a m\u00e1s personas, difundir el mensaje de Cristo y reforzar la unidad de los cristianos. \u00bfTe unes a nuestra misi\u00f3n? Para m\u00e1s informaci\u00f3n sobre c\u00f3mo colaborar, visita Exaudi.org\\\/es o cont\u00e1ctanos directamente: info@exaudi.org Exaudi: Informa, forma y transforma.\",\"sameAs\":[\"https:\\\/\\\/www.facebook.com\\\/ExaudiNoticias\\\/\",\"https:\\\/\\\/www.instagram.com\\\/exaudi_noticias\\\/\",\"https:\\\/\\\/x.com\\\/Exaudi_noticias\",\"https:\\\/\\\/www.youtube.com\\\/@exaudicatholicnews\"],\"url\":\"https:\\\/\\\/exaudi.org\\\/es\\\/author\\\/redaccionexaudi\\\/\"}]}<\/script>\n<!-- \/ Yoast SEO plugin. -->","yoast_head_json":{"title":"\"CARLO ACUTIS - Autopista Hacia el Cielo, El Musical\" en Ondara, Alicante &#8211; Exaudi","robots":{"index":"index","follow":"follow","max-snippet":"max-snippet:-1","max-image-preview":"max-image-preview:large","max-video-preview":"max-video-preview:-1"},"canonical":"https:\/\/exaudi.org\/es\/carlo-acutis-autopista-hacia-el-cielo-el-musical-en-ondara-alicante\/","og_locale":"es_ES","og_type":"article","og_title":"\"CARLO ACUTIS - Autopista Hacia el Cielo, El Musical\" en Ondara, Alicante &#8211; Exaudi","og_description":"Una Producci\u00f3n de Talitha Cumi School of Artist","og_url":"https:\/\/exaudi.org\/es\/carlo-acutis-autopista-hacia-el-cielo-el-musical-en-ondara-alicante\/","og_site_name":"Exaudi","article_publisher":"https:\/\/www.facebook.com\/ExaudiNews","article_author":"https:\/\/www.facebook.com\/ExaudiNoticias\/","article_published_time":"2025-02-12T12:01:51+00:00","article_modified_time":"2025-02-12T14:38:48+00:00","og_image":[{"width":1128,"height":835,"url":"https:\/\/exaudi.org\/wp-content\/uploads\/2025\/02\/WhatsApp-Image-2025-02-11-at-21.19.00-e1739360405671.jpeg","type":"image\/jpeg"}],"author":"Exaudi Redacci\u00f3n","twitter_card":"summary_large_image","twitter_creator":"@Exaudi_noticias","twitter_site":"@Exaudi_News","twitter_misc":{"Escrito por":"Exaudi Redacci\u00f3n","Tiempo de lectura":"3 minutos"},"schema":{"@context":"https:\/\/schema.org","@graph":[{"@type":"Article","@id":"https:\/\/exaudi.org\/es\/carlo-acutis-autopista-hacia-el-cielo-el-musical-en-ondara-alicante\/#article","isPartOf":{"@id":"https:\/\/exaudi.org\/es\/carlo-acutis-autopista-hacia-el-cielo-el-musical-en-ondara-alicante\/"},"author":{"name":"Exaudi Redacci\u00f3n","@id":"https:\/\/exaudi.org\/#\/schema\/person\/f5fc8f063065e38742da7afe15f25df7"},"headline":"\u00abCARLO ACUTIS &#8211; Autopista Hacia el Cielo, El Musical\u00bb en Ondara, Alicante","datePublished":"2025-02-12T12:01:51+00:00","dateModified":"2025-02-12T14:38:48+00:00","mainEntityOfPage":{"@id":"https:\/\/exaudi.org\/es\/carlo-acutis-autopista-hacia-el-cielo-el-musical-en-ondara-alicante\/"},"wordCount":530,"image":{"@id":"https:\/\/exaudi.org\/es\/carlo-acutis-autopista-hacia-el-cielo-el-musical-en-ondara-alicante\/#primaryimage"},"thumbnailUrl":"https:\/\/exaudi.org\/wp-content\/uploads\/2025\/02\/WhatsApp-Image-2025-02-11-at-21.19.00-e1739360405671.jpeg","keywords":["Alicante","arte esc\u00e9nicas","Arte y fe","Autopista hacia el cielo","Carlo Acutis","Carlo Acutis biograf\u00eda","educaci\u00f3n art\u00edstica","espect\u00e1culo de fe","estreno musical","evento cristiano","evento en Alicante","j\u00f3venes cristianos","Mensaje de esperanza","M\u00fasica Cristiana","musical","musical religioso","Ondara","segunda sesi\u00f3n musical","sesi\u00f3n agotada","talento juvenil","Talitha Cumi School of Artist","teatro cristiano","teatro para j\u00f3venes","Trending","valores cristianos"],"articleSection":["Iglesia y Mundo"],"inLanguage":"es"},{"@type":"WebPage","@id":"https:\/\/exaudi.org\/es\/carlo-acutis-autopista-hacia-el-cielo-el-musical-en-ondara-alicante\/","url":"https:\/\/exaudi.org\/es\/carlo-acutis-autopista-hacia-el-cielo-el-musical-en-ondara-alicante\/","name":"\"CARLO ACUTIS - Autopista Hacia el Cielo, El Musical\" en Ondara, Alicante &#8211; Exaudi","isPartOf":{"@id":"https:\/\/exaudi.org\/#website"},"primaryImageOfPage":{"@id":"https:\/\/exaudi.org\/es\/carlo-acutis-autopista-hacia-el-cielo-el-musical-en-ondara-alicante\/#primaryimage"},"image":{"@id":"https:\/\/exaudi.org\/es\/carlo-acutis-autopista-hacia-el-cielo-el-musical-en-ondara-alicante\/#primaryimage"},"thumbnailUrl":"https:\/\/exaudi.org\/wp-content\/uploads\/2025\/02\/WhatsApp-Image-2025-02-11-at-21.19.00-e1739360405671.jpeg","datePublished":"2025-02-12T12:01:51+00:00","dateModified":"2025-02-12T14:38:48+00:00","author":{"@id":"https:\/\/exaudi.org\/#\/schema\/person\/f5fc8f063065e38742da7afe15f25df7"},"breadcrumb":{"@id":"https:\/\/exaudi.org\/es\/carlo-acutis-autopista-hacia-el-cielo-el-musical-en-ondara-alicante\/#breadcrumb"},"inLanguage":"es","potentialAction":[{"@type":"ReadAction","target":["https:\/\/exaudi.org\/es\/carlo-acutis-autopista-hacia-el-cielo-el-musical-en-ondara-alicante\/"]}]},{"@type":"ImageObject","inLanguage":"es","@id":"https:\/\/exaudi.org\/es\/carlo-acutis-autopista-hacia-el-cielo-el-musical-en-ondara-alicante\/#primaryimage","url":"https:\/\/exaudi.org\/wp-content\/uploads\/2025\/02\/WhatsApp-Image-2025-02-11-at-21.19.00-e1739360405671.jpeg","contentUrl":"https:\/\/exaudi.org\/wp-content\/uploads\/2025\/02\/WhatsApp-Image-2025-02-11-at-21.19.00-e1739360405671.jpeg","width":1128,"height":835},{"@type":"BreadcrumbList","@id":"https:\/\/exaudi.org\/es\/carlo-acutis-autopista-hacia-el-cielo-el-musical-en-ondara-alicante\/#breadcrumb","itemListElement":[{"@type":"ListItem","position":1,"name":"Portada","item":"https:\/\/exaudi.org\/es\/"},{"@type":"ListItem","position":2,"name":"\u00abCARLO ACUTIS &#8211; Autopista Hacia el Cielo, El Musical\u00bb en Ondara, Alicante"}]},{"@type":"WebSite","@id":"https:\/\/exaudi.org\/#website","url":"https:\/\/exaudi.org\/","name":"Exaudi","description":"News","potentialAction":[{"@type":"SearchAction","target":{"@type":"EntryPoint","urlTemplate":"https:\/\/exaudi.org\/?s={search_term_string}"},"query-input":{"@type":"PropertyValueSpecification","valueRequired":true,"valueName":"search_term_string"}}],"inLanguage":"es"},{"@type":"Person","@id":"https:\/\/exaudi.org\/#\/schema\/person\/f5fc8f063065e38742da7afe15f25df7","name":"Exaudi Redacci\u00f3n","image":{"@type":"ImageObject","inLanguage":"es","@id":"https:\/\/secure.gravatar.com\/avatar\/fe0f6a059fb68d9b3e11bc5850dd4899b1c7492091a3cb6dd9b01b56ad828be2?s=96&d=mm&r=g","url":"https:\/\/secure.gravatar.com\/avatar\/fe0f6a059fb68d9b3e11bc5850dd4899b1c7492091a3cb6dd9b01b56ad828be2?s=96&d=mm&r=g","contentUrl":"https:\/\/secure.gravatar.com\/avatar\/fe0f6a059fb68d9b3e11bc5850dd4899b1c7492091a3cb6dd9b01b56ad828be2?s=96&d=mm&r=g","caption":"Exaudi Redacci\u00f3n"},"description":"\u00bfQu\u00e9 es Exaudi News? Exaudi News es un medio de comunicaci\u00f3n cat\u00f3lico internacional que informa, forma y transforma, diariamente en espa\u00f1ol, ingl\u00e9s e italiano. A trav\u00e9s de noticias, art\u00edculos de an\u00e1lisis y transmisiones en directo de los eventos del Papa, Exaudi busca fortalecer la unidad de los cristianos y contribuir a la evangelizaci\u00f3n del mundo, siempre guiados por la doctrina social de la Iglesia. Trabajamos para acercar la verdad y los valores cristianos a cada rinc\u00f3n del planeta. \u00a1Ay\u00fadanos a transformar el mundo con Exaudi! En Exaudi creemos que la evangelizaci\u00f3n y la informaci\u00f3n de calidad pueden cambiar vidas. Para continuar con nuestra misi\u00f3n y expandir nuestro alcance, necesitamos tu ayuda. Adem\u00e1s, buscamos personas comprometidas que deseen unirse a nuestro equipo. Con tu apoyo, lograremos llegar a m\u00e1s personas, difundir el mensaje de Cristo y reforzar la unidad de los cristianos. \u00bfTe unes a nuestra misi\u00f3n? Para m\u00e1s informaci\u00f3n sobre c\u00f3mo colaborar, visita Exaudi.org\/es o cont\u00e1ctanos directamente: info@exaudi.org Exaudi: Informa, forma y transforma.","sameAs":["https:\/\/www.facebook.com\/ExaudiNoticias\/","https:\/\/www.instagram.com\/exaudi_noticias\/","https:\/\/x.com\/Exaudi_noticias","https:\/\/www.youtube.com\/@exaudicatholicnews"],"url":"https:\/\/exaudi.org\/es\/author\/redaccionexaudi\/"}]}},"jetpack_featured_media_url":"https:\/\/exaudi.org\/wp-content\/uploads\/2025\/02\/WhatsApp-Image-2025-02-11-at-21.19.00-e1739360405671.jpeg","jetpack_shortlink":"https:\/\/wp.me\/pgKjF2-uYn","_links":{"self":[{"href":"https:\/\/exaudi.org\/es\/wp-json\/wp\/v2\/posts\/119063","targetHints":{"allow":["GET"]}}],"collection":[{"href":"https:\/\/exaudi.org\/es\/wp-json\/wp\/v2\/posts"}],"about":[{"href":"https:\/\/exaudi.org\/es\/wp-json\/wp\/v2\/types\/post"}],"author":[{"embeddable":true,"href":"https:\/\/exaudi.org\/es\/wp-json\/wp\/v2\/users\/15"}],"replies":[{"embeddable":true,"href":"https:\/\/exaudi.org\/es\/wp-json\/wp\/v2\/comments?post=119063"}],"version-history":[{"count":0,"href":"https:\/\/exaudi.org\/es\/wp-json\/wp\/v2\/posts\/119063\/revisions"}],"wp:featuredmedia":[{"embeddable":true,"href":"https:\/\/exaudi.org\/es\/wp-json\/wp\/v2\/media\/119067"}],"wp:attachment":[{"href":"https:\/\/exaudi.org\/es\/wp-json\/wp\/v2\/media?parent=119063"}],"wp:term":[{"taxonomy":"category","embeddable":true,"href":"https:\/\/exaudi.org\/es\/wp-json\/wp\/v2\/categories?post=119063"},{"taxonomy":"post_tag","embeddable":true,"href":"https:\/\/exaudi.org\/es\/wp-json\/wp\/v2\/tags?post=119063"}],"curies":[{"name":"wp","href":"https:\/\/api.w.org\/{rel}","templated":true}]}}