{"id":117935,"date":"2025-01-31T08:45:35","date_gmt":"2025-01-31T07:45:35","guid":{"rendered":"https:\/\/exaudi.org\/?p=117935"},"modified":"2025-01-31T09:11:17","modified_gmt":"2025-01-31T08:11:17","slug":"la-familia-en-el-siglo-xxi-desafios-y-esperanzas","status":"publish","type":"post","link":"https:\/\/exaudi.org\/es\/la-familia-en-el-siglo-xxi-desafios-y-esperanzas\/","title":{"rendered":"La familia en el siglo XXI: desaf\u00edos y esperanzas"},"content":{"rendered":"<p>La familia, definida por el\u00a0<strong>Concilio Vaticano II<\/strong>\u00a0como \u00abIglesia dom\u00e9stica\u00bb, es el n\u00facleo fundamental de la sociedad y el lugar donde se transmiten los valores humanos y cristianos. Sin embargo, en el siglo XXI, la instituci\u00f3n familiar enfrenta desaf\u00edos sin precedentes: cambios culturales, presiones sociales, crisis de valores y nuevas formas de entender las relaciones humanas. Ante esta realidad, la Iglesia ofrece una visi\u00f3n esperanzadora y un acompa\u00f1amiento cercano a las familias.<\/p>\n<p><iframe title=\"Spotify Embed: La familia en el siglo XXI: desaf\u00edos y esperanzas\" style=\"border-radius: 12px\" width=\"100%\" height=\"152\" frameborder=\"0\" allowfullscreen allow=\"autoplay; clipboard-write; encrypted-media; fullscreen; picture-in-picture\" loading=\"lazy\" src=\"https:\/\/open.spotify.com\/embed\/episode\/5j3jjKDNafG1Rqq3cv6Gj5?si=a885a0a6c071482d&#038;utm_source=oembed\"><\/iframe><\/p>\n<h3><strong>Los desaf\u00edos de la familia hoy<\/strong><\/h3>\n<p>En un mundo marcado por el individualismo y el relativismo, muchas familias enfrentan dificultades como la falta de comunicaci\u00f3n, la crisis del matrimonio, la educaci\u00f3n de los hijos en un entorno secularizado y la influencia de ideolog\u00edas que contradicen la visi\u00f3n cristiana del ser humano. El\u00a0<strong>Papa Francisco<\/strong>, en su exhortaci\u00f3n apost\u00f3lica\u00a0<em>Amoris Laetitia<\/em>, reconoce estos desaf\u00edos y llama a la Iglesia a ser un \u00abhospital de campa\u00f1a\u00bb que acoja, acompa\u00f1e y cure a las familias heridas.<\/p>\n<p>Uno de los retos m\u00e1s urgentes es la defensa de la vida desde su concepci\u00f3n hasta su fin natural. La cultura del descarte, denunciada por el Papa Francisco, amenaza no solo a los no nacidos, sino tambi\u00e9n a los ancianos, los enfermos y los m\u00e1s vulnerables. La familia, como santuario de la vida, est\u00e1 llamada a ser un testimonio vivo del valor sagrado de cada persona.<\/p>\n<h3><strong>La visi\u00f3n de la Iglesia sobre la familia<\/strong><\/h3>\n<p>La doctrina cat\u00f3lica sostiene que la familia se funda en el matrimonio entre un hombre y una mujer, uni\u00f3n indisoluble abierta a la vida y al amor. Este modelo, inspirado en el designio de Dios, no es una simple tradici\u00f3n, sino un camino de felicidad y plenitud. El\u00a0<strong>Catecismo de la Iglesia Cat\u00f3lica<\/strong>\u00a0(n. 2201-2206) subraya que la familia es la c\u00e9lula b\u00e1sica de la sociedad y el primer lugar donde se aprende a amar, perdonar y servir.<\/p>\n<p>La Iglesia tambi\u00e9n reconoce que muchas familias no encajan en este modelo ideal debido a situaciones como el divorcio, las uniones de hecho o la p\u00e9rdida de seres queridos. Sin embargo, lejos de excluirlas, la Iglesia las acoge con misericordia y les ofrece caminos de reconciliaci\u00f3n y crecimiento espiritual.<\/p>\n<h3><strong>Testimonios de familias cat\u00f3licas<\/strong><\/h3>\n<p>Para comprender c\u00f3mo la fe puede transformar la vida familiar, es inspirador escuchar a quienes viven su vocaci\u00f3n matrimonial y parental con entrega y alegr\u00eda. Aqu\u00ed compartimos dos testimonios:<\/p>\n<ol start=\"1\">\n<li><strong>La familia Mart\u00ednez<\/strong>:<br \/>\n\u00abSomos una familia de cinco miembros, y aunque no siempre es f\u00e1cil, hemos encontrado en la fe el sustento para superar las dificultades. Rezamos juntos todas las noches, y eso nos ha ayudado a mantener la unidad incluso en los momentos m\u00e1s duros, como cuando perd\u00ed mi trabajo. Sabemos que Dios nunca nos abandona y que, como familia, estamos llamados a ser un reflejo de su amor\u00bb.<\/li>\n<li><strong>Ana y Luis, matrimonio joven<\/strong>:<br \/>\n\u00abCuando nos casamos, sab\u00edamos que quer\u00edamos formar una familia seg\u00fan el coraz\u00f3n de Dios. Aunque la sociedad nos presiona para vivir de otra manera, hemos decidido confiar en la ense\u00f1anza de la Iglesia sobre el matrimonio y la vida. Educar a nuestros hijos en la fe no es f\u00e1cil, pero ver c\u00f3mo crecen con valores como el respeto y la solidaridad nos llena de esperanza\u00bb.<\/li>\n<\/ol>\n<h3><strong>C\u00f3mo fortalecer la familia hoy<\/strong><\/h3>\n<ol start=\"1\">\n<li><strong>Vivir la fe en el hogar<\/strong>: La oraci\u00f3n en familia, la lectura de la Biblia y la participaci\u00f3n en la Eucarist\u00eda son pilares que fortalecen la vida espiritual del hogar.<\/li>\n<li><strong>Educar en valores<\/strong>: Los padres tienen la misi\u00f3n de transmitir a sus hijos el respeto por la vida, la dignidad humana y los principios cristianos.<\/li>\n<li><strong>Acompa\u00f1amiento pastoral<\/strong>: Parroquias y movimientos familiares deben ofrecer formaci\u00f3n y apoyo a las familias, especialmente a aquellas que atraviesan crisis.<\/li>\n<li><strong>Defensa de la vida<\/strong>: Las familias est\u00e1n llamadas a ser voceras de la cultura de la vida, oponi\u00e9ndose al aborto, la eutanasia y cualquier forma de violencia.<\/li>\n<li><strong>Testimonio de amor<\/strong>: El amor conyugal, fiel y fecundo, es un reflejo del amor de Cristo por su Iglesia. Vivir este amor con entrega y sacrificio es el mejor testimonio que una familia puede dar al mundo.<\/li>\n<\/ol>\n<h3><strong>La familia, esperanza para el mundo<\/strong><\/h3>\n<p>A pesar de los desaf\u00edos, la familia sigue siendo un faro de esperanza en medio de la oscuridad. El\u00a0<strong>Papa Francisco<\/strong>\u00a0lo expresa con claridad: \u00abLa familia es un lugar de encuentro, de compartir, de salir de s\u00ed mismo para acoger a los dem\u00e1s y estar cerca de ellos\u00bb. En un mundo cada vez m\u00e1s fragmentado, la familia cat\u00f3lica est\u00e1 llamada a ser un signo de unidad, amor y fe.<\/p>\n<p>La Iglesia, como madre y maestra, acompa\u00f1a a las familias en su camino, ofreci\u00e9ndoles las herramientas espirituales y pastorales necesarias para enfrentar los desaf\u00edos del siglo XXI. Como dijo San Juan Pablo II, \u00abel futuro de la humanidad se fragua en la familia\u00bb. Por eso, cuidar y fortalecer a las familias es una tarea urgente y una misi\u00f3n de amor.<\/p>\n<p><img loading=\"lazy\" decoding=\"async\" class=\"size-full wp-image-117940 alignnone\" src=\"https:\/\/exaudi.org\/wp-content\/uploads\/2025\/01\/Laetare-1.jpg\" alt=\"\" width=\"940\" height=\"788\" srcset=\"https:\/\/exaudi.org\/wp-content\/uploads\/2025\/01\/Laetare-1.jpg 940w, https:\/\/exaudi.org\/wp-content\/uploads\/2025\/01\/Laetare-1-300x251.jpg 300w, https:\/\/exaudi.org\/wp-content\/uploads\/2025\/01\/Laetare-1-770x645.jpg 770w, https:\/\/exaudi.org\/wp-content\/uploads\/2025\/01\/Laetare-1-500x419.jpg 500w, https:\/\/exaudi.org\/wp-content\/uploads\/2025\/01\/Laetare-1-293x246.jpg 293w, https:\/\/exaudi.org\/wp-content\/uploads\/2025\/01\/Laetare-1-390x327.jpg 390w\" sizes=\"auto, (max-width: 940px) 100vw, 940px\" \/><\/p>\n","protected":false},"excerpt":{"rendered":"<p>C\u00f3mo la doctrina de la Iglesia ilumina los retos actuales de la familia y ofrece caminos para vivir el amor y la fe en el hogar<\/p>\n","protected":false},"author":154,"featured_media":117936,"comment_status":"closed","ping_status":"closed","sticky":false,"template":"","format":"standard","meta":{"_acf_changed":false,"_crdt_document":"","inline_featured_image":false,"footnotes":""},"categories":[130],"tags":[34030,10114,21738,1214,42765,21479,617,41623,42769,42773,42774,33821,42771,27854,42780,42767,42770,42768,42776,42772,42777,41280,31793,42779,42775,42778,18116,623,25322,33805,42766,4953,19540],"class_list":["post-117935","post","type-post","status-publish","format-standard","has-post-thumbnail","hentry","category-voces","tag-acompanamiento-pastoral","tag-amoris-laetitia-3","tag-cultura-de-la-vida","tag-defensa-de-la-vida","tag-desafios-de-la-familia","tag-educacion-en-valores","tag-familia","tag-familia-catolica","tag-familia-y-amor","tag-familia-y-comunidad","tag-familia-y-crisis","tag-familia-y-esperanza","tag-familia-y-evangelizacion","tag-familia-y-fe","tag-familia-y-futuro","tag-familia-y-jovenes","tag-familia-y-misericordia","tag-familia-y-oracion","tag-familia-y-perdon","tag-familia-y-santidad","tag-familia-y-servicio","tag-familia-y-sociedad","tag-familia-y-tecnologia","tag-familia-y-testimonio","tag-familia-y-unidad","tag-familia-y-vocacion","tag-formacion-espiritual","tag-iglesia-domestica","tag-matrimonio-cristiano","tag-oracion-en-familia","tag-testimonio-de-familias","tag-trending-es","tag-valores-cristianos"],"acf":[],"yoast_head":"<!-- This site is optimized with the Yoast SEO plugin v27.5 - https:\/\/yoast.com\/product\/yoast-seo-wordpress\/ -->\n<title>La familia en el siglo XXI: desaf\u00edos y esperanzas &#8211; Exaudi<\/title>\n<meta name=\"robots\" content=\"index, follow, max-snippet:-1, max-image-preview:large, max-video-preview:-1\" \/>\n<link rel=\"canonical\" href=\"https:\/\/exaudi.org\/es\/la-familia-en-el-siglo-xxi-desafios-y-esperanzas\/\" \/>\n<meta property=\"og:locale\" content=\"es_ES\" \/>\n<meta property=\"og:type\" content=\"article\" \/>\n<meta property=\"og:title\" content=\"La familia en el siglo XXI: desaf\u00edos y esperanzas &#8211; Exaudi\" \/>\n<meta property=\"og:description\" content=\"C\u00f3mo la doctrina de la Iglesia ilumina los retos actuales de la familia y ofrece caminos para vivir el amor y la fe en el hogar\" \/>\n<meta property=\"og:url\" content=\"https:\/\/exaudi.org\/es\/la-familia-en-el-siglo-xxi-desafios-y-esperanzas\/\" \/>\n<meta property=\"og:site_name\" content=\"Exaudi\" \/>\n<meta property=\"article:publisher\" content=\"https:\/\/www.facebook.com\/ExaudiNews\" \/>\n<meta property=\"article:published_time\" content=\"2025-01-31T07:45:35+00:00\" \/>\n<meta property=\"article:modified_time\" content=\"2025-01-31T08:11:17+00:00\" \/>\n<meta property=\"og:image\" content=\"https:\/\/exaudi.org\/wp-content\/uploads\/2025\/01\/pexels-pixabay-415824-scaled.jpg\" \/>\n\t<meta property=\"og:image:width\" content=\"2560\" \/>\n\t<meta property=\"og:image:height\" content=\"1707\" \/>\n\t<meta property=\"og:image:type\" content=\"image\/jpeg\" \/>\n<meta name=\"author\" content=\"Laetare\" \/>\n<meta name=\"twitter:card\" content=\"summary_large_image\" \/>\n<meta name=\"twitter:creator\" content=\"@Exaudi_News\" \/>\n<meta name=\"twitter:site\" content=\"@Exaudi_News\" \/>\n<meta name=\"twitter:label1\" content=\"Escrito por\" \/>\n\t<meta name=\"twitter:data1\" content=\"Laetare\" \/>\n\t<meta name=\"twitter:label2\" content=\"Tiempo de lectura\" \/>\n\t<meta name=\"twitter:data2\" content=\"4 minutos\" \/>\n<script type=\"application\/ld+json\" class=\"yoast-schema-graph\">{\"@context\":\"https:\\\/\\\/schema.org\",\"@graph\":[{\"@type\":\"Article\",\"@id\":\"https:\\\/\\\/exaudi.org\\\/es\\\/la-familia-en-el-siglo-xxi-desafios-y-esperanzas\\\/#article\",\"isPartOf\":{\"@id\":\"https:\\\/\\\/exaudi.org\\\/es\\\/la-familia-en-el-siglo-xxi-desafios-y-esperanzas\\\/\"},\"author\":{\"name\":\"Laetare\",\"@id\":\"https:\\\/\\\/exaudi.org\\\/#\\\/schema\\\/person\\\/b4f60770b050db60868378f3d473b3d4\"},\"headline\":\"La familia en el siglo XXI: desaf\u00edos y esperanzas\",\"datePublished\":\"2025-01-31T07:45:35+00:00\",\"dateModified\":\"2025-01-31T08:11:17+00:00\",\"mainEntityOfPage\":{\"@id\":\"https:\\\/\\\/exaudi.org\\\/es\\\/la-familia-en-el-siglo-xxi-desafios-y-esperanzas\\\/\"},\"wordCount\":897,\"image\":{\"@id\":\"https:\\\/\\\/exaudi.org\\\/es\\\/la-familia-en-el-siglo-xxi-desafios-y-esperanzas\\\/#primaryimage\"},\"thumbnailUrl\":\"https:\\\/\\\/exaudi.org\\\/wp-content\\\/uploads\\\/2025\\\/01\\\/pexels-pixabay-415824-scaled.jpg\",\"keywords\":[\"acompa\u00f1amiento pastoral\",\"Amoris laetitia\",\"cultura de la vida\",\"Defensa de la Vida\",\"desaf\u00edos de la familia\",\"educaci\u00f3n en valores\",\"Familia\",\"familia cat\u00f3lica\",\"familia y amor\",\"familia y comunidad\",\"familia y crisis\",\"familia y esperanza\",\"familia y evangelizaci\u00f3n\",\"familia y fe\",\"familia y futuro\",\"familia y j\u00f3venes\",\"familia y misericordia\",\"familia y oraci\u00f3n\",\"familia y perd\u00f3n\",\"familia y santidad\",\"familia y servicio\",\"familia y sociedad\",\"familia y tecnolog\u00eda\",\"familia y testimonio\",\"familia y unidad\",\"familia y vocaci\u00f3n\",\"formaci\u00f3n espiritual\",\"Iglesia dom\u00e9stica\",\"Matrimonio cristiano\",\"oraci\u00f3n en familia\",\"testimonio de familias\",\"Trending\",\"valores cristianos\"],\"articleSection\":[\"Voces\"],\"inLanguage\":\"es\"},{\"@type\":\"WebPage\",\"@id\":\"https:\\\/\\\/exaudi.org\\\/es\\\/la-familia-en-el-siglo-xxi-desafios-y-esperanzas\\\/\",\"url\":\"https:\\\/\\\/exaudi.org\\\/es\\\/la-familia-en-el-siglo-xxi-desafios-y-esperanzas\\\/\",\"name\":\"La familia en el siglo XXI: desaf\u00edos y esperanzas &#8211; Exaudi\",\"isPartOf\":{\"@id\":\"https:\\\/\\\/exaudi.org\\\/#website\"},\"primaryImageOfPage\":{\"@id\":\"https:\\\/\\\/exaudi.org\\\/es\\\/la-familia-en-el-siglo-xxi-desafios-y-esperanzas\\\/#primaryimage\"},\"image\":{\"@id\":\"https:\\\/\\\/exaudi.org\\\/es\\\/la-familia-en-el-siglo-xxi-desafios-y-esperanzas\\\/#primaryimage\"},\"thumbnailUrl\":\"https:\\\/\\\/exaudi.org\\\/wp-content\\\/uploads\\\/2025\\\/01\\\/pexels-pixabay-415824-scaled.jpg\",\"datePublished\":\"2025-01-31T07:45:35+00:00\",\"dateModified\":\"2025-01-31T08:11:17+00:00\",\"author\":{\"@id\":\"https:\\\/\\\/exaudi.org\\\/#\\\/schema\\\/person\\\/b4f60770b050db60868378f3d473b3d4\"},\"breadcrumb\":{\"@id\":\"https:\\\/\\\/exaudi.org\\\/es\\\/la-familia-en-el-siglo-xxi-desafios-y-esperanzas\\\/#breadcrumb\"},\"inLanguage\":\"es\",\"potentialAction\":[{\"@type\":\"ReadAction\",\"target\":[\"https:\\\/\\\/exaudi.org\\\/es\\\/la-familia-en-el-siglo-xxi-desafios-y-esperanzas\\\/\"]}]},{\"@type\":\"ImageObject\",\"inLanguage\":\"es\",\"@id\":\"https:\\\/\\\/exaudi.org\\\/es\\\/la-familia-en-el-siglo-xxi-desafios-y-esperanzas\\\/#primaryimage\",\"url\":\"https:\\\/\\\/exaudi.org\\\/wp-content\\\/uploads\\\/2025\\\/01\\\/pexels-pixabay-415824-scaled.jpg\",\"contentUrl\":\"https:\\\/\\\/exaudi.org\\\/wp-content\\\/uploads\\\/2025\\\/01\\\/pexels-pixabay-415824-scaled.jpg\",\"width\":2560,\"height\":1707,\"caption\":\"Pexels . Pixabay\"},{\"@type\":\"BreadcrumbList\",\"@id\":\"https:\\\/\\\/exaudi.org\\\/es\\\/la-familia-en-el-siglo-xxi-desafios-y-esperanzas\\\/#breadcrumb\",\"itemListElement\":[{\"@type\":\"ListItem\",\"position\":1,\"name\":\"Portada\",\"item\":\"https:\\\/\\\/exaudi.org\\\/es\\\/\"},{\"@type\":\"ListItem\",\"position\":2,\"name\":\"La familia en el siglo XXI: desaf\u00edos y esperanzas\"}]},{\"@type\":\"WebSite\",\"@id\":\"https:\\\/\\\/exaudi.org\\\/#website\",\"url\":\"https:\\\/\\\/exaudi.org\\\/\",\"name\":\"Exaudi\",\"description\":\"News\",\"potentialAction\":[{\"@type\":\"SearchAction\",\"target\":{\"@type\":\"EntryPoint\",\"urlTemplate\":\"https:\\\/\\\/exaudi.org\\\/?s={search_term_string}\"},\"query-input\":{\"@type\":\"PropertyValueSpecification\",\"valueRequired\":true,\"valueName\":\"search_term_string\"}}],\"inLanguage\":\"es\"},{\"@type\":\"Person\",\"@id\":\"https:\\\/\\\/exaudi.org\\\/#\\\/schema\\\/person\\\/b4f60770b050db60868378f3d473b3d4\",\"name\":\"Laetare\",\"image\":{\"@type\":\"ImageObject\",\"inLanguage\":\"es\",\"@id\":\"https:\\\/\\\/secure.gravatar.com\\\/avatar\\\/239ae5fc763d8bf7c26706d150679faa0bec9e2d51089775f40e9decb4806f15?s=96&d=mm&r=g\",\"url\":\"https:\\\/\\\/secure.gravatar.com\\\/avatar\\\/239ae5fc763d8bf7c26706d150679faa0bec9e2d51089775f40e9decb4806f15?s=96&d=mm&r=g\",\"contentUrl\":\"https:\\\/\\\/secure.gravatar.com\\\/avatar\\\/239ae5fc763d8bf7c26706d150679faa0bec9e2d51089775f40e9decb4806f15?s=96&d=mm&r=g\",\"caption\":\"Laetare\"},\"description\":\"Laetare es una asociaci\u00f3n fundada por Gabriel N\u00fa\u00f1ez, nacida en Sevilla con el prop\u00f3sito de defender y promover el desarrollo integral de la familia cristiana. Su actividad se organiza en cuatro ejes fundamentales: sensibilizar, orar, formar y servir. La asociaci\u00f3n trabaja en la preservaci\u00f3n de la familia como pilar de la sociedad, ofreciendo formaci\u00f3n especializada, retiros espirituales y apoyo integral a matrimonios en crisis, con un enfoque basado en la doctrina cat\u00f3lica y la acci\u00f3n comunitaria.\",\"url\":\"https:\\\/\\\/exaudi.org\\\/es\\\/author\\\/laetare\\\/\"}]}<\/script>\n<!-- \/ Yoast SEO plugin. -->","yoast_head_json":{"title":"La familia en el siglo XXI: desaf\u00edos y esperanzas &#8211; Exaudi","robots":{"index":"index","follow":"follow","max-snippet":"max-snippet:-1","max-image-preview":"max-image-preview:large","max-video-preview":"max-video-preview:-1"},"canonical":"https:\/\/exaudi.org\/es\/la-familia-en-el-siglo-xxi-desafios-y-esperanzas\/","og_locale":"es_ES","og_type":"article","og_title":"La familia en el siglo XXI: desaf\u00edos y esperanzas &#8211; Exaudi","og_description":"C\u00f3mo la doctrina de la Iglesia ilumina los retos actuales de la familia y ofrece caminos para vivir el amor y la fe en el hogar","og_url":"https:\/\/exaudi.org\/es\/la-familia-en-el-siglo-xxi-desafios-y-esperanzas\/","og_site_name":"Exaudi","article_publisher":"https:\/\/www.facebook.com\/ExaudiNews","article_published_time":"2025-01-31T07:45:35+00:00","article_modified_time":"2025-01-31T08:11:17+00:00","og_image":[{"width":2560,"height":1707,"url":"https:\/\/exaudi.org\/wp-content\/uploads\/2025\/01\/pexels-pixabay-415824-scaled.jpg","type":"image\/jpeg"}],"author":"Laetare","twitter_card":"summary_large_image","twitter_creator":"@Exaudi_News","twitter_site":"@Exaudi_News","twitter_misc":{"Escrito por":"Laetare","Tiempo de lectura":"4 minutos"},"schema":{"@context":"https:\/\/schema.org","@graph":[{"@type":"Article","@id":"https:\/\/exaudi.org\/es\/la-familia-en-el-siglo-xxi-desafios-y-esperanzas\/#article","isPartOf":{"@id":"https:\/\/exaudi.org\/es\/la-familia-en-el-siglo-xxi-desafios-y-esperanzas\/"},"author":{"name":"Laetare","@id":"https:\/\/exaudi.org\/#\/schema\/person\/b4f60770b050db60868378f3d473b3d4"},"headline":"La familia en el siglo XXI: desaf\u00edos y esperanzas","datePublished":"2025-01-31T07:45:35+00:00","dateModified":"2025-01-31T08:11:17+00:00","mainEntityOfPage":{"@id":"https:\/\/exaudi.org\/es\/la-familia-en-el-siglo-xxi-desafios-y-esperanzas\/"},"wordCount":897,"image":{"@id":"https:\/\/exaudi.org\/es\/la-familia-en-el-siglo-xxi-desafios-y-esperanzas\/#primaryimage"},"thumbnailUrl":"https:\/\/exaudi.org\/wp-content\/uploads\/2025\/01\/pexels-pixabay-415824-scaled.jpg","keywords":["acompa\u00f1amiento pastoral","Amoris laetitia","cultura de la vida","Defensa de la Vida","desaf\u00edos de la familia","educaci\u00f3n en valores","Familia","familia cat\u00f3lica","familia y amor","familia y comunidad","familia y crisis","familia y esperanza","familia y evangelizaci\u00f3n","familia y fe","familia y futuro","familia y j\u00f3venes","familia y misericordia","familia y oraci\u00f3n","familia y perd\u00f3n","familia y santidad","familia y servicio","familia y sociedad","familia y tecnolog\u00eda","familia y testimonio","familia y unidad","familia y vocaci\u00f3n","formaci\u00f3n espiritual","Iglesia dom\u00e9stica","Matrimonio cristiano","oraci\u00f3n en familia","testimonio de familias","Trending","valores cristianos"],"articleSection":["Voces"],"inLanguage":"es"},{"@type":"WebPage","@id":"https:\/\/exaudi.org\/es\/la-familia-en-el-siglo-xxi-desafios-y-esperanzas\/","url":"https:\/\/exaudi.org\/es\/la-familia-en-el-siglo-xxi-desafios-y-esperanzas\/","name":"La familia en el siglo XXI: desaf\u00edos y esperanzas &#8211; Exaudi","isPartOf":{"@id":"https:\/\/exaudi.org\/#website"},"primaryImageOfPage":{"@id":"https:\/\/exaudi.org\/es\/la-familia-en-el-siglo-xxi-desafios-y-esperanzas\/#primaryimage"},"image":{"@id":"https:\/\/exaudi.org\/es\/la-familia-en-el-siglo-xxi-desafios-y-esperanzas\/#primaryimage"},"thumbnailUrl":"https:\/\/exaudi.org\/wp-content\/uploads\/2025\/01\/pexels-pixabay-415824-scaled.jpg","datePublished":"2025-01-31T07:45:35+00:00","dateModified":"2025-01-31T08:11:17+00:00","author":{"@id":"https:\/\/exaudi.org\/#\/schema\/person\/b4f60770b050db60868378f3d473b3d4"},"breadcrumb":{"@id":"https:\/\/exaudi.org\/es\/la-familia-en-el-siglo-xxi-desafios-y-esperanzas\/#breadcrumb"},"inLanguage":"es","potentialAction":[{"@type":"ReadAction","target":["https:\/\/exaudi.org\/es\/la-familia-en-el-siglo-xxi-desafios-y-esperanzas\/"]}]},{"@type":"ImageObject","inLanguage":"es","@id":"https:\/\/exaudi.org\/es\/la-familia-en-el-siglo-xxi-desafios-y-esperanzas\/#primaryimage","url":"https:\/\/exaudi.org\/wp-content\/uploads\/2025\/01\/pexels-pixabay-415824-scaled.jpg","contentUrl":"https:\/\/exaudi.org\/wp-content\/uploads\/2025\/01\/pexels-pixabay-415824-scaled.jpg","width":2560,"height":1707,"caption":"Pexels . Pixabay"},{"@type":"BreadcrumbList","@id":"https:\/\/exaudi.org\/es\/la-familia-en-el-siglo-xxi-desafios-y-esperanzas\/#breadcrumb","itemListElement":[{"@type":"ListItem","position":1,"name":"Portada","item":"https:\/\/exaudi.org\/es\/"},{"@type":"ListItem","position":2,"name":"La familia en el siglo XXI: desaf\u00edos y esperanzas"}]},{"@type":"WebSite","@id":"https:\/\/exaudi.org\/#website","url":"https:\/\/exaudi.org\/","name":"Exaudi","description":"News","potentialAction":[{"@type":"SearchAction","target":{"@type":"EntryPoint","urlTemplate":"https:\/\/exaudi.org\/?s={search_term_string}"},"query-input":{"@type":"PropertyValueSpecification","valueRequired":true,"valueName":"search_term_string"}}],"inLanguage":"es"},{"@type":"Person","@id":"https:\/\/exaudi.org\/#\/schema\/person\/b4f60770b050db60868378f3d473b3d4","name":"Laetare","image":{"@type":"ImageObject","inLanguage":"es","@id":"https:\/\/secure.gravatar.com\/avatar\/239ae5fc763d8bf7c26706d150679faa0bec9e2d51089775f40e9decb4806f15?s=96&d=mm&r=g","url":"https:\/\/secure.gravatar.com\/avatar\/239ae5fc763d8bf7c26706d150679faa0bec9e2d51089775f40e9decb4806f15?s=96&d=mm&r=g","contentUrl":"https:\/\/secure.gravatar.com\/avatar\/239ae5fc763d8bf7c26706d150679faa0bec9e2d51089775f40e9decb4806f15?s=96&d=mm&r=g","caption":"Laetare"},"description":"Laetare es una asociaci\u00f3n fundada por Gabriel N\u00fa\u00f1ez, nacida en Sevilla con el prop\u00f3sito de defender y promover el desarrollo integral de la familia cristiana. Su actividad se organiza en cuatro ejes fundamentales: sensibilizar, orar, formar y servir. La asociaci\u00f3n trabaja en la preservaci\u00f3n de la familia como pilar de la sociedad, ofreciendo formaci\u00f3n especializada, retiros espirituales y apoyo integral a matrimonios en crisis, con un enfoque basado en la doctrina cat\u00f3lica y la acci\u00f3n comunitaria.","url":"https:\/\/exaudi.org\/es\/author\/laetare\/"}]}},"jetpack_featured_media_url":"https:\/\/exaudi.org\/wp-content\/uploads\/2025\/01\/pexels-pixabay-415824-scaled.jpg","jetpack_shortlink":"https:\/\/wp.me\/pgKjF2-uGb","_links":{"self":[{"href":"https:\/\/exaudi.org\/es\/wp-json\/wp\/v2\/posts\/117935","targetHints":{"allow":["GET"]}}],"collection":[{"href":"https:\/\/exaudi.org\/es\/wp-json\/wp\/v2\/posts"}],"about":[{"href":"https:\/\/exaudi.org\/es\/wp-json\/wp\/v2\/types\/post"}],"author":[{"embeddable":true,"href":"https:\/\/exaudi.org\/es\/wp-json\/wp\/v2\/users\/154"}],"replies":[{"embeddable":true,"href":"https:\/\/exaudi.org\/es\/wp-json\/wp\/v2\/comments?post=117935"}],"version-history":[{"count":0,"href":"https:\/\/exaudi.org\/es\/wp-json\/wp\/v2\/posts\/117935\/revisions"}],"wp:featuredmedia":[{"embeddable":true,"href":"https:\/\/exaudi.org\/es\/wp-json\/wp\/v2\/media\/117936"}],"wp:attachment":[{"href":"https:\/\/exaudi.org\/es\/wp-json\/wp\/v2\/media?parent=117935"}],"wp:term":[{"taxonomy":"category","embeddable":true,"href":"https:\/\/exaudi.org\/es\/wp-json\/wp\/v2\/categories?post=117935"},{"taxonomy":"post_tag","embeddable":true,"href":"https:\/\/exaudi.org\/es\/wp-json\/wp\/v2\/tags?post=117935"}],"curies":[{"name":"wp","href":"https:\/\/api.w.org\/{rel}","templated":true}]}}