{"id":117693,"date":"2025-01-25T16:14:13","date_gmt":"2025-01-25T15:14:13","guid":{"rendered":"https:\/\/exaudi.org\/?p=117693"},"modified":"2025-01-26T08:37:20","modified_gmt":"2025-01-26T07:37:20","slug":"el-papa-francisco-en-el-jubileo-de-la-comunicacion-comunicar-es-salir-de-uno-mismo-para-encontrarse-con-el-otro","status":"publish","type":"post","link":"https:\/\/exaudi.org\/es\/el-papa-francisco-en-el-jubileo-de-la-comunicacion-comunicar-es-salir-de-uno-mismo-para-encontrarse-con-el-otro\/","title":{"rendered":"El Papa Francisco en el Jubileo de la Comunicaci\u00f3n: \u201cComunicar es salir de uno mismo para encontrarse con el otro\u201d"},"content":{"rendered":"<p>En el marco del Jubileo 2025, el Papa Francisco se dirigi\u00f3 el 25 de enero a comunicadores y periodistas en el Aula Pablo VI. Aunque ten\u00eda preparado un discurso escrito, opt\u00f3 por hablar de manera espont\u00e1nea, destacando el profundo valor humano y espiritual de la comunicaci\u00f3n.<\/p>\n<p>Francisco defini\u00f3 la comunicaci\u00f3n como un acto de salir de uno mismo para encontrarse con el otro, resaltando que \u201csaber comunicar es una gran sabidur\u00eda\u201d. Expres\u00f3 su gratitud hacia los profesionales de la informaci\u00f3n por su contribuci\u00f3n a la construcci\u00f3n de una sociedad m\u00e1s cohesionada y por su papel en la misi\u00f3n de la Iglesia.<\/p>\n<p><img loading=\"lazy\" decoding=\"async\" class=\"size-full wp-image-117709 alignnone\" src=\"https:\/\/exaudi.org\/wp-content\/uploads\/2025\/01\/cq5dam.thumbnail.cropped.500.281-6.jpeg\" alt=\"\" width=\"500\" height=\"281\" srcset=\"https:\/\/exaudi.org\/wp-content\/uploads\/2025\/01\/cq5dam.thumbnail.cropped.500.281-6.jpeg 500w, https:\/\/exaudi.org\/wp-content\/uploads\/2025\/01\/cq5dam.thumbnail.cropped.500.281-6-300x169.jpeg 300w, https:\/\/exaudi.org\/wp-content\/uploads\/2025\/01\/cq5dam.thumbnail.cropped.500.281-6-293x165.jpeg 293w, https:\/\/exaudi.org\/wp-content\/uploads\/2025\/01\/cq5dam.thumbnail.cropped.500.281-6-390x219.jpeg 390w\" sizes=\"auto, (max-width: 500px) 100vw, 500px\" \/><\/p>\n<p>El Pont\u00edfice subray\u00f3 la necesidad de que los comunicadores sean veraces, no solo en sus palabras, sino tambi\u00e9n en su vida personal, promoviendo la coherencia entre lo que dicen y lo que viven. Adem\u00e1s, record\u00f3 la importancia de utilizar el poder de la comunicaci\u00f3n para el bien com\u00fan, construyendo puentes y fomentando el entendimiento mutuo.<\/p>\n<p>Aunque no ley\u00f3 su discurso preparado, este fue entregado al Prefecto del Dicasterio para la Comunicaci\u00f3n para su posterior difusi\u00f3n. Este gesto refleja el deseo del Papa de fomentar un di\u00e1logo m\u00e1s cercano y aut\u00e9ntico con los asistentes.<\/p>\n<p><img loading=\"lazy\" decoding=\"async\" class=\"size-full wp-image-117706 alignnone\" src=\"https:\/\/exaudi.org\/wp-content\/uploads\/2025\/01\/cq5dam.thumbnail.cropped.500.281-1-1.jpeg\" alt=\"\" width=\"500\" height=\"281\" srcset=\"https:\/\/exaudi.org\/wp-content\/uploads\/2025\/01\/cq5dam.thumbnail.cropped.500.281-1-1.jpeg 500w, https:\/\/exaudi.org\/wp-content\/uploads\/2025\/01\/cq5dam.thumbnail.cropped.500.281-1-1-300x169.jpeg 300w, https:\/\/exaudi.org\/wp-content\/uploads\/2025\/01\/cq5dam.thumbnail.cropped.500.281-1-1-293x165.jpeg 293w, https:\/\/exaudi.org\/wp-content\/uploads\/2025\/01\/cq5dam.thumbnail.cropped.500.281-1-1-390x219.jpeg 390w\" sizes=\"auto, (max-width: 500px) 100vw, 500px\" \/><\/p>\n<p>El evento se enmarca en las celebraciones del Jubileo, un tiempo de renovaci\u00f3n espiritual y acci\u00f3n comunitaria que invita a los cristianos a reflexionar sobre su papel en el mundo actual.<\/p>\n<p>La intervenci\u00f3n del Papa es un recordatorio de la responsabilidad que tienen los comunicadores de buscar siempre la verdad y contribuir a una comunicaci\u00f3n que una, inspire y transforme.<\/p>\n<p><a href=\"https:\/\/www.vatican.va\/content\/francesco\/it\/speeches\/2025\/january\/documents\/20250125-giubileo-comunicazione.html#Discorso\" target=\"_blank\" rel=\"noopener\">Texto completo <\/a><\/p>\n<p><iframe loading=\"lazy\" title=\"Jubileo de la Comunicaci\u00f3n - Encuentro Cultural y Audiencia con el Papa Francisco\" width=\"500\" height=\"281\" src=\"https:\/\/www.youtube.com\/embed\/oOpytHYX6WM?feature=oembed\" frameborder=\"0\" allow=\"accelerometer; autoplay; clipboard-write; encrypted-media; gyroscope; picture-in-picture; web-share\" referrerpolicy=\"strict-origin-when-cross-origin\" allowfullscreen><\/iframe><\/p>\n","protected":false},"excerpt":{"rendered":"<p>El Pont\u00edfice agradeci\u00f3 a los periodistas por su labor, destacando la importancia de la veracidad y la coherencia personal en la comunicaci\u00f3n<\/p>\n","protected":false},"author":15,"featured_media":117700,"comment_status":"closed","ping_status":"closed","sticky":false,"template":"","format":"standard","meta":{"_acf_changed":false,"_crdt_document":"","inline_featured_image":false,"footnotes":""},"categories":[68],"tags":[3552,42453,2243,42454,42456,6260,1595,449,42457,4385,5856,42455,2574,158,657,4953,19540,42452],"class_list":["post-117693","post","type-post","status-publish","format-standard","has-post-thumbnail","hentry","category-leon-xiv","tag-aula-pablo-vi","tag-coherencia-personal","tag-comunicacion","tag-comunicacion-autentica","tag-construccion-de-puentes","tag-discurso-del-papa","tag-encuentro","tag-iglesia-catolica","tag-iglesia-y-medios-de-comunicacion","tag-jubileo","tag-jubileo-2025","tag-jubileo-de-la-comunicacion","tag-mensaje-del-papa","tag-papa-francisco","tag-periodistas","tag-trending-es","tag-valores-cristianos","tag-veracidad"],"acf":[],"yoast_head":"<!-- This site is optimized with the Yoast SEO plugin v27.4 - https:\/\/yoast.com\/product\/yoast-seo-wordpress\/ -->\n<title>El Papa Francisco en el Jubileo de la Comunicaci\u00f3n: \u201cComunicar es salir de uno mismo para encontrarse con el otro\u201d &#8211; Exaudi<\/title>\n<meta name=\"robots\" content=\"index, follow, max-snippet:-1, max-image-preview:large, max-video-preview:-1\" \/>\n<link rel=\"canonical\" href=\"https:\/\/exaudi.org\/es\/el-papa-francisco-en-el-jubileo-de-la-comunicacion-comunicar-es-salir-de-uno-mismo-para-encontrarse-con-el-otro\/\" \/>\n<meta property=\"og:locale\" content=\"es_ES\" \/>\n<meta property=\"og:type\" content=\"article\" \/>\n<meta property=\"og:title\" content=\"El Papa Francisco en el Jubileo de la Comunicaci\u00f3n: \u201cComunicar es salir de uno mismo para encontrarse con el otro\u201d &#8211; Exaudi\" \/>\n<meta property=\"og:description\" content=\"El Pont\u00edfice agradeci\u00f3 a los periodistas por su labor, destacando la importancia de la veracidad y la coherencia personal en la comunicaci\u00f3n\" \/>\n<meta property=\"og:url\" content=\"https:\/\/exaudi.org\/es\/el-papa-francisco-en-el-jubileo-de-la-comunicacion-comunicar-es-salir-de-uno-mismo-para-encontrarse-con-el-otro\/\" \/>\n<meta property=\"og:site_name\" content=\"Exaudi\" \/>\n<meta property=\"article:publisher\" content=\"https:\/\/www.facebook.com\/ExaudiNews\" \/>\n<meta property=\"article:author\" content=\"https:\/\/www.facebook.com\/ExaudiNoticias\/\" \/>\n<meta property=\"article:published_time\" content=\"2025-01-25T15:14:13+00:00\" \/>\n<meta property=\"article:modified_time\" content=\"2025-01-26T07:37:20+00:00\" \/>\n<meta property=\"og:image\" content=\"https:\/\/exaudi.org\/wp-content\/uploads\/2025\/01\/cq5dam.thumbnail.cropped.500.281-3.jpeg\" \/>\n\t<meta property=\"og:image:width\" content=\"500\" \/>\n\t<meta property=\"og:image:height\" content=\"281\" \/>\n\t<meta property=\"og:image:type\" content=\"image\/jpeg\" \/>\n<meta name=\"author\" content=\"Exaudi Redacci\u00f3n\" \/>\n<meta name=\"twitter:card\" content=\"summary_large_image\" \/>\n<meta name=\"twitter:creator\" content=\"@Exaudi_noticias\" \/>\n<meta name=\"twitter:site\" content=\"@Exaudi_News\" \/>\n<meta name=\"twitter:label1\" content=\"Escrito por\" \/>\n\t<meta name=\"twitter:data1\" content=\"Exaudi Redacci\u00f3n\" \/>\n\t<meta name=\"twitter:label2\" content=\"Tiempo de lectura\" \/>\n\t<meta name=\"twitter:data2\" content=\"1 minuto\" \/>\n<script type=\"application\/ld+json\" class=\"yoast-schema-graph\">{\"@context\":\"https:\\\/\\\/schema.org\",\"@graph\":[{\"@type\":\"Article\",\"@id\":\"https:\\\/\\\/exaudi.org\\\/es\\\/el-papa-francisco-en-el-jubileo-de-la-comunicacion-comunicar-es-salir-de-uno-mismo-para-encontrarse-con-el-otro\\\/#article\",\"isPartOf\":{\"@id\":\"https:\\\/\\\/exaudi.org\\\/es\\\/el-papa-francisco-en-el-jubileo-de-la-comunicacion-comunicar-es-salir-de-uno-mismo-para-encontrarse-con-el-otro\\\/\"},\"author\":{\"name\":\"Exaudi Redacci\u00f3n\",\"@id\":\"https:\\\/\\\/exaudi.org\\\/#\\\/schema\\\/person\\\/f5fc8f063065e38742da7afe15f25df7\"},\"headline\":\"El Papa Francisco en el Jubileo de la Comunicaci\u00f3n: \u201cComunicar es salir de uno mismo para encontrarse con el otro\u201d\",\"datePublished\":\"2025-01-25T15:14:13+00:00\",\"dateModified\":\"2025-01-26T07:37:20+00:00\",\"mainEntityOfPage\":{\"@id\":\"https:\\\/\\\/exaudi.org\\\/es\\\/el-papa-francisco-en-el-jubileo-de-la-comunicacion-comunicar-es-salir-de-uno-mismo-para-encontrarse-con-el-otro\\\/\"},\"wordCount\":307,\"image\":{\"@id\":\"https:\\\/\\\/exaudi.org\\\/es\\\/el-papa-francisco-en-el-jubileo-de-la-comunicacion-comunicar-es-salir-de-uno-mismo-para-encontrarse-con-el-otro\\\/#primaryimage\"},\"thumbnailUrl\":\"https:\\\/\\\/exaudi.org\\\/wp-content\\\/uploads\\\/2025\\\/01\\\/cq5dam.thumbnail.cropped.500.281-3.jpeg\",\"keywords\":[\"Aula Pablo VI\",\"coherencia personal\",\"Comunicaci\u00f3n\",\"comunicaci\u00f3n aut\u00e9ntica\",\"construcci\u00f3n de puentes\",\"Discurso del Papa\",\"Encuentro\",\"Iglesia cat\u00f3lica\",\"Iglesia y medios de comunicaci\u00f3n\",\"Jubileo\",\"Jubileo 2025\",\"Jubileo de la Comunicaci\u00f3n\",\"Mensaje del Papa\",\"papa francisco\",\"Periodistas\",\"Trending\",\"valores cristianos\",\"veracidad\"],\"articleSection\":[\"Le\u00f3n XIV\"],\"inLanguage\":\"es\"},{\"@type\":\"WebPage\",\"@id\":\"https:\\\/\\\/exaudi.org\\\/es\\\/el-papa-francisco-en-el-jubileo-de-la-comunicacion-comunicar-es-salir-de-uno-mismo-para-encontrarse-con-el-otro\\\/\",\"url\":\"https:\\\/\\\/exaudi.org\\\/es\\\/el-papa-francisco-en-el-jubileo-de-la-comunicacion-comunicar-es-salir-de-uno-mismo-para-encontrarse-con-el-otro\\\/\",\"name\":\"El Papa Francisco en el Jubileo de la Comunicaci\u00f3n: \u201cComunicar es salir de uno mismo para encontrarse con el otro\u201d &#8211; Exaudi\",\"isPartOf\":{\"@id\":\"https:\\\/\\\/exaudi.org\\\/#website\"},\"primaryImageOfPage\":{\"@id\":\"https:\\\/\\\/exaudi.org\\\/es\\\/el-papa-francisco-en-el-jubileo-de-la-comunicacion-comunicar-es-salir-de-uno-mismo-para-encontrarse-con-el-otro\\\/#primaryimage\"},\"image\":{\"@id\":\"https:\\\/\\\/exaudi.org\\\/es\\\/el-papa-francisco-en-el-jubileo-de-la-comunicacion-comunicar-es-salir-de-uno-mismo-para-encontrarse-con-el-otro\\\/#primaryimage\"},\"thumbnailUrl\":\"https:\\\/\\\/exaudi.org\\\/wp-content\\\/uploads\\\/2025\\\/01\\\/cq5dam.thumbnail.cropped.500.281-3.jpeg\",\"datePublished\":\"2025-01-25T15:14:13+00:00\",\"dateModified\":\"2025-01-26T07:37:20+00:00\",\"author\":{\"@id\":\"https:\\\/\\\/exaudi.org\\\/#\\\/schema\\\/person\\\/f5fc8f063065e38742da7afe15f25df7\"},\"breadcrumb\":{\"@id\":\"https:\\\/\\\/exaudi.org\\\/es\\\/el-papa-francisco-en-el-jubileo-de-la-comunicacion-comunicar-es-salir-de-uno-mismo-para-encontrarse-con-el-otro\\\/#breadcrumb\"},\"inLanguage\":\"es\",\"potentialAction\":[{\"@type\":\"ReadAction\",\"target\":[\"https:\\\/\\\/exaudi.org\\\/es\\\/el-papa-francisco-en-el-jubileo-de-la-comunicacion-comunicar-es-salir-de-uno-mismo-para-encontrarse-con-el-otro\\\/\"]}]},{\"@type\":\"ImageObject\",\"inLanguage\":\"es\",\"@id\":\"https:\\\/\\\/exaudi.org\\\/es\\\/el-papa-francisco-en-el-jubileo-de-la-comunicacion-comunicar-es-salir-de-uno-mismo-para-encontrarse-con-el-otro\\\/#primaryimage\",\"url\":\"https:\\\/\\\/exaudi.org\\\/wp-content\\\/uploads\\\/2025\\\/01\\\/cq5dam.thumbnail.cropped.500.281-3.jpeg\",\"contentUrl\":\"https:\\\/\\\/exaudi.org\\\/wp-content\\\/uploads\\\/2025\\\/01\\\/cq5dam.thumbnail.cropped.500.281-3.jpeg\",\"width\":500,\"height\":281},{\"@type\":\"BreadcrumbList\",\"@id\":\"https:\\\/\\\/exaudi.org\\\/es\\\/el-papa-francisco-en-el-jubileo-de-la-comunicacion-comunicar-es-salir-de-uno-mismo-para-encontrarse-con-el-otro\\\/#breadcrumb\",\"itemListElement\":[{\"@type\":\"ListItem\",\"position\":1,\"name\":\"Portada\",\"item\":\"https:\\\/\\\/exaudi.org\\\/es\\\/\"},{\"@type\":\"ListItem\",\"position\":2,\"name\":\"El Papa Francisco en el Jubileo de la Comunicaci\u00f3n: \u201cComunicar es salir de uno mismo para encontrarse con el otro\u201d\"}]},{\"@type\":\"WebSite\",\"@id\":\"https:\\\/\\\/exaudi.org\\\/#website\",\"url\":\"https:\\\/\\\/exaudi.org\\\/\",\"name\":\"Exaudi\",\"description\":\"News\",\"potentialAction\":[{\"@type\":\"SearchAction\",\"target\":{\"@type\":\"EntryPoint\",\"urlTemplate\":\"https:\\\/\\\/exaudi.org\\\/?s={search_term_string}\"},\"query-input\":{\"@type\":\"PropertyValueSpecification\",\"valueRequired\":true,\"valueName\":\"search_term_string\"}}],\"inLanguage\":\"es\"},{\"@type\":\"Person\",\"@id\":\"https:\\\/\\\/exaudi.org\\\/#\\\/schema\\\/person\\\/f5fc8f063065e38742da7afe15f25df7\",\"name\":\"Exaudi Redacci\u00f3n\",\"image\":{\"@type\":\"ImageObject\",\"inLanguage\":\"es\",\"@id\":\"https:\\\/\\\/secure.gravatar.com\\\/avatar\\\/fe0f6a059fb68d9b3e11bc5850dd4899b1c7492091a3cb6dd9b01b56ad828be2?s=96&d=mm&r=g\",\"url\":\"https:\\\/\\\/secure.gravatar.com\\\/avatar\\\/fe0f6a059fb68d9b3e11bc5850dd4899b1c7492091a3cb6dd9b01b56ad828be2?s=96&d=mm&r=g\",\"contentUrl\":\"https:\\\/\\\/secure.gravatar.com\\\/avatar\\\/fe0f6a059fb68d9b3e11bc5850dd4899b1c7492091a3cb6dd9b01b56ad828be2?s=96&d=mm&r=g\",\"caption\":\"Exaudi Redacci\u00f3n\"},\"description\":\"\u00bfQu\u00e9 es Exaudi News? Exaudi News es un medio de comunicaci\u00f3n cat\u00f3lico internacional que informa, forma y transforma, diariamente en espa\u00f1ol, ingl\u00e9s e italiano. A trav\u00e9s de noticias, art\u00edculos de an\u00e1lisis y transmisiones en directo de los eventos del Papa, Exaudi busca fortalecer la unidad de los cristianos y contribuir a la evangelizaci\u00f3n del mundo, siempre guiados por la doctrina social de la Iglesia. Trabajamos para acercar la verdad y los valores cristianos a cada rinc\u00f3n del planeta. \u00a1Ay\u00fadanos a transformar el mundo con Exaudi! En Exaudi creemos que la evangelizaci\u00f3n y la informaci\u00f3n de calidad pueden cambiar vidas. Para continuar con nuestra misi\u00f3n y expandir nuestro alcance, necesitamos tu ayuda. Adem\u00e1s, buscamos personas comprometidas que deseen unirse a nuestro equipo. Con tu apoyo, lograremos llegar a m\u00e1s personas, difundir el mensaje de Cristo y reforzar la unidad de los cristianos. \u00bfTe unes a nuestra misi\u00f3n? Para m\u00e1s informaci\u00f3n sobre c\u00f3mo colaborar, visita Exaudi.org\\\/es o cont\u00e1ctanos directamente: info@exaudi.org Exaudi: Informa, forma y transforma.\",\"sameAs\":[\"https:\\\/\\\/www.facebook.com\\\/ExaudiNoticias\\\/\",\"https:\\\/\\\/www.instagram.com\\\/exaudi_noticias\\\/\",\"https:\\\/\\\/x.com\\\/Exaudi_noticias\",\"https:\\\/\\\/www.youtube.com\\\/@exaudicatholicnews\"],\"url\":\"https:\\\/\\\/exaudi.org\\\/es\\\/author\\\/redaccionexaudi\\\/\"}]}<\/script>\n<!-- \/ Yoast SEO plugin. -->","yoast_head_json":{"title":"El Papa Francisco en el Jubileo de la Comunicaci\u00f3n: \u201cComunicar es salir de uno mismo para encontrarse con el otro\u201d &#8211; Exaudi","robots":{"index":"index","follow":"follow","max-snippet":"max-snippet:-1","max-image-preview":"max-image-preview:large","max-video-preview":"max-video-preview:-1"},"canonical":"https:\/\/exaudi.org\/es\/el-papa-francisco-en-el-jubileo-de-la-comunicacion-comunicar-es-salir-de-uno-mismo-para-encontrarse-con-el-otro\/","og_locale":"es_ES","og_type":"article","og_title":"El Papa Francisco en el Jubileo de la Comunicaci\u00f3n: \u201cComunicar es salir de uno mismo para encontrarse con el otro\u201d &#8211; Exaudi","og_description":"El Pont\u00edfice agradeci\u00f3 a los periodistas por su labor, destacando la importancia de la veracidad y la coherencia personal en la comunicaci\u00f3n","og_url":"https:\/\/exaudi.org\/es\/el-papa-francisco-en-el-jubileo-de-la-comunicacion-comunicar-es-salir-de-uno-mismo-para-encontrarse-con-el-otro\/","og_site_name":"Exaudi","article_publisher":"https:\/\/www.facebook.com\/ExaudiNews","article_author":"https:\/\/www.facebook.com\/ExaudiNoticias\/","article_published_time":"2025-01-25T15:14:13+00:00","article_modified_time":"2025-01-26T07:37:20+00:00","og_image":[{"width":500,"height":281,"url":"https:\/\/exaudi.org\/wp-content\/uploads\/2025\/01\/cq5dam.thumbnail.cropped.500.281-3.jpeg","type":"image\/jpeg"}],"author":"Exaudi Redacci\u00f3n","twitter_card":"summary_large_image","twitter_creator":"@Exaudi_noticias","twitter_site":"@Exaudi_News","twitter_misc":{"Escrito por":"Exaudi Redacci\u00f3n","Tiempo de lectura":"1 minuto"},"schema":{"@context":"https:\/\/schema.org","@graph":[{"@type":"Article","@id":"https:\/\/exaudi.org\/es\/el-papa-francisco-en-el-jubileo-de-la-comunicacion-comunicar-es-salir-de-uno-mismo-para-encontrarse-con-el-otro\/#article","isPartOf":{"@id":"https:\/\/exaudi.org\/es\/el-papa-francisco-en-el-jubileo-de-la-comunicacion-comunicar-es-salir-de-uno-mismo-para-encontrarse-con-el-otro\/"},"author":{"name":"Exaudi Redacci\u00f3n","@id":"https:\/\/exaudi.org\/#\/schema\/person\/f5fc8f063065e38742da7afe15f25df7"},"headline":"El Papa Francisco en el Jubileo de la Comunicaci\u00f3n: \u201cComunicar es salir de uno mismo para encontrarse con el otro\u201d","datePublished":"2025-01-25T15:14:13+00:00","dateModified":"2025-01-26T07:37:20+00:00","mainEntityOfPage":{"@id":"https:\/\/exaudi.org\/es\/el-papa-francisco-en-el-jubileo-de-la-comunicacion-comunicar-es-salir-de-uno-mismo-para-encontrarse-con-el-otro\/"},"wordCount":307,"image":{"@id":"https:\/\/exaudi.org\/es\/el-papa-francisco-en-el-jubileo-de-la-comunicacion-comunicar-es-salir-de-uno-mismo-para-encontrarse-con-el-otro\/#primaryimage"},"thumbnailUrl":"https:\/\/exaudi.org\/wp-content\/uploads\/2025\/01\/cq5dam.thumbnail.cropped.500.281-3.jpeg","keywords":["Aula Pablo VI","coherencia personal","Comunicaci\u00f3n","comunicaci\u00f3n aut\u00e9ntica","construcci\u00f3n de puentes","Discurso del Papa","Encuentro","Iglesia cat\u00f3lica","Iglesia y medios de comunicaci\u00f3n","Jubileo","Jubileo 2025","Jubileo de la Comunicaci\u00f3n","Mensaje del Papa","papa francisco","Periodistas","Trending","valores cristianos","veracidad"],"articleSection":["Le\u00f3n XIV"],"inLanguage":"es"},{"@type":"WebPage","@id":"https:\/\/exaudi.org\/es\/el-papa-francisco-en-el-jubileo-de-la-comunicacion-comunicar-es-salir-de-uno-mismo-para-encontrarse-con-el-otro\/","url":"https:\/\/exaudi.org\/es\/el-papa-francisco-en-el-jubileo-de-la-comunicacion-comunicar-es-salir-de-uno-mismo-para-encontrarse-con-el-otro\/","name":"El Papa Francisco en el Jubileo de la Comunicaci\u00f3n: \u201cComunicar es salir de uno mismo para encontrarse con el otro\u201d &#8211; Exaudi","isPartOf":{"@id":"https:\/\/exaudi.org\/#website"},"primaryImageOfPage":{"@id":"https:\/\/exaudi.org\/es\/el-papa-francisco-en-el-jubileo-de-la-comunicacion-comunicar-es-salir-de-uno-mismo-para-encontrarse-con-el-otro\/#primaryimage"},"image":{"@id":"https:\/\/exaudi.org\/es\/el-papa-francisco-en-el-jubileo-de-la-comunicacion-comunicar-es-salir-de-uno-mismo-para-encontrarse-con-el-otro\/#primaryimage"},"thumbnailUrl":"https:\/\/exaudi.org\/wp-content\/uploads\/2025\/01\/cq5dam.thumbnail.cropped.500.281-3.jpeg","datePublished":"2025-01-25T15:14:13+00:00","dateModified":"2025-01-26T07:37:20+00:00","author":{"@id":"https:\/\/exaudi.org\/#\/schema\/person\/f5fc8f063065e38742da7afe15f25df7"},"breadcrumb":{"@id":"https:\/\/exaudi.org\/es\/el-papa-francisco-en-el-jubileo-de-la-comunicacion-comunicar-es-salir-de-uno-mismo-para-encontrarse-con-el-otro\/#breadcrumb"},"inLanguage":"es","potentialAction":[{"@type":"ReadAction","target":["https:\/\/exaudi.org\/es\/el-papa-francisco-en-el-jubileo-de-la-comunicacion-comunicar-es-salir-de-uno-mismo-para-encontrarse-con-el-otro\/"]}]},{"@type":"ImageObject","inLanguage":"es","@id":"https:\/\/exaudi.org\/es\/el-papa-francisco-en-el-jubileo-de-la-comunicacion-comunicar-es-salir-de-uno-mismo-para-encontrarse-con-el-otro\/#primaryimage","url":"https:\/\/exaudi.org\/wp-content\/uploads\/2025\/01\/cq5dam.thumbnail.cropped.500.281-3.jpeg","contentUrl":"https:\/\/exaudi.org\/wp-content\/uploads\/2025\/01\/cq5dam.thumbnail.cropped.500.281-3.jpeg","width":500,"height":281},{"@type":"BreadcrumbList","@id":"https:\/\/exaudi.org\/es\/el-papa-francisco-en-el-jubileo-de-la-comunicacion-comunicar-es-salir-de-uno-mismo-para-encontrarse-con-el-otro\/#breadcrumb","itemListElement":[{"@type":"ListItem","position":1,"name":"Portada","item":"https:\/\/exaudi.org\/es\/"},{"@type":"ListItem","position":2,"name":"El Papa Francisco en el Jubileo de la Comunicaci\u00f3n: \u201cComunicar es salir de uno mismo para encontrarse con el otro\u201d"}]},{"@type":"WebSite","@id":"https:\/\/exaudi.org\/#website","url":"https:\/\/exaudi.org\/","name":"Exaudi","description":"News","potentialAction":[{"@type":"SearchAction","target":{"@type":"EntryPoint","urlTemplate":"https:\/\/exaudi.org\/?s={search_term_string}"},"query-input":{"@type":"PropertyValueSpecification","valueRequired":true,"valueName":"search_term_string"}}],"inLanguage":"es"},{"@type":"Person","@id":"https:\/\/exaudi.org\/#\/schema\/person\/f5fc8f063065e38742da7afe15f25df7","name":"Exaudi Redacci\u00f3n","image":{"@type":"ImageObject","inLanguage":"es","@id":"https:\/\/secure.gravatar.com\/avatar\/fe0f6a059fb68d9b3e11bc5850dd4899b1c7492091a3cb6dd9b01b56ad828be2?s=96&d=mm&r=g","url":"https:\/\/secure.gravatar.com\/avatar\/fe0f6a059fb68d9b3e11bc5850dd4899b1c7492091a3cb6dd9b01b56ad828be2?s=96&d=mm&r=g","contentUrl":"https:\/\/secure.gravatar.com\/avatar\/fe0f6a059fb68d9b3e11bc5850dd4899b1c7492091a3cb6dd9b01b56ad828be2?s=96&d=mm&r=g","caption":"Exaudi Redacci\u00f3n"},"description":"\u00bfQu\u00e9 es Exaudi News? Exaudi News es un medio de comunicaci\u00f3n cat\u00f3lico internacional que informa, forma y transforma, diariamente en espa\u00f1ol, ingl\u00e9s e italiano. A trav\u00e9s de noticias, art\u00edculos de an\u00e1lisis y transmisiones en directo de los eventos del Papa, Exaudi busca fortalecer la unidad de los cristianos y contribuir a la evangelizaci\u00f3n del mundo, siempre guiados por la doctrina social de la Iglesia. Trabajamos para acercar la verdad y los valores cristianos a cada rinc\u00f3n del planeta. \u00a1Ay\u00fadanos a transformar el mundo con Exaudi! En Exaudi creemos que la evangelizaci\u00f3n y la informaci\u00f3n de calidad pueden cambiar vidas. Para continuar con nuestra misi\u00f3n y expandir nuestro alcance, necesitamos tu ayuda. Adem\u00e1s, buscamos personas comprometidas que deseen unirse a nuestro equipo. Con tu apoyo, lograremos llegar a m\u00e1s personas, difundir el mensaje de Cristo y reforzar la unidad de los cristianos. \u00bfTe unes a nuestra misi\u00f3n? Para m\u00e1s informaci\u00f3n sobre c\u00f3mo colaborar, visita Exaudi.org\/es o cont\u00e1ctanos directamente: info@exaudi.org Exaudi: Informa, forma y transforma.","sameAs":["https:\/\/www.facebook.com\/ExaudiNoticias\/","https:\/\/www.instagram.com\/exaudi_noticias\/","https:\/\/x.com\/Exaudi_noticias","https:\/\/www.youtube.com\/@exaudicatholicnews"],"url":"https:\/\/exaudi.org\/es\/author\/redaccionexaudi\/"}]}},"jetpack_featured_media_url":"https:\/\/exaudi.org\/wp-content\/uploads\/2025\/01\/cq5dam.thumbnail.cropped.500.281-3.jpeg","jetpack_shortlink":"https:\/\/wp.me\/pgKjF2-uCh","_links":{"self":[{"href":"https:\/\/exaudi.org\/es\/wp-json\/wp\/v2\/posts\/117693","targetHints":{"allow":["GET"]}}],"collection":[{"href":"https:\/\/exaudi.org\/es\/wp-json\/wp\/v2\/posts"}],"about":[{"href":"https:\/\/exaudi.org\/es\/wp-json\/wp\/v2\/types\/post"}],"author":[{"embeddable":true,"href":"https:\/\/exaudi.org\/es\/wp-json\/wp\/v2\/users\/15"}],"replies":[{"embeddable":true,"href":"https:\/\/exaudi.org\/es\/wp-json\/wp\/v2\/comments?post=117693"}],"version-history":[{"count":0,"href":"https:\/\/exaudi.org\/es\/wp-json\/wp\/v2\/posts\/117693\/revisions"}],"wp:featuredmedia":[{"embeddable":true,"href":"https:\/\/exaudi.org\/es\/wp-json\/wp\/v2\/media\/117700"}],"wp:attachment":[{"href":"https:\/\/exaudi.org\/es\/wp-json\/wp\/v2\/media?parent=117693"}],"wp:term":[{"taxonomy":"category","embeddable":true,"href":"https:\/\/exaudi.org\/es\/wp-json\/wp\/v2\/categories?post=117693"},{"taxonomy":"post_tag","embeddable":true,"href":"https:\/\/exaudi.org\/es\/wp-json\/wp\/v2\/tags?post=117693"}],"curies":[{"name":"wp","href":"https:\/\/api.w.org\/{rel}","templated":true}]}}